{"id":7892,"date":"2026-08-31T21:54:43","date_gmt":"2026-09-01T03:54:43","guid":{"rendered":"https:\/\/azturismo.net\/?p=7892"},"modified":"2026-08-31T21:54:46","modified_gmt":"2026-09-01T03:54:46","slug":"canada-ya-eligio-su-refugio-invernal-en-mexico","status":"publish","type":"post","link":"https:\/\/azturismo.net\/?p=7892","title":{"rendered":"Canad\u00e1 ya eligi\u00f3 su refugio invernal en M\u00e9xico"},"content":{"rendered":"\n<p><strong><em>El destino mexicano, conocido por su calidez, gastronom\u00eda y el avistamiento de ballenas, realiz\u00f3 una intensa gira de promoci\u00f3n por el centro y oeste de Canad\u00e1 para preparar a los asesores de viajes de cara a la temporada de invierno 2026.<\/em><\/strong><\/p>\n\n\n\n<p>Con la mira puesta en consolidarse como el destino de sol y playa preferido por los viajeros canadienses, el <strong>Fideicomiso de Turismo de Puerto Vallarta<\/strong> llev\u00f3 a cabo una exitosa gira de promoci\u00f3n por las ciudades de <strong>Winnipeg, Edmonton y Calgary<\/strong>. Durante esta traves\u00eda, el destino logr\u00f3 reunir a <strong>164 agentes de viajes<\/strong>, quienes participaron en seminarios de capacitaci\u00f3n intensiva para conocer de primera mano todas las novedades que ofrece el puerto.<\/p>\n\n\n\n<h4 class=\"wp-block-heading\">Alianza con la hoteler\u00eda y aerol\u00edneas clave<\/h4>\n\n\n\n<p>El coraz\u00f3n de esta gira fueron los seminarios de actualizaci\u00f3n, donde participaron hoteles de la talla de <strong>Buenaventura Grand, Meli\u00e1, Krystal Grand y Villa Premiere<\/strong>, entre otros. Estos presentaron sus paquetes y promociones para la pr\u00f3xima temporada oto\u00f1o-invierno, brindando a los asesores herramientas actualizadas para recomendar el destino con total confianza.<\/p>\n\n\n\n<p>Pero la promoci\u00f3n no habr\u00eda sido completa sin el respaldo de los gigantes de la aviaci\u00f3n. <strong>WestJet, Sunwing Vacations y Air Canada<\/strong> acompa\u00f1aron esta iniciativa, reafirmando que <strong>Puerto Vallarta es una joya irremplazable<\/strong> en su portafolio de destinos vacacionales. La conectividad directa durante los meses de fr\u00edo a trav\u00e9s de estas aerol\u00edneas (y tambi\u00e9n Flair Airlines) facilita el flujo constante de turistas que buscan escapar del clima g\u00e9lido.<\/p>\n\n\n\n<h4 class=\"wp-block-heading\">\u00bfPor qu\u00e9 Puerto Vallarta es el im\u00e1n del invierno?<\/h4>\n\n\n<div class=\"wp-block-image\">\n<figure class=\"aligncenter size-full is-resized\"><img data-recalc-dims=\"1\" loading=\"lazy\" decoding=\"async\" width=\"600\" height=\"400\" data-attachment-id=\"6841\" data-permalink=\"https:\/\/azturismo.net\/?attachment_id=6841\" data-orig-file=\"https:\/\/i0.wp.com\/azturismo.net\/wp-content\/uploads\/2026\/01\/PuertoVallarta-Ballenas4.jpg?fit=600%2C400&amp;ssl=1\" data-orig-size=\"600,400\" data-comments-opened=\"1\" data-image-meta=\"{&quot;aperture&quot;:&quot;0&quot;,&quot;credit&quot;:&quot;&quot;,&quot;camera&quot;:&quot;&quot;,&quot;caption&quot;:&quot;&quot;,&quot;created_timestamp&quot;:&quot;0&quot;,&quot;copyright&quot;:&quot;&quot;,&quot;focal_length&quot;:&quot;0&quot;,&quot;iso&quot;:&quot;0&quot;,&quot;shutter_speed&quot;:&quot;0&quot;,&quot;title&quot;:&quot;&quot;,&quot;orientation&quot;:&quot;1&quot;}\" data-image-title=\"PuertoVallarta-Ballenas4\" data-image-description=\"\" data-image-caption=\"\" data-large-file=\"https:\/\/i0.wp.com\/azturismo.net\/wp-content\/uploads\/2026\/01\/PuertoVallarta-Ballenas4.jpg?fit=600%2C400&amp;ssl=1\" src=\"https:\/\/i0.wp.com\/azturismo.net\/wp-content\/uploads\/2026\/01\/PuertoVallarta-Ballenas4.jpg?resize=600%2C400&#038;ssl=1\" alt=\"\" class=\"wp-image-6841\" style=\"width:886px;height:auto\" srcset=\"https:\/\/i0.wp.com\/azturismo.net\/wp-content\/uploads\/2026\/01\/PuertoVallarta-Ballenas4.jpg?w=600&amp;ssl=1 600w, https:\/\/i0.wp.com\/azturismo.net\/wp-content\/uploads\/2026\/01\/PuertoVallarta-Ballenas4.jpg?resize=300%2C200&amp;ssl=1 300w, https:\/\/i0.wp.com\/azturismo.net\/wp-content\/uploads\/2026\/01\/PuertoVallarta-Ballenas4.jpg?resize=150%2C100&amp;ssl=1 150w\" sizes=\"auto, (max-width: 600px) 100vw, 600px\" \/><\/figure><\/div>\n\n\n<p>Durante las capacitaciones, se hizo especial hincapi\u00e9 en la experiencia integral que solo Vallarta puede ofrecer. No se trata solo de playas de ensue\u00f1o; la promoci\u00f3n destac\u00f3:<\/p>\n\n\n\n<ul class=\"wp-block-list\">\n<li>El encanto bohemio de su <strong>Centro Hist\u00f3rico<\/strong> y el ic\u00f3nico <strong>Malec\u00f3n<\/strong>.<\/li>\n\n\n\n<li>Una escena gastron\u00f3mica de clase mundial, con opciones desde tacos callejeros hasta alta cocina.<\/li>\n\n\n\n<li><strong>Aventura y naturaleza<\/strong>: excursiones entre la Sierra Madre y el Pac\u00edfico.<\/li>\n\n\n\n<li>El espect\u00e1culo natural del <strong>avistamiento de ballenas jorobadas<\/strong> en la Bah\u00eda de Banderas, un atractivo \u00fanico que ocurre precisamente durante la temporada invernal.<\/li>\n<\/ul>\n\n\n\n<p>Adem\u00e1s de los seminarios, se realizaron <strong>expos (trade shows)<\/strong> interactivas, donde los agentes pudieron resolver dudas y conocer los est\u00edmulos comerciales que facilitar\u00e1n la venta de paquetes tur\u00edsticos.<\/p>\n\n\n\n<h4 class=\"wp-block-heading\">Un destino en constante evoluci\u00f3n<\/h4>\n\n\n\n<p>Estas acciones de promoci\u00f3n internacional son el reflejo de la estrategia continua del Fideicomiso de Turismo. Al mantener informados y motivados a los asesores de viajes, <strong>Puerto Vallarta no solo asegura un alto flujo de reservaciones, sino que se fortalece como el destino mexicano m\u00e1s completo y atractivo para el viajero canadiense<\/strong>.<\/p>\n\n\n\n<p>Con iniciativas como esta, el &#8220;Pa\u00eds del Maple&#8221; y &#8220;La Perla del Pac\u00edfico&#8221; estrechan lazos, prometiendo un invierno lleno de sol, arena y experiencias inolvidables para los pr\u00f3ximos meses.<\/p>\n\n\n\n<p><em>\u00bfListo para huir del fr\u00edo? Puerto Vallarta te espera con ballenas, atardeceres de ensue\u00f1o y la mejor gastronom\u00eda de la costa del Pac\u00edfico.<\/em><\/p>\n\n\n\n<p><\/p>\n\n\n\n<p><\/p>\n","protected":false},"excerpt":{"rendered":"<p>El destino mexicano, conocido por su calidez, gastronom\u00eda y el avistamiento de ballenas, realiz\u00f3 una intensa gira de promoci\u00f3n por el centro y oeste de Canad\u00e1 para preparar a los asesores de viajes de cara a la temporada de invierno 2026. Con la mira puesta en consolidarse como el destino de sol y playa preferido [&hellip;]<\/p>\n","protected":false},"author":1,"featured_media":7893,"comment_status":"open","ping_status":"open","sticky":false,"template":"","format":"standard","meta":{"_jetpack_newsletter_access":"","_jetpack_dont_email_post_to_subs":false,"_jetpack_newsletter_tier_id":0,"_jetpack_memberships_contains_paywalled_content":false,"_jetpack_memberships_contains_paid_content":false,"footnotes":"","jetpack_publicize_message":"","jetpack_publicize_feature_enabled":true,"jetpack_social_post_already_shared":true,"jetpack_social_options":{"image_generator_settings":{"template":"highway","default_image_id":0,"font":"","enabled":false},"version":2},"jetpack_post_was_ever_published":false},"categories":[25],"tags":[3935,99,3267,233,3931,2489,181,116,3930,2064],"class_list":{"0":"post-7892","1":"post","2":"type-post","3":"status-publish","4":"format-standard","5":"has-post-thumbnail","7":"category-notitar","8":"tag-agentes-deviajes","9":"tag-azturismo","10":"tag-ballenas","11":"tag-canada-2","12":"tag-google-discover","13":"tag-noticias-de-turismo","14":"tag-puerto-vallarta","15":"tag-sectur","16":"tag-temporada-invernal","17":"tag-turismo-mexico-2"},"yoast_head":"<!-- This site is optimized with the Yoast SEO plugin v28.2 - https:\/\/yoast.com\/product\/yoast-seo-wordpress\/ -->\n<title>Canad\u00e1 ya eligi\u00f3 su refugio invernal en M\u00e9xico - Azturismo Noticias<\/title>\n<meta name=\"description\" content=\"Puerto Vallarta realiza una gira de \u00e9xito por Winnipeg, Edmonton y Calgary para capacitar a 164 agentes y asegurar su lugar como el destino mexicano favorito de Canad\u00e1 este invierno.\" \/>\n<meta name=\"robots\" content=\"index, follow, max-snippet:-1, max-image-preview:large, max-video-preview:-1\" \/>\n<link rel=\"canonical\" href=\"https:\/\/azturismo.net\/?p=7892\" \/>\n<meta property=\"og:locale\" content=\"es_MX\" \/>\n<meta property=\"og:type\" content=\"article\" \/>\n<meta property=\"og:title\" content=\"Canad\u00e1 ya eligi\u00f3 su refugio invernal en M\u00e9xico - Azturismo Noticias\" \/>\n<meta property=\"og:description\" content=\"Puerto Vallarta realiza una gira de \u00e9xito por Winnipeg, Edmonton y Calgary para capacitar a 164 agentes y asegurar su lugar como el destino mexicano favorito de Canad\u00e1 este invierno.\" \/>\n<meta property=\"og:url\" content=\"https:\/\/azturismo.net\/?p=7892\" \/>\n<meta property=\"og:site_name\" content=\"Azturismo Noticias\" \/>\n<meta property=\"article:publisher\" content=\"https:\/\/www.facebook.com\/AzturismoNoticias\" \/>\n<meta property=\"article:published_time\" content=\"2026-09-01T03:54:43+00:00\" \/>\n<meta property=\"article:modified_time\" content=\"2026-09-01T03:54:46+00:00\" \/>\n<meta property=\"og:image\" content=\"https:\/\/azturismo.net\/wp-content\/uploads\/2026\/08\/puertovallarta.canada.agentesviajes2.jpg\" \/>\n\t<meta property=\"og:image:width\" content=\"600\" \/>\n\t<meta property=\"og:image:height\" content=\"450\" \/>\n\t<meta property=\"og:image:type\" content=\"image\/jpeg\" \/>\n<meta name=\"author\" content=\"Azturismo\" \/>\n<meta name=\"twitter:card\" content=\"summary_large_image\" \/>\n<meta name=\"twitter:creator\" content=\"@AzTurismo\" \/>\n<meta name=\"twitter:site\" content=\"@AzTurismo\" \/>\n<meta name=\"twitter:label1\" content=\"Escrito por\" \/>\n\t<meta name=\"twitter:data1\" content=\"Azturismo\" \/>\n\t<meta name=\"twitter:label2\" content=\"Tiempo de lectura\" \/>\n\t<meta name=\"twitter:data2\" content=\"3 minutos\" \/>\n<script type=\"application\/ld+json\" class=\"yoast-schema-graph\">{\"@context\":\"https:\\\/\\\/schema.org\",\"@graph\":[{\"@type\":\"Article\",\"@id\":\"https:\\\/\\\/azturismo.net\\\/?p=7892#article\",\"isPartOf\":{\"@id\":\"https:\\\/\\\/azturismo.net\\\/?p=7892\"},\"author\":{\"name\":\"Azturismo\",\"@id\":\"https:\\\/\\\/azturismo.net\\\/#\\\/schema\\\/person\\\/4b56d87f51c4d1b518c650739ad3bbc1\"},\"headline\":\"Canad\u00e1 ya eligi\u00f3 su refugio invernal en M\u00e9xico\",\"datePublished\":\"2026-09-01T03:54:43+00:00\",\"dateModified\":\"2026-09-01T03:54:46+00:00\",\"mainEntityOfPage\":{\"@id\":\"https:\\\/\\\/azturismo.net\\\/?p=7892\"},\"wordCount\":522,\"commentCount\":0,\"publisher\":{\"@id\":\"https:\\\/\\\/azturismo.net\\\/#organization\"},\"image\":{\"@id\":\"https:\\\/\\\/azturismo.net\\\/?p=7892#primaryimage\"},\"thumbnailUrl\":\"https:\\\/\\\/i0.wp.com\\\/azturismo.net\\\/wp-content\\\/uploads\\\/2026\\\/08\\\/puertovallarta.canada.agentesviajes2.jpg?fit=600%2C450&ssl=1\",\"keywords\":[\"Agentes deViajes\",\"azturismo\",\"Ballenas\",\"Canad\u00e1\",\"Google Discover\",\"noticias de turismo\",\"Puerto Vallarta\",\"Sectur\",\"Temporada Invernal\",\"Turismo Mexico\"],\"articleSection\":[\"NOTITUR\"],\"inLanguage\":\"es\",\"potentialAction\":[{\"@type\":\"CommentAction\",\"name\":\"Comment\",\"target\":[\"https:\\\/\\\/azturismo.net\\\/?p=7892#respond\"]}]},{\"@type\":\"WebPage\",\"@id\":\"https:\\\/\\\/azturismo.net\\\/?p=7892\",\"url\":\"https:\\\/\\\/azturismo.net\\\/?p=7892\",\"name\":\"Canad\u00e1 ya eligi\u00f3 su refugio invernal en M\u00e9xico - Azturismo Noticias\",\"isPartOf\":{\"@id\":\"https:\\\/\\\/azturismo.net\\\/#website\"},\"primaryImageOfPage\":{\"@id\":\"https:\\\/\\\/azturismo.net\\\/?p=7892#primaryimage\"},\"image\":{\"@id\":\"https:\\\/\\\/azturismo.net\\\/?p=7892#primaryimage\"},\"thumbnailUrl\":\"https:\\\/\\\/i0.wp.com\\\/azturismo.net\\\/wp-content\\\/uploads\\\/2026\\\/08\\\/puertovallarta.canada.agentesviajes2.jpg?fit=600%2C450&ssl=1\",\"datePublished\":\"2026-09-01T03:54:43+00:00\",\"dateModified\":\"2026-09-01T03:54:46+00:00\",\"description\":\"Puerto Vallarta realiza una gira de \u00e9xito por Winnipeg, Edmonton y Calgary para capacitar a 164 agentes y asegurar su lugar como el destino mexicano favorito de Canad\u00e1 este invierno.\",\"breadcrumb\":{\"@id\":\"https:\\\/\\\/azturismo.net\\\/?p=7892#breadcrumb\"},\"inLanguage\":\"es\",\"potentialAction\":[{\"@type\":\"ReadAction\",\"target\":[\"https:\\\/\\\/azturismo.net\\\/?p=7892\"]}]},{\"@type\":\"ImageObject\",\"inLanguage\":\"es\",\"@id\":\"https:\\\/\\\/azturismo.net\\\/?p=7892#primaryimage\",\"url\":\"https:\\\/\\\/i0.wp.com\\\/azturismo.net\\\/wp-content\\\/uploads\\\/2026\\\/08\\\/puertovallarta.canada.agentesviajes2.jpg?fit=600%2C450&ssl=1\",\"contentUrl\":\"https:\\\/\\\/i0.wp.com\\\/azturismo.net\\\/wp-content\\\/uploads\\\/2026\\\/08\\\/puertovallarta.canada.agentesviajes2.jpg?fit=600%2C450&ssl=1\",\"width\":600,\"height\":450},{\"@type\":\"BreadcrumbList\",\"@id\":\"https:\\\/\\\/azturismo.net\\\/?p=7892#breadcrumb\",\"itemListElement\":[{\"@type\":\"ListItem\",\"position\":1,\"name\":\"Home\",\"item\":\"https:\\\/\\\/azturismo.net\\\/\"},{\"@type\":\"ListItem\",\"position\":2,\"name\":\"Canad\u00e1 ya eligi\u00f3 su refugio invernal en M\u00e9xico\"}]},{\"@type\":\"WebSite\",\"@id\":\"https:\\\/\\\/azturismo.net\\\/#website\",\"url\":\"https:\\\/\\\/azturismo.net\\\/\",\"name\":\"Azturismo\",\"description\":\"Azturismo Noticias\",\"publisher\":{\"@id\":\"https:\\\/\\\/azturismo.net\\\/#organization\"},\"potentialAction\":[{\"@type\":\"SearchAction\",\"target\":{\"@type\":\"EntryPoint\",\"urlTemplate\":\"https:\\\/\\\/azturismo.net\\\/?s={search_term_string}\"},\"query-input\":{\"@type\":\"PropertyValueSpecification\",\"valueRequired\":true,\"valueName\":\"search_term_string\"}}],\"inLanguage\":\"es\"},{\"@type\":\"Organization\",\"@id\":\"https:\\\/\\\/azturismo.net\\\/#organization\",\"name\":\"Azturismo\",\"url\":\"https:\\\/\\\/azturismo.net\\\/\",\"logo\":{\"@type\":\"ImageObject\",\"inLanguage\":\"es\",\"@id\":\"https:\\\/\\\/azturismo.net\\\/#\\\/schema\\\/logo\\\/image\\\/\",\"url\":\"https:\\\/\\\/i0.wp.com\\\/azturismo.net\\\/wp-content\\\/uploads\\\/2024\\\/03\\\/logo-el-bueno-.png?fit=294%2C69&ssl=1\",\"contentUrl\":\"https:\\\/\\\/i0.wp.com\\\/azturismo.net\\\/wp-content\\\/uploads\\\/2024\\\/03\\\/logo-el-bueno-.png?fit=294%2C69&ssl=1\",\"width\":294,\"height\":69,\"caption\":\"Azturismo\"},\"image\":{\"@id\":\"https:\\\/\\\/azturismo.net\\\/#\\\/schema\\\/logo\\\/image\\\/\"},\"sameAs\":[\"https:\\\/\\\/www.facebook.com\\\/AzturismoNoticias\",\"https:\\\/\\\/x.com\\\/AzTurismo\",\"https:\\\/\\\/www.instagram.com\\\/azturismo_noticias\\\/?fbclid=IwAR2xMiuoHbs6eLeIHKP8P5sSGa-xFrw7FfejscXO7kDghWa7wKLjGczKOwE\",\"https:\\\/\\\/www.tiktok.com\\\/@azturismo\"]},{\"@type\":\"Person\",\"@id\":\"https:\\\/\\\/azturismo.net\\\/#\\\/schema\\\/person\\\/4b56d87f51c4d1b518c650739ad3bbc1\",\"name\":\"Azturismo\",\"image\":{\"@type\":\"ImageObject\",\"inLanguage\":\"es\",\"@id\":\"https:\\\/\\\/azturismo.net\\\/wp-content\\\/litespeed\\\/avatar\\\/dfe28a31cdd68b788da48a316e50db10.jpg?ver=1787992733\",\"url\":\"https:\\\/\\\/azturismo.net\\\/wp-content\\\/litespeed\\\/avatar\\\/dfe28a31cdd68b788da48a316e50db10.jpg?ver=1787992733\",\"contentUrl\":\"https:\\\/\\\/azturismo.net\\\/wp-content\\\/litespeed\\\/avatar\\\/dfe28a31cdd68b788da48a316e50db10.jpg?ver=1787992733\",\"caption\":\"Azturismo\"},\"sameAs\":[\"https:\\\/\\\/azturismo.net\"],\"url\":\"https:\\\/\\\/azturismo.net\\\/?author=1\"}]}<\/script>\n<!-- \/ Yoast SEO plugin. -->","yoast_head_json":{"title":"Canad\u00e1 ya eligi\u00f3 su refugio invernal en M\u00e9xico - Azturismo Noticias","description":"Puerto Vallarta realiza una gira de \u00e9xito por Winnipeg, Edmonton y Calgary para capacitar a 164 agentes y asegurar su lugar como el destino mexicano favorito de Canad\u00e1 este invierno.","robots":{"index":"index","follow":"follow","max-snippet":"max-snippet:-1","max-image-preview":"max-image-preview:large","max-video-preview":"max-video-preview:-1"},"canonical":"https:\/\/azturismo.net\/?p=7892","og_locale":"es_MX","og_type":"article","og_title":"Canad\u00e1 ya eligi\u00f3 su refugio invernal en M\u00e9xico - Azturismo Noticias","og_description":"Puerto Vallarta realiza una gira de \u00e9xito por Winnipeg, Edmonton y Calgary para capacitar a 164 agentes y asegurar su lugar como el destino mexicano favorito de Canad\u00e1 este invierno.","og_url":"https:\/\/azturismo.net\/?p=7892","og_site_name":"Azturismo Noticias","article_publisher":"https:\/\/www.facebook.com\/AzturismoNoticias","article_published_time":"2026-09-01T03:54:43+00:00","article_modified_time":"2026-09-01T03:54:46+00:00","og_image":[{"width":600,"height":450,"url":"https:\/\/azturismo.net\/wp-content\/uploads\/2026\/08\/puertovallarta.canada.agentesviajes2.jpg","type":"image\/jpeg"}],"author":"Azturismo","twitter_card":"summary_large_image","twitter_creator":"@AzTurismo","twitter_site":"@AzTurismo","twitter_misc":{"Escrito por":"Azturismo","Tiempo de lectura":"3 minutos"},"schema":{"@context":"https:\/\/schema.org","@graph":[{"@type":"Article","@id":"https:\/\/azturismo.net\/?p=7892#article","isPartOf":{"@id":"https:\/\/azturismo.net\/?p=7892"},"author":{"name":"Azturismo","@id":"https:\/\/azturismo.net\/#\/schema\/person\/4b56d87f51c4d1b518c650739ad3bbc1"},"headline":"Canad\u00e1 ya eligi\u00f3 su refugio invernal en M\u00e9xico","datePublished":"2026-09-01T03:54:43+00:00","dateModified":"2026-09-01T03:54:46+00:00","mainEntityOfPage":{"@id":"https:\/\/azturismo.net\/?p=7892"},"wordCount":522,"commentCount":0,"publisher":{"@id":"https:\/\/azturismo.net\/#organization"},"image":{"@id":"https:\/\/azturismo.net\/?p=7892#primaryimage"},"thumbnailUrl":"https:\/\/i0.wp.com\/azturismo.net\/wp-content\/uploads\/2026\/08\/puertovallarta.canada.agentesviajes2.jpg?fit=600%2C450&ssl=1","keywords":["Agentes deViajes","azturismo","Ballenas","Canad\u00e1","Google Discover","noticias de turismo","Puerto Vallarta","Sectur","Temporada Invernal","Turismo Mexico"],"articleSection":["NOTITUR"],"inLanguage":"es","potentialAction":[{"@type":"CommentAction","name":"Comment","target":["https:\/\/azturismo.net\/?p=7892#respond"]}]},{"@type":"WebPage","@id":"https:\/\/azturismo.net\/?p=7892","url":"https:\/\/azturismo.net\/?p=7892","name":"Canad\u00e1 ya eligi\u00f3 su refugio invernal en M\u00e9xico - Azturismo Noticias","isPartOf":{"@id":"https:\/\/azturismo.net\/#website"},"primaryImageOfPage":{"@id":"https:\/\/azturismo.net\/?p=7892#primaryimage"},"image":{"@id":"https:\/\/azturismo.net\/?p=7892#primaryimage"},"thumbnailUrl":"https:\/\/i0.wp.com\/azturismo.net\/wp-content\/uploads\/2026\/08\/puertovallarta.canada.agentesviajes2.jpg?fit=600%2C450&ssl=1","datePublished":"2026-09-01T03:54:43+00:00","dateModified":"2026-09-01T03:54:46+00:00","description":"Puerto Vallarta realiza una gira de \u00e9xito por Winnipeg, Edmonton y Calgary para capacitar a 164 agentes y asegurar su lugar como el destino mexicano favorito de Canad\u00e1 este invierno.","breadcrumb":{"@id":"https:\/\/azturismo.net\/?p=7892#breadcrumb"},"inLanguage":"es","potentialAction":[{"@type":"ReadAction","target":["https:\/\/azturismo.net\/?p=7892"]}]},{"@type":"ImageObject","inLanguage":"es","@id":"https:\/\/azturismo.net\/?p=7892#primaryimage","url":"https:\/\/i0.wp.com\/azturismo.net\/wp-content\/uploads\/2026\/08\/puertovallarta.canada.agentesviajes2.jpg?fit=600%2C450&ssl=1","contentUrl":"https:\/\/i0.wp.com\/azturismo.net\/wp-content\/uploads\/2026\/08\/puertovallarta.canada.agentesviajes2.jpg?fit=600%2C450&ssl=1","width":600,"height":450},{"@type":"BreadcrumbList","@id":"https:\/\/azturismo.net\/?p=7892#breadcrumb","itemListElement":[{"@type":"ListItem","position":1,"name":"Home","item":"https:\/\/azturismo.net\/"},{"@type":"ListItem","position":2,"name":"Canad\u00e1 ya eligi\u00f3 su refugio invernal en M\u00e9xico"}]},{"@type":"WebSite","@id":"https:\/\/azturismo.net\/#website","url":"https:\/\/azturismo.net\/","name":"Azturismo","description":"Azturismo Noticias","publisher":{"@id":"https:\/\/azturismo.net\/#organization"},"potentialAction":[{"@type":"SearchAction","target":{"@type":"EntryPoint","urlTemplate":"https:\/\/azturismo.net\/?s={search_term_string}"},"query-input":{"@type":"PropertyValueSpecification","valueRequired":true,"valueName":"search_term_string"}}],"inLanguage":"es"},{"@type":"Organization","@id":"https:\/\/azturismo.net\/#organization","name":"Azturismo","url":"https:\/\/azturismo.net\/","logo":{"@type":"ImageObject","inLanguage":"es","@id":"https:\/\/azturismo.net\/#\/schema\/logo\/image\/","url":"https:\/\/i0.wp.com\/azturismo.net\/wp-content\/uploads\/2024\/03\/logo-el-bueno-.png?fit=294%2C69&ssl=1","contentUrl":"https:\/\/i0.wp.com\/azturismo.net\/wp-content\/uploads\/2024\/03\/logo-el-bueno-.png?fit=294%2C69&ssl=1","width":294,"height":69,"caption":"Azturismo"},"image":{"@id":"https:\/\/azturismo.net\/#\/schema\/logo\/image\/"},"sameAs":["https:\/\/www.facebook.com\/AzturismoNoticias","https:\/\/x.com\/AzTurismo","https:\/\/www.instagram.com\/azturismo_noticias\/?fbclid=IwAR2xMiuoHbs6eLeIHKP8P5sSGa-xFrw7FfejscXO7kDghWa7wKLjGczKOwE","https:\/\/www.tiktok.com\/@azturismo"]},{"@type":"Person","@id":"https:\/\/azturismo.net\/#\/schema\/person\/4b56d87f51c4d1b518c650739ad3bbc1","name":"Azturismo","image":{"@type":"ImageObject","inLanguage":"es","@id":"https:\/\/azturismo.net\/wp-content\/litespeed\/avatar\/dfe28a31cdd68b788da48a316e50db10.jpg?ver=1787992733","url":"https:\/\/azturismo.net\/wp-content\/litespeed\/avatar\/dfe28a31cdd68b788da48a316e50db10.jpg?ver=1787992733","contentUrl":"https:\/\/azturismo.net\/wp-content\/litespeed\/avatar\/dfe28a31cdd68b788da48a316e50db10.jpg?ver=1787992733","caption":"Azturismo"},"sameAs":["https:\/\/azturismo.net"],"url":"https:\/\/azturismo.net\/?author=1"}]}},"jetpack_publicize_connections":[],"jetpack_featured_media_url":"https:\/\/i0.wp.com\/azturismo.net\/wp-content\/uploads\/2026\/08\/puertovallarta.canada.agentesviajes2.jpg?fit=600%2C450&ssl=1","jetpack_sharing_enabled":true,"jetpack-related-posts":[{"id":7881,"url":"https:\/\/azturismo.net\/?p=7881","url_meta":{"origin":7892,"position":0},"title":"Canad\u00e1 ya eligi\u00f3 su refugio invernal: Puerto Vallarta","author":"Azturismo","date":"agosto 26, 2026","format":false,"excerpt":"\ud83d\udc0b\u2600\ufe0fEl destino mexicano, conocido por su calidez, gastronom\u00eda y el avistamiento de ballenas, realiz\u00f3 una intensa gira de promoci\u00f3n por el centro y oeste de Canad\u00e1 para preparar a los asesores de viajes de cara a la temporada de invierno 2026. Por Staff Azturismo Con la mira puesta en consolidarse\u2026","rel":"","context":"En &quot;Destacadas&quot;","block_context":{"text":"Destacadas","link":"https:\/\/azturismo.net\/?cat=30"},"img":{"alt_text":"","src":"https:\/\/i0.wp.com\/azturismo.net\/wp-content\/uploads\/2025\/10\/PuertoVallarta.cd2_.jpg?fit=600%2C399&ssl=1&resize=350%2C200","width":350,"height":200,"srcset":"https:\/\/i0.wp.com\/azturismo.net\/wp-content\/uploads\/2025\/10\/PuertoVallarta.cd2_.jpg?fit=600%2C399&ssl=1&resize=350%2C200 1x, https:\/\/i0.wp.com\/azturismo.net\/wp-content\/uploads\/2025\/10\/PuertoVallarta.cd2_.jpg?fit=600%2C399&ssl=1&resize=525%2C300 1.5x"},"classes":[]},{"id":6587,"url":"https:\/\/azturismo.net\/?p=6587","url_meta":{"origin":7892,"position":1},"title":"Promueven a M\u00e9xico en Montreal, Nueva York y Nueva Jersey","author":"Azturismo","date":"noviembre 25, 2025","format":false,"excerpt":"Por Staff AzTurismo En una nueva etapa de posicionamiento internacional, autoridades del Gobierno de M\u00e9xico y representantes de diversos estados realizaron una gira de promoci\u00f3n tur\u00edstica en Montreal, Nueva York y Nueva Jersey, con el objetivo de fortalecer la conectividad a\u00e9rea, difundir la oferta tur\u00edstica del pa\u00eds y generar alianzas\u2026","rel":"","context":"En &quot;Destacadas&quot;","block_context":{"text":"Destacadas","link":"https:\/\/azturismo.net\/?cat=30"},"img":{"alt_text":"","src":"https:\/\/i0.wp.com\/azturismo.net\/wp-content\/uploads\/2025\/11\/Canada-promocion-Sectur-SRE2.jpeg?fit=600%2C450&ssl=1&resize=350%2C200","width":350,"height":200,"srcset":"https:\/\/i0.wp.com\/azturismo.net\/wp-content\/uploads\/2025\/11\/Canada-promocion-Sectur-SRE2.jpeg?fit=600%2C450&ssl=1&resize=350%2C200 1x, https:\/\/i0.wp.com\/azturismo.net\/wp-content\/uploads\/2025\/11\/Canada-promocion-Sectur-SRE2.jpeg?fit=600%2C450&ssl=1&resize=525%2C300 1.5x"},"classes":[]},{"id":5469,"url":"https:\/\/azturismo.net\/?p=5469","url_meta":{"origin":7892,"position":2},"title":"M\u00e9xico refuerza su presencia tur\u00edstica en Dallas y Houston rumbo al Mundial 2026","author":"Azturismo","date":"septiembre 18, 2025","format":false,"excerpt":"Por Staff AzTurismo \ud83c\udf0e\u2708\ufe0fM\u00e9xico contin\u00faa consolid\u00e1ndose como un destino tur\u00edstico de clase mundial, tras una gira de promoci\u00f3n realizada en Dallas y Houston por la Secretar\u00eda de Turismo (Sectur) y la Secretar\u00eda de Relaciones Exteriores (SRE). Durante tres d\u00edas, la delegaci\u00f3n mexicana encabezada por Miguel Agu\u00ed\u00f1iga Rodr\u00edguez, en representaci\u00f3n de\u2026","rel":"","context":"En &quot;NOTITUR&quot;","block_context":{"text":"NOTITUR","link":"https:\/\/azturismo.net\/?cat=25"},"img":{"alt_text":"","src":"https:\/\/i0.wp.com\/azturismo.net\/wp-content\/uploads\/2025\/09\/Sectur-Sre-EU9.jpg?fit=996%2C1200&ssl=1&resize=350%2C200","width":350,"height":200,"srcset":"https:\/\/i0.wp.com\/azturismo.net\/wp-content\/uploads\/2025\/09\/Sectur-Sre-EU9.jpg?fit=996%2C1200&ssl=1&resize=350%2C200 1x, https:\/\/i0.wp.com\/azturismo.net\/wp-content\/uploads\/2025\/09\/Sectur-Sre-EU9.jpg?fit=996%2C1200&ssl=1&resize=525%2C300 1.5x, https:\/\/i0.wp.com\/azturismo.net\/wp-content\/uploads\/2025\/09\/Sectur-Sre-EU9.jpg?fit=996%2C1200&ssl=1&resize=700%2C400 2x"},"classes":[]},{"id":2953,"url":"https:\/\/azturismo.net\/?p=2953","url_meta":{"origin":7892,"position":3},"title":"Puerto Vallarta, destino ideal para escapadas rom\u00e1nticas","author":"Azturismo","date":"febrero 10, 2025","format":false,"excerpt":"Por Staff AzTurismo El D\u00eda de San Valent\u00edn est\u00e1 a la vuelta de la esquina, y cada vez m\u00e1s viajeros de Estados Unidos y Canad\u00e1 est\u00e1n eligiendo las soleadas costas de Puerto Vallarta para sus escapadas rom\u00e1nticas. Seg\u00fan el informe Principales Destinos para el D\u00eda de San Valent\u00edn 2025 de\u2026","rel":"","context":"En &quot;Destacadas&quot;","block_context":{"text":"Destacadas","link":"https:\/\/azturismo.net\/?cat=30"},"img":{"alt_text":"","src":"https:\/\/i0.wp.com\/azturismo.net\/wp-content\/uploads\/2025\/02\/PuertoVallarta-Pacifico.png?fit=600%2C326&ssl=1&resize=350%2C200","width":350,"height":200,"srcset":"https:\/\/i0.wp.com\/azturismo.net\/wp-content\/uploads\/2025\/02\/PuertoVallarta-Pacifico.png?fit=600%2C326&ssl=1&resize=350%2C200 1x, https:\/\/i0.wp.com\/azturismo.net\/wp-content\/uploads\/2025\/02\/PuertoVallarta-Pacifico.png?fit=600%2C326&ssl=1&resize=525%2C300 1.5x"},"classes":[]},{"id":4693,"url":"https:\/\/azturismo.net\/?p=4693","url_meta":{"origin":7892,"position":4},"title":"Porter Airlines iniciar\u00e1 vuelos directos a Puerto Vallarta","author":"Azturismo","date":"agosto 6, 2025","format":false,"excerpt":"Nueva conectividad a\u00e9rea desde Canad\u00e1 Por Staff AzTurismo Puerto Vallarta fortalece su posici\u00f3n como destino tur\u00edstico preferido con el anuncio de Porter Airlines de iniciar operaciones directas desde tres importantes ciudades canadienses durante la pr\u00f3xima temporada oto\u00f1o-invierno 2024-2025. Esta expansi\u00f3n marca un hito hist\u00f3rico para la aerol\u00ednea canadiense, que por\u2026","rel":"","context":"En &quot;NOTITUR&quot;","block_context":{"text":"NOTITUR","link":"https:\/\/azturismo.net\/?cat=25"},"img":{"alt_text":"","src":"https:\/\/i0.wp.com\/azturismo.net\/wp-content\/uploads\/2025\/08\/porter-airlines.jpg?fit=600%2C400&ssl=1&resize=350%2C200","width":350,"height":200,"srcset":"https:\/\/i0.wp.com\/azturismo.net\/wp-content\/uploads\/2025\/08\/porter-airlines.jpg?fit=600%2C400&ssl=1&resize=350%2C200 1x, https:\/\/i0.wp.com\/azturismo.net\/wp-content\/uploads\/2025\/08\/porter-airlines.jpg?fit=600%2C400&ssl=1&resize=525%2C300 1.5x"},"classes":[]},{"id":4787,"url":"https:\/\/azturismo.net\/?p=4787","url_meta":{"origin":7892,"position":5},"title":"Ixtapa-Zihuatanejo: el binomio perfecto de lujo y tradici\u00f3n mexicana","author":"Azturismo","date":"agosto 8, 2025","format":false,"excerpt":"Por Staff AzTurismo La secretaria de Turismo de M\u00e9xico, Josefina Rodr\u00edguez Zamora, ha elogiado a Ixtapa-Zihuatanejo como \"el binomio perfecto\" entre el turismo de lujo internacional y la autenticidad de la cultura mexicana. En una reciente gira de trabajo, la titular de Sectur destac\u00f3 la armoniosa relaci\u00f3n entre los pobladores\u2026","rel":"","context":"En &quot;Destacadas&quot;","block_context":{"text":"Destacadas","link":"https:\/\/azturismo.net\/?cat=30"},"img":{"alt_text":"","src":"https:\/\/i0.wp.com\/azturismo.net\/wp-content\/uploads\/2025\/08\/Sectur-JRZ-ixt-zih04.jpg?fit=600%2C400&ssl=1&resize=350%2C200","width":350,"height":200,"srcset":"https:\/\/i0.wp.com\/azturismo.net\/wp-content\/uploads\/2025\/08\/Sectur-JRZ-ixt-zih04.jpg?fit=600%2C400&ssl=1&resize=350%2C200 1x, https:\/\/i0.wp.com\/azturismo.net\/wp-content\/uploads\/2025\/08\/Sectur-JRZ-ixt-zih04.jpg?fit=600%2C400&ssl=1&resize=525%2C300 1.5x"},"classes":[]}],"jetpack_shortlink":"https:\/\/wp.me\/pfqZGx-23i","amp_enabled":true,"_links":{"self":[{"href":"https:\/\/azturismo.net\/index.php?rest_route=\/wp\/v2\/posts\/7892","targetHints":{"allow":["GET"]}}],"collection":[{"href":"https:\/\/azturismo.net\/index.php?rest_route=\/wp\/v2\/posts"}],"about":[{"href":"https:\/\/azturismo.net\/index.php?rest_route=\/wp\/v2\/types\/post"}],"author":[{"embeddable":true,"href":"https:\/\/azturismo.net\/index.php?rest_route=\/wp\/v2\/users\/1"}],"replies":[{"embeddable":true,"href":"https:\/\/azturismo.net\/index.php?rest_route=%2Fwp%2Fv2%2Fcomments&post=7892"}],"version-history":[{"count":1,"href":"https:\/\/azturismo.net\/index.php?rest_route=\/wp\/v2\/posts\/7892\/revisions"}],"predecessor-version":[{"id":7894,"href":"https:\/\/azturismo.net\/index.php?rest_route=\/wp\/v2\/posts\/7892\/revisions\/7894"}],"wp:featuredmedia":[{"embeddable":true,"href":"https:\/\/azturismo.net\/index.php?rest_route=\/wp\/v2\/media\/7893"}],"wp:attachment":[{"href":"https:\/\/azturismo.net\/index.php?rest_route=%2Fwp%2Fv2%2Fmedia&parent=7892"}],"wp:term":[{"taxonomy":"category","embeddable":true,"href":"https:\/\/azturismo.net\/index.php?rest_route=%2Fwp%2Fv2%2Fcategories&post=7892"},{"taxonomy":"post_tag","embeddable":true,"href":"https:\/\/azturismo.net\/index.php?rest_route=%2Fwp%2Fv2%2Ftags&post=7892"}],"curies":[{"name":"wp","href":"https:\/\/api.w.org\/{rel}","templated":true}]}}