{"id":7889,"date":"2026-08-31T22:04:11","date_gmt":"2026-09-01T04:04:11","guid":{"rendered":"https:\/\/azturismo.net\/?p=7889"},"modified":"2026-08-31T22:04:14","modified_gmt":"2026-09-01T04:04:14","slug":"janal-lleva-los-sabores-del-sureste-abordo-del-tren-maya","status":"publish","type":"post","link":"https:\/\/azturismo.net\/?p=7889","title":{"rendered":"Janal lleva los sabores del sureste abordo del Tren Maya"},"content":{"rendered":"\n<p>Por Oscar V\u00e1zquez C.<\/p>\n\n\n\n<p>\ud83d\ude82\u2728El <strong>Tren Maya<\/strong> acaba de sumar un nuevo ingrediente a su recorrido por el sureste de M\u00e9xico: la gastronom\u00eda. Con el lanzamiento del <strong>Tren Restaurante Janal<\/strong>, los viajeros podr\u00e1n descubrir los paisajes, la cultura y los destinos de la regi\u00f3n mientras disfrutan de una experiencia culinaria inspirada en sus sabores tradicionales.<\/p>\n\n\n\n<p>La secretaria de Turismo del Gobierno de M\u00e9xico, <strong>Josefina Rodr\u00edguez Zamora<\/strong>, destac\u00f3 que Janal \u2014palabra maya que significa \u201ccomida\u201d\u2014 ampl\u00eda la propuesta del Tren Maya como producto tur\u00edstico integral al incorporar la riqueza gastron\u00f3mica de los estados que forman parte de su ruta.<\/p>\n\n\n\n<blockquote class=\"wp-block-quote is-layout-flow wp-block-quote-is-layout-flow\">\n<p>\u201cViajar por el sureste tambi\u00e9n es conocerlo a trav\u00e9s de sus sabores\u201d, se\u00f1al\u00f3 la funcionaria, al destacar que la gastronom\u00eda representa una de las mejores formas de acercarse a la identidad y las tradiciones de las comunidades.<\/p>\n<\/blockquote>\n\n\n\n<h3 class=\"wp-block-heading\">Yucat\u00e1n puso sabor al primer recorrido<\/h3>\n\n\n\n<p>La primera experiencia del <strong>Tren Restaurante Janal<\/strong> se realiz\u00f3 en el trayecto entre <strong>M\u00e9rida-Teya e Izamal<\/strong>, donde los pasajeros disfrutaron un men\u00fa degustaci\u00f3n inspirado en la cocina tradicional yucateca.<\/p>\n\n\n\n<figure class=\"wp-block-gallery has-nested-images columns-default is-cropped wp-block-gallery-1 is-layout-flex wp-block-gallery-is-layout-flex\">\n<figure class=\"wp-block-image size-large\"><img data-recalc-dims=\"1\" loading=\"lazy\" decoding=\"async\" width=\"696\" height=\"392\" data-attachment-id=\"7898\" data-permalink=\"https:\/\/azturismo.net\/?attachment_id=7898\" data-orig-file=\"https:\/\/i0.wp.com\/azturismo.net\/wp-content\/uploads\/2026\/08\/tren.maya_-1.jpeg?fit=1280%2C720&amp;ssl=1\" data-orig-size=\"1280,720\" data-comments-opened=\"1\" data-image-meta=\"{&quot;aperture&quot;:&quot;0&quot;,&quot;credit&quot;:&quot;&quot;,&quot;camera&quot;:&quot;&quot;,&quot;caption&quot;:&quot;&quot;,&quot;created_timestamp&quot;:&quot;0&quot;,&quot;copyright&quot;:&quot;&quot;,&quot;focal_length&quot;:&quot;0&quot;,&quot;iso&quot;:&quot;0&quot;,&quot;shutter_speed&quot;:&quot;0&quot;,&quot;title&quot;:&quot;&quot;,&quot;orientation&quot;:&quot;0&quot;}\" data-image-title=\"tren.maya\" data-image-description=\"\" data-image-caption=\"\" data-large-file=\"https:\/\/i0.wp.com\/azturismo.net\/wp-content\/uploads\/2026\/08\/tren.maya_-1.jpeg?fit=696%2C392&amp;ssl=1\" data-id=\"7898\" src=\"https:\/\/i0.wp.com\/azturismo.net\/wp-content\/uploads\/2026\/08\/tren.maya_-1.jpeg?resize=696%2C392&#038;ssl=1\" alt=\"\" class=\"wp-image-7898\" srcset=\"https:\/\/i0.wp.com\/azturismo.net\/wp-content\/uploads\/2026\/08\/tren.maya_-1.jpeg?resize=1024%2C576&amp;ssl=1 1024w, https:\/\/i0.wp.com\/azturismo.net\/wp-content\/uploads\/2026\/08\/tren.maya_-1.jpeg?resize=300%2C169&amp;ssl=1 300w, https:\/\/i0.wp.com\/azturismo.net\/wp-content\/uploads\/2026\/08\/tren.maya_-1.jpeg?resize=768%2C432&amp;ssl=1 768w, https:\/\/i0.wp.com\/azturismo.net\/wp-content\/uploads\/2026\/08\/tren.maya_-1.jpeg?resize=150%2C84&amp;ssl=1 150w, https:\/\/i0.wp.com\/azturismo.net\/wp-content\/uploads\/2026\/08\/tren.maya_-1.jpeg?resize=696%2C392&amp;ssl=1 696w, https:\/\/i0.wp.com\/azturismo.net\/wp-content\/uploads\/2026\/08\/tren.maya_-1.jpeg?resize=1068%2C601&amp;ssl=1 1068w, https:\/\/i0.wp.com\/azturismo.net\/wp-content\/uploads\/2026\/08\/tren.maya_-1.jpeg?w=1280&amp;ssl=1 1280w\" sizes=\"auto, (max-width: 696px) 100vw, 696px\" \/><\/figure>\n\n\n\n<figure class=\"wp-block-image size-large\"><img data-recalc-dims=\"1\" loading=\"lazy\" decoding=\"async\" width=\"600\" height=\"399\" data-attachment-id=\"7899\" data-permalink=\"https:\/\/azturismo.net\/?attachment_id=7899\" data-orig-file=\"https:\/\/i0.wp.com\/azturismo.net\/wp-content\/uploads\/2026\/08\/Sectur-janal.jpeg?fit=600%2C399&amp;ssl=1\" data-orig-size=\"600,399\" data-comments-opened=\"1\" data-image-meta=\"{&quot;aperture&quot;:&quot;0&quot;,&quot;credit&quot;:&quot;&quot;,&quot;camera&quot;:&quot;&quot;,&quot;caption&quot;:&quot;&quot;,&quot;created_timestamp&quot;:&quot;0&quot;,&quot;copyright&quot;:&quot;&quot;,&quot;focal_length&quot;:&quot;0&quot;,&quot;iso&quot;:&quot;0&quot;,&quot;shutter_speed&quot;:&quot;0&quot;,&quot;title&quot;:&quot;&quot;,&quot;orientation&quot;:&quot;1&quot;}\" data-image-title=\"Sectur-janal\" data-image-description=\"\" data-image-caption=\"\" data-large-file=\"https:\/\/i0.wp.com\/azturismo.net\/wp-content\/uploads\/2026\/08\/Sectur-janal.jpeg?fit=600%2C399&amp;ssl=1\" data-id=\"7899\" src=\"https:\/\/i0.wp.com\/azturismo.net\/wp-content\/uploads\/2026\/08\/Sectur-janal.jpeg?resize=600%2C399&#038;ssl=1\" alt=\"\" class=\"wp-image-7899\" srcset=\"https:\/\/i0.wp.com\/azturismo.net\/wp-content\/uploads\/2026\/08\/Sectur-janal.jpeg?w=600&amp;ssl=1 600w, https:\/\/i0.wp.com\/azturismo.net\/wp-content\/uploads\/2026\/08\/Sectur-janal.jpeg?resize=300%2C200&amp;ssl=1 300w, https:\/\/i0.wp.com\/azturismo.net\/wp-content\/uploads\/2026\/08\/Sectur-janal.jpeg?resize=150%2C100&amp;ssl=1 150w\" sizes=\"auto, (max-width: 600px) 100vw, 600px\" \/><\/figure>\n\n\n\n<figure class=\"wp-block-image size-large\"><img data-recalc-dims=\"1\" loading=\"lazy\" decoding=\"async\" width=\"600\" height=\"399\" data-attachment-id=\"7900\" data-permalink=\"https:\/\/azturismo.net\/?attachment_id=7900\" data-orig-file=\"https:\/\/i0.wp.com\/azturismo.net\/wp-content\/uploads\/2026\/08\/Sectur-janal2.jpeg?fit=600%2C399&amp;ssl=1\" data-orig-size=\"600,399\" data-comments-opened=\"1\" data-image-meta=\"{&quot;aperture&quot;:&quot;0&quot;,&quot;credit&quot;:&quot;&quot;,&quot;camera&quot;:&quot;&quot;,&quot;caption&quot;:&quot;&quot;,&quot;created_timestamp&quot;:&quot;0&quot;,&quot;copyright&quot;:&quot;&quot;,&quot;focal_length&quot;:&quot;0&quot;,&quot;iso&quot;:&quot;0&quot;,&quot;shutter_speed&quot;:&quot;0&quot;,&quot;title&quot;:&quot;&quot;,&quot;orientation&quot;:&quot;1&quot;}\" data-image-title=\"Sectur-janal2\" data-image-description=\"\" data-image-caption=\"\" data-large-file=\"https:\/\/i0.wp.com\/azturismo.net\/wp-content\/uploads\/2026\/08\/Sectur-janal2.jpeg?fit=600%2C399&amp;ssl=1\" data-id=\"7900\" src=\"https:\/\/i0.wp.com\/azturismo.net\/wp-content\/uploads\/2026\/08\/Sectur-janal2.jpeg?resize=600%2C399&#038;ssl=1\" alt=\"\" class=\"wp-image-7900\" srcset=\"https:\/\/i0.wp.com\/azturismo.net\/wp-content\/uploads\/2026\/08\/Sectur-janal2.jpeg?w=600&amp;ssl=1 600w, https:\/\/i0.wp.com\/azturismo.net\/wp-content\/uploads\/2026\/08\/Sectur-janal2.jpeg?resize=300%2C200&amp;ssl=1 300w, https:\/\/i0.wp.com\/azturismo.net\/wp-content\/uploads\/2026\/08\/Sectur-janal2.jpeg?resize=150%2C100&amp;ssl=1 150w\" sizes=\"auto, (max-width: 600px) 100vw, 600px\" \/><\/figure>\n\n\n\n<figure class=\"wp-block-image size-large\"><img data-recalc-dims=\"1\" loading=\"lazy\" decoding=\"async\" width=\"600\" height=\"399\" data-attachment-id=\"7901\" data-permalink=\"https:\/\/azturismo.net\/?attachment_id=7901\" data-orig-file=\"https:\/\/i0.wp.com\/azturismo.net\/wp-content\/uploads\/2026\/08\/Sectur-janal3.jpeg?fit=600%2C399&amp;ssl=1\" data-orig-size=\"600,399\" data-comments-opened=\"1\" data-image-meta=\"{&quot;aperture&quot;:&quot;0&quot;,&quot;credit&quot;:&quot;&quot;,&quot;camera&quot;:&quot;&quot;,&quot;caption&quot;:&quot;&quot;,&quot;created_timestamp&quot;:&quot;0&quot;,&quot;copyright&quot;:&quot;&quot;,&quot;focal_length&quot;:&quot;0&quot;,&quot;iso&quot;:&quot;0&quot;,&quot;shutter_speed&quot;:&quot;0&quot;,&quot;title&quot;:&quot;&quot;,&quot;orientation&quot;:&quot;1&quot;}\" data-image-title=\"Sectur-janal3\" data-image-description=\"\" data-image-caption=\"\" data-large-file=\"https:\/\/i0.wp.com\/azturismo.net\/wp-content\/uploads\/2026\/08\/Sectur-janal3.jpeg?fit=600%2C399&amp;ssl=1\" data-id=\"7901\" src=\"https:\/\/i0.wp.com\/azturismo.net\/wp-content\/uploads\/2026\/08\/Sectur-janal3.jpeg?resize=600%2C399&#038;ssl=1\" alt=\"\" class=\"wp-image-7901\" srcset=\"https:\/\/i0.wp.com\/azturismo.net\/wp-content\/uploads\/2026\/08\/Sectur-janal3.jpeg?w=600&amp;ssl=1 600w, https:\/\/i0.wp.com\/azturismo.net\/wp-content\/uploads\/2026\/08\/Sectur-janal3.jpeg?resize=300%2C200&amp;ssl=1 300w, https:\/\/i0.wp.com\/azturismo.net\/wp-content\/uploads\/2026\/08\/Sectur-janal3.jpeg?resize=150%2C100&amp;ssl=1 150w\" sizes=\"auto, (max-width: 600px) 100vw, 600px\" \/><\/figure>\n\n\n\n<figure class=\"wp-block-image size-large\"><img data-recalc-dims=\"1\" loading=\"lazy\" decoding=\"async\" width=\"600\" height=\"399\" data-attachment-id=\"7902\" data-permalink=\"https:\/\/azturismo.net\/?attachment_id=7902\" data-orig-file=\"https:\/\/i0.wp.com\/azturismo.net\/wp-content\/uploads\/2026\/08\/Sectur-janal3-2.jpeg?fit=600%2C399&amp;ssl=1\" data-orig-size=\"600,399\" data-comments-opened=\"1\" data-image-meta=\"{&quot;aperture&quot;:&quot;0&quot;,&quot;credit&quot;:&quot;&quot;,&quot;camera&quot;:&quot;&quot;,&quot;caption&quot;:&quot;&quot;,&quot;created_timestamp&quot;:&quot;0&quot;,&quot;copyright&quot;:&quot;&quot;,&quot;focal_length&quot;:&quot;0&quot;,&quot;iso&quot;:&quot;0&quot;,&quot;shutter_speed&quot;:&quot;0&quot;,&quot;title&quot;:&quot;&quot;,&quot;orientation&quot;:&quot;1&quot;}\" data-image-title=\"Sectur-janal3 (2)\" data-image-description=\"\" data-image-caption=\"\" data-large-file=\"https:\/\/i0.wp.com\/azturismo.net\/wp-content\/uploads\/2026\/08\/Sectur-janal3-2.jpeg?fit=600%2C399&amp;ssl=1\" data-id=\"7902\" src=\"https:\/\/i0.wp.com\/azturismo.net\/wp-content\/uploads\/2026\/08\/Sectur-janal3-2.jpeg?resize=600%2C399&#038;ssl=1\" alt=\"\" class=\"wp-image-7902\" srcset=\"https:\/\/i0.wp.com\/azturismo.net\/wp-content\/uploads\/2026\/08\/Sectur-janal3-2.jpeg?w=600&amp;ssl=1 600w, https:\/\/i0.wp.com\/azturismo.net\/wp-content\/uploads\/2026\/08\/Sectur-janal3-2.jpeg?resize=300%2C200&amp;ssl=1 300w, https:\/\/i0.wp.com\/azturismo.net\/wp-content\/uploads\/2026\/08\/Sectur-janal3-2.jpeg?resize=150%2C100&amp;ssl=1 150w\" sizes=\"auto, (max-width: 600px) 100vw, 600px\" \/><\/figure>\n\n\n\n<figure class=\"wp-block-image size-large\"><img data-recalc-dims=\"1\" loading=\"lazy\" decoding=\"async\" width=\"600\" height=\"337\" data-attachment-id=\"7903\" data-permalink=\"https:\/\/azturismo.net\/?attachment_id=7903\" data-orig-file=\"https:\/\/i0.wp.com\/azturismo.net\/wp-content\/uploads\/2026\/08\/WhatsApp-Image-2026-08-31-at-9.37.07-PM-4-1.jpeg?fit=600%2C337&amp;ssl=1\" data-orig-size=\"600,337\" data-comments-opened=\"1\" data-image-meta=\"{&quot;aperture&quot;:&quot;0&quot;,&quot;credit&quot;:&quot;&quot;,&quot;camera&quot;:&quot;&quot;,&quot;caption&quot;:&quot;&quot;,&quot;created_timestamp&quot;:&quot;0&quot;,&quot;copyright&quot;:&quot;&quot;,&quot;focal_length&quot;:&quot;0&quot;,&quot;iso&quot;:&quot;0&quot;,&quot;shutter_speed&quot;:&quot;0&quot;,&quot;title&quot;:&quot;&quot;,&quot;orientation&quot;:&quot;1&quot;}\" data-image-title=\"WhatsApp Image 2026-08-31 at 9.37.07 PM (4)\" data-image-description=\"\" data-image-caption=\"\" data-large-file=\"https:\/\/i0.wp.com\/azturismo.net\/wp-content\/uploads\/2026\/08\/WhatsApp-Image-2026-08-31-at-9.37.07-PM-4-1.jpeg?fit=600%2C337&amp;ssl=1\" data-id=\"7903\" src=\"https:\/\/i0.wp.com\/azturismo.net\/wp-content\/uploads\/2026\/08\/WhatsApp-Image-2026-08-31-at-9.37.07-PM-4-1.jpeg?resize=600%2C337&#038;ssl=1\" alt=\"\" class=\"wp-image-7903\" srcset=\"https:\/\/i0.wp.com\/azturismo.net\/wp-content\/uploads\/2026\/08\/WhatsApp-Image-2026-08-31-at-9.37.07-PM-4-1.jpeg?w=600&amp;ssl=1 600w, https:\/\/i0.wp.com\/azturismo.net\/wp-content\/uploads\/2026\/08\/WhatsApp-Image-2026-08-31-at-9.37.07-PM-4-1.jpeg?resize=300%2C169&amp;ssl=1 300w, https:\/\/i0.wp.com\/azturismo.net\/wp-content\/uploads\/2026\/08\/WhatsApp-Image-2026-08-31-at-9.37.07-PM-4-1.jpeg?resize=150%2C84&amp;ssl=1 150w\" sizes=\"auto, (max-width: 600px) 100vw, 600px\" \/><\/figure>\n<\/figure>\n\n\n\n<p>La propuesta estuvo a cargo del chef <strong>David Cetina Medina<\/strong>, reconocido por su trabajo en la preservaci\u00f3n y promoci\u00f3n de la gastronom\u00eda tradicional de Yucat\u00e1n, junto con el restaurante <strong>La Tradici\u00f3n<\/strong>.<\/p>\n\n\n\n<p>El recorrido combin\u00f3 atenci\u00f3n personalizada, cocina regional y los paisajes del sureste, creando una experiencia en la que el viaje dej\u00f3 de ser \u00fanicamente un traslado para convertirse tambi\u00e9n en una forma de descubrir el territorio a trav\u00e9s del paladar.<\/p>\n\n\n\n<h3 class=\"wp-block-heading\">Chiapas, Tabasco, Campeche y Quintana Roo llegar\u00e1n a la mesa<\/h3>\n\n\n\n<p>El proyecto contempla ampliar progresivamente su propuesta gastron\u00f3mica para incorporar los sabores de los <strong>cinco estados que integran la ruta del Tren Maya: Chiapas, Tabasco, Campeche, Yucat\u00e1n y Quintana Roo<\/strong>.<\/p>\n\n\n\n<p>La intenci\u00f3n es abrir espacio a chefs, restauranteros y empresarios gastron\u00f3micos de cada entidad, quienes podr\u00e1n llevar a bordo la diversidad de ingredientes, recetas y tradiciones que caracterizan al sureste mexicano.<\/p>\n\n\n\n<p>As\u00ed, cada recorrido podr\u00e1 convertirse en una ventana hacia la identidad culinaria de la regi\u00f3n.<\/p>\n\n\n\n<h3 class=\"wp-block-heading\">Del paisaje al plato<\/h3>\n\n\n\n<p>Con Janal, el Tren Maya busca fortalecer una tendencia que gana fuerza en el turismo: viajar no solo para conocer lugares, sino para <strong>vivir experiencias vinculadas con la cultura local<\/strong>.<\/p>\n\n\n\n<p>El proyecto integra en un mismo recorrido <strong>gastronom\u00eda, cultura, paisaje y destinos<\/strong>, elementos que pueden convertir el trayecto ferroviario en parte fundamental de la experiencia tur\u00edstica.<\/p>\n\n\n\n<p>La propuesta tambi\u00e9n coloca a la cocina regional como protagonista de la promoci\u00f3n tur\u00edstica, al permitir que los viajeros conozcan las historias y tradiciones de las comunidades a trav\u00e9s de sus ingredientes y platillos.<\/p>\n\n\n\n<p>\u201cViajar por el sureste tambi\u00e9n se convierte en una oportunidad para descubrirlo a trav\u00e9s de sus sabores\u201d, destac\u00f3 Rodr\u00edguez Zamora.<\/p>\n\n\n\n<p>Con <strong>Janal<\/strong>, el Tren Maya no solo invita a mirar el sureste por la ventana: ahora tambi\u00e9n propone <strong>saborearlo mientras avanza el viaje<\/strong>.<\/p>\n","protected":false},"excerpt":{"rendered":"<p>Por Oscar V\u00e1zquez C. \ud83d\ude82\u2728El Tren Maya acaba de sumar un nuevo ingrediente a su recorrido por el sureste de M\u00e9xico: la gastronom\u00eda. Con el lanzamiento del Tren Restaurante Janal, los viajeros podr\u00e1n descubrir los paisajes, la cultura y los destinos de la regi\u00f3n mientras disfrutan de una experiencia culinaria inspirada en sus sabores tradicionales. [&hellip;]<\/p>\n","protected":false},"author":1,"featured_media":7896,"comment_status":"open","ping_status":"open","sticky":false,"template":"","format":"standard","meta":{"_jetpack_newsletter_access":"","_jetpack_dont_email_post_to_subs":false,"_jetpack_newsletter_tier_id":0,"_jetpack_memberships_contains_paywalled_content":false,"_jetpack_memberships_contains_paid_content":false,"footnotes":"","jetpack_publicize_message":"","jetpack_publicize_feature_enabled":true,"jetpack_social_post_already_shared":true,"jetpack_social_options":{"image_generator_settings":{"template":"highway","default_image_id":0,"font":"","enabled":false},"version":2},"jetpack_post_was_ever_published":false},"categories":[30,35],"tags":[99,3934,2489,3933,38],"class_list":{"0":"post-7889","1":"post","2":"type-post","3":"status-publish","4":"format-standard","5":"has-post-thumbnail","7":"category-e","8":"category-sabores","9":"tag-azturismo","10":"tag-el-tren-maya","11":"tag-noticias-de-turismo","12":"tag-restaurante-janal","13":"tag-viajes"},"yoast_head":"<!-- This site is optimized with the Yoast SEO plugin v28.2 - https:\/\/yoast.com\/product\/yoast-seo-wordpress\/ -->\n<title>Janal lleva los sabores del sureste abordo del Tren Maya - Azturismo Noticias<\/title>\n<meta name=\"description\" content=\"El Tren Restaurante Janal suma la gastronom\u00eda de Yucat\u00e1n y del sureste a la experiencia del Tren Maya, con chefs y sabores regionales.\" \/>\n<meta name=\"robots\" content=\"index, follow, max-snippet:-1, max-image-preview:large, max-video-preview:-1\" \/>\n<link rel=\"canonical\" href=\"https:\/\/azturismo.net\/?p=7889\" \/>\n<meta property=\"og:locale\" content=\"es_MX\" \/>\n<meta property=\"og:type\" content=\"article\" \/>\n<meta property=\"og:title\" content=\"Janal lleva los sabores del sureste abordo del Tren Maya - Azturismo Noticias\" \/>\n<meta property=\"og:description\" content=\"El Tren Restaurante Janal suma la gastronom\u00eda de Yucat\u00e1n y del sureste a la experiencia del Tren Maya, con chefs y sabores regionales.\" \/>\n<meta property=\"og:url\" content=\"https:\/\/azturismo.net\/?p=7889\" \/>\n<meta property=\"og:site_name\" content=\"Azturismo Noticias\" \/>\n<meta property=\"article:publisher\" content=\"https:\/\/www.facebook.com\/AzturismoNoticias\" \/>\n<meta property=\"article:published_time\" content=\"2026-09-01T04:04:11+00:00\" \/>\n<meta property=\"article:modified_time\" content=\"2026-09-01T04:04:14+00:00\" \/>\n<meta property=\"og:image\" content=\"https:\/\/azturismo.net\/wp-content\/uploads\/2026\/08\/WhatsApp-Image-2026-08-31-at-9.37.07-PM-4.jpeg\" \/>\n\t<meta property=\"og:image:width\" content=\"600\" \/>\n\t<meta property=\"og:image:height\" content=\"337\" \/>\n\t<meta property=\"og:image:type\" content=\"image\/jpeg\" \/>\n<meta name=\"author\" content=\"Azturismo\" \/>\n<meta name=\"twitter:card\" content=\"summary_large_image\" \/>\n<meta name=\"twitter:creator\" content=\"@AzTurismo\" \/>\n<meta name=\"twitter:site\" content=\"@AzTurismo\" \/>\n<meta name=\"twitter:label1\" content=\"Escrito por\" \/>\n\t<meta name=\"twitter:data1\" content=\"Azturismo\" \/>\n\t<meta name=\"twitter:label2\" content=\"Tiempo de lectura\" \/>\n\t<meta name=\"twitter:data2\" content=\"4 minutos\" \/>\n<script type=\"application\/ld+json\" class=\"yoast-schema-graph\">{\"@context\":\"https:\\\/\\\/schema.org\",\"@graph\":[{\"@type\":\"Article\",\"@id\":\"https:\\\/\\\/azturismo.net\\\/?p=7889#article\",\"isPartOf\":{\"@id\":\"https:\\\/\\\/azturismo.net\\\/?p=7889\"},\"author\":{\"name\":\"Azturismo\",\"@id\":\"https:\\\/\\\/azturismo.net\\\/#\\\/schema\\\/person\\\/4b56d87f51c4d1b518c650739ad3bbc1\"},\"headline\":\"Janal lleva los sabores del sureste abordo del Tren Maya\",\"datePublished\":\"2026-09-01T04:04:11+00:00\",\"dateModified\":\"2026-09-01T04:04:14+00:00\",\"mainEntityOfPage\":{\"@id\":\"https:\\\/\\\/azturismo.net\\\/?p=7889\"},\"wordCount\":516,\"commentCount\":0,\"publisher\":{\"@id\":\"https:\\\/\\\/azturismo.net\\\/#organization\"},\"image\":{\"@id\":\"https:\\\/\\\/azturismo.net\\\/?p=7889#primaryimage\"},\"thumbnailUrl\":\"https:\\\/\\\/i0.wp.com\\\/azturismo.net\\\/wp-content\\\/uploads\\\/2026\\\/08\\\/WhatsApp-Image-2026-08-31-at-9.37.07-PM-4.jpeg?fit=600%2C337&ssl=1\",\"keywords\":[\"azturismo\",\"el Tren Maya\",\"noticias de turismo\",\"restaurante Janal\",\"Viajes\"],\"articleSection\":[\"Destacadas\",\"SABORES\"],\"inLanguage\":\"es\",\"potentialAction\":[{\"@type\":\"CommentAction\",\"name\":\"Comment\",\"target\":[\"https:\\\/\\\/azturismo.net\\\/?p=7889#respond\"]}]},{\"@type\":\"WebPage\",\"@id\":\"https:\\\/\\\/azturismo.net\\\/?p=7889\",\"url\":\"https:\\\/\\\/azturismo.net\\\/?p=7889\",\"name\":\"Janal lleva los sabores del sureste abordo del Tren Maya - Azturismo Noticias\",\"isPartOf\":{\"@id\":\"https:\\\/\\\/azturismo.net\\\/#website\"},\"primaryImageOfPage\":{\"@id\":\"https:\\\/\\\/azturismo.net\\\/?p=7889#primaryimage\"},\"image\":{\"@id\":\"https:\\\/\\\/azturismo.net\\\/?p=7889#primaryimage\"},\"thumbnailUrl\":\"https:\\\/\\\/i0.wp.com\\\/azturismo.net\\\/wp-content\\\/uploads\\\/2026\\\/08\\\/WhatsApp-Image-2026-08-31-at-9.37.07-PM-4.jpeg?fit=600%2C337&ssl=1\",\"datePublished\":\"2026-09-01T04:04:11+00:00\",\"dateModified\":\"2026-09-01T04:04:14+00:00\",\"description\":\"El Tren Restaurante Janal suma la gastronom\u00eda de Yucat\u00e1n y del sureste a la experiencia del Tren Maya, con chefs y sabores regionales.\",\"breadcrumb\":{\"@id\":\"https:\\\/\\\/azturismo.net\\\/?p=7889#breadcrumb\"},\"inLanguage\":\"es\",\"potentialAction\":[{\"@type\":\"ReadAction\",\"target\":[\"https:\\\/\\\/azturismo.net\\\/?p=7889\"]}]},{\"@type\":\"ImageObject\",\"inLanguage\":\"es\",\"@id\":\"https:\\\/\\\/azturismo.net\\\/?p=7889#primaryimage\",\"url\":\"https:\\\/\\\/i0.wp.com\\\/azturismo.net\\\/wp-content\\\/uploads\\\/2026\\\/08\\\/WhatsApp-Image-2026-08-31-at-9.37.07-PM-4.jpeg?fit=600%2C337&ssl=1\",\"contentUrl\":\"https:\\\/\\\/i0.wp.com\\\/azturismo.net\\\/wp-content\\\/uploads\\\/2026\\\/08\\\/WhatsApp-Image-2026-08-31-at-9.37.07-PM-4.jpeg?fit=600%2C337&ssl=1\",\"width\":600,\"height\":337},{\"@type\":\"BreadcrumbList\",\"@id\":\"https:\\\/\\\/azturismo.net\\\/?p=7889#breadcrumb\",\"itemListElement\":[{\"@type\":\"ListItem\",\"position\":1,\"name\":\"Home\",\"item\":\"https:\\\/\\\/azturismo.net\\\/\"},{\"@type\":\"ListItem\",\"position\":2,\"name\":\"Janal lleva los sabores del sureste abordo del Tren Maya\"}]},{\"@type\":\"WebSite\",\"@id\":\"https:\\\/\\\/azturismo.net\\\/#website\",\"url\":\"https:\\\/\\\/azturismo.net\\\/\",\"name\":\"Azturismo\",\"description\":\"Azturismo Noticias\",\"publisher\":{\"@id\":\"https:\\\/\\\/azturismo.net\\\/#organization\"},\"potentialAction\":[{\"@type\":\"SearchAction\",\"target\":{\"@type\":\"EntryPoint\",\"urlTemplate\":\"https:\\\/\\\/azturismo.net\\\/?s={search_term_string}\"},\"query-input\":{\"@type\":\"PropertyValueSpecification\",\"valueRequired\":true,\"valueName\":\"search_term_string\"}}],\"inLanguage\":\"es\"},{\"@type\":\"Organization\",\"@id\":\"https:\\\/\\\/azturismo.net\\\/#organization\",\"name\":\"Azturismo\",\"url\":\"https:\\\/\\\/azturismo.net\\\/\",\"logo\":{\"@type\":\"ImageObject\",\"inLanguage\":\"es\",\"@id\":\"https:\\\/\\\/azturismo.net\\\/#\\\/schema\\\/logo\\\/image\\\/\",\"url\":\"https:\\\/\\\/i0.wp.com\\\/azturismo.net\\\/wp-content\\\/uploads\\\/2024\\\/03\\\/logo-el-bueno-.png?fit=294%2C69&ssl=1\",\"contentUrl\":\"https:\\\/\\\/i0.wp.com\\\/azturismo.net\\\/wp-content\\\/uploads\\\/2024\\\/03\\\/logo-el-bueno-.png?fit=294%2C69&ssl=1\",\"width\":294,\"height\":69,\"caption\":\"Azturismo\"},\"image\":{\"@id\":\"https:\\\/\\\/azturismo.net\\\/#\\\/schema\\\/logo\\\/image\\\/\"},\"sameAs\":[\"https:\\\/\\\/www.facebook.com\\\/AzturismoNoticias\",\"https:\\\/\\\/x.com\\\/AzTurismo\",\"https:\\\/\\\/www.instagram.com\\\/azturismo_noticias\\\/?fbclid=IwAR2xMiuoHbs6eLeIHKP8P5sSGa-xFrw7FfejscXO7kDghWa7wKLjGczKOwE\",\"https:\\\/\\\/www.tiktok.com\\\/@azturismo\"]},{\"@type\":\"Person\",\"@id\":\"https:\\\/\\\/azturismo.net\\\/#\\\/schema\\\/person\\\/4b56d87f51c4d1b518c650739ad3bbc1\",\"name\":\"Azturismo\",\"image\":{\"@type\":\"ImageObject\",\"inLanguage\":\"es\",\"@id\":\"https:\\\/\\\/azturismo.net\\\/wp-content\\\/litespeed\\\/avatar\\\/dfe28a31cdd68b788da48a316e50db10.jpg?ver=1787992733\",\"url\":\"https:\\\/\\\/azturismo.net\\\/wp-content\\\/litespeed\\\/avatar\\\/dfe28a31cdd68b788da48a316e50db10.jpg?ver=1787992733\",\"contentUrl\":\"https:\\\/\\\/azturismo.net\\\/wp-content\\\/litespeed\\\/avatar\\\/dfe28a31cdd68b788da48a316e50db10.jpg?ver=1787992733\",\"caption\":\"Azturismo\"},\"sameAs\":[\"https:\\\/\\\/azturismo.net\"],\"url\":\"https:\\\/\\\/azturismo.net\\\/?author=1\"}]}<\/script>\n<!-- \/ Yoast SEO plugin. -->","yoast_head_json":{"title":"Janal lleva los sabores del sureste abordo del Tren Maya - Azturismo Noticias","description":"El Tren Restaurante Janal suma la gastronom\u00eda de Yucat\u00e1n y del sureste a la experiencia del Tren Maya, con chefs y sabores regionales.","robots":{"index":"index","follow":"follow","max-snippet":"max-snippet:-1","max-image-preview":"max-image-preview:large","max-video-preview":"max-video-preview:-1"},"canonical":"https:\/\/azturismo.net\/?p=7889","og_locale":"es_MX","og_type":"article","og_title":"Janal lleva los sabores del sureste abordo del Tren Maya - Azturismo Noticias","og_description":"El Tren Restaurante Janal suma la gastronom\u00eda de Yucat\u00e1n y del sureste a la experiencia del Tren Maya, con chefs y sabores regionales.","og_url":"https:\/\/azturismo.net\/?p=7889","og_site_name":"Azturismo Noticias","article_publisher":"https:\/\/www.facebook.com\/AzturismoNoticias","article_published_time":"2026-09-01T04:04:11+00:00","article_modified_time":"2026-09-01T04:04:14+00:00","og_image":[{"width":600,"height":337,"url":"https:\/\/azturismo.net\/wp-content\/uploads\/2026\/08\/WhatsApp-Image-2026-08-31-at-9.37.07-PM-4.jpeg","type":"image\/jpeg"}],"author":"Azturismo","twitter_card":"summary_large_image","twitter_creator":"@AzTurismo","twitter_site":"@AzTurismo","twitter_misc":{"Escrito por":"Azturismo","Tiempo de lectura":"4 minutos"},"schema":{"@context":"https:\/\/schema.org","@graph":[{"@type":"Article","@id":"https:\/\/azturismo.net\/?p=7889#article","isPartOf":{"@id":"https:\/\/azturismo.net\/?p=7889"},"author":{"name":"Azturismo","@id":"https:\/\/azturismo.net\/#\/schema\/person\/4b56d87f51c4d1b518c650739ad3bbc1"},"headline":"Janal lleva los sabores del sureste abordo del Tren Maya","datePublished":"2026-09-01T04:04:11+00:00","dateModified":"2026-09-01T04:04:14+00:00","mainEntityOfPage":{"@id":"https:\/\/azturismo.net\/?p=7889"},"wordCount":516,"commentCount":0,"publisher":{"@id":"https:\/\/azturismo.net\/#organization"},"image":{"@id":"https:\/\/azturismo.net\/?p=7889#primaryimage"},"thumbnailUrl":"https:\/\/i0.wp.com\/azturismo.net\/wp-content\/uploads\/2026\/08\/WhatsApp-Image-2026-08-31-at-9.37.07-PM-4.jpeg?fit=600%2C337&ssl=1","keywords":["azturismo","el Tren Maya","noticias de turismo","restaurante Janal","Viajes"],"articleSection":["Destacadas","SABORES"],"inLanguage":"es","potentialAction":[{"@type":"CommentAction","name":"Comment","target":["https:\/\/azturismo.net\/?p=7889#respond"]}]},{"@type":"WebPage","@id":"https:\/\/azturismo.net\/?p=7889","url":"https:\/\/azturismo.net\/?p=7889","name":"Janal lleva los sabores del sureste abordo del Tren Maya - Azturismo Noticias","isPartOf":{"@id":"https:\/\/azturismo.net\/#website"},"primaryImageOfPage":{"@id":"https:\/\/azturismo.net\/?p=7889#primaryimage"},"image":{"@id":"https:\/\/azturismo.net\/?p=7889#primaryimage"},"thumbnailUrl":"https:\/\/i0.wp.com\/azturismo.net\/wp-content\/uploads\/2026\/08\/WhatsApp-Image-2026-08-31-at-9.37.07-PM-4.jpeg?fit=600%2C337&ssl=1","datePublished":"2026-09-01T04:04:11+00:00","dateModified":"2026-09-01T04:04:14+00:00","description":"El Tren Restaurante Janal suma la gastronom\u00eda de Yucat\u00e1n y del sureste a la experiencia del Tren Maya, con chefs y sabores regionales.","breadcrumb":{"@id":"https:\/\/azturismo.net\/?p=7889#breadcrumb"},"inLanguage":"es","potentialAction":[{"@type":"ReadAction","target":["https:\/\/azturismo.net\/?p=7889"]}]},{"@type":"ImageObject","inLanguage":"es","@id":"https:\/\/azturismo.net\/?p=7889#primaryimage","url":"https:\/\/i0.wp.com\/azturismo.net\/wp-content\/uploads\/2026\/08\/WhatsApp-Image-2026-08-31-at-9.37.07-PM-4.jpeg?fit=600%2C337&ssl=1","contentUrl":"https:\/\/i0.wp.com\/azturismo.net\/wp-content\/uploads\/2026\/08\/WhatsApp-Image-2026-08-31-at-9.37.07-PM-4.jpeg?fit=600%2C337&ssl=1","width":600,"height":337},{"@type":"BreadcrumbList","@id":"https:\/\/azturismo.net\/?p=7889#breadcrumb","itemListElement":[{"@type":"ListItem","position":1,"name":"Home","item":"https:\/\/azturismo.net\/"},{"@type":"ListItem","position":2,"name":"Janal lleva los sabores del sureste abordo del Tren Maya"}]},{"@type":"WebSite","@id":"https:\/\/azturismo.net\/#website","url":"https:\/\/azturismo.net\/","name":"Azturismo","description":"Azturismo Noticias","publisher":{"@id":"https:\/\/azturismo.net\/#organization"},"potentialAction":[{"@type":"SearchAction","target":{"@type":"EntryPoint","urlTemplate":"https:\/\/azturismo.net\/?s={search_term_string}"},"query-input":{"@type":"PropertyValueSpecification","valueRequired":true,"valueName":"search_term_string"}}],"inLanguage":"es"},{"@type":"Organization","@id":"https:\/\/azturismo.net\/#organization","name":"Azturismo","url":"https:\/\/azturismo.net\/","logo":{"@type":"ImageObject","inLanguage":"es","@id":"https:\/\/azturismo.net\/#\/schema\/logo\/image\/","url":"https:\/\/i0.wp.com\/azturismo.net\/wp-content\/uploads\/2024\/03\/logo-el-bueno-.png?fit=294%2C69&ssl=1","contentUrl":"https:\/\/i0.wp.com\/azturismo.net\/wp-content\/uploads\/2024\/03\/logo-el-bueno-.png?fit=294%2C69&ssl=1","width":294,"height":69,"caption":"Azturismo"},"image":{"@id":"https:\/\/azturismo.net\/#\/schema\/logo\/image\/"},"sameAs":["https:\/\/www.facebook.com\/AzturismoNoticias","https:\/\/x.com\/AzTurismo","https:\/\/www.instagram.com\/azturismo_noticias\/?fbclid=IwAR2xMiuoHbs6eLeIHKP8P5sSGa-xFrw7FfejscXO7kDghWa7wKLjGczKOwE","https:\/\/www.tiktok.com\/@azturismo"]},{"@type":"Person","@id":"https:\/\/azturismo.net\/#\/schema\/person\/4b56d87f51c4d1b518c650739ad3bbc1","name":"Azturismo","image":{"@type":"ImageObject","inLanguage":"es","@id":"https:\/\/azturismo.net\/wp-content\/litespeed\/avatar\/dfe28a31cdd68b788da48a316e50db10.jpg?ver=1787992733","url":"https:\/\/azturismo.net\/wp-content\/litespeed\/avatar\/dfe28a31cdd68b788da48a316e50db10.jpg?ver=1787992733","contentUrl":"https:\/\/azturismo.net\/wp-content\/litespeed\/avatar\/dfe28a31cdd68b788da48a316e50db10.jpg?ver=1787992733","caption":"Azturismo"},"sameAs":["https:\/\/azturismo.net"],"url":"https:\/\/azturismo.net\/?author=1"}]}},"jetpack_publicize_connections":[],"jetpack_featured_media_url":"https:\/\/i0.wp.com\/azturismo.net\/wp-content\/uploads\/2026\/08\/WhatsApp-Image-2026-08-31-at-9.37.07-PM-4.jpeg?fit=600%2C337&ssl=1","jetpack_sharing_enabled":true,"jetpack-related-posts":[{"id":3580,"url":"https:\/\/azturismo.net\/?p=3580","url_meta":{"origin":7889,"position":0},"title":"Descubre el Mundo Maya, muestra artesanal, cultural y tur\u00edstica\u00a0en\u00a0Punto\u00a0M\u00e9xico","author":"Azturismo","date":"abril 9, 2025","format":false,"excerpt":"Por Oscar V\u00e1zquez C. La riqueza del Mundo Maya llega al coraz\u00f3n de la Ciudad de M\u00e9xico con una experiencia \u00fanica que celebra la diversidad cultural, gastron\u00f3mica y tur\u00edstica de cinco estados del sureste. Del 4 al 30 de abril, \u201cDescubre el Mundo Maya\u201d estar\u00e1 disponible en Punto M\u00e9xico, un\u2026","rel":"","context":"En &quot;Destacadas&quot;","block_context":{"text":"Destacadas","link":"https:\/\/azturismo.net\/?cat=30"},"img":{"alt_text":"","src":"https:\/\/i0.wp.com\/azturismo.net\/wp-content\/uploads\/2025\/04\/MundoMaya1.jpg?fit=600%2C399&ssl=1&resize=350%2C200","width":350,"height":200,"srcset":"https:\/\/i0.wp.com\/azturismo.net\/wp-content\/uploads\/2025\/04\/MundoMaya1.jpg?fit=600%2C399&ssl=1&resize=350%2C200 1x, https:\/\/i0.wp.com\/azturismo.net\/wp-content\/uploads\/2025\/04\/MundoMaya1.jpg?fit=600%2C399&ssl=1&resize=525%2C300 1.5x"},"classes":[]},{"id":6742,"url":"https:\/\/azturismo.net\/?p=6742","url_meta":{"origin":7889,"position":1},"title":"Listos los paquetes decembrinos para disfrutar el Sureste","author":"Azturismo","date":"diciembre 7, 2025","format":false,"excerpt":"Por Oscar V\u00e1zquez C. El Sureste mexicano se alista para vivir una de sus temporadas m\u00e1s esperadas. Con el aroma a pino y luces decembrinas encendiendo las ciudades, la presidenta Claudia Sheinbaum Pardo confirm\u00f3 que ya est\u00e1n listos los paquetes vacacionales del Tren Maya, los hoteles Mundo Maya y la\u2026","rel":"","context":"En &quot;Destacadas&quot;","block_context":{"text":"Destacadas","link":"https:\/\/azturismo.net\/?cat=30"},"img":{"alt_text":"","src":"https:\/\/i0.wp.com\/azturismo.net\/wp-content\/uploads\/2025\/12\/2025-12-04-Conferencia-de-prensa-matutina-Palacio-Nacional-05-JCB.jpg?fit=600%2C400&ssl=1&resize=350%2C200","width":350,"height":200,"srcset":"https:\/\/i0.wp.com\/azturismo.net\/wp-content\/uploads\/2025\/12\/2025-12-04-Conferencia-de-prensa-matutina-Palacio-Nacional-05-JCB.jpg?fit=600%2C400&ssl=1&resize=350%2C200 1x, https:\/\/i0.wp.com\/azturismo.net\/wp-content\/uploads\/2025\/12\/2025-12-04-Conferencia-de-prensa-matutina-Palacio-Nacional-05-JCB.jpg?fit=600%2C400&ssl=1&resize=525%2C300 1.5x"},"classes":[]},{"id":3823,"url":"https:\/\/azturismo.net\/?p=3823","url_meta":{"origin":7889,"position":2},"title":"Promueve Sectur Tren Maya entre m\u00e1s de 60 embajadores","author":"Azturismo","date":"mayo 19, 2025","format":false,"excerpt":"La Secretaria de Turismo de M\u00e9xico , Josefina Rodr\u00edguez Zamora, realiz\u00f3 un recorrido estrat\u00e9gico a bordo del Tren Maya junto a m\u00e1s de 60 embajadores y representantes diplom\u00e1ticos de diversos pa\u00edses, con el objetivo de fortalecer la promoci\u00f3n tur\u00edstica internacional de esta magna obra de infraestructura. Tren Maya: Un proyecto\u2026","rel":"","context":"En &quot;Destacadas&quot;","block_context":{"text":"Destacadas","link":"https:\/\/azturismo.net\/?cat=30"},"img":{"alt_text":"","src":"https:\/\/i0.wp.com\/azturismo.net\/wp-content\/uploads\/2025\/05\/sectur-embajadores-yucatan-1.jpg?fit=1200%2C632&ssl=1&resize=350%2C200","width":350,"height":200,"srcset":"https:\/\/i0.wp.com\/azturismo.net\/wp-content\/uploads\/2025\/05\/sectur-embajadores-yucatan-1.jpg?fit=1200%2C632&ssl=1&resize=350%2C200 1x, https:\/\/i0.wp.com\/azturismo.net\/wp-content\/uploads\/2025\/05\/sectur-embajadores-yucatan-1.jpg?fit=1200%2C632&ssl=1&resize=525%2C300 1.5x, https:\/\/i0.wp.com\/azturismo.net\/wp-content\/uploads\/2025\/05\/sectur-embajadores-yucatan-1.jpg?fit=1200%2C632&ssl=1&resize=700%2C400 2x, https:\/\/i0.wp.com\/azturismo.net\/wp-content\/uploads\/2025\/05\/sectur-embajadores-yucatan-1.jpg?fit=1200%2C632&ssl=1&resize=1050%2C600 3x"},"classes":[]},{"id":4075,"url":"https:\/\/azturismo.net\/?p=4075","url_meta":{"origin":7889,"position":3},"title":"Sectur presenta estrategia de promoci\u00f3n tur\u00edstica para el Mundial 2026 ante el CNET","author":"Azturismo","date":"junio 11, 2025","format":false,"excerpt":"Relanza Josefina Rodr\u00edguez la marca Grupo Mundo Maya Por Oscar V\u00e1zquez C. La Secretar\u00eda de Turismo del Gobierno de M\u00e9xico (Sectur), encabezada por Josefina Rodr\u00edguez Zamora, present\u00f3 ante el Consejo Nacional Empresarial Tur\u00edstico (CNET) la estrategia de promoci\u00f3n tur\u00edstica nacional e internacional con motivo de la Copa Mundial de F\u00fatbol\u2026","rel":"","context":"En &quot;Destacadas&quot;","block_context":{"text":"Destacadas","link":"https:\/\/azturismo.net\/?cat=30"},"img":{"alt_text":"","src":"https:\/\/i0.wp.com\/azturismo.net\/wp-content\/uploads\/2025\/06\/PSX_20250610_214149.jpg?fit=600%2C400&ssl=1&resize=350%2C200","width":350,"height":200,"srcset":"https:\/\/i0.wp.com\/azturismo.net\/wp-content\/uploads\/2025\/06\/PSX_20250610_214149.jpg?fit=600%2C400&ssl=1&resize=350%2C200 1x, https:\/\/i0.wp.com\/azturismo.net\/wp-content\/uploads\/2025\/06\/PSX_20250610_214149.jpg?fit=600%2C400&ssl=1&resize=525%2C300 1.5x"},"classes":[]},{"id":4968,"url":"https:\/\/azturismo.net\/?p=4968","url_meta":{"origin":7889,"position":4},"title":"Campeche, el destino ideal para eventos y convenciones en el sureste de M\u00e9xico","author":"Azturismo","date":"agosto 21, 2025","format":false,"excerpt":"Por Staff AzTurismo Campeche se ha consolidado como uno de los destinos l\u00edderes en turismo de reuniones en M\u00e9xico, destacando en el sureste del pa\u00eds por su mezcla de infraestructura moderna, conectividad estrat\u00e9gica y riqueza cultural. Durante el cierre de 2024 e inicio de 2025, la ciudad ha reforzado su\u2026","rel":"","context":"En &quot;Destacadas&quot;","block_context":{"text":"Destacadas","link":"https:\/\/azturismo.net\/?cat=30"},"img":{"alt_text":"","src":"https:\/\/i0.wp.com\/azturismo.net\/wp-content\/uploads\/2025\/08\/campeche-SAN-MIGUEL.jpg?fit=600%2C389&ssl=1&resize=350%2C200","width":350,"height":200,"srcset":"https:\/\/i0.wp.com\/azturismo.net\/wp-content\/uploads\/2025\/08\/campeche-SAN-MIGUEL.jpg?fit=600%2C389&ssl=1&resize=350%2C200 1x, https:\/\/i0.wp.com\/azturismo.net\/wp-content\/uploads\/2025\/08\/campeche-SAN-MIGUEL.jpg?fit=600%2C389&ssl=1&resize=525%2C300 1.5x"},"classes":[]},{"id":5968,"url":"https:\/\/azturismo.net\/?p=5968","url_meta":{"origin":7889,"position":5},"title":"Tabasco muestra su magia, sabores y cultura en Punto M\u00e9xico","author":"Azturismo","date":"octubre 13, 2025","format":false,"excerpt":"Por Oscar V\u00e1zquez C. \ud83c\udf3f\ud83c\udf6b\u2728 Durante todo octubre, Tabasco se convierte en protagonista en Punto M\u00e9xico, el espacio de promoci\u00f3n tur\u00edstica de la Secretar\u00eda de Turismo (Sectur), con la exposici\u00f3n \u201cTabasco \u00a1El Ed\u00e9n, tienes que vivirlo!\u201d, una muestra que re\u00fane lo mejor de la cultura, gastronom\u00eda, artesan\u00eda y naturaleza de\u2026","rel":"","context":"En &quot;Destacadas&quot;","block_context":{"text":"Destacadas","link":"https:\/\/azturismo.net\/?cat=30"},"img":{"alt_text":"","src":"https:\/\/i0.wp.com\/azturismo.net\/wp-content\/uploads\/2025\/10\/Tabasco-PuntoMexico1.jpg?fit=600%2C400&ssl=1&resize=350%2C200","width":350,"height":200,"srcset":"https:\/\/i0.wp.com\/azturismo.net\/wp-content\/uploads\/2025\/10\/Tabasco-PuntoMexico1.jpg?fit=600%2C400&ssl=1&resize=350%2C200 1x, https:\/\/i0.wp.com\/azturismo.net\/wp-content\/uploads\/2025\/10\/Tabasco-PuntoMexico1.jpg?fit=600%2C400&ssl=1&resize=525%2C300 1.5x"},"classes":[]}],"jetpack_shortlink":"https:\/\/wp.me\/pfqZGx-23f","amp_enabled":true,"_links":{"self":[{"href":"https:\/\/azturismo.net\/index.php?rest_route=\/wp\/v2\/posts\/7889","targetHints":{"allow":["GET"]}}],"collection":[{"href":"https:\/\/azturismo.net\/index.php?rest_route=\/wp\/v2\/posts"}],"about":[{"href":"https:\/\/azturismo.net\/index.php?rest_route=\/wp\/v2\/types\/post"}],"author":[{"embeddable":true,"href":"https:\/\/azturismo.net\/index.php?rest_route=\/wp\/v2\/users\/1"}],"replies":[{"embeddable":true,"href":"https:\/\/azturismo.net\/index.php?rest_route=%2Fwp%2Fv2%2Fcomments&post=7889"}],"version-history":[{"count":2,"href":"https:\/\/azturismo.net\/index.php?rest_route=\/wp\/v2\/posts\/7889\/revisions"}],"predecessor-version":[{"id":7904,"href":"https:\/\/azturismo.net\/index.php?rest_route=\/wp\/v2\/posts\/7889\/revisions\/7904"}],"wp:featuredmedia":[{"embeddable":true,"href":"https:\/\/azturismo.net\/index.php?rest_route=\/wp\/v2\/media\/7896"}],"wp:attachment":[{"href":"https:\/\/azturismo.net\/index.php?rest_route=%2Fwp%2Fv2%2Fmedia&parent=7889"}],"wp:term":[{"taxonomy":"category","embeddable":true,"href":"https:\/\/azturismo.net\/index.php?rest_route=%2Fwp%2Fv2%2Fcategories&post=7889"},{"taxonomy":"post_tag","embeddable":true,"href":"https:\/\/azturismo.net\/index.php?rest_route=%2Fwp%2Fv2%2Ftags&post=7889"}],"curies":[{"name":"wp","href":"https:\/\/api.w.org\/{rel}","templated":true}]}}