{"id":7747,"date":"2026-08-30T14:15:00","date_gmt":"2026-08-30T20:15:00","guid":{"rendered":"https:\/\/azturismo.net\/?p=7747"},"modified":"2026-08-05T21:02:05","modified_gmt":"2026-08-06T03:02:05","slug":"el-cielo-de-leon-se-llenara-de-color-con-200-globos","status":"publish","type":"post","link":"https:\/\/azturismo.net\/?p=7747","title":{"rendered":"El cielo de le\u00f3n se llenar\u00e1 de color con 200 globos"},"content":{"rendered":"\n<p>Le\u00f3n volver\u00e1 a convertirse en el epicentro del turismo de experiencias en M\u00e9xico con la celebraci\u00f3n del <strong>Festival Internacional del Globo (FIG) Le\u00f3n 2026<\/strong>, un evento que reunir\u00e1 a m\u00e1s de <strong>200 globos aerost\u00e1ticos<\/strong>, pilotos de <strong>25 pa\u00edses<\/strong> y alrededor de <strong>350 mil visitantes<\/strong> del <strong>13 al 16 de noviembre<\/strong> en el Parque Metropolitano.<\/p>\n\n\n\n<p>La edici\u00f3n de este a\u00f1o tendr\u00e1 un significado especial al formar parte de los festejos por los <strong>450 a\u00f1os de la fundaci\u00f3n de Le\u00f3n<\/strong>, consolidando al festival como uno de los eventos tur\u00edsticos m\u00e1s importantes de Am\u00e9rica Latina y una poderosa plataforma para proyectar la imagen de la ciudad a nivel internacional.<\/p>\n\n\n\n<p>La presidenta municipal, <strong>Ale Guti\u00e9rrez<\/strong>, asegur\u00f3 que Le\u00f3n est\u00e1 preparado para recibir a miles de visitantes gracias al trabajo conjunto entre autoridades, ciudadan\u00eda y organizadores.<\/p>\n\n\n\n<div class=\"wp-block-jetpack-slideshow aligncenter\" data-effect=\"slide\" style=\"--aspect-ratio:calc(800 \/ 570)\"><div class=\"wp-block-jetpack-slideshow_container swiper\"><ul class=\"wp-block-jetpack-slideshow_swiper-wrapper swiper-wrapper\"><li class=\"wp-block-jetpack-slideshow_slide swiper-slide\"><figure><img data-recalc-dims=\"1\" loading=\"lazy\" decoding=\"async\" width=\"696\" height=\"496\" alt=\"\" class=\"wp-block-jetpack-slideshow_image wp-image-7759\" data-id=\"7759\" data-aspect-ratio=\"800 \/ 570\" src=\"https:\/\/i0.wp.com\/azturismo.net\/wp-content\/uploads\/2026\/08\/LeonFIG-secretariadeturismo.jpg?resize=696%2C496&#038;ssl=1\" srcset=\"https:\/\/i0.wp.com\/azturismo.net\/wp-content\/uploads\/2026\/08\/LeonFIG-secretariadeturismo.jpg?w=800&amp;ssl=1 800w, https:\/\/i0.wp.com\/azturismo.net\/wp-content\/uploads\/2026\/08\/LeonFIG-secretariadeturismo.jpg?resize=300%2C214&amp;ssl=1 300w, https:\/\/i0.wp.com\/azturismo.net\/wp-content\/uploads\/2026\/08\/LeonFIG-secretariadeturismo.jpg?resize=768%2C547&amp;ssl=1 768w, https:\/\/i0.wp.com\/azturismo.net\/wp-content\/uploads\/2026\/08\/LeonFIG-secretariadeturismo.jpg?resize=150%2C107&amp;ssl=1 150w, https:\/\/i0.wp.com\/azturismo.net\/wp-content\/uploads\/2026\/08\/LeonFIG-secretariadeturismo.jpg?resize=696%2C496&amp;ssl=1 696w\" sizes=\"(max-width: 696px) 100vw, 696px\" \/><\/figure><\/li><li class=\"wp-block-jetpack-slideshow_slide swiper-slide\"><figure><img data-recalc-dims=\"1\" loading=\"lazy\" decoding=\"async\" width=\"696\" height=\"949\" alt=\"\" class=\"wp-block-jetpack-slideshow_image wp-image-7757\" data-id=\"7757\" data-aspect-ratio=\"696 \/ 949\" src=\"https:\/\/i0.wp.com\/azturismo.net\/wp-content\/uploads\/2026\/08\/Leon-FIG-2026.jpg?resize=696%2C949&#038;ssl=1\" srcset=\"https:\/\/i0.wp.com\/azturismo.net\/wp-content\/uploads\/2026\/08\/Leon-FIG-2026.jpg?resize=751%2C1024&amp;ssl=1 751w, https:\/\/i0.wp.com\/azturismo.net\/wp-content\/uploads\/2026\/08\/Leon-FIG-2026.jpg?resize=220%2C300&amp;ssl=1 220w, https:\/\/i0.wp.com\/azturismo.net\/wp-content\/uploads\/2026\/08\/Leon-FIG-2026.jpg?resize=768%2C1047&amp;ssl=1 768w, https:\/\/i0.wp.com\/azturismo.net\/wp-content\/uploads\/2026\/08\/Leon-FIG-2026.jpg?resize=150%2C205&amp;ssl=1 150w, https:\/\/i0.wp.com\/azturismo.net\/wp-content\/uploads\/2026\/08\/Leon-FIG-2026.jpg?resize=300%2C409&amp;ssl=1 300w, https:\/\/i0.wp.com\/azturismo.net\/wp-content\/uploads\/2026\/08\/Leon-FIG-2026.jpg?resize=696%2C949&amp;ssl=1 696w, https:\/\/i0.wp.com\/azturismo.net\/wp-content\/uploads\/2026\/08\/Leon-FIG-2026.jpg?w=800&amp;ssl=1 800w\" sizes=\"(max-width: 696px) 100vw, 696px\" \/><\/figure><\/li><li class=\"wp-block-jetpack-slideshow_slide swiper-slide\"><figure><img data-recalc-dims=\"1\" loading=\"lazy\" decoding=\"async\" width=\"696\" height=\"522\" alt=\"\" class=\"wp-block-jetpack-slideshow_image wp-image-7752\" data-id=\"7752\" data-aspect-ratio=\"800 \/ 600\" src=\"https:\/\/i0.wp.com\/azturismo.net\/wp-content\/uploads\/2026\/08\/Leon-Globo.jpg?resize=696%2C522&#038;ssl=1\" srcset=\"https:\/\/i0.wp.com\/azturismo.net\/wp-content\/uploads\/2026\/08\/Leon-Globo.jpg?w=800&amp;ssl=1 800w, https:\/\/i0.wp.com\/azturismo.net\/wp-content\/uploads\/2026\/08\/Leon-Globo.jpg?resize=300%2C225&amp;ssl=1 300w, https:\/\/i0.wp.com\/azturismo.net\/wp-content\/uploads\/2026\/08\/Leon-Globo.jpg?resize=768%2C576&amp;ssl=1 768w, https:\/\/i0.wp.com\/azturismo.net\/wp-content\/uploads\/2026\/08\/Leon-Globo.jpg?resize=150%2C113&amp;ssl=1 150w, https:\/\/i0.wp.com\/azturismo.net\/wp-content\/uploads\/2026\/08\/Leon-Globo.jpg?resize=696%2C522&amp;ssl=1 696w\" sizes=\"(max-width: 696px) 100vw, 696px\" \/><\/figure><\/li><li class=\"wp-block-jetpack-slideshow_slide swiper-slide\"><figure><img data-recalc-dims=\"1\" loading=\"lazy\" decoding=\"async\" width=\"696\" height=\"464\" alt=\"\" class=\"wp-block-jetpack-slideshow_image wp-image-7751\" data-id=\"7751\" data-aspect-ratio=\"800 \/ 533\" src=\"https:\/\/i0.wp.com\/azturismo.net\/wp-content\/uploads\/2026\/08\/Leon-Arco-de-la-Calzada.jpg?resize=696%2C464&#038;ssl=1\" srcset=\"https:\/\/i0.wp.com\/azturismo.net\/wp-content\/uploads\/2026\/08\/Leon-Arco-de-la-Calzada.jpg?w=800&amp;ssl=1 800w, https:\/\/i0.wp.com\/azturismo.net\/wp-content\/uploads\/2026\/08\/Leon-Arco-de-la-Calzada.jpg?resize=300%2C200&amp;ssl=1 300w, https:\/\/i0.wp.com\/azturismo.net\/wp-content\/uploads\/2026\/08\/Leon-Arco-de-la-Calzada.jpg?resize=768%2C512&amp;ssl=1 768w, https:\/\/i0.wp.com\/azturismo.net\/wp-content\/uploads\/2026\/08\/Leon-Arco-de-la-Calzada.jpg?resize=150%2C100&amp;ssl=1 150w, https:\/\/i0.wp.com\/azturismo.net\/wp-content\/uploads\/2026\/08\/Leon-Arco-de-la-Calzada.jpg?resize=696%2C464&amp;ssl=1 696w\" sizes=\"(max-width: 696px) 100vw, 696px\" \/><figcaption class=\"wp-block-jetpack-slideshow_caption gallery-caption\">Plaza Principal, Templo expiatorio, y Arco de la Calzada<\/figcaption><\/figure><\/li><li class=\"wp-block-jetpack-slideshow_slide swiper-slide\"><figure><img data-recalc-dims=\"1\" loading=\"lazy\" decoding=\"async\" width=\"696\" height=\"870\" alt=\"\" class=\"wp-block-jetpack-slideshow_image wp-image-7754\" data-id=\"7754\" data-aspect-ratio=\"800 \/ 1000\" src=\"https:\/\/i0.wp.com\/azturismo.net\/wp-content\/uploads\/2026\/08\/Leon-Globo5.jpg?resize=696%2C870&#038;ssl=1\" srcset=\"https:\/\/i0.wp.com\/azturismo.net\/wp-content\/uploads\/2026\/08\/Leon-Globo5.jpg?w=800&amp;ssl=1 800w, https:\/\/i0.wp.com\/azturismo.net\/wp-content\/uploads\/2026\/08\/Leon-Globo5.jpg?resize=240%2C300&amp;ssl=1 240w, https:\/\/i0.wp.com\/azturismo.net\/wp-content\/uploads\/2026\/08\/Leon-Globo5.jpg?resize=768%2C960&amp;ssl=1 768w, https:\/\/i0.wp.com\/azturismo.net\/wp-content\/uploads\/2026\/08\/Leon-Globo5.jpg?resize=150%2C188&amp;ssl=1 150w, https:\/\/i0.wp.com\/azturismo.net\/wp-content\/uploads\/2026\/08\/Leon-Globo5.jpg?resize=300%2C375&amp;ssl=1 300w, https:\/\/i0.wp.com\/azturismo.net\/wp-content\/uploads\/2026\/08\/Leon-Globo5.jpg?resize=696%2C870&amp;ssl=1 696w\" sizes=\"(max-width: 696px) 100vw, 696px\" \/><\/figure><\/li><li class=\"wp-block-jetpack-slideshow_slide swiper-slide\"><figure><img data-recalc-dims=\"1\" loading=\"lazy\" decoding=\"async\" width=\"683\" height=\"1024\" alt=\"\" class=\"wp-block-jetpack-slideshow_image wp-image-7750\" data-id=\"7750\" data-aspect-ratio=\"683 \/ 1024\" src=\"https:\/\/i0.wp.com\/azturismo.net\/wp-content\/uploads\/2026\/08\/Leon-arco-.jpg?resize=683%2C1024&#038;ssl=1\" srcset=\"https:\/\/i0.wp.com\/azturismo.net\/wp-content\/uploads\/2026\/08\/Leon-arco-.jpg?resize=683%2C1024&amp;ssl=1 683w, https:\/\/i0.wp.com\/azturismo.net\/wp-content\/uploads\/2026\/08\/Leon-arco-.jpg?resize=200%2C300&amp;ssl=1 200w, https:\/\/i0.wp.com\/azturismo.net\/wp-content\/uploads\/2026\/08\/Leon-arco-.jpg?resize=768%2C1151&amp;ssl=1 768w, https:\/\/i0.wp.com\/azturismo.net\/wp-content\/uploads\/2026\/08\/Leon-arco-.jpg?resize=150%2C225&amp;ssl=1 150w, https:\/\/i0.wp.com\/azturismo.net\/wp-content\/uploads\/2026\/08\/Leon-arco-.jpg?resize=300%2C450&amp;ssl=1 300w, https:\/\/i0.wp.com\/azturismo.net\/wp-content\/uploads\/2026\/08\/Leon-arco-.jpg?resize=696%2C1043&amp;ssl=1 696w, https:\/\/i0.wp.com\/azturismo.net\/wp-content\/uploads\/2026\/08\/Leon-arco-.jpg?w=800&amp;ssl=1 800w\" sizes=\"(max-width: 683px) 100vw, 683px\" \/><\/figure><\/li><li class=\"wp-block-jetpack-slideshow_slide swiper-slide\"><figure><img data-recalc-dims=\"1\" loading=\"lazy\" decoding=\"async\" width=\"696\" height=\"464\" alt=\"\" class=\"wp-block-jetpack-slideshow_image wp-image-7753\" data-id=\"7753\" data-aspect-ratio=\"800 \/ 533\" src=\"https:\/\/i0.wp.com\/azturismo.net\/wp-content\/uploads\/2026\/08\/LeonGlobo3.jpg?resize=696%2C464&#038;ssl=1\" srcset=\"https:\/\/i0.wp.com\/azturismo.net\/wp-content\/uploads\/2026\/08\/LeonGlobo3.jpg?w=800&amp;ssl=1 800w, https:\/\/i0.wp.com\/azturismo.net\/wp-content\/uploads\/2026\/08\/LeonGlobo3.jpg?resize=300%2C200&amp;ssl=1 300w, https:\/\/i0.wp.com\/azturismo.net\/wp-content\/uploads\/2026\/08\/LeonGlobo3.jpg?resize=768%2C512&amp;ssl=1 768w, https:\/\/i0.wp.com\/azturismo.net\/wp-content\/uploads\/2026\/08\/LeonGlobo3.jpg?resize=150%2C100&amp;ssl=1 150w, https:\/\/i0.wp.com\/azturismo.net\/wp-content\/uploads\/2026\/08\/LeonGlobo3.jpg?resize=696%2C464&amp;ssl=1 696w\" sizes=\"(max-width: 696px) 100vw, 696px\" \/><\/figure><\/li><li class=\"wp-block-jetpack-slideshow_slide swiper-slide\"><figure><img data-recalc-dims=\"1\" loading=\"lazy\" decoding=\"async\" width=\"683\" height=\"1024\" alt=\"\" class=\"wp-block-jetpack-slideshow_image wp-image-7749\" data-id=\"7749\" data-aspect-ratio=\"683 \/ 1024\" src=\"https:\/\/i0.wp.com\/azturismo.net\/wp-content\/uploads\/2026\/08\/Leon-arco-7.jpg?resize=683%2C1024&#038;ssl=1\" srcset=\"https:\/\/i0.wp.com\/azturismo.net\/wp-content\/uploads\/2026\/08\/Leon-arco-7.jpg?resize=683%2C1024&amp;ssl=1 683w, https:\/\/i0.wp.com\/azturismo.net\/wp-content\/uploads\/2026\/08\/Leon-arco-7.jpg?resize=200%2C300&amp;ssl=1 200w, https:\/\/i0.wp.com\/azturismo.net\/wp-content\/uploads\/2026\/08\/Leon-arco-7.jpg?resize=768%2C1151&amp;ssl=1 768w, https:\/\/i0.wp.com\/azturismo.net\/wp-content\/uploads\/2026\/08\/Leon-arco-7.jpg?resize=150%2C225&amp;ssl=1 150w, https:\/\/i0.wp.com\/azturismo.net\/wp-content\/uploads\/2026\/08\/Leon-arco-7.jpg?resize=300%2C450&amp;ssl=1 300w, https:\/\/i0.wp.com\/azturismo.net\/wp-content\/uploads\/2026\/08\/Leon-arco-7.jpg?resize=696%2C1043&amp;ssl=1 696w, https:\/\/i0.wp.com\/azturismo.net\/wp-content\/uploads\/2026\/08\/Leon-arco-7.jpg?w=800&amp;ssl=1 800w\" sizes=\"(max-width: 683px) 100vw, 683px\" \/><\/figure><\/li><li class=\"wp-block-jetpack-slideshow_slide swiper-slide\"><figure><img data-recalc-dims=\"1\" loading=\"lazy\" decoding=\"async\" width=\"696\" height=\"484\" alt=\"\" class=\"wp-block-jetpack-slideshow_image wp-image-7758\" data-id=\"7758\" data-aspect-ratio=\"800 \/ 556\" src=\"https:\/\/i0.wp.com\/azturismo.net\/wp-content\/uploads\/2026\/08\/LeonFIG.png?resize=696%2C484&#038;ssl=1\" srcset=\"https:\/\/i0.wp.com\/azturismo.net\/wp-content\/uploads\/2026\/08\/LeonFIG.png?w=800&amp;ssl=1 800w, https:\/\/i0.wp.com\/azturismo.net\/wp-content\/uploads\/2026\/08\/LeonFIG.png?resize=300%2C209&amp;ssl=1 300w, https:\/\/i0.wp.com\/azturismo.net\/wp-content\/uploads\/2026\/08\/LeonFIG.png?resize=768%2C534&amp;ssl=1 768w, https:\/\/i0.wp.com\/azturismo.net\/wp-content\/uploads\/2026\/08\/LeonFIG.png?resize=150%2C104&amp;ssl=1 150w, https:\/\/i0.wp.com\/azturismo.net\/wp-content\/uploads\/2026\/08\/LeonFIG.png?resize=696%2C484&amp;ssl=1 696w\" sizes=\"(max-width: 696px) 100vw, 696px\" \/><\/figure><\/li><li class=\"wp-block-jetpack-slideshow_slide swiper-slide\"><figure><img data-recalc-dims=\"1\" loading=\"lazy\" decoding=\"async\" width=\"696\" height=\"463\" alt=\"\" class=\"wp-block-jetpack-slideshow_image wp-image-7755\" data-id=\"7755\" data-aspect-ratio=\"800 \/ 532\" src=\"https:\/\/i0.wp.com\/azturismo.net\/wp-content\/uploads\/2026\/08\/Leon-Expiatorio.jpg?resize=696%2C463&#038;ssl=1\" srcset=\"https:\/\/i0.wp.com\/azturismo.net\/wp-content\/uploads\/2026\/08\/Leon-Expiatorio.jpg?w=800&amp;ssl=1 800w, https:\/\/i0.wp.com\/azturismo.net\/wp-content\/uploads\/2026\/08\/Leon-Expiatorio.jpg?resize=300%2C200&amp;ssl=1 300w, https:\/\/i0.wp.com\/azturismo.net\/wp-content\/uploads\/2026\/08\/Leon-Expiatorio.jpg?resize=768%2C511&amp;ssl=1 768w, https:\/\/i0.wp.com\/azturismo.net\/wp-content\/uploads\/2026\/08\/Leon-Expiatorio.jpg?resize=150%2C100&amp;ssl=1 150w, https:\/\/i0.wp.com\/azturismo.net\/wp-content\/uploads\/2026\/08\/Leon-Expiatorio.jpg?resize=696%2C463&amp;ssl=1 696w\" sizes=\"(max-width: 696px) 100vw, 696px\" \/><\/figure><\/li><li class=\"wp-block-jetpack-slideshow_slide swiper-slide\"><figure><img data-recalc-dims=\"1\" loading=\"lazy\" decoding=\"async\" width=\"696\" height=\"400\" alt=\"\" class=\"wp-block-jetpack-slideshow_image wp-image-7748\" data-id=\"7748\" data-aspect-ratio=\"800 \/ 460\" src=\"https:\/\/i0.wp.com\/azturismo.net\/wp-content\/uploads\/2026\/08\/Leon-FIG2.png?resize=696%2C400&#038;ssl=1\" srcset=\"https:\/\/i0.wp.com\/azturismo.net\/wp-content\/uploads\/2026\/08\/Leon-FIG2.png?w=800&amp;ssl=1 800w, https:\/\/i0.wp.com\/azturismo.net\/wp-content\/uploads\/2026\/08\/Leon-FIG2.png?resize=300%2C173&amp;ssl=1 300w, https:\/\/i0.wp.com\/azturismo.net\/wp-content\/uploads\/2026\/08\/Leon-FIG2.png?resize=768%2C442&amp;ssl=1 768w, https:\/\/i0.wp.com\/azturismo.net\/wp-content\/uploads\/2026\/08\/Leon-FIG2.png?resize=150%2C86&amp;ssl=1 150w, https:\/\/i0.wp.com\/azturismo.net\/wp-content\/uploads\/2026\/08\/Leon-FIG2.png?resize=696%2C400&amp;ssl=1 696w\" sizes=\"(max-width: 696px) 100vw, 696px\" \/><\/figure><\/li><\/ul><a class=\"wp-block-jetpack-slideshow_button-prev swiper-button-prev swiper-button-white\" role=\"button\"><\/a><a class=\"wp-block-jetpack-slideshow_button-next swiper-button-next swiper-button-white\" role=\"button\"><\/a><a aria-label=\"Pause Slideshow\" class=\"wp-block-jetpack-slideshow_button-pause\" role=\"button\"><\/a><div class=\"wp-block-jetpack-slideshow_pagination swiper-pagination swiper-pagination-white\"><\/div><\/div><\/div>\n\n\n\n<blockquote class=\"wp-block-quote is-layout-flow wp-block-quote-is-layout-flow\">\n<p>&#8220;Para volar alto se requiere un gran equipo y aqu\u00ed hay un gran equipo entre ciudadan\u00eda y gobierno para que Le\u00f3n siga siendo referente nacional&#8221;, expres\u00f3 durante la presentaci\u00f3n oficial del evento.<\/p>\n<\/blockquote>\n\n\n\n<h2 class=\"wp-block-heading\">M\u00e1s visitantes, mayor derrama econ\u00f3mica<\/h2>\n\n\n\n<p>El impacto del <strong>Festival Internacional del Globo Le\u00f3n 2026<\/strong> ir\u00e1 mucho m\u00e1s all\u00e1 del espect\u00e1culo en el cielo.<\/p>\n\n\n\n<p>Las proyecciones estiman una <strong>derrama econ\u00f3mica de 900 millones de pesos<\/strong>, adem\u00e1s de la generaci\u00f3n de <strong>300 empleos directos<\/strong> y <strong>4 mil 500 indirectos<\/strong>, beneficiando principalmente a hoteles, restaurantes, comercios, servicios tur\u00edsticos y transporte.<\/p>\n\n\n\n<p>Se espera adem\u00e1s una <strong>ocupaci\u00f3n hotelera cercana al 90%<\/strong>, impulsada por un dato que confirma la fuerza del festival: <strong>el 89% de los asistentes proviene de otras ciudades, estados o pa\u00edses<\/strong>, lo que convierte al FIG en uno de los principales motores del turismo para Guanajuato.<\/p>\n\n\n\n<h2 class=\"wp-block-heading\">Globos de todo el mundo y nuevas figuras especiales<\/h2>\n\n\n\n<p>La edici\u00f3n 2026 contar\u00e1 con <strong>200 globos aerost\u00e1ticos<\/strong> y <strong>30 figuras especiales in\u00e9ditas<\/strong>, mientras que pilotos de pa\u00edses como Francia, Espa\u00f1a, Alemania, B\u00e9lgica, Pa\u00edses Bajos, Reino Unido, Suiza, Italia, Jap\u00f3n, Luxemburgo y Lituania llenar\u00e1n de color el cielo leon\u00e9s durante cuatro d\u00edas.<\/p>\n\n\n\n<p>Despu\u00e9s de 25 a\u00f1os de historia, el festival contin\u00faa renov\u00e1ndose y fortaleciendo su prestigio internacional, atrayendo cada vez a m\u00e1s visitantes que buscan vivir una de las experiencias m\u00e1s espectaculares del calendario tur\u00edstico mexicano.<\/p>\n\n\n\n<h2 class=\"wp-block-heading\">Noches M\u00e1gicas con un cartel internacional<\/h2>\n\n\n\n<p>Adem\u00e1s del espect\u00e1culo a\u00e9reo, las tradicionales <strong>Noches M\u00e1gicas<\/strong> ofrecer\u00e1n un cartel musical de talla internacional.<\/p>\n\n\n\n<p>Entre los artistas confirmados destacan:<\/p>\n\n\n\n<ul class=\"wp-block-list\">\n<li><strong>13 de noviembre:<\/strong> Los \u00c1ngeles Azules.<\/li>\n\n\n\n<li><strong>14 de noviembre:<\/strong> Calvin Harris, Alok y Tyson Obrien.<\/li>\n\n\n\n<li><strong>15 de noviembre:<\/strong> Christian Nodal y Xavi.<\/li>\n<\/ul>\n\n\n\n<p>Como novedad, el festival presentar\u00e1 por primera vez un <strong>concierto matutino<\/strong> el 15 de noviembre, inmediatamente despu\u00e9s del tradicional despegue de globos, con la participaci\u00f3n de <strong>Los Santos Bravos<\/strong>.<\/p>\n\n\n\n<p>Asimismo, <strong>Omar Chaparro<\/strong> repetir\u00e1 como conductor oficial del evento por segundo a\u00f1o consecutivo.<\/p>\n\n\n\n<h2 class=\"wp-block-heading\">Le\u00f3n fortalece su liderazgo como destino tur\u00edstico<\/h2>\n\n\n\n<p>A lo largo de un cuarto de siglo, el Festival Internacional del Globo ha evolucionado de ser un espect\u00e1culo a\u00e9reo a convertirse en uno de los mayores s\u00edmbolos de identidad de Le\u00f3n y en un importante generador de desarrollo econ\u00f3mico.<\/p>\n\n\n\n<p>Su capacidad para atraer turismo nacional e internacional, impulsar la ocupaci\u00f3n hotelera y dinamizar la econom\u00eda local confirma que el <strong>FIG Le\u00f3n 2026<\/strong> ser\u00e1 una de las grandes celebraciones del a\u00f1o y un escaparate que consolidar\u00e1 a la ciudad como uno de los destinos tur\u00edsticos m\u00e1s competitivos de M\u00e9xico.<\/p>\n","protected":false},"excerpt":{"rendered":"<p>Le\u00f3n volver\u00e1 a convertirse en el epicentro del turismo de experiencias en M\u00e9xico con la celebraci\u00f3n del Festival Internacional del Globo (FIG) Le\u00f3n 2026, un evento que reunir\u00e1 a m\u00e1s de 200 globos aerost\u00e1ticos, pilotos de 25 pa\u00edses y alrededor de 350 mil visitantes del 13 al 16 de noviembre en el Parque Metropolitano. La [&hellip;]<\/p>\n","protected":false},"author":1,"featured_media":7760,"comment_status":"open","ping_status":"open","sticky":false,"template":"","format":"standard","meta":{"_jetpack_newsletter_access":"","_jetpack_dont_email_post_to_subs":false,"_jetpack_newsletter_tier_id":0,"_jetpack_memberships_contains_paywalled_content":false,"_jetpack_memberships_contains_paid_content":false,"footnotes":"","jetpack_publicize_message":"","jetpack_publicize_feature_enabled":true,"jetpack_social_post_already_shared":true,"jetpack_social_options":{"image_generator_settings":{"template":"highway","default_image_id":0,"font":"","enabled":false},"version":2},"jetpack_post_was_ever_published":false},"categories":[30,25],"tags":[3879,99,3880,3877,3878],"class_list":{"0":"post-7747","1":"post","2":"type-post","3":"status-publish","4":"format-standard","5":"has-post-thumbnail","7":"category-e","8":"category-notitar","9":"tag-ale-gutierrez","10":"tag-azturismo","11":"tag-festivales-noviembre","12":"tag-fig-leon-2026","13":"tag-presidenta-municipal"},"yoast_head":"<!-- This site is optimized with the Yoast SEO plugin v28.2 - https:\/\/yoast.com\/product\/yoast-seo-wordpress\/ -->\n<title>El cielo de le\u00f3n se llenar\u00e1 de color con 200 globos - Azturismo Noticias<\/title>\n<meta name=\"description\" content=\"El Festival Internacional del Globo Le\u00f3n 2026 reunir\u00e1 m\u00e1s de 200 globos aerost\u00e1ticos, pilotos de 25 pa\u00edses y 350 mil visitantes. El evento proyecta una derrama econ\u00f3mica de 900 millones de pesos y fortalecer\u00e1 el turismo de la ciudad.\" \/>\n<meta name=\"robots\" content=\"index, follow, max-snippet:-1, max-image-preview:large, max-video-preview:-1\" \/>\n<link rel=\"canonical\" href=\"https:\/\/azturismo.net\/?p=7747\" \/>\n<meta property=\"og:locale\" content=\"es_MX\" \/>\n<meta property=\"og:type\" content=\"article\" \/>\n<meta property=\"og:title\" content=\"El cielo de le\u00f3n se llenar\u00e1 de color con 200 globos - Azturismo Noticias\" \/>\n<meta property=\"og:description\" content=\"El Festival Internacional del Globo Le\u00f3n 2026 reunir\u00e1 m\u00e1s de 200 globos aerost\u00e1ticos, pilotos de 25 pa\u00edses y 350 mil visitantes. El evento proyecta una derrama econ\u00f3mica de 900 millones de pesos y fortalecer\u00e1 el turismo de la ciudad.\" \/>\n<meta property=\"og:url\" content=\"https:\/\/azturismo.net\/?p=7747\" \/>\n<meta property=\"og:site_name\" content=\"Azturismo Noticias\" \/>\n<meta property=\"article:publisher\" content=\"https:\/\/www.facebook.com\/AzturismoNoticias\" \/>\n<meta property=\"article:published_time\" content=\"2026-08-30T20:15:00+00:00\" \/>\n<meta property=\"og:image\" content=\"https:\/\/i0.wp.com\/azturismo.net\/wp-content\/uploads\/2026\/08\/Leon-FIG2-1.png?fit=800%2C460&ssl=1\" \/>\n\t<meta property=\"og:image:width\" content=\"800\" \/>\n\t<meta property=\"og:image:height\" content=\"460\" \/>\n\t<meta property=\"og:image:type\" content=\"image\/png\" \/>\n<meta name=\"author\" content=\"Azturismo\" \/>\n<meta name=\"twitter:card\" content=\"summary_large_image\" \/>\n<meta name=\"twitter:creator\" content=\"@AzTurismo\" \/>\n<meta name=\"twitter:site\" content=\"@AzTurismo\" \/>\n<meta name=\"twitter:label1\" content=\"Escrito por\" \/>\n\t<meta name=\"twitter:data1\" content=\"Azturismo\" \/>\n\t<meta name=\"twitter:label2\" content=\"Tiempo de lectura\" \/>\n\t<meta name=\"twitter:data2\" content=\"5 minutos\" \/>\n<script type=\"application\/ld+json\" class=\"yoast-schema-graph\">{\"@context\":\"https:\\\/\\\/schema.org\",\"@graph\":[{\"@type\":\"Article\",\"@id\":\"https:\\\/\\\/azturismo.net\\\/?p=7747#article\",\"isPartOf\":{\"@id\":\"https:\\\/\\\/azturismo.net\\\/?p=7747\"},\"author\":{\"name\":\"Azturismo\",\"@id\":\"https:\\\/\\\/azturismo.net\\\/#\\\/schema\\\/person\\\/4b56d87f51c4d1b518c650739ad3bbc1\"},\"headline\":\"El cielo de le\u00f3n se llenar\u00e1 de color con 200 globos\",\"datePublished\":\"2026-08-30T20:15:00+00:00\",\"mainEntityOfPage\":{\"@id\":\"https:\\\/\\\/azturismo.net\\\/?p=7747\"},\"wordCount\":608,\"commentCount\":0,\"publisher\":{\"@id\":\"https:\\\/\\\/azturismo.net\\\/#organization\"},\"image\":{\"@id\":\"https:\\\/\\\/azturismo.net\\\/?p=7747#primaryimage\"},\"thumbnailUrl\":\"https:\\\/\\\/i0.wp.com\\\/azturismo.net\\\/wp-content\\\/uploads\\\/2026\\\/08\\\/Leon-FIG2-1.png?fit=800%2C460&ssl=1\",\"keywords\":[\"Ale Guti\u00e9rrez\",\"azturismo\",\"festivales noviembre\",\"FIG Le\u00f3n 2026\",\"presidenta municipal\"],\"articleSection\":[\"Destacadas\",\"NOTITUR\"],\"inLanguage\":\"es\",\"potentialAction\":[{\"@type\":\"CommentAction\",\"name\":\"Comment\",\"target\":[\"https:\\\/\\\/azturismo.net\\\/?p=7747#respond\"]}]},{\"@type\":\"WebPage\",\"@id\":\"https:\\\/\\\/azturismo.net\\\/?p=7747\",\"url\":\"https:\\\/\\\/azturismo.net\\\/?p=7747\",\"name\":\"El cielo de le\u00f3n se llenar\u00e1 de color con 200 globos - Azturismo Noticias\",\"isPartOf\":{\"@id\":\"https:\\\/\\\/azturismo.net\\\/#website\"},\"primaryImageOfPage\":{\"@id\":\"https:\\\/\\\/azturismo.net\\\/?p=7747#primaryimage\"},\"image\":{\"@id\":\"https:\\\/\\\/azturismo.net\\\/?p=7747#primaryimage\"},\"thumbnailUrl\":\"https:\\\/\\\/i0.wp.com\\\/azturismo.net\\\/wp-content\\\/uploads\\\/2026\\\/08\\\/Leon-FIG2-1.png?fit=800%2C460&ssl=1\",\"datePublished\":\"2026-08-30T20:15:00+00:00\",\"description\":\"El Festival Internacional del Globo Le\u00f3n 2026 reunir\u00e1 m\u00e1s de 200 globos aerost\u00e1ticos, pilotos de 25 pa\u00edses y 350 mil visitantes. El evento proyecta una derrama econ\u00f3mica de 900 millones de pesos y fortalecer\u00e1 el turismo de la ciudad.\",\"breadcrumb\":{\"@id\":\"https:\\\/\\\/azturismo.net\\\/?p=7747#breadcrumb\"},\"inLanguage\":\"es\",\"potentialAction\":[{\"@type\":\"ReadAction\",\"target\":[\"https:\\\/\\\/azturismo.net\\\/?p=7747\"]}]},{\"@type\":\"ImageObject\",\"inLanguage\":\"es\",\"@id\":\"https:\\\/\\\/azturismo.net\\\/?p=7747#primaryimage\",\"url\":\"https:\\\/\\\/i0.wp.com\\\/azturismo.net\\\/wp-content\\\/uploads\\\/2026\\\/08\\\/Leon-FIG2-1.png?fit=800%2C460&ssl=1\",\"contentUrl\":\"https:\\\/\\\/i0.wp.com\\\/azturismo.net\\\/wp-content\\\/uploads\\\/2026\\\/08\\\/Leon-FIG2-1.png?fit=800%2C460&ssl=1\",\"width\":800,\"height\":460},{\"@type\":\"BreadcrumbList\",\"@id\":\"https:\\\/\\\/azturismo.net\\\/?p=7747#breadcrumb\",\"itemListElement\":[{\"@type\":\"ListItem\",\"position\":1,\"name\":\"Home\",\"item\":\"https:\\\/\\\/azturismo.net\\\/\"},{\"@type\":\"ListItem\",\"position\":2,\"name\":\"El cielo de le\u00f3n se llenar\u00e1 de color con 200 globos\"}]},{\"@type\":\"WebSite\",\"@id\":\"https:\\\/\\\/azturismo.net\\\/#website\",\"url\":\"https:\\\/\\\/azturismo.net\\\/\",\"name\":\"Azturismo\",\"description\":\"Azturismo Noticias\",\"publisher\":{\"@id\":\"https:\\\/\\\/azturismo.net\\\/#organization\"},\"potentialAction\":[{\"@type\":\"SearchAction\",\"target\":{\"@type\":\"EntryPoint\",\"urlTemplate\":\"https:\\\/\\\/azturismo.net\\\/?s={search_term_string}\"},\"query-input\":{\"@type\":\"PropertyValueSpecification\",\"valueRequired\":true,\"valueName\":\"search_term_string\"}}],\"inLanguage\":\"es\"},{\"@type\":\"Organization\",\"@id\":\"https:\\\/\\\/azturismo.net\\\/#organization\",\"name\":\"Azturismo\",\"url\":\"https:\\\/\\\/azturismo.net\\\/\",\"logo\":{\"@type\":\"ImageObject\",\"inLanguage\":\"es\",\"@id\":\"https:\\\/\\\/azturismo.net\\\/#\\\/schema\\\/logo\\\/image\\\/\",\"url\":\"https:\\\/\\\/i0.wp.com\\\/azturismo.net\\\/wp-content\\\/uploads\\\/2024\\\/03\\\/logo-el-bueno-.png?fit=294%2C69&ssl=1\",\"contentUrl\":\"https:\\\/\\\/i0.wp.com\\\/azturismo.net\\\/wp-content\\\/uploads\\\/2024\\\/03\\\/logo-el-bueno-.png?fit=294%2C69&ssl=1\",\"width\":294,\"height\":69,\"caption\":\"Azturismo\"},\"image\":{\"@id\":\"https:\\\/\\\/azturismo.net\\\/#\\\/schema\\\/logo\\\/image\\\/\"},\"sameAs\":[\"https:\\\/\\\/www.facebook.com\\\/AzturismoNoticias\",\"https:\\\/\\\/x.com\\\/AzTurismo\",\"https:\\\/\\\/www.instagram.com\\\/azturismo_noticias\\\/?fbclid=IwAR2xMiuoHbs6eLeIHKP8P5sSGa-xFrw7FfejscXO7kDghWa7wKLjGczKOwE\",\"https:\\\/\\\/www.tiktok.com\\\/@azturismo\"]},{\"@type\":\"Person\",\"@id\":\"https:\\\/\\\/azturismo.net\\\/#\\\/schema\\\/person\\\/4b56d87f51c4d1b518c650739ad3bbc1\",\"name\":\"Azturismo\",\"image\":{\"@type\":\"ImageObject\",\"inLanguage\":\"es\",\"@id\":\"https:\\\/\\\/azturismo.net\\\/wp-content\\\/litespeed\\\/avatar\\\/dfe28a31cdd68b788da48a316e50db10.jpg?ver=1787992733\",\"url\":\"https:\\\/\\\/azturismo.net\\\/wp-content\\\/litespeed\\\/avatar\\\/dfe28a31cdd68b788da48a316e50db10.jpg?ver=1787992733\",\"contentUrl\":\"https:\\\/\\\/azturismo.net\\\/wp-content\\\/litespeed\\\/avatar\\\/dfe28a31cdd68b788da48a316e50db10.jpg?ver=1787992733\",\"caption\":\"Azturismo\"},\"sameAs\":[\"https:\\\/\\\/azturismo.net\"],\"url\":\"https:\\\/\\\/azturismo.net\\\/?author=1\"}]}<\/script>\n<!-- \/ Yoast SEO plugin. -->","yoast_head_json":{"title":"El cielo de le\u00f3n se llenar\u00e1 de color con 200 globos - Azturismo Noticias","description":"El Festival Internacional del Globo Le\u00f3n 2026 reunir\u00e1 m\u00e1s de 200 globos aerost\u00e1ticos, pilotos de 25 pa\u00edses y 350 mil visitantes. El evento proyecta una derrama econ\u00f3mica de 900 millones de pesos y fortalecer\u00e1 el turismo de la ciudad.","robots":{"index":"index","follow":"follow","max-snippet":"max-snippet:-1","max-image-preview":"max-image-preview:large","max-video-preview":"max-video-preview:-1"},"canonical":"https:\/\/azturismo.net\/?p=7747","og_locale":"es_MX","og_type":"article","og_title":"El cielo de le\u00f3n se llenar\u00e1 de color con 200 globos - Azturismo Noticias","og_description":"El Festival Internacional del Globo Le\u00f3n 2026 reunir\u00e1 m\u00e1s de 200 globos aerost\u00e1ticos, pilotos de 25 pa\u00edses y 350 mil visitantes. El evento proyecta una derrama econ\u00f3mica de 900 millones de pesos y fortalecer\u00e1 el turismo de la ciudad.","og_url":"https:\/\/azturismo.net\/?p=7747","og_site_name":"Azturismo Noticias","article_publisher":"https:\/\/www.facebook.com\/AzturismoNoticias","article_published_time":"2026-08-30T20:15:00+00:00","og_image":[{"width":800,"height":460,"url":"https:\/\/i0.wp.com\/azturismo.net\/wp-content\/uploads\/2026\/08\/Leon-FIG2-1.png?fit=800%2C460&ssl=1","type":"image\/png"}],"author":"Azturismo","twitter_card":"summary_large_image","twitter_creator":"@AzTurismo","twitter_site":"@AzTurismo","twitter_misc":{"Escrito por":"Azturismo","Tiempo de lectura":"5 minutos"},"schema":{"@context":"https:\/\/schema.org","@graph":[{"@type":"Article","@id":"https:\/\/azturismo.net\/?p=7747#article","isPartOf":{"@id":"https:\/\/azturismo.net\/?p=7747"},"author":{"name":"Azturismo","@id":"https:\/\/azturismo.net\/#\/schema\/person\/4b56d87f51c4d1b518c650739ad3bbc1"},"headline":"El cielo de le\u00f3n se llenar\u00e1 de color con 200 globos","datePublished":"2026-08-30T20:15:00+00:00","mainEntityOfPage":{"@id":"https:\/\/azturismo.net\/?p=7747"},"wordCount":608,"commentCount":0,"publisher":{"@id":"https:\/\/azturismo.net\/#organization"},"image":{"@id":"https:\/\/azturismo.net\/?p=7747#primaryimage"},"thumbnailUrl":"https:\/\/i0.wp.com\/azturismo.net\/wp-content\/uploads\/2026\/08\/Leon-FIG2-1.png?fit=800%2C460&ssl=1","keywords":["Ale Guti\u00e9rrez","azturismo","festivales noviembre","FIG Le\u00f3n 2026","presidenta municipal"],"articleSection":["Destacadas","NOTITUR"],"inLanguage":"es","potentialAction":[{"@type":"CommentAction","name":"Comment","target":["https:\/\/azturismo.net\/?p=7747#respond"]}]},{"@type":"WebPage","@id":"https:\/\/azturismo.net\/?p=7747","url":"https:\/\/azturismo.net\/?p=7747","name":"El cielo de le\u00f3n se llenar\u00e1 de color con 200 globos - Azturismo Noticias","isPartOf":{"@id":"https:\/\/azturismo.net\/#website"},"primaryImageOfPage":{"@id":"https:\/\/azturismo.net\/?p=7747#primaryimage"},"image":{"@id":"https:\/\/azturismo.net\/?p=7747#primaryimage"},"thumbnailUrl":"https:\/\/i0.wp.com\/azturismo.net\/wp-content\/uploads\/2026\/08\/Leon-FIG2-1.png?fit=800%2C460&ssl=1","datePublished":"2026-08-30T20:15:00+00:00","description":"El Festival Internacional del Globo Le\u00f3n 2026 reunir\u00e1 m\u00e1s de 200 globos aerost\u00e1ticos, pilotos de 25 pa\u00edses y 350 mil visitantes. El evento proyecta una derrama econ\u00f3mica de 900 millones de pesos y fortalecer\u00e1 el turismo de la ciudad.","breadcrumb":{"@id":"https:\/\/azturismo.net\/?p=7747#breadcrumb"},"inLanguage":"es","potentialAction":[{"@type":"ReadAction","target":["https:\/\/azturismo.net\/?p=7747"]}]},{"@type":"ImageObject","inLanguage":"es","@id":"https:\/\/azturismo.net\/?p=7747#primaryimage","url":"https:\/\/i0.wp.com\/azturismo.net\/wp-content\/uploads\/2026\/08\/Leon-FIG2-1.png?fit=800%2C460&ssl=1","contentUrl":"https:\/\/i0.wp.com\/azturismo.net\/wp-content\/uploads\/2026\/08\/Leon-FIG2-1.png?fit=800%2C460&ssl=1","width":800,"height":460},{"@type":"BreadcrumbList","@id":"https:\/\/azturismo.net\/?p=7747#breadcrumb","itemListElement":[{"@type":"ListItem","position":1,"name":"Home","item":"https:\/\/azturismo.net\/"},{"@type":"ListItem","position":2,"name":"El cielo de le\u00f3n se llenar\u00e1 de color con 200 globos"}]},{"@type":"WebSite","@id":"https:\/\/azturismo.net\/#website","url":"https:\/\/azturismo.net\/","name":"Azturismo","description":"Azturismo Noticias","publisher":{"@id":"https:\/\/azturismo.net\/#organization"},"potentialAction":[{"@type":"SearchAction","target":{"@type":"EntryPoint","urlTemplate":"https:\/\/azturismo.net\/?s={search_term_string}"},"query-input":{"@type":"PropertyValueSpecification","valueRequired":true,"valueName":"search_term_string"}}],"inLanguage":"es"},{"@type":"Organization","@id":"https:\/\/azturismo.net\/#organization","name":"Azturismo","url":"https:\/\/azturismo.net\/","logo":{"@type":"ImageObject","inLanguage":"es","@id":"https:\/\/azturismo.net\/#\/schema\/logo\/image\/","url":"https:\/\/i0.wp.com\/azturismo.net\/wp-content\/uploads\/2024\/03\/logo-el-bueno-.png?fit=294%2C69&ssl=1","contentUrl":"https:\/\/i0.wp.com\/azturismo.net\/wp-content\/uploads\/2024\/03\/logo-el-bueno-.png?fit=294%2C69&ssl=1","width":294,"height":69,"caption":"Azturismo"},"image":{"@id":"https:\/\/azturismo.net\/#\/schema\/logo\/image\/"},"sameAs":["https:\/\/www.facebook.com\/AzturismoNoticias","https:\/\/x.com\/AzTurismo","https:\/\/www.instagram.com\/azturismo_noticias\/?fbclid=IwAR2xMiuoHbs6eLeIHKP8P5sSGa-xFrw7FfejscXO7kDghWa7wKLjGczKOwE","https:\/\/www.tiktok.com\/@azturismo"]},{"@type":"Person","@id":"https:\/\/azturismo.net\/#\/schema\/person\/4b56d87f51c4d1b518c650739ad3bbc1","name":"Azturismo","image":{"@type":"ImageObject","inLanguage":"es","@id":"https:\/\/azturismo.net\/wp-content\/litespeed\/avatar\/dfe28a31cdd68b788da48a316e50db10.jpg?ver=1787992733","url":"https:\/\/azturismo.net\/wp-content\/litespeed\/avatar\/dfe28a31cdd68b788da48a316e50db10.jpg?ver=1787992733","contentUrl":"https:\/\/azturismo.net\/wp-content\/litespeed\/avatar\/dfe28a31cdd68b788da48a316e50db10.jpg?ver=1787992733","caption":"Azturismo"},"sameAs":["https:\/\/azturismo.net"],"url":"https:\/\/azturismo.net\/?author=1"}]}},"jetpack_publicize_connections":[],"jetpack_featured_media_url":"https:\/\/i0.wp.com\/azturismo.net\/wp-content\/uploads\/2026\/08\/Leon-FIG2-1.png?fit=800%2C460&ssl=1","jetpack_sharing_enabled":true,"jetpack-related-posts":[{"id":3840,"url":"https:\/\/azturismo.net\/?p=3840","url_meta":{"origin":7747,"position":0},"title":"A punto de correrse el Rally de las Naciones Guanajuato 2025 en Le\u00f3n","author":"Azturismo","date":"mayo 20, 2025","format":false,"excerpt":"La ciudad de Le\u00f3n, Guanajuato, se convertir\u00e1 nuevamente en el centro de atenci\u00f3n mundial del automovilismo deportivo al albergar la cuarta edici\u00f3n del Rally de las Naciones Guanajuato 2025, que se celebrar\u00e1 del 23 al 25 de mayo. Este prestigioso evento no solo posicionar\u00e1 a Le\u00f3n en el mapa internacional\u2026","rel":"","context":"En &quot;Destacadas&quot;","block_context":{"text":"Destacadas","link":"https:\/\/azturismo.net\/?cat=30"},"img":{"alt_text":"","src":"https:\/\/i0.wp.com\/azturismo.net\/wp-content\/uploads\/2025\/05\/rally-leon-2025-3.png?fit=600%2C339&ssl=1&resize=350%2C200","width":350,"height":200,"srcset":"https:\/\/i0.wp.com\/azturismo.net\/wp-content\/uploads\/2025\/05\/rally-leon-2025-3.png?fit=600%2C339&ssl=1&resize=350%2C200 1x, https:\/\/i0.wp.com\/azturismo.net\/wp-content\/uploads\/2025\/05\/rally-leon-2025-3.png?fit=600%2C339&ssl=1&resize=525%2C300 1.5x"},"classes":[]},{"id":6241,"url":"https:\/\/azturismo.net\/?p=6241","url_meta":{"origin":7747,"position":1},"title":"Le\u00f3n Feria del Alfe\u00f1ique Le\u00f3n 2025","author":"Azturismo","date":"octubre 31, 2025","format":false,"excerpt":"Por Staff AzTurismo La ciudad de Le\u00f3n se viste de color, tradici\u00f3n y sabor para conmemorar el 40 aniversario de la Feria del Alfe\u00f1ique, un evento emblem\u00e1tico que ya es parte del coraz\u00f3n de las familias leonesas y un im\u00e1n tur\u00edstico de primer nivel. Este 2025, la feria promete ser\u2026","rel":"","context":"En &quot;ESPECIALES 1&quot;","block_context":{"text":"ESPECIALES 1","link":"https:\/\/azturismo.net\/?cat=31"},"img":{"alt_text":"","src":"https:\/\/i0.wp.com\/azturismo.net\/wp-content\/uploads\/2025\/10\/leon-feria-alfenique5.jpg?fit=600%2C388&ssl=1&resize=350%2C200","width":350,"height":200,"srcset":"https:\/\/i0.wp.com\/azturismo.net\/wp-content\/uploads\/2025\/10\/leon-feria-alfenique5.jpg?fit=600%2C388&ssl=1&resize=350%2C200 1x, https:\/\/i0.wp.com\/azturismo.net\/wp-content\/uploads\/2025\/10\/leon-feria-alfenique5.jpg?fit=600%2C388&ssl=1&resize=525%2C300 1.5x"},"classes":[]},{"id":3433,"url":"https:\/\/azturismo.net\/?p=3433","url_meta":{"origin":7747,"position":2},"title":"Le\u00f3n, Guanajuato, epicentro de grandes eventos en el Baj\u00edo","author":"Azturismo","date":"marzo 24, 2025","format":false,"excerpt":"Por Staff Azturismo Con su destacada infraestructura de clase mundial , una vibrante oferta cultural, hotelera y gastron\u00f3mica, Le\u00f3n se posiciona como el epicentro de grandes eventos en la regi\u00f3n del Baj\u00edo, impulsando la reactivaci\u00f3n econ\u00f3mica y atrayendo a millas de visitantes nacionales e internacionales. Este a\u00f1o, la ciudad ha\u2026","rel":"","context":"En &quot;Destacadas&quot;","block_context":{"text":"Destacadas","link":"https:\/\/azturismo.net\/?cat=30"},"img":{"alt_text":"","src":"https:\/\/i0.wp.com\/azturismo.net\/wp-content\/uploads\/2025\/03\/image-14.png?fit=600%2C481&ssl=1&resize=350%2C200","width":350,"height":200,"srcset":"https:\/\/i0.wp.com\/azturismo.net\/wp-content\/uploads\/2025\/03\/image-14.png?fit=600%2C481&ssl=1&resize=350%2C200 1x, https:\/\/i0.wp.com\/azturismo.net\/wp-content\/uploads\/2025\/03\/image-14.png?fit=600%2C481&ssl=1&resize=525%2C300 1.5x"},"classes":[]},{"id":6639,"url":"https:\/\/azturismo.net\/?p=6639","url_meta":{"origin":7747,"position":3},"title":"M\u00e9xico invertir\u00e1 hasta 2 mil mdp por estado sede rumbo al Mundial 2026","author":"Azturismo","date":"noviembre 28, 2025","format":false,"excerpt":"Por Staff AzTurismo La presidenta Claudia Sheinbaum Pardo anunci\u00f3 que el Gobierno de M\u00e9xico destinar\u00e1 entre mil 500 y dos mil millones de pesos a cada una de las entidades sede del Mundial de F\u00fatbol 2026: Ciudad de M\u00e9xico, Jalisco y Nuevo Le\u00f3n. La inversi\u00f3n se entregar\u00e1 en 2025 para\u2026","rel":"","context":"En &quot;Destacadas&quot;","block_context":{"text":"Destacadas","link":"https:\/\/azturismo.net\/?cat=30"},"img":{"alt_text":"","src":"https:\/\/i0.wp.com\/azturismo.net\/wp-content\/uploads\/2025\/11\/2025-11-27-Conferencia-de-prensa-matutina-Palacio-Nacional-10-HC.jpg?fit=600%2C400&ssl=1&resize=350%2C200","width":350,"height":200,"srcset":"https:\/\/i0.wp.com\/azturismo.net\/wp-content\/uploads\/2025\/11\/2025-11-27-Conferencia-de-prensa-matutina-Palacio-Nacional-10-HC.jpg?fit=600%2C400&ssl=1&resize=350%2C200 1x, https:\/\/i0.wp.com\/azturismo.net\/wp-content\/uploads\/2025\/11\/2025-11-27-Conferencia-de-prensa-matutina-Palacio-Nacional-10-HC.jpg?fit=600%2C400&ssl=1&resize=525%2C300 1.5x"},"classes":[]},{"id":7610,"url":"https:\/\/azturismo.net\/?p=7610","url_meta":{"origin":7747,"position":4},"title":"El Mundial 2026 dej\u00f3 m\u00e1s de 10 mil millones de pesos en Nuevo Le\u00f3n","author":"Azturismo","date":"julio 27, 2026","format":false,"excerpt":"\ud83c\udfafEl torneo internacional no solo abarrot\u00f3 estadios: gener\u00f3 un salto del 390% en la econom\u00eda local, impuls\u00f3 infraestructuras \u00e9picas y consolid\u00f3 a Monterrey como la capital de los grandes eventos. Por Oscar V\u00e1zquez C. El Mundial 2026 concluy\u00f3, pero para Nuevo Le\u00f3n la verdadera victoria apenas comienza. El evento deportivo\u2026","rel":"","context":"En &quot;Destacadas&quot;","block_context":{"text":"Destacadas","link":"https:\/\/azturismo.net\/?cat=30"},"img":{"alt_text":"","src":"https:\/\/i0.wp.com\/azturismo.net\/wp-content\/uploads\/2026\/07\/20251028_09_gobernador_mundial_cdmx_02.png?fit=600%2C450&ssl=1&resize=350%2C200","width":350,"height":200,"srcset":"https:\/\/i0.wp.com\/azturismo.net\/wp-content\/uploads\/2026\/07\/20251028_09_gobernador_mundial_cdmx_02.png?fit=600%2C450&ssl=1&resize=350%2C200 1x, https:\/\/i0.wp.com\/azturismo.net\/wp-content\/uploads\/2026\/07\/20251028_09_gobernador_mundial_cdmx_02.png?fit=600%2C450&ssl=1&resize=525%2C300 1.5x"},"classes":[]},{"id":6070,"url":"https:\/\/azturismo.net\/?p=6070","url_meta":{"origin":7747,"position":5},"title":"Frankenstein de Guillermo del Toro llega a Monterrey","author":"Azturismo","date":"octubre 22, 2025","format":false,"excerpt":"Por Staff AzTurismo Los amantes del cine en Monterrey tendr\u00e1n una oportunidad \u00fanica: ver Frankenstein, la nueva pel\u00edcula de Guillermo del Toro, en pantalla grande antes de su estreno mundial en Netflix el 7 de noviembre. La Cineteca Nuevo Le\u00f3n \"Alejandra Rangel Hinojosa\" proyectar\u00e1 este filme en funciones especiales del\u2026","rel":"","context":"En &quot;TENDENCIAS&quot;","block_context":{"text":"TENDENCIAS","link":"https:\/\/azturismo.net\/?cat=28"},"img":{"alt_text":"","src":"https:\/\/i0.wp.com\/azturismo.net\/wp-content\/uploads\/2025\/10\/exhibecineteca_frankenstein_deltoro_04.png?fit=600%2C450&ssl=1&resize=350%2C200","width":350,"height":200,"srcset":"https:\/\/i0.wp.com\/azturismo.net\/wp-content\/uploads\/2025\/10\/exhibecineteca_frankenstein_deltoro_04.png?fit=600%2C450&ssl=1&resize=350%2C200 1x, https:\/\/i0.wp.com\/azturismo.net\/wp-content\/uploads\/2025\/10\/exhibecineteca_frankenstein_deltoro_04.png?fit=600%2C450&ssl=1&resize=525%2C300 1.5x"},"classes":[]}],"jetpack_shortlink":"https:\/\/wp.me\/pfqZGx-20X","amp_enabled":true,"_links":{"self":[{"href":"https:\/\/azturismo.net\/index.php?rest_route=\/wp\/v2\/posts\/7747","targetHints":{"allow":["GET"]}}],"collection":[{"href":"https:\/\/azturismo.net\/index.php?rest_route=\/wp\/v2\/posts"}],"about":[{"href":"https:\/\/azturismo.net\/index.php?rest_route=\/wp\/v2\/types\/post"}],"author":[{"embeddable":true,"href":"https:\/\/azturismo.net\/index.php?rest_route=\/wp\/v2\/users\/1"}],"replies":[{"embeddable":true,"href":"https:\/\/azturismo.net\/index.php?rest_route=%2Fwp%2Fv2%2Fcomments&post=7747"}],"version-history":[{"count":1,"href":"https:\/\/azturismo.net\/index.php?rest_route=\/wp\/v2\/posts\/7747\/revisions"}],"predecessor-version":[{"id":7761,"href":"https:\/\/azturismo.net\/index.php?rest_route=\/wp\/v2\/posts\/7747\/revisions\/7761"}],"wp:featuredmedia":[{"embeddable":true,"href":"https:\/\/azturismo.net\/index.php?rest_route=\/wp\/v2\/media\/7760"}],"wp:attachment":[{"href":"https:\/\/azturismo.net\/index.php?rest_route=%2Fwp%2Fv2%2Fmedia&parent=7747"}],"wp:term":[{"taxonomy":"category","embeddable":true,"href":"https:\/\/azturismo.net\/index.php?rest_route=%2Fwp%2Fv2%2Fcategories&post=7747"},{"taxonomy":"post_tag","embeddable":true,"href":"https:\/\/azturismo.net\/index.php?rest_route=%2Fwp%2Fv2%2Ftags&post=7747"}],"curies":[{"name":"wp","href":"https:\/\/api.w.org\/{rel}","templated":true}]}}