{"id":6538,"date":"2025-11-19T20:10:25","date_gmt":"2025-11-20T02:10:25","guid":{"rendered":"https:\/\/azturismo.net\/?p=6538"},"modified":"2025-11-19T21:09:17","modified_gmt":"2025-11-20T03:09:17","slug":"extranjeros-gastan-mas-durante-la-f1-en-cdmx","status":"publish","type":"post","link":"https:\/\/azturismo.net\/?p=6538","title":{"rendered":"Extranjeros gastan m\u00e1s durante la F1 en CDMX"},"content":{"rendered":"\n<p>Por Oscar V\u00e1zquez C.<\/p>\n\n\n\n<p>La Ciudad de M\u00e9xico volvi\u00f3 a vibrar con el rugido de los motores, el esp\u00edritu de la competencia y miles de aficionados que, m\u00e1s all\u00e1 de disfrutar de la F\u00f3rmula 1, dejaron una derrama econ\u00f3mica que super\u00f3 las cifras del a\u00f1o pasado. Seg\u00fan un an\u00e1lisis de <strong>Visa Consulting &amp; Analytics<\/strong>, el <strong>gasto de visitantes extranjeros durante la F1 en CDMX creci\u00f3 cerca de 10%<\/strong>, una muestra clara de c\u00f3mo el turismo deportivo contin\u00faa impulsando el crecimiento econ\u00f3mico de la capital mexicana.<\/p>\n\n\n\n<p>La secretaria de Turismo del Gobierno de M\u00e9xico, <strong>Josefina Rodr\u00edguez Zamora<\/strong>, celebr\u00f3 estos resultados asegurando que reflejan la consolidaci\u00f3n del turismo como \u201c<strong>motor de bienestar y desarrollo<\/strong>\u201d para las econom\u00edas locales. Para la funcionaria, eventos de talla internacional como la F\u00f3rmula 1 no solo elevan la ocupaci\u00f3n hotelera y el consumo, sino que tambi\u00e9n fortalecen la identidad, el orgullo y la hospitalidad mexicana frente al mundo.<\/p>\n\n\n\n<h3 class=\"wp-block-heading\"><strong>Sudam\u00e9rica: protagonista del consumo en la F1<\/strong><\/h3>\n\n\n\n<p>El an\u00e1lisis revel\u00f3 que los turistas procedentes de <strong>Colombia, Argentina y Chile fueron quienes m\u00e1s gastaron durante la semana del evento<\/strong>, aumentando su consumo alrededor de 20% respecto al a\u00f1o anterior.<\/p>\n\n\n<div class=\"wp-block-image\">\n<figure class=\"aligncenter size-full is-resized\"><img data-recalc-dims=\"1\" loading=\"lazy\" decoding=\"async\" width=\"600\" height=\"399\" data-attachment-id=\"6540\" data-permalink=\"https:\/\/azturismo.net\/?attachment_id=6540\" data-orig-file=\"https:\/\/i0.wp.com\/azturismo.net\/wp-content\/uploads\/2025\/11\/Sectur-gasto-F1-.jpg?fit=600%2C399&amp;ssl=1\" data-orig-size=\"600,399\" data-comments-opened=\"1\" data-image-meta=\"{&quot;aperture&quot;:&quot;0&quot;,&quot;credit&quot;:&quot;&quot;,&quot;camera&quot;:&quot;&quot;,&quot;caption&quot;:&quot;&quot;,&quot;created_timestamp&quot;:&quot;0&quot;,&quot;copyright&quot;:&quot;&quot;,&quot;focal_length&quot;:&quot;0&quot;,&quot;iso&quot;:&quot;0&quot;,&quot;shutter_speed&quot;:&quot;0&quot;,&quot;title&quot;:&quot;&quot;,&quot;orientation&quot;:&quot;1&quot;}\" data-image-title=\"Sectur-gasto-F1-\" data-image-description=\"\" data-image-caption=\"\" data-large-file=\"https:\/\/i0.wp.com\/azturismo.net\/wp-content\/uploads\/2025\/11\/Sectur-gasto-F1-.jpg?fit=600%2C399&amp;ssl=1\" src=\"https:\/\/i0.wp.com\/azturismo.net\/wp-content\/uploads\/2025\/11\/Sectur-gasto-F1-.jpg?resize=600%2C399&#038;ssl=1\" alt=\"\" class=\"wp-image-6540\" style=\"width:928px;height:auto\" srcset=\"https:\/\/i0.wp.com\/azturismo.net\/wp-content\/uploads\/2025\/11\/Sectur-gasto-F1-.jpg?w=600&amp;ssl=1 600w, https:\/\/i0.wp.com\/azturismo.net\/wp-content\/uploads\/2025\/11\/Sectur-gasto-F1-.jpg?resize=300%2C200&amp;ssl=1 300w, https:\/\/i0.wp.com\/azturismo.net\/wp-content\/uploads\/2025\/11\/Sectur-gasto-F1-.jpg?resize=150%2C100&amp;ssl=1 150w\" sizes=\"auto, (max-width: 600px) 100vw, 600px\" \/><\/figure><\/div>\n\n\n<p>Pero el dato que rob\u00f3 c\u00e1mara fue el desempe\u00f1o de los visitantes argentinos, cuyo gasto <strong>creci\u00f3 cerca de 130% en comparaci\u00f3n con la F1 del a\u00f1o previo<\/strong>, posicion\u00e1ndolos como el grupo que m\u00e1s increment\u00f3 su derrama econ\u00f3mica en esta edici\u00f3n.<\/p>\n\n\n\n<h3 class=\"wp-block-heading\"><strong>Pago digital, el nuevo protagonista del turismo<\/strong><\/h3>\n\n\n\n<p>El reporte tambi\u00e9n mostr\u00f3 cambios interesantes en los h\u00e1bitos de pago de los visitantes:<\/p>\n\n\n\n<ul class=\"wp-block-list\">\n<li>El gasto con <strong>tarjetas de cr\u00e9dito Visa aument\u00f3 cerca de 10%<\/strong>.<\/li>\n\n\n\n<li>El gasto con <strong>tarjetas de d\u00e9bito Visa creci\u00f3 alrededor de 15%<\/strong>.<\/li>\n\n\n\n<li>Las categor\u00edas m\u00e1s relevantes fueron <strong>aerol\u00edneas, restaurantes y hospedaje<\/strong>, todas con incrementos cercanos al 15%.<\/li>\n\n\n\n<li>Y un dato clave para el futuro: el <strong>uso de pagos sin contacto creci\u00f3 alrededor de 45%<\/strong>, en comparaci\u00f3n con el 2024.<\/li>\n<\/ul>\n\n\n\n<p>Estas cifras no solo hablan de turistas con mayor capacidad de gasto, sino tambi\u00e9n de una experiencia m\u00e1s fluida y moderna, alineada con los cambios globales en la industria de pagos.<\/p>\n\n\n\n<h3 class=\"wp-block-heading\"><strong>Estrategia conjunta para un turismo m\u00e1s competitivo<\/strong><\/h3>\n\n\n\n<p>El director general de Visa M\u00e9xico, <strong>Francisco Valdivia<\/strong>, destac\u00f3 la importancia de la colaboraci\u00f3n que la empresa mantiene con la Secretar\u00eda de Turismo, ya que permite entender mejor el impacto real de los grandes eventos en la econom\u00eda de las ciudades y dise\u00f1ar estrategias que ampl\u00eden los beneficios a m\u00e1s personas.<\/p>\n\n\n\n<p>Ambas instituciones impulsan una estrategia para acelerar la adopci\u00f3n de pagos digitales en el sector tur\u00edstico, con el objetivo de <strong>brindar a los visitantes un entorno confiable, r\u00e1pido y seguro<\/strong>, generando desarrollo regional y aline\u00e1ndose con las prioridades del <strong>Plan M\u00e9xico<\/strong>.<\/p>\n\n\n\n<h3 class=\"wp-block-heading\"><strong>Un pa\u00eds que sigue ganando en la pista del turismo<\/strong><\/h3>\n\n\n\n<p>El estudio compar\u00f3 el comportamiento de consumo entre la semana de la F1 2025 (20 al 26 de octubre) y el mismo periodo de 2024, as\u00ed como la semana previa al evento. En todos los cortes, el incremento fue evidente, confirmando que la F1 sigue siendo <strong>uno de los motores econ\u00f3micos m\u00e1s fuertes del turismo en M\u00e9xico<\/strong>.<\/p>\n\n\n\n<p>La combinaci\u00f3n de infraestructura, colaboraci\u00f3n p\u00fablico-privada y la potencia de los eventos internacionales sigue consolidando a M\u00e9xico como <strong>uno de los destinos tur\u00edsticos m\u00e1s competitivos del mundo<\/strong>, demostrando que cuando el pa\u00eds se viste de Gran Premio, tambi\u00e9n acelera su econom\u00eda.<\/p>\n","protected":false},"excerpt":{"rendered":"<p>Por Oscar V\u00e1zquez C. La Ciudad de M\u00e9xico volvi\u00f3 a vibrar con el rugido de los motores, el esp\u00edritu de la competencia y miles de aficionados que, m\u00e1s all\u00e1 de disfrutar de la F\u00f3rmula 1, dejaron una derrama econ\u00f3mica que super\u00f3 las cifras del a\u00f1o pasado. Seg\u00fan un an\u00e1lisis de Visa Consulting &amp; Analytics, el [&hellip;]<\/p>\n","protected":false},"author":1,"featured_media":6539,"comment_status":"open","ping_status":"open","sticky":false,"template":"","format":"standard","meta":{"jetpack_post_was_ever_published":false,"_jetpack_newsletter_access":"","_jetpack_dont_email_post_to_subs":false,"_jetpack_newsletter_tier_id":0,"_jetpack_memberships_contains_paywalled_content":false,"_jetpack_memberships_contains_paid_content":false,"footnotes":"","jetpack_publicize_message":"","jetpack_publicize_feature_enabled":true,"jetpack_social_post_already_shared":true,"jetpack_social_options":{"image_generator_settings":{"template":"highway","default_image_id":0,"font":"","enabled":false},"version":2}},"categories":[30,29],"tags":[99,82,3189,3186,3187,3188,313,116,3185],"class_list":{"0":"post-6538","1":"post","2":"type-post","3":"status-publish","4":"format-standard","5":"has-post-thumbnail","7":"category-e","8":"category-nacionales","9":"tag-azturismo","10":"tag-cdmx","11":"tag-director-general-de-visa-mexico","12":"tag-f1-mexico","13":"tag-formula-1-2","14":"tag-francisco-valdivia","15":"tag-josefina-rodriguez-zamora","16":"tag-sectur","17":"tag-visa-consulting-analytics"},"yoast_head":"<!-- This site is optimized with the Yoast SEO plugin v27.5 - https:\/\/yoast.com\/product\/yoast-seo-wordpress\/ -->\n<title>Extranjeros gastan m\u00e1s durante la F1 en CDMX - Azturismo Noticias<\/title>\n<meta name=\"description\" content=\"El Gran Premio de M\u00e9xico 2025 dispar\u00f3 el gasto tur\u00edstico de extranjeros en CDMX. Un an\u00e1lisis de Visa revela un crecimiento cercano al 10%, impulsado especialmente por visitantes de Sudam\u00e9rica. Descubre c\u00f3mo la F1 refuerza el turismo y la econom\u00eda local.\" \/>\n<meta name=\"robots\" content=\"index, follow, max-snippet:-1, max-image-preview:large, max-video-preview:-1\" \/>\n<link rel=\"canonical\" href=\"https:\/\/azturismo.net\/?p=6538\" \/>\n<meta property=\"og:locale\" content=\"es_MX\" \/>\n<meta property=\"og:type\" content=\"article\" \/>\n<meta property=\"og:title\" content=\"Extranjeros gastan m\u00e1s durante la F1 en CDMX - Azturismo Noticias\" \/>\n<meta property=\"og:description\" content=\"El Gran Premio de M\u00e9xico 2025 dispar\u00f3 el gasto tur\u00edstico de extranjeros en CDMX. Un an\u00e1lisis de Visa revela un crecimiento cercano al 10%, impulsado especialmente por visitantes de Sudam\u00e9rica. Descubre c\u00f3mo la F1 refuerza el turismo y la econom\u00eda local.\" \/>\n<meta property=\"og:url\" content=\"https:\/\/azturismo.net\/?p=6538\" \/>\n<meta property=\"og:site_name\" content=\"Azturismo Noticias\" \/>\n<meta property=\"article:publisher\" content=\"https:\/\/www.facebook.com\/AzturismoNoticias\" \/>\n<meta property=\"article:published_time\" content=\"2025-11-20T02:10:25+00:00\" \/>\n<meta property=\"article:modified_time\" content=\"2025-11-20T03:09:17+00:00\" \/>\n<meta property=\"og:image\" content=\"https:\/\/azturismo.net\/wp-content\/uploads\/2025\/11\/Sectur-gasto-F1.jpg\" \/>\n\t<meta property=\"og:image:width\" content=\"600\" \/>\n\t<meta property=\"og:image:height\" content=\"400\" \/>\n\t<meta property=\"og:image:type\" content=\"image\/jpeg\" \/>\n<meta name=\"author\" content=\"Azturismo\" \/>\n<meta name=\"twitter:card\" content=\"summary_large_image\" \/>\n<meta name=\"twitter:creator\" content=\"@AzTurismo\" \/>\n<meta name=\"twitter:site\" content=\"@AzTurismo\" \/>\n<meta name=\"twitter:label1\" content=\"Escrito por\" \/>\n\t<meta name=\"twitter:data1\" content=\"Azturismo\" \/>\n\t<meta name=\"twitter:label2\" content=\"Tiempo de lectura\" \/>\n\t<meta name=\"twitter:data2\" content=\"3 minutos\" \/>\n<script type=\"application\/ld+json\" class=\"yoast-schema-graph\">{\"@context\":\"https:\\\/\\\/schema.org\",\"@graph\":[{\"@type\":\"Article\",\"@id\":\"https:\\\/\\\/azturismo.net\\\/?p=6538#article\",\"isPartOf\":{\"@id\":\"https:\\\/\\\/azturismo.net\\\/?p=6538\"},\"author\":{\"name\":\"Azturismo\",\"@id\":\"https:\\\/\\\/azturismo.net\\\/#\\\/schema\\\/person\\\/4b56d87f51c4d1b518c650739ad3bbc1\"},\"headline\":\"Extranjeros gastan m\u00e1s durante la F1 en CDMX\",\"datePublished\":\"2025-11-20T02:10:25+00:00\",\"dateModified\":\"2025-11-20T03:09:17+00:00\",\"mainEntityOfPage\":{\"@id\":\"https:\\\/\\\/azturismo.net\\\/?p=6538\"},\"wordCount\":609,\"commentCount\":0,\"publisher\":{\"@id\":\"https:\\\/\\\/azturismo.net\\\/#organization\"},\"image\":{\"@id\":\"https:\\\/\\\/azturismo.net\\\/?p=6538#primaryimage\"},\"thumbnailUrl\":\"https:\\\/\\\/i0.wp.com\\\/azturismo.net\\\/wp-content\\\/uploads\\\/2025\\\/11\\\/Sectur-gasto-F1.jpg?fit=600%2C400&ssl=1\",\"keywords\":[\"azturismo\",\"cdmx\",\"director general de Visa M\u00e9xico\",\"F1 Mexico\",\"Formula 1\",\"Francisco Valdivia\",\"Josefina Rodr\u00edguez Zamora\",\"Sectur\",\"Visa Consulting &amp; Analytics\"],\"articleSection\":[\"Destacadas\",\"NACIONALES\"],\"inLanguage\":\"es\",\"potentialAction\":[{\"@type\":\"CommentAction\",\"name\":\"Comment\",\"target\":[\"https:\\\/\\\/azturismo.net\\\/?p=6538#respond\"]}]},{\"@type\":\"WebPage\",\"@id\":\"https:\\\/\\\/azturismo.net\\\/?p=6538\",\"url\":\"https:\\\/\\\/azturismo.net\\\/?p=6538\",\"name\":\"Extranjeros gastan m\u00e1s durante la F1 en CDMX - Azturismo Noticias\",\"isPartOf\":{\"@id\":\"https:\\\/\\\/azturismo.net\\\/#website\"},\"primaryImageOfPage\":{\"@id\":\"https:\\\/\\\/azturismo.net\\\/?p=6538#primaryimage\"},\"image\":{\"@id\":\"https:\\\/\\\/azturismo.net\\\/?p=6538#primaryimage\"},\"thumbnailUrl\":\"https:\\\/\\\/i0.wp.com\\\/azturismo.net\\\/wp-content\\\/uploads\\\/2025\\\/11\\\/Sectur-gasto-F1.jpg?fit=600%2C400&ssl=1\",\"datePublished\":\"2025-11-20T02:10:25+00:00\",\"dateModified\":\"2025-11-20T03:09:17+00:00\",\"description\":\"El Gran Premio de M\u00e9xico 2025 dispar\u00f3 el gasto tur\u00edstico de extranjeros en CDMX. Un an\u00e1lisis de Visa revela un crecimiento cercano al 10%, impulsado especialmente por visitantes de Sudam\u00e9rica. Descubre c\u00f3mo la F1 refuerza el turismo y la econom\u00eda local.\",\"breadcrumb\":{\"@id\":\"https:\\\/\\\/azturismo.net\\\/?p=6538#breadcrumb\"},\"inLanguage\":\"es\",\"potentialAction\":[{\"@type\":\"ReadAction\",\"target\":[\"https:\\\/\\\/azturismo.net\\\/?p=6538\"]}]},{\"@type\":\"ImageObject\",\"inLanguage\":\"es\",\"@id\":\"https:\\\/\\\/azturismo.net\\\/?p=6538#primaryimage\",\"url\":\"https:\\\/\\\/i0.wp.com\\\/azturismo.net\\\/wp-content\\\/uploads\\\/2025\\\/11\\\/Sectur-gasto-F1.jpg?fit=600%2C400&ssl=1\",\"contentUrl\":\"https:\\\/\\\/i0.wp.com\\\/azturismo.net\\\/wp-content\\\/uploads\\\/2025\\\/11\\\/Sectur-gasto-F1.jpg?fit=600%2C400&ssl=1\",\"width\":600,\"height\":400},{\"@type\":\"BreadcrumbList\",\"@id\":\"https:\\\/\\\/azturismo.net\\\/?p=6538#breadcrumb\",\"itemListElement\":[{\"@type\":\"ListItem\",\"position\":1,\"name\":\"Home\",\"item\":\"https:\\\/\\\/azturismo.net\\\/\"},{\"@type\":\"ListItem\",\"position\":2,\"name\":\"Extranjeros gastan m\u00e1s durante la F1 en CDMX\"}]},{\"@type\":\"WebSite\",\"@id\":\"https:\\\/\\\/azturismo.net\\\/#website\",\"url\":\"https:\\\/\\\/azturismo.net\\\/\",\"name\":\"Azturismo\",\"description\":\"Azturismo Noticias\",\"publisher\":{\"@id\":\"https:\\\/\\\/azturismo.net\\\/#organization\"},\"potentialAction\":[{\"@type\":\"SearchAction\",\"target\":{\"@type\":\"EntryPoint\",\"urlTemplate\":\"https:\\\/\\\/azturismo.net\\\/?s={search_term_string}\"},\"query-input\":{\"@type\":\"PropertyValueSpecification\",\"valueRequired\":true,\"valueName\":\"search_term_string\"}}],\"inLanguage\":\"es\"},{\"@type\":\"Organization\",\"@id\":\"https:\\\/\\\/azturismo.net\\\/#organization\",\"name\":\"Azturismo\",\"url\":\"https:\\\/\\\/azturismo.net\\\/\",\"logo\":{\"@type\":\"ImageObject\",\"inLanguage\":\"es\",\"@id\":\"https:\\\/\\\/azturismo.net\\\/#\\\/schema\\\/logo\\\/image\\\/\",\"url\":\"https:\\\/\\\/i0.wp.com\\\/azturismo.net\\\/wp-content\\\/uploads\\\/2024\\\/03\\\/logo-el-bueno-.png?fit=294%2C69&ssl=1\",\"contentUrl\":\"https:\\\/\\\/i0.wp.com\\\/azturismo.net\\\/wp-content\\\/uploads\\\/2024\\\/03\\\/logo-el-bueno-.png?fit=294%2C69&ssl=1\",\"width\":294,\"height\":69,\"caption\":\"Azturismo\"},\"image\":{\"@id\":\"https:\\\/\\\/azturismo.net\\\/#\\\/schema\\\/logo\\\/image\\\/\"},\"sameAs\":[\"https:\\\/\\\/www.facebook.com\\\/AzturismoNoticias\",\"https:\\\/\\\/x.com\\\/AzTurismo\",\"https:\\\/\\\/www.instagram.com\\\/azturismo_noticias\\\/?fbclid=IwAR2xMiuoHbs6eLeIHKP8P5sSGa-xFrw7FfejscXO7kDghWa7wKLjGczKOwE\",\"https:\\\/\\\/www.tiktok.com\\\/@azturismo\"]},{\"@type\":\"Person\",\"@id\":\"https:\\\/\\\/azturismo.net\\\/#\\\/schema\\\/person\\\/4b56d87f51c4d1b518c650739ad3bbc1\",\"name\":\"Azturismo\",\"image\":{\"@type\":\"ImageObject\",\"inLanguage\":\"es\",\"@id\":\"https:\\\/\\\/azturismo.net\\\/wp-content\\\/litespeed\\\/avatar\\\/dfe28a31cdd68b788da48a316e50db10.jpg?ver=1777707566\",\"url\":\"https:\\\/\\\/azturismo.net\\\/wp-content\\\/litespeed\\\/avatar\\\/dfe28a31cdd68b788da48a316e50db10.jpg?ver=1777707566\",\"contentUrl\":\"https:\\\/\\\/azturismo.net\\\/wp-content\\\/litespeed\\\/avatar\\\/dfe28a31cdd68b788da48a316e50db10.jpg?ver=1777707566\",\"caption\":\"Azturismo\"},\"sameAs\":[\"https:\\\/\\\/azturismo.net\"],\"url\":\"https:\\\/\\\/azturismo.net\\\/?author=1\"}]}<\/script>\n<!-- \/ Yoast SEO plugin. -->","yoast_head_json":{"title":"Extranjeros gastan m\u00e1s durante la F1 en CDMX - Azturismo Noticias","description":"El Gran Premio de M\u00e9xico 2025 dispar\u00f3 el gasto tur\u00edstico de extranjeros en CDMX. Un an\u00e1lisis de Visa revela un crecimiento cercano al 10%, impulsado especialmente por visitantes de Sudam\u00e9rica. Descubre c\u00f3mo la F1 refuerza el turismo y la econom\u00eda local.","robots":{"index":"index","follow":"follow","max-snippet":"max-snippet:-1","max-image-preview":"max-image-preview:large","max-video-preview":"max-video-preview:-1"},"canonical":"https:\/\/azturismo.net\/?p=6538","og_locale":"es_MX","og_type":"article","og_title":"Extranjeros gastan m\u00e1s durante la F1 en CDMX - Azturismo Noticias","og_description":"El Gran Premio de M\u00e9xico 2025 dispar\u00f3 el gasto tur\u00edstico de extranjeros en CDMX. Un an\u00e1lisis de Visa revela un crecimiento cercano al 10%, impulsado especialmente por visitantes de Sudam\u00e9rica. Descubre c\u00f3mo la F1 refuerza el turismo y la econom\u00eda local.","og_url":"https:\/\/azturismo.net\/?p=6538","og_site_name":"Azturismo Noticias","article_publisher":"https:\/\/www.facebook.com\/AzturismoNoticias","article_published_time":"2025-11-20T02:10:25+00:00","article_modified_time":"2025-11-20T03:09:17+00:00","og_image":[{"width":600,"height":400,"url":"https:\/\/azturismo.net\/wp-content\/uploads\/2025\/11\/Sectur-gasto-F1.jpg","type":"image\/jpeg"}],"author":"Azturismo","twitter_card":"summary_large_image","twitter_creator":"@AzTurismo","twitter_site":"@AzTurismo","twitter_misc":{"Escrito por":"Azturismo","Tiempo de lectura":"3 minutos"},"schema":{"@context":"https:\/\/schema.org","@graph":[{"@type":"Article","@id":"https:\/\/azturismo.net\/?p=6538#article","isPartOf":{"@id":"https:\/\/azturismo.net\/?p=6538"},"author":{"name":"Azturismo","@id":"https:\/\/azturismo.net\/#\/schema\/person\/4b56d87f51c4d1b518c650739ad3bbc1"},"headline":"Extranjeros gastan m\u00e1s durante la F1 en CDMX","datePublished":"2025-11-20T02:10:25+00:00","dateModified":"2025-11-20T03:09:17+00:00","mainEntityOfPage":{"@id":"https:\/\/azturismo.net\/?p=6538"},"wordCount":609,"commentCount":0,"publisher":{"@id":"https:\/\/azturismo.net\/#organization"},"image":{"@id":"https:\/\/azturismo.net\/?p=6538#primaryimage"},"thumbnailUrl":"https:\/\/i0.wp.com\/azturismo.net\/wp-content\/uploads\/2025\/11\/Sectur-gasto-F1.jpg?fit=600%2C400&ssl=1","keywords":["azturismo","cdmx","director general de Visa M\u00e9xico","F1 Mexico","Formula 1","Francisco Valdivia","Josefina Rodr\u00edguez Zamora","Sectur","Visa Consulting &amp; Analytics"],"articleSection":["Destacadas","NACIONALES"],"inLanguage":"es","potentialAction":[{"@type":"CommentAction","name":"Comment","target":["https:\/\/azturismo.net\/?p=6538#respond"]}]},{"@type":"WebPage","@id":"https:\/\/azturismo.net\/?p=6538","url":"https:\/\/azturismo.net\/?p=6538","name":"Extranjeros gastan m\u00e1s durante la F1 en CDMX - Azturismo Noticias","isPartOf":{"@id":"https:\/\/azturismo.net\/#website"},"primaryImageOfPage":{"@id":"https:\/\/azturismo.net\/?p=6538#primaryimage"},"image":{"@id":"https:\/\/azturismo.net\/?p=6538#primaryimage"},"thumbnailUrl":"https:\/\/i0.wp.com\/azturismo.net\/wp-content\/uploads\/2025\/11\/Sectur-gasto-F1.jpg?fit=600%2C400&ssl=1","datePublished":"2025-11-20T02:10:25+00:00","dateModified":"2025-11-20T03:09:17+00:00","description":"El Gran Premio de M\u00e9xico 2025 dispar\u00f3 el gasto tur\u00edstico de extranjeros en CDMX. Un an\u00e1lisis de Visa revela un crecimiento cercano al 10%, impulsado especialmente por visitantes de Sudam\u00e9rica. Descubre c\u00f3mo la F1 refuerza el turismo y la econom\u00eda local.","breadcrumb":{"@id":"https:\/\/azturismo.net\/?p=6538#breadcrumb"},"inLanguage":"es","potentialAction":[{"@type":"ReadAction","target":["https:\/\/azturismo.net\/?p=6538"]}]},{"@type":"ImageObject","inLanguage":"es","@id":"https:\/\/azturismo.net\/?p=6538#primaryimage","url":"https:\/\/i0.wp.com\/azturismo.net\/wp-content\/uploads\/2025\/11\/Sectur-gasto-F1.jpg?fit=600%2C400&ssl=1","contentUrl":"https:\/\/i0.wp.com\/azturismo.net\/wp-content\/uploads\/2025\/11\/Sectur-gasto-F1.jpg?fit=600%2C400&ssl=1","width":600,"height":400},{"@type":"BreadcrumbList","@id":"https:\/\/azturismo.net\/?p=6538#breadcrumb","itemListElement":[{"@type":"ListItem","position":1,"name":"Home","item":"https:\/\/azturismo.net\/"},{"@type":"ListItem","position":2,"name":"Extranjeros gastan m\u00e1s durante la F1 en CDMX"}]},{"@type":"WebSite","@id":"https:\/\/azturismo.net\/#website","url":"https:\/\/azturismo.net\/","name":"Azturismo","description":"Azturismo Noticias","publisher":{"@id":"https:\/\/azturismo.net\/#organization"},"potentialAction":[{"@type":"SearchAction","target":{"@type":"EntryPoint","urlTemplate":"https:\/\/azturismo.net\/?s={search_term_string}"},"query-input":{"@type":"PropertyValueSpecification","valueRequired":true,"valueName":"search_term_string"}}],"inLanguage":"es"},{"@type":"Organization","@id":"https:\/\/azturismo.net\/#organization","name":"Azturismo","url":"https:\/\/azturismo.net\/","logo":{"@type":"ImageObject","inLanguage":"es","@id":"https:\/\/azturismo.net\/#\/schema\/logo\/image\/","url":"https:\/\/i0.wp.com\/azturismo.net\/wp-content\/uploads\/2024\/03\/logo-el-bueno-.png?fit=294%2C69&ssl=1","contentUrl":"https:\/\/i0.wp.com\/azturismo.net\/wp-content\/uploads\/2024\/03\/logo-el-bueno-.png?fit=294%2C69&ssl=1","width":294,"height":69,"caption":"Azturismo"},"image":{"@id":"https:\/\/azturismo.net\/#\/schema\/logo\/image\/"},"sameAs":["https:\/\/www.facebook.com\/AzturismoNoticias","https:\/\/x.com\/AzTurismo","https:\/\/www.instagram.com\/azturismo_noticias\/?fbclid=IwAR2xMiuoHbs6eLeIHKP8P5sSGa-xFrw7FfejscXO7kDghWa7wKLjGczKOwE","https:\/\/www.tiktok.com\/@azturismo"]},{"@type":"Person","@id":"https:\/\/azturismo.net\/#\/schema\/person\/4b56d87f51c4d1b518c650739ad3bbc1","name":"Azturismo","image":{"@type":"ImageObject","inLanguage":"es","@id":"https:\/\/azturismo.net\/wp-content\/litespeed\/avatar\/dfe28a31cdd68b788da48a316e50db10.jpg?ver=1777707566","url":"https:\/\/azturismo.net\/wp-content\/litespeed\/avatar\/dfe28a31cdd68b788da48a316e50db10.jpg?ver=1777707566","contentUrl":"https:\/\/azturismo.net\/wp-content\/litespeed\/avatar\/dfe28a31cdd68b788da48a316e50db10.jpg?ver=1777707566","caption":"Azturismo"},"sameAs":["https:\/\/azturismo.net"],"url":"https:\/\/azturismo.net\/?author=1"}]}},"jetpack_publicize_connections":[],"jetpack_featured_media_url":"https:\/\/i0.wp.com\/azturismo.net\/wp-content\/uploads\/2025\/11\/Sectur-gasto-F1.jpg?fit=600%2C400&ssl=1","jetpack_sharing_enabled":true,"jetpack-related-posts":[{"id":5867,"url":"https:\/\/azturismo.net\/?p=5867","url_meta":{"origin":6538,"position":0},"title":"Gasto de visitantes extranjeros en M\u00e9xico creci\u00f3 un 5% en verano","author":"Azturismo","date":"octubre 3, 2025","format":false,"excerpt":"Por Staff AzTurismo Un an\u00e1lisis conjunto de la Secretar\u00eda de Turismo y Visa destaca el dinamismo del sector, con Ciudad de M\u00e9xico y Riviera Maya a la cabeza, y un boom en pagos sin contacto del 105%. La temporada de Vacaciones de Verano 2025 consolid\u00f3 la fortaleza del turismo internacional\u2026","rel":"","context":"En &quot;Destacadas&quot;","block_context":{"text":"Destacadas","link":"https:\/\/azturismo.net\/?cat=30"},"img":{"alt_text":"","src":"https:\/\/i0.wp.com\/azturismo.net\/wp-content\/uploads\/2025\/10\/Turismo-gasto.jpeg?fit=600%2C399&ssl=1&resize=350%2C200","width":350,"height":200,"srcset":"https:\/\/i0.wp.com\/azturismo.net\/wp-content\/uploads\/2025\/10\/Turismo-gasto.jpeg?fit=600%2C399&ssl=1&resize=350%2C200 1x, https:\/\/i0.wp.com\/azturismo.net\/wp-content\/uploads\/2025\/10\/Turismo-gasto.jpeg?fit=600%2C399&ssl=1&resize=525%2C300 1.5x"},"classes":[]},{"id":7166,"url":"https:\/\/azturismo.net\/?p=7166","url_meta":{"origin":6538,"position":1},"title":"\u00a1Visa se apodera de los aeropuertos de M\u00e9xico, de la mano de Sectur!","author":"Azturismo","date":"abril 21, 2026","format":false,"excerpt":"Por Staff AzTurismo La Secretar\u00eda de Turismo y Visa anunciaron una ambiciosa campa\u00f1a conjunta que posicionar\u00e1 la riqueza cultural y tur\u00edstica de M\u00e9xico en los puntos de mayor flujo de viajeros: los aeropuertos internacionales. Con presencia en CDMX, Canc\u00fan, Tulum y Guadalajara, la iniciativa busca impactar a m\u00e1s de 27\u2026","rel":"","context":"En &quot;Destacadas&quot;","block_context":{"text":"Destacadas","link":"https:\/\/azturismo.net\/?cat=30"},"img":{"alt_text":"","src":"https:\/\/i0.wp.com\/azturismo.net\/wp-content\/uploads\/2026\/04\/Cc-17-1.jpeg?fit=600%2C449&ssl=1&resize=350%2C200","width":350,"height":200,"srcset":"https:\/\/i0.wp.com\/azturismo.net\/wp-content\/uploads\/2026\/04\/Cc-17-1.jpeg?fit=600%2C449&ssl=1&resize=350%2C200 1x, https:\/\/i0.wp.com\/azturismo.net\/wp-content\/uploads\/2026\/04\/Cc-17-1.jpeg?fit=600%2C449&ssl=1&resize=525%2C300 1.5x"},"classes":[]},{"id":5095,"url":"https:\/\/azturismo.net\/?p=5095","url_meta":{"origin":6538,"position":2},"title":"M\u00e9xico busca convertirse en el 5o pa\u00eds m\u00e1s visitado del mundo para 2030: Sectur","author":"Azturismo","date":"agosto 26, 2025","format":false,"excerpt":"Por Staff AzTurismo M\u00e9xico ya se posiciona como el sexto pa\u00eds m\u00e1s visitado del mundo, y la meta del Gobierno Federal es alcanzar el quinto lugar en el ranking internacional de turismo para el a\u00f1o 2030, afirm\u00f3 Josefina Rodr\u00edguez Zamora, secretaria de Turismo del Gobierno de M\u00e9xico, durante un encuentro\u2026","rel":"","context":"En &quot;Destacadas&quot;","block_context":{"text":"Destacadas","link":"https:\/\/azturismo.net\/?cat=30"},"img":{"alt_text":"","src":"https:\/\/i0.wp.com\/azturismo.net\/wp-content\/uploads\/2025\/08\/Comunicado-171-1.jpg?fit=600%2C400&ssl=1&resize=350%2C200","width":350,"height":200,"srcset":"https:\/\/i0.wp.com\/azturismo.net\/wp-content\/uploads\/2025\/08\/Comunicado-171-1.jpg?fit=600%2C400&ssl=1&resize=350%2C200 1x, https:\/\/i0.wp.com\/azturismo.net\/wp-content\/uploads\/2025\/08\/Comunicado-171-1.jpg?fit=600%2C400&ssl=1&resize=525%2C300 1.5x"},"classes":[]},{"id":6921,"url":"https:\/\/azturismo.net\/?p=6921","url_meta":{"origin":6538,"position":3},"title":"Morelos Conquista la CDMX","author":"Azturismo","date":"marzo 18, 2026","format":false,"excerpt":"Por Staff Azturismo Si est\u00e1s en la Ciudad de M\u00e9xico y buscas inspiraci\u00f3n para tu pr\u00f3xima escapada, el estado de Morelos ha tra\u00eddo un pedazo de su alma al coraz\u00f3n de la capital. Durante todo el mes de marzo, el espacio de Punto M\u00e9xico (en Polanco) se transforma en una\u2026","rel":"","context":"En &quot;Destacadas&quot;","block_context":{"text":"Destacadas","link":"https:\/\/azturismo.net\/?cat=30"},"img":{"alt_text":"","src":"https:\/\/i0.wp.com\/azturismo.net\/wp-content\/uploads\/2026\/03\/moreloa-puntomexico02.jpeg?fit=600%2C400&ssl=1&resize=350%2C200","width":350,"height":200,"srcset":"https:\/\/i0.wp.com\/azturismo.net\/wp-content\/uploads\/2026\/03\/moreloa-puntomexico02.jpeg?fit=600%2C400&ssl=1&resize=350%2C200 1x, https:\/\/i0.wp.com\/azturismo.net\/wp-content\/uploads\/2026\/03\/moreloa-puntomexico02.jpeg?fit=600%2C400&ssl=1&resize=525%2C300 1.5x"},"classes":[]},{"id":5564,"url":"https:\/\/azturismo.net\/?p=5564","url_meta":{"origin":6538,"position":4},"title":"Vive el arte y la historia a trav\u00e9s de los sentidos en Sectur federal","author":"Azturismo","date":"septiembre 23, 2025","format":false,"excerpt":"Por Oscar V\u00e1zquez C. La Secretar\u00eda de Turismo del Gobierno de M\u00e9xico (Sectur) y el Instituto Mexicano de Turismo y Accesibilidad (IMETAC) inauguraron la exposici\u00f3n multisensorial \u201cLos Muros que Derribamos\u201d, una muestra que invita a vivir el arte y la historia a trav\u00e9s de los sentidos, con el prop\u00f3sito de\u2026","rel":"","context":"En &quot;Destacadas&quot;","block_context":{"text":"Destacadas","link":"https:\/\/azturismo.net\/?cat=30"},"img":{"alt_text":"","src":"https:\/\/i0.wp.com\/azturismo.net\/wp-content\/uploads\/2025\/09\/Comunicado-204-4.jpg?fit=768%2C511&ssl=1&resize=350%2C200","width":350,"height":200,"srcset":"https:\/\/i0.wp.com\/azturismo.net\/wp-content\/uploads\/2025\/09\/Comunicado-204-4.jpg?fit=768%2C511&ssl=1&resize=350%2C200 1x, https:\/\/i0.wp.com\/azturismo.net\/wp-content\/uploads\/2025\/09\/Comunicado-204-4.jpg?fit=768%2C511&ssl=1&resize=525%2C300 1.5x, https:\/\/i0.wp.com\/azturismo.net\/wp-content\/uploads\/2025\/09\/Comunicado-204-4.jpg?fit=768%2C511&ssl=1&resize=700%2C400 2x"},"classes":[]},{"id":4280,"url":"https:\/\/azturismo.net\/?p=4280","url_meta":{"origin":6538,"position":5},"title":"Sectur federal fortalece su compromiso con un turismo inclusivo y sin discriminaci\u00f3n","author":"Azturismo","date":"junio 28, 2025","format":false,"excerpt":"Por Oscar V\u00e1zquez C. En el marco del D\u00eda Internacional del Orgullo LGBTTTQI+, la Secretar\u00eda de Turismo (Sectur) del Gobierno de M\u00e9xico refrend\u00f3 su compromiso con un turismo libre de discriminaci\u00f3n, seguro, respetuoso e inclusivo, que favorezca a las personas de la diversidad sexual y de g\u00e9nero. Josefina Rodr\u00edguez Zamora,\u2026","rel":"","context":"En &quot;Destacadas&quot;","block_context":{"text":"Destacadas","link":"https:\/\/azturismo.net\/?cat=30"},"img":{"alt_text":"","src":"https:\/\/i0.wp.com\/azturismo.net\/wp-content\/uploads\/2025\/06\/PSX_20250627_231638.jpg?fit=600%2C400&ssl=1&resize=350%2C200","width":350,"height":200,"srcset":"https:\/\/i0.wp.com\/azturismo.net\/wp-content\/uploads\/2025\/06\/PSX_20250627_231638.jpg?fit=600%2C400&ssl=1&resize=350%2C200 1x, https:\/\/i0.wp.com\/azturismo.net\/wp-content\/uploads\/2025\/06\/PSX_20250627_231638.jpg?fit=600%2C400&ssl=1&resize=525%2C300 1.5x"},"classes":[]}],"jetpack_shortlink":"https:\/\/wp.me\/pfqZGx-1Hs","amp_enabled":true,"_links":{"self":[{"href":"https:\/\/azturismo.net\/index.php?rest_route=\/wp\/v2\/posts\/6538","targetHints":{"allow":["GET"]}}],"collection":[{"href":"https:\/\/azturismo.net\/index.php?rest_route=\/wp\/v2\/posts"}],"about":[{"href":"https:\/\/azturismo.net\/index.php?rest_route=\/wp\/v2\/types\/post"}],"author":[{"embeddable":true,"href":"https:\/\/azturismo.net\/index.php?rest_route=\/wp\/v2\/users\/1"}],"replies":[{"embeddable":true,"href":"https:\/\/azturismo.net\/index.php?rest_route=%2Fwp%2Fv2%2Fcomments&post=6538"}],"version-history":[{"count":1,"href":"https:\/\/azturismo.net\/index.php?rest_route=\/wp\/v2\/posts\/6538\/revisions"}],"predecessor-version":[{"id":6541,"href":"https:\/\/azturismo.net\/index.php?rest_route=\/wp\/v2\/posts\/6538\/revisions\/6541"}],"wp:featuredmedia":[{"embeddable":true,"href":"https:\/\/azturismo.net\/index.php?rest_route=\/wp\/v2\/media\/6539"}],"wp:attachment":[{"href":"https:\/\/azturismo.net\/index.php?rest_route=%2Fwp%2Fv2%2Fmedia&parent=6538"}],"wp:term":[{"taxonomy":"category","embeddable":true,"href":"https:\/\/azturismo.net\/index.php?rest_route=%2Fwp%2Fv2%2Fcategories&post=6538"},{"taxonomy":"post_tag","embeddable":true,"href":"https:\/\/azturismo.net\/index.php?rest_route=%2Fwp%2Fv2%2Ftags&post=6538"}],"curies":[{"name":"wp","href":"https:\/\/api.w.org\/{rel}","templated":true}]}}