{"id":6526,"date":"2025-11-19T15:03:00","date_gmt":"2025-11-19T21:03:00","guid":{"rendered":"https:\/\/azturismo.net\/?p=6526"},"modified":"2025-11-19T14:43:13","modified_gmt":"2025-11-19T20:43:13","slug":"lo-que-dejo-el-tianguis-nacional-de-pueblos-magicos-2025","status":"publish","type":"post","link":"https:\/\/azturismo.net\/?p=6526","title":{"rendered":"Lo que dej\u00f3 el Tianguis Nacional de Pueblos M\u00e1gicos 2025"},"content":{"rendered":"\n<p>Por Staff AzTurismo<\/p>\n\n\n\n<p>Pachuca amaneci\u00f3 con un aire distinto el \u00faltimo d\u00eda del <strong>Tianguis Nacional de Pueblos M\u00e1gicos 2025<\/strong>. Entre pasillos llenos de colores, aromas y voces que contaban historias, la subsecretaria de Turismo, <strong>Nathalie Desplas Puel<\/strong>, camin\u00f3 junto a la secretaria de Turismo de Hidalgo, <strong>Elizabeth Quintanar G\u00f3mez<\/strong>, para anunciar el cierre oficial de una de las ediciones m\u00e1s vibrantes que ha tenido este encuentro.<\/p>\n\n\n\n<p>Durante cuatro d\u00edas, los <strong>177 Pueblos M\u00e1gicos de M\u00e9xico<\/strong> y <strong>Nicaragua<\/strong> como pa\u00eds invitado de honor, hicieron de Hidalgo un punto de reuni\u00f3n que combin\u00f3 tradici\u00f3n, cultura y promoci\u00f3n tur\u00edstica. Y los n\u00fameros dan cuenta de ello: <strong>62,941 asistentes<\/strong>, <strong>12,130 citas de negocios<\/strong>, <strong>385 compradores nacionales<\/strong> y un volumen de ventas estimado de <strong>26.4 millones de pesos<\/strong>, con un ticket promedio que super\u00f3 los <strong>19 mil pesos<\/strong>.<\/p>\n\n\n\n<p>Dentro del recinto, donde artesanas, cocineras tradicionales y representantes de comunidades ind\u00edgenas compartieron lo m\u00e1s valioso de su identidad, se generaron <strong>16.7 millones de pesos<\/strong> por consumo y compras locales. El ambiente era una mezcla de m\u00fasica, textiles, sabores ancestrales y la emoci\u00f3n de miles de visitantes descubriendo el M\u00e9xico profundo.<\/p>\n\n\n\n<p>El impacto econ\u00f3mico no se qued\u00f3 ah\u00ed: la derrama total alcanz\u00f3 los <strong>67.6 millones de pesos<\/strong>, un <strong>incremento del 14.6%<\/strong> respecto a 2024, acompa\u00f1ado de una ocupaci\u00f3n hotelera del <strong>100%<\/strong> en Pachuca y municipios cercanos.<\/p>\n\n\n<div class=\"wp-block-image\">\n<figure class=\"aligncenter size-full is-resized\"><img data-recalc-dims=\"1\" loading=\"lazy\" decoding=\"async\" width=\"600\" height=\"399\" data-attachment-id=\"6529\" data-permalink=\"https:\/\/azturismo.net\/?attachment_id=6529\" data-orig-file=\"https:\/\/i0.wp.com\/azturismo.net\/wp-content\/uploads\/2025\/11\/SecturPueblosMagicos-cierre2.jpg?fit=600%2C399&amp;ssl=1\" data-orig-size=\"600,399\" data-comments-opened=\"1\" data-image-meta=\"{&quot;aperture&quot;:&quot;0&quot;,&quot;credit&quot;:&quot;&quot;,&quot;camera&quot;:&quot;&quot;,&quot;caption&quot;:&quot;&quot;,&quot;created_timestamp&quot;:&quot;0&quot;,&quot;copyright&quot;:&quot;&quot;,&quot;focal_length&quot;:&quot;0&quot;,&quot;iso&quot;:&quot;0&quot;,&quot;shutter_speed&quot;:&quot;0&quot;,&quot;title&quot;:&quot;&quot;,&quot;orientation&quot;:&quot;1&quot;}\" data-image-title=\"SecturPueblosMagicos-cierre2\" data-image-description=\"\" data-image-caption=\"\" data-large-file=\"https:\/\/i0.wp.com\/azturismo.net\/wp-content\/uploads\/2025\/11\/SecturPueblosMagicos-cierre2.jpg?fit=600%2C399&amp;ssl=1\" src=\"https:\/\/i0.wp.com\/azturismo.net\/wp-content\/uploads\/2025\/11\/SecturPueblosMagicos-cierre2.jpg?resize=600%2C399&#038;ssl=1\" alt=\"\" class=\"wp-image-6529\" style=\"width:880px;height:auto\" srcset=\"https:\/\/i0.wp.com\/azturismo.net\/wp-content\/uploads\/2025\/11\/SecturPueblosMagicos-cierre2.jpg?w=600&amp;ssl=1 600w, https:\/\/i0.wp.com\/azturismo.net\/wp-content\/uploads\/2025\/11\/SecturPueblosMagicos-cierre2.jpg?resize=300%2C200&amp;ssl=1 300w, https:\/\/i0.wp.com\/azturismo.net\/wp-content\/uploads\/2025\/11\/SecturPueblosMagicos-cierre2.jpg?resize=150%2C100&amp;ssl=1 150w\" sizes=\"auto, (max-width: 600px) 100vw, 600px\" \/><\/figure><\/div>\n\n\n<h3 class=\"wp-block-heading\"><strong>Una edici\u00f3n que apost\u00f3 por el futuro<\/strong><\/h3>\n\n\n\n<p>En medio de la celebraci\u00f3n, Elizabeth Quintanar dedic\u00f3 unas palabras especiales a las comunidades participantes. Agradeci\u00f3 su talento y su compromiso por mantener vivas las tradiciones, recordando que esta edici\u00f3n marc\u00f3 un hito con el <strong>primer Pabell\u00f3n de Innovaci\u00f3n y Sustentabilidad<\/strong>, enfocado en movilidad verde, reciclaje y reducci\u00f3n de huella de carbono. \u201cEsta edici\u00f3n se convierte en un referente de compromiso ambiental\u201d, celebr\u00f3.<\/p>\n\n\n\n<p>Los pabellones fueron un mosaico de diversidad:<\/p>\n\n\n\n<figure class=\"wp-block-image size-large\"><img data-recalc-dims=\"1\" loading=\"lazy\" decoding=\"async\" width=\"696\" height=\"464\" data-attachment-id=\"6530\" data-permalink=\"https:\/\/azturismo.net\/?attachment_id=6530\" data-orig-file=\"https:\/\/i0.wp.com\/azturismo.net\/wp-content\/uploads\/2025\/11\/SecturPueblosMagicos-cierre5.jpg?fit=1280%2C853&amp;ssl=1\" data-orig-size=\"1280,853\" data-comments-opened=\"1\" data-image-meta=\"{&quot;aperture&quot;:&quot;0&quot;,&quot;credit&quot;:&quot;&quot;,&quot;camera&quot;:&quot;&quot;,&quot;caption&quot;:&quot;&quot;,&quot;created_timestamp&quot;:&quot;0&quot;,&quot;copyright&quot;:&quot;&quot;,&quot;focal_length&quot;:&quot;0&quot;,&quot;iso&quot;:&quot;0&quot;,&quot;shutter_speed&quot;:&quot;0&quot;,&quot;title&quot;:&quot;&quot;,&quot;orientation&quot;:&quot;0&quot;}\" data-image-title=\"SecturPueblosMagicos-cierre5\" data-image-description=\"\" data-image-caption=\"\" data-large-file=\"https:\/\/i0.wp.com\/azturismo.net\/wp-content\/uploads\/2025\/11\/SecturPueblosMagicos-cierre5.jpg?fit=696%2C464&amp;ssl=1\" src=\"https:\/\/i0.wp.com\/azturismo.net\/wp-content\/uploads\/2025\/11\/SecturPueblosMagicos-cierre5.jpg?resize=696%2C464&#038;ssl=1\" alt=\"\" class=\"wp-image-6530\" srcset=\"https:\/\/i0.wp.com\/azturismo.net\/wp-content\/uploads\/2025\/11\/SecturPueblosMagicos-cierre5.jpg?resize=1024%2C682&amp;ssl=1 1024w, https:\/\/i0.wp.com\/azturismo.net\/wp-content\/uploads\/2025\/11\/SecturPueblosMagicos-cierre5.jpg?resize=300%2C200&amp;ssl=1 300w, https:\/\/i0.wp.com\/azturismo.net\/wp-content\/uploads\/2025\/11\/SecturPueblosMagicos-cierre5.jpg?resize=768%2C512&amp;ssl=1 768w, https:\/\/i0.wp.com\/azturismo.net\/wp-content\/uploads\/2025\/11\/SecturPueblosMagicos-cierre5.jpg?resize=150%2C100&amp;ssl=1 150w, https:\/\/i0.wp.com\/azturismo.net\/wp-content\/uploads\/2025\/11\/SecturPueblosMagicos-cierre5.jpg?resize=696%2C464&amp;ssl=1 696w, https:\/\/i0.wp.com\/azturismo.net\/wp-content\/uploads\/2025\/11\/SecturPueblosMagicos-cierre5.jpg?resize=1068%2C712&amp;ssl=1 1068w, https:\/\/i0.wp.com\/azturismo.net\/wp-content\/uploads\/2025\/11\/SecturPueblosMagicos-cierre5.jpg?w=1280&amp;ssl=1 1280w\" sizes=\"auto, (max-width: 696px) 100vw, 696px\" \/><\/figure>\n\n\n\n<ul class=\"wp-block-list\">\n<li><strong>32 espacios artesanales<\/strong>, uno por cada estado.<\/li>\n\n\n\n<li>Un <strong>Pabell\u00f3n Gastron\u00f3mico<\/strong> que reuni\u00f3 los sabores m\u00e1s representativos del pa\u00eds.<\/li>\n\n\n\n<li>Un <strong>Pabell\u00f3n de Inclusi\u00f3n<\/strong> dedicado a visibilizar el trabajo de mujeres, comunidades ind\u00edgenas y personas con discapacidad.<\/li>\n\n\n\n<li>Un <strong>Pabell\u00f3n de Medicina tradicional<\/strong>.<\/li>\n\n\n\n<li>Actividades pensadas para j\u00f3venes, artistas, emprendedores y asociaciones civiles.<\/li>\n<\/ul>\n\n\n\n<p>Mientras tanto, los escenarios culturales daban vida al tianguis con m\u00fasica, danza, foros acad\u00e9micos y muestras gastron\u00f3micas que contaban la historia de M\u00e9xico desde sus ra\u00edces.<\/p>\n\n\n\n<h3 class=\"wp-block-heading\"><strong>Tampico, la pr\u00f3xima sede<\/strong><\/h3>\n\n\n\n<p>Con el p\u00fablico reunido para la ceremonia final, se dio paso al momento m\u00e1s esperado: el <strong>cambio de estafeta hacia Tamaulipas<\/strong>, estado anfitri\u00f3n del Tianguis Nacional de Pueblos M\u00e1gicos 2026.<\/p>\n\n\n<div class=\"wp-block-image\">\n<figure class=\"aligncenter size-full is-resized\"><img data-recalc-dims=\"1\" loading=\"lazy\" decoding=\"async\" width=\"600\" height=\"399\" data-attachment-id=\"6528\" data-permalink=\"https:\/\/azturismo.net\/?attachment_id=6528\" data-orig-file=\"https:\/\/i0.wp.com\/azturismo.net\/wp-content\/uploads\/2025\/11\/SecturPueblosMagicos-cierre1.jpg?fit=600%2C399&amp;ssl=1\" data-orig-size=\"600,399\" data-comments-opened=\"1\" data-image-meta=\"{&quot;aperture&quot;:&quot;0&quot;,&quot;credit&quot;:&quot;&quot;,&quot;camera&quot;:&quot;&quot;,&quot;caption&quot;:&quot;&quot;,&quot;created_timestamp&quot;:&quot;0&quot;,&quot;copyright&quot;:&quot;&quot;,&quot;focal_length&quot;:&quot;0&quot;,&quot;iso&quot;:&quot;0&quot;,&quot;shutter_speed&quot;:&quot;0&quot;,&quot;title&quot;:&quot;&quot;,&quot;orientation&quot;:&quot;1&quot;}\" data-image-title=\"SecturPueblosMagicos-cierre1\" data-image-description=\"\" data-image-caption=\"\" data-large-file=\"https:\/\/i0.wp.com\/azturismo.net\/wp-content\/uploads\/2025\/11\/SecturPueblosMagicos-cierre1.jpg?fit=600%2C399&amp;ssl=1\" src=\"https:\/\/i0.wp.com\/azturismo.net\/wp-content\/uploads\/2025\/11\/SecturPueblosMagicos-cierre1.jpg?resize=600%2C399&#038;ssl=1\" alt=\"\" class=\"wp-image-6528\" style=\"width:842px;height:auto\" srcset=\"https:\/\/i0.wp.com\/azturismo.net\/wp-content\/uploads\/2025\/11\/SecturPueblosMagicos-cierre1.jpg?w=600&amp;ssl=1 600w, https:\/\/i0.wp.com\/azturismo.net\/wp-content\/uploads\/2025\/11\/SecturPueblosMagicos-cierre1.jpg?resize=300%2C200&amp;ssl=1 300w, https:\/\/i0.wp.com\/azturismo.net\/wp-content\/uploads\/2025\/11\/SecturPueblosMagicos-cierre1.jpg?resize=150%2C100&amp;ssl=1 150w\" sizes=\"auto, (max-width: 600px) 100vw, 600px\" \/><\/figure><\/div>\n\n\n<p>Entre aplausos, el secretario de Turismo de Tamaulipas, <strong>Benjam\u00edn Hern\u00e1ndez Rodr\u00edguez<\/strong>, y la presidenta municipal de Tampico, <strong>M\u00f3nica Villarreal Anaya<\/strong>, recibieron la responsabilidad de continuar este legado. Ambos coincidieron en que la pr\u00f3xima edici\u00f3n ser\u00e1 una plataforma decisiva para proyectar a Tampico como un destino estrat\u00e9gico del turismo nacional.<\/p>\n\n\n\n<p>\u201cEste Tianguis confirma que la unidad transforma\u201d, expres\u00f3 Nathalie Desplas Puel al despedir la edici\u00f3n hidalguense. Y as\u00ed, entre emociones compartidas y la promesa de nuevos encuentros, el Tianguis Nacional de Pueblos M\u00e1gicos 2025 cerr\u00f3 sus puertas, dejando claro que el turismo comunitario sigue siendo uno de los pilares m\u00e1s s\u00f3lidos del pa\u00eds.<\/p>\n\n\n\n<p><\/p>\n","protected":false},"excerpt":{"rendered":"<p>Por Staff AzTurismo Pachuca amaneci\u00f3 con un aire distinto el \u00faltimo d\u00eda del Tianguis Nacional de Pueblos M\u00e1gicos 2025. Entre pasillos llenos de colores, aromas y voces que contaban historias, la subsecretaria de Turismo, Nathalie Desplas Puel, camin\u00f3 junto a la secretaria de Turismo de Hidalgo, Elizabeth Quintanar G\u00f3mez, para anunciar el cierre oficial de [&hellip;]<\/p>\n","protected":false},"author":1,"featured_media":6527,"comment_status":"open","ping_status":"open","sticky":false,"template":"","format":"standard","meta":{"jetpack_post_was_ever_published":false,"_jetpack_newsletter_access":"","_jetpack_dont_email_post_to_subs":false,"_jetpack_newsletter_tier_id":0,"_jetpack_memberships_contains_paywalled_content":false,"_jetpack_memberships_contains_paid_content":false,"footnotes":"","jetpack_publicize_message":"","jetpack_publicize_feature_enabled":true,"jetpack_social_post_already_shared":true,"jetpack_social_options":{"image_generator_settings":{"template":"highway","default_image_id":0,"font":"","enabled":false},"version":2}},"categories":[30,29],"tags":[99,1889,3182,2701,3181,1888,3067],"class_list":{"0":"post-6526","1":"post","2":"type-post","3":"status-publish","4":"format-standard","5":"has-post-thumbnail","7":"category-e","8":"category-nacionales","9":"tag-azturismo","10":"tag-benjamin-hernandez-rodriguez","11":"tag-monica-villarreal-anaya","12":"tag-nathalie-desplas-puel","13":"tag-presidenta-municipal-de-tampico","14":"tag-secretario-de-turismo-de-tamaulipas","15":"tag-tianguis-nacional-de-pueblos-magicos-2025"},"yoast_head":"<!-- This site is optimized with the Yoast SEO plugin v27.5 - https:\/\/yoast.com\/product\/yoast-seo-wordpress\/ -->\n<title>Lo que dej\u00f3 el Tianguis Nacional de Pueblos M\u00e1gicos 2025 - Azturismo Noticias<\/title>\n<meta name=\"description\" content=\"El Tianguis Nacional de Pueblos M\u00e1gicos 2025 cerr\u00f3 en Hidalgo con m\u00e1s de 67.6 mdp de derrama econ\u00f3mica, r\u00e9cord de asistentes y el anuncio de Tampico como sede 2026. Una edici\u00f3n marcada por identidad, unidad e innovaci\u00f3n.\" \/>\n<meta name=\"robots\" content=\"index, follow, max-snippet:-1, max-image-preview:large, max-video-preview:-1\" \/>\n<link rel=\"canonical\" href=\"https:\/\/azturismo.net\/?p=6526\" \/>\n<meta property=\"og:locale\" content=\"es_MX\" \/>\n<meta property=\"og:type\" content=\"article\" \/>\n<meta property=\"og:title\" content=\"Lo que dej\u00f3 el Tianguis Nacional de Pueblos M\u00e1gicos 2025 - Azturismo Noticias\" \/>\n<meta property=\"og:description\" content=\"El Tianguis Nacional de Pueblos M\u00e1gicos 2025 cerr\u00f3 en Hidalgo con m\u00e1s de 67.6 mdp de derrama econ\u00f3mica, r\u00e9cord de asistentes y el anuncio de Tampico como sede 2026. Una edici\u00f3n marcada por identidad, unidad e innovaci\u00f3n.\" \/>\n<meta property=\"og:url\" content=\"https:\/\/azturismo.net\/?p=6526\" \/>\n<meta property=\"og:site_name\" content=\"Azturismo Noticias\" \/>\n<meta property=\"article:publisher\" content=\"https:\/\/www.facebook.com\/AzturismoNoticias\" \/>\n<meta property=\"article:published_time\" content=\"2025-11-19T21:03:00+00:00\" \/>\n<meta property=\"og:image\" content=\"https:\/\/i0.wp.com\/azturismo.net\/wp-content\/uploads\/2025\/11\/SecturPueblosMagicos-cierre4.jpg?fit=600%2C399&ssl=1\" \/>\n\t<meta property=\"og:image:width\" content=\"600\" \/>\n\t<meta property=\"og:image:height\" content=\"399\" \/>\n\t<meta property=\"og:image:type\" content=\"image\/jpeg\" \/>\n<meta name=\"author\" content=\"Azturismo\" \/>\n<meta name=\"twitter:card\" content=\"summary_large_image\" \/>\n<meta name=\"twitter:creator\" content=\"@AzTurismo\" \/>\n<meta name=\"twitter:site\" content=\"@AzTurismo\" \/>\n<meta name=\"twitter:label1\" content=\"Escrito por\" \/>\n\t<meta name=\"twitter:data1\" content=\"Azturismo\" \/>\n\t<meta name=\"twitter:label2\" content=\"Tiempo de lectura\" \/>\n\t<meta name=\"twitter:data2\" content=\"4 minutos\" \/>\n<script type=\"application\/ld+json\" class=\"yoast-schema-graph\">{\"@context\":\"https:\\\/\\\/schema.org\",\"@graph\":[{\"@type\":\"Article\",\"@id\":\"https:\\\/\\\/azturismo.net\\\/?p=6526#article\",\"isPartOf\":{\"@id\":\"https:\\\/\\\/azturismo.net\\\/?p=6526\"},\"author\":{\"name\":\"Azturismo\",\"@id\":\"https:\\\/\\\/azturismo.net\\\/#\\\/schema\\\/person\\\/4b56d87f51c4d1b518c650739ad3bbc1\"},\"headline\":\"Lo que dej\u00f3 el Tianguis Nacional de Pueblos M\u00e1gicos 2025\",\"datePublished\":\"2025-11-19T21:03:00+00:00\",\"mainEntityOfPage\":{\"@id\":\"https:\\\/\\\/azturismo.net\\\/?p=6526\"},\"wordCount\":561,\"commentCount\":0,\"publisher\":{\"@id\":\"https:\\\/\\\/azturismo.net\\\/#organization\"},\"image\":{\"@id\":\"https:\\\/\\\/azturismo.net\\\/?p=6526#primaryimage\"},\"thumbnailUrl\":\"https:\\\/\\\/i0.wp.com\\\/azturismo.net\\\/wp-content\\\/uploads\\\/2025\\\/11\\\/SecturPueblosMagicos-cierre4.jpg?fit=600%2C399&ssl=1\",\"keywords\":[\"azturismo\",\"Benjam\u00edn Hern\u00e1ndez Rodr\u00edguez\",\"M\u00f3nica Villarreal Anaya\",\"Nathalie Desplas Puel\",\"presidenta municipal de Tampico\",\"secretario de Turismo de Tamaulipas\",\"Tianguis Nacional de Pueblos M\u00e1gicos 2025\"],\"articleSection\":[\"Destacadas\",\"NACIONALES\"],\"inLanguage\":\"es\",\"potentialAction\":[{\"@type\":\"CommentAction\",\"name\":\"Comment\",\"target\":[\"https:\\\/\\\/azturismo.net\\\/?p=6526#respond\"]}]},{\"@type\":\"WebPage\",\"@id\":\"https:\\\/\\\/azturismo.net\\\/?p=6526\",\"url\":\"https:\\\/\\\/azturismo.net\\\/?p=6526\",\"name\":\"Lo que dej\u00f3 el Tianguis Nacional de Pueblos M\u00e1gicos 2025 - Azturismo Noticias\",\"isPartOf\":{\"@id\":\"https:\\\/\\\/azturismo.net\\\/#website\"},\"primaryImageOfPage\":{\"@id\":\"https:\\\/\\\/azturismo.net\\\/?p=6526#primaryimage\"},\"image\":{\"@id\":\"https:\\\/\\\/azturismo.net\\\/?p=6526#primaryimage\"},\"thumbnailUrl\":\"https:\\\/\\\/i0.wp.com\\\/azturismo.net\\\/wp-content\\\/uploads\\\/2025\\\/11\\\/SecturPueblosMagicos-cierre4.jpg?fit=600%2C399&ssl=1\",\"datePublished\":\"2025-11-19T21:03:00+00:00\",\"description\":\"El Tianguis Nacional de Pueblos M\u00e1gicos 2025 cerr\u00f3 en Hidalgo con m\u00e1s de 67.6 mdp de derrama econ\u00f3mica, r\u00e9cord de asistentes y el anuncio de Tampico como sede 2026. Una edici\u00f3n marcada por identidad, unidad e innovaci\u00f3n.\",\"breadcrumb\":{\"@id\":\"https:\\\/\\\/azturismo.net\\\/?p=6526#breadcrumb\"},\"inLanguage\":\"es\",\"potentialAction\":[{\"@type\":\"ReadAction\",\"target\":[\"https:\\\/\\\/azturismo.net\\\/?p=6526\"]}]},{\"@type\":\"ImageObject\",\"inLanguage\":\"es\",\"@id\":\"https:\\\/\\\/azturismo.net\\\/?p=6526#primaryimage\",\"url\":\"https:\\\/\\\/i0.wp.com\\\/azturismo.net\\\/wp-content\\\/uploads\\\/2025\\\/11\\\/SecturPueblosMagicos-cierre4.jpg?fit=600%2C399&ssl=1\",\"contentUrl\":\"https:\\\/\\\/i0.wp.com\\\/azturismo.net\\\/wp-content\\\/uploads\\\/2025\\\/11\\\/SecturPueblosMagicos-cierre4.jpg?fit=600%2C399&ssl=1\",\"width\":600,\"height\":399},{\"@type\":\"BreadcrumbList\",\"@id\":\"https:\\\/\\\/azturismo.net\\\/?p=6526#breadcrumb\",\"itemListElement\":[{\"@type\":\"ListItem\",\"position\":1,\"name\":\"Home\",\"item\":\"https:\\\/\\\/azturismo.net\\\/\"},{\"@type\":\"ListItem\",\"position\":2,\"name\":\"Lo que dej\u00f3 el Tianguis Nacional de Pueblos M\u00e1gicos 2025\"}]},{\"@type\":\"WebSite\",\"@id\":\"https:\\\/\\\/azturismo.net\\\/#website\",\"url\":\"https:\\\/\\\/azturismo.net\\\/\",\"name\":\"Azturismo\",\"description\":\"Azturismo Noticias\",\"publisher\":{\"@id\":\"https:\\\/\\\/azturismo.net\\\/#organization\"},\"potentialAction\":[{\"@type\":\"SearchAction\",\"target\":{\"@type\":\"EntryPoint\",\"urlTemplate\":\"https:\\\/\\\/azturismo.net\\\/?s={search_term_string}\"},\"query-input\":{\"@type\":\"PropertyValueSpecification\",\"valueRequired\":true,\"valueName\":\"search_term_string\"}}],\"inLanguage\":\"es\"},{\"@type\":\"Organization\",\"@id\":\"https:\\\/\\\/azturismo.net\\\/#organization\",\"name\":\"Azturismo\",\"url\":\"https:\\\/\\\/azturismo.net\\\/\",\"logo\":{\"@type\":\"ImageObject\",\"inLanguage\":\"es\",\"@id\":\"https:\\\/\\\/azturismo.net\\\/#\\\/schema\\\/logo\\\/image\\\/\",\"url\":\"https:\\\/\\\/i0.wp.com\\\/azturismo.net\\\/wp-content\\\/uploads\\\/2024\\\/03\\\/logo-el-bueno-.png?fit=294%2C69&ssl=1\",\"contentUrl\":\"https:\\\/\\\/i0.wp.com\\\/azturismo.net\\\/wp-content\\\/uploads\\\/2024\\\/03\\\/logo-el-bueno-.png?fit=294%2C69&ssl=1\",\"width\":294,\"height\":69,\"caption\":\"Azturismo\"},\"image\":{\"@id\":\"https:\\\/\\\/azturismo.net\\\/#\\\/schema\\\/logo\\\/image\\\/\"},\"sameAs\":[\"https:\\\/\\\/www.facebook.com\\\/AzturismoNoticias\",\"https:\\\/\\\/x.com\\\/AzTurismo\",\"https:\\\/\\\/www.instagram.com\\\/azturismo_noticias\\\/?fbclid=IwAR2xMiuoHbs6eLeIHKP8P5sSGa-xFrw7FfejscXO7kDghWa7wKLjGczKOwE\",\"https:\\\/\\\/www.tiktok.com\\\/@azturismo\"]},{\"@type\":\"Person\",\"@id\":\"https:\\\/\\\/azturismo.net\\\/#\\\/schema\\\/person\\\/4b56d87f51c4d1b518c650739ad3bbc1\",\"name\":\"Azturismo\",\"image\":{\"@type\":\"ImageObject\",\"inLanguage\":\"es\",\"@id\":\"https:\\\/\\\/azturismo.net\\\/wp-content\\\/litespeed\\\/avatar\\\/dfe28a31cdd68b788da48a316e50db10.jpg?ver=1777707566\",\"url\":\"https:\\\/\\\/azturismo.net\\\/wp-content\\\/litespeed\\\/avatar\\\/dfe28a31cdd68b788da48a316e50db10.jpg?ver=1777707566\",\"contentUrl\":\"https:\\\/\\\/azturismo.net\\\/wp-content\\\/litespeed\\\/avatar\\\/dfe28a31cdd68b788da48a316e50db10.jpg?ver=1777707566\",\"caption\":\"Azturismo\"},\"sameAs\":[\"https:\\\/\\\/azturismo.net\"],\"url\":\"https:\\\/\\\/azturismo.net\\\/?author=1\"}]}<\/script>\n<!-- \/ Yoast SEO plugin. -->","yoast_head_json":{"title":"Lo que dej\u00f3 el Tianguis Nacional de Pueblos M\u00e1gicos 2025 - Azturismo Noticias","description":"El Tianguis Nacional de Pueblos M\u00e1gicos 2025 cerr\u00f3 en Hidalgo con m\u00e1s de 67.6 mdp de derrama econ\u00f3mica, r\u00e9cord de asistentes y el anuncio de Tampico como sede 2026. Una edici\u00f3n marcada por identidad, unidad e innovaci\u00f3n.","robots":{"index":"index","follow":"follow","max-snippet":"max-snippet:-1","max-image-preview":"max-image-preview:large","max-video-preview":"max-video-preview:-1"},"canonical":"https:\/\/azturismo.net\/?p=6526","og_locale":"es_MX","og_type":"article","og_title":"Lo que dej\u00f3 el Tianguis Nacional de Pueblos M\u00e1gicos 2025 - Azturismo Noticias","og_description":"El Tianguis Nacional de Pueblos M\u00e1gicos 2025 cerr\u00f3 en Hidalgo con m\u00e1s de 67.6 mdp de derrama econ\u00f3mica, r\u00e9cord de asistentes y el anuncio de Tampico como sede 2026. Una edici\u00f3n marcada por identidad, unidad e innovaci\u00f3n.","og_url":"https:\/\/azturismo.net\/?p=6526","og_site_name":"Azturismo Noticias","article_publisher":"https:\/\/www.facebook.com\/AzturismoNoticias","article_published_time":"2025-11-19T21:03:00+00:00","og_image":[{"width":600,"height":399,"url":"https:\/\/i0.wp.com\/azturismo.net\/wp-content\/uploads\/2025\/11\/SecturPueblosMagicos-cierre4.jpg?fit=600%2C399&ssl=1","type":"image\/jpeg"}],"author":"Azturismo","twitter_card":"summary_large_image","twitter_creator":"@AzTurismo","twitter_site":"@AzTurismo","twitter_misc":{"Escrito por":"Azturismo","Tiempo de lectura":"4 minutos"},"schema":{"@context":"https:\/\/schema.org","@graph":[{"@type":"Article","@id":"https:\/\/azturismo.net\/?p=6526#article","isPartOf":{"@id":"https:\/\/azturismo.net\/?p=6526"},"author":{"name":"Azturismo","@id":"https:\/\/azturismo.net\/#\/schema\/person\/4b56d87f51c4d1b518c650739ad3bbc1"},"headline":"Lo que dej\u00f3 el Tianguis Nacional de Pueblos M\u00e1gicos 2025","datePublished":"2025-11-19T21:03:00+00:00","mainEntityOfPage":{"@id":"https:\/\/azturismo.net\/?p=6526"},"wordCount":561,"commentCount":0,"publisher":{"@id":"https:\/\/azturismo.net\/#organization"},"image":{"@id":"https:\/\/azturismo.net\/?p=6526#primaryimage"},"thumbnailUrl":"https:\/\/i0.wp.com\/azturismo.net\/wp-content\/uploads\/2025\/11\/SecturPueblosMagicos-cierre4.jpg?fit=600%2C399&ssl=1","keywords":["azturismo","Benjam\u00edn Hern\u00e1ndez Rodr\u00edguez","M\u00f3nica Villarreal Anaya","Nathalie Desplas Puel","presidenta municipal de Tampico","secretario de Turismo de Tamaulipas","Tianguis Nacional de Pueblos M\u00e1gicos 2025"],"articleSection":["Destacadas","NACIONALES"],"inLanguage":"es","potentialAction":[{"@type":"CommentAction","name":"Comment","target":["https:\/\/azturismo.net\/?p=6526#respond"]}]},{"@type":"WebPage","@id":"https:\/\/azturismo.net\/?p=6526","url":"https:\/\/azturismo.net\/?p=6526","name":"Lo que dej\u00f3 el Tianguis Nacional de Pueblos M\u00e1gicos 2025 - Azturismo Noticias","isPartOf":{"@id":"https:\/\/azturismo.net\/#website"},"primaryImageOfPage":{"@id":"https:\/\/azturismo.net\/?p=6526#primaryimage"},"image":{"@id":"https:\/\/azturismo.net\/?p=6526#primaryimage"},"thumbnailUrl":"https:\/\/i0.wp.com\/azturismo.net\/wp-content\/uploads\/2025\/11\/SecturPueblosMagicos-cierre4.jpg?fit=600%2C399&ssl=1","datePublished":"2025-11-19T21:03:00+00:00","description":"El Tianguis Nacional de Pueblos M\u00e1gicos 2025 cerr\u00f3 en Hidalgo con m\u00e1s de 67.6 mdp de derrama econ\u00f3mica, r\u00e9cord de asistentes y el anuncio de Tampico como sede 2026. Una edici\u00f3n marcada por identidad, unidad e innovaci\u00f3n.","breadcrumb":{"@id":"https:\/\/azturismo.net\/?p=6526#breadcrumb"},"inLanguage":"es","potentialAction":[{"@type":"ReadAction","target":["https:\/\/azturismo.net\/?p=6526"]}]},{"@type":"ImageObject","inLanguage":"es","@id":"https:\/\/azturismo.net\/?p=6526#primaryimage","url":"https:\/\/i0.wp.com\/azturismo.net\/wp-content\/uploads\/2025\/11\/SecturPueblosMagicos-cierre4.jpg?fit=600%2C399&ssl=1","contentUrl":"https:\/\/i0.wp.com\/azturismo.net\/wp-content\/uploads\/2025\/11\/SecturPueblosMagicos-cierre4.jpg?fit=600%2C399&ssl=1","width":600,"height":399},{"@type":"BreadcrumbList","@id":"https:\/\/azturismo.net\/?p=6526#breadcrumb","itemListElement":[{"@type":"ListItem","position":1,"name":"Home","item":"https:\/\/azturismo.net\/"},{"@type":"ListItem","position":2,"name":"Lo que dej\u00f3 el Tianguis Nacional de Pueblos M\u00e1gicos 2025"}]},{"@type":"WebSite","@id":"https:\/\/azturismo.net\/#website","url":"https:\/\/azturismo.net\/","name":"Azturismo","description":"Azturismo Noticias","publisher":{"@id":"https:\/\/azturismo.net\/#organization"},"potentialAction":[{"@type":"SearchAction","target":{"@type":"EntryPoint","urlTemplate":"https:\/\/azturismo.net\/?s={search_term_string}"},"query-input":{"@type":"PropertyValueSpecification","valueRequired":true,"valueName":"search_term_string"}}],"inLanguage":"es"},{"@type":"Organization","@id":"https:\/\/azturismo.net\/#organization","name":"Azturismo","url":"https:\/\/azturismo.net\/","logo":{"@type":"ImageObject","inLanguage":"es","@id":"https:\/\/azturismo.net\/#\/schema\/logo\/image\/","url":"https:\/\/i0.wp.com\/azturismo.net\/wp-content\/uploads\/2024\/03\/logo-el-bueno-.png?fit=294%2C69&ssl=1","contentUrl":"https:\/\/i0.wp.com\/azturismo.net\/wp-content\/uploads\/2024\/03\/logo-el-bueno-.png?fit=294%2C69&ssl=1","width":294,"height":69,"caption":"Azturismo"},"image":{"@id":"https:\/\/azturismo.net\/#\/schema\/logo\/image\/"},"sameAs":["https:\/\/www.facebook.com\/AzturismoNoticias","https:\/\/x.com\/AzTurismo","https:\/\/www.instagram.com\/azturismo_noticias\/?fbclid=IwAR2xMiuoHbs6eLeIHKP8P5sSGa-xFrw7FfejscXO7kDghWa7wKLjGczKOwE","https:\/\/www.tiktok.com\/@azturismo"]},{"@type":"Person","@id":"https:\/\/azturismo.net\/#\/schema\/person\/4b56d87f51c4d1b518c650739ad3bbc1","name":"Azturismo","image":{"@type":"ImageObject","inLanguage":"es","@id":"https:\/\/azturismo.net\/wp-content\/litespeed\/avatar\/dfe28a31cdd68b788da48a316e50db10.jpg?ver=1777707566","url":"https:\/\/azturismo.net\/wp-content\/litespeed\/avatar\/dfe28a31cdd68b788da48a316e50db10.jpg?ver=1777707566","contentUrl":"https:\/\/azturismo.net\/wp-content\/litespeed\/avatar\/dfe28a31cdd68b788da48a316e50db10.jpg?ver=1777707566","caption":"Azturismo"},"sameAs":["https:\/\/azturismo.net"],"url":"https:\/\/azturismo.net\/?author=1"}]}},"jetpack_publicize_connections":[],"jetpack_featured_media_url":"https:\/\/i0.wp.com\/azturismo.net\/wp-content\/uploads\/2025\/11\/SecturPueblosMagicos-cierre4.jpg?fit=600%2C399&ssl=1","jetpack_sharing_enabled":true,"jetpack-related-posts":[{"id":6434,"url":"https:\/\/azturismo.net\/?p=6434","url_meta":{"origin":6526,"position":0},"title":"Arranca en Hidalgo, el Tianguis Nacional de Pueblos M\u00e1gicos 2025","author":"Azturismo","date":"noviembre 14, 2025","format":false,"excerpt":"Por Oscar V\u00e1zquez C. Hidalgo se convirti\u00f3 hoy en el coraz\u00f3n del turismo nacional con el arranque oficial del Tianguis Nacional de Pueblos M\u00e1gicos 2025, un encuentro hist\u00f3rico que re\u00fane \u2014como nunca antes\u2014 a los 32 estados de la Rep\u00fablica y a las 177 localidades que dan vida a este\u2026","rel":"","context":"En &quot;Destacadas&quot;","block_context":{"text":"Destacadas","link":"https:\/\/azturismo.net\/?cat=30"},"img":{"alt_text":"","src":"https:\/\/i0.wp.com\/azturismo.net\/wp-content\/uploads\/2025\/11\/Sectur-TianguisPueblosMagicos2025-.jpg?fit=600%2C400&ssl=1&resize=350%2C200","width":350,"height":200,"srcset":"https:\/\/i0.wp.com\/azturismo.net\/wp-content\/uploads\/2025\/11\/Sectur-TianguisPueblosMagicos2025-.jpg?fit=600%2C400&ssl=1&resize=350%2C200 1x, https:\/\/i0.wp.com\/azturismo.net\/wp-content\/uploads\/2025\/11\/Sectur-TianguisPueblosMagicos2025-.jpg?fit=600%2C400&ssl=1&resize=525%2C300 1.5x"},"classes":[]},{"id":6508,"url":"https:\/\/azturismo.net\/?p=6508","url_meta":{"origin":6526,"position":1},"title":"Inici\u00f3 la magia en Real del Monte","author":"Azturismo","date":"noviembre 15, 2025","format":false,"excerpt":"Por Oscar V\u00e1zquez C. En Real del Monte, donde las calles empedradas cuentan historias y el aroma a pastes recibe a cada visitante, comenz\u00f3 un nuevo cap\u00edtulo para el turismo mexicano. Ah\u00ed, entre monta\u00f1as y neblina, la secretaria de Turismo federal, Josefina Rodr\u00edguez Zamora, y el gobernador de Hidalgo, Julio\u2026","rel":"","context":"En &quot;Destacadas&quot;","block_context":{"text":"Destacadas","link":"https:\/\/azturismo.net\/?cat=30"},"img":{"alt_text":"","src":"https:\/\/i0.wp.com\/azturismo.net\/wp-content\/uploads\/2025\/11\/pueblosmagicos-realdelmonte.jpg?fit=600%2C400&ssl=1&resize=350%2C200","width":350,"height":200,"srcset":"https:\/\/i0.wp.com\/azturismo.net\/wp-content\/uploads\/2025\/11\/pueblosmagicos-realdelmonte.jpg?fit=600%2C400&ssl=1&resize=350%2C200 1x, https:\/\/i0.wp.com\/azturismo.net\/wp-content\/uploads\/2025\/11\/pueblosmagicos-realdelmonte.jpg?fit=600%2C400&ssl=1&resize=525%2C300 1.5x"},"classes":[]},{"id":6369,"url":"https:\/\/azturismo.net\/?p=6369","url_meta":{"origin":6526,"position":2},"title":"\u00a1Siete pueblos m\u00e1gicos queretanos brillar\u00e1n en Tianguis Nacional de Hidalgo!","author":"Azturismo","date":"noviembre 11, 2025","format":false,"excerpt":"\ud83d\ude80El estado de Quer\u00e9taro concentrar\u00e1 todos sus esfuerzos para impulsar su rica oferta tur\u00edstica de sus siete Pueblos M\u00e1gicos durante el Tianguis Nacional de Pueblos M\u00e1gicos 2025, un encuentro crucial que se realizar\u00e1 en Real de Monte y Pachuca, Hidalgo, del 13 al 16 de noviembre. Esta participaci\u00f3n tiene un\u2026","rel":"","context":"En &quot;NOTITUR&quot;","block_context":{"text":"NOTITUR","link":"https:\/\/azturismo.net\/?cat=25"},"img":{"alt_text":"","src":"https:\/\/i0.wp.com\/azturismo.net\/wp-content\/uploads\/2025\/11\/Queretaro-pueblos-magicos.jpeg?fit=600%2C450&ssl=1&resize=350%2C200","width":350,"height":200,"srcset":"https:\/\/i0.wp.com\/azturismo.net\/wp-content\/uploads\/2025\/11\/Queretaro-pueblos-magicos.jpeg?fit=600%2C450&ssl=1&resize=350%2C200 1x, https:\/\/i0.wp.com\/azturismo.net\/wp-content\/uploads\/2025\/11\/Queretaro-pueblos-magicos.jpeg?fit=600%2C450&ssl=1&resize=525%2C300 1.5x"},"classes":[]},{"id":6291,"url":"https:\/\/azturismo.net\/?p=6291","url_meta":{"origin":6526,"position":3},"title":"Josefina Rodr\u00edguez invita a redescubrir la magia de los 177 Pueblos M\u00e1gicos","author":"Azturismo","date":"noviembre 6, 2025","format":false,"excerpt":"Por Oscar V\u00e1zquez C. Real del Monte y Pachuca se preparan para convertirse en el coraz\u00f3n tur\u00edstico de M\u00e9xico del 13 al 16 de noviembre de 2025, durante la celebraci\u00f3n del S\u00e9ptimo Tianguis Nacional de Pueblos M\u00e1gicos, un encuentro cultural, gastron\u00f3mico y artesanal que, por primera vez, tendr\u00e1 su inauguraci\u00f3n\u2026","rel":"","context":"En &quot;Destacadas&quot;","block_context":{"text":"Destacadas","link":"https:\/\/azturismo.net\/?cat=30"},"img":{"alt_text":"","src":"https:\/\/i0.wp.com\/azturismo.net\/wp-content\/uploads\/2025\/11\/Sectur-TianguisPueblosMagicos2025.jpg?fit=600%2C400&ssl=1&resize=350%2C200","width":350,"height":200,"srcset":"https:\/\/i0.wp.com\/azturismo.net\/wp-content\/uploads\/2025\/11\/Sectur-TianguisPueblosMagicos2025.jpg?fit=600%2C400&ssl=1&resize=350%2C200 1x, https:\/\/i0.wp.com\/azturismo.net\/wp-content\/uploads\/2025\/11\/Sectur-TianguisPueblosMagicos2025.jpg?fit=600%2C400&ssl=1&resize=525%2C300 1.5x"},"classes":[]},{"id":4615,"url":"https:\/\/azturismo.net\/?p=4615","url_meta":{"origin":6526,"position":4},"title":"Secretarios de Turismo de M\u00e9xico van contra fraudes y promoci\u00f3n del Mundial","author":"Azturismo","date":"julio 31, 2025","format":false,"excerpt":"La 62\u00aa Asamblea ASETUR en Oaxaca defini\u00f3 estrategias clave para impulsar el turismo nacional, incluyendo la campa\u00f1a \"Verifica y Viaja\" y el Tianguis de Pueblos M\u00e1gicos 2025 Por Staff AzTurismo Las y los secretarios de turismo de todo M\u00e9xico se reunieron en Oaxaca para consolidar una agenda com\u00fan que fortalezca\u2026","rel":"","context":"En &quot;Destacadas&quot;","block_context":{"text":"Destacadas","link":"https:\/\/azturismo.net\/?cat=30"},"img":{"alt_text":"","src":"https:\/\/i0.wp.com\/azturismo.net\/wp-content\/uploads\/2025\/07\/Asetur.jpeg?fit=1200%2C800&ssl=1&resize=350%2C200","width":350,"height":200,"srcset":"https:\/\/i0.wp.com\/azturismo.net\/wp-content\/uploads\/2025\/07\/Asetur.jpeg?fit=1200%2C800&ssl=1&resize=350%2C200 1x, https:\/\/i0.wp.com\/azturismo.net\/wp-content\/uploads\/2025\/07\/Asetur.jpeg?fit=1200%2C800&ssl=1&resize=525%2C300 1.5x, https:\/\/i0.wp.com\/azturismo.net\/wp-content\/uploads\/2025\/07\/Asetur.jpeg?fit=1200%2C800&ssl=1&resize=700%2C400 2x, https:\/\/i0.wp.com\/azturismo.net\/wp-content\/uploads\/2025\/07\/Asetur.jpeg?fit=1200%2C800&ssl=1&resize=1050%2C600 3x"},"classes":[]},{"id":5426,"url":"https:\/\/azturismo.net\/?p=5426","url_meta":{"origin":6526,"position":5},"title":"Arranca M\u00e9xico Imparable en Palenque","author":"Azturismo","date":"septiembre 17, 2025","format":false,"excerpt":"Por Staff AzTurismo Entre la selva y la memoria ancestral de los pueblos originarios, se inaugur\u00f3 el primer serial deportivo M\u00e9xico Imparable \u201cRa\u00edces de Agua\u201d, que reuni\u00f3 a 3 mil 500 corredores en la emblem\u00e1tica zona arqueol\u00f3gica de Palenque. En representaci\u00f3n de la secretaria de Turismo, Josefina Rodr\u00edguez Zamora, la\u2026","rel":"","context":"En &quot;Destacadas&quot;","block_context":{"text":"Destacadas","link":"https:\/\/azturismo.net\/?cat=30"},"img":{"alt_text":"","src":"https:\/\/i0.wp.com\/azturismo.net\/wp-content\/uploads\/2025\/09\/PSX_20250916_221231.jpg?fit=600%2C639&ssl=1&resize=350%2C200","width":350,"height":200,"srcset":"https:\/\/i0.wp.com\/azturismo.net\/wp-content\/uploads\/2025\/09\/PSX_20250916_221231.jpg?fit=600%2C639&ssl=1&resize=350%2C200 1x, https:\/\/i0.wp.com\/azturismo.net\/wp-content\/uploads\/2025\/09\/PSX_20250916_221231.jpg?fit=600%2C639&ssl=1&resize=525%2C300 1.5x"},"classes":[]}],"jetpack_shortlink":"https:\/\/wp.me\/pfqZGx-1Hg","amp_enabled":true,"_links":{"self":[{"href":"https:\/\/azturismo.net\/index.php?rest_route=\/wp\/v2\/posts\/6526","targetHints":{"allow":["GET"]}}],"collection":[{"href":"https:\/\/azturismo.net\/index.php?rest_route=\/wp\/v2\/posts"}],"about":[{"href":"https:\/\/azturismo.net\/index.php?rest_route=\/wp\/v2\/types\/post"}],"author":[{"embeddable":true,"href":"https:\/\/azturismo.net\/index.php?rest_route=\/wp\/v2\/users\/1"}],"replies":[{"embeddable":true,"href":"https:\/\/azturismo.net\/index.php?rest_route=%2Fwp%2Fv2%2Fcomments&post=6526"}],"version-history":[{"count":2,"href":"https:\/\/azturismo.net\/index.php?rest_route=\/wp\/v2\/posts\/6526\/revisions"}],"predecessor-version":[{"id":6532,"href":"https:\/\/azturismo.net\/index.php?rest_route=\/wp\/v2\/posts\/6526\/revisions\/6532"}],"wp:featuredmedia":[{"embeddable":true,"href":"https:\/\/azturismo.net\/index.php?rest_route=\/wp\/v2\/media\/6527"}],"wp:attachment":[{"href":"https:\/\/azturismo.net\/index.php?rest_route=%2Fwp%2Fv2%2Fmedia&parent=6526"}],"wp:term":[{"taxonomy":"category","embeddable":true,"href":"https:\/\/azturismo.net\/index.php?rest_route=%2Fwp%2Fv2%2Fcategories&post=6526"},{"taxonomy":"post_tag","embeddable":true,"href":"https:\/\/azturismo.net\/index.php?rest_route=%2Fwp%2Fv2%2Ftags&post=6526"}],"curies":[{"name":"wp","href":"https:\/\/api.w.org\/{rel}","templated":true}]}}