{"id":6504,"date":"2025-11-21T18:06:00","date_gmt":"2025-11-22T00:06:00","guid":{"rendered":"https:\/\/azturismo.net\/?p=6504"},"modified":"2025-11-19T21:13:19","modified_gmt":"2025-11-20T03:13:19","slug":"%e2%9d%a4%ef%b8%8f-corazon-corazon-la-exposicion-que-late-por-la-conciencia-cardiaca-llega-a-cdmx","status":"publish","type":"post","link":"https:\/\/azturismo.net\/?p=6504","title":{"rendered":"\u2764\ufe0f &#8220;Coraz\u00f3n, coraz\u00f3n&#8221;, la exposici\u00f3n que late por la conciencia card\u00edaca"},"content":{"rendered":"\n<p>Por Staff AzTurismo<\/p>\n\n\n\n<p>Un proyecto art\u00edstico y social de gran trascendencia se alista para tocar las fibras sensibles del p\u00fablico mexicano. La exposici\u00f3n colectiva <strong>&#8220;Coraz\u00f3n, Coraz\u00f3n&#8221;<\/strong> se inaugurar\u00e1 este diciembre en la capital del pa\u00eds, marcando el inicio de una cruzada art\u00edstica dedicada a la <strong>concientizaci\u00f3n sobre las enfermedades cardiop\u00e1ticas<\/strong>.<\/p>\n\n\n\n<p>La muestra busca utilizar el poder del arte para generar di\u00e1logo y visibilidad sobre la salud del coraz\u00f3n, una causa que requiere atenci\u00f3n urgente.<\/p>\n\n\n\n<h3 class=\"wp-block-heading\">\ud83d\uddbc\ufe0f Inauguraci\u00f3n y Gira Nacional<\/h3>\n\n\n\n<p>La exposici\u00f3n tendr\u00e1 su primera parada en la c\u00e9ntrica <strong>Galer\u00eda ICONOS del Instituto de Investigaci\u00f3n en Comunicaci\u00f3n y Cultura (IICC)<\/strong>, un espacio que se convertir\u00e1 en el epicentro de esta iniciativa.<\/p>\n\n\n<div class=\"wp-block-image\">\n<figure class=\"alignleft size-large is-resized\"><img data-recalc-dims=\"1\" loading=\"lazy\" decoding=\"async\" width=\"592\" height=\"1024\" data-attachment-id=\"6506\" data-permalink=\"https:\/\/azturismo.net\/?attachment_id=6506\" data-orig-file=\"https:\/\/i0.wp.com\/azturismo.net\/wp-content\/uploads\/2025\/11\/corazon-corazon.jpeg?fit=600%2C1038&amp;ssl=1\" data-orig-size=\"600,1038\" data-comments-opened=\"1\" data-image-meta=\"{&quot;aperture&quot;:&quot;0&quot;,&quot;credit&quot;:&quot;&quot;,&quot;camera&quot;:&quot;&quot;,&quot;caption&quot;:&quot;&quot;,&quot;created_timestamp&quot;:&quot;0&quot;,&quot;copyright&quot;:&quot;&quot;,&quot;focal_length&quot;:&quot;0&quot;,&quot;iso&quot;:&quot;0&quot;,&quot;shutter_speed&quot;:&quot;0&quot;,&quot;title&quot;:&quot;&quot;,&quot;orientation&quot;:&quot;1&quot;}\" data-image-title=\"corazon-corazon\" data-image-description=\"\" data-image-caption=\"\" data-large-file=\"https:\/\/i0.wp.com\/azturismo.net\/wp-content\/uploads\/2025\/11\/corazon-corazon.jpeg?fit=592%2C1024&amp;ssl=1\" src=\"https:\/\/i0.wp.com\/azturismo.net\/wp-content\/uploads\/2025\/11\/corazon-corazon.jpeg?resize=592%2C1024&#038;ssl=1\" alt=\"\" class=\"wp-image-6506\" style=\"width:399px;height:auto\" srcset=\"https:\/\/i0.wp.com\/azturismo.net\/wp-content\/uploads\/2025\/11\/corazon-corazon.jpeg?resize=592%2C1024&amp;ssl=1 592w, https:\/\/i0.wp.com\/azturismo.net\/wp-content\/uploads\/2025\/11\/corazon-corazon.jpeg?resize=173%2C300&amp;ssl=1 173w, https:\/\/i0.wp.com\/azturismo.net\/wp-content\/uploads\/2025\/11\/corazon-corazon.jpeg?resize=150%2C260&amp;ssl=1 150w, https:\/\/i0.wp.com\/azturismo.net\/wp-content\/uploads\/2025\/11\/corazon-corazon.jpeg?resize=300%2C519&amp;ssl=1 300w, https:\/\/i0.wp.com\/azturismo.net\/wp-content\/uploads\/2025\/11\/corazon-corazon.jpeg?w=600&amp;ssl=1 600w\" sizes=\"auto, (max-width: 592px) 100vw, 592px\" \/><\/figure><\/div>\n\n\n<p>Tras su debut en la CDMX, los organizadores han confirmado que la muestra iniciar\u00e1 una gira itinerante, llevando el mensaje de concientizaci\u00f3n a <strong>otra ciudad del interior del Pa\u00eds<\/strong>, demostrando el alcance nacional de este movimiento art\u00edstico con causa.<\/p>\n\n\n\n<h3 class=\"wp-block-heading\">\ud83e\udd1d Uniendo Fuerzas por el Arte y la Salud<\/h3>\n\n\n\n<p>Esta ambiciosa iniciativa es posible gracias a la uni\u00f3n de un destacado grupo de promotores culturales y fundaciones:<\/p>\n\n\n\n<ul class=\"wp-block-list\">\n<li><strong>\u00c1REA 7<\/strong> de Fernando Aroche (Organizador principal).<\/li>\n\n\n\n<li><strong>Galer\u00eda ICONOS<\/strong> del IICC (CDMX).<\/li>\n\n\n\n<li><strong>Fundaci\u00f3n Respira e Inspira.<\/strong><\/li>\n\n\n\n<li><strong>Galer\u00eda Recrearte<\/strong> de Telma Parra (Navojoa, Sonora).<\/li>\n\n\n\n<li><strong>Galer\u00eda Ana Sofia<\/strong> de Vicky Osorio (Puebla, Pue.).<\/li>\n\n\n\n<li><strong>Taller de Arte Klap\u00e9s<\/strong> de Roc\u00edo Klap\u00e9s (CDMX).<\/li>\n\n\n\n<li><strong>Taller Estudio Roc\u00edo Gonz\u00e1lez P\u00e1ez<\/strong> (Metepec, Edo. Mex.).<\/li>\n<\/ul>\n\n\n\n<h3 class=\"wp-block-heading\">\ud83c\udfa8 Convocatoria Abierta: \u00a1El Arte Late Fuerte!<\/h3>\n\n\n\n<p>La organizaci\u00f3n est\u00e1 lanzando una <strong>convocatoria nacional<\/strong> a todos los creativos para sumarse a esta noble causa. Se invita a:<\/p>\n\n\n\n<ul class=\"wp-block-list\">\n<li><strong>Artistas Pl\u00e1sticos y Visuales<\/strong><\/li>\n\n\n\n<li><strong>Gr\u00e1ficos e Ilustradores<\/strong><\/li>\n\n\n\n<li><strong>Dibujantes y Dise\u00f1adores<\/strong><\/li>\n\n\n\n<li><strong>Fot\u00f3grafos y Arquitectos<\/strong><\/li>\n<\/ul>\n\n\n\n<h4 class=\"wp-block-heading\">Detalles Clave para Participar:<\/h4>\n\n\n\n<ol start=\"1\" class=\"wp-block-list\">\n<li><strong>Soporte \u00danico:<\/strong> Los organizadores han producido un soporte especial con forma de coraz\u00f3n, tama\u00f1o carta, elaborado en papel art\u00edstico profesional <strong>Stonehenge Aqua de 300 gr.<\/strong><\/li>\n\n\n\n<li><strong>Libertad Creativa:<\/strong> Los artistas realizar\u00e1n su obra libremente sobre este soporte.<\/li>\n\n\n\n<li><strong>Apoyo al Artista:<\/strong> El <strong>soporte<\/strong> y los costos de <strong>env\u00edo<\/strong> para recibir la obra correr\u00e1n por cuenta de los organizadores.<\/li>\n<\/ol>\n\n\n\n<p>Una vez finalizada la obra, el artista deber\u00e1 entregar el soporte a los organizadores para su montaje y exhibici\u00f3n.<\/p>\n\n\n\n<h3 class=\"wp-block-heading\">\ud83d\udce3 \u00bfEres Artista y quieres ser parte de &#8220;Coraz\u00f3n, Coraz\u00f3n&#8221;?<\/h3>\n\n\n\n<p>Si deseas prestar tu talento para apoyar la concientizaci\u00f3n de las enfermedades card\u00edacas, \u00a1esta es tu oportunidad!<\/p>\n\n\n\n<p><strong>\u27a1\ufe0f Contacta al organizador principal:<\/strong><\/p>\n\n\n\n<p>Busca a <strong>Fernando Aroche Bello<\/strong> en su perfil de Facebook para obtener m\u00e1s detalles y sumarte a esta exposici\u00f3n vital.<\/p>\n\n\n\n<p><\/p>\n","protected":false},"excerpt":{"rendered":"<p>Por Staff AzTurismo Un proyecto art\u00edstico y social de gran trascendencia se alista para tocar las fibras sensibles del p\u00fablico mexicano. La exposici\u00f3n colectiva &#8220;Coraz\u00f3n, Coraz\u00f3n&#8221; se inaugurar\u00e1 este diciembre en la capital del pa\u00eds, marcando el inicio de una cruzada art\u00edstica dedicada a la concientizaci\u00f3n sobre las enfermedades cardiop\u00e1ticas. La muestra busca utilizar el [&hellip;]<\/p>\n","protected":false},"author":1,"featured_media":6505,"comment_status":"open","ping_status":"open","sticky":false,"template":"","format":"standard","meta":{"jetpack_post_was_ever_published":false,"_jetpack_newsletter_access":"","_jetpack_dont_email_post_to_subs":false,"_jetpack_newsletter_tier_id":0,"_jetpack_memberships_contains_paywalled_content":false,"_jetpack_memberships_contains_paid_content":false,"footnotes":"","jetpack_publicize_message":"","jetpack_publicize_feature_enabled":true,"jetpack_social_post_already_shared":true,"jetpack_social_options":{"image_generator_settings":{"template":"highway","default_image_id":0,"font":"","enabled":false},"version":2}},"categories":[31],"tags":[1975,99,82,3156,3161,3159,3162,3157],"class_list":{"0":"post-6504","1":"post","2":"type-post","3":"status-publish","4":"format-standard","5":"has-post-thumbnail","7":"category-especiales","8":"tag-arte-mexicano","9":"tag-azturismo","10":"tag-cdmx","11":"tag-exposicion-con-causa","12":"tag-exposiciones-cdmx","13":"tag-fernando-aroche","14":"tag-galeria-iconos","15":"tag-salud-cardiaca"},"yoast_head":"<!-- This site is optimized with the Yoast SEO plugin v27.5 - https:\/\/yoast.com\/product\/yoast-seo-wordpress\/ -->\n<title>\u2764\ufe0f &quot;Coraz\u00f3n, coraz\u00f3n&quot;, la exposici\u00f3n que late por la conciencia card\u00edaca - Azturismo Noticias<\/title>\n<meta name=\"description\" content=\"Un proyecto art\u00edstico y social de gran trascendencia se alista para tocar las fibras sensibles del p\u00fablico mexicano. La exposici\u00f3n colectiva &quot;Coraz\u00f3n, Coraz\u00f3n&quot; se inaugurar\u00e1 este diciembre en la capital del pa\u00eds, marcando el inicio de una cruzada art\u00edstica dedicada a la concientizaci\u00f3n sobre las enfermedades cardiop\u00e1ticas.\" \/>\n<meta name=\"robots\" content=\"index, follow, max-snippet:-1, max-image-preview:large, max-video-preview:-1\" \/>\n<link rel=\"canonical\" href=\"https:\/\/azturismo.net\/?p=6504\" \/>\n<meta property=\"og:locale\" content=\"es_MX\" \/>\n<meta property=\"og:type\" content=\"article\" \/>\n<meta property=\"og:title\" content=\"\u2764\ufe0f &quot;Coraz\u00f3n, coraz\u00f3n&quot;, la exposici\u00f3n que late por la conciencia card\u00edaca - Azturismo Noticias\" \/>\n<meta property=\"og:description\" content=\"Un proyecto art\u00edstico y social de gran trascendencia se alista para tocar las fibras sensibles del p\u00fablico mexicano. La exposici\u00f3n colectiva &quot;Coraz\u00f3n, Coraz\u00f3n&quot; se inaugurar\u00e1 este diciembre en la capital del pa\u00eds, marcando el inicio de una cruzada art\u00edstica dedicada a la concientizaci\u00f3n sobre las enfermedades cardiop\u00e1ticas.\" \/>\n<meta property=\"og:url\" content=\"https:\/\/azturismo.net\/?p=6504\" \/>\n<meta property=\"og:site_name\" content=\"Azturismo Noticias\" \/>\n<meta property=\"article:publisher\" content=\"https:\/\/www.facebook.com\/AzturismoNoticias\" \/>\n<meta property=\"article:published_time\" content=\"2025-11-22T00:06:00+00:00\" \/>\n<meta property=\"og:image\" content=\"https:\/\/i0.wp.com\/azturismo.net\/wp-content\/uploads\/2025\/11\/corazon-corazon-exposicion.jpeg?fit=600%2C337&ssl=1\" \/>\n\t<meta property=\"og:image:width\" content=\"600\" \/>\n\t<meta property=\"og:image:height\" content=\"337\" \/>\n\t<meta property=\"og:image:type\" content=\"image\/jpeg\" \/>\n<meta name=\"author\" content=\"Azturismo\" \/>\n<meta name=\"twitter:card\" content=\"summary_large_image\" \/>\n<meta name=\"twitter:creator\" content=\"@AzTurismo\" \/>\n<meta name=\"twitter:site\" content=\"@AzTurismo\" \/>\n<meta name=\"twitter:label1\" content=\"Escrito por\" \/>\n\t<meta name=\"twitter:data1\" content=\"Azturismo\" \/>\n\t<meta name=\"twitter:label2\" content=\"Tiempo de lectura\" \/>\n\t<meta name=\"twitter:data2\" content=\"3 minutos\" \/>\n<script type=\"application\/ld+json\" class=\"yoast-schema-graph\">{\"@context\":\"https:\\\/\\\/schema.org\",\"@graph\":[{\"@type\":\"Article\",\"@id\":\"https:\\\/\\\/azturismo.net\\\/?p=6504#article\",\"isPartOf\":{\"@id\":\"https:\\\/\\\/azturismo.net\\\/?p=6504\"},\"author\":{\"name\":\"Azturismo\",\"@id\":\"https:\\\/\\\/azturismo.net\\\/#\\\/schema\\\/person\\\/4b56d87f51c4d1b518c650739ad3bbc1\"},\"headline\":\"\u2764\ufe0f &#8220;Coraz\u00f3n, coraz\u00f3n&#8221;, la exposici\u00f3n que late por la conciencia card\u00edaca\",\"datePublished\":\"2025-11-22T00:06:00+00:00\",\"mainEntityOfPage\":{\"@id\":\"https:\\\/\\\/azturismo.net\\\/?p=6504\"},\"wordCount\":451,\"commentCount\":0,\"publisher\":{\"@id\":\"https:\\\/\\\/azturismo.net\\\/#organization\"},\"image\":{\"@id\":\"https:\\\/\\\/azturismo.net\\\/?p=6504#primaryimage\"},\"thumbnailUrl\":\"https:\\\/\\\/i0.wp.com\\\/azturismo.net\\\/wp-content\\\/uploads\\\/2025\\\/11\\\/corazon-corazon-exposicion.jpeg?fit=600%2C337&ssl=1\",\"keywords\":[\"Arte Mexicano\",\"azturismo\",\"cdmx\",\"Exposici\u00f3n Con Causa\",\"exposiciones cdmx\",\"Fernando Aroche\",\"Galer\u00eda Iconos\",\"Salud Card\u00edaca\"],\"articleSection\":[\"ESPECIALES 1\"],\"inLanguage\":\"es\",\"potentialAction\":[{\"@type\":\"CommentAction\",\"name\":\"Comment\",\"target\":[\"https:\\\/\\\/azturismo.net\\\/?p=6504#respond\"]}]},{\"@type\":\"WebPage\",\"@id\":\"https:\\\/\\\/azturismo.net\\\/?p=6504\",\"url\":\"https:\\\/\\\/azturismo.net\\\/?p=6504\",\"name\":\"\u2764\ufe0f \\\"Coraz\u00f3n, coraz\u00f3n\\\", la exposici\u00f3n que late por la conciencia card\u00edaca - Azturismo Noticias\",\"isPartOf\":{\"@id\":\"https:\\\/\\\/azturismo.net\\\/#website\"},\"primaryImageOfPage\":{\"@id\":\"https:\\\/\\\/azturismo.net\\\/?p=6504#primaryimage\"},\"image\":{\"@id\":\"https:\\\/\\\/azturismo.net\\\/?p=6504#primaryimage\"},\"thumbnailUrl\":\"https:\\\/\\\/i0.wp.com\\\/azturismo.net\\\/wp-content\\\/uploads\\\/2025\\\/11\\\/corazon-corazon-exposicion.jpeg?fit=600%2C337&ssl=1\",\"datePublished\":\"2025-11-22T00:06:00+00:00\",\"description\":\"Un proyecto art\u00edstico y social de gran trascendencia se alista para tocar las fibras sensibles del p\u00fablico mexicano. La exposici\u00f3n colectiva \\\"Coraz\u00f3n, Coraz\u00f3n\\\" se inaugurar\u00e1 este diciembre en la capital del pa\u00eds, marcando el inicio de una cruzada art\u00edstica dedicada a la concientizaci\u00f3n sobre las enfermedades cardiop\u00e1ticas.\",\"breadcrumb\":{\"@id\":\"https:\\\/\\\/azturismo.net\\\/?p=6504#breadcrumb\"},\"inLanguage\":\"es\",\"potentialAction\":[{\"@type\":\"ReadAction\",\"target\":[\"https:\\\/\\\/azturismo.net\\\/?p=6504\"]}]},{\"@type\":\"ImageObject\",\"inLanguage\":\"es\",\"@id\":\"https:\\\/\\\/azturismo.net\\\/?p=6504#primaryimage\",\"url\":\"https:\\\/\\\/i0.wp.com\\\/azturismo.net\\\/wp-content\\\/uploads\\\/2025\\\/11\\\/corazon-corazon-exposicion.jpeg?fit=600%2C337&ssl=1\",\"contentUrl\":\"https:\\\/\\\/i0.wp.com\\\/azturismo.net\\\/wp-content\\\/uploads\\\/2025\\\/11\\\/corazon-corazon-exposicion.jpeg?fit=600%2C337&ssl=1\",\"width\":600,\"height\":337},{\"@type\":\"BreadcrumbList\",\"@id\":\"https:\\\/\\\/azturismo.net\\\/?p=6504#breadcrumb\",\"itemListElement\":[{\"@type\":\"ListItem\",\"position\":1,\"name\":\"Home\",\"item\":\"https:\\\/\\\/azturismo.net\\\/\"},{\"@type\":\"ListItem\",\"position\":2,\"name\":\"\u2764\ufe0f &#8220;Coraz\u00f3n, coraz\u00f3n&#8221;, la exposici\u00f3n que late por la conciencia card\u00edaca\"}]},{\"@type\":\"WebSite\",\"@id\":\"https:\\\/\\\/azturismo.net\\\/#website\",\"url\":\"https:\\\/\\\/azturismo.net\\\/\",\"name\":\"Azturismo\",\"description\":\"Azturismo Noticias\",\"publisher\":{\"@id\":\"https:\\\/\\\/azturismo.net\\\/#organization\"},\"potentialAction\":[{\"@type\":\"SearchAction\",\"target\":{\"@type\":\"EntryPoint\",\"urlTemplate\":\"https:\\\/\\\/azturismo.net\\\/?s={search_term_string}\"},\"query-input\":{\"@type\":\"PropertyValueSpecification\",\"valueRequired\":true,\"valueName\":\"search_term_string\"}}],\"inLanguage\":\"es\"},{\"@type\":\"Organization\",\"@id\":\"https:\\\/\\\/azturismo.net\\\/#organization\",\"name\":\"Azturismo\",\"url\":\"https:\\\/\\\/azturismo.net\\\/\",\"logo\":{\"@type\":\"ImageObject\",\"inLanguage\":\"es\",\"@id\":\"https:\\\/\\\/azturismo.net\\\/#\\\/schema\\\/logo\\\/image\\\/\",\"url\":\"https:\\\/\\\/i0.wp.com\\\/azturismo.net\\\/wp-content\\\/uploads\\\/2024\\\/03\\\/logo-el-bueno-.png?fit=294%2C69&ssl=1\",\"contentUrl\":\"https:\\\/\\\/i0.wp.com\\\/azturismo.net\\\/wp-content\\\/uploads\\\/2024\\\/03\\\/logo-el-bueno-.png?fit=294%2C69&ssl=1\",\"width\":294,\"height\":69,\"caption\":\"Azturismo\"},\"image\":{\"@id\":\"https:\\\/\\\/azturismo.net\\\/#\\\/schema\\\/logo\\\/image\\\/\"},\"sameAs\":[\"https:\\\/\\\/www.facebook.com\\\/AzturismoNoticias\",\"https:\\\/\\\/x.com\\\/AzTurismo\",\"https:\\\/\\\/www.instagram.com\\\/azturismo_noticias\\\/?fbclid=IwAR2xMiuoHbs6eLeIHKP8P5sSGa-xFrw7FfejscXO7kDghWa7wKLjGczKOwE\",\"https:\\\/\\\/www.tiktok.com\\\/@azturismo\"]},{\"@type\":\"Person\",\"@id\":\"https:\\\/\\\/azturismo.net\\\/#\\\/schema\\\/person\\\/4b56d87f51c4d1b518c650739ad3bbc1\",\"name\":\"Azturismo\",\"image\":{\"@type\":\"ImageObject\",\"inLanguage\":\"es\",\"@id\":\"https:\\\/\\\/azturismo.net\\\/wp-content\\\/litespeed\\\/avatar\\\/dfe28a31cdd68b788da48a316e50db10.jpg?ver=1777101936\",\"url\":\"https:\\\/\\\/azturismo.net\\\/wp-content\\\/litespeed\\\/avatar\\\/dfe28a31cdd68b788da48a316e50db10.jpg?ver=1777101936\",\"contentUrl\":\"https:\\\/\\\/azturismo.net\\\/wp-content\\\/litespeed\\\/avatar\\\/dfe28a31cdd68b788da48a316e50db10.jpg?ver=1777101936\",\"caption\":\"Azturismo\"},\"sameAs\":[\"https:\\\/\\\/azturismo.net\"],\"url\":\"https:\\\/\\\/azturismo.net\\\/?author=1\"}]}<\/script>\n<!-- \/ Yoast SEO plugin. -->","yoast_head_json":{"title":"\u2764\ufe0f \"Coraz\u00f3n, coraz\u00f3n\", la exposici\u00f3n que late por la conciencia card\u00edaca - Azturismo Noticias","description":"Un proyecto art\u00edstico y social de gran trascendencia se alista para tocar las fibras sensibles del p\u00fablico mexicano. La exposici\u00f3n colectiva \"Coraz\u00f3n, Coraz\u00f3n\" se inaugurar\u00e1 este diciembre en la capital del pa\u00eds, marcando el inicio de una cruzada art\u00edstica dedicada a la concientizaci\u00f3n sobre las enfermedades cardiop\u00e1ticas.","robots":{"index":"index","follow":"follow","max-snippet":"max-snippet:-1","max-image-preview":"max-image-preview:large","max-video-preview":"max-video-preview:-1"},"canonical":"https:\/\/azturismo.net\/?p=6504","og_locale":"es_MX","og_type":"article","og_title":"\u2764\ufe0f \"Coraz\u00f3n, coraz\u00f3n\", la exposici\u00f3n que late por la conciencia card\u00edaca - Azturismo Noticias","og_description":"Un proyecto art\u00edstico y social de gran trascendencia se alista para tocar las fibras sensibles del p\u00fablico mexicano. La exposici\u00f3n colectiva \"Coraz\u00f3n, Coraz\u00f3n\" se inaugurar\u00e1 este diciembre en la capital del pa\u00eds, marcando el inicio de una cruzada art\u00edstica dedicada a la concientizaci\u00f3n sobre las enfermedades cardiop\u00e1ticas.","og_url":"https:\/\/azturismo.net\/?p=6504","og_site_name":"Azturismo Noticias","article_publisher":"https:\/\/www.facebook.com\/AzturismoNoticias","article_published_time":"2025-11-22T00:06:00+00:00","og_image":[{"width":600,"height":337,"url":"https:\/\/i0.wp.com\/azturismo.net\/wp-content\/uploads\/2025\/11\/corazon-corazon-exposicion.jpeg?fit=600%2C337&ssl=1","type":"image\/jpeg"}],"author":"Azturismo","twitter_card":"summary_large_image","twitter_creator":"@AzTurismo","twitter_site":"@AzTurismo","twitter_misc":{"Escrito por":"Azturismo","Tiempo de lectura":"3 minutos"},"schema":{"@context":"https:\/\/schema.org","@graph":[{"@type":"Article","@id":"https:\/\/azturismo.net\/?p=6504#article","isPartOf":{"@id":"https:\/\/azturismo.net\/?p=6504"},"author":{"name":"Azturismo","@id":"https:\/\/azturismo.net\/#\/schema\/person\/4b56d87f51c4d1b518c650739ad3bbc1"},"headline":"\u2764\ufe0f &#8220;Coraz\u00f3n, coraz\u00f3n&#8221;, la exposici\u00f3n que late por la conciencia card\u00edaca","datePublished":"2025-11-22T00:06:00+00:00","mainEntityOfPage":{"@id":"https:\/\/azturismo.net\/?p=6504"},"wordCount":451,"commentCount":0,"publisher":{"@id":"https:\/\/azturismo.net\/#organization"},"image":{"@id":"https:\/\/azturismo.net\/?p=6504#primaryimage"},"thumbnailUrl":"https:\/\/i0.wp.com\/azturismo.net\/wp-content\/uploads\/2025\/11\/corazon-corazon-exposicion.jpeg?fit=600%2C337&ssl=1","keywords":["Arte Mexicano","azturismo","cdmx","Exposici\u00f3n Con Causa","exposiciones cdmx","Fernando Aroche","Galer\u00eda Iconos","Salud Card\u00edaca"],"articleSection":["ESPECIALES 1"],"inLanguage":"es","potentialAction":[{"@type":"CommentAction","name":"Comment","target":["https:\/\/azturismo.net\/?p=6504#respond"]}]},{"@type":"WebPage","@id":"https:\/\/azturismo.net\/?p=6504","url":"https:\/\/azturismo.net\/?p=6504","name":"\u2764\ufe0f \"Coraz\u00f3n, coraz\u00f3n\", la exposici\u00f3n que late por la conciencia card\u00edaca - Azturismo Noticias","isPartOf":{"@id":"https:\/\/azturismo.net\/#website"},"primaryImageOfPage":{"@id":"https:\/\/azturismo.net\/?p=6504#primaryimage"},"image":{"@id":"https:\/\/azturismo.net\/?p=6504#primaryimage"},"thumbnailUrl":"https:\/\/i0.wp.com\/azturismo.net\/wp-content\/uploads\/2025\/11\/corazon-corazon-exposicion.jpeg?fit=600%2C337&ssl=1","datePublished":"2025-11-22T00:06:00+00:00","description":"Un proyecto art\u00edstico y social de gran trascendencia se alista para tocar las fibras sensibles del p\u00fablico mexicano. La exposici\u00f3n colectiva \"Coraz\u00f3n, Coraz\u00f3n\" se inaugurar\u00e1 este diciembre en la capital del pa\u00eds, marcando el inicio de una cruzada art\u00edstica dedicada a la concientizaci\u00f3n sobre las enfermedades cardiop\u00e1ticas.","breadcrumb":{"@id":"https:\/\/azturismo.net\/?p=6504#breadcrumb"},"inLanguage":"es","potentialAction":[{"@type":"ReadAction","target":["https:\/\/azturismo.net\/?p=6504"]}]},{"@type":"ImageObject","inLanguage":"es","@id":"https:\/\/azturismo.net\/?p=6504#primaryimage","url":"https:\/\/i0.wp.com\/azturismo.net\/wp-content\/uploads\/2025\/11\/corazon-corazon-exposicion.jpeg?fit=600%2C337&ssl=1","contentUrl":"https:\/\/i0.wp.com\/azturismo.net\/wp-content\/uploads\/2025\/11\/corazon-corazon-exposicion.jpeg?fit=600%2C337&ssl=1","width":600,"height":337},{"@type":"BreadcrumbList","@id":"https:\/\/azturismo.net\/?p=6504#breadcrumb","itemListElement":[{"@type":"ListItem","position":1,"name":"Home","item":"https:\/\/azturismo.net\/"},{"@type":"ListItem","position":2,"name":"\u2764\ufe0f &#8220;Coraz\u00f3n, coraz\u00f3n&#8221;, la exposici\u00f3n que late por la conciencia card\u00edaca"}]},{"@type":"WebSite","@id":"https:\/\/azturismo.net\/#website","url":"https:\/\/azturismo.net\/","name":"Azturismo","description":"Azturismo Noticias","publisher":{"@id":"https:\/\/azturismo.net\/#organization"},"potentialAction":[{"@type":"SearchAction","target":{"@type":"EntryPoint","urlTemplate":"https:\/\/azturismo.net\/?s={search_term_string}"},"query-input":{"@type":"PropertyValueSpecification","valueRequired":true,"valueName":"search_term_string"}}],"inLanguage":"es"},{"@type":"Organization","@id":"https:\/\/azturismo.net\/#organization","name":"Azturismo","url":"https:\/\/azturismo.net\/","logo":{"@type":"ImageObject","inLanguage":"es","@id":"https:\/\/azturismo.net\/#\/schema\/logo\/image\/","url":"https:\/\/i0.wp.com\/azturismo.net\/wp-content\/uploads\/2024\/03\/logo-el-bueno-.png?fit=294%2C69&ssl=1","contentUrl":"https:\/\/i0.wp.com\/azturismo.net\/wp-content\/uploads\/2024\/03\/logo-el-bueno-.png?fit=294%2C69&ssl=1","width":294,"height":69,"caption":"Azturismo"},"image":{"@id":"https:\/\/azturismo.net\/#\/schema\/logo\/image\/"},"sameAs":["https:\/\/www.facebook.com\/AzturismoNoticias","https:\/\/x.com\/AzTurismo","https:\/\/www.instagram.com\/azturismo_noticias\/?fbclid=IwAR2xMiuoHbs6eLeIHKP8P5sSGa-xFrw7FfejscXO7kDghWa7wKLjGczKOwE","https:\/\/www.tiktok.com\/@azturismo"]},{"@type":"Person","@id":"https:\/\/azturismo.net\/#\/schema\/person\/4b56d87f51c4d1b518c650739ad3bbc1","name":"Azturismo","image":{"@type":"ImageObject","inLanguage":"es","@id":"https:\/\/azturismo.net\/wp-content\/litespeed\/avatar\/dfe28a31cdd68b788da48a316e50db10.jpg?ver=1777101936","url":"https:\/\/azturismo.net\/wp-content\/litespeed\/avatar\/dfe28a31cdd68b788da48a316e50db10.jpg?ver=1777101936","contentUrl":"https:\/\/azturismo.net\/wp-content\/litespeed\/avatar\/dfe28a31cdd68b788da48a316e50db10.jpg?ver=1777101936","caption":"Azturismo"},"sameAs":["https:\/\/azturismo.net"],"url":"https:\/\/azturismo.net\/?author=1"}]}},"jetpack_publicize_connections":[],"jetpack_featured_media_url":"https:\/\/i0.wp.com\/azturismo.net\/wp-content\/uploads\/2025\/11\/corazon-corazon-exposicion.jpeg?fit=600%2C337&ssl=1","jetpack_sharing_enabled":true,"jetpack-related-posts":[{"id":6139,"url":"https:\/\/azturismo.net\/?p=6139","url_meta":{"origin":6504,"position":0},"title":"Artistas mexicanos rinden homenaje a Vincent Van Gogh con una exposici\u00f3n en \u00c1msterdam","author":"Azturismo","date":"octubre 23, 2025","format":false,"excerpt":"Por Staff AzTurismo \u00c1msterdam, Pa\u00edses Bajos.- A 135 a\u00f1os del fallecimiento de Vincent Van Gogh, el arte mexicano cruz\u00f3 fronteras para rendir tributo al pintor neerland\u00e9s con la exposici\u00f3n \u201cPasi\u00f3n, girasoles y noches estrelladas. Homenaje Pl\u00e1stico y Gr\u00e1fico a Vincent Van Gogh\u201d, una colectiva integrada por m\u00e1s de un centenar\u2026","rel":"","context":"En &quot;NOTITUR&quot;","block_context":{"text":"NOTITUR","link":"https:\/\/azturismo.net\/?cat=25"},"img":{"alt_text":"","src":"https:\/\/i0.wp.com\/azturismo.net\/wp-content\/uploads\/2025\/10\/Vincent-Van-Gogh-homenaje-1.jpeg?fit=600%2C790&ssl=1&resize=350%2C200","width":350,"height":200,"srcset":"https:\/\/i0.wp.com\/azturismo.net\/wp-content\/uploads\/2025\/10\/Vincent-Van-Gogh-homenaje-1.jpeg?fit=600%2C790&ssl=1&resize=350%2C200 1x, https:\/\/i0.wp.com\/azturismo.net\/wp-content\/uploads\/2025\/10\/Vincent-Van-Gogh-homenaje-1.jpeg?fit=600%2C790&ssl=1&resize=525%2C300 1.5x"},"classes":[]},{"id":5564,"url":"https:\/\/azturismo.net\/?p=5564","url_meta":{"origin":6504,"position":1},"title":"Vive el arte y la historia a trav\u00e9s de los sentidos en Sectur federal","author":"Azturismo","date":"septiembre 23, 2025","format":false,"excerpt":"Por Oscar V\u00e1zquez C. La Secretar\u00eda de Turismo del Gobierno de M\u00e9xico (Sectur) y el Instituto Mexicano de Turismo y Accesibilidad (IMETAC) inauguraron la exposici\u00f3n multisensorial \u201cLos Muros que Derribamos\u201d, una muestra que invita a vivir el arte y la historia a trav\u00e9s de los sentidos, con el prop\u00f3sito de\u2026","rel":"","context":"En &quot;Destacadas&quot;","block_context":{"text":"Destacadas","link":"https:\/\/azturismo.net\/?cat=30"},"img":{"alt_text":"","src":"https:\/\/i0.wp.com\/azturismo.net\/wp-content\/uploads\/2025\/09\/Comunicado-204-4.jpg?fit=768%2C511&ssl=1&resize=350%2C200","width":350,"height":200,"srcset":"https:\/\/i0.wp.com\/azturismo.net\/wp-content\/uploads\/2025\/09\/Comunicado-204-4.jpg?fit=768%2C511&ssl=1&resize=350%2C200 1x, https:\/\/i0.wp.com\/azturismo.net\/wp-content\/uploads\/2025\/09\/Comunicado-204-4.jpg?fit=768%2C511&ssl=1&resize=525%2C300 1.5x, https:\/\/i0.wp.com\/azturismo.net\/wp-content\/uploads\/2025\/09\/Comunicado-204-4.jpg?fit=768%2C511&ssl=1&resize=700%2C400 2x"},"classes":[]},{"id":6921,"url":"https:\/\/azturismo.net\/?p=6921","url_meta":{"origin":6504,"position":2},"title":"Morelos Conquista la CDMX","author":"Azturismo","date":"marzo 18, 2026","format":false,"excerpt":"Por Staff Azturismo Si est\u00e1s en la Ciudad de M\u00e9xico y buscas inspiraci\u00f3n para tu pr\u00f3xima escapada, el estado de Morelos ha tra\u00eddo un pedazo de su alma al coraz\u00f3n de la capital. Durante todo el mes de marzo, el espacio de Punto M\u00e9xico (en Polanco) se transforma en una\u2026","rel":"","context":"En &quot;Destacadas&quot;","block_context":{"text":"Destacadas","link":"https:\/\/azturismo.net\/?cat=30"},"img":{"alt_text":"","src":"https:\/\/i0.wp.com\/azturismo.net\/wp-content\/uploads\/2026\/03\/moreloa-puntomexico02.jpeg?fit=600%2C400&ssl=1&resize=350%2C200","width":350,"height":200,"srcset":"https:\/\/i0.wp.com\/azturismo.net\/wp-content\/uploads\/2026\/03\/moreloa-puntomexico02.jpeg?fit=600%2C400&ssl=1&resize=350%2C200 1x, https:\/\/i0.wp.com\/azturismo.net\/wp-content\/uploads\/2026\/03\/moreloa-puntomexico02.jpeg?fit=600%2C400&ssl=1&resize=525%2C300 1.5x"},"classes":[]},{"id":4656,"url":"https:\/\/azturismo.net\/?p=4656","url_meta":{"origin":6504,"position":3},"title":"\u00a1Agosto te ofrece 13 recorridos imperdibles por la CDMX!","author":"Azturismo","date":"agosto 1, 2025","format":false,"excerpt":"Paseos Culturales INAH Por Staff AzTurismo El Instituto Nacional de Antropolog\u00eda e Historia (INAH) presenta su agenda de Paseos Culturales para agosto 2025, con 13 recorridos \u00fanicos que combinan historia, arte, arqueolog\u00eda y cultura en los destinos m\u00e1s emblem\u00e1ticos de la Ciudad de M\u00e9xico. \u00bfQu\u00e9 son los Paseos Culturales INAH?\u2026","rel":"","context":"En &quot;Destacadas&quot;","block_context":{"text":"Destacadas","link":"https:\/\/azturismo.net\/?cat=30"},"img":{"alt_text":"","src":"https:\/\/i0.wp.com\/azturismo.net\/wp-content\/uploads\/2025\/08\/La-vida-del-tlatoani-Cuauhtemoc-sera-el-eje-de-un-paseo-cultural-por-el-Centro-Historico-de-la-Ciudad-de-Mexico-y-Tlatelolco.-Foto-Eduardo-Suarez-INAH.jpg?fit=600%2C400&ssl=1&resize=350%2C200","width":350,"height":200,"srcset":"https:\/\/i0.wp.com\/azturismo.net\/wp-content\/uploads\/2025\/08\/La-vida-del-tlatoani-Cuauhtemoc-sera-el-eje-de-un-paseo-cultural-por-el-Centro-Historico-de-la-Ciudad-de-Mexico-y-Tlatelolco.-Foto-Eduardo-Suarez-INAH.jpg?fit=600%2C400&ssl=1&resize=350%2C200 1x, https:\/\/i0.wp.com\/azturismo.net\/wp-content\/uploads\/2025\/08\/La-vida-del-tlatoani-Cuauhtemoc-sera-el-eje-de-un-paseo-cultural-por-el-Centro-Historico-de-la-Ciudad-de-Mexico-y-Tlatelolco.-Foto-Eduardo-Suarez-INAH.jpg?fit=600%2C400&ssl=1&resize=525%2C300 1.5x"},"classes":[]},{"id":6090,"url":"https:\/\/azturismo.net\/?p=6090","url_meta":{"origin":6504,"position":4},"title":"Restaurante Sendero se envuelve en el esp\u00edritu oaxaque\u00f1o para celebrar el D\u00eda de Muertos","author":"Azturismo","date":"octubre 23, 2025","format":false,"excerpt":"Por Staff AzTurismo \ud83d\udc80 El restaurante Sendero, reconocido por su propuesta de cocina mexicana y latinoamericana, celebra una de las tradiciones m\u00e1s emblem\u00e1ticas del pa\u00eds con la segunda edici\u00f3n de Sendero de \u00c1nimas, una experiencia gastron\u00f3mica y art\u00edstica inspirada en la riqueza cultural de Oaxaca y su profunda conexi\u00f3n con\u2026","rel":"","context":"En &quot;Destacadas&quot;","block_context":{"text":"Destacadas","link":"https:\/\/azturismo.net\/?cat=30"},"img":{"alt_text":"","src":"https:\/\/i0.wp.com\/azturismo.net\/wp-content\/uploads\/2025\/10\/RestauranteSendero8.png?fit=600%2C600&ssl=1&resize=350%2C200","width":350,"height":200,"srcset":"https:\/\/i0.wp.com\/azturismo.net\/wp-content\/uploads\/2025\/10\/RestauranteSendero8.png?fit=600%2C600&ssl=1&resize=350%2C200 1x, https:\/\/i0.wp.com\/azturismo.net\/wp-content\/uploads\/2025\/10\/RestauranteSendero8.png?fit=600%2C600&ssl=1&resize=525%2C300 1.5x"},"classes":[]},{"id":3464,"url":"https:\/\/azturismo.net\/?p=3464","url_meta":{"origin":6504,"position":5},"title":"\ud83c\udf37Coatepec se llena de color con la Feria Internacional de la Orqu\u00eddea 2025","author":"Azturismo","date":"marzo 25, 2025","format":false,"excerpt":"Por Staff AzTurismo Del 11 al 20 de abril, el Pueblo M\u00e1gico de Coatepec, Veracruz, ser\u00e1 sede de la 15\u00aa Edici\u00f3n del Festival Internacional de la Orqu\u00eddea, el evento m\u00e1s grande de su tipo en M\u00e9xico. Participar\u00e1n 200 productores, investigadores, artesanos y cafeticultores, quienes exhibir\u00e1n m\u00e1s de 25 mil flores\u2026","rel":"","context":"En &quot;Destacadas&quot;","block_context":{"text":"Destacadas","link":"https:\/\/azturismo.net\/?cat=30"},"img":{"alt_text":"","src":"https:\/\/i0.wp.com\/azturismo.net\/wp-content\/uploads\/2025\/03\/PSX_20250325_173253.jpg?fit=600%2C347&ssl=1&resize=350%2C200","width":350,"height":200,"srcset":"https:\/\/i0.wp.com\/azturismo.net\/wp-content\/uploads\/2025\/03\/PSX_20250325_173253.jpg?fit=600%2C347&ssl=1&resize=350%2C200 1x, https:\/\/i0.wp.com\/azturismo.net\/wp-content\/uploads\/2025\/03\/PSX_20250325_173253.jpg?fit=600%2C347&ssl=1&resize=525%2C300 1.5x"},"classes":[]}],"jetpack_shortlink":"https:\/\/wp.me\/pfqZGx-1GU","amp_enabled":true,"_links":{"self":[{"href":"https:\/\/azturismo.net\/index.php?rest_route=\/wp\/v2\/posts\/6504","targetHints":{"allow":["GET"]}}],"collection":[{"href":"https:\/\/azturismo.net\/index.php?rest_route=\/wp\/v2\/posts"}],"about":[{"href":"https:\/\/azturismo.net\/index.php?rest_route=\/wp\/v2\/types\/post"}],"author":[{"embeddable":true,"href":"https:\/\/azturismo.net\/index.php?rest_route=\/wp\/v2\/users\/1"}],"replies":[{"embeddable":true,"href":"https:\/\/azturismo.net\/index.php?rest_route=%2Fwp%2Fv2%2Fcomments&post=6504"}],"version-history":[{"count":2,"href":"https:\/\/azturismo.net\/index.php?rest_route=\/wp\/v2\/posts\/6504\/revisions"}],"predecessor-version":[{"id":6545,"href":"https:\/\/azturismo.net\/index.php?rest_route=\/wp\/v2\/posts\/6504\/revisions\/6545"}],"wp:featuredmedia":[{"embeddable":true,"href":"https:\/\/azturismo.net\/index.php?rest_route=\/wp\/v2\/media\/6505"}],"wp:attachment":[{"href":"https:\/\/azturismo.net\/index.php?rest_route=%2Fwp%2Fv2%2Fmedia&parent=6504"}],"wp:term":[{"taxonomy":"category","embeddable":true,"href":"https:\/\/azturismo.net\/index.php?rest_route=%2Fwp%2Fv2%2Fcategories&post=6504"},{"taxonomy":"post_tag","embeddable":true,"href":"https:\/\/azturismo.net\/index.php?rest_route=%2Fwp%2Fv2%2Ftags&post=6504"}],"curies":[{"name":"wp","href":"https:\/\/api.w.org\/{rel}","templated":true}]}}