{"id":6470,"date":"2025-11-17T19:07:00","date_gmt":"2025-11-18T01:07:00","guid":{"rendered":"https:\/\/azturismo.net\/?p=6470"},"modified":"2025-11-14T21:34:19","modified_gmt":"2025-11-15T03:34:19","slug":"impulsan-productos-turisticos-especializados-en-adultos-mayores","status":"publish","type":"post","link":"https:\/\/azturismo.net\/?p=6470","title":{"rendered":"Impulsan productos tur\u00edsticos especializados en adultos mayores"},"content":{"rendered":"\n<p>Por Staff AzTurismo<\/p>\n\n\n\n<p>La Asociaci\u00f3n Mexicana de Desarrolladores Tur\u00edsticos (AMDETUR) y la Asociaci\u00f3n Mexicana de Asistencia en el Retiro (AMAR) firmaron un convenio de colaboraci\u00f3n para promover el desarrollo de productos tur\u00edsticos y residenciales dirigidos a adultos mayores de 50 a\u00f1os, consolidando a M\u00e9xico como un destino clave para el retiro activo, la segunda residencia y el turismo de bienestar.<\/p>\n\n\n\n<p>El acuerdo plantea acciones conjuntas para impulsar programas vacacionales y complejos residenciales con servicios de bienestar, asistencia y vida activa, dise\u00f1ados para viajeros y residentes nacionales y extranjeros que buscan un estilo de vida saludable, seguro y con prop\u00f3sito durante esta etapa de la vida.<\/p>\n\n\n\n<h3 class=\"wp-block-heading\"><strong>M\u00e9xico, destino preferido para el retiro<\/strong><\/h3>\n\n\n\n<p>En la \u00faltima d\u00e9cada, M\u00e9xico se posicion\u00f3 como uno de los pa\u00edses m\u00e1s atractivos para el retiro en Norteam\u00e9rica. Actualmente, cerca de <strong>dos millones de estadounidenses y canadienses jubilados<\/strong> residen en el pa\u00eds, atra\u00eddos por su clima, accesibilidad, atenci\u00f3n m\u00e9dica y oferta cultural.<\/p>\n\n\n\n<p>Para AMAR, este crecimiento forma parte de la <strong>Econom\u00eda de la Longevidad<\/strong>, un fen\u00f3meno que hoy representa uno de los mayores motores de la inversi\u00f3n inmobiliaria y tur\u00edstica. Tan solo en Norteam\u00e9rica, existen m\u00e1s de <strong>125 millones de personas mayores de 50 a\u00f1os<\/strong> con alto poder adquisitivo y nuevas expectativas sobre c\u00f3mo desean vivir y viajar.<\/p>\n\n\n\n<h3 class=\"wp-block-heading\"><strong>Turismo, bienestar y permanencias prolongadas<\/strong><\/h3>\n\n\n\n<p>Este segmento muestra inter\u00e9s en experiencias que integren descanso, actividades recreativas y servicios de salud. Sectores como la <strong>Propiedad Vacacional<\/strong> y los <strong>Desarrollos Residenciales Wellness<\/strong> ofrecen condiciones ideales para estancias prolongadas, membres\u00edas flexibles y actividades dise\u00f1adas para mantener la autonom\u00eda y la plenitud.<\/p>\n\n\n\n<p>M\u00e9xico es hoy el <strong>segundo pa\u00eds m\u00e1s importante a nivel global en ventas de membres\u00edas de propiedad vacacional<\/strong>, y el 75% de sus compradores provienen de Estados Unidos y Canad\u00e1, estableci\u00f3 AMDETUR. <\/p>\n\n\n\n<p>\u201cLa Propiedad Vacacional se ha convertido en un formato preferido por los adultos mayores al ofrecer estad\u00edas prolongadas con experiencias que se adaptan a su estilo de vida\u201d, se\u00f1al\u00f3 <strong>Daniel Linares<\/strong>, director ejecutivo de AMDETUR.<\/p>\n\n\n\n<p>Por su parte, <strong>Javier Govi<\/strong>, presidente fundador de AMAR, destac\u00f3: \u201cEsta alianza representa un paso hist\u00f3rico para integrar turismo y longevidad. Queremos que M\u00e9xico lidere el desarrollo de productos tur\u00edsticos y residenciales enfocados en bienestar, salud y plenitud para la generaci\u00f3n 50+\u201d.<\/p>\n\n\n\n<h3 class=\"wp-block-heading\"><strong>Hacia un pa\u00eds l\u00edder en retiro activo<\/strong><\/h3>\n\n\n\n<p>El convenio tambi\u00e9n busca fortalecer la competitividad de M\u00e9xico en el fen\u00f3meno <strong>Nearetiring<\/strong>, una tendencia en la que personas mayores de pa\u00edses desarrollados optan por retirarse en destinos de Am\u00e9rica Latina debido a su costo de vida, calidad de servicios y entorno sociocultural.<\/p>\n\n\n\n<p>AMDETUR y AMAR trabajar\u00e1n de manera coordinada para promover una visi\u00f3n integral del turismo enfocado en bienestar y retiro activo, integrando innovaci\u00f3n, inversi\u00f3n y capacitaci\u00f3n en la industria tur\u00edstica y residencial.<\/p>\n\n\n\n<p><\/p>\n","protected":false},"excerpt":{"rendered":"<p>Por Staff AzTurismo La Asociaci\u00f3n Mexicana de Desarrolladores Tur\u00edsticos (AMDETUR) y la Asociaci\u00f3n Mexicana de Asistencia en el Retiro (AMAR) firmaron un convenio de colaboraci\u00f3n para promover el desarrollo de productos tur\u00edsticos y residenciales dirigidos a adultos mayores de 50 a\u00f1os, consolidando a M\u00e9xico como un destino clave para el retiro activo, la segunda residencia [&hellip;]<\/p>\n","protected":false},"author":1,"featured_media":6471,"comment_status":"open","ping_status":"open","sticky":false,"template":"","format":"standard","meta":{"jetpack_post_was_ever_published":false,"_jetpack_newsletter_access":"","_jetpack_dont_email_post_to_subs":false,"_jetpack_newsletter_tier_id":0,"_jetpack_memberships_contains_paywalled_content":false,"_jetpack_memberships_contains_paid_content":false,"footnotes":"","jetpack_publicize_message":"","jetpack_publicize_feature_enabled":true,"jetpack_social_post_already_shared":true,"jetpack_social_options":{"image_generator_settings":{"template":"highway","default_image_id":0,"font":"","enabled":false},"version":2}},"categories":[30,31,33],"tags":[3126,1949,3127,1951,99,3130,3129,3131,3128,116,38],"class_list":{"0":"post-6470","1":"post","2":"type-post","3":"status-publish","4":"format-standard","5":"has-post-thumbnail","7":"category-e","8":"category-especiales","9":"category-especiales-segundarias","10":"tag-amar","11":"tag-amdetur","12":"tag-asociacion-mexicana-de-asistencia-en-el-retiro","13":"tag-asociacion-mexicana-de-desarrolladores-turisticos","14":"tag-azturismo","15":"tag-daniel-linares","16":"tag-desarrollos-residenciales-wellness","17":"tag-director-ejecutivo-de-amdetur","18":"tag-economia-de-la-longevidad","19":"tag-sectur","20":"tag-viajes"},"yoast_head":"<!-- This site is optimized with the Yoast SEO plugin v27.5 - https:\/\/yoast.com\/product\/yoast-seo-wordpress\/ -->\n<title>Impulsan productos tur\u00edsticos especializados en adultos mayores - Azturismo Noticias<\/title>\n<meta name=\"description\" content=\"AMDETUR y AMAR firman convenio para impulsar productos tur\u00edsticos especializados en adultos mayores, fortaleciendo la econom\u00eda de la longevidad y posicionando a M\u00e9xico como destino l\u00edder para el retiro activo.\" \/>\n<meta name=\"robots\" content=\"index, follow, max-snippet:-1, max-image-preview:large, max-video-preview:-1\" \/>\n<link rel=\"canonical\" href=\"https:\/\/azturismo.net\/?p=6470\" \/>\n<meta property=\"og:locale\" content=\"es_MX\" \/>\n<meta property=\"og:type\" content=\"article\" \/>\n<meta property=\"og:title\" content=\"Impulsan productos tur\u00edsticos especializados en adultos mayores - Azturismo Noticias\" \/>\n<meta property=\"og:description\" content=\"AMDETUR y AMAR firman convenio para impulsar productos tur\u00edsticos especializados en adultos mayores, fortaleciendo la econom\u00eda de la longevidad y posicionando a M\u00e9xico como destino l\u00edder para el retiro activo.\" \/>\n<meta property=\"og:url\" content=\"https:\/\/azturismo.net\/?p=6470\" \/>\n<meta property=\"og:site_name\" content=\"Azturismo Noticias\" \/>\n<meta property=\"article:publisher\" content=\"https:\/\/www.facebook.com\/AzturismoNoticias\" \/>\n<meta property=\"article:published_time\" content=\"2025-11-18T01:07:00+00:00\" \/>\n<meta property=\"og:image\" content=\"https:\/\/i0.wp.com\/azturismo.net\/wp-content\/uploads\/2025\/11\/Amar-AdultosMayores-Amdetur.png?fit=600%2C609&ssl=1\" \/>\n\t<meta property=\"og:image:width\" content=\"600\" \/>\n\t<meta property=\"og:image:height\" content=\"609\" \/>\n\t<meta property=\"og:image:type\" content=\"image\/png\" \/>\n<meta name=\"author\" content=\"Azturismo\" \/>\n<meta name=\"twitter:card\" content=\"summary_large_image\" \/>\n<meta name=\"twitter:creator\" content=\"@AzTurismo\" \/>\n<meta name=\"twitter:site\" content=\"@AzTurismo\" \/>\n<meta name=\"twitter:label1\" content=\"Escrito por\" \/>\n\t<meta name=\"twitter:data1\" content=\"Azturismo\" \/>\n\t<meta name=\"twitter:label2\" content=\"Tiempo de lectura\" \/>\n\t<meta name=\"twitter:data2\" content=\"3 minutos\" \/>\n<script type=\"application\/ld+json\" class=\"yoast-schema-graph\">{\"@context\":\"https:\\\/\\\/schema.org\",\"@graph\":[{\"@type\":\"Article\",\"@id\":\"https:\\\/\\\/azturismo.net\\\/?p=6470#article\",\"isPartOf\":{\"@id\":\"https:\\\/\\\/azturismo.net\\\/?p=6470\"},\"author\":{\"name\":\"Azturismo\",\"@id\":\"https:\\\/\\\/azturismo.net\\\/#\\\/schema\\\/person\\\/4b56d87f51c4d1b518c650739ad3bbc1\"},\"headline\":\"Impulsan productos tur\u00edsticos especializados en adultos mayores\",\"datePublished\":\"2025-11-18T01:07:00+00:00\",\"mainEntityOfPage\":{\"@id\":\"https:\\\/\\\/azturismo.net\\\/?p=6470\"},\"wordCount\":505,\"commentCount\":0,\"publisher\":{\"@id\":\"https:\\\/\\\/azturismo.net\\\/#organization\"},\"image\":{\"@id\":\"https:\\\/\\\/azturismo.net\\\/?p=6470#primaryimage\"},\"thumbnailUrl\":\"https:\\\/\\\/i0.wp.com\\\/azturismo.net\\\/wp-content\\\/uploads\\\/2025\\\/11\\\/Amar-AdultosMayores-Amdetur.png?fit=600%2C609&ssl=1\",\"keywords\":[\"AMAR\",\"Amdetur\",\"Asociaci\u00f3n Mexicana de Asistencia en el Retiro\",\"Asociaci\u00f3n Mexicana de Desarrolladores Tur\u00edsticos\",\"azturismo\",\"Daniel Linares\",\"Desarrollos Residenciales Wellness\",\"director ejecutivo de AMDETUR\",\"Econom\u00eda de la Longevidad\",\"Sectur\",\"Viajes\"],\"articleSection\":[\"Destacadas\",\"ESPECIALES 1\",\"ESPECIALES 2\"],\"inLanguage\":\"es\",\"potentialAction\":[{\"@type\":\"CommentAction\",\"name\":\"Comment\",\"target\":[\"https:\\\/\\\/azturismo.net\\\/?p=6470#respond\"]}]},{\"@type\":\"WebPage\",\"@id\":\"https:\\\/\\\/azturismo.net\\\/?p=6470\",\"url\":\"https:\\\/\\\/azturismo.net\\\/?p=6470\",\"name\":\"Impulsan productos tur\u00edsticos especializados en adultos mayores - Azturismo Noticias\",\"isPartOf\":{\"@id\":\"https:\\\/\\\/azturismo.net\\\/#website\"},\"primaryImageOfPage\":{\"@id\":\"https:\\\/\\\/azturismo.net\\\/?p=6470#primaryimage\"},\"image\":{\"@id\":\"https:\\\/\\\/azturismo.net\\\/?p=6470#primaryimage\"},\"thumbnailUrl\":\"https:\\\/\\\/i0.wp.com\\\/azturismo.net\\\/wp-content\\\/uploads\\\/2025\\\/11\\\/Amar-AdultosMayores-Amdetur.png?fit=600%2C609&ssl=1\",\"datePublished\":\"2025-11-18T01:07:00+00:00\",\"description\":\"AMDETUR y AMAR firman convenio para impulsar productos tur\u00edsticos especializados en adultos mayores, fortaleciendo la econom\u00eda de la longevidad y posicionando a M\u00e9xico como destino l\u00edder para el retiro activo.\",\"breadcrumb\":{\"@id\":\"https:\\\/\\\/azturismo.net\\\/?p=6470#breadcrumb\"},\"inLanguage\":\"es\",\"potentialAction\":[{\"@type\":\"ReadAction\",\"target\":[\"https:\\\/\\\/azturismo.net\\\/?p=6470\"]}]},{\"@type\":\"ImageObject\",\"inLanguage\":\"es\",\"@id\":\"https:\\\/\\\/azturismo.net\\\/?p=6470#primaryimage\",\"url\":\"https:\\\/\\\/i0.wp.com\\\/azturismo.net\\\/wp-content\\\/uploads\\\/2025\\\/11\\\/Amar-AdultosMayores-Amdetur.png?fit=600%2C609&ssl=1\",\"contentUrl\":\"https:\\\/\\\/i0.wp.com\\\/azturismo.net\\\/wp-content\\\/uploads\\\/2025\\\/11\\\/Amar-AdultosMayores-Amdetur.png?fit=600%2C609&ssl=1\",\"width\":600,\"height\":609},{\"@type\":\"BreadcrumbList\",\"@id\":\"https:\\\/\\\/azturismo.net\\\/?p=6470#breadcrumb\",\"itemListElement\":[{\"@type\":\"ListItem\",\"position\":1,\"name\":\"Home\",\"item\":\"https:\\\/\\\/azturismo.net\\\/\"},{\"@type\":\"ListItem\",\"position\":2,\"name\":\"Impulsan productos tur\u00edsticos especializados en adultos mayores\"}]},{\"@type\":\"WebSite\",\"@id\":\"https:\\\/\\\/azturismo.net\\\/#website\",\"url\":\"https:\\\/\\\/azturismo.net\\\/\",\"name\":\"Azturismo\",\"description\":\"Azturismo Noticias\",\"publisher\":{\"@id\":\"https:\\\/\\\/azturismo.net\\\/#organization\"},\"potentialAction\":[{\"@type\":\"SearchAction\",\"target\":{\"@type\":\"EntryPoint\",\"urlTemplate\":\"https:\\\/\\\/azturismo.net\\\/?s={search_term_string}\"},\"query-input\":{\"@type\":\"PropertyValueSpecification\",\"valueRequired\":true,\"valueName\":\"search_term_string\"}}],\"inLanguage\":\"es\"},{\"@type\":\"Organization\",\"@id\":\"https:\\\/\\\/azturismo.net\\\/#organization\",\"name\":\"Azturismo\",\"url\":\"https:\\\/\\\/azturismo.net\\\/\",\"logo\":{\"@type\":\"ImageObject\",\"inLanguage\":\"es\",\"@id\":\"https:\\\/\\\/azturismo.net\\\/#\\\/schema\\\/logo\\\/image\\\/\",\"url\":\"https:\\\/\\\/i0.wp.com\\\/azturismo.net\\\/wp-content\\\/uploads\\\/2024\\\/03\\\/logo-el-bueno-.png?fit=294%2C69&ssl=1\",\"contentUrl\":\"https:\\\/\\\/i0.wp.com\\\/azturismo.net\\\/wp-content\\\/uploads\\\/2024\\\/03\\\/logo-el-bueno-.png?fit=294%2C69&ssl=1\",\"width\":294,\"height\":69,\"caption\":\"Azturismo\"},\"image\":{\"@id\":\"https:\\\/\\\/azturismo.net\\\/#\\\/schema\\\/logo\\\/image\\\/\"},\"sameAs\":[\"https:\\\/\\\/www.facebook.com\\\/AzturismoNoticias\",\"https:\\\/\\\/x.com\\\/AzTurismo\",\"https:\\\/\\\/www.instagram.com\\\/azturismo_noticias\\\/?fbclid=IwAR2xMiuoHbs6eLeIHKP8P5sSGa-xFrw7FfejscXO7kDghWa7wKLjGczKOwE\",\"https:\\\/\\\/www.tiktok.com\\\/@azturismo\"]},{\"@type\":\"Person\",\"@id\":\"https:\\\/\\\/azturismo.net\\\/#\\\/schema\\\/person\\\/4b56d87f51c4d1b518c650739ad3bbc1\",\"name\":\"Azturismo\",\"image\":{\"@type\":\"ImageObject\",\"inLanguage\":\"es\",\"@id\":\"https:\\\/\\\/azturismo.net\\\/wp-content\\\/litespeed\\\/avatar\\\/dfe28a31cdd68b788da48a316e50db10.jpg?ver=1777101936\",\"url\":\"https:\\\/\\\/azturismo.net\\\/wp-content\\\/litespeed\\\/avatar\\\/dfe28a31cdd68b788da48a316e50db10.jpg?ver=1777101936\",\"contentUrl\":\"https:\\\/\\\/azturismo.net\\\/wp-content\\\/litespeed\\\/avatar\\\/dfe28a31cdd68b788da48a316e50db10.jpg?ver=1777101936\",\"caption\":\"Azturismo\"},\"sameAs\":[\"https:\\\/\\\/azturismo.net\"],\"url\":\"https:\\\/\\\/azturismo.net\\\/?author=1\"}]}<\/script>\n<!-- \/ Yoast SEO plugin. -->","yoast_head_json":{"title":"Impulsan productos tur\u00edsticos especializados en adultos mayores - Azturismo Noticias","description":"AMDETUR y AMAR firman convenio para impulsar productos tur\u00edsticos especializados en adultos mayores, fortaleciendo la econom\u00eda de la longevidad y posicionando a M\u00e9xico como destino l\u00edder para el retiro activo.","robots":{"index":"index","follow":"follow","max-snippet":"max-snippet:-1","max-image-preview":"max-image-preview:large","max-video-preview":"max-video-preview:-1"},"canonical":"https:\/\/azturismo.net\/?p=6470","og_locale":"es_MX","og_type":"article","og_title":"Impulsan productos tur\u00edsticos especializados en adultos mayores - Azturismo Noticias","og_description":"AMDETUR y AMAR firman convenio para impulsar productos tur\u00edsticos especializados en adultos mayores, fortaleciendo la econom\u00eda de la longevidad y posicionando a M\u00e9xico como destino l\u00edder para el retiro activo.","og_url":"https:\/\/azturismo.net\/?p=6470","og_site_name":"Azturismo Noticias","article_publisher":"https:\/\/www.facebook.com\/AzturismoNoticias","article_published_time":"2025-11-18T01:07:00+00:00","og_image":[{"width":600,"height":609,"url":"https:\/\/i0.wp.com\/azturismo.net\/wp-content\/uploads\/2025\/11\/Amar-AdultosMayores-Amdetur.png?fit=600%2C609&ssl=1","type":"image\/png"}],"author":"Azturismo","twitter_card":"summary_large_image","twitter_creator":"@AzTurismo","twitter_site":"@AzTurismo","twitter_misc":{"Escrito por":"Azturismo","Tiempo de lectura":"3 minutos"},"schema":{"@context":"https:\/\/schema.org","@graph":[{"@type":"Article","@id":"https:\/\/azturismo.net\/?p=6470#article","isPartOf":{"@id":"https:\/\/azturismo.net\/?p=6470"},"author":{"name":"Azturismo","@id":"https:\/\/azturismo.net\/#\/schema\/person\/4b56d87f51c4d1b518c650739ad3bbc1"},"headline":"Impulsan productos tur\u00edsticos especializados en adultos mayores","datePublished":"2025-11-18T01:07:00+00:00","mainEntityOfPage":{"@id":"https:\/\/azturismo.net\/?p=6470"},"wordCount":505,"commentCount":0,"publisher":{"@id":"https:\/\/azturismo.net\/#organization"},"image":{"@id":"https:\/\/azturismo.net\/?p=6470#primaryimage"},"thumbnailUrl":"https:\/\/i0.wp.com\/azturismo.net\/wp-content\/uploads\/2025\/11\/Amar-AdultosMayores-Amdetur.png?fit=600%2C609&ssl=1","keywords":["AMAR","Amdetur","Asociaci\u00f3n Mexicana de Asistencia en el Retiro","Asociaci\u00f3n Mexicana de Desarrolladores Tur\u00edsticos","azturismo","Daniel Linares","Desarrollos Residenciales Wellness","director ejecutivo de AMDETUR","Econom\u00eda de la Longevidad","Sectur","Viajes"],"articleSection":["Destacadas","ESPECIALES 1","ESPECIALES 2"],"inLanguage":"es","potentialAction":[{"@type":"CommentAction","name":"Comment","target":["https:\/\/azturismo.net\/?p=6470#respond"]}]},{"@type":"WebPage","@id":"https:\/\/azturismo.net\/?p=6470","url":"https:\/\/azturismo.net\/?p=6470","name":"Impulsan productos tur\u00edsticos especializados en adultos mayores - Azturismo Noticias","isPartOf":{"@id":"https:\/\/azturismo.net\/#website"},"primaryImageOfPage":{"@id":"https:\/\/azturismo.net\/?p=6470#primaryimage"},"image":{"@id":"https:\/\/azturismo.net\/?p=6470#primaryimage"},"thumbnailUrl":"https:\/\/i0.wp.com\/azturismo.net\/wp-content\/uploads\/2025\/11\/Amar-AdultosMayores-Amdetur.png?fit=600%2C609&ssl=1","datePublished":"2025-11-18T01:07:00+00:00","description":"AMDETUR y AMAR firman convenio para impulsar productos tur\u00edsticos especializados en adultos mayores, fortaleciendo la econom\u00eda de la longevidad y posicionando a M\u00e9xico como destino l\u00edder para el retiro activo.","breadcrumb":{"@id":"https:\/\/azturismo.net\/?p=6470#breadcrumb"},"inLanguage":"es","potentialAction":[{"@type":"ReadAction","target":["https:\/\/azturismo.net\/?p=6470"]}]},{"@type":"ImageObject","inLanguage":"es","@id":"https:\/\/azturismo.net\/?p=6470#primaryimage","url":"https:\/\/i0.wp.com\/azturismo.net\/wp-content\/uploads\/2025\/11\/Amar-AdultosMayores-Amdetur.png?fit=600%2C609&ssl=1","contentUrl":"https:\/\/i0.wp.com\/azturismo.net\/wp-content\/uploads\/2025\/11\/Amar-AdultosMayores-Amdetur.png?fit=600%2C609&ssl=1","width":600,"height":609},{"@type":"BreadcrumbList","@id":"https:\/\/azturismo.net\/?p=6470#breadcrumb","itemListElement":[{"@type":"ListItem","position":1,"name":"Home","item":"https:\/\/azturismo.net\/"},{"@type":"ListItem","position":2,"name":"Impulsan productos tur\u00edsticos especializados en adultos mayores"}]},{"@type":"WebSite","@id":"https:\/\/azturismo.net\/#website","url":"https:\/\/azturismo.net\/","name":"Azturismo","description":"Azturismo Noticias","publisher":{"@id":"https:\/\/azturismo.net\/#organization"},"potentialAction":[{"@type":"SearchAction","target":{"@type":"EntryPoint","urlTemplate":"https:\/\/azturismo.net\/?s={search_term_string}"},"query-input":{"@type":"PropertyValueSpecification","valueRequired":true,"valueName":"search_term_string"}}],"inLanguage":"es"},{"@type":"Organization","@id":"https:\/\/azturismo.net\/#organization","name":"Azturismo","url":"https:\/\/azturismo.net\/","logo":{"@type":"ImageObject","inLanguage":"es","@id":"https:\/\/azturismo.net\/#\/schema\/logo\/image\/","url":"https:\/\/i0.wp.com\/azturismo.net\/wp-content\/uploads\/2024\/03\/logo-el-bueno-.png?fit=294%2C69&ssl=1","contentUrl":"https:\/\/i0.wp.com\/azturismo.net\/wp-content\/uploads\/2024\/03\/logo-el-bueno-.png?fit=294%2C69&ssl=1","width":294,"height":69,"caption":"Azturismo"},"image":{"@id":"https:\/\/azturismo.net\/#\/schema\/logo\/image\/"},"sameAs":["https:\/\/www.facebook.com\/AzturismoNoticias","https:\/\/x.com\/AzTurismo","https:\/\/www.instagram.com\/azturismo_noticias\/?fbclid=IwAR2xMiuoHbs6eLeIHKP8P5sSGa-xFrw7FfejscXO7kDghWa7wKLjGczKOwE","https:\/\/www.tiktok.com\/@azturismo"]},{"@type":"Person","@id":"https:\/\/azturismo.net\/#\/schema\/person\/4b56d87f51c4d1b518c650739ad3bbc1","name":"Azturismo","image":{"@type":"ImageObject","inLanguage":"es","@id":"https:\/\/azturismo.net\/wp-content\/litespeed\/avatar\/dfe28a31cdd68b788da48a316e50db10.jpg?ver=1777101936","url":"https:\/\/azturismo.net\/wp-content\/litespeed\/avatar\/dfe28a31cdd68b788da48a316e50db10.jpg?ver=1777101936","contentUrl":"https:\/\/azturismo.net\/wp-content\/litespeed\/avatar\/dfe28a31cdd68b788da48a316e50db10.jpg?ver=1777101936","caption":"Azturismo"},"sameAs":["https:\/\/azturismo.net"],"url":"https:\/\/azturismo.net\/?author=1"}]}},"jetpack_publicize_connections":[],"jetpack_featured_media_url":"https:\/\/i0.wp.com\/azturismo.net\/wp-content\/uploads\/2025\/11\/Amar-AdultosMayores-Amdetur.png?fit=600%2C609&ssl=1","jetpack_sharing_enabled":true,"jetpack-related-posts":[{"id":6099,"url":"https:\/\/azturismo.net\/?p=6099","url_meta":{"origin":6470,"position":0},"title":"Manzanillo\u00a0ser\u00e1 sede del tenis internacional con el\u00a0Manzanillo\u00a0Open 2025","author":"Azturismo","date":"octubre 24, 2025","format":false,"excerpt":"Por Oscar V\u00e1zquez C. Con el prop\u00f3sito de fortalecer la promoci\u00f3n tur\u00edstica y deportiva del estado, la Secretar\u00eda de Turismo (Sectur) present\u00f3 oficialmente el Manzanillo Open 2025, torneo internacional de tenis que refrenda a Colima como un destino de hospitalidad, desarrollo y excelencia. El evento se realizar\u00e1 del 10 al\u2026","rel":"","context":"En &quot;Destacadas&quot;","block_context":{"text":"Destacadas","link":"https:\/\/azturismo.net\/?cat=30"},"img":{"alt_text":"","src":"https:\/\/i0.wp.com\/azturismo.net\/wp-content\/uploads\/2025\/10\/Cortesia_Manzanillo-OPEN.jpg?fit=600%2C400&ssl=1&resize=350%2C200","width":350,"height":200,"srcset":"https:\/\/i0.wp.com\/azturismo.net\/wp-content\/uploads\/2025\/10\/Cortesia_Manzanillo-OPEN.jpg?fit=600%2C400&ssl=1&resize=350%2C200 1x, https:\/\/i0.wp.com\/azturismo.net\/wp-content\/uploads\/2025\/10\/Cortesia_Manzanillo-OPEN.jpg?fit=600%2C400&ssl=1&resize=525%2C300 1.5x"},"classes":[]},{"id":4002,"url":"https:\/\/azturismo.net\/?p=4002","url_meta":{"origin":6470,"position":1},"title":"Genera 40 mmdp &#8220;La Gran Escapada&#8221;","author":"Azturismo","date":"junio 4, 2025","format":false,"excerpt":"Por Staff AzTurismo La primera edici\u00f3n de \"La Gran Escapada: El Buen Fin del Turismo\" concluy\u00f3 con resultados espectaculares, impulsando la econom\u00eda y el turismo nacional en M\u00e9xico. Del 30 de mayo al 1 de junio, esta iniciativa conjunta de la Secretar\u00eda de Turismo (Sectur), la Confederaci\u00f3n de C\u00e1maras Nacionales\u2026","rel":"","context":"En &quot;Destacadas&quot;","block_context":{"text":"Destacadas","link":"https:\/\/azturismo.net\/?cat=30"},"img":{"alt_text":"","src":"https:\/\/i0.wp.com\/azturismo.net\/wp-content\/uploads\/2025\/06\/Sectur-GranEscapada01.jpg?fit=600%2C399&ssl=1&resize=350%2C200","width":350,"height":200,"srcset":"https:\/\/i0.wp.com\/azturismo.net\/wp-content\/uploads\/2025\/06\/Sectur-GranEscapada01.jpg?fit=600%2C399&ssl=1&resize=350%2C200 1x, https:\/\/i0.wp.com\/azturismo.net\/wp-content\/uploads\/2025\/06\/Sectur-GranEscapada01.jpg?fit=600%2C399&ssl=1&resize=525%2C300 1.5x"},"classes":[]},{"id":5964,"url":"https:\/\/azturismo.net\/?p=5964","url_meta":{"origin":6470,"position":2},"title":"Fortalece Sectur el turismo comunitario","author":"Azturismo","date":"octubre 14, 2025","format":false,"excerpt":"Por Staff AzTurismo \ud83d\udccd La Secretar\u00eda de Turismo del Gobierno de M\u00e9xico (Sectur) encabez\u00f3 la Primera Sesi\u00f3n Ordinaria 2025 del Consejo Consultivo de Turismo, donde se presentaron acciones y avances clave para fortalecer el turismo comunitario, sostenible e inclusivo en el pa\u00eds. Durante el encuentro, la dependencia reafirm\u00f3 su compromiso\u2026","rel":"","context":"En &quot;NACIONALES&quot;","block_context":{"text":"NACIONALES","link":"https:\/\/azturismo.net\/?cat=29"},"img":{"alt_text":"","src":"https:\/\/i0.wp.com\/azturismo.net\/wp-content\/uploads\/2025\/10\/Comunicado-222-3.jpg?fit=600%2C399&ssl=1&resize=350%2C200","width":350,"height":200,"srcset":"https:\/\/i0.wp.com\/azturismo.net\/wp-content\/uploads\/2025\/10\/Comunicado-222-3.jpg?fit=600%2C399&ssl=1&resize=350%2C200 1x, https:\/\/i0.wp.com\/azturismo.net\/wp-content\/uploads\/2025\/10\/Comunicado-222-3.jpg?fit=600%2C399&ssl=1&resize=525%2C300 1.5x"},"classes":[]},{"id":5182,"url":"https:\/\/azturismo.net\/?p=5182","url_meta":{"origin":6470,"position":3},"title":"Prep\u00e1rate para el Outlet de Viajes y Vacaciones M\u00e9xico","author":"Azturismo","date":"septiembre 5, 2025","format":false,"excerpt":"Por Staff AzTurismo Con el objetivo de fortalecer la competitividad del sector tur\u00edstico y acercar opciones de viaje accesibles a las familias mexicanas, la Secretar\u00eda de Turismo (Sectur) anunci\u00f3 la realizaci\u00f3n del Foro S\u00ed Hay Turismo y el Outlet de Viajes y Vacaciones M\u00e9xico. Estos dos eventos se perfilan como\u2026","rel":"","context":"En &quot;NOTITUR&quot;","block_context":{"text":"NOTITUR","link":"https:\/\/azturismo.net\/?cat=25"},"img":{"alt_text":"","src":"https:\/\/i0.wp.com\/azturismo.net\/wp-content\/uploads\/2025\/08\/Sectyr-outlettdeviajes.jpg?fit=600%2C399&ssl=1&resize=350%2C200","width":350,"height":200,"srcset":"https:\/\/i0.wp.com\/azturismo.net\/wp-content\/uploads\/2025\/08\/Sectyr-outlettdeviajes.jpg?fit=600%2C399&ssl=1&resize=350%2C200 1x, https:\/\/i0.wp.com\/azturismo.net\/wp-content\/uploads\/2025\/08\/Sectyr-outlettdeviajes.jpg?fit=600%2C399&ssl=1&resize=525%2C300 1.5x"},"classes":[]},{"id":5250,"url":"https:\/\/azturismo.net\/?p=5250","url_meta":{"origin":6470,"position":4},"title":"Arranca Expo Caf\u00e9 2025: encuentro de productores, baristas y amantes del caf\u00e9 en M\u00e9xico\ud83c\uddf2\ud83c\uddfd","author":"Azturismo","date":"septiembre 4, 2025","format":false,"excerpt":"Por Oscar V\u00e1zquez C. \u00a1El aroma del caf\u00e9 invade la Ciudad de M\u00e9xico! a partir que se inaugur\u00f3, en el World Trade Center, la edici\u00f3n 2025 de Expo Caf\u00e9, el encuentro m\u00e1s importante de la industria cafetalera en el pa\u00eds, con la participaci\u00f3n de productores, tostadores, baristas, distribuidores y representantes\u2026","rel":"","context":"En &quot;Destacadas&quot;","block_context":{"text":"Destacadas","link":"https:\/\/azturismo.net\/?cat=30"},"img":{"alt_text":"","src":"https:\/\/i0.wp.com\/azturismo.net\/wp-content\/uploads\/2025\/09\/20250904_143236.jpg?fit=800%2C600&ssl=1&resize=350%2C200","width":350,"height":200,"srcset":"https:\/\/i0.wp.com\/azturismo.net\/wp-content\/uploads\/2025\/09\/20250904_143236.jpg?fit=800%2C600&ssl=1&resize=350%2C200 1x, https:\/\/i0.wp.com\/azturismo.net\/wp-content\/uploads\/2025\/09\/20250904_143236.jpg?fit=800%2C600&ssl=1&resize=525%2C300 1.5x, https:\/\/i0.wp.com\/azturismo.net\/wp-content\/uploads\/2025\/09\/20250904_143236.jpg?fit=800%2C600&ssl=1&resize=700%2C400 2x"},"classes":[]},{"id":6733,"url":"https:\/\/azturismo.net\/?p=6733","url_meta":{"origin":6470,"position":5},"title":"M\u00e9xico impulsa a sus haciendas como nuevo motor tur\u00edstico","author":"Azturismo","date":"diciembre 7, 2025","format":false,"excerpt":"Por Oscar V\u00e1zquez C. En la Exhacienda de San Pablo de Enmedio, la Secretar\u00eda de Turismo (Sectur) y la Asociaci\u00f3n de Haciendas de M\u00e9xico sellaron un acuerdo clave para convertir a estos recintos hist\u00f3ricos en un producto tur\u00edstico estrat\u00e9gico capaz de detonar desarrollo regional, identidad cultural y mayor visibilidad internacional.\u2026","rel":"","context":"En &quot;Destacadas&quot;","block_context":{"text":"Destacadas","link":"https:\/\/azturismo.net\/?cat=30"},"img":{"alt_text":"","src":"https:\/\/i0.wp.com\/azturismo.net\/wp-content\/uploads\/2025\/12\/Sectur-Haciendas2.jpg?fit=600%2C400&ssl=1&resize=350%2C200","width":350,"height":200,"srcset":"https:\/\/i0.wp.com\/azturismo.net\/wp-content\/uploads\/2025\/12\/Sectur-Haciendas2.jpg?fit=600%2C400&ssl=1&resize=350%2C200 1x, https:\/\/i0.wp.com\/azturismo.net\/wp-content\/uploads\/2025\/12\/Sectur-Haciendas2.jpg?fit=600%2C400&ssl=1&resize=525%2C300 1.5x"},"classes":[]}],"jetpack_shortlink":"https:\/\/wp.me\/pfqZGx-1Gm","amp_enabled":true,"_links":{"self":[{"href":"https:\/\/azturismo.net\/index.php?rest_route=\/wp\/v2\/posts\/6470","targetHints":{"allow":["GET"]}}],"collection":[{"href":"https:\/\/azturismo.net\/index.php?rest_route=\/wp\/v2\/posts"}],"about":[{"href":"https:\/\/azturismo.net\/index.php?rest_route=\/wp\/v2\/types\/post"}],"author":[{"embeddable":true,"href":"https:\/\/azturismo.net\/index.php?rest_route=\/wp\/v2\/users\/1"}],"replies":[{"embeddable":true,"href":"https:\/\/azturismo.net\/index.php?rest_route=%2Fwp%2Fv2%2Fcomments&post=6470"}],"version-history":[{"count":1,"href":"https:\/\/azturismo.net\/index.php?rest_route=\/wp\/v2\/posts\/6470\/revisions"}],"predecessor-version":[{"id":6472,"href":"https:\/\/azturismo.net\/index.php?rest_route=\/wp\/v2\/posts\/6470\/revisions\/6472"}],"wp:featuredmedia":[{"embeddable":true,"href":"https:\/\/azturismo.net\/index.php?rest_route=\/wp\/v2\/media\/6471"}],"wp:attachment":[{"href":"https:\/\/azturismo.net\/index.php?rest_route=%2Fwp%2Fv2%2Fmedia&parent=6470"}],"wp:term":[{"taxonomy":"category","embeddable":true,"href":"https:\/\/azturismo.net\/index.php?rest_route=%2Fwp%2Fv2%2Fcategories&post=6470"},{"taxonomy":"post_tag","embeddable":true,"href":"https:\/\/azturismo.net\/index.php?rest_route=%2Fwp%2Fv2%2Ftags&post=6470"}],"curies":[{"name":"wp","href":"https:\/\/api.w.org\/{rel}","templated":true}]}}