{"id":6456,"date":"2025-11-18T09:09:00","date_gmt":"2025-11-18T15:09:00","guid":{"rendered":"https:\/\/azturismo.net\/?p=6456"},"modified":"2025-11-14T23:39:08","modified_gmt":"2025-11-15T05:39:08","slug":"%f0%9f%8e%ac-morelos-sera-sede-del-broadway-international-film-festival-2025","status":"publish","type":"post","link":"https:\/\/azturismo.net\/?p=6456","title":{"rendered":"\ud83c\udfac Morelos ser\u00e1 sede del Broadway International Film Festival 2025"},"content":{"rendered":"\n<p>Por Staff AzTurismo<\/p>\n\n\n\n<p>\ud83c\udf3a La eterna primavera de M\u00e9xico se vestir\u00e1 de gala para recibir uno de los encuentros cinematogr\u00e1ficos m\u00e1s esperados del a\u00f1o. Por primera vez, <strong>el Broadway International Film Festival Cuernavaca 2025<\/strong> llegar\u00e1 a Morelos los d\u00edas <strong>21 y 22 de noviembre<\/strong>, en una edici\u00f3n que promete reunir lo mejor del arte, la creatividad y el talento internacional.<\/p>\n\n\n\n<p>Con <strong>18 a\u00f1os de trayectoria en Los \u00c1ngeles, California<\/strong>, este festival se ha consolidado como una ventana para los cineastas del mundo, especialmente de habla hispana. Ahora, <strong>Cuernavaca<\/strong> se convierte en su nuevo escenario, marcando un antes y un despu\u00e9s en la historia cultural del estado.<\/p>\n\n\n\n<h3 class=\"wp-block-heading\">\ud83c\udfa5 Un festival que impulsa el turismo y la identidad cultural<\/h3>\n\n\n\n<p>El anuncio fue encabezado por el <strong>secretario de Turismo de Morelos, Daniel Altafi Valladares<\/strong>, y la <strong>actriz y productora Maritza Olivares<\/strong>, quienes destacaron la relevancia del evento como motor del <strong>turismo cultural y cinematogr\u00e1fico<\/strong>.<\/p>\n\n\n<div class=\"wp-block-image\">\n<figure class=\"aligncenter size-full is-resized\"><img data-recalc-dims=\"1\" loading=\"lazy\" decoding=\"async\" width=\"600\" height=\"400\" data-attachment-id=\"6458\" data-permalink=\"https:\/\/azturismo.net\/?attachment_id=6458\" data-orig-file=\"https:\/\/i0.wp.com\/azturismo.net\/wp-content\/uploads\/2025\/11\/Broadway-International-Film-Festival-2025.jpeg?fit=600%2C400&amp;ssl=1\" data-orig-size=\"600,400\" data-comments-opened=\"1\" data-image-meta=\"{&quot;aperture&quot;:&quot;0&quot;,&quot;credit&quot;:&quot;&quot;,&quot;camera&quot;:&quot;&quot;,&quot;caption&quot;:&quot;&quot;,&quot;created_timestamp&quot;:&quot;0&quot;,&quot;copyright&quot;:&quot;&quot;,&quot;focal_length&quot;:&quot;0&quot;,&quot;iso&quot;:&quot;0&quot;,&quot;shutter_speed&quot;:&quot;0&quot;,&quot;title&quot;:&quot;&quot;,&quot;orientation&quot;:&quot;1&quot;}\" data-image-title=\"Broadway-International-Film-Festival-2025\" data-image-description=\"\" data-image-caption=\"\" data-large-file=\"https:\/\/i0.wp.com\/azturismo.net\/wp-content\/uploads\/2025\/11\/Broadway-International-Film-Festival-2025.jpeg?fit=600%2C400&amp;ssl=1\" src=\"https:\/\/i0.wp.com\/azturismo.net\/wp-content\/uploads\/2025\/11\/Broadway-International-Film-Festival-2025.jpeg?resize=600%2C400&#038;ssl=1\" alt=\"\" class=\"wp-image-6458\" style=\"width:834px;height:auto\" srcset=\"https:\/\/i0.wp.com\/azturismo.net\/wp-content\/uploads\/2025\/11\/Broadway-International-Film-Festival-2025.jpeg?w=600&amp;ssl=1 600w, https:\/\/i0.wp.com\/azturismo.net\/wp-content\/uploads\/2025\/11\/Broadway-International-Film-Festival-2025.jpeg?resize=300%2C200&amp;ssl=1 300w, https:\/\/i0.wp.com\/azturismo.net\/wp-content\/uploads\/2025\/11\/Broadway-International-Film-Festival-2025.jpeg?resize=150%2C100&amp;ssl=1 150w\" sizes=\"auto, (max-width: 600px) 100vw, 600px\" \/><\/figure><\/div>\n\n\n<p>\u201c<strong>Morelos es tierra f\u00e9rtil para las grandes ideas, para el arte y para la cultura.<\/strong> Que el Broadway International Film Festival llegue a Cuernavaca no es un hecho menor: es una se\u00f1al de confianza, de talento y de apertura\u201d, expres\u00f3 Altafi Valladares, subrayando el impulso que la <strong>gobernadora Margarita Gonz\u00e1lez Saravia<\/strong> ha dado al desarrollo tur\u00edstico del estado.<\/p>\n\n\n\n<p>Por su parte, Olivares se\u00f1al\u00f3 que el festival ser\u00e1 <strong>un puente entre M\u00e9xico, Hollywood y el mundo<\/strong>, con el objetivo de proyectar el talento local y fortalecer la identidad cultural mexicana a trav\u00e9s del cine.<\/p>\n\n\n\n<h3 class=\"wp-block-heading\">\ud83c\udf0e M\u00e1s de 120 pa\u00edses, 160 pel\u00edculas y una alfombra roja estelar<\/h3>\n\n\n\n<p>El <strong>Broadway International Film Festival Cuernavaca 2025<\/strong> que se realizar\u00e1 en Cinemex Plaza Bugambilia, reunir\u00e1 a <strong>cineastas de m\u00e1s de 120 pa\u00edses<\/strong> y presentar\u00e1 <strong>m\u00e1s de 160 pel\u00edculas internacionales<\/strong>, adem\u00e1s de ofrecer <strong>conversatorios, homenajes, activaciones culturales<\/strong> y una <strong>alfombra roja<\/strong> que brillar\u00e1 con figuras como <strong>Alejandro Tommasi, Mar\u00eda Rojo, Lisset y Linda Park<\/strong>.<\/p>\n\n\n\n<p>Uno de los momentos m\u00e1s emotivos ser\u00e1 el <strong>homenaje p\u00f3stumo al actor Manuel Ojeda<\/strong>, \u00edcono del cine mexicano, con la proyecci\u00f3n del cortometraje <em>\u201cA las once, Rebeca\u201d<\/em>, s\u00edmbolo de respeto y admiraci\u00f3n hacia su legado art\u00edstico.<\/p>\n\n\n\n<h3 class=\"wp-block-heading\">\u2764\ufe0f Cine con causa: arte, empat\u00eda y transformaci\u00f3n<\/h3>\n\n\n\n<p>El festival tambi\u00e9n dejar\u00e1 una huella solidaria. Como parte de su <strong>responsabilidad social<\/strong>, se realizar\u00e1n actividades en apoyo a una fundaci\u00f3n local, mediante la entrega de juguetes, cobijas e insumos.<\/p>\n\n\n\n<p>De esta forma, el arte se convierte en un veh\u00edculo de <strong>empat\u00eda, comunidad y transformaci\u00f3n<\/strong>, demostrando que el cine no solo se ve, sino que <strong>se vive y se comparte<\/strong>.<\/p>\n\n\n\n<h3 class=\"wp-block-heading\">\ud83c\udf38 Morelos abre sus puertas al mundo<\/h3>\n\n\n\n<p>Con esta primera edici\u00f3n en M\u00e9xico, <strong>Morelos reafirma su vocaci\u00f3n como destino abierto al arte, la innovaci\u00f3n y la diversidad<\/strong>, generando <strong>derrama econ\u00f3mica y proyecci\u00f3n internacional<\/strong>.<\/p>\n\n\n\n<p>El <strong>Broadway International Film Festival Cuernavaca 2025<\/strong> no solo llevar\u00e1 historias a la pantalla: llevar\u00e1 tambi\u00e9n esperanza, orgullo y cultura. Porque <strong>la primavera de M\u00e9xico florece ahora en el cine<\/strong>, y Cuernavaca se convierte en el escenario donde el mundo entero querr\u00e1 mirar.<\/p>\n\n\n\n<p><\/p>\n","protected":false},"excerpt":{"rendered":"<p>Por Staff AzTurismo \ud83c\udf3a La eterna primavera de M\u00e9xico se vestir\u00e1 de gala para recibir uno de los encuentros cinematogr\u00e1ficos m\u00e1s esperados del a\u00f1o. Por primera vez, el Broadway International Film Festival Cuernavaca 2025 llegar\u00e1 a Morelos los d\u00edas 21 y 22 de noviembre, en una edici\u00f3n que promete reunir lo mejor del arte, la [&hellip;]<\/p>\n","protected":false},"author":1,"featured_media":6459,"comment_status":"open","ping_status":"open","sticky":false,"template":"","format":"standard","meta":{"jetpack_post_was_ever_published":false,"_jetpack_newsletter_access":"","_jetpack_dont_email_post_to_subs":false,"_jetpack_newsletter_tier_id":0,"_jetpack_memberships_contains_paywalled_content":false,"_jetpack_memberships_contains_paid_content":false,"footnotes":"","jetpack_publicize_message":"","jetpack_publicize_feature_enabled":true,"jetpack_social_post_already_shared":true,"jetpack_social_options":{"image_generator_settings":{"template":"highway","default_image_id":0,"font":"","enabled":false},"version":2}},"categories":[30,31,33],"tags":[3123,99,431,3122,3120,1243,1317,3124,403,1721],"class_list":{"0":"post-6456","1":"post","2":"type-post","3":"status-publish","4":"format-standard","5":"has-post-thumbnail","7":"category-e","8":"category-especiales","9":"category-especiales-segundarias","10":"tag-actriz-maritza-olivares","11":"tag-azturismo","12":"tag-cine","13":"tag-cine-en-cuernavaca","14":"tag-cinemex-plaza-bugambilia","15":"tag-cuernavaca","16":"tag-daniel-altafi-valladares","17":"tag-gobernadora-margarita-gonzalez-saravia","18":"tag-morelos","19":"tag-sectur-morelos"},"yoast_head":"<!-- This site is optimized with the Yoast SEO plugin v27.5 - https:\/\/yoast.com\/product\/yoast-seo-wordpress\/ -->\n<title>\ud83c\udfac Morelos ser\u00e1 sede del Broadway International Film Festival 2025 - Azturismo Noticias<\/title>\n<meta name=\"description\" content=\"Cuernavaca recibir\u00e1 por primera vez el Broadway International Film Festival 2025, un evento con 18 a\u00f1os de historia en Los \u00c1ngeles que impulsar\u00e1 el turismo cultural, cinematogr\u00e1fico y econ\u00f3mico de Morelos.\" \/>\n<meta name=\"robots\" content=\"index, follow, max-snippet:-1, max-image-preview:large, max-video-preview:-1\" \/>\n<link rel=\"canonical\" href=\"https:\/\/azturismo.net\/?p=6456\" \/>\n<meta property=\"og:locale\" content=\"es_MX\" \/>\n<meta property=\"og:type\" content=\"article\" \/>\n<meta property=\"og:title\" content=\"\ud83c\udfac Morelos ser\u00e1 sede del Broadway International Film Festival 2025 - Azturismo Noticias\" \/>\n<meta property=\"og:description\" content=\"Cuernavaca recibir\u00e1 por primera vez el Broadway International Film Festival 2025, un evento con 18 a\u00f1os de historia en Los \u00c1ngeles que impulsar\u00e1 el turismo cultural, cinematogr\u00e1fico y econ\u00f3mico de Morelos.\" \/>\n<meta property=\"og:url\" content=\"https:\/\/azturismo.net\/?p=6456\" \/>\n<meta property=\"og:site_name\" content=\"Azturismo Noticias\" \/>\n<meta property=\"article:publisher\" content=\"https:\/\/www.facebook.com\/AzturismoNoticias\" \/>\n<meta property=\"article:published_time\" content=\"2025-11-18T15:09:00+00:00\" \/>\n<meta property=\"og:image\" content=\"https:\/\/i0.wp.com\/azturismo.net\/wp-content\/uploads\/2025\/11\/MaritzaOlivares-DanielAltavi-FilmFestival.jpeg?fit=600%2C400&ssl=1\" \/>\n\t<meta property=\"og:image:width\" content=\"600\" \/>\n\t<meta property=\"og:image:height\" content=\"400\" \/>\n\t<meta property=\"og:image:type\" content=\"image\/jpeg\" \/>\n<meta name=\"author\" content=\"Azturismo\" \/>\n<meta name=\"twitter:card\" content=\"summary_large_image\" \/>\n<meta name=\"twitter:creator\" content=\"@AzTurismo\" \/>\n<meta name=\"twitter:site\" content=\"@AzTurismo\" \/>\n<meta name=\"twitter:label1\" content=\"Escrito por\" \/>\n\t<meta name=\"twitter:data1\" content=\"Azturismo\" \/>\n\t<meta name=\"twitter:label2\" content=\"Tiempo de lectura\" \/>\n\t<meta name=\"twitter:data2\" content=\"3 minutos\" \/>\n<script type=\"application\/ld+json\" class=\"yoast-schema-graph\">{\"@context\":\"https:\\\/\\\/schema.org\",\"@graph\":[{\"@type\":\"Article\",\"@id\":\"https:\\\/\\\/azturismo.net\\\/?p=6456#article\",\"isPartOf\":{\"@id\":\"https:\\\/\\\/azturismo.net\\\/?p=6456\"},\"author\":{\"name\":\"Azturismo\",\"@id\":\"https:\\\/\\\/azturismo.net\\\/#\\\/schema\\\/person\\\/4b56d87f51c4d1b518c650739ad3bbc1\"},\"headline\":\"\ud83c\udfac Morelos ser\u00e1 sede del Broadway International Film Festival 2025\",\"datePublished\":\"2025-11-18T15:09:00+00:00\",\"mainEntityOfPage\":{\"@id\":\"https:\\\/\\\/azturismo.net\\\/?p=6456\"},\"wordCount\":529,\"commentCount\":0,\"publisher\":{\"@id\":\"https:\\\/\\\/azturismo.net\\\/#organization\"},\"image\":{\"@id\":\"https:\\\/\\\/azturismo.net\\\/?p=6456#primaryimage\"},\"thumbnailUrl\":\"https:\\\/\\\/i0.wp.com\\\/azturismo.net\\\/wp-content\\\/uploads\\\/2025\\\/11\\\/MaritzaOlivares-DanielAltavi-FilmFestival.jpeg?fit=600%2C400&ssl=1\",\"keywords\":[\"actriz Maritza Olivares\",\"azturismo\",\"cine\",\"cine en Cuernavaca\",\"Cinemex Plaza Bugambilia\",\"Cuernavaca\",\"Daniel Altafi Valladares\",\"gobernadora Margarita Gonz\u00e1lez Saravia\",\"Morelos\",\"Sectur Morelos\"],\"articleSection\":[\"Destacadas\",\"ESPECIALES 1\",\"ESPECIALES 2\"],\"inLanguage\":\"es\",\"potentialAction\":[{\"@type\":\"CommentAction\",\"name\":\"Comment\",\"target\":[\"https:\\\/\\\/azturismo.net\\\/?p=6456#respond\"]}]},{\"@type\":\"WebPage\",\"@id\":\"https:\\\/\\\/azturismo.net\\\/?p=6456\",\"url\":\"https:\\\/\\\/azturismo.net\\\/?p=6456\",\"name\":\"\ud83c\udfac Morelos ser\u00e1 sede del Broadway International Film Festival 2025 - Azturismo Noticias\",\"isPartOf\":{\"@id\":\"https:\\\/\\\/azturismo.net\\\/#website\"},\"primaryImageOfPage\":{\"@id\":\"https:\\\/\\\/azturismo.net\\\/?p=6456#primaryimage\"},\"image\":{\"@id\":\"https:\\\/\\\/azturismo.net\\\/?p=6456#primaryimage\"},\"thumbnailUrl\":\"https:\\\/\\\/i0.wp.com\\\/azturismo.net\\\/wp-content\\\/uploads\\\/2025\\\/11\\\/MaritzaOlivares-DanielAltavi-FilmFestival.jpeg?fit=600%2C400&ssl=1\",\"datePublished\":\"2025-11-18T15:09:00+00:00\",\"description\":\"Cuernavaca recibir\u00e1 por primera vez el Broadway International Film Festival 2025, un evento con 18 a\u00f1os de historia en Los \u00c1ngeles que impulsar\u00e1 el turismo cultural, cinematogr\u00e1fico y econ\u00f3mico de Morelos.\",\"breadcrumb\":{\"@id\":\"https:\\\/\\\/azturismo.net\\\/?p=6456#breadcrumb\"},\"inLanguage\":\"es\",\"potentialAction\":[{\"@type\":\"ReadAction\",\"target\":[\"https:\\\/\\\/azturismo.net\\\/?p=6456\"]}]},{\"@type\":\"ImageObject\",\"inLanguage\":\"es\",\"@id\":\"https:\\\/\\\/azturismo.net\\\/?p=6456#primaryimage\",\"url\":\"https:\\\/\\\/i0.wp.com\\\/azturismo.net\\\/wp-content\\\/uploads\\\/2025\\\/11\\\/MaritzaOlivares-DanielAltavi-FilmFestival.jpeg?fit=600%2C400&ssl=1\",\"contentUrl\":\"https:\\\/\\\/i0.wp.com\\\/azturismo.net\\\/wp-content\\\/uploads\\\/2025\\\/11\\\/MaritzaOlivares-DanielAltavi-FilmFestival.jpeg?fit=600%2C400&ssl=1\",\"width\":600,\"height\":400},{\"@type\":\"BreadcrumbList\",\"@id\":\"https:\\\/\\\/azturismo.net\\\/?p=6456#breadcrumb\",\"itemListElement\":[{\"@type\":\"ListItem\",\"position\":1,\"name\":\"Home\",\"item\":\"https:\\\/\\\/azturismo.net\\\/\"},{\"@type\":\"ListItem\",\"position\":2,\"name\":\"\ud83c\udfac Morelos ser\u00e1 sede del Broadway International Film Festival 2025\"}]},{\"@type\":\"WebSite\",\"@id\":\"https:\\\/\\\/azturismo.net\\\/#website\",\"url\":\"https:\\\/\\\/azturismo.net\\\/\",\"name\":\"Azturismo\",\"description\":\"Azturismo Noticias\",\"publisher\":{\"@id\":\"https:\\\/\\\/azturismo.net\\\/#organization\"},\"potentialAction\":[{\"@type\":\"SearchAction\",\"target\":{\"@type\":\"EntryPoint\",\"urlTemplate\":\"https:\\\/\\\/azturismo.net\\\/?s={search_term_string}\"},\"query-input\":{\"@type\":\"PropertyValueSpecification\",\"valueRequired\":true,\"valueName\":\"search_term_string\"}}],\"inLanguage\":\"es\"},{\"@type\":\"Organization\",\"@id\":\"https:\\\/\\\/azturismo.net\\\/#organization\",\"name\":\"Azturismo\",\"url\":\"https:\\\/\\\/azturismo.net\\\/\",\"logo\":{\"@type\":\"ImageObject\",\"inLanguage\":\"es\",\"@id\":\"https:\\\/\\\/azturismo.net\\\/#\\\/schema\\\/logo\\\/image\\\/\",\"url\":\"https:\\\/\\\/i0.wp.com\\\/azturismo.net\\\/wp-content\\\/uploads\\\/2024\\\/03\\\/logo-el-bueno-.png?fit=294%2C69&ssl=1\",\"contentUrl\":\"https:\\\/\\\/i0.wp.com\\\/azturismo.net\\\/wp-content\\\/uploads\\\/2024\\\/03\\\/logo-el-bueno-.png?fit=294%2C69&ssl=1\",\"width\":294,\"height\":69,\"caption\":\"Azturismo\"},\"image\":{\"@id\":\"https:\\\/\\\/azturismo.net\\\/#\\\/schema\\\/logo\\\/image\\\/\"},\"sameAs\":[\"https:\\\/\\\/www.facebook.com\\\/AzturismoNoticias\",\"https:\\\/\\\/x.com\\\/AzTurismo\",\"https:\\\/\\\/www.instagram.com\\\/azturismo_noticias\\\/?fbclid=IwAR2xMiuoHbs6eLeIHKP8P5sSGa-xFrw7FfejscXO7kDghWa7wKLjGczKOwE\",\"https:\\\/\\\/www.tiktok.com\\\/@azturismo\"]},{\"@type\":\"Person\",\"@id\":\"https:\\\/\\\/azturismo.net\\\/#\\\/schema\\\/person\\\/4b56d87f51c4d1b518c650739ad3bbc1\",\"name\":\"Azturismo\",\"image\":{\"@type\":\"ImageObject\",\"inLanguage\":\"es\",\"@id\":\"https:\\\/\\\/azturismo.net\\\/wp-content\\\/litespeed\\\/avatar\\\/dfe28a31cdd68b788da48a316e50db10.jpg?ver=1777101936\",\"url\":\"https:\\\/\\\/azturismo.net\\\/wp-content\\\/litespeed\\\/avatar\\\/dfe28a31cdd68b788da48a316e50db10.jpg?ver=1777101936\",\"contentUrl\":\"https:\\\/\\\/azturismo.net\\\/wp-content\\\/litespeed\\\/avatar\\\/dfe28a31cdd68b788da48a316e50db10.jpg?ver=1777101936\",\"caption\":\"Azturismo\"},\"sameAs\":[\"https:\\\/\\\/azturismo.net\"],\"url\":\"https:\\\/\\\/azturismo.net\\\/?author=1\"}]}<\/script>\n<!-- \/ Yoast SEO plugin. -->","yoast_head_json":{"title":"\ud83c\udfac Morelos ser\u00e1 sede del Broadway International Film Festival 2025 - Azturismo Noticias","description":"Cuernavaca recibir\u00e1 por primera vez el Broadway International Film Festival 2025, un evento con 18 a\u00f1os de historia en Los \u00c1ngeles que impulsar\u00e1 el turismo cultural, cinematogr\u00e1fico y econ\u00f3mico de Morelos.","robots":{"index":"index","follow":"follow","max-snippet":"max-snippet:-1","max-image-preview":"max-image-preview:large","max-video-preview":"max-video-preview:-1"},"canonical":"https:\/\/azturismo.net\/?p=6456","og_locale":"es_MX","og_type":"article","og_title":"\ud83c\udfac Morelos ser\u00e1 sede del Broadway International Film Festival 2025 - Azturismo Noticias","og_description":"Cuernavaca recibir\u00e1 por primera vez el Broadway International Film Festival 2025, un evento con 18 a\u00f1os de historia en Los \u00c1ngeles que impulsar\u00e1 el turismo cultural, cinematogr\u00e1fico y econ\u00f3mico de Morelos.","og_url":"https:\/\/azturismo.net\/?p=6456","og_site_name":"Azturismo Noticias","article_publisher":"https:\/\/www.facebook.com\/AzturismoNoticias","article_published_time":"2025-11-18T15:09:00+00:00","og_image":[{"width":600,"height":400,"url":"https:\/\/i0.wp.com\/azturismo.net\/wp-content\/uploads\/2025\/11\/MaritzaOlivares-DanielAltavi-FilmFestival.jpeg?fit=600%2C400&ssl=1","type":"image\/jpeg"}],"author":"Azturismo","twitter_card":"summary_large_image","twitter_creator":"@AzTurismo","twitter_site":"@AzTurismo","twitter_misc":{"Escrito por":"Azturismo","Tiempo de lectura":"3 minutos"},"schema":{"@context":"https:\/\/schema.org","@graph":[{"@type":"Article","@id":"https:\/\/azturismo.net\/?p=6456#article","isPartOf":{"@id":"https:\/\/azturismo.net\/?p=6456"},"author":{"name":"Azturismo","@id":"https:\/\/azturismo.net\/#\/schema\/person\/4b56d87f51c4d1b518c650739ad3bbc1"},"headline":"\ud83c\udfac Morelos ser\u00e1 sede del Broadway International Film Festival 2025","datePublished":"2025-11-18T15:09:00+00:00","mainEntityOfPage":{"@id":"https:\/\/azturismo.net\/?p=6456"},"wordCount":529,"commentCount":0,"publisher":{"@id":"https:\/\/azturismo.net\/#organization"},"image":{"@id":"https:\/\/azturismo.net\/?p=6456#primaryimage"},"thumbnailUrl":"https:\/\/i0.wp.com\/azturismo.net\/wp-content\/uploads\/2025\/11\/MaritzaOlivares-DanielAltavi-FilmFestival.jpeg?fit=600%2C400&ssl=1","keywords":["actriz Maritza Olivares","azturismo","cine","cine en Cuernavaca","Cinemex Plaza Bugambilia","Cuernavaca","Daniel Altafi Valladares","gobernadora Margarita Gonz\u00e1lez Saravia","Morelos","Sectur Morelos"],"articleSection":["Destacadas","ESPECIALES 1","ESPECIALES 2"],"inLanguage":"es","potentialAction":[{"@type":"CommentAction","name":"Comment","target":["https:\/\/azturismo.net\/?p=6456#respond"]}]},{"@type":"WebPage","@id":"https:\/\/azturismo.net\/?p=6456","url":"https:\/\/azturismo.net\/?p=6456","name":"\ud83c\udfac Morelos ser\u00e1 sede del Broadway International Film Festival 2025 - Azturismo Noticias","isPartOf":{"@id":"https:\/\/azturismo.net\/#website"},"primaryImageOfPage":{"@id":"https:\/\/azturismo.net\/?p=6456#primaryimage"},"image":{"@id":"https:\/\/azturismo.net\/?p=6456#primaryimage"},"thumbnailUrl":"https:\/\/i0.wp.com\/azturismo.net\/wp-content\/uploads\/2025\/11\/MaritzaOlivares-DanielAltavi-FilmFestival.jpeg?fit=600%2C400&ssl=1","datePublished":"2025-11-18T15:09:00+00:00","description":"Cuernavaca recibir\u00e1 por primera vez el Broadway International Film Festival 2025, un evento con 18 a\u00f1os de historia en Los \u00c1ngeles que impulsar\u00e1 el turismo cultural, cinematogr\u00e1fico y econ\u00f3mico de Morelos.","breadcrumb":{"@id":"https:\/\/azturismo.net\/?p=6456#breadcrumb"},"inLanguage":"es","potentialAction":[{"@type":"ReadAction","target":["https:\/\/azturismo.net\/?p=6456"]}]},{"@type":"ImageObject","inLanguage":"es","@id":"https:\/\/azturismo.net\/?p=6456#primaryimage","url":"https:\/\/i0.wp.com\/azturismo.net\/wp-content\/uploads\/2025\/11\/MaritzaOlivares-DanielAltavi-FilmFestival.jpeg?fit=600%2C400&ssl=1","contentUrl":"https:\/\/i0.wp.com\/azturismo.net\/wp-content\/uploads\/2025\/11\/MaritzaOlivares-DanielAltavi-FilmFestival.jpeg?fit=600%2C400&ssl=1","width":600,"height":400},{"@type":"BreadcrumbList","@id":"https:\/\/azturismo.net\/?p=6456#breadcrumb","itemListElement":[{"@type":"ListItem","position":1,"name":"Home","item":"https:\/\/azturismo.net\/"},{"@type":"ListItem","position":2,"name":"\ud83c\udfac Morelos ser\u00e1 sede del Broadway International Film Festival 2025"}]},{"@type":"WebSite","@id":"https:\/\/azturismo.net\/#website","url":"https:\/\/azturismo.net\/","name":"Azturismo","description":"Azturismo Noticias","publisher":{"@id":"https:\/\/azturismo.net\/#organization"},"potentialAction":[{"@type":"SearchAction","target":{"@type":"EntryPoint","urlTemplate":"https:\/\/azturismo.net\/?s={search_term_string}"},"query-input":{"@type":"PropertyValueSpecification","valueRequired":true,"valueName":"search_term_string"}}],"inLanguage":"es"},{"@type":"Organization","@id":"https:\/\/azturismo.net\/#organization","name":"Azturismo","url":"https:\/\/azturismo.net\/","logo":{"@type":"ImageObject","inLanguage":"es","@id":"https:\/\/azturismo.net\/#\/schema\/logo\/image\/","url":"https:\/\/i0.wp.com\/azturismo.net\/wp-content\/uploads\/2024\/03\/logo-el-bueno-.png?fit=294%2C69&ssl=1","contentUrl":"https:\/\/i0.wp.com\/azturismo.net\/wp-content\/uploads\/2024\/03\/logo-el-bueno-.png?fit=294%2C69&ssl=1","width":294,"height":69,"caption":"Azturismo"},"image":{"@id":"https:\/\/azturismo.net\/#\/schema\/logo\/image\/"},"sameAs":["https:\/\/www.facebook.com\/AzturismoNoticias","https:\/\/x.com\/AzTurismo","https:\/\/www.instagram.com\/azturismo_noticias\/?fbclid=IwAR2xMiuoHbs6eLeIHKP8P5sSGa-xFrw7FfejscXO7kDghWa7wKLjGczKOwE","https:\/\/www.tiktok.com\/@azturismo"]},{"@type":"Person","@id":"https:\/\/azturismo.net\/#\/schema\/person\/4b56d87f51c4d1b518c650739ad3bbc1","name":"Azturismo","image":{"@type":"ImageObject","inLanguage":"es","@id":"https:\/\/azturismo.net\/wp-content\/litespeed\/avatar\/dfe28a31cdd68b788da48a316e50db10.jpg?ver=1777101936","url":"https:\/\/azturismo.net\/wp-content\/litespeed\/avatar\/dfe28a31cdd68b788da48a316e50db10.jpg?ver=1777101936","contentUrl":"https:\/\/azturismo.net\/wp-content\/litespeed\/avatar\/dfe28a31cdd68b788da48a316e50db10.jpg?ver=1777101936","caption":"Azturismo"},"sameAs":["https:\/\/azturismo.net"],"url":"https:\/\/azturismo.net\/?author=1"}]}},"jetpack_publicize_connections":[],"jetpack_featured_media_url":"https:\/\/i0.wp.com\/azturismo.net\/wp-content\/uploads\/2025\/11\/MaritzaOlivares-DanielAltavi-FilmFestival.jpeg?fit=600%2C400&ssl=1","jetpack_sharing_enabled":true,"jetpack-related-posts":[{"id":4435,"url":"https:\/\/azturismo.net\/?p=4435","url_meta":{"origin":6456,"position":0},"title":"Turismo y gastronom\u00eda en Morelos aportan el 18% del PIB estatal","author":"Azturismo","date":"julio 17, 2025","format":false,"excerpt":"La gastronom\u00eda, alojamiento y entretenimiento representan m\u00e1s del 18% del Producto Interno Bruto (PIB) del sector tur\u00edstico en Morelos, consolid\u00e1ndose como pilares clave para la econom\u00eda estatal y el bienestar de sus comunidades. Durante la toma de protesta del nuevo Comit\u00e9 Directivo 2025\u20132026 de CANIRAC Cuernavaca, encabezado por Karla Garc\u00eda\u2026","rel":"","context":"En &quot;Destacadas&quot;","block_context":{"text":"Destacadas","link":"https:\/\/azturismo.net\/?cat=30"},"img":{"alt_text":"","src":"https:\/\/i0.wp.com\/azturismo.net\/wp-content\/uploads\/2025\/07\/PSX_20250717_120000.jpg?fit=600%2C450&ssl=1&resize=350%2C200","width":350,"height":200,"srcset":"https:\/\/i0.wp.com\/azturismo.net\/wp-content\/uploads\/2025\/07\/PSX_20250717_120000.jpg?fit=600%2C450&ssl=1&resize=350%2C200 1x, https:\/\/i0.wp.com\/azturismo.net\/wp-content\/uploads\/2025\/07\/PSX_20250717_120000.jpg?fit=600%2C450&ssl=1&resize=525%2C300 1.5x"},"classes":[]},{"id":6333,"url":"https:\/\/azturismo.net\/?p=6333","url_meta":{"origin":6456,"position":1},"title":"Morelos se viste de luces con el X Foro Mundial en de la Gastronom\u00eda Mexicana","author":"Azturismo","date":"noviembre 8, 2025","format":false,"excerpt":"Por Oscar V\u00e1zquez C. La cocina tradicional mexicana est\u00e1 de fiesta. Este 2025 se cumplen 15 a\u00f1os desde que la UNESCO la reconoci\u00f3 como Patrimonio Cultural Inmaterial de la Humanidad, y para celebrarlo se inaugur\u00f3 en Cuernavaca, Morelos, el X Foro Mundial de la Gastronom\u00eda Mexicana, un evento que re\u00fane\u2026","rel":"","context":"En &quot;Destacadas&quot;","block_context":{"text":"Destacadas","link":"https:\/\/azturismo.net\/?cat=30"},"img":{"alt_text":"","src":"https:\/\/i0.wp.com\/azturismo.net\/wp-content\/uploads\/2025\/11\/Sectur-Foro-Mundial-Gastronomia-Mexicana.jpg?fit=600%2C400&ssl=1&resize=350%2C200","width":350,"height":200,"srcset":"https:\/\/i0.wp.com\/azturismo.net\/wp-content\/uploads\/2025\/11\/Sectur-Foro-Mundial-Gastronomia-Mexicana.jpg?fit=600%2C400&ssl=1&resize=350%2C200 1x, https:\/\/i0.wp.com\/azturismo.net\/wp-content\/uploads\/2025\/11\/Sectur-Foro-Mundial-Gastronomia-Mexicana.jpg?fit=600%2C400&ssl=1&resize=525%2C300 1.5x"},"classes":[]},{"id":6153,"url":"https:\/\/azturismo.net\/?p=6153","url_meta":{"origin":6456,"position":2},"title":"Arranca el INAHfest Morelos con la exposici\u00f3n \u201cMemorias de M\u00e9xico\u201d en el Jard\u00edn Borda","author":"Azturismo","date":"octubre 24, 2025","format":false,"excerpt":"Por Gabriela Flores \ud83d\udcf8 Entre im\u00e1genes que parecen detener el tiempo, el INAHfest Morelos 2025 abri\u00f3 sus puertas con la exposici\u00f3n \u201cMemorias de M\u00e9xico\u201d, una muestra fotogr\u00e1fica que transporta a los visitantes a finales del siglo XIX y principios del XX, a trav\u00e9s de 32 im\u00e1genes en blanco y negro\u2026","rel":"","context":"En &quot;NOTITUR&quot;","block_context":{"text":"NOTITUR","link":"https:\/\/azturismo.net\/?cat=25"},"img":{"alt_text":"","src":"https:\/\/i0.wp.com\/azturismo.net\/wp-content\/uploads\/2025\/10\/Con-esta-exposicion-iniciaron-las-actividades-del-INAHfest-en-Morelos-Credito-Fototeca-Nacional-INAH-3.jpg?fit=600%2C542&ssl=1&resize=350%2C200","width":350,"height":200,"srcset":"https:\/\/i0.wp.com\/azturismo.net\/wp-content\/uploads\/2025\/10\/Con-esta-exposicion-iniciaron-las-actividades-del-INAHfest-en-Morelos-Credito-Fototeca-Nacional-INAH-3.jpg?fit=600%2C542&ssl=1&resize=350%2C200 1x, https:\/\/i0.wp.com\/azturismo.net\/wp-content\/uploads\/2025\/10\/Con-esta-exposicion-iniciaron-las-actividades-del-INAHfest-en-Morelos-Credito-Fototeca-Nacional-INAH-3.jpg?fit=600%2C542&ssl=1&resize=525%2C300 1.5x"},"classes":[]},{"id":5923,"url":"https:\/\/azturismo.net\/?p=5923","url_meta":{"origin":6456,"position":3},"title":"Morelos ser\u00e1 sede del Foro Mundial de la Gastronom\u00eda Mexicana","author":"Azturismo","date":"octubre 8, 2025","format":false,"excerpt":"Por Oscar V\u00e1zquez C. \ud83c\udf38 Cuernavaca se convertir\u00e1 en el epicentro del sabor mexicano del 7 al 9 de noviembre, cuando el estado de Morelos reciba el X Foro Mundial de la Gastronom\u00eda Mexicana, un encuentro que reunir\u00e1 a los m\u00e1ximos exponentes de la cocina tradicional, chefs reconocidos, productores, artesanos\u2026","rel":"","context":"En &quot;Destacadas&quot;","block_context":{"text":"Destacadas","link":"https:\/\/azturismo.net\/?cat=30"},"img":{"alt_text":"","src":"https:\/\/i0.wp.com\/azturismo.net\/wp-content\/uploads\/2025\/10\/IMG-20251007-WA0120.jpg?fit=768%2C512&ssl=1&resize=350%2C200","width":350,"height":200,"srcset":"https:\/\/i0.wp.com\/azturismo.net\/wp-content\/uploads\/2025\/10\/IMG-20251007-WA0120.jpg?fit=768%2C512&ssl=1&resize=350%2C200 1x, https:\/\/i0.wp.com\/azturismo.net\/wp-content\/uploads\/2025\/10\/IMG-20251007-WA0120.jpg?fit=768%2C512&ssl=1&resize=525%2C300 1.5x, https:\/\/i0.wp.com\/azturismo.net\/wp-content\/uploads\/2025\/10\/IMG-20251007-WA0120.jpg?fit=768%2C512&ssl=1&resize=700%2C400 2x"},"classes":[]},{"id":3214,"url":"https:\/\/azturismo.net\/?p=3214","url_meta":{"origin":6456,"position":4},"title":"Hotel Sumiya se renueva bajo la marca Grand Fiesta Americana","author":"Azturismo","date":"marzo 4, 2025","format":false,"excerpt":"Por Oscar V\u00e1zquez C. A partir del 1 de marzo, el emblem\u00e1tico Hotel Sumiya se transform\u00f3 y renuev\u00f3 bajo la marca de Grand Fiesta Americana, convirti\u00e9ndose en Grand Fiesta Americana Sumiya Cuernavaca. Este cambio no solo refuerza su v\u00ednculo con el prestigioso grupo hotelero Grupo Posadas, sino que tambi\u00e9n ofrece\u2026","rel":"","context":"En &quot;Destacadas&quot;","block_context":{"text":"Destacadas","link":"https:\/\/azturismo.net\/?cat=30"},"img":{"alt_text":"","src":"https:\/\/i0.wp.com\/azturismo.net\/wp-content\/uploads\/2025\/03\/SUMIYA_ALTA__POSADAS_.jpg?fit=600%2C400&ssl=1&resize=350%2C200","width":350,"height":200,"srcset":"https:\/\/i0.wp.com\/azturismo.net\/wp-content\/uploads\/2025\/03\/SUMIYA_ALTA__POSADAS_.jpg?fit=600%2C400&ssl=1&resize=350%2C200 1x, https:\/\/i0.wp.com\/azturismo.net\/wp-content\/uploads\/2025\/03\/SUMIYA_ALTA__POSADAS_.jpg?fit=600%2C400&ssl=1&resize=525%2C300 1.5x"},"classes":[]},{"id":3620,"url":"https:\/\/azturismo.net\/?p=3620","url_meta":{"origin":6456,"position":5},"title":"Semana Santa en Morelos: tradici\u00f3n, naturaleza y gastronom\u00eda en el coraz\u00f3n de M\u00e9xico","author":"Azturismo","date":"abril 14, 2025","format":false,"excerpt":"Por Staff AzTurismo Morelos, la primavera de M\u00e9xico, te invita a vivir una Semana Santa inolvidable, llena de espiritualidad, cultura, paisajes naturales y sabores \u00fanicos. A trav\u00e9s de la Secretar\u00eda de Turismo, el Gobierno del Estado extiende una cordial invitaci\u00f3n a turistas locales, nacionales e internacionales para disfrutar de este\u2026","rel":"","context":"En &quot;Destacadas&quot;","block_context":{"text":"Destacadas","link":"https:\/\/azturismo.net\/?cat=30"},"img":{"alt_text":"","src":"https:\/\/i0.wp.com\/azturismo.net\/wp-content\/uploads\/2025\/04\/PSX_20250414_143132.jpg?fit=600%2C400&ssl=1&resize=350%2C200","width":350,"height":200,"srcset":"https:\/\/i0.wp.com\/azturismo.net\/wp-content\/uploads\/2025\/04\/PSX_20250414_143132.jpg?fit=600%2C400&ssl=1&resize=350%2C200 1x, https:\/\/i0.wp.com\/azturismo.net\/wp-content\/uploads\/2025\/04\/PSX_20250414_143132.jpg?fit=600%2C400&ssl=1&resize=525%2C300 1.5x"},"classes":[]}],"jetpack_shortlink":"https:\/\/wp.me\/pfqZGx-1G8","amp_enabled":true,"_links":{"self":[{"href":"https:\/\/azturismo.net\/index.php?rest_route=\/wp\/v2\/posts\/6456","targetHints":{"allow":["GET"]}}],"collection":[{"href":"https:\/\/azturismo.net\/index.php?rest_route=\/wp\/v2\/posts"}],"about":[{"href":"https:\/\/azturismo.net\/index.php?rest_route=\/wp\/v2\/types\/post"}],"author":[{"embeddable":true,"href":"https:\/\/azturismo.net\/index.php?rest_route=\/wp\/v2\/users\/1"}],"replies":[{"embeddable":true,"href":"https:\/\/azturismo.net\/index.php?rest_route=%2Fwp%2Fv2%2Fcomments&post=6456"}],"version-history":[{"count":1,"href":"https:\/\/azturismo.net\/index.php?rest_route=\/wp\/v2\/posts\/6456\/revisions"}],"predecessor-version":[{"id":6460,"href":"https:\/\/azturismo.net\/index.php?rest_route=\/wp\/v2\/posts\/6456\/revisions\/6460"}],"wp:featuredmedia":[{"embeddable":true,"href":"https:\/\/azturismo.net\/index.php?rest_route=\/wp\/v2\/media\/6459"}],"wp:attachment":[{"href":"https:\/\/azturismo.net\/index.php?rest_route=%2Fwp%2Fv2%2Fmedia&parent=6456"}],"wp:term":[{"taxonomy":"category","embeddable":true,"href":"https:\/\/azturismo.net\/index.php?rest_route=%2Fwp%2Fv2%2Fcategories&post=6456"},{"taxonomy":"post_tag","embeddable":true,"href":"https:\/\/azturismo.net\/index.php?rest_route=%2Fwp%2Fv2%2Ftags&post=6456"}],"curies":[{"name":"wp","href":"https:\/\/api.w.org\/{rel}","templated":true}]}}