{"id":6348,"date":"2025-11-12T03:15:00","date_gmt":"2025-11-12T09:15:00","guid":{"rendered":"https:\/\/azturismo.net\/?p=6348"},"modified":"2025-11-10T21:53:31","modified_gmt":"2025-11-11T03:53:31","slug":"el-reino-de-las-nubes-un-viaje-magico-de-los-ninos-al-corazon-de-monte-alban","status":"publish","type":"post","link":"https:\/\/azturismo.net\/?p=6348","title":{"rendered":"El Reino de las Nubes, un viaje m\u00e1gico de los ni\u00f1os al coraz\u00f3n de Monte Alb\u00e1n"},"content":{"rendered":"\n<p>Por Staff AzTurismo<\/p>\n\n\n\n<p>Imagina un lugar donde la historia no se guarda en vitrinas, sino que se vive, se toca y se juega. Un reino donde las nubes acarician las antiguas monta\u00f1as y los secretos de la civilizaci\u00f3n zapoteca esperan a ser descubiertos por las manos curiosas de los m\u00e1s peque\u00f1os. Este lugar ya existe, y su nombre es <strong>\u2018El Reino de las Nubes\u2019<\/strong>.<\/p>\n\n\n\n<p>Esta no es una exposici\u00f3n cualquiera. Es una puerta dimensional que se abre por <strong>dos a\u00f1os<\/strong> en el <strong>Museo Infantil de Oaxaca (MIO)<\/strong>, y es el resultado de un sue\u00f1o ambicioso: hacer que los ni\u00f1os no solo vean la historia, sino que la sientan como propia.<\/p>\n\n\n\n<h4 class=\"wp-block-heading\"><strong>El Origen de la Aventura: Un Di\u00e1logo de Sabios<\/strong><\/h4>\n\n\n\n<p>Hace alg\u00fan tiempo, expertos del <strong>Centro INAH Oaxaca<\/strong>, guardianes de la <strong>Zona Arqueol\u00f3gica de Monte Alb\u00e1n<\/strong>, y la <strong>Fundaci\u00f3n Alfredo Harp Hel\u00fa Oaxaca<\/strong>, se sentaron a conversar. Su misi\u00f3n: responder a una pregunta fundamental. \u00bfC\u00f3mo hacer que la majestuosidad de Monte Alb\u00e1n resulte fascinante para un ni\u00f1o?<\/p>\n\n\n<div class=\"wp-block-image\">\n<figure class=\"aligncenter size-full is-resized\"><img data-recalc-dims=\"1\" loading=\"lazy\" decoding=\"async\" width=\"600\" height=\"450\" data-attachment-id=\"6350\" data-permalink=\"https:\/\/azturismo.net\/?attachment_id=6350\" data-orig-file=\"https:\/\/i0.wp.com\/azturismo.net\/wp-content\/uploads\/2025\/11\/Se-construyo-una-ensonacion-miniatura-de-Monte-Alban-distribuida-en-seis-salas-interactivas-Foto-CINAH-Oaxaca-1.jpeg?fit=600%2C450&amp;ssl=1\" data-orig-size=\"600,450\" data-comments-opened=\"1\" data-image-meta=\"{&quot;aperture&quot;:&quot;0&quot;,&quot;credit&quot;:&quot;&quot;,&quot;camera&quot;:&quot;&quot;,&quot;caption&quot;:&quot;&quot;,&quot;created_timestamp&quot;:&quot;0&quot;,&quot;copyright&quot;:&quot;&quot;,&quot;focal_length&quot;:&quot;0&quot;,&quot;iso&quot;:&quot;0&quot;,&quot;shutter_speed&quot;:&quot;0&quot;,&quot;title&quot;:&quot;&quot;,&quot;orientation&quot;:&quot;1&quot;}\" data-image-title=\"Se construy\u00f3 una enso\u00f1aci\u00f3n miniatura de Monte Alb\u00e1n, distribuida en seis salas interactivas Foto CINAH Oaxaca (1)\" data-image-description=\"\" data-image-caption=\"\" data-large-file=\"https:\/\/i0.wp.com\/azturismo.net\/wp-content\/uploads\/2025\/11\/Se-construyo-una-ensonacion-miniatura-de-Monte-Alban-distribuida-en-seis-salas-interactivas-Foto-CINAH-Oaxaca-1.jpeg?fit=600%2C450&amp;ssl=1\" src=\"https:\/\/i0.wp.com\/azturismo.net\/wp-content\/uploads\/2025\/11\/Se-construyo-una-ensonacion-miniatura-de-Monte-Alban-distribuida-en-seis-salas-interactivas-Foto-CINAH-Oaxaca-1.jpeg?resize=600%2C450&#038;ssl=1\" alt=\"\" class=\"wp-image-6350\" style=\"width:836px;height:auto\" srcset=\"https:\/\/i0.wp.com\/azturismo.net\/wp-content\/uploads\/2025\/11\/Se-construyo-una-ensonacion-miniatura-de-Monte-Alban-distribuida-en-seis-salas-interactivas-Foto-CINAH-Oaxaca-1.jpeg?w=600&amp;ssl=1 600w, https:\/\/i0.wp.com\/azturismo.net\/wp-content\/uploads\/2025\/11\/Se-construyo-una-ensonacion-miniatura-de-Monte-Alban-distribuida-en-seis-salas-interactivas-Foto-CINAH-Oaxaca-1.jpeg?resize=300%2C225&amp;ssl=1 300w, https:\/\/i0.wp.com\/azturismo.net\/wp-content\/uploads\/2025\/11\/Se-construyo-una-ensonacion-miniatura-de-Monte-Alban-distribuida-en-seis-salas-interactivas-Foto-CINAH-Oaxaca-1.jpeg?resize=150%2C113&amp;ssl=1 150w\" sizes=\"auto, (max-width: 600px) 100vw, 600px\" \/><\/figure><\/div>\n\n\n<p>Se dieron cuenta de que, a menudo, lo que se ofrece a los peque\u00f1os es una versi\u00f3n simplificada de lo que hay para adultos. Y ellos merec\u00edan algo mejor. Merec\u00edan una experiencia creada <em>por y para<\/em> ellos.<\/p>\n\n\n\n<h4 class=\"wp-block-heading\"><strong>Los Aut\u00e9nticos Creadores: El Consejo Infantil de Dise\u00f1o<\/strong><\/h4>\n\n\n\n<p>En un movimiento sin precedentes, el MIO reuni\u00f3 a un grupo secreto de 12 sabios muy especiales: <strong>el Consejo Infantil de Dise\u00f1o<\/strong>. Durante seis meses, estos ni\u00f1os y ni\u00f1as se convirtieron en los arquitectos de esta aventura. Ellos fueron los verdaderos curadores.<\/p>\n\n\n\n<p>\u00bfUn rompecabezas sobre la comida zapoteca? Idea de ellos. \u00bfUna versi\u00f3n del juego de pelota que se juega como tenis de mesa? Su propuesta. Ellos tuvieron el poder de veto y la libertad absoluta para moldear \u2018El Reino de las Nubes\u2019. Esta exposici\u00f3n no se hubiera concebido igual sin su imaginaci\u00f3n, haciendo de ella un viaje aut\u00e9nticamente infantil.<\/p>\n\n\n\n<h4 class=\"wp-block-heading\"><strong>Bienvenidos a la Ciudad del Jaguar: Una Experiencia para Tocar el Pasado<\/strong><\/h4>\n\n\n\n<p>Al cruzar el umbral de la antigua estaci\u00f3n del Ferrocarril, sede del MIO, el viaje comienza. Te adentras en una <strong>enso\u00f1aci\u00f3n miniatura de Monte Alb\u00e1n<\/strong>, distribuida en seis salas interactivas. Aqu\u00ed, la regla n\u00famero uno es jugar.<\/p>\n\n\n\n<ul class=\"wp-block-list\">\n<li><strong>Aprende jugando:<\/strong> Arma el \u201cplato del buen comer zapoteco\u201d y descubre los sabores que alimentaban a los antiguos habitantes.<\/li>\n\n\n\n<li><strong>Vive el ritual:<\/strong> Siente la emoci\u00f3n del <strong>juego de pelota<\/strong> en una mesa donde cada golpe cuenta una historia de rituales, pol\u00edtica y destreza f\u00edsica.<\/li>\n\n\n\n<li><strong>Pide un consejo al pasado:<\/strong> Ad\u00e9ntrate en la r\u00e9plica de una tumba zapoteca y escucha los susurros de los ancestros.<\/li>\n\n\n\n<li><strong>Sigue a los astros:<\/strong> En el Observatorio, traza el camino del sol y la luna, como lo hicieron los astr\u00f3nomos de anta\u00f1o.<\/li>\n\n\n\n<li><strong>Ofrece un tributo:<\/strong> Presenta una ofrenda a <strong>Pitao Cocijo<\/strong>, el poderoso dios zapoteco de la lluvia, y comprende la espiritualidad que reg\u00eda la vida.<\/li>\n<\/ul>\n\n\n\n<p>Cada rinc\u00f3n est\u00e1 cuidadosamente dise\u00f1ado para mostrar c\u00f3mo el esplendor de Monte Alb\u00e1n sigue vivo en las comunidades de Oaxaca hoy en d\u00eda.<\/p>\n\n\n\n<h4 class=\"wp-block-heading\"><strong>Una Aventura que no Termina Aqu\u00ed<\/strong><\/h4>\n\n\n\n<p>\u2018El Reino de las Nubes\u2019 es una experiencia viva. Durante su estad\u00eda de dos a\u00f1os, el MIO celebrar\u00e1 talleres, excursiones y eventos especiales que se anunciar\u00e1n en sus redes sociales. Adem\u00e1s, en diciembre de 2025, se presentar\u00e1 el libro ilustrado <strong>\u2018Un d\u00eda en Monte Alb\u00e1n\u2019<\/strong>, una gu\u00eda gratuita para que los ni\u00f1os contin\u00faen su exploraci\u00f3n.<\/p>\n\n\n\n<p><strong>\u00bfEst\u00e1s listo para que tus hijos vivan la historia?<\/strong><\/p>\n\n\n\n<p><strong>Exposici\u00f3n:<\/strong> El Reino de las Nubes<br><strong>Lugar:<\/strong> Museo Infantil de Oaxaca (MIO). Calzada Francisco I. Madero 511, Ex-Marquesado, Oaxaca.<br><strong>Duraci\u00f3n:<\/strong> Abierta por 2 a\u00f1os.<br><strong>Horario:<\/strong> De martes a domingo, de 11:00 a 18:00 horas.<br><strong>Costo:<\/strong> <strong>Acceso gratuito.<\/strong><\/p>\n\n\n\n<p>No dejes que se lo cuenten. Ll\u00e9valos a vivir la magia de Monte Alb\u00e1n a trav\u00e9s de sus propios ojos y su incre\u00edble imaginaci\u00f3n.<\/p>\n","protected":false},"excerpt":{"rendered":"<p>Por Staff AzTurismo Imagina un lugar donde la historia no se guarda en vitrinas, sino que se vive, se toca y se juega. Un reino donde las nubes acarician las antiguas monta\u00f1as y los secretos de la civilizaci\u00f3n zapoteca esperan a ser descubiertos por las manos curiosas de los m\u00e1s peque\u00f1os. Este lugar ya existe, [&hellip;]<\/p>\n","protected":false},"author":1,"featured_media":6349,"comment_status":"open","ping_status":"open","sticky":false,"template":"","format":"standard","meta":{"jetpack_post_was_ever_published":false,"_jetpack_newsletter_access":"","_jetpack_dont_email_post_to_subs":false,"_jetpack_newsletter_tier_id":0,"_jetpack_memberships_contains_paywalled_content":false,"_jetpack_memberships_contains_paid_content":false,"footnotes":"","jetpack_publicize_message":"","jetpack_publicize_feature_enabled":true,"jetpack_social_post_already_shared":true,"jetpack_social_options":{"image_generator_settings":{"template":"highway","default_image_id":0,"font":"","enabled":false},"version":2}},"categories":[25],"tags":[99,3052,3050,3051,3048,3049],"class_list":{"0":"post-6348","1":"post","2":"type-post","3":"status-publish","4":"format-standard","5":"has-post-thumbnail","7":"category-notitar","8":"tag-azturismo","9":"tag-centro-inah-oaxaca","10":"tag-el-reino-de-las-nubes","11":"tag-fundacion-alfredo-harp-helu-oaxaca","12":"tag-museo-infantil-de-oaxaca","13":"tag-zona-arqueologica-de-monte-alban"},"yoast_head":"<!-- This site is optimized with the Yoast SEO plugin v27.5 - https:\/\/yoast.com\/product\/yoast-seo-wordpress\/ -->\n<title>El Reino de las Nubes, un viaje m\u00e1gico de los ni\u00f1os al coraz\u00f3n de Monte Alb\u00e1n - Azturismo Noticias<\/title>\n<meta name=\"description\" content=\"Vive una aventura en el coraz\u00f3n de la cultura zapoteca. El Museo Infantil de Oaxaca abre &#039;El Reino de las Nubes&#039;, una exposici\u00f3n \u00fanica donde los ni\u00f1os viajan en el tiempo a Monte Alb\u00e1n. \u00a1Entrada gratuita!\" \/>\n<meta name=\"robots\" content=\"index, follow, max-snippet:-1, max-image-preview:large, max-video-preview:-1\" \/>\n<link rel=\"canonical\" href=\"https:\/\/azturismo.net\/?p=6348\" \/>\n<meta property=\"og:locale\" content=\"es_MX\" \/>\n<meta property=\"og:type\" content=\"article\" \/>\n<meta property=\"og:title\" content=\"El Reino de las Nubes, un viaje m\u00e1gico de los ni\u00f1os al coraz\u00f3n de Monte Alb\u00e1n - Azturismo Noticias\" \/>\n<meta property=\"og:description\" content=\"Vive una aventura en el coraz\u00f3n de la cultura zapoteca. El Museo Infantil de Oaxaca abre &#039;El Reino de las Nubes&#039;, una exposici\u00f3n \u00fanica donde los ni\u00f1os viajan en el tiempo a Monte Alb\u00e1n. \u00a1Entrada gratuita!\" \/>\n<meta property=\"og:url\" content=\"https:\/\/azturismo.net\/?p=6348\" \/>\n<meta property=\"og:site_name\" content=\"Azturismo Noticias\" \/>\n<meta property=\"article:publisher\" content=\"https:\/\/www.facebook.com\/AzturismoNoticias\" \/>\n<meta property=\"article:published_time\" content=\"2025-11-12T09:15:00+00:00\" \/>\n<meta property=\"og:image\" content=\"https:\/\/i0.wp.com\/azturismo.net\/wp-content\/uploads\/2025\/11\/La-exposicion-El-reino-de-las-nubes-fue-concebida-para-compartir-con-la-ninez-estatal-los-valores-esenciales-de-la-civilizacion-zapoteca-y-el-esplendor-de-su-antigua-capital-Foto-CINAH-Oaxaca-1.png?fit=600%2C450&ssl=1\" \/>\n\t<meta property=\"og:image:width\" content=\"600\" \/>\n\t<meta property=\"og:image:height\" content=\"450\" \/>\n\t<meta property=\"og:image:type\" content=\"image\/png\" \/>\n<meta name=\"author\" content=\"Azturismo\" \/>\n<meta name=\"twitter:card\" content=\"summary_large_image\" \/>\n<meta name=\"twitter:creator\" content=\"@AzTurismo\" \/>\n<meta name=\"twitter:site\" content=\"@AzTurismo\" \/>\n<meta name=\"twitter:label1\" content=\"Escrito por\" \/>\n\t<meta name=\"twitter:data1\" content=\"Azturismo\" \/>\n\t<meta name=\"twitter:label2\" content=\"Tiempo de lectura\" \/>\n\t<meta name=\"twitter:data2\" content=\"4 minutos\" \/>\n<script type=\"application\/ld+json\" class=\"yoast-schema-graph\">{\"@context\":\"https:\\\/\\\/schema.org\",\"@graph\":[{\"@type\":\"Article\",\"@id\":\"https:\\\/\\\/azturismo.net\\\/?p=6348#article\",\"isPartOf\":{\"@id\":\"https:\\\/\\\/azturismo.net\\\/?p=6348\"},\"author\":{\"name\":\"Azturismo\",\"@id\":\"https:\\\/\\\/azturismo.net\\\/#\\\/schema\\\/person\\\/4b56d87f51c4d1b518c650739ad3bbc1\"},\"headline\":\"El Reino de las Nubes, un viaje m\u00e1gico de los ni\u00f1os al coraz\u00f3n de Monte Alb\u00e1n\",\"datePublished\":\"2025-11-12T09:15:00+00:00\",\"mainEntityOfPage\":{\"@id\":\"https:\\\/\\\/azturismo.net\\\/?p=6348\"},\"wordCount\":705,\"commentCount\":0,\"publisher\":{\"@id\":\"https:\\\/\\\/azturismo.net\\\/#organization\"},\"image\":{\"@id\":\"https:\\\/\\\/azturismo.net\\\/?p=6348#primaryimage\"},\"thumbnailUrl\":\"https:\\\/\\\/i0.wp.com\\\/azturismo.net\\\/wp-content\\\/uploads\\\/2025\\\/11\\\/La-exposicion-El-reino-de-las-nubes-fue-concebida-para-compartir-con-la-ninez-estatal-los-valores-esenciales-de-la-civilizacion-zapoteca-y-el-esplendor-de-su-antigua-capital-Foto-CINAH-Oaxaca-1.png?fit=600%2C450&ssl=1\",\"keywords\":[\"azturismo\",\"Centro INAH Oaxaca\",\"El Reino de las Nubes\",\"Fundaci\u00f3n Alfredo Harp Hel\u00fa Oaxaca\",\"Museo Infantil de Oaxaca\",\"Zona Arqueol\u00f3gica de Monte Alb\u00e1n\"],\"articleSection\":[\"NOTITUR\"],\"inLanguage\":\"es\",\"potentialAction\":[{\"@type\":\"CommentAction\",\"name\":\"Comment\",\"target\":[\"https:\\\/\\\/azturismo.net\\\/?p=6348#respond\"]}]},{\"@type\":\"WebPage\",\"@id\":\"https:\\\/\\\/azturismo.net\\\/?p=6348\",\"url\":\"https:\\\/\\\/azturismo.net\\\/?p=6348\",\"name\":\"El Reino de las Nubes, un viaje m\u00e1gico de los ni\u00f1os al coraz\u00f3n de Monte Alb\u00e1n - Azturismo Noticias\",\"isPartOf\":{\"@id\":\"https:\\\/\\\/azturismo.net\\\/#website\"},\"primaryImageOfPage\":{\"@id\":\"https:\\\/\\\/azturismo.net\\\/?p=6348#primaryimage\"},\"image\":{\"@id\":\"https:\\\/\\\/azturismo.net\\\/?p=6348#primaryimage\"},\"thumbnailUrl\":\"https:\\\/\\\/i0.wp.com\\\/azturismo.net\\\/wp-content\\\/uploads\\\/2025\\\/11\\\/La-exposicion-El-reino-de-las-nubes-fue-concebida-para-compartir-con-la-ninez-estatal-los-valores-esenciales-de-la-civilizacion-zapoteca-y-el-esplendor-de-su-antigua-capital-Foto-CINAH-Oaxaca-1.png?fit=600%2C450&ssl=1\",\"datePublished\":\"2025-11-12T09:15:00+00:00\",\"description\":\"Vive una aventura en el coraz\u00f3n de la cultura zapoteca. El Museo Infantil de Oaxaca abre 'El Reino de las Nubes', una exposici\u00f3n \u00fanica donde los ni\u00f1os viajan en el tiempo a Monte Alb\u00e1n. \u00a1Entrada gratuita!\",\"breadcrumb\":{\"@id\":\"https:\\\/\\\/azturismo.net\\\/?p=6348#breadcrumb\"},\"inLanguage\":\"es\",\"potentialAction\":[{\"@type\":\"ReadAction\",\"target\":[\"https:\\\/\\\/azturismo.net\\\/?p=6348\"]}]},{\"@type\":\"ImageObject\",\"inLanguage\":\"es\",\"@id\":\"https:\\\/\\\/azturismo.net\\\/?p=6348#primaryimage\",\"url\":\"https:\\\/\\\/i0.wp.com\\\/azturismo.net\\\/wp-content\\\/uploads\\\/2025\\\/11\\\/La-exposicion-El-reino-de-las-nubes-fue-concebida-para-compartir-con-la-ninez-estatal-los-valores-esenciales-de-la-civilizacion-zapoteca-y-el-esplendor-de-su-antigua-capital-Foto-CINAH-Oaxaca-1.png?fit=600%2C450&ssl=1\",\"contentUrl\":\"https:\\\/\\\/i0.wp.com\\\/azturismo.net\\\/wp-content\\\/uploads\\\/2025\\\/11\\\/La-exposicion-El-reino-de-las-nubes-fue-concebida-para-compartir-con-la-ninez-estatal-los-valores-esenciales-de-la-civilizacion-zapoteca-y-el-esplendor-de-su-antigua-capital-Foto-CINAH-Oaxaca-1.png?fit=600%2C450&ssl=1\",\"width\":600,\"height\":450},{\"@type\":\"BreadcrumbList\",\"@id\":\"https:\\\/\\\/azturismo.net\\\/?p=6348#breadcrumb\",\"itemListElement\":[{\"@type\":\"ListItem\",\"position\":1,\"name\":\"Home\",\"item\":\"https:\\\/\\\/azturismo.net\\\/\"},{\"@type\":\"ListItem\",\"position\":2,\"name\":\"El Reino de las Nubes, un viaje m\u00e1gico de los ni\u00f1os al coraz\u00f3n de Monte Alb\u00e1n\"}]},{\"@type\":\"WebSite\",\"@id\":\"https:\\\/\\\/azturismo.net\\\/#website\",\"url\":\"https:\\\/\\\/azturismo.net\\\/\",\"name\":\"Azturismo\",\"description\":\"Azturismo Noticias\",\"publisher\":{\"@id\":\"https:\\\/\\\/azturismo.net\\\/#organization\"},\"potentialAction\":[{\"@type\":\"SearchAction\",\"target\":{\"@type\":\"EntryPoint\",\"urlTemplate\":\"https:\\\/\\\/azturismo.net\\\/?s={search_term_string}\"},\"query-input\":{\"@type\":\"PropertyValueSpecification\",\"valueRequired\":true,\"valueName\":\"search_term_string\"}}],\"inLanguage\":\"es\"},{\"@type\":\"Organization\",\"@id\":\"https:\\\/\\\/azturismo.net\\\/#organization\",\"name\":\"Azturismo\",\"url\":\"https:\\\/\\\/azturismo.net\\\/\",\"logo\":{\"@type\":\"ImageObject\",\"inLanguage\":\"es\",\"@id\":\"https:\\\/\\\/azturismo.net\\\/#\\\/schema\\\/logo\\\/image\\\/\",\"url\":\"https:\\\/\\\/i0.wp.com\\\/azturismo.net\\\/wp-content\\\/uploads\\\/2024\\\/03\\\/logo-el-bueno-.png?fit=294%2C69&ssl=1\",\"contentUrl\":\"https:\\\/\\\/i0.wp.com\\\/azturismo.net\\\/wp-content\\\/uploads\\\/2024\\\/03\\\/logo-el-bueno-.png?fit=294%2C69&ssl=1\",\"width\":294,\"height\":69,\"caption\":\"Azturismo\"},\"image\":{\"@id\":\"https:\\\/\\\/azturismo.net\\\/#\\\/schema\\\/logo\\\/image\\\/\"},\"sameAs\":[\"https:\\\/\\\/www.facebook.com\\\/AzturismoNoticias\",\"https:\\\/\\\/x.com\\\/AzTurismo\",\"https:\\\/\\\/www.instagram.com\\\/azturismo_noticias\\\/?fbclid=IwAR2xMiuoHbs6eLeIHKP8P5sSGa-xFrw7FfejscXO7kDghWa7wKLjGczKOwE\",\"https:\\\/\\\/www.tiktok.com\\\/@azturismo\"]},{\"@type\":\"Person\",\"@id\":\"https:\\\/\\\/azturismo.net\\\/#\\\/schema\\\/person\\\/4b56d87f51c4d1b518c650739ad3bbc1\",\"name\":\"Azturismo\",\"image\":{\"@type\":\"ImageObject\",\"inLanguage\":\"es\",\"@id\":\"https:\\\/\\\/azturismo.net\\\/wp-content\\\/litespeed\\\/avatar\\\/dfe28a31cdd68b788da48a316e50db10.jpg?ver=1777707566\",\"url\":\"https:\\\/\\\/azturismo.net\\\/wp-content\\\/litespeed\\\/avatar\\\/dfe28a31cdd68b788da48a316e50db10.jpg?ver=1777707566\",\"contentUrl\":\"https:\\\/\\\/azturismo.net\\\/wp-content\\\/litespeed\\\/avatar\\\/dfe28a31cdd68b788da48a316e50db10.jpg?ver=1777707566\",\"caption\":\"Azturismo\"},\"sameAs\":[\"https:\\\/\\\/azturismo.net\"],\"url\":\"https:\\\/\\\/azturismo.net\\\/?author=1\"}]}<\/script>\n<!-- \/ Yoast SEO plugin. -->","yoast_head_json":{"title":"El Reino de las Nubes, un viaje m\u00e1gico de los ni\u00f1os al coraz\u00f3n de Monte Alb\u00e1n - Azturismo Noticias","description":"Vive una aventura en el coraz\u00f3n de la cultura zapoteca. El Museo Infantil de Oaxaca abre 'El Reino de las Nubes', una exposici\u00f3n \u00fanica donde los ni\u00f1os viajan en el tiempo a Monte Alb\u00e1n. \u00a1Entrada gratuita!","robots":{"index":"index","follow":"follow","max-snippet":"max-snippet:-1","max-image-preview":"max-image-preview:large","max-video-preview":"max-video-preview:-1"},"canonical":"https:\/\/azturismo.net\/?p=6348","og_locale":"es_MX","og_type":"article","og_title":"El Reino de las Nubes, un viaje m\u00e1gico de los ni\u00f1os al coraz\u00f3n de Monte Alb\u00e1n - Azturismo Noticias","og_description":"Vive una aventura en el coraz\u00f3n de la cultura zapoteca. El Museo Infantil de Oaxaca abre 'El Reino de las Nubes', una exposici\u00f3n \u00fanica donde los ni\u00f1os viajan en el tiempo a Monte Alb\u00e1n. \u00a1Entrada gratuita!","og_url":"https:\/\/azturismo.net\/?p=6348","og_site_name":"Azturismo Noticias","article_publisher":"https:\/\/www.facebook.com\/AzturismoNoticias","article_published_time":"2025-11-12T09:15:00+00:00","og_image":[{"width":600,"height":450,"url":"https:\/\/i0.wp.com\/azturismo.net\/wp-content\/uploads\/2025\/11\/La-exposicion-El-reino-de-las-nubes-fue-concebida-para-compartir-con-la-ninez-estatal-los-valores-esenciales-de-la-civilizacion-zapoteca-y-el-esplendor-de-su-antigua-capital-Foto-CINAH-Oaxaca-1.png?fit=600%2C450&ssl=1","type":"image\/png"}],"author":"Azturismo","twitter_card":"summary_large_image","twitter_creator":"@AzTurismo","twitter_site":"@AzTurismo","twitter_misc":{"Escrito por":"Azturismo","Tiempo de lectura":"4 minutos"},"schema":{"@context":"https:\/\/schema.org","@graph":[{"@type":"Article","@id":"https:\/\/azturismo.net\/?p=6348#article","isPartOf":{"@id":"https:\/\/azturismo.net\/?p=6348"},"author":{"name":"Azturismo","@id":"https:\/\/azturismo.net\/#\/schema\/person\/4b56d87f51c4d1b518c650739ad3bbc1"},"headline":"El Reino de las Nubes, un viaje m\u00e1gico de los ni\u00f1os al coraz\u00f3n de Monte Alb\u00e1n","datePublished":"2025-11-12T09:15:00+00:00","mainEntityOfPage":{"@id":"https:\/\/azturismo.net\/?p=6348"},"wordCount":705,"commentCount":0,"publisher":{"@id":"https:\/\/azturismo.net\/#organization"},"image":{"@id":"https:\/\/azturismo.net\/?p=6348#primaryimage"},"thumbnailUrl":"https:\/\/i0.wp.com\/azturismo.net\/wp-content\/uploads\/2025\/11\/La-exposicion-El-reino-de-las-nubes-fue-concebida-para-compartir-con-la-ninez-estatal-los-valores-esenciales-de-la-civilizacion-zapoteca-y-el-esplendor-de-su-antigua-capital-Foto-CINAH-Oaxaca-1.png?fit=600%2C450&ssl=1","keywords":["azturismo","Centro INAH Oaxaca","El Reino de las Nubes","Fundaci\u00f3n Alfredo Harp Hel\u00fa Oaxaca","Museo Infantil de Oaxaca","Zona Arqueol\u00f3gica de Monte Alb\u00e1n"],"articleSection":["NOTITUR"],"inLanguage":"es","potentialAction":[{"@type":"CommentAction","name":"Comment","target":["https:\/\/azturismo.net\/?p=6348#respond"]}]},{"@type":"WebPage","@id":"https:\/\/azturismo.net\/?p=6348","url":"https:\/\/azturismo.net\/?p=6348","name":"El Reino de las Nubes, un viaje m\u00e1gico de los ni\u00f1os al coraz\u00f3n de Monte Alb\u00e1n - Azturismo Noticias","isPartOf":{"@id":"https:\/\/azturismo.net\/#website"},"primaryImageOfPage":{"@id":"https:\/\/azturismo.net\/?p=6348#primaryimage"},"image":{"@id":"https:\/\/azturismo.net\/?p=6348#primaryimage"},"thumbnailUrl":"https:\/\/i0.wp.com\/azturismo.net\/wp-content\/uploads\/2025\/11\/La-exposicion-El-reino-de-las-nubes-fue-concebida-para-compartir-con-la-ninez-estatal-los-valores-esenciales-de-la-civilizacion-zapoteca-y-el-esplendor-de-su-antigua-capital-Foto-CINAH-Oaxaca-1.png?fit=600%2C450&ssl=1","datePublished":"2025-11-12T09:15:00+00:00","description":"Vive una aventura en el coraz\u00f3n de la cultura zapoteca. El Museo Infantil de Oaxaca abre 'El Reino de las Nubes', una exposici\u00f3n \u00fanica donde los ni\u00f1os viajan en el tiempo a Monte Alb\u00e1n. \u00a1Entrada gratuita!","breadcrumb":{"@id":"https:\/\/azturismo.net\/?p=6348#breadcrumb"},"inLanguage":"es","potentialAction":[{"@type":"ReadAction","target":["https:\/\/azturismo.net\/?p=6348"]}]},{"@type":"ImageObject","inLanguage":"es","@id":"https:\/\/azturismo.net\/?p=6348#primaryimage","url":"https:\/\/i0.wp.com\/azturismo.net\/wp-content\/uploads\/2025\/11\/La-exposicion-El-reino-de-las-nubes-fue-concebida-para-compartir-con-la-ninez-estatal-los-valores-esenciales-de-la-civilizacion-zapoteca-y-el-esplendor-de-su-antigua-capital-Foto-CINAH-Oaxaca-1.png?fit=600%2C450&ssl=1","contentUrl":"https:\/\/i0.wp.com\/azturismo.net\/wp-content\/uploads\/2025\/11\/La-exposicion-El-reino-de-las-nubes-fue-concebida-para-compartir-con-la-ninez-estatal-los-valores-esenciales-de-la-civilizacion-zapoteca-y-el-esplendor-de-su-antigua-capital-Foto-CINAH-Oaxaca-1.png?fit=600%2C450&ssl=1","width":600,"height":450},{"@type":"BreadcrumbList","@id":"https:\/\/azturismo.net\/?p=6348#breadcrumb","itemListElement":[{"@type":"ListItem","position":1,"name":"Home","item":"https:\/\/azturismo.net\/"},{"@type":"ListItem","position":2,"name":"El Reino de las Nubes, un viaje m\u00e1gico de los ni\u00f1os al coraz\u00f3n de Monte Alb\u00e1n"}]},{"@type":"WebSite","@id":"https:\/\/azturismo.net\/#website","url":"https:\/\/azturismo.net\/","name":"Azturismo","description":"Azturismo Noticias","publisher":{"@id":"https:\/\/azturismo.net\/#organization"},"potentialAction":[{"@type":"SearchAction","target":{"@type":"EntryPoint","urlTemplate":"https:\/\/azturismo.net\/?s={search_term_string}"},"query-input":{"@type":"PropertyValueSpecification","valueRequired":true,"valueName":"search_term_string"}}],"inLanguage":"es"},{"@type":"Organization","@id":"https:\/\/azturismo.net\/#organization","name":"Azturismo","url":"https:\/\/azturismo.net\/","logo":{"@type":"ImageObject","inLanguage":"es","@id":"https:\/\/azturismo.net\/#\/schema\/logo\/image\/","url":"https:\/\/i0.wp.com\/azturismo.net\/wp-content\/uploads\/2024\/03\/logo-el-bueno-.png?fit=294%2C69&ssl=1","contentUrl":"https:\/\/i0.wp.com\/azturismo.net\/wp-content\/uploads\/2024\/03\/logo-el-bueno-.png?fit=294%2C69&ssl=1","width":294,"height":69,"caption":"Azturismo"},"image":{"@id":"https:\/\/azturismo.net\/#\/schema\/logo\/image\/"},"sameAs":["https:\/\/www.facebook.com\/AzturismoNoticias","https:\/\/x.com\/AzTurismo","https:\/\/www.instagram.com\/azturismo_noticias\/?fbclid=IwAR2xMiuoHbs6eLeIHKP8P5sSGa-xFrw7FfejscXO7kDghWa7wKLjGczKOwE","https:\/\/www.tiktok.com\/@azturismo"]},{"@type":"Person","@id":"https:\/\/azturismo.net\/#\/schema\/person\/4b56d87f51c4d1b518c650739ad3bbc1","name":"Azturismo","image":{"@type":"ImageObject","inLanguage":"es","@id":"https:\/\/azturismo.net\/wp-content\/litespeed\/avatar\/dfe28a31cdd68b788da48a316e50db10.jpg?ver=1777707566","url":"https:\/\/azturismo.net\/wp-content\/litespeed\/avatar\/dfe28a31cdd68b788da48a316e50db10.jpg?ver=1777707566","contentUrl":"https:\/\/azturismo.net\/wp-content\/litespeed\/avatar\/dfe28a31cdd68b788da48a316e50db10.jpg?ver=1777707566","caption":"Azturismo"},"sameAs":["https:\/\/azturismo.net"],"url":"https:\/\/azturismo.net\/?author=1"}]}},"jetpack_publicize_connections":[],"jetpack_featured_media_url":"https:\/\/i0.wp.com\/azturismo.net\/wp-content\/uploads\/2025\/11\/La-exposicion-El-reino-de-las-nubes-fue-concebida-para-compartir-con-la-ninez-estatal-los-valores-esenciales-de-la-civilizacion-zapoteca-y-el-esplendor-de-su-antigua-capital-Foto-CINAH-Oaxaca-1.png?fit=600%2C450&ssl=1","jetpack_sharing_enabled":true,"jetpack-related-posts":[{"id":3283,"url":"https:\/\/azturismo.net\/?p=3283","url_meta":{"origin":6348,"position":0},"title":"Oaxaca, sede del turismo de aventura y naturaleza, ATMEX 2025","author":"Azturismo","date":"marzo 7, 2025","format":false,"excerpt":"Por AzTurismo Oaxaca ser\u00e1 la sede de la XIV edici\u00f3n del Adventure Travel Network (ATMEX) 2025, uno de los eventos m\u00e1s importantes de turismo de aventura y turismo de naturaleza en Am\u00e9rica Latina. El evento se llevar\u00e1 a cabo del 11 al 14 de marzo de 2025 en el Centro\u2026","rel":"","context":"En &quot;Destacadas&quot;","block_context":{"text":"Destacadas","link":"https:\/\/azturismo.net\/?cat=30"},"img":{"alt_text":"","src":"https:\/\/i0.wp.com\/azturismo.net\/wp-content\/uploads\/2025\/03\/Sectur-Oaxaca.jpg?fit=600%2C337&ssl=1&resize=350%2C200","width":350,"height":200,"srcset":"https:\/\/i0.wp.com\/azturismo.net\/wp-content\/uploads\/2025\/03\/Sectur-Oaxaca.jpg?fit=600%2C337&ssl=1&resize=350%2C200 1x, https:\/\/i0.wp.com\/azturismo.net\/wp-content\/uploads\/2025\/03\/Sectur-Oaxaca.jpg?fit=600%2C337&ssl=1&resize=525%2C300 1.5x"},"classes":[]},{"id":4497,"url":"https:\/\/azturismo.net\/?p=4497","url_meta":{"origin":6348,"position":1},"title":"Descubre por qu\u00e9 la Guelaguetza 2025 es el evento tur\u00edstico imperdible del a\u00f1o","author":"Azturismo","date":"julio 21, 2025","format":false,"excerpt":"Por Staff AzTurismo Oaxaca se viste de gala para recibir a m\u00e1s de 138,000 visitantes durante la celebraci\u00f3n m\u00e1s importante de M\u00e9xico: la Guelaguetza 2025. Esta festividad ancestral, que se celebra en los \u00faltimos dos lunes de julio, promete ser una experiencia \u00fanica que combina tradici\u00f3n, cultura y espect\u00e1culo en\u2026","rel":"","context":"En &quot;Destacadas&quot;","block_context":{"text":"Destacadas","link":"https:\/\/azturismo.net\/?cat=30"},"img":{"alt_text":"","src":"https:\/\/i0.wp.com\/azturismo.net\/wp-content\/uploads\/2025\/07\/Comunicado-141-18.jpg?fit=600%2C400&ssl=1&resize=350%2C200","width":350,"height":200,"srcset":"https:\/\/i0.wp.com\/azturismo.net\/wp-content\/uploads\/2025\/07\/Comunicado-141-18.jpg?fit=600%2C400&ssl=1&resize=350%2C200 1x, https:\/\/i0.wp.com\/azturismo.net\/wp-content\/uploads\/2025\/07\/Comunicado-141-18.jpg?fit=600%2C400&ssl=1&resize=525%2C300 1.5x"},"classes":[]},{"id":3854,"url":"https:\/\/azturismo.net\/?p=3854","url_meta":{"origin":6348,"position":2},"title":"Colecci\u00f3n Tesoros de M\u00e9xico reafirma su compromiso con la excelencia tur\u00edstica","author":"Azturismo","date":"mayo 20, 2025","format":false,"excerpt":"La Asociaci\u00f3n Nacional de la Colecci\u00f3n Tesoros de M\u00e9xico reuni\u00f3 a sus principales representantes y a destacadas autoridades del sector tur\u00edstico durante su Junta Nacional 2025, celebrada en la ciudad de Oaxaca. El evento cont\u00f3 con la participaci\u00f3n especial de la secretaria de Turismo federal, Josefina Rodr\u00edguez Zamora, y del\u2026","rel":"","context":"En &quot;Destacadas&quot;","block_context":{"text":"Destacadas","link":"https:\/\/azturismo.net\/?cat=30"},"img":{"alt_text":"","src":"https:\/\/i0.wp.com\/azturismo.net\/wp-content\/uploads\/2025\/05\/Tesoros-de-Mexico04.jpeg?fit=600%2C337&ssl=1&resize=350%2C200","width":350,"height":200,"srcset":"https:\/\/i0.wp.com\/azturismo.net\/wp-content\/uploads\/2025\/05\/Tesoros-de-Mexico04.jpeg?fit=600%2C337&ssl=1&resize=350%2C200 1x, https:\/\/i0.wp.com\/azturismo.net\/wp-content\/uploads\/2025\/05\/Tesoros-de-Mexico04.jpeg?fit=600%2C337&ssl=1&resize=525%2C300 1.5x"},"classes":[]},{"id":3637,"url":"https:\/\/azturismo.net\/?p=3637","url_meta":{"origin":6348,"position":3},"title":"En marcha Operativo Nacional de Semana Santa 2025","author":"Azturismo","date":"abril 15, 2025","format":false,"excerpt":"Sectur federal y gobierno de Oaxaca despliegan 200 unidades de \u00c1ngeles Verdes para asistir a viajeros durante vacaciones de primavera Por Staff AzTurismo La secretaria de Turismo del Gobierno de M\u00e9xico, Josefina Rodr\u00edguez Zamora, y el gobernador de Oaxaca, Salom\u00f3n Jara Cruz, dieron el Banderazo Nacional del Operativo Vacacional Semana\u2026","rel":"","context":"En &quot;Destacadas&quot;","block_context":{"text":"Destacadas","link":"https:\/\/azturismo.net\/?cat=30"},"img":{"alt_text":"","src":"https:\/\/i0.wp.com\/azturismo.net\/wp-content\/uploads\/2025\/04\/Comunicado-070-3.jpg?fit=600%2C399&ssl=1&resize=350%2C200","width":350,"height":200,"srcset":"https:\/\/i0.wp.com\/azturismo.net\/wp-content\/uploads\/2025\/04\/Comunicado-070-3.jpg?fit=600%2C399&ssl=1&resize=350%2C200 1x, https:\/\/i0.wp.com\/azturismo.net\/wp-content\/uploads\/2025\/04\/Comunicado-070-3.jpg?fit=600%2C399&ssl=1&resize=525%2C300 1.5x"},"classes":[]},{"id":5109,"url":"https:\/\/azturismo.net\/?p=5109","url_meta":{"origin":6348,"position":4},"title":"Llega Odisea M\u00e9xico, una experiencia inmersiva para viajar por todo el pa\u00eds","author":"Azturismo","date":"agosto 27, 2025","format":false,"excerpt":"Por Staff AzTurismo Imagina poder recorrer los 32 estados de M\u00e9xico, desde sus playas hasta sus zonas arqueol\u00f3gicas, en un solo lugar. Esa es la promesa de Odisea M\u00e9xico, un innovador proyecto cultural y tur\u00edstico que acaba de ser inaugurado para fusionar la grandeza de la identidad nacional con la\u2026","rel":"","context":"En &quot;Destacadas&quot;","block_context":{"text":"Destacadas","link":"https:\/\/azturismo.net\/?cat=30"},"img":{"alt_text":"","src":"https:\/\/i0.wp.com\/azturismo.net\/wp-content\/uploads\/2025\/08\/odiseamexico-2.jpg?fit=600%2C400&ssl=1&resize=350%2C200","width":350,"height":200,"srcset":"https:\/\/i0.wp.com\/azturismo.net\/wp-content\/uploads\/2025\/08\/odiseamexico-2.jpg?fit=600%2C400&ssl=1&resize=350%2C200 1x, https:\/\/i0.wp.com\/azturismo.net\/wp-content\/uploads\/2025\/08\/odiseamexico-2.jpg?fit=600%2C400&ssl=1&resize=525%2C300 1.5x"},"classes":[]},{"id":4615,"url":"https:\/\/azturismo.net\/?p=4615","url_meta":{"origin":6348,"position":5},"title":"Secretarios de Turismo de M\u00e9xico van contra fraudes y promoci\u00f3n del Mundial","author":"Azturismo","date":"julio 31, 2025","format":false,"excerpt":"La 62\u00aa Asamblea ASETUR en Oaxaca defini\u00f3 estrategias clave para impulsar el turismo nacional, incluyendo la campa\u00f1a \"Verifica y Viaja\" y el Tianguis de Pueblos M\u00e1gicos 2025 Por Staff AzTurismo Las y los secretarios de turismo de todo M\u00e9xico se reunieron en Oaxaca para consolidar una agenda com\u00fan que fortalezca\u2026","rel":"","context":"En &quot;Destacadas&quot;","block_context":{"text":"Destacadas","link":"https:\/\/azturismo.net\/?cat=30"},"img":{"alt_text":"","src":"https:\/\/i0.wp.com\/azturismo.net\/wp-content\/uploads\/2025\/07\/Asetur.jpeg?fit=1200%2C800&ssl=1&resize=350%2C200","width":350,"height":200,"srcset":"https:\/\/i0.wp.com\/azturismo.net\/wp-content\/uploads\/2025\/07\/Asetur.jpeg?fit=1200%2C800&ssl=1&resize=350%2C200 1x, https:\/\/i0.wp.com\/azturismo.net\/wp-content\/uploads\/2025\/07\/Asetur.jpeg?fit=1200%2C800&ssl=1&resize=525%2C300 1.5x, https:\/\/i0.wp.com\/azturismo.net\/wp-content\/uploads\/2025\/07\/Asetur.jpeg?fit=1200%2C800&ssl=1&resize=700%2C400 2x, https:\/\/i0.wp.com\/azturismo.net\/wp-content\/uploads\/2025\/07\/Asetur.jpeg?fit=1200%2C800&ssl=1&resize=1050%2C600 3x"},"classes":[]}],"jetpack_shortlink":"https:\/\/wp.me\/pfqZGx-1Eo","amp_enabled":true,"_links":{"self":[{"href":"https:\/\/azturismo.net\/index.php?rest_route=\/wp\/v2\/posts\/6348","targetHints":{"allow":["GET"]}}],"collection":[{"href":"https:\/\/azturismo.net\/index.php?rest_route=\/wp\/v2\/posts"}],"about":[{"href":"https:\/\/azturismo.net\/index.php?rest_route=\/wp\/v2\/types\/post"}],"author":[{"embeddable":true,"href":"https:\/\/azturismo.net\/index.php?rest_route=\/wp\/v2\/users\/1"}],"replies":[{"embeddable":true,"href":"https:\/\/azturismo.net\/index.php?rest_route=%2Fwp%2Fv2%2Fcomments&post=6348"}],"version-history":[{"count":1,"href":"https:\/\/azturismo.net\/index.php?rest_route=\/wp\/v2\/posts\/6348\/revisions"}],"predecessor-version":[{"id":6351,"href":"https:\/\/azturismo.net\/index.php?rest_route=\/wp\/v2\/posts\/6348\/revisions\/6351"}],"wp:featuredmedia":[{"embeddable":true,"href":"https:\/\/azturismo.net\/index.php?rest_route=\/wp\/v2\/media\/6349"}],"wp:attachment":[{"href":"https:\/\/azturismo.net\/index.php?rest_route=%2Fwp%2Fv2%2Fmedia&parent=6348"}],"wp:term":[{"taxonomy":"category","embeddable":true,"href":"https:\/\/azturismo.net\/index.php?rest_route=%2Fwp%2Fv2%2Fcategories&post=6348"},{"taxonomy":"post_tag","embeddable":true,"href":"https:\/\/azturismo.net\/index.php?rest_route=%2Fwp%2Fv2%2Ftags&post=6348"}],"curies":[{"name":"wp","href":"https:\/\/api.w.org\/{rel}","templated":true}]}}