{"id":6312,"date":"2025-11-09T15:10:00","date_gmt":"2025-11-09T21:10:00","guid":{"rendered":"https:\/\/azturismo.net\/?p=6312"},"modified":"2025-11-07T23:24:41","modified_gmt":"2025-11-08T05:24:41","slug":"sectur-impulsa-la-profesionalizacion-de-los-pueblos-magicos","status":"publish","type":"post","link":"https:\/\/azturismo.net\/?p=6312","title":{"rendered":"Sectur impulsa la profesionalizaci\u00f3n de los Pueblos M\u00e1gicos"},"content":{"rendered":"\n<p>Por Staff AzTurismo<\/p>\n\n\n\n<p>La Secretar\u00eda de Turismo del Gobierno de M\u00e9xico (Sectur) concluy\u00f3 con \u00e9xito el <strong>Diplomado en Innovaci\u00f3n Tur\u00edstica<\/strong>, un programa de capacitaci\u00f3n de seis meses dise\u00f1ado para fortalecer las capacidades de las y los directores de Turismo de los <strong>177 Pueblos M\u00e1gicos<\/strong> del pa\u00eds, as\u00ed como de representantes de las 32 entidades federativas.<\/p>\n\n\n\n<p>Durante el anuncio, la <strong>secretaria de Turismo, Josefina Rodr\u00edguez Zamora<\/strong>, destac\u00f3 que el turismo \u201ces una herramienta poderosa de desarrollo, capaz de transformar comunidades y generar prosperidad compartida\u201d. A\u00f1adi\u00f3 que este diplomado \u201cnos recuerda que innovar tambi\u00e9n es incluir, profesionalizar y so\u00f1ar con un M\u00e9xico que crece desde sus destinos\u201d.<\/p>\n\n\n\n<h3 class=\"wp-block-heading\"><strong>Formaci\u00f3n para un turismo m\u00e1s competitivo e inclusivo<\/strong><\/h3>\n\n\n\n<p>El <strong>Diplomado en Innovaci\u00f3n Tur\u00edstica<\/strong> forma parte del <strong>Eje III: Capacitaci\u00f3n, Profesionalizaci\u00f3n y Calidad<\/strong> de la <em>Estrategia Nacional para el Fortalecimiento de los Pueblos M\u00e1gicos<\/em>, una iniciativa que busca dotar a los actores locales de conocimientos y herramientas para hacer del turismo un <strong>motor de bienestar social, desarrollo econ\u00f3mico y sostenibilidad<\/strong>.<\/p>\n\n\n\n<p>A lo largo de seis meses, las y los participantes cursaron <strong>m\u00e1s de 120 horas de formaci\u00f3n especializada<\/strong>, con la participaci\u00f3n de <strong>80 expertos nacionales e internacionales<\/strong>. Los temas abordados incluyeron <strong>sostenibilidad, innovaci\u00f3n, inteligencia artificial aplicada al turismo, marketing digital, liderazgo, gesti\u00f3n de destinos, comunicaci\u00f3n estrat\u00e9gica y toma de decisiones<\/strong>.<\/p>\n\n\n\n<h3 class=\"wp-block-heading\"><strong>Tendencias del turismo 2025 y nuevos segmentos de mercado<\/strong><\/h3>\n\n\n\n<p>Rodr\u00edguez Zamora explic\u00f3 que el programa profundiz\u00f3 en las <strong>tendencias tur\u00edsticas de 2025<\/strong> y en los <strong>nuevos segmentos de mercado<\/strong>, como el <strong>turismo deportivo, gastron\u00f3mico, de salud y comunitario<\/strong>, adem\u00e1s de promover la <strong>igualdad de g\u00e9nero, la inclusi\u00f3n laboral<\/strong> y la <strong>profesionalizaci\u00f3n de los servicios tur\u00edsticos<\/strong>.<\/p>\n\n\n\n<p>Asimismo, se analizaron modelos de <strong>turismo sustentable y regenerativo<\/strong>, reforzando el valor patrimonial y cultural de los Pueblos M\u00e1gicos como <strong>s\u00edmbolos de identidad nacional<\/strong> y motores del desarrollo local.<\/p>\n\n\n\n<h3 class=\"wp-block-heading\"><strong>Hacia destinos m\u00e1s sostenibles e innovadores<\/strong><\/h3>\n\n\n\n<p>Los conocimientos adquiridos permitir\u00e1n a los participantes dise\u00f1ar <strong>proyectos tur\u00edsticos innovadores<\/strong>, basados en el modelo de <strong>negocios canvas con cuadrante de sostenibilidad<\/strong>, impulsando la mejora continua y la creaci\u00f3n de <strong>alianzas estrat\u00e9gicas<\/strong> entre los sectores p\u00fablico, privado y comunitario.<\/p>\n\n\n\n<p>Por su parte, <strong>Marte Luis Molina Orozco<\/strong>, director general de Gesti\u00f3n Social de Destinos, subray\u00f3 que \u201cM\u00e9xico cuenta con talento, creatividad y pasi\u00f3n. Este diplomado demuestra que, cuando unimos capacidades y prop\u00f3sito, construimos destinos m\u00e1s fuertes, sostenibles y pr\u00f3speros para todos\u201d.<\/p>\n\n\n\n<p>Con este esfuerzo, la Secretar\u00eda de Turismo reafirma su compromiso con el <strong>fortalecimiento del capital humano<\/strong> como eje fundamental del desarrollo del sector, consolidando a los <strong>Pueblos M\u00e1gicos<\/strong> como ejemplos de turismo <strong>sostenible, regenerativo e incluyente<\/strong> que impulsa el bienestar de las comunidades anfitrionas.<\/p>\n\n\n\n<h3 class=\"wp-block-heading\"><\/h3>\n\n\n\n<p><\/p>\n","protected":false},"excerpt":{"rendered":"<p>Por Staff AzTurismo La Secretar\u00eda de Turismo del Gobierno de M\u00e9xico (Sectur) concluy\u00f3 con \u00e9xito el Diplomado en Innovaci\u00f3n Tur\u00edstica, un programa de capacitaci\u00f3n de seis meses dise\u00f1ado para fortalecer las capacidades de las y los directores de Turismo de los 177 Pueblos M\u00e1gicos del pa\u00eds, as\u00ed como de representantes de las 32 entidades federativas. [&hellip;]<\/p>\n","protected":false},"author":1,"featured_media":6313,"comment_status":"open","ping_status":"open","sticky":false,"template":"","format":"standard","meta":{"jetpack_post_was_ever_published":false,"_jetpack_newsletter_access":"","_jetpack_dont_email_post_to_subs":false,"_jetpack_newsletter_tier_id":0,"_jetpack_memberships_contains_paywalled_content":false,"_jetpack_memberships_contains_paid_content":false,"footnotes":"","jetpack_publicize_message":"","jetpack_publicize_feature_enabled":true,"jetpack_social_post_already_shared":true,"jetpack_social_options":{"image_generator_settings":{"template":"highway","default_image_id":0,"font":"","enabled":false},"version":2}},"categories":[25],"tags":[99,3028,3027,3025,3024,313,3026,481,116,2700,2418,485],"class_list":{"0":"post-6312","1":"post","2":"type-post","3":"status-publish","4":"format-standard","5":"has-post-thumbnail","7":"category-notitar","8":"tag-azturismo","9":"tag-desarrollo-turistico-sostenible","10":"tag-destinos-turisticos-de-mexico","11":"tag-diplomado-en-innovacion-turistica","12":"tag-estrategia-nacional-de-pueblos-magicos","13":"tag-josefina-rodriguez-zamora","14":"tag-profesionalizacion-turistica","15":"tag-pueblos-magicos","16":"tag-sectur","17":"tag-sectur-mexico","18":"tag-turismo-2025","19":"tag-turismo-sostenible"},"yoast_head":"<!-- This site is optimized with the Yoast SEO plugin v27.5 - https:\/\/yoast.com\/product\/yoast-seo-wordpress\/ -->\n<title>Sectur impulsa la profesionalizaci\u00f3n de los Pueblos M\u00e1gicos - Azturismo Noticias<\/title>\n<meta name=\"description\" content=\"La Secretar\u00eda de Turismo del Gobierno de M\u00e9xico (Sectur) concluy\u00f3 con \u00e9xito el Diplomado en Innovaci\u00f3n Tur\u00edstica, un programa de capacitaci\u00f3n de seis meses dise\u00f1ado para fortalecer las capacidades de las y los directores de Turismo de los 177 Pueblos M\u00e1gicos del pa\u00eds, as\u00ed como de representantes de las 32 entidades federativas.\" \/>\n<meta name=\"robots\" content=\"index, follow, max-snippet:-1, max-image-preview:large, max-video-preview:-1\" \/>\n<link rel=\"canonical\" href=\"https:\/\/azturismo.net\/?p=6312\" \/>\n<meta property=\"og:locale\" content=\"es_MX\" \/>\n<meta property=\"og:type\" content=\"article\" \/>\n<meta property=\"og:title\" content=\"Sectur impulsa la profesionalizaci\u00f3n de los Pueblos M\u00e1gicos - Azturismo Noticias\" \/>\n<meta property=\"og:description\" content=\"La Secretar\u00eda de Turismo del Gobierno de M\u00e9xico (Sectur) concluy\u00f3 con \u00e9xito el Diplomado en Innovaci\u00f3n Tur\u00edstica, un programa de capacitaci\u00f3n de seis meses dise\u00f1ado para fortalecer las capacidades de las y los directores de Turismo de los 177 Pueblos M\u00e1gicos del pa\u00eds, as\u00ed como de representantes de las 32 entidades federativas.\" \/>\n<meta property=\"og:url\" content=\"https:\/\/azturismo.net\/?p=6312\" \/>\n<meta property=\"og:site_name\" content=\"Azturismo Noticias\" \/>\n<meta property=\"article:publisher\" content=\"https:\/\/www.facebook.com\/AzturismoNoticias\" \/>\n<meta property=\"article:published_time\" content=\"2025-11-09T21:10:00+00:00\" \/>\n<meta property=\"og:image\" content=\"https:\/\/i0.wp.com\/azturismo.net\/wp-content\/uploads\/2025\/11\/PueblosMagicos-Artesana.jpeg?fit=600%2C399&ssl=1\" \/>\n\t<meta property=\"og:image:width\" content=\"600\" \/>\n\t<meta property=\"og:image:height\" content=\"399\" \/>\n\t<meta property=\"og:image:type\" content=\"image\/jpeg\" \/>\n<meta name=\"author\" content=\"Azturismo\" \/>\n<meta name=\"twitter:card\" content=\"summary_large_image\" \/>\n<meta name=\"twitter:creator\" content=\"@AzTurismo\" \/>\n<meta name=\"twitter:site\" content=\"@AzTurismo\" \/>\n<meta name=\"twitter:label1\" content=\"Escrito por\" \/>\n\t<meta name=\"twitter:data1\" content=\"Azturismo\" \/>\n\t<meta name=\"twitter:label2\" content=\"Tiempo de lectura\" \/>\n\t<meta name=\"twitter:data2\" content=\"3 minutos\" \/>\n<script type=\"application\/ld+json\" class=\"yoast-schema-graph\">{\"@context\":\"https:\\\/\\\/schema.org\",\"@graph\":[{\"@type\":\"Article\",\"@id\":\"https:\\\/\\\/azturismo.net\\\/?p=6312#article\",\"isPartOf\":{\"@id\":\"https:\\\/\\\/azturismo.net\\\/?p=6312\"},\"author\":{\"name\":\"Azturismo\",\"@id\":\"https:\\\/\\\/azturismo.net\\\/#\\\/schema\\\/person\\\/4b56d87f51c4d1b518c650739ad3bbc1\"},\"headline\":\"Sectur impulsa la profesionalizaci\u00f3n de los Pueblos M\u00e1gicos\",\"datePublished\":\"2025-11-09T21:10:00+00:00\",\"mainEntityOfPage\":{\"@id\":\"https:\\\/\\\/azturismo.net\\\/?p=6312\"},\"wordCount\":485,\"commentCount\":0,\"publisher\":{\"@id\":\"https:\\\/\\\/azturismo.net\\\/#organization\"},\"image\":{\"@id\":\"https:\\\/\\\/azturismo.net\\\/?p=6312#primaryimage\"},\"thumbnailUrl\":\"https:\\\/\\\/i0.wp.com\\\/azturismo.net\\\/wp-content\\\/uploads\\\/2025\\\/11\\\/PueblosMagicos-Artesana.jpeg?fit=600%2C399&ssl=1\",\"keywords\":[\"azturismo\",\"desarrollo tur\u00edstico sostenible\",\"destinos tur\u00edsticos de M\u00e9xico\",\"Diplomado en Innovaci\u00f3n Tur\u00edstica\",\"Estrategia Nacional de Pueblos M\u00e1gicos\",\"Josefina Rodr\u00edguez Zamora\",\"profesionalizaci\u00f3n tur\u00edstica\",\"pueblos m\u00e1gicos\",\"Sectur\",\"Sectur M\u00e9xico\",\"Turismo 2025\",\"turismo sostenible\"],\"articleSection\":[\"NOTITUR\"],\"inLanguage\":\"es\",\"potentialAction\":[{\"@type\":\"CommentAction\",\"name\":\"Comment\",\"target\":[\"https:\\\/\\\/azturismo.net\\\/?p=6312#respond\"]}]},{\"@type\":\"WebPage\",\"@id\":\"https:\\\/\\\/azturismo.net\\\/?p=6312\",\"url\":\"https:\\\/\\\/azturismo.net\\\/?p=6312\",\"name\":\"Sectur impulsa la profesionalizaci\u00f3n de los Pueblos M\u00e1gicos - Azturismo Noticias\",\"isPartOf\":{\"@id\":\"https:\\\/\\\/azturismo.net\\\/#website\"},\"primaryImageOfPage\":{\"@id\":\"https:\\\/\\\/azturismo.net\\\/?p=6312#primaryimage\"},\"image\":{\"@id\":\"https:\\\/\\\/azturismo.net\\\/?p=6312#primaryimage\"},\"thumbnailUrl\":\"https:\\\/\\\/i0.wp.com\\\/azturismo.net\\\/wp-content\\\/uploads\\\/2025\\\/11\\\/PueblosMagicos-Artesana.jpeg?fit=600%2C399&ssl=1\",\"datePublished\":\"2025-11-09T21:10:00+00:00\",\"description\":\"La Secretar\u00eda de Turismo del Gobierno de M\u00e9xico (Sectur) concluy\u00f3 con \u00e9xito el Diplomado en Innovaci\u00f3n Tur\u00edstica, un programa de capacitaci\u00f3n de seis meses dise\u00f1ado para fortalecer las capacidades de las y los directores de Turismo de los 177 Pueblos M\u00e1gicos del pa\u00eds, as\u00ed como de representantes de las 32 entidades federativas.\",\"breadcrumb\":{\"@id\":\"https:\\\/\\\/azturismo.net\\\/?p=6312#breadcrumb\"},\"inLanguage\":\"es\",\"potentialAction\":[{\"@type\":\"ReadAction\",\"target\":[\"https:\\\/\\\/azturismo.net\\\/?p=6312\"]}]},{\"@type\":\"ImageObject\",\"inLanguage\":\"es\",\"@id\":\"https:\\\/\\\/azturismo.net\\\/?p=6312#primaryimage\",\"url\":\"https:\\\/\\\/i0.wp.com\\\/azturismo.net\\\/wp-content\\\/uploads\\\/2025\\\/11\\\/PueblosMagicos-Artesana.jpeg?fit=600%2C399&ssl=1\",\"contentUrl\":\"https:\\\/\\\/i0.wp.com\\\/azturismo.net\\\/wp-content\\\/uploads\\\/2025\\\/11\\\/PueblosMagicos-Artesana.jpeg?fit=600%2C399&ssl=1\",\"width\":600,\"height\":399},{\"@type\":\"BreadcrumbList\",\"@id\":\"https:\\\/\\\/azturismo.net\\\/?p=6312#breadcrumb\",\"itemListElement\":[{\"@type\":\"ListItem\",\"position\":1,\"name\":\"Home\",\"item\":\"https:\\\/\\\/azturismo.net\\\/\"},{\"@type\":\"ListItem\",\"position\":2,\"name\":\"Sectur impulsa la profesionalizaci\u00f3n de los Pueblos M\u00e1gicos\"}]},{\"@type\":\"WebSite\",\"@id\":\"https:\\\/\\\/azturismo.net\\\/#website\",\"url\":\"https:\\\/\\\/azturismo.net\\\/\",\"name\":\"Azturismo\",\"description\":\"Azturismo Noticias\",\"publisher\":{\"@id\":\"https:\\\/\\\/azturismo.net\\\/#organization\"},\"potentialAction\":[{\"@type\":\"SearchAction\",\"target\":{\"@type\":\"EntryPoint\",\"urlTemplate\":\"https:\\\/\\\/azturismo.net\\\/?s={search_term_string}\"},\"query-input\":{\"@type\":\"PropertyValueSpecification\",\"valueRequired\":true,\"valueName\":\"search_term_string\"}}],\"inLanguage\":\"es\"},{\"@type\":\"Organization\",\"@id\":\"https:\\\/\\\/azturismo.net\\\/#organization\",\"name\":\"Azturismo\",\"url\":\"https:\\\/\\\/azturismo.net\\\/\",\"logo\":{\"@type\":\"ImageObject\",\"inLanguage\":\"es\",\"@id\":\"https:\\\/\\\/azturismo.net\\\/#\\\/schema\\\/logo\\\/image\\\/\",\"url\":\"https:\\\/\\\/i0.wp.com\\\/azturismo.net\\\/wp-content\\\/uploads\\\/2024\\\/03\\\/logo-el-bueno-.png?fit=294%2C69&ssl=1\",\"contentUrl\":\"https:\\\/\\\/i0.wp.com\\\/azturismo.net\\\/wp-content\\\/uploads\\\/2024\\\/03\\\/logo-el-bueno-.png?fit=294%2C69&ssl=1\",\"width\":294,\"height\":69,\"caption\":\"Azturismo\"},\"image\":{\"@id\":\"https:\\\/\\\/azturismo.net\\\/#\\\/schema\\\/logo\\\/image\\\/\"},\"sameAs\":[\"https:\\\/\\\/www.facebook.com\\\/AzturismoNoticias\",\"https:\\\/\\\/x.com\\\/AzTurismo\",\"https:\\\/\\\/www.instagram.com\\\/azturismo_noticias\\\/?fbclid=IwAR2xMiuoHbs6eLeIHKP8P5sSGa-xFrw7FfejscXO7kDghWa7wKLjGczKOwE\",\"https:\\\/\\\/www.tiktok.com\\\/@azturismo\"]},{\"@type\":\"Person\",\"@id\":\"https:\\\/\\\/azturismo.net\\\/#\\\/schema\\\/person\\\/4b56d87f51c4d1b518c650739ad3bbc1\",\"name\":\"Azturismo\",\"image\":{\"@type\":\"ImageObject\",\"inLanguage\":\"es\",\"@id\":\"https:\\\/\\\/azturismo.net\\\/wp-content\\\/litespeed\\\/avatar\\\/dfe28a31cdd68b788da48a316e50db10.jpg?ver=1777707566\",\"url\":\"https:\\\/\\\/azturismo.net\\\/wp-content\\\/litespeed\\\/avatar\\\/dfe28a31cdd68b788da48a316e50db10.jpg?ver=1777707566\",\"contentUrl\":\"https:\\\/\\\/azturismo.net\\\/wp-content\\\/litespeed\\\/avatar\\\/dfe28a31cdd68b788da48a316e50db10.jpg?ver=1777707566\",\"caption\":\"Azturismo\"},\"sameAs\":[\"https:\\\/\\\/azturismo.net\"],\"url\":\"https:\\\/\\\/azturismo.net\\\/?author=1\"}]}<\/script>\n<!-- \/ Yoast SEO plugin. -->","yoast_head_json":{"title":"Sectur impulsa la profesionalizaci\u00f3n de los Pueblos M\u00e1gicos - Azturismo Noticias","description":"La Secretar\u00eda de Turismo del Gobierno de M\u00e9xico (Sectur) concluy\u00f3 con \u00e9xito el Diplomado en Innovaci\u00f3n Tur\u00edstica, un programa de capacitaci\u00f3n de seis meses dise\u00f1ado para fortalecer las capacidades de las y los directores de Turismo de los 177 Pueblos M\u00e1gicos del pa\u00eds, as\u00ed como de representantes de las 32 entidades federativas.","robots":{"index":"index","follow":"follow","max-snippet":"max-snippet:-1","max-image-preview":"max-image-preview:large","max-video-preview":"max-video-preview:-1"},"canonical":"https:\/\/azturismo.net\/?p=6312","og_locale":"es_MX","og_type":"article","og_title":"Sectur impulsa la profesionalizaci\u00f3n de los Pueblos M\u00e1gicos - Azturismo Noticias","og_description":"La Secretar\u00eda de Turismo del Gobierno de M\u00e9xico (Sectur) concluy\u00f3 con \u00e9xito el Diplomado en Innovaci\u00f3n Tur\u00edstica, un programa de capacitaci\u00f3n de seis meses dise\u00f1ado para fortalecer las capacidades de las y los directores de Turismo de los 177 Pueblos M\u00e1gicos del pa\u00eds, as\u00ed como de representantes de las 32 entidades federativas.","og_url":"https:\/\/azturismo.net\/?p=6312","og_site_name":"Azturismo Noticias","article_publisher":"https:\/\/www.facebook.com\/AzturismoNoticias","article_published_time":"2025-11-09T21:10:00+00:00","og_image":[{"width":600,"height":399,"url":"https:\/\/i0.wp.com\/azturismo.net\/wp-content\/uploads\/2025\/11\/PueblosMagicos-Artesana.jpeg?fit=600%2C399&ssl=1","type":"image\/jpeg"}],"author":"Azturismo","twitter_card":"summary_large_image","twitter_creator":"@AzTurismo","twitter_site":"@AzTurismo","twitter_misc":{"Escrito por":"Azturismo","Tiempo de lectura":"3 minutos"},"schema":{"@context":"https:\/\/schema.org","@graph":[{"@type":"Article","@id":"https:\/\/azturismo.net\/?p=6312#article","isPartOf":{"@id":"https:\/\/azturismo.net\/?p=6312"},"author":{"name":"Azturismo","@id":"https:\/\/azturismo.net\/#\/schema\/person\/4b56d87f51c4d1b518c650739ad3bbc1"},"headline":"Sectur impulsa la profesionalizaci\u00f3n de los Pueblos M\u00e1gicos","datePublished":"2025-11-09T21:10:00+00:00","mainEntityOfPage":{"@id":"https:\/\/azturismo.net\/?p=6312"},"wordCount":485,"commentCount":0,"publisher":{"@id":"https:\/\/azturismo.net\/#organization"},"image":{"@id":"https:\/\/azturismo.net\/?p=6312#primaryimage"},"thumbnailUrl":"https:\/\/i0.wp.com\/azturismo.net\/wp-content\/uploads\/2025\/11\/PueblosMagicos-Artesana.jpeg?fit=600%2C399&ssl=1","keywords":["azturismo","desarrollo tur\u00edstico sostenible","destinos tur\u00edsticos de M\u00e9xico","Diplomado en Innovaci\u00f3n Tur\u00edstica","Estrategia Nacional de Pueblos M\u00e1gicos","Josefina Rodr\u00edguez Zamora","profesionalizaci\u00f3n tur\u00edstica","pueblos m\u00e1gicos","Sectur","Sectur M\u00e9xico","Turismo 2025","turismo sostenible"],"articleSection":["NOTITUR"],"inLanguage":"es","potentialAction":[{"@type":"CommentAction","name":"Comment","target":["https:\/\/azturismo.net\/?p=6312#respond"]}]},{"@type":"WebPage","@id":"https:\/\/azturismo.net\/?p=6312","url":"https:\/\/azturismo.net\/?p=6312","name":"Sectur impulsa la profesionalizaci\u00f3n de los Pueblos M\u00e1gicos - Azturismo Noticias","isPartOf":{"@id":"https:\/\/azturismo.net\/#website"},"primaryImageOfPage":{"@id":"https:\/\/azturismo.net\/?p=6312#primaryimage"},"image":{"@id":"https:\/\/azturismo.net\/?p=6312#primaryimage"},"thumbnailUrl":"https:\/\/i0.wp.com\/azturismo.net\/wp-content\/uploads\/2025\/11\/PueblosMagicos-Artesana.jpeg?fit=600%2C399&ssl=1","datePublished":"2025-11-09T21:10:00+00:00","description":"La Secretar\u00eda de Turismo del Gobierno de M\u00e9xico (Sectur) concluy\u00f3 con \u00e9xito el Diplomado en Innovaci\u00f3n Tur\u00edstica, un programa de capacitaci\u00f3n de seis meses dise\u00f1ado para fortalecer las capacidades de las y los directores de Turismo de los 177 Pueblos M\u00e1gicos del pa\u00eds, as\u00ed como de representantes de las 32 entidades federativas.","breadcrumb":{"@id":"https:\/\/azturismo.net\/?p=6312#breadcrumb"},"inLanguage":"es","potentialAction":[{"@type":"ReadAction","target":["https:\/\/azturismo.net\/?p=6312"]}]},{"@type":"ImageObject","inLanguage":"es","@id":"https:\/\/azturismo.net\/?p=6312#primaryimage","url":"https:\/\/i0.wp.com\/azturismo.net\/wp-content\/uploads\/2025\/11\/PueblosMagicos-Artesana.jpeg?fit=600%2C399&ssl=1","contentUrl":"https:\/\/i0.wp.com\/azturismo.net\/wp-content\/uploads\/2025\/11\/PueblosMagicos-Artesana.jpeg?fit=600%2C399&ssl=1","width":600,"height":399},{"@type":"BreadcrumbList","@id":"https:\/\/azturismo.net\/?p=6312#breadcrumb","itemListElement":[{"@type":"ListItem","position":1,"name":"Home","item":"https:\/\/azturismo.net\/"},{"@type":"ListItem","position":2,"name":"Sectur impulsa la profesionalizaci\u00f3n de los Pueblos M\u00e1gicos"}]},{"@type":"WebSite","@id":"https:\/\/azturismo.net\/#website","url":"https:\/\/azturismo.net\/","name":"Azturismo","description":"Azturismo Noticias","publisher":{"@id":"https:\/\/azturismo.net\/#organization"},"potentialAction":[{"@type":"SearchAction","target":{"@type":"EntryPoint","urlTemplate":"https:\/\/azturismo.net\/?s={search_term_string}"},"query-input":{"@type":"PropertyValueSpecification","valueRequired":true,"valueName":"search_term_string"}}],"inLanguage":"es"},{"@type":"Organization","@id":"https:\/\/azturismo.net\/#organization","name":"Azturismo","url":"https:\/\/azturismo.net\/","logo":{"@type":"ImageObject","inLanguage":"es","@id":"https:\/\/azturismo.net\/#\/schema\/logo\/image\/","url":"https:\/\/i0.wp.com\/azturismo.net\/wp-content\/uploads\/2024\/03\/logo-el-bueno-.png?fit=294%2C69&ssl=1","contentUrl":"https:\/\/i0.wp.com\/azturismo.net\/wp-content\/uploads\/2024\/03\/logo-el-bueno-.png?fit=294%2C69&ssl=1","width":294,"height":69,"caption":"Azturismo"},"image":{"@id":"https:\/\/azturismo.net\/#\/schema\/logo\/image\/"},"sameAs":["https:\/\/www.facebook.com\/AzturismoNoticias","https:\/\/x.com\/AzTurismo","https:\/\/www.instagram.com\/azturismo_noticias\/?fbclid=IwAR2xMiuoHbs6eLeIHKP8P5sSGa-xFrw7FfejscXO7kDghWa7wKLjGczKOwE","https:\/\/www.tiktok.com\/@azturismo"]},{"@type":"Person","@id":"https:\/\/azturismo.net\/#\/schema\/person\/4b56d87f51c4d1b518c650739ad3bbc1","name":"Azturismo","image":{"@type":"ImageObject","inLanguage":"es","@id":"https:\/\/azturismo.net\/wp-content\/litespeed\/avatar\/dfe28a31cdd68b788da48a316e50db10.jpg?ver=1777707566","url":"https:\/\/azturismo.net\/wp-content\/litespeed\/avatar\/dfe28a31cdd68b788da48a316e50db10.jpg?ver=1777707566","contentUrl":"https:\/\/azturismo.net\/wp-content\/litespeed\/avatar\/dfe28a31cdd68b788da48a316e50db10.jpg?ver=1777707566","caption":"Azturismo"},"sameAs":["https:\/\/azturismo.net"],"url":"https:\/\/azturismo.net\/?author=1"}]}},"jetpack_publicize_connections":[],"jetpack_featured_media_url":"https:\/\/i0.wp.com\/azturismo.net\/wp-content\/uploads\/2025\/11\/PueblosMagicos-Artesana.jpeg?fit=600%2C399&ssl=1","jetpack_sharing_enabled":true,"jetpack-related-posts":[{"id":3271,"url":"https:\/\/azturismo.net\/?p=3271","url_meta":{"origin":6312,"position":0},"title":"Sectur M\u00e9xico y gobierno de Puebla fortalecen el turismo en el estado","author":"Azturismo","date":"marzo 6, 2025","format":false,"excerpt":"Por Staff AzTurismo La Secretar\u00eda de Turismo del Gobierno de M\u00e9xico (Sectur), encabezada por Josefina Rodr\u00edguez Zamora, y el Gobierno de Puebla, a trav\u00e9s de la Secretar\u00eda de Desarrollo Tur\u00edstico del estado, representada por Yadira Lira Navarro, firmaron un Convenio General de Colaboraci\u00f3n en el Pueblo M\u00e1gico Cuetzalan, con la\u2026","rel":"","context":"En &quot;NOTITUR&quot;","block_context":{"text":"NOTITUR","link":"https:\/\/azturismo.net\/?cat=25"},"img":{"alt_text":"","src":"https:\/\/i0.wp.com\/azturismo.net\/wp-content\/uploads\/2025\/03\/Sectur-Puebla-convenio1.jpg?fit=600%2C399&ssl=1&resize=350%2C200","width":350,"height":200,"srcset":"https:\/\/i0.wp.com\/azturismo.net\/wp-content\/uploads\/2025\/03\/Sectur-Puebla-convenio1.jpg?fit=600%2C399&ssl=1&resize=350%2C200 1x, https:\/\/i0.wp.com\/azturismo.net\/wp-content\/uploads\/2025\/03\/Sectur-Puebla-convenio1.jpg?fit=600%2C399&ssl=1&resize=525%2C300 1.5x"},"classes":[]},{"id":3002,"url":"https:\/\/azturismo.net\/?p=3002","url_meta":{"origin":6312,"position":1},"title":"El Tianguis Tur\u00edstico 2025 ser\u00e1 binacional, M\u00e9xico-EU: Sectur","author":"Azturismo","date":"febrero 12, 2025","format":false,"excerpt":"Por Staff AzTurismo La secretaria de Turismo de M\u00e9xico, Josefina Rodr\u00edguez Zamora, anunci\u00f3 que la 49\u00aa edici\u00f3n del Tianguis Tur\u00edstico 2025 que se celebrar\u00e1 en Baja California, por primera vez, tendr\u00e1 un formato binacional. Este evento ser\u00e1 una plataforma \u00fanica donde la rica cultura, gastronom\u00eda, artesan\u00eda y turismo de M\u00e9xico\u2026","rel":"","context":"En &quot;Destacadas&quot;","block_context":{"text":"Destacadas","link":"https:\/\/azturismo.net\/?cat=30"},"img":{"alt_text":"","src":"https:\/\/i0.wp.com\/azturismo.net\/wp-content\/uploads\/2025\/02\/Sectur-Senado.jpg?fit=600%2C400&ssl=1&resize=350%2C200","width":350,"height":200,"srcset":"https:\/\/i0.wp.com\/azturismo.net\/wp-content\/uploads\/2025\/02\/Sectur-Senado.jpg?fit=600%2C400&ssl=1&resize=350%2C200 1x, https:\/\/i0.wp.com\/azturismo.net\/wp-content\/uploads\/2025\/02\/Sectur-Senado.jpg?fit=600%2C400&ssl=1&resize=525%2C300 1.5x"},"classes":[]},{"id":5898,"url":"https:\/\/azturismo.net\/?p=5898","url_meta":{"origin":6312,"position":2},"title":"Pueblos M\u00e1gicos de M\u00e9xico cumplen 24 a\u00f1os sin dejar su esencia","author":"Azturismo","date":"octubre 6, 2025","format":false,"excerpt":"Los Pueblos M\u00e1gicos de M\u00e9xico cumplen 24 a\u00f1os renovando su esencia. Bajo una estrategia nacional, estos destinos se consolidan como motores de desarrollo sostenible, dignificando comunidades y proyectando al pa\u00eds como un referente cultural y natural. En el marco del D\u00eda Nacional de los Pueblos M\u00e1gicos, celebrado cada 5 de\u2026","rel":"","context":"En &quot;Destacadas&quot;","block_context":{"text":"Destacadas","link":"https:\/\/azturismo.net\/?cat=30"},"img":{"alt_text":"","src":"https:\/\/i0.wp.com\/azturismo.net\/wp-content\/uploads\/2025\/10\/MDPM_CAMP_PALIZADA_AM-md-ok-scaled-1.jpg?fit=1024%2C682&ssl=1&resize=350%2C200","width":350,"height":200,"srcset":"https:\/\/i0.wp.com\/azturismo.net\/wp-content\/uploads\/2025\/10\/MDPM_CAMP_PALIZADA_AM-md-ok-scaled-1.jpg?fit=1024%2C682&ssl=1&resize=350%2C200 1x, https:\/\/i0.wp.com\/azturismo.net\/wp-content\/uploads\/2025\/10\/MDPM_CAMP_PALIZADA_AM-md-ok-scaled-1.jpg?fit=1024%2C682&ssl=1&resize=525%2C300 1.5x, https:\/\/i0.wp.com\/azturismo.net\/wp-content\/uploads\/2025\/10\/MDPM_CAMP_PALIZADA_AM-md-ok-scaled-1.jpg?fit=1024%2C682&ssl=1&resize=700%2C400 2x"},"classes":[]},{"id":3158,"url":"https:\/\/azturismo.net\/?p=3158","url_meta":{"origin":6312,"position":3},"title":"M\u00e9xico ser\u00e1 sede de la feria tur\u00edstica ITB de las Am\u00e9ricas: Rodr\u00edguez Zamora","author":"Azturismo","date":"febrero 26, 2025","format":false,"excerpt":"Por Staff AzTurismo La secretar\u00eda de Turismo de M\u00e9xico (Sectur), Josefina Rodr\u00edguez Zamora, anunci\u00f3 que el pa\u00eds ser\u00e1 la sede de la feria International Tourism Berlin (ITB) Las Am\u00e9ricas durante tres a\u00f1os, a partir de noviembre de 2026. Este importante evento posicionar\u00e1 a M\u00e9xico como un referente del turismo en\u2026","rel":"","context":"En &quot;Destacadas&quot;","block_context":{"text":"Destacadas","link":"https:\/\/azturismo.net\/?cat=30"},"img":{"alt_text":"","src":"https:\/\/i0.wp.com\/azturismo.net\/wp-content\/uploads\/2025\/02\/PSX_20250225_230858.jpg?fit=600%2C400&ssl=1&resize=350%2C200","width":350,"height":200,"srcset":"https:\/\/i0.wp.com\/azturismo.net\/wp-content\/uploads\/2025\/02\/PSX_20250225_230858.jpg?fit=600%2C400&ssl=1&resize=350%2C200 1x, https:\/\/i0.wp.com\/azturismo.net\/wp-content\/uploads\/2025\/02\/PSX_20250225_230858.jpg?fit=600%2C400&ssl=1&resize=525%2C300 1.5x"},"classes":[]},{"id":6657,"url":"https:\/\/azturismo.net\/?p=6657","url_meta":{"origin":6312,"position":4},"title":"Sectur impulsa el turismo comunitario en Campeche","author":"Azturismo","date":"noviembre 30, 2025","format":false,"excerpt":"Por Staff AzTurismo La Secretar\u00eda de Turismo del Gobierno de M\u00e9xico celebr\u00f3 los avances de turismo comunitario en Campeche, donde la titular de Sectur, Josefina Rodr\u00edguez Zamora, particip\u00f3 en la toma de protesta de la Red de Promoci\u00f3n de Turismo Comunitario. Este nuevo espacio articula la colaboraci\u00f3n entre sectores p\u00fablico,\u2026","rel":"","context":"En &quot;Destacadas&quot;","block_context":{"text":"Destacadas","link":"https:\/\/azturismo.net\/?cat=30"},"img":{"alt_text":"","src":"https:\/\/i0.wp.com\/azturismo.net\/wp-content\/uploads\/2025\/11\/Sectur-Campeche-Comunitario4.jpg?fit=600%2C400&ssl=1&resize=350%2C200","width":350,"height":200,"srcset":"https:\/\/i0.wp.com\/azturismo.net\/wp-content\/uploads\/2025\/11\/Sectur-Campeche-Comunitario4.jpg?fit=600%2C400&ssl=1&resize=350%2C200 1x, https:\/\/i0.wp.com\/azturismo.net\/wp-content\/uploads\/2025\/11\/Sectur-Campeche-Comunitario4.jpg?fit=600%2C400&ssl=1&resize=525%2C300 1.5x"},"classes":[]},{"id":3489,"url":"https:\/\/azturismo.net\/?p=3489","url_meta":{"origin":6312,"position":5},"title":"Sectur y BBVA impulsan el turismo nacional con la estrategia \u201cAvanzamos por M\u00e9xico\u201d","author":"Azturismo","date":"marzo 28, 2025","format":false,"excerpt":"Por Oscar V\u00e1zquez C La Secretar\u00eda de Turismo (Sectur) del Gobierno de M\u00e9xico y BBVA M\u00e9xico presentaron la estrategia \u201cAvanzamos por M\u00e9xico\u201d, un plan integral que busca fortalecer el turismo nacional a trav\u00e9s de cinco ejes estrat\u00e9gicos. \u2705 1. Promociones exclusivas para viajeros BBVA ofrecer\u00e1 beneficios especiales a sus clientes,\u2026","rel":"","context":"En &quot;Destacadas&quot;","block_context":{"text":"Destacadas","link":"https:\/\/azturismo.net\/?cat=30"},"img":{"alt_text":"","src":"https:\/\/i0.wp.com\/azturismo.net\/wp-content\/uploads\/2025\/03\/PSX_20250328_155853.jpg?fit=600%2C400&ssl=1&resize=350%2C200","width":350,"height":200,"srcset":"https:\/\/i0.wp.com\/azturismo.net\/wp-content\/uploads\/2025\/03\/PSX_20250328_155853.jpg?fit=600%2C400&ssl=1&resize=350%2C200 1x, https:\/\/i0.wp.com\/azturismo.net\/wp-content\/uploads\/2025\/03\/PSX_20250328_155853.jpg?fit=600%2C400&ssl=1&resize=525%2C300 1.5x"},"classes":[]}],"jetpack_shortlink":"https:\/\/wp.me\/pfqZGx-1DO","amp_enabled":true,"_links":{"self":[{"href":"https:\/\/azturismo.net\/index.php?rest_route=\/wp\/v2\/posts\/6312","targetHints":{"allow":["GET"]}}],"collection":[{"href":"https:\/\/azturismo.net\/index.php?rest_route=\/wp\/v2\/posts"}],"about":[{"href":"https:\/\/azturismo.net\/index.php?rest_route=\/wp\/v2\/types\/post"}],"author":[{"embeddable":true,"href":"https:\/\/azturismo.net\/index.php?rest_route=\/wp\/v2\/users\/1"}],"replies":[{"embeddable":true,"href":"https:\/\/azturismo.net\/index.php?rest_route=%2Fwp%2Fv2%2Fcomments&post=6312"}],"version-history":[{"count":1,"href":"https:\/\/azturismo.net\/index.php?rest_route=\/wp\/v2\/posts\/6312\/revisions"}],"predecessor-version":[{"id":6314,"href":"https:\/\/azturismo.net\/index.php?rest_route=\/wp\/v2\/posts\/6312\/revisions\/6314"}],"wp:featuredmedia":[{"embeddable":true,"href":"https:\/\/azturismo.net\/index.php?rest_route=\/wp\/v2\/media\/6313"}],"wp:attachment":[{"href":"https:\/\/azturismo.net\/index.php?rest_route=%2Fwp%2Fv2%2Fmedia&parent=6312"}],"wp:term":[{"taxonomy":"category","embeddable":true,"href":"https:\/\/azturismo.net\/index.php?rest_route=%2Fwp%2Fv2%2Fcategories&post=6312"},{"taxonomy":"post_tag","embeddable":true,"href":"https:\/\/azturismo.net\/index.php?rest_route=%2Fwp%2Fv2%2Ftags&post=6312"}],"curies":[{"name":"wp","href":"https:\/\/api.w.org\/{rel}","templated":true}]}}