{"id":6297,"date":"2025-11-09T19:07:00","date_gmt":"2025-11-10T01:07:00","guid":{"rendered":"https:\/\/azturismo.net\/?p=6297"},"modified":"2025-11-06T20:50:53","modified_gmt":"2025-11-07T02:50:53","slug":"manzanillo-a-las-brasas-el-evento-gastronomico-que-no-te-puedes-perder","status":"publish","type":"post","link":"https:\/\/azturismo.net\/?p=6297","title":{"rendered":"Manzanillo a las brasas: el evento gastron\u00f3mico que no te puedes perder"},"content":{"rendered":"\n<p>Por Staff AzTurismo<\/p>\n\n\n\n<p>Si tienes planes de viajar o est\u00e1s cerca de la costa colimense, aparta la fecha: <strong>\u201cManzanillo a las Brasas\u201d llega este viernes 28 de noviembre al Centro Hist\u00f3rico del puerto<\/strong>, llevando lo mejor de la cocina del mar a las calles de la llamada <strong>Capital Mundial del Pez Vela<\/strong>.<\/p>\n\n\n\n<p>Este encuentro culinario gratuito forma parte del <strong>72\u00b0 Torneo Internacional de Pesca Deportiva<\/strong>, y reunir\u00e1 a <strong>30 chefs<\/strong> bajo la coordinaci\u00f3n del reconocido <strong>chef Nico Mej\u00eda<\/strong>, uno de los m\u00e1ximos promotores de la cocina local. La promesa es clara: <strong>m\u00e1s de dos mil degustaciones sin costo<\/strong> y un ambiente que celebra la identidad marinera de Manzanillo.<\/p>\n\n\n<div class=\"wp-block-image\">\n<figure class=\"aligncenter size-full is-resized\"><img data-recalc-dims=\"1\" loading=\"lazy\" decoding=\"async\" width=\"600\" height=\"399\" data-attachment-id=\"6301\" data-permalink=\"https:\/\/azturismo.net\/?attachment_id=6301\" data-orig-file=\"https:\/\/i0.wp.com\/azturismo.net\/wp-content\/uploads\/2025\/11\/Manzanillo-3Torneo-Internacional-de-Pesca-Deportiva.jpeg?fit=600%2C399&amp;ssl=1\" data-orig-size=\"600,399\" data-comments-opened=\"1\" data-image-meta=\"{&quot;aperture&quot;:&quot;0&quot;,&quot;credit&quot;:&quot;&quot;,&quot;camera&quot;:&quot;&quot;,&quot;caption&quot;:&quot;&quot;,&quot;created_timestamp&quot;:&quot;0&quot;,&quot;copyright&quot;:&quot;&quot;,&quot;focal_length&quot;:&quot;0&quot;,&quot;iso&quot;:&quot;0&quot;,&quot;shutter_speed&quot;:&quot;0&quot;,&quot;title&quot;:&quot;&quot;,&quot;orientation&quot;:&quot;1&quot;}\" data-image-title=\"Manzanillo 3Torneo Internacional de Pesca Deportiva\" data-image-description=\"\" data-image-caption=\"\" data-large-file=\"https:\/\/i0.wp.com\/azturismo.net\/wp-content\/uploads\/2025\/11\/Manzanillo-3Torneo-Internacional-de-Pesca-Deportiva.jpeg?fit=600%2C399&amp;ssl=1\" src=\"https:\/\/i0.wp.com\/azturismo.net\/wp-content\/uploads\/2025\/11\/Manzanillo-3Torneo-Internacional-de-Pesca-Deportiva.jpeg?resize=600%2C399&#038;ssl=1\" alt=\"\" class=\"wp-image-6301\" style=\"width:820px;height:auto\" srcset=\"https:\/\/i0.wp.com\/azturismo.net\/wp-content\/uploads\/2025\/11\/Manzanillo-3Torneo-Internacional-de-Pesca-Deportiva.jpeg?w=600&amp;ssl=1 600w, https:\/\/i0.wp.com\/azturismo.net\/wp-content\/uploads\/2025\/11\/Manzanillo-3Torneo-Internacional-de-Pesca-Deportiva.jpeg?resize=300%2C200&amp;ssl=1 300w, https:\/\/i0.wp.com\/azturismo.net\/wp-content\/uploads\/2025\/11\/Manzanillo-3Torneo-Internacional-de-Pesca-Deportiva.jpeg?resize=150%2C100&amp;ssl=1 150w\" sizes=\"auto, (max-width: 600px) 100vw, 600px\" \/><\/figure><\/div>\n\n\n<h3 class=\"wp-block-heading\"><strong>Sabores del mar al fuego vivo<\/strong><\/h3>\n\n\n\n<p>Las actividades comenzar\u00e1n a las <strong>14:00 horas<\/strong> con la <strong>barra fr\u00eda<\/strong>:<\/p>\n\n\n\n<ul class=\"wp-block-list\">\n<li>ceviches frescos<\/li>\n\n\n\n<li>tiraditos<\/li>\n\n\n\n<li>tahitianas<\/li>\n\n\n\n<li>preparaciones marinas con el sello colimense<\/li>\n<\/ul>\n\n\n<div class=\"wp-block-image\">\n<figure class=\"aligncenter size-full is-resized\"><img data-recalc-dims=\"1\" loading=\"lazy\" decoding=\"async\" width=\"600\" height=\"397\" data-attachment-id=\"6299\" data-permalink=\"https:\/\/azturismo.net\/?attachment_id=6299\" data-orig-file=\"https:\/\/i0.wp.com\/azturismo.net\/wp-content\/uploads\/2025\/11\/ManzanilloGAstronomia-de-mar.jpg?fit=600%2C397&amp;ssl=1\" data-orig-size=\"600,397\" data-comments-opened=\"1\" data-image-meta=\"{&quot;aperture&quot;:&quot;0&quot;,&quot;credit&quot;:&quot;&quot;,&quot;camera&quot;:&quot;&quot;,&quot;caption&quot;:&quot;&quot;,&quot;created_timestamp&quot;:&quot;0&quot;,&quot;copyright&quot;:&quot;&quot;,&quot;focal_length&quot;:&quot;0&quot;,&quot;iso&quot;:&quot;0&quot;,&quot;shutter_speed&quot;:&quot;0&quot;,&quot;title&quot;:&quot;&quot;,&quot;orientation&quot;:&quot;1&quot;}\" data-image-title=\"ManzanilloGAstronom\u00eda de mar\" data-image-description=\"\" data-image-caption=\"\" data-large-file=\"https:\/\/i0.wp.com\/azturismo.net\/wp-content\/uploads\/2025\/11\/ManzanilloGAstronomia-de-mar.jpg?fit=600%2C397&amp;ssl=1\" src=\"https:\/\/i0.wp.com\/azturismo.net\/wp-content\/uploads\/2025\/11\/ManzanilloGAstronomia-de-mar.jpg?resize=600%2C397&#038;ssl=1\" alt=\"\" class=\"wp-image-6299\" style=\"width:890px;height:auto\" srcset=\"https:\/\/i0.wp.com\/azturismo.net\/wp-content\/uploads\/2025\/11\/ManzanilloGAstronomia-de-mar.jpg?w=600&amp;ssl=1 600w, https:\/\/i0.wp.com\/azturismo.net\/wp-content\/uploads\/2025\/11\/ManzanilloGAstronomia-de-mar.jpg?resize=300%2C199&amp;ssl=1 300w, https:\/\/i0.wp.com\/azturismo.net\/wp-content\/uploads\/2025\/11\/ManzanilloGAstronomia-de-mar.jpg?resize=150%2C99&amp;ssl=1 150w\" sizes=\"auto, (max-width: 600px) 100vw, 600px\" \/><\/figure><\/div>\n\n\n<p>Despu\u00e9s, a las <strong>17:00 horas<\/strong>, llegar\u00e1 el turno de las <strong>brasas<\/strong>, donde los asadores se encender\u00e1n para resaltar los sabores del oc\u00e9ano mediante t\u00e9cnicas tradicionales y contempor\u00e1neas. Una experiencia perfecta para quienes buscan <strong>comer rico, convivir y descubrir<\/strong>.<\/p>\n\n\n\n<h3 class=\"wp-block-heading\"><strong>Un evento para caminar, saborear y disfrutar<\/strong><\/h3>\n\n\n\n<p>Adem\u00e1s de la propuesta gastron\u00f3mica, <strong>habr\u00e1 m\u00fasica en vivo<\/strong>, ambiente festivo y espacios pensados para recorrer el Centro Hist\u00f3rico a pie, disfrutando del malec\u00f3n, la brisa y la esencia pesquera que distingue al puerto.<\/p>\n\n\n\n<p>Y se tendr\u00e1 la oportunidad de vivir la emoci\u00f3n del <strong>Torneo Internacional de Pesca Deportiva<\/strong>, que se celebrar\u00e1 del <strong>27 al 29 de noviembre<\/strong>, uno de los m\u00e1s emblem\u00e1ticos y esperados del estado.<\/p>\n\n\n\n<h3 class=\"wp-block-heading\"><strong>Organizan<\/strong><\/h3>\n\n\n<div class=\"wp-block-image\">\n<figure class=\"alignleft size-full is-resized\"><img data-recalc-dims=\"1\" loading=\"lazy\" decoding=\"async\" width=\"600\" height=\"890\" data-attachment-id=\"6300\" data-permalink=\"https:\/\/azturismo.net\/?attachment_id=6300\" data-orig-file=\"https:\/\/i0.wp.com\/azturismo.net\/wp-content\/uploads\/2025\/11\/MAnzanillo-a-las-brasas.jpeg?fit=600%2C890&amp;ssl=1\" data-orig-size=\"600,890\" data-comments-opened=\"1\" data-image-meta=\"{&quot;aperture&quot;:&quot;0&quot;,&quot;credit&quot;:&quot;&quot;,&quot;camera&quot;:&quot;&quot;,&quot;caption&quot;:&quot;&quot;,&quot;created_timestamp&quot;:&quot;0&quot;,&quot;copyright&quot;:&quot;&quot;,&quot;focal_length&quot;:&quot;0&quot;,&quot;iso&quot;:&quot;0&quot;,&quot;shutter_speed&quot;:&quot;0&quot;,&quot;title&quot;:&quot;&quot;,&quot;orientation&quot;:&quot;1&quot;}\" data-image-title=\"MAnzanillo a las brasas\" data-image-description=\"\" data-image-caption=\"\" data-large-file=\"https:\/\/i0.wp.com\/azturismo.net\/wp-content\/uploads\/2025\/11\/MAnzanillo-a-las-brasas.jpeg?fit=600%2C890&amp;ssl=1\" src=\"https:\/\/i0.wp.com\/azturismo.net\/wp-content\/uploads\/2025\/11\/MAnzanillo-a-las-brasas.jpeg?resize=600%2C890&#038;ssl=1\" alt=\"\" class=\"wp-image-6300\" style=\"width:282px;height:auto\" srcset=\"https:\/\/i0.wp.com\/azturismo.net\/wp-content\/uploads\/2025\/11\/MAnzanillo-a-las-brasas.jpeg?w=600&amp;ssl=1 600w, https:\/\/i0.wp.com\/azturismo.net\/wp-content\/uploads\/2025\/11\/MAnzanillo-a-las-brasas.jpeg?resize=202%2C300&amp;ssl=1 202w, https:\/\/i0.wp.com\/azturismo.net\/wp-content\/uploads\/2025\/11\/MAnzanillo-a-las-brasas.jpeg?resize=150%2C223&amp;ssl=1 150w, https:\/\/i0.wp.com\/azturismo.net\/wp-content\/uploads\/2025\/11\/MAnzanillo-a-las-brasas.jpeg?resize=300%2C445&amp;ssl=1 300w\" sizes=\"auto, (max-width: 600px) 100vw, 600px\" \/><\/figure><\/div>\n\n\n<p>La iniciativa es resultado de la colaboraci\u00f3n entre: Ayuntamiento de Manzanillo, Subsecretar\u00eda de Turismo, Universidad Tecnol\u00f3gica de Manzanillo, Colima Sabe, Club de Pesca Manzanillo y CANIRAC Manzanillo.<\/p>\n\n\n\n<h3 class=\"wp-block-heading\"><strong>La invitaci\u00f3n<\/strong><\/h3>\n\n\n\n<p>Locales, turistas, familias y amantes de la cocina est\u00e1n invitados a vivir una <strong>tarde llena de sabor, tradici\u00f3n y convivencia<\/strong>, en uno de los rincones con m\u00e1s vida del Pac\u00edfico mexicano.<\/p>\n\n\n\n<p>\ud83d\udccd <strong>Lugar:<\/strong> Centro Hist\u00f3rico de Manzanillo<br>\ud83d\udcc6 <strong>Fecha:<\/strong> Viernes 28 de noviembre<br>\u23f0 <strong>Horario:<\/strong> Desde las 14:00 h<br>\ud83d\udcb2 <strong>Entrada:<\/strong> Gratuita<\/p>\n\n\n\n<p><\/p>\n","protected":false},"excerpt":{"rendered":"<p>Por Staff AzTurismo Si tienes planes de viajar o est\u00e1s cerca de la costa colimense, aparta la fecha: \u201cManzanillo a las Brasas\u201d llega este viernes 28 de noviembre al Centro Hist\u00f3rico del puerto, llevando lo mejor de la cocina del mar a las calles de la llamada Capital Mundial del Pez Vela. Este encuentro culinario [&hellip;]<\/p>\n","protected":false},"author":1,"featured_media":6298,"comment_status":"open","ping_status":"open","sticky":false,"template":"","format":"standard","meta":{"jetpack_post_was_ever_published":false,"_jetpack_newsletter_access":"","_jetpack_dont_email_post_to_subs":false,"_jetpack_newsletter_tier_id":0,"_jetpack_memberships_contains_paywalled_content":false,"_jetpack_memberships_contains_paid_content":false,"footnotes":"","jetpack_publicize_message":"","jetpack_publicize_feature_enabled":true,"jetpack_social_post_already_shared":true,"jetpack_social_options":{"image_generator_settings":{"template":"highway","default_image_id":0,"font":"","enabled":false},"version":2}},"categories":[35],"tags":[99,3017,313,257,3015,3016,3018],"class_list":{"0":"post-6297","1":"post","2":"type-post","3":"status-publish","4":"format-standard","5":"has-post-thumbnail","7":"category-sabores","8":"tag-azturismo","9":"tag-gastronomia-del-mar","10":"tag-josefina-rodriguez-zamora","11":"tag-manzanillo","12":"tag-manzanillo-a-las-brasas","13":"tag-torneo-internacional-de-pesca-deportiva","14":"tag-torneos-de-pesca"},"yoast_head":"<!-- This site is optimized with the Yoast SEO plugin v27.5 - https:\/\/yoast.com\/product\/yoast-seo-wordpress\/ -->\n<title>Manzanillo a las brasas: el evento gastron\u00f3mico que no te puedes perder - Azturismo Noticias<\/title>\n<meta name=\"robots\" content=\"index, follow, max-snippet:-1, max-image-preview:large, max-video-preview:-1\" \/>\n<link rel=\"canonical\" href=\"https:\/\/azturismo.net\/?p=6297\" \/>\n<meta property=\"og:locale\" content=\"es_MX\" \/>\n<meta property=\"og:type\" content=\"article\" \/>\n<meta property=\"og:title\" content=\"Manzanillo a las brasas: el evento gastron\u00f3mico que no te puedes perder - Azturismo Noticias\" \/>\n<meta property=\"og:description\" content=\"Por Staff AzTurismo Si tienes planes de viajar o est\u00e1s cerca de la costa colimense, aparta la fecha: \u201cManzanillo a las Brasas\u201d llega este viernes 28 de noviembre al Centro Hist\u00f3rico del puerto, llevando lo mejor de la cocina del mar a las calles de la llamada Capital Mundial del Pez Vela. Este encuentro culinario [&hellip;]\" \/>\n<meta property=\"og:url\" content=\"https:\/\/azturismo.net\/?p=6297\" \/>\n<meta property=\"og:site_name\" content=\"Azturismo Noticias\" \/>\n<meta property=\"article:publisher\" content=\"https:\/\/www.facebook.com\/AzturismoNoticias\" \/>\n<meta property=\"article:published_time\" content=\"2025-11-10T01:07:00+00:00\" \/>\n<meta property=\"og:image\" content=\"https:\/\/i0.wp.com\/azturismo.net\/wp-content\/uploads\/2025\/11\/ManzanilloGastronomia.jpeg?fit=600%2C399&ssl=1\" \/>\n\t<meta property=\"og:image:width\" content=\"600\" \/>\n\t<meta property=\"og:image:height\" content=\"399\" \/>\n\t<meta property=\"og:image:type\" content=\"image\/jpeg\" \/>\n<meta name=\"author\" content=\"Azturismo\" \/>\n<meta name=\"twitter:card\" content=\"summary_large_image\" \/>\n<meta name=\"twitter:creator\" content=\"@AzTurismo\" \/>\n<meta name=\"twitter:site\" content=\"@AzTurismo\" \/>\n<meta name=\"twitter:label1\" content=\"Escrito por\" \/>\n\t<meta name=\"twitter:data1\" content=\"Azturismo\" \/>\n\t<meta name=\"twitter:label2\" content=\"Tiempo de lectura\" \/>\n\t<meta name=\"twitter:data2\" content=\"3 minutos\" \/>\n<script type=\"application\/ld+json\" class=\"yoast-schema-graph\">{\"@context\":\"https:\\\/\\\/schema.org\",\"@graph\":[{\"@type\":\"Article\",\"@id\":\"https:\\\/\\\/azturismo.net\\\/?p=6297#article\",\"isPartOf\":{\"@id\":\"https:\\\/\\\/azturismo.net\\\/?p=6297\"},\"author\":{\"name\":\"Azturismo\",\"@id\":\"https:\\\/\\\/azturismo.net\\\/#\\\/schema\\\/person\\\/4b56d87f51c4d1b518c650739ad3bbc1\"},\"headline\":\"Manzanillo a las brasas: el evento gastron\u00f3mico que no te puedes perder\",\"datePublished\":\"2025-11-10T01:07:00+00:00\",\"mainEntityOfPage\":{\"@id\":\"https:\\\/\\\/azturismo.net\\\/?p=6297\"},\"wordCount\":359,\"commentCount\":0,\"publisher\":{\"@id\":\"https:\\\/\\\/azturismo.net\\\/#organization\"},\"image\":{\"@id\":\"https:\\\/\\\/azturismo.net\\\/?p=6297#primaryimage\"},\"thumbnailUrl\":\"https:\\\/\\\/i0.wp.com\\\/azturismo.net\\\/wp-content\\\/uploads\\\/2025\\\/11\\\/ManzanilloGastronomia.jpeg?fit=600%2C399&ssl=1\",\"keywords\":[\"azturismo\",\"gastronomia del mar\",\"Josefina Rodr\u00edguez Zamora\",\"Manzanillo\",\"Manzanillo a las Brasas\",\"Torneo Internacional de Pesca Deportiva\",\"torneos de pesca\"],\"articleSection\":[\"SABORES\"],\"inLanguage\":\"es\",\"potentialAction\":[{\"@type\":\"CommentAction\",\"name\":\"Comment\",\"target\":[\"https:\\\/\\\/azturismo.net\\\/?p=6297#respond\"]}]},{\"@type\":\"WebPage\",\"@id\":\"https:\\\/\\\/azturismo.net\\\/?p=6297\",\"url\":\"https:\\\/\\\/azturismo.net\\\/?p=6297\",\"name\":\"Manzanillo a las brasas: el evento gastron\u00f3mico que no te puedes perder - Azturismo Noticias\",\"isPartOf\":{\"@id\":\"https:\\\/\\\/azturismo.net\\\/#website\"},\"primaryImageOfPage\":{\"@id\":\"https:\\\/\\\/azturismo.net\\\/?p=6297#primaryimage\"},\"image\":{\"@id\":\"https:\\\/\\\/azturismo.net\\\/?p=6297#primaryimage\"},\"thumbnailUrl\":\"https:\\\/\\\/i0.wp.com\\\/azturismo.net\\\/wp-content\\\/uploads\\\/2025\\\/11\\\/ManzanilloGastronomia.jpeg?fit=600%2C399&ssl=1\",\"datePublished\":\"2025-11-10T01:07:00+00:00\",\"breadcrumb\":{\"@id\":\"https:\\\/\\\/azturismo.net\\\/?p=6297#breadcrumb\"},\"inLanguage\":\"es\",\"potentialAction\":[{\"@type\":\"ReadAction\",\"target\":[\"https:\\\/\\\/azturismo.net\\\/?p=6297\"]}]},{\"@type\":\"ImageObject\",\"inLanguage\":\"es\",\"@id\":\"https:\\\/\\\/azturismo.net\\\/?p=6297#primaryimage\",\"url\":\"https:\\\/\\\/i0.wp.com\\\/azturismo.net\\\/wp-content\\\/uploads\\\/2025\\\/11\\\/ManzanilloGastronomia.jpeg?fit=600%2C399&ssl=1\",\"contentUrl\":\"https:\\\/\\\/i0.wp.com\\\/azturismo.net\\\/wp-content\\\/uploads\\\/2025\\\/11\\\/ManzanilloGastronomia.jpeg?fit=600%2C399&ssl=1\",\"width\":600,\"height\":399},{\"@type\":\"BreadcrumbList\",\"@id\":\"https:\\\/\\\/azturismo.net\\\/?p=6297#breadcrumb\",\"itemListElement\":[{\"@type\":\"ListItem\",\"position\":1,\"name\":\"Home\",\"item\":\"https:\\\/\\\/azturismo.net\\\/\"},{\"@type\":\"ListItem\",\"position\":2,\"name\":\"Manzanillo a las brasas: el evento gastron\u00f3mico que no te puedes perder\"}]},{\"@type\":\"WebSite\",\"@id\":\"https:\\\/\\\/azturismo.net\\\/#website\",\"url\":\"https:\\\/\\\/azturismo.net\\\/\",\"name\":\"Azturismo\",\"description\":\"Azturismo Noticias\",\"publisher\":{\"@id\":\"https:\\\/\\\/azturismo.net\\\/#organization\"},\"potentialAction\":[{\"@type\":\"SearchAction\",\"target\":{\"@type\":\"EntryPoint\",\"urlTemplate\":\"https:\\\/\\\/azturismo.net\\\/?s={search_term_string}\"},\"query-input\":{\"@type\":\"PropertyValueSpecification\",\"valueRequired\":true,\"valueName\":\"search_term_string\"}}],\"inLanguage\":\"es\"},{\"@type\":\"Organization\",\"@id\":\"https:\\\/\\\/azturismo.net\\\/#organization\",\"name\":\"Azturismo\",\"url\":\"https:\\\/\\\/azturismo.net\\\/\",\"logo\":{\"@type\":\"ImageObject\",\"inLanguage\":\"es\",\"@id\":\"https:\\\/\\\/azturismo.net\\\/#\\\/schema\\\/logo\\\/image\\\/\",\"url\":\"https:\\\/\\\/i0.wp.com\\\/azturismo.net\\\/wp-content\\\/uploads\\\/2024\\\/03\\\/logo-el-bueno-.png?fit=294%2C69&ssl=1\",\"contentUrl\":\"https:\\\/\\\/i0.wp.com\\\/azturismo.net\\\/wp-content\\\/uploads\\\/2024\\\/03\\\/logo-el-bueno-.png?fit=294%2C69&ssl=1\",\"width\":294,\"height\":69,\"caption\":\"Azturismo\"},\"image\":{\"@id\":\"https:\\\/\\\/azturismo.net\\\/#\\\/schema\\\/logo\\\/image\\\/\"},\"sameAs\":[\"https:\\\/\\\/www.facebook.com\\\/AzturismoNoticias\",\"https:\\\/\\\/x.com\\\/AzTurismo\",\"https:\\\/\\\/www.instagram.com\\\/azturismo_noticias\\\/?fbclid=IwAR2xMiuoHbs6eLeIHKP8P5sSGa-xFrw7FfejscXO7kDghWa7wKLjGczKOwE\",\"https:\\\/\\\/www.tiktok.com\\\/@azturismo\"]},{\"@type\":\"Person\",\"@id\":\"https:\\\/\\\/azturismo.net\\\/#\\\/schema\\\/person\\\/4b56d87f51c4d1b518c650739ad3bbc1\",\"name\":\"Azturismo\",\"image\":{\"@type\":\"ImageObject\",\"inLanguage\":\"es\",\"@id\":\"https:\\\/\\\/azturismo.net\\\/wp-content\\\/litespeed\\\/avatar\\\/dfe28a31cdd68b788da48a316e50db10.jpg?ver=1777707566\",\"url\":\"https:\\\/\\\/azturismo.net\\\/wp-content\\\/litespeed\\\/avatar\\\/dfe28a31cdd68b788da48a316e50db10.jpg?ver=1777707566\",\"contentUrl\":\"https:\\\/\\\/azturismo.net\\\/wp-content\\\/litespeed\\\/avatar\\\/dfe28a31cdd68b788da48a316e50db10.jpg?ver=1777707566\",\"caption\":\"Azturismo\"},\"sameAs\":[\"https:\\\/\\\/azturismo.net\"],\"url\":\"https:\\\/\\\/azturismo.net\\\/?author=1\"}]}<\/script>\n<!-- \/ Yoast SEO plugin. -->","yoast_head_json":{"title":"Manzanillo a las brasas: el evento gastron\u00f3mico que no te puedes perder - Azturismo Noticias","robots":{"index":"index","follow":"follow","max-snippet":"max-snippet:-1","max-image-preview":"max-image-preview:large","max-video-preview":"max-video-preview:-1"},"canonical":"https:\/\/azturismo.net\/?p=6297","og_locale":"es_MX","og_type":"article","og_title":"Manzanillo a las brasas: el evento gastron\u00f3mico que no te puedes perder - Azturismo Noticias","og_description":"Por Staff AzTurismo Si tienes planes de viajar o est\u00e1s cerca de la costa colimense, aparta la fecha: \u201cManzanillo a las Brasas\u201d llega este viernes 28 de noviembre al Centro Hist\u00f3rico del puerto, llevando lo mejor de la cocina del mar a las calles de la llamada Capital Mundial del Pez Vela. Este encuentro culinario [&hellip;]","og_url":"https:\/\/azturismo.net\/?p=6297","og_site_name":"Azturismo Noticias","article_publisher":"https:\/\/www.facebook.com\/AzturismoNoticias","article_published_time":"2025-11-10T01:07:00+00:00","og_image":[{"width":600,"height":399,"url":"https:\/\/i0.wp.com\/azturismo.net\/wp-content\/uploads\/2025\/11\/ManzanilloGastronomia.jpeg?fit=600%2C399&ssl=1","type":"image\/jpeg"}],"author":"Azturismo","twitter_card":"summary_large_image","twitter_creator":"@AzTurismo","twitter_site":"@AzTurismo","twitter_misc":{"Escrito por":"Azturismo","Tiempo de lectura":"3 minutos"},"schema":{"@context":"https:\/\/schema.org","@graph":[{"@type":"Article","@id":"https:\/\/azturismo.net\/?p=6297#article","isPartOf":{"@id":"https:\/\/azturismo.net\/?p=6297"},"author":{"name":"Azturismo","@id":"https:\/\/azturismo.net\/#\/schema\/person\/4b56d87f51c4d1b518c650739ad3bbc1"},"headline":"Manzanillo a las brasas: el evento gastron\u00f3mico que no te puedes perder","datePublished":"2025-11-10T01:07:00+00:00","mainEntityOfPage":{"@id":"https:\/\/azturismo.net\/?p=6297"},"wordCount":359,"commentCount":0,"publisher":{"@id":"https:\/\/azturismo.net\/#organization"},"image":{"@id":"https:\/\/azturismo.net\/?p=6297#primaryimage"},"thumbnailUrl":"https:\/\/i0.wp.com\/azturismo.net\/wp-content\/uploads\/2025\/11\/ManzanilloGastronomia.jpeg?fit=600%2C399&ssl=1","keywords":["azturismo","gastronomia del mar","Josefina Rodr\u00edguez Zamora","Manzanillo","Manzanillo a las Brasas","Torneo Internacional de Pesca Deportiva","torneos de pesca"],"articleSection":["SABORES"],"inLanguage":"es","potentialAction":[{"@type":"CommentAction","name":"Comment","target":["https:\/\/azturismo.net\/?p=6297#respond"]}]},{"@type":"WebPage","@id":"https:\/\/azturismo.net\/?p=6297","url":"https:\/\/azturismo.net\/?p=6297","name":"Manzanillo a las brasas: el evento gastron\u00f3mico que no te puedes perder - Azturismo Noticias","isPartOf":{"@id":"https:\/\/azturismo.net\/#website"},"primaryImageOfPage":{"@id":"https:\/\/azturismo.net\/?p=6297#primaryimage"},"image":{"@id":"https:\/\/azturismo.net\/?p=6297#primaryimage"},"thumbnailUrl":"https:\/\/i0.wp.com\/azturismo.net\/wp-content\/uploads\/2025\/11\/ManzanilloGastronomia.jpeg?fit=600%2C399&ssl=1","datePublished":"2025-11-10T01:07:00+00:00","breadcrumb":{"@id":"https:\/\/azturismo.net\/?p=6297#breadcrumb"},"inLanguage":"es","potentialAction":[{"@type":"ReadAction","target":["https:\/\/azturismo.net\/?p=6297"]}]},{"@type":"ImageObject","inLanguage":"es","@id":"https:\/\/azturismo.net\/?p=6297#primaryimage","url":"https:\/\/i0.wp.com\/azturismo.net\/wp-content\/uploads\/2025\/11\/ManzanilloGastronomia.jpeg?fit=600%2C399&ssl=1","contentUrl":"https:\/\/i0.wp.com\/azturismo.net\/wp-content\/uploads\/2025\/11\/ManzanilloGastronomia.jpeg?fit=600%2C399&ssl=1","width":600,"height":399},{"@type":"BreadcrumbList","@id":"https:\/\/azturismo.net\/?p=6297#breadcrumb","itemListElement":[{"@type":"ListItem","position":1,"name":"Home","item":"https:\/\/azturismo.net\/"},{"@type":"ListItem","position":2,"name":"Manzanillo a las brasas: el evento gastron\u00f3mico que no te puedes perder"}]},{"@type":"WebSite","@id":"https:\/\/azturismo.net\/#website","url":"https:\/\/azturismo.net\/","name":"Azturismo","description":"Azturismo Noticias","publisher":{"@id":"https:\/\/azturismo.net\/#organization"},"potentialAction":[{"@type":"SearchAction","target":{"@type":"EntryPoint","urlTemplate":"https:\/\/azturismo.net\/?s={search_term_string}"},"query-input":{"@type":"PropertyValueSpecification","valueRequired":true,"valueName":"search_term_string"}}],"inLanguage":"es"},{"@type":"Organization","@id":"https:\/\/azturismo.net\/#organization","name":"Azturismo","url":"https:\/\/azturismo.net\/","logo":{"@type":"ImageObject","inLanguage":"es","@id":"https:\/\/azturismo.net\/#\/schema\/logo\/image\/","url":"https:\/\/i0.wp.com\/azturismo.net\/wp-content\/uploads\/2024\/03\/logo-el-bueno-.png?fit=294%2C69&ssl=1","contentUrl":"https:\/\/i0.wp.com\/azturismo.net\/wp-content\/uploads\/2024\/03\/logo-el-bueno-.png?fit=294%2C69&ssl=1","width":294,"height":69,"caption":"Azturismo"},"image":{"@id":"https:\/\/azturismo.net\/#\/schema\/logo\/image\/"},"sameAs":["https:\/\/www.facebook.com\/AzturismoNoticias","https:\/\/x.com\/AzTurismo","https:\/\/www.instagram.com\/azturismo_noticias\/?fbclid=IwAR2xMiuoHbs6eLeIHKP8P5sSGa-xFrw7FfejscXO7kDghWa7wKLjGczKOwE","https:\/\/www.tiktok.com\/@azturismo"]},{"@type":"Person","@id":"https:\/\/azturismo.net\/#\/schema\/person\/4b56d87f51c4d1b518c650739ad3bbc1","name":"Azturismo","image":{"@type":"ImageObject","inLanguage":"es","@id":"https:\/\/azturismo.net\/wp-content\/litespeed\/avatar\/dfe28a31cdd68b788da48a316e50db10.jpg?ver=1777707566","url":"https:\/\/azturismo.net\/wp-content\/litespeed\/avatar\/dfe28a31cdd68b788da48a316e50db10.jpg?ver=1777707566","contentUrl":"https:\/\/azturismo.net\/wp-content\/litespeed\/avatar\/dfe28a31cdd68b788da48a316e50db10.jpg?ver=1777707566","caption":"Azturismo"},"sameAs":["https:\/\/azturismo.net"],"url":"https:\/\/azturismo.net\/?author=1"}]}},"jetpack_publicize_connections":[],"jetpack_featured_media_url":"https:\/\/i0.wp.com\/azturismo.net\/wp-content\/uploads\/2025\/11\/ManzanilloGastronomia.jpeg?fit=600%2C399&ssl=1","jetpack_sharing_enabled":true,"jetpack-related-posts":[{"id":6099,"url":"https:\/\/azturismo.net\/?p=6099","url_meta":{"origin":6297,"position":0},"title":"Manzanillo\u00a0ser\u00e1 sede del tenis internacional con el\u00a0Manzanillo\u00a0Open 2025","author":"Azturismo","date":"octubre 24, 2025","format":false,"excerpt":"Por Oscar V\u00e1zquez C. Con el prop\u00f3sito de fortalecer la promoci\u00f3n tur\u00edstica y deportiva del estado, la Secretar\u00eda de Turismo (Sectur) present\u00f3 oficialmente el Manzanillo Open 2025, torneo internacional de tenis que refrenda a Colima como un destino de hospitalidad, desarrollo y excelencia. El evento se realizar\u00e1 del 10 al\u2026","rel":"","context":"En &quot;Destacadas&quot;","block_context":{"text":"Destacadas","link":"https:\/\/azturismo.net\/?cat=30"},"img":{"alt_text":"","src":"https:\/\/i0.wp.com\/azturismo.net\/wp-content\/uploads\/2025\/10\/Cortesia_Manzanillo-OPEN.jpg?fit=600%2C400&ssl=1&resize=350%2C200","width":350,"height":200,"srcset":"https:\/\/i0.wp.com\/azturismo.net\/wp-content\/uploads\/2025\/10\/Cortesia_Manzanillo-OPEN.jpg?fit=600%2C400&ssl=1&resize=350%2C200 1x, https:\/\/i0.wp.com\/azturismo.net\/wp-content\/uploads\/2025\/10\/Cortesia_Manzanillo-OPEN.jpg?fit=600%2C400&ssl=1&resize=525%2C300 1.5x"},"classes":[]},{"id":4671,"url":"https:\/\/azturismo.net\/?p=4671","url_meta":{"origin":6297,"position":1},"title":"\u00a1En Manzanillo hay un resort de ensue\u00f1o que debes visitar!","author":"Azturismo","date":"agosto 5, 2025","format":false,"excerpt":"Por Oscar V\u00e1zquez C. Imagina despertar en un para\u00edso blanco frente al Pac\u00edfico mexicano, donde la arquitectura maur\u00ed se fusiona con la hospitalidad mexicana. Las Hadas by Brisas en Manzanillo, Colima no es solo un hotel de lujo, es una experiencia \u00fanica que transporta a los viajeros a un cuento\u2026","rel":"","context":"En &quot;Destacadas&quot;","block_context":{"text":"Destacadas","link":"https:\/\/azturismo.net\/?cat=30"},"img":{"alt_text":"","src":"https:\/\/i0.wp.com\/azturismo.net\/wp-content\/uploads\/2025\/08\/Las-Hadas-by-Brisas-8_foto-cortesia-Facebook-Las-Hadas-by-Brisas-1.jpg?fit=600%2C450&ssl=1&resize=350%2C200","width":350,"height":200,"srcset":"https:\/\/i0.wp.com\/azturismo.net\/wp-content\/uploads\/2025\/08\/Las-Hadas-by-Brisas-8_foto-cortesia-Facebook-Las-Hadas-by-Brisas-1.jpg?fit=600%2C450&ssl=1&resize=350%2C200 1x, https:\/\/i0.wp.com\/azturismo.net\/wp-content\/uploads\/2025\/08\/Las-Hadas-by-Brisas-8_foto-cortesia-Facebook-Las-Hadas-by-Brisas-1.jpg?fit=600%2C450&ssl=1&resize=525%2C300 1.5x"},"classes":[]},{"id":4509,"url":"https:\/\/azturismo.net\/?p=4509","url_meta":{"origin":6297,"position":2},"title":"La emoci\u00f3n y adrenalina se apoderaron de Manzanillo con el Circuito Profesional de Surf Colima 2025","author":"Azturismo","date":"julio 21, 2025","format":false,"excerpt":"Por Oscar V\u00e1zquez C. M\u00e1s de tres mil personas se dieron cita este fin de semana en Playa Olas Altas para vivir la d\u00e9cima edici\u00f3n del torneo Reyes del Verano, que inaugur\u00f3 con gran \u00e9xito el Circuito Profesional de Surf & Bodyboard Colima 2025, consolidando a Manzanillo como uno de\u2026","rel":"","context":"En &quot;Destacadas&quot;","block_context":{"text":"Destacadas","link":"https:\/\/azturismo.net\/?cat=30"},"img":{"alt_text":"","src":"https:\/\/i0.wp.com\/azturismo.net\/wp-content\/uploads\/2025\/07\/Circuito-de-Surf-Colima-2025.1.jpg?fit=600%2C480&ssl=1&resize=350%2C200","width":350,"height":200,"srcset":"https:\/\/i0.wp.com\/azturismo.net\/wp-content\/uploads\/2025\/07\/Circuito-de-Surf-Colima-2025.1.jpg?fit=600%2C480&ssl=1&resize=350%2C200 1x, https:\/\/i0.wp.com\/azturismo.net\/wp-content\/uploads\/2025\/07\/Circuito-de-Surf-Colima-2025.1.jpg?fit=600%2C480&ssl=1&resize=525%2C300 1.5x"},"classes":[]},{"id":3507,"url":"https:\/\/azturismo.net\/?p=3507","url_meta":{"origin":6297,"position":3},"title":"\ud83c\udf0a\ud83c\udfc3\u200d\u2642\ufe0f UrbanTide Manzanillo 2025: corre entre mar, ciudad y monta\u00f1a","author":"Azturismo","date":"marzo 31, 2025","format":false,"excerpt":"Por Staff AzTurismo \u00bfAmas el trail running y buscas un reto para el fin de semana de Pascua? \ud83c\udf05 UrbanTide Manzanillo 2025 te espera el 27 de abril con un recorrido \u00fanico que fusiona la belleza del Pac\u00edfico mexicano con la adrenalina de las calles, escalinatas y senderos de esta\u2026","rel":"","context":"En &quot;Destacadas&quot;","block_context":{"text":"Destacadas","link":"https:\/\/azturismo.net\/?cat=30"},"img":{"alt_text":"","src":"https:\/\/i0.wp.com\/azturismo.net\/wp-content\/uploads\/2025\/03\/Copia-de-Centro-de-Manzanillo-1.jpg?fit=600%2C400&ssl=1&resize=350%2C200","width":350,"height":200,"srcset":"https:\/\/i0.wp.com\/azturismo.net\/wp-content\/uploads\/2025\/03\/Copia-de-Centro-de-Manzanillo-1.jpg?fit=600%2C400&ssl=1&resize=350%2C200 1x, https:\/\/i0.wp.com\/azturismo.net\/wp-content\/uploads\/2025\/03\/Copia-de-Centro-de-Manzanillo-1.jpg?fit=600%2C400&ssl=1&resize=525%2C300 1.5x"},"classes":[]},{"id":3799,"url":"https:\/\/azturismo.net\/?p=3799","url_meta":{"origin":6297,"position":4},"title":"Colima, nuevo para\u00edso del surf en M\u00e9xico","author":"Azturismo","date":"mayo 17, 2025","format":false,"excerpt":"Lanza un circuito que integra Manzanillo, Armer\u00eda y el legendario Pascuales, ofreciendo premios igualitarios de $150,000 por cada etapa Por Oscar V\u00e1zquez C. El gobierno del Estado de Colima, a trav\u00e9s de la Subsecretar\u00eda de Turismo, lanz\u00f3 el Circuito de Surf & Bodyboard COLIMA 2025 , posicion\u00e1ndose como un epicentro\u2026","rel":"","context":"En &quot;VIAJES&quot;","block_context":{"text":"VIAJES","link":"https:\/\/azturismo.net\/?cat=26"},"img":{"alt_text":"","src":"https:\/\/i0.wp.com\/azturismo.net\/wp-content\/uploads\/2025\/05\/Copia-de-Swell-mayo-22-24.jpg?fit=600%2C399&ssl=1&resize=350%2C200","width":350,"height":200,"srcset":"https:\/\/i0.wp.com\/azturismo.net\/wp-content\/uploads\/2025\/05\/Copia-de-Swell-mayo-22-24.jpg?fit=600%2C399&ssl=1&resize=350%2C200 1x, https:\/\/i0.wp.com\/azturismo.net\/wp-content\/uploads\/2025\/05\/Copia-de-Swell-mayo-22-24.jpg?fit=600%2C399&ssl=1&resize=525%2C300 1.5x"},"classes":[]},{"id":3275,"url":"https:\/\/azturismo.net\/?p=3275","url_meta":{"origin":6297,"position":5},"title":"Descubre Colima, el destino perfecto para mujeres viajeras en M\u00e9xico","author":"Azturismo","date":"marzo 7, 2025","format":false,"excerpt":"Por Montserrat Rivera Colima es un estado peque\u00f1o en extensi\u00f3n pero grande en experiencias, y es el lugar ideal para mujeres viajeras que buscan descanso, aventura y cultura. Con paisajes que incluyen playas paradis\u00edacas y monta\u00f1as cubiertas de niebla, este rinc\u00f3n del Pac\u00edfico mexicano ofrece opciones para todo tipo de\u2026","rel":"","context":"En &quot;Destacadas&quot;","block_context":{"text":"Destacadas","link":"https:\/\/azturismo.net\/?cat=30"},"img":{"alt_text":"","src":"https:\/\/i0.wp.com\/azturismo.net\/wp-content\/uploads\/2025\/03\/Manzanillo-1_Foto-de-Subsectur-Colima.jpg?fit=600%2C337&ssl=1&resize=350%2C200","width":350,"height":200,"srcset":"https:\/\/i0.wp.com\/azturismo.net\/wp-content\/uploads\/2025\/03\/Manzanillo-1_Foto-de-Subsectur-Colima.jpg?fit=600%2C337&ssl=1&resize=350%2C200 1x, https:\/\/i0.wp.com\/azturismo.net\/wp-content\/uploads\/2025\/03\/Manzanillo-1_Foto-de-Subsectur-Colima.jpg?fit=600%2C337&ssl=1&resize=525%2C300 1.5x"},"classes":[]}],"jetpack_shortlink":"https:\/\/wp.me\/pfqZGx-1Dz","amp_enabled":true,"_links":{"self":[{"href":"https:\/\/azturismo.net\/index.php?rest_route=\/wp\/v2\/posts\/6297","targetHints":{"allow":["GET"]}}],"collection":[{"href":"https:\/\/azturismo.net\/index.php?rest_route=\/wp\/v2\/posts"}],"about":[{"href":"https:\/\/azturismo.net\/index.php?rest_route=\/wp\/v2\/types\/post"}],"author":[{"embeddable":true,"href":"https:\/\/azturismo.net\/index.php?rest_route=\/wp\/v2\/users\/1"}],"replies":[{"embeddable":true,"href":"https:\/\/azturismo.net\/index.php?rest_route=%2Fwp%2Fv2%2Fcomments&post=6297"}],"version-history":[{"count":1,"href":"https:\/\/azturismo.net\/index.php?rest_route=\/wp\/v2\/posts\/6297\/revisions"}],"predecessor-version":[{"id":6302,"href":"https:\/\/azturismo.net\/index.php?rest_route=\/wp\/v2\/posts\/6297\/revisions\/6302"}],"wp:featuredmedia":[{"embeddable":true,"href":"https:\/\/azturismo.net\/index.php?rest_route=\/wp\/v2\/media\/6298"}],"wp:attachment":[{"href":"https:\/\/azturismo.net\/index.php?rest_route=%2Fwp%2Fv2%2Fmedia&parent=6297"}],"wp:term":[{"taxonomy":"category","embeddable":true,"href":"https:\/\/azturismo.net\/index.php?rest_route=%2Fwp%2Fv2%2Fcategories&post=6297"},{"taxonomy":"post_tag","embeddable":true,"href":"https:\/\/azturismo.net\/index.php?rest_route=%2Fwp%2Fv2%2Ftags&post=6297"}],"curies":[{"name":"wp","href":"https:\/\/api.w.org\/{rel}","templated":true}]}}