{"id":6291,"date":"2025-11-06T20:30:00","date_gmt":"2025-11-07T02:30:00","guid":{"rendered":"https:\/\/azturismo.net\/?p=6291"},"modified":"2025-11-06T20:27:26","modified_gmt":"2025-11-07T02:27:26","slug":"josefina-rodriguez-invita-a-redescubrir-la-magia-de-los-177-pueblos-magicos","status":"publish","type":"post","link":"https:\/\/azturismo.net\/?p=6291","title":{"rendered":"Josefina Rodr\u00edguez invita a redescubrir la magia de los 177 Pueblos M\u00e1gicos"},"content":{"rendered":"\n<p>Por Oscar V\u00e1zquez C.<\/p>\n\n\n\n<p><strong>Real del Monte y Pachuca se preparan para convertirse en el coraz\u00f3n tur\u00edstico de M\u00e9xico del 13 al 16 de noviembre de 2025<\/strong>, durante la celebraci\u00f3n del <strong>S\u00e9ptimo Tianguis Nacional de Pueblos M\u00e1gicos<\/strong>, un encuentro cultural, gastron\u00f3mico y artesanal que, por primera vez, tendr\u00e1 su inauguraci\u00f3n en un Pueblo M\u00e1gico: <strong>Real del Monte<\/strong>.<\/p>\n\n\n\n<p>La secretaria de Turismo del Gobierno de M\u00e9xico, <strong>Josefina Rodr\u00edguez Zamora<\/strong>, junto con el subsecretario de Turismo de Hidalgo, <strong>Salvador Navarrete Zorrilla<\/strong>, anunciaron los detalles de este evento que reunir\u00e1 a los <strong>177 Pueblos M\u00e1gicos<\/strong> del pa\u00eds en un espacio gratuito y abierto al p\u00fablico.<\/p>\n\n\n\n<h3 class=\"wp-block-heading\"><strong>Una vitrina viviente de M\u00e9xico<\/strong><\/h3>\n\n\n\n<p>Rodr\u00edguez Zamora destac\u00f3 que el Tianguis es una oportunidad \u00fanica para reencontrarse con la identidad cultural del pa\u00eds: \u201ces gratuito y para todas y todos. No hay que registrarse. Solo llegar, recorrer los 177 stands y descubrir la diversidad gastron\u00f3mica, artesanal y cultural que nos hace \u00fanicos\u201d.<\/p>\n\n\n\n<p>A trav\u00e9s de un <strong>c\u00f3digo QR<\/strong>, las y los asistentes podr\u00e1n consultar:<\/p>\n\n\n<div class=\"wp-block-image\">\n<figure class=\"alignleft size-full is-resized\"><img data-recalc-dims=\"1\" loading=\"lazy\" decoding=\"async\" width=\"600\" height=\"685\" data-attachment-id=\"6292\" data-permalink=\"https:\/\/azturismo.net\/?attachment_id=6292\" data-orig-file=\"https:\/\/i0.wp.com\/azturismo.net\/wp-content\/uploads\/2025\/11\/QR.jpg?fit=600%2C685&amp;ssl=1\" data-orig-size=\"600,685\" data-comments-opened=\"1\" data-image-meta=\"{&quot;aperture&quot;:&quot;0&quot;,&quot;credit&quot;:&quot;&quot;,&quot;camera&quot;:&quot;&quot;,&quot;caption&quot;:&quot;&quot;,&quot;created_timestamp&quot;:&quot;0&quot;,&quot;copyright&quot;:&quot;&quot;,&quot;focal_length&quot;:&quot;0&quot;,&quot;iso&quot;:&quot;0&quot;,&quot;shutter_speed&quot;:&quot;0&quot;,&quot;title&quot;:&quot;&quot;,&quot;orientation&quot;:&quot;1&quot;}\" data-image-title=\"QR\" data-image-description=\"\" data-image-caption=\"\" data-large-file=\"https:\/\/i0.wp.com\/azturismo.net\/wp-content\/uploads\/2025\/11\/QR.jpg?fit=600%2C685&amp;ssl=1\" src=\"https:\/\/i0.wp.com\/azturismo.net\/wp-content\/uploads\/2025\/11\/QR.jpg?resize=600%2C685&#038;ssl=1\" alt=\"\" class=\"wp-image-6292\" style=\"width:295px;height:auto\" srcset=\"https:\/\/i0.wp.com\/azturismo.net\/wp-content\/uploads\/2025\/11\/QR.jpg?w=600&amp;ssl=1 600w, https:\/\/i0.wp.com\/azturismo.net\/wp-content\/uploads\/2025\/11\/QR.jpg?resize=263%2C300&amp;ssl=1 263w, https:\/\/i0.wp.com\/azturismo.net\/wp-content\/uploads\/2025\/11\/QR.jpg?resize=150%2C171&amp;ssl=1 150w, https:\/\/i0.wp.com\/azturismo.net\/wp-content\/uploads\/2025\/11\/QR.jpg?resize=300%2C343&amp;ssl=1 300w\" sizes=\"auto, (max-width: 600px) 100vw, 600px\" \/><\/figure><\/div>\n\n\n<ul class=\"wp-block-list\">\n<li>La <strong>gu\u00eda completa del evento<\/strong><\/li>\n\n\n\n<li>El <strong>mapa de pabellones por regi\u00f3n<\/strong><\/li>\n\n\n\n<li>El <strong>calendario cultural<\/strong>, que incluir\u00e1 m\u00e1s de <strong>400 presentaciones art\u00edsticas<\/strong><\/li>\n<\/ul>\n\n\n\n<p>Adem\u00e1s, se impartir\u00e1n conferencias de profesionalizaci\u00f3n para representantes de los Pueblos M\u00e1gicos, abordando temas como <strong>turismo deportivo<\/strong>, <strong>digitalizaci\u00f3n<\/strong> y fortalecimiento local.<\/p>\n\n\n\n<h3 class=\"wp-block-heading\"><strong>Un impulso directo a la econom\u00eda local<\/strong><\/h3>\n\n\n\n<p>Este encuentro permitir\u00e1 que artesanos, cocineras tradicionales, productores, hoteleros y gu\u00edas de turismo obtengan beneficios directos de sus ventas y negociaciones. Se prev\u00e9n <strong>m\u00e1s de 12 mil citas de negocios<\/strong>, con la participaci\u00f3n de:<\/p>\n\n\n\n<ul class=\"wp-block-list\">\n<li><strong>90 compradores internacionales<\/strong><\/li>\n\n\n\n<li>Entre ellos, <strong>15 provenientes de Estados Unidos<\/strong><\/li>\n\n\n\n<li>Delegaciones de los <strong>32 estados del pa\u00eds<\/strong><\/li>\n<\/ul>\n\n\n\n<h3 class=\"wp-block-heading\"><strong>Hidalgo: s\u00edmbolo de hospitalidad, historia y tradici\u00f3n<\/strong><\/h3>\n\n\n\n<p>Real del Monte ser\u00e1 sede del acto inaugural y de actividades especiales relacionadas con el <strong>Mundial 2026<\/strong>. Uno de los momentos m\u00e1s esperados ser\u00e1 el <strong>primer evento futbol\u00edstico oficial en un Pueblo M\u00e1gico<\/strong>, acompa\u00f1ado de una jornada medi\u00e1tica en el <strong>Museo del F\u00fatbol<\/strong>.<\/p>\n\n\n\n<p>En el recinto ferial de Pachuca, adem\u00e1s, <strong>100 artesanos y 15 productores hidalguenses<\/strong> ofrecer\u00e1n caf\u00e9, miel, quesos, destilados, aceite de oliva y productos elaborados con nopal, reflejando la riqueza agr\u00edcola del estado.<\/p>\n\n\n\n<h3 class=\"wp-block-heading\"><strong>Evaluaci\u00f3n nacional rumbo a 2027<\/strong><\/h3>\n\n\n\n<p>Durante el Tianguis, se presentar\u00e1 la <strong>primera evaluaci\u00f3n de la Estrategia Nacional para el Fortalecimiento de los Pueblos M\u00e1gicos<\/strong>, que permitir\u00e1 identificar:<\/p>\n\n\n\n<ul class=\"wp-block-list\">\n<li>Cu\u00e1les destinos est\u00e1n <strong>consolidados<\/strong><\/li>\n\n\n\n<li>Cu\u00e1les se encuentran <strong>en desarrollo<\/strong><\/li>\n\n\n\n<li>Y cu\u00e1les requieren apoyo <strong>emergente<\/strong><\/li>\n<\/ul>\n\n\n\n<p>Esto ser\u00e1 clave para planificar la pol\u00edtica tur\u00edstica hacia 2027.<\/p>\n\n\n\n<h2 class=\"wp-block-heading\"><strong>Un llamado a redescubrir M\u00e9xico<\/strong><\/h2>\n\n\n\n<p>El <strong>Tianguis Nacional de Pueblos M\u00e1gicos 2025<\/strong> no solo es una feria; es una celebraci\u00f3n de nuestras ra\u00edces, tradiciones y futuro.<\/p>\n\n\n<div class=\"wp-block-image\">\n<figure class=\"aligncenter size-full is-resized\"><img data-recalc-dims=\"1\" loading=\"lazy\" decoding=\"async\" width=\"600\" height=\"334\" data-attachment-id=\"6294\" data-permalink=\"https:\/\/azturismo.net\/?attachment_id=6294\" data-orig-file=\"https:\/\/i0.wp.com\/azturismo.net\/wp-content\/uploads\/2025\/11\/JulioMenchaca.jpeg?fit=600%2C334&amp;ssl=1\" data-orig-size=\"600,334\" data-comments-opened=\"1\" data-image-meta=\"{&quot;aperture&quot;:&quot;0&quot;,&quot;credit&quot;:&quot;&quot;,&quot;camera&quot;:&quot;&quot;,&quot;caption&quot;:&quot;&quot;,&quot;created_timestamp&quot;:&quot;0&quot;,&quot;copyright&quot;:&quot;&quot;,&quot;focal_length&quot;:&quot;0&quot;,&quot;iso&quot;:&quot;0&quot;,&quot;shutter_speed&quot;:&quot;0&quot;,&quot;title&quot;:&quot;&quot;,&quot;orientation&quot;:&quot;1&quot;}\" data-image-title=\"JulioMenchaca\" data-image-description=\"\" data-image-caption=\"\" data-large-file=\"https:\/\/i0.wp.com\/azturismo.net\/wp-content\/uploads\/2025\/11\/JulioMenchaca.jpeg?fit=600%2C334&amp;ssl=1\" src=\"https:\/\/i0.wp.com\/azturismo.net\/wp-content\/uploads\/2025\/11\/JulioMenchaca.jpeg?resize=600%2C334&#038;ssl=1\" alt=\"\" class=\"wp-image-6294\" style=\"width:766px;height:auto\" srcset=\"https:\/\/i0.wp.com\/azturismo.net\/wp-content\/uploads\/2025\/11\/JulioMenchaca.jpeg?w=600&amp;ssl=1 600w, https:\/\/i0.wp.com\/azturismo.net\/wp-content\/uploads\/2025\/11\/JulioMenchaca.jpeg?resize=300%2C167&amp;ssl=1 300w, https:\/\/i0.wp.com\/azturismo.net\/wp-content\/uploads\/2025\/11\/JulioMenchaca.jpeg?resize=150%2C84&amp;ssl=1 150w\" sizes=\"auto, (max-width: 600px) 100vw, 600px\" \/><\/figure><\/div>\n\n\n<p>Hidalgo, con sus calles empedradas, monta\u00f1as cubiertas de niebla y sabor a pastes, se prepara para recibir a M\u00e9xico y al mundo.<\/p>\n\n\n\n<p><strong>La invitaci\u00f3n est\u00e1 abierta. La magia ya espera.<\/strong><\/p>\n\n\n\n<p><\/p>\n","protected":false},"excerpt":{"rendered":"<p>Por Oscar V\u00e1zquez C. Real del Monte y Pachuca se preparan para convertirse en el coraz\u00f3n tur\u00edstico de M\u00e9xico del 13 al 16 de noviembre de 2025, durante la celebraci\u00f3n del S\u00e9ptimo Tianguis Nacional de Pueblos M\u00e1gicos, un encuentro cultural, gastron\u00f3mico y artesanal que, por primera vez, tendr\u00e1 su inauguraci\u00f3n en un Pueblo M\u00e1gico: Real [&hellip;]<\/p>\n","protected":false},"author":1,"featured_media":6293,"comment_status":"open","ping_status":"open","sticky":false,"template":"","format":"standard","meta":{"jetpack_post_was_ever_published":false,"_jetpack_newsletter_access":"","_jetpack_dont_email_post_to_subs":false,"_jetpack_newsletter_tier_id":0,"_jetpack_memberships_contains_paywalled_content":false,"_jetpack_memberships_contains_paid_content":false,"footnotes":"","jetpack_publicize_message":"","jetpack_publicize_feature_enabled":true,"jetpack_social_post_already_shared":true,"jetpack_social_options":{"image_generator_settings":{"template":"highway","default_image_id":0,"font":"","enabled":false},"version":2}},"categories":[30,29],"tags":[99,2553,481,3014,116,3013],"class_list":{"0":"post-6291","1":"post","2":"type-post","3":"status-publish","4":"format-standard","5":"has-post-thumbnail","7":"category-e","8":"category-nacionales","9":"tag-azturismo","10":"tag-julio-menchaca","11":"tag-pueblos-magicos","12":"tag-real-del-monte","13":"tag-sectur","14":"tag-septimo-tianguis-nacional-de-pueblos-magicos"},"yoast_head":"<!-- This site is optimized with the Yoast SEO plugin v27.5 - https:\/\/yoast.com\/product\/yoast-seo-wordpress\/ -->\n<title>Josefina Rodr\u00edguez invita a redescubrir la magia de los 177 Pueblos M\u00e1gicos - Azturismo Noticias<\/title>\n<meta name=\"description\" content=\"Real del Monte y Pachuca se preparan para convertirse en el coraz\u00f3n tur\u00edstico de M\u00e9xico del 13 al 16 de noviembre de 2025, durante la celebraci\u00f3n del S\u00e9ptimo Tianguis Nacional de Pueblos M\u00e1gicos, un encuentro cultural, gastron\u00f3mico y artesanal que, por primera vez, tendr\u00e1 su inauguraci\u00f3n en un Pueblo M\u00e1gico: Real del Monte.\" \/>\n<meta name=\"robots\" content=\"index, follow, max-snippet:-1, max-image-preview:large, max-video-preview:-1\" \/>\n<link rel=\"canonical\" href=\"https:\/\/azturismo.net\/?p=6291\" \/>\n<meta property=\"og:locale\" content=\"es_MX\" \/>\n<meta property=\"og:type\" content=\"article\" \/>\n<meta property=\"og:title\" content=\"Josefina Rodr\u00edguez invita a redescubrir la magia de los 177 Pueblos M\u00e1gicos - Azturismo Noticias\" \/>\n<meta property=\"og:description\" content=\"Real del Monte y Pachuca se preparan para convertirse en el coraz\u00f3n tur\u00edstico de M\u00e9xico del 13 al 16 de noviembre de 2025, durante la celebraci\u00f3n del S\u00e9ptimo Tianguis Nacional de Pueblos M\u00e1gicos, un encuentro cultural, gastron\u00f3mico y artesanal que, por primera vez, tendr\u00e1 su inauguraci\u00f3n en un Pueblo M\u00e1gico: Real del Monte.\" \/>\n<meta property=\"og:url\" content=\"https:\/\/azturismo.net\/?p=6291\" \/>\n<meta property=\"og:site_name\" content=\"Azturismo Noticias\" \/>\n<meta property=\"article:publisher\" content=\"https:\/\/www.facebook.com\/AzturismoNoticias\" \/>\n<meta property=\"article:published_time\" content=\"2025-11-07T02:30:00+00:00\" \/>\n<meta property=\"og:image\" content=\"https:\/\/i0.wp.com\/azturismo.net\/wp-content\/uploads\/2025\/11\/Sectur-TianguisPueblosMagicos2025.jpg?fit=600%2C400&ssl=1\" \/>\n\t<meta property=\"og:image:width\" content=\"600\" \/>\n\t<meta property=\"og:image:height\" content=\"400\" \/>\n\t<meta property=\"og:image:type\" content=\"image\/jpeg\" \/>\n<meta name=\"author\" content=\"Azturismo\" \/>\n<meta name=\"twitter:card\" content=\"summary_large_image\" \/>\n<meta name=\"twitter:creator\" content=\"@AzTurismo\" \/>\n<meta name=\"twitter:site\" content=\"@AzTurismo\" \/>\n<meta name=\"twitter:label1\" content=\"Escrito por\" \/>\n\t<meta name=\"twitter:data1\" content=\"Azturismo\" \/>\n\t<meta name=\"twitter:label2\" content=\"Tiempo de lectura\" \/>\n\t<meta name=\"twitter:data2\" content=\"3 minutos\" \/>\n<script type=\"application\/ld+json\" class=\"yoast-schema-graph\">{\"@context\":\"https:\\\/\\\/schema.org\",\"@graph\":[{\"@type\":\"Article\",\"@id\":\"https:\\\/\\\/azturismo.net\\\/?p=6291#article\",\"isPartOf\":{\"@id\":\"https:\\\/\\\/azturismo.net\\\/?p=6291\"},\"author\":{\"name\":\"Azturismo\",\"@id\":\"https:\\\/\\\/azturismo.net\\\/#\\\/schema\\\/person\\\/4b56d87f51c4d1b518c650739ad3bbc1\"},\"headline\":\"Josefina Rodr\u00edguez invita a redescubrir la magia de los 177 Pueblos M\u00e1gicos\",\"datePublished\":\"2025-11-07T02:30:00+00:00\",\"mainEntityOfPage\":{\"@id\":\"https:\\\/\\\/azturismo.net\\\/?p=6291\"},\"wordCount\":516,\"commentCount\":0,\"publisher\":{\"@id\":\"https:\\\/\\\/azturismo.net\\\/#organization\"},\"image\":{\"@id\":\"https:\\\/\\\/azturismo.net\\\/?p=6291#primaryimage\"},\"thumbnailUrl\":\"https:\\\/\\\/i0.wp.com\\\/azturismo.net\\\/wp-content\\\/uploads\\\/2025\\\/11\\\/Sectur-TianguisPueblosMagicos2025.jpg?fit=600%2C400&ssl=1\",\"keywords\":[\"azturismo\",\"Julio Menchaca\",\"pueblos m\u00e1gicos\",\"Real del Monte\",\"Sectur\",\"S\u00e9ptimo Tianguis Nacional de Pueblos M\u00e1gicos\"],\"articleSection\":[\"Destacadas\",\"NACIONALES\"],\"inLanguage\":\"es\",\"potentialAction\":[{\"@type\":\"CommentAction\",\"name\":\"Comment\",\"target\":[\"https:\\\/\\\/azturismo.net\\\/?p=6291#respond\"]}]},{\"@type\":\"WebPage\",\"@id\":\"https:\\\/\\\/azturismo.net\\\/?p=6291\",\"url\":\"https:\\\/\\\/azturismo.net\\\/?p=6291\",\"name\":\"Josefina Rodr\u00edguez invita a redescubrir la magia de los 177 Pueblos M\u00e1gicos - Azturismo Noticias\",\"isPartOf\":{\"@id\":\"https:\\\/\\\/azturismo.net\\\/#website\"},\"primaryImageOfPage\":{\"@id\":\"https:\\\/\\\/azturismo.net\\\/?p=6291#primaryimage\"},\"image\":{\"@id\":\"https:\\\/\\\/azturismo.net\\\/?p=6291#primaryimage\"},\"thumbnailUrl\":\"https:\\\/\\\/i0.wp.com\\\/azturismo.net\\\/wp-content\\\/uploads\\\/2025\\\/11\\\/Sectur-TianguisPueblosMagicos2025.jpg?fit=600%2C400&ssl=1\",\"datePublished\":\"2025-11-07T02:30:00+00:00\",\"description\":\"Real del Monte y Pachuca se preparan para convertirse en el coraz\u00f3n tur\u00edstico de M\u00e9xico del 13 al 16 de noviembre de 2025, durante la celebraci\u00f3n del S\u00e9ptimo Tianguis Nacional de Pueblos M\u00e1gicos, un encuentro cultural, gastron\u00f3mico y artesanal que, por primera vez, tendr\u00e1 su inauguraci\u00f3n en un Pueblo M\u00e1gico: Real del Monte.\",\"breadcrumb\":{\"@id\":\"https:\\\/\\\/azturismo.net\\\/?p=6291#breadcrumb\"},\"inLanguage\":\"es\",\"potentialAction\":[{\"@type\":\"ReadAction\",\"target\":[\"https:\\\/\\\/azturismo.net\\\/?p=6291\"]}]},{\"@type\":\"ImageObject\",\"inLanguage\":\"es\",\"@id\":\"https:\\\/\\\/azturismo.net\\\/?p=6291#primaryimage\",\"url\":\"https:\\\/\\\/i0.wp.com\\\/azturismo.net\\\/wp-content\\\/uploads\\\/2025\\\/11\\\/Sectur-TianguisPueblosMagicos2025.jpg?fit=600%2C400&ssl=1\",\"contentUrl\":\"https:\\\/\\\/i0.wp.com\\\/azturismo.net\\\/wp-content\\\/uploads\\\/2025\\\/11\\\/Sectur-TianguisPueblosMagicos2025.jpg?fit=600%2C400&ssl=1\",\"width\":600,\"height\":400},{\"@type\":\"BreadcrumbList\",\"@id\":\"https:\\\/\\\/azturismo.net\\\/?p=6291#breadcrumb\",\"itemListElement\":[{\"@type\":\"ListItem\",\"position\":1,\"name\":\"Home\",\"item\":\"https:\\\/\\\/azturismo.net\\\/\"},{\"@type\":\"ListItem\",\"position\":2,\"name\":\"Josefina Rodr\u00edguez invita a redescubrir la magia de los 177 Pueblos M\u00e1gicos\"}]},{\"@type\":\"WebSite\",\"@id\":\"https:\\\/\\\/azturismo.net\\\/#website\",\"url\":\"https:\\\/\\\/azturismo.net\\\/\",\"name\":\"Azturismo\",\"description\":\"Azturismo Noticias\",\"publisher\":{\"@id\":\"https:\\\/\\\/azturismo.net\\\/#organization\"},\"potentialAction\":[{\"@type\":\"SearchAction\",\"target\":{\"@type\":\"EntryPoint\",\"urlTemplate\":\"https:\\\/\\\/azturismo.net\\\/?s={search_term_string}\"},\"query-input\":{\"@type\":\"PropertyValueSpecification\",\"valueRequired\":true,\"valueName\":\"search_term_string\"}}],\"inLanguage\":\"es\"},{\"@type\":\"Organization\",\"@id\":\"https:\\\/\\\/azturismo.net\\\/#organization\",\"name\":\"Azturismo\",\"url\":\"https:\\\/\\\/azturismo.net\\\/\",\"logo\":{\"@type\":\"ImageObject\",\"inLanguage\":\"es\",\"@id\":\"https:\\\/\\\/azturismo.net\\\/#\\\/schema\\\/logo\\\/image\\\/\",\"url\":\"https:\\\/\\\/i0.wp.com\\\/azturismo.net\\\/wp-content\\\/uploads\\\/2024\\\/03\\\/logo-el-bueno-.png?fit=294%2C69&ssl=1\",\"contentUrl\":\"https:\\\/\\\/i0.wp.com\\\/azturismo.net\\\/wp-content\\\/uploads\\\/2024\\\/03\\\/logo-el-bueno-.png?fit=294%2C69&ssl=1\",\"width\":294,\"height\":69,\"caption\":\"Azturismo\"},\"image\":{\"@id\":\"https:\\\/\\\/azturismo.net\\\/#\\\/schema\\\/logo\\\/image\\\/\"},\"sameAs\":[\"https:\\\/\\\/www.facebook.com\\\/AzturismoNoticias\",\"https:\\\/\\\/x.com\\\/AzTurismo\",\"https:\\\/\\\/www.instagram.com\\\/azturismo_noticias\\\/?fbclid=IwAR2xMiuoHbs6eLeIHKP8P5sSGa-xFrw7FfejscXO7kDghWa7wKLjGczKOwE\",\"https:\\\/\\\/www.tiktok.com\\\/@azturismo\"]},{\"@type\":\"Person\",\"@id\":\"https:\\\/\\\/azturismo.net\\\/#\\\/schema\\\/person\\\/4b56d87f51c4d1b518c650739ad3bbc1\",\"name\":\"Azturismo\",\"image\":{\"@type\":\"ImageObject\",\"inLanguage\":\"es\",\"@id\":\"https:\\\/\\\/azturismo.net\\\/wp-content\\\/litespeed\\\/avatar\\\/dfe28a31cdd68b788da48a316e50db10.jpg?ver=1777707566\",\"url\":\"https:\\\/\\\/azturismo.net\\\/wp-content\\\/litespeed\\\/avatar\\\/dfe28a31cdd68b788da48a316e50db10.jpg?ver=1777707566\",\"contentUrl\":\"https:\\\/\\\/azturismo.net\\\/wp-content\\\/litespeed\\\/avatar\\\/dfe28a31cdd68b788da48a316e50db10.jpg?ver=1777707566\",\"caption\":\"Azturismo\"},\"sameAs\":[\"https:\\\/\\\/azturismo.net\"],\"url\":\"https:\\\/\\\/azturismo.net\\\/?author=1\"}]}<\/script>\n<!-- \/ Yoast SEO plugin. -->","yoast_head_json":{"title":"Josefina Rodr\u00edguez invita a redescubrir la magia de los 177 Pueblos M\u00e1gicos - Azturismo Noticias","description":"Real del Monte y Pachuca se preparan para convertirse en el coraz\u00f3n tur\u00edstico de M\u00e9xico del 13 al 16 de noviembre de 2025, durante la celebraci\u00f3n del S\u00e9ptimo Tianguis Nacional de Pueblos M\u00e1gicos, un encuentro cultural, gastron\u00f3mico y artesanal que, por primera vez, tendr\u00e1 su inauguraci\u00f3n en un Pueblo M\u00e1gico: Real del Monte.","robots":{"index":"index","follow":"follow","max-snippet":"max-snippet:-1","max-image-preview":"max-image-preview:large","max-video-preview":"max-video-preview:-1"},"canonical":"https:\/\/azturismo.net\/?p=6291","og_locale":"es_MX","og_type":"article","og_title":"Josefina Rodr\u00edguez invita a redescubrir la magia de los 177 Pueblos M\u00e1gicos - Azturismo Noticias","og_description":"Real del Monte y Pachuca se preparan para convertirse en el coraz\u00f3n tur\u00edstico de M\u00e9xico del 13 al 16 de noviembre de 2025, durante la celebraci\u00f3n del S\u00e9ptimo Tianguis Nacional de Pueblos M\u00e1gicos, un encuentro cultural, gastron\u00f3mico y artesanal que, por primera vez, tendr\u00e1 su inauguraci\u00f3n en un Pueblo M\u00e1gico: Real del Monte.","og_url":"https:\/\/azturismo.net\/?p=6291","og_site_name":"Azturismo Noticias","article_publisher":"https:\/\/www.facebook.com\/AzturismoNoticias","article_published_time":"2025-11-07T02:30:00+00:00","og_image":[{"width":600,"height":400,"url":"https:\/\/i0.wp.com\/azturismo.net\/wp-content\/uploads\/2025\/11\/Sectur-TianguisPueblosMagicos2025.jpg?fit=600%2C400&ssl=1","type":"image\/jpeg"}],"author":"Azturismo","twitter_card":"summary_large_image","twitter_creator":"@AzTurismo","twitter_site":"@AzTurismo","twitter_misc":{"Escrito por":"Azturismo","Tiempo de lectura":"3 minutos"},"schema":{"@context":"https:\/\/schema.org","@graph":[{"@type":"Article","@id":"https:\/\/azturismo.net\/?p=6291#article","isPartOf":{"@id":"https:\/\/azturismo.net\/?p=6291"},"author":{"name":"Azturismo","@id":"https:\/\/azturismo.net\/#\/schema\/person\/4b56d87f51c4d1b518c650739ad3bbc1"},"headline":"Josefina Rodr\u00edguez invita a redescubrir la magia de los 177 Pueblos M\u00e1gicos","datePublished":"2025-11-07T02:30:00+00:00","mainEntityOfPage":{"@id":"https:\/\/azturismo.net\/?p=6291"},"wordCount":516,"commentCount":0,"publisher":{"@id":"https:\/\/azturismo.net\/#organization"},"image":{"@id":"https:\/\/azturismo.net\/?p=6291#primaryimage"},"thumbnailUrl":"https:\/\/i0.wp.com\/azturismo.net\/wp-content\/uploads\/2025\/11\/Sectur-TianguisPueblosMagicos2025.jpg?fit=600%2C400&ssl=1","keywords":["azturismo","Julio Menchaca","pueblos m\u00e1gicos","Real del Monte","Sectur","S\u00e9ptimo Tianguis Nacional de Pueblos M\u00e1gicos"],"articleSection":["Destacadas","NACIONALES"],"inLanguage":"es","potentialAction":[{"@type":"CommentAction","name":"Comment","target":["https:\/\/azturismo.net\/?p=6291#respond"]}]},{"@type":"WebPage","@id":"https:\/\/azturismo.net\/?p=6291","url":"https:\/\/azturismo.net\/?p=6291","name":"Josefina Rodr\u00edguez invita a redescubrir la magia de los 177 Pueblos M\u00e1gicos - Azturismo Noticias","isPartOf":{"@id":"https:\/\/azturismo.net\/#website"},"primaryImageOfPage":{"@id":"https:\/\/azturismo.net\/?p=6291#primaryimage"},"image":{"@id":"https:\/\/azturismo.net\/?p=6291#primaryimage"},"thumbnailUrl":"https:\/\/i0.wp.com\/azturismo.net\/wp-content\/uploads\/2025\/11\/Sectur-TianguisPueblosMagicos2025.jpg?fit=600%2C400&ssl=1","datePublished":"2025-11-07T02:30:00+00:00","description":"Real del Monte y Pachuca se preparan para convertirse en el coraz\u00f3n tur\u00edstico de M\u00e9xico del 13 al 16 de noviembre de 2025, durante la celebraci\u00f3n del S\u00e9ptimo Tianguis Nacional de Pueblos M\u00e1gicos, un encuentro cultural, gastron\u00f3mico y artesanal que, por primera vez, tendr\u00e1 su inauguraci\u00f3n en un Pueblo M\u00e1gico: Real del Monte.","breadcrumb":{"@id":"https:\/\/azturismo.net\/?p=6291#breadcrumb"},"inLanguage":"es","potentialAction":[{"@type":"ReadAction","target":["https:\/\/azturismo.net\/?p=6291"]}]},{"@type":"ImageObject","inLanguage":"es","@id":"https:\/\/azturismo.net\/?p=6291#primaryimage","url":"https:\/\/i0.wp.com\/azturismo.net\/wp-content\/uploads\/2025\/11\/Sectur-TianguisPueblosMagicos2025.jpg?fit=600%2C400&ssl=1","contentUrl":"https:\/\/i0.wp.com\/azturismo.net\/wp-content\/uploads\/2025\/11\/Sectur-TianguisPueblosMagicos2025.jpg?fit=600%2C400&ssl=1","width":600,"height":400},{"@type":"BreadcrumbList","@id":"https:\/\/azturismo.net\/?p=6291#breadcrumb","itemListElement":[{"@type":"ListItem","position":1,"name":"Home","item":"https:\/\/azturismo.net\/"},{"@type":"ListItem","position":2,"name":"Josefina Rodr\u00edguez invita a redescubrir la magia de los 177 Pueblos M\u00e1gicos"}]},{"@type":"WebSite","@id":"https:\/\/azturismo.net\/#website","url":"https:\/\/azturismo.net\/","name":"Azturismo","description":"Azturismo Noticias","publisher":{"@id":"https:\/\/azturismo.net\/#organization"},"potentialAction":[{"@type":"SearchAction","target":{"@type":"EntryPoint","urlTemplate":"https:\/\/azturismo.net\/?s={search_term_string}"},"query-input":{"@type":"PropertyValueSpecification","valueRequired":true,"valueName":"search_term_string"}}],"inLanguage":"es"},{"@type":"Organization","@id":"https:\/\/azturismo.net\/#organization","name":"Azturismo","url":"https:\/\/azturismo.net\/","logo":{"@type":"ImageObject","inLanguage":"es","@id":"https:\/\/azturismo.net\/#\/schema\/logo\/image\/","url":"https:\/\/i0.wp.com\/azturismo.net\/wp-content\/uploads\/2024\/03\/logo-el-bueno-.png?fit=294%2C69&ssl=1","contentUrl":"https:\/\/i0.wp.com\/azturismo.net\/wp-content\/uploads\/2024\/03\/logo-el-bueno-.png?fit=294%2C69&ssl=1","width":294,"height":69,"caption":"Azturismo"},"image":{"@id":"https:\/\/azturismo.net\/#\/schema\/logo\/image\/"},"sameAs":["https:\/\/www.facebook.com\/AzturismoNoticias","https:\/\/x.com\/AzTurismo","https:\/\/www.instagram.com\/azturismo_noticias\/?fbclid=IwAR2xMiuoHbs6eLeIHKP8P5sSGa-xFrw7FfejscXO7kDghWa7wKLjGczKOwE","https:\/\/www.tiktok.com\/@azturismo"]},{"@type":"Person","@id":"https:\/\/azturismo.net\/#\/schema\/person\/4b56d87f51c4d1b518c650739ad3bbc1","name":"Azturismo","image":{"@type":"ImageObject","inLanguage":"es","@id":"https:\/\/azturismo.net\/wp-content\/litespeed\/avatar\/dfe28a31cdd68b788da48a316e50db10.jpg?ver=1777707566","url":"https:\/\/azturismo.net\/wp-content\/litespeed\/avatar\/dfe28a31cdd68b788da48a316e50db10.jpg?ver=1777707566","contentUrl":"https:\/\/azturismo.net\/wp-content\/litespeed\/avatar\/dfe28a31cdd68b788da48a316e50db10.jpg?ver=1777707566","caption":"Azturismo"},"sameAs":["https:\/\/azturismo.net"],"url":"https:\/\/azturismo.net\/?author=1"}]}},"jetpack_publicize_connections":[],"jetpack_featured_media_url":"https:\/\/i0.wp.com\/azturismo.net\/wp-content\/uploads\/2025\/11\/Sectur-TianguisPueblosMagicos2025.jpg?fit=600%2C400&ssl=1","jetpack_sharing_enabled":true,"jetpack-related-posts":[{"id":6508,"url":"https:\/\/azturismo.net\/?p=6508","url_meta":{"origin":6291,"position":0},"title":"Inici\u00f3 la magia en Real del Monte","author":"Azturismo","date":"noviembre 15, 2025","format":false,"excerpt":"Por Oscar V\u00e1zquez C. En Real del Monte, donde las calles empedradas cuentan historias y el aroma a pastes recibe a cada visitante, comenz\u00f3 un nuevo cap\u00edtulo para el turismo mexicano. Ah\u00ed, entre monta\u00f1as y neblina, la secretaria de Turismo federal, Josefina Rodr\u00edguez Zamora, y el gobernador de Hidalgo, Julio\u2026","rel":"","context":"En &quot;Destacadas&quot;","block_context":{"text":"Destacadas","link":"https:\/\/azturismo.net\/?cat=30"},"img":{"alt_text":"","src":"https:\/\/i0.wp.com\/azturismo.net\/wp-content\/uploads\/2025\/11\/pueblosmagicos-realdelmonte.jpg?fit=600%2C400&ssl=1&resize=350%2C200","width":350,"height":200,"srcset":"https:\/\/i0.wp.com\/azturismo.net\/wp-content\/uploads\/2025\/11\/pueblosmagicos-realdelmonte.jpg?fit=600%2C400&ssl=1&resize=350%2C200 1x, https:\/\/i0.wp.com\/azturismo.net\/wp-content\/uploads\/2025\/11\/pueblosmagicos-realdelmonte.jpg?fit=600%2C400&ssl=1&resize=525%2C300 1.5x"},"classes":[]},{"id":6434,"url":"https:\/\/azturismo.net\/?p=6434","url_meta":{"origin":6291,"position":1},"title":"Arranca en Hidalgo, el Tianguis Nacional de Pueblos M\u00e1gicos 2025","author":"Azturismo","date":"noviembre 14, 2025","format":false,"excerpt":"Por Oscar V\u00e1zquez C. Hidalgo se convirti\u00f3 hoy en el coraz\u00f3n del turismo nacional con el arranque oficial del Tianguis Nacional de Pueblos M\u00e1gicos 2025, un encuentro hist\u00f3rico que re\u00fane \u2014como nunca antes\u2014 a los 32 estados de la Rep\u00fablica y a las 177 localidades que dan vida a este\u2026","rel":"","context":"En &quot;Destacadas&quot;","block_context":{"text":"Destacadas","link":"https:\/\/azturismo.net\/?cat=30"},"img":{"alt_text":"","src":"https:\/\/i0.wp.com\/azturismo.net\/wp-content\/uploads\/2025\/11\/Sectur-TianguisPueblosMagicos2025-.jpg?fit=600%2C400&ssl=1&resize=350%2C200","width":350,"height":200,"srcset":"https:\/\/i0.wp.com\/azturismo.net\/wp-content\/uploads\/2025\/11\/Sectur-TianguisPueblosMagicos2025-.jpg?fit=600%2C400&ssl=1&resize=350%2C200 1x, https:\/\/i0.wp.com\/azturismo.net\/wp-content\/uploads\/2025\/11\/Sectur-TianguisPueblosMagicos2025-.jpg?fit=600%2C400&ssl=1&resize=525%2C300 1.5x"},"classes":[]},{"id":3002,"url":"https:\/\/azturismo.net\/?p=3002","url_meta":{"origin":6291,"position":2},"title":"El Tianguis Tur\u00edstico 2025 ser\u00e1 binacional, M\u00e9xico-EU: Sectur","author":"Azturismo","date":"febrero 12, 2025","format":false,"excerpt":"Por Staff AzTurismo La secretaria de Turismo de M\u00e9xico, Josefina Rodr\u00edguez Zamora, anunci\u00f3 que la 49\u00aa edici\u00f3n del Tianguis Tur\u00edstico 2025 que se celebrar\u00e1 en Baja California, por primera vez, tendr\u00e1 un formato binacional. Este evento ser\u00e1 una plataforma \u00fanica donde la rica cultura, gastronom\u00eda, artesan\u00eda y turismo de M\u00e9xico\u2026","rel":"","context":"En &quot;Destacadas&quot;","block_context":{"text":"Destacadas","link":"https:\/\/azturismo.net\/?cat=30"},"img":{"alt_text":"","src":"https:\/\/i0.wp.com\/azturismo.net\/wp-content\/uploads\/2025\/02\/Sectur-Senado.jpg?fit=600%2C400&ssl=1&resize=350%2C200","width":350,"height":200,"srcset":"https:\/\/i0.wp.com\/azturismo.net\/wp-content\/uploads\/2025\/02\/Sectur-Senado.jpg?fit=600%2C400&ssl=1&resize=350%2C200 1x, https:\/\/i0.wp.com\/azturismo.net\/wp-content\/uploads\/2025\/02\/Sectur-Senado.jpg?fit=600%2C400&ssl=1&resize=525%2C300 1.5x"},"classes":[]},{"id":5898,"url":"https:\/\/azturismo.net\/?p=5898","url_meta":{"origin":6291,"position":3},"title":"Pueblos M\u00e1gicos de M\u00e9xico cumplen 24 a\u00f1os sin dejar su esencia","author":"Azturismo","date":"octubre 6, 2025","format":false,"excerpt":"Los Pueblos M\u00e1gicos de M\u00e9xico cumplen 24 a\u00f1os renovando su esencia. Bajo una estrategia nacional, estos destinos se consolidan como motores de desarrollo sostenible, dignificando comunidades y proyectando al pa\u00eds como un referente cultural y natural. En el marco del D\u00eda Nacional de los Pueblos M\u00e1gicos, celebrado cada 5 de\u2026","rel":"","context":"En &quot;Destacadas&quot;","block_context":{"text":"Destacadas","link":"https:\/\/azturismo.net\/?cat=30"},"img":{"alt_text":"","src":"https:\/\/i0.wp.com\/azturismo.net\/wp-content\/uploads\/2025\/10\/MDPM_CAMP_PALIZADA_AM-md-ok-scaled-1.jpg?fit=1024%2C682&ssl=1&resize=350%2C200","width":350,"height":200,"srcset":"https:\/\/i0.wp.com\/azturismo.net\/wp-content\/uploads\/2025\/10\/MDPM_CAMP_PALIZADA_AM-md-ok-scaled-1.jpg?fit=1024%2C682&ssl=1&resize=350%2C200 1x, https:\/\/i0.wp.com\/azturismo.net\/wp-content\/uploads\/2025\/10\/MDPM_CAMP_PALIZADA_AM-md-ok-scaled-1.jpg?fit=1024%2C682&ssl=1&resize=525%2C300 1.5x, https:\/\/i0.wp.com\/azturismo.net\/wp-content\/uploads\/2025\/10\/MDPM_CAMP_PALIZADA_AM-md-ok-scaled-1.jpg?fit=1024%2C682&ssl=1&resize=700%2C400 2x"},"classes":[]},{"id":6312,"url":"https:\/\/azturismo.net\/?p=6312","url_meta":{"origin":6291,"position":4},"title":"Sectur impulsa la profesionalizaci\u00f3n de los Pueblos M\u00e1gicos","author":"Azturismo","date":"noviembre 9, 2025","format":false,"excerpt":"Por Staff AzTurismo La Secretar\u00eda de Turismo del Gobierno de M\u00e9xico (Sectur) concluy\u00f3 con \u00e9xito el Diplomado en Innovaci\u00f3n Tur\u00edstica, un programa de capacitaci\u00f3n de seis meses dise\u00f1ado para fortalecer las capacidades de las y los directores de Turismo de los 177 Pueblos M\u00e1gicos del pa\u00eds, as\u00ed como de representantes\u2026","rel":"","context":"En &quot;NOTITUR&quot;","block_context":{"text":"NOTITUR","link":"https:\/\/azturismo.net\/?cat=25"},"img":{"alt_text":"","src":"https:\/\/i0.wp.com\/azturismo.net\/wp-content\/uploads\/2025\/11\/PueblosMagicos-Artesana.jpeg?fit=600%2C399&ssl=1&resize=350%2C200","width":350,"height":200,"srcset":"https:\/\/i0.wp.com\/azturismo.net\/wp-content\/uploads\/2025\/11\/PueblosMagicos-Artesana.jpeg?fit=600%2C399&ssl=1&resize=350%2C200 1x, https:\/\/i0.wp.com\/azturismo.net\/wp-content\/uploads\/2025\/11\/PueblosMagicos-Artesana.jpeg?fit=600%2C399&ssl=1&resize=525%2C300 1.5x"},"classes":[]},{"id":6369,"url":"https:\/\/azturismo.net\/?p=6369","url_meta":{"origin":6291,"position":5},"title":"\u00a1Siete pueblos m\u00e1gicos queretanos brillar\u00e1n en Tianguis Nacional de Hidalgo!","author":"Azturismo","date":"noviembre 11, 2025","format":false,"excerpt":"\ud83d\ude80El estado de Quer\u00e9taro concentrar\u00e1 todos sus esfuerzos para impulsar su rica oferta tur\u00edstica de sus siete Pueblos M\u00e1gicos durante el Tianguis Nacional de Pueblos M\u00e1gicos 2025, un encuentro crucial que se realizar\u00e1 en Real de Monte y Pachuca, Hidalgo, del 13 al 16 de noviembre. Esta participaci\u00f3n tiene un\u2026","rel":"","context":"En &quot;NOTITUR&quot;","block_context":{"text":"NOTITUR","link":"https:\/\/azturismo.net\/?cat=25"},"img":{"alt_text":"","src":"https:\/\/i0.wp.com\/azturismo.net\/wp-content\/uploads\/2025\/11\/Queretaro-pueblos-magicos.jpeg?fit=600%2C450&ssl=1&resize=350%2C200","width":350,"height":200,"srcset":"https:\/\/i0.wp.com\/azturismo.net\/wp-content\/uploads\/2025\/11\/Queretaro-pueblos-magicos.jpeg?fit=600%2C450&ssl=1&resize=350%2C200 1x, https:\/\/i0.wp.com\/azturismo.net\/wp-content\/uploads\/2025\/11\/Queretaro-pueblos-magicos.jpeg?fit=600%2C450&ssl=1&resize=525%2C300 1.5x"},"classes":[]}],"jetpack_shortlink":"https:\/\/wp.me\/pfqZGx-1Dt","amp_enabled":true,"_links":{"self":[{"href":"https:\/\/azturismo.net\/index.php?rest_route=\/wp\/v2\/posts\/6291","targetHints":{"allow":["GET"]}}],"collection":[{"href":"https:\/\/azturismo.net\/index.php?rest_route=\/wp\/v2\/posts"}],"about":[{"href":"https:\/\/azturismo.net\/index.php?rest_route=\/wp\/v2\/types\/post"}],"author":[{"embeddable":true,"href":"https:\/\/azturismo.net\/index.php?rest_route=\/wp\/v2\/users\/1"}],"replies":[{"embeddable":true,"href":"https:\/\/azturismo.net\/index.php?rest_route=%2Fwp%2Fv2%2Fcomments&post=6291"}],"version-history":[{"count":1,"href":"https:\/\/azturismo.net\/index.php?rest_route=\/wp\/v2\/posts\/6291\/revisions"}],"predecessor-version":[{"id":6295,"href":"https:\/\/azturismo.net\/index.php?rest_route=\/wp\/v2\/posts\/6291\/revisions\/6295"}],"wp:featuredmedia":[{"embeddable":true,"href":"https:\/\/azturismo.net\/index.php?rest_route=\/wp\/v2\/media\/6293"}],"wp:attachment":[{"href":"https:\/\/azturismo.net\/index.php?rest_route=%2Fwp%2Fv2%2Fmedia&parent=6291"}],"wp:term":[{"taxonomy":"category","embeddable":true,"href":"https:\/\/azturismo.net\/index.php?rest_route=%2Fwp%2Fv2%2Fcategories&post=6291"},{"taxonomy":"post_tag","embeddable":true,"href":"https:\/\/azturismo.net\/index.php?rest_route=%2Fwp%2Fv2%2Ftags&post=6291"}],"curies":[{"name":"wp","href":"https:\/\/api.w.org\/{rel}","templated":true}]}}