{"id":6241,"date":"2025-10-31T16:04:00","date_gmt":"2025-10-31T22:04:00","guid":{"rendered":"https:\/\/azturismo.net\/?p=6241"},"modified":"2025-10-31T12:55:57","modified_gmt":"2025-10-31T18:55:57","slug":"leon-feria-del-alfenique-leon-2025","status":"publish","type":"post","link":"https:\/\/azturismo.net\/?p=6241","title":{"rendered":"Le\u00f3n Feria del Alfe\u00f1ique Le\u00f3n 2025"},"content":{"rendered":"\n<p>Por Staff AzTurismo<\/p>\n\n\n\n<p>La ciudad de Le\u00f3n se viste de color, tradici\u00f3n y sabor para conmemorar el <strong>40 aniversario de la Feria del Alfe\u00f1ique<\/strong>, un evento emblem\u00e1tico que ya es parte del coraz\u00f3n de las familias leonesas y un im\u00e1n tur\u00edstico de primer nivel. Este 2025, la feria promete ser una experiencia inmersiva en la cultura mexicana, esperando la visita de m\u00e1s de <strong>701,960 personas<\/strong> hasta el 2 de noviembre.<\/p>\n\n\n\n<h4 class=\"wp-block-heading\"><strong>Un Compromiso con la Identidad Leonesa<\/strong><\/h4>\n\n\n\n<p>La inauguraci\u00f3n estuvo marcada por un gesto simb\u00f3lico y de profundo respeto por las tradiciones. La <strong>presidenta municipal, Ale Guti\u00e9rrez<\/strong>, acompa\u00f1ada de su gabinete, recorri\u00f3 personalmente los pasillos de la feria, conviviendo con artesanos y visitantes.<\/p>\n\n\n\n<figure class=\"wp-block-gallery has-nested-images columns-default is-cropped wp-block-gallery-1 is-layout-flex wp-block-gallery-is-layout-flex\">\n<figure class=\"wp-block-image size-large\"><img data-recalc-dims=\"1\" loading=\"lazy\" decoding=\"async\" width=\"600\" height=\"392\" data-attachment-id=\"6243\" data-permalink=\"https:\/\/azturismo.net\/?attachment_id=6243\" data-orig-file=\"https:\/\/i0.wp.com\/azturismo.net\/wp-content\/uploads\/2025\/10\/leon-feria-alfenique.png?fit=600%2C392&amp;ssl=1\" data-orig-size=\"600,392\" data-comments-opened=\"1\" data-image-meta=\"{&quot;aperture&quot;:&quot;0&quot;,&quot;credit&quot;:&quot;&quot;,&quot;camera&quot;:&quot;&quot;,&quot;caption&quot;:&quot;&quot;,&quot;created_timestamp&quot;:&quot;0&quot;,&quot;copyright&quot;:&quot;&quot;,&quot;focal_length&quot;:&quot;0&quot;,&quot;iso&quot;:&quot;0&quot;,&quot;shutter_speed&quot;:&quot;0&quot;,&quot;title&quot;:&quot;&quot;,&quot;orientation&quot;:&quot;0&quot;}\" data-image-title=\"leon-feria-alfe\u00f1ique\" data-image-description=\"\" data-image-caption=\"\" data-large-file=\"https:\/\/i0.wp.com\/azturismo.net\/wp-content\/uploads\/2025\/10\/leon-feria-alfenique.png?fit=600%2C392&amp;ssl=1\" data-id=\"6243\" src=\"https:\/\/i0.wp.com\/azturismo.net\/wp-content\/uploads\/2025\/10\/leon-feria-alfenique.png?resize=600%2C392&#038;ssl=1\" alt=\"\" class=\"wp-image-6243\" srcset=\"https:\/\/i0.wp.com\/azturismo.net\/wp-content\/uploads\/2025\/10\/leon-feria-alfenique.png?w=600&amp;ssl=1 600w, https:\/\/i0.wp.com\/azturismo.net\/wp-content\/uploads\/2025\/10\/leon-feria-alfenique.png?resize=300%2C196&amp;ssl=1 300w, https:\/\/i0.wp.com\/azturismo.net\/wp-content\/uploads\/2025\/10\/leon-feria-alfenique.png?resize=150%2C98&amp;ssl=1 150w\" sizes=\"auto, (max-width: 600px) 100vw, 600px\" \/><\/figure>\n\n\n\n<figure class=\"wp-block-image size-large\"><img data-recalc-dims=\"1\" loading=\"lazy\" decoding=\"async\" width=\"500\" height=\"333\" data-attachment-id=\"6244\" data-permalink=\"https:\/\/azturismo.net\/?attachment_id=6244\" data-orig-file=\"https:\/\/i0.wp.com\/azturismo.net\/wp-content\/uploads\/2025\/10\/leon-feria-alfenique2.jpg?fit=500%2C333&amp;ssl=1\" data-orig-size=\"500,333\" data-comments-opened=\"1\" data-image-meta=\"{&quot;aperture&quot;:&quot;0&quot;,&quot;credit&quot;:&quot;&quot;,&quot;camera&quot;:&quot;&quot;,&quot;caption&quot;:&quot;&quot;,&quot;created_timestamp&quot;:&quot;0&quot;,&quot;copyright&quot;:&quot;&quot;,&quot;focal_length&quot;:&quot;0&quot;,&quot;iso&quot;:&quot;0&quot;,&quot;shutter_speed&quot;:&quot;0&quot;,&quot;title&quot;:&quot;&quot;,&quot;orientation&quot;:&quot;1&quot;}\" data-image-title=\"leon-feria-alfe\u00f1ique2\" data-image-description=\"\" data-image-caption=\"\" data-large-file=\"https:\/\/i0.wp.com\/azturismo.net\/wp-content\/uploads\/2025\/10\/leon-feria-alfenique2.jpg?fit=500%2C333&amp;ssl=1\" data-id=\"6244\" src=\"https:\/\/i0.wp.com\/azturismo.net\/wp-content\/uploads\/2025\/10\/leon-feria-alfenique2.jpg?resize=500%2C333&#038;ssl=1\" alt=\"\" class=\"wp-image-6244\" srcset=\"https:\/\/i0.wp.com\/azturismo.net\/wp-content\/uploads\/2025\/10\/leon-feria-alfenique2.jpg?w=500&amp;ssl=1 500w, https:\/\/i0.wp.com\/azturismo.net\/wp-content\/uploads\/2025\/10\/leon-feria-alfenique2.jpg?resize=300%2C200&amp;ssl=1 300w, https:\/\/i0.wp.com\/azturismo.net\/wp-content\/uploads\/2025\/10\/leon-feria-alfenique2.jpg?resize=150%2C100&amp;ssl=1 150w\" sizes=\"auto, (max-width: 500px) 100vw, 500px\" \/><\/figure>\n\n\n\n<figure class=\"wp-block-image size-large\"><img data-recalc-dims=\"1\" loading=\"lazy\" decoding=\"async\" width=\"600\" height=\"411\" data-attachment-id=\"6245\" data-permalink=\"https:\/\/azturismo.net\/?attachment_id=6245\" data-orig-file=\"https:\/\/i0.wp.com\/azturismo.net\/wp-content\/uploads\/2025\/10\/leon-feria-alfenique3.jpg?fit=600%2C411&amp;ssl=1\" data-orig-size=\"600,411\" data-comments-opened=\"1\" data-image-meta=\"{&quot;aperture&quot;:&quot;0&quot;,&quot;credit&quot;:&quot;&quot;,&quot;camera&quot;:&quot;&quot;,&quot;caption&quot;:&quot;&quot;,&quot;created_timestamp&quot;:&quot;0&quot;,&quot;copyright&quot;:&quot;&quot;,&quot;focal_length&quot;:&quot;0&quot;,&quot;iso&quot;:&quot;0&quot;,&quot;shutter_speed&quot;:&quot;0&quot;,&quot;title&quot;:&quot;&quot;,&quot;orientation&quot;:&quot;1&quot;}\" data-image-title=\"leon-feria-alfe\u00f1ique3\" data-image-description=\"\" data-image-caption=\"\" data-large-file=\"https:\/\/i0.wp.com\/azturismo.net\/wp-content\/uploads\/2025\/10\/leon-feria-alfenique3.jpg?fit=600%2C411&amp;ssl=1\" data-id=\"6245\" src=\"https:\/\/i0.wp.com\/azturismo.net\/wp-content\/uploads\/2025\/10\/leon-feria-alfenique3.jpg?resize=600%2C411&#038;ssl=1\" alt=\"\" class=\"wp-image-6245\" srcset=\"https:\/\/i0.wp.com\/azturismo.net\/wp-content\/uploads\/2025\/10\/leon-feria-alfenique3.jpg?w=600&amp;ssl=1 600w, https:\/\/i0.wp.com\/azturismo.net\/wp-content\/uploads\/2025\/10\/leon-feria-alfenique3.jpg?resize=300%2C206&amp;ssl=1 300w, https:\/\/i0.wp.com\/azturismo.net\/wp-content\/uploads\/2025\/10\/leon-feria-alfenique3.jpg?resize=150%2C103&amp;ssl=1 150w, https:\/\/i0.wp.com\/azturismo.net\/wp-content\/uploads\/2025\/10\/leon-feria-alfenique3.jpg?resize=218%2C150&amp;ssl=1 218w\" sizes=\"auto, (max-width: 600px) 100vw, 600px\" \/><\/figure>\n\n\n\n<figure class=\"wp-block-image size-large\"><img data-recalc-dims=\"1\" loading=\"lazy\" decoding=\"async\" width=\"600\" height=\"400\" data-attachment-id=\"6246\" data-permalink=\"https:\/\/azturismo.net\/?attachment_id=6246\" data-orig-file=\"https:\/\/i0.wp.com\/azturismo.net\/wp-content\/uploads\/2025\/10\/leon-feria-alfenique4.jpg?fit=600%2C400&amp;ssl=1\" data-orig-size=\"600,400\" data-comments-opened=\"1\" data-image-meta=\"{&quot;aperture&quot;:&quot;0&quot;,&quot;credit&quot;:&quot;&quot;,&quot;camera&quot;:&quot;&quot;,&quot;caption&quot;:&quot;&quot;,&quot;created_timestamp&quot;:&quot;0&quot;,&quot;copyright&quot;:&quot;&quot;,&quot;focal_length&quot;:&quot;0&quot;,&quot;iso&quot;:&quot;0&quot;,&quot;shutter_speed&quot;:&quot;0&quot;,&quot;title&quot;:&quot;&quot;,&quot;orientation&quot;:&quot;1&quot;}\" data-image-title=\"leon-feria-alfe\u00f1ique4\" data-image-description=\"\" data-image-caption=\"\" data-large-file=\"https:\/\/i0.wp.com\/azturismo.net\/wp-content\/uploads\/2025\/10\/leon-feria-alfenique4.jpg?fit=600%2C400&amp;ssl=1\" data-id=\"6246\" src=\"https:\/\/i0.wp.com\/azturismo.net\/wp-content\/uploads\/2025\/10\/leon-feria-alfenique4.jpg?resize=600%2C400&#038;ssl=1\" alt=\"\" class=\"wp-image-6246\" srcset=\"https:\/\/i0.wp.com\/azturismo.net\/wp-content\/uploads\/2025\/10\/leon-feria-alfenique4.jpg?w=600&amp;ssl=1 600w, https:\/\/i0.wp.com\/azturismo.net\/wp-content\/uploads\/2025\/10\/leon-feria-alfenique4.jpg?resize=300%2C200&amp;ssl=1 300w, https:\/\/i0.wp.com\/azturismo.net\/wp-content\/uploads\/2025\/10\/leon-feria-alfenique4.jpg?resize=150%2C100&amp;ssl=1 150w\" sizes=\"auto, (max-width: 600px) 100vw, 600px\" \/><\/figure>\n<\/figure>\n\n\n\n<p>\u201cEventos como este reafirman el compromiso de nuestro gobierno por mantener vivas las tradiciones que dan identidad a Le\u00f3n y a M\u00e9xico\u201d, destac\u00f3 durante el recorrido, subrayando el apoyo a la econom\u00eda local y la preservaci\u00f3n cultural.<\/p>\n\n\n\n<h4 class=\"wp-block-heading\"><strong>M\u00e1s que una Feria: Un Homenaje a la Vida y la Muerte<\/strong><\/h4>\n\n\n\n<p>La <strong>Feria del Alfe\u00f1ique<\/strong> es el lugar perfecto para encontrar todos los elementos necesarios para honrar a los que se nos han adelantado. Los visitantes podr\u00e1n adquirir:<\/p>\n\n\n\n<ul class=\"wp-block-list\">\n<li><strong>Dulces tradicionales:<\/strong> Alfeniques, calaveritas de az\u00facar y chocolate.<\/li>\n\n\n\n<li><strong>Pan de muerto<\/strong> reci\u00e9n horneado.<\/li>\n\n\n\n<li><strong>Artesan\u00edas y adornos:<\/strong> Veladoras, papel picado, flores de cempas\u00fachil y una gran variedad de figuras para montar un altar digno y conmemorar el <strong>D\u00eda de Muertos<\/strong>.<\/li>\n<\/ul>\n\n\n\n<h4 class=\"wp-block-heading\"><strong>El Xoloitzcuintle: Un Guardi\u00e1n Ancestral en la Feria<\/strong><\/h4>\n\n\n\n<p>Uno de los momentos m\u00e1s emotivos de esta edici\u00f3n fue la develaci\u00f3n de una pintura representativa del <strong>Xoloitzcuintle<\/strong>, el perro guardi\u00e1n de la mitolog\u00eda mexica. Esta obra de arte no es solo para admirar; tiene una funci\u00f3n profundamente conmovedora.<\/p>\n\n\n\n<p>Los asistentes est\u00e1n invitados a colocar en ella las <strong>fotograf\u00edas de sus seres queridos y mascotas<\/strong> que han partido. La creencia ancestral indica que este noble guardi\u00e1n ayuda a las almas a cruzar el r\u00edo para llegar al Mictl\u00e1n (el inframundo mexica), convirtiendo a la feria en un puente simb\u00f3lico entre dos mundos.<\/p>\n\n\n\n<h4 class=\"wp-block-heading\"><strong>Impacto Econ\u00f3mico y Cultural<\/strong><\/h4>\n\n\n\n<p>La expectativa para este 40 aniversario es monumental. Se calcula que la feria generar\u00e1 una <strong>derrama econ\u00f3mica superior a los 6 millones de pesos<\/strong>, un beneficio directo para las m\u00e1s de <strong>109 familias de artesanos locales<\/strong> que participan, fortaleciendo as\u00ed la econom\u00eda circular y el comercio justo en la regi\u00f3n.<\/p>\n\n\n\n<p><a href=\"http:\/\/www.leon-mexico.com\"><strong>www.leon-mexico.com<\/strong><\/a><\/p>\n\n\n\n<p><strong>\u00a1S\u00edguenos!<\/strong><a href=\"https:\/\/www.facebook.com\/AzturismoNoticias\"><\/a><\/p>\n\n\n\n<p><a href=\"https:\/\/www.facebook.com\/AzturismoNoticias\">https:\/\/www.facebook.com\/AzturismoNoticias<\/a><\/p>\n\n\n\n<p><a href=\"mailto:tiktok.com\/@azturismo\">tiktok.com\/@azturismo<\/a><\/p>\n\n\n\n<p><a href=\"http:\/\/www.instagram.com\/azturismo_noticias\">www.instagram.com\/azturismo_noticias<\/a><\/p>\n\n\n\n<figure class=\"wp-block-embed is-type-rich is-provider-twitter wp-block-embed-twitter\"><div class=\"wp-block-embed__wrapper\">\n<div class=\"embed-twitter\"><a class=\"twitter-timeline\" data-width=\"696\" data-height=\"1000\" data-dnt=\"true\" href=\"https:\/\/twitter.com\/AzTurismo?ref_src=twsrc%5Etfw\">Tweets by AzTurismo<\/a><script async src=\"https:\/\/platform.twitter.com\/widgets.js\" charset=\"utf-8\"><\/script><\/div>\n<\/div><\/figure>\n\n\n\n<p><a href=\"https:\/\/www.youtube.com\/@azturismotv\">https:\/\/www.youtube.com\/@azturismotv<\/a><\/p>\n","protected":false},"excerpt":{"rendered":"<p>Por Staff AzTurismo La ciudad de Le\u00f3n se viste de color, tradici\u00f3n y sabor para conmemorar el 40 aniversario de la Feria del Alfe\u00f1ique, un evento emblem\u00e1tico que ya es parte del coraz\u00f3n de las familias leonesas y un im\u00e1n tur\u00edstico de primer nivel. Este 2025, la feria promete ser una experiencia inmersiva en la [&hellip;]<\/p>\n","protected":false},"author":1,"featured_media":6242,"comment_status":"open","ping_status":"open","sticky":false,"template":"","format":"standard","meta":{"jetpack_post_was_ever_published":false,"_jetpack_newsletter_access":"","_jetpack_dont_email_post_to_subs":false,"_jetpack_newsletter_tier_id":0,"_jetpack_memberships_contains_paywalled_content":false,"_jetpack_memberships_contains_paid_content":false,"footnotes":"","jetpack_publicize_message":"","jetpack_publicize_feature_enabled":true,"jetpack_social_post_already_shared":true,"jetpack_social_options":{"image_generator_settings":{"template":"highway","default_image_id":0,"font":"","enabled":false},"version":2}},"categories":[31,33],"tags":[267,99,2963,2961,2950,2962],"class_list":{"0":"post-6241","1":"post","2":"type-post","3":"status-publish","4":"format-standard","5":"has-post-thumbnail","7":"category-especiales","8":"category-especiales-segundarias","9":"tag-artesanias-mexicanas","10":"tag-azturismo","11":"tag-dia-de-muertos-leon","12":"tag-feria-del-alfenique-leon-2025","13":"tag-tradicion-mexicana","14":"tag-turismo-en-guanajuato"},"yoast_head":"<!-- This site is optimized with the Yoast SEO plugin v27.5 - https:\/\/yoast.com\/product\/yoast-seo-wordpress\/ -->\n<title>Le\u00f3n Feria del Alfe\u00f1ique Le\u00f3n 2025 - Azturismo Noticias<\/title>\n<meta name=\"description\" content=\"Le\u00f3n celebra 40 a\u00f1os de la Feria del Alfe\u00f1ique. Disfruta dulces t\u00edpicos, honra a tus difuntos y vive la magia del D\u00eda de Muertos. M\u00e1s de 109 artesanos y 700 mil visitantes. \u00a1Hasta el 2 de noviembre!\" \/>\n<meta name=\"robots\" content=\"index, follow, max-snippet:-1, max-image-preview:large, max-video-preview:-1\" \/>\n<link rel=\"canonical\" href=\"https:\/\/azturismo.net\/?p=6241\" \/>\n<meta property=\"og:locale\" content=\"es_MX\" \/>\n<meta property=\"og:type\" content=\"article\" \/>\n<meta property=\"og:title\" content=\"Le\u00f3n Feria del Alfe\u00f1ique Le\u00f3n 2025 - Azturismo Noticias\" \/>\n<meta property=\"og:description\" content=\"Le\u00f3n celebra 40 a\u00f1os de la Feria del Alfe\u00f1ique. Disfruta dulces t\u00edpicos, honra a tus difuntos y vive la magia del D\u00eda de Muertos. M\u00e1s de 109 artesanos y 700 mil visitantes. \u00a1Hasta el 2 de noviembre!\" \/>\n<meta property=\"og:url\" content=\"https:\/\/azturismo.net\/?p=6241\" \/>\n<meta property=\"og:site_name\" content=\"Azturismo Noticias\" \/>\n<meta property=\"article:publisher\" content=\"https:\/\/www.facebook.com\/AzturismoNoticias\" \/>\n<meta property=\"article:published_time\" content=\"2025-10-31T22:04:00+00:00\" \/>\n<meta property=\"og:image\" content=\"https:\/\/i0.wp.com\/azturismo.net\/wp-content\/uploads\/2025\/10\/leon-feria-alfenique5.jpg?fit=600%2C388&ssl=1\" \/>\n\t<meta property=\"og:image:width\" content=\"600\" \/>\n\t<meta property=\"og:image:height\" content=\"388\" \/>\n\t<meta property=\"og:image:type\" content=\"image\/jpeg\" \/>\n<meta name=\"author\" content=\"Azturismo\" \/>\n<meta name=\"twitter:card\" content=\"summary_large_image\" \/>\n<meta name=\"twitter:creator\" content=\"@AzTurismo\" \/>\n<meta name=\"twitter:site\" content=\"@AzTurismo\" \/>\n<meta name=\"twitter:label1\" content=\"Escrito por\" \/>\n\t<meta name=\"twitter:data1\" content=\"Azturismo\" \/>\n\t<meta name=\"twitter:label2\" content=\"Tiempo de lectura\" \/>\n\t<meta name=\"twitter:data2\" content=\"3 minutos\" \/>\n<script type=\"application\/ld+json\" class=\"yoast-schema-graph\">{\"@context\":\"https:\\\/\\\/schema.org\",\"@graph\":[{\"@type\":\"Article\",\"@id\":\"https:\\\/\\\/azturismo.net\\\/?p=6241#article\",\"isPartOf\":{\"@id\":\"https:\\\/\\\/azturismo.net\\\/?p=6241\"},\"author\":{\"name\":\"Azturismo\",\"@id\":\"https:\\\/\\\/azturismo.net\\\/#\\\/schema\\\/person\\\/4b56d87f51c4d1b518c650739ad3bbc1\"},\"headline\":\"Le\u00f3n Feria del Alfe\u00f1ique Le\u00f3n 2025\",\"datePublished\":\"2025-10-31T22:04:00+00:00\",\"mainEntityOfPage\":{\"@id\":\"https:\\\/\\\/azturismo.net\\\/?p=6241\"},\"wordCount\":451,\"commentCount\":0,\"publisher\":{\"@id\":\"https:\\\/\\\/azturismo.net\\\/#organization\"},\"image\":{\"@id\":\"https:\\\/\\\/azturismo.net\\\/?p=6241#primaryimage\"},\"thumbnailUrl\":\"https:\\\/\\\/i0.wp.com\\\/azturismo.net\\\/wp-content\\\/uploads\\\/2025\\\/10\\\/leon-feria-alfenique5.jpg?fit=600%2C388&ssl=1\",\"keywords\":[\"Artesan\u00edas mexicanas\",\"azturismo\",\"D\u00eda de Muertos Le\u00f3n\",\"Feria del Alfe\u00f1ique Le\u00f3n 2025\",\"Tradici\u00f3n Mexicana\",\"turismo en Guanajuato\"],\"articleSection\":[\"ESPECIALES 1\",\"ESPECIALES 2\"],\"inLanguage\":\"es\",\"potentialAction\":[{\"@type\":\"CommentAction\",\"name\":\"Comment\",\"target\":[\"https:\\\/\\\/azturismo.net\\\/?p=6241#respond\"]}]},{\"@type\":\"WebPage\",\"@id\":\"https:\\\/\\\/azturismo.net\\\/?p=6241\",\"url\":\"https:\\\/\\\/azturismo.net\\\/?p=6241\",\"name\":\"Le\u00f3n Feria del Alfe\u00f1ique Le\u00f3n 2025 - Azturismo Noticias\",\"isPartOf\":{\"@id\":\"https:\\\/\\\/azturismo.net\\\/#website\"},\"primaryImageOfPage\":{\"@id\":\"https:\\\/\\\/azturismo.net\\\/?p=6241#primaryimage\"},\"image\":{\"@id\":\"https:\\\/\\\/azturismo.net\\\/?p=6241#primaryimage\"},\"thumbnailUrl\":\"https:\\\/\\\/i0.wp.com\\\/azturismo.net\\\/wp-content\\\/uploads\\\/2025\\\/10\\\/leon-feria-alfenique5.jpg?fit=600%2C388&ssl=1\",\"datePublished\":\"2025-10-31T22:04:00+00:00\",\"description\":\"Le\u00f3n celebra 40 a\u00f1os de la Feria del Alfe\u00f1ique. Disfruta dulces t\u00edpicos, honra a tus difuntos y vive la magia del D\u00eda de Muertos. M\u00e1s de 109 artesanos y 700 mil visitantes. \u00a1Hasta el 2 de noviembre!\",\"breadcrumb\":{\"@id\":\"https:\\\/\\\/azturismo.net\\\/?p=6241#breadcrumb\"},\"inLanguage\":\"es\",\"potentialAction\":[{\"@type\":\"ReadAction\",\"target\":[\"https:\\\/\\\/azturismo.net\\\/?p=6241\"]}]},{\"@type\":\"ImageObject\",\"inLanguage\":\"es\",\"@id\":\"https:\\\/\\\/azturismo.net\\\/?p=6241#primaryimage\",\"url\":\"https:\\\/\\\/i0.wp.com\\\/azturismo.net\\\/wp-content\\\/uploads\\\/2025\\\/10\\\/leon-feria-alfenique5.jpg?fit=600%2C388&ssl=1\",\"contentUrl\":\"https:\\\/\\\/i0.wp.com\\\/azturismo.net\\\/wp-content\\\/uploads\\\/2025\\\/10\\\/leon-feria-alfenique5.jpg?fit=600%2C388&ssl=1\",\"width\":600,\"height\":388},{\"@type\":\"BreadcrumbList\",\"@id\":\"https:\\\/\\\/azturismo.net\\\/?p=6241#breadcrumb\",\"itemListElement\":[{\"@type\":\"ListItem\",\"position\":1,\"name\":\"Home\",\"item\":\"https:\\\/\\\/azturismo.net\\\/\"},{\"@type\":\"ListItem\",\"position\":2,\"name\":\"Le\u00f3n Feria del Alfe\u00f1ique Le\u00f3n 2025\"}]},{\"@type\":\"WebSite\",\"@id\":\"https:\\\/\\\/azturismo.net\\\/#website\",\"url\":\"https:\\\/\\\/azturismo.net\\\/\",\"name\":\"Azturismo\",\"description\":\"Azturismo Noticias\",\"publisher\":{\"@id\":\"https:\\\/\\\/azturismo.net\\\/#organization\"},\"potentialAction\":[{\"@type\":\"SearchAction\",\"target\":{\"@type\":\"EntryPoint\",\"urlTemplate\":\"https:\\\/\\\/azturismo.net\\\/?s={search_term_string}\"},\"query-input\":{\"@type\":\"PropertyValueSpecification\",\"valueRequired\":true,\"valueName\":\"search_term_string\"}}],\"inLanguage\":\"es\"},{\"@type\":\"Organization\",\"@id\":\"https:\\\/\\\/azturismo.net\\\/#organization\",\"name\":\"Azturismo\",\"url\":\"https:\\\/\\\/azturismo.net\\\/\",\"logo\":{\"@type\":\"ImageObject\",\"inLanguage\":\"es\",\"@id\":\"https:\\\/\\\/azturismo.net\\\/#\\\/schema\\\/logo\\\/image\\\/\",\"url\":\"https:\\\/\\\/i0.wp.com\\\/azturismo.net\\\/wp-content\\\/uploads\\\/2024\\\/03\\\/logo-el-bueno-.png?fit=294%2C69&ssl=1\",\"contentUrl\":\"https:\\\/\\\/i0.wp.com\\\/azturismo.net\\\/wp-content\\\/uploads\\\/2024\\\/03\\\/logo-el-bueno-.png?fit=294%2C69&ssl=1\",\"width\":294,\"height\":69,\"caption\":\"Azturismo\"},\"image\":{\"@id\":\"https:\\\/\\\/azturismo.net\\\/#\\\/schema\\\/logo\\\/image\\\/\"},\"sameAs\":[\"https:\\\/\\\/www.facebook.com\\\/AzturismoNoticias\",\"https:\\\/\\\/x.com\\\/AzTurismo\",\"https:\\\/\\\/www.instagram.com\\\/azturismo_noticias\\\/?fbclid=IwAR2xMiuoHbs6eLeIHKP8P5sSGa-xFrw7FfejscXO7kDghWa7wKLjGczKOwE\",\"https:\\\/\\\/www.tiktok.com\\\/@azturismo\"]},{\"@type\":\"Person\",\"@id\":\"https:\\\/\\\/azturismo.net\\\/#\\\/schema\\\/person\\\/4b56d87f51c4d1b518c650739ad3bbc1\",\"name\":\"Azturismo\",\"image\":{\"@type\":\"ImageObject\",\"inLanguage\":\"es\",\"@id\":\"https:\\\/\\\/azturismo.net\\\/wp-content\\\/litespeed\\\/avatar\\\/dfe28a31cdd68b788da48a316e50db10.jpg?ver=1777707566\",\"url\":\"https:\\\/\\\/azturismo.net\\\/wp-content\\\/litespeed\\\/avatar\\\/dfe28a31cdd68b788da48a316e50db10.jpg?ver=1777707566\",\"contentUrl\":\"https:\\\/\\\/azturismo.net\\\/wp-content\\\/litespeed\\\/avatar\\\/dfe28a31cdd68b788da48a316e50db10.jpg?ver=1777707566\",\"caption\":\"Azturismo\"},\"sameAs\":[\"https:\\\/\\\/azturismo.net\"],\"url\":\"https:\\\/\\\/azturismo.net\\\/?author=1\"}]}<\/script>\n<!-- \/ Yoast SEO plugin. -->","yoast_head_json":{"title":"Le\u00f3n Feria del Alfe\u00f1ique Le\u00f3n 2025 - Azturismo Noticias","description":"Le\u00f3n celebra 40 a\u00f1os de la Feria del Alfe\u00f1ique. Disfruta dulces t\u00edpicos, honra a tus difuntos y vive la magia del D\u00eda de Muertos. M\u00e1s de 109 artesanos y 700 mil visitantes. \u00a1Hasta el 2 de noviembre!","robots":{"index":"index","follow":"follow","max-snippet":"max-snippet:-1","max-image-preview":"max-image-preview:large","max-video-preview":"max-video-preview:-1"},"canonical":"https:\/\/azturismo.net\/?p=6241","og_locale":"es_MX","og_type":"article","og_title":"Le\u00f3n Feria del Alfe\u00f1ique Le\u00f3n 2025 - Azturismo Noticias","og_description":"Le\u00f3n celebra 40 a\u00f1os de la Feria del Alfe\u00f1ique. Disfruta dulces t\u00edpicos, honra a tus difuntos y vive la magia del D\u00eda de Muertos. M\u00e1s de 109 artesanos y 700 mil visitantes. \u00a1Hasta el 2 de noviembre!","og_url":"https:\/\/azturismo.net\/?p=6241","og_site_name":"Azturismo Noticias","article_publisher":"https:\/\/www.facebook.com\/AzturismoNoticias","article_published_time":"2025-10-31T22:04:00+00:00","og_image":[{"width":600,"height":388,"url":"https:\/\/i0.wp.com\/azturismo.net\/wp-content\/uploads\/2025\/10\/leon-feria-alfenique5.jpg?fit=600%2C388&ssl=1","type":"image\/jpeg"}],"author":"Azturismo","twitter_card":"summary_large_image","twitter_creator":"@AzTurismo","twitter_site":"@AzTurismo","twitter_misc":{"Escrito por":"Azturismo","Tiempo de lectura":"3 minutos"},"schema":{"@context":"https:\/\/schema.org","@graph":[{"@type":"Article","@id":"https:\/\/azturismo.net\/?p=6241#article","isPartOf":{"@id":"https:\/\/azturismo.net\/?p=6241"},"author":{"name":"Azturismo","@id":"https:\/\/azturismo.net\/#\/schema\/person\/4b56d87f51c4d1b518c650739ad3bbc1"},"headline":"Le\u00f3n Feria del Alfe\u00f1ique Le\u00f3n 2025","datePublished":"2025-10-31T22:04:00+00:00","mainEntityOfPage":{"@id":"https:\/\/azturismo.net\/?p=6241"},"wordCount":451,"commentCount":0,"publisher":{"@id":"https:\/\/azturismo.net\/#organization"},"image":{"@id":"https:\/\/azturismo.net\/?p=6241#primaryimage"},"thumbnailUrl":"https:\/\/i0.wp.com\/azturismo.net\/wp-content\/uploads\/2025\/10\/leon-feria-alfenique5.jpg?fit=600%2C388&ssl=1","keywords":["Artesan\u00edas mexicanas","azturismo","D\u00eda de Muertos Le\u00f3n","Feria del Alfe\u00f1ique Le\u00f3n 2025","Tradici\u00f3n Mexicana","turismo en Guanajuato"],"articleSection":["ESPECIALES 1","ESPECIALES 2"],"inLanguage":"es","potentialAction":[{"@type":"CommentAction","name":"Comment","target":["https:\/\/azturismo.net\/?p=6241#respond"]}]},{"@type":"WebPage","@id":"https:\/\/azturismo.net\/?p=6241","url":"https:\/\/azturismo.net\/?p=6241","name":"Le\u00f3n Feria del Alfe\u00f1ique Le\u00f3n 2025 - Azturismo Noticias","isPartOf":{"@id":"https:\/\/azturismo.net\/#website"},"primaryImageOfPage":{"@id":"https:\/\/azturismo.net\/?p=6241#primaryimage"},"image":{"@id":"https:\/\/azturismo.net\/?p=6241#primaryimage"},"thumbnailUrl":"https:\/\/i0.wp.com\/azturismo.net\/wp-content\/uploads\/2025\/10\/leon-feria-alfenique5.jpg?fit=600%2C388&ssl=1","datePublished":"2025-10-31T22:04:00+00:00","description":"Le\u00f3n celebra 40 a\u00f1os de la Feria del Alfe\u00f1ique. Disfruta dulces t\u00edpicos, honra a tus difuntos y vive la magia del D\u00eda de Muertos. M\u00e1s de 109 artesanos y 700 mil visitantes. \u00a1Hasta el 2 de noviembre!","breadcrumb":{"@id":"https:\/\/azturismo.net\/?p=6241#breadcrumb"},"inLanguage":"es","potentialAction":[{"@type":"ReadAction","target":["https:\/\/azturismo.net\/?p=6241"]}]},{"@type":"ImageObject","inLanguage":"es","@id":"https:\/\/azturismo.net\/?p=6241#primaryimage","url":"https:\/\/i0.wp.com\/azturismo.net\/wp-content\/uploads\/2025\/10\/leon-feria-alfenique5.jpg?fit=600%2C388&ssl=1","contentUrl":"https:\/\/i0.wp.com\/azturismo.net\/wp-content\/uploads\/2025\/10\/leon-feria-alfenique5.jpg?fit=600%2C388&ssl=1","width":600,"height":388},{"@type":"BreadcrumbList","@id":"https:\/\/azturismo.net\/?p=6241#breadcrumb","itemListElement":[{"@type":"ListItem","position":1,"name":"Home","item":"https:\/\/azturismo.net\/"},{"@type":"ListItem","position":2,"name":"Le\u00f3n Feria del Alfe\u00f1ique Le\u00f3n 2025"}]},{"@type":"WebSite","@id":"https:\/\/azturismo.net\/#website","url":"https:\/\/azturismo.net\/","name":"Azturismo","description":"Azturismo Noticias","publisher":{"@id":"https:\/\/azturismo.net\/#organization"},"potentialAction":[{"@type":"SearchAction","target":{"@type":"EntryPoint","urlTemplate":"https:\/\/azturismo.net\/?s={search_term_string}"},"query-input":{"@type":"PropertyValueSpecification","valueRequired":true,"valueName":"search_term_string"}}],"inLanguage":"es"},{"@type":"Organization","@id":"https:\/\/azturismo.net\/#organization","name":"Azturismo","url":"https:\/\/azturismo.net\/","logo":{"@type":"ImageObject","inLanguage":"es","@id":"https:\/\/azturismo.net\/#\/schema\/logo\/image\/","url":"https:\/\/i0.wp.com\/azturismo.net\/wp-content\/uploads\/2024\/03\/logo-el-bueno-.png?fit=294%2C69&ssl=1","contentUrl":"https:\/\/i0.wp.com\/azturismo.net\/wp-content\/uploads\/2024\/03\/logo-el-bueno-.png?fit=294%2C69&ssl=1","width":294,"height":69,"caption":"Azturismo"},"image":{"@id":"https:\/\/azturismo.net\/#\/schema\/logo\/image\/"},"sameAs":["https:\/\/www.facebook.com\/AzturismoNoticias","https:\/\/x.com\/AzTurismo","https:\/\/www.instagram.com\/azturismo_noticias\/?fbclid=IwAR2xMiuoHbs6eLeIHKP8P5sSGa-xFrw7FfejscXO7kDghWa7wKLjGczKOwE","https:\/\/www.tiktok.com\/@azturismo"]},{"@type":"Person","@id":"https:\/\/azturismo.net\/#\/schema\/person\/4b56d87f51c4d1b518c650739ad3bbc1","name":"Azturismo","image":{"@type":"ImageObject","inLanguage":"es","@id":"https:\/\/azturismo.net\/wp-content\/litespeed\/avatar\/dfe28a31cdd68b788da48a316e50db10.jpg?ver=1777707566","url":"https:\/\/azturismo.net\/wp-content\/litespeed\/avatar\/dfe28a31cdd68b788da48a316e50db10.jpg?ver=1777707566","contentUrl":"https:\/\/azturismo.net\/wp-content\/litespeed\/avatar\/dfe28a31cdd68b788da48a316e50db10.jpg?ver=1777707566","caption":"Azturismo"},"sameAs":["https:\/\/azturismo.net"],"url":"https:\/\/azturismo.net\/?author=1"}]}},"jetpack_publicize_connections":[],"jetpack_featured_media_url":"https:\/\/i0.wp.com\/azturismo.net\/wp-content\/uploads\/2025\/10\/leon-feria-alfenique5.jpg?fit=600%2C388&ssl=1","jetpack_sharing_enabled":true,"jetpack-related-posts":[{"id":3554,"url":"https:\/\/azturismo.net\/?p=3554","url_meta":{"origin":6241,"position":0},"title":"\ud83c\udf89Vive la Feria Nacional de San Marcos 2025: la m\u00e1s grande de M\u00e9xico y Am\u00e9rica Latina","author":"Azturismo","date":"abril 4, 2025","format":false,"excerpt":"Por Oscar V\u00e1zquez C. \ud83c\udf89 La Secretar\u00eda de Turismo del Gobierno de M\u00e9xico (Sectur) invita a turistas nacionales e internacionales a disfrutar de la Feria Nacional de San Marcos (FNSM), la celebraci\u00f3n m\u00e1s grande de M\u00e9xico y Am\u00e9rica Latina, que se llevar\u00e1 a cabo del 19 de abril al 11\u2026","rel":"","context":"En &quot;Destacadas&quot;","block_context":{"text":"Destacadas","link":"https:\/\/azturismo.net\/?cat=30"},"img":{"alt_text":"","src":"https:\/\/i0.wp.com\/azturismo.net\/wp-content\/uploads\/2025\/03\/FeriaDeAguascalientes5.jpeg?fit=600%2C400&ssl=1&resize=350%2C200","width":350,"height":200,"srcset":"https:\/\/i0.wp.com\/azturismo.net\/wp-content\/uploads\/2025\/03\/FeriaDeAguascalientes5.jpeg?fit=600%2C400&ssl=1&resize=350%2C200 1x, https:\/\/i0.wp.com\/azturismo.net\/wp-content\/uploads\/2025\/03\/FeriaDeAguascalientes5.jpeg?fit=600%2C400&ssl=1&resize=525%2C300 1.5x"},"classes":[]},{"id":6717,"url":"https:\/\/azturismo.net\/?p=6717","url_meta":{"origin":6241,"position":1},"title":"La Feria de Le\u00f3n 2026: una celebraci\u00f3n \u00e9pica por los 450 a\u00f1os de la ciudad","author":"Azturismo","date":"diciembre 7, 2025","format":false,"excerpt":"Por Staff AzTurismo La edici\u00f3n \"Feria de Le\u00f3n 450\" promete ser la mejor feria familiar de M\u00e9xico con un espect\u00e1culo exclusivo de Disney, conciertos de talla mundial y nuevas experiencias m\u00e1gicas. En el marco de los festejos por los 450 a\u00f1os de Le\u00f3n, el Patronato de la Feria present\u00f3 oficialmente\u2026","rel":"","context":"En &quot;Destacadas&quot;","block_context":{"text":"Destacadas","link":"https:\/\/azturismo.net\/?cat=30"},"img":{"alt_text":"","src":"https:\/\/i0.wp.com\/azturismo.net\/wp-content\/uploads\/2025\/12\/FeriaLeon.jpg?fit=600%2C400&ssl=1&resize=350%2C200","width":350,"height":200,"srcset":"https:\/\/i0.wp.com\/azturismo.net\/wp-content\/uploads\/2025\/12\/FeriaLeon.jpg?fit=600%2C400&ssl=1&resize=350%2C200 1x, https:\/\/i0.wp.com\/azturismo.net\/wp-content\/uploads\/2025\/12\/FeriaLeon.jpg?fit=600%2C400&ssl=1&resize=525%2C300 1.5x"},"classes":[]},{"id":3433,"url":"https:\/\/azturismo.net\/?p=3433","url_meta":{"origin":6241,"position":2},"title":"Le\u00f3n, Guanajuato, epicentro de grandes eventos en el Baj\u00edo","author":"Azturismo","date":"marzo 24, 2025","format":false,"excerpt":"Por Staff Azturismo Con su destacada infraestructura de clase mundial , una vibrante oferta cultural, hotelera y gastron\u00f3mica, Le\u00f3n se posiciona como el epicentro de grandes eventos en la regi\u00f3n del Baj\u00edo, impulsando la reactivaci\u00f3n econ\u00f3mica y atrayendo a millas de visitantes nacionales e internacionales. Este a\u00f1o, la ciudad ha\u2026","rel":"","context":"En &quot;Destacadas&quot;","block_context":{"text":"Destacadas","link":"https:\/\/azturismo.net\/?cat=30"},"img":{"alt_text":"","src":"https:\/\/i0.wp.com\/azturismo.net\/wp-content\/uploads\/2025\/03\/image-14.png?fit=600%2C481&ssl=1&resize=350%2C200","width":350,"height":200,"srcset":"https:\/\/i0.wp.com\/azturismo.net\/wp-content\/uploads\/2025\/03\/image-14.png?fit=600%2C481&ssl=1&resize=350%2C200 1x, https:\/\/i0.wp.com\/azturismo.net\/wp-content\/uploads\/2025\/03\/image-14.png?fit=600%2C481&ssl=1&resize=525%2C300 1.5x"},"classes":[]},{"id":5044,"url":"https:\/\/azturismo.net\/?p=5044","url_meta":{"origin":6241,"position":3},"title":"10 lugares imperdibles para desayunar con tus abuelos en Le\u00f3n","author":"Azturismo","date":"agosto 26, 2025","format":false,"excerpt":"El D\u00eda del Abuelo es una fecha especial para rendir homenaje a quienes llenan nuestra vida de historias, consejos y cari\u00f1o. Y qu\u00e9 mejor manera de celebrarlo que compartiendo un delicioso desayuno en alguno de los restaurantes m\u00e1s encantadores de Le\u00f3n, Guanajuato. En esta gu\u00eda encontrar\u00e1s 10 lugares imperdibles para\u2026","rel":"","context":"En &quot;SABORES&quot;","block_context":{"text":"SABORES","link":"https:\/\/azturismo.net\/?cat=35"},"img":{"alt_text":"","src":"https:\/\/i0.wp.com\/azturismo.net\/wp-content\/uploads\/2025\/08\/Cuajmil.jpg?fit=864%2C634&ssl=1&resize=350%2C200","width":350,"height":200,"srcset":"https:\/\/i0.wp.com\/azturismo.net\/wp-content\/uploads\/2025\/08\/Cuajmil.jpg?fit=864%2C634&ssl=1&resize=350%2C200 1x, https:\/\/i0.wp.com\/azturismo.net\/wp-content\/uploads\/2025\/08\/Cuajmil.jpg?fit=864%2C634&ssl=1&resize=525%2C300 1.5x, https:\/\/i0.wp.com\/azturismo.net\/wp-content\/uploads\/2025\/08\/Cuajmil.jpg?fit=864%2C634&ssl=1&resize=700%2C400 2x"},"classes":[]},{"id":3795,"url":"https:\/\/azturismo.net\/?p=3795","url_meta":{"origin":6241,"position":4},"title":"6 marcas de calzado hechas en Le\u00f3n que debes conocer","author":"Azturismo","date":"mayo 17, 2025","format":false,"excerpt":"Le\u00f3n, Guanajuato, no solo es un motor econ\u00f3mico nacional, tambi\u00e9n es reconocido como la capital mundial del calzado. Esta ciudad mexicana combina dise\u00f1o, moda y artesan\u00eda para crear productos de alta calidad que se exportan a mercados como Estados Unidos, Canad\u00e1 y Europa. El calzado \"Hecho en Le\u00f3n\" es sin\u00f3nimo\u2026","rel":"","context":"En &quot;Destacadas&quot;","block_context":{"text":"Destacadas","link":"https:\/\/azturismo.net\/?cat=30"},"img":{"alt_text":"","src":"https:\/\/i0.wp.com\/azturismo.net\/wp-content\/uploads\/2025\/05\/leon-zapatos-Cuadra.jpg?fit=600%2C297&ssl=1&resize=350%2C200","width":350,"height":200,"srcset":"https:\/\/i0.wp.com\/azturismo.net\/wp-content\/uploads\/2025\/05\/leon-zapatos-Cuadra.jpg?fit=600%2C297&ssl=1&resize=350%2C200 1x, https:\/\/i0.wp.com\/azturismo.net\/wp-content\/uploads\/2025\/05\/leon-zapatos-Cuadra.jpg?fit=600%2C297&ssl=1&resize=525%2C300 1.5x"},"classes":[]},{"id":3464,"url":"https:\/\/azturismo.net\/?p=3464","url_meta":{"origin":6241,"position":5},"title":"\ud83c\udf37Coatepec se llena de color con la Feria Internacional de la Orqu\u00eddea 2025","author":"Azturismo","date":"marzo 25, 2025","format":false,"excerpt":"Por Staff AzTurismo Del 11 al 20 de abril, el Pueblo M\u00e1gico de Coatepec, Veracruz, ser\u00e1 sede de la 15\u00aa Edici\u00f3n del Festival Internacional de la Orqu\u00eddea, el evento m\u00e1s grande de su tipo en M\u00e9xico. Participar\u00e1n 200 productores, investigadores, artesanos y cafeticultores, quienes exhibir\u00e1n m\u00e1s de 25 mil flores\u2026","rel":"","context":"En &quot;Destacadas&quot;","block_context":{"text":"Destacadas","link":"https:\/\/azturismo.net\/?cat=30"},"img":{"alt_text":"","src":"https:\/\/i0.wp.com\/azturismo.net\/wp-content\/uploads\/2025\/03\/PSX_20250325_173253.jpg?fit=600%2C347&ssl=1&resize=350%2C200","width":350,"height":200,"srcset":"https:\/\/i0.wp.com\/azturismo.net\/wp-content\/uploads\/2025\/03\/PSX_20250325_173253.jpg?fit=600%2C347&ssl=1&resize=350%2C200 1x, https:\/\/i0.wp.com\/azturismo.net\/wp-content\/uploads\/2025\/03\/PSX_20250325_173253.jpg?fit=600%2C347&ssl=1&resize=525%2C300 1.5x"},"classes":[]}],"jetpack_shortlink":"https:\/\/wp.me\/pfqZGx-1CF","amp_enabled":true,"_links":{"self":[{"href":"https:\/\/azturismo.net\/index.php?rest_route=\/wp\/v2\/posts\/6241","targetHints":{"allow":["GET"]}}],"collection":[{"href":"https:\/\/azturismo.net\/index.php?rest_route=\/wp\/v2\/posts"}],"about":[{"href":"https:\/\/azturismo.net\/index.php?rest_route=\/wp\/v2\/types\/post"}],"author":[{"embeddable":true,"href":"https:\/\/azturismo.net\/index.php?rest_route=\/wp\/v2\/users\/1"}],"replies":[{"embeddable":true,"href":"https:\/\/azturismo.net\/index.php?rest_route=%2Fwp%2Fv2%2Fcomments&post=6241"}],"version-history":[{"count":1,"href":"https:\/\/azturismo.net\/index.php?rest_route=\/wp\/v2\/posts\/6241\/revisions"}],"predecessor-version":[{"id":6247,"href":"https:\/\/azturismo.net\/index.php?rest_route=\/wp\/v2\/posts\/6241\/revisions\/6247"}],"wp:featuredmedia":[{"embeddable":true,"href":"https:\/\/azturismo.net\/index.php?rest_route=\/wp\/v2\/media\/6242"}],"wp:attachment":[{"href":"https:\/\/azturismo.net\/index.php?rest_route=%2Fwp%2Fv2%2Fmedia&parent=6241"}],"wp:term":[{"taxonomy":"category","embeddable":true,"href":"https:\/\/azturismo.net\/index.php?rest_route=%2Fwp%2Fv2%2Fcategories&post=6241"},{"taxonomy":"post_tag","embeddable":true,"href":"https:\/\/azturismo.net\/index.php?rest_route=%2Fwp%2Fv2%2Ftags&post=6241"}],"curies":[{"name":"wp","href":"https:\/\/api.w.org\/{rel}","templated":true}]}}