{"id":6106,"date":"2025-10-24T18:06:00","date_gmt":"2025-10-25T00:06:00","guid":{"rendered":"https:\/\/azturismo.net\/?p=6106"},"modified":"2025-10-22T13:24:34","modified_gmt":"2025-10-22T19:24:34","slug":"parral-celebra-el-dia-de-muertos-con-arte-historia-y-tradicion","status":"publish","type":"post","link":"https:\/\/azturismo.net\/?p=6106","title":{"rendered":"Parral celebra el D\u00eda de Muertos con arte, historia y tradici\u00f3n"},"content":{"rendered":"\n<p>Por Staff AzTurismo<\/p>\n\n\n\n<p>El municipio de Hidalgo del Parral, Chihuahua, se prepara para recibir una de las festividades m\u00e1s esperadas del a\u00f1o: <strong>\u201cAltares y Leyendas 2025\u201d<\/strong>, una celebraci\u00f3n que une arte, memoria y cultura para rendir homenaje a quienes ya no est\u00e1n, pero viven en el recuerdo de su gente.<\/p>\n\n\n\n<p>Del <strong>30 de octubre al 3 de noviembre<\/strong>, la <strong>explanada frente al Palacio Alvarado<\/strong> se llenar\u00e1 de color, aromas y simbolismo con la instalaci\u00f3n de <strong>altares de muertos tem\u00e1ticos<\/strong>, creados por instituciones educativas y asociaciones civiles. Cada ofrenda contar\u00e1 una historia, recordando a los antepasados que han dejado huella en la vida de esta emblem\u00e1tica ciudad chihuahuense.<\/p>\n\n\n\n<h3 class=\"wp-block-heading\">Tradici\u00f3n y homenaje en el Palacio Alvarado<\/h3>\n\n\n\n<p>El <strong>Centro Cultural Palacio Alvarado<\/strong> rendir\u00e1 tributo a la <strong>familia Alvarado<\/strong> con un altar instalado en la Capilla de la Santa Cruz. Los patios y caballerizas del recinto se vestir\u00e1n con velas, flores y papel picado, creando una atm\u00f3sfera de misticismo que invita a la reflexi\u00f3n y al reencuentro con las ra\u00edces mexicanas.<\/p>\n\n\n<div class=\"wp-block-image\">\n<figure class=\"aligncenter size-full is-resized\"><img data-recalc-dims=\"1\" loading=\"lazy\" decoding=\"async\" width=\"600\" height=\"450\" data-attachment-id=\"6108\" data-permalink=\"https:\/\/azturismo.net\/?attachment_id=6108\" data-orig-file=\"https:\/\/i0.wp.com\/azturismo.net\/wp-content\/uploads\/2025\/10\/EL-PARRAL-5.jpg?fit=600%2C450&amp;ssl=1\" data-orig-size=\"600,450\" data-comments-opened=\"1\" data-image-meta=\"{&quot;aperture&quot;:&quot;0&quot;,&quot;credit&quot;:&quot;&quot;,&quot;camera&quot;:&quot;&quot;,&quot;caption&quot;:&quot;&quot;,&quot;created_timestamp&quot;:&quot;0&quot;,&quot;copyright&quot;:&quot;&quot;,&quot;focal_length&quot;:&quot;0&quot;,&quot;iso&quot;:&quot;0&quot;,&quot;shutter_speed&quot;:&quot;0&quot;,&quot;title&quot;:&quot;&quot;,&quot;orientation&quot;:&quot;1&quot;}\" data-image-title=\"EL PARRAL 5\" data-image-description=\"\" data-image-caption=\"\" data-large-file=\"https:\/\/i0.wp.com\/azturismo.net\/wp-content\/uploads\/2025\/10\/EL-PARRAL-5.jpg?fit=600%2C450&amp;ssl=1\" src=\"https:\/\/i0.wp.com\/azturismo.net\/wp-content\/uploads\/2025\/10\/EL-PARRAL-5.jpg?resize=600%2C450&#038;ssl=1\" alt=\"\" class=\"wp-image-6108\" style=\"width:892px;height:auto\" srcset=\"https:\/\/i0.wp.com\/azturismo.net\/wp-content\/uploads\/2025\/10\/EL-PARRAL-5.jpg?w=600&amp;ssl=1 600w, https:\/\/i0.wp.com\/azturismo.net\/wp-content\/uploads\/2025\/10\/EL-PARRAL-5.jpg?resize=300%2C225&amp;ssl=1 300w, https:\/\/i0.wp.com\/azturismo.net\/wp-content\/uploads\/2025\/10\/EL-PARRAL-5.jpg?resize=150%2C113&amp;ssl=1 150w\" sizes=\"auto, (max-width: 600px) 100vw, 600px\" \/><\/figure><\/div>\n\n\n<p>Las actividades iniciar\u00e1n el <strong>28 de octubre<\/strong> con la instalaci\u00f3n de los altares y la <strong>inauguraci\u00f3n oficial el 30 de octubre<\/strong>, con un corte de list\u00f3n que marcar\u00e1 el inicio de los recorridos. Los visitantes podr\u00e1n disfrutar de las exposiciones hasta las <strong>22:00 horas<\/strong>, y del <strong>1 al 3 de noviembre<\/strong> los altares permanecer\u00e1n abiertos de <strong>10:00 a 22:00 horas<\/strong>.<\/p>\n\n\n\n<h3 class=\"wp-block-heading\">Teatro, m\u00fasica y recorridos de leyendas<\/h3>\n\n\n\n<p>Durante los d\u00edas de celebraci\u00f3n, se realizar\u00e1n <strong>funciones teatrales, m\u00fasica en vivo y presentaciones especiales<\/strong>. Destacan la puesta en escena <em>\u201cNoche de Catrinas\u201d<\/em>, a cargo del Colegio de Bachilleres Plantel 12, en el tradicional Barrio de la Alfare\u00f1a, y la obra <em>\u201cEl Resplandor\u201d<\/em>, presentada por el club de teatro del Jard\u00edn del Abuelo, del 30 de octubre al 1 de noviembre.<\/p>\n\n\n\n<p>Adem\u00e1s, el <strong>Recorrido de Leyendas del Parral<\/strong>, dirigido por <strong>Omar Andrew<\/strong>, del Centro Comunitario del DIF Tecnol\u00f3gico, revivir\u00e1 personajes e historias emblem\u00e1ticas los d\u00edas <strong>1 y 2 de noviembre a las 20:00 horas<\/strong>.<\/p>\n\n\n\n<h3 class=\"wp-block-heading\">Una experiencia para honrar la vida<\/h3>\n\n\n\n<p>\u201cAltares y Leyendas en Chihuahua\u201d es m\u00e1s que una festividad: es una <strong>experiencia cultural y espiritual<\/strong> que invita a honrar la vida a trav\u00e9s del recuerdo, a fortalecer la identidad del pueblo parralense y a celebrar el legado de generaciones que siguen presentes en la memoria colectiva.<\/p>\n\n\n\n<p>\ud83d\udccd<strong>D\u00f3nde:<\/strong> Explanada frente al Palacio Alvarado, Hidalgo del Parral, Chihuahua<br>\ud83d\udcc5 <strong>Cu\u00e1ndo:<\/strong> Del 30 de octubre al 3 de noviembre<br>\ud83d\udd52 <strong>Horario:<\/strong> De 10:00 a 22:00 horas<\/p>\n\n\n\n<p><br><\/p>\n\n\n\n<p><\/p>\n","protected":false},"excerpt":{"rendered":"<p>Por Staff AzTurismo El municipio de Hidalgo del Parral, Chihuahua, se prepara para recibir una de las festividades m\u00e1s esperadas del a\u00f1o: \u201cAltares y Leyendas 2025\u201d, una celebraci\u00f3n que une arte, memoria y cultura para rendir homenaje a quienes ya no est\u00e1n, pero viven en el recuerdo de su gente. Del 30 de octubre al [&hellip;]<\/p>\n","protected":false},"author":1,"featured_media":6107,"comment_status":"open","ping_status":"open","sticky":false,"template":"","format":"standard","meta":{"jetpack_post_was_ever_published":false,"_jetpack_newsletter_access":"","_jetpack_dont_email_post_to_subs":false,"_jetpack_newsletter_tier_id":0,"_jetpack_memberships_contains_paywalled_content":false,"_jetpack_memberships_contains_paid_content":false,"footnotes":"","jetpack_publicize_message":"","jetpack_publicize_feature_enabled":true,"jetpack_social_post_already_shared":true,"jetpack_social_options":{"image_generator_settings":{"template":"highway","default_image_id":0,"font":"","enabled":false},"version":2}},"categories":[31,33],"tags":[2839,99,411,2841],"class_list":{"0":"post-6106","1":"post","2":"type-post","3":"status-publish","4":"format-standard","5":"has-post-thumbnail","7":"category-especiales","8":"category-especiales-segundarias","9":"tag-altares-y-leyendas-en-chihuahua","10":"tag-azturismo","11":"tag-dia-de-muertos","12":"tag-festividades-mexicanas"},"yoast_head":"<!-- This site is optimized with the Yoast SEO plugin v27.5 - https:\/\/yoast.com\/product\/yoast-seo-wordpress\/ -->\n<title>Parral celebra el D\u00eda de Muertos con arte, historia y tradici\u00f3n - Azturismo Noticias<\/title>\n<meta name=\"description\" content=\"Hidalgo del Parral celebra \u201cAltares y Leyendas 2025\u201d con ofrendas, teatro y recorridos nocturnos del 30 de octubre al 3 de noviembre. Tradici\u00f3n, cultura y leyendas en el coraz\u00f3n de Chihuahua.\" \/>\n<meta name=\"robots\" content=\"index, follow, max-snippet:-1, max-image-preview:large, max-video-preview:-1\" \/>\n<link rel=\"canonical\" href=\"https:\/\/azturismo.net\/?p=6106\" \/>\n<meta property=\"og:locale\" content=\"es_MX\" \/>\n<meta property=\"og:type\" content=\"article\" \/>\n<meta property=\"og:title\" content=\"Parral celebra el D\u00eda de Muertos con arte, historia y tradici\u00f3n - Azturismo Noticias\" \/>\n<meta property=\"og:description\" content=\"Hidalgo del Parral celebra \u201cAltares y Leyendas 2025\u201d con ofrendas, teatro y recorridos nocturnos del 30 de octubre al 3 de noviembre. Tradici\u00f3n, cultura y leyendas en el coraz\u00f3n de Chihuahua.\" \/>\n<meta property=\"og:url\" content=\"https:\/\/azturismo.net\/?p=6106\" \/>\n<meta property=\"og:site_name\" content=\"Azturismo Noticias\" \/>\n<meta property=\"article:publisher\" content=\"https:\/\/www.facebook.com\/AzturismoNoticias\" \/>\n<meta property=\"article:published_time\" content=\"2025-10-25T00:06:00+00:00\" \/>\n<meta property=\"og:image\" content=\"https:\/\/i0.wp.com\/azturismo.net\/wp-content\/uploads\/2025\/10\/chihuahu-DiaDeMuertos.jpg?fit=600%2C450&ssl=1\" \/>\n\t<meta property=\"og:image:width\" content=\"600\" \/>\n\t<meta property=\"og:image:height\" content=\"450\" \/>\n\t<meta property=\"og:image:type\" content=\"image\/jpeg\" \/>\n<meta name=\"author\" content=\"Azturismo\" \/>\n<meta name=\"twitter:card\" content=\"summary_large_image\" \/>\n<meta name=\"twitter:creator\" content=\"@AzTurismo\" \/>\n<meta name=\"twitter:site\" content=\"@AzTurismo\" \/>\n<meta name=\"twitter:label1\" content=\"Escrito por\" \/>\n\t<meta name=\"twitter:data1\" content=\"Azturismo\" \/>\n\t<meta name=\"twitter:label2\" content=\"Tiempo de lectura\" \/>\n\t<meta name=\"twitter:data2\" content=\"3 minutos\" \/>\n<script type=\"application\/ld+json\" class=\"yoast-schema-graph\">{\"@context\":\"https:\\\/\\\/schema.org\",\"@graph\":[{\"@type\":\"Article\",\"@id\":\"https:\\\/\\\/azturismo.net\\\/?p=6106#article\",\"isPartOf\":{\"@id\":\"https:\\\/\\\/azturismo.net\\\/?p=6106\"},\"author\":{\"name\":\"Azturismo\",\"@id\":\"https:\\\/\\\/azturismo.net\\\/#\\\/schema\\\/person\\\/4b56d87f51c4d1b518c650739ad3bbc1\"},\"headline\":\"Parral celebra el D\u00eda de Muertos con arte, historia y tradici\u00f3n\",\"datePublished\":\"2025-10-25T00:06:00+00:00\",\"mainEntityOfPage\":{\"@id\":\"https:\\\/\\\/azturismo.net\\\/?p=6106\"},\"wordCount\":431,\"commentCount\":0,\"publisher\":{\"@id\":\"https:\\\/\\\/azturismo.net\\\/#organization\"},\"image\":{\"@id\":\"https:\\\/\\\/azturismo.net\\\/?p=6106#primaryimage\"},\"thumbnailUrl\":\"https:\\\/\\\/i0.wp.com\\\/azturismo.net\\\/wp-content\\\/uploads\\\/2025\\\/10\\\/chihuahu-DiaDeMuertos.jpg?fit=600%2C450&ssl=1\",\"keywords\":[\"Altares y Leyendas en Chihuahua\",\"azturismo\",\"D\u00eda de Muertos\",\"festividades mexicanas\"],\"articleSection\":[\"ESPECIALES 1\",\"ESPECIALES 2\"],\"inLanguage\":\"es\",\"potentialAction\":[{\"@type\":\"CommentAction\",\"name\":\"Comment\",\"target\":[\"https:\\\/\\\/azturismo.net\\\/?p=6106#respond\"]}]},{\"@type\":\"WebPage\",\"@id\":\"https:\\\/\\\/azturismo.net\\\/?p=6106\",\"url\":\"https:\\\/\\\/azturismo.net\\\/?p=6106\",\"name\":\"Parral celebra el D\u00eda de Muertos con arte, historia y tradici\u00f3n - Azturismo Noticias\",\"isPartOf\":{\"@id\":\"https:\\\/\\\/azturismo.net\\\/#website\"},\"primaryImageOfPage\":{\"@id\":\"https:\\\/\\\/azturismo.net\\\/?p=6106#primaryimage\"},\"image\":{\"@id\":\"https:\\\/\\\/azturismo.net\\\/?p=6106#primaryimage\"},\"thumbnailUrl\":\"https:\\\/\\\/i0.wp.com\\\/azturismo.net\\\/wp-content\\\/uploads\\\/2025\\\/10\\\/chihuahu-DiaDeMuertos.jpg?fit=600%2C450&ssl=1\",\"datePublished\":\"2025-10-25T00:06:00+00:00\",\"description\":\"Hidalgo del Parral celebra \u201cAltares y Leyendas 2025\u201d con ofrendas, teatro y recorridos nocturnos del 30 de octubre al 3 de noviembre. Tradici\u00f3n, cultura y leyendas en el coraz\u00f3n de Chihuahua.\",\"breadcrumb\":{\"@id\":\"https:\\\/\\\/azturismo.net\\\/?p=6106#breadcrumb\"},\"inLanguage\":\"es\",\"potentialAction\":[{\"@type\":\"ReadAction\",\"target\":[\"https:\\\/\\\/azturismo.net\\\/?p=6106\"]}]},{\"@type\":\"ImageObject\",\"inLanguage\":\"es\",\"@id\":\"https:\\\/\\\/azturismo.net\\\/?p=6106#primaryimage\",\"url\":\"https:\\\/\\\/i0.wp.com\\\/azturismo.net\\\/wp-content\\\/uploads\\\/2025\\\/10\\\/chihuahu-DiaDeMuertos.jpg?fit=600%2C450&ssl=1\",\"contentUrl\":\"https:\\\/\\\/i0.wp.com\\\/azturismo.net\\\/wp-content\\\/uploads\\\/2025\\\/10\\\/chihuahu-DiaDeMuertos.jpg?fit=600%2C450&ssl=1\",\"width\":600,\"height\":450},{\"@type\":\"BreadcrumbList\",\"@id\":\"https:\\\/\\\/azturismo.net\\\/?p=6106#breadcrumb\",\"itemListElement\":[{\"@type\":\"ListItem\",\"position\":1,\"name\":\"Home\",\"item\":\"https:\\\/\\\/azturismo.net\\\/\"},{\"@type\":\"ListItem\",\"position\":2,\"name\":\"Parral celebra el D\u00eda de Muertos con arte, historia y tradici\u00f3n\"}]},{\"@type\":\"WebSite\",\"@id\":\"https:\\\/\\\/azturismo.net\\\/#website\",\"url\":\"https:\\\/\\\/azturismo.net\\\/\",\"name\":\"Azturismo\",\"description\":\"Azturismo Noticias\",\"publisher\":{\"@id\":\"https:\\\/\\\/azturismo.net\\\/#organization\"},\"potentialAction\":[{\"@type\":\"SearchAction\",\"target\":{\"@type\":\"EntryPoint\",\"urlTemplate\":\"https:\\\/\\\/azturismo.net\\\/?s={search_term_string}\"},\"query-input\":{\"@type\":\"PropertyValueSpecification\",\"valueRequired\":true,\"valueName\":\"search_term_string\"}}],\"inLanguage\":\"es\"},{\"@type\":\"Organization\",\"@id\":\"https:\\\/\\\/azturismo.net\\\/#organization\",\"name\":\"Azturismo\",\"url\":\"https:\\\/\\\/azturismo.net\\\/\",\"logo\":{\"@type\":\"ImageObject\",\"inLanguage\":\"es\",\"@id\":\"https:\\\/\\\/azturismo.net\\\/#\\\/schema\\\/logo\\\/image\\\/\",\"url\":\"https:\\\/\\\/i0.wp.com\\\/azturismo.net\\\/wp-content\\\/uploads\\\/2024\\\/03\\\/logo-el-bueno-.png?fit=294%2C69&ssl=1\",\"contentUrl\":\"https:\\\/\\\/i0.wp.com\\\/azturismo.net\\\/wp-content\\\/uploads\\\/2024\\\/03\\\/logo-el-bueno-.png?fit=294%2C69&ssl=1\",\"width\":294,\"height\":69,\"caption\":\"Azturismo\"},\"image\":{\"@id\":\"https:\\\/\\\/azturismo.net\\\/#\\\/schema\\\/logo\\\/image\\\/\"},\"sameAs\":[\"https:\\\/\\\/www.facebook.com\\\/AzturismoNoticias\",\"https:\\\/\\\/x.com\\\/AzTurismo\",\"https:\\\/\\\/www.instagram.com\\\/azturismo_noticias\\\/?fbclid=IwAR2xMiuoHbs6eLeIHKP8P5sSGa-xFrw7FfejscXO7kDghWa7wKLjGczKOwE\",\"https:\\\/\\\/www.tiktok.com\\\/@azturismo\"]},{\"@type\":\"Person\",\"@id\":\"https:\\\/\\\/azturismo.net\\\/#\\\/schema\\\/person\\\/4b56d87f51c4d1b518c650739ad3bbc1\",\"name\":\"Azturismo\",\"image\":{\"@type\":\"ImageObject\",\"inLanguage\":\"es\",\"@id\":\"https:\\\/\\\/azturismo.net\\\/wp-content\\\/litespeed\\\/avatar\\\/dfe28a31cdd68b788da48a316e50db10.jpg?ver=1777707566\",\"url\":\"https:\\\/\\\/azturismo.net\\\/wp-content\\\/litespeed\\\/avatar\\\/dfe28a31cdd68b788da48a316e50db10.jpg?ver=1777707566\",\"contentUrl\":\"https:\\\/\\\/azturismo.net\\\/wp-content\\\/litespeed\\\/avatar\\\/dfe28a31cdd68b788da48a316e50db10.jpg?ver=1777707566\",\"caption\":\"Azturismo\"},\"sameAs\":[\"https:\\\/\\\/azturismo.net\"],\"url\":\"https:\\\/\\\/azturismo.net\\\/?author=1\"}]}<\/script>\n<!-- \/ Yoast SEO plugin. -->","yoast_head_json":{"title":"Parral celebra el D\u00eda de Muertos con arte, historia y tradici\u00f3n - Azturismo Noticias","description":"Hidalgo del Parral celebra \u201cAltares y Leyendas 2025\u201d con ofrendas, teatro y recorridos nocturnos del 30 de octubre al 3 de noviembre. Tradici\u00f3n, cultura y leyendas en el coraz\u00f3n de Chihuahua.","robots":{"index":"index","follow":"follow","max-snippet":"max-snippet:-1","max-image-preview":"max-image-preview:large","max-video-preview":"max-video-preview:-1"},"canonical":"https:\/\/azturismo.net\/?p=6106","og_locale":"es_MX","og_type":"article","og_title":"Parral celebra el D\u00eda de Muertos con arte, historia y tradici\u00f3n - Azturismo Noticias","og_description":"Hidalgo del Parral celebra \u201cAltares y Leyendas 2025\u201d con ofrendas, teatro y recorridos nocturnos del 30 de octubre al 3 de noviembre. Tradici\u00f3n, cultura y leyendas en el coraz\u00f3n de Chihuahua.","og_url":"https:\/\/azturismo.net\/?p=6106","og_site_name":"Azturismo Noticias","article_publisher":"https:\/\/www.facebook.com\/AzturismoNoticias","article_published_time":"2025-10-25T00:06:00+00:00","og_image":[{"width":600,"height":450,"url":"https:\/\/i0.wp.com\/azturismo.net\/wp-content\/uploads\/2025\/10\/chihuahu-DiaDeMuertos.jpg?fit=600%2C450&ssl=1","type":"image\/jpeg"}],"author":"Azturismo","twitter_card":"summary_large_image","twitter_creator":"@AzTurismo","twitter_site":"@AzTurismo","twitter_misc":{"Escrito por":"Azturismo","Tiempo de lectura":"3 minutos"},"schema":{"@context":"https:\/\/schema.org","@graph":[{"@type":"Article","@id":"https:\/\/azturismo.net\/?p=6106#article","isPartOf":{"@id":"https:\/\/azturismo.net\/?p=6106"},"author":{"name":"Azturismo","@id":"https:\/\/azturismo.net\/#\/schema\/person\/4b56d87f51c4d1b518c650739ad3bbc1"},"headline":"Parral celebra el D\u00eda de Muertos con arte, historia y tradici\u00f3n","datePublished":"2025-10-25T00:06:00+00:00","mainEntityOfPage":{"@id":"https:\/\/azturismo.net\/?p=6106"},"wordCount":431,"commentCount":0,"publisher":{"@id":"https:\/\/azturismo.net\/#organization"},"image":{"@id":"https:\/\/azturismo.net\/?p=6106#primaryimage"},"thumbnailUrl":"https:\/\/i0.wp.com\/azturismo.net\/wp-content\/uploads\/2025\/10\/chihuahu-DiaDeMuertos.jpg?fit=600%2C450&ssl=1","keywords":["Altares y Leyendas en Chihuahua","azturismo","D\u00eda de Muertos","festividades mexicanas"],"articleSection":["ESPECIALES 1","ESPECIALES 2"],"inLanguage":"es","potentialAction":[{"@type":"CommentAction","name":"Comment","target":["https:\/\/azturismo.net\/?p=6106#respond"]}]},{"@type":"WebPage","@id":"https:\/\/azturismo.net\/?p=6106","url":"https:\/\/azturismo.net\/?p=6106","name":"Parral celebra el D\u00eda de Muertos con arte, historia y tradici\u00f3n - Azturismo Noticias","isPartOf":{"@id":"https:\/\/azturismo.net\/#website"},"primaryImageOfPage":{"@id":"https:\/\/azturismo.net\/?p=6106#primaryimage"},"image":{"@id":"https:\/\/azturismo.net\/?p=6106#primaryimage"},"thumbnailUrl":"https:\/\/i0.wp.com\/azturismo.net\/wp-content\/uploads\/2025\/10\/chihuahu-DiaDeMuertos.jpg?fit=600%2C450&ssl=1","datePublished":"2025-10-25T00:06:00+00:00","description":"Hidalgo del Parral celebra \u201cAltares y Leyendas 2025\u201d con ofrendas, teatro y recorridos nocturnos del 30 de octubre al 3 de noviembre. Tradici\u00f3n, cultura y leyendas en el coraz\u00f3n de Chihuahua.","breadcrumb":{"@id":"https:\/\/azturismo.net\/?p=6106#breadcrumb"},"inLanguage":"es","potentialAction":[{"@type":"ReadAction","target":["https:\/\/azturismo.net\/?p=6106"]}]},{"@type":"ImageObject","inLanguage":"es","@id":"https:\/\/azturismo.net\/?p=6106#primaryimage","url":"https:\/\/i0.wp.com\/azturismo.net\/wp-content\/uploads\/2025\/10\/chihuahu-DiaDeMuertos.jpg?fit=600%2C450&ssl=1","contentUrl":"https:\/\/i0.wp.com\/azturismo.net\/wp-content\/uploads\/2025\/10\/chihuahu-DiaDeMuertos.jpg?fit=600%2C450&ssl=1","width":600,"height":450},{"@type":"BreadcrumbList","@id":"https:\/\/azturismo.net\/?p=6106#breadcrumb","itemListElement":[{"@type":"ListItem","position":1,"name":"Home","item":"https:\/\/azturismo.net\/"},{"@type":"ListItem","position":2,"name":"Parral celebra el D\u00eda de Muertos con arte, historia y tradici\u00f3n"}]},{"@type":"WebSite","@id":"https:\/\/azturismo.net\/#website","url":"https:\/\/azturismo.net\/","name":"Azturismo","description":"Azturismo Noticias","publisher":{"@id":"https:\/\/azturismo.net\/#organization"},"potentialAction":[{"@type":"SearchAction","target":{"@type":"EntryPoint","urlTemplate":"https:\/\/azturismo.net\/?s={search_term_string}"},"query-input":{"@type":"PropertyValueSpecification","valueRequired":true,"valueName":"search_term_string"}}],"inLanguage":"es"},{"@type":"Organization","@id":"https:\/\/azturismo.net\/#organization","name":"Azturismo","url":"https:\/\/azturismo.net\/","logo":{"@type":"ImageObject","inLanguage":"es","@id":"https:\/\/azturismo.net\/#\/schema\/logo\/image\/","url":"https:\/\/i0.wp.com\/azturismo.net\/wp-content\/uploads\/2024\/03\/logo-el-bueno-.png?fit=294%2C69&ssl=1","contentUrl":"https:\/\/i0.wp.com\/azturismo.net\/wp-content\/uploads\/2024\/03\/logo-el-bueno-.png?fit=294%2C69&ssl=1","width":294,"height":69,"caption":"Azturismo"},"image":{"@id":"https:\/\/azturismo.net\/#\/schema\/logo\/image\/"},"sameAs":["https:\/\/www.facebook.com\/AzturismoNoticias","https:\/\/x.com\/AzTurismo","https:\/\/www.instagram.com\/azturismo_noticias\/?fbclid=IwAR2xMiuoHbs6eLeIHKP8P5sSGa-xFrw7FfejscXO7kDghWa7wKLjGczKOwE","https:\/\/www.tiktok.com\/@azturismo"]},{"@type":"Person","@id":"https:\/\/azturismo.net\/#\/schema\/person\/4b56d87f51c4d1b518c650739ad3bbc1","name":"Azturismo","image":{"@type":"ImageObject","inLanguage":"es","@id":"https:\/\/azturismo.net\/wp-content\/litespeed\/avatar\/dfe28a31cdd68b788da48a316e50db10.jpg?ver=1777707566","url":"https:\/\/azturismo.net\/wp-content\/litespeed\/avatar\/dfe28a31cdd68b788da48a316e50db10.jpg?ver=1777707566","contentUrl":"https:\/\/azturismo.net\/wp-content\/litespeed\/avatar\/dfe28a31cdd68b788da48a316e50db10.jpg?ver=1777707566","caption":"Azturismo"},"sameAs":["https:\/\/azturismo.net"],"url":"https:\/\/azturismo.net\/?author=1"}]}},"jetpack_publicize_connections":[],"jetpack_featured_media_url":"https:\/\/i0.wp.com\/azturismo.net\/wp-content\/uploads\/2025\/10\/chihuahu-DiaDeMuertos.jpg?fit=600%2C450&ssl=1","jetpack_sharing_enabled":true,"jetpack-related-posts":[{"id":6077,"url":"https:\/\/azturismo.net\/?p=6077","url_meta":{"origin":6106,"position":0},"title":"\ud83d\udc80 Vive el D\u00eda de Muertos al estilo Jalisco","author":"Azturismo","date":"octubre 26, 2025","format":false,"excerpt":"Por Staff AzTurismo El estado de Jalisco es sin\u00f3nimo de cultura, historia y tradici\u00f3n. En el D\u00eda de Muertos, sus calles, plazas y haciendas se transforman en escenarios vivos donde los altares, las flores de cempas\u00fachil y la m\u00fasica mexicana rinden homenaje a los que ya partieron. Entre aromas de\u2026","rel":"","context":"En &quot;Destacadas&quot;","block_context":{"text":"Destacadas","link":"https:\/\/azturismo.net\/?cat=30"},"img":{"alt_text":"","src":"https:\/\/i0.wp.com\/azturismo.net\/wp-content\/uploads\/2025\/10\/DiaMuertosJalisco6.jpg?fit=600%2C400&ssl=1&resize=350%2C200","width":350,"height":200,"srcset":"https:\/\/i0.wp.com\/azturismo.net\/wp-content\/uploads\/2025\/10\/DiaMuertosJalisco6.jpg?fit=600%2C400&ssl=1&resize=350%2C200 1x, https:\/\/i0.wp.com\/azturismo.net\/wp-content\/uploads\/2025\/10\/DiaMuertosJalisco6.jpg?fit=600%2C400&ssl=1&resize=525%2C300 1.5x"},"classes":[]},{"id":6145,"url":"https:\/\/azturismo.net\/?p=6145","url_meta":{"origin":6106,"position":1},"title":"Actividades \u00fanicas ofrece Morelos para vivir las festividades del \ud83d\udc80D\u00eda de Muertos","author":"Azturismo","date":"octubre 26, 2025","format":false,"excerpt":"Por Oscar V\u00e1zquez C. \ud83d\udc80Morelos se viste de tradici\u00f3n para conmemorar una de las celebraciones m\u00e1s entra\u00f1ables y coloridas de M\u00e9xico: el D\u00eda de Muertos, una festividad que no solo se observa, sino que se vive con todos los sentidos. El Gobierno del Estado de Morelos, a trav\u00e9s de la\u2026","rel":"","context":"En &quot;Destacadas&quot;","block_context":{"text":"Destacadas","link":"https:\/\/azturismo.net\/?cat=30"},"img":{"alt_text":"","src":"https:\/\/i0.wp.com\/azturismo.net\/wp-content\/uploads\/2025\/10\/Dizfras_muertos.png?fit=600%2C390&ssl=1&resize=350%2C200","width":350,"height":200,"srcset":"https:\/\/i0.wp.com\/azturismo.net\/wp-content\/uploads\/2025\/10\/Dizfras_muertos.png?fit=600%2C390&ssl=1&resize=350%2C200 1x, https:\/\/i0.wp.com\/azturismo.net\/wp-content\/uploads\/2025\/10\/Dizfras_muertos.png?fit=600%2C390&ssl=1&resize=525%2C300 1.5x"},"classes":[]},{"id":6222,"url":"https:\/\/azturismo.net\/?p=6222","url_meta":{"origin":6106,"position":2},"title":"\ud83c\udf3aD\u00eda de Muertos al estilo jalisciense","author":"Azturismo","date":"octubre 31, 2025","format":false,"excerpt":"Por Staff AzTurismo Jalisco se viste de cempas\u00fachil, arte y tradici\u00f3n para conmemorar el D\u00eda de Muertos 2025, una de las celebraciones m\u00e1s emblem\u00e1ticas de M\u00e9xico. Con una agenda que re\u00fane m\u00e1s de cien actividades en todo el estado, el destino reafirma su liderazgo como epicentro cultural y tur\u00edstico durante\u2026","rel":"","context":"En &quot;Destacadas&quot;","block_context":{"text":"Destacadas","link":"https:\/\/azturismo.net\/?cat=30"},"img":{"alt_text":"","src":"https:\/\/i0.wp.com\/azturismo.net\/wp-content\/uploads\/2025\/10\/Jalisco-DiaMuertos13.jpg?fit=600%2C400&ssl=1&resize=350%2C200","width":350,"height":200,"srcset":"https:\/\/i0.wp.com\/azturismo.net\/wp-content\/uploads\/2025\/10\/Jalisco-DiaMuertos13.jpg?fit=600%2C400&ssl=1&resize=350%2C200 1x, https:\/\/i0.wp.com\/azturismo.net\/wp-content\/uploads\/2025\/10\/Jalisco-DiaMuertos13.jpg?fit=600%2C400&ssl=1&resize=525%2C300 1.5x"},"classes":[]},{"id":6248,"url":"https:\/\/azturismo.net\/?p=6248","url_meta":{"origin":6106,"position":3},"title":"D\u00eda de Muertos frente al Pac\u00edfico Mexicano, un viaje inolvidable a Puerto Vallarta","author":"Azturismo","date":"octubre 31, 2025","format":false,"excerpt":"Por Staff AzTurismo Pocas festividades reflejan tan bien el alma mexicana como el D\u00eda de Muertos, y vivirlo frente al Pac\u00edfico se ha convertido en una experiencia que combina emoci\u00f3n, cultura y belleza natural. Este 2025, Puerto Vallarta se viste de flores de cempas\u00fachil, arte y tradici\u00f3n para recibir a\u2026","rel":"","context":"En &quot;Destacadas&quot;","block_context":{"text":"Destacadas","link":"https:\/\/azturismo.net\/?cat=30"},"img":{"alt_text":"","src":"https:\/\/i0.wp.com\/azturismo.net\/wp-content\/uploads\/2025\/10\/HILTON_Vallarta.jpg?fit=600%2C400&ssl=1&resize=350%2C200","width":350,"height":200,"srcset":"https:\/\/i0.wp.com\/azturismo.net\/wp-content\/uploads\/2025\/10\/HILTON_Vallarta.jpg?fit=600%2C400&ssl=1&resize=350%2C200 1x, https:\/\/i0.wp.com\/azturismo.net\/wp-content\/uploads\/2025\/10\/HILTON_Vallarta.jpg?fit=600%2C400&ssl=1&resize=525%2C300 1.5x"},"classes":[]},{"id":6090,"url":"https:\/\/azturismo.net\/?p=6090","url_meta":{"origin":6106,"position":4},"title":"Restaurante Sendero se envuelve en el esp\u00edritu oaxaque\u00f1o para celebrar el D\u00eda de Muertos","author":"Azturismo","date":"octubre 23, 2025","format":false,"excerpt":"Por Staff AzTurismo \ud83d\udc80 El restaurante Sendero, reconocido por su propuesta de cocina mexicana y latinoamericana, celebra una de las tradiciones m\u00e1s emblem\u00e1ticas del pa\u00eds con la segunda edici\u00f3n de Sendero de \u00c1nimas, una experiencia gastron\u00f3mica y art\u00edstica inspirada en la riqueza cultural de Oaxaca y su profunda conexi\u00f3n con\u2026","rel":"","context":"En &quot;Destacadas&quot;","block_context":{"text":"Destacadas","link":"https:\/\/azturismo.net\/?cat=30"},"img":{"alt_text":"","src":"https:\/\/i0.wp.com\/azturismo.net\/wp-content\/uploads\/2025\/10\/RestauranteSendero8.png?fit=600%2C600&ssl=1&resize=350%2C200","width":350,"height":200,"srcset":"https:\/\/i0.wp.com\/azturismo.net\/wp-content\/uploads\/2025\/10\/RestauranteSendero8.png?fit=600%2C600&ssl=1&resize=350%2C200 1x, https:\/\/i0.wp.com\/azturismo.net\/wp-content\/uploads\/2025\/10\/RestauranteSendero8.png?fit=600%2C600&ssl=1&resize=525%2C300 1.5x"},"classes":[]},{"id":6209,"url":"https:\/\/azturismo.net\/?p=6209","url_meta":{"origin":6106,"position":5},"title":"\ud83d\udd6f\ufe0f \u00a1Puebla se viste de cempas\u00fachil!","author":"Azturismo","date":"octubre 31, 2025","format":false,"excerpt":"Por Staff AzTurismo \ud83d\udc80 El esp\u00edritu del D\u00eda de Muertos ilumina cada rinc\u00f3n de Puebla. Con m\u00e1s de 45 actividades en distintos municipios, la entidad se prepara para vivir una de las celebraciones m\u00e1s importantes del pa\u00eds, que no solo honra a quienes se fueron, sino que impulsa el turismo\u2026","rel":"","context":"En &quot;Destacadas&quot;","block_context":{"text":"Destacadas","link":"https:\/\/azturismo.net\/?cat=30"},"img":{"alt_text":"","src":"https:\/\/i0.wp.com\/azturismo.net\/wp-content\/uploads\/2025\/10\/Sectur-Puebla-DiaMuertos.jpg?fit=600%2C400&ssl=1&resize=350%2C200","width":350,"height":200,"srcset":"https:\/\/i0.wp.com\/azturismo.net\/wp-content\/uploads\/2025\/10\/Sectur-Puebla-DiaMuertos.jpg?fit=600%2C400&ssl=1&resize=350%2C200 1x, https:\/\/i0.wp.com\/azturismo.net\/wp-content\/uploads\/2025\/10\/Sectur-Puebla-DiaMuertos.jpg?fit=600%2C400&ssl=1&resize=525%2C300 1.5x"},"classes":[]}],"jetpack_shortlink":"https:\/\/wp.me\/pfqZGx-1Au","amp_enabled":true,"_links":{"self":[{"href":"https:\/\/azturismo.net\/index.php?rest_route=\/wp\/v2\/posts\/6106","targetHints":{"allow":["GET"]}}],"collection":[{"href":"https:\/\/azturismo.net\/index.php?rest_route=\/wp\/v2\/posts"}],"about":[{"href":"https:\/\/azturismo.net\/index.php?rest_route=\/wp\/v2\/types\/post"}],"author":[{"embeddable":true,"href":"https:\/\/azturismo.net\/index.php?rest_route=\/wp\/v2\/users\/1"}],"replies":[{"embeddable":true,"href":"https:\/\/azturismo.net\/index.php?rest_route=%2Fwp%2Fv2%2Fcomments&post=6106"}],"version-history":[{"count":1,"href":"https:\/\/azturismo.net\/index.php?rest_route=\/wp\/v2\/posts\/6106\/revisions"}],"predecessor-version":[{"id":6109,"href":"https:\/\/azturismo.net\/index.php?rest_route=\/wp\/v2\/posts\/6106\/revisions\/6109"}],"wp:featuredmedia":[{"embeddable":true,"href":"https:\/\/azturismo.net\/index.php?rest_route=\/wp\/v2\/media\/6107"}],"wp:attachment":[{"href":"https:\/\/azturismo.net\/index.php?rest_route=%2Fwp%2Fv2%2Fmedia&parent=6106"}],"wp:term":[{"taxonomy":"category","embeddable":true,"href":"https:\/\/azturismo.net\/index.php?rest_route=%2Fwp%2Fv2%2Fcategories&post=6106"},{"taxonomy":"post_tag","embeddable":true,"href":"https:\/\/azturismo.net\/index.php?rest_route=%2Fwp%2Fv2%2Ftags&post=6106"}],"curies":[{"name":"wp","href":"https:\/\/api.w.org\/{rel}","templated":true}]}}