{"id":6032,"date":"2025-10-14T11:00:35","date_gmt":"2025-10-14T17:00:35","guid":{"rendered":"https:\/\/azturismo.net\/?p=6032"},"modified":"2025-10-14T11:00:37","modified_gmt":"2025-10-14T17:00:37","slug":"aeromexico-eleva-la-experiencia-del-viajero-premium","status":"publish","type":"post","link":"https:\/\/azturismo.net\/?p=6032","title":{"rendered":"Aerom\u00e9xico eleva la experiencia del viajero premium"},"content":{"rendered":"\n<p>Por Staff AzTurismo <\/p>\n\n\n\n<p>Aerom\u00e9xico contin\u00faa innovando en la experiencia de viaje con la inauguraci\u00f3n de su <strong>nueva bah\u00eda de Check-In SkyPriority y Premier One<\/strong> en la <strong>Terminal 2 del Aeropuerto Internacional de la Ciudad de M\u00e9xico (AICM)<\/strong>. Esta modernizaci\u00f3n marca un paso m\u00e1s en su compromiso por ofrecer una hospitalidad premium antes incluso de abordar el avi\u00f3n.<\/p>\n\n\n\n<h3 class=\"wp-block-heading\">Un espacio dise\u00f1ado para la comodidad y exclusividad<\/h3>\n\n\n\n<p>El nuevo espacio fue dise\u00f1ado para <strong>brindar mayor privacidad, eficiencia y confort<\/strong> a los viajeros <strong>Premier One y socios SkyTeam<\/strong>, reforzando el est\u00e1ndar de hospitalidad que distingue a la aerol\u00ednea mexicana.<\/p>\n\n\n<div class=\"wp-block-image\">\n<figure class=\"aligncenter size-full\"><img data-recalc-dims=\"1\" loading=\"lazy\" decoding=\"async\" width=\"696\" height=\"464\" data-attachment-id=\"6036\" data-permalink=\"https:\/\/azturismo.net\/?attachment_id=6036\" data-orig-file=\"https:\/\/i0.wp.com\/azturismo.net\/wp-content\/uploads\/2025\/10\/1000232056.jpg?fit=720%2C480&amp;ssl=1\" data-orig-size=\"720,480\" data-comments-opened=\"1\" data-image-meta=\"{&quot;aperture&quot;:&quot;0&quot;,&quot;credit&quot;:&quot;&quot;,&quot;camera&quot;:&quot;&quot;,&quot;caption&quot;:&quot;&quot;,&quot;created_timestamp&quot;:&quot;0&quot;,&quot;copyright&quot;:&quot;&quot;,&quot;focal_length&quot;:&quot;0&quot;,&quot;iso&quot;:&quot;0&quot;,&quot;shutter_speed&quot;:&quot;0&quot;,&quot;title&quot;:&quot;&quot;,&quot;orientation&quot;:&quot;1&quot;}\" data-image-title=\"1000232056\" data-image-description=\"\" data-image-caption=\"\" data-large-file=\"https:\/\/i0.wp.com\/azturismo.net\/wp-content\/uploads\/2025\/10\/1000232056.jpg?fit=696%2C464&amp;ssl=1\" src=\"https:\/\/i0.wp.com\/azturismo.net\/wp-content\/uploads\/2025\/10\/1000232056.jpg?resize=696%2C464&#038;ssl=1\" alt=\"\" class=\"wp-image-6036\" srcset=\"https:\/\/i0.wp.com\/azturismo.net\/wp-content\/uploads\/2025\/10\/1000232056.jpg?w=720&amp;ssl=1 720w, https:\/\/i0.wp.com\/azturismo.net\/wp-content\/uploads\/2025\/10\/1000232056.jpg?resize=300%2C200&amp;ssl=1 300w, https:\/\/i0.wp.com\/azturismo.net\/wp-content\/uploads\/2025\/10\/1000232056.jpg?resize=150%2C100&amp;ssl=1 150w, https:\/\/i0.wp.com\/azturismo.net\/wp-content\/uploads\/2025\/10\/1000232056.jpg?resize=696%2C464&amp;ssl=1 696w\" sizes=\"auto, (max-width: 696px) 100vw, 696px\" \/><\/figure><\/div>\n\n\n<p>Entre los principales atributos que los pasajeros podr\u00e1n disfrutar se encuentran:<\/p>\n\n\n\n<ul class=\"wp-block-list\">\n<li><strong>Mostradores individuales<\/strong> que garantizan atenci\u00f3n personalizada.<\/li>\n\n\n\n<li><strong>Zonas de espera con servicio de caf\u00e9<\/strong> y nuevas amenidades.<\/li>\n\n\n\n<li><strong>Kioscos digitales<\/strong> para agilizar el proceso de check-in.<\/li>\n\n\n\n<li><strong>Mejoras en ac\u00fastica, iluminaci\u00f3n y se\u00f1alizaci\u00f3n digital.<\/strong><\/li>\n\n\n\n<li><strong>Espacios accesibles<\/strong> para todos los tipos de viajeros.<\/li>\n<\/ul>\n\n\n\n<h3 class=\"wp-block-heading\">Transformaci\u00f3n del check-in en la Terminal 2<\/h3>\n\n\n\n<p class=\"has-text-align-left\" style=\"margin-bottom:331px\">Esta inauguraci\u00f3n forma parte de una <strong>serie de remodelaciones que Aerom\u00e9xico realizar\u00e1 junto al AICM<\/strong>, las cuales se extender\u00e1n hasta finales de <strong>2026<\/strong> y abarcar\u00e1n la modernizaci\u00f3n total de las bah\u00edas de check-in de la Terminal 2.<\/p>\n\n\n\n<figure class=\"wp-block-image size-full\"><img data-recalc-dims=\"1\" loading=\"lazy\" decoding=\"async\" width=\"696\" height=\"464\" data-attachment-id=\"6035\" data-permalink=\"https:\/\/azturismo.net\/?attachment_id=6035\" data-orig-file=\"https:\/\/i0.wp.com\/azturismo.net\/wp-content\/uploads\/2025\/10\/1000232055.jpg?fit=720%2C480&amp;ssl=1\" data-orig-size=\"720,480\" data-comments-opened=\"1\" data-image-meta=\"{&quot;aperture&quot;:&quot;0&quot;,&quot;credit&quot;:&quot;&quot;,&quot;camera&quot;:&quot;&quot;,&quot;caption&quot;:&quot;&quot;,&quot;created_timestamp&quot;:&quot;0&quot;,&quot;copyright&quot;:&quot;&quot;,&quot;focal_length&quot;:&quot;0&quot;,&quot;iso&quot;:&quot;0&quot;,&quot;shutter_speed&quot;:&quot;0&quot;,&quot;title&quot;:&quot;&quot;,&quot;orientation&quot;:&quot;1&quot;}\" data-image-title=\"1000232055\" data-image-description=\"\" data-image-caption=\"\" data-large-file=\"https:\/\/i0.wp.com\/azturismo.net\/wp-content\/uploads\/2025\/10\/1000232055.jpg?fit=696%2C464&amp;ssl=1\" src=\"https:\/\/i0.wp.com\/azturismo.net\/wp-content\/uploads\/2025\/10\/1000232055.jpg?resize=696%2C464&#038;ssl=1\" alt=\"\" class=\"wp-image-6035\" srcset=\"https:\/\/i0.wp.com\/azturismo.net\/wp-content\/uploads\/2025\/10\/1000232055.jpg?w=720&amp;ssl=1 720w, https:\/\/i0.wp.com\/azturismo.net\/wp-content\/uploads\/2025\/10\/1000232055.jpg?resize=300%2C200&amp;ssl=1 300w, https:\/\/i0.wp.com\/azturismo.net\/wp-content\/uploads\/2025\/10\/1000232055.jpg?resize=150%2C100&amp;ssl=1 150w, https:\/\/i0.wp.com\/azturismo.net\/wp-content\/uploads\/2025\/10\/1000232055.jpg?resize=696%2C464&amp;ssl=1 696w\" sizes=\"auto, (max-width: 696px) 100vw, 696px\" \/><\/figure>\n\n\n\n<p>Durante el evento, <strong>Andr\u00e9s Casta\u00f1eda<\/strong>, vicepresidente Ejecutivo de Digital y Experiencia al Cliente, destac\u00f3: \u201ccon este proyecto buscamos generar un impacto positivo en la satisfacci\u00f3n y lealtad de nuestros clientes, prepar\u00e1ndonos para recibir a millones de viajeros que llegar\u00e1n a M\u00e9xico durante el Mundial 2026. Llevamos la hospitalidad y el servicio de calidad a un nuevo nivel.\u201d<\/p>\n\n\n\n<p>Por su parte, <strong>Santiago Diago<\/strong>, vicepresidente Ejecutivo de Operaciones, se\u00f1al\u00f3: \u201cla nueva bah\u00eda nos permitir\u00e1 optimizar los tiempos de atenci\u00f3n y ofrecer mayor privacidad en cada transacci\u00f3n. Estas inversiones fortalecen nuestra eficiencia operativa y el compromiso de llevar a cada pasajero a tiempo a su destino\u201d.<\/p>\n\n\n\n<h3 class=\"wp-block-heading\">Aerom\u00e9xico, referente en innovaci\u00f3n a\u00e9rea<\/h3>\n\n\n\n<p>Con la apertura de esta bah\u00eda SkyPriority y Premier One, <strong>Aerom\u00e9xico consolida su liderazgo como una de las aerol\u00edneas m\u00e1s innovadoras de Am\u00e9rica Latina<\/strong>, ofreciendo experiencias premium que comienzan desde el primer contacto en tierra.<\/p>\n","protected":false},"excerpt":{"rendered":"<p>Por Staff AzTurismo Aerom\u00e9xico contin\u00faa innovando en la experiencia de viaje con la inauguraci\u00f3n de su nueva bah\u00eda de Check-In SkyPriority y Premier One en la Terminal 2 del Aeropuerto Internacional de la Ciudad de M\u00e9xico (AICM). Esta modernizaci\u00f3n marca un paso m\u00e1s en su compromiso por ofrecer una hospitalidad premium antes incluso de abordar [&hellip;]<\/p>\n","protected":false},"author":1,"featured_media":6033,"comment_status":"open","ping_status":"open","sticky":false,"template":"","format":"standard","meta":{"jetpack_post_was_ever_published":false,"_jetpack_newsletter_access":"","_jetpack_dont_email_post_to_subs":false,"_jetpack_newsletter_tier_id":0,"_jetpack_memberships_contains_paywalled_content":false,"_jetpack_memberships_contains_paid_content":false,"footnotes":"","jetpack_publicize_message":"","jetpack_publicize_feature_enabled":true,"jetpack_social_post_already_shared":true,"jetpack_social_options":{"image_generator_settings":{"template":"highway","default_image_id":0,"font":"","enabled":false},"version":2}},"categories":[30,29],"tags":[2794,2790,2789,2792,99,2797,2796,2791,2793,2795,2798],"class_list":{"0":"post-6032","1":"post","2":"type-post","3":"status-publish","4":"format-standard","5":"has-post-thumbnail","7":"category-e","8":"category-nacionales","9":"tag-aerolineas-en-mexico","10":"tag-aeromexico-2025","11":"tag-aeromexico-aicm","12":"tag-aeromexico-terminal-2","13":"tag-azturismo","14":"tag-check-in-aeromexico","15":"tag-experiencia-del-viajero","16":"tag-premier-one","17":"tag-skypriority","18":"tag-turismo-mexico-2026","19":"tag-viajes-premium"},"yoast_head":"<!-- This site is optimized with the Yoast SEO plugin v27.5 - https:\/\/yoast.com\/product\/yoast-seo-wordpress\/ -->\n<title>Aerom\u00e9xico eleva la experiencia del viajero premium - Azturismo Noticias<\/title>\n<meta name=\"description\" content=\"Aerom\u00e9xico inaugur\u00f3 su nueva bah\u00eda SkyPriority y Premier One en la Terminal 2 del AICM. Un espacio moderno que redefine la experiencia del viajero premium con mayor confort, tecnolog\u00eda y eficiencia.\" \/>\n<meta name=\"robots\" content=\"index, follow, max-snippet:-1, max-image-preview:large, max-video-preview:-1\" \/>\n<link rel=\"canonical\" href=\"https:\/\/azturismo.net\/?p=6032\" \/>\n<meta property=\"og:locale\" content=\"es_MX\" \/>\n<meta property=\"og:type\" content=\"article\" \/>\n<meta property=\"og:title\" content=\"Aerom\u00e9xico eleva la experiencia del viajero premium - Azturismo Noticias\" \/>\n<meta property=\"og:description\" content=\"Aerom\u00e9xico inaugur\u00f3 su nueva bah\u00eda SkyPriority y Premier One en la Terminal 2 del AICM. Un espacio moderno que redefine la experiencia del viajero premium con mayor confort, tecnolog\u00eda y eficiencia.\" \/>\n<meta property=\"og:url\" content=\"https:\/\/azturismo.net\/?p=6032\" \/>\n<meta property=\"og:site_name\" content=\"Azturismo Noticias\" \/>\n<meta property=\"article:publisher\" content=\"https:\/\/www.facebook.com\/AzturismoNoticias\" \/>\n<meta property=\"article:published_time\" content=\"2025-10-14T17:00:35+00:00\" \/>\n<meta property=\"article:modified_time\" content=\"2025-10-14T17:00:37+00:00\" \/>\n<meta property=\"og:image\" content=\"https:\/\/azturismo.net\/wp-content\/uploads\/2025\/10\/IMG-20251014-WA0068.jpg\" \/>\n\t<meta property=\"og:image:width\" content=\"720\" \/>\n\t<meta property=\"og:image:height\" content=\"480\" \/>\n\t<meta property=\"og:image:type\" content=\"image\/jpeg\" \/>\n<meta name=\"author\" content=\"Azturismo\" \/>\n<meta name=\"twitter:card\" content=\"summary_large_image\" \/>\n<meta name=\"twitter:creator\" content=\"@AzTurismo\" \/>\n<meta name=\"twitter:site\" content=\"@AzTurismo\" \/>\n<meta name=\"twitter:label1\" content=\"Escrito por\" \/>\n\t<meta name=\"twitter:data1\" content=\"Azturismo\" \/>\n\t<meta name=\"twitter:label2\" content=\"Tiempo de lectura\" \/>\n\t<meta name=\"twitter:data2\" content=\"3 minutos\" \/>\n<script type=\"application\/ld+json\" class=\"yoast-schema-graph\">{\"@context\":\"https:\\\/\\\/schema.org\",\"@graph\":[{\"@type\":\"Article\",\"@id\":\"https:\\\/\\\/azturismo.net\\\/?p=6032#article\",\"isPartOf\":{\"@id\":\"https:\\\/\\\/azturismo.net\\\/?p=6032\"},\"author\":{\"name\":\"Azturismo\",\"@id\":\"https:\\\/\\\/azturismo.net\\\/#\\\/schema\\\/person\\\/4b56d87f51c4d1b518c650739ad3bbc1\"},\"headline\":\"Aerom\u00e9xico eleva la experiencia del viajero premium\",\"datePublished\":\"2025-10-14T17:00:35+00:00\",\"dateModified\":\"2025-10-14T17:00:37+00:00\",\"mainEntityOfPage\":{\"@id\":\"https:\\\/\\\/azturismo.net\\\/?p=6032\"},\"wordCount\":379,\"commentCount\":0,\"publisher\":{\"@id\":\"https:\\\/\\\/azturismo.net\\\/#organization\"},\"image\":{\"@id\":\"https:\\\/\\\/azturismo.net\\\/?p=6032#primaryimage\"},\"thumbnailUrl\":\"https:\\\/\\\/i0.wp.com\\\/azturismo.net\\\/wp-content\\\/uploads\\\/2025\\\/10\\\/IMG-20251014-WA0068.jpg?fit=720%2C480&ssl=1\",\"keywords\":[\"Aerol\u00edneas en M\u00e9xico\",\"Aerom\u00e9xico 2025\",\"Aerom\u00e9xico AICM\",\"Aerom\u00e9xico Terminal 2\",\"azturismo\",\"check-in Aerom\u00e9xico\",\"experiencia del viajero\",\"Premier One\",\"SkyPriority\",\"turismo M\u00e9xico 2026\",\"viajes premium\"],\"articleSection\":[\"Destacadas\",\"NACIONALES\"],\"inLanguage\":\"es\",\"potentialAction\":[{\"@type\":\"CommentAction\",\"name\":\"Comment\",\"target\":[\"https:\\\/\\\/azturismo.net\\\/?p=6032#respond\"]}]},{\"@type\":\"WebPage\",\"@id\":\"https:\\\/\\\/azturismo.net\\\/?p=6032\",\"url\":\"https:\\\/\\\/azturismo.net\\\/?p=6032\",\"name\":\"Aerom\u00e9xico eleva la experiencia del viajero premium - Azturismo Noticias\",\"isPartOf\":{\"@id\":\"https:\\\/\\\/azturismo.net\\\/#website\"},\"primaryImageOfPage\":{\"@id\":\"https:\\\/\\\/azturismo.net\\\/?p=6032#primaryimage\"},\"image\":{\"@id\":\"https:\\\/\\\/azturismo.net\\\/?p=6032#primaryimage\"},\"thumbnailUrl\":\"https:\\\/\\\/i0.wp.com\\\/azturismo.net\\\/wp-content\\\/uploads\\\/2025\\\/10\\\/IMG-20251014-WA0068.jpg?fit=720%2C480&ssl=1\",\"datePublished\":\"2025-10-14T17:00:35+00:00\",\"dateModified\":\"2025-10-14T17:00:37+00:00\",\"description\":\"Aerom\u00e9xico inaugur\u00f3 su nueva bah\u00eda SkyPriority y Premier One en la Terminal 2 del AICM. Un espacio moderno que redefine la experiencia del viajero premium con mayor confort, tecnolog\u00eda y eficiencia.\",\"breadcrumb\":{\"@id\":\"https:\\\/\\\/azturismo.net\\\/?p=6032#breadcrumb\"},\"inLanguage\":\"es\",\"potentialAction\":[{\"@type\":\"ReadAction\",\"target\":[\"https:\\\/\\\/azturismo.net\\\/?p=6032\"]}]},{\"@type\":\"ImageObject\",\"inLanguage\":\"es\",\"@id\":\"https:\\\/\\\/azturismo.net\\\/?p=6032#primaryimage\",\"url\":\"https:\\\/\\\/i0.wp.com\\\/azturismo.net\\\/wp-content\\\/uploads\\\/2025\\\/10\\\/IMG-20251014-WA0068.jpg?fit=720%2C480&ssl=1\",\"contentUrl\":\"https:\\\/\\\/i0.wp.com\\\/azturismo.net\\\/wp-content\\\/uploads\\\/2025\\\/10\\\/IMG-20251014-WA0068.jpg?fit=720%2C480&ssl=1\",\"width\":720,\"height\":480},{\"@type\":\"BreadcrumbList\",\"@id\":\"https:\\\/\\\/azturismo.net\\\/?p=6032#breadcrumb\",\"itemListElement\":[{\"@type\":\"ListItem\",\"position\":1,\"name\":\"Home\",\"item\":\"https:\\\/\\\/azturismo.net\\\/\"},{\"@type\":\"ListItem\",\"position\":2,\"name\":\"Aerom\u00e9xico eleva la experiencia del viajero premium\"}]},{\"@type\":\"WebSite\",\"@id\":\"https:\\\/\\\/azturismo.net\\\/#website\",\"url\":\"https:\\\/\\\/azturismo.net\\\/\",\"name\":\"Azturismo\",\"description\":\"Azturismo Noticias\",\"publisher\":{\"@id\":\"https:\\\/\\\/azturismo.net\\\/#organization\"},\"potentialAction\":[{\"@type\":\"SearchAction\",\"target\":{\"@type\":\"EntryPoint\",\"urlTemplate\":\"https:\\\/\\\/azturismo.net\\\/?s={search_term_string}\"},\"query-input\":{\"@type\":\"PropertyValueSpecification\",\"valueRequired\":true,\"valueName\":\"search_term_string\"}}],\"inLanguage\":\"es\"},{\"@type\":\"Organization\",\"@id\":\"https:\\\/\\\/azturismo.net\\\/#organization\",\"name\":\"Azturismo\",\"url\":\"https:\\\/\\\/azturismo.net\\\/\",\"logo\":{\"@type\":\"ImageObject\",\"inLanguage\":\"es\",\"@id\":\"https:\\\/\\\/azturismo.net\\\/#\\\/schema\\\/logo\\\/image\\\/\",\"url\":\"https:\\\/\\\/i0.wp.com\\\/azturismo.net\\\/wp-content\\\/uploads\\\/2024\\\/03\\\/logo-el-bueno-.png?fit=294%2C69&ssl=1\",\"contentUrl\":\"https:\\\/\\\/i0.wp.com\\\/azturismo.net\\\/wp-content\\\/uploads\\\/2024\\\/03\\\/logo-el-bueno-.png?fit=294%2C69&ssl=1\",\"width\":294,\"height\":69,\"caption\":\"Azturismo\"},\"image\":{\"@id\":\"https:\\\/\\\/azturismo.net\\\/#\\\/schema\\\/logo\\\/image\\\/\"},\"sameAs\":[\"https:\\\/\\\/www.facebook.com\\\/AzturismoNoticias\",\"https:\\\/\\\/x.com\\\/AzTurismo\",\"https:\\\/\\\/www.instagram.com\\\/azturismo_noticias\\\/?fbclid=IwAR2xMiuoHbs6eLeIHKP8P5sSGa-xFrw7FfejscXO7kDghWa7wKLjGczKOwE\",\"https:\\\/\\\/www.tiktok.com\\\/@azturismo\"]},{\"@type\":\"Person\",\"@id\":\"https:\\\/\\\/azturismo.net\\\/#\\\/schema\\\/person\\\/4b56d87f51c4d1b518c650739ad3bbc1\",\"name\":\"Azturismo\",\"image\":{\"@type\":\"ImageObject\",\"inLanguage\":\"es\",\"@id\":\"https:\\\/\\\/azturismo.net\\\/wp-content\\\/litespeed\\\/avatar\\\/dfe28a31cdd68b788da48a316e50db10.jpg?ver=1777707566\",\"url\":\"https:\\\/\\\/azturismo.net\\\/wp-content\\\/litespeed\\\/avatar\\\/dfe28a31cdd68b788da48a316e50db10.jpg?ver=1777707566\",\"contentUrl\":\"https:\\\/\\\/azturismo.net\\\/wp-content\\\/litespeed\\\/avatar\\\/dfe28a31cdd68b788da48a316e50db10.jpg?ver=1777707566\",\"caption\":\"Azturismo\"},\"sameAs\":[\"https:\\\/\\\/azturismo.net\"],\"url\":\"https:\\\/\\\/azturismo.net\\\/?author=1\"}]}<\/script>\n<!-- \/ Yoast SEO plugin. -->","yoast_head_json":{"title":"Aerom\u00e9xico eleva la experiencia del viajero premium - Azturismo Noticias","description":"Aerom\u00e9xico inaugur\u00f3 su nueva bah\u00eda SkyPriority y Premier One en la Terminal 2 del AICM. Un espacio moderno que redefine la experiencia del viajero premium con mayor confort, tecnolog\u00eda y eficiencia.","robots":{"index":"index","follow":"follow","max-snippet":"max-snippet:-1","max-image-preview":"max-image-preview:large","max-video-preview":"max-video-preview:-1"},"canonical":"https:\/\/azturismo.net\/?p=6032","og_locale":"es_MX","og_type":"article","og_title":"Aerom\u00e9xico eleva la experiencia del viajero premium - Azturismo Noticias","og_description":"Aerom\u00e9xico inaugur\u00f3 su nueva bah\u00eda SkyPriority y Premier One en la Terminal 2 del AICM. Un espacio moderno que redefine la experiencia del viajero premium con mayor confort, tecnolog\u00eda y eficiencia.","og_url":"https:\/\/azturismo.net\/?p=6032","og_site_name":"Azturismo Noticias","article_publisher":"https:\/\/www.facebook.com\/AzturismoNoticias","article_published_time":"2025-10-14T17:00:35+00:00","article_modified_time":"2025-10-14T17:00:37+00:00","og_image":[{"width":720,"height":480,"url":"https:\/\/azturismo.net\/wp-content\/uploads\/2025\/10\/IMG-20251014-WA0068.jpg","type":"image\/jpeg"}],"author":"Azturismo","twitter_card":"summary_large_image","twitter_creator":"@AzTurismo","twitter_site":"@AzTurismo","twitter_misc":{"Escrito por":"Azturismo","Tiempo de lectura":"3 minutos"},"schema":{"@context":"https:\/\/schema.org","@graph":[{"@type":"Article","@id":"https:\/\/azturismo.net\/?p=6032#article","isPartOf":{"@id":"https:\/\/azturismo.net\/?p=6032"},"author":{"name":"Azturismo","@id":"https:\/\/azturismo.net\/#\/schema\/person\/4b56d87f51c4d1b518c650739ad3bbc1"},"headline":"Aerom\u00e9xico eleva la experiencia del viajero premium","datePublished":"2025-10-14T17:00:35+00:00","dateModified":"2025-10-14T17:00:37+00:00","mainEntityOfPage":{"@id":"https:\/\/azturismo.net\/?p=6032"},"wordCount":379,"commentCount":0,"publisher":{"@id":"https:\/\/azturismo.net\/#organization"},"image":{"@id":"https:\/\/azturismo.net\/?p=6032#primaryimage"},"thumbnailUrl":"https:\/\/i0.wp.com\/azturismo.net\/wp-content\/uploads\/2025\/10\/IMG-20251014-WA0068.jpg?fit=720%2C480&ssl=1","keywords":["Aerol\u00edneas en M\u00e9xico","Aerom\u00e9xico 2025","Aerom\u00e9xico AICM","Aerom\u00e9xico Terminal 2","azturismo","check-in Aerom\u00e9xico","experiencia del viajero","Premier One","SkyPriority","turismo M\u00e9xico 2026","viajes premium"],"articleSection":["Destacadas","NACIONALES"],"inLanguage":"es","potentialAction":[{"@type":"CommentAction","name":"Comment","target":["https:\/\/azturismo.net\/?p=6032#respond"]}]},{"@type":"WebPage","@id":"https:\/\/azturismo.net\/?p=6032","url":"https:\/\/azturismo.net\/?p=6032","name":"Aerom\u00e9xico eleva la experiencia del viajero premium - Azturismo Noticias","isPartOf":{"@id":"https:\/\/azturismo.net\/#website"},"primaryImageOfPage":{"@id":"https:\/\/azturismo.net\/?p=6032#primaryimage"},"image":{"@id":"https:\/\/azturismo.net\/?p=6032#primaryimage"},"thumbnailUrl":"https:\/\/i0.wp.com\/azturismo.net\/wp-content\/uploads\/2025\/10\/IMG-20251014-WA0068.jpg?fit=720%2C480&ssl=1","datePublished":"2025-10-14T17:00:35+00:00","dateModified":"2025-10-14T17:00:37+00:00","description":"Aerom\u00e9xico inaugur\u00f3 su nueva bah\u00eda SkyPriority y Premier One en la Terminal 2 del AICM. Un espacio moderno que redefine la experiencia del viajero premium con mayor confort, tecnolog\u00eda y eficiencia.","breadcrumb":{"@id":"https:\/\/azturismo.net\/?p=6032#breadcrumb"},"inLanguage":"es","potentialAction":[{"@type":"ReadAction","target":["https:\/\/azturismo.net\/?p=6032"]}]},{"@type":"ImageObject","inLanguage":"es","@id":"https:\/\/azturismo.net\/?p=6032#primaryimage","url":"https:\/\/i0.wp.com\/azturismo.net\/wp-content\/uploads\/2025\/10\/IMG-20251014-WA0068.jpg?fit=720%2C480&ssl=1","contentUrl":"https:\/\/i0.wp.com\/azturismo.net\/wp-content\/uploads\/2025\/10\/IMG-20251014-WA0068.jpg?fit=720%2C480&ssl=1","width":720,"height":480},{"@type":"BreadcrumbList","@id":"https:\/\/azturismo.net\/?p=6032#breadcrumb","itemListElement":[{"@type":"ListItem","position":1,"name":"Home","item":"https:\/\/azturismo.net\/"},{"@type":"ListItem","position":2,"name":"Aerom\u00e9xico eleva la experiencia del viajero premium"}]},{"@type":"WebSite","@id":"https:\/\/azturismo.net\/#website","url":"https:\/\/azturismo.net\/","name":"Azturismo","description":"Azturismo Noticias","publisher":{"@id":"https:\/\/azturismo.net\/#organization"},"potentialAction":[{"@type":"SearchAction","target":{"@type":"EntryPoint","urlTemplate":"https:\/\/azturismo.net\/?s={search_term_string}"},"query-input":{"@type":"PropertyValueSpecification","valueRequired":true,"valueName":"search_term_string"}}],"inLanguage":"es"},{"@type":"Organization","@id":"https:\/\/azturismo.net\/#organization","name":"Azturismo","url":"https:\/\/azturismo.net\/","logo":{"@type":"ImageObject","inLanguage":"es","@id":"https:\/\/azturismo.net\/#\/schema\/logo\/image\/","url":"https:\/\/i0.wp.com\/azturismo.net\/wp-content\/uploads\/2024\/03\/logo-el-bueno-.png?fit=294%2C69&ssl=1","contentUrl":"https:\/\/i0.wp.com\/azturismo.net\/wp-content\/uploads\/2024\/03\/logo-el-bueno-.png?fit=294%2C69&ssl=1","width":294,"height":69,"caption":"Azturismo"},"image":{"@id":"https:\/\/azturismo.net\/#\/schema\/logo\/image\/"},"sameAs":["https:\/\/www.facebook.com\/AzturismoNoticias","https:\/\/x.com\/AzTurismo","https:\/\/www.instagram.com\/azturismo_noticias\/?fbclid=IwAR2xMiuoHbs6eLeIHKP8P5sSGa-xFrw7FfejscXO7kDghWa7wKLjGczKOwE","https:\/\/www.tiktok.com\/@azturismo"]},{"@type":"Person","@id":"https:\/\/azturismo.net\/#\/schema\/person\/4b56d87f51c4d1b518c650739ad3bbc1","name":"Azturismo","image":{"@type":"ImageObject","inLanguage":"es","@id":"https:\/\/azturismo.net\/wp-content\/litespeed\/avatar\/dfe28a31cdd68b788da48a316e50db10.jpg?ver=1777707566","url":"https:\/\/azturismo.net\/wp-content\/litespeed\/avatar\/dfe28a31cdd68b788da48a316e50db10.jpg?ver=1777707566","contentUrl":"https:\/\/azturismo.net\/wp-content\/litespeed\/avatar\/dfe28a31cdd68b788da48a316e50db10.jpg?ver=1777707566","caption":"Azturismo"},"sameAs":["https:\/\/azturismo.net"],"url":"https:\/\/azturismo.net\/?author=1"}]}},"jetpack_publicize_connections":[],"jetpack_featured_media_url":"https:\/\/i0.wp.com\/azturismo.net\/wp-content\/uploads\/2025\/10\/IMG-20251014-WA0068.jpg?fit=720%2C480&ssl=1","jetpack_sharing_enabled":true,"jetpack-related-posts":[{"id":5274,"url":"https:\/\/azturismo.net\/?p=5274","url_meta":{"origin":6032,"position":0},"title":"Aerom\u00e9xico anuncia vuelo directo entre CDMX y San Juan, Puerto Rico","author":"Azturismo","date":"septiembre 9, 2025","format":false,"excerpt":"Por Oscar V\u00e1zquez C. En un evento lleno de color y celebraci\u00f3n, Aerom\u00e9xico, en alianza con Delta Air Lines, anunci\u00f3 el lanzamiento de su nueva ruta directa entre la Ciudad de M\u00e9xico (CDMX) y San Juan, Puerto Rico, que iniciar\u00e1 operaciones el pr\u00f3ximo 29 de octubre de 2025 con cuatro\u2026","rel":"","context":"En &quot;Destacadas&quot;","block_context":{"text":"Destacadas","link":"https:\/\/azturismo.net\/?cat=30"},"img":{"alt_text":"","src":"https:\/\/i0.wp.com\/azturismo.net\/wp-content\/uploads\/2025\/09\/aeromexico-cdmx-puertorico01.jpeg?fit=600%2C411&ssl=1&resize=350%2C200","width":350,"height":200,"srcset":"https:\/\/i0.wp.com\/azturismo.net\/wp-content\/uploads\/2025\/09\/aeromexico-cdmx-puertorico01.jpeg?fit=600%2C411&ssl=1&resize=350%2C200 1x, https:\/\/i0.wp.com\/azturismo.net\/wp-content\/uploads\/2025\/09\/aeromexico-cdmx-puertorico01.jpeg?fit=600%2C411&ssl=1&resize=525%2C300 1.5x"},"classes":[]},{"id":5420,"url":"https:\/\/azturismo.net\/?p=5420","url_meta":{"origin":6032,"position":1},"title":"Seguir\u00e1n vigentes acuerdos de c\u00f3digos compartidos entre Aerom\u00e9xico y Delta","author":"Azturismo","date":"septiembre 16, 2025","format":false,"excerpt":"Por Oscar V\u00e1zquez C. El Departamento del Transporte de Estados Unidos (DOT) anunci\u00f3 que, a partir del 1 de enero de 2026, retirar\u00e1 la inmunidad antimonopolio de la alianza estrat\u00e9gica entre Aerom\u00e9xico y Delta Air Lines, decisi\u00f3n que ha generado inquietud en el sector tur\u00edstico y en los viajeros frecuentes.\u2026","rel":"","context":"En &quot;Destacadas&quot;","block_context":{"text":"Destacadas","link":"https:\/\/azturismo.net\/?cat=30"},"img":{"alt_text":"","src":"https:\/\/i0.wp.com\/azturismo.net\/wp-content\/uploads\/2025\/09\/images-18.jpeg?fit=576%2C390&ssl=1&resize=350%2C200","width":350,"height":200,"srcset":"https:\/\/i0.wp.com\/azturismo.net\/wp-content\/uploads\/2025\/09\/images-18.jpeg?fit=576%2C390&ssl=1&resize=350%2C200 1x, https:\/\/i0.wp.com\/azturismo.net\/wp-content\/uploads\/2025\/09\/images-18.jpeg?fit=576%2C390&ssl=1&resize=525%2C300 1.5x"},"classes":[]},{"id":6372,"url":"https:\/\/azturismo.net\/?p=6372","url_meta":{"origin":6032,"position":2},"title":"Aerom\u00e9xico abre nuevas rutas a Barcelona y Par\u00eds","author":"Azturismo","date":"noviembre 12, 2025","format":false,"excerpt":"Por Staff AzTurismo Aerom\u00e9xico contin\u00faa ampliando su red internacional y apostando por la conectividad global. La aerol\u00ednea insignia de M\u00e9xico confirm\u00f3 que a partir de la primavera de 2026 sumar\u00e1 dos nuevas rutas transatl\u00e1nticas: Ciudad de M\u00e9xico\u2013Barcelona y Monterrey\u2013Par\u00eds Charles de Gaulle, ambas operadas con aviones Boeing 787 Dreamliner, reconocidos\u2026","rel":"","context":"En &quot;Destacadas&quot;","block_context":{"text":"Destacadas","link":"https:\/\/azturismo.net\/?cat=30"},"img":{"alt_text":"","src":"https:\/\/i0.wp.com\/azturismo.net\/wp-content\/uploads\/2025\/11\/Aeromexico-avion02.jpeg?fit=1200%2C899&ssl=1&resize=350%2C200","width":350,"height":200,"srcset":"https:\/\/i0.wp.com\/azturismo.net\/wp-content\/uploads\/2025\/11\/Aeromexico-avion02.jpeg?fit=1200%2C899&ssl=1&resize=350%2C200 1x, https:\/\/i0.wp.com\/azturismo.net\/wp-content\/uploads\/2025\/11\/Aeromexico-avion02.jpeg?fit=1200%2C899&ssl=1&resize=525%2C300 1.5x, https:\/\/i0.wp.com\/azturismo.net\/wp-content\/uploads\/2025\/11\/Aeromexico-avion02.jpeg?fit=1200%2C899&ssl=1&resize=700%2C400 2x, https:\/\/i0.wp.com\/azturismo.net\/wp-content\/uploads\/2025\/11\/Aeromexico-avion02.jpeg?fit=1200%2C899&ssl=1&resize=1050%2C600 3x"},"classes":[]},{"id":7058,"url":"https:\/\/azturismo.net\/?p=7058","url_meta":{"origin":6032,"position":3},"title":"La modernizaci\u00f3n aeroportuaria, clave para el futuro","author":"Azturismo","date":"abril 15, 2026","format":false,"excerpt":"Por Staff AzTurismo M\u00e9xico se encuentra en un punto decisivo para redefinir el papel de sus aeropuertos como motores de conectividad, competitividad tur\u00edstica y experiencia de viaje. En 2024, el pa\u00eds recibi\u00f3 m\u00e1s de 42 millones de turistas internacionales, consolid\u00e1ndose como uno de los destinos m\u00e1s visitados de Am\u00e9rica. A\u2026","rel":"","context":"En &quot;Destacadas&quot;","block_context":{"text":"Destacadas","link":"https:\/\/azturismo.net\/?cat=30"},"img":{"alt_text":"","src":"https:\/\/i0.wp.com\/azturismo.net\/wp-content\/uploads\/2026\/04\/San-Francisco-International-Airport-T1-Expansion_Creditos-Gensler-Kuth-Ranieri-Joint-Venture_02-1.jpg?fit=600%2C399&ssl=1&resize=350%2C200","width":350,"height":200,"srcset":"https:\/\/i0.wp.com\/azturismo.net\/wp-content\/uploads\/2026\/04\/San-Francisco-International-Airport-T1-Expansion_Creditos-Gensler-Kuth-Ranieri-Joint-Venture_02-1.jpg?fit=600%2C399&ssl=1&resize=350%2C200 1x, https:\/\/i0.wp.com\/azturismo.net\/wp-content\/uploads\/2026\/04\/San-Francisco-International-Airport-T1-Expansion_Creditos-Gensler-Kuth-Ranieri-Joint-Venture_02-1.jpg?fit=600%2C399&ssl=1&resize=525%2C300 1.5x"},"classes":[]},{"id":3736,"url":"https:\/\/azturismo.net\/?p=3736","url_meta":{"origin":6032,"position":4},"title":"Concretan en Tianguis Tur\u00edstico 35 nuevas rutas a\u00e9reas","author":"Azturismo","date":"mayo 2, 2025","format":false,"excerpt":"El Tianguis Tur\u00edstico M\u00e9xico 2025, fue el escenario para concretar la incorporaci\u00f3n de 35 nuevas rutas a\u00e9reas que potenciar\u00e1n el turismo receptivo y facilitar\u00e1n la movilidad de viajeros desde y hacia m\u00faltiples destinos. La secretaria de Turismo del Gobierno de M\u00e9xico, Josefina Rodr\u00edguez Zamora, manifest\u00f3 que \"la conectividad a\u00e9rea es\u2026","rel":"","context":"En &quot;Destacadas&quot;","block_context":{"text":"Destacadas","link":"https:\/\/azturismo.net\/?cat=30"},"img":{"alt_text":"","src":"https:\/\/i0.wp.com\/azturismo.net\/wp-content\/uploads\/2025\/05\/sectur-aeromexico-tianguis02.jpg?fit=600%2C399&ssl=1&resize=350%2C200","width":350,"height":200,"srcset":"https:\/\/i0.wp.com\/azturismo.net\/wp-content\/uploads\/2025\/05\/sectur-aeromexico-tianguis02.jpg?fit=600%2C399&ssl=1&resize=350%2C200 1x, https:\/\/i0.wp.com\/azturismo.net\/wp-content\/uploads\/2025\/05\/sectur-aeromexico-tianguis02.jpg?fit=600%2C399&ssl=1&resize=525%2C300 1.5x"},"classes":[]},{"id":6930,"url":"https:\/\/azturismo.net\/?p=6930","url_meta":{"origin":6032,"position":5},"title":"\u00bfPor qu\u00e9 Aerom\u00e9xico ya es oficialmente una &#8220;Marca Famosa&#8221;?","author":"Azturismo","date":"marzo 20, 2026","format":false,"excerpt":"Por Oscar V\u00e1zquez C. El prestigio de la aviaci\u00f3n mexicana alcanza un nuevo nivel. Este 18 de marzo, en una ceremonia oficial, el Instituto Mexicano de la Propiedad Industrial (IMPI) entreg\u00f3 a Aerom\u00e9xico la declaratoria de \"Marca Famosa\", un reconocimiento que no solo celebra su trayectoria, sino que blinda su\u2026","rel":"","context":"En &quot;Destacadas&quot;","block_context":{"text":"Destacadas","link":"https:\/\/azturismo.net\/?cat=30"},"img":{"alt_text":"","src":"https:\/\/i0.wp.com\/azturismo.net\/wp-content\/uploads\/2026\/03\/aeromexico-moda2.jpeg?fit=600%2C337&ssl=1&resize=350%2C200","width":350,"height":200,"srcset":"https:\/\/i0.wp.com\/azturismo.net\/wp-content\/uploads\/2026\/03\/aeromexico-moda2.jpeg?fit=600%2C337&ssl=1&resize=350%2C200 1x, https:\/\/i0.wp.com\/azturismo.net\/wp-content\/uploads\/2026\/03\/aeromexico-moda2.jpeg?fit=600%2C337&ssl=1&resize=525%2C300 1.5x"},"classes":[]}],"jetpack_shortlink":"https:\/\/wp.me\/pfqZGx-1zi","amp_enabled":true,"_links":{"self":[{"href":"https:\/\/azturismo.net\/index.php?rest_route=\/wp\/v2\/posts\/6032","targetHints":{"allow":["GET"]}}],"collection":[{"href":"https:\/\/azturismo.net\/index.php?rest_route=\/wp\/v2\/posts"}],"about":[{"href":"https:\/\/azturismo.net\/index.php?rest_route=\/wp\/v2\/types\/post"}],"author":[{"embeddable":true,"href":"https:\/\/azturismo.net\/index.php?rest_route=\/wp\/v2\/users\/1"}],"replies":[{"embeddable":true,"href":"https:\/\/azturismo.net\/index.php?rest_route=%2Fwp%2Fv2%2Fcomments&post=6032"}],"version-history":[{"count":2,"href":"https:\/\/azturismo.net\/index.php?rest_route=\/wp\/v2\/posts\/6032\/revisions"}],"predecessor-version":[{"id":6037,"href":"https:\/\/azturismo.net\/index.php?rest_route=\/wp\/v2\/posts\/6032\/revisions\/6037"}],"wp:featuredmedia":[{"embeddable":true,"href":"https:\/\/azturismo.net\/index.php?rest_route=\/wp\/v2\/media\/6033"}],"wp:attachment":[{"href":"https:\/\/azturismo.net\/index.php?rest_route=%2Fwp%2Fv2%2Fmedia&parent=6032"}],"wp:term":[{"taxonomy":"category","embeddable":true,"href":"https:\/\/azturismo.net\/index.php?rest_route=%2Fwp%2Fv2%2Fcategories&post=6032"},{"taxonomy":"post_tag","embeddable":true,"href":"https:\/\/azturismo.net\/index.php?rest_route=%2Fwp%2Fv2%2Ftags&post=6032"}],"curies":[{"name":"wp","href":"https:\/\/api.w.org\/{rel}","templated":true}]}}