{"id":6015,"date":"2025-10-18T10:19:00","date_gmt":"2025-10-18T16:19:00","guid":{"rendered":"https:\/\/azturismo.net\/?p=6015"},"modified":"2025-10-13T23:51:58","modified_gmt":"2025-10-14T05:51:58","slug":"6015","status":"publish","type":"post","link":"https:\/\/azturismo.net\/?p=6015","title":{"rendered":"Moda en M\u00e9xico en la Mira"},"content":{"rendered":"\n<p>Por Ronaldo Zanon<\/p>\n\n\n\n<p><strong>Ante la alarmante cifra de que el 30% de la ropa nueva jam\u00e1s se vende, expertos reunidos en el foro &#8220;M\u00e9xico por el Clima&#8221; demandan transparencia, apoyo al slow fashion y una Ley de Econom\u00eda Circular para transformar la industria.<\/strong><\/p>\n\n\n\n<p>La industria de la moda, una de las m\u00e1s contaminantes a nivel global, est\u00e1 bajo los reflectores en M\u00e9xico. Durante el panel &#8220;El reto clim\u00e1tico de la moda en M\u00e9xico&#8221;, celebrado en la primera edici\u00f3n del foro <strong>M\u00e9xico por el Clima<\/strong>, l\u00edderes ambientales y empresariales hicieron un llamado un\u00e1nime por una <strong>transformaci\u00f3n radical e inmediata<\/strong> del sector.<\/p>\n\n\n\n<p>El consenso fue claro: se necesita una <strong>&#8220;reingenier\u00eda total&#8221;<\/strong> de la cadena de valor para combatir la sobreproducci\u00f3n, donde, en una cifra que alarm\u00f3 a los asistentes, <strong>el 30% de toda la ropa fabricada a nivel mundial se desecha sin haber sido vendida ni usada.<\/strong><\/p>\n\n\n\n<h4 class=\"wp-block-heading\"><strong>El Grito de Alarma: Datos que Preocupan<\/strong><\/h4>\n\n\n\n<p>El foro, que se posiciona como el nuevo epicentro de la innovaci\u00f3n clim\u00e1tica en Latinoam\u00e9rica, sirvi\u00f3 como plataforma para dimensionar la crisis. Los expertos no solo hablaron de contaminaci\u00f3n por textiles, sino de un modelo de negocio roto que genera un desperdicio masivo incluso antes de que el producto llegue al consumidor.<\/p>\n\n\n\n<h4 class=\"wp-block-heading\"><strong>Las Tres Claves para la Transformaci\u00f3n de la Moda en M\u00e9xico<\/strong><\/h4>\n\n\n\n<p>Frente a este escenario, los panelistas delinearon las rutas cr\u00edticas para el cambio:<\/p>\n\n\n\n<ol class=\"wp-block-list\">\n<li><strong>Transparencia Textil Absoluta y Econom\u00eda Circular.<\/strong><br><strong>Diana Hern\u00e1ndez<\/strong>, CEO de Fundamentally, fue contundente: <em>&#8220;Necesitamos repensar todo el modelo de negocios y generar un sistema circular que no genere desperdicio&#8221;<\/em>. Subray\u00f3 que la responsabilidad es doble: las marcas deben garantizar transparencia total en su cadena de suministro, y los consumidores deben ser m\u00e1s conscientes del origen e impacto de sus compras. Para facilitar este cambio, present\u00f3 <strong>Fundamentally Green Metrics Latam<\/strong>, una iniciativa que subsidia herramientas de datos de sostenibilidad y pasaportes digitales para las marcas.<\/li>\n\n\n\n<li><strong>Fortalecer el Slow Fashion como Motor Econ\u00f3mico.<\/strong><br><strong>Mildred Partida<\/strong>, CEO de Culto Mar, defendi\u00f3 el poder del slow fashion (moda lenta) no solo como una alternativa ambiental, sino como un generador de empleos. Su llamado fue a la educaci\u00f3n: <em>&#8220;Es crucial impulsar la educaci\u00f3n sobre los costos reales y la complejidad que implica producir bajo un esquema de slow fashion, de modo que las pol\u00edticas y el mercado valoren la sostenibilidad&#8221;<\/em>. Argument\u00f3 que, con el apoyo adecuado, estos emprendimientos pueden ser la columna vertebral de una nueva econom\u00eda de la moda en M\u00e9xico.<\/li>\n\n\n\n<li><strong>Una Ley que Lidere el Cambio.<\/strong><br><strong>Juan Carlos Carrillo<\/strong>, del Centro Mexicano de Derecho Ambiental (CEMDA), puso el foco en la urgencia de un marco legal robusto. Inst\u00f3 a ver las crisis actuales como una ventana de oportunidad para legislar. <em>&#8220;Necesitamos una Ley en materia de Econom\u00eda Circular para ahondar en obligaciones e incentivos que permitan cambiar la manera en que producimos y en que consumimos&#8221;<\/em>, afirm\u00f3. Esta ley ser\u00eda el motor principal para obligar a la industria a adoptar pr\u00e1cticas sostenibles.<\/li>\n<\/ol>\n\n\n\n<h4 class=\"wp-block-heading\"><strong>Un Futuro Sostenible es Posible<\/strong><\/h4>\n\n\n\n<p>Con el respaldo de Climate Group y la colaboraci\u00f3n de la ONU, <strong>M\u00e9xico por el Clima<\/strong> cerr\u00f3 con un mensaje de urgencia y esperanza. La transformaci\u00f3n sist\u00e9mica de cadenas de valor como la de la moda ya no es una opci\u00f3n, sino una necesidad para construir un futuro resiliente. M\u00e9xico tiene la oportunidad de liderar esta transici\u00f3n en la regi\u00f3n, pero el tiempo para actuar es ahora.<\/p>\n\n\n\n<p><strong>\u00bfQu\u00e9 significa esto para ti?<\/strong> Como consumidor, tu poder es enorme. Informarte sobre el origen de tu ropa, preferir marcas transparentes y optar por la calidad sobre la cantidad son acciones concretas que impulsan esta &#8220;reingenier\u00eda total&#8221; que el planeta exige.<\/p>\n","protected":false},"excerpt":{"rendered":"<p>Por Ronaldo Zanon Ante la alarmante cifra de que el 30% de la ropa nueva jam\u00e1s se vende, expertos reunidos en el foro &#8220;M\u00e9xico por el Clima&#8221; demandan transparencia, apoyo al slow fashion y una Ley de Econom\u00eda Circular para transformar la industria. La industria de la moda, una de las m\u00e1s contaminantes a nivel [&hellip;]<\/p>\n","protected":false},"author":1,"featured_media":6016,"comment_status":"open","ping_status":"open","sticky":false,"template":"","format":"standard","meta":{"jetpack_post_was_ever_published":false,"_jetpack_newsletter_access":"","_jetpack_dont_email_post_to_subs":false,"_jetpack_newsletter_tier_id":0,"_jetpack_memberships_contains_paywalled_content":false,"_jetpack_memberships_contains_paid_content":false,"footnotes":"","jetpack_publicize_message":"","jetpack_publicize_feature_enabled":true,"jetpack_social_post_already_shared":true,"jetpack_social_options":{"image_generator_settings":{"template":"highway","default_image_id":0,"font":"","enabled":false},"version":2}},"categories":[30,28],"tags":[99,2767,2774,2771,2764,2772,850,2768,2770,2769,2762,2773,504,2763,2765,2761,277],"class_list":{"0":"post-6015","1":"post","2":"type-post","3":"status-publish","4":"format-standard","5":"has-post-thumbnail","7":"category-e","8":"category-tendencias","9":"tag-azturismo","10":"tag-cemda","11":"tag-ceo-de-culto-mar","12":"tag-ceo-de-fundamentally","13":"tag-culto-mar","14":"tag-diana-hernandez","15":"tag-economia-circular","16":"tag-fundamentally","17":"tag-ley-de-economia-circular","18":"tag-medio-ambiente-mexico","19":"tag-mexico-por-el-clima","20":"tag-mildred-partida","21":"tag-moda-sostenible","22":"tag-modaetica","23":"tag-reingenieria-moda","24":"tag-slow-fashion","25":"tag-sostenibilidad"},"yoast_head":"<!-- This site is optimized with the Yoast SEO plugin v27.5 - https:\/\/yoast.com\/product\/yoast-seo-wordpress\/ -->\n<title>Moda en M\u00e9xico en la Mira - Azturismo Noticias<\/title>\n<meta name=\"description\" content=\"Expertos en el foro M\u00e9xico por el Clima exigen una reingenier\u00eda total de la moda. Descubre por qu\u00e9 piden una Ley de Econom\u00eda Circular y c\u00f3mo impacta al consumidor. #ModaSostenible\" \/>\n<meta name=\"robots\" content=\"index, follow, max-snippet:-1, max-image-preview:large, max-video-preview:-1\" \/>\n<link rel=\"canonical\" href=\"https:\/\/azturismo.net\/?p=6015\" \/>\n<meta property=\"og:locale\" content=\"es_MX\" \/>\n<meta property=\"og:type\" content=\"article\" \/>\n<meta property=\"og:title\" content=\"Moda en M\u00e9xico en la Mira - Azturismo Noticias\" \/>\n<meta property=\"og:description\" content=\"Expertos en el foro M\u00e9xico por el Clima exigen una reingenier\u00eda total de la moda. Descubre por qu\u00e9 piden una Ley de Econom\u00eda Circular y c\u00f3mo impacta al consumidor. #ModaSostenible\" \/>\n<meta property=\"og:url\" content=\"https:\/\/azturismo.net\/?p=6015\" \/>\n<meta property=\"og:site_name\" content=\"Azturismo Noticias\" \/>\n<meta property=\"article:publisher\" content=\"https:\/\/www.facebook.com\/AzturismoNoticias\" \/>\n<meta property=\"article:published_time\" content=\"2025-10-18T16:19:00+00:00\" \/>\n<meta property=\"og:image\" content=\"https:\/\/i0.wp.com\/azturismo.net\/wp-content\/uploads\/2025\/10\/Fundamentally-Green-Metrics-Latam.png?fit=600%2C514&ssl=1\" \/>\n\t<meta property=\"og:image:width\" content=\"600\" \/>\n\t<meta property=\"og:image:height\" content=\"514\" \/>\n\t<meta property=\"og:image:type\" content=\"image\/png\" \/>\n<meta name=\"author\" content=\"Azturismo\" \/>\n<meta name=\"twitter:card\" content=\"summary_large_image\" \/>\n<meta name=\"twitter:creator\" content=\"@AzTurismo\" \/>\n<meta name=\"twitter:site\" content=\"@AzTurismo\" \/>\n<meta name=\"twitter:label1\" content=\"Escrito por\" \/>\n\t<meta name=\"twitter:data1\" content=\"Azturismo\" \/>\n\t<meta name=\"twitter:label2\" content=\"Tiempo de lectura\" \/>\n\t<meta name=\"twitter:data2\" content=\"3 minutos\" \/>\n<script type=\"application\/ld+json\" class=\"yoast-schema-graph\">{\"@context\":\"https:\\\/\\\/schema.org\",\"@graph\":[{\"@type\":\"Article\",\"@id\":\"https:\\\/\\\/azturismo.net\\\/?p=6015#article\",\"isPartOf\":{\"@id\":\"https:\\\/\\\/azturismo.net\\\/?p=6015\"},\"author\":{\"name\":\"Azturismo\",\"@id\":\"https:\\\/\\\/azturismo.net\\\/#\\\/schema\\\/person\\\/4b56d87f51c4d1b518c650739ad3bbc1\"},\"headline\":\"Moda en M\u00e9xico en la Mira\",\"datePublished\":\"2025-10-18T16:19:00+00:00\",\"mainEntityOfPage\":{\"@id\":\"https:\\\/\\\/azturismo.net\\\/?p=6015\"},\"wordCount\":647,\"commentCount\":0,\"publisher\":{\"@id\":\"https:\\\/\\\/azturismo.net\\\/#organization\"},\"image\":{\"@id\":\"https:\\\/\\\/azturismo.net\\\/?p=6015#primaryimage\"},\"thumbnailUrl\":\"https:\\\/\\\/i0.wp.com\\\/azturismo.net\\\/wp-content\\\/uploads\\\/2025\\\/10\\\/Fundamentally-Green-Metrics-Latam.png?fit=600%2C514&ssl=1\",\"keywords\":[\"azturismo\",\"CEMDA\",\"CEO de Culto Mar\",\"CEO de Fundamentally\",\"Culto Mar\",\"Diana Hern\u00e1ndez\",\"econom\u00eda circular\",\"Fundamentally\",\"Ley De Econom\u00eda Circular\",\"Medio Ambiente M\u00e9xico\",\"M\u00e9xico Por El Clima\",\"Mildred Partida\",\"Moda Sostenible\",\"Moda\u00c9tica\",\"Reingenier\u00eda Moda\",\"Slow Fashion\",\"sostenibilidad\"],\"articleSection\":[\"Destacadas\",\"TENDENCIAS\"],\"inLanguage\":\"es\",\"potentialAction\":[{\"@type\":\"CommentAction\",\"name\":\"Comment\",\"target\":[\"https:\\\/\\\/azturismo.net\\\/?p=6015#respond\"]}]},{\"@type\":\"WebPage\",\"@id\":\"https:\\\/\\\/azturismo.net\\\/?p=6015\",\"url\":\"https:\\\/\\\/azturismo.net\\\/?p=6015\",\"name\":\"Moda en M\u00e9xico en la Mira - Azturismo Noticias\",\"isPartOf\":{\"@id\":\"https:\\\/\\\/azturismo.net\\\/#website\"},\"primaryImageOfPage\":{\"@id\":\"https:\\\/\\\/azturismo.net\\\/?p=6015#primaryimage\"},\"image\":{\"@id\":\"https:\\\/\\\/azturismo.net\\\/?p=6015#primaryimage\"},\"thumbnailUrl\":\"https:\\\/\\\/i0.wp.com\\\/azturismo.net\\\/wp-content\\\/uploads\\\/2025\\\/10\\\/Fundamentally-Green-Metrics-Latam.png?fit=600%2C514&ssl=1\",\"datePublished\":\"2025-10-18T16:19:00+00:00\",\"description\":\"Expertos en el foro M\u00e9xico por el Clima exigen una reingenier\u00eda total de la moda. Descubre por qu\u00e9 piden una Ley de Econom\u00eda Circular y c\u00f3mo impacta al consumidor. #ModaSostenible\",\"breadcrumb\":{\"@id\":\"https:\\\/\\\/azturismo.net\\\/?p=6015#breadcrumb\"},\"inLanguage\":\"es\",\"potentialAction\":[{\"@type\":\"ReadAction\",\"target\":[\"https:\\\/\\\/azturismo.net\\\/?p=6015\"]}]},{\"@type\":\"ImageObject\",\"inLanguage\":\"es\",\"@id\":\"https:\\\/\\\/azturismo.net\\\/?p=6015#primaryimage\",\"url\":\"https:\\\/\\\/i0.wp.com\\\/azturismo.net\\\/wp-content\\\/uploads\\\/2025\\\/10\\\/Fundamentally-Green-Metrics-Latam.png?fit=600%2C514&ssl=1\",\"contentUrl\":\"https:\\\/\\\/i0.wp.com\\\/azturismo.net\\\/wp-content\\\/uploads\\\/2025\\\/10\\\/Fundamentally-Green-Metrics-Latam.png?fit=600%2C514&ssl=1\",\"width\":600,\"height\":514},{\"@type\":\"BreadcrumbList\",\"@id\":\"https:\\\/\\\/azturismo.net\\\/?p=6015#breadcrumb\",\"itemListElement\":[{\"@type\":\"ListItem\",\"position\":1,\"name\":\"Home\",\"item\":\"https:\\\/\\\/azturismo.net\\\/\"},{\"@type\":\"ListItem\",\"position\":2,\"name\":\"Moda en M\u00e9xico en la Mira\"}]},{\"@type\":\"WebSite\",\"@id\":\"https:\\\/\\\/azturismo.net\\\/#website\",\"url\":\"https:\\\/\\\/azturismo.net\\\/\",\"name\":\"Azturismo\",\"description\":\"Azturismo Noticias\",\"publisher\":{\"@id\":\"https:\\\/\\\/azturismo.net\\\/#organization\"},\"potentialAction\":[{\"@type\":\"SearchAction\",\"target\":{\"@type\":\"EntryPoint\",\"urlTemplate\":\"https:\\\/\\\/azturismo.net\\\/?s={search_term_string}\"},\"query-input\":{\"@type\":\"PropertyValueSpecification\",\"valueRequired\":true,\"valueName\":\"search_term_string\"}}],\"inLanguage\":\"es\"},{\"@type\":\"Organization\",\"@id\":\"https:\\\/\\\/azturismo.net\\\/#organization\",\"name\":\"Azturismo\",\"url\":\"https:\\\/\\\/azturismo.net\\\/\",\"logo\":{\"@type\":\"ImageObject\",\"inLanguage\":\"es\",\"@id\":\"https:\\\/\\\/azturismo.net\\\/#\\\/schema\\\/logo\\\/image\\\/\",\"url\":\"https:\\\/\\\/i0.wp.com\\\/azturismo.net\\\/wp-content\\\/uploads\\\/2024\\\/03\\\/logo-el-bueno-.png?fit=294%2C69&ssl=1\",\"contentUrl\":\"https:\\\/\\\/i0.wp.com\\\/azturismo.net\\\/wp-content\\\/uploads\\\/2024\\\/03\\\/logo-el-bueno-.png?fit=294%2C69&ssl=1\",\"width\":294,\"height\":69,\"caption\":\"Azturismo\"},\"image\":{\"@id\":\"https:\\\/\\\/azturismo.net\\\/#\\\/schema\\\/logo\\\/image\\\/\"},\"sameAs\":[\"https:\\\/\\\/www.facebook.com\\\/AzturismoNoticias\",\"https:\\\/\\\/x.com\\\/AzTurismo\",\"https:\\\/\\\/www.instagram.com\\\/azturismo_noticias\\\/?fbclid=IwAR2xMiuoHbs6eLeIHKP8P5sSGa-xFrw7FfejscXO7kDghWa7wKLjGczKOwE\",\"https:\\\/\\\/www.tiktok.com\\\/@azturismo\"]},{\"@type\":\"Person\",\"@id\":\"https:\\\/\\\/azturismo.net\\\/#\\\/schema\\\/person\\\/4b56d87f51c4d1b518c650739ad3bbc1\",\"name\":\"Azturismo\",\"image\":{\"@type\":\"ImageObject\",\"inLanguage\":\"es\",\"@id\":\"https:\\\/\\\/azturismo.net\\\/wp-content\\\/litespeed\\\/avatar\\\/dfe28a31cdd68b788da48a316e50db10.jpg?ver=1777707566\",\"url\":\"https:\\\/\\\/azturismo.net\\\/wp-content\\\/litespeed\\\/avatar\\\/dfe28a31cdd68b788da48a316e50db10.jpg?ver=1777707566\",\"contentUrl\":\"https:\\\/\\\/azturismo.net\\\/wp-content\\\/litespeed\\\/avatar\\\/dfe28a31cdd68b788da48a316e50db10.jpg?ver=1777707566\",\"caption\":\"Azturismo\"},\"sameAs\":[\"https:\\\/\\\/azturismo.net\"],\"url\":\"https:\\\/\\\/azturismo.net\\\/?author=1\"}]}<\/script>\n<!-- \/ Yoast SEO plugin. -->","yoast_head_json":{"title":"Moda en M\u00e9xico en la Mira - Azturismo Noticias","description":"Expertos en el foro M\u00e9xico por el Clima exigen una reingenier\u00eda total de la moda. Descubre por qu\u00e9 piden una Ley de Econom\u00eda Circular y c\u00f3mo impacta al consumidor. #ModaSostenible","robots":{"index":"index","follow":"follow","max-snippet":"max-snippet:-1","max-image-preview":"max-image-preview:large","max-video-preview":"max-video-preview:-1"},"canonical":"https:\/\/azturismo.net\/?p=6015","og_locale":"es_MX","og_type":"article","og_title":"Moda en M\u00e9xico en la Mira - Azturismo Noticias","og_description":"Expertos en el foro M\u00e9xico por el Clima exigen una reingenier\u00eda total de la moda. Descubre por qu\u00e9 piden una Ley de Econom\u00eda Circular y c\u00f3mo impacta al consumidor. #ModaSostenible","og_url":"https:\/\/azturismo.net\/?p=6015","og_site_name":"Azturismo Noticias","article_publisher":"https:\/\/www.facebook.com\/AzturismoNoticias","article_published_time":"2025-10-18T16:19:00+00:00","og_image":[{"width":600,"height":514,"url":"https:\/\/i0.wp.com\/azturismo.net\/wp-content\/uploads\/2025\/10\/Fundamentally-Green-Metrics-Latam.png?fit=600%2C514&ssl=1","type":"image\/png"}],"author":"Azturismo","twitter_card":"summary_large_image","twitter_creator":"@AzTurismo","twitter_site":"@AzTurismo","twitter_misc":{"Escrito por":"Azturismo","Tiempo de lectura":"3 minutos"},"schema":{"@context":"https:\/\/schema.org","@graph":[{"@type":"Article","@id":"https:\/\/azturismo.net\/?p=6015#article","isPartOf":{"@id":"https:\/\/azturismo.net\/?p=6015"},"author":{"name":"Azturismo","@id":"https:\/\/azturismo.net\/#\/schema\/person\/4b56d87f51c4d1b518c650739ad3bbc1"},"headline":"Moda en M\u00e9xico en la Mira","datePublished":"2025-10-18T16:19:00+00:00","mainEntityOfPage":{"@id":"https:\/\/azturismo.net\/?p=6015"},"wordCount":647,"commentCount":0,"publisher":{"@id":"https:\/\/azturismo.net\/#organization"},"image":{"@id":"https:\/\/azturismo.net\/?p=6015#primaryimage"},"thumbnailUrl":"https:\/\/i0.wp.com\/azturismo.net\/wp-content\/uploads\/2025\/10\/Fundamentally-Green-Metrics-Latam.png?fit=600%2C514&ssl=1","keywords":["azturismo","CEMDA","CEO de Culto Mar","CEO de Fundamentally","Culto Mar","Diana Hern\u00e1ndez","econom\u00eda circular","Fundamentally","Ley De Econom\u00eda Circular","Medio Ambiente M\u00e9xico","M\u00e9xico Por El Clima","Mildred Partida","Moda Sostenible","Moda\u00c9tica","Reingenier\u00eda Moda","Slow Fashion","sostenibilidad"],"articleSection":["Destacadas","TENDENCIAS"],"inLanguage":"es","potentialAction":[{"@type":"CommentAction","name":"Comment","target":["https:\/\/azturismo.net\/?p=6015#respond"]}]},{"@type":"WebPage","@id":"https:\/\/azturismo.net\/?p=6015","url":"https:\/\/azturismo.net\/?p=6015","name":"Moda en M\u00e9xico en la Mira - Azturismo Noticias","isPartOf":{"@id":"https:\/\/azturismo.net\/#website"},"primaryImageOfPage":{"@id":"https:\/\/azturismo.net\/?p=6015#primaryimage"},"image":{"@id":"https:\/\/azturismo.net\/?p=6015#primaryimage"},"thumbnailUrl":"https:\/\/i0.wp.com\/azturismo.net\/wp-content\/uploads\/2025\/10\/Fundamentally-Green-Metrics-Latam.png?fit=600%2C514&ssl=1","datePublished":"2025-10-18T16:19:00+00:00","description":"Expertos en el foro M\u00e9xico por el Clima exigen una reingenier\u00eda total de la moda. Descubre por qu\u00e9 piden una Ley de Econom\u00eda Circular y c\u00f3mo impacta al consumidor. #ModaSostenible","breadcrumb":{"@id":"https:\/\/azturismo.net\/?p=6015#breadcrumb"},"inLanguage":"es","potentialAction":[{"@type":"ReadAction","target":["https:\/\/azturismo.net\/?p=6015"]}]},{"@type":"ImageObject","inLanguage":"es","@id":"https:\/\/azturismo.net\/?p=6015#primaryimage","url":"https:\/\/i0.wp.com\/azturismo.net\/wp-content\/uploads\/2025\/10\/Fundamentally-Green-Metrics-Latam.png?fit=600%2C514&ssl=1","contentUrl":"https:\/\/i0.wp.com\/azturismo.net\/wp-content\/uploads\/2025\/10\/Fundamentally-Green-Metrics-Latam.png?fit=600%2C514&ssl=1","width":600,"height":514},{"@type":"BreadcrumbList","@id":"https:\/\/azturismo.net\/?p=6015#breadcrumb","itemListElement":[{"@type":"ListItem","position":1,"name":"Home","item":"https:\/\/azturismo.net\/"},{"@type":"ListItem","position":2,"name":"Moda en M\u00e9xico en la Mira"}]},{"@type":"WebSite","@id":"https:\/\/azturismo.net\/#website","url":"https:\/\/azturismo.net\/","name":"Azturismo","description":"Azturismo Noticias","publisher":{"@id":"https:\/\/azturismo.net\/#organization"},"potentialAction":[{"@type":"SearchAction","target":{"@type":"EntryPoint","urlTemplate":"https:\/\/azturismo.net\/?s={search_term_string}"},"query-input":{"@type":"PropertyValueSpecification","valueRequired":true,"valueName":"search_term_string"}}],"inLanguage":"es"},{"@type":"Organization","@id":"https:\/\/azturismo.net\/#organization","name":"Azturismo","url":"https:\/\/azturismo.net\/","logo":{"@type":"ImageObject","inLanguage":"es","@id":"https:\/\/azturismo.net\/#\/schema\/logo\/image\/","url":"https:\/\/i0.wp.com\/azturismo.net\/wp-content\/uploads\/2024\/03\/logo-el-bueno-.png?fit=294%2C69&ssl=1","contentUrl":"https:\/\/i0.wp.com\/azturismo.net\/wp-content\/uploads\/2024\/03\/logo-el-bueno-.png?fit=294%2C69&ssl=1","width":294,"height":69,"caption":"Azturismo"},"image":{"@id":"https:\/\/azturismo.net\/#\/schema\/logo\/image\/"},"sameAs":["https:\/\/www.facebook.com\/AzturismoNoticias","https:\/\/x.com\/AzTurismo","https:\/\/www.instagram.com\/azturismo_noticias\/?fbclid=IwAR2xMiuoHbs6eLeIHKP8P5sSGa-xFrw7FfejscXO7kDghWa7wKLjGczKOwE","https:\/\/www.tiktok.com\/@azturismo"]},{"@type":"Person","@id":"https:\/\/azturismo.net\/#\/schema\/person\/4b56d87f51c4d1b518c650739ad3bbc1","name":"Azturismo","image":{"@type":"ImageObject","inLanguage":"es","@id":"https:\/\/azturismo.net\/wp-content\/litespeed\/avatar\/dfe28a31cdd68b788da48a316e50db10.jpg?ver=1777707566","url":"https:\/\/azturismo.net\/wp-content\/litespeed\/avatar\/dfe28a31cdd68b788da48a316e50db10.jpg?ver=1777707566","contentUrl":"https:\/\/azturismo.net\/wp-content\/litespeed\/avatar\/dfe28a31cdd68b788da48a316e50db10.jpg?ver=1777707566","caption":"Azturismo"},"sameAs":["https:\/\/azturismo.net"],"url":"https:\/\/azturismo.net\/?author=1"}]}},"jetpack_publicize_connections":[],"jetpack_featured_media_url":"https:\/\/i0.wp.com\/azturismo.net\/wp-content\/uploads\/2025\/10\/Fundamentally-Green-Metrics-Latam.png?fit=600%2C514&ssl=1","jetpack_sharing_enabled":true,"jetpack-related-posts":[{"id":4881,"url":"https:\/\/azturismo.net\/?p=4881","url_meta":{"origin":6015,"position":0},"title":"M\u00e9xico se consolida como un destino tur\u00edstico de moda","author":"Azturismo","date":"agosto 14, 2025","format":false,"excerpt":"Por Staff AzTurismoM\u00e9xico est\u00e1 de moda y las cifras lo confirman. El primer semestre de 2025 ha sido hist\u00f3rico para el turismo nacional, atrayendo a millones de visitantes y generando un impresionante crecimiento econ\u00f3mico. Este auge no solo se refleja en las populares playas y ciudades, sino que tambi\u00e9n impulsa\u2026","rel":"","context":"En &quot;Destacadas&quot;","block_context":{"text":"Destacadas","link":"https:\/\/azturismo.net\/?cat=30"},"img":{"alt_text":"","src":"https:\/\/i0.wp.com\/azturismo.net\/wp-content\/uploads\/2025\/08\/PSX_20250814_181321.jpg?fit=600%2C400&ssl=1&resize=350%2C200","width":350,"height":200,"srcset":"https:\/\/i0.wp.com\/azturismo.net\/wp-content\/uploads\/2025\/08\/PSX_20250814_181321.jpg?fit=600%2C400&ssl=1&resize=350%2C200 1x, https:\/\/i0.wp.com\/azturismo.net\/wp-content\/uploads\/2025\/08\/PSX_20250814_181321.jpg?fit=600%2C400&ssl=1&resize=525%2C300 1.5x"},"classes":[]},{"id":6829,"url":"https:\/\/azturismo.net\/?p=6829","url_meta":{"origin":6015,"position":1},"title":"M\u00e9xico est\u00e1 de moda, 2026 marcar\u00e1 un a\u00f1o hist\u00f3rico para el turismo nacional","author":"Azturismo","date":"enero 3, 2026","format":false,"excerpt":"Por Oscar V\u00e1zquez C. \ud83d\udd39M\u00e9xico se encamina a vivir uno de los momentos m\u00e1s trascendentales de su historia tur\u00edstica afirm\u00f3 la secretaria de Turismo del Gobierno de M\u00e9xico, Josefina Rodr\u00edguez Zamora, al destacar que 2026 marcar\u00e1 un antes y un despu\u00e9s para el turismo nacional, gracias a una agenda internacional\u2026","rel":"","context":"En &quot;Destacadas&quot;","block_context":{"text":"Destacadas","link":"https:\/\/azturismo.net\/?cat=30"},"img":{"alt_text":"","src":"https:\/\/i0.wp.com\/azturismo.net\/wp-content\/uploads\/2026\/01\/Sectur-deModa3.jpg?fit=600%2C420&ssl=1&resize=350%2C200","width":350,"height":200,"srcset":"https:\/\/i0.wp.com\/azturismo.net\/wp-content\/uploads\/2026\/01\/Sectur-deModa3.jpg?fit=600%2C420&ssl=1&resize=350%2C200 1x, https:\/\/i0.wp.com\/azturismo.net\/wp-content\/uploads\/2026\/01\/Sectur-deModa3.jpg?fit=600%2C420&ssl=1&resize=525%2C300 1.5x"},"classes":[]},{"id":3246,"url":"https:\/\/azturismo.net\/?p=3246","url_meta":{"origin":6015,"position":2},"title":"Jalisco ser\u00e1 sede de la primera edici\u00f3n de ITB Am\u00e9ricas en 2026","author":"Azturismo","date":"marzo 6, 2025","format":false,"excerpt":"Por Oscar V\u00e1zquez C. La Internationale Tourismus-B\u00f6rse (ITB) Berl\u00edn, el evento de turismo m\u00e1s relevante a nivel mundial, anunci\u00f3 oficialmente que Jalisco ser\u00e1 la sede de la primera edici\u00f3n de ITB Am\u00e9ricas, consolid\u00e1ndose como un destino clave para el turismo y los negocios en la regi\u00f3n. La secretaria de Turismo\u2026","rel":"","context":"En &quot;Destacadas&quot;","block_context":{"text":"Destacadas","link":"https:\/\/azturismo.net\/?cat=30"},"img":{"alt_text":"","src":"https:\/\/i0.wp.com\/azturismo.net\/wp-content\/uploads\/2025\/03\/PSX_20250306_183354.jpg?fit=600%2C487&ssl=1&resize=350%2C200","width":350,"height":200,"srcset":"https:\/\/i0.wp.com\/azturismo.net\/wp-content\/uploads\/2025\/03\/PSX_20250306_183354.jpg?fit=600%2C487&ssl=1&resize=350%2C200 1x, https:\/\/i0.wp.com\/azturismo.net\/wp-content\/uploads\/2025\/03\/PSX_20250306_183354.jpg?fit=600%2C487&ssl=1&resize=525%2C300 1.5x"},"classes":[]},{"id":6056,"url":"https:\/\/azturismo.net\/?p=6056","url_meta":{"origin":6015,"position":3},"title":"Sectur y titulares de Turismo a favor de reformar la ley general del sector","author":"Azturismo","date":"octubre 21, 2025","format":false,"excerpt":"Por Staff \ud83c\uddf2\ud83c\uddfdCon el objetivo de fortalecer la coordinaci\u00f3n entre los gobiernos estatales y el federal, la secretaria de Turismo, Josefina Rodr\u00edguez Zamora, encabez\u00f3 una reuni\u00f3n de trabajo con las y los secretarios de Turismo del pa\u00eds. El encuentro reafirm\u00f3 la visi\u00f3n conjunta de consolidar un turismo sostenible, inclusivo y\u2026","rel":"","context":"En &quot;Destacadas&quot;","block_context":{"text":"Destacadas","link":"https:\/\/azturismo.net\/?cat=30"},"img":{"alt_text":"","src":"https:\/\/i0.wp.com\/azturismo.net\/wp-content\/uploads\/2025\/10\/Comunicado-232-2.jpg?fit=768%2C512&ssl=1&resize=350%2C200","width":350,"height":200,"srcset":"https:\/\/i0.wp.com\/azturismo.net\/wp-content\/uploads\/2025\/10\/Comunicado-232-2.jpg?fit=768%2C512&ssl=1&resize=350%2C200 1x, https:\/\/i0.wp.com\/azturismo.net\/wp-content\/uploads\/2025\/10\/Comunicado-232-2.jpg?fit=768%2C512&ssl=1&resize=525%2C300 1.5x, https:\/\/i0.wp.com\/azturismo.net\/wp-content\/uploads\/2025\/10\/Comunicado-232-2.jpg?fit=768%2C512&ssl=1&resize=700%2C400 2x"},"classes":[]},{"id":3158,"url":"https:\/\/azturismo.net\/?p=3158","url_meta":{"origin":6015,"position":4},"title":"M\u00e9xico ser\u00e1 sede de la feria tur\u00edstica ITB de las Am\u00e9ricas: Rodr\u00edguez Zamora","author":"Azturismo","date":"febrero 26, 2025","format":false,"excerpt":"Por Staff AzTurismo La secretar\u00eda de Turismo de M\u00e9xico (Sectur), Josefina Rodr\u00edguez Zamora, anunci\u00f3 que el pa\u00eds ser\u00e1 la sede de la feria International Tourism Berlin (ITB) Las Am\u00e9ricas durante tres a\u00f1os, a partir de noviembre de 2026. Este importante evento posicionar\u00e1 a M\u00e9xico como un referente del turismo en\u2026","rel":"","context":"En &quot;Destacadas&quot;","block_context":{"text":"Destacadas","link":"https:\/\/azturismo.net\/?cat=30"},"img":{"alt_text":"","src":"https:\/\/i0.wp.com\/azturismo.net\/wp-content\/uploads\/2025\/02\/PSX_20250225_230858.jpg?fit=600%2C400&ssl=1&resize=350%2C200","width":350,"height":200,"srcset":"https:\/\/i0.wp.com\/azturismo.net\/wp-content\/uploads\/2025\/02\/PSX_20250225_230858.jpg?fit=600%2C400&ssl=1&resize=350%2C200 1x, https:\/\/i0.wp.com\/azturismo.net\/wp-content\/uploads\/2025\/02\/PSX_20250225_230858.jpg?fit=600%2C400&ssl=1&resize=525%2C300 1.5x"},"classes":[]},{"id":5517,"url":"https:\/\/azturismo.net\/?p=5517","url_meta":{"origin":6015,"position":5},"title":"M\u00e9xico har\u00e1 historia en FITUR 2026: Josefina Rodr\u00edguez","author":"Azturismo","date":"septiembre 19, 2025","format":false,"excerpt":"Por Oscar V\u00e1zquez C M\u00e9xico se prepara para una participaci\u00f3n sin precedentes en la Feria Internacional de Turismo (FITUR) 2026, que se celebrar\u00e1 en Madrid, Espa\u00f1a. Nuestro pa\u00eds ser\u00e1 Pa\u00eds Invitado y contar\u00e1 con el pabell\u00f3n m\u00e1s grande de su historia, representando a los 32 estados de la Rep\u00fablica y\u2026","rel":"","context":"En &quot;Destacadas&quot;","block_context":{"text":"Destacadas","link":"https:\/\/azturismo.net\/?cat=30"},"img":{"alt_text":"","src":"https:\/\/i0.wp.com\/azturismo.net\/wp-content\/uploads\/2025\/09\/Comunicado-201-3.jpg?fit=832%2C554&ssl=1&resize=350%2C200","width":350,"height":200,"srcset":"https:\/\/i0.wp.com\/azturismo.net\/wp-content\/uploads\/2025\/09\/Comunicado-201-3.jpg?fit=832%2C554&ssl=1&resize=350%2C200 1x, https:\/\/i0.wp.com\/azturismo.net\/wp-content\/uploads\/2025\/09\/Comunicado-201-3.jpg?fit=832%2C554&ssl=1&resize=525%2C300 1.5x, https:\/\/i0.wp.com\/azturismo.net\/wp-content\/uploads\/2025\/09\/Comunicado-201-3.jpg?fit=832%2C554&ssl=1&resize=700%2C400 2x"},"classes":[]}],"jetpack_shortlink":"https:\/\/wp.me\/sfqZGx-6015","amp_enabled":true,"_links":{"self":[{"href":"https:\/\/azturismo.net\/index.php?rest_route=\/wp\/v2\/posts\/6015","targetHints":{"allow":["GET"]}}],"collection":[{"href":"https:\/\/azturismo.net\/index.php?rest_route=\/wp\/v2\/posts"}],"about":[{"href":"https:\/\/azturismo.net\/index.php?rest_route=\/wp\/v2\/types\/post"}],"author":[{"embeddable":true,"href":"https:\/\/azturismo.net\/index.php?rest_route=\/wp\/v2\/users\/1"}],"replies":[{"embeddable":true,"href":"https:\/\/azturismo.net\/index.php?rest_route=%2Fwp%2Fv2%2Fcomments&post=6015"}],"version-history":[{"count":2,"href":"https:\/\/azturismo.net\/index.php?rest_route=\/wp\/v2\/posts\/6015\/revisions"}],"predecessor-version":[{"id":6019,"href":"https:\/\/azturismo.net\/index.php?rest_route=\/wp\/v2\/posts\/6015\/revisions\/6019"}],"wp:featuredmedia":[{"embeddable":true,"href":"https:\/\/azturismo.net\/index.php?rest_route=\/wp\/v2\/media\/6016"}],"wp:attachment":[{"href":"https:\/\/azturismo.net\/index.php?rest_route=%2Fwp%2Fv2%2Fmedia&parent=6015"}],"wp:term":[{"taxonomy":"category","embeddable":true,"href":"https:\/\/azturismo.net\/index.php?rest_route=%2Fwp%2Fv2%2Fcategories&post=6015"},{"taxonomy":"post_tag","embeddable":true,"href":"https:\/\/azturismo.net\/index.php?rest_route=%2Fwp%2Fv2%2Ftags&post=6015"}],"curies":[{"name":"wp","href":"https:\/\/api.w.org\/{rel}","templated":true}]}}