{"id":5992,"date":"2025-10-17T09:09:00","date_gmt":"2025-10-17T15:09:00","guid":{"rendered":"https:\/\/azturismo.net\/?p=5992"},"modified":"2025-10-13T23:00:49","modified_gmt":"2025-10-14T05:00:49","slug":"puerto-vallarta-2a-mejor-ciudad-pequena-del-mundo","status":"publish","type":"post","link":"https:\/\/azturismo.net\/?p=5992","title":{"rendered":"\u00a1Puerto Vallarta, 2a mejor ciudad peque\u00f1a del mundo!"},"content":{"rendered":"\n<p>Por Staff AzTurismo<\/p>\n\n\n\n<p>Puerto Vallarta vuelve a brillar en el mapa tur\u00edstico internacional al ser reconocida por los lectores de <em>Cond\u00e9 Nast Traveler<\/em> como una de las <strong>mejores ciudades peque\u00f1as del mundo<\/strong> en los prestigiosos <em>Readers\u2019 Choice Awards 2025<\/em>.<\/p>\n\n\n\n<p>Con m\u00e1s de <strong>757 mil votos<\/strong> emitidos por viajeros de todo el mundo, la edici\u00f3n n\u00famero 38 de estos premios destac\u00f3 a los destinos que ofrecen experiencias aut\u00e9nticas, hospitalidad excepcional y una atm\u00f3sfera que invita a regresar.<\/p>\n\n\n\n<p>Este a\u00f1o, <strong>Puerto Vallarta se posicion\u00f3 en el segundo lugar global<\/strong>, s\u00f3lo detr\u00e1s de <strong>Victoria, Canad\u00e1<\/strong>, y por encima de joyas europeas como <strong>Florencia, Italia<\/strong>, y <strong>Lucerna, Suiza<\/strong>. \u201cEste reconocimiento reafirma que Puerto Vallarta es mucho m\u00e1s que un destino de playa. Es un lugar donde se viven experiencias \u00fanicas, desde su vibrante gastronom\u00eda y arte local, hasta su conexi\u00f3n con la naturaleza y la calidez de su gente\u201d, destac\u00f3 la Oficina de Turismo del destino.<\/p>\n\n\n\n<h3 class=\"wp-block-heading\"><strong>Un destino que conquista corazones<\/strong><\/h3>\n\n\n<div class=\"wp-block-image\">\n<figure class=\"aligncenter size-full is-resized\"><img data-recalc-dims=\"1\" loading=\"lazy\" decoding=\"async\" width=\"600\" height=\"399\" data-attachment-id=\"5994\" data-permalink=\"https:\/\/azturismo.net\/?attachment_id=5994\" data-orig-file=\"https:\/\/i0.wp.com\/azturismo.net\/wp-content\/uploads\/2025\/10\/PuertoVallarta.cd2_.jpg?fit=600%2C399&amp;ssl=1\" data-orig-size=\"600,399\" data-comments-opened=\"1\" data-image-meta=\"{&quot;aperture&quot;:&quot;0&quot;,&quot;credit&quot;:&quot;&quot;,&quot;camera&quot;:&quot;&quot;,&quot;caption&quot;:&quot;&quot;,&quot;created_timestamp&quot;:&quot;0&quot;,&quot;copyright&quot;:&quot;&quot;,&quot;focal_length&quot;:&quot;0&quot;,&quot;iso&quot;:&quot;0&quot;,&quot;shutter_speed&quot;:&quot;0&quot;,&quot;title&quot;:&quot;&quot;,&quot;orientation&quot;:&quot;1&quot;}\" data-image-title=\"PuertoVallarta.cd2\" data-image-description=\"\" data-image-caption=\"\" data-large-file=\"https:\/\/i0.wp.com\/azturismo.net\/wp-content\/uploads\/2025\/10\/PuertoVallarta.cd2_.jpg?fit=600%2C399&amp;ssl=1\" src=\"https:\/\/i0.wp.com\/azturismo.net\/wp-content\/uploads\/2025\/10\/PuertoVallarta.cd2_.jpg?resize=600%2C399&#038;ssl=1\" alt=\"\" class=\"wp-image-5994\" style=\"width:900px;height:auto\" srcset=\"https:\/\/i0.wp.com\/azturismo.net\/wp-content\/uploads\/2025\/10\/PuertoVallarta.cd2_.jpg?w=600&amp;ssl=1 600w, https:\/\/i0.wp.com\/azturismo.net\/wp-content\/uploads\/2025\/10\/PuertoVallarta.cd2_.jpg?resize=300%2C200&amp;ssl=1 300w, https:\/\/i0.wp.com\/azturismo.net\/wp-content\/uploads\/2025\/10\/PuertoVallarta.cd2_.jpg?resize=150%2C100&amp;ssl=1 150w\" sizes=\"auto, (max-width: 600px) 100vw, 600px\" \/><\/figure><\/div>\n\n\n<p>Rodeado por la <strong>Sierra Madre Occidental<\/strong> y el <strong>oc\u00e9ano Pac\u00edfico<\/strong>, Puerto Vallarta ha sabido mantener su encanto tradicional mientras ofrece servicios tur\u00edsticos de clase mundial. Su <strong>centro hist\u00f3rico lleno de color<\/strong>, su <strong>malec\u00f3n con esculturas emblem\u00e1ticas<\/strong> y su <strong>diversa oferta gastron\u00f3mica<\/strong> \u2014que va desde cocina local hasta restaurantes de autor\u2014 hacen del puerto un punto obligado para viajeros nacionales e internacionales.<\/p>\n\n\n\n<p>Adem\u00e1s, el destino ha fortalecido su <strong>oferta cultural y de entretenimiento<\/strong>, con festivales de m\u00fasica, arte y cine que atraen a miles de visitantes cada a\u00f1o, consolid\u00e1ndose como un referente en turismo sostenible y experiencias de lujo con identidad mexicana.<\/p>\n\n\n\n<h3 class=\"wp-block-heading\"><strong>Puerto Vallarta, orgullo de M\u00e9xico<\/strong><\/h3>\n\n\n\n<p>El reconocimiento de <em>Cond\u00e9 Nast Traveler<\/em> no solo impulsa la proyecci\u00f3n internacional del puerto, sino que refuerza el liderazgo de <strong>Jalisco<\/strong> como uno de los estados con mayor desarrollo tur\u00edstico en M\u00e9xico.<\/p>\n\n\n\n<p>Gracias a su conectividad a\u00e9rea, infraestructura hotelera y compromiso con la sostenibilidad, <strong>Puerto Vallarta sigue posicion\u00e1ndose como uno de los destinos m\u00e1s queridos del mundo<\/strong>.<\/p>\n\n\n\n<p><br>.<\/p>\n\n\n\n<p><\/p>\n","protected":false},"excerpt":{"rendered":"<p>Por Staff AzTurismo Puerto Vallarta vuelve a brillar en el mapa tur\u00edstico internacional al ser reconocida por los lectores de Cond\u00e9 Nast Traveler como una de las mejores ciudades peque\u00f1as del mundo en los prestigiosos Readers\u2019 Choice Awards 2025. Con m\u00e1s de 757 mil votos emitidos por viajeros de todo el mundo, la edici\u00f3n n\u00famero [&hellip;]<\/p>\n","protected":false},"author":1,"featured_media":5993,"comment_status":"open","ping_status":"open","sticky":false,"template":"","format":"standard","meta":{"jetpack_post_was_ever_published":false,"_jetpack_newsletter_access":"","_jetpack_dont_email_post_to_subs":false,"_jetpack_newsletter_tier_id":0,"_jetpack_memberships_contains_paywalled_content":false,"_jetpack_memberships_contains_paid_content":false,"footnotes":"","jetpack_publicize_message":"","jetpack_publicize_feature_enabled":true,"jetpack_social_post_already_shared":true,"jetpack_social_options":{"image_generator_settings":{"template":"highway","default_image_id":0,"font":"","enabled":false},"version":2}},"categories":[30,28],"tags":[99,2727,2729,2728,2730,420],"class_list":{"0":"post-5992","1":"post","2":"type-post","3":"status-publish","4":"format-standard","5":"has-post-thumbnail","7":"category-e","8":"category-tendencias","9":"tag-azturismo","10":"tag-conde-nast-traveler","11":"tag-destinos-turisticos-internacionales","12":"tag-mejores-ciudades-pequenas-del-mundo","13":"tag-puerto-vallarta-2025","14":"tag-turismo-en-mexico"},"yoast_head":"<!-- This site is optimized with the Yoast SEO plugin v27.5 - https:\/\/yoast.com\/product\/yoast-seo-wordpress\/ -->\n<title>\u00a1Puerto Vallarta, 2a mejor ciudad peque\u00f1a del mundo! - Azturismo Noticias<\/title>\n<meta name=\"description\" content=\"Puerto Vallarta conquista nuevamente a los viajeros internacionales al posicionarse como la segunda mejor ciudad peque\u00f1a del mundo en los premios Cond\u00e9 Nast Traveler Readers\u2019 Choice Awards 2025.\" \/>\n<meta name=\"robots\" content=\"index, follow, max-snippet:-1, max-image-preview:large, max-video-preview:-1\" \/>\n<link rel=\"canonical\" href=\"https:\/\/azturismo.net\/?p=5992\" \/>\n<meta property=\"og:locale\" content=\"es_MX\" \/>\n<meta property=\"og:type\" content=\"article\" \/>\n<meta property=\"og:title\" content=\"\u00a1Puerto Vallarta, 2a mejor ciudad peque\u00f1a del mundo! - Azturismo Noticias\" \/>\n<meta property=\"og:description\" content=\"Puerto Vallarta conquista nuevamente a los viajeros internacionales al posicionarse como la segunda mejor ciudad peque\u00f1a del mundo en los premios Cond\u00e9 Nast Traveler Readers\u2019 Choice Awards 2025.\" \/>\n<meta property=\"og:url\" content=\"https:\/\/azturismo.net\/?p=5992\" \/>\n<meta property=\"og:site_name\" content=\"Azturismo Noticias\" \/>\n<meta property=\"article:publisher\" content=\"https:\/\/www.facebook.com\/AzturismoNoticias\" \/>\n<meta property=\"article:published_time\" content=\"2025-10-17T15:09:00+00:00\" \/>\n<meta property=\"og:image\" content=\"https:\/\/i0.wp.com\/azturismo.net\/wp-content\/uploads\/2025\/10\/PuertoVallarta-cd.jpg?fit=600%2C399&ssl=1\" \/>\n\t<meta property=\"og:image:width\" content=\"600\" \/>\n\t<meta property=\"og:image:height\" content=\"399\" \/>\n\t<meta property=\"og:image:type\" content=\"image\/jpeg\" \/>\n<meta name=\"author\" content=\"Azturismo\" \/>\n<meta name=\"twitter:card\" content=\"summary_large_image\" \/>\n<meta name=\"twitter:creator\" content=\"@AzTurismo\" \/>\n<meta name=\"twitter:site\" content=\"@AzTurismo\" \/>\n<meta name=\"twitter:label1\" content=\"Escrito por\" \/>\n\t<meta name=\"twitter:data1\" content=\"Azturismo\" \/>\n\t<meta name=\"twitter:label2\" content=\"Tiempo de lectura\" \/>\n\t<meta name=\"twitter:data2\" content=\"2 minutos\" \/>\n<script type=\"application\/ld+json\" class=\"yoast-schema-graph\">{\"@context\":\"https:\\\/\\\/schema.org\",\"@graph\":[{\"@type\":\"Article\",\"@id\":\"https:\\\/\\\/azturismo.net\\\/?p=5992#article\",\"isPartOf\":{\"@id\":\"https:\\\/\\\/azturismo.net\\\/?p=5992\"},\"author\":{\"name\":\"Azturismo\",\"@id\":\"https:\\\/\\\/azturismo.net\\\/#\\\/schema\\\/person\\\/4b56d87f51c4d1b518c650739ad3bbc1\"},\"headline\":\"\u00a1Puerto Vallarta, 2a mejor ciudad peque\u00f1a del mundo!\",\"datePublished\":\"2025-10-17T15:09:00+00:00\",\"mainEntityOfPage\":{\"@id\":\"https:\\\/\\\/azturismo.net\\\/?p=5992\"},\"wordCount\":357,\"commentCount\":0,\"publisher\":{\"@id\":\"https:\\\/\\\/azturismo.net\\\/#organization\"},\"image\":{\"@id\":\"https:\\\/\\\/azturismo.net\\\/?p=5992#primaryimage\"},\"thumbnailUrl\":\"https:\\\/\\\/i0.wp.com\\\/azturismo.net\\\/wp-content\\\/uploads\\\/2025\\\/10\\\/PuertoVallarta-cd.jpg?fit=600%2C399&ssl=1\",\"keywords\":[\"azturismo\",\"Cond\u00e9 Nast Traveler\",\"destinos tur\u00edsticos internacionales\",\"mejores ciudades peque\u00f1as del mundo\",\"Puerto Vallarta 2025\",\"turismo en M\u00e9xico\"],\"articleSection\":[\"Destacadas\",\"TENDENCIAS\"],\"inLanguage\":\"es\",\"potentialAction\":[{\"@type\":\"CommentAction\",\"name\":\"Comment\",\"target\":[\"https:\\\/\\\/azturismo.net\\\/?p=5992#respond\"]}]},{\"@type\":\"WebPage\",\"@id\":\"https:\\\/\\\/azturismo.net\\\/?p=5992\",\"url\":\"https:\\\/\\\/azturismo.net\\\/?p=5992\",\"name\":\"\u00a1Puerto Vallarta, 2a mejor ciudad peque\u00f1a del mundo! - Azturismo Noticias\",\"isPartOf\":{\"@id\":\"https:\\\/\\\/azturismo.net\\\/#website\"},\"primaryImageOfPage\":{\"@id\":\"https:\\\/\\\/azturismo.net\\\/?p=5992#primaryimage\"},\"image\":{\"@id\":\"https:\\\/\\\/azturismo.net\\\/?p=5992#primaryimage\"},\"thumbnailUrl\":\"https:\\\/\\\/i0.wp.com\\\/azturismo.net\\\/wp-content\\\/uploads\\\/2025\\\/10\\\/PuertoVallarta-cd.jpg?fit=600%2C399&ssl=1\",\"datePublished\":\"2025-10-17T15:09:00+00:00\",\"description\":\"Puerto Vallarta conquista nuevamente a los viajeros internacionales al posicionarse como la segunda mejor ciudad peque\u00f1a del mundo en los premios Cond\u00e9 Nast Traveler Readers\u2019 Choice Awards 2025.\",\"breadcrumb\":{\"@id\":\"https:\\\/\\\/azturismo.net\\\/?p=5992#breadcrumb\"},\"inLanguage\":\"es\",\"potentialAction\":[{\"@type\":\"ReadAction\",\"target\":[\"https:\\\/\\\/azturismo.net\\\/?p=5992\"]}]},{\"@type\":\"ImageObject\",\"inLanguage\":\"es\",\"@id\":\"https:\\\/\\\/azturismo.net\\\/?p=5992#primaryimage\",\"url\":\"https:\\\/\\\/i0.wp.com\\\/azturismo.net\\\/wp-content\\\/uploads\\\/2025\\\/10\\\/PuertoVallarta-cd.jpg?fit=600%2C399&ssl=1\",\"contentUrl\":\"https:\\\/\\\/i0.wp.com\\\/azturismo.net\\\/wp-content\\\/uploads\\\/2025\\\/10\\\/PuertoVallarta-cd.jpg?fit=600%2C399&ssl=1\",\"width\":600,\"height\":399},{\"@type\":\"BreadcrumbList\",\"@id\":\"https:\\\/\\\/azturismo.net\\\/?p=5992#breadcrumb\",\"itemListElement\":[{\"@type\":\"ListItem\",\"position\":1,\"name\":\"Home\",\"item\":\"https:\\\/\\\/azturismo.net\\\/\"},{\"@type\":\"ListItem\",\"position\":2,\"name\":\"\u00a1Puerto Vallarta, 2a mejor ciudad peque\u00f1a del mundo!\"}]},{\"@type\":\"WebSite\",\"@id\":\"https:\\\/\\\/azturismo.net\\\/#website\",\"url\":\"https:\\\/\\\/azturismo.net\\\/\",\"name\":\"Azturismo\",\"description\":\"Azturismo Noticias\",\"publisher\":{\"@id\":\"https:\\\/\\\/azturismo.net\\\/#organization\"},\"potentialAction\":[{\"@type\":\"SearchAction\",\"target\":{\"@type\":\"EntryPoint\",\"urlTemplate\":\"https:\\\/\\\/azturismo.net\\\/?s={search_term_string}\"},\"query-input\":{\"@type\":\"PropertyValueSpecification\",\"valueRequired\":true,\"valueName\":\"search_term_string\"}}],\"inLanguage\":\"es\"},{\"@type\":\"Organization\",\"@id\":\"https:\\\/\\\/azturismo.net\\\/#organization\",\"name\":\"Azturismo\",\"url\":\"https:\\\/\\\/azturismo.net\\\/\",\"logo\":{\"@type\":\"ImageObject\",\"inLanguage\":\"es\",\"@id\":\"https:\\\/\\\/azturismo.net\\\/#\\\/schema\\\/logo\\\/image\\\/\",\"url\":\"https:\\\/\\\/i0.wp.com\\\/azturismo.net\\\/wp-content\\\/uploads\\\/2024\\\/03\\\/logo-el-bueno-.png?fit=294%2C69&ssl=1\",\"contentUrl\":\"https:\\\/\\\/i0.wp.com\\\/azturismo.net\\\/wp-content\\\/uploads\\\/2024\\\/03\\\/logo-el-bueno-.png?fit=294%2C69&ssl=1\",\"width\":294,\"height\":69,\"caption\":\"Azturismo\"},\"image\":{\"@id\":\"https:\\\/\\\/azturismo.net\\\/#\\\/schema\\\/logo\\\/image\\\/\"},\"sameAs\":[\"https:\\\/\\\/www.facebook.com\\\/AzturismoNoticias\",\"https:\\\/\\\/x.com\\\/AzTurismo\",\"https:\\\/\\\/www.instagram.com\\\/azturismo_noticias\\\/?fbclid=IwAR2xMiuoHbs6eLeIHKP8P5sSGa-xFrw7FfejscXO7kDghWa7wKLjGczKOwE\",\"https:\\\/\\\/www.tiktok.com\\\/@azturismo\"]},{\"@type\":\"Person\",\"@id\":\"https:\\\/\\\/azturismo.net\\\/#\\\/schema\\\/person\\\/4b56d87f51c4d1b518c650739ad3bbc1\",\"name\":\"Azturismo\",\"image\":{\"@type\":\"ImageObject\",\"inLanguage\":\"es\",\"@id\":\"https:\\\/\\\/azturismo.net\\\/wp-content\\\/litespeed\\\/avatar\\\/dfe28a31cdd68b788da48a316e50db10.jpg?ver=1777707566\",\"url\":\"https:\\\/\\\/azturismo.net\\\/wp-content\\\/litespeed\\\/avatar\\\/dfe28a31cdd68b788da48a316e50db10.jpg?ver=1777707566\",\"contentUrl\":\"https:\\\/\\\/azturismo.net\\\/wp-content\\\/litespeed\\\/avatar\\\/dfe28a31cdd68b788da48a316e50db10.jpg?ver=1777707566\",\"caption\":\"Azturismo\"},\"sameAs\":[\"https:\\\/\\\/azturismo.net\"],\"url\":\"https:\\\/\\\/azturismo.net\\\/?author=1\"}]}<\/script>\n<!-- \/ Yoast SEO plugin. -->","yoast_head_json":{"title":"\u00a1Puerto Vallarta, 2a mejor ciudad peque\u00f1a del mundo! - Azturismo Noticias","description":"Puerto Vallarta conquista nuevamente a los viajeros internacionales al posicionarse como la segunda mejor ciudad peque\u00f1a del mundo en los premios Cond\u00e9 Nast Traveler Readers\u2019 Choice Awards 2025.","robots":{"index":"index","follow":"follow","max-snippet":"max-snippet:-1","max-image-preview":"max-image-preview:large","max-video-preview":"max-video-preview:-1"},"canonical":"https:\/\/azturismo.net\/?p=5992","og_locale":"es_MX","og_type":"article","og_title":"\u00a1Puerto Vallarta, 2a mejor ciudad peque\u00f1a del mundo! - Azturismo Noticias","og_description":"Puerto Vallarta conquista nuevamente a los viajeros internacionales al posicionarse como la segunda mejor ciudad peque\u00f1a del mundo en los premios Cond\u00e9 Nast Traveler Readers\u2019 Choice Awards 2025.","og_url":"https:\/\/azturismo.net\/?p=5992","og_site_name":"Azturismo Noticias","article_publisher":"https:\/\/www.facebook.com\/AzturismoNoticias","article_published_time":"2025-10-17T15:09:00+00:00","og_image":[{"width":600,"height":399,"url":"https:\/\/i0.wp.com\/azturismo.net\/wp-content\/uploads\/2025\/10\/PuertoVallarta-cd.jpg?fit=600%2C399&ssl=1","type":"image\/jpeg"}],"author":"Azturismo","twitter_card":"summary_large_image","twitter_creator":"@AzTurismo","twitter_site":"@AzTurismo","twitter_misc":{"Escrito por":"Azturismo","Tiempo de lectura":"2 minutos"},"schema":{"@context":"https:\/\/schema.org","@graph":[{"@type":"Article","@id":"https:\/\/azturismo.net\/?p=5992#article","isPartOf":{"@id":"https:\/\/azturismo.net\/?p=5992"},"author":{"name":"Azturismo","@id":"https:\/\/azturismo.net\/#\/schema\/person\/4b56d87f51c4d1b518c650739ad3bbc1"},"headline":"\u00a1Puerto Vallarta, 2a mejor ciudad peque\u00f1a del mundo!","datePublished":"2025-10-17T15:09:00+00:00","mainEntityOfPage":{"@id":"https:\/\/azturismo.net\/?p=5992"},"wordCount":357,"commentCount":0,"publisher":{"@id":"https:\/\/azturismo.net\/#organization"},"image":{"@id":"https:\/\/azturismo.net\/?p=5992#primaryimage"},"thumbnailUrl":"https:\/\/i0.wp.com\/azturismo.net\/wp-content\/uploads\/2025\/10\/PuertoVallarta-cd.jpg?fit=600%2C399&ssl=1","keywords":["azturismo","Cond\u00e9 Nast Traveler","destinos tur\u00edsticos internacionales","mejores ciudades peque\u00f1as del mundo","Puerto Vallarta 2025","turismo en M\u00e9xico"],"articleSection":["Destacadas","TENDENCIAS"],"inLanguage":"es","potentialAction":[{"@type":"CommentAction","name":"Comment","target":["https:\/\/azturismo.net\/?p=5992#respond"]}]},{"@type":"WebPage","@id":"https:\/\/azturismo.net\/?p=5992","url":"https:\/\/azturismo.net\/?p=5992","name":"\u00a1Puerto Vallarta, 2a mejor ciudad peque\u00f1a del mundo! - Azturismo Noticias","isPartOf":{"@id":"https:\/\/azturismo.net\/#website"},"primaryImageOfPage":{"@id":"https:\/\/azturismo.net\/?p=5992#primaryimage"},"image":{"@id":"https:\/\/azturismo.net\/?p=5992#primaryimage"},"thumbnailUrl":"https:\/\/i0.wp.com\/azturismo.net\/wp-content\/uploads\/2025\/10\/PuertoVallarta-cd.jpg?fit=600%2C399&ssl=1","datePublished":"2025-10-17T15:09:00+00:00","description":"Puerto Vallarta conquista nuevamente a los viajeros internacionales al posicionarse como la segunda mejor ciudad peque\u00f1a del mundo en los premios Cond\u00e9 Nast Traveler Readers\u2019 Choice Awards 2025.","breadcrumb":{"@id":"https:\/\/azturismo.net\/?p=5992#breadcrumb"},"inLanguage":"es","potentialAction":[{"@type":"ReadAction","target":["https:\/\/azturismo.net\/?p=5992"]}]},{"@type":"ImageObject","inLanguage":"es","@id":"https:\/\/azturismo.net\/?p=5992#primaryimage","url":"https:\/\/i0.wp.com\/azturismo.net\/wp-content\/uploads\/2025\/10\/PuertoVallarta-cd.jpg?fit=600%2C399&ssl=1","contentUrl":"https:\/\/i0.wp.com\/azturismo.net\/wp-content\/uploads\/2025\/10\/PuertoVallarta-cd.jpg?fit=600%2C399&ssl=1","width":600,"height":399},{"@type":"BreadcrumbList","@id":"https:\/\/azturismo.net\/?p=5992#breadcrumb","itemListElement":[{"@type":"ListItem","position":1,"name":"Home","item":"https:\/\/azturismo.net\/"},{"@type":"ListItem","position":2,"name":"\u00a1Puerto Vallarta, 2a mejor ciudad peque\u00f1a del mundo!"}]},{"@type":"WebSite","@id":"https:\/\/azturismo.net\/#website","url":"https:\/\/azturismo.net\/","name":"Azturismo","description":"Azturismo Noticias","publisher":{"@id":"https:\/\/azturismo.net\/#organization"},"potentialAction":[{"@type":"SearchAction","target":{"@type":"EntryPoint","urlTemplate":"https:\/\/azturismo.net\/?s={search_term_string}"},"query-input":{"@type":"PropertyValueSpecification","valueRequired":true,"valueName":"search_term_string"}}],"inLanguage":"es"},{"@type":"Organization","@id":"https:\/\/azturismo.net\/#organization","name":"Azturismo","url":"https:\/\/azturismo.net\/","logo":{"@type":"ImageObject","inLanguage":"es","@id":"https:\/\/azturismo.net\/#\/schema\/logo\/image\/","url":"https:\/\/i0.wp.com\/azturismo.net\/wp-content\/uploads\/2024\/03\/logo-el-bueno-.png?fit=294%2C69&ssl=1","contentUrl":"https:\/\/i0.wp.com\/azturismo.net\/wp-content\/uploads\/2024\/03\/logo-el-bueno-.png?fit=294%2C69&ssl=1","width":294,"height":69,"caption":"Azturismo"},"image":{"@id":"https:\/\/azturismo.net\/#\/schema\/logo\/image\/"},"sameAs":["https:\/\/www.facebook.com\/AzturismoNoticias","https:\/\/x.com\/AzTurismo","https:\/\/www.instagram.com\/azturismo_noticias\/?fbclid=IwAR2xMiuoHbs6eLeIHKP8P5sSGa-xFrw7FfejscXO7kDghWa7wKLjGczKOwE","https:\/\/www.tiktok.com\/@azturismo"]},{"@type":"Person","@id":"https:\/\/azturismo.net\/#\/schema\/person\/4b56d87f51c4d1b518c650739ad3bbc1","name":"Azturismo","image":{"@type":"ImageObject","inLanguage":"es","@id":"https:\/\/azturismo.net\/wp-content\/litespeed\/avatar\/dfe28a31cdd68b788da48a316e50db10.jpg?ver=1777707566","url":"https:\/\/azturismo.net\/wp-content\/litespeed\/avatar\/dfe28a31cdd68b788da48a316e50db10.jpg?ver=1777707566","contentUrl":"https:\/\/azturismo.net\/wp-content\/litespeed\/avatar\/dfe28a31cdd68b788da48a316e50db10.jpg?ver=1777707566","caption":"Azturismo"},"sameAs":["https:\/\/azturismo.net"],"url":"https:\/\/azturismo.net\/?author=1"}]}},"jetpack_publicize_connections":[],"jetpack_featured_media_url":"https:\/\/i0.wp.com\/azturismo.net\/wp-content\/uploads\/2025\/10\/PuertoVallarta-cd.jpg?fit=600%2C399&ssl=1","jetpack_sharing_enabled":true,"jetpack-related-posts":[{"id":3746,"url":"https:\/\/azturismo.net\/?p=3746","url_meta":{"origin":5992,"position":0},"title":"Se consolida Puerto Vallarta como destino favorito de M\u00e9xico","author":"Azturismo","date":"mayo 7, 2025","format":false,"excerpt":"Con m\u00e1s de 100 citas de negocios adicionales a las realizadas por hoteleros y prestadores de servicios, Puerto Vallarta tuvo una participaci\u00f3n estrat\u00e9gica y exitosa en el Tianguis Tur\u00edstico M\u00e9xico 2025, reforzando su posicionamiento como uno de los destinos tur\u00edsticos m\u00e1s importantes del pa\u00eds. \u2708\ufe0f Nuevas alianzas y estrategias de\u2026","rel":"","context":"En &quot;Destacadas&quot;","block_context":{"text":"Destacadas","link":"https:\/\/azturismo.net\/?cat=30"},"img":{"alt_text":"","src":"https:\/\/i0.wp.com\/azturismo.net\/wp-content\/uploads\/2025\/05\/puerto-vallarta-jalisco-stand.jpg?fit=600%2C479&ssl=1&resize=350%2C200","width":350,"height":200,"srcset":"https:\/\/i0.wp.com\/azturismo.net\/wp-content\/uploads\/2025\/05\/puerto-vallarta-jalisco-stand.jpg?fit=600%2C479&ssl=1&resize=350%2C200 1x, https:\/\/i0.wp.com\/azturismo.net\/wp-content\/uploads\/2025\/05\/puerto-vallarta-jalisco-stand.jpg?fit=600%2C479&ssl=1&resize=525%2C300 1.5x"},"classes":[]},{"id":4693,"url":"https:\/\/azturismo.net\/?p=4693","url_meta":{"origin":5992,"position":1},"title":"Porter Airlines iniciar\u00e1 vuelos directos a Puerto Vallarta","author":"Azturismo","date":"agosto 6, 2025","format":false,"excerpt":"Nueva conectividad a\u00e9rea desde Canad\u00e1 Por Staff AzTurismo Puerto Vallarta fortalece su posici\u00f3n como destino tur\u00edstico preferido con el anuncio de Porter Airlines de iniciar operaciones directas desde tres importantes ciudades canadienses durante la pr\u00f3xima temporada oto\u00f1o-invierno 2024-2025. Esta expansi\u00f3n marca un hito hist\u00f3rico para la aerol\u00ednea canadiense, que por\u2026","rel":"","context":"En &quot;NOTITUR&quot;","block_context":{"text":"NOTITUR","link":"https:\/\/azturismo.net\/?cat=25"},"img":{"alt_text":"","src":"https:\/\/i0.wp.com\/azturismo.net\/wp-content\/uploads\/2025\/08\/porter-airlines.jpg?fit=600%2C400&ssl=1&resize=350%2C200","width":350,"height":200,"srcset":"https:\/\/i0.wp.com\/azturismo.net\/wp-content\/uploads\/2025\/08\/porter-airlines.jpg?fit=600%2C400&ssl=1&resize=350%2C200 1x, https:\/\/i0.wp.com\/azturismo.net\/wp-content\/uploads\/2025\/08\/porter-airlines.jpg?fit=600%2C400&ssl=1&resize=525%2C300 1.5x"},"classes":[]},{"id":2881,"url":"https:\/\/azturismo.net\/?p=2881","url_meta":{"origin":5992,"position":2},"title":"Dan banderazo a la construcci\u00f3n del Hotel Thompson Puerto Vallarta","author":"Azturismo","date":"febrero 7, 2025","format":false,"excerpt":"El nuevo complejo de lujo atraer\u00e1 a m\u00e1s turistas y generar\u00e1 miles de empleos en Puerto Vallarta, con una inversi\u00f3n de 250 millones de d\u00f3lares, promete transformar la oferta hotelera y residencial El gobernador de Jalisco, Pablo Lemus Navarro, estuvo presente en la ceremonia de colocaci\u00f3n de la primera piedra\u2026","rel":"","context":"En &quot;Destacadas&quot;","block_context":{"text":"Destacadas","link":"https:\/\/azturismo.net\/?cat=30"},"img":{"alt_text":"","src":"https:\/\/i0.wp.com\/azturismo.net\/wp-content\/uploads\/2025\/02\/Thompson-Vallarta-Hotel-Residences02.jpg?fit=600%2C400&ssl=1&resize=350%2C200","width":350,"height":200,"srcset":"https:\/\/i0.wp.com\/azturismo.net\/wp-content\/uploads\/2025\/02\/Thompson-Vallarta-Hotel-Residences02.jpg?fit=600%2C400&ssl=1&resize=350%2C200 1x, https:\/\/i0.wp.com\/azturismo.net\/wp-content\/uploads\/2025\/02\/Thompson-Vallarta-Hotel-Residences02.jpg?fit=600%2C400&ssl=1&resize=525%2C300 1.5x"},"classes":[]},{"id":5891,"url":"https:\/\/azturismo.net\/?p=5891","url_meta":{"origin":5992,"position":3},"title":"Puerto Vallarta refuerza su liderazgo tur\u00edstico en la FIT 2025","author":"Azturismo","date":"octubre 4, 2025","format":false,"excerpt":"Por Staff AzTurismo La joya de Jalisco deslumbr\u00f3 en la feria tur\u00edstica m\u00e1s importante de Latinoam\u00e9rica, celebrada en Buenos Aires, generando alianzas estrat\u00e9gicas y captando la atenci\u00f3n de miles de nuevos viajeros. El destino de playa por excelencia de M\u00e9xico, Puerto Vallarta, acaba de vivir uno de sus cap\u00edtulos promocionales\u2026","rel":"","context":"En &quot;NOTITUR&quot;","block_context":{"text":"NOTITUR","link":"https:\/\/azturismo.net\/?cat=25"},"img":{"alt_text":"","src":"https:\/\/i0.wp.com\/azturismo.net\/wp-content\/uploads\/2025\/10\/FIT-Vallarta1.jpg?fit=600%2C479&ssl=1&resize=350%2C200","width":350,"height":200,"srcset":"https:\/\/i0.wp.com\/azturismo.net\/wp-content\/uploads\/2025\/10\/FIT-Vallarta1.jpg?fit=600%2C479&ssl=1&resize=350%2C200 1x, https:\/\/i0.wp.com\/azturismo.net\/wp-content\/uploads\/2025\/10\/FIT-Vallarta1.jpg?fit=600%2C479&ssl=1&resize=525%2C300 1.5x"},"classes":[]},{"id":5441,"url":"https:\/\/azturismo.net\/?p=5441","url_meta":{"origin":5992,"position":4},"title":"Puerto Vallarta brilla con el Concurso Mundial de Destilados 2025","author":"Azturismo","date":"septiembre 17, 2025","format":false,"excerpt":"Por Staff AzTurismo Puerto Vallarta se convirti\u00f3 en el epicentro de los destilados premium con la 27\u00aa edici\u00f3n del Spirits Selection by Concours Mondial de Bruxelles, el concurso de bebidas espirituosas m\u00e1s importante del mundo. \ud83d\udc49 M\u00e1s de 140 catadores internacionales llegaron al destino para evaluar 2,800 muestras de whisky,\u2026","rel":"","context":"En &quot;NOTITUR&quot;","block_context":{"text":"NOTITUR","link":"https:\/\/azturismo.net\/?cat=25"},"img":{"alt_text":"","src":"https:\/\/i0.wp.com\/azturismo.net\/wp-content\/uploads\/2025\/09\/Vallarta-Destilados1.jpg?fit=600%2C400&ssl=1&resize=350%2C200","width":350,"height":200,"srcset":"https:\/\/i0.wp.com\/azturismo.net\/wp-content\/uploads\/2025\/09\/Vallarta-Destilados1.jpg?fit=600%2C400&ssl=1&resize=350%2C200 1x, https:\/\/i0.wp.com\/azturismo.net\/wp-content\/uploads\/2025\/09\/Vallarta-Destilados1.jpg?fit=600%2C400&ssl=1&resize=525%2C300 1.5x"},"classes":[]},{"id":3381,"url":"https:\/\/azturismo.net\/?p=3381","url_meta":{"origin":5992,"position":5},"title":"Nayarit se alista para la Gala Riviera Nayarit &amp; Puerto Vallarta 2025","author":"Azturismo","date":"marzo 18, 2025","format":false,"excerpt":"\ud83c\udf34\u2728 La Gala Riviera Nayarit & Puerto Vallarta 2025, el encuentro tur\u00edstico m\u00e1s importante de la regi\u00f3n, se llevar\u00e1 a cabo los d\u00edas 20 y 21 de marzo, consolid\u00e1ndose como un escaparate clave para la promoci\u00f3n de M\u00e9xico en el mercado norteamericano. Este evento reunir\u00e1 a m\u00e1s de 100 hoteles\u2026","rel":"","context":"En &quot;Destacadas&quot;","block_context":{"text":"Destacadas","link":"https:\/\/azturismo.net\/?cat=30"},"img":{"alt_text":"","src":"https:\/\/i0.wp.com\/azturismo.net\/wp-content\/uploads\/2025\/03\/RivieraNayarit-Marival-Armony.jpg?fit=600%2C399&ssl=1&resize=350%2C200","width":350,"height":200,"srcset":"https:\/\/i0.wp.com\/azturismo.net\/wp-content\/uploads\/2025\/03\/RivieraNayarit-Marival-Armony.jpg?fit=600%2C399&ssl=1&resize=350%2C200 1x, https:\/\/i0.wp.com\/azturismo.net\/wp-content\/uploads\/2025\/03\/RivieraNayarit-Marival-Armony.jpg?fit=600%2C399&ssl=1&resize=525%2C300 1.5x"},"classes":[]}],"jetpack_shortlink":"https:\/\/wp.me\/pfqZGx-1yE","amp_enabled":true,"_links":{"self":[{"href":"https:\/\/azturismo.net\/index.php?rest_route=\/wp\/v2\/posts\/5992","targetHints":{"allow":["GET"]}}],"collection":[{"href":"https:\/\/azturismo.net\/index.php?rest_route=\/wp\/v2\/posts"}],"about":[{"href":"https:\/\/azturismo.net\/index.php?rest_route=\/wp\/v2\/types\/post"}],"author":[{"embeddable":true,"href":"https:\/\/azturismo.net\/index.php?rest_route=\/wp\/v2\/users\/1"}],"replies":[{"embeddable":true,"href":"https:\/\/azturismo.net\/index.php?rest_route=%2Fwp%2Fv2%2Fcomments&post=5992"}],"version-history":[{"count":1,"href":"https:\/\/azturismo.net\/index.php?rest_route=\/wp\/v2\/posts\/5992\/revisions"}],"predecessor-version":[{"id":5995,"href":"https:\/\/azturismo.net\/index.php?rest_route=\/wp\/v2\/posts\/5992\/revisions\/5995"}],"wp:featuredmedia":[{"embeddable":true,"href":"https:\/\/azturismo.net\/index.php?rest_route=\/wp\/v2\/media\/5993"}],"wp:attachment":[{"href":"https:\/\/azturismo.net\/index.php?rest_route=%2Fwp%2Fv2%2Fmedia&parent=5992"}],"wp:term":[{"taxonomy":"category","embeddable":true,"href":"https:\/\/azturismo.net\/index.php?rest_route=%2Fwp%2Fv2%2Fcategories&post=5992"},{"taxonomy":"post_tag","embeddable":true,"href":"https:\/\/azturismo.net\/index.php?rest_route=%2Fwp%2Fv2%2Ftags&post=5992"}],"curies":[{"name":"wp","href":"https:\/\/api.w.org\/{rel}","templated":true}]}}