{"id":5960,"date":"2025-10-14T10:10:00","date_gmt":"2025-10-14T16:10:00","guid":{"rendered":"https:\/\/azturismo.net\/?p=5960"},"modified":"2025-10-13T20:20:49","modified_gmt":"2025-10-14T02:20:49","slug":"%f0%9f%8d%b7-deleitate-en-el-festival-del-vino-queretano-2025","status":"publish","type":"post","link":"https:\/\/azturismo.net\/?p=5960","title":{"rendered":"\ud83c\udf77 Del\u00e9itate en el Festival del Vino Queretano 2025"},"content":{"rendered":"\n<p>Por Oscar V\u00e1zquez C.<\/p>\n\n\n\n<p>La magia del vino volver\u00e1 a llenar las copas en Quer\u00e9taro. Del <strong>17 al 19 de octubre de 2025<\/strong>, la <strong>Plaza Gran Cue<\/strong>, en el municipio de <strong>Corregidora<\/strong>, ser\u00e1 sede de la <strong>quinta edici\u00f3n del Festival del Vino Queretano<\/strong>, un evento que celebra la riqueza vitivin\u00edcola del estado y el cierre de la temporada de vendimias.<\/p>\n\n\n\n<p>Organizado por la <strong>Secretar\u00eda de Turismo de Quer\u00e9taro<\/strong> y el <strong>Cl\u00faster Vitivin\u00edcola del estado<\/strong>, este festival reunir\u00e1 <strong>m\u00e1s de 300 etiquetas<\/strong> de vino queretano, adem\u00e1s de <strong>catas, degustaciones, talleres y conferencias especializadas<\/strong>, convirti\u00e9ndose en una cita obligada para los amantes del vino, la gastronom\u00eda y la cultura.<\/p>\n\n\n\n<h3 class=\"wp-block-heading\">Un festival que celebra el vino, el arte y la identidad queretana<\/h3>\n\n\n\n<p>Durante la presentaci\u00f3n del evento en <strong>Punto M\u00e9xico<\/strong>, el <strong>Director de Promoci\u00f3n Tur\u00edstica<\/strong>, Rodrigo Ibarra, destac\u00f3 que el festival \u201cser\u00e1 una ocasi\u00f3n para conocer y disfrutar de la producci\u00f3n de vinos queretanos, maridados con quesos y platillos de la regi\u00f3n\u201d.<\/p>\n\n\n<div class=\"wp-block-image\">\n<figure class=\"aligncenter size-full is-resized\"><img data-recalc-dims=\"1\" loading=\"lazy\" decoding=\"async\" width=\"600\" height=\"437\" data-attachment-id=\"5962\" data-permalink=\"https:\/\/azturismo.net\/?attachment_id=5962\" data-orig-file=\"https:\/\/i0.wp.com\/azturismo.net\/wp-content\/uploads\/2025\/10\/Queretaro-FestivalVinoQueso.jpeg?fit=600%2C437&amp;ssl=1\" data-orig-size=\"600,437\" data-comments-opened=\"1\" data-image-meta=\"{&quot;aperture&quot;:&quot;0&quot;,&quot;credit&quot;:&quot;&quot;,&quot;camera&quot;:&quot;&quot;,&quot;caption&quot;:&quot;&quot;,&quot;created_timestamp&quot;:&quot;0&quot;,&quot;copyright&quot;:&quot;&quot;,&quot;focal_length&quot;:&quot;0&quot;,&quot;iso&quot;:&quot;0&quot;,&quot;shutter_speed&quot;:&quot;0&quot;,&quot;title&quot;:&quot;&quot;,&quot;orientation&quot;:&quot;1&quot;}\" data-image-title=\"Queretaro-FestivalVinoQueso\" data-image-description=\"\" data-image-caption=\"\" data-large-file=\"https:\/\/i0.wp.com\/azturismo.net\/wp-content\/uploads\/2025\/10\/Queretaro-FestivalVinoQueso.jpeg?fit=600%2C437&amp;ssl=1\" src=\"https:\/\/i0.wp.com\/azturismo.net\/wp-content\/uploads\/2025\/10\/Queretaro-FestivalVinoQueso.jpeg?resize=600%2C437&#038;ssl=1\" alt=\"\" class=\"wp-image-5962\" style=\"width:834px;height:auto\" srcset=\"https:\/\/i0.wp.com\/azturismo.net\/wp-content\/uploads\/2025\/10\/Queretaro-FestivalVinoQueso.jpeg?w=600&amp;ssl=1 600w, https:\/\/i0.wp.com\/azturismo.net\/wp-content\/uploads\/2025\/10\/Queretaro-FestivalVinoQueso.jpeg?resize=300%2C219&amp;ssl=1 300w, https:\/\/i0.wp.com\/azturismo.net\/wp-content\/uploads\/2025\/10\/Queretaro-FestivalVinoQueso.jpeg?resize=150%2C109&amp;ssl=1 150w\" sizes=\"auto, (max-width: 600px) 100vw, 600px\" \/><\/figure><\/div>\n\n\n<p>Quer\u00e9taro se ha posicionado como <strong>el principal destino vin\u00edcola del pa\u00eds<\/strong>, gracias a su <strong>Ruta del Arte, Queso y Vino<\/strong>, que recibe m\u00e1s de <strong>1.2 millones de visitantes al a\u00f1o<\/strong>, generando una <strong>derrama econ\u00f3mica superior a los 4 mil millones de pesos<\/strong>.<\/p>\n\n\n\n<p>Por su parte, <strong>Eugenio Parrodi<\/strong>, presidente del Cl\u00faster Vitivin\u00edcola, explic\u00f3 que este evento marca el <strong>cierre de la temporada de vendimias<\/strong> y busca fortalecer la profesionalizaci\u00f3n del sector con talleres especializados para vinicultores.<\/p>\n\n\n\n<h3 class=\"wp-block-heading\">Corregidora: sede con historia y encanto<\/h3>\n\n\n\n<p>La <strong>Plaza Gran Cue<\/strong>, ubicada a un costado de la <strong>pir\u00e1mide de El Pueblito<\/strong>, ser\u00e1 el epicentro del festival. Este espacio combina historia, cultura y modernidad, ofreciendo un escenario ideal para disfrutar del vino y la gastronom\u00eda queretana con una vista privilegiada de una de las <strong>zonas arqueol\u00f3gicas m\u00e1s emblem\u00e1ticas del estado<\/strong>.<\/p>\n\n\n\n<h3 class=\"wp-block-heading\">Quer\u00e9taro, l\u00edder nacional en vino espumoso<\/h3>\n\n\n\n<p>La <strong>Directora del Cl\u00faster Vitivin\u00edcola<\/strong>, <strong>Halina Gama<\/strong>, record\u00f3 que Quer\u00e9taro cuenta con <strong>700 hect\u00e1reas dedicadas al cultivo de la vid<\/strong>, de las cuales el <strong>80% se destina a la producci\u00f3n de vino<\/strong>, con una cifra anual de <strong>3.5 millones de botellas<\/strong> y m\u00e1s de <strong>200 etiquetas<\/strong>.<\/p>\n\n\n\n<p>El estado ocupa el <strong>primer lugar nacional en producci\u00f3n y exportaci\u00f3n de vino espumoso<\/strong>, con env\u00edos anuales de <strong>60 mil cajas de nueve litros<\/strong> hacia <strong>Estados Unidos, Asia y Europa<\/strong>.<\/p>\n\n\n\n<h3 class=\"wp-block-heading\">La Ruta del Arte, Queso y Vino: el coraz\u00f3n del enoturismo mexicano<\/h3>\n\n\n\n<p>La famosa <strong>Ruta del Arte, Queso y Vino<\/strong> abarca los municipios de <strong>El Marqu\u00e9s, Santa Rosa J\u00e1uregui, Col\u00f3n, Ezequiel Montes (incluido Bernal)<\/strong> y <strong>Tequisquiapan<\/strong>, ofreciendo experiencias \u00fanicas entre vi\u00f1edos, ranchos queseros, mercados artesanales y bodegas boutique.<\/p>\n\n\n\n<p>El <strong>Festival del Vino Queretano<\/strong> es la mejor oportunidad para descubrir esta ruta y celebrar el esp\u00edritu que ha convertido a Quer\u00e9taro en <strong>la capital del vino mexicano<\/strong>.<\/p>\n\n\n\n<p><strong>\ud83d\udccdFechas:<\/strong> 17 al 19 de octubre de 2025<br><strong>\ud83d\udcccLugar:<\/strong> Plaza Gran Cue, Corregidora, Quer\u00e9taro<br><strong>\ud83c\udf9f\ufe0f Entrada:<\/strong> Consulta precios y programa completo en las redes de la Secretar\u00eda de Turismo de Quer\u00e9taro.<\/p>\n\n\n\n<p><\/p>\n","protected":false},"excerpt":{"rendered":"<p>Por Oscar V\u00e1zquez C. La magia del vino volver\u00e1 a llenar las copas en Quer\u00e9taro. Del 17 al 19 de octubre de 2025, la Plaza Gran Cue, en el municipio de Corregidora, ser\u00e1 sede de la quinta edici\u00f3n del Festival del Vino Queretano, un evento que celebra la riqueza vitivin\u00edcola del estado y el cierre [&hellip;]<\/p>\n","protected":false},"author":1,"featured_media":5961,"comment_status":"open","ping_status":"open","sticky":false,"template":"","format":"standard","meta":{"jetpack_post_was_ever_published":false,"_jetpack_newsletter_access":"","_jetpack_dont_email_post_to_subs":false,"_jetpack_newsletter_tier_id":0,"_jetpack_memberships_contains_paywalled_content":false,"_jetpack_memberships_contains_paid_content":false,"footnotes":"","jetpack_publicize_message":"","jetpack_publicize_feature_enabled":true,"jetpack_social_post_already_shared":true,"jetpack_social_options":{"image_generator_settings":{"template":"highway","default_image_id":0,"font":"","enabled":false},"version":2}},"categories":[30,35],"tags":[99,2693,2690,2695,2696,2694,2308,2699,2698,2692,2691,2697,2165,116],"class_list":{"0":"post-5960","1":"post","2":"type-post","3":"status-publish","4":"format-standard","5":"has-post-thumbnail","7":"category-e","8":"category-sabores","9":"tag-azturismo","10":"tag-cluster-vitivinicola-de-queretaro","11":"tag-director-de-promocion-turistica","12":"tag-directora-del-cluster-vitivinicola","13":"tag-halina-gama","14":"tag-plaza-gran-cue","15":"tag-punto-mexico","16":"tag-queso-y-veino-queretaro","17":"tag-queso-y-vino-quetaro","18":"tag-quinta-edicion-del-festival-del-vino-queretano","19":"tag-rodrigo-ibarra","20":"tag-ruta-del-arte","21":"tag-secretaria-de-turismo-de-queretaro","22":"tag-sectur"},"yoast_head":"<!-- This site is optimized with the Yoast SEO plugin v27.5 - https:\/\/yoast.com\/product\/yoast-seo-wordpress\/ -->\n<title>\ud83c\udf77 Del\u00e9itate en el Festival del Vino Queretano 2025 - Azturismo Noticias<\/title>\n<meta name=\"description\" content=\"Del 17 al 19 de octubre se celebrar\u00e1 la quinta edici\u00f3n del Festival del Vino Queretano en la Plaza Gran Cue, Corregidora. Un evento imperdible con m\u00e1s de 300 etiquetas, catas, talleres y gastronom\u00eda local.\" \/>\n<meta name=\"robots\" content=\"index, follow, max-snippet:-1, max-image-preview:large, max-video-preview:-1\" \/>\n<link rel=\"canonical\" href=\"https:\/\/azturismo.net\/?p=5960\" \/>\n<meta property=\"og:locale\" content=\"es_MX\" \/>\n<meta property=\"og:type\" content=\"article\" \/>\n<meta property=\"og:title\" content=\"\ud83c\udf77 Del\u00e9itate en el Festival del Vino Queretano 2025 - Azturismo Noticias\" \/>\n<meta property=\"og:description\" content=\"Del 17 al 19 de octubre se celebrar\u00e1 la quinta edici\u00f3n del Festival del Vino Queretano en la Plaza Gran Cue, Corregidora. Un evento imperdible con m\u00e1s de 300 etiquetas, catas, talleres y gastronom\u00eda local.\" \/>\n<meta property=\"og:url\" content=\"https:\/\/azturismo.net\/?p=5960\" \/>\n<meta property=\"og:site_name\" content=\"Azturismo Noticias\" \/>\n<meta property=\"article:publisher\" content=\"https:\/\/www.facebook.com\/AzturismoNoticias\" \/>\n<meta property=\"article:published_time\" content=\"2025-10-14T16:10:00+00:00\" \/>\n<meta property=\"og:image\" content=\"https:\/\/i0.wp.com\/azturismo.net\/wp-content\/uploads\/2025\/10\/El-sector-vitivinicola-se-consolida-como-motor-de-movilidad-economica-en-Queretaro.jpg?fit=600%2C399&ssl=1\" \/>\n\t<meta property=\"og:image:width\" content=\"600\" \/>\n\t<meta property=\"og:image:height\" content=\"399\" \/>\n\t<meta property=\"og:image:type\" content=\"image\/jpeg\" \/>\n<meta name=\"author\" content=\"Azturismo\" \/>\n<meta name=\"twitter:card\" content=\"summary_large_image\" \/>\n<meta name=\"twitter:creator\" content=\"@AzTurismo\" \/>\n<meta name=\"twitter:site\" content=\"@AzTurismo\" \/>\n<meta name=\"twitter:label1\" content=\"Escrito por\" \/>\n\t<meta name=\"twitter:data1\" content=\"Azturismo\" \/>\n\t<meta name=\"twitter:label2\" content=\"Tiempo de lectura\" \/>\n\t<meta name=\"twitter:data2\" content=\"3 minutos\" \/>\n<script type=\"application\/ld+json\" class=\"yoast-schema-graph\">{\"@context\":\"https:\\\/\\\/schema.org\",\"@graph\":[{\"@type\":\"Article\",\"@id\":\"https:\\\/\\\/azturismo.net\\\/?p=5960#article\",\"isPartOf\":{\"@id\":\"https:\\\/\\\/azturismo.net\\\/?p=5960\"},\"author\":{\"name\":\"Azturismo\",\"@id\":\"https:\\\/\\\/azturismo.net\\\/#\\\/schema\\\/person\\\/4b56d87f51c4d1b518c650739ad3bbc1\"},\"headline\":\"\ud83c\udf77 Del\u00e9itate en el Festival del Vino Queretano 2025\",\"datePublished\":\"2025-10-14T16:10:00+00:00\",\"mainEntityOfPage\":{\"@id\":\"https:\\\/\\\/azturismo.net\\\/?p=5960\"},\"wordCount\":528,\"commentCount\":0,\"publisher\":{\"@id\":\"https:\\\/\\\/azturismo.net\\\/#organization\"},\"image\":{\"@id\":\"https:\\\/\\\/azturismo.net\\\/?p=5960#primaryimage\"},\"thumbnailUrl\":\"https:\\\/\\\/i0.wp.com\\\/azturismo.net\\\/wp-content\\\/uploads\\\/2025\\\/10\\\/El-sector-vitivinicola-se-consolida-como-motor-de-movilidad-economica-en-Queretaro.jpg?fit=600%2C399&ssl=1\",\"keywords\":[\"azturismo\",\"Cl\u00faster Vitivin\u00edcola de Quer\u00e9taro\",\"Director de Promoci\u00f3n Tur\u00edstica\",\"Directora del Cl\u00faster Vitivin\u00edcola\",\"Halina Gama\",\"Plaza Gran Cue\",\"Punto M\u00e9xico\",\"Queso y Veino Quer\u00e9taro\",\"Queso y Vino Quetaro\",\"quinta edici\u00f3n del Festival del Vino Queretano\",\"Rodrigo Ibarra\",\"Ruta del Arte\",\"Secretar\u00eda de Turismo de Quer\u00e9taro\",\"Sectur\"],\"articleSection\":[\"Destacadas\",\"SABORES\"],\"inLanguage\":\"es\",\"potentialAction\":[{\"@type\":\"CommentAction\",\"name\":\"Comment\",\"target\":[\"https:\\\/\\\/azturismo.net\\\/?p=5960#respond\"]}]},{\"@type\":\"WebPage\",\"@id\":\"https:\\\/\\\/azturismo.net\\\/?p=5960\",\"url\":\"https:\\\/\\\/azturismo.net\\\/?p=5960\",\"name\":\"\ud83c\udf77 Del\u00e9itate en el Festival del Vino Queretano 2025 - Azturismo Noticias\",\"isPartOf\":{\"@id\":\"https:\\\/\\\/azturismo.net\\\/#website\"},\"primaryImageOfPage\":{\"@id\":\"https:\\\/\\\/azturismo.net\\\/?p=5960#primaryimage\"},\"image\":{\"@id\":\"https:\\\/\\\/azturismo.net\\\/?p=5960#primaryimage\"},\"thumbnailUrl\":\"https:\\\/\\\/i0.wp.com\\\/azturismo.net\\\/wp-content\\\/uploads\\\/2025\\\/10\\\/El-sector-vitivinicola-se-consolida-como-motor-de-movilidad-economica-en-Queretaro.jpg?fit=600%2C399&ssl=1\",\"datePublished\":\"2025-10-14T16:10:00+00:00\",\"description\":\"Del 17 al 19 de octubre se celebrar\u00e1 la quinta edici\u00f3n del Festival del Vino Queretano en la Plaza Gran Cue, Corregidora. Un evento imperdible con m\u00e1s de 300 etiquetas, catas, talleres y gastronom\u00eda local.\",\"breadcrumb\":{\"@id\":\"https:\\\/\\\/azturismo.net\\\/?p=5960#breadcrumb\"},\"inLanguage\":\"es\",\"potentialAction\":[{\"@type\":\"ReadAction\",\"target\":[\"https:\\\/\\\/azturismo.net\\\/?p=5960\"]}]},{\"@type\":\"ImageObject\",\"inLanguage\":\"es\",\"@id\":\"https:\\\/\\\/azturismo.net\\\/?p=5960#primaryimage\",\"url\":\"https:\\\/\\\/i0.wp.com\\\/azturismo.net\\\/wp-content\\\/uploads\\\/2025\\\/10\\\/El-sector-vitivinicola-se-consolida-como-motor-de-movilidad-economica-en-Queretaro.jpg?fit=600%2C399&ssl=1\",\"contentUrl\":\"https:\\\/\\\/i0.wp.com\\\/azturismo.net\\\/wp-content\\\/uploads\\\/2025\\\/10\\\/El-sector-vitivinicola-se-consolida-como-motor-de-movilidad-economica-en-Queretaro.jpg?fit=600%2C399&ssl=1\",\"width\":600,\"height\":399},{\"@type\":\"BreadcrumbList\",\"@id\":\"https:\\\/\\\/azturismo.net\\\/?p=5960#breadcrumb\",\"itemListElement\":[{\"@type\":\"ListItem\",\"position\":1,\"name\":\"Home\",\"item\":\"https:\\\/\\\/azturismo.net\\\/\"},{\"@type\":\"ListItem\",\"position\":2,\"name\":\"\ud83c\udf77 Del\u00e9itate en el Festival del Vino Queretano 2025\"}]},{\"@type\":\"WebSite\",\"@id\":\"https:\\\/\\\/azturismo.net\\\/#website\",\"url\":\"https:\\\/\\\/azturismo.net\\\/\",\"name\":\"Azturismo\",\"description\":\"Azturismo Noticias\",\"publisher\":{\"@id\":\"https:\\\/\\\/azturismo.net\\\/#organization\"},\"potentialAction\":[{\"@type\":\"SearchAction\",\"target\":{\"@type\":\"EntryPoint\",\"urlTemplate\":\"https:\\\/\\\/azturismo.net\\\/?s={search_term_string}\"},\"query-input\":{\"@type\":\"PropertyValueSpecification\",\"valueRequired\":true,\"valueName\":\"search_term_string\"}}],\"inLanguage\":\"es\"},{\"@type\":\"Organization\",\"@id\":\"https:\\\/\\\/azturismo.net\\\/#organization\",\"name\":\"Azturismo\",\"url\":\"https:\\\/\\\/azturismo.net\\\/\",\"logo\":{\"@type\":\"ImageObject\",\"inLanguage\":\"es\",\"@id\":\"https:\\\/\\\/azturismo.net\\\/#\\\/schema\\\/logo\\\/image\\\/\",\"url\":\"https:\\\/\\\/i0.wp.com\\\/azturismo.net\\\/wp-content\\\/uploads\\\/2024\\\/03\\\/logo-el-bueno-.png?fit=294%2C69&ssl=1\",\"contentUrl\":\"https:\\\/\\\/i0.wp.com\\\/azturismo.net\\\/wp-content\\\/uploads\\\/2024\\\/03\\\/logo-el-bueno-.png?fit=294%2C69&ssl=1\",\"width\":294,\"height\":69,\"caption\":\"Azturismo\"},\"image\":{\"@id\":\"https:\\\/\\\/azturismo.net\\\/#\\\/schema\\\/logo\\\/image\\\/\"},\"sameAs\":[\"https:\\\/\\\/www.facebook.com\\\/AzturismoNoticias\",\"https:\\\/\\\/x.com\\\/AzTurismo\",\"https:\\\/\\\/www.instagram.com\\\/azturismo_noticias\\\/?fbclid=IwAR2xMiuoHbs6eLeIHKP8P5sSGa-xFrw7FfejscXO7kDghWa7wKLjGczKOwE\",\"https:\\\/\\\/www.tiktok.com\\\/@azturismo\"]},{\"@type\":\"Person\",\"@id\":\"https:\\\/\\\/azturismo.net\\\/#\\\/schema\\\/person\\\/4b56d87f51c4d1b518c650739ad3bbc1\",\"name\":\"Azturismo\",\"image\":{\"@type\":\"ImageObject\",\"inLanguage\":\"es\",\"@id\":\"https:\\\/\\\/azturismo.net\\\/wp-content\\\/litespeed\\\/avatar\\\/dfe28a31cdd68b788da48a316e50db10.jpg?ver=1777707566\",\"url\":\"https:\\\/\\\/azturismo.net\\\/wp-content\\\/litespeed\\\/avatar\\\/dfe28a31cdd68b788da48a316e50db10.jpg?ver=1777707566\",\"contentUrl\":\"https:\\\/\\\/azturismo.net\\\/wp-content\\\/litespeed\\\/avatar\\\/dfe28a31cdd68b788da48a316e50db10.jpg?ver=1777707566\",\"caption\":\"Azturismo\"},\"sameAs\":[\"https:\\\/\\\/azturismo.net\"],\"url\":\"https:\\\/\\\/azturismo.net\\\/?author=1\"}]}<\/script>\n<!-- \/ Yoast SEO plugin. -->","yoast_head_json":{"title":"\ud83c\udf77 Del\u00e9itate en el Festival del Vino Queretano 2025 - Azturismo Noticias","description":"Del 17 al 19 de octubre se celebrar\u00e1 la quinta edici\u00f3n del Festival del Vino Queretano en la Plaza Gran Cue, Corregidora. Un evento imperdible con m\u00e1s de 300 etiquetas, catas, talleres y gastronom\u00eda local.","robots":{"index":"index","follow":"follow","max-snippet":"max-snippet:-1","max-image-preview":"max-image-preview:large","max-video-preview":"max-video-preview:-1"},"canonical":"https:\/\/azturismo.net\/?p=5960","og_locale":"es_MX","og_type":"article","og_title":"\ud83c\udf77 Del\u00e9itate en el Festival del Vino Queretano 2025 - Azturismo Noticias","og_description":"Del 17 al 19 de octubre se celebrar\u00e1 la quinta edici\u00f3n del Festival del Vino Queretano en la Plaza Gran Cue, Corregidora. Un evento imperdible con m\u00e1s de 300 etiquetas, catas, talleres y gastronom\u00eda local.","og_url":"https:\/\/azturismo.net\/?p=5960","og_site_name":"Azturismo Noticias","article_publisher":"https:\/\/www.facebook.com\/AzturismoNoticias","article_published_time":"2025-10-14T16:10:00+00:00","og_image":[{"width":600,"height":399,"url":"https:\/\/i0.wp.com\/azturismo.net\/wp-content\/uploads\/2025\/10\/El-sector-vitivinicola-se-consolida-como-motor-de-movilidad-economica-en-Queretaro.jpg?fit=600%2C399&ssl=1","type":"image\/jpeg"}],"author":"Azturismo","twitter_card":"summary_large_image","twitter_creator":"@AzTurismo","twitter_site":"@AzTurismo","twitter_misc":{"Escrito por":"Azturismo","Tiempo de lectura":"3 minutos"},"schema":{"@context":"https:\/\/schema.org","@graph":[{"@type":"Article","@id":"https:\/\/azturismo.net\/?p=5960#article","isPartOf":{"@id":"https:\/\/azturismo.net\/?p=5960"},"author":{"name":"Azturismo","@id":"https:\/\/azturismo.net\/#\/schema\/person\/4b56d87f51c4d1b518c650739ad3bbc1"},"headline":"\ud83c\udf77 Del\u00e9itate en el Festival del Vino Queretano 2025","datePublished":"2025-10-14T16:10:00+00:00","mainEntityOfPage":{"@id":"https:\/\/azturismo.net\/?p=5960"},"wordCount":528,"commentCount":0,"publisher":{"@id":"https:\/\/azturismo.net\/#organization"},"image":{"@id":"https:\/\/azturismo.net\/?p=5960#primaryimage"},"thumbnailUrl":"https:\/\/i0.wp.com\/azturismo.net\/wp-content\/uploads\/2025\/10\/El-sector-vitivinicola-se-consolida-como-motor-de-movilidad-economica-en-Queretaro.jpg?fit=600%2C399&ssl=1","keywords":["azturismo","Cl\u00faster Vitivin\u00edcola de Quer\u00e9taro","Director de Promoci\u00f3n Tur\u00edstica","Directora del Cl\u00faster Vitivin\u00edcola","Halina Gama","Plaza Gran Cue","Punto M\u00e9xico","Queso y Veino Quer\u00e9taro","Queso y Vino Quetaro","quinta edici\u00f3n del Festival del Vino Queretano","Rodrigo Ibarra","Ruta del Arte","Secretar\u00eda de Turismo de Quer\u00e9taro","Sectur"],"articleSection":["Destacadas","SABORES"],"inLanguage":"es","potentialAction":[{"@type":"CommentAction","name":"Comment","target":["https:\/\/azturismo.net\/?p=5960#respond"]}]},{"@type":"WebPage","@id":"https:\/\/azturismo.net\/?p=5960","url":"https:\/\/azturismo.net\/?p=5960","name":"\ud83c\udf77 Del\u00e9itate en el Festival del Vino Queretano 2025 - Azturismo Noticias","isPartOf":{"@id":"https:\/\/azturismo.net\/#website"},"primaryImageOfPage":{"@id":"https:\/\/azturismo.net\/?p=5960#primaryimage"},"image":{"@id":"https:\/\/azturismo.net\/?p=5960#primaryimage"},"thumbnailUrl":"https:\/\/i0.wp.com\/azturismo.net\/wp-content\/uploads\/2025\/10\/El-sector-vitivinicola-se-consolida-como-motor-de-movilidad-economica-en-Queretaro.jpg?fit=600%2C399&ssl=1","datePublished":"2025-10-14T16:10:00+00:00","description":"Del 17 al 19 de octubre se celebrar\u00e1 la quinta edici\u00f3n del Festival del Vino Queretano en la Plaza Gran Cue, Corregidora. Un evento imperdible con m\u00e1s de 300 etiquetas, catas, talleres y gastronom\u00eda local.","breadcrumb":{"@id":"https:\/\/azturismo.net\/?p=5960#breadcrumb"},"inLanguage":"es","potentialAction":[{"@type":"ReadAction","target":["https:\/\/azturismo.net\/?p=5960"]}]},{"@type":"ImageObject","inLanguage":"es","@id":"https:\/\/azturismo.net\/?p=5960#primaryimage","url":"https:\/\/i0.wp.com\/azturismo.net\/wp-content\/uploads\/2025\/10\/El-sector-vitivinicola-se-consolida-como-motor-de-movilidad-economica-en-Queretaro.jpg?fit=600%2C399&ssl=1","contentUrl":"https:\/\/i0.wp.com\/azturismo.net\/wp-content\/uploads\/2025\/10\/El-sector-vitivinicola-se-consolida-como-motor-de-movilidad-economica-en-Queretaro.jpg?fit=600%2C399&ssl=1","width":600,"height":399},{"@type":"BreadcrumbList","@id":"https:\/\/azturismo.net\/?p=5960#breadcrumb","itemListElement":[{"@type":"ListItem","position":1,"name":"Home","item":"https:\/\/azturismo.net\/"},{"@type":"ListItem","position":2,"name":"\ud83c\udf77 Del\u00e9itate en el Festival del Vino Queretano 2025"}]},{"@type":"WebSite","@id":"https:\/\/azturismo.net\/#website","url":"https:\/\/azturismo.net\/","name":"Azturismo","description":"Azturismo Noticias","publisher":{"@id":"https:\/\/azturismo.net\/#organization"},"potentialAction":[{"@type":"SearchAction","target":{"@type":"EntryPoint","urlTemplate":"https:\/\/azturismo.net\/?s={search_term_string}"},"query-input":{"@type":"PropertyValueSpecification","valueRequired":true,"valueName":"search_term_string"}}],"inLanguage":"es"},{"@type":"Organization","@id":"https:\/\/azturismo.net\/#organization","name":"Azturismo","url":"https:\/\/azturismo.net\/","logo":{"@type":"ImageObject","inLanguage":"es","@id":"https:\/\/azturismo.net\/#\/schema\/logo\/image\/","url":"https:\/\/i0.wp.com\/azturismo.net\/wp-content\/uploads\/2024\/03\/logo-el-bueno-.png?fit=294%2C69&ssl=1","contentUrl":"https:\/\/i0.wp.com\/azturismo.net\/wp-content\/uploads\/2024\/03\/logo-el-bueno-.png?fit=294%2C69&ssl=1","width":294,"height":69,"caption":"Azturismo"},"image":{"@id":"https:\/\/azturismo.net\/#\/schema\/logo\/image\/"},"sameAs":["https:\/\/www.facebook.com\/AzturismoNoticias","https:\/\/x.com\/AzTurismo","https:\/\/www.instagram.com\/azturismo_noticias\/?fbclid=IwAR2xMiuoHbs6eLeIHKP8P5sSGa-xFrw7FfejscXO7kDghWa7wKLjGczKOwE","https:\/\/www.tiktok.com\/@azturismo"]},{"@type":"Person","@id":"https:\/\/azturismo.net\/#\/schema\/person\/4b56d87f51c4d1b518c650739ad3bbc1","name":"Azturismo","image":{"@type":"ImageObject","inLanguage":"es","@id":"https:\/\/azturismo.net\/wp-content\/litespeed\/avatar\/dfe28a31cdd68b788da48a316e50db10.jpg?ver=1777707566","url":"https:\/\/azturismo.net\/wp-content\/litespeed\/avatar\/dfe28a31cdd68b788da48a316e50db10.jpg?ver=1777707566","contentUrl":"https:\/\/azturismo.net\/wp-content\/litespeed\/avatar\/dfe28a31cdd68b788da48a316e50db10.jpg?ver=1777707566","caption":"Azturismo"},"sameAs":["https:\/\/azturismo.net"],"url":"https:\/\/azturismo.net\/?author=1"}]}},"jetpack_publicize_connections":[],"jetpack_featured_media_url":"https:\/\/i0.wp.com\/azturismo.net\/wp-content\/uploads\/2025\/10\/El-sector-vitivinicola-se-consolida-como-motor-de-movilidad-economica-en-Queretaro.jpg?fit=600%2C399&ssl=1","jetpack_sharing_enabled":true,"jetpack-related-posts":[{"id":3447,"url":"https:\/\/azturismo.net\/?p=3447","url_meta":{"origin":5960,"position":0},"title":"Quer\u00e9taro recibe la Indicaci\u00f3n Geogr\u00e1fica Protegida para sus vinos","author":"Azturismo","date":"marzo 25, 2025","format":false,"excerpt":"Por Oscar V\u00e1zquez C. En un hecho hist\u00f3rico para la vitivinicultura mexicana, Quer\u00e9taro recibi\u00f3 oficialmente la Indicaci\u00f3n Geogr\u00e1fica Protegida (IGP) para los vinos de su regi\u00f3n, consolidando su prestigio como una de las zonas vin\u00edcolas m\u00e1s importantes del pa\u00eds. Esta distinci\u00f3n, otorgada por el Instituto Mexicano de la Propiedad Industrial\u2026","rel":"","context":"En &quot;Destacadas&quot;","block_context":{"text":"Destacadas","link":"https:\/\/azturismo.net\/?cat=30"},"img":{"alt_text":"","src":"https:\/\/i0.wp.com\/azturismo.net\/wp-content\/uploads\/2025\/03\/Foto-Vaco-Declaracionvinosqueretaro-presidium.jpg?fit=600%2C400&ssl=1&resize=350%2C200","width":350,"height":200,"srcset":"https:\/\/i0.wp.com\/azturismo.net\/wp-content\/uploads\/2025\/03\/Foto-Vaco-Declaracionvinosqueretaro-presidium.jpg?fit=600%2C400&ssl=1&resize=350%2C200 1x, https:\/\/i0.wp.com\/azturismo.net\/wp-content\/uploads\/2025\/03\/Foto-Vaco-Declaracionvinosqueretaro-presidium.jpg?fit=600%2C400&ssl=1&resize=525%2C300 1.5x"},"classes":[]},{"id":4084,"url":"https:\/\/azturismo.net\/?p=4084","url_meta":{"origin":5960,"position":1},"title":"Quer\u00e9taro muestra su riqueza tur\u00edstica, en Punto M\u00e9xico de CDMX","author":"Azturismo","date":"junio 16, 2025","format":false,"excerpt":"Por Ricardo Aguirre La Secretar\u00eda de Turismo de Quer\u00e9taro, en colaboraci\u00f3n con la Secretar\u00eda de Turismo del Gobierno de M\u00e9xico, inaugur\u00f3 la Presencia de Quer\u00e9taro en Punto M\u00e9xico, ubicado en la Ciudad de M\u00e9xico. Durante todo el mes de junio, los visitantes podr\u00e1n conocer lo mejor del turismo queretano, su\u2026","rel":"","context":"En &quot;Destacadas&quot;","block_context":{"text":"Destacadas","link":"https:\/\/azturismo.net\/?cat=30"},"img":{"alt_text":"","src":"https:\/\/i0.wp.com\/azturismo.net\/wp-content\/uploads\/2025\/06\/PSX_20250610_225716.jpg?fit=600%2C400&ssl=1&resize=350%2C200","width":350,"height":200,"srcset":"https:\/\/i0.wp.com\/azturismo.net\/wp-content\/uploads\/2025\/06\/PSX_20250610_225716.jpg?fit=600%2C400&ssl=1&resize=350%2C200 1x, https:\/\/i0.wp.com\/azturismo.net\/wp-content\/uploads\/2025\/06\/PSX_20250610_225716.jpg?fit=600%2C400&ssl=1&resize=525%2C300 1.5x"},"classes":[]},{"id":4195,"url":"https:\/\/azturismo.net\/?p=4195","url_meta":{"origin":5960,"position":2},"title":"Quer\u00e9taro ser\u00e1 capital de la cocina en miniatura con los concursos de Tapas y Pinchos","author":"Azturismo","date":"junio 19, 2025","format":false,"excerpt":"Chefs de todo el continente competir\u00e1n por representar a Am\u00e9rica en el Campeonato Mundial de Tapas en Espa\u00f1a Por Oscar V\u00e1zquez C La capital queretana se alista para convertirse en el epicentro de la alta cocina en miniatura con la celebraci\u00f3n del III Concurso Nacional de Pinchos y Tapas M\u00e9xico\u2026","rel":"","context":"En &quot;Destacadas&quot;","block_context":{"text":"Destacadas","link":"https:\/\/azturismo.net\/?cat=30"},"img":{"alt_text":"","src":"https:\/\/i0.wp.com\/azturismo.net\/wp-content\/uploads\/2025\/06\/PSX_20250619_143826.jpg?fit=600%2C450&ssl=1&resize=350%2C200","width":350,"height":200,"srcset":"https:\/\/i0.wp.com\/azturismo.net\/wp-content\/uploads\/2025\/06\/PSX_20250619_143826.jpg?fit=600%2C450&ssl=1&resize=350%2C200 1x, https:\/\/i0.wp.com\/azturismo.net\/wp-content\/uploads\/2025\/06\/PSX_20250619_143826.jpg?fit=600%2C450&ssl=1&resize=525%2C300 1.5x"},"classes":[]},{"id":3600,"url":"https:\/\/azturismo.net\/?p=3600","url_meta":{"origin":5960,"position":3},"title":"\u00a1Se acerca el Festival Internacional del arte, queso y vino 2025!","author":"Azturismo","date":"abril 10, 2025","format":false,"excerpt":"Por Oscar V\u00e1zquez C. \ud83c\udf1fTequisquiapan, uno de los pueblos m\u00e1gicos m\u00e1s encantadores de Quer\u00e9taro, ser\u00e1 el escenario del Festival Internacional del Arte, Queso y Vino 2025, del 22 de mayo y el 8 de junio, el cual promete convertirse en una experiencia inolvidable para los amantes de la cultura, la\u2026","rel":"","context":"En &quot;Destacadas&quot;","block_context":{"text":"Destacadas","link":"https:\/\/azturismo.net\/?cat=30"},"img":{"alt_text":"","src":"https:\/\/i0.wp.com\/azturismo.net\/wp-content\/uploads\/2025\/04\/vino-copas.png?fit=600%2C373&ssl=1&resize=350%2C200","width":350,"height":200,"srcset":"https:\/\/i0.wp.com\/azturismo.net\/wp-content\/uploads\/2025\/04\/vino-copas.png?fit=600%2C373&ssl=1&resize=350%2C200 1x, https:\/\/i0.wp.com\/azturismo.net\/wp-content\/uploads\/2025\/04\/vino-copas.png?fit=600%2C373&ssl=1&resize=525%2C300 1.5x"},"classes":[]},{"id":4679,"url":"https:\/\/azturismo.net\/?p=4679","url_meta":{"origin":5960,"position":4},"title":"Huimilpan ser\u00e1 sede del Hay Festival Quer\u00e9taro 2025","author":"Azturismo","date":"agosto 5, 2025","format":false,"excerpt":"Por Staff AzTurismo El municipio de Huimilpan se suma como sede del Hay Festival Quer\u00e9taro 2025, posicion\u00e1ndose como un destino emergente para el turismo rural, cultural y comunitario en el estado de Quer\u00e9taro. El pr\u00f3ximo 6 de septiembre, este pintoresco municipio abrir\u00e1 sus paisajes, plazas y haciendas coloniales para albergar\u2026","rel":"","context":"En &quot;NOTITUR&quot;","block_context":{"text":"NOTITUR","link":"https:\/\/azturismo.net\/?cat=25"},"img":{"alt_text":"","src":"https:\/\/i0.wp.com\/azturismo.net\/wp-content\/uploads\/2025\/08\/Huimilpan_2.jpg?fit=600%2C400&ssl=1&resize=350%2C200","width":350,"height":200,"srcset":"https:\/\/i0.wp.com\/azturismo.net\/wp-content\/uploads\/2025\/08\/Huimilpan_2.jpg?fit=600%2C400&ssl=1&resize=350%2C200 1x, https:\/\/i0.wp.com\/azturismo.net\/wp-content\/uploads\/2025\/08\/Huimilpan_2.jpg?fit=600%2C400&ssl=1&resize=525%2C300 1.5x"},"classes":[]},{"id":3039,"url":"https:\/\/azturismo.net\/?p=3039","url_meta":{"origin":5960,"position":5},"title":"Quer\u00e9taro presenta su riqueza tur\u00edstica en el Senado de la Rep\u00fablica","author":"Azturismo","date":"febrero 19, 2025","format":false,"excerpt":"Por Ricardo Aguirre Del 18 al 20 de febrero, Quer\u00e9taro brilla en el Senado de la Rep\u00fablica con una muestra \u00fanica de su riqueza cultural, gastron\u00f3mica y tur\u00edstica. En la Semana de Quer\u00e9taro, el estado destaca lo mejor de su patrimonio, su artesan\u00edas, su vinicultura, y la gastronom\u00eda que lo\u2026","rel":"","context":"En &quot;NOTITUR&quot;","block_context":{"text":"NOTITUR","link":"https:\/\/azturismo.net\/?cat=25"},"img":{"alt_text":"","src":"https:\/\/i0.wp.com\/azturismo.net\/wp-content\/uploads\/2025\/02\/Sectur-Queretaro-Senado01.jpeg?fit=600%2C422&ssl=1&resize=350%2C200","width":350,"height":200,"srcset":"https:\/\/i0.wp.com\/azturismo.net\/wp-content\/uploads\/2025\/02\/Sectur-Queretaro-Senado01.jpeg?fit=600%2C422&ssl=1&resize=350%2C200 1x, https:\/\/i0.wp.com\/azturismo.net\/wp-content\/uploads\/2025\/02\/Sectur-Queretaro-Senado01.jpeg?fit=600%2C422&ssl=1&resize=525%2C300 1.5x"},"classes":[]}],"jetpack_shortlink":"https:\/\/wp.me\/pfqZGx-1y8","amp_enabled":true,"_links":{"self":[{"href":"https:\/\/azturismo.net\/index.php?rest_route=\/wp\/v2\/posts\/5960","targetHints":{"allow":["GET"]}}],"collection":[{"href":"https:\/\/azturismo.net\/index.php?rest_route=\/wp\/v2\/posts"}],"about":[{"href":"https:\/\/azturismo.net\/index.php?rest_route=\/wp\/v2\/types\/post"}],"author":[{"embeddable":true,"href":"https:\/\/azturismo.net\/index.php?rest_route=\/wp\/v2\/users\/1"}],"replies":[{"embeddable":true,"href":"https:\/\/azturismo.net\/index.php?rest_route=%2Fwp%2Fv2%2Fcomments&post=5960"}],"version-history":[{"count":1,"href":"https:\/\/azturismo.net\/index.php?rest_route=\/wp\/v2\/posts\/5960\/revisions"}],"predecessor-version":[{"id":5963,"href":"https:\/\/azturismo.net\/index.php?rest_route=\/wp\/v2\/posts\/5960\/revisions\/5963"}],"wp:featuredmedia":[{"embeddable":true,"href":"https:\/\/azturismo.net\/index.php?rest_route=\/wp\/v2\/media\/5961"}],"wp:attachment":[{"href":"https:\/\/azturismo.net\/index.php?rest_route=%2Fwp%2Fv2%2Fmedia&parent=5960"}],"wp:term":[{"taxonomy":"category","embeddable":true,"href":"https:\/\/azturismo.net\/index.php?rest_route=%2Fwp%2Fv2%2Fcategories&post=5960"},{"taxonomy":"post_tag","embeddable":true,"href":"https:\/\/azturismo.net\/index.php?rest_route=%2Fwp%2Fv2%2Ftags&post=5960"}],"curies":[{"name":"wp","href":"https:\/\/api.w.org\/{rel}","templated":true}]}}