{"id":5906,"date":"2025-10-07T09:09:00","date_gmt":"2025-10-07T15:09:00","guid":{"rendered":"https:\/\/azturismo.net\/?p=5906"},"modified":"2025-10-07T08:08:59","modified_gmt":"2025-10-07T14:08:59","slug":"%f0%9f%94%a5-preparate-para-ir-al-mezcalfest-mx-en-cdmx-mezcal-arte-musica-y-cocina-tradicional","status":"publish","type":"post","link":"https:\/\/azturismo.net\/?p=5906","title":{"rendered":"\ud83d\udd25 Prep\u00e1rate para ir al MEZCALFEST.MX en CDMX"},"content":{"rendered":"\n<p><br><em><strong>La XI edici\u00f3n Oto\u00f1o 2025 del MEZCALFEST.MX reunir\u00e1 a maestros mezcaleros, cocineras tradicionales, artistas y m\u00fasicos para rendir tributo al agave, s\u00edmbolo de identidad y orgullo mexicano.<\/strong><\/em><\/p>\n\n\n\n<p>Por Oscar V\u00e1zquez C.<\/p>\n\n\n\n<p>El <strong>MEZCALFEST.MX<\/strong> vuelve a la capital mexicana los pr\u00f3ximos <strong>18 y 19 de octubre de 2025<\/strong>, en la calle Ures 13, Roma Sur, Ciudad de M\u00e9xico, para ofrecer una experiencia multisensorial donde convergen <strong>sabores, saberes y sonidos<\/strong> en torno al mezcal y los destilados artesanales.<\/p>\n\n\n\n<p>Este festival, fundado por <strong>Alejandro Gonz\u00e1lez<\/strong>, se ha consolidado como <strong>uno de los encuentros m\u00e1s importantes de la cultura del agave en Am\u00e9rica Latina<\/strong>, un espacio donde conviven la tradici\u00f3n, la gastronom\u00eda, la creatividad y la comunidad.<\/p>\n\n\n\n<blockquote class=\"wp-block-quote is-layout-flow wp-block-quote-is-layout-flow\">\n<p>\u201cMEZCALFEST.MX es un oasis gastron\u00f3mico donde disfrutamos, aprendemos y hacemos comunidad\u201d, destaca Gonz\u00e1lez.<\/p>\n<\/blockquote>\n\n\n\n<h3 class=\"wp-block-heading\">\ud83c\udf7d\ufe0f Cocina tradicional: el coraz\u00f3n del festival<\/h3>\n\n\n\n<figure class=\"wp-block-gallery has-nested-images columns-default is-cropped wp-block-gallery-1 is-layout-flex wp-block-gallery-is-layout-flex\">\n<figure class=\"wp-block-image size-large\"><img data-recalc-dims=\"1\" loading=\"lazy\" decoding=\"async\" width=\"600\" height=\"750\" data-attachment-id=\"5918\" data-permalink=\"https:\/\/azturismo.net\/?attachment_id=5918\" data-orig-file=\"https:\/\/i0.wp.com\/azturismo.net\/wp-content\/uploads\/2025\/10\/Mezcalfest2025-1.jpeg?fit=600%2C750&amp;ssl=1\" data-orig-size=\"600,750\" data-comments-opened=\"1\" data-image-meta=\"{&quot;aperture&quot;:&quot;0&quot;,&quot;credit&quot;:&quot;&quot;,&quot;camera&quot;:&quot;&quot;,&quot;caption&quot;:&quot;&quot;,&quot;created_timestamp&quot;:&quot;0&quot;,&quot;copyright&quot;:&quot;&quot;,&quot;focal_length&quot;:&quot;0&quot;,&quot;iso&quot;:&quot;0&quot;,&quot;shutter_speed&quot;:&quot;0&quot;,&quot;title&quot;:&quot;&quot;,&quot;orientation&quot;:&quot;1&quot;}\" data-image-title=\"Mezcalfest2025-1\" data-image-description=\"\" data-image-caption=\"\" data-large-file=\"https:\/\/i0.wp.com\/azturismo.net\/wp-content\/uploads\/2025\/10\/Mezcalfest2025-1.jpeg?fit=600%2C750&amp;ssl=1\" data-id=\"5918\" src=\"https:\/\/i0.wp.com\/azturismo.net\/wp-content\/uploads\/2025\/10\/Mezcalfest2025-1.jpeg?resize=600%2C750&#038;ssl=1\" alt=\"\" class=\"wp-image-5918\" srcset=\"https:\/\/i0.wp.com\/azturismo.net\/wp-content\/uploads\/2025\/10\/Mezcalfest2025-1.jpeg?w=600&amp;ssl=1 600w, https:\/\/i0.wp.com\/azturismo.net\/wp-content\/uploads\/2025\/10\/Mezcalfest2025-1.jpeg?resize=240%2C300&amp;ssl=1 240w, https:\/\/i0.wp.com\/azturismo.net\/wp-content\/uploads\/2025\/10\/Mezcalfest2025-1.jpeg?resize=150%2C188&amp;ssl=1 150w, https:\/\/i0.wp.com\/azturismo.net\/wp-content\/uploads\/2025\/10\/Mezcalfest2025-1.jpeg?resize=300%2C375&amp;ssl=1 300w\" sizes=\"auto, (max-width: 600px) 100vw, 600px\" \/><\/figure>\n\n\n\n<figure class=\"wp-block-image size-large\"><img data-recalc-dims=\"1\" loading=\"lazy\" decoding=\"async\" width=\"600\" height=\"800\" data-attachment-id=\"5915\" data-permalink=\"https:\/\/azturismo.net\/?attachment_id=5915\" data-orig-file=\"https:\/\/i0.wp.com\/azturismo.net\/wp-content\/uploads\/2025\/10\/Mezcalfest2025-Foto-VACO8.jpeg?fit=600%2C800&amp;ssl=1\" data-orig-size=\"600,800\" data-comments-opened=\"1\" data-image-meta=\"{&quot;aperture&quot;:&quot;0&quot;,&quot;credit&quot;:&quot;&quot;,&quot;camera&quot;:&quot;&quot;,&quot;caption&quot;:&quot;&quot;,&quot;created_timestamp&quot;:&quot;0&quot;,&quot;copyright&quot;:&quot;&quot;,&quot;focal_length&quot;:&quot;0&quot;,&quot;iso&quot;:&quot;0&quot;,&quot;shutter_speed&quot;:&quot;0&quot;,&quot;title&quot;:&quot;&quot;,&quot;orientation&quot;:&quot;1&quot;}\" data-image-title=\"Mezcalfest2025-Foto-VACO8\" data-image-description=\"\" data-image-caption=\"\" data-large-file=\"https:\/\/i0.wp.com\/azturismo.net\/wp-content\/uploads\/2025\/10\/Mezcalfest2025-Foto-VACO8.jpeg?fit=600%2C800&amp;ssl=1\" data-id=\"5915\" src=\"https:\/\/i0.wp.com\/azturismo.net\/wp-content\/uploads\/2025\/10\/Mezcalfest2025-Foto-VACO8.jpeg?resize=600%2C800&#038;ssl=1\" alt=\"\" class=\"wp-image-5915\" srcset=\"https:\/\/i0.wp.com\/azturismo.net\/wp-content\/uploads\/2025\/10\/Mezcalfest2025-Foto-VACO8.jpeg?w=600&amp;ssl=1 600w, https:\/\/i0.wp.com\/azturismo.net\/wp-content\/uploads\/2025\/10\/Mezcalfest2025-Foto-VACO8.jpeg?resize=225%2C300&amp;ssl=1 225w, https:\/\/i0.wp.com\/azturismo.net\/wp-content\/uploads\/2025\/10\/Mezcalfest2025-Foto-VACO8.jpeg?resize=150%2C200&amp;ssl=1 150w, https:\/\/i0.wp.com\/azturismo.net\/wp-content\/uploads\/2025\/10\/Mezcalfest2025-Foto-VACO8.jpeg?resize=300%2C400&amp;ssl=1 300w\" sizes=\"auto, (max-width: 600px) 100vw, 600px\" \/><\/figure>\n\n\n\n<figure class=\"wp-block-image size-large\"><img data-recalc-dims=\"1\" loading=\"lazy\" decoding=\"async\" width=\"600\" height=\"842\" data-attachment-id=\"5917\" data-permalink=\"https:\/\/azturismo.net\/?attachment_id=5917\" data-orig-file=\"https:\/\/i0.wp.com\/azturismo.net\/wp-content\/uploads\/2025\/10\/Mezcalfest2025-2.jpeg?fit=600%2C842&amp;ssl=1\" data-orig-size=\"600,842\" data-comments-opened=\"1\" data-image-meta=\"{&quot;aperture&quot;:&quot;0&quot;,&quot;credit&quot;:&quot;&quot;,&quot;camera&quot;:&quot;&quot;,&quot;caption&quot;:&quot;&quot;,&quot;created_timestamp&quot;:&quot;0&quot;,&quot;copyright&quot;:&quot;&quot;,&quot;focal_length&quot;:&quot;0&quot;,&quot;iso&quot;:&quot;0&quot;,&quot;shutter_speed&quot;:&quot;0&quot;,&quot;title&quot;:&quot;&quot;,&quot;orientation&quot;:&quot;1&quot;}\" data-image-title=\"Mezcalfest2025-2\" data-image-description=\"\" data-image-caption=\"\" data-large-file=\"https:\/\/i0.wp.com\/azturismo.net\/wp-content\/uploads\/2025\/10\/Mezcalfest2025-2.jpeg?fit=600%2C842&amp;ssl=1\" data-id=\"5917\" src=\"https:\/\/i0.wp.com\/azturismo.net\/wp-content\/uploads\/2025\/10\/Mezcalfest2025-2.jpeg?resize=600%2C842&#038;ssl=1\" alt=\"\" class=\"wp-image-5917\" srcset=\"https:\/\/i0.wp.com\/azturismo.net\/wp-content\/uploads\/2025\/10\/Mezcalfest2025-2.jpeg?w=600&amp;ssl=1 600w, https:\/\/i0.wp.com\/azturismo.net\/wp-content\/uploads\/2025\/10\/Mezcalfest2025-2.jpeg?resize=214%2C300&amp;ssl=1 214w, https:\/\/i0.wp.com\/azturismo.net\/wp-content\/uploads\/2025\/10\/Mezcalfest2025-2.jpeg?resize=150%2C211&amp;ssl=1 150w, https:\/\/i0.wp.com\/azturismo.net\/wp-content\/uploads\/2025\/10\/Mezcalfest2025-2.jpeg?resize=300%2C421&amp;ssl=1 300w\" sizes=\"auto, (max-width: 600px) 100vw, 600px\" \/><\/figure>\n<\/figure>\n\n\n\n<p>Durante la presentaci\u00f3n, realizada en la mezcaler\u00eda Casa Murci\u00e9lago, Alejandro Gonzalez y V\u00edctor Hern\u00e1ndez &#8220;El Mitch&#8221;, acompa\u00f1ados por mezcaleros tradicionales, dieron a conocer los detalles del <strong>MEZCALFEST.MX<\/strong>, y subrayaron que la gastronom\u00eda tendr\u00e1 un lugar central con la participaci\u00f3n de <strong>cocineras y cocineros tradicionales<\/strong> que llevan el sabor de distintas regiones del pa\u00eds:<\/p>\n\n\n\n<ul class=\"wp-block-list\">\n<li><strong>Cleotilde Romero \u201cCothy\u201d<\/strong> y su propuesta <em>Con sabor a Sonora<\/em>, con <strong>tacos de carne asada, chilorio, machaca, coyotas y coricos<\/strong>.<\/li>\n\n\n\n<li><strong>Los Tres Pinches Tacos<\/strong>, un colectivo chilango que combina humor, saz\u00f3n y creatividad con <strong>discada norte\u00f1a, cochinita y tacos de canasta<\/strong>.<\/li>\n\n\n\n<li><strong>Arre Cocina de Humo<\/strong>, con <strong>cortes al carb\u00f3n<\/strong> y salsas artesanales que huelen a campo y le\u00f1a.<\/li>\n\n\n\n<li><strong>Chilesquites Chilipines<\/strong>, un proyecto familiar que transforma <strong>ingredientes end\u00e9micos<\/strong> \u2014como chiles, flores, frutas e insectos\u2014 en <strong>botanas y moles \u00fanicos<\/strong>.<\/li>\n<\/ul>\n\n\n\n<h3 class=\"wp-block-heading\">\ud83c\udf78 Mixolog\u00eda y destilados: redescubrir el agave<\/h3>\n\n\n\n<p>Asimismo, indicaron que la <strong>barra oficial<\/strong> estar\u00e1 a cargo de <strong>Estudio Mezcal<\/strong>, mezcaler\u00eda de barrio en San Rafael que ofrecer\u00e1 <strong>cocteler\u00eda creativa y destilados artesanales<\/strong>. Ser\u00e1 un punto de encuentro para probar mezcales, sotoles y lechuguillas elaborados por <strong>maestros mezcaleros y mujeres productoras<\/strong>, que apuestan por la calidad y el comercio justo.<\/p>\n\n\n\n<h3 class=\"wp-block-heading\">\ud83c\udfb6 M\u00fasica, arte y experiencias que encienden los sentidos<\/h3>\n\n\n\n<p>El arte y la m\u00fasica tambi\u00e9n forman parte esencial del festival:<\/p>\n\n\n\n<ul class=\"wp-block-list\">\n<li><strong>Galer\u00eda MEZCALFEST.MX<\/strong> presentar\u00e1 <strong>carteles, cortos, videos y pintura digital<\/strong> que reinterpretan el mundo del mezcal desde el arte contempor\u00e1neo.<\/li>\n\n\n\n<li>En el escenario:\n<ul class=\"wp-block-list\">\n<li><strong>Huemac Olivares<\/strong> (s\u00e1bado 18, 14:30 h) ofrecer\u00e1 <em>Los sonidos del maguey<\/em>, concierto con instrumentos hechos de agave.<\/li>\n\n\n\n<li><strong>Gabriel L\u00f3pez<\/strong>, de <em>Sonido Gallo Negro<\/em>, presentar\u00e1 un <strong>live act psicod\u00e9lico<\/strong> con cumbia y experimentaci\u00f3n (s\u00e1bado 18, 18:00 h).<\/li>\n\n\n\n<li><strong>DJ Scorpio 69<\/strong> cerrar\u00e1 con un <strong>DJ set explosivo<\/strong> (domingo 19, 18:00 h).<\/li>\n<\/ul>\n<\/li>\n<\/ul>\n\n\n\n<h3 class=\"wp-block-heading\">\ud83d\udcac Charlas, reflexi\u00f3n y academia<\/h3>\n\n\n\n<p>El festival abrir\u00e1 espacios de di\u00e1logo con especialistas:<\/p>\n\n\n\n<ul class=\"wp-block-list\">\n<li><strong>Beatriz Margarita V\u00e1squez D\u00edaz<\/strong> hablar\u00e1 sobre <em>\u201cLa modernizaci\u00f3n del mezcal o la tequilinizaci\u00f3n del mezcal\u201d<\/em>.<\/li>\n\n\n\n<li><strong>Daniel Massih X. \u201cMezcanauta\u201d<\/strong> abordar\u00e1 las <em>analog\u00edas entre el mezcal y otros destilados del mundo<\/em>.<\/li>\n\n\n\n<li><strong>Jos\u00e9 Alfonso Maraver Labastida \u201cArtizan\u201d<\/strong> compartir\u00e1 su <em>historia de vida en el mundo de las bebidas espirituosas<\/em>.<\/li>\n<\/ul>\n\n\n\n<p>Estas conversaciones buscan <strong>preservar la tradici\u00f3n del mezcal<\/strong> mientras se impulsa la innovaci\u00f3n y la educaci\u00f3n sensorial.<\/p>\n\n\n\n<h3 class=\"wp-block-heading\">\ud83d\udcc5 Informaci\u00f3n pr\u00e1ctica<\/h3>\n\n\n\n<p>\ud83d\udccd <strong>Lugar:<\/strong> Club de Leones Roma Sur (Ures 13, colonia Roma Sur, CDMX)<br>\ud83d\uddd3\ufe0f <strong>Fechas:<\/strong> S\u00e1bado 18 y domingo 19 de octubre de 2025<br>\ud83d\udd50 <strong>Horario:<\/strong> 13:00 a 20:00 h<br>\ud83c\udf9f\ufe0f <strong>Costo:<\/strong><\/p>\n\n\n\n<ul class=\"wp-block-list\">\n<li>Preventa: $50 MXN<\/li>\n\n\n\n<li>En puerta: $80 MXN<br>Incluye <strong>vaso de cristal para degustaci\u00f3n<\/strong>, vasos compostables e <strong>ingreso a todas las actividades culturales y musicales<\/strong>.<\/li>\n<\/ul>\n\n\n\n<h3 class=\"wp-block-heading\">\ud83c\udf3e M\u00e1s que un festival, una comunidad<\/h3>\n\n\n\n<p>El <strong>MEZCALFEST.MX<\/strong> es mucho m\u00e1s que una celebraci\u00f3n: es una <strong>plataforma cultural y social<\/strong> que impulsa el trabajo de <strong>productores locales, cocineras, artistas y m\u00fasicos<\/strong>, fortaleciendo la econom\u00eda creativa y promoviendo el consumo responsable del mezcal.<\/p>\n\n\n\n<p>Cada edici\u00f3n reafirma que <strong>el agave es cultura, identidad y ra\u00edz mexicana<\/strong>.<\/p>\n\n\n\n<p><\/p>\n\n\n\n<p><\/p>\n","protected":false},"excerpt":{"rendered":"<p>La XI edici\u00f3n Oto\u00f1o 2025 del MEZCALFEST.MX reunir\u00e1 a maestros mezcaleros, cocineras tradicionales, artistas y m\u00fasicos para rendir tributo al agave, s\u00edmbolo de identidad y orgullo mexicano. Por Oscar V\u00e1zquez C. El MEZCALFEST.MX vuelve a la capital mexicana los pr\u00f3ximos 18 y 19 de octubre de 2025, en la calle Ures 13, Roma Sur, Ciudad [&hellip;]<\/p>\n","protected":false},"author":1,"featured_media":5907,"comment_status":"open","ping_status":"open","sticky":false,"template":"","format":"standard","meta":{"jetpack_post_was_ever_published":false,"_jetpack_newsletter_access":"","_jetpack_dont_email_post_to_subs":false,"_jetpack_newsletter_tier_id":0,"_jetpack_memberships_contains_paywalled_content":false,"_jetpack_memberships_contains_paid_content":false,"footnotes":"","jetpack_publicize_message":"","jetpack_publicize_feature_enabled":true,"jetpack_social_post_already_shared":true,"jetpack_social_options":{"image_generator_settings":{"template":"highway","default_image_id":0,"font":"","enabled":false},"version":2}},"categories":[30,35],"tags":[99,2653,2652,2655,313,2654,2651,116,1641],"class_list":{"0":"post-5906","1":"post","2":"type-post","3":"status-publish","4":"format-standard","5":"has-post-thumbnail","7":"category-e","8":"category-sabores","9":"tag-azturismo","10":"tag-cocina-tradicional-mexicana","11":"tag-eventos-gastronomicos-octubre-cdmx","12":"tag-festival-del-mezcal-ciudad-de-mexico","13":"tag-josefina-rodriguez-zamora","14":"tag-mezcal-y-destilados-artesanales","15":"tag-mezcalfest-cdmx-2025","16":"tag-sectur","17":"tag-turismo-gastronomico-mexico"},"yoast_head":"<!-- This site is optimized with the Yoast SEO plugin v27.5 - https:\/\/yoast.com\/product\/yoast-seo-wordpress\/ -->\n<title>\ud83d\udd25 Prep\u00e1rate para ir al MEZCALFEST.MX en CDMX - Azturismo Noticias<\/title>\n<meta name=\"description\" content=\"Regresa el MEZCALFEST.MX 2025: el festival que enciende la Ciudad de M\u00e9xico con mezcal, arte, m\u00fasica y cocina tradicional\" \/>\n<meta name=\"robots\" content=\"index, follow, max-snippet:-1, max-image-preview:large, max-video-preview:-1\" \/>\n<link rel=\"canonical\" href=\"https:\/\/azturismo.net\/?p=5906\" \/>\n<meta property=\"og:locale\" content=\"es_MX\" \/>\n<meta property=\"og:type\" content=\"article\" \/>\n<meta property=\"og:title\" content=\"\ud83d\udd25 Prep\u00e1rate para ir al MEZCALFEST.MX en CDMX - Azturismo Noticias\" \/>\n<meta property=\"og:description\" content=\"Regresa el MEZCALFEST.MX 2025: el festival que enciende la Ciudad de M\u00e9xico con mezcal, arte, m\u00fasica y cocina tradicional\" \/>\n<meta property=\"og:url\" content=\"https:\/\/azturismo.net\/?p=5906\" \/>\n<meta property=\"og:site_name\" content=\"Azturismo Noticias\" \/>\n<meta property=\"article:publisher\" content=\"https:\/\/www.facebook.com\/AzturismoNoticias\" \/>\n<meta property=\"article:published_time\" content=\"2025-10-07T15:09:00+00:00\" \/>\n<meta property=\"og:image\" content=\"https:\/\/i0.wp.com\/azturismo.net\/wp-content\/uploads\/2025\/10\/20251003_183357.jpg?fit=800%2C600&ssl=1\" \/>\n\t<meta property=\"og:image:width\" content=\"800\" \/>\n\t<meta property=\"og:image:height\" content=\"600\" \/>\n\t<meta property=\"og:image:type\" content=\"image\/jpeg\" \/>\n<meta name=\"author\" content=\"Azturismo\" \/>\n<meta name=\"twitter:card\" content=\"summary_large_image\" \/>\n<meta name=\"twitter:creator\" content=\"@AzTurismo\" \/>\n<meta name=\"twitter:site\" content=\"@AzTurismo\" \/>\n<meta name=\"twitter:label1\" content=\"Escrito por\" \/>\n\t<meta name=\"twitter:data1\" content=\"Azturismo\" \/>\n\t<meta name=\"twitter:label2\" content=\"Tiempo de lectura\" \/>\n\t<meta name=\"twitter:data2\" content=\"4 minutos\" \/>\n<script type=\"application\/ld+json\" class=\"yoast-schema-graph\">{\"@context\":\"https:\\\/\\\/schema.org\",\"@graph\":[{\"@type\":\"Article\",\"@id\":\"https:\\\/\\\/azturismo.net\\\/?p=5906#article\",\"isPartOf\":{\"@id\":\"https:\\\/\\\/azturismo.net\\\/?p=5906\"},\"author\":{\"name\":\"Azturismo\",\"@id\":\"https:\\\/\\\/azturismo.net\\\/#\\\/schema\\\/person\\\/4b56d87f51c4d1b518c650739ad3bbc1\"},\"headline\":\"\ud83d\udd25 Prep\u00e1rate para ir al MEZCALFEST.MX en CDMX\",\"datePublished\":\"2025-10-07T15:09:00+00:00\",\"mainEntityOfPage\":{\"@id\":\"https:\\\/\\\/azturismo.net\\\/?p=5906\"},\"wordCount\":652,\"commentCount\":0,\"publisher\":{\"@id\":\"https:\\\/\\\/azturismo.net\\\/#organization\"},\"image\":{\"@id\":\"https:\\\/\\\/azturismo.net\\\/?p=5906#primaryimage\"},\"thumbnailUrl\":\"https:\\\/\\\/i0.wp.com\\\/azturismo.net\\\/wp-content\\\/uploads\\\/2025\\\/10\\\/20251003_183357.jpg?fit=800%2C600&ssl=1\",\"keywords\":[\"azturismo\",\"cocina tradicional mexicana\",\"eventos gastron\u00f3micos octubre CDMX\",\"festival del mezcal Ciudad de M\u00e9xico\",\"Josefina Rodr\u00edguez Zamora\",\"mezcal y destilados artesanales\",\"Mezcalfest CDMX 2025\",\"Sectur\",\"turismo gastron\u00f3mico M\u00e9xico\"],\"articleSection\":[\"Destacadas\",\"SABORES\"],\"inLanguage\":\"es\",\"potentialAction\":[{\"@type\":\"CommentAction\",\"name\":\"Comment\",\"target\":[\"https:\\\/\\\/azturismo.net\\\/?p=5906#respond\"]}]},{\"@type\":\"WebPage\",\"@id\":\"https:\\\/\\\/azturismo.net\\\/?p=5906\",\"url\":\"https:\\\/\\\/azturismo.net\\\/?p=5906\",\"name\":\"\ud83d\udd25 Prep\u00e1rate para ir al MEZCALFEST.MX en CDMX - Azturismo Noticias\",\"isPartOf\":{\"@id\":\"https:\\\/\\\/azturismo.net\\\/#website\"},\"primaryImageOfPage\":{\"@id\":\"https:\\\/\\\/azturismo.net\\\/?p=5906#primaryimage\"},\"image\":{\"@id\":\"https:\\\/\\\/azturismo.net\\\/?p=5906#primaryimage\"},\"thumbnailUrl\":\"https:\\\/\\\/i0.wp.com\\\/azturismo.net\\\/wp-content\\\/uploads\\\/2025\\\/10\\\/20251003_183357.jpg?fit=800%2C600&ssl=1\",\"datePublished\":\"2025-10-07T15:09:00+00:00\",\"description\":\"Regresa el MEZCALFEST.MX 2025: el festival que enciende la Ciudad de M\u00e9xico con mezcal, arte, m\u00fasica y cocina tradicional\",\"breadcrumb\":{\"@id\":\"https:\\\/\\\/azturismo.net\\\/?p=5906#breadcrumb\"},\"inLanguage\":\"es\",\"potentialAction\":[{\"@type\":\"ReadAction\",\"target\":[\"https:\\\/\\\/azturismo.net\\\/?p=5906\"]}]},{\"@type\":\"ImageObject\",\"inLanguage\":\"es\",\"@id\":\"https:\\\/\\\/azturismo.net\\\/?p=5906#primaryimage\",\"url\":\"https:\\\/\\\/i0.wp.com\\\/azturismo.net\\\/wp-content\\\/uploads\\\/2025\\\/10\\\/20251003_183357.jpg?fit=800%2C600&ssl=1\",\"contentUrl\":\"https:\\\/\\\/i0.wp.com\\\/azturismo.net\\\/wp-content\\\/uploads\\\/2025\\\/10\\\/20251003_183357.jpg?fit=800%2C600&ssl=1\",\"width\":800,\"height\":600,\"caption\":\"Foto: VACO\"},{\"@type\":\"BreadcrumbList\",\"@id\":\"https:\\\/\\\/azturismo.net\\\/?p=5906#breadcrumb\",\"itemListElement\":[{\"@type\":\"ListItem\",\"position\":1,\"name\":\"Home\",\"item\":\"https:\\\/\\\/azturismo.net\\\/\"},{\"@type\":\"ListItem\",\"position\":2,\"name\":\"\ud83d\udd25 Prep\u00e1rate para ir al MEZCALFEST.MX en CDMX\"}]},{\"@type\":\"WebSite\",\"@id\":\"https:\\\/\\\/azturismo.net\\\/#website\",\"url\":\"https:\\\/\\\/azturismo.net\\\/\",\"name\":\"Azturismo\",\"description\":\"Azturismo Noticias\",\"publisher\":{\"@id\":\"https:\\\/\\\/azturismo.net\\\/#organization\"},\"potentialAction\":[{\"@type\":\"SearchAction\",\"target\":{\"@type\":\"EntryPoint\",\"urlTemplate\":\"https:\\\/\\\/azturismo.net\\\/?s={search_term_string}\"},\"query-input\":{\"@type\":\"PropertyValueSpecification\",\"valueRequired\":true,\"valueName\":\"search_term_string\"}}],\"inLanguage\":\"es\"},{\"@type\":\"Organization\",\"@id\":\"https:\\\/\\\/azturismo.net\\\/#organization\",\"name\":\"Azturismo\",\"url\":\"https:\\\/\\\/azturismo.net\\\/\",\"logo\":{\"@type\":\"ImageObject\",\"inLanguage\":\"es\",\"@id\":\"https:\\\/\\\/azturismo.net\\\/#\\\/schema\\\/logo\\\/image\\\/\",\"url\":\"https:\\\/\\\/i0.wp.com\\\/azturismo.net\\\/wp-content\\\/uploads\\\/2024\\\/03\\\/logo-el-bueno-.png?fit=294%2C69&ssl=1\",\"contentUrl\":\"https:\\\/\\\/i0.wp.com\\\/azturismo.net\\\/wp-content\\\/uploads\\\/2024\\\/03\\\/logo-el-bueno-.png?fit=294%2C69&ssl=1\",\"width\":294,\"height\":69,\"caption\":\"Azturismo\"},\"image\":{\"@id\":\"https:\\\/\\\/azturismo.net\\\/#\\\/schema\\\/logo\\\/image\\\/\"},\"sameAs\":[\"https:\\\/\\\/www.facebook.com\\\/AzturismoNoticias\",\"https:\\\/\\\/x.com\\\/AzTurismo\",\"https:\\\/\\\/www.instagram.com\\\/azturismo_noticias\\\/?fbclid=IwAR2xMiuoHbs6eLeIHKP8P5sSGa-xFrw7FfejscXO7kDghWa7wKLjGczKOwE\",\"https:\\\/\\\/www.tiktok.com\\\/@azturismo\"]},{\"@type\":\"Person\",\"@id\":\"https:\\\/\\\/azturismo.net\\\/#\\\/schema\\\/person\\\/4b56d87f51c4d1b518c650739ad3bbc1\",\"name\":\"Azturismo\",\"image\":{\"@type\":\"ImageObject\",\"inLanguage\":\"es\",\"@id\":\"https:\\\/\\\/azturismo.net\\\/wp-content\\\/litespeed\\\/avatar\\\/dfe28a31cdd68b788da48a316e50db10.jpg?ver=1777707566\",\"url\":\"https:\\\/\\\/azturismo.net\\\/wp-content\\\/litespeed\\\/avatar\\\/dfe28a31cdd68b788da48a316e50db10.jpg?ver=1777707566\",\"contentUrl\":\"https:\\\/\\\/azturismo.net\\\/wp-content\\\/litespeed\\\/avatar\\\/dfe28a31cdd68b788da48a316e50db10.jpg?ver=1777707566\",\"caption\":\"Azturismo\"},\"sameAs\":[\"https:\\\/\\\/azturismo.net\"],\"url\":\"https:\\\/\\\/azturismo.net\\\/?author=1\"}]}<\/script>\n<!-- \/ Yoast SEO plugin. -->","yoast_head_json":{"title":"\ud83d\udd25 Prep\u00e1rate para ir al MEZCALFEST.MX en CDMX - Azturismo Noticias","description":"Regresa el MEZCALFEST.MX 2025: el festival que enciende la Ciudad de M\u00e9xico con mezcal, arte, m\u00fasica y cocina tradicional","robots":{"index":"index","follow":"follow","max-snippet":"max-snippet:-1","max-image-preview":"max-image-preview:large","max-video-preview":"max-video-preview:-1"},"canonical":"https:\/\/azturismo.net\/?p=5906","og_locale":"es_MX","og_type":"article","og_title":"\ud83d\udd25 Prep\u00e1rate para ir al MEZCALFEST.MX en CDMX - Azturismo Noticias","og_description":"Regresa el MEZCALFEST.MX 2025: el festival que enciende la Ciudad de M\u00e9xico con mezcal, arte, m\u00fasica y cocina tradicional","og_url":"https:\/\/azturismo.net\/?p=5906","og_site_name":"Azturismo Noticias","article_publisher":"https:\/\/www.facebook.com\/AzturismoNoticias","article_published_time":"2025-10-07T15:09:00+00:00","og_image":[{"width":800,"height":600,"url":"https:\/\/i0.wp.com\/azturismo.net\/wp-content\/uploads\/2025\/10\/20251003_183357.jpg?fit=800%2C600&ssl=1","type":"image\/jpeg"}],"author":"Azturismo","twitter_card":"summary_large_image","twitter_creator":"@AzTurismo","twitter_site":"@AzTurismo","twitter_misc":{"Escrito por":"Azturismo","Tiempo de lectura":"4 minutos"},"schema":{"@context":"https:\/\/schema.org","@graph":[{"@type":"Article","@id":"https:\/\/azturismo.net\/?p=5906#article","isPartOf":{"@id":"https:\/\/azturismo.net\/?p=5906"},"author":{"name":"Azturismo","@id":"https:\/\/azturismo.net\/#\/schema\/person\/4b56d87f51c4d1b518c650739ad3bbc1"},"headline":"\ud83d\udd25 Prep\u00e1rate para ir al MEZCALFEST.MX en CDMX","datePublished":"2025-10-07T15:09:00+00:00","mainEntityOfPage":{"@id":"https:\/\/azturismo.net\/?p=5906"},"wordCount":652,"commentCount":0,"publisher":{"@id":"https:\/\/azturismo.net\/#organization"},"image":{"@id":"https:\/\/azturismo.net\/?p=5906#primaryimage"},"thumbnailUrl":"https:\/\/i0.wp.com\/azturismo.net\/wp-content\/uploads\/2025\/10\/20251003_183357.jpg?fit=800%2C600&ssl=1","keywords":["azturismo","cocina tradicional mexicana","eventos gastron\u00f3micos octubre CDMX","festival del mezcal Ciudad de M\u00e9xico","Josefina Rodr\u00edguez Zamora","mezcal y destilados artesanales","Mezcalfest CDMX 2025","Sectur","turismo gastron\u00f3mico M\u00e9xico"],"articleSection":["Destacadas","SABORES"],"inLanguage":"es","potentialAction":[{"@type":"CommentAction","name":"Comment","target":["https:\/\/azturismo.net\/?p=5906#respond"]}]},{"@type":"WebPage","@id":"https:\/\/azturismo.net\/?p=5906","url":"https:\/\/azturismo.net\/?p=5906","name":"\ud83d\udd25 Prep\u00e1rate para ir al MEZCALFEST.MX en CDMX - Azturismo Noticias","isPartOf":{"@id":"https:\/\/azturismo.net\/#website"},"primaryImageOfPage":{"@id":"https:\/\/azturismo.net\/?p=5906#primaryimage"},"image":{"@id":"https:\/\/azturismo.net\/?p=5906#primaryimage"},"thumbnailUrl":"https:\/\/i0.wp.com\/azturismo.net\/wp-content\/uploads\/2025\/10\/20251003_183357.jpg?fit=800%2C600&ssl=1","datePublished":"2025-10-07T15:09:00+00:00","description":"Regresa el MEZCALFEST.MX 2025: el festival que enciende la Ciudad de M\u00e9xico con mezcal, arte, m\u00fasica y cocina tradicional","breadcrumb":{"@id":"https:\/\/azturismo.net\/?p=5906#breadcrumb"},"inLanguage":"es","potentialAction":[{"@type":"ReadAction","target":["https:\/\/azturismo.net\/?p=5906"]}]},{"@type":"ImageObject","inLanguage":"es","@id":"https:\/\/azturismo.net\/?p=5906#primaryimage","url":"https:\/\/i0.wp.com\/azturismo.net\/wp-content\/uploads\/2025\/10\/20251003_183357.jpg?fit=800%2C600&ssl=1","contentUrl":"https:\/\/i0.wp.com\/azturismo.net\/wp-content\/uploads\/2025\/10\/20251003_183357.jpg?fit=800%2C600&ssl=1","width":800,"height":600,"caption":"Foto: VACO"},{"@type":"BreadcrumbList","@id":"https:\/\/azturismo.net\/?p=5906#breadcrumb","itemListElement":[{"@type":"ListItem","position":1,"name":"Home","item":"https:\/\/azturismo.net\/"},{"@type":"ListItem","position":2,"name":"\ud83d\udd25 Prep\u00e1rate para ir al MEZCALFEST.MX en CDMX"}]},{"@type":"WebSite","@id":"https:\/\/azturismo.net\/#website","url":"https:\/\/azturismo.net\/","name":"Azturismo","description":"Azturismo Noticias","publisher":{"@id":"https:\/\/azturismo.net\/#organization"},"potentialAction":[{"@type":"SearchAction","target":{"@type":"EntryPoint","urlTemplate":"https:\/\/azturismo.net\/?s={search_term_string}"},"query-input":{"@type":"PropertyValueSpecification","valueRequired":true,"valueName":"search_term_string"}}],"inLanguage":"es"},{"@type":"Organization","@id":"https:\/\/azturismo.net\/#organization","name":"Azturismo","url":"https:\/\/azturismo.net\/","logo":{"@type":"ImageObject","inLanguage":"es","@id":"https:\/\/azturismo.net\/#\/schema\/logo\/image\/","url":"https:\/\/i0.wp.com\/azturismo.net\/wp-content\/uploads\/2024\/03\/logo-el-bueno-.png?fit=294%2C69&ssl=1","contentUrl":"https:\/\/i0.wp.com\/azturismo.net\/wp-content\/uploads\/2024\/03\/logo-el-bueno-.png?fit=294%2C69&ssl=1","width":294,"height":69,"caption":"Azturismo"},"image":{"@id":"https:\/\/azturismo.net\/#\/schema\/logo\/image\/"},"sameAs":["https:\/\/www.facebook.com\/AzturismoNoticias","https:\/\/x.com\/AzTurismo","https:\/\/www.instagram.com\/azturismo_noticias\/?fbclid=IwAR2xMiuoHbs6eLeIHKP8P5sSGa-xFrw7FfejscXO7kDghWa7wKLjGczKOwE","https:\/\/www.tiktok.com\/@azturismo"]},{"@type":"Person","@id":"https:\/\/azturismo.net\/#\/schema\/person\/4b56d87f51c4d1b518c650739ad3bbc1","name":"Azturismo","image":{"@type":"ImageObject","inLanguage":"es","@id":"https:\/\/azturismo.net\/wp-content\/litespeed\/avatar\/dfe28a31cdd68b788da48a316e50db10.jpg?ver=1777707566","url":"https:\/\/azturismo.net\/wp-content\/litespeed\/avatar\/dfe28a31cdd68b788da48a316e50db10.jpg?ver=1777707566","contentUrl":"https:\/\/azturismo.net\/wp-content\/litespeed\/avatar\/dfe28a31cdd68b788da48a316e50db10.jpg?ver=1777707566","caption":"Azturismo"},"sameAs":["https:\/\/azturismo.net"],"url":"https:\/\/azturismo.net\/?author=1"}]}},"jetpack_publicize_connections":[],"jetpack_featured_media_url":"https:\/\/i0.wp.com\/azturismo.net\/wp-content\/uploads\/2025\/10\/20251003_183357.jpg?fit=800%2C600&ssl=1","jetpack_sharing_enabled":true,"jetpack-related-posts":[{"id":3385,"url":"https:\/\/azturismo.net\/?p=3385","url_meta":{"origin":5906,"position":0},"title":"\u00a1Vive la magia de los festivales gastron\u00f3micos en M\u00e9xico!","author":"Azturismo","date":"marzo 18, 2025","format":false,"excerpt":"Por Oscar V\u00e1zquez C. \ud83c\udf2e\ud83c\udf77 M\u00e9xico, reconocido mundialmente por su riqueza gastron\u00f3mica, invita a locales y visitantes a deleitarse con los festivales gastron\u00f3micos que se llevar\u00e1n a cabo a lo largo del a\u00f1o. Estos eventos no solo celebran la diversidad de sabores, sino que tambi\u00e9n preservan las tradiciones culinarias, promueven\u2026","rel":"","context":"En &quot;Destacadas&quot;","block_context":{"text":"Destacadas","link":"https:\/\/azturismo.net\/?cat=30"},"img":{"alt_text":"","src":"https:\/\/i0.wp.com\/azturismo.net\/wp-content\/uploads\/2025\/03\/Sectur-Gastronomia03.jpg?fit=600%2C400&ssl=1&resize=350%2C200","width":350,"height":200,"srcset":"https:\/\/i0.wp.com\/azturismo.net\/wp-content\/uploads\/2025\/03\/Sectur-Gastronomia03.jpg?fit=600%2C400&ssl=1&resize=350%2C200 1x, https:\/\/i0.wp.com\/azturismo.net\/wp-content\/uploads\/2025\/03\/Sectur-Gastronomia03.jpg?fit=600%2C400&ssl=1&resize=525%2C300 1.5x"},"classes":[]},{"id":6090,"url":"https:\/\/azturismo.net\/?p=6090","url_meta":{"origin":5906,"position":1},"title":"Restaurante Sendero se envuelve en el esp\u00edritu oaxaque\u00f1o para celebrar el D\u00eda de Muertos","author":"Azturismo","date":"octubre 23, 2025","format":false,"excerpt":"Por Staff AzTurismo \ud83d\udc80 El restaurante Sendero, reconocido por su propuesta de cocina mexicana y latinoamericana, celebra una de las tradiciones m\u00e1s emblem\u00e1ticas del pa\u00eds con la segunda edici\u00f3n de Sendero de \u00c1nimas, una experiencia gastron\u00f3mica y art\u00edstica inspirada en la riqueza cultural de Oaxaca y su profunda conexi\u00f3n con\u2026","rel":"","context":"En &quot;Destacadas&quot;","block_context":{"text":"Destacadas","link":"https:\/\/azturismo.net\/?cat=30"},"img":{"alt_text":"","src":"https:\/\/i0.wp.com\/azturismo.net\/wp-content\/uploads\/2025\/10\/RestauranteSendero8.png?fit=600%2C600&ssl=1&resize=350%2C200","width":350,"height":200,"srcset":"https:\/\/i0.wp.com\/azturismo.net\/wp-content\/uploads\/2025\/10\/RestauranteSendero8.png?fit=600%2C600&ssl=1&resize=350%2C200 1x, https:\/\/i0.wp.com\/azturismo.net\/wp-content\/uploads\/2025\/10\/RestauranteSendero8.png?fit=600%2C600&ssl=1&resize=525%2C300 1.5x"},"classes":[]},{"id":4497,"url":"https:\/\/azturismo.net\/?p=4497","url_meta":{"origin":5906,"position":2},"title":"Descubre por qu\u00e9 la Guelaguetza 2025 es el evento tur\u00edstico imperdible del a\u00f1o","author":"Azturismo","date":"julio 21, 2025","format":false,"excerpt":"Por Staff AzTurismo Oaxaca se viste de gala para recibir a m\u00e1s de 138,000 visitantes durante la celebraci\u00f3n m\u00e1s importante de M\u00e9xico: la Guelaguetza 2025. Esta festividad ancestral, que se celebra en los \u00faltimos dos lunes de julio, promete ser una experiencia \u00fanica que combina tradici\u00f3n, cultura y espect\u00e1culo en\u2026","rel":"","context":"En &quot;Destacadas&quot;","block_context":{"text":"Destacadas","link":"https:\/\/azturismo.net\/?cat=30"},"img":{"alt_text":"","src":"https:\/\/i0.wp.com\/azturismo.net\/wp-content\/uploads\/2025\/07\/Comunicado-141-18.jpg?fit=600%2C400&ssl=1&resize=350%2C200","width":350,"height":200,"srcset":"https:\/\/i0.wp.com\/azturismo.net\/wp-content\/uploads\/2025\/07\/Comunicado-141-18.jpg?fit=600%2C400&ssl=1&resize=350%2C200 1x, https:\/\/i0.wp.com\/azturismo.net\/wp-content\/uploads\/2025\/07\/Comunicado-141-18.jpg?fit=600%2C400&ssl=1&resize=525%2C300 1.5x"},"classes":[]},{"id":5923,"url":"https:\/\/azturismo.net\/?p=5923","url_meta":{"origin":5906,"position":3},"title":"Morelos ser\u00e1 sede del Foro Mundial de la Gastronom\u00eda Mexicana","author":"Azturismo","date":"octubre 8, 2025","format":false,"excerpt":"Por Oscar V\u00e1zquez C. \ud83c\udf38 Cuernavaca se convertir\u00e1 en el epicentro del sabor mexicano del 7 al 9 de noviembre, cuando el estado de Morelos reciba el X Foro Mundial de la Gastronom\u00eda Mexicana, un encuentro que reunir\u00e1 a los m\u00e1ximos exponentes de la cocina tradicional, chefs reconocidos, productores, artesanos\u2026","rel":"","context":"En &quot;Destacadas&quot;","block_context":{"text":"Destacadas","link":"https:\/\/azturismo.net\/?cat=30"},"img":{"alt_text":"","src":"https:\/\/i0.wp.com\/azturismo.net\/wp-content\/uploads\/2025\/10\/IMG-20251007-WA0120.jpg?fit=768%2C512&ssl=1&resize=350%2C200","width":350,"height":200,"srcset":"https:\/\/i0.wp.com\/azturismo.net\/wp-content\/uploads\/2025\/10\/IMG-20251007-WA0120.jpg?fit=768%2C512&ssl=1&resize=350%2C200 1x, https:\/\/i0.wp.com\/azturismo.net\/wp-content\/uploads\/2025\/10\/IMG-20251007-WA0120.jpg?fit=768%2C512&ssl=1&resize=525%2C300 1.5x, https:\/\/i0.wp.com\/azturismo.net\/wp-content\/uploads\/2025\/10\/IMG-20251007-WA0120.jpg?fit=768%2C512&ssl=1&resize=700%2C400 2x"},"classes":[]},{"id":5058,"url":"https:\/\/azturismo.net\/?p=5058","url_meta":{"origin":5906,"position":4},"title":"Iztapalapa celebra el Festival Gastron\u00f3mico de la Enchilada","author":"Azturismo","date":"agosto 26, 2025","format":false,"excerpt":"Por Staff AzTurismo La Alcald\u00eda Iztapalapa se prepara para recibir a miles de visitantes en la XXIII edici\u00f3n del Festival Gastron\u00f3mico de la Enchilada, que se llevar\u00e1 a cabo del 31 de agosto al 7 de septiembre de 2025 en la explanada del antiguo Jard\u00edn Cuitl\u00e1huac. Durante ocho d\u00edas, m\u00e1s\u2026","rel":"","context":"En &quot;SABORES&quot;","block_context":{"text":"SABORES","link":"https:\/\/azturismo.net\/?cat=35"},"img":{"alt_text":"","src":"https:\/\/i0.wp.com\/azturismo.net\/wp-content\/uploads\/2025\/08\/IMG-20250825-WA0158.jpg?fit=768%2C488&ssl=1&resize=350%2C200","width":350,"height":200,"srcset":"https:\/\/i0.wp.com\/azturismo.net\/wp-content\/uploads\/2025\/08\/IMG-20250825-WA0158.jpg?fit=768%2C488&ssl=1&resize=350%2C200 1x, https:\/\/i0.wp.com\/azturismo.net\/wp-content\/uploads\/2025\/08\/IMG-20250825-WA0158.jpg?fit=768%2C488&ssl=1&resize=525%2C300 1.5x, https:\/\/i0.wp.com\/azturismo.net\/wp-content\/uploads\/2025\/08\/IMG-20250825-WA0158.jpg?fit=768%2C488&ssl=1&resize=700%2C400 2x"},"classes":[]},{"id":3464,"url":"https:\/\/azturismo.net\/?p=3464","url_meta":{"origin":5906,"position":5},"title":"\ud83c\udf37Coatepec se llena de color con la Feria Internacional de la Orqu\u00eddea 2025","author":"Azturismo","date":"marzo 25, 2025","format":false,"excerpt":"Por Staff AzTurismo Del 11 al 20 de abril, el Pueblo M\u00e1gico de Coatepec, Veracruz, ser\u00e1 sede de la 15\u00aa Edici\u00f3n del Festival Internacional de la Orqu\u00eddea, el evento m\u00e1s grande de su tipo en M\u00e9xico. Participar\u00e1n 200 productores, investigadores, artesanos y cafeticultores, quienes exhibir\u00e1n m\u00e1s de 25 mil flores\u2026","rel":"","context":"En &quot;Destacadas&quot;","block_context":{"text":"Destacadas","link":"https:\/\/azturismo.net\/?cat=30"},"img":{"alt_text":"","src":"https:\/\/i0.wp.com\/azturismo.net\/wp-content\/uploads\/2025\/03\/PSX_20250325_173253.jpg?fit=600%2C347&ssl=1&resize=350%2C200","width":350,"height":200,"srcset":"https:\/\/i0.wp.com\/azturismo.net\/wp-content\/uploads\/2025\/03\/PSX_20250325_173253.jpg?fit=600%2C347&ssl=1&resize=350%2C200 1x, https:\/\/i0.wp.com\/azturismo.net\/wp-content\/uploads\/2025\/03\/PSX_20250325_173253.jpg?fit=600%2C347&ssl=1&resize=525%2C300 1.5x"},"classes":[]}],"jetpack_shortlink":"https:\/\/wp.me\/pfqZGx-1xg","amp_enabled":true,"_links":{"self":[{"href":"https:\/\/azturismo.net\/index.php?rest_route=\/wp\/v2\/posts\/5906","targetHints":{"allow":["GET"]}}],"collection":[{"href":"https:\/\/azturismo.net\/index.php?rest_route=\/wp\/v2\/posts"}],"about":[{"href":"https:\/\/azturismo.net\/index.php?rest_route=\/wp\/v2\/types\/post"}],"author":[{"embeddable":true,"href":"https:\/\/azturismo.net\/index.php?rest_route=\/wp\/v2\/users\/1"}],"replies":[{"embeddable":true,"href":"https:\/\/azturismo.net\/index.php?rest_route=%2Fwp%2Fv2%2Fcomments&post=5906"}],"version-history":[{"count":6,"href":"https:\/\/azturismo.net\/index.php?rest_route=\/wp\/v2\/posts\/5906\/revisions"}],"predecessor-version":[{"id":5919,"href":"https:\/\/azturismo.net\/index.php?rest_route=\/wp\/v2\/posts\/5906\/revisions\/5919"}],"wp:featuredmedia":[{"embeddable":true,"href":"https:\/\/azturismo.net\/index.php?rest_route=\/wp\/v2\/media\/5907"}],"wp:attachment":[{"href":"https:\/\/azturismo.net\/index.php?rest_route=%2Fwp%2Fv2%2Fmedia&parent=5906"}],"wp:term":[{"taxonomy":"category","embeddable":true,"href":"https:\/\/azturismo.net\/index.php?rest_route=%2Fwp%2Fv2%2Fcategories&post=5906"},{"taxonomy":"post_tag","embeddable":true,"href":"https:\/\/azturismo.net\/index.php?rest_route=%2Fwp%2Fv2%2Ftags&post=5906"}],"curies":[{"name":"wp","href":"https:\/\/api.w.org\/{rel}","templated":true}]}}