{"id":5898,"date":"2025-10-06T15:25:14","date_gmt":"2025-10-06T21:25:14","guid":{"rendered":"https:\/\/azturismo.net\/?p=5898"},"modified":"2025-10-06T15:25:16","modified_gmt":"2025-10-06T21:25:16","slug":"pueblos-magicos-de-mexico-cumplen-24-anos-sin-dejar-su-esencia","status":"publish","type":"post","link":"https:\/\/azturismo.net\/?p=5898","title":{"rendered":"Pueblos M\u00e1gicos de M\u00e9xico cumplen 24 a\u00f1os sin dejar su esencia"},"content":{"rendered":"\n<p><strong>Los Pueblos M\u00e1gicos de M\u00e9xico cumplen 24 a\u00f1os renovando su esencia. Bajo una estrategia nacional, estos destinos se consolidan como motores de desarrollo sostenible, dignificando comunidades y proyectando al pa\u00eds como un referente cultural y natural.<\/strong><\/p>\n\n\n\n<p>En el marco del <strong>D\u00eda Nacional de los Pueblos M\u00e1gicos<\/strong>, celebrado cada <strong>5 de octubre<\/strong>, la Secretar\u00eda de Turismo federal, encabezada por <strong>Josefina Rodr\u00edguez Zamora<\/strong>, present\u00f3 los avances de la <strong>Estrategia Nacional para su Fortalecimiento<\/strong>, un modelo tur\u00edstico basado en <strong>Prosperidad Compartida<\/strong> que busca transformar vidas y territorios.<\/p>\n\n\n<div class=\"wp-block-image\">\n<figure class=\"aligncenter size-full\"><img data-recalc-dims=\"1\" loading=\"lazy\" decoding=\"async\" width=\"684\" height=\"512\" data-attachment-id=\"5903\" data-permalink=\"https:\/\/azturismo.net\/?attachment_id=5903\" data-orig-file=\"https:\/\/i0.wp.com\/azturismo.net\/wp-content\/uploads\/2025\/10\/1000207675.jpg?fit=684%2C512&amp;ssl=1\" data-orig-size=\"684,512\" data-comments-opened=\"1\" data-image-meta=\"{&quot;aperture&quot;:&quot;0&quot;,&quot;credit&quot;:&quot;&quot;,&quot;camera&quot;:&quot;&quot;,&quot;caption&quot;:&quot;&quot;,&quot;created_timestamp&quot;:&quot;0&quot;,&quot;copyright&quot;:&quot;&quot;,&quot;focal_length&quot;:&quot;0&quot;,&quot;iso&quot;:&quot;0&quot;,&quot;shutter_speed&quot;:&quot;0&quot;,&quot;title&quot;:&quot;&quot;,&quot;orientation&quot;:&quot;1&quot;}\" data-image-title=\"1000207675\" data-image-description=\"\" data-image-caption=\"\" data-large-file=\"https:\/\/i0.wp.com\/azturismo.net\/wp-content\/uploads\/2025\/10\/1000207675.jpg?fit=684%2C512&amp;ssl=1\" src=\"https:\/\/i0.wp.com\/azturismo.net\/wp-content\/uploads\/2025\/10\/1000207675.jpg?resize=684%2C512&#038;ssl=1\" alt=\"\" class=\"wp-image-5903\" srcset=\"https:\/\/i0.wp.com\/azturismo.net\/wp-content\/uploads\/2025\/10\/1000207675.jpg?w=684&amp;ssl=1 684w, https:\/\/i0.wp.com\/azturismo.net\/wp-content\/uploads\/2025\/10\/1000207675.jpg?resize=300%2C225&amp;ssl=1 300w, https:\/\/i0.wp.com\/azturismo.net\/wp-content\/uploads\/2025\/10\/1000207675.jpg?resize=150%2C112&amp;ssl=1 150w\" sizes=\"auto, (max-width: 684px) 100vw, 684px\" \/><\/figure><\/div>\n\n\n<h3 class=\"wp-block-heading\">\ud83c\udf38 La Nueva Visi\u00f3n: Comunidades en el Centro<\/h3>\n\n\n\n<p>La secretaria Rodr\u00edguez destac\u00f3 que, tras m\u00e1s de dos d\u00e9cadas, el programa ha renovado su visi\u00f3n para reconocer a las <strong>comunidades rurales, hist\u00f3ricas y culturales<\/strong> como la base fundamental del patrimonio tur\u00edstico de M\u00e9xico.<br><em>\u201cLos Pueblos M\u00e1gicos son motor de desarrollo y generadores de Prosperidad Compartida\u201d<\/em>, afirm\u00f3.<\/p>\n\n\n\n<h3 class=\"wp-block-heading\">\ud83d\udccc Riqueza Cultural y Natural en Cifras<\/h3>\n\n\n\n<p>Estos destinos no solo son paisajes impresionantes, sino guardianes de la identidad nacional. Entre sus tesoros destacan:<\/p>\n\n\n\n<ul class=\"wp-block-list\">\n<li><strong>18 sitios Patrimonio Mundial de la UNESCO<\/strong>.<\/li>\n\n\n\n<li><strong>19 zonas arqueol\u00f3gicas<\/strong>.<\/li>\n\n\n\n<li><strong>50 \u00c1reas Naturales Protegidas<\/strong>.<\/li>\n\n\n\n<li><strong>M\u00e1s de 1.1 millones de personas ind\u00edgenas<\/strong> que preservan sus lenguas y tradiciones.<\/li>\n<\/ul>\n\n\n\n<h3 class=\"wp-block-heading\">\ud83d\ude80 5 Ejes para el Futuro Sostenible<\/h3>\n\n\n\n<p>Para consolidar a los Pueblos M\u00e1gicos como destinos de clase mundial, la <strong>Sectur<\/strong> impulsa acciones estrat\u00e9gicas:<\/p>\n\n\n\n<ol class=\"wp-block-list\">\n<li><strong>Planeaci\u00f3n y Desarrollo Tur\u00edstico Sostenible<\/strong>: Crecimiento ordenado con participaci\u00f3n comunitaria.<\/li>\n\n\n\n<li><strong>Inversi\u00f3n e Infraestructura<\/strong>: Mejora de servicios y accesibilidad.<\/li>\n\n\n\n<li><strong>Capacitaci\u00f3n y Profesionalizaci\u00f3n<\/strong>: Formaci\u00f3n de talento local para una atenci\u00f3n de calidad.<\/li>\n\n\n\n<li><strong>Promoci\u00f3n Integral<\/strong>: Difusi\u00f3n innovadora en plataformas nacionales e internacionales.<\/li>\n\n\n\n<li><strong>Comercializaci\u00f3n y Digitalizaci\u00f3n<\/strong>: Oportunidades de mercado y competitividad global.<\/li>\n<\/ol>\n\n\n\n<h3 class=\"wp-block-heading\">\u2764\ufe0f Un Legado que Transforma<\/h3>\n\n\n\n<p>Hoy, M\u00e9xico cuenta con <strong>177 Pueblos M\u00e1gicos<\/strong> que albergan a m\u00e1s de <strong>10.7 millones de personas<\/strong>. Estos espacios, seg\u00fan Rodr\u00edguez, <em>\u201crepresentan la esencia de nuestra gente, su hospitalidad, sus sabores y sus colores\u201d<\/em>.<\/p>\n\n\n\n<p><br><\/p>\n","protected":false},"excerpt":{"rendered":"<p>Los Pueblos M\u00e1gicos de M\u00e9xico cumplen 24 a\u00f1os renovando su esencia. Bajo una estrategia nacional, estos destinos se consolidan como motores de desarrollo sostenible, dignificando comunidades y proyectando al pa\u00eds como un referente cultural y natural. En el marco del D\u00eda Nacional de los Pueblos M\u00e1gicos, celebrado cada 5 de octubre, la Secretar\u00eda de Turismo [&hellip;]<\/p>\n","protected":false},"author":1,"featured_media":5899,"comment_status":"open","ping_status":"open","sticky":false,"template":"","format":"standard","meta":{"jetpack_post_was_ever_published":false,"_jetpack_newsletter_access":"","_jetpack_dont_email_post_to_subs":false,"_jetpack_newsletter_tier_id":0,"_jetpack_memberships_contains_paywalled_content":false,"_jetpack_memberships_contains_paid_content":false,"footnotes":"","jetpack_publicize_message":"","jetpack_publicize_feature_enabled":true,"jetpack_social_post_already_shared":true,"jetpack_social_options":{"image_generator_settings":{"template":"highway","default_image_id":0,"font":"","enabled":false},"version":2}},"categories":[30,25],"tags":[2649,99,313,116,2650],"class_list":{"0":"post-5898","1":"post","2":"type-post","3":"status-publish","4":"format-standard","5":"has-post-thumbnail","7":"category-e","8":"category-notitar","9":"tag-24-aniversario-de-los-puenlos-magicos","10":"tag-azturismo","11":"tag-josefina-rodriguez-zamora","12":"tag-sectur","13":"tag-viajes-a-pueblos-magicos"},"yoast_head":"<!-- This site is optimized with the Yoast SEO plugin v27.5 - https:\/\/yoast.com\/product\/yoast-seo-wordpress\/ -->\n<title>Pueblos M\u00e1gicos de M\u00e9xico cumplen 24 a\u00f1os sin dejar su esencia - Azturismo Noticias<\/title>\n<meta name=\"description\" content=\"Descubre c\u00f3mo los Pueblos M\u00e1gicos de M\u00e9xico renuevan su modelo tur\u00edstico con 5 ejes estrat\u00e9gicos para impulsar desarrollo sostenible, cultura y prosperidad compartida.\" \/>\n<meta name=\"robots\" content=\"index, follow, max-snippet:-1, max-image-preview:large, max-video-preview:-1\" \/>\n<link rel=\"canonical\" href=\"https:\/\/azturismo.net\/?p=5898\" \/>\n<meta property=\"og:locale\" content=\"es_MX\" \/>\n<meta property=\"og:type\" content=\"article\" \/>\n<meta property=\"og:title\" content=\"Pueblos M\u00e1gicos de M\u00e9xico cumplen 24 a\u00f1os sin dejar su esencia - Azturismo Noticias\" \/>\n<meta property=\"og:description\" content=\"Descubre c\u00f3mo los Pueblos M\u00e1gicos de M\u00e9xico renuevan su modelo tur\u00edstico con 5 ejes estrat\u00e9gicos para impulsar desarrollo sostenible, cultura y prosperidad compartida.\" \/>\n<meta property=\"og:url\" content=\"https:\/\/azturismo.net\/?p=5898\" \/>\n<meta property=\"og:site_name\" content=\"Azturismo Noticias\" \/>\n<meta property=\"article:publisher\" content=\"https:\/\/www.facebook.com\/AzturismoNoticias\" \/>\n<meta property=\"article:published_time\" content=\"2025-10-06T21:25:14+00:00\" \/>\n<meta property=\"article:modified_time\" content=\"2025-10-06T21:25:16+00:00\" \/>\n<meta property=\"og:image\" content=\"https:\/\/azturismo.net\/wp-content\/uploads\/2025\/10\/MDPM_CAMP_PALIZADA_AM-md-ok-scaled-1.jpg\" \/>\n\t<meta property=\"og:image:width\" content=\"1024\" \/>\n\t<meta property=\"og:image:height\" content=\"682\" \/>\n\t<meta property=\"og:image:type\" content=\"image\/jpeg\" \/>\n<meta name=\"author\" content=\"Azturismo\" \/>\n<meta name=\"twitter:card\" content=\"summary_large_image\" \/>\n<meta name=\"twitter:creator\" content=\"@AzTurismo\" \/>\n<meta name=\"twitter:site\" content=\"@AzTurismo\" \/>\n<meta name=\"twitter:label1\" content=\"Escrito por\" \/>\n\t<meta name=\"twitter:data1\" content=\"Azturismo\" \/>\n\t<meta name=\"twitter:label2\" content=\"Tiempo de lectura\" \/>\n\t<meta name=\"twitter:data2\" content=\"2 minutos\" \/>\n<script type=\"application\/ld+json\" class=\"yoast-schema-graph\">{\"@context\":\"https:\\\/\\\/schema.org\",\"@graph\":[{\"@type\":\"Article\",\"@id\":\"https:\\\/\\\/azturismo.net\\\/?p=5898#article\",\"isPartOf\":{\"@id\":\"https:\\\/\\\/azturismo.net\\\/?p=5898\"},\"author\":{\"name\":\"Azturismo\",\"@id\":\"https:\\\/\\\/azturismo.net\\\/#\\\/schema\\\/person\\\/4b56d87f51c4d1b518c650739ad3bbc1\"},\"headline\":\"Pueblos M\u00e1gicos de M\u00e9xico cumplen 24 a\u00f1os sin dejar su esencia\",\"datePublished\":\"2025-10-06T21:25:14+00:00\",\"dateModified\":\"2025-10-06T21:25:16+00:00\",\"mainEntityOfPage\":{\"@id\":\"https:\\\/\\\/azturismo.net\\\/?p=5898\"},\"wordCount\":339,\"commentCount\":0,\"publisher\":{\"@id\":\"https:\\\/\\\/azturismo.net\\\/#organization\"},\"image\":{\"@id\":\"https:\\\/\\\/azturismo.net\\\/?p=5898#primaryimage\"},\"thumbnailUrl\":\"https:\\\/\\\/i0.wp.com\\\/azturismo.net\\\/wp-content\\\/uploads\\\/2025\\\/10\\\/MDPM_CAMP_PALIZADA_AM-md-ok-scaled-1.jpg?fit=1024%2C682&ssl=1\",\"keywords\":[\"24 aniversario de los puenlos m\u00e1gicos\",\"azturismo\",\"Josefina Rodr\u00edguez Zamora\",\"Sectur\",\"Viajes a pueblos m\u00e1gicos\"],\"articleSection\":[\"Destacadas\",\"NOTITUR\"],\"inLanguage\":\"es\",\"potentialAction\":[{\"@type\":\"CommentAction\",\"name\":\"Comment\",\"target\":[\"https:\\\/\\\/azturismo.net\\\/?p=5898#respond\"]}]},{\"@type\":\"WebPage\",\"@id\":\"https:\\\/\\\/azturismo.net\\\/?p=5898\",\"url\":\"https:\\\/\\\/azturismo.net\\\/?p=5898\",\"name\":\"Pueblos M\u00e1gicos de M\u00e9xico cumplen 24 a\u00f1os sin dejar su esencia - Azturismo Noticias\",\"isPartOf\":{\"@id\":\"https:\\\/\\\/azturismo.net\\\/#website\"},\"primaryImageOfPage\":{\"@id\":\"https:\\\/\\\/azturismo.net\\\/?p=5898#primaryimage\"},\"image\":{\"@id\":\"https:\\\/\\\/azturismo.net\\\/?p=5898#primaryimage\"},\"thumbnailUrl\":\"https:\\\/\\\/i0.wp.com\\\/azturismo.net\\\/wp-content\\\/uploads\\\/2025\\\/10\\\/MDPM_CAMP_PALIZADA_AM-md-ok-scaled-1.jpg?fit=1024%2C682&ssl=1\",\"datePublished\":\"2025-10-06T21:25:14+00:00\",\"dateModified\":\"2025-10-06T21:25:16+00:00\",\"description\":\"Descubre c\u00f3mo los Pueblos M\u00e1gicos de M\u00e9xico renuevan su modelo tur\u00edstico con 5 ejes estrat\u00e9gicos para impulsar desarrollo sostenible, cultura y prosperidad compartida.\",\"breadcrumb\":{\"@id\":\"https:\\\/\\\/azturismo.net\\\/?p=5898#breadcrumb\"},\"inLanguage\":\"es\",\"potentialAction\":[{\"@type\":\"ReadAction\",\"target\":[\"https:\\\/\\\/azturismo.net\\\/?p=5898\"]}]},{\"@type\":\"ImageObject\",\"inLanguage\":\"es\",\"@id\":\"https:\\\/\\\/azturismo.net\\\/?p=5898#primaryimage\",\"url\":\"https:\\\/\\\/i0.wp.com\\\/azturismo.net\\\/wp-content\\\/uploads\\\/2025\\\/10\\\/MDPM_CAMP_PALIZADA_AM-md-ok-scaled-1.jpg?fit=1024%2C682&ssl=1\",\"contentUrl\":\"https:\\\/\\\/i0.wp.com\\\/azturismo.net\\\/wp-content\\\/uploads\\\/2025\\\/10\\\/MDPM_CAMP_PALIZADA_AM-md-ok-scaled-1.jpg?fit=1024%2C682&ssl=1\",\"width\":1024,\"height\":682},{\"@type\":\"BreadcrumbList\",\"@id\":\"https:\\\/\\\/azturismo.net\\\/?p=5898#breadcrumb\",\"itemListElement\":[{\"@type\":\"ListItem\",\"position\":1,\"name\":\"Home\",\"item\":\"https:\\\/\\\/azturismo.net\\\/\"},{\"@type\":\"ListItem\",\"position\":2,\"name\":\"Pueblos M\u00e1gicos de M\u00e9xico cumplen 24 a\u00f1os sin dejar su esencia\"}]},{\"@type\":\"WebSite\",\"@id\":\"https:\\\/\\\/azturismo.net\\\/#website\",\"url\":\"https:\\\/\\\/azturismo.net\\\/\",\"name\":\"Azturismo\",\"description\":\"Azturismo Noticias\",\"publisher\":{\"@id\":\"https:\\\/\\\/azturismo.net\\\/#organization\"},\"potentialAction\":[{\"@type\":\"SearchAction\",\"target\":{\"@type\":\"EntryPoint\",\"urlTemplate\":\"https:\\\/\\\/azturismo.net\\\/?s={search_term_string}\"},\"query-input\":{\"@type\":\"PropertyValueSpecification\",\"valueRequired\":true,\"valueName\":\"search_term_string\"}}],\"inLanguage\":\"es\"},{\"@type\":\"Organization\",\"@id\":\"https:\\\/\\\/azturismo.net\\\/#organization\",\"name\":\"Azturismo\",\"url\":\"https:\\\/\\\/azturismo.net\\\/\",\"logo\":{\"@type\":\"ImageObject\",\"inLanguage\":\"es\",\"@id\":\"https:\\\/\\\/azturismo.net\\\/#\\\/schema\\\/logo\\\/image\\\/\",\"url\":\"https:\\\/\\\/i0.wp.com\\\/azturismo.net\\\/wp-content\\\/uploads\\\/2024\\\/03\\\/logo-el-bueno-.png?fit=294%2C69&ssl=1\",\"contentUrl\":\"https:\\\/\\\/i0.wp.com\\\/azturismo.net\\\/wp-content\\\/uploads\\\/2024\\\/03\\\/logo-el-bueno-.png?fit=294%2C69&ssl=1\",\"width\":294,\"height\":69,\"caption\":\"Azturismo\"},\"image\":{\"@id\":\"https:\\\/\\\/azturismo.net\\\/#\\\/schema\\\/logo\\\/image\\\/\"},\"sameAs\":[\"https:\\\/\\\/www.facebook.com\\\/AzturismoNoticias\",\"https:\\\/\\\/x.com\\\/AzTurismo\",\"https:\\\/\\\/www.instagram.com\\\/azturismo_noticias\\\/?fbclid=IwAR2xMiuoHbs6eLeIHKP8P5sSGa-xFrw7FfejscXO7kDghWa7wKLjGczKOwE\",\"https:\\\/\\\/www.tiktok.com\\\/@azturismo\"]},{\"@type\":\"Person\",\"@id\":\"https:\\\/\\\/azturismo.net\\\/#\\\/schema\\\/person\\\/4b56d87f51c4d1b518c650739ad3bbc1\",\"name\":\"Azturismo\",\"image\":{\"@type\":\"ImageObject\",\"inLanguage\":\"es\",\"@id\":\"https:\\\/\\\/azturismo.net\\\/wp-content\\\/litespeed\\\/avatar\\\/dfe28a31cdd68b788da48a316e50db10.jpg?ver=1777707566\",\"url\":\"https:\\\/\\\/azturismo.net\\\/wp-content\\\/litespeed\\\/avatar\\\/dfe28a31cdd68b788da48a316e50db10.jpg?ver=1777707566\",\"contentUrl\":\"https:\\\/\\\/azturismo.net\\\/wp-content\\\/litespeed\\\/avatar\\\/dfe28a31cdd68b788da48a316e50db10.jpg?ver=1777707566\",\"caption\":\"Azturismo\"},\"sameAs\":[\"https:\\\/\\\/azturismo.net\"],\"url\":\"https:\\\/\\\/azturismo.net\\\/?author=1\"}]}<\/script>\n<!-- \/ Yoast SEO plugin. -->","yoast_head_json":{"title":"Pueblos M\u00e1gicos de M\u00e9xico cumplen 24 a\u00f1os sin dejar su esencia - Azturismo Noticias","description":"Descubre c\u00f3mo los Pueblos M\u00e1gicos de M\u00e9xico renuevan su modelo tur\u00edstico con 5 ejes estrat\u00e9gicos para impulsar desarrollo sostenible, cultura y prosperidad compartida.","robots":{"index":"index","follow":"follow","max-snippet":"max-snippet:-1","max-image-preview":"max-image-preview:large","max-video-preview":"max-video-preview:-1"},"canonical":"https:\/\/azturismo.net\/?p=5898","og_locale":"es_MX","og_type":"article","og_title":"Pueblos M\u00e1gicos de M\u00e9xico cumplen 24 a\u00f1os sin dejar su esencia - Azturismo Noticias","og_description":"Descubre c\u00f3mo los Pueblos M\u00e1gicos de M\u00e9xico renuevan su modelo tur\u00edstico con 5 ejes estrat\u00e9gicos para impulsar desarrollo sostenible, cultura y prosperidad compartida.","og_url":"https:\/\/azturismo.net\/?p=5898","og_site_name":"Azturismo Noticias","article_publisher":"https:\/\/www.facebook.com\/AzturismoNoticias","article_published_time":"2025-10-06T21:25:14+00:00","article_modified_time":"2025-10-06T21:25:16+00:00","og_image":[{"width":1024,"height":682,"url":"https:\/\/azturismo.net\/wp-content\/uploads\/2025\/10\/MDPM_CAMP_PALIZADA_AM-md-ok-scaled-1.jpg","type":"image\/jpeg"}],"author":"Azturismo","twitter_card":"summary_large_image","twitter_creator":"@AzTurismo","twitter_site":"@AzTurismo","twitter_misc":{"Escrito por":"Azturismo","Tiempo de lectura":"2 minutos"},"schema":{"@context":"https:\/\/schema.org","@graph":[{"@type":"Article","@id":"https:\/\/azturismo.net\/?p=5898#article","isPartOf":{"@id":"https:\/\/azturismo.net\/?p=5898"},"author":{"name":"Azturismo","@id":"https:\/\/azturismo.net\/#\/schema\/person\/4b56d87f51c4d1b518c650739ad3bbc1"},"headline":"Pueblos M\u00e1gicos de M\u00e9xico cumplen 24 a\u00f1os sin dejar su esencia","datePublished":"2025-10-06T21:25:14+00:00","dateModified":"2025-10-06T21:25:16+00:00","mainEntityOfPage":{"@id":"https:\/\/azturismo.net\/?p=5898"},"wordCount":339,"commentCount":0,"publisher":{"@id":"https:\/\/azturismo.net\/#organization"},"image":{"@id":"https:\/\/azturismo.net\/?p=5898#primaryimage"},"thumbnailUrl":"https:\/\/i0.wp.com\/azturismo.net\/wp-content\/uploads\/2025\/10\/MDPM_CAMP_PALIZADA_AM-md-ok-scaled-1.jpg?fit=1024%2C682&ssl=1","keywords":["24 aniversario de los puenlos m\u00e1gicos","azturismo","Josefina Rodr\u00edguez Zamora","Sectur","Viajes a pueblos m\u00e1gicos"],"articleSection":["Destacadas","NOTITUR"],"inLanguage":"es","potentialAction":[{"@type":"CommentAction","name":"Comment","target":["https:\/\/azturismo.net\/?p=5898#respond"]}]},{"@type":"WebPage","@id":"https:\/\/azturismo.net\/?p=5898","url":"https:\/\/azturismo.net\/?p=5898","name":"Pueblos M\u00e1gicos de M\u00e9xico cumplen 24 a\u00f1os sin dejar su esencia - Azturismo Noticias","isPartOf":{"@id":"https:\/\/azturismo.net\/#website"},"primaryImageOfPage":{"@id":"https:\/\/azturismo.net\/?p=5898#primaryimage"},"image":{"@id":"https:\/\/azturismo.net\/?p=5898#primaryimage"},"thumbnailUrl":"https:\/\/i0.wp.com\/azturismo.net\/wp-content\/uploads\/2025\/10\/MDPM_CAMP_PALIZADA_AM-md-ok-scaled-1.jpg?fit=1024%2C682&ssl=1","datePublished":"2025-10-06T21:25:14+00:00","dateModified":"2025-10-06T21:25:16+00:00","description":"Descubre c\u00f3mo los Pueblos M\u00e1gicos de M\u00e9xico renuevan su modelo tur\u00edstico con 5 ejes estrat\u00e9gicos para impulsar desarrollo sostenible, cultura y prosperidad compartida.","breadcrumb":{"@id":"https:\/\/azturismo.net\/?p=5898#breadcrumb"},"inLanguage":"es","potentialAction":[{"@type":"ReadAction","target":["https:\/\/azturismo.net\/?p=5898"]}]},{"@type":"ImageObject","inLanguage":"es","@id":"https:\/\/azturismo.net\/?p=5898#primaryimage","url":"https:\/\/i0.wp.com\/azturismo.net\/wp-content\/uploads\/2025\/10\/MDPM_CAMP_PALIZADA_AM-md-ok-scaled-1.jpg?fit=1024%2C682&ssl=1","contentUrl":"https:\/\/i0.wp.com\/azturismo.net\/wp-content\/uploads\/2025\/10\/MDPM_CAMP_PALIZADA_AM-md-ok-scaled-1.jpg?fit=1024%2C682&ssl=1","width":1024,"height":682},{"@type":"BreadcrumbList","@id":"https:\/\/azturismo.net\/?p=5898#breadcrumb","itemListElement":[{"@type":"ListItem","position":1,"name":"Home","item":"https:\/\/azturismo.net\/"},{"@type":"ListItem","position":2,"name":"Pueblos M\u00e1gicos de M\u00e9xico cumplen 24 a\u00f1os sin dejar su esencia"}]},{"@type":"WebSite","@id":"https:\/\/azturismo.net\/#website","url":"https:\/\/azturismo.net\/","name":"Azturismo","description":"Azturismo Noticias","publisher":{"@id":"https:\/\/azturismo.net\/#organization"},"potentialAction":[{"@type":"SearchAction","target":{"@type":"EntryPoint","urlTemplate":"https:\/\/azturismo.net\/?s={search_term_string}"},"query-input":{"@type":"PropertyValueSpecification","valueRequired":true,"valueName":"search_term_string"}}],"inLanguage":"es"},{"@type":"Organization","@id":"https:\/\/azturismo.net\/#organization","name":"Azturismo","url":"https:\/\/azturismo.net\/","logo":{"@type":"ImageObject","inLanguage":"es","@id":"https:\/\/azturismo.net\/#\/schema\/logo\/image\/","url":"https:\/\/i0.wp.com\/azturismo.net\/wp-content\/uploads\/2024\/03\/logo-el-bueno-.png?fit=294%2C69&ssl=1","contentUrl":"https:\/\/i0.wp.com\/azturismo.net\/wp-content\/uploads\/2024\/03\/logo-el-bueno-.png?fit=294%2C69&ssl=1","width":294,"height":69,"caption":"Azturismo"},"image":{"@id":"https:\/\/azturismo.net\/#\/schema\/logo\/image\/"},"sameAs":["https:\/\/www.facebook.com\/AzturismoNoticias","https:\/\/x.com\/AzTurismo","https:\/\/www.instagram.com\/azturismo_noticias\/?fbclid=IwAR2xMiuoHbs6eLeIHKP8P5sSGa-xFrw7FfejscXO7kDghWa7wKLjGczKOwE","https:\/\/www.tiktok.com\/@azturismo"]},{"@type":"Person","@id":"https:\/\/azturismo.net\/#\/schema\/person\/4b56d87f51c4d1b518c650739ad3bbc1","name":"Azturismo","image":{"@type":"ImageObject","inLanguage":"es","@id":"https:\/\/azturismo.net\/wp-content\/litespeed\/avatar\/dfe28a31cdd68b788da48a316e50db10.jpg?ver=1777707566","url":"https:\/\/azturismo.net\/wp-content\/litespeed\/avatar\/dfe28a31cdd68b788da48a316e50db10.jpg?ver=1777707566","contentUrl":"https:\/\/azturismo.net\/wp-content\/litespeed\/avatar\/dfe28a31cdd68b788da48a316e50db10.jpg?ver=1777707566","caption":"Azturismo"},"sameAs":["https:\/\/azturismo.net"],"url":"https:\/\/azturismo.net\/?author=1"}]}},"jetpack_publicize_connections":[],"jetpack_featured_media_url":"https:\/\/i0.wp.com\/azturismo.net\/wp-content\/uploads\/2025\/10\/MDPM_CAMP_PALIZADA_AM-md-ok-scaled-1.jpg?fit=1024%2C682&ssl=1","jetpack_sharing_enabled":true,"jetpack-related-posts":[{"id":6291,"url":"https:\/\/azturismo.net\/?p=6291","url_meta":{"origin":5898,"position":0},"title":"Josefina Rodr\u00edguez invita a redescubrir la magia de los 177 Pueblos M\u00e1gicos","author":"Azturismo","date":"noviembre 6, 2025","format":false,"excerpt":"Por Oscar V\u00e1zquez C. Real del Monte y Pachuca se preparan para convertirse en el coraz\u00f3n tur\u00edstico de M\u00e9xico del 13 al 16 de noviembre de 2025, durante la celebraci\u00f3n del S\u00e9ptimo Tianguis Nacional de Pueblos M\u00e1gicos, un encuentro cultural, gastron\u00f3mico y artesanal que, por primera vez, tendr\u00e1 su inauguraci\u00f3n\u2026","rel":"","context":"En &quot;Destacadas&quot;","block_context":{"text":"Destacadas","link":"https:\/\/azturismo.net\/?cat=30"},"img":{"alt_text":"","src":"https:\/\/i0.wp.com\/azturismo.net\/wp-content\/uploads\/2025\/11\/Sectur-TianguisPueblosMagicos2025.jpg?fit=600%2C400&ssl=1&resize=350%2C200","width":350,"height":200,"srcset":"https:\/\/i0.wp.com\/azturismo.net\/wp-content\/uploads\/2025\/11\/Sectur-TianguisPueblosMagicos2025.jpg?fit=600%2C400&ssl=1&resize=350%2C200 1x, https:\/\/i0.wp.com\/azturismo.net\/wp-content\/uploads\/2025\/11\/Sectur-TianguisPueblosMagicos2025.jpg?fit=600%2C400&ssl=1&resize=525%2C300 1.5x"},"classes":[]},{"id":6312,"url":"https:\/\/azturismo.net\/?p=6312","url_meta":{"origin":5898,"position":1},"title":"Sectur impulsa la profesionalizaci\u00f3n de los Pueblos M\u00e1gicos","author":"Azturismo","date":"noviembre 9, 2025","format":false,"excerpt":"Por Staff AzTurismo La Secretar\u00eda de Turismo del Gobierno de M\u00e9xico (Sectur) concluy\u00f3 con \u00e9xito el Diplomado en Innovaci\u00f3n Tur\u00edstica, un programa de capacitaci\u00f3n de seis meses dise\u00f1ado para fortalecer las capacidades de las y los directores de Turismo de los 177 Pueblos M\u00e1gicos del pa\u00eds, as\u00ed como de representantes\u2026","rel":"","context":"En &quot;NOTITUR&quot;","block_context":{"text":"NOTITUR","link":"https:\/\/azturismo.net\/?cat=25"},"img":{"alt_text":"","src":"https:\/\/i0.wp.com\/azturismo.net\/wp-content\/uploads\/2025\/11\/PueblosMagicos-Artesana.jpeg?fit=600%2C399&ssl=1&resize=350%2C200","width":350,"height":200,"srcset":"https:\/\/i0.wp.com\/azturismo.net\/wp-content\/uploads\/2025\/11\/PueblosMagicos-Artesana.jpeg?fit=600%2C399&ssl=1&resize=350%2C200 1x, https:\/\/i0.wp.com\/azturismo.net\/wp-content\/uploads\/2025\/11\/PueblosMagicos-Artesana.jpeg?fit=600%2C399&ssl=1&resize=525%2C300 1.5x"},"classes":[]},{"id":3271,"url":"https:\/\/azturismo.net\/?p=3271","url_meta":{"origin":5898,"position":2},"title":"Sectur M\u00e9xico y gobierno de Puebla fortalecen el turismo en el estado","author":"Azturismo","date":"marzo 6, 2025","format":false,"excerpt":"Por Staff AzTurismo La Secretar\u00eda de Turismo del Gobierno de M\u00e9xico (Sectur), encabezada por Josefina Rodr\u00edguez Zamora, y el Gobierno de Puebla, a trav\u00e9s de la Secretar\u00eda de Desarrollo Tur\u00edstico del estado, representada por Yadira Lira Navarro, firmaron un Convenio General de Colaboraci\u00f3n en el Pueblo M\u00e1gico Cuetzalan, con la\u2026","rel":"","context":"En &quot;NOTITUR&quot;","block_context":{"text":"NOTITUR","link":"https:\/\/azturismo.net\/?cat=25"},"img":{"alt_text":"","src":"https:\/\/i0.wp.com\/azturismo.net\/wp-content\/uploads\/2025\/03\/Sectur-Puebla-convenio1.jpg?fit=600%2C399&ssl=1&resize=350%2C200","width":350,"height":200,"srcset":"https:\/\/i0.wp.com\/azturismo.net\/wp-content\/uploads\/2025\/03\/Sectur-Puebla-convenio1.jpg?fit=600%2C399&ssl=1&resize=350%2C200 1x, https:\/\/i0.wp.com\/azturismo.net\/wp-content\/uploads\/2025\/03\/Sectur-Puebla-convenio1.jpg?fit=600%2C399&ssl=1&resize=525%2C300 1.5x"},"classes":[]},{"id":3158,"url":"https:\/\/azturismo.net\/?p=3158","url_meta":{"origin":5898,"position":3},"title":"M\u00e9xico ser\u00e1 sede de la feria tur\u00edstica ITB de las Am\u00e9ricas: Rodr\u00edguez Zamora","author":"Azturismo","date":"febrero 26, 2025","format":false,"excerpt":"Por Staff AzTurismo La secretar\u00eda de Turismo de M\u00e9xico (Sectur), Josefina Rodr\u00edguez Zamora, anunci\u00f3 que el pa\u00eds ser\u00e1 la sede de la feria International Tourism Berlin (ITB) Las Am\u00e9ricas durante tres a\u00f1os, a partir de noviembre de 2026. Este importante evento posicionar\u00e1 a M\u00e9xico como un referente del turismo en\u2026","rel":"","context":"En &quot;Destacadas&quot;","block_context":{"text":"Destacadas","link":"https:\/\/azturismo.net\/?cat=30"},"img":{"alt_text":"","src":"https:\/\/i0.wp.com\/azturismo.net\/wp-content\/uploads\/2025\/02\/PSX_20250225_230858.jpg?fit=600%2C400&ssl=1&resize=350%2C200","width":350,"height":200,"srcset":"https:\/\/i0.wp.com\/azturismo.net\/wp-content\/uploads\/2025\/02\/PSX_20250225_230858.jpg?fit=600%2C400&ssl=1&resize=350%2C200 1x, https:\/\/i0.wp.com\/azturismo.net\/wp-content\/uploads\/2025\/02\/PSX_20250225_230858.jpg?fit=600%2C400&ssl=1&resize=525%2C300 1.5x"},"classes":[]},{"id":3002,"url":"https:\/\/azturismo.net\/?p=3002","url_meta":{"origin":5898,"position":4},"title":"El Tianguis Tur\u00edstico 2025 ser\u00e1 binacional, M\u00e9xico-EU: Sectur","author":"Azturismo","date":"febrero 12, 2025","format":false,"excerpt":"Por Staff AzTurismo La secretaria de Turismo de M\u00e9xico, Josefina Rodr\u00edguez Zamora, anunci\u00f3 que la 49\u00aa edici\u00f3n del Tianguis Tur\u00edstico 2025 que se celebrar\u00e1 en Baja California, por primera vez, tendr\u00e1 un formato binacional. Este evento ser\u00e1 una plataforma \u00fanica donde la rica cultura, gastronom\u00eda, artesan\u00eda y turismo de M\u00e9xico\u2026","rel":"","context":"En &quot;Destacadas&quot;","block_context":{"text":"Destacadas","link":"https:\/\/azturismo.net\/?cat=30"},"img":{"alt_text":"","src":"https:\/\/i0.wp.com\/azturismo.net\/wp-content\/uploads\/2025\/02\/Sectur-Senado.jpg?fit=600%2C400&ssl=1&resize=350%2C200","width":350,"height":200,"srcset":"https:\/\/i0.wp.com\/azturismo.net\/wp-content\/uploads\/2025\/02\/Sectur-Senado.jpg?fit=600%2C400&ssl=1&resize=350%2C200 1x, https:\/\/i0.wp.com\/azturismo.net\/wp-content\/uploads\/2025\/02\/Sectur-Senado.jpg?fit=600%2C400&ssl=1&resize=525%2C300 1.5x"},"classes":[]},{"id":6434,"url":"https:\/\/azturismo.net\/?p=6434","url_meta":{"origin":5898,"position":5},"title":"Arranca en Hidalgo, el Tianguis Nacional de Pueblos M\u00e1gicos 2025","author":"Azturismo","date":"noviembre 14, 2025","format":false,"excerpt":"Por Oscar V\u00e1zquez C. Hidalgo se convirti\u00f3 hoy en el coraz\u00f3n del turismo nacional con el arranque oficial del Tianguis Nacional de Pueblos M\u00e1gicos 2025, un encuentro hist\u00f3rico que re\u00fane \u2014como nunca antes\u2014 a los 32 estados de la Rep\u00fablica y a las 177 localidades que dan vida a este\u2026","rel":"","context":"En &quot;Destacadas&quot;","block_context":{"text":"Destacadas","link":"https:\/\/azturismo.net\/?cat=30"},"img":{"alt_text":"","src":"https:\/\/i0.wp.com\/azturismo.net\/wp-content\/uploads\/2025\/11\/Sectur-TianguisPueblosMagicos2025-.jpg?fit=600%2C400&ssl=1&resize=350%2C200","width":350,"height":200,"srcset":"https:\/\/i0.wp.com\/azturismo.net\/wp-content\/uploads\/2025\/11\/Sectur-TianguisPueblosMagicos2025-.jpg?fit=600%2C400&ssl=1&resize=350%2C200 1x, https:\/\/i0.wp.com\/azturismo.net\/wp-content\/uploads\/2025\/11\/Sectur-TianguisPueblosMagicos2025-.jpg?fit=600%2C400&ssl=1&resize=525%2C300 1.5x"},"classes":[]}],"jetpack_shortlink":"https:\/\/wp.me\/pfqZGx-1x8","amp_enabled":true,"_links":{"self":[{"href":"https:\/\/azturismo.net\/index.php?rest_route=\/wp\/v2\/posts\/5898","targetHints":{"allow":["GET"]}}],"collection":[{"href":"https:\/\/azturismo.net\/index.php?rest_route=\/wp\/v2\/posts"}],"about":[{"href":"https:\/\/azturismo.net\/index.php?rest_route=\/wp\/v2\/types\/post"}],"author":[{"embeddable":true,"href":"https:\/\/azturismo.net\/index.php?rest_route=\/wp\/v2\/users\/1"}],"replies":[{"embeddable":true,"href":"https:\/\/azturismo.net\/index.php?rest_route=%2Fwp%2Fv2%2Fcomments&post=5898"}],"version-history":[{"count":4,"href":"https:\/\/azturismo.net\/index.php?rest_route=\/wp\/v2\/posts\/5898\/revisions"}],"predecessor-version":[{"id":5904,"href":"https:\/\/azturismo.net\/index.php?rest_route=\/wp\/v2\/posts\/5898\/revisions\/5904"}],"wp:featuredmedia":[{"embeddable":true,"href":"https:\/\/azturismo.net\/index.php?rest_route=\/wp\/v2\/media\/5899"}],"wp:attachment":[{"href":"https:\/\/azturismo.net\/index.php?rest_route=%2Fwp%2Fv2%2Fmedia&parent=5898"}],"wp:term":[{"taxonomy":"category","embeddable":true,"href":"https:\/\/azturismo.net\/index.php?rest_route=%2Fwp%2Fv2%2Fcategories&post=5898"},{"taxonomy":"post_tag","embeddable":true,"href":"https:\/\/azturismo.net\/index.php?rest_route=%2Fwp%2Fv2%2Ftags&post=5898"}],"curies":[{"name":"wp","href":"https:\/\/api.w.org\/{rel}","templated":true}]}}