{"id":5863,"date":"2025-10-02T20:27:24","date_gmt":"2025-10-03T02:27:24","guid":{"rendered":"https:\/\/azturismo.net\/?p=5863"},"modified":"2025-10-02T20:27:27","modified_gmt":"2025-10-03T02:27:27","slug":"tepozotlan-te-espera-para-gozar-gratuitamente-el-festival-de-musica-antigua","status":"publish","type":"post","link":"https:\/\/azturismo.net\/?p=5863","title":{"rendered":"Tepozotl\u00e1n te espera para gozar gratuitamente el Festival de M\u00fasica Antigua"},"content":{"rendered":"\n<p>Por Claudia Carrera<\/p>\n\n\n\n<p><strong>\u00bfListo para una escapada cultural que te transporte en el tiempo? El Museo Nacional del Virreinato te espera con las puertas abiertas para el XXVI Festival de M\u00fasica Antigua 2025, una experiencia sensorial que no puedes perderte si eres un viajero que busca historias, arte y belleza.<\/strong><\/p>\n\n\n\n<p>Imagina escuchar melod\u00edas de hace 300 a\u00f1os en un templo barroco, rodeado de la majestuosa arquitectura de Tepotzotl\u00e1n. Bajo el evocador t\u00edtulo <strong>\u201cDe amor y desamor. M\u00fasica, danza y poes\u00eda novohispana\u201d<\/strong>, este festival, organizado por el INAH, es la excusa perfecta para descubrir uno de los Pueblos M\u00e1gicos m\u00e1s emblem\u00e1ticos del Estado de M\u00e9xico, todos los s\u00e1bados y domingos de <strong>octubre de 2025<\/strong>.<\/p>\n\n\n\n<h4 class=\"wp-block-heading\"><strong>Una Experiencia Cultural que Debes Vivir al Menos Una Vez<\/strong><\/h4>\n\n\n\n<p>Este no es un festival cualquiera; es el <strong>m\u00e1s longevo de su tipo en M\u00e9xico<\/strong> y una joya escondida para los viajeros con alma de explorador. <strong>Eva Mar\u00eda Ayala Canseco<\/strong>, directora del museo, nos invita a \u201crecorrer 300 a\u00f1os de historia a trav\u00e9s de la m\u00fasica, la poes\u00eda y la danza\u201d. Es tu oportunidad de conectar con el coraz\u00f3n de la Nueva Espa\u00f1a de una manera vibrante y emotiva.<\/p>\n\n\n<div class=\"wp-block-image\">\n<figure class=\"aligncenter size-full is-resized\"><img data-recalc-dims=\"1\" loading=\"lazy\" decoding=\"async\" width=\"600\" height=\"450\" data-attachment-id=\"5865\" data-permalink=\"https:\/\/azturismo.net\/?attachment_id=5865\" data-orig-file=\"https:\/\/i0.wp.com\/azturismo.net\/wp-content\/uploads\/2025\/10\/El-programa-del-festival-fue-anunciado-este-miercoles-1-de-octubre-en-conferencia-de-prensa-a-cargo-de-las-autoridades-del-museo-y-del-propio-evento.-Foto-MNV.jpeg?fit=600%2C450&amp;ssl=1\" data-orig-size=\"600,450\" data-comments-opened=\"1\" data-image-meta=\"{&quot;aperture&quot;:&quot;0&quot;,&quot;credit&quot;:&quot;&quot;,&quot;camera&quot;:&quot;&quot;,&quot;caption&quot;:&quot;&quot;,&quot;created_timestamp&quot;:&quot;0&quot;,&quot;copyright&quot;:&quot;&quot;,&quot;focal_length&quot;:&quot;0&quot;,&quot;iso&quot;:&quot;0&quot;,&quot;shutter_speed&quot;:&quot;0&quot;,&quot;title&quot;:&quot;&quot;,&quot;orientation&quot;:&quot;1&quot;}\" data-image-title=\"El programa del festival fue anunciado este mi\u00e9rcoles 1 de octubre en conferencia de prensa a cargo de las autoridades del museo y del propio evento. Foto MNV\" data-image-description=\"&lt;p&gt;Todas las actividades ser\u00e1n gratuitas y se realizar\u00e1n en el Templo de San Francisco Javier. Fotos: Mauricio Marat, INAH&lt;\/p&gt;\n\" data-image-caption=\"&lt;p&gt;Todas las actividades ser\u00e1n gratuitas y se realizar\u00e1n en el Templo de San Francisco Javier. Fotos: Mauricio Marat, INAH&lt;\/p&gt;\n\" data-large-file=\"https:\/\/i0.wp.com\/azturismo.net\/wp-content\/uploads\/2025\/10\/El-programa-del-festival-fue-anunciado-este-miercoles-1-de-octubre-en-conferencia-de-prensa-a-cargo-de-las-autoridades-del-museo-y-del-propio-evento.-Foto-MNV.jpeg?fit=600%2C450&amp;ssl=1\" src=\"https:\/\/i0.wp.com\/azturismo.net\/wp-content\/uploads\/2025\/10\/El-programa-del-festival-fue-anunciado-este-miercoles-1-de-octubre-en-conferencia-de-prensa-a-cargo-de-las-autoridades-del-museo-y-del-propio-evento.-Foto-MNV.jpeg?resize=600%2C450&#038;ssl=1\" alt=\"\" class=\"wp-image-5865\" style=\"width:928px;height:auto\" srcset=\"https:\/\/i0.wp.com\/azturismo.net\/wp-content\/uploads\/2025\/10\/El-programa-del-festival-fue-anunciado-este-miercoles-1-de-octubre-en-conferencia-de-prensa-a-cargo-de-las-autoridades-del-museo-y-del-propio-evento.-Foto-MNV.jpeg?w=600&amp;ssl=1 600w, https:\/\/i0.wp.com\/azturismo.net\/wp-content\/uploads\/2025\/10\/El-programa-del-festival-fue-anunciado-este-miercoles-1-de-octubre-en-conferencia-de-prensa-a-cargo-de-las-autoridades-del-museo-y-del-propio-evento.-Foto-MNV.jpeg?resize=300%2C225&amp;ssl=1 300w, https:\/\/i0.wp.com\/azturismo.net\/wp-content\/uploads\/2025\/10\/El-programa-del-festival-fue-anunciado-este-miercoles-1-de-octubre-en-conferencia-de-prensa-a-cargo-de-las-autoridades-del-museo-y-del-propio-evento.-Foto-MNV.jpeg?resize=150%2C113&amp;ssl=1 150w\" sizes=\"auto, (max-width: 600px) 100vw, 600px\" \/><figcaption class=\"wp-element-caption\">Todas las actividades ser\u00e1n gratuitas y se realizar\u00e1n en el Templo de San Francisco Javier. Fotos: Mauricio Marat, INAH<\/figcaption><\/figure><\/div>\n\n\n<h4 class=\"wp-block-heading\"><strong>Tu Gu\u00eda para Disfrutar el Festival al M\u00e1ximo<\/strong><\/h4>\n\n\n\n<p>Para que organices tu visita como un experto, aqu\u00ed est\u00e1n todos los detalles:<\/p>\n\n\n\n<ul class=\"wp-block-list\">\n<li><strong>\u00bfD\u00f3nde?<\/strong> Templo de San Francisco Javier, en el coraz\u00f3n del <strong>Pueblo M\u00e1gico de Tepotzotl\u00e1n<\/strong>.<\/li>\n\n\n\n<li><strong>\u00bfCu\u00e1ndo?<\/strong> Todos los s\u00e1bados y domingos de octubre de 2025.<\/li>\n\n\n\n<li><strong>Horarios:<\/strong> S\u00e1bados a las 16:00 hrs (perfecto despu\u00e9s de un recorrido por el pueblo) y domingos a las 13:00 hrs (ideal para una jornada de fin de semana).<\/li>\n\n\n\n<li><strong>\u00a1Totalmente gratuito!<\/strong> Una experiencia de lujo que no pesa en tu bolsillo.<\/li>\n\n\n\n<li><strong>Tip Viajero:<\/strong> El aforo es limitado a 250 personas, as\u00ed que te recomendamos llegar con algo de tiempo para asegurar tu lugar y disfrutar de la tranquilidad del lugar.<\/li>\n<\/ul>\n\n\n\n<h4 class=\"wp-block-heading\"><strong>El Itinerario Perfecto para Amantes del Arte y la Historia<\/strong><\/h4>\n\n\n\n<p>Incluye estas fechas en tu agenda de viaje y d\u00e9jate sorprender:<\/p>\n\n\n\n<ul class=\"wp-block-list\">\n<li><strong>S\u00e1bado 4 de Octubre:<\/strong> Comienza con \u201cBarroco: de amor y desamor\u201d y los versos de <strong>Sor Juana In\u00e9s de la Cruz<\/strong>.<\/li>\n\n\n\n<li><strong>Domingo 5 de Octubre:<\/strong> Disfruta de un conmovedor homenaje a la soprano <strong>Elisa \u00c1valos Mart\u00ednez<\/strong>.<\/li>\n\n\n\n<li><strong>S\u00e1bado 11 de Octubre:<\/strong> Viaja con \u201cEcos de Hispanoam\u00e9rica\u201d a los siglos XV y XVI.<\/li>\n\n\n\n<li><strong>Domingo 12 de Octubre:<\/strong> Marav\u00edllate con \u201cLa guitarra de siete \u00f3rdenes\u201d y el talento de <strong>Jorge Mart\u00edn Valencia<\/strong>.<\/li>\n\n\n\n<li><strong>S\u00e1bado 18 de Octubre:<\/strong> D\u00e9jate llevar por el \u201cAmor y muerte\u201d de la m\u00fasica italiana del siglo XVII.<\/li>\n\n\n\n<li><strong>Domingo 19 de Octubre:<\/strong> Baila con \u201cLa danza del barroco en las Am\u00e9ricas\u201d, un viaje por M\u00e9xico y Per\u00fa.<\/li>\n\n\n\n<li><strong>Viernes 24 de Octubre (16:00 hrs):<\/strong> Un concierto especial un viernes para alegrar tu fin de semana.<\/li>\n\n\n\n<li><strong>S\u00e1bado 25 de Octubre:<\/strong> Disfruta de \u201cAuroras y danzas\u201d con una orquesta barroca.<\/li>\n\n\n\n<li><strong>Domingo 26 de Octubre:<\/strong> No te pierdas el cierre espectacular con la <strong>Orquesta Barroca dirigida por Horacio Franco<\/strong>.<\/li>\n<\/ul>\n\n\n\n<h4 class=\"wp-block-heading\"><strong>Combina el Festival con una Visita a Tepotzotl\u00e1n<\/strong><\/h4>\n\n\n\n<p>Aprovecha tu viaje al festival para explorar Tepotzotl\u00e1n. Te recomendamos:<\/p>\n\n\n\n<ul class=\"wp-block-list\">\n<li>Recorrer el <strong>Museo Nacional del Virreinato<\/strong>, una joya arquitect\u00f3nica.<\/li>\n\n\n\n<li>Pasear por el <strong>centro hist\u00f3rico<\/strong> y disfrutar de su gastronom\u00eda t\u00edpica.<\/li>\n\n\n\n<li>Tomarte la foto obligada en el <strong>Arco del Sitio<\/strong>.<\/li>\n<\/ul>\n\n\n\n<p><strong>\u00a1S\u00edguenos!<\/strong><a href=\"https:\/\/www.facebook.com\/AzturismoNoticias\"><\/a><\/p>\n\n\n\n<p><a href=\"https:\/\/www.facebook.com\/AzturismoNoticias\">https:\/\/www.facebook.com\/AzturismoNoticias<\/a><\/p>\n\n\n\n<p><a href=\"mailto:tiktok.com\/@azturismo\">tiktok.com\/@azturismo<\/a><\/p>\n\n\n\n<p><a href=\"http:\/\/www.instagram.com\/azturismo_noticias\">www.instagram.com\/azturismo_noticias<\/a><\/p>\n\n\n\n<figure class=\"wp-block-embed is-type-rich is-provider-twitter wp-block-embed-twitter\"><div class=\"wp-block-embed__wrapper\">\n<div class=\"embed-twitter\"><a class=\"twitter-timeline\" data-width=\"696\" data-height=\"1000\" data-dnt=\"true\" href=\"https:\/\/twitter.com\/AzTurismo?ref_src=twsrc%5Etfw\">Tweets by AzTurismo<\/a><script async src=\"https:\/\/platform.twitter.com\/widgets.js\" charset=\"utf-8\"><\/script><\/div>\n<\/div><\/figure>\n","protected":false},"excerpt":{"rendered":"<p>Por Claudia Carrera \u00bfListo para una escapada cultural que te transporte en el tiempo? El Museo Nacional del Virreinato te espera con las puertas abiertas para el XXVI Festival de M\u00fasica Antigua 2025, una experiencia sensorial que no puedes perderte si eres un viajero que busca historias, arte y belleza. Imagina escuchar melod\u00edas de hace [&hellip;]<\/p>\n","protected":false},"author":1,"featured_media":5864,"comment_status":"open","ping_status":"open","sticky":false,"template":"","format":"standard","meta":{"jetpack_post_was_ever_published":false,"_jetpack_newsletter_access":"","_jetpack_dont_email_post_to_subs":false,"_jetpack_newsletter_tier_id":0,"_jetpack_memberships_contains_paywalled_content":false,"_jetpack_memberships_contains_paid_content":false,"footnotes":"","jetpack_publicize_message":"","jetpack_publicize_feature_enabled":true,"jetpack_social_post_already_shared":true,"jetpack_social_options":{"image_generator_settings":{"template":"highway","default_image_id":0,"font":"","enabled":false},"version":2}},"categories":[30,26],"tags":[99,2621,2618,192,2624,2620,2622,2625,2617,2619,2623],"class_list":{"0":"post-5863","1":"post","2":"type-post","3":"status-publish","4":"format-standard","5":"has-post-thumbnail","7":"category-e","8":"category-viajar","9":"tag-azturismo","10":"tag-cultura-mexico","11":"tag-festival-musica-antigua","12":"tag-inah","13":"tag-museo-nacional-del-virreinato","14":"tag-musica-antigua","15":"tag-plan-cultural","16":"tag-plan-de-fin-desemana","17":"tag-tepotzotlan","18":"tag-virreinato","19":"tag-xxvi-festival-de-musica-antigua-2025"},"yoast_head":"<!-- This site is optimized with the Yoast SEO plugin v27.5 - https:\/\/yoast.com\/product\/yoast-seo-wordpress\/ -->\n<title>Tepozotl\u00e1n te espera para gozar gratuitamente el Festival de M\u00fasica Antigua - Azturismo Noticias<\/title>\n<meta name=\"description\" content=\"Descubre el Festival de M\u00fasica Antigua 2025 en el Museo del Virreinato. Conciertos gratuitos, danza, poes\u00eda y coloquios en Tepotzotl\u00e1n. \u00a1Programa completo aqu\u00ed!\" \/>\n<meta name=\"robots\" content=\"index, follow, max-snippet:-1, max-image-preview:large, max-video-preview:-1\" \/>\n<link rel=\"canonical\" href=\"https:\/\/azturismo.net\/?p=5863\" \/>\n<meta property=\"og:locale\" content=\"es_MX\" \/>\n<meta property=\"og:type\" content=\"article\" \/>\n<meta property=\"og:title\" content=\"Tepozotl\u00e1n te espera para gozar gratuitamente el Festival de M\u00fasica Antigua - Azturismo Noticias\" \/>\n<meta property=\"og:description\" content=\"Descubre el Festival de M\u00fasica Antigua 2025 en el Museo del Virreinato. Conciertos gratuitos, danza, poes\u00eda y coloquios en Tepotzotl\u00e1n. \u00a1Programa completo aqu\u00ed!\" \/>\n<meta property=\"og:url\" content=\"https:\/\/azturismo.net\/?p=5863\" \/>\n<meta property=\"og:site_name\" content=\"Azturismo Noticias\" \/>\n<meta property=\"article:publisher\" content=\"https:\/\/www.facebook.com\/AzturismoNoticias\" \/>\n<meta property=\"article:published_time\" content=\"2025-10-03T02:27:24+00:00\" \/>\n<meta property=\"article:modified_time\" content=\"2025-10-03T02:27:27+00:00\" \/>\n<meta property=\"og:image\" content=\"https:\/\/azturismo.net\/wp-content\/uploads\/2025\/10\/Todas-las-actividades-seran-gratuitas-y-se-realizaran-en-el-Templo-de-San-Francisco-Javier.-Foto-Mauricio-Marat-INAH.jpg\" \/>\n\t<meta property=\"og:image:width\" content=\"600\" \/>\n\t<meta property=\"og:image:height\" content=\"450\" \/>\n\t<meta property=\"og:image:type\" content=\"image\/jpeg\" \/>\n<meta name=\"author\" content=\"Azturismo\" \/>\n<meta name=\"twitter:card\" content=\"summary_large_image\" \/>\n<meta name=\"twitter:creator\" content=\"@AzTurismo\" \/>\n<meta name=\"twitter:site\" content=\"@AzTurismo\" \/>\n<meta name=\"twitter:label1\" content=\"Escrito por\" \/>\n\t<meta name=\"twitter:data1\" content=\"Azturismo\" \/>\n\t<meta name=\"twitter:label2\" content=\"Tiempo de lectura\" \/>\n\t<meta name=\"twitter:data2\" content=\"3 minutos\" \/>\n<script type=\"application\/ld+json\" class=\"yoast-schema-graph\">{\"@context\":\"https:\\\/\\\/schema.org\",\"@graph\":[{\"@type\":\"Article\",\"@id\":\"https:\\\/\\\/azturismo.net\\\/?p=5863#article\",\"isPartOf\":{\"@id\":\"https:\\\/\\\/azturismo.net\\\/?p=5863\"},\"author\":{\"name\":\"Azturismo\",\"@id\":\"https:\\\/\\\/azturismo.net\\\/#\\\/schema\\\/person\\\/4b56d87f51c4d1b518c650739ad3bbc1\"},\"headline\":\"Tepozotl\u00e1n te espera para gozar gratuitamente el Festival de M\u00fasica Antigua\",\"datePublished\":\"2025-10-03T02:27:24+00:00\",\"dateModified\":\"2025-10-03T02:27:27+00:00\",\"mainEntityOfPage\":{\"@id\":\"https:\\\/\\\/azturismo.net\\\/?p=5863\"},\"wordCount\":615,\"commentCount\":0,\"publisher\":{\"@id\":\"https:\\\/\\\/azturismo.net\\\/#organization\"},\"image\":{\"@id\":\"https:\\\/\\\/azturismo.net\\\/?p=5863#primaryimage\"},\"thumbnailUrl\":\"https:\\\/\\\/i0.wp.com\\\/azturismo.net\\\/wp-content\\\/uploads\\\/2025\\\/10\\\/Todas-las-actividades-seran-gratuitas-y-se-realizaran-en-el-Templo-de-San-Francisco-Javier.-Foto-Mauricio-Marat-INAH.jpg?fit=600%2C450&ssl=1\",\"keywords\":[\"azturismo\",\"Cultura M\u00e9xico\",\"Festival M\u00fasica Antigua\",\"INAH\",\"Museo Nacional del Virreinato\",\"M\u00fasica Antigua\",\"Plan Cultural\",\"Plan De Fin DeSemana\",\"Tepotzotl\u00e1n\",\"Virreinato\",\"XXVI Festival de M\u00fasica Antigua 2025\"],\"articleSection\":[\"Destacadas\",\"VIAJES\"],\"inLanguage\":\"es\",\"potentialAction\":[{\"@type\":\"CommentAction\",\"name\":\"Comment\",\"target\":[\"https:\\\/\\\/azturismo.net\\\/?p=5863#respond\"]}]},{\"@type\":\"WebPage\",\"@id\":\"https:\\\/\\\/azturismo.net\\\/?p=5863\",\"url\":\"https:\\\/\\\/azturismo.net\\\/?p=5863\",\"name\":\"Tepozotl\u00e1n te espera para gozar gratuitamente el Festival de M\u00fasica Antigua - Azturismo Noticias\",\"isPartOf\":{\"@id\":\"https:\\\/\\\/azturismo.net\\\/#website\"},\"primaryImageOfPage\":{\"@id\":\"https:\\\/\\\/azturismo.net\\\/?p=5863#primaryimage\"},\"image\":{\"@id\":\"https:\\\/\\\/azturismo.net\\\/?p=5863#primaryimage\"},\"thumbnailUrl\":\"https:\\\/\\\/i0.wp.com\\\/azturismo.net\\\/wp-content\\\/uploads\\\/2025\\\/10\\\/Todas-las-actividades-seran-gratuitas-y-se-realizaran-en-el-Templo-de-San-Francisco-Javier.-Foto-Mauricio-Marat-INAH.jpg?fit=600%2C450&ssl=1\",\"datePublished\":\"2025-10-03T02:27:24+00:00\",\"dateModified\":\"2025-10-03T02:27:27+00:00\",\"description\":\"Descubre el Festival de M\u00fasica Antigua 2025 en el Museo del Virreinato. Conciertos gratuitos, danza, poes\u00eda y coloquios en Tepotzotl\u00e1n. \u00a1Programa completo aqu\u00ed!\",\"breadcrumb\":{\"@id\":\"https:\\\/\\\/azturismo.net\\\/?p=5863#breadcrumb\"},\"inLanguage\":\"es\",\"potentialAction\":[{\"@type\":\"ReadAction\",\"target\":[\"https:\\\/\\\/azturismo.net\\\/?p=5863\"]}]},{\"@type\":\"ImageObject\",\"inLanguage\":\"es\",\"@id\":\"https:\\\/\\\/azturismo.net\\\/?p=5863#primaryimage\",\"url\":\"https:\\\/\\\/i0.wp.com\\\/azturismo.net\\\/wp-content\\\/uploads\\\/2025\\\/10\\\/Todas-las-actividades-seran-gratuitas-y-se-realizaran-en-el-Templo-de-San-Francisco-Javier.-Foto-Mauricio-Marat-INAH.jpg?fit=600%2C450&ssl=1\",\"contentUrl\":\"https:\\\/\\\/i0.wp.com\\\/azturismo.net\\\/wp-content\\\/uploads\\\/2025\\\/10\\\/Todas-las-actividades-seran-gratuitas-y-se-realizaran-en-el-Templo-de-San-Francisco-Javier.-Foto-Mauricio-Marat-INAH.jpg?fit=600%2C450&ssl=1\",\"width\":600,\"height\":450},{\"@type\":\"BreadcrumbList\",\"@id\":\"https:\\\/\\\/azturismo.net\\\/?p=5863#breadcrumb\",\"itemListElement\":[{\"@type\":\"ListItem\",\"position\":1,\"name\":\"Home\",\"item\":\"https:\\\/\\\/azturismo.net\\\/\"},{\"@type\":\"ListItem\",\"position\":2,\"name\":\"Tepozotl\u00e1n te espera para gozar gratuitamente el Festival de M\u00fasica Antigua\"}]},{\"@type\":\"WebSite\",\"@id\":\"https:\\\/\\\/azturismo.net\\\/#website\",\"url\":\"https:\\\/\\\/azturismo.net\\\/\",\"name\":\"Azturismo\",\"description\":\"Azturismo Noticias\",\"publisher\":{\"@id\":\"https:\\\/\\\/azturismo.net\\\/#organization\"},\"potentialAction\":[{\"@type\":\"SearchAction\",\"target\":{\"@type\":\"EntryPoint\",\"urlTemplate\":\"https:\\\/\\\/azturismo.net\\\/?s={search_term_string}\"},\"query-input\":{\"@type\":\"PropertyValueSpecification\",\"valueRequired\":true,\"valueName\":\"search_term_string\"}}],\"inLanguage\":\"es\"},{\"@type\":\"Organization\",\"@id\":\"https:\\\/\\\/azturismo.net\\\/#organization\",\"name\":\"Azturismo\",\"url\":\"https:\\\/\\\/azturismo.net\\\/\",\"logo\":{\"@type\":\"ImageObject\",\"inLanguage\":\"es\",\"@id\":\"https:\\\/\\\/azturismo.net\\\/#\\\/schema\\\/logo\\\/image\\\/\",\"url\":\"https:\\\/\\\/i0.wp.com\\\/azturismo.net\\\/wp-content\\\/uploads\\\/2024\\\/03\\\/logo-el-bueno-.png?fit=294%2C69&ssl=1\",\"contentUrl\":\"https:\\\/\\\/i0.wp.com\\\/azturismo.net\\\/wp-content\\\/uploads\\\/2024\\\/03\\\/logo-el-bueno-.png?fit=294%2C69&ssl=1\",\"width\":294,\"height\":69,\"caption\":\"Azturismo\"},\"image\":{\"@id\":\"https:\\\/\\\/azturismo.net\\\/#\\\/schema\\\/logo\\\/image\\\/\"},\"sameAs\":[\"https:\\\/\\\/www.facebook.com\\\/AzturismoNoticias\",\"https:\\\/\\\/x.com\\\/AzTurismo\",\"https:\\\/\\\/www.instagram.com\\\/azturismo_noticias\\\/?fbclid=IwAR2xMiuoHbs6eLeIHKP8P5sSGa-xFrw7FfejscXO7kDghWa7wKLjGczKOwE\",\"https:\\\/\\\/www.tiktok.com\\\/@azturismo\"]},{\"@type\":\"Person\",\"@id\":\"https:\\\/\\\/azturismo.net\\\/#\\\/schema\\\/person\\\/4b56d87f51c4d1b518c650739ad3bbc1\",\"name\":\"Azturismo\",\"image\":{\"@type\":\"ImageObject\",\"inLanguage\":\"es\",\"@id\":\"https:\\\/\\\/azturismo.net\\\/wp-content\\\/litespeed\\\/avatar\\\/dfe28a31cdd68b788da48a316e50db10.jpg?ver=1777101936\",\"url\":\"https:\\\/\\\/azturismo.net\\\/wp-content\\\/litespeed\\\/avatar\\\/dfe28a31cdd68b788da48a316e50db10.jpg?ver=1777101936\",\"contentUrl\":\"https:\\\/\\\/azturismo.net\\\/wp-content\\\/litespeed\\\/avatar\\\/dfe28a31cdd68b788da48a316e50db10.jpg?ver=1777101936\",\"caption\":\"Azturismo\"},\"sameAs\":[\"https:\\\/\\\/azturismo.net\"],\"url\":\"https:\\\/\\\/azturismo.net\\\/?author=1\"}]}<\/script>\n<!-- \/ Yoast SEO plugin. -->","yoast_head_json":{"title":"Tepozotl\u00e1n te espera para gozar gratuitamente el Festival de M\u00fasica Antigua - Azturismo Noticias","description":"Descubre el Festival de M\u00fasica Antigua 2025 en el Museo del Virreinato. Conciertos gratuitos, danza, poes\u00eda y coloquios en Tepotzotl\u00e1n. \u00a1Programa completo aqu\u00ed!","robots":{"index":"index","follow":"follow","max-snippet":"max-snippet:-1","max-image-preview":"max-image-preview:large","max-video-preview":"max-video-preview:-1"},"canonical":"https:\/\/azturismo.net\/?p=5863","og_locale":"es_MX","og_type":"article","og_title":"Tepozotl\u00e1n te espera para gozar gratuitamente el Festival de M\u00fasica Antigua - Azturismo Noticias","og_description":"Descubre el Festival de M\u00fasica Antigua 2025 en el Museo del Virreinato. Conciertos gratuitos, danza, poes\u00eda y coloquios en Tepotzotl\u00e1n. \u00a1Programa completo aqu\u00ed!","og_url":"https:\/\/azturismo.net\/?p=5863","og_site_name":"Azturismo Noticias","article_publisher":"https:\/\/www.facebook.com\/AzturismoNoticias","article_published_time":"2025-10-03T02:27:24+00:00","article_modified_time":"2025-10-03T02:27:27+00:00","og_image":[{"width":600,"height":450,"url":"https:\/\/azturismo.net\/wp-content\/uploads\/2025\/10\/Todas-las-actividades-seran-gratuitas-y-se-realizaran-en-el-Templo-de-San-Francisco-Javier.-Foto-Mauricio-Marat-INAH.jpg","type":"image\/jpeg"}],"author":"Azturismo","twitter_card":"summary_large_image","twitter_creator":"@AzTurismo","twitter_site":"@AzTurismo","twitter_misc":{"Escrito por":"Azturismo","Tiempo de lectura":"3 minutos"},"schema":{"@context":"https:\/\/schema.org","@graph":[{"@type":"Article","@id":"https:\/\/azturismo.net\/?p=5863#article","isPartOf":{"@id":"https:\/\/azturismo.net\/?p=5863"},"author":{"name":"Azturismo","@id":"https:\/\/azturismo.net\/#\/schema\/person\/4b56d87f51c4d1b518c650739ad3bbc1"},"headline":"Tepozotl\u00e1n te espera para gozar gratuitamente el Festival de M\u00fasica Antigua","datePublished":"2025-10-03T02:27:24+00:00","dateModified":"2025-10-03T02:27:27+00:00","mainEntityOfPage":{"@id":"https:\/\/azturismo.net\/?p=5863"},"wordCount":615,"commentCount":0,"publisher":{"@id":"https:\/\/azturismo.net\/#organization"},"image":{"@id":"https:\/\/azturismo.net\/?p=5863#primaryimage"},"thumbnailUrl":"https:\/\/i0.wp.com\/azturismo.net\/wp-content\/uploads\/2025\/10\/Todas-las-actividades-seran-gratuitas-y-se-realizaran-en-el-Templo-de-San-Francisco-Javier.-Foto-Mauricio-Marat-INAH.jpg?fit=600%2C450&ssl=1","keywords":["azturismo","Cultura M\u00e9xico","Festival M\u00fasica Antigua","INAH","Museo Nacional del Virreinato","M\u00fasica Antigua","Plan Cultural","Plan De Fin DeSemana","Tepotzotl\u00e1n","Virreinato","XXVI Festival de M\u00fasica Antigua 2025"],"articleSection":["Destacadas","VIAJES"],"inLanguage":"es","potentialAction":[{"@type":"CommentAction","name":"Comment","target":["https:\/\/azturismo.net\/?p=5863#respond"]}]},{"@type":"WebPage","@id":"https:\/\/azturismo.net\/?p=5863","url":"https:\/\/azturismo.net\/?p=5863","name":"Tepozotl\u00e1n te espera para gozar gratuitamente el Festival de M\u00fasica Antigua - Azturismo Noticias","isPartOf":{"@id":"https:\/\/azturismo.net\/#website"},"primaryImageOfPage":{"@id":"https:\/\/azturismo.net\/?p=5863#primaryimage"},"image":{"@id":"https:\/\/azturismo.net\/?p=5863#primaryimage"},"thumbnailUrl":"https:\/\/i0.wp.com\/azturismo.net\/wp-content\/uploads\/2025\/10\/Todas-las-actividades-seran-gratuitas-y-se-realizaran-en-el-Templo-de-San-Francisco-Javier.-Foto-Mauricio-Marat-INAH.jpg?fit=600%2C450&ssl=1","datePublished":"2025-10-03T02:27:24+00:00","dateModified":"2025-10-03T02:27:27+00:00","description":"Descubre el Festival de M\u00fasica Antigua 2025 en el Museo del Virreinato. Conciertos gratuitos, danza, poes\u00eda y coloquios en Tepotzotl\u00e1n. \u00a1Programa completo aqu\u00ed!","breadcrumb":{"@id":"https:\/\/azturismo.net\/?p=5863#breadcrumb"},"inLanguage":"es","potentialAction":[{"@type":"ReadAction","target":["https:\/\/azturismo.net\/?p=5863"]}]},{"@type":"ImageObject","inLanguage":"es","@id":"https:\/\/azturismo.net\/?p=5863#primaryimage","url":"https:\/\/i0.wp.com\/azturismo.net\/wp-content\/uploads\/2025\/10\/Todas-las-actividades-seran-gratuitas-y-se-realizaran-en-el-Templo-de-San-Francisco-Javier.-Foto-Mauricio-Marat-INAH.jpg?fit=600%2C450&ssl=1","contentUrl":"https:\/\/i0.wp.com\/azturismo.net\/wp-content\/uploads\/2025\/10\/Todas-las-actividades-seran-gratuitas-y-se-realizaran-en-el-Templo-de-San-Francisco-Javier.-Foto-Mauricio-Marat-INAH.jpg?fit=600%2C450&ssl=1","width":600,"height":450},{"@type":"BreadcrumbList","@id":"https:\/\/azturismo.net\/?p=5863#breadcrumb","itemListElement":[{"@type":"ListItem","position":1,"name":"Home","item":"https:\/\/azturismo.net\/"},{"@type":"ListItem","position":2,"name":"Tepozotl\u00e1n te espera para gozar gratuitamente el Festival de M\u00fasica Antigua"}]},{"@type":"WebSite","@id":"https:\/\/azturismo.net\/#website","url":"https:\/\/azturismo.net\/","name":"Azturismo","description":"Azturismo Noticias","publisher":{"@id":"https:\/\/azturismo.net\/#organization"},"potentialAction":[{"@type":"SearchAction","target":{"@type":"EntryPoint","urlTemplate":"https:\/\/azturismo.net\/?s={search_term_string}"},"query-input":{"@type":"PropertyValueSpecification","valueRequired":true,"valueName":"search_term_string"}}],"inLanguage":"es"},{"@type":"Organization","@id":"https:\/\/azturismo.net\/#organization","name":"Azturismo","url":"https:\/\/azturismo.net\/","logo":{"@type":"ImageObject","inLanguage":"es","@id":"https:\/\/azturismo.net\/#\/schema\/logo\/image\/","url":"https:\/\/i0.wp.com\/azturismo.net\/wp-content\/uploads\/2024\/03\/logo-el-bueno-.png?fit=294%2C69&ssl=1","contentUrl":"https:\/\/i0.wp.com\/azturismo.net\/wp-content\/uploads\/2024\/03\/logo-el-bueno-.png?fit=294%2C69&ssl=1","width":294,"height":69,"caption":"Azturismo"},"image":{"@id":"https:\/\/azturismo.net\/#\/schema\/logo\/image\/"},"sameAs":["https:\/\/www.facebook.com\/AzturismoNoticias","https:\/\/x.com\/AzTurismo","https:\/\/www.instagram.com\/azturismo_noticias\/?fbclid=IwAR2xMiuoHbs6eLeIHKP8P5sSGa-xFrw7FfejscXO7kDghWa7wKLjGczKOwE","https:\/\/www.tiktok.com\/@azturismo"]},{"@type":"Person","@id":"https:\/\/azturismo.net\/#\/schema\/person\/4b56d87f51c4d1b518c650739ad3bbc1","name":"Azturismo","image":{"@type":"ImageObject","inLanguage":"es","@id":"https:\/\/azturismo.net\/wp-content\/litespeed\/avatar\/dfe28a31cdd68b788da48a316e50db10.jpg?ver=1777101936","url":"https:\/\/azturismo.net\/wp-content\/litespeed\/avatar\/dfe28a31cdd68b788da48a316e50db10.jpg?ver=1777101936","contentUrl":"https:\/\/azturismo.net\/wp-content\/litespeed\/avatar\/dfe28a31cdd68b788da48a316e50db10.jpg?ver=1777101936","caption":"Azturismo"},"sameAs":["https:\/\/azturismo.net"],"url":"https:\/\/azturismo.net\/?author=1"}]}},"jetpack_publicize_connections":[],"jetpack_featured_media_url":"https:\/\/i0.wp.com\/azturismo.net\/wp-content\/uploads\/2025\/10\/Todas-las-actividades-seran-gratuitas-y-se-realizaran-en-el-Templo-de-San-Francisco-Javier.-Foto-Mauricio-Marat-INAH.jpg?fit=600%2C450&ssl=1","jetpack_sharing_enabled":true,"jetpack-related-posts":[{"id":6661,"url":"https:\/\/azturismo.net\/?p=6661","url_meta":{"origin":5863,"position":0},"title":"Entre pastorelas, barrios antiguos y garnachas, as\u00ed cierra el INAH sus de Paseos Culturales 2025","author":"Azturismo","date":"diciembre 1, 2025","format":false,"excerpt":"Por Oscar V\u00e1zquez C. \ud83c\udf84 El aroma del ponche y las luces decembrinas ya cubren la Ciudad de M\u00e9xico, y con ellas llega tambi\u00e9n el \u00faltimo cap\u00edtulo del a\u00f1o para los Paseos Culturales del INAH 2025, una tradici\u00f3n que, desde hace m\u00e1s de seis d\u00e9cadas, invita a recorrer la historia\u2026","rel":"","context":"En &quot;Destacadas&quot;","block_context":{"text":"Destacadas","link":"https:\/\/azturismo.net\/?cat=30"},"img":{"alt_text":"","src":"https:\/\/i0.wp.com\/azturismo.net\/wp-content\/uploads\/2025\/11\/Entre-pastorelas-barrios-antiguos-y-garnachas-los-Paseos-Culturales-del-INAH-cierran-su-agenda-de-2025.-Foto-INAH-2.jpg?fit=600%2C450&ssl=1&resize=350%2C200","width":350,"height":200,"srcset":"https:\/\/i0.wp.com\/azturismo.net\/wp-content\/uploads\/2025\/11\/Entre-pastorelas-barrios-antiguos-y-garnachas-los-Paseos-Culturales-del-INAH-cierran-su-agenda-de-2025.-Foto-INAH-2.jpg?fit=600%2C450&ssl=1&resize=350%2C200 1x, https:\/\/i0.wp.com\/azturismo.net\/wp-content\/uploads\/2025\/11\/Entre-pastorelas-barrios-antiguos-y-garnachas-los-Paseos-Culturales-del-INAH-cierran-su-agenda-de-2025.-Foto-INAH-2.jpg?fit=600%2C450&ssl=1&resize=525%2C300 1.5x"},"classes":[]},{"id":6398,"url":"https:\/\/azturismo.net\/?p=6398","url_meta":{"origin":5863,"position":1},"title":"Cumple 500 a\u00f1os La Antigua, Veracruz, cuna del mestizaje","author":"Azturismo","date":"noviembre 13, 2025","format":false,"excerpt":"Por Staff AzTurismo \ud83d\uddfa\ufe0f Imaginen un lugar donde el tiempo se detuvo para proteger la memoria, un sitio de clima c\u00e1lido y calles empedradas, ba\u00f1ado por el r\u00edo Huitzilapan. Ese lugar es La Antigua, Veracruz, el verdadero punto de partida de nuestra historia como naci\u00f3n y que acaba de celebrar\u2026","rel":"","context":"En &quot;Destacadas&quot;","block_context":{"text":"Destacadas","link":"https:\/\/azturismo.net\/?cat=30"},"img":{"alt_text":"","src":"https:\/\/i0.wp.com\/azturismo.net\/wp-content\/uploads\/2025\/11\/Asociaciones-como-la-Fundacion-Veracruzana-promueven-la-capacitacion-gratuita-de-las-y-los-habitantes-de-la-localidad-con-cursos-de-artesanias-con-lirio-acuatico.-Foto-Gerardo-Pena-INAH.jpeg?fit=600%2C399&ssl=1&resize=350%2C200","width":350,"height":200,"srcset":"https:\/\/i0.wp.com\/azturismo.net\/wp-content\/uploads\/2025\/11\/Asociaciones-como-la-Fundacion-Veracruzana-promueven-la-capacitacion-gratuita-de-las-y-los-habitantes-de-la-localidad-con-cursos-de-artesanias-con-lirio-acuatico.-Foto-Gerardo-Pena-INAH.jpeg?fit=600%2C399&ssl=1&resize=350%2C200 1x, https:\/\/i0.wp.com\/azturismo.net\/wp-content\/uploads\/2025\/11\/Asociaciones-como-la-Fundacion-Veracruzana-promueven-la-capacitacion-gratuita-de-las-y-los-habitantes-de-la-localidad-con-cursos-de-artesanias-con-lirio-acuatico.-Foto-Gerardo-Pena-INAH.jpeg?fit=600%2C399&ssl=1&resize=525%2C300 1.5x"},"classes":[]},{"id":5058,"url":"https:\/\/azturismo.net\/?p=5058","url_meta":{"origin":5863,"position":2},"title":"Iztapalapa celebra el Festival Gastron\u00f3mico de la Enchilada","author":"Azturismo","date":"agosto 26, 2025","format":false,"excerpt":"Por Staff AzTurismo La Alcald\u00eda Iztapalapa se prepara para recibir a miles de visitantes en la XXIII edici\u00f3n del Festival Gastron\u00f3mico de la Enchilada, que se llevar\u00e1 a cabo del 31 de agosto al 7 de septiembre de 2025 en la explanada del antiguo Jard\u00edn Cuitl\u00e1huac. Durante ocho d\u00edas, m\u00e1s\u2026","rel":"","context":"En &quot;SABORES&quot;","block_context":{"text":"SABORES","link":"https:\/\/azturismo.net\/?cat=35"},"img":{"alt_text":"","src":"https:\/\/i0.wp.com\/azturismo.net\/wp-content\/uploads\/2025\/08\/IMG-20250825-WA0158.jpg?fit=768%2C488&ssl=1&resize=350%2C200","width":350,"height":200,"srcset":"https:\/\/i0.wp.com\/azturismo.net\/wp-content\/uploads\/2025\/08\/IMG-20250825-WA0158.jpg?fit=768%2C488&ssl=1&resize=350%2C200 1x, https:\/\/i0.wp.com\/azturismo.net\/wp-content\/uploads\/2025\/08\/IMG-20250825-WA0158.jpg?fit=768%2C488&ssl=1&resize=525%2C300 1.5x, https:\/\/i0.wp.com\/azturismo.net\/wp-content\/uploads\/2025\/08\/IMG-20250825-WA0158.jpg?fit=768%2C488&ssl=1&resize=700%2C400 2x"},"classes":[]},{"id":6153,"url":"https:\/\/azturismo.net\/?p=6153","url_meta":{"origin":5863,"position":3},"title":"Arranca el INAHfest Morelos con la exposici\u00f3n \u201cMemorias de M\u00e9xico\u201d en el Jard\u00edn Borda","author":"Azturismo","date":"octubre 24, 2025","format":false,"excerpt":"Por Gabriela Flores \ud83d\udcf8 Entre im\u00e1genes que parecen detener el tiempo, el INAHfest Morelos 2025 abri\u00f3 sus puertas con la exposici\u00f3n \u201cMemorias de M\u00e9xico\u201d, una muestra fotogr\u00e1fica que transporta a los visitantes a finales del siglo XIX y principios del XX, a trav\u00e9s de 32 im\u00e1genes en blanco y negro\u2026","rel":"","context":"En &quot;NOTITUR&quot;","block_context":{"text":"NOTITUR","link":"https:\/\/azturismo.net\/?cat=25"},"img":{"alt_text":"","src":"https:\/\/i0.wp.com\/azturismo.net\/wp-content\/uploads\/2025\/10\/Con-esta-exposicion-iniciaron-las-actividades-del-INAHfest-en-Morelos-Credito-Fototeca-Nacional-INAH-3.jpg?fit=600%2C542&ssl=1&resize=350%2C200","width":350,"height":200,"srcset":"https:\/\/i0.wp.com\/azturismo.net\/wp-content\/uploads\/2025\/10\/Con-esta-exposicion-iniciaron-las-actividades-del-INAHfest-en-Morelos-Credito-Fototeca-Nacional-INAH-3.jpg?fit=600%2C542&ssl=1&resize=350%2C200 1x, https:\/\/i0.wp.com\/azturismo.net\/wp-content\/uploads\/2025\/10\/Con-esta-exposicion-iniciaron-las-actividades-del-INAHfest-en-Morelos-Credito-Fototeca-Nacional-INAH-3.jpg?fit=600%2C542&ssl=1&resize=525%2C300 1.5x"},"classes":[]},{"id":5601,"url":"https:\/\/azturismo.net\/?p=5601","url_meta":{"origin":5863,"position":4},"title":"Juan Pascoe, maestro de la tipograf\u00eda y la jarana, recibe el Premio Carmen Toscano Escobedo","author":"Azturismo","date":"septiembre 25, 2025","format":false,"excerpt":"Por Staff Azturismo El impresor y m\u00fasico Juan Pascoe, reconocido por su trayectoria de m\u00e1s de medio siglo en la confecci\u00f3n artesanal de libros, fue homenajeado con el Premio Carmen Toscano Escobedo durante la 36 Feria Internacional del Libro de Antropolog\u00eda e Historia (FILAH). Nacido en Chicago en 1946, pero\u2026","rel":"","context":"En &quot;NACIONALES&quot;","block_context":{"text":"NACIONALES","link":"https:\/\/azturismo.net\/?cat=29"},"img":{"alt_text":"","src":"https:\/\/i0.wp.com\/azturismo.net\/wp-content\/uploads\/2025\/09\/El-subdirector-de-la-Fonoteca-del-INAH-Benjamin-Muratalla-entrego-a-Pascoe-un-reconocimiento-a-nombre-del-INAH.-Foto-Gerardo-Pena-INAH.jpeg?fit=600%2C400&ssl=1&resize=350%2C200","width":350,"height":200,"srcset":"https:\/\/i0.wp.com\/azturismo.net\/wp-content\/uploads\/2025\/09\/El-subdirector-de-la-Fonoteca-del-INAH-Benjamin-Muratalla-entrego-a-Pascoe-un-reconocimiento-a-nombre-del-INAH.-Foto-Gerardo-Pena-INAH.jpeg?fit=600%2C400&ssl=1&resize=350%2C200 1x, https:\/\/i0.wp.com\/azturismo.net\/wp-content\/uploads\/2025\/09\/El-subdirector-de-la-Fonoteca-del-INAH-Benjamin-Muratalla-entrego-a-Pascoe-un-reconocimiento-a-nombre-del-INAH.-Foto-Gerardo-Pena-INAH.jpeg?fit=600%2C400&ssl=1&resize=525%2C300 1.5x"},"classes":[]},{"id":5212,"url":"https:\/\/azturismo.net\/?p=5212","url_meta":{"origin":5863,"position":5},"title":"En este mes patrio, int\u00e9grate a los Paseos Culturales del INAH en la CDMX","author":"Azturismo","date":"septiembre 2, 2025","format":false,"excerpt":"Por Staff AzTurismo Con motivo de las celebraciones del mes patrio, el Instituto Nacional de Antropolog\u00eda e Historia (INAH), a trav\u00e9s de sus tradicionales Paseos Culturales, presenta una agenda especial para redescubrir la riqueza hist\u00f3rica, arquitect\u00f3nica y cultural de la capital del pa\u00eds. Recorridos culturales en septiembre 2025 Los paseos,\u2026","rel":"","context":"En &quot;Destacadas&quot;","block_context":{"text":"Destacadas","link":"https:\/\/azturismo.net\/?cat=30"},"img":{"alt_text":"","src":"https:\/\/i0.wp.com\/azturismo.net\/wp-content\/uploads\/2025\/09\/El-Palacio-de-Bellas-Artes-y-otros-recintos-ubicados-en-lo-que-fuera-la-parcialidad-mexica-de-Moyotlan-se-recorreran-durante-septiembre.-Fotografia-Lizeth-Urban.jpg?fit=1200%2C900&ssl=1&resize=350%2C200","width":350,"height":200,"srcset":"https:\/\/i0.wp.com\/azturismo.net\/wp-content\/uploads\/2025\/09\/El-Palacio-de-Bellas-Artes-y-otros-recintos-ubicados-en-lo-que-fuera-la-parcialidad-mexica-de-Moyotlan-se-recorreran-durante-septiembre.-Fotografia-Lizeth-Urban.jpg?fit=1200%2C900&ssl=1&resize=350%2C200 1x, https:\/\/i0.wp.com\/azturismo.net\/wp-content\/uploads\/2025\/09\/El-Palacio-de-Bellas-Artes-y-otros-recintos-ubicados-en-lo-que-fuera-la-parcialidad-mexica-de-Moyotlan-se-recorreran-durante-septiembre.-Fotografia-Lizeth-Urban.jpg?fit=1200%2C900&ssl=1&resize=525%2C300 1.5x, https:\/\/i0.wp.com\/azturismo.net\/wp-content\/uploads\/2025\/09\/El-Palacio-de-Bellas-Artes-y-otros-recintos-ubicados-en-lo-que-fuera-la-parcialidad-mexica-de-Moyotlan-se-recorreran-durante-septiembre.-Fotografia-Lizeth-Urban.jpg?fit=1200%2C900&ssl=1&resize=700%2C400 2x, https:\/\/i0.wp.com\/azturismo.net\/wp-content\/uploads\/2025\/09\/El-Palacio-de-Bellas-Artes-y-otros-recintos-ubicados-en-lo-que-fuera-la-parcialidad-mexica-de-Moyotlan-se-recorreran-durante-septiembre.-Fotografia-Lizeth-Urban.jpg?fit=1200%2C900&ssl=1&resize=1050%2C600 3x"},"classes":[]}],"jetpack_shortlink":"https:\/\/wp.me\/pfqZGx-1wz","amp_enabled":true,"_links":{"self":[{"href":"https:\/\/azturismo.net\/index.php?rest_route=\/wp\/v2\/posts\/5863","targetHints":{"allow":["GET"]}}],"collection":[{"href":"https:\/\/azturismo.net\/index.php?rest_route=\/wp\/v2\/posts"}],"about":[{"href":"https:\/\/azturismo.net\/index.php?rest_route=\/wp\/v2\/types\/post"}],"author":[{"embeddable":true,"href":"https:\/\/azturismo.net\/index.php?rest_route=\/wp\/v2\/users\/1"}],"replies":[{"embeddable":true,"href":"https:\/\/azturismo.net\/index.php?rest_route=%2Fwp%2Fv2%2Fcomments&post=5863"}],"version-history":[{"count":1,"href":"https:\/\/azturismo.net\/index.php?rest_route=\/wp\/v2\/posts\/5863\/revisions"}],"predecessor-version":[{"id":5866,"href":"https:\/\/azturismo.net\/index.php?rest_route=\/wp\/v2\/posts\/5863\/revisions\/5866"}],"wp:featuredmedia":[{"embeddable":true,"href":"https:\/\/azturismo.net\/index.php?rest_route=\/wp\/v2\/media\/5864"}],"wp:attachment":[{"href":"https:\/\/azturismo.net\/index.php?rest_route=%2Fwp%2Fv2%2Fmedia&parent=5863"}],"wp:term":[{"taxonomy":"category","embeddable":true,"href":"https:\/\/azturismo.net\/index.php?rest_route=%2Fwp%2Fv2%2Fcategories&post=5863"},{"taxonomy":"post_tag","embeddable":true,"href":"https:\/\/azturismo.net\/index.php?rest_route=%2Fwp%2Fv2%2Ftags&post=5863"}],"curies":[{"name":"wp","href":"https:\/\/api.w.org\/{rel}","templated":true}]}}