{"id":5795,"date":"2025-10-01T19:07:00","date_gmt":"2025-10-02T01:07:00","guid":{"rendered":"https:\/\/azturismo.net\/?p=5795"},"modified":"2025-10-01T20:07:05","modified_gmt":"2025-10-02T02:07:05","slug":"anuncia-sectur-semana-del-vino-mexicano-2025-el-enoturismo-motor-de-desarrollo-economico","status":"publish","type":"post","link":"https:\/\/azturismo.net\/?p=5795","title":{"rendered":"Anuncia Sectur Semana del Vino Mexicano 2025"},"content":{"rendered":"\n<p>Por Oscar V\u00e1zquez C.<\/p>\n\n\n\n<p>Con la mira puesta en potenciar el <strong>turismo de experiencias<\/strong> y el <strong>desarrollo econ\u00f3mico regional<\/strong>, la Secretar\u00eda de Turismo (Sectur) anunci\u00f3 oficialmente la celebraci\u00f3n de la <strong>Semana del Vino Mexicano<\/strong>, que se llevar\u00e1 a cabo del <strong>7 al 12 de octubre<\/strong> de 2025. El evento, que gira en torno al D\u00eda del Vino Mexicano (7 de octubre), busca honrar a una industria que genera m\u00e1s de <strong>500,000 empleos<\/strong> y se consolida como un ingrediente clave para el turismo nacional.<\/p>\n\n\n\n<h4 class=\"wp-block-heading\"><strong>Una Industria con Sabor a M\u00e9xico<\/strong><\/h4>\n\n\n\n<p>Durante el anuncio, en Punto M\u00e9xico, de la Secretar\u00eda de Turismo del Gobierno de M\u00e9xico, <strong>Miguel Agu\u00ed\u00f1iga Rodr\u00edguez<\/strong>, titular de la Unidad de Innovaci\u00f3n, Sustentabilidad y Profesionalizaci\u00f3n Tur\u00edstica de la Sectur, destac\u00f3 el papel transformador de esta industria.<\/p>\n\n\n<div class=\"wp-block-image\">\n<figure class=\"aligncenter size-full is-resized\"><img data-recalc-dims=\"1\" loading=\"lazy\" decoding=\"async\" width=\"600\" height=\"399\" data-attachment-id=\"5801\" data-permalink=\"https:\/\/azturismo.net\/?attachment_id=5801\" data-orig-file=\"https:\/\/i0.wp.com\/azturismo.net\/wp-content\/uploads\/2025\/10\/Sectur-SemanaNacionaldelVino.jpg?fit=600%2C399&amp;ssl=1\" data-orig-size=\"600,399\" data-comments-opened=\"1\" data-image-meta=\"{&quot;aperture&quot;:&quot;0&quot;,&quot;credit&quot;:&quot;&quot;,&quot;camera&quot;:&quot;&quot;,&quot;caption&quot;:&quot;&quot;,&quot;created_timestamp&quot;:&quot;0&quot;,&quot;copyright&quot;:&quot;&quot;,&quot;focal_length&quot;:&quot;0&quot;,&quot;iso&quot;:&quot;0&quot;,&quot;shutter_speed&quot;:&quot;0&quot;,&quot;title&quot;:&quot;&quot;,&quot;orientation&quot;:&quot;1&quot;}\" data-image-title=\"Sectur-SemanaNacionaldelVino\" data-image-description=\"\" data-image-caption=\"\" data-large-file=\"https:\/\/i0.wp.com\/azturismo.net\/wp-content\/uploads\/2025\/10\/Sectur-SemanaNacionaldelVino.jpg?fit=600%2C399&amp;ssl=1\" src=\"https:\/\/i0.wp.com\/azturismo.net\/wp-content\/uploads\/2025\/10\/Sectur-SemanaNacionaldelVino.jpg?resize=600%2C399&#038;ssl=1\" alt=\"\" class=\"wp-image-5801\" style=\"width:802px;height:auto\" srcset=\"https:\/\/i0.wp.com\/azturismo.net\/wp-content\/uploads\/2025\/10\/Sectur-SemanaNacionaldelVino.jpg?w=600&amp;ssl=1 600w, https:\/\/i0.wp.com\/azturismo.net\/wp-content\/uploads\/2025\/10\/Sectur-SemanaNacionaldelVino.jpg?resize=300%2C200&amp;ssl=1 300w, https:\/\/i0.wp.com\/azturismo.net\/wp-content\/uploads\/2025\/10\/Sectur-SemanaNacionaldelVino.jpg?resize=150%2C100&amp;ssl=1 150w\" sizes=\"auto, (max-width: 600px) 100vw, 600px\" \/><\/figure><\/div>\n\n\n<p>\u201cSer\u00e1 una fecha para honrar la tradici\u00f3n y el futuro prometedor de la industria vin\u00edcola, s\u00edmbolo de identidad, cultura y desarrollo econ\u00f3mico para nuestro pa\u00eds\u201d, afirm\u00f3 el funcionario, quien acudi\u00f3 en representaci\u00f3n de la secretaria <strong>Josefina Rodr\u00edguez Zamora<\/strong>.<\/p>\n\n\n\n<p><strong>Cifras que Hablan por S\u00ed Solas:<\/strong><\/p>\n\n\n\n<ul class=\"wp-block-list\">\n<li><strong>+500,000 empleos<\/strong> generados directa e indirectamente.<\/li>\n\n\n\n<li><strong>9,700 hect\u00e1reas<\/strong> de vi\u00f1edos distribuidos en <strong>17 estados<\/strong>.<\/li>\n\n\n\n<li><strong>Baja California<\/strong> lidera la producci\u00f3n con el <strong>70%<\/strong> del volumen nacional.<\/li>\n\n\n\n<li><strong>M\u00e1s de 2,500 medallas internacionales<\/strong> avalan la calidad del vino mexicano.<\/li>\n<\/ul>\n\n\n\n<h4 class=\"wp-block-heading\"><strong>El Enoturismo: La Nueva Ruta del Viajero Experiencial<\/strong><\/h4>\n\n\n\n<p>\u201cHoy el enoturismo se suma como una herramienta de innovaci\u00f3n que diversifica la oferta tur\u00edstica de nuestro pa\u00eds\u201d, subray\u00f3 Agu\u00ed\u00f1iga Rodr\u00edguez. Esta tendencia ha logrado transformar regiones que antes no eran destinos tur\u00edsticos convencionales en polos de desarrollo.<\/p>\n\n\n\n<p><strong>Ejemplos del Boom Enotur\u00edstico:<\/strong><\/p>\n\n\n\n<ul class=\"wp-block-list\">\n<li><strong>Quer\u00e9taro:<\/strong> Recibi\u00f3 <strong>1 mill\u00f3n de visitantes<\/strong> en sus vi\u00f1edos durante 2024.<\/li>\n\n\n\n<li><strong>Baja California:<\/strong> Alcanz\u00f3 los <strong>860,000 turistas<\/strong> interesados en experiencias vin\u00edcolas.<\/li>\n<\/ul>\n\n\n\n<figure class=\"wp-block-gallery has-nested-images columns-default is-cropped wp-block-gallery-1 is-layout-flex wp-block-gallery-is-layout-flex\">\n<figure class=\"wp-block-image size-large\"><img data-recalc-dims=\"1\" loading=\"lazy\" decoding=\"async\" width=\"600\" height=\"399\" data-attachment-id=\"5802\" data-permalink=\"https:\/\/azturismo.net\/?attachment_id=5802\" data-orig-file=\"https:\/\/i0.wp.com\/azturismo.net\/wp-content\/uploads\/2025\/10\/Sectur-SemanaNacionaldelVino04.jpg?fit=600%2C399&amp;ssl=1\" data-orig-size=\"600,399\" data-comments-opened=\"1\" data-image-meta=\"{&quot;aperture&quot;:&quot;0&quot;,&quot;credit&quot;:&quot;&quot;,&quot;camera&quot;:&quot;&quot;,&quot;caption&quot;:&quot;&quot;,&quot;created_timestamp&quot;:&quot;0&quot;,&quot;copyright&quot;:&quot;&quot;,&quot;focal_length&quot;:&quot;0&quot;,&quot;iso&quot;:&quot;0&quot;,&quot;shutter_speed&quot;:&quot;0&quot;,&quot;title&quot;:&quot;&quot;,&quot;orientation&quot;:&quot;1&quot;}\" data-image-title=\"Sectur-SemanaNacionaldelVino04\" data-image-description=\"\" data-image-caption=\"\" data-large-file=\"https:\/\/i0.wp.com\/azturismo.net\/wp-content\/uploads\/2025\/10\/Sectur-SemanaNacionaldelVino04.jpg?fit=600%2C399&amp;ssl=1\" data-id=\"5802\" src=\"https:\/\/i0.wp.com\/azturismo.net\/wp-content\/uploads\/2025\/10\/Sectur-SemanaNacionaldelVino04.jpg?resize=600%2C399&#038;ssl=1\" alt=\"\" class=\"wp-image-5802\" srcset=\"https:\/\/i0.wp.com\/azturismo.net\/wp-content\/uploads\/2025\/10\/Sectur-SemanaNacionaldelVino04.jpg?w=600&amp;ssl=1 600w, https:\/\/i0.wp.com\/azturismo.net\/wp-content\/uploads\/2025\/10\/Sectur-SemanaNacionaldelVino04.jpg?resize=300%2C200&amp;ssl=1 300w, https:\/\/i0.wp.com\/azturismo.net\/wp-content\/uploads\/2025\/10\/Sectur-SemanaNacionaldelVino04.jpg?resize=150%2C100&amp;ssl=1 150w\" sizes=\"auto, (max-width: 600px) 100vw, 600px\" \/><\/figure>\n\n\n\n<figure class=\"wp-block-image size-large\"><img data-recalc-dims=\"1\" loading=\"lazy\" decoding=\"async\" width=\"600\" height=\"400\" data-attachment-id=\"5803\" data-permalink=\"https:\/\/azturismo.net\/?attachment_id=5803\" data-orig-file=\"https:\/\/i0.wp.com\/azturismo.net\/wp-content\/uploads\/2025\/10\/Sectur-SemanaNacionaldelVino02.jpg?fit=600%2C400&amp;ssl=1\" data-orig-size=\"600,400\" data-comments-opened=\"1\" data-image-meta=\"{&quot;aperture&quot;:&quot;0&quot;,&quot;credit&quot;:&quot;&quot;,&quot;camera&quot;:&quot;&quot;,&quot;caption&quot;:&quot;&quot;,&quot;created_timestamp&quot;:&quot;0&quot;,&quot;copyright&quot;:&quot;&quot;,&quot;focal_length&quot;:&quot;0&quot;,&quot;iso&quot;:&quot;0&quot;,&quot;shutter_speed&quot;:&quot;0&quot;,&quot;title&quot;:&quot;&quot;,&quot;orientation&quot;:&quot;1&quot;}\" data-image-title=\"Sectur-SemanaNacionaldelVino02\" data-image-description=\"\" data-image-caption=\"\" data-large-file=\"https:\/\/i0.wp.com\/azturismo.net\/wp-content\/uploads\/2025\/10\/Sectur-SemanaNacionaldelVino02.jpg?fit=600%2C400&amp;ssl=1\" data-id=\"5803\" src=\"https:\/\/i0.wp.com\/azturismo.net\/wp-content\/uploads\/2025\/10\/Sectur-SemanaNacionaldelVino02.jpg?resize=600%2C400&#038;ssl=1\" alt=\"\" class=\"wp-image-5803\" srcset=\"https:\/\/i0.wp.com\/azturismo.net\/wp-content\/uploads\/2025\/10\/Sectur-SemanaNacionaldelVino02.jpg?w=600&amp;ssl=1 600w, https:\/\/i0.wp.com\/azturismo.net\/wp-content\/uploads\/2025\/10\/Sectur-SemanaNacionaldelVino02.jpg?resize=300%2C200&amp;ssl=1 300w, https:\/\/i0.wp.com\/azturismo.net\/wp-content\/uploads\/2025\/10\/Sectur-SemanaNacionaldelVino02.jpg?resize=150%2C100&amp;ssl=1 150w\" sizes=\"auto, (max-width: 600px) 100vw, 600px\" \/><\/figure>\n\n\n\n<figure class=\"wp-block-image size-large\"><img data-recalc-dims=\"1\" loading=\"lazy\" decoding=\"async\" width=\"600\" height=\"399\" data-attachment-id=\"5804\" data-permalink=\"https:\/\/azturismo.net\/?attachment_id=5804\" data-orig-file=\"https:\/\/i0.wp.com\/azturismo.net\/wp-content\/uploads\/2025\/10\/Sectur-SemanaNacionaldelVino01-1.jpg?fit=600%2C399&amp;ssl=1\" data-orig-size=\"600,399\" data-comments-opened=\"1\" data-image-meta=\"{&quot;aperture&quot;:&quot;0&quot;,&quot;credit&quot;:&quot;&quot;,&quot;camera&quot;:&quot;&quot;,&quot;caption&quot;:&quot;&quot;,&quot;created_timestamp&quot;:&quot;0&quot;,&quot;copyright&quot;:&quot;&quot;,&quot;focal_length&quot;:&quot;0&quot;,&quot;iso&quot;:&quot;0&quot;,&quot;shutter_speed&quot;:&quot;0&quot;,&quot;title&quot;:&quot;&quot;,&quot;orientation&quot;:&quot;1&quot;}\" data-image-title=\"Sectur-SemanaNacionaldelVino01\" data-image-description=\"\" data-image-caption=\"\" data-large-file=\"https:\/\/i0.wp.com\/azturismo.net\/wp-content\/uploads\/2025\/10\/Sectur-SemanaNacionaldelVino01-1.jpg?fit=600%2C399&amp;ssl=1\" data-id=\"5804\" src=\"https:\/\/i0.wp.com\/azturismo.net\/wp-content\/uploads\/2025\/10\/Sectur-SemanaNacionaldelVino01-1.jpg?resize=600%2C399&#038;ssl=1\" alt=\"\" class=\"wp-image-5804\" srcset=\"https:\/\/i0.wp.com\/azturismo.net\/wp-content\/uploads\/2025\/10\/Sectur-SemanaNacionaldelVino01-1.jpg?w=600&amp;ssl=1 600w, https:\/\/i0.wp.com\/azturismo.net\/wp-content\/uploads\/2025\/10\/Sectur-SemanaNacionaldelVino01-1.jpg?resize=300%2C200&amp;ssl=1 300w, https:\/\/i0.wp.com\/azturismo.net\/wp-content\/uploads\/2025\/10\/Sectur-SemanaNacionaldelVino01-1.jpg?resize=150%2C100&amp;ssl=1 150w\" sizes=\"auto, (max-width: 600px) 100vw, 600px\" \/><\/figure>\n<\/figure>\n\n\n\n<p>Salom\u00f3n Abedrop L\u00f3pez, representante del sector, resalt\u00f3 que el <strong>enoturismo ha generado un efecto multiplicador<\/strong>, beneficiando a hoteles, restaurantes y comercios locales, y creando <strong>arraigo en las comunidades<\/strong>.<\/p>\n\n\n\n<h4 class=\"wp-block-heading\"><strong>Actividades para Celebrar el Vino Nacional<\/strong><\/h4>\n\n\n\n<p>Como parte central de las celebraciones, se inaugurar\u00e1 la exposici\u00f3n fotogr\u00e1fica <strong>\u201cRuta Vino Mexicano\u201d<\/strong>, en coordinaci\u00f3n con el Consejo Mexicano Vitivin\u00edcola (CMV).<\/p>\n\n\n\n<ul class=\"wp-block-list\">\n<li><strong>Qu\u00e9 es:<\/strong> Un recorrido visual por las principales regiones vitivin\u00edcolas de M\u00e9xico.<\/li>\n\n\n\n<li><strong>D\u00f3nde:<\/strong> Punto M\u00e9xico (Masaryk #172, CDMX).<\/li>\n\n\n\n<li><strong>Cu\u00e1ndo:<\/strong> Del 2 al 15 de octubre.<\/li>\n\n\n\n<li><strong>Costo:<\/strong> Entrada gratuita.<\/li>\n<\/ul>\n\n\n\n<p>La muestra busca inspirar a los visitantes a explorar las <strong>rutas de enoturismo<\/strong> disponibles a lo largo del pa\u00eds, las cuales pueden consultarse en la plataforma oficial <strong>Visit M\u00e9xico<\/strong>.<\/p>\n\n\n\n<h4 class=\"wp-block-heading\"><strong>Gastronom\u00eda y Vino: Un Matrimonio Perfecto<\/strong><\/h4>\n\n\n\n<p>La <strong>presidenta ejecutiva de CANIRAC, Claudia Ram\u00edrez<\/strong>, enfatiz\u00f3 el v\u00ednculo indisoluble entre la cocina mexicana y el vino nacional, describi\u00e9ndolo como \u201cla mejor vitrina\u201d para los caldos locales.<\/p>\n\n\n\n<p>\u201cCada copa de vino que llega a la mesa representa el esfuerzo de miles de familias en los vi\u00f1edos, la creatividad de quienes lo producen y el orgullo de quienes lo disfrutan\u201d, expres\u00f3 Ram\u00edrez.<\/p>\n\n\n\n<h4 class=\"wp-block-heading\"><strong>Una Apuesta por la Prosperidad Compartida<\/strong><\/h4>\n\n\n\n<p>La Semana del Vino Mexicano se alinea con la visi\u00f3n de la Sectur de fortalecer al <strong>turismo como generador de bienestar y Prosperidad Compartida<\/strong>. Con una producci\u00f3n que actualmente cubre el <strong>30% del consumo interno<\/strong>, el potencial de crecimiento es enorme, representando una oportunidad \u00fanica para <strong>posicionar internacionalmente<\/strong> el car\u00e1cter \u00fanico y la calidad del vino mexicano.<\/p>\n\n\n\n<p><strong>\u00bfD\u00f3nde disfrutar del vino mexicano?<\/strong><br>Para planear tu pr\u00f3xima ruta enol\u00f3gica, visita la plataforma <strong><a href=\"https:\/\/www.visitmexico.com\">Visit M\u00e9xico<\/a><\/strong> y descubre los vi\u00f1edos, bodegas y experiencias que te esperan de Baja California a Quer\u00e9taro.<\/p>\n\n\n\n<p><\/p>\n\n\n\n<p><strong>\u00a1S\u00edguenos!<\/strong><a href=\"https:\/\/www.facebook.com\/AzturismoNoticias\"><\/a><\/p>\n\n\n\n<p><a href=\"https:\/\/www.facebook.com\/AzturismoNoticias\">https:\/\/www.facebook.com\/AzturismoNoticias<\/a><\/p>\n\n\n\n<p><a href=\"mailto:tiktok.com\/@azturismo\">tiktok.com\/@azturismo<\/a><\/p>\n\n\n\n<p><a href=\"http:\/\/www.instagram.com\/azturismo_noticias\">www.instagram.com\/azturismo_noticias<\/a><\/p>\n\n\n\n<figure class=\"wp-block-embed is-type-rich is-provider-twitter wp-block-embed-twitter\"><div class=\"wp-block-embed__wrapper\">\n<div class=\"embed-twitter\"><a class=\"twitter-timeline\" data-width=\"696\" data-height=\"1000\" data-dnt=\"true\" href=\"https:\/\/twitter.com\/AzTurismo?ref_src=twsrc%5Etfw\">Tweets by AzTurismo<\/a><script async src=\"https:\/\/platform.twitter.com\/widgets.js\" charset=\"utf-8\"><\/script><\/div>\n<\/div><\/figure>\n","protected":false},"excerpt":{"rendered":"<p>Por Oscar V\u00e1zquez C. Con la mira puesta en potenciar el turismo de experiencias y el desarrollo econ\u00f3mico regional, la Secretar\u00eda de Turismo (Sectur) anunci\u00f3 oficialmente la celebraci\u00f3n de la Semana del Vino Mexicano, que se llevar\u00e1 a cabo del 7 al 12 de octubre de 2025. El evento, que gira en torno al D\u00eda [&hellip;]<\/p>\n","protected":false},"author":1,"featured_media":5800,"comment_status":"open","ping_status":"open","sticky":false,"template":"","format":"standard","meta":{"jetpack_post_was_ever_published":false,"_jetpack_newsletter_access":"","_jetpack_dont_email_post_to_subs":false,"_jetpack_newsletter_tier_id":0,"_jetpack_memberships_contains_paywalled_content":false,"_jetpack_memberships_contains_paid_content":false,"footnotes":"","jetpack_publicize_message":"","jetpack_publicize_feature_enabled":true,"jetpack_social_post_already_shared":true,"jetpack_social_options":{"image_generator_settings":{"template":"highway","default_image_id":0,"font":"","enabled":false},"version":2}},"categories":[30,35],"tags":[99,2571,2569,2566,2570,313,2572,2565,116,2568,2564,690,2567,673],"class_list":{"0":"post-5795","1":"post","2":"type-post","3":"status-publish","4":"format-standard","5":"has-post-thumbnail","7":"category-e","8":"category-sabores","9":"tag-azturismo","10":"tag-baja-california-vino","11":"tag-dia-del-vino-mexicano","12":"tag-empleos-vitivinicolas","13":"tag-enoturismo-mexico","14":"tag-josefina-rodriguez-zamora","15":"tag-queretaro-enoturismo","16":"tag-rutas-de-vino","17":"tag-sectur","18":"tag-sectur-turismo","19":"tag-semana-del-vino-mexicano","20":"tag-turismo-gastronomico","21":"tag-vinedos-en-mexico","22":"tag-vino-mexicano"},"yoast_head":"<!-- This site is optimized with the Yoast SEO plugin v27.5 - https:\/\/yoast.com\/product\/yoast-seo-wordpress\/ -->\n<title>Anuncia Sectur Semana del Vino Mexicano 2025 - Azturismo Noticias<\/title>\n<meta name=\"description\" content=\"Del 7 al 12 de octubre se celebra la Semana del Vino Mexicano. Descubre c\u00f3mo el enoturismo impulsa la econom\u00eda regional y las actividades para disfrutar del vino nacional.\" \/>\n<meta name=\"robots\" content=\"index, follow, max-snippet:-1, max-image-preview:large, max-video-preview:-1\" \/>\n<link rel=\"canonical\" href=\"https:\/\/azturismo.net\/?p=5795\" \/>\n<meta property=\"og:locale\" content=\"es_MX\" \/>\n<meta property=\"og:type\" content=\"article\" \/>\n<meta property=\"og:title\" content=\"Anuncia Sectur Semana del Vino Mexicano 2025 - Azturismo Noticias\" \/>\n<meta property=\"og:description\" content=\"Del 7 al 12 de octubre se celebra la Semana del Vino Mexicano. Descubre c\u00f3mo el enoturismo impulsa la econom\u00eda regional y las actividades para disfrutar del vino nacional.\" \/>\n<meta property=\"og:url\" content=\"https:\/\/azturismo.net\/?p=5795\" \/>\n<meta property=\"og:site_name\" content=\"Azturismo Noticias\" \/>\n<meta property=\"article:publisher\" content=\"https:\/\/www.facebook.com\/AzturismoNoticias\" \/>\n<meta property=\"article:published_time\" content=\"2025-10-02T01:07:00+00:00\" \/>\n<meta property=\"article:modified_time\" content=\"2025-10-02T02:07:05+00:00\" \/>\n<meta property=\"og:image\" content=\"https:\/\/azturismo.net\/wp-content\/uploads\/2025\/10\/Sectur-SemanaNacionaldelVino01.jpg\" \/>\n\t<meta property=\"og:image:width\" content=\"600\" \/>\n\t<meta property=\"og:image:height\" content=\"399\" \/>\n\t<meta property=\"og:image:type\" content=\"image\/jpeg\" \/>\n<meta name=\"author\" content=\"Azturismo\" \/>\n<meta name=\"twitter:card\" content=\"summary_large_image\" \/>\n<meta name=\"twitter:creator\" content=\"@AzTurismo\" \/>\n<meta name=\"twitter:site\" content=\"@AzTurismo\" \/>\n<meta name=\"twitter:label1\" content=\"Escrito por\" \/>\n\t<meta name=\"twitter:data1\" content=\"Azturismo\" \/>\n\t<meta name=\"twitter:label2\" content=\"Tiempo de lectura\" \/>\n\t<meta name=\"twitter:data2\" content=\"4 minutos\" \/>\n<script type=\"application\/ld+json\" class=\"yoast-schema-graph\">{\"@context\":\"https:\\\/\\\/schema.org\",\"@graph\":[{\"@type\":\"Article\",\"@id\":\"https:\\\/\\\/azturismo.net\\\/?p=5795#article\",\"isPartOf\":{\"@id\":\"https:\\\/\\\/azturismo.net\\\/?p=5795\"},\"author\":{\"name\":\"Azturismo\",\"@id\":\"https:\\\/\\\/azturismo.net\\\/#\\\/schema\\\/person\\\/4b56d87f51c4d1b518c650739ad3bbc1\"},\"headline\":\"Anuncia Sectur Semana del Vino Mexicano 2025\",\"datePublished\":\"2025-10-02T01:07:00+00:00\",\"dateModified\":\"2025-10-02T02:07:05+00:00\",\"mainEntityOfPage\":{\"@id\":\"https:\\\/\\\/azturismo.net\\\/?p=5795\"},\"wordCount\":626,\"commentCount\":0,\"publisher\":{\"@id\":\"https:\\\/\\\/azturismo.net\\\/#organization\"},\"image\":{\"@id\":\"https:\\\/\\\/azturismo.net\\\/?p=5795#primaryimage\"},\"thumbnailUrl\":\"https:\\\/\\\/i0.wp.com\\\/azturismo.net\\\/wp-content\\\/uploads\\\/2025\\\/10\\\/Sectur-SemanaNacionaldelVino01.jpg?fit=600%2C399&ssl=1\",\"keywords\":[\"azturismo\",\"Baja California vino\",\"D\u00eda del Vino Mexicano\",\"empleos vitivin\u00edcolas\",\"enoturismo M\u00e9xico\",\"Josefina Rodr\u00edguez Zamora\",\"Quer\u00e9taro enoturismo\",\"rutas de vino\",\"Sectur\",\"Sectur turismo\",\"Semana del Vino Mexicano\",\"turismo gastron\u00f3mico\",\"vi\u00f1edos en M\u00e9xico\",\"Vino mexicano\"],\"articleSection\":[\"Destacadas\",\"SABORES\"],\"inLanguage\":\"es\",\"potentialAction\":[{\"@type\":\"CommentAction\",\"name\":\"Comment\",\"target\":[\"https:\\\/\\\/azturismo.net\\\/?p=5795#respond\"]}]},{\"@type\":\"WebPage\",\"@id\":\"https:\\\/\\\/azturismo.net\\\/?p=5795\",\"url\":\"https:\\\/\\\/azturismo.net\\\/?p=5795\",\"name\":\"Anuncia Sectur Semana del Vino Mexicano 2025 - Azturismo Noticias\",\"isPartOf\":{\"@id\":\"https:\\\/\\\/azturismo.net\\\/#website\"},\"primaryImageOfPage\":{\"@id\":\"https:\\\/\\\/azturismo.net\\\/?p=5795#primaryimage\"},\"image\":{\"@id\":\"https:\\\/\\\/azturismo.net\\\/?p=5795#primaryimage\"},\"thumbnailUrl\":\"https:\\\/\\\/i0.wp.com\\\/azturismo.net\\\/wp-content\\\/uploads\\\/2025\\\/10\\\/Sectur-SemanaNacionaldelVino01.jpg?fit=600%2C399&ssl=1\",\"datePublished\":\"2025-10-02T01:07:00+00:00\",\"dateModified\":\"2025-10-02T02:07:05+00:00\",\"description\":\"Del 7 al 12 de octubre se celebra la Semana del Vino Mexicano. Descubre c\u00f3mo el enoturismo impulsa la econom\u00eda regional y las actividades para disfrutar del vino nacional.\",\"breadcrumb\":{\"@id\":\"https:\\\/\\\/azturismo.net\\\/?p=5795#breadcrumb\"},\"inLanguage\":\"es\",\"potentialAction\":[{\"@type\":\"ReadAction\",\"target\":[\"https:\\\/\\\/azturismo.net\\\/?p=5795\"]}]},{\"@type\":\"ImageObject\",\"inLanguage\":\"es\",\"@id\":\"https:\\\/\\\/azturismo.net\\\/?p=5795#primaryimage\",\"url\":\"https:\\\/\\\/i0.wp.com\\\/azturismo.net\\\/wp-content\\\/uploads\\\/2025\\\/10\\\/Sectur-SemanaNacionaldelVino01.jpg?fit=600%2C399&ssl=1\",\"contentUrl\":\"https:\\\/\\\/i0.wp.com\\\/azturismo.net\\\/wp-content\\\/uploads\\\/2025\\\/10\\\/Sectur-SemanaNacionaldelVino01.jpg?fit=600%2C399&ssl=1\",\"width\":600,\"height\":399},{\"@type\":\"BreadcrumbList\",\"@id\":\"https:\\\/\\\/azturismo.net\\\/?p=5795#breadcrumb\",\"itemListElement\":[{\"@type\":\"ListItem\",\"position\":1,\"name\":\"Home\",\"item\":\"https:\\\/\\\/azturismo.net\\\/\"},{\"@type\":\"ListItem\",\"position\":2,\"name\":\"Anuncia Sectur Semana del Vino Mexicano 2025\"}]},{\"@type\":\"WebSite\",\"@id\":\"https:\\\/\\\/azturismo.net\\\/#website\",\"url\":\"https:\\\/\\\/azturismo.net\\\/\",\"name\":\"Azturismo\",\"description\":\"Azturismo Noticias\",\"publisher\":{\"@id\":\"https:\\\/\\\/azturismo.net\\\/#organization\"},\"potentialAction\":[{\"@type\":\"SearchAction\",\"target\":{\"@type\":\"EntryPoint\",\"urlTemplate\":\"https:\\\/\\\/azturismo.net\\\/?s={search_term_string}\"},\"query-input\":{\"@type\":\"PropertyValueSpecification\",\"valueRequired\":true,\"valueName\":\"search_term_string\"}}],\"inLanguage\":\"es\"},{\"@type\":\"Organization\",\"@id\":\"https:\\\/\\\/azturismo.net\\\/#organization\",\"name\":\"Azturismo\",\"url\":\"https:\\\/\\\/azturismo.net\\\/\",\"logo\":{\"@type\":\"ImageObject\",\"inLanguage\":\"es\",\"@id\":\"https:\\\/\\\/azturismo.net\\\/#\\\/schema\\\/logo\\\/image\\\/\",\"url\":\"https:\\\/\\\/i0.wp.com\\\/azturismo.net\\\/wp-content\\\/uploads\\\/2024\\\/03\\\/logo-el-bueno-.png?fit=294%2C69&ssl=1\",\"contentUrl\":\"https:\\\/\\\/i0.wp.com\\\/azturismo.net\\\/wp-content\\\/uploads\\\/2024\\\/03\\\/logo-el-bueno-.png?fit=294%2C69&ssl=1\",\"width\":294,\"height\":69,\"caption\":\"Azturismo\"},\"image\":{\"@id\":\"https:\\\/\\\/azturismo.net\\\/#\\\/schema\\\/logo\\\/image\\\/\"},\"sameAs\":[\"https:\\\/\\\/www.facebook.com\\\/AzturismoNoticias\",\"https:\\\/\\\/x.com\\\/AzTurismo\",\"https:\\\/\\\/www.instagram.com\\\/azturismo_noticias\\\/?fbclid=IwAR2xMiuoHbs6eLeIHKP8P5sSGa-xFrw7FfejscXO7kDghWa7wKLjGczKOwE\",\"https:\\\/\\\/www.tiktok.com\\\/@azturismo\"]},{\"@type\":\"Person\",\"@id\":\"https:\\\/\\\/azturismo.net\\\/#\\\/schema\\\/person\\\/4b56d87f51c4d1b518c650739ad3bbc1\",\"name\":\"Azturismo\",\"image\":{\"@type\":\"ImageObject\",\"inLanguage\":\"es\",\"@id\":\"https:\\\/\\\/azturismo.net\\\/wp-content\\\/litespeed\\\/avatar\\\/dfe28a31cdd68b788da48a316e50db10.jpg?ver=1777707566\",\"url\":\"https:\\\/\\\/azturismo.net\\\/wp-content\\\/litespeed\\\/avatar\\\/dfe28a31cdd68b788da48a316e50db10.jpg?ver=1777707566\",\"contentUrl\":\"https:\\\/\\\/azturismo.net\\\/wp-content\\\/litespeed\\\/avatar\\\/dfe28a31cdd68b788da48a316e50db10.jpg?ver=1777707566\",\"caption\":\"Azturismo\"},\"sameAs\":[\"https:\\\/\\\/azturismo.net\"],\"url\":\"https:\\\/\\\/azturismo.net\\\/?author=1\"}]}<\/script>\n<!-- \/ Yoast SEO plugin. -->","yoast_head_json":{"title":"Anuncia Sectur Semana del Vino Mexicano 2025 - Azturismo Noticias","description":"Del 7 al 12 de octubre se celebra la Semana del Vino Mexicano. Descubre c\u00f3mo el enoturismo impulsa la econom\u00eda regional y las actividades para disfrutar del vino nacional.","robots":{"index":"index","follow":"follow","max-snippet":"max-snippet:-1","max-image-preview":"max-image-preview:large","max-video-preview":"max-video-preview:-1"},"canonical":"https:\/\/azturismo.net\/?p=5795","og_locale":"es_MX","og_type":"article","og_title":"Anuncia Sectur Semana del Vino Mexicano 2025 - Azturismo Noticias","og_description":"Del 7 al 12 de octubre se celebra la Semana del Vino Mexicano. Descubre c\u00f3mo el enoturismo impulsa la econom\u00eda regional y las actividades para disfrutar del vino nacional.","og_url":"https:\/\/azturismo.net\/?p=5795","og_site_name":"Azturismo Noticias","article_publisher":"https:\/\/www.facebook.com\/AzturismoNoticias","article_published_time":"2025-10-02T01:07:00+00:00","article_modified_time":"2025-10-02T02:07:05+00:00","og_image":[{"width":600,"height":399,"url":"https:\/\/azturismo.net\/wp-content\/uploads\/2025\/10\/Sectur-SemanaNacionaldelVino01.jpg","type":"image\/jpeg"}],"author":"Azturismo","twitter_card":"summary_large_image","twitter_creator":"@AzTurismo","twitter_site":"@AzTurismo","twitter_misc":{"Escrito por":"Azturismo","Tiempo de lectura":"4 minutos"},"schema":{"@context":"https:\/\/schema.org","@graph":[{"@type":"Article","@id":"https:\/\/azturismo.net\/?p=5795#article","isPartOf":{"@id":"https:\/\/azturismo.net\/?p=5795"},"author":{"name":"Azturismo","@id":"https:\/\/azturismo.net\/#\/schema\/person\/4b56d87f51c4d1b518c650739ad3bbc1"},"headline":"Anuncia Sectur Semana del Vino Mexicano 2025","datePublished":"2025-10-02T01:07:00+00:00","dateModified":"2025-10-02T02:07:05+00:00","mainEntityOfPage":{"@id":"https:\/\/azturismo.net\/?p=5795"},"wordCount":626,"commentCount":0,"publisher":{"@id":"https:\/\/azturismo.net\/#organization"},"image":{"@id":"https:\/\/azturismo.net\/?p=5795#primaryimage"},"thumbnailUrl":"https:\/\/i0.wp.com\/azturismo.net\/wp-content\/uploads\/2025\/10\/Sectur-SemanaNacionaldelVino01.jpg?fit=600%2C399&ssl=1","keywords":["azturismo","Baja California vino","D\u00eda del Vino Mexicano","empleos vitivin\u00edcolas","enoturismo M\u00e9xico","Josefina Rodr\u00edguez Zamora","Quer\u00e9taro enoturismo","rutas de vino","Sectur","Sectur turismo","Semana del Vino Mexicano","turismo gastron\u00f3mico","vi\u00f1edos en M\u00e9xico","Vino mexicano"],"articleSection":["Destacadas","SABORES"],"inLanguage":"es","potentialAction":[{"@type":"CommentAction","name":"Comment","target":["https:\/\/azturismo.net\/?p=5795#respond"]}]},{"@type":"WebPage","@id":"https:\/\/azturismo.net\/?p=5795","url":"https:\/\/azturismo.net\/?p=5795","name":"Anuncia Sectur Semana del Vino Mexicano 2025 - Azturismo Noticias","isPartOf":{"@id":"https:\/\/azturismo.net\/#website"},"primaryImageOfPage":{"@id":"https:\/\/azturismo.net\/?p=5795#primaryimage"},"image":{"@id":"https:\/\/azturismo.net\/?p=5795#primaryimage"},"thumbnailUrl":"https:\/\/i0.wp.com\/azturismo.net\/wp-content\/uploads\/2025\/10\/Sectur-SemanaNacionaldelVino01.jpg?fit=600%2C399&ssl=1","datePublished":"2025-10-02T01:07:00+00:00","dateModified":"2025-10-02T02:07:05+00:00","description":"Del 7 al 12 de octubre se celebra la Semana del Vino Mexicano. Descubre c\u00f3mo el enoturismo impulsa la econom\u00eda regional y las actividades para disfrutar del vino nacional.","breadcrumb":{"@id":"https:\/\/azturismo.net\/?p=5795#breadcrumb"},"inLanguage":"es","potentialAction":[{"@type":"ReadAction","target":["https:\/\/azturismo.net\/?p=5795"]}]},{"@type":"ImageObject","inLanguage":"es","@id":"https:\/\/azturismo.net\/?p=5795#primaryimage","url":"https:\/\/i0.wp.com\/azturismo.net\/wp-content\/uploads\/2025\/10\/Sectur-SemanaNacionaldelVino01.jpg?fit=600%2C399&ssl=1","contentUrl":"https:\/\/i0.wp.com\/azturismo.net\/wp-content\/uploads\/2025\/10\/Sectur-SemanaNacionaldelVino01.jpg?fit=600%2C399&ssl=1","width":600,"height":399},{"@type":"BreadcrumbList","@id":"https:\/\/azturismo.net\/?p=5795#breadcrumb","itemListElement":[{"@type":"ListItem","position":1,"name":"Home","item":"https:\/\/azturismo.net\/"},{"@type":"ListItem","position":2,"name":"Anuncia Sectur Semana del Vino Mexicano 2025"}]},{"@type":"WebSite","@id":"https:\/\/azturismo.net\/#website","url":"https:\/\/azturismo.net\/","name":"Azturismo","description":"Azturismo Noticias","publisher":{"@id":"https:\/\/azturismo.net\/#organization"},"potentialAction":[{"@type":"SearchAction","target":{"@type":"EntryPoint","urlTemplate":"https:\/\/azturismo.net\/?s={search_term_string}"},"query-input":{"@type":"PropertyValueSpecification","valueRequired":true,"valueName":"search_term_string"}}],"inLanguage":"es"},{"@type":"Organization","@id":"https:\/\/azturismo.net\/#organization","name":"Azturismo","url":"https:\/\/azturismo.net\/","logo":{"@type":"ImageObject","inLanguage":"es","@id":"https:\/\/azturismo.net\/#\/schema\/logo\/image\/","url":"https:\/\/i0.wp.com\/azturismo.net\/wp-content\/uploads\/2024\/03\/logo-el-bueno-.png?fit=294%2C69&ssl=1","contentUrl":"https:\/\/i0.wp.com\/azturismo.net\/wp-content\/uploads\/2024\/03\/logo-el-bueno-.png?fit=294%2C69&ssl=1","width":294,"height":69,"caption":"Azturismo"},"image":{"@id":"https:\/\/azturismo.net\/#\/schema\/logo\/image\/"},"sameAs":["https:\/\/www.facebook.com\/AzturismoNoticias","https:\/\/x.com\/AzTurismo","https:\/\/www.instagram.com\/azturismo_noticias\/?fbclid=IwAR2xMiuoHbs6eLeIHKP8P5sSGa-xFrw7FfejscXO7kDghWa7wKLjGczKOwE","https:\/\/www.tiktok.com\/@azturismo"]},{"@type":"Person","@id":"https:\/\/azturismo.net\/#\/schema\/person\/4b56d87f51c4d1b518c650739ad3bbc1","name":"Azturismo","image":{"@type":"ImageObject","inLanguage":"es","@id":"https:\/\/azturismo.net\/wp-content\/litespeed\/avatar\/dfe28a31cdd68b788da48a316e50db10.jpg?ver=1777707566","url":"https:\/\/azturismo.net\/wp-content\/litespeed\/avatar\/dfe28a31cdd68b788da48a316e50db10.jpg?ver=1777707566","contentUrl":"https:\/\/azturismo.net\/wp-content\/litespeed\/avatar\/dfe28a31cdd68b788da48a316e50db10.jpg?ver=1777707566","caption":"Azturismo"},"sameAs":["https:\/\/azturismo.net"],"url":"https:\/\/azturismo.net\/?author=1"}]}},"jetpack_publicize_connections":[],"jetpack_featured_media_url":"https:\/\/i0.wp.com\/azturismo.net\/wp-content\/uploads\/2025\/10\/Sectur-SemanaNacionaldelVino01.jpg?fit=600%2C399&ssl=1","jetpack_sharing_enabled":true,"jetpack-related-posts":[{"id":5960,"url":"https:\/\/azturismo.net\/?p=5960","url_meta":{"origin":5795,"position":0},"title":"\ud83c\udf77 Del\u00e9itate en el Festival del Vino Queretano 2025","author":"Azturismo","date":"octubre 14, 2025","format":false,"excerpt":"Por Oscar V\u00e1zquez C. La magia del vino volver\u00e1 a llenar las copas en Quer\u00e9taro. Del 17 al 19 de octubre de 2025, la Plaza Gran Cue, en el municipio de Corregidora, ser\u00e1 sede de la quinta edici\u00f3n del Festival del Vino Queretano, un evento que celebra la riqueza vitivin\u00edcola\u2026","rel":"","context":"En &quot;Destacadas&quot;","block_context":{"text":"Destacadas","link":"https:\/\/azturismo.net\/?cat=30"},"img":{"alt_text":"","src":"https:\/\/i0.wp.com\/azturismo.net\/wp-content\/uploads\/2025\/10\/El-sector-vitivinicola-se-consolida-como-motor-de-movilidad-economica-en-Queretaro.jpg?fit=600%2C399&ssl=1&resize=350%2C200","width":350,"height":200,"srcset":"https:\/\/i0.wp.com\/azturismo.net\/wp-content\/uploads\/2025\/10\/El-sector-vitivinicola-se-consolida-como-motor-de-movilidad-economica-en-Queretaro.jpg?fit=600%2C399&ssl=1&resize=350%2C200 1x, https:\/\/i0.wp.com\/azturismo.net\/wp-content\/uploads\/2025\/10\/El-sector-vitivinicola-se-consolida-como-motor-de-movilidad-economica-en-Queretaro.jpg?fit=600%2C399&ssl=1&resize=525%2C300 1.5x"},"classes":[]},{"id":6333,"url":"https:\/\/azturismo.net\/?p=6333","url_meta":{"origin":5795,"position":1},"title":"Morelos se viste de luces con el X Foro Mundial en de la Gastronom\u00eda Mexicana","author":"Azturismo","date":"noviembre 8, 2025","format":false,"excerpt":"Por Oscar V\u00e1zquez C. La cocina tradicional mexicana est\u00e1 de fiesta. Este 2025 se cumplen 15 a\u00f1os desde que la UNESCO la reconoci\u00f3 como Patrimonio Cultural Inmaterial de la Humanidad, y para celebrarlo se inaugur\u00f3 en Cuernavaca, Morelos, el X Foro Mundial de la Gastronom\u00eda Mexicana, un evento que re\u00fane\u2026","rel":"","context":"En &quot;Destacadas&quot;","block_context":{"text":"Destacadas","link":"https:\/\/azturismo.net\/?cat=30"},"img":{"alt_text":"","src":"https:\/\/i0.wp.com\/azturismo.net\/wp-content\/uploads\/2025\/11\/Sectur-Foro-Mundial-Gastronomia-Mexicana.jpg?fit=600%2C400&ssl=1&resize=350%2C200","width":350,"height":200,"srcset":"https:\/\/i0.wp.com\/azturismo.net\/wp-content\/uploads\/2025\/11\/Sectur-Foro-Mundial-Gastronomia-Mexicana.jpg?fit=600%2C400&ssl=1&resize=350%2C200 1x, https:\/\/i0.wp.com\/azturismo.net\/wp-content\/uploads\/2025\/11\/Sectur-Foro-Mundial-Gastronomia-Mexicana.jpg?fit=600%2C400&ssl=1&resize=525%2C300 1.5x"},"classes":[]},{"id":4360,"url":"https:\/\/azturismo.net\/?p=4360","url_meta":{"origin":5795,"position":2},"title":"Sectur firma acuerdo con industria de cruceros para impulsar turismo mexicano","author":"Azturismo","date":"julio 2, 2025","format":false,"excerpt":"Por Oscar V\u00e1zquez C. La Secretar\u00eda de Turismo (Sectur) anunci\u00f3 un acuerdo estrat\u00e9gico con el sector naviero que promete transformar la industria de cruceros en M\u00e9xico, generando m\u00e1s empleos para mexicanos y fortaleciendo las cadenas productivas locales. Acuerdo Estrat\u00e9gico Beneficiar\u00e1 a Comunidades Mexicanas La secretaria de Turismo, Josefina Rodr\u00edguez Zamora,\u2026","rel":"","context":"En &quot;Destacadas&quot;","block_context":{"text":"Destacadas","link":"https:\/\/azturismo.net\/?cat=30"},"img":{"alt_text":"","src":"https:\/\/i0.wp.com\/azturismo.net\/wp-content\/uploads\/2025\/07\/PSX_20250701_233445.jpg?fit=600%2C400&ssl=1&resize=350%2C200","width":350,"height":200,"srcset":"https:\/\/i0.wp.com\/azturismo.net\/wp-content\/uploads\/2025\/07\/PSX_20250701_233445.jpg?fit=600%2C400&ssl=1&resize=350%2C200 1x, https:\/\/i0.wp.com\/azturismo.net\/wp-content\/uploads\/2025\/07\/PSX_20250701_233445.jpg?fit=600%2C400&ssl=1&resize=525%2C300 1.5x"},"classes":[]},{"id":6003,"url":"https:\/\/azturismo.net\/?p=6003","url_meta":{"origin":5795,"position":3},"title":"M\u00e9rida anuncia su primer Festival del Vino","author":"Azturismo","date":"octubre 18, 2025","format":false,"excerpt":"Por Staff AzTurismo \ud83c\udf77 La capital yucateca celebr\u00f3 el D\u00eda Nacional del Vino Mexicano con una gran noticia: el lanzamiento del primer festival especializado en la cultura vitivin\u00edcola del sureste, \u201cSabor a Vid\u201d, que se realizar\u00e1 el 6 de diciembre en Casona 333, frente a la plaza Paseo 60. El\u2026","rel":"","context":"En &quot;Destacadas&quot;","block_context":{"text":"Destacadas","link":"https:\/\/azturismo.net\/?cat=30"},"img":{"alt_text":"","src":"https:\/\/i0.wp.com\/azturismo.net\/wp-content\/uploads\/2025\/10\/Merida-FestivaldelVino.png?fit=600%2C434&ssl=1&resize=350%2C200","width":350,"height":200,"srcset":"https:\/\/i0.wp.com\/azturismo.net\/wp-content\/uploads\/2025\/10\/Merida-FestivaldelVino.png?fit=600%2C434&ssl=1&resize=350%2C200 1x, https:\/\/i0.wp.com\/azturismo.net\/wp-content\/uploads\/2025\/10\/Merida-FestivaldelVino.png?fit=600%2C434&ssl=1&resize=525%2C300 1.5x"},"classes":[]},{"id":3447,"url":"https:\/\/azturismo.net\/?p=3447","url_meta":{"origin":5795,"position":4},"title":"Quer\u00e9taro recibe la Indicaci\u00f3n Geogr\u00e1fica Protegida para sus vinos","author":"Azturismo","date":"marzo 25, 2025","format":false,"excerpt":"Por Oscar V\u00e1zquez C. En un hecho hist\u00f3rico para la vitivinicultura mexicana, Quer\u00e9taro recibi\u00f3 oficialmente la Indicaci\u00f3n Geogr\u00e1fica Protegida (IGP) para los vinos de su regi\u00f3n, consolidando su prestigio como una de las zonas vin\u00edcolas m\u00e1s importantes del pa\u00eds. Esta distinci\u00f3n, otorgada por el Instituto Mexicano de la Propiedad Industrial\u2026","rel":"","context":"En &quot;Destacadas&quot;","block_context":{"text":"Destacadas","link":"https:\/\/azturismo.net\/?cat=30"},"img":{"alt_text":"","src":"https:\/\/i0.wp.com\/azturismo.net\/wp-content\/uploads\/2025\/03\/Foto-Vaco-Declaracionvinosqueretaro-presidium.jpg?fit=600%2C400&ssl=1&resize=350%2C200","width":350,"height":200,"srcset":"https:\/\/i0.wp.com\/azturismo.net\/wp-content\/uploads\/2025\/03\/Foto-Vaco-Declaracionvinosqueretaro-presidium.jpg?fit=600%2C400&ssl=1&resize=350%2C200 1x, https:\/\/i0.wp.com\/azturismo.net\/wp-content\/uploads\/2025\/03\/Foto-Vaco-Declaracionvinosqueretaro-presidium.jpg?fit=600%2C400&ssl=1&resize=525%2C300 1.5x"},"classes":[]},{"id":5964,"url":"https:\/\/azturismo.net\/?p=5964","url_meta":{"origin":5795,"position":5},"title":"Fortalece Sectur el turismo comunitario","author":"Azturismo","date":"octubre 14, 2025","format":false,"excerpt":"Por Staff AzTurismo \ud83d\udccd La Secretar\u00eda de Turismo del Gobierno de M\u00e9xico (Sectur) encabez\u00f3 la Primera Sesi\u00f3n Ordinaria 2025 del Consejo Consultivo de Turismo, donde se presentaron acciones y avances clave para fortalecer el turismo comunitario, sostenible e inclusivo en el pa\u00eds. Durante el encuentro, la dependencia reafirm\u00f3 su compromiso\u2026","rel":"","context":"En &quot;NACIONALES&quot;","block_context":{"text":"NACIONALES","link":"https:\/\/azturismo.net\/?cat=29"},"img":{"alt_text":"","src":"https:\/\/i0.wp.com\/azturismo.net\/wp-content\/uploads\/2025\/10\/Comunicado-222-3.jpg?fit=600%2C399&ssl=1&resize=350%2C200","width":350,"height":200,"srcset":"https:\/\/i0.wp.com\/azturismo.net\/wp-content\/uploads\/2025\/10\/Comunicado-222-3.jpg?fit=600%2C399&ssl=1&resize=350%2C200 1x, https:\/\/i0.wp.com\/azturismo.net\/wp-content\/uploads\/2025\/10\/Comunicado-222-3.jpg?fit=600%2C399&ssl=1&resize=525%2C300 1.5x"},"classes":[]}],"jetpack_shortlink":"https:\/\/wp.me\/pfqZGx-1vt","amp_enabled":true,"_links":{"self":[{"href":"https:\/\/azturismo.net\/index.php?rest_route=\/wp\/v2\/posts\/5795","targetHints":{"allow":["GET"]}}],"collection":[{"href":"https:\/\/azturismo.net\/index.php?rest_route=\/wp\/v2\/posts"}],"about":[{"href":"https:\/\/azturismo.net\/index.php?rest_route=\/wp\/v2\/types\/post"}],"author":[{"embeddable":true,"href":"https:\/\/azturismo.net\/index.php?rest_route=\/wp\/v2\/users\/1"}],"replies":[{"embeddable":true,"href":"https:\/\/azturismo.net\/index.php?rest_route=%2Fwp%2Fv2%2Fcomments&post=5795"}],"version-history":[{"count":2,"href":"https:\/\/azturismo.net\/index.php?rest_route=\/wp\/v2\/posts\/5795\/revisions"}],"predecessor-version":[{"id":5806,"href":"https:\/\/azturismo.net\/index.php?rest_route=\/wp\/v2\/posts\/5795\/revisions\/5806"}],"wp:featuredmedia":[{"embeddable":true,"href":"https:\/\/azturismo.net\/index.php?rest_route=\/wp\/v2\/media\/5800"}],"wp:attachment":[{"href":"https:\/\/azturismo.net\/index.php?rest_route=%2Fwp%2Fv2%2Fmedia&parent=5795"}],"wp:term":[{"taxonomy":"category","embeddable":true,"href":"https:\/\/azturismo.net\/index.php?rest_route=%2Fwp%2Fv2%2Fcategories&post=5795"},{"taxonomy":"post_tag","embeddable":true,"href":"https:\/\/azturismo.net\/index.php?rest_route=%2Fwp%2Fv2%2Ftags&post=5795"}],"curies":[{"name":"wp","href":"https:\/\/api.w.org\/{rel}","templated":true}]}}