{"id":5718,"date":"2025-09-29T08:08:00","date_gmt":"2025-09-29T14:08:00","guid":{"rendered":"https:\/\/azturismo.net\/?p=5718"},"modified":"2025-09-30T22:52:36","modified_gmt":"2025-10-01T04:52:36","slug":"cdmx-despliega-su-oferta-turistica-en-la-fit-argentina-2025","status":"publish","type":"post","link":"https:\/\/azturismo.net\/?p=5718","title":{"rendered":"CDMX despliega su oferta tur\u00edstica en la FIT Argentina 2025"},"content":{"rendered":"\n<p>Por Staff AzTurismo <\/p>\n\n\n\n<p><strong>Buenos Aires, Argentina.- La capital mexicana presenta en esta ciudad  <\/strong><em>sus atractivos culturales, naturales y de turismo sostenible ante operadores de m\u00e1s de 60 pa\u00edses, destacando su liderazgo femenino y vocaci\u00f3n inclusiva.<\/em><\/p>\n\n\n\n<p>Con una potente narrativa que enfatiza su pluralidad, liderazgo femenino y una oferta que trasciende lo convencional, la <strong>Ciudad de M\u00e9xico<\/strong> se posiciona en la <strong>Feria Internacional de Turismo (FIT) 2025<\/strong> como un destino de clase mundial. La delegaci\u00f3n capitalina, encabezada por la directora general del Instituto de Promoci\u00f3n Tur\u00edstica, <strong>Jennie Shrem Serur<\/strong>, participa durante los cuatro d\u00edas de este evento masivo para captar la atenci\u00f3n de touroperadores y viajeros latinoamericanos.<\/p>\n\n\n<div class=\"wp-block-image\">\n<figure class=\"aligncenter size-full\"><img data-recalc-dims=\"1\" loading=\"lazy\" decoding=\"async\" width=\"595\" height=\"403\" data-attachment-id=\"5726\" data-permalink=\"https:\/\/azturismo.net\/?attachment_id=5726\" data-orig-file=\"https:\/\/i0.wp.com\/azturismo.net\/wp-content\/uploads\/2025\/09\/1000184382.jpg?fit=595%2C403&amp;ssl=1\" data-orig-size=\"595,403\" data-comments-opened=\"1\" data-image-meta=\"{&quot;aperture&quot;:&quot;0&quot;,&quot;credit&quot;:&quot;&quot;,&quot;camera&quot;:&quot;&quot;,&quot;caption&quot;:&quot;&quot;,&quot;created_timestamp&quot;:&quot;0&quot;,&quot;copyright&quot;:&quot;&quot;,&quot;focal_length&quot;:&quot;0&quot;,&quot;iso&quot;:&quot;0&quot;,&quot;shutter_speed&quot;:&quot;0&quot;,&quot;title&quot;:&quot;&quot;,&quot;orientation&quot;:&quot;1&quot;}\" data-image-title=\"1000184382\" data-image-description=\"\" data-image-caption=\"\" data-large-file=\"https:\/\/i0.wp.com\/azturismo.net\/wp-content\/uploads\/2025\/09\/1000184382.jpg?fit=595%2C403&amp;ssl=1\" src=\"https:\/\/i0.wp.com\/azturismo.net\/wp-content\/uploads\/2025\/09\/1000184382.jpg?resize=595%2C403&#038;ssl=1\" alt=\"\" class=\"wp-image-5726\" srcset=\"https:\/\/i0.wp.com\/azturismo.net\/wp-content\/uploads\/2025\/09\/1000184382.jpg?w=595&amp;ssl=1 595w, https:\/\/i0.wp.com\/azturismo.net\/wp-content\/uploads\/2025\/09\/1000184382.jpg?resize=300%2C203&amp;ssl=1 300w, https:\/\/i0.wp.com\/azturismo.net\/wp-content\/uploads\/2025\/09\/1000184382.jpg?resize=150%2C102&amp;ssl=1 150w\" sizes=\"auto, (max-width: 595px) 100vw, 595px\" \/><\/figure><\/div>\n\n\n<p>\u201cLa vocaci\u00f3n de la <strong>Ciudad de M\u00e9xico<\/strong> como destino tur\u00edstico es plural e inclusiva. Es una ciudad que recibe a todas y todos por igual, donde no se practica la discriminaci\u00f3n\u201d, afirm\u00f3 Shrem Serur durante una reuni\u00f3n con touroperadores y prensa especializada. La funcionaria, quien representa a la Secretaria de Turismo local, Alejandra Frausto Guerrero, tambi\u00e9n hizo alusi\u00f3n a la renovaci\u00f3n urbana en curso y enalteci\u00f3 el <strong>liderazgo femenino<\/strong> como un sello distintivo del gobierno capitalino.<\/p>\n\n\n\n<h3 class=\"wp-block-heading\">CDMX: Un Destino que Lo Tiene Todo<\/h3>\n\n\n\n<p>La presentaci\u00f3n en La Rural de Buenos Aires sirvi\u00f3 como vitrina para detallar los pilares de la <strong>oferta tur\u00edstica de la CDMX<\/strong>:<\/p>\n\n\n<div class=\"wp-block-image\">\n<figure class=\"aligncenter size-full\"><img data-recalc-dims=\"1\" loading=\"lazy\" decoding=\"async\" width=\"640\" height=\"360\" data-attachment-id=\"5727\" data-permalink=\"https:\/\/azturismo.net\/?attachment_id=5727\" data-orig-file=\"https:\/\/i0.wp.com\/azturismo.net\/wp-content\/uploads\/2025\/09\/1000184400.jpg?fit=640%2C360&amp;ssl=1\" data-orig-size=\"640,360\" data-comments-opened=\"1\" data-image-meta=\"{&quot;aperture&quot;:&quot;0&quot;,&quot;credit&quot;:&quot;&quot;,&quot;camera&quot;:&quot;&quot;,&quot;caption&quot;:&quot;&quot;,&quot;created_timestamp&quot;:&quot;0&quot;,&quot;copyright&quot;:&quot;&quot;,&quot;focal_length&quot;:&quot;0&quot;,&quot;iso&quot;:&quot;0&quot;,&quot;shutter_speed&quot;:&quot;0&quot;,&quot;title&quot;:&quot;&quot;,&quot;orientation&quot;:&quot;1&quot;}\" data-image-title=\"1000184400\" data-image-description=\"\" data-image-caption=\"\" data-large-file=\"https:\/\/i0.wp.com\/azturismo.net\/wp-content\/uploads\/2025\/09\/1000184400.jpg?fit=640%2C360&amp;ssl=1\" src=\"https:\/\/i0.wp.com\/azturismo.net\/wp-content\/uploads\/2025\/09\/1000184400.jpg?resize=640%2C360&#038;ssl=1\" alt=\"\" class=\"wp-image-5727\" srcset=\"https:\/\/i0.wp.com\/azturismo.net\/wp-content\/uploads\/2025\/09\/1000184400.jpg?w=640&amp;ssl=1 640w, https:\/\/i0.wp.com\/azturismo.net\/wp-content\/uploads\/2025\/09\/1000184400.jpg?resize=300%2C169&amp;ssl=1 300w, https:\/\/i0.wp.com\/azturismo.net\/wp-content\/uploads\/2025\/09\/1000184400.jpg?resize=150%2C84&amp;ssl=1 150w\" sizes=\"auto, (max-width: 640px) 100vw, 640px\" \/><\/figure><\/div>\n\n\n<ul class=\"wp-block-list\">\n<li><strong>Capital Cultural:<\/strong> Se destac\u00f3 que la ciudad es la segunda con m\u00e1s museos en el mundo (188) y posee 270 galer\u00edas de arte y 160 teatros, consolid\u00e1ndose como un epicentro cultural global.<\/li>\n\n\n\n<li><strong>Pulmones Verdes y Sostenibilidad:<\/strong> Se enfatiz\u00f3 que el <strong>Bosque de Chapultepec<\/strong>, con sus 800 hect\u00e1reas, es \u201cel bosque cultural m\u00e1s grande del mundo\u201d. Adem\u00e1s, se resalt\u00f3 que el 60% del territorio de la ciudad es suelo de conservaci\u00f3n, proyectando una imagen de <strong>destino verde y sostenible<\/strong>.<\/li>\n\n\n\n<li><strong>Gastronom\u00eda e Infraestructura de Lujo:<\/strong> La presentaci\u00f3n incluy\u00f3 una muestra de la deliciosa gastronom\u00eda local, como los emblem\u00e1ticos tacos. Se subray\u00f3 la robusta industria del hospedaje, con m\u00e1s de 830 hoteles (66,000 habitaciones), incluyendo 109 hoteles de lujo y boutique, y 60 restaurantes con reconocimiento internacional.<\/li>\n<\/ul>\n\n\n\n<h3 class=\"wp-block-heading\">Una Estrategia con Enfoque Regional<\/h3>\n\n\n\n<p>La participaci\u00f3n de la <strong>Ciudad de M\u00e9xico en la FIT Argentina 2025<\/strong> no es casual. Forma parte de una estrategia internacional deliberada para fortalecer su presencia en el <strong>mercado latinoamericano<\/strong>. Las im\u00e1genes proyectadas durante la presentaci\u00f3n \u2013museos, galer\u00edas, bosques urbanos y \u00e1reas de conservaci\u00f3n\u2013 apuntan a construir una narrativa moderna que combine patrimonio, cultura urbana y sostenibilidad, alej\u00e1ndose del turismo convencional.<\/p>\n\n\n<div class=\"wp-block-image\">\n<figure class=\"aligncenter size-full\"><img data-recalc-dims=\"1\" loading=\"lazy\" decoding=\"async\" width=\"640\" height=\"445\" data-attachment-id=\"5728\" data-permalink=\"https:\/\/azturismo.net\/?attachment_id=5728\" data-orig-file=\"https:\/\/i0.wp.com\/azturismo.net\/wp-content\/uploads\/2025\/09\/1000184403.jpg?fit=640%2C445&amp;ssl=1\" data-orig-size=\"640,445\" data-comments-opened=\"1\" data-image-meta=\"{&quot;aperture&quot;:&quot;0&quot;,&quot;credit&quot;:&quot;&quot;,&quot;camera&quot;:&quot;&quot;,&quot;caption&quot;:&quot;&quot;,&quot;created_timestamp&quot;:&quot;0&quot;,&quot;copyright&quot;:&quot;&quot;,&quot;focal_length&quot;:&quot;0&quot;,&quot;iso&quot;:&quot;0&quot;,&quot;shutter_speed&quot;:&quot;0&quot;,&quot;title&quot;:&quot;&quot;,&quot;orientation&quot;:&quot;1&quot;}\" data-image-title=\"1000184403\" data-image-description=\"\" data-image-caption=\"\" data-large-file=\"https:\/\/i0.wp.com\/azturismo.net\/wp-content\/uploads\/2025\/09\/1000184403.jpg?fit=640%2C445&amp;ssl=1\" src=\"https:\/\/i0.wp.com\/azturismo.net\/wp-content\/uploads\/2025\/09\/1000184403.jpg?resize=640%2C445&#038;ssl=1\" alt=\"\" class=\"wp-image-5728\" srcset=\"https:\/\/i0.wp.com\/azturismo.net\/wp-content\/uploads\/2025\/09\/1000184403.jpg?w=640&amp;ssl=1 640w, https:\/\/i0.wp.com\/azturismo.net\/wp-content\/uploads\/2025\/09\/1000184403.jpg?resize=300%2C209&amp;ssl=1 300w, https:\/\/i0.wp.com\/azturismo.net\/wp-content\/uploads\/2025\/09\/1000184403.jpg?resize=150%2C104&amp;ssl=1 150w\" sizes=\"auto, (max-width: 640px) 100vw, 640px\" \/><\/figure><\/div>\n\n\n<p>El stand de la CDMX fue inaugurado con un corte de list\u00f3n encabezado por Jennie Shrem, con la presencia de la embajadora de M\u00e9xico en Argentina, Lilia Eugenia Rossbach, y del presidente del Ente de Turismo de Buenos Aires, Valent\u00edn Diaz Gilligan, en una ceremonia que cont\u00f3 con la asistencia del presidente argentino, Javier Milei.<\/p>\n\n\n\n<h3 class=\"wp-block-heading\">La FIT 2025: El Epicentro del Turismo<\/h3>\n\n\n\n<p>La <strong>Feria Internacional de Turismo<\/strong>, que se celebra del 27 al 30 de septiembre, es la vitrina m\u00e1s importante de la industria de viajes en la regi\u00f3n. En su 29\u00b0 edici\u00f3n, re\u00fane a m\u00e1s de 1,700 expositores, incluyendo todas las provincias argentinas y m\u00e1s de <strong>60 pa\u00edses<\/strong>, con una expectativa de m\u00e1s de 135,000 visitantes durante sus cuatro d\u00edas de intensa actividad. La presencia de la <strong>Ciudad de M\u00e9xico en esta feria<\/strong> consolida su ambici\u00f3n de ser el destino l\u00edder para los viajeros internacionales.<\/p>\n\n\n\n<h3 class=\"wp-block-heading\">\u00a1S\u00edguenos!<\/h3>\n\n\n\n<p><a href=\"https:\/\/www.facebook.com\/AzturismoNoticias\">https:\/\/www.facebook.com\/AzturismoNoticias<\/a><\/p>\n\n\n\n<p><strong><a href=\"mailto:tiktok.com\/@azturismo\">tiktok.com\/@azturismo<\/a><\/strong><\/p>\n\n\n\n<p><strong><a href=\"https:\/\/www.instagram.com\/azturismo_noticias\">www.instagram.com\/azturismo_noticias<\/a><\/strong><\/p>\n\n\n\n<p><a href=\"https:\/\/x.com\/AzTurismo\">https:\/\/x.com\/AzTurismo<\/a><\/p>\n","protected":false},"excerpt":{"rendered":"<p>Por Staff AzTurismo Buenos Aires, Argentina.- La capital mexicana presenta en esta ciudad sus atractivos culturales, naturales y de turismo sostenible ante operadores de m\u00e1s de 60 pa\u00edses, destacando su liderazgo femenino y vocaci\u00f3n inclusiva. Con una potente narrativa que enfatiza su pluralidad, liderazgo femenino y una oferta que trasciende lo convencional, la Ciudad de [&hellip;]<\/p>\n","protected":false},"author":1,"featured_media":5719,"comment_status":"open","ping_status":"open","sticky":false,"template":"","format":"standard","meta":{"jetpack_post_was_ever_published":false,"_jetpack_newsletter_access":"","_jetpack_dont_email_post_to_subs":false,"_jetpack_newsletter_tier_id":0,"_jetpack_memberships_contains_paywalled_content":false,"_jetpack_memberships_contains_paid_content":false,"footnotes":"","jetpack_publicize_message":"","jetpack_publicize_feature_enabled":true,"jetpack_social_post_already_shared":true,"jetpack_social_options":{"image_generator_settings":{"template":"highway","default_image_id":0,"font":"","enabled":false},"version":2}},"categories":[30,29],"tags":[963,99,2527,82,1081,2526,2529,717,39,2528,38],"class_list":{"0":"post-5718","1":"post","2":"type-post","3":"status-publish","4":"format-standard","5":"has-post-thumbnail","7":"category-e","8":"category-nacionales","9":"tag-argentina","10":"tag-azturismo","11":"tag-buenosaires","12":"tag-cdmx","13":"tag-ferias-turisticas-internacionales","14":"tag-fit2025","15":"tag-latam","16":"tag-mexico-2","17":"tag-turismo","18":"tag-turismocdmx","19":"tag-viajes"},"yoast_head":"<!-- This site is optimized with the Yoast SEO plugin v27.5 - https:\/\/yoast.com\/product\/yoast-seo-wordpress\/ -->\n<title>CDMX despliega su oferta tur\u00edstica en la FIT Argentina 2025 - Azturismo Noticias<\/title>\n<meta name=\"description\" content=\"La Ciudad de M\u00e9xico present\u00f3 en la Feria Internacional de Turismo 2025, realizada en Buenos Aires, Argentina, sus atractivos culturales, naturales y de turismo sostenible ante operadores de m\u00e1s de 60 pa\u00edses, destacando su liderazgo femenino y vocaci\u00f3n inclusiva.\" \/>\n<meta name=\"robots\" content=\"index, follow, max-snippet:-1, max-image-preview:large, max-video-preview:-1\" \/>\n<link rel=\"canonical\" href=\"https:\/\/azturismo.net\/?p=5718\" \/>\n<meta property=\"og:locale\" content=\"es_MX\" \/>\n<meta property=\"og:type\" content=\"article\" \/>\n<meta property=\"og:title\" content=\"CDMX despliega su oferta tur\u00edstica en la FIT Argentina 2025 - Azturismo Noticias\" \/>\n<meta property=\"og:description\" content=\"La Ciudad de M\u00e9xico present\u00f3 en la Feria Internacional de Turismo 2025, realizada en Buenos Aires, Argentina, sus atractivos culturales, naturales y de turismo sostenible ante operadores de m\u00e1s de 60 pa\u00edses, destacando su liderazgo femenino y vocaci\u00f3n inclusiva.\" \/>\n<meta property=\"og:url\" content=\"https:\/\/azturismo.net\/?p=5718\" \/>\n<meta property=\"og:site_name\" content=\"Azturismo Noticias\" \/>\n<meta property=\"article:publisher\" content=\"https:\/\/www.facebook.com\/AzturismoNoticias\" \/>\n<meta property=\"article:published_time\" content=\"2025-09-29T14:08:00+00:00\" \/>\n<meta property=\"article:modified_time\" content=\"2025-10-01T04:52:36+00:00\" \/>\n<meta property=\"og:image\" content=\"https:\/\/azturismo.net\/wp-content\/uploads\/2025\/09\/20250928_223523.jpg\" \/>\n\t<meta property=\"og:image:width\" content=\"540\" \/>\n\t<meta property=\"og:image:height\" content=\"667\" \/>\n\t<meta property=\"og:image:type\" content=\"image\/jpeg\" \/>\n<meta name=\"author\" content=\"Azturismo\" \/>\n<meta name=\"twitter:card\" content=\"summary_large_image\" \/>\n<meta name=\"twitter:creator\" content=\"@AzTurismo\" \/>\n<meta name=\"twitter:site\" content=\"@AzTurismo\" \/>\n<meta name=\"twitter:label1\" content=\"Escrito por\" \/>\n\t<meta name=\"twitter:data1\" content=\"Azturismo\" \/>\n\t<meta name=\"twitter:label2\" content=\"Tiempo de lectura\" \/>\n\t<meta name=\"twitter:data2\" content=\"4 minutos\" \/>\n<script type=\"application\/ld+json\" class=\"yoast-schema-graph\">{\"@context\":\"https:\\\/\\\/schema.org\",\"@graph\":[{\"@type\":\"Article\",\"@id\":\"https:\\\/\\\/azturismo.net\\\/?p=5718#article\",\"isPartOf\":{\"@id\":\"https:\\\/\\\/azturismo.net\\\/?p=5718\"},\"author\":{\"name\":\"Azturismo\",\"@id\":\"https:\\\/\\\/azturismo.net\\\/#\\\/schema\\\/person\\\/4b56d87f51c4d1b518c650739ad3bbc1\"},\"headline\":\"CDMX despliega su oferta tur\u00edstica en la FIT Argentina 2025\",\"datePublished\":\"2025-09-29T14:08:00+00:00\",\"dateModified\":\"2025-10-01T04:52:36+00:00\",\"mainEntityOfPage\":{\"@id\":\"https:\\\/\\\/azturismo.net\\\/?p=5718\"},\"wordCount\":611,\"commentCount\":0,\"publisher\":{\"@id\":\"https:\\\/\\\/azturismo.net\\\/#organization\"},\"image\":{\"@id\":\"https:\\\/\\\/azturismo.net\\\/?p=5718#primaryimage\"},\"thumbnailUrl\":\"https:\\\/\\\/i0.wp.com\\\/azturismo.net\\\/wp-content\\\/uploads\\\/2025\\\/09\\\/20250928_223523.jpg?fit=540%2C667&ssl=1\",\"keywords\":[\"Argentina\",\"azturismo\",\"BuenosAires\",\"cdmx\",\"Ferias Tur\u00edsticas internacionales\",\"FIT2025\",\"Latam\",\"M\u00e9xico\",\"Turismo\",\"TurismoCDMX\",\"Viajes\"],\"articleSection\":[\"Destacadas\",\"NACIONALES\"],\"inLanguage\":\"es\",\"potentialAction\":[{\"@type\":\"CommentAction\",\"name\":\"Comment\",\"target\":[\"https:\\\/\\\/azturismo.net\\\/?p=5718#respond\"]}]},{\"@type\":\"WebPage\",\"@id\":\"https:\\\/\\\/azturismo.net\\\/?p=5718\",\"url\":\"https:\\\/\\\/azturismo.net\\\/?p=5718\",\"name\":\"CDMX despliega su oferta tur\u00edstica en la FIT Argentina 2025 - Azturismo Noticias\",\"isPartOf\":{\"@id\":\"https:\\\/\\\/azturismo.net\\\/#website\"},\"primaryImageOfPage\":{\"@id\":\"https:\\\/\\\/azturismo.net\\\/?p=5718#primaryimage\"},\"image\":{\"@id\":\"https:\\\/\\\/azturismo.net\\\/?p=5718#primaryimage\"},\"thumbnailUrl\":\"https:\\\/\\\/i0.wp.com\\\/azturismo.net\\\/wp-content\\\/uploads\\\/2025\\\/09\\\/20250928_223523.jpg?fit=540%2C667&ssl=1\",\"datePublished\":\"2025-09-29T14:08:00+00:00\",\"dateModified\":\"2025-10-01T04:52:36+00:00\",\"description\":\"La Ciudad de M\u00e9xico present\u00f3 en la Feria Internacional de Turismo 2025, realizada en Buenos Aires, Argentina, sus atractivos culturales, naturales y de turismo sostenible ante operadores de m\u00e1s de 60 pa\u00edses, destacando su liderazgo femenino y vocaci\u00f3n inclusiva.\",\"breadcrumb\":{\"@id\":\"https:\\\/\\\/azturismo.net\\\/?p=5718#breadcrumb\"},\"inLanguage\":\"es\",\"potentialAction\":[{\"@type\":\"ReadAction\",\"target\":[\"https:\\\/\\\/azturismo.net\\\/?p=5718\"]}]},{\"@type\":\"ImageObject\",\"inLanguage\":\"es\",\"@id\":\"https:\\\/\\\/azturismo.net\\\/?p=5718#primaryimage\",\"url\":\"https:\\\/\\\/i0.wp.com\\\/azturismo.net\\\/wp-content\\\/uploads\\\/2025\\\/09\\\/20250928_223523.jpg?fit=540%2C667&ssl=1\",\"contentUrl\":\"https:\\\/\\\/i0.wp.com\\\/azturismo.net\\\/wp-content\\\/uploads\\\/2025\\\/09\\\/20250928_223523.jpg?fit=540%2C667&ssl=1\",\"width\":540,\"height\":667},{\"@type\":\"BreadcrumbList\",\"@id\":\"https:\\\/\\\/azturismo.net\\\/?p=5718#breadcrumb\",\"itemListElement\":[{\"@type\":\"ListItem\",\"position\":1,\"name\":\"Home\",\"item\":\"https:\\\/\\\/azturismo.net\\\/\"},{\"@type\":\"ListItem\",\"position\":2,\"name\":\"CDMX despliega su oferta tur\u00edstica en la FIT Argentina 2025\"}]},{\"@type\":\"WebSite\",\"@id\":\"https:\\\/\\\/azturismo.net\\\/#website\",\"url\":\"https:\\\/\\\/azturismo.net\\\/\",\"name\":\"Azturismo\",\"description\":\"Azturismo Noticias\",\"publisher\":{\"@id\":\"https:\\\/\\\/azturismo.net\\\/#organization\"},\"potentialAction\":[{\"@type\":\"SearchAction\",\"target\":{\"@type\":\"EntryPoint\",\"urlTemplate\":\"https:\\\/\\\/azturismo.net\\\/?s={search_term_string}\"},\"query-input\":{\"@type\":\"PropertyValueSpecification\",\"valueRequired\":true,\"valueName\":\"search_term_string\"}}],\"inLanguage\":\"es\"},{\"@type\":\"Organization\",\"@id\":\"https:\\\/\\\/azturismo.net\\\/#organization\",\"name\":\"Azturismo\",\"url\":\"https:\\\/\\\/azturismo.net\\\/\",\"logo\":{\"@type\":\"ImageObject\",\"inLanguage\":\"es\",\"@id\":\"https:\\\/\\\/azturismo.net\\\/#\\\/schema\\\/logo\\\/image\\\/\",\"url\":\"https:\\\/\\\/i0.wp.com\\\/azturismo.net\\\/wp-content\\\/uploads\\\/2024\\\/03\\\/logo-el-bueno-.png?fit=294%2C69&ssl=1\",\"contentUrl\":\"https:\\\/\\\/i0.wp.com\\\/azturismo.net\\\/wp-content\\\/uploads\\\/2024\\\/03\\\/logo-el-bueno-.png?fit=294%2C69&ssl=1\",\"width\":294,\"height\":69,\"caption\":\"Azturismo\"},\"image\":{\"@id\":\"https:\\\/\\\/azturismo.net\\\/#\\\/schema\\\/logo\\\/image\\\/\"},\"sameAs\":[\"https:\\\/\\\/www.facebook.com\\\/AzturismoNoticias\",\"https:\\\/\\\/x.com\\\/AzTurismo\",\"https:\\\/\\\/www.instagram.com\\\/azturismo_noticias\\\/?fbclid=IwAR2xMiuoHbs6eLeIHKP8P5sSGa-xFrw7FfejscXO7kDghWa7wKLjGczKOwE\",\"https:\\\/\\\/www.tiktok.com\\\/@azturismo\"]},{\"@type\":\"Person\",\"@id\":\"https:\\\/\\\/azturismo.net\\\/#\\\/schema\\\/person\\\/4b56d87f51c4d1b518c650739ad3bbc1\",\"name\":\"Azturismo\",\"image\":{\"@type\":\"ImageObject\",\"inLanguage\":\"es\",\"@id\":\"https:\\\/\\\/azturismo.net\\\/wp-content\\\/litespeed\\\/avatar\\\/dfe28a31cdd68b788da48a316e50db10.jpg?ver=1777707566\",\"url\":\"https:\\\/\\\/azturismo.net\\\/wp-content\\\/litespeed\\\/avatar\\\/dfe28a31cdd68b788da48a316e50db10.jpg?ver=1777707566\",\"contentUrl\":\"https:\\\/\\\/azturismo.net\\\/wp-content\\\/litespeed\\\/avatar\\\/dfe28a31cdd68b788da48a316e50db10.jpg?ver=1777707566\",\"caption\":\"Azturismo\"},\"sameAs\":[\"https:\\\/\\\/azturismo.net\"],\"url\":\"https:\\\/\\\/azturismo.net\\\/?author=1\"}]}<\/script>\n<!-- \/ Yoast SEO plugin. -->","yoast_head_json":{"title":"CDMX despliega su oferta tur\u00edstica en la FIT Argentina 2025 - Azturismo Noticias","description":"La Ciudad de M\u00e9xico present\u00f3 en la Feria Internacional de Turismo 2025, realizada en Buenos Aires, Argentina, sus atractivos culturales, naturales y de turismo sostenible ante operadores de m\u00e1s de 60 pa\u00edses, destacando su liderazgo femenino y vocaci\u00f3n inclusiva.","robots":{"index":"index","follow":"follow","max-snippet":"max-snippet:-1","max-image-preview":"max-image-preview:large","max-video-preview":"max-video-preview:-1"},"canonical":"https:\/\/azturismo.net\/?p=5718","og_locale":"es_MX","og_type":"article","og_title":"CDMX despliega su oferta tur\u00edstica en la FIT Argentina 2025 - Azturismo Noticias","og_description":"La Ciudad de M\u00e9xico present\u00f3 en la Feria Internacional de Turismo 2025, realizada en Buenos Aires, Argentina, sus atractivos culturales, naturales y de turismo sostenible ante operadores de m\u00e1s de 60 pa\u00edses, destacando su liderazgo femenino y vocaci\u00f3n inclusiva.","og_url":"https:\/\/azturismo.net\/?p=5718","og_site_name":"Azturismo Noticias","article_publisher":"https:\/\/www.facebook.com\/AzturismoNoticias","article_published_time":"2025-09-29T14:08:00+00:00","article_modified_time":"2025-10-01T04:52:36+00:00","og_image":[{"width":540,"height":667,"url":"https:\/\/azturismo.net\/wp-content\/uploads\/2025\/09\/20250928_223523.jpg","type":"image\/jpeg"}],"author":"Azturismo","twitter_card":"summary_large_image","twitter_creator":"@AzTurismo","twitter_site":"@AzTurismo","twitter_misc":{"Escrito por":"Azturismo","Tiempo de lectura":"4 minutos"},"schema":{"@context":"https:\/\/schema.org","@graph":[{"@type":"Article","@id":"https:\/\/azturismo.net\/?p=5718#article","isPartOf":{"@id":"https:\/\/azturismo.net\/?p=5718"},"author":{"name":"Azturismo","@id":"https:\/\/azturismo.net\/#\/schema\/person\/4b56d87f51c4d1b518c650739ad3bbc1"},"headline":"CDMX despliega su oferta tur\u00edstica en la FIT Argentina 2025","datePublished":"2025-09-29T14:08:00+00:00","dateModified":"2025-10-01T04:52:36+00:00","mainEntityOfPage":{"@id":"https:\/\/azturismo.net\/?p=5718"},"wordCount":611,"commentCount":0,"publisher":{"@id":"https:\/\/azturismo.net\/#organization"},"image":{"@id":"https:\/\/azturismo.net\/?p=5718#primaryimage"},"thumbnailUrl":"https:\/\/i0.wp.com\/azturismo.net\/wp-content\/uploads\/2025\/09\/20250928_223523.jpg?fit=540%2C667&ssl=1","keywords":["Argentina","azturismo","BuenosAires","cdmx","Ferias Tur\u00edsticas internacionales","FIT2025","Latam","M\u00e9xico","Turismo","TurismoCDMX","Viajes"],"articleSection":["Destacadas","NACIONALES"],"inLanguage":"es","potentialAction":[{"@type":"CommentAction","name":"Comment","target":["https:\/\/azturismo.net\/?p=5718#respond"]}]},{"@type":"WebPage","@id":"https:\/\/azturismo.net\/?p=5718","url":"https:\/\/azturismo.net\/?p=5718","name":"CDMX despliega su oferta tur\u00edstica en la FIT Argentina 2025 - Azturismo Noticias","isPartOf":{"@id":"https:\/\/azturismo.net\/#website"},"primaryImageOfPage":{"@id":"https:\/\/azturismo.net\/?p=5718#primaryimage"},"image":{"@id":"https:\/\/azturismo.net\/?p=5718#primaryimage"},"thumbnailUrl":"https:\/\/i0.wp.com\/azturismo.net\/wp-content\/uploads\/2025\/09\/20250928_223523.jpg?fit=540%2C667&ssl=1","datePublished":"2025-09-29T14:08:00+00:00","dateModified":"2025-10-01T04:52:36+00:00","description":"La Ciudad de M\u00e9xico present\u00f3 en la Feria Internacional de Turismo 2025, realizada en Buenos Aires, Argentina, sus atractivos culturales, naturales y de turismo sostenible ante operadores de m\u00e1s de 60 pa\u00edses, destacando su liderazgo femenino y vocaci\u00f3n inclusiva.","breadcrumb":{"@id":"https:\/\/azturismo.net\/?p=5718#breadcrumb"},"inLanguage":"es","potentialAction":[{"@type":"ReadAction","target":["https:\/\/azturismo.net\/?p=5718"]}]},{"@type":"ImageObject","inLanguage":"es","@id":"https:\/\/azturismo.net\/?p=5718#primaryimage","url":"https:\/\/i0.wp.com\/azturismo.net\/wp-content\/uploads\/2025\/09\/20250928_223523.jpg?fit=540%2C667&ssl=1","contentUrl":"https:\/\/i0.wp.com\/azturismo.net\/wp-content\/uploads\/2025\/09\/20250928_223523.jpg?fit=540%2C667&ssl=1","width":540,"height":667},{"@type":"BreadcrumbList","@id":"https:\/\/azturismo.net\/?p=5718#breadcrumb","itemListElement":[{"@type":"ListItem","position":1,"name":"Home","item":"https:\/\/azturismo.net\/"},{"@type":"ListItem","position":2,"name":"CDMX despliega su oferta tur\u00edstica en la FIT Argentina 2025"}]},{"@type":"WebSite","@id":"https:\/\/azturismo.net\/#website","url":"https:\/\/azturismo.net\/","name":"Azturismo","description":"Azturismo Noticias","publisher":{"@id":"https:\/\/azturismo.net\/#organization"},"potentialAction":[{"@type":"SearchAction","target":{"@type":"EntryPoint","urlTemplate":"https:\/\/azturismo.net\/?s={search_term_string}"},"query-input":{"@type":"PropertyValueSpecification","valueRequired":true,"valueName":"search_term_string"}}],"inLanguage":"es"},{"@type":"Organization","@id":"https:\/\/azturismo.net\/#organization","name":"Azturismo","url":"https:\/\/azturismo.net\/","logo":{"@type":"ImageObject","inLanguage":"es","@id":"https:\/\/azturismo.net\/#\/schema\/logo\/image\/","url":"https:\/\/i0.wp.com\/azturismo.net\/wp-content\/uploads\/2024\/03\/logo-el-bueno-.png?fit=294%2C69&ssl=1","contentUrl":"https:\/\/i0.wp.com\/azturismo.net\/wp-content\/uploads\/2024\/03\/logo-el-bueno-.png?fit=294%2C69&ssl=1","width":294,"height":69,"caption":"Azturismo"},"image":{"@id":"https:\/\/azturismo.net\/#\/schema\/logo\/image\/"},"sameAs":["https:\/\/www.facebook.com\/AzturismoNoticias","https:\/\/x.com\/AzTurismo","https:\/\/www.instagram.com\/azturismo_noticias\/?fbclid=IwAR2xMiuoHbs6eLeIHKP8P5sSGa-xFrw7FfejscXO7kDghWa7wKLjGczKOwE","https:\/\/www.tiktok.com\/@azturismo"]},{"@type":"Person","@id":"https:\/\/azturismo.net\/#\/schema\/person\/4b56d87f51c4d1b518c650739ad3bbc1","name":"Azturismo","image":{"@type":"ImageObject","inLanguage":"es","@id":"https:\/\/azturismo.net\/wp-content\/litespeed\/avatar\/dfe28a31cdd68b788da48a316e50db10.jpg?ver=1777707566","url":"https:\/\/azturismo.net\/wp-content\/litespeed\/avatar\/dfe28a31cdd68b788da48a316e50db10.jpg?ver=1777707566","contentUrl":"https:\/\/azturismo.net\/wp-content\/litespeed\/avatar\/dfe28a31cdd68b788da48a316e50db10.jpg?ver=1777707566","caption":"Azturismo"},"sameAs":["https:\/\/azturismo.net"],"url":"https:\/\/azturismo.net\/?author=1"}]}},"jetpack_publicize_connections":[],"jetpack_featured_media_url":"https:\/\/i0.wp.com\/azturismo.net\/wp-content\/uploads\/2025\/09\/20250928_223523.jpg?fit=540%2C667&ssl=1","jetpack_sharing_enabled":true,"jetpack-related-posts":[{"id":5807,"url":"https:\/\/azturismo.net\/?p=5807","url_meta":{"origin":5718,"position":0},"title":"Adi\u00f3s al turismo tradicional, CDMX y Buenos Aires impulsan nuevo modelo","author":"Azturismo","date":"octubre 1, 2025","format":false,"excerpt":"Por Staff AzTurismo CDMX y Buenos Aires se unen para fortalecer el turismo urbano, regular los alojamientos de corta estancia y promover un modelo sustentable, accesible y con arraigo local en v\u00edsperas del Mundial 2026. En el marco de la Feria Internacional de Turismo de Argentina (FIT 2025), la Ciudad\u2026","rel":"","context":"En &quot;Destacadas&quot;","block_context":{"text":"Destacadas","link":"https:\/\/azturismo.net\/?cat=30"},"img":{"alt_text":"","src":"https:\/\/i0.wp.com\/azturismo.net\/wp-content\/uploads\/2025\/10\/CDMX-BsAs-convenio.jpeg?fit=600%2C450&ssl=1&resize=350%2C200","width":350,"height":200,"srcset":"https:\/\/i0.wp.com\/azturismo.net\/wp-content\/uploads\/2025\/10\/CDMX-BsAs-convenio.jpeg?fit=600%2C450&ssl=1&resize=350%2C200 1x, https:\/\/i0.wp.com\/azturismo.net\/wp-content\/uploads\/2025\/10\/CDMX-BsAs-convenio.jpeg?fit=600%2C450&ssl=1&resize=525%2C300 1.5x"},"classes":[]},{"id":4225,"url":"https:\/\/azturismo.net\/?p=4225","url_meta":{"origin":5718,"position":1},"title":"CDMX impulsa el liderazgo femenino en turismo con la reuni\u00f3n global RIMEL","author":"Azturismo","date":"junio 20, 2025","format":false,"excerpt":"Por Oscar V\u00e1zquez C. En un acto que refuerza el papel de la mujer en el sector tur\u00edstico, la Secretar\u00eda de Turismo de la Ciudad de M\u00e9xico inaugur\u00f3 la Segunda Reuni\u00f3n Global de la Red Internacional de Mujeres Empresarias L\u00edderes (RIMEL), un encuentro que reuni\u00f3 a destacadas dirigentes de distintas\u2026","rel":"","context":"En &quot;Destacadas&quot;","block_context":{"text":"Destacadas","link":"https:\/\/azturismo.net\/?cat=30"},"img":{"alt_text":"","src":"https:\/\/i0.wp.com\/azturismo.net\/wp-content\/uploads\/2025\/06\/PSX_20250619_222836.jpg?fit=600%2C400&ssl=1&resize=350%2C200","width":350,"height":200,"srcset":"https:\/\/i0.wp.com\/azturismo.net\/wp-content\/uploads\/2025\/06\/PSX_20250619_222836.jpg?fit=600%2C400&ssl=1&resize=350%2C200 1x, https:\/\/i0.wp.com\/azturismo.net\/wp-content\/uploads\/2025\/06\/PSX_20250619_222836.jpg?fit=600%2C400&ssl=1&resize=525%2C300 1.5x"},"classes":[]},{"id":5891,"url":"https:\/\/azturismo.net\/?p=5891","url_meta":{"origin":5718,"position":2},"title":"Puerto Vallarta refuerza su liderazgo tur\u00edstico en la FIT 2025","author":"Azturismo","date":"octubre 4, 2025","format":false,"excerpt":"Por Staff AzTurismo La joya de Jalisco deslumbr\u00f3 en la feria tur\u00edstica m\u00e1s importante de Latinoam\u00e9rica, celebrada en Buenos Aires, generando alianzas estrat\u00e9gicas y captando la atenci\u00f3n de miles de nuevos viajeros. El destino de playa por excelencia de M\u00e9xico, Puerto Vallarta, acaba de vivir uno de sus cap\u00edtulos promocionales\u2026","rel":"","context":"En &quot;NOTITUR&quot;","block_context":{"text":"NOTITUR","link":"https:\/\/azturismo.net\/?cat=25"},"img":{"alt_text":"","src":"https:\/\/i0.wp.com\/azturismo.net\/wp-content\/uploads\/2025\/10\/FIT-Vallarta1.jpg?fit=600%2C479&ssl=1&resize=350%2C200","width":350,"height":200,"srcset":"https:\/\/i0.wp.com\/azturismo.net\/wp-content\/uploads\/2025\/10\/FIT-Vallarta1.jpg?fit=600%2C479&ssl=1&resize=350%2C200 1x, https:\/\/i0.wp.com\/azturismo.net\/wp-content\/uploads\/2025\/10\/FIT-Vallarta1.jpg?fit=600%2C479&ssl=1&resize=525%2C300 1.5x"},"classes":[]},{"id":3192,"url":"https:\/\/azturismo.net\/?p=3192","url_meta":{"origin":5718,"position":3},"title":"CDMX fortalece su alianza con el mercado tur\u00edstico colombiano en ANATO 2025","author":"Azturismo","date":"marzo 2, 2025","format":false,"excerpt":"Por Staff AzTurismo La Ciudad de M\u00e9xico brill\u00f3 en la 44\u00aa Vitrina Tur\u00edstica de la Asociaci\u00f3n Colombiana de Agencias de Viajes y Turismo (ANATO) 2025, consolid\u00e1ndose como uno de los destinos favoritos a nivel mundial. Durante el evento, se llevaron a cabo m\u00e1s de 500 citas de negocios entre funcionarios,\u2026","rel":"","context":"En &quot;Destacadas&quot;","block_context":{"text":"Destacadas","link":"https:\/\/azturismo.net\/?cat=30"},"img":{"alt_text":"","src":"https:\/\/i0.wp.com\/azturismo.net\/wp-content\/uploads\/2025\/03\/PSX_20250301_224214.jpg?fit=600%2C400&ssl=1&resize=350%2C200","width":350,"height":200,"srcset":"https:\/\/i0.wp.com\/azturismo.net\/wp-content\/uploads\/2025\/03\/PSX_20250301_224214.jpg?fit=600%2C400&ssl=1&resize=350%2C200 1x, https:\/\/i0.wp.com\/azturismo.net\/wp-content\/uploads\/2025\/03\/PSX_20250301_224214.jpg?fit=600%2C400&ssl=1&resize=525%2C300 1.5x"},"classes":[]},{"id":6200,"url":"https:\/\/azturismo.net\/?p=6200","url_meta":{"origin":5718,"position":4},"title":"La magia tur\u00edstica de la CDMX capt\u00f3 la atenci\u00f3n de + de 20 mil personas durante la F\u00f3rmula 1","author":"Azturismo","date":"octubre 31, 2025","format":false,"excerpt":"Por Staff AzTurismo Durante el Gran Premio de M\u00e9xico de la F\u00f3rmula 1, los Pabellones de la CDMX, instalados en la Zona Azul y Zona Verde del Aut\u00f3dromo Hermanos Rodr\u00edguez, recibieron m\u00e1s de 20 mil visitantes a lo largo de los tres d\u00edas del evento, consolid\u00e1ndose como uno de los\u2026","rel":"","context":"En &quot;Destacadas&quot;","block_context":{"text":"Destacadas","link":"https:\/\/azturismo.net\/?cat=30"},"img":{"alt_text":"","src":"https:\/\/i0.wp.com\/azturismo.net\/wp-content\/uploads\/2025\/10\/CDMX-F1-2.jpeg?fit=600%2C337&ssl=1&resize=350%2C200","width":350,"height":200,"srcset":"https:\/\/i0.wp.com\/azturismo.net\/wp-content\/uploads\/2025\/10\/CDMX-F1-2.jpeg?fit=600%2C337&ssl=1&resize=350%2C200 1x, https:\/\/i0.wp.com\/azturismo.net\/wp-content\/uploads\/2025\/10\/CDMX-F1-2.jpeg?fit=600%2C337&ssl=1&resize=525%2C300 1.5x"},"classes":[]},{"id":5238,"url":"https:\/\/azturismo.net\/?p=5238","url_meta":{"origin":5718,"position":5},"title":"Refuerza Sectur CDMX la identidad cultural   en AICM","author":"Azturismo","date":"septiembre 2, 2025","format":false,"excerpt":"Por Staff AzTurismo El Aeropuerto Internacional de la Ciudad de M\u00e9xico (AICM) y la Secretar\u00eda de Turismo de la Ciudad de M\u00e9xico (Sectur CDMX) firmaron un convenio de colaboraci\u00f3n que tiene como objetivo fortalecer la proyecci\u00f3n tur\u00edstica y cultural de la capital del pa\u00eds. Como primer resultado, este martes se\u2026","rel":"","context":"En &quot;Destacadas&quot;","block_context":{"text":"Destacadas","link":"https:\/\/azturismo.net\/?cat=30"},"img":{"alt_text":"","src":"https:\/\/i0.wp.com\/azturismo.net\/wp-content\/uploads\/2025\/09\/IMG-20250902-WA011211.jpg?fit=1200%2C847&ssl=1&resize=350%2C200","width":350,"height":200,"srcset":"https:\/\/i0.wp.com\/azturismo.net\/wp-content\/uploads\/2025\/09\/IMG-20250902-WA011211.jpg?fit=1200%2C847&ssl=1&resize=350%2C200 1x, https:\/\/i0.wp.com\/azturismo.net\/wp-content\/uploads\/2025\/09\/IMG-20250902-WA011211.jpg?fit=1200%2C847&ssl=1&resize=525%2C300 1.5x, https:\/\/i0.wp.com\/azturismo.net\/wp-content\/uploads\/2025\/09\/IMG-20250902-WA011211.jpg?fit=1200%2C847&ssl=1&resize=700%2C400 2x, https:\/\/i0.wp.com\/azturismo.net\/wp-content\/uploads\/2025\/09\/IMG-20250902-WA011211.jpg?fit=1200%2C847&ssl=1&resize=1050%2C600 3x"},"classes":[]}],"jetpack_shortlink":"https:\/\/wp.me\/pfqZGx-1ue","amp_enabled":true,"_links":{"self":[{"href":"https:\/\/azturismo.net\/index.php?rest_route=\/wp\/v2\/posts\/5718","targetHints":{"allow":["GET"]}}],"collection":[{"href":"https:\/\/azturismo.net\/index.php?rest_route=\/wp\/v2\/posts"}],"about":[{"href":"https:\/\/azturismo.net\/index.php?rest_route=\/wp\/v2\/types\/post"}],"author":[{"embeddable":true,"href":"https:\/\/azturismo.net\/index.php?rest_route=\/wp\/v2\/users\/1"}],"replies":[{"embeddable":true,"href":"https:\/\/azturismo.net\/index.php?rest_route=%2Fwp%2Fv2%2Fcomments&post=5718"}],"version-history":[{"count":5,"href":"https:\/\/azturismo.net\/index.php?rest_route=\/wp\/v2\/posts\/5718\/revisions"}],"predecessor-version":[{"id":5755,"href":"https:\/\/azturismo.net\/index.php?rest_route=\/wp\/v2\/posts\/5718\/revisions\/5755"}],"wp:featuredmedia":[{"embeddable":true,"href":"https:\/\/azturismo.net\/index.php?rest_route=\/wp\/v2\/media\/5719"}],"wp:attachment":[{"href":"https:\/\/azturismo.net\/index.php?rest_route=%2Fwp%2Fv2%2Fmedia&parent=5718"}],"wp:term":[{"taxonomy":"category","embeddable":true,"href":"https:\/\/azturismo.net\/index.php?rest_route=%2Fwp%2Fv2%2Fcategories&post=5718"},{"taxonomy":"post_tag","embeddable":true,"href":"https:\/\/azturismo.net\/index.php?rest_route=%2Fwp%2Fv2%2Ftags&post=5718"}],"curies":[{"name":"wp","href":"https:\/\/api.w.org\/{rel}","templated":true}]}}