{"id":5693,"date":"2025-09-27T15:03:00","date_gmt":"2025-09-27T21:03:00","guid":{"rendered":"https:\/\/azturismo.net\/?p=5693"},"modified":"2025-09-30T22:55:36","modified_gmt":"2025-10-01T04:55:36","slug":"%f0%9f%8e%ac-comala-brilla-en-la-premier-de-un-mexicano-en-la-luna","status":"publish","type":"post","link":"https:\/\/azturismo.net\/?p=5693","title":{"rendered":"\ud83c\udfac Comala brilla en la premier de Un Mexicano en la Luna"},"content":{"rendered":"\n<p>Gabriela Flores<\/p>\n\n\n\n<p>\ud83c\udfac La magia de Comala, Pueblo M\u00e1gico de Colima, ilumin\u00f3 la Cineteca Nacional durante la premier de <em>Un Mexicano en la Luna<\/em>, una coproducci\u00f3n M\u00e9xico\u2013Italia que pone en pantalla grande la esencia de este rinc\u00f3n del occidente mexicano.<\/p>\n\n\n\n<p>La pel\u00edcula, inspirada en la obra del periodista Manuel S\u00e1nchez (\u2020), nos transporta a 1969, cuando un reportero en decadencia descubre un rumor ins\u00f3lito: <strong>Neil Armstrong podr\u00eda haber nacido en un remoto pueblo del sur de Jalisco<\/strong>. Con tono de comedia y un estilo profundamente mexicano, la cinta se convierte en una <strong>postal cinematogr\u00e1fica del esp\u00edritu colimense<\/strong>, entre casitas blancas, tejados rojos y paisajes que parecen sacados de un sue\u00f1o.<\/p>\n\n\n\n<h3 class=\"wp-block-heading\">\ud83c\udf0e Estreno internacional<\/h3>\n\n\n\n<p>Tras conquistar al p\u00fablico en el <strong>Festival Internacional de Cine en Guadalajara 2024<\/strong> con funciones agotadas, <em>Un Mexicano en la Luna<\/em> se estren\u00f3 este <strong>25 de septiembre<\/strong> en M\u00e9xico, Estados Unidos y Centroam\u00e9rica. Un lanzamiento que coloca a Comala en el radar f\u00edlmico internacional y reafirma a Colima como destino atractivo para la industria audiovisual.<\/p>\n\n\n\n<h3 class=\"wp-block-heading\">\ud83c\udfa5 Comala, el nuevo set del cine mexicano<\/h3>\n\n\n\n<p>M\u00e1s all\u00e1 de la historia, uno de los grandes orgullos de esta producci\u00f3n es que <strong>el 70% del equipo creativo es originario de Colima<\/strong>, lo que demuestra el talento y capacidad t\u00e9cnica del estado para generar cine con sello propio.<\/p>\n\n\n\n<p>Comala, con sus calles empedradas y arquitectura tradicional, no solo se proyecta como un <strong>escenario ideal para directores y productores<\/strong>, sino tambi\u00e9n como un <strong>destino tur\u00edstico que enamora a viajeros y cin\u00e9filos<\/strong> por igual.<\/p>\n\n\n\n<h3 class=\"wp-block-heading\">\ud83c\udf1f Una premier con estrellas y homenaje<\/h3>\n\n\n\n<p>La funci\u00f3n especial -previa al estreno- reuni\u00f3 a autoridades, creativos y elenco. Entre ellos, la gobernadora <strong>Indira Vizca\u00edno Silva<\/strong>, el subsecretario de Turismo <strong>Jorge Padilla Castillo<\/strong>, el codirector <strong>Jos\u00e9 Luis Y\u00e1\u00f1ez<\/strong>, y actores como <strong>H\u00e9ctor Jim\u00e9nez, Maryfer Santill\u00e1n y Ausencio Cruz<\/strong>.<\/p>\n\n\n<div class=\"wp-block-image\">\n<figure class=\"aligncenter size-full is-resized\"><img data-recalc-dims=\"1\" loading=\"lazy\" decoding=\"async\" width=\"600\" height=\"450\" data-attachment-id=\"5696\" data-permalink=\"https:\/\/azturismo.net\/?attachment_id=5696\" data-orig-file=\"https:\/\/i0.wp.com\/azturismo.net\/wp-content\/uploads\/2025\/09\/Premier-Un-Mexicano-en-la-Luna.jpg?fit=600%2C450&amp;ssl=1\" data-orig-size=\"600,450\" data-comments-opened=\"1\" data-image-meta=\"{&quot;aperture&quot;:&quot;0&quot;,&quot;credit&quot;:&quot;&quot;,&quot;camera&quot;:&quot;&quot;,&quot;caption&quot;:&quot;&quot;,&quot;created_timestamp&quot;:&quot;0&quot;,&quot;copyright&quot;:&quot;&quot;,&quot;focal_length&quot;:&quot;0&quot;,&quot;iso&quot;:&quot;0&quot;,&quot;shutter_speed&quot;:&quot;0&quot;,&quot;title&quot;:&quot;&quot;,&quot;orientation&quot;:&quot;1&quot;}\" data-image-title=\"Premier Un Mexicano en la Luna\" data-image-description=\"\" data-image-caption=\"\" data-large-file=\"https:\/\/i0.wp.com\/azturismo.net\/wp-content\/uploads\/2025\/09\/Premier-Un-Mexicano-en-la-Luna.jpg?fit=600%2C450&amp;ssl=1\" src=\"https:\/\/i0.wp.com\/azturismo.net\/wp-content\/uploads\/2025\/09\/Premier-Un-Mexicano-en-la-Luna.jpg?resize=600%2C450&#038;ssl=1\" alt=\"\" class=\"wp-image-5696\" style=\"width:856px;height:auto\" srcset=\"https:\/\/i0.wp.com\/azturismo.net\/wp-content\/uploads\/2025\/09\/Premier-Un-Mexicano-en-la-Luna.jpg?w=600&amp;ssl=1 600w, https:\/\/i0.wp.com\/azturismo.net\/wp-content\/uploads\/2025\/09\/Premier-Un-Mexicano-en-la-Luna.jpg?resize=300%2C225&amp;ssl=1 300w, https:\/\/i0.wp.com\/azturismo.net\/wp-content\/uploads\/2025\/09\/Premier-Un-Mexicano-en-la-Luna.jpg?resize=150%2C113&amp;ssl=1 150w\" sizes=\"auto, (max-width: 600px) 100vw, 600px\" \/><\/figure><\/div>\n\n\n<p>El evento tambi\u00e9n rindi\u00f3 homenaje al cineasta colimense <strong>Francis Levy Lavalle (\u2020)<\/strong>, cuyo legado sigue inspirando al cine mexicano. Tras la proyecci\u00f3n, el p\u00fablico disfrut\u00f3 de una charla con los realizadores y un coctel en la terraza El Mirador.<\/p>\n\n\n\n<h3 class=\"wp-block-heading\">\u2728 Turismo y s\u00e9ptimo arte, la dupla perfecta<\/h3>\n\n\n\n<p>Con esta pel\u00edcula, Comala reafirma su lugar no solo como un <strong>Pueblo M\u00e1gico cargado de historia y tradici\u00f3n<\/strong>, sino tambi\u00e9n como un <strong>set vivo para el s\u00e9ptimo arte<\/strong>. Su riqueza cultural y paisajes aut\u00e9nticos lo consolidan como un destino donde turismo y cine se encuentran para crear experiencias que trascienden la pantalla.<\/p>\n\n\n\n<h3 class=\"wp-block-heading\">\u00a1S\u00edguenos!<\/h3>\n\n\n\n<p><a href=\"https:\/\/www.facebook.com\/AzturismoNoticias\">https:\/\/www.facebook.com\/AzturismoNoticias<\/a><\/p>\n\n\n\n<p><strong><a href=\"mailto:tiktok.com\/@azturismo\">tiktok.com\/@azturismo<\/a><\/strong><\/p>\n\n\n\n<p><strong><a href=\"https:\/\/www.instagram.com\/azturismo_noticias\">www.instagram.com\/azturismo_noticias<\/a><\/strong><\/p>\n\n\n\n<p><a href=\"https:\/\/x.com\/AzTurismo\">https:\/\/x.com\/AzTurismo<\/a><\/p>\n","protected":false},"excerpt":{"rendered":"<p>Gabriela Flores \ud83c\udfac La magia de Comala, Pueblo M\u00e1gico de Colima, ilumin\u00f3 la Cineteca Nacional durante la premier de Un Mexicano en la Luna, una coproducci\u00f3n M\u00e9xico\u2013Italia que pone en pantalla grande la esencia de este rinc\u00f3n del occidente mexicano. La pel\u00edcula, inspirada en la obra del periodista Manuel S\u00e1nchez (\u2020), nos transporta a 1969, [&hellip;]<\/p>\n","protected":false},"author":1,"featured_media":5694,"comment_status":"open","ping_status":"open","sticky":false,"template":"","format":"standard","meta":{"jetpack_post_was_ever_published":false,"_jetpack_newsletter_access":"","_jetpack_dont_email_post_to_subs":false,"_jetpack_newsletter_tier_id":0,"_jetpack_memberships_contains_paywalled_content":false,"_jetpack_memberships_contains_paid_content":false,"footnotes":"","jetpack_publicize_message":"","jetpack_publicize_feature_enabled":true,"jetpack_social_post_already_shared":true,"jetpack_social_options":{"image_generator_settings":{"template":"highway","default_image_id":0,"font":"","enabled":false},"version":2}},"categories":[28],"tags":[2516,99,2513,2508,2512,2514,2507,481,2510,2511,2506],"class_list":{"0":"post-5693","1":"post","2":"type-post","3":"status-publish","4":"format-standard","5":"has-post-thumbnail","7":"category-tendencias","8":"tag-ausencio-cruz","9":"tag-azturismo","10":"tag-codirector-jose-luis-yanez","11":"tag-comala-en-el-cine","12":"tag-gobernadora-indira-vizcaino-silva","13":"tag-hector-jimenez","14":"tag-peliculas","15":"tag-pueblos-magicos","16":"tag-que-ver-en-el-cine","17":"tag-subsecretario-de-turismo-jorge-padilla-castillo","18":"tag-un-mexicano-en-la-luna"},"yoast_head":"<!-- This site is optimized with the Yoast SEO plugin v27.5 - https:\/\/yoast.com\/product\/yoast-seo-wordpress\/ -->\n<title>\ud83c\udfac Comala brilla en la premier de Un Mexicano en la Luna - Azturismo Noticias<\/title>\n<meta name=\"description\" content=\"\ud83c\udfac La magia de Comala, Pueblo M\u00e1gico de Colima, ilumin\u00f3 la Cineteca Nacional durante la premier de Un Mexicano en la Luna, una coproducci\u00f3n M\u00e9xico\u2013Italia que pone en pantalla grande la esencia de este rinc\u00f3n del occidente mexicano.\" \/>\n<meta name=\"robots\" content=\"index, follow, max-snippet:-1, max-image-preview:large, max-video-preview:-1\" \/>\n<link rel=\"canonical\" href=\"https:\/\/azturismo.net\/?p=5693\" \/>\n<meta property=\"og:locale\" content=\"es_MX\" \/>\n<meta property=\"og:type\" content=\"article\" \/>\n<meta property=\"og:title\" content=\"\ud83c\udfac Comala brilla en la premier de Un Mexicano en la Luna - Azturismo Noticias\" \/>\n<meta property=\"og:description\" content=\"\ud83c\udfac La magia de Comala, Pueblo M\u00e1gico de Colima, ilumin\u00f3 la Cineteca Nacional durante la premier de Un Mexicano en la Luna, una coproducci\u00f3n M\u00e9xico\u2013Italia que pone en pantalla grande la esencia de este rinc\u00f3n del occidente mexicano.\" \/>\n<meta property=\"og:url\" content=\"https:\/\/azturismo.net\/?p=5693\" \/>\n<meta property=\"og:site_name\" content=\"Azturismo Noticias\" \/>\n<meta property=\"article:publisher\" content=\"https:\/\/www.facebook.com\/AzturismoNoticias\" \/>\n<meta property=\"article:published_time\" content=\"2025-09-27T21:03:00+00:00\" \/>\n<meta property=\"article:modified_time\" content=\"2025-10-01T04:55:36+00:00\" \/>\n<meta property=\"og:image\" content=\"https:\/\/azturismo.net\/wp-content\/uploads\/2025\/09\/Un-mexicano-en-la-luna-premier.jpg\" \/>\n\t<meta property=\"og:image:width\" content=\"600\" \/>\n\t<meta property=\"og:image:height\" content=\"450\" \/>\n\t<meta property=\"og:image:type\" content=\"image\/jpeg\" \/>\n<meta name=\"author\" content=\"Azturismo\" \/>\n<meta name=\"twitter:card\" content=\"summary_large_image\" \/>\n<meta name=\"twitter:creator\" content=\"@AzTurismo\" \/>\n<meta name=\"twitter:site\" content=\"@AzTurismo\" \/>\n<meta name=\"twitter:label1\" content=\"Escrito por\" \/>\n\t<meta name=\"twitter:data1\" content=\"Azturismo\" \/>\n\t<meta name=\"twitter:label2\" content=\"Tiempo de lectura\" \/>\n\t<meta name=\"twitter:data2\" content=\"3 minutos\" \/>\n<script type=\"application\/ld+json\" class=\"yoast-schema-graph\">{\"@context\":\"https:\\\/\\\/schema.org\",\"@graph\":[{\"@type\":\"Article\",\"@id\":\"https:\\\/\\\/azturismo.net\\\/?p=5693#article\",\"isPartOf\":{\"@id\":\"https:\\\/\\\/azturismo.net\\\/?p=5693\"},\"author\":{\"name\":\"Azturismo\",\"@id\":\"https:\\\/\\\/azturismo.net\\\/#\\\/schema\\\/person\\\/4b56d87f51c4d1b518c650739ad3bbc1\"},\"headline\":\"\ud83c\udfac Comala brilla en la premier de Un Mexicano en la Luna\",\"datePublished\":\"2025-09-27T21:03:00+00:00\",\"dateModified\":\"2025-10-01T04:55:36+00:00\",\"mainEntityOfPage\":{\"@id\":\"https:\\\/\\\/azturismo.net\\\/?p=5693\"},\"wordCount\":454,\"commentCount\":0,\"publisher\":{\"@id\":\"https:\\\/\\\/azturismo.net\\\/#organization\"},\"image\":{\"@id\":\"https:\\\/\\\/azturismo.net\\\/?p=5693#primaryimage\"},\"thumbnailUrl\":\"https:\\\/\\\/i0.wp.com\\\/azturismo.net\\\/wp-content\\\/uploads\\\/2025\\\/09\\\/Un-mexicano-en-la-luna-premier.jpg?fit=600%2C450&ssl=1\",\"keywords\":[\"Ausencio Cruz\",\"azturismo\",\"codirector Jos\u00e9 Luis Y\u00e1\u00f1ez\",\"Comala en el cine\",\"gobernadora Indira Vizca\u00edno Silva\",\"H\u00e9ctor Jim\u00e9nez\",\"peliculas\",\"pueblos m\u00e1gicos\",\"qu\u00e9 ver en el cine\",\"subsecretario de Turismo Jorge Padilla Castillo\",\"Un Mexicano en la Luna\"],\"articleSection\":[\"TENDENCIAS\"],\"inLanguage\":\"es\",\"potentialAction\":[{\"@type\":\"CommentAction\",\"name\":\"Comment\",\"target\":[\"https:\\\/\\\/azturismo.net\\\/?p=5693#respond\"]}]},{\"@type\":\"WebPage\",\"@id\":\"https:\\\/\\\/azturismo.net\\\/?p=5693\",\"url\":\"https:\\\/\\\/azturismo.net\\\/?p=5693\",\"name\":\"\ud83c\udfac Comala brilla en la premier de Un Mexicano en la Luna - Azturismo Noticias\",\"isPartOf\":{\"@id\":\"https:\\\/\\\/azturismo.net\\\/#website\"},\"primaryImageOfPage\":{\"@id\":\"https:\\\/\\\/azturismo.net\\\/?p=5693#primaryimage\"},\"image\":{\"@id\":\"https:\\\/\\\/azturismo.net\\\/?p=5693#primaryimage\"},\"thumbnailUrl\":\"https:\\\/\\\/i0.wp.com\\\/azturismo.net\\\/wp-content\\\/uploads\\\/2025\\\/09\\\/Un-mexicano-en-la-luna-premier.jpg?fit=600%2C450&ssl=1\",\"datePublished\":\"2025-09-27T21:03:00+00:00\",\"dateModified\":\"2025-10-01T04:55:36+00:00\",\"description\":\"\ud83c\udfac La magia de Comala, Pueblo M\u00e1gico de Colima, ilumin\u00f3 la Cineteca Nacional durante la premier de Un Mexicano en la Luna, una coproducci\u00f3n M\u00e9xico\u2013Italia que pone en pantalla grande la esencia de este rinc\u00f3n del occidente mexicano.\",\"breadcrumb\":{\"@id\":\"https:\\\/\\\/azturismo.net\\\/?p=5693#breadcrumb\"},\"inLanguage\":\"es\",\"potentialAction\":[{\"@type\":\"ReadAction\",\"target\":[\"https:\\\/\\\/azturismo.net\\\/?p=5693\"]}]},{\"@type\":\"ImageObject\",\"inLanguage\":\"es\",\"@id\":\"https:\\\/\\\/azturismo.net\\\/?p=5693#primaryimage\",\"url\":\"https:\\\/\\\/i0.wp.com\\\/azturismo.net\\\/wp-content\\\/uploads\\\/2025\\\/09\\\/Un-mexicano-en-la-luna-premier.jpg?fit=600%2C450&ssl=1\",\"contentUrl\":\"https:\\\/\\\/i0.wp.com\\\/azturismo.net\\\/wp-content\\\/uploads\\\/2025\\\/09\\\/Un-mexicano-en-la-luna-premier.jpg?fit=600%2C450&ssl=1\",\"width\":600,\"height\":450},{\"@type\":\"BreadcrumbList\",\"@id\":\"https:\\\/\\\/azturismo.net\\\/?p=5693#breadcrumb\",\"itemListElement\":[{\"@type\":\"ListItem\",\"position\":1,\"name\":\"Home\",\"item\":\"https:\\\/\\\/azturismo.net\\\/\"},{\"@type\":\"ListItem\",\"position\":2,\"name\":\"\ud83c\udfac Comala brilla en la premier de Un Mexicano en la Luna\"}]},{\"@type\":\"WebSite\",\"@id\":\"https:\\\/\\\/azturismo.net\\\/#website\",\"url\":\"https:\\\/\\\/azturismo.net\\\/\",\"name\":\"Azturismo\",\"description\":\"Azturismo Noticias\",\"publisher\":{\"@id\":\"https:\\\/\\\/azturismo.net\\\/#organization\"},\"potentialAction\":[{\"@type\":\"SearchAction\",\"target\":{\"@type\":\"EntryPoint\",\"urlTemplate\":\"https:\\\/\\\/azturismo.net\\\/?s={search_term_string}\"},\"query-input\":{\"@type\":\"PropertyValueSpecification\",\"valueRequired\":true,\"valueName\":\"search_term_string\"}}],\"inLanguage\":\"es\"},{\"@type\":\"Organization\",\"@id\":\"https:\\\/\\\/azturismo.net\\\/#organization\",\"name\":\"Azturismo\",\"url\":\"https:\\\/\\\/azturismo.net\\\/\",\"logo\":{\"@type\":\"ImageObject\",\"inLanguage\":\"es\",\"@id\":\"https:\\\/\\\/azturismo.net\\\/#\\\/schema\\\/logo\\\/image\\\/\",\"url\":\"https:\\\/\\\/i0.wp.com\\\/azturismo.net\\\/wp-content\\\/uploads\\\/2024\\\/03\\\/logo-el-bueno-.png?fit=294%2C69&ssl=1\",\"contentUrl\":\"https:\\\/\\\/i0.wp.com\\\/azturismo.net\\\/wp-content\\\/uploads\\\/2024\\\/03\\\/logo-el-bueno-.png?fit=294%2C69&ssl=1\",\"width\":294,\"height\":69,\"caption\":\"Azturismo\"},\"image\":{\"@id\":\"https:\\\/\\\/azturismo.net\\\/#\\\/schema\\\/logo\\\/image\\\/\"},\"sameAs\":[\"https:\\\/\\\/www.facebook.com\\\/AzturismoNoticias\",\"https:\\\/\\\/x.com\\\/AzTurismo\",\"https:\\\/\\\/www.instagram.com\\\/azturismo_noticias\\\/?fbclid=IwAR2xMiuoHbs6eLeIHKP8P5sSGa-xFrw7FfejscXO7kDghWa7wKLjGczKOwE\",\"https:\\\/\\\/www.tiktok.com\\\/@azturismo\"]},{\"@type\":\"Person\",\"@id\":\"https:\\\/\\\/azturismo.net\\\/#\\\/schema\\\/person\\\/4b56d87f51c4d1b518c650739ad3bbc1\",\"name\":\"Azturismo\",\"image\":{\"@type\":\"ImageObject\",\"inLanguage\":\"es\",\"@id\":\"https:\\\/\\\/azturismo.net\\\/wp-content\\\/litespeed\\\/avatar\\\/dfe28a31cdd68b788da48a316e50db10.jpg?ver=1777707566\",\"url\":\"https:\\\/\\\/azturismo.net\\\/wp-content\\\/litespeed\\\/avatar\\\/dfe28a31cdd68b788da48a316e50db10.jpg?ver=1777707566\",\"contentUrl\":\"https:\\\/\\\/azturismo.net\\\/wp-content\\\/litespeed\\\/avatar\\\/dfe28a31cdd68b788da48a316e50db10.jpg?ver=1777707566\",\"caption\":\"Azturismo\"},\"sameAs\":[\"https:\\\/\\\/azturismo.net\"],\"url\":\"https:\\\/\\\/azturismo.net\\\/?author=1\"}]}<\/script>\n<!-- \/ Yoast SEO plugin. -->","yoast_head_json":{"title":"\ud83c\udfac Comala brilla en la premier de Un Mexicano en la Luna - Azturismo Noticias","description":"\ud83c\udfac La magia de Comala, Pueblo M\u00e1gico de Colima, ilumin\u00f3 la Cineteca Nacional durante la premier de Un Mexicano en la Luna, una coproducci\u00f3n M\u00e9xico\u2013Italia que pone en pantalla grande la esencia de este rinc\u00f3n del occidente mexicano.","robots":{"index":"index","follow":"follow","max-snippet":"max-snippet:-1","max-image-preview":"max-image-preview:large","max-video-preview":"max-video-preview:-1"},"canonical":"https:\/\/azturismo.net\/?p=5693","og_locale":"es_MX","og_type":"article","og_title":"\ud83c\udfac Comala brilla en la premier de Un Mexicano en la Luna - Azturismo Noticias","og_description":"\ud83c\udfac La magia de Comala, Pueblo M\u00e1gico de Colima, ilumin\u00f3 la Cineteca Nacional durante la premier de Un Mexicano en la Luna, una coproducci\u00f3n M\u00e9xico\u2013Italia que pone en pantalla grande la esencia de este rinc\u00f3n del occidente mexicano.","og_url":"https:\/\/azturismo.net\/?p=5693","og_site_name":"Azturismo Noticias","article_publisher":"https:\/\/www.facebook.com\/AzturismoNoticias","article_published_time":"2025-09-27T21:03:00+00:00","article_modified_time":"2025-10-01T04:55:36+00:00","og_image":[{"width":600,"height":450,"url":"https:\/\/azturismo.net\/wp-content\/uploads\/2025\/09\/Un-mexicano-en-la-luna-premier.jpg","type":"image\/jpeg"}],"author":"Azturismo","twitter_card":"summary_large_image","twitter_creator":"@AzTurismo","twitter_site":"@AzTurismo","twitter_misc":{"Escrito por":"Azturismo","Tiempo de lectura":"3 minutos"},"schema":{"@context":"https:\/\/schema.org","@graph":[{"@type":"Article","@id":"https:\/\/azturismo.net\/?p=5693#article","isPartOf":{"@id":"https:\/\/azturismo.net\/?p=5693"},"author":{"name":"Azturismo","@id":"https:\/\/azturismo.net\/#\/schema\/person\/4b56d87f51c4d1b518c650739ad3bbc1"},"headline":"\ud83c\udfac Comala brilla en la premier de Un Mexicano en la Luna","datePublished":"2025-09-27T21:03:00+00:00","dateModified":"2025-10-01T04:55:36+00:00","mainEntityOfPage":{"@id":"https:\/\/azturismo.net\/?p=5693"},"wordCount":454,"commentCount":0,"publisher":{"@id":"https:\/\/azturismo.net\/#organization"},"image":{"@id":"https:\/\/azturismo.net\/?p=5693#primaryimage"},"thumbnailUrl":"https:\/\/i0.wp.com\/azturismo.net\/wp-content\/uploads\/2025\/09\/Un-mexicano-en-la-luna-premier.jpg?fit=600%2C450&ssl=1","keywords":["Ausencio Cruz","azturismo","codirector Jos\u00e9 Luis Y\u00e1\u00f1ez","Comala en el cine","gobernadora Indira Vizca\u00edno Silva","H\u00e9ctor Jim\u00e9nez","peliculas","pueblos m\u00e1gicos","qu\u00e9 ver en el cine","subsecretario de Turismo Jorge Padilla Castillo","Un Mexicano en la Luna"],"articleSection":["TENDENCIAS"],"inLanguage":"es","potentialAction":[{"@type":"CommentAction","name":"Comment","target":["https:\/\/azturismo.net\/?p=5693#respond"]}]},{"@type":"WebPage","@id":"https:\/\/azturismo.net\/?p=5693","url":"https:\/\/azturismo.net\/?p=5693","name":"\ud83c\udfac Comala brilla en la premier de Un Mexicano en la Luna - Azturismo Noticias","isPartOf":{"@id":"https:\/\/azturismo.net\/#website"},"primaryImageOfPage":{"@id":"https:\/\/azturismo.net\/?p=5693#primaryimage"},"image":{"@id":"https:\/\/azturismo.net\/?p=5693#primaryimage"},"thumbnailUrl":"https:\/\/i0.wp.com\/azturismo.net\/wp-content\/uploads\/2025\/09\/Un-mexicano-en-la-luna-premier.jpg?fit=600%2C450&ssl=1","datePublished":"2025-09-27T21:03:00+00:00","dateModified":"2025-10-01T04:55:36+00:00","description":"\ud83c\udfac La magia de Comala, Pueblo M\u00e1gico de Colima, ilumin\u00f3 la Cineteca Nacional durante la premier de Un Mexicano en la Luna, una coproducci\u00f3n M\u00e9xico\u2013Italia que pone en pantalla grande la esencia de este rinc\u00f3n del occidente mexicano.","breadcrumb":{"@id":"https:\/\/azturismo.net\/?p=5693#breadcrumb"},"inLanguage":"es","potentialAction":[{"@type":"ReadAction","target":["https:\/\/azturismo.net\/?p=5693"]}]},{"@type":"ImageObject","inLanguage":"es","@id":"https:\/\/azturismo.net\/?p=5693#primaryimage","url":"https:\/\/i0.wp.com\/azturismo.net\/wp-content\/uploads\/2025\/09\/Un-mexicano-en-la-luna-premier.jpg?fit=600%2C450&ssl=1","contentUrl":"https:\/\/i0.wp.com\/azturismo.net\/wp-content\/uploads\/2025\/09\/Un-mexicano-en-la-luna-premier.jpg?fit=600%2C450&ssl=1","width":600,"height":450},{"@type":"BreadcrumbList","@id":"https:\/\/azturismo.net\/?p=5693#breadcrumb","itemListElement":[{"@type":"ListItem","position":1,"name":"Home","item":"https:\/\/azturismo.net\/"},{"@type":"ListItem","position":2,"name":"\ud83c\udfac Comala brilla en la premier de Un Mexicano en la Luna"}]},{"@type":"WebSite","@id":"https:\/\/azturismo.net\/#website","url":"https:\/\/azturismo.net\/","name":"Azturismo","description":"Azturismo Noticias","publisher":{"@id":"https:\/\/azturismo.net\/#organization"},"potentialAction":[{"@type":"SearchAction","target":{"@type":"EntryPoint","urlTemplate":"https:\/\/azturismo.net\/?s={search_term_string}"},"query-input":{"@type":"PropertyValueSpecification","valueRequired":true,"valueName":"search_term_string"}}],"inLanguage":"es"},{"@type":"Organization","@id":"https:\/\/azturismo.net\/#organization","name":"Azturismo","url":"https:\/\/azturismo.net\/","logo":{"@type":"ImageObject","inLanguage":"es","@id":"https:\/\/azturismo.net\/#\/schema\/logo\/image\/","url":"https:\/\/i0.wp.com\/azturismo.net\/wp-content\/uploads\/2024\/03\/logo-el-bueno-.png?fit=294%2C69&ssl=1","contentUrl":"https:\/\/i0.wp.com\/azturismo.net\/wp-content\/uploads\/2024\/03\/logo-el-bueno-.png?fit=294%2C69&ssl=1","width":294,"height":69,"caption":"Azturismo"},"image":{"@id":"https:\/\/azturismo.net\/#\/schema\/logo\/image\/"},"sameAs":["https:\/\/www.facebook.com\/AzturismoNoticias","https:\/\/x.com\/AzTurismo","https:\/\/www.instagram.com\/azturismo_noticias\/?fbclid=IwAR2xMiuoHbs6eLeIHKP8P5sSGa-xFrw7FfejscXO7kDghWa7wKLjGczKOwE","https:\/\/www.tiktok.com\/@azturismo"]},{"@type":"Person","@id":"https:\/\/azturismo.net\/#\/schema\/person\/4b56d87f51c4d1b518c650739ad3bbc1","name":"Azturismo","image":{"@type":"ImageObject","inLanguage":"es","@id":"https:\/\/azturismo.net\/wp-content\/litespeed\/avatar\/dfe28a31cdd68b788da48a316e50db10.jpg?ver=1777707566","url":"https:\/\/azturismo.net\/wp-content\/litespeed\/avatar\/dfe28a31cdd68b788da48a316e50db10.jpg?ver=1777707566","contentUrl":"https:\/\/azturismo.net\/wp-content\/litespeed\/avatar\/dfe28a31cdd68b788da48a316e50db10.jpg?ver=1777707566","caption":"Azturismo"},"sameAs":["https:\/\/azturismo.net"],"url":"https:\/\/azturismo.net\/?author=1"}]}},"jetpack_publicize_connections":[],"jetpack_featured_media_url":"https:\/\/i0.wp.com\/azturismo.net\/wp-content\/uploads\/2025\/09\/Un-mexicano-en-la-luna-premier.jpg?fit=600%2C450&ssl=1","jetpack_sharing_enabled":true,"jetpack-related-posts":[{"id":3275,"url":"https:\/\/azturismo.net\/?p=3275","url_meta":{"origin":5693,"position":0},"title":"Descubre Colima, el destino perfecto para mujeres viajeras en M\u00e9xico","author":"Azturismo","date":"marzo 7, 2025","format":false,"excerpt":"Por Montserrat Rivera Colima es un estado peque\u00f1o en extensi\u00f3n pero grande en experiencias, y es el lugar ideal para mujeres viajeras que buscan descanso, aventura y cultura. Con paisajes que incluyen playas paradis\u00edacas y monta\u00f1as cubiertas de niebla, este rinc\u00f3n del Pac\u00edfico mexicano ofrece opciones para todo tipo de\u2026","rel":"","context":"En &quot;Destacadas&quot;","block_context":{"text":"Destacadas","link":"https:\/\/azturismo.net\/?cat=30"},"img":{"alt_text":"","src":"https:\/\/i0.wp.com\/azturismo.net\/wp-content\/uploads\/2025\/03\/Manzanillo-1_Foto-de-Subsectur-Colima.jpg?fit=600%2C337&ssl=1&resize=350%2C200","width":350,"height":200,"srcset":"https:\/\/i0.wp.com\/azturismo.net\/wp-content\/uploads\/2025\/03\/Manzanillo-1_Foto-de-Subsectur-Colima.jpg?fit=600%2C337&ssl=1&resize=350%2C200 1x, https:\/\/i0.wp.com\/azturismo.net\/wp-content\/uploads\/2025\/03\/Manzanillo-1_Foto-de-Subsectur-Colima.jpg?fit=600%2C337&ssl=1&resize=525%2C300 1.5x"},"classes":[]},{"id":6377,"url":"https:\/\/azturismo.net\/?p=6377","url_meta":{"origin":5693,"position":1},"title":"\u00a1Triunfa &#8220;No dejes a los ni\u00f1os solos&#8221; en Festival de cine fant\u00e1stico!","author":"Azturismo","date":"noviembre 12, 2025","format":false,"excerpt":"Por Staff AzTurismo Con una emotiva ceremonia de clausura que premi\u00f3 lo mejor del cine fant\u00e1stico nacional e internacional, concluy\u00f3 la 14\u00aa edici\u00f3n del Festival Internacional de Cine Fant\u00e1stico FERATUM en el Pueblo M\u00e1gico de P\u00e1tzcuaro. El evento, que durante cuatro d\u00edas transform\u00f3 a la localidad en el epicentro del\u2026","rel":"","context":"En &quot;Destacadas&quot;","block_context":{"text":"Destacadas","link":"https:\/\/azturismo.net\/?cat=30"},"img":{"alt_text":"","src":"https:\/\/i0.wp.com\/azturismo.net\/wp-content\/uploads\/2025\/11\/feratumfilmfest1.png?fit=600%2C400&ssl=1&resize=350%2C200","width":350,"height":200,"srcset":"https:\/\/i0.wp.com\/azturismo.net\/wp-content\/uploads\/2025\/11\/feratumfilmfest1.png?fit=600%2C400&ssl=1&resize=350%2C200 1x, https:\/\/i0.wp.com\/azturismo.net\/wp-content\/uploads\/2025\/11\/feratumfilmfest1.png?fit=600%2C400&ssl=1&resize=525%2C300 1.5x"},"classes":[]},{"id":4392,"url":"https:\/\/azturismo.net\/?p=4392","url_meta":{"origin":5693,"position":2},"title":"Descubre el pueblo m\u00e1gico de las m\u00e1scaras y los brujos en Colima","author":"Azturismo","date":"julio 2, 2025","format":false,"excerpt":"Por Oscar V\u00e1zquez C . \u00bfBuscas un destino aut\u00e9ntico que combine tradici\u00f3n ancestral, artesan\u00edas \u00fanicas y paisajes naturales espectaculares? Suchitl\u00e1n te espera a solo 20 minutos de Comala con una experiencia que transformar\u00e1 tu perspectiva sobre el turismo cultural en M\u00e9xico. El \"Lugar de Flores\" que Guarda los Secretos de\u2026","rel":"","context":"En &quot;Destacadas&quot;","block_context":{"text":"Destacadas","link":"https:\/\/azturismo.net\/?cat=30"},"img":{"alt_text":"","src":"https:\/\/i0.wp.com\/azturismo.net\/wp-content\/uploads\/2025\/07\/PSX_20250702_082801.jpg?fit=608%2C416&ssl=1&resize=350%2C200","width":350,"height":200,"srcset":"https:\/\/i0.wp.com\/azturismo.net\/wp-content\/uploads\/2025\/07\/PSX_20250702_082801.jpg?fit=608%2C416&ssl=1&resize=350%2C200 1x, https:\/\/i0.wp.com\/azturismo.net\/wp-content\/uploads\/2025\/07\/PSX_20250702_082801.jpg?fit=608%2C416&ssl=1&resize=525%2C300 1.5x"},"classes":[]},{"id":7135,"url":"https:\/\/azturismo.net\/?p=7135","url_meta":{"origin":5693,"position":3},"title":"\u00bfEl gobierno puede decidir c\u00f3mo debes envejecer?","author":"Azturismo","date":"abril 18, 2026","format":false,"excerpt":"\u26a0\ufe0f Una historia que parece ficci\u00f3n\u2026 pero incomoda por lo real Por Oscar V\u00e1zquez C. Imagina esto: cumplir cierta edad y que el gobierno te obligue a dejar tu vida para \u201ccuidarte mejor\u201d.Sin opci\u00f3n. Sin debate. Sin libertad. Eso es justo lo que plantea \"O \u00daltimo Azul\", la cinta que\u2026","rel":"","context":"En &quot;Destacadas&quot;","block_context":{"text":"Destacadas","link":"https:\/\/azturismo.net\/?cat=30"},"img":{"alt_text":"","src":"https:\/\/i0.wp.com\/azturismo.net\/wp-content\/uploads\/2026\/04\/THE_BLUE_TRAIL_Still_5%C2%A9Guillermo_Garza_Desvia.jpg?fit=600%2C411&ssl=1&resize=350%2C200","width":350,"height":200,"srcset":"https:\/\/i0.wp.com\/azturismo.net\/wp-content\/uploads\/2026\/04\/THE_BLUE_TRAIL_Still_5%C2%A9Guillermo_Garza_Desvia.jpg?fit=600%2C411&ssl=1&resize=350%2C200 1x, https:\/\/i0.wp.com\/azturismo.net\/wp-content\/uploads\/2026\/04\/THE_BLUE_TRAIL_Still_5%C2%A9Guillermo_Garza_Desvia.jpg?fit=600%2C411&ssl=1&resize=525%2C300 1.5x"},"classes":[]},{"id":6456,"url":"https:\/\/azturismo.net\/?p=6456","url_meta":{"origin":5693,"position":4},"title":"\ud83c\udfac Morelos ser\u00e1 sede del Broadway International Film Festival 2025","author":"Azturismo","date":"noviembre 18, 2025","format":false,"excerpt":"Por Staff AzTurismo \ud83c\udf3a La eterna primavera de M\u00e9xico se vestir\u00e1 de gala para recibir uno de los encuentros cinematogr\u00e1ficos m\u00e1s esperados del a\u00f1o. Por primera vez, el Broadway International Film Festival Cuernavaca 2025 llegar\u00e1 a Morelos los d\u00edas 21 y 22 de noviembre, en una edici\u00f3n que promete reunir\u2026","rel":"","context":"En &quot;Destacadas&quot;","block_context":{"text":"Destacadas","link":"https:\/\/azturismo.net\/?cat=30"},"img":{"alt_text":"","src":"https:\/\/i0.wp.com\/azturismo.net\/wp-content\/uploads\/2025\/11\/MaritzaOlivares-DanielAltavi-FilmFestival.jpeg?fit=600%2C400&ssl=1&resize=350%2C200","width":350,"height":200,"srcset":"https:\/\/i0.wp.com\/azturismo.net\/wp-content\/uploads\/2025\/11\/MaritzaOlivares-DanielAltavi-FilmFestival.jpeg?fit=600%2C400&ssl=1&resize=350%2C200 1x, https:\/\/i0.wp.com\/azturismo.net\/wp-content\/uploads\/2025\/11\/MaritzaOlivares-DanielAltavi-FilmFestival.jpeg?fit=600%2C400&ssl=1&resize=525%2C300 1.5x"},"classes":[]},{"id":4522,"url":"https:\/\/azturismo.net\/?p=4522","url_meta":{"origin":5693,"position":5},"title":"Ruta del Chocolate, la experiencia tur\u00edstica m\u00e1s dulce de Nayarit","author":"Azturismo","date":"julio 22, 2025","format":false,"excerpt":"Por Claudia Carrera \u00bfSab\u00edas que Nayarit alberga una de las rutas gastron\u00f3micas m\u00e1s aut\u00e9nticas de M\u00e9xico? La Ruta del Chocolate en Nayarit que combina turismo rural, tradiciones prehisp\u00e1nicas y experiencias culinarias \u00fanicas que van mucho m\u00e1s all\u00e1 de una simple degustaci\u00f3n y del Chocolate del Bienestar. \u00bfQu\u00e9 es la Ruta\u2026","rel":"","context":"En &quot;Destacadas&quot;","block_context":{"text":"Destacadas","link":"https:\/\/azturismo.net\/?cat=30"},"img":{"alt_text":"","src":"https:\/\/i0.wp.com\/azturismo.net\/wp-content\/uploads\/2025\/07\/Ruta-del-Chocolate-Nayarit.png?fit=600%2C395&ssl=1&resize=350%2C200","width":350,"height":200,"srcset":"https:\/\/i0.wp.com\/azturismo.net\/wp-content\/uploads\/2025\/07\/Ruta-del-Chocolate-Nayarit.png?fit=600%2C395&ssl=1&resize=350%2C200 1x, https:\/\/i0.wp.com\/azturismo.net\/wp-content\/uploads\/2025\/07\/Ruta-del-Chocolate-Nayarit.png?fit=600%2C395&ssl=1&resize=525%2C300 1.5x"},"classes":[]}],"jetpack_shortlink":"https:\/\/wp.me\/pfqZGx-1tP","amp_enabled":true,"_links":{"self":[{"href":"https:\/\/azturismo.net\/index.php?rest_route=\/wp\/v2\/posts\/5693","targetHints":{"allow":["GET"]}}],"collection":[{"href":"https:\/\/azturismo.net\/index.php?rest_route=\/wp\/v2\/posts"}],"about":[{"href":"https:\/\/azturismo.net\/index.php?rest_route=\/wp\/v2\/types\/post"}],"author":[{"embeddable":true,"href":"https:\/\/azturismo.net\/index.php?rest_route=\/wp\/v2\/users\/1"}],"replies":[{"embeddable":true,"href":"https:\/\/azturismo.net\/index.php?rest_route=%2Fwp%2Fv2%2Fcomments&post=5693"}],"version-history":[{"count":2,"href":"https:\/\/azturismo.net\/index.php?rest_route=\/wp\/v2\/posts\/5693\/revisions"}],"predecessor-version":[{"id":5761,"href":"https:\/\/azturismo.net\/index.php?rest_route=\/wp\/v2\/posts\/5693\/revisions\/5761"}],"wp:featuredmedia":[{"embeddable":true,"href":"https:\/\/azturismo.net\/index.php?rest_route=\/wp\/v2\/media\/5694"}],"wp:attachment":[{"href":"https:\/\/azturismo.net\/index.php?rest_route=%2Fwp%2Fv2%2Fmedia&parent=5693"}],"wp:term":[{"taxonomy":"category","embeddable":true,"href":"https:\/\/azturismo.net\/index.php?rest_route=%2Fwp%2Fv2%2Fcategories&post=5693"},{"taxonomy":"post_tag","embeddable":true,"href":"https:\/\/azturismo.net\/index.php?rest_route=%2Fwp%2Fv2%2Ftags&post=5693"}],"curies":[{"name":"wp","href":"https:\/\/api.w.org\/{rel}","templated":true}]}}