{"id":5645,"date":"2025-09-26T19:07:00","date_gmt":"2025-09-27T01:07:00","guid":{"rendered":"https:\/\/azturismo.net\/?p=5645"},"modified":"2025-09-30T22:56:02","modified_gmt":"2025-10-01T04:56:02","slug":"todo-listo-para-la-feria-nacional-de-la-cultura-rural-chapingo-2025","status":"publish","type":"post","link":"https:\/\/azturismo.net\/?p=5645","title":{"rendered":"Todo listo para la Feria Nacional de la Cultura Rural Chapingo 2025"},"content":{"rendered":"\n<p>Por Staff AzTurismo<\/p>\n\n\n\n<p>La <strong>Universidad Aut\u00f3noma Chapingo (UACh)<\/strong> anunci\u00f3 la celebraci\u00f3n de la <strong>XXX Feria Nacional de la Cultura Rural (FNCR)<\/strong>, que se llevar\u00e1 a cabo del <strong>2 al 12 de octubre de 2025<\/strong> en Texcoco, con un homenaje especial a las <strong>lenguas ind\u00edgenas de M\u00e9xico<\/strong>.<\/p>\n\n\n\n<p>En esta edici\u00f3n, la feria rendir\u00e1 tributo a tres pueblos originarios:<\/p>\n\n\n\n<ul class=\"wp-block-list\">\n<li><strong>Totonaco<\/strong>, de Veracruz.<\/li>\n\n\n\n<li><strong>Xi\u2019\u00fai (pame)<\/strong>, de San Luis Potos\u00ed.<\/li>\n\n\n\n<li><strong>Tepehua<\/strong>, de Hidalgo.<\/li>\n<\/ul>\n\n\n\n<p>Su legado ling\u00fc\u00edstico y cultural ser\u00e1 el coraz\u00f3n de un programa que integra <strong>118 actividades art\u00edsticas, acad\u00e9micas y comunitarias<\/strong>, fortaleciendo la identidad pluriling\u00fce del pa\u00eds.<\/p>\n\n\n\n<h3 class=\"wp-block-heading\">Una celebraci\u00f3n de las lenguas originarias<\/h3>\n\n\n\n<p>El encuentro reunir\u00e1 expresiones vivas de <strong>12 lenguas ind\u00edgenas<\/strong>, como el n\u00e1huatl, otom\u00ed, zapoteco, mixteco y mazahua, presentes en <strong>danzas, m\u00fasica, gastronom\u00eda, artesan\u00edas, trajes t\u00edpicos<\/strong> y en las narraciones de los propios portadores de estas tradiciones.<\/p>\n\n\n\n<p>La inauguraci\u00f3n, el <strong>2 de octubre a las 17:00 horas<\/strong>, incluir\u00e1 la emblem\u00e1tica <strong>danza del fuego del pueblo xi\u2019\u00fai<\/strong>, un ritual agr\u00edcola de petici\u00f3n de lluvias y protecci\u00f3n contra calamidades. Adem\u00e1s, el <strong>Instituto Nacional de los Pueblos Ind\u00edgenas (INPI)<\/strong> ofrecer\u00e1 la ponencia <em>\u201cTurismo alternativo ind\u00edgena\u201d<\/em> el 6 de octubre, enfocada en proyectos sostenibles que fortalecen la resiliencia social y ambiental.<\/p>\n\n\n\n<h3 class=\"wp-block-heading\">Espacios que dan vida a la cultura rural<\/h3>\n\n\n<div class=\"wp-block-image\">\n<figure class=\"alignleft size-full is-resized\"><img data-recalc-dims=\"1\" loading=\"lazy\" decoding=\"async\" width=\"600\" height=\"927\" data-attachment-id=\"5647\" data-permalink=\"https:\/\/azturismo.net\/?attachment_id=5647\" data-orig-file=\"https:\/\/i0.wp.com\/azturismo.net\/wp-content\/uploads\/2025\/09\/FeriaNacionalCulturaRural.jpeg?fit=600%2C927&amp;ssl=1\" data-orig-size=\"600,927\" data-comments-opened=\"1\" data-image-meta=\"{&quot;aperture&quot;:&quot;0&quot;,&quot;credit&quot;:&quot;&quot;,&quot;camera&quot;:&quot;&quot;,&quot;caption&quot;:&quot;&quot;,&quot;created_timestamp&quot;:&quot;0&quot;,&quot;copyright&quot;:&quot;&quot;,&quot;focal_length&quot;:&quot;0&quot;,&quot;iso&quot;:&quot;0&quot;,&quot;shutter_speed&quot;:&quot;0&quot;,&quot;title&quot;:&quot;&quot;,&quot;orientation&quot;:&quot;1&quot;}\" data-image-title=\"FeriaNacionalCulturaRural\" data-image-description=\"\" data-image-caption=\"\" data-large-file=\"https:\/\/i0.wp.com\/azturismo.net\/wp-content\/uploads\/2025\/09\/FeriaNacionalCulturaRural.jpeg?fit=600%2C927&amp;ssl=1\" src=\"https:\/\/i0.wp.com\/azturismo.net\/wp-content\/uploads\/2025\/09\/FeriaNacionalCulturaRural.jpeg?resize=600%2C927&#038;ssl=1\" alt=\"\" class=\"wp-image-5647\" style=\"width:285px;height:auto\" srcset=\"https:\/\/i0.wp.com\/azturismo.net\/wp-content\/uploads\/2025\/09\/FeriaNacionalCulturaRural.jpeg?w=600&amp;ssl=1 600w, https:\/\/i0.wp.com\/azturismo.net\/wp-content\/uploads\/2025\/09\/FeriaNacionalCulturaRural.jpeg?resize=194%2C300&amp;ssl=1 194w, https:\/\/i0.wp.com\/azturismo.net\/wp-content\/uploads\/2025\/09\/FeriaNacionalCulturaRural.jpeg?resize=150%2C232&amp;ssl=1 150w, https:\/\/i0.wp.com\/azturismo.net\/wp-content\/uploads\/2025\/09\/FeriaNacionalCulturaRural.jpeg?resize=300%2C464&amp;ssl=1 300w\" sizes=\"auto, (max-width: 600px) 100vw, 600px\" \/><\/figure><\/div>\n\n\n<p>M\u00e1s de <strong>200 mil visitantes<\/strong> podr\u00e1n recorrer los pabellones <strong>Artesanal, Gastron\u00f3mico, Pecuario, Granja Infantil, Agr\u00edcola, Emprendimiento, Institucional<\/strong> y un <strong>nuevo pabell\u00f3n sorpresa<\/strong>.<br>Se espera la participaci\u00f3n de:<\/p>\n\n\n\n<ul class=\"wp-block-list\">\n<li><strong>816 artesanas y artesanos<\/strong>.<\/li>\n\n\n\n<li>M\u00e1s de <strong>150 cocineras tradicionales<\/strong>.<\/li>\n\n\n\n<li>Cerca de <strong>2 mil int\u00e9rpretes<\/strong>.<\/li>\n<\/ul>\n\n\n\n<p>Uno de los grandes valores de la feria es que son las <strong>comunidades rurales<\/strong> quienes comparten directamente sus saberes y productos, eliminando intermediarios y fortaleciendo las <strong>econom\u00edas locales<\/strong>.<\/p>\n\n\n\n<h3 class=\"wp-block-heading\">Datos de la feria<\/h3>\n\n\n\n<p>El costo de entrada ser\u00e1 de <strong>$60 pesos para p\u00fablico general<\/strong> y <strong>$30 pesos para personas con discapacidad, adultos mayores y docentes con credencial vigente<\/strong>.<\/p>\n\n\n\n<p>Con tres d\u00e9cadas de historia, la <strong>Feria Nacional de la Cultura Rural Chapingo 2025<\/strong> se consolida como un espacio donde el <strong>turismo cultural, el orgullo ind\u00edgena y la tradici\u00f3n rural<\/strong> se unen para mostrar al mundo la fuerza viva de las lenguas originarias de M\u00e9xico.<\/p>\n\n\n\n<h3 class=\"wp-block-heading\">\u00a1S\u00edguenos!<\/h3>\n\n\n\n<p><a href=\"https:\/\/www.facebook.com\/AzturismoNoticias\">https:\/\/www.facebook.com\/AzturismoNoticias<\/a><\/p>\n\n\n\n<p><strong><a href=\"mailto:tiktok.com\/@azturismo\">tiktok.com\/@azturismo<\/a><\/strong><\/p>\n\n\n\n<p><strong><a href=\"https:\/\/www.instagram.com\/azturismo_noticias\">www.instagram.com\/azturismo_noticias<\/a><\/strong><\/p>\n\n\n\n<p><a href=\"https:\/\/x.com\/AzTurismo\">https:\/\/x.com\/AzTurismo<\/a><\/p>\n","protected":false},"excerpt":{"rendered":"<p>Por Staff AzTurismo La Universidad Aut\u00f3noma Chapingo (UACh) anunci\u00f3 la celebraci\u00f3n de la XXX Feria Nacional de la Cultura Rural (FNCR), que se llevar\u00e1 a cabo del 2 al 12 de octubre de 2025 en Texcoco, con un homenaje especial a las lenguas ind\u00edgenas de M\u00e9xico. En esta edici\u00f3n, la feria rendir\u00e1 tributo a tres [&hellip;]<\/p>\n","protected":false},"author":1,"featured_media":5646,"comment_status":"open","ping_status":"open","sticky":false,"template":"","format":"standard","meta":{"jetpack_post_was_ever_published":false,"_jetpack_newsletter_access":"","_jetpack_dont_email_post_to_subs":false,"_jetpack_newsletter_tier_id":0,"_jetpack_memberships_contains_paywalled_content":false,"_jetpack_memberships_contains_paid_content":false,"footnotes":"","jetpack_publicize_message":"","jetpack_publicize_feature_enabled":true,"jetpack_social_post_already_shared":true,"jetpack_social_options":{"image_generator_settings":{"template":"highway","default_image_id":0,"font":"","enabled":false},"version":2}},"categories":[30,25],"tags":[99,1367,2476,2477],"class_list":{"0":"post-5645","1":"post","2":"type-post","3":"status-publish","4":"format-standard","5":"has-post-thumbnail","7":"category-e","8":"category-notitar","9":"tag-azturismo","10":"tag-ferias-y-fiestas-de-mexico-2","11":"tag-universidad-autonoma-chapingo","12":"tag-xxx-feria-nacional-de-la-cultura-rural"},"yoast_head":"<!-- This site is optimized with the Yoast SEO plugin v27.5 - https:\/\/yoast.com\/product\/yoast-seo-wordpress\/ -->\n<title>Todo listo para la Feria Nacional de la Cultura Rural Chapingo 2025 - Azturismo Noticias<\/title>\n<meta name=\"description\" content=\"La Universidad Aut\u00f3noma Chapingo (UACh) anunci\u00f3 la celebraci\u00f3n de la XXX Feria Nacional de la Cultura Rural (FNCR), que se llevar\u00e1 a cabo del 2 al 12 de octubre de 2025 en Texcoco, con un homenaje especial a las lenguas ind\u00edgenas de M\u00e9xico.\" \/>\n<meta name=\"robots\" content=\"index, follow, max-snippet:-1, max-image-preview:large, max-video-preview:-1\" \/>\n<link rel=\"canonical\" href=\"https:\/\/azturismo.net\/?p=5645\" \/>\n<meta property=\"og:locale\" content=\"es_MX\" \/>\n<meta property=\"og:type\" content=\"article\" \/>\n<meta property=\"og:title\" content=\"Todo listo para la Feria Nacional de la Cultura Rural Chapingo 2025 - Azturismo Noticias\" \/>\n<meta property=\"og:description\" content=\"La Universidad Aut\u00f3noma Chapingo (UACh) anunci\u00f3 la celebraci\u00f3n de la XXX Feria Nacional de la Cultura Rural (FNCR), que se llevar\u00e1 a cabo del 2 al 12 de octubre de 2025 en Texcoco, con un homenaje especial a las lenguas ind\u00edgenas de M\u00e9xico.\" \/>\n<meta property=\"og:url\" content=\"https:\/\/azturismo.net\/?p=5645\" \/>\n<meta property=\"og:site_name\" content=\"Azturismo Noticias\" \/>\n<meta property=\"article:publisher\" content=\"https:\/\/www.facebook.com\/AzturismoNoticias\" \/>\n<meta property=\"article:published_time\" content=\"2025-09-27T01:07:00+00:00\" \/>\n<meta property=\"article:modified_time\" content=\"2025-10-01T04:56:02+00:00\" \/>\n<meta property=\"og:image\" content=\"https:\/\/azturismo.net\/wp-content\/uploads\/2025\/09\/FeriaNacionalCulturaRural1.jpeg\" \/>\n\t<meta property=\"og:image:width\" content=\"600\" \/>\n\t<meta property=\"og:image:height\" content=\"563\" \/>\n\t<meta property=\"og:image:type\" content=\"image\/jpeg\" \/>\n<meta name=\"author\" content=\"Azturismo\" \/>\n<meta name=\"twitter:card\" content=\"summary_large_image\" \/>\n<meta name=\"twitter:creator\" content=\"@AzTurismo\" \/>\n<meta name=\"twitter:site\" content=\"@AzTurismo\" \/>\n<meta name=\"twitter:label1\" content=\"Escrito por\" \/>\n\t<meta name=\"twitter:data1\" content=\"Azturismo\" \/>\n\t<meta name=\"twitter:label2\" content=\"Tiempo de lectura\" \/>\n\t<meta name=\"twitter:data2\" content=\"3 minutos\" \/>\n<script type=\"application\/ld+json\" class=\"yoast-schema-graph\">{\"@context\":\"https:\\\/\\\/schema.org\",\"@graph\":[{\"@type\":\"Article\",\"@id\":\"https:\\\/\\\/azturismo.net\\\/?p=5645#article\",\"isPartOf\":{\"@id\":\"https:\\\/\\\/azturismo.net\\\/?p=5645\"},\"author\":{\"name\":\"Azturismo\",\"@id\":\"https:\\\/\\\/azturismo.net\\\/#\\\/schema\\\/person\\\/4b56d87f51c4d1b518c650739ad3bbc1\"},\"headline\":\"Todo listo para la Feria Nacional de la Cultura Rural Chapingo 2025\",\"datePublished\":\"2025-09-27T01:07:00+00:00\",\"dateModified\":\"2025-10-01T04:56:02+00:00\",\"mainEntityOfPage\":{\"@id\":\"https:\\\/\\\/azturismo.net\\\/?p=5645\"},\"wordCount\":404,\"commentCount\":0,\"publisher\":{\"@id\":\"https:\\\/\\\/azturismo.net\\\/#organization\"},\"image\":{\"@id\":\"https:\\\/\\\/azturismo.net\\\/?p=5645#primaryimage\"},\"thumbnailUrl\":\"https:\\\/\\\/i0.wp.com\\\/azturismo.net\\\/wp-content\\\/uploads\\\/2025\\\/09\\\/FeriaNacionalCulturaRural1.jpeg?fit=600%2C563&ssl=1\",\"keywords\":[\"azturismo\",\"ferias y fiestas de mexico\",\"Universidad Aut\u00f3noma Chapingo\",\"XXX Feria Nacional de la Cultura Rural\"],\"articleSection\":[\"Destacadas\",\"NOTITUR\"],\"inLanguage\":\"es\",\"potentialAction\":[{\"@type\":\"CommentAction\",\"name\":\"Comment\",\"target\":[\"https:\\\/\\\/azturismo.net\\\/?p=5645#respond\"]}]},{\"@type\":\"WebPage\",\"@id\":\"https:\\\/\\\/azturismo.net\\\/?p=5645\",\"url\":\"https:\\\/\\\/azturismo.net\\\/?p=5645\",\"name\":\"Todo listo para la Feria Nacional de la Cultura Rural Chapingo 2025 - Azturismo Noticias\",\"isPartOf\":{\"@id\":\"https:\\\/\\\/azturismo.net\\\/#website\"},\"primaryImageOfPage\":{\"@id\":\"https:\\\/\\\/azturismo.net\\\/?p=5645#primaryimage\"},\"image\":{\"@id\":\"https:\\\/\\\/azturismo.net\\\/?p=5645#primaryimage\"},\"thumbnailUrl\":\"https:\\\/\\\/i0.wp.com\\\/azturismo.net\\\/wp-content\\\/uploads\\\/2025\\\/09\\\/FeriaNacionalCulturaRural1.jpeg?fit=600%2C563&ssl=1\",\"datePublished\":\"2025-09-27T01:07:00+00:00\",\"dateModified\":\"2025-10-01T04:56:02+00:00\",\"description\":\"La Universidad Aut\u00f3noma Chapingo (UACh) anunci\u00f3 la celebraci\u00f3n de la XXX Feria Nacional de la Cultura Rural (FNCR), que se llevar\u00e1 a cabo del 2 al 12 de octubre de 2025 en Texcoco, con un homenaje especial a las lenguas ind\u00edgenas de M\u00e9xico.\",\"breadcrumb\":{\"@id\":\"https:\\\/\\\/azturismo.net\\\/?p=5645#breadcrumb\"},\"inLanguage\":\"es\",\"potentialAction\":[{\"@type\":\"ReadAction\",\"target\":[\"https:\\\/\\\/azturismo.net\\\/?p=5645\"]}]},{\"@type\":\"ImageObject\",\"inLanguage\":\"es\",\"@id\":\"https:\\\/\\\/azturismo.net\\\/?p=5645#primaryimage\",\"url\":\"https:\\\/\\\/i0.wp.com\\\/azturismo.net\\\/wp-content\\\/uploads\\\/2025\\\/09\\\/FeriaNacionalCulturaRural1.jpeg?fit=600%2C563&ssl=1\",\"contentUrl\":\"https:\\\/\\\/i0.wp.com\\\/azturismo.net\\\/wp-content\\\/uploads\\\/2025\\\/09\\\/FeriaNacionalCulturaRural1.jpeg?fit=600%2C563&ssl=1\",\"width\":600,\"height\":563},{\"@type\":\"BreadcrumbList\",\"@id\":\"https:\\\/\\\/azturismo.net\\\/?p=5645#breadcrumb\",\"itemListElement\":[{\"@type\":\"ListItem\",\"position\":1,\"name\":\"Home\",\"item\":\"https:\\\/\\\/azturismo.net\\\/\"},{\"@type\":\"ListItem\",\"position\":2,\"name\":\"Todo listo para la Feria Nacional de la Cultura Rural Chapingo 2025\"}]},{\"@type\":\"WebSite\",\"@id\":\"https:\\\/\\\/azturismo.net\\\/#website\",\"url\":\"https:\\\/\\\/azturismo.net\\\/\",\"name\":\"Azturismo\",\"description\":\"Azturismo Noticias\",\"publisher\":{\"@id\":\"https:\\\/\\\/azturismo.net\\\/#organization\"},\"potentialAction\":[{\"@type\":\"SearchAction\",\"target\":{\"@type\":\"EntryPoint\",\"urlTemplate\":\"https:\\\/\\\/azturismo.net\\\/?s={search_term_string}\"},\"query-input\":{\"@type\":\"PropertyValueSpecification\",\"valueRequired\":true,\"valueName\":\"search_term_string\"}}],\"inLanguage\":\"es\"},{\"@type\":\"Organization\",\"@id\":\"https:\\\/\\\/azturismo.net\\\/#organization\",\"name\":\"Azturismo\",\"url\":\"https:\\\/\\\/azturismo.net\\\/\",\"logo\":{\"@type\":\"ImageObject\",\"inLanguage\":\"es\",\"@id\":\"https:\\\/\\\/azturismo.net\\\/#\\\/schema\\\/logo\\\/image\\\/\",\"url\":\"https:\\\/\\\/i0.wp.com\\\/azturismo.net\\\/wp-content\\\/uploads\\\/2024\\\/03\\\/logo-el-bueno-.png?fit=294%2C69&ssl=1\",\"contentUrl\":\"https:\\\/\\\/i0.wp.com\\\/azturismo.net\\\/wp-content\\\/uploads\\\/2024\\\/03\\\/logo-el-bueno-.png?fit=294%2C69&ssl=1\",\"width\":294,\"height\":69,\"caption\":\"Azturismo\"},\"image\":{\"@id\":\"https:\\\/\\\/azturismo.net\\\/#\\\/schema\\\/logo\\\/image\\\/\"},\"sameAs\":[\"https:\\\/\\\/www.facebook.com\\\/AzturismoNoticias\",\"https:\\\/\\\/x.com\\\/AzTurismo\",\"https:\\\/\\\/www.instagram.com\\\/azturismo_noticias\\\/?fbclid=IwAR2xMiuoHbs6eLeIHKP8P5sSGa-xFrw7FfejscXO7kDghWa7wKLjGczKOwE\",\"https:\\\/\\\/www.tiktok.com\\\/@azturismo\"]},{\"@type\":\"Person\",\"@id\":\"https:\\\/\\\/azturismo.net\\\/#\\\/schema\\\/person\\\/4b56d87f51c4d1b518c650739ad3bbc1\",\"name\":\"Azturismo\",\"image\":{\"@type\":\"ImageObject\",\"inLanguage\":\"es\",\"@id\":\"https:\\\/\\\/azturismo.net\\\/wp-content\\\/litespeed\\\/avatar\\\/dfe28a31cdd68b788da48a316e50db10.jpg?ver=1777707566\",\"url\":\"https:\\\/\\\/azturismo.net\\\/wp-content\\\/litespeed\\\/avatar\\\/dfe28a31cdd68b788da48a316e50db10.jpg?ver=1777707566\",\"contentUrl\":\"https:\\\/\\\/azturismo.net\\\/wp-content\\\/litespeed\\\/avatar\\\/dfe28a31cdd68b788da48a316e50db10.jpg?ver=1777707566\",\"caption\":\"Azturismo\"},\"sameAs\":[\"https:\\\/\\\/azturismo.net\"],\"url\":\"https:\\\/\\\/azturismo.net\\\/?author=1\"}]}<\/script>\n<!-- \/ Yoast SEO plugin. -->","yoast_head_json":{"title":"Todo listo para la Feria Nacional de la Cultura Rural Chapingo 2025 - Azturismo Noticias","description":"La Universidad Aut\u00f3noma Chapingo (UACh) anunci\u00f3 la celebraci\u00f3n de la XXX Feria Nacional de la Cultura Rural (FNCR), que se llevar\u00e1 a cabo del 2 al 12 de octubre de 2025 en Texcoco, con un homenaje especial a las lenguas ind\u00edgenas de M\u00e9xico.","robots":{"index":"index","follow":"follow","max-snippet":"max-snippet:-1","max-image-preview":"max-image-preview:large","max-video-preview":"max-video-preview:-1"},"canonical":"https:\/\/azturismo.net\/?p=5645","og_locale":"es_MX","og_type":"article","og_title":"Todo listo para la Feria Nacional de la Cultura Rural Chapingo 2025 - Azturismo Noticias","og_description":"La Universidad Aut\u00f3noma Chapingo (UACh) anunci\u00f3 la celebraci\u00f3n de la XXX Feria Nacional de la Cultura Rural (FNCR), que se llevar\u00e1 a cabo del 2 al 12 de octubre de 2025 en Texcoco, con un homenaje especial a las lenguas ind\u00edgenas de M\u00e9xico.","og_url":"https:\/\/azturismo.net\/?p=5645","og_site_name":"Azturismo Noticias","article_publisher":"https:\/\/www.facebook.com\/AzturismoNoticias","article_published_time":"2025-09-27T01:07:00+00:00","article_modified_time":"2025-10-01T04:56:02+00:00","og_image":[{"width":600,"height":563,"url":"https:\/\/azturismo.net\/wp-content\/uploads\/2025\/09\/FeriaNacionalCulturaRural1.jpeg","type":"image\/jpeg"}],"author":"Azturismo","twitter_card":"summary_large_image","twitter_creator":"@AzTurismo","twitter_site":"@AzTurismo","twitter_misc":{"Escrito por":"Azturismo","Tiempo de lectura":"3 minutos"},"schema":{"@context":"https:\/\/schema.org","@graph":[{"@type":"Article","@id":"https:\/\/azturismo.net\/?p=5645#article","isPartOf":{"@id":"https:\/\/azturismo.net\/?p=5645"},"author":{"name":"Azturismo","@id":"https:\/\/azturismo.net\/#\/schema\/person\/4b56d87f51c4d1b518c650739ad3bbc1"},"headline":"Todo listo para la Feria Nacional de la Cultura Rural Chapingo 2025","datePublished":"2025-09-27T01:07:00+00:00","dateModified":"2025-10-01T04:56:02+00:00","mainEntityOfPage":{"@id":"https:\/\/azturismo.net\/?p=5645"},"wordCount":404,"commentCount":0,"publisher":{"@id":"https:\/\/azturismo.net\/#organization"},"image":{"@id":"https:\/\/azturismo.net\/?p=5645#primaryimage"},"thumbnailUrl":"https:\/\/i0.wp.com\/azturismo.net\/wp-content\/uploads\/2025\/09\/FeriaNacionalCulturaRural1.jpeg?fit=600%2C563&ssl=1","keywords":["azturismo","ferias y fiestas de mexico","Universidad Aut\u00f3noma Chapingo","XXX Feria Nacional de la Cultura Rural"],"articleSection":["Destacadas","NOTITUR"],"inLanguage":"es","potentialAction":[{"@type":"CommentAction","name":"Comment","target":["https:\/\/azturismo.net\/?p=5645#respond"]}]},{"@type":"WebPage","@id":"https:\/\/azturismo.net\/?p=5645","url":"https:\/\/azturismo.net\/?p=5645","name":"Todo listo para la Feria Nacional de la Cultura Rural Chapingo 2025 - Azturismo Noticias","isPartOf":{"@id":"https:\/\/azturismo.net\/#website"},"primaryImageOfPage":{"@id":"https:\/\/azturismo.net\/?p=5645#primaryimage"},"image":{"@id":"https:\/\/azturismo.net\/?p=5645#primaryimage"},"thumbnailUrl":"https:\/\/i0.wp.com\/azturismo.net\/wp-content\/uploads\/2025\/09\/FeriaNacionalCulturaRural1.jpeg?fit=600%2C563&ssl=1","datePublished":"2025-09-27T01:07:00+00:00","dateModified":"2025-10-01T04:56:02+00:00","description":"La Universidad Aut\u00f3noma Chapingo (UACh) anunci\u00f3 la celebraci\u00f3n de la XXX Feria Nacional de la Cultura Rural (FNCR), que se llevar\u00e1 a cabo del 2 al 12 de octubre de 2025 en Texcoco, con un homenaje especial a las lenguas ind\u00edgenas de M\u00e9xico.","breadcrumb":{"@id":"https:\/\/azturismo.net\/?p=5645#breadcrumb"},"inLanguage":"es","potentialAction":[{"@type":"ReadAction","target":["https:\/\/azturismo.net\/?p=5645"]}]},{"@type":"ImageObject","inLanguage":"es","@id":"https:\/\/azturismo.net\/?p=5645#primaryimage","url":"https:\/\/i0.wp.com\/azturismo.net\/wp-content\/uploads\/2025\/09\/FeriaNacionalCulturaRural1.jpeg?fit=600%2C563&ssl=1","contentUrl":"https:\/\/i0.wp.com\/azturismo.net\/wp-content\/uploads\/2025\/09\/FeriaNacionalCulturaRural1.jpeg?fit=600%2C563&ssl=1","width":600,"height":563},{"@type":"BreadcrumbList","@id":"https:\/\/azturismo.net\/?p=5645#breadcrumb","itemListElement":[{"@type":"ListItem","position":1,"name":"Home","item":"https:\/\/azturismo.net\/"},{"@type":"ListItem","position":2,"name":"Todo listo para la Feria Nacional de la Cultura Rural Chapingo 2025"}]},{"@type":"WebSite","@id":"https:\/\/azturismo.net\/#website","url":"https:\/\/azturismo.net\/","name":"Azturismo","description":"Azturismo Noticias","publisher":{"@id":"https:\/\/azturismo.net\/#organization"},"potentialAction":[{"@type":"SearchAction","target":{"@type":"EntryPoint","urlTemplate":"https:\/\/azturismo.net\/?s={search_term_string}"},"query-input":{"@type":"PropertyValueSpecification","valueRequired":true,"valueName":"search_term_string"}}],"inLanguage":"es"},{"@type":"Organization","@id":"https:\/\/azturismo.net\/#organization","name":"Azturismo","url":"https:\/\/azturismo.net\/","logo":{"@type":"ImageObject","inLanguage":"es","@id":"https:\/\/azturismo.net\/#\/schema\/logo\/image\/","url":"https:\/\/i0.wp.com\/azturismo.net\/wp-content\/uploads\/2024\/03\/logo-el-bueno-.png?fit=294%2C69&ssl=1","contentUrl":"https:\/\/i0.wp.com\/azturismo.net\/wp-content\/uploads\/2024\/03\/logo-el-bueno-.png?fit=294%2C69&ssl=1","width":294,"height":69,"caption":"Azturismo"},"image":{"@id":"https:\/\/azturismo.net\/#\/schema\/logo\/image\/"},"sameAs":["https:\/\/www.facebook.com\/AzturismoNoticias","https:\/\/x.com\/AzTurismo","https:\/\/www.instagram.com\/azturismo_noticias\/?fbclid=IwAR2xMiuoHbs6eLeIHKP8P5sSGa-xFrw7FfejscXO7kDghWa7wKLjGczKOwE","https:\/\/www.tiktok.com\/@azturismo"]},{"@type":"Person","@id":"https:\/\/azturismo.net\/#\/schema\/person\/4b56d87f51c4d1b518c650739ad3bbc1","name":"Azturismo","image":{"@type":"ImageObject","inLanguage":"es","@id":"https:\/\/azturismo.net\/wp-content\/litespeed\/avatar\/dfe28a31cdd68b788da48a316e50db10.jpg?ver=1777707566","url":"https:\/\/azturismo.net\/wp-content\/litespeed\/avatar\/dfe28a31cdd68b788da48a316e50db10.jpg?ver=1777707566","contentUrl":"https:\/\/azturismo.net\/wp-content\/litespeed\/avatar\/dfe28a31cdd68b788da48a316e50db10.jpg?ver=1777707566","caption":"Azturismo"},"sameAs":["https:\/\/azturismo.net"],"url":"https:\/\/azturismo.net\/?author=1"}]}},"jetpack_publicize_connections":[],"jetpack_featured_media_url":"https:\/\/i0.wp.com\/azturismo.net\/wp-content\/uploads\/2025\/09\/FeriaNacionalCulturaRural1.jpeg?fit=600%2C563&ssl=1","jetpack_sharing_enabled":true,"jetpack-related-posts":[{"id":5139,"url":"https:\/\/azturismo.net\/?p=5139","url_meta":{"origin":5645,"position":0},"title":"INAH presenta + de 300 T\u00edtulos con descuentos de hasta 80% en la VII Feria del Libro Universitario","author":"Azturismo","date":"agosto 27, 2025","format":false,"excerpt":"Por Staff AzTurismo La VII Feria Internacional del Libro de las Universitarias y los Universitarios (Filuni) 2025 contar\u00e1 con una destacada participaci\u00f3n del Instituto Nacional de Antropolog\u00eda e Historia (INAH), que ofrecer\u00e1 m\u00e1s de 300 t\u00edtulos especializados con descuentos de hasta el 80% del 26 al 31 de agosto en\u2026","rel":"","context":"En &quot;Destacadas&quot;","block_context":{"text":"Destacadas","link":"https:\/\/azturismo.net\/?cat=30"},"img":{"alt_text":"","src":"https:\/\/i0.wp.com\/azturismo.net\/wp-content\/uploads\/2025\/08\/El-INAH-listo-para-la-VII-Feria-Internacional-del-Libro-de-las-Universitarias-y-los-Universitarios.jpeg?fit=600%2C600&ssl=1&resize=350%2C200","width":350,"height":200,"srcset":"https:\/\/i0.wp.com\/azturismo.net\/wp-content\/uploads\/2025\/08\/El-INAH-listo-para-la-VII-Feria-Internacional-del-Libro-de-las-Universitarias-y-los-Universitarios.jpeg?fit=600%2C600&ssl=1&resize=350%2C200 1x, https:\/\/i0.wp.com\/azturismo.net\/wp-content\/uploads\/2025\/08\/El-INAH-listo-para-la-VII-Feria-Internacional-del-Libro-de-las-Universitarias-y-los-Universitarios.jpeg?fit=600%2C600&ssl=1&resize=525%2C300 1.5x"},"classes":[]},{"id":3554,"url":"https:\/\/azturismo.net\/?p=3554","url_meta":{"origin":5645,"position":1},"title":"\ud83c\udf89Vive la Feria Nacional de San Marcos 2025: la m\u00e1s grande de M\u00e9xico y Am\u00e9rica Latina","author":"Azturismo","date":"abril 4, 2025","format":false,"excerpt":"Por Oscar V\u00e1zquez C. \ud83c\udf89 La Secretar\u00eda de Turismo del Gobierno de M\u00e9xico (Sectur) invita a turistas nacionales e internacionales a disfrutar de la Feria Nacional de San Marcos (FNSM), la celebraci\u00f3n m\u00e1s grande de M\u00e9xico y Am\u00e9rica Latina, que se llevar\u00e1 a cabo del 19 de abril al 11\u2026","rel":"","context":"En &quot;Destacadas&quot;","block_context":{"text":"Destacadas","link":"https:\/\/azturismo.net\/?cat=30"},"img":{"alt_text":"","src":"https:\/\/i0.wp.com\/azturismo.net\/wp-content\/uploads\/2025\/03\/FeriaDeAguascalientes5.jpeg?fit=600%2C400&ssl=1&resize=350%2C200","width":350,"height":200,"srcset":"https:\/\/i0.wp.com\/azturismo.net\/wp-content\/uploads\/2025\/03\/FeriaDeAguascalientes5.jpeg?fit=600%2C400&ssl=1&resize=350%2C200 1x, https:\/\/i0.wp.com\/azturismo.net\/wp-content\/uploads\/2025\/03\/FeriaDeAguascalientes5.jpeg?fit=600%2C400&ssl=1&resize=525%2C300 1.5x"},"classes":[]},{"id":5718,"url":"https:\/\/azturismo.net\/?p=5718","url_meta":{"origin":5645,"position":2},"title":"CDMX despliega su oferta tur\u00edstica en la FIT Argentina 2025","author":"Azturismo","date":"septiembre 29, 2025","format":false,"excerpt":"Por Staff AzTurismo Buenos Aires, Argentina.- La capital mexicana presenta en esta ciudad sus atractivos culturales, naturales y de turismo sostenible ante operadores de m\u00e1s de 60 pa\u00edses, destacando su liderazgo femenino y vocaci\u00f3n inclusiva. Con una potente narrativa que enfatiza su pluralidad, liderazgo femenino y una oferta que trasciende\u2026","rel":"","context":"En &quot;Destacadas&quot;","block_context":{"text":"Destacadas","link":"https:\/\/azturismo.net\/?cat=30"},"img":{"alt_text":"","src":"https:\/\/i0.wp.com\/azturismo.net\/wp-content\/uploads\/2025\/09\/20250928_223523.jpg?fit=540%2C667&ssl=1&resize=350%2C200","width":350,"height":200,"srcset":"https:\/\/i0.wp.com\/azturismo.net\/wp-content\/uploads\/2025\/09\/20250928_223523.jpg?fit=540%2C667&ssl=1&resize=350%2C200 1x, https:\/\/i0.wp.com\/azturismo.net\/wp-content\/uploads\/2025\/09\/20250928_223523.jpg?fit=540%2C667&ssl=1&resize=525%2C300 1.5x"},"classes":[]},{"id":6241,"url":"https:\/\/azturismo.net\/?p=6241","url_meta":{"origin":5645,"position":3},"title":"Le\u00f3n Feria del Alfe\u00f1ique Le\u00f3n 2025","author":"Azturismo","date":"octubre 31, 2025","format":false,"excerpt":"Por Staff AzTurismo La ciudad de Le\u00f3n se viste de color, tradici\u00f3n y sabor para conmemorar el 40 aniversario de la Feria del Alfe\u00f1ique, un evento emblem\u00e1tico que ya es parte del coraz\u00f3n de las familias leonesas y un im\u00e1n tur\u00edstico de primer nivel. Este 2025, la feria promete ser\u2026","rel":"","context":"En &quot;ESPECIALES 1&quot;","block_context":{"text":"ESPECIALES 1","link":"https:\/\/azturismo.net\/?cat=31"},"img":{"alt_text":"","src":"https:\/\/i0.wp.com\/azturismo.net\/wp-content\/uploads\/2025\/10\/leon-feria-alfenique5.jpg?fit=600%2C388&ssl=1&resize=350%2C200","width":350,"height":200,"srcset":"https:\/\/i0.wp.com\/azturismo.net\/wp-content\/uploads\/2025\/10\/leon-feria-alfenique5.jpg?fit=600%2C388&ssl=1&resize=350%2C200 1x, https:\/\/i0.wp.com\/azturismo.net\/wp-content\/uploads\/2025\/10\/leon-feria-alfenique5.jpg?fit=600%2C388&ssl=1&resize=525%2C300 1.5x"},"classes":[]},{"id":5517,"url":"https:\/\/azturismo.net\/?p=5517","url_meta":{"origin":5645,"position":4},"title":"M\u00e9xico har\u00e1 historia en FITUR 2026: Josefina Rodr\u00edguez","author":"Azturismo","date":"septiembre 19, 2025","format":false,"excerpt":"Por Oscar V\u00e1zquez C M\u00e9xico se prepara para una participaci\u00f3n sin precedentes en la Feria Internacional de Turismo (FITUR) 2026, que se celebrar\u00e1 en Madrid, Espa\u00f1a. Nuestro pa\u00eds ser\u00e1 Pa\u00eds Invitado y contar\u00e1 con el pabell\u00f3n m\u00e1s grande de su historia, representando a los 32 estados de la Rep\u00fablica y\u2026","rel":"","context":"En &quot;Destacadas&quot;","block_context":{"text":"Destacadas","link":"https:\/\/azturismo.net\/?cat=30"},"img":{"alt_text":"","src":"https:\/\/i0.wp.com\/azturismo.net\/wp-content\/uploads\/2025\/09\/Comunicado-201-3.jpg?fit=832%2C554&ssl=1&resize=350%2C200","width":350,"height":200,"srcset":"https:\/\/i0.wp.com\/azturismo.net\/wp-content\/uploads\/2025\/09\/Comunicado-201-3.jpg?fit=832%2C554&ssl=1&resize=350%2C200 1x, https:\/\/i0.wp.com\/azturismo.net\/wp-content\/uploads\/2025\/09\/Comunicado-201-3.jpg?fit=832%2C554&ssl=1&resize=525%2C300 1.5x, https:\/\/i0.wp.com\/azturismo.net\/wp-content\/uploads\/2025\/09\/Comunicado-201-3.jpg?fit=832%2C554&ssl=1&resize=700%2C400 2x"},"classes":[]},{"id":3437,"url":"https:\/\/azturismo.net\/?p=3437","url_meta":{"origin":5645,"position":5},"title":"\u00a1Mucha pachanga en la Feria Nacional de Nayarit 2025!","author":"Azturismo","date":"marzo 24, 2025","format":false,"excerpt":"\ud83c\udf89\u2728\ud83c\udfa4\ud83c\udf2e\ud83c\udfa1 La fiesta m\u00e1s grande del estado est\u00e1 de regreso y hasta el 13 de abril, se desplegar\u00e1n eventos que ser\u00e1n inolvidables. Las instalaciones del antiguo aeropuerto de Tepic se llenar\u00e1n de m\u00fasica, cultura y tradici\u00f3n, con una cartelera de lujo que incluye: \ud83c\udfb5 Banda El Recodo\ud83c\udfa4 La Arrolladora Banda\u2026","rel":"","context":"En &quot;Destacadas&quot;","block_context":{"text":"Destacadas","link":"https:\/\/azturismo.net\/?cat=30"},"img":{"alt_text":"","src":"https:\/\/i0.wp.com\/azturismo.net\/wp-content\/uploads\/2025\/03\/Feria-de-Nayarit-3.jpeg?fit=600%2C450&ssl=1&resize=350%2C200","width":350,"height":200,"srcset":"https:\/\/i0.wp.com\/azturismo.net\/wp-content\/uploads\/2025\/03\/Feria-de-Nayarit-3.jpeg?fit=600%2C450&ssl=1&resize=350%2C200 1x, https:\/\/i0.wp.com\/azturismo.net\/wp-content\/uploads\/2025\/03\/Feria-de-Nayarit-3.jpeg?fit=600%2C450&ssl=1&resize=525%2C300 1.5x"},"classes":[]}],"jetpack_shortlink":"https:\/\/wp.me\/pfqZGx-1t3","amp_enabled":true,"_links":{"self":[{"href":"https:\/\/azturismo.net\/index.php?rest_route=\/wp\/v2\/posts\/5645","targetHints":{"allow":["GET"]}}],"collection":[{"href":"https:\/\/azturismo.net\/index.php?rest_route=\/wp\/v2\/posts"}],"about":[{"href":"https:\/\/azturismo.net\/index.php?rest_route=\/wp\/v2\/types\/post"}],"author":[{"embeddable":true,"href":"https:\/\/azturismo.net\/index.php?rest_route=\/wp\/v2\/users\/1"}],"replies":[{"embeddable":true,"href":"https:\/\/azturismo.net\/index.php?rest_route=%2Fwp%2Fv2%2Fcomments&post=5645"}],"version-history":[{"count":2,"href":"https:\/\/azturismo.net\/index.php?rest_route=\/wp\/v2\/posts\/5645\/revisions"}],"predecessor-version":[{"id":5762,"href":"https:\/\/azturismo.net\/index.php?rest_route=\/wp\/v2\/posts\/5645\/revisions\/5762"}],"wp:featuredmedia":[{"embeddable":true,"href":"https:\/\/azturismo.net\/index.php?rest_route=\/wp\/v2\/media\/5646"}],"wp:attachment":[{"href":"https:\/\/azturismo.net\/index.php?rest_route=%2Fwp%2Fv2%2Fmedia&parent=5645"}],"wp:term":[{"taxonomy":"category","embeddable":true,"href":"https:\/\/azturismo.net\/index.php?rest_route=%2Fwp%2Fv2%2Fcategories&post=5645"},{"taxonomy":"post_tag","embeddable":true,"href":"https:\/\/azturismo.net\/index.php?rest_route=%2Fwp%2Fv2%2Ftags&post=5645"}],"curies":[{"name":"wp","href":"https:\/\/api.w.org\/{rel}","templated":true}]}}