{"id":5634,"date":"2025-09-26T17:11:00","date_gmt":"2025-09-26T23:11:00","guid":{"rendered":"https:\/\/azturismo.net\/?p=5634"},"modified":"2025-09-30T22:56:30","modified_gmt":"2025-10-01T04:56:30","slug":"victoria-cole-es-nombrada-ceo-de-vml-latam","status":"publish","type":"post","link":"https:\/\/azturismo.net\/?p=5634","title":{"rendered":"Victoria Cole es nombrada CEO de VML LATAM"},"content":{"rendered":"\n<p>Por Staff AzTurismo<\/p>\n\n\n\n<p>VML, una de las agencias creativas m\u00e1s premiadas del mundo, anunci\u00f3 el nombramiento de <strong>Victoria \u201cVicky\u201d Cole como nueva CEO de VML LATAM<\/strong>, consolidando as\u00ed un cambio estrat\u00e9gico en la industria de la comunicaci\u00f3n y el marketing en Am\u00e9rica Latina.<\/p>\n\n\n\n<p>Reconocida como <em>Leading Woman<\/em> y galardonada con un <strong>Grand Prix de Innovaci\u00f3n en Cannes Lions<\/strong> por su trabajo con Unilever, Vicky Cole cuenta con m\u00e1s de 30 a\u00f1os de trayectoria en la transformaci\u00f3n de marcas globales como Movistar, Coca-Cola, Microsoft y United Airlines. Desde 2023 lideraba <strong>VML Argentina<\/strong>, donde logr\u00f3 un crecimiento r\u00e9cord y reconocimiento internacional.<\/p>\n\n\n<div class=\"wp-block-image\">\n<figure class=\"alignleft size-full is-resized\"><img data-recalc-dims=\"1\" loading=\"lazy\" decoding=\"async\" width=\"600\" height=\"786\" data-attachment-id=\"5636\" data-permalink=\"https:\/\/azturismo.net\/?attachment_id=5636\" data-orig-file=\"https:\/\/i0.wp.com\/azturismo.net\/wp-content\/uploads\/2025\/09\/Vic1.png?fit=600%2C786&amp;ssl=1\" data-orig-size=\"600,786\" data-comments-opened=\"1\" data-image-meta=\"{&quot;aperture&quot;:&quot;0&quot;,&quot;credit&quot;:&quot;&quot;,&quot;camera&quot;:&quot;&quot;,&quot;caption&quot;:&quot;&quot;,&quot;created_timestamp&quot;:&quot;0&quot;,&quot;copyright&quot;:&quot;&quot;,&quot;focal_length&quot;:&quot;0&quot;,&quot;iso&quot;:&quot;0&quot;,&quot;shutter_speed&quot;:&quot;0&quot;,&quot;title&quot;:&quot;&quot;,&quot;orientation&quot;:&quot;0&quot;}\" data-image-title=\"Vic1\" data-image-description=\"\" data-image-caption=\"\" data-large-file=\"https:\/\/i0.wp.com\/azturismo.net\/wp-content\/uploads\/2025\/09\/Vic1.png?fit=600%2C786&amp;ssl=1\" src=\"https:\/\/i0.wp.com\/azturismo.net\/wp-content\/uploads\/2025\/09\/Vic1.png?resize=600%2C786&#038;ssl=1\" alt=\"\" class=\"wp-image-5636\" style=\"width:257px;height:auto\" srcset=\"https:\/\/i0.wp.com\/azturismo.net\/wp-content\/uploads\/2025\/09\/Vic1.png?w=600&amp;ssl=1 600w, https:\/\/i0.wp.com\/azturismo.net\/wp-content\/uploads\/2025\/09\/Vic1.png?resize=229%2C300&amp;ssl=1 229w, https:\/\/i0.wp.com\/azturismo.net\/wp-content\/uploads\/2025\/09\/Vic1.png?resize=150%2C197&amp;ssl=1 150w, https:\/\/i0.wp.com\/azturismo.net\/wp-content\/uploads\/2025\/09\/Vic1.png?resize=300%2C393&amp;ssl=1 300w\" sizes=\"auto, (max-width: 600px) 100vw, 600px\" \/><\/figure><\/div>\n\n\n<p>Cole suceder\u00e1 a <strong>Juan Pablo Jurado<\/strong>, quien se retirar\u00e1 a principios de 2026 despu\u00e9s de tres d\u00e9cadas en WPP y un legado de liderazgo que marc\u00f3 la evoluci\u00f3n de agencias como Wunderman, Wunderman Thompson y VML en la regi\u00f3n.<\/p>\n\n\n\n<h3 class=\"wp-block-heading\">Una visi\u00f3n innovadora para LATAM<\/h3>\n\n\n\n<p>El <strong>CEO global de VML, Jon Cook<\/strong>, destac\u00f3 que la nueva l\u00edder \u201cha sido fundamental en la evoluci\u00f3n de VML LATAM desde sus inicios, con un estilo visionario y equipos de alto rendimiento culturalmente diversos\u201d.<\/p>\n\n\n\n<p>Por su parte, <strong>Mel Edwards, presidenta global<\/strong>, resalt\u00f3 la cercan\u00eda de Vicky con clientes y colaboradores, lo que permitir\u00e1 una transici\u00f3n fluida y con grandes perspectivas de crecimiento.<\/p>\n\n\n\n<h3 class=\"wp-block-heading\">Relevo en Argentina y continuidad regional<\/h3>\n\n\n\n<p>Con este nombramiento, <strong>Emiliano Galv\u00e1n<\/strong> fue designado nuevo CEO de Argentina, tras m\u00e1s de 20 a\u00f1os en roles clave dentro de VML.<\/p>\n\n\n\n<p>VML LATAM se ha consolidado como una de las regiones de mayor rendimiento, sumando recientemente cuentas como <strong>YPF, Audible, Abbott y Adobe<\/strong>, y apostando por un modelo integral que combina <strong>BX (Brand Experience), CX (Customer Experience) y CO (Commerce)<\/strong>.<\/p>\n\n\n\n<h3 class=\"wp-block-heading\">El futuro de VML LATAM<\/h3>\n\n\n\n<p>\u201cMe siento profundamente honrada de asumir este rol en un momento tan crucial para nuestra industria\u201d, se\u00f1al\u00f3 Vicky Cole. \u201cMi compromiso es seguir impulsando la innovaci\u00f3n, la creatividad y el talento en toda la regi\u00f3n\u201d.<\/p>\n\n\n\n<p>Con este movimiento, VML LATAM refuerza su <strong>filosof\u00eda <em>Human First<\/em><\/strong>, que combina creatividad de clase mundial y tecnolog\u00eda avanzada, consolidando su papel como referente en publicidad, comunicaci\u00f3n y marketing en Am\u00e9rica Latina.<\/p>\n\n\n\n<h3 class=\"wp-block-heading\">\u00a1S\u00edguenos!<\/h3>\n\n\n\n<p><a href=\"https:\/\/www.facebook.com\/AzturismoNoticias\">https:\/\/www.facebook.com\/AzturismoNoticias<\/a><\/p>\n\n\n\n<p><strong><a href=\"mailto:tiktok.com\/@azturismo\">tiktok.com\/@azturismo<\/a><\/strong><\/p>\n\n\n\n<p><strong><a href=\"https:\/\/www.instagram.com\/azturismo_noticias\">www.instagram.com\/azturismo_noticias<\/a><\/strong><\/p>\n\n\n\n<p><a href=\"https:\/\/x.com\/AzTurismo\">https:\/\/x.com\/AzTurismo<\/a><\/p>\n","protected":false},"excerpt":{"rendered":"<p>Por Staff AzTurismo VML, una de las agencias creativas m\u00e1s premiadas del mundo, anunci\u00f3 el nombramiento de Victoria \u201cVicky\u201d Cole como nueva CEO de VML LATAM, consolidando as\u00ed un cambio estrat\u00e9gico en la industria de la comunicaci\u00f3n y el marketing en Am\u00e9rica Latina. Reconocida como Leading Woman y galardonada con un Grand Prix de Innovaci\u00f3n [&hellip;]<\/p>\n","protected":false},"author":1,"featured_media":5635,"comment_status":"open","ping_status":"open","sticky":false,"template":"","format":"standard","meta":{"jetpack_post_was_ever_published":false,"_jetpack_newsletter_access":"","_jetpack_dont_email_post_to_subs":false,"_jetpack_newsletter_tier_id":0,"_jetpack_memberships_contains_paywalled_content":false,"_jetpack_memberships_contains_paid_content":false,"footnotes":"","jetpack_publicize_message":"","jetpack_publicize_feature_enabled":true,"jetpack_social_post_already_shared":true,"jetpack_social_options":{"image_generator_settings":{"template":"highway","default_image_id":0,"font":"","enabled":false},"version":2}},"categories":[25],"tags":[2466,99,2471,2470,2472,2467,2465,2469,2468],"class_list":{"0":"post-5634","1":"post","2":"type-post","3":"status-publish","4":"format-standard","5":"has-post-thumbnail","7":"category-notitar","8":"tag-agencias-creativas","9":"tag-azturismo","10":"tag-ceo-global-de-vml","11":"tag-jon-cook","12":"tag-mel-edwards","13":"tag-victoria-vicky-cole","14":"tag-vml","15":"tag-vml-argentina","16":"tag-vml-latam"},"yoast_head":"<!-- This site is optimized with the Yoast SEO plugin v27.5 - https:\/\/yoast.com\/product\/yoast-seo-wordpress\/ -->\n<title>Victoria Cole es nombrada CEO de VML LATAM - Azturismo Noticias<\/title>\n<meta name=\"description\" content=\"VML, una de las agencias creativas m\u00e1s premiadas del mundo, anunci\u00f3 el nombramiento de Victoria \u201cVicky\u201d Cole como nueva CEO de VML LATAM, consolidando as\u00ed un cambio estrat\u00e9gico en la industria de la comunicaci\u00f3n y el marketing en Am\u00e9rica Latina.\" \/>\n<meta name=\"robots\" content=\"index, follow, max-snippet:-1, max-image-preview:large, max-video-preview:-1\" \/>\n<link rel=\"canonical\" href=\"https:\/\/azturismo.net\/?p=5634\" \/>\n<meta property=\"og:locale\" content=\"es_MX\" \/>\n<meta property=\"og:type\" content=\"article\" \/>\n<meta property=\"og:title\" content=\"Victoria Cole es nombrada CEO de VML LATAM - Azturismo Noticias\" \/>\n<meta property=\"og:description\" content=\"VML, una de las agencias creativas m\u00e1s premiadas del mundo, anunci\u00f3 el nombramiento de Victoria \u201cVicky\u201d Cole como nueva CEO de VML LATAM, consolidando as\u00ed un cambio estrat\u00e9gico en la industria de la comunicaci\u00f3n y el marketing en Am\u00e9rica Latina.\" \/>\n<meta property=\"og:url\" content=\"https:\/\/azturismo.net\/?p=5634\" \/>\n<meta property=\"og:site_name\" content=\"Azturismo Noticias\" \/>\n<meta property=\"article:publisher\" content=\"https:\/\/www.facebook.com\/AzturismoNoticias\" \/>\n<meta property=\"article:published_time\" content=\"2025-09-26T23:11:00+00:00\" \/>\n<meta property=\"article:modified_time\" content=\"2025-10-01T04:56:30+00:00\" \/>\n<meta property=\"og:image\" content=\"https:\/\/azturismo.net\/wp-content\/uploads\/2025\/09\/image-33.png\" \/>\n\t<meta property=\"og:image:width\" content=\"600\" \/>\n\t<meta property=\"og:image:height\" content=\"476\" \/>\n\t<meta property=\"og:image:type\" content=\"image\/png\" \/>\n<meta name=\"author\" content=\"Azturismo\" \/>\n<meta name=\"twitter:card\" content=\"summary_large_image\" \/>\n<meta name=\"twitter:creator\" content=\"@AzTurismo\" \/>\n<meta name=\"twitter:site\" content=\"@AzTurismo\" \/>\n<meta name=\"twitter:label1\" content=\"Escrito por\" \/>\n\t<meta name=\"twitter:data1\" content=\"Azturismo\" \/>\n\t<meta name=\"twitter:label2\" content=\"Tiempo de lectura\" \/>\n\t<meta name=\"twitter:data2\" content=\"3 minutos\" \/>\n<script type=\"application\/ld+json\" class=\"yoast-schema-graph\">{\"@context\":\"https:\\\/\\\/schema.org\",\"@graph\":[{\"@type\":\"Article\",\"@id\":\"https:\\\/\\\/azturismo.net\\\/?p=5634#article\",\"isPartOf\":{\"@id\":\"https:\\\/\\\/azturismo.net\\\/?p=5634\"},\"author\":{\"name\":\"Azturismo\",\"@id\":\"https:\\\/\\\/azturismo.net\\\/#\\\/schema\\\/person\\\/4b56d87f51c4d1b518c650739ad3bbc1\"},\"headline\":\"Victoria Cole es nombrada CEO de VML LATAM\",\"datePublished\":\"2025-09-26T23:11:00+00:00\",\"dateModified\":\"2025-10-01T04:56:30+00:00\",\"mainEntityOfPage\":{\"@id\":\"https:\\\/\\\/azturismo.net\\\/?p=5634\"},\"wordCount\":396,\"commentCount\":0,\"publisher\":{\"@id\":\"https:\\\/\\\/azturismo.net\\\/#organization\"},\"image\":{\"@id\":\"https:\\\/\\\/azturismo.net\\\/?p=5634#primaryimage\"},\"thumbnailUrl\":\"https:\\\/\\\/i0.wp.com\\\/azturismo.net\\\/wp-content\\\/uploads\\\/2025\\\/09\\\/image-33.png?fit=600%2C476&ssl=1\",\"keywords\":[\"agencias creativas\",\"azturismo\",\"CEO global de VML\",\"Jon Cook\",\"Mel Edwards\",\"Victoria \u201cVicky\u201d Cole\",\"VML\",\"VML Argentina\",\"VML LATAM\"],\"articleSection\":[\"NOTITUR\"],\"inLanguage\":\"es\",\"potentialAction\":[{\"@type\":\"CommentAction\",\"name\":\"Comment\",\"target\":[\"https:\\\/\\\/azturismo.net\\\/?p=5634#respond\"]}]},{\"@type\":\"WebPage\",\"@id\":\"https:\\\/\\\/azturismo.net\\\/?p=5634\",\"url\":\"https:\\\/\\\/azturismo.net\\\/?p=5634\",\"name\":\"Victoria Cole es nombrada CEO de VML LATAM - Azturismo Noticias\",\"isPartOf\":{\"@id\":\"https:\\\/\\\/azturismo.net\\\/#website\"},\"primaryImageOfPage\":{\"@id\":\"https:\\\/\\\/azturismo.net\\\/?p=5634#primaryimage\"},\"image\":{\"@id\":\"https:\\\/\\\/azturismo.net\\\/?p=5634#primaryimage\"},\"thumbnailUrl\":\"https:\\\/\\\/i0.wp.com\\\/azturismo.net\\\/wp-content\\\/uploads\\\/2025\\\/09\\\/image-33.png?fit=600%2C476&ssl=1\",\"datePublished\":\"2025-09-26T23:11:00+00:00\",\"dateModified\":\"2025-10-01T04:56:30+00:00\",\"description\":\"VML, una de las agencias creativas m\u00e1s premiadas del mundo, anunci\u00f3 el nombramiento de Victoria \u201cVicky\u201d Cole como nueva CEO de VML LATAM, consolidando as\u00ed un cambio estrat\u00e9gico en la industria de la comunicaci\u00f3n y el marketing en Am\u00e9rica Latina.\",\"breadcrumb\":{\"@id\":\"https:\\\/\\\/azturismo.net\\\/?p=5634#breadcrumb\"},\"inLanguage\":\"es\",\"potentialAction\":[{\"@type\":\"ReadAction\",\"target\":[\"https:\\\/\\\/azturismo.net\\\/?p=5634\"]}]},{\"@type\":\"ImageObject\",\"inLanguage\":\"es\",\"@id\":\"https:\\\/\\\/azturismo.net\\\/?p=5634#primaryimage\",\"url\":\"https:\\\/\\\/i0.wp.com\\\/azturismo.net\\\/wp-content\\\/uploads\\\/2025\\\/09\\\/image-33.png?fit=600%2C476&ssl=1\",\"contentUrl\":\"https:\\\/\\\/i0.wp.com\\\/azturismo.net\\\/wp-content\\\/uploads\\\/2025\\\/09\\\/image-33.png?fit=600%2C476&ssl=1\",\"width\":600,\"height\":476},{\"@type\":\"BreadcrumbList\",\"@id\":\"https:\\\/\\\/azturismo.net\\\/?p=5634#breadcrumb\",\"itemListElement\":[{\"@type\":\"ListItem\",\"position\":1,\"name\":\"Home\",\"item\":\"https:\\\/\\\/azturismo.net\\\/\"},{\"@type\":\"ListItem\",\"position\":2,\"name\":\"Victoria Cole es nombrada CEO de VML LATAM\"}]},{\"@type\":\"WebSite\",\"@id\":\"https:\\\/\\\/azturismo.net\\\/#website\",\"url\":\"https:\\\/\\\/azturismo.net\\\/\",\"name\":\"Azturismo\",\"description\":\"Azturismo Noticias\",\"publisher\":{\"@id\":\"https:\\\/\\\/azturismo.net\\\/#organization\"},\"potentialAction\":[{\"@type\":\"SearchAction\",\"target\":{\"@type\":\"EntryPoint\",\"urlTemplate\":\"https:\\\/\\\/azturismo.net\\\/?s={search_term_string}\"},\"query-input\":{\"@type\":\"PropertyValueSpecification\",\"valueRequired\":true,\"valueName\":\"search_term_string\"}}],\"inLanguage\":\"es\"},{\"@type\":\"Organization\",\"@id\":\"https:\\\/\\\/azturismo.net\\\/#organization\",\"name\":\"Azturismo\",\"url\":\"https:\\\/\\\/azturismo.net\\\/\",\"logo\":{\"@type\":\"ImageObject\",\"inLanguage\":\"es\",\"@id\":\"https:\\\/\\\/azturismo.net\\\/#\\\/schema\\\/logo\\\/image\\\/\",\"url\":\"https:\\\/\\\/i0.wp.com\\\/azturismo.net\\\/wp-content\\\/uploads\\\/2024\\\/03\\\/logo-el-bueno-.png?fit=294%2C69&ssl=1\",\"contentUrl\":\"https:\\\/\\\/i0.wp.com\\\/azturismo.net\\\/wp-content\\\/uploads\\\/2024\\\/03\\\/logo-el-bueno-.png?fit=294%2C69&ssl=1\",\"width\":294,\"height\":69,\"caption\":\"Azturismo\"},\"image\":{\"@id\":\"https:\\\/\\\/azturismo.net\\\/#\\\/schema\\\/logo\\\/image\\\/\"},\"sameAs\":[\"https:\\\/\\\/www.facebook.com\\\/AzturismoNoticias\",\"https:\\\/\\\/x.com\\\/AzTurismo\",\"https:\\\/\\\/www.instagram.com\\\/azturismo_noticias\\\/?fbclid=IwAR2xMiuoHbs6eLeIHKP8P5sSGa-xFrw7FfejscXO7kDghWa7wKLjGczKOwE\",\"https:\\\/\\\/www.tiktok.com\\\/@azturismo\"]},{\"@type\":\"Person\",\"@id\":\"https:\\\/\\\/azturismo.net\\\/#\\\/schema\\\/person\\\/4b56d87f51c4d1b518c650739ad3bbc1\",\"name\":\"Azturismo\",\"image\":{\"@type\":\"ImageObject\",\"inLanguage\":\"es\",\"@id\":\"https:\\\/\\\/azturismo.net\\\/wp-content\\\/litespeed\\\/avatar\\\/dfe28a31cdd68b788da48a316e50db10.jpg?ver=1777707566\",\"url\":\"https:\\\/\\\/azturismo.net\\\/wp-content\\\/litespeed\\\/avatar\\\/dfe28a31cdd68b788da48a316e50db10.jpg?ver=1777707566\",\"contentUrl\":\"https:\\\/\\\/azturismo.net\\\/wp-content\\\/litespeed\\\/avatar\\\/dfe28a31cdd68b788da48a316e50db10.jpg?ver=1777707566\",\"caption\":\"Azturismo\"},\"sameAs\":[\"https:\\\/\\\/azturismo.net\"],\"url\":\"https:\\\/\\\/azturismo.net\\\/?author=1\"}]}<\/script>\n<!-- \/ Yoast SEO plugin. -->","yoast_head_json":{"title":"Victoria Cole es nombrada CEO de VML LATAM - Azturismo Noticias","description":"VML, una de las agencias creativas m\u00e1s premiadas del mundo, anunci\u00f3 el nombramiento de Victoria \u201cVicky\u201d Cole como nueva CEO de VML LATAM, consolidando as\u00ed un cambio estrat\u00e9gico en la industria de la comunicaci\u00f3n y el marketing en Am\u00e9rica Latina.","robots":{"index":"index","follow":"follow","max-snippet":"max-snippet:-1","max-image-preview":"max-image-preview:large","max-video-preview":"max-video-preview:-1"},"canonical":"https:\/\/azturismo.net\/?p=5634","og_locale":"es_MX","og_type":"article","og_title":"Victoria Cole es nombrada CEO de VML LATAM - Azturismo Noticias","og_description":"VML, una de las agencias creativas m\u00e1s premiadas del mundo, anunci\u00f3 el nombramiento de Victoria \u201cVicky\u201d Cole como nueva CEO de VML LATAM, consolidando as\u00ed un cambio estrat\u00e9gico en la industria de la comunicaci\u00f3n y el marketing en Am\u00e9rica Latina.","og_url":"https:\/\/azturismo.net\/?p=5634","og_site_name":"Azturismo Noticias","article_publisher":"https:\/\/www.facebook.com\/AzturismoNoticias","article_published_time":"2025-09-26T23:11:00+00:00","article_modified_time":"2025-10-01T04:56:30+00:00","og_image":[{"width":600,"height":476,"url":"https:\/\/azturismo.net\/wp-content\/uploads\/2025\/09\/image-33.png","type":"image\/png"}],"author":"Azturismo","twitter_card":"summary_large_image","twitter_creator":"@AzTurismo","twitter_site":"@AzTurismo","twitter_misc":{"Escrito por":"Azturismo","Tiempo de lectura":"3 minutos"},"schema":{"@context":"https:\/\/schema.org","@graph":[{"@type":"Article","@id":"https:\/\/azturismo.net\/?p=5634#article","isPartOf":{"@id":"https:\/\/azturismo.net\/?p=5634"},"author":{"name":"Azturismo","@id":"https:\/\/azturismo.net\/#\/schema\/person\/4b56d87f51c4d1b518c650739ad3bbc1"},"headline":"Victoria Cole es nombrada CEO de VML LATAM","datePublished":"2025-09-26T23:11:00+00:00","dateModified":"2025-10-01T04:56:30+00:00","mainEntityOfPage":{"@id":"https:\/\/azturismo.net\/?p=5634"},"wordCount":396,"commentCount":0,"publisher":{"@id":"https:\/\/azturismo.net\/#organization"},"image":{"@id":"https:\/\/azturismo.net\/?p=5634#primaryimage"},"thumbnailUrl":"https:\/\/i0.wp.com\/azturismo.net\/wp-content\/uploads\/2025\/09\/image-33.png?fit=600%2C476&ssl=1","keywords":["agencias creativas","azturismo","CEO global de VML","Jon Cook","Mel Edwards","Victoria \u201cVicky\u201d Cole","VML","VML Argentina","VML LATAM"],"articleSection":["NOTITUR"],"inLanguage":"es","potentialAction":[{"@type":"CommentAction","name":"Comment","target":["https:\/\/azturismo.net\/?p=5634#respond"]}]},{"@type":"WebPage","@id":"https:\/\/azturismo.net\/?p=5634","url":"https:\/\/azturismo.net\/?p=5634","name":"Victoria Cole es nombrada CEO de VML LATAM - Azturismo Noticias","isPartOf":{"@id":"https:\/\/azturismo.net\/#website"},"primaryImageOfPage":{"@id":"https:\/\/azturismo.net\/?p=5634#primaryimage"},"image":{"@id":"https:\/\/azturismo.net\/?p=5634#primaryimage"},"thumbnailUrl":"https:\/\/i0.wp.com\/azturismo.net\/wp-content\/uploads\/2025\/09\/image-33.png?fit=600%2C476&ssl=1","datePublished":"2025-09-26T23:11:00+00:00","dateModified":"2025-10-01T04:56:30+00:00","description":"VML, una de las agencias creativas m\u00e1s premiadas del mundo, anunci\u00f3 el nombramiento de Victoria \u201cVicky\u201d Cole como nueva CEO de VML LATAM, consolidando as\u00ed un cambio estrat\u00e9gico en la industria de la comunicaci\u00f3n y el marketing en Am\u00e9rica Latina.","breadcrumb":{"@id":"https:\/\/azturismo.net\/?p=5634#breadcrumb"},"inLanguage":"es","potentialAction":[{"@type":"ReadAction","target":["https:\/\/azturismo.net\/?p=5634"]}]},{"@type":"ImageObject","inLanguage":"es","@id":"https:\/\/azturismo.net\/?p=5634#primaryimage","url":"https:\/\/i0.wp.com\/azturismo.net\/wp-content\/uploads\/2025\/09\/image-33.png?fit=600%2C476&ssl=1","contentUrl":"https:\/\/i0.wp.com\/azturismo.net\/wp-content\/uploads\/2025\/09\/image-33.png?fit=600%2C476&ssl=1","width":600,"height":476},{"@type":"BreadcrumbList","@id":"https:\/\/azturismo.net\/?p=5634#breadcrumb","itemListElement":[{"@type":"ListItem","position":1,"name":"Home","item":"https:\/\/azturismo.net\/"},{"@type":"ListItem","position":2,"name":"Victoria Cole es nombrada CEO de VML LATAM"}]},{"@type":"WebSite","@id":"https:\/\/azturismo.net\/#website","url":"https:\/\/azturismo.net\/","name":"Azturismo","description":"Azturismo Noticias","publisher":{"@id":"https:\/\/azturismo.net\/#organization"},"potentialAction":[{"@type":"SearchAction","target":{"@type":"EntryPoint","urlTemplate":"https:\/\/azturismo.net\/?s={search_term_string}"},"query-input":{"@type":"PropertyValueSpecification","valueRequired":true,"valueName":"search_term_string"}}],"inLanguage":"es"},{"@type":"Organization","@id":"https:\/\/azturismo.net\/#organization","name":"Azturismo","url":"https:\/\/azturismo.net\/","logo":{"@type":"ImageObject","inLanguage":"es","@id":"https:\/\/azturismo.net\/#\/schema\/logo\/image\/","url":"https:\/\/i0.wp.com\/azturismo.net\/wp-content\/uploads\/2024\/03\/logo-el-bueno-.png?fit=294%2C69&ssl=1","contentUrl":"https:\/\/i0.wp.com\/azturismo.net\/wp-content\/uploads\/2024\/03\/logo-el-bueno-.png?fit=294%2C69&ssl=1","width":294,"height":69,"caption":"Azturismo"},"image":{"@id":"https:\/\/azturismo.net\/#\/schema\/logo\/image\/"},"sameAs":["https:\/\/www.facebook.com\/AzturismoNoticias","https:\/\/x.com\/AzTurismo","https:\/\/www.instagram.com\/azturismo_noticias\/?fbclid=IwAR2xMiuoHbs6eLeIHKP8P5sSGa-xFrw7FfejscXO7kDghWa7wKLjGczKOwE","https:\/\/www.tiktok.com\/@azturismo"]},{"@type":"Person","@id":"https:\/\/azturismo.net\/#\/schema\/person\/4b56d87f51c4d1b518c650739ad3bbc1","name":"Azturismo","image":{"@type":"ImageObject","inLanguage":"es","@id":"https:\/\/azturismo.net\/wp-content\/litespeed\/avatar\/dfe28a31cdd68b788da48a316e50db10.jpg?ver=1777707566","url":"https:\/\/azturismo.net\/wp-content\/litespeed\/avatar\/dfe28a31cdd68b788da48a316e50db10.jpg?ver=1777707566","contentUrl":"https:\/\/azturismo.net\/wp-content\/litespeed\/avatar\/dfe28a31cdd68b788da48a316e50db10.jpg?ver=1777707566","caption":"Azturismo"},"sameAs":["https:\/\/azturismo.net"],"url":"https:\/\/azturismo.net\/?author=1"}]}},"jetpack_publicize_connections":[],"jetpack_featured_media_url":"https:\/\/i0.wp.com\/azturismo.net\/wp-content\/uploads\/2025\/09\/image-33.png?fit=600%2C476&ssl=1","jetpack_sharing_enabled":true,"jetpack-related-posts":[{"id":6487,"url":"https:\/\/azturismo.net\/?p=6487","url_meta":{"origin":5634,"position":0},"title":"Descubre las 3 claves que conquistan al consumidor durante el Buen Fin 2025","author":"Azturismo","date":"noviembre 15, 2025","format":false,"excerpt":"Por Ronaldo Zanon Ante un consumidor cada vez m\u00e1s informado, anal\u00edtico y enfocado en maximizar su presupuesto, Incubeta, agencia global de marketing digital, dio a conocer las tres claves estrat\u00e9gicas que definen el \u00e9xito de las marcas durante el Buen Fin 2025. Su an\u00e1lisis se basa en hallazgos del \u201cEstudio\u2026","rel":"","context":"En &quot;Destacadas&quot;","block_context":{"text":"Destacadas","link":"https:\/\/azturismo.net\/?cat=30"},"img":{"alt_text":"","src":"https:\/\/i0.wp.com\/azturismo.net\/wp-content\/uploads\/2025\/11\/centrocomercial2.jpeg?fit=600%2C600&ssl=1&resize=350%2C200","width":350,"height":200,"srcset":"https:\/\/i0.wp.com\/azturismo.net\/wp-content\/uploads\/2025\/11\/centrocomercial2.jpeg?fit=600%2C600&ssl=1&resize=350%2C200 1x, https:\/\/i0.wp.com\/azturismo.net\/wp-content\/uploads\/2025\/11\/centrocomercial2.jpeg?fit=600%2C600&ssl=1&resize=525%2C300 1.5x"},"classes":[]},{"id":3112,"url":"https:\/\/azturismo.net\/?p=3112","url_meta":{"origin":5634,"position":1},"title":"Optimismo crece en ejecutivos de AL, pero la inflaci\u00f3n es una preocupaci\u00f3n","author":"Azturismo","date":"febrero 25, 2025","format":false,"excerpt":"Por Staff AzTurismo Miami, febrero 2025. - El Grupo Ohla present\u00f3 los resultados de la \u201cV Encuesta sobre Proyecciones Econ\u00f3micas en Latinoam\u00e9rica\u201d, un estudio realizado con la participaci\u00f3n de 475 ejecutivos de 21 pa\u00edses de la regi\u00f3n. Los resultados revelan un renovado optimismo en el \u00e1mbito empresarial para 2025, a\u2026","rel":"","context":"En &quot;NACIONALES&quot;","block_context":{"text":"NACIONALES","link":"https:\/\/azturismo.net\/?cat=29"},"img":{"alt_text":"","src":"https:\/\/i0.wp.com\/azturismo.net\/wp-content\/uploads\/2025\/02\/AL-inflacion.png?fit=600%2C455&ssl=1&resize=350%2C200","width":350,"height":200,"srcset":"https:\/\/i0.wp.com\/azturismo.net\/wp-content\/uploads\/2025\/02\/AL-inflacion.png?fit=600%2C455&ssl=1&resize=350%2C200 1x, https:\/\/i0.wp.com\/azturismo.net\/wp-content\/uploads\/2025\/02\/AL-inflacion.png?fit=600%2C455&ssl=1&resize=525%2C300 1.5x"},"classes":[]},{"id":6015,"url":"https:\/\/azturismo.net\/?p=6015","url_meta":{"origin":5634,"position":2},"title":"Moda en M\u00e9xico en la Mira","author":"Azturismo","date":"octubre 18, 2025","format":false,"excerpt":"Por Ronaldo Zanon Ante la alarmante cifra de que el 30% de la ropa nueva jam\u00e1s se vende, expertos reunidos en el foro \"M\u00e9xico por el Clima\" demandan transparencia, apoyo al slow fashion y una Ley de Econom\u00eda Circular para transformar la industria. La industria de la moda, una de\u2026","rel":"","context":"En &quot;Destacadas&quot;","block_context":{"text":"Destacadas","link":"https:\/\/azturismo.net\/?cat=30"},"img":{"alt_text":"","src":"https:\/\/i0.wp.com\/azturismo.net\/wp-content\/uploads\/2025\/10\/Fundamentally-Green-Metrics-Latam.png?fit=600%2C514&ssl=1&resize=350%2C200","width":350,"height":200,"srcset":"https:\/\/i0.wp.com\/azturismo.net\/wp-content\/uploads\/2025\/10\/Fundamentally-Green-Metrics-Latam.png?fit=600%2C514&ssl=1&resize=350%2C200 1x, https:\/\/i0.wp.com\/azturismo.net\/wp-content\/uploads\/2025\/10\/Fundamentally-Green-Metrics-Latam.png?fit=600%2C514&ssl=1&resize=525%2C300 1.5x"},"classes":[]},{"id":6504,"url":"https:\/\/azturismo.net\/?p=6504","url_meta":{"origin":5634,"position":3},"title":"\u2764\ufe0f &#8220;Coraz\u00f3n, coraz\u00f3n&#8221;, la exposici\u00f3n que late por la conciencia card\u00edaca","author":"Azturismo","date":"noviembre 21, 2025","format":false,"excerpt":"Por Staff AzTurismo Un proyecto art\u00edstico y social de gran trascendencia se alista para tocar las fibras sensibles del p\u00fablico mexicano. La exposici\u00f3n colectiva \"Coraz\u00f3n, Coraz\u00f3n\" se inaugurar\u00e1 este diciembre en la capital del pa\u00eds, marcando el inicio de una cruzada art\u00edstica dedicada a la concientizaci\u00f3n sobre las enfermedades cardiop\u00e1ticas.\u2026","rel":"","context":"En &quot;ESPECIALES 1&quot;","block_context":{"text":"ESPECIALES 1","link":"https:\/\/azturismo.net\/?cat=31"},"img":{"alt_text":"","src":"https:\/\/i0.wp.com\/azturismo.net\/wp-content\/uploads\/2025\/11\/corazon-corazon-exposicion.jpeg?fit=600%2C337&ssl=1&resize=350%2C200","width":350,"height":200,"srcset":"https:\/\/i0.wp.com\/azturismo.net\/wp-content\/uploads\/2025\/11\/corazon-corazon-exposicion.jpeg?fit=600%2C337&ssl=1&resize=350%2C200 1x, https:\/\/i0.wp.com\/azturismo.net\/wp-content\/uploads\/2025\/11\/corazon-corazon-exposicion.jpeg?fit=600%2C337&ssl=1&resize=525%2C300 1.5x"},"classes":[]},{"id":5594,"url":"https:\/\/azturismo.net\/?p=5594","url_meta":{"origin":5634,"position":4},"title":"\u00a1Se acabaron las horas nalga!","author":"Azturismo","date":"octubre 17, 2025","format":false,"excerpt":"Por Claudia Carrera La m\u00fasica mexicana tiene un nuevo espacio para brillar con autenticidad y creatividad. FMG, en colaboraci\u00f3n con Almac\u00e9n M\u00e9xico, presenta \u201cGrabando en la Oficina\u201d, una plataforma que permite a los artistas interpretar sus canciones en un entorno \u00fanico: \u00a1una oficina! El proyecto combina sesiones \u00edntimas, entrevistas, streamings\u2026","rel":"","context":"En &quot;Destacadas&quot;","block_context":{"text":"Destacadas","link":"https:\/\/azturismo.net\/?cat=30"},"img":{"alt_text":"","src":"https:\/\/i0.wp.com\/azturismo.net\/wp-content\/uploads\/2025\/10\/GELO-4-1.jpg?fit=600%2C437&ssl=1&resize=350%2C200","width":350,"height":200,"srcset":"https:\/\/i0.wp.com\/azturismo.net\/wp-content\/uploads\/2025\/10\/GELO-4-1.jpg?fit=600%2C437&ssl=1&resize=350%2C200 1x, https:\/\/i0.wp.com\/azturismo.net\/wp-content\/uploads\/2025\/10\/GELO-4-1.jpg?fit=600%2C437&ssl=1&resize=525%2C300 1.5x"},"classes":[]},{"id":6020,"url":"https:\/\/azturismo.net\/?p=6020","url_meta":{"origin":5634,"position":5},"title":"Gemini Enterprise de Google transforma estrategias y productividad: Incubeta","author":"Azturismo","date":"octubre 19, 2025","format":false,"excerpt":"Por Aytana V\u00e1zquez Flores Incubeta, agencia global l\u00edder en marketing digital y tecnolog\u00eda, ha destacado hoy la profunda relevancia del reciente lanzamiento de Gemini Enterprise, la innovadora plataforma de inteligencia artificial (IA) de Google Cloud. Esta tecnolog\u00eda est\u00e1 posicionada para ser el catalizador que impulse una transformaci\u00f3n radical en c\u00f3mo\u2026","rel":"","context":"En &quot;TENDENCIAS&quot;","block_context":{"text":"TENDENCIAS","link":"https:\/\/azturismo.net\/?cat=28"},"img":{"alt_text":"","src":"https:\/\/i0.wp.com\/azturismo.net\/wp-content\/uploads\/2025\/10\/Gemini-Enterprise.jpg?fit=600%2C360&ssl=1&resize=350%2C200","width":350,"height":200,"srcset":"https:\/\/i0.wp.com\/azturismo.net\/wp-content\/uploads\/2025\/10\/Gemini-Enterprise.jpg?fit=600%2C360&ssl=1&resize=350%2C200 1x, https:\/\/i0.wp.com\/azturismo.net\/wp-content\/uploads\/2025\/10\/Gemini-Enterprise.jpg?fit=600%2C360&ssl=1&resize=525%2C300 1.5x"},"classes":[]}],"jetpack_shortlink":"https:\/\/wp.me\/pfqZGx-1sS","amp_enabled":true,"_links":{"self":[{"href":"https:\/\/azturismo.net\/index.php?rest_route=\/wp\/v2\/posts\/5634","targetHints":{"allow":["GET"]}}],"collection":[{"href":"https:\/\/azturismo.net\/index.php?rest_route=\/wp\/v2\/posts"}],"about":[{"href":"https:\/\/azturismo.net\/index.php?rest_route=\/wp\/v2\/types\/post"}],"author":[{"embeddable":true,"href":"https:\/\/azturismo.net\/index.php?rest_route=\/wp\/v2\/users\/1"}],"replies":[{"embeddable":true,"href":"https:\/\/azturismo.net\/index.php?rest_route=%2Fwp%2Fv2%2Fcomments&post=5634"}],"version-history":[{"count":2,"href":"https:\/\/azturismo.net\/index.php?rest_route=\/wp\/v2\/posts\/5634\/revisions"}],"predecessor-version":[{"id":5763,"href":"https:\/\/azturismo.net\/index.php?rest_route=\/wp\/v2\/posts\/5634\/revisions\/5763"}],"wp:featuredmedia":[{"embeddable":true,"href":"https:\/\/azturismo.net\/index.php?rest_route=\/wp\/v2\/media\/5635"}],"wp:attachment":[{"href":"https:\/\/azturismo.net\/index.php?rest_route=%2Fwp%2Fv2%2Fmedia&parent=5634"}],"wp:term":[{"taxonomy":"category","embeddable":true,"href":"https:\/\/azturismo.net\/index.php?rest_route=%2Fwp%2Fv2%2Fcategories&post=5634"},{"taxonomy":"post_tag","embeddable":true,"href":"https:\/\/azturismo.net\/index.php?rest_route=%2Fwp%2Fv2%2Ftags&post=5634"}],"curies":[{"name":"wp","href":"https:\/\/api.w.org\/{rel}","templated":true}]}}