{"id":5586,"date":"2025-09-24T09:04:00","date_gmt":"2025-09-24T15:04:00","guid":{"rendered":"https:\/\/azturismo.net\/?p=5586"},"modified":"2025-09-23T23:14:14","modified_gmt":"2025-09-24T05:14:14","slug":"mexico-se-prepara-para-brillar-como-potencia-turistica-en-fitur-2026","status":"publish","type":"post","link":"https:\/\/azturismo.net\/?p=5586","title":{"rendered":"M\u00e9xico se prepara para brillar como potencia tur\u00edstica en Fitur 2026"},"content":{"rendered":"\n<p><strong>Madrid, Espa\u00f1a<\/strong>.- M\u00e9xico se alista para tener un papel hist\u00f3rico en la <strong>Feria Internacional de Turismo (Fitur) 2026<\/strong>, que se celebrar\u00e1 del <strong>21 al 25 de enero en IFEMA Madrid<\/strong>, donde el pa\u00eds ser\u00e1 <strong>invitado de honor<\/strong> con la participaci\u00f3n de sus <strong>32 estados<\/strong> y una agenda dise\u00f1ada para posicionarse como una <strong>potencia tur\u00edstica global<\/strong>.<\/p>\n\n\n\n<p>El anuncio se realiz\u00f3 en la Residencia de la Embajada de M\u00e9xico en Espa\u00f1a, encabezado por la <strong>secretaria de Turismo, Josefina Rodr\u00edguez Zamora<\/strong>, quien destac\u00f3 que esta ser\u00e1 una oportunidad estrat\u00e9gica para proyectar la riqueza cultural, natural y gastron\u00f3mica de M\u00e9xico, adem\u00e1s de impulsar nuevas rutas y destinos emergentes.<\/p>\n\n\n\n<h3 class=\"wp-block-heading\">M\u00e9xico, en crecimiento tur\u00edstico<\/h3>\n\n\n\n<p class=\"has-text-align-center\">La participaci\u00f3n de M\u00e9xico como <strong>Pa\u00eds Invitado de Fitur 2026<\/strong> coincide con un momento clave para la industria. Entre enero y julio de 2025, el pa\u00eds recibi\u00f3 <strong>27.7 millones de turistas internacionales<\/strong> y gener\u00f3 <strong>21,682 millones de d\u00f3lares en divisas<\/strong>, cifras que reflejan un crecimiento sostenido respecto a 2024.<\/p>\n\n\n\n<figure class=\"wp-block-image size-large\"><img data-recalc-dims=\"1\" loading=\"lazy\" decoding=\"async\" width=\"696\" height=\"392\" data-attachment-id=\"5590\" data-permalink=\"https:\/\/azturismo.net\/?attachment_id=5590\" data-orig-file=\"https:\/\/i0.wp.com\/azturismo.net\/wp-content\/uploads\/2025\/09\/1000170346-scaled.jpg?fit=2560%2C1440&amp;ssl=1\" data-orig-size=\"2560,1440\" data-comments-opened=\"1\" data-image-meta=\"{&quot;aperture&quot;:&quot;0&quot;,&quot;credit&quot;:&quot;&quot;,&quot;camera&quot;:&quot;&quot;,&quot;caption&quot;:&quot;&quot;,&quot;created_timestamp&quot;:&quot;0&quot;,&quot;copyright&quot;:&quot;&quot;,&quot;focal_length&quot;:&quot;0&quot;,&quot;iso&quot;:&quot;0&quot;,&quot;shutter_speed&quot;:&quot;0&quot;,&quot;title&quot;:&quot;&quot;,&quot;orientation&quot;:&quot;0&quot;}\" data-image-title=\"1000170346\" data-image-description=\"\" data-image-caption=\"\" data-large-file=\"https:\/\/i0.wp.com\/azturismo.net\/wp-content\/uploads\/2025\/09\/1000170346-scaled.jpg?fit=696%2C392&amp;ssl=1\" src=\"https:\/\/i0.wp.com\/azturismo.net\/wp-content\/uploads\/2025\/09\/1000170346.jpg?resize=696%2C392&#038;ssl=1\" alt=\"\" class=\"wp-image-5590\" srcset=\"https:\/\/i0.wp.com\/azturismo.net\/wp-content\/uploads\/2025\/09\/1000170346-scaled.jpg?resize=1024%2C576&amp;ssl=1 1024w, https:\/\/i0.wp.com\/azturismo.net\/wp-content\/uploads\/2025\/09\/1000170346-scaled.jpg?resize=300%2C169&amp;ssl=1 300w, https:\/\/i0.wp.com\/azturismo.net\/wp-content\/uploads\/2025\/09\/1000170346-scaled.jpg?resize=768%2C432&amp;ssl=1 768w, https:\/\/i0.wp.com\/azturismo.net\/wp-content\/uploads\/2025\/09\/1000170346-scaled.jpg?resize=1536%2C864&amp;ssl=1 1536w, https:\/\/i0.wp.com\/azturismo.net\/wp-content\/uploads\/2025\/09\/1000170346-scaled.jpg?resize=2048%2C1152&amp;ssl=1 2048w, https:\/\/i0.wp.com\/azturismo.net\/wp-content\/uploads\/2025\/09\/1000170346-scaled.jpg?resize=150%2C84&amp;ssl=1 150w, https:\/\/i0.wp.com\/azturismo.net\/wp-content\/uploads\/2025\/09\/1000170346-scaled.jpg?resize=696%2C392&amp;ssl=1 696w, https:\/\/i0.wp.com\/azturismo.net\/wp-content\/uploads\/2025\/09\/1000170346-scaled.jpg?resize=1068%2C601&amp;ssl=1 1068w, https:\/\/i0.wp.com\/azturismo.net\/wp-content\/uploads\/2025\/09\/1000170346-scaled.jpg?resize=1920%2C1080&amp;ssl=1 1920w, https:\/\/i0.wp.com\/azturismo.net\/wp-content\/uploads\/2025\/09\/1000170346-scaled.jpg?w=1392&amp;ssl=1 1392w\" sizes=\"auto, (max-width: 696px) 100vw, 696px\" \/><\/figure>\n\n\n\n<p>Rodr\u00edguez Zamora asegur\u00f3 que el objetivo es consolidar al pa\u00eds como el <strong>quinto destino m\u00e1s visitado del mundo para 2030<\/strong>, aprovechando este escaparate internacional para atraer inversiones y fortalecer la visibilidad de M\u00e9xico en el sector tur\u00edstico global.<\/p>\n\n\n\n<h3 class=\"wp-block-heading\">Una ventana al esplendor de M\u00e9xico<\/h3>\n\n\n\n<p>En su edici\u00f3n 46, <strong>Fitur 2026<\/strong> ofrecer\u00e1 un pabell\u00f3n innovador y el m\u00e1s grande de Am\u00e9rica, con experiencias inmersivas e interactivas que mostrar\u00e1n:<\/p>\n\n\n\n<ul class=\"wp-block-list\">\n<li>Los <strong>35 sitios de M\u00e9xico inscritos en la Lista del Patrimonio Mundial de la UNESCO<\/strong>.<\/li>\n\n\n\n<li>Celebraciones ic\u00f3nicas como el <strong>D\u00eda de Muertos<\/strong> y el <strong>Carnaval de Veracruz<\/strong>.<\/li>\n\n\n\n<li>La diversidad de segmentos tur\u00edsticos: comunitario, cultural, gastron\u00f3mico, de romance, salud, congresos y deportivo.<\/li>\n<\/ul>\n\n\n\n<p>Adem\u00e1s, se impulsar\u00e1n proyectos de <strong>sostenibilidad, infraestructura y desarrollo comunitario<\/strong>, junto con presentaciones culturales, encuentros con inversionistas y actividades que fortalecer\u00e1n los lazos entre M\u00e9xico, Espa\u00f1a y el resto del mundo.<\/p>\n\n\n\n<h3 class=\"wp-block-heading\">Turismo y Copa Mundial 2026: una doble vitrina global<\/h3>\n\n\n\n<p>La presencia de M\u00e9xico en Fitur ser\u00e1 un preludio de otro gran evento internacional: la <strong>Copa Mundial de la FIFA 2026<\/strong>, donde el turismo y el f\u00fatbol se unir\u00e1n para invitar a millones de visitantes a descubrir m\u00e1s all\u00e1 de los estadios, desde rutas culturales hasta experiencias gastron\u00f3micas y artesanales.<\/p>\n\n\n\n<h3 class=\"wp-block-heading\">Una apuesta hist\u00f3rica<\/h3>\n\n\n\n<p>El <strong>embajador de M\u00e9xico en Espa\u00f1a, Quirino Ordaz<\/strong>, se\u00f1al\u00f3 que este reconocimiento es un <strong>hito hist\u00f3rico<\/strong> que abrir\u00e1 la puerta a nuevas oportunidades de cooperaci\u00f3n e inversi\u00f3n tur\u00edstica. Por su parte, <strong>Daniel Mart\u00ednez<\/strong>, vicepresidente ejecutivo de IFEMA Madrid, asegur\u00f3 que la participaci\u00f3n de M\u00e9xico marcar\u00e1 un precedente por su capacidad de innovaci\u00f3n y compromiso con la transformaci\u00f3n de los destinos.<\/p>\n\n\n\n<p>Con el respaldo de secretar\u00edas estatales de turismo, la iniciativa privada y el gobierno federal, M\u00e9xico se prepara para hacer de <strong>Fitur 2026<\/strong> un punto de partida hacia una nueva era en la que el pa\u00eds se consolide como un destino de clase mundial y un referente tur\u00edstico global.<\/p>\n\n\n\n<p><\/p>\n","protected":false},"excerpt":{"rendered":"<p>Madrid, Espa\u00f1a.- M\u00e9xico se alista para tener un papel hist\u00f3rico en la Feria Internacional de Turismo (Fitur) 2026, que se celebrar\u00e1 del 21 al 25 de enero en IFEMA Madrid, donde el pa\u00eds ser\u00e1 invitado de honor con la participaci\u00f3n de sus 32 estados y una agenda dise\u00f1ada para posicionarse como una potencia tur\u00edstica global. [&hellip;]<\/p>\n","protected":false},"author":1,"featured_media":5587,"comment_status":"open","ping_status":"open","sticky":false,"template":"","format":"standard","meta":{"jetpack_post_was_ever_published":false,"_jetpack_newsletter_access":"","_jetpack_dont_email_post_to_subs":false,"_jetpack_newsletter_tier_id":0,"_jetpack_memberships_contains_paywalled_content":false,"_jetpack_memberships_contains_paid_content":false,"footnotes":"","jetpack_publicize_message":"","jetpack_publicize_feature_enabled":true,"jetpack_social_post_already_shared":true,"jetpack_social_options":{"image_generator_settings":{"template":"highway","default_image_id":0,"font":"","enabled":false},"version":2}},"categories":[30,29],"tags":[99,2409,313,116],"class_list":{"0":"post-5586","1":"post","2":"type-post","3":"status-publish","4":"format-standard","5":"has-post-thumbnail","7":"category-e","8":"category-nacionales","9":"tag-azturismo","10":"tag-fitur-2026","11":"tag-josefina-rodriguez-zamora","12":"tag-sectur"},"yoast_head":"<!-- This site is optimized with the Yoast SEO plugin v27.5 - https:\/\/yoast.com\/product\/yoast-seo-wordpress\/ -->\n<title>M\u00e9xico se prepara para brillar como potencia tur\u00edstica en Fitur 2026 - Azturismo Noticias<\/title>\n<meta name=\"description\" content=\"Madrid, Espa\u00f1a.- M\u00e9xico se alista para tener un papel hist\u00f3rico en la Feria Internacional de Turismo (Fitur) 2026, que se celebrar\u00e1 del 21 al 25 de enero en IFEMA Madrid, donde el pa\u00eds ser\u00e1 invitado de honor con la participaci\u00f3n de sus 32 estados y una agenda dise\u00f1ada para posicionarse como una potencia tur\u00edstica global.\" \/>\n<meta name=\"robots\" content=\"index, follow, max-snippet:-1, max-image-preview:large, max-video-preview:-1\" \/>\n<link rel=\"canonical\" href=\"https:\/\/azturismo.net\/?p=5586\" \/>\n<meta property=\"og:locale\" content=\"es_MX\" \/>\n<meta property=\"og:type\" content=\"article\" \/>\n<meta property=\"og:title\" content=\"M\u00e9xico se prepara para brillar como potencia tur\u00edstica en Fitur 2026 - Azturismo Noticias\" \/>\n<meta property=\"og:description\" content=\"Madrid, Espa\u00f1a.- M\u00e9xico se alista para tener un papel hist\u00f3rico en la Feria Internacional de Turismo (Fitur) 2026, que se celebrar\u00e1 del 21 al 25 de enero en IFEMA Madrid, donde el pa\u00eds ser\u00e1 invitado de honor con la participaci\u00f3n de sus 32 estados y una agenda dise\u00f1ada para posicionarse como una potencia tur\u00edstica global.\" \/>\n<meta property=\"og:url\" content=\"https:\/\/azturismo.net\/?p=5586\" \/>\n<meta property=\"og:site_name\" content=\"Azturismo Noticias\" \/>\n<meta property=\"article:publisher\" content=\"https:\/\/www.facebook.com\/AzturismoNoticias\" \/>\n<meta property=\"article:published_time\" content=\"2025-09-24T15:04:00+00:00\" \/>\n<meta property=\"og:image\" content=\"https:\/\/i0.wp.com\/azturismo.net\/wp-content\/uploads\/2025\/09\/Comunicado-205-9.jpg?fit=640%2C480&ssl=1\" \/>\n\t<meta property=\"og:image:width\" content=\"640\" \/>\n\t<meta property=\"og:image:height\" content=\"480\" \/>\n\t<meta property=\"og:image:type\" content=\"image\/jpeg\" \/>\n<meta name=\"author\" content=\"Azturismo\" \/>\n<meta name=\"twitter:card\" content=\"summary_large_image\" \/>\n<meta name=\"twitter:creator\" content=\"@AzTurismo\" \/>\n<meta name=\"twitter:site\" content=\"@AzTurismo\" \/>\n<meta name=\"twitter:label1\" content=\"Escrito por\" \/>\n\t<meta name=\"twitter:data1\" content=\"Azturismo\" \/>\n\t<meta name=\"twitter:label2\" content=\"Tiempo de lectura\" \/>\n\t<meta name=\"twitter:data2\" content=\"3 minutos\" \/>\n<script type=\"application\/ld+json\" class=\"yoast-schema-graph\">{\"@context\":\"https:\\\/\\\/schema.org\",\"@graph\":[{\"@type\":\"Article\",\"@id\":\"https:\\\/\\\/azturismo.net\\\/?p=5586#article\",\"isPartOf\":{\"@id\":\"https:\\\/\\\/azturismo.net\\\/?p=5586\"},\"author\":{\"name\":\"Azturismo\",\"@id\":\"https:\\\/\\\/azturismo.net\\\/#\\\/schema\\\/person\\\/4b56d87f51c4d1b518c650739ad3bbc1\"},\"headline\":\"M\u00e9xico se prepara para brillar como potencia tur\u00edstica en Fitur 2026\",\"datePublished\":\"2025-09-24T15:04:00+00:00\",\"mainEntityOfPage\":{\"@id\":\"https:\\\/\\\/azturismo.net\\\/?p=5586\"},\"wordCount\":528,\"commentCount\":0,\"publisher\":{\"@id\":\"https:\\\/\\\/azturismo.net\\\/#organization\"},\"image\":{\"@id\":\"https:\\\/\\\/azturismo.net\\\/?p=5586#primaryimage\"},\"thumbnailUrl\":\"https:\\\/\\\/i0.wp.com\\\/azturismo.net\\\/wp-content\\\/uploads\\\/2025\\\/09\\\/Comunicado-205-9.jpg?fit=640%2C480&ssl=1\",\"keywords\":[\"azturismo\",\"Fitur 2026\",\"Josefina Rodr\u00edguez Zamora\",\"Sectur\"],\"articleSection\":[\"Destacadas\",\"NACIONALES\"],\"inLanguage\":\"es\",\"potentialAction\":[{\"@type\":\"CommentAction\",\"name\":\"Comment\",\"target\":[\"https:\\\/\\\/azturismo.net\\\/?p=5586#respond\"]}]},{\"@type\":\"WebPage\",\"@id\":\"https:\\\/\\\/azturismo.net\\\/?p=5586\",\"url\":\"https:\\\/\\\/azturismo.net\\\/?p=5586\",\"name\":\"M\u00e9xico se prepara para brillar como potencia tur\u00edstica en Fitur 2026 - Azturismo Noticias\",\"isPartOf\":{\"@id\":\"https:\\\/\\\/azturismo.net\\\/#website\"},\"primaryImageOfPage\":{\"@id\":\"https:\\\/\\\/azturismo.net\\\/?p=5586#primaryimage\"},\"image\":{\"@id\":\"https:\\\/\\\/azturismo.net\\\/?p=5586#primaryimage\"},\"thumbnailUrl\":\"https:\\\/\\\/i0.wp.com\\\/azturismo.net\\\/wp-content\\\/uploads\\\/2025\\\/09\\\/Comunicado-205-9.jpg?fit=640%2C480&ssl=1\",\"datePublished\":\"2025-09-24T15:04:00+00:00\",\"description\":\"Madrid, Espa\u00f1a.- M\u00e9xico se alista para tener un papel hist\u00f3rico en la Feria Internacional de Turismo (Fitur) 2026, que se celebrar\u00e1 del 21 al 25 de enero en IFEMA Madrid, donde el pa\u00eds ser\u00e1 invitado de honor con la participaci\u00f3n de sus 32 estados y una agenda dise\u00f1ada para posicionarse como una potencia tur\u00edstica global.\",\"breadcrumb\":{\"@id\":\"https:\\\/\\\/azturismo.net\\\/?p=5586#breadcrumb\"},\"inLanguage\":\"es\",\"potentialAction\":[{\"@type\":\"ReadAction\",\"target\":[\"https:\\\/\\\/azturismo.net\\\/?p=5586\"]}]},{\"@type\":\"ImageObject\",\"inLanguage\":\"es\",\"@id\":\"https:\\\/\\\/azturismo.net\\\/?p=5586#primaryimage\",\"url\":\"https:\\\/\\\/i0.wp.com\\\/azturismo.net\\\/wp-content\\\/uploads\\\/2025\\\/09\\\/Comunicado-205-9.jpg?fit=640%2C480&ssl=1\",\"contentUrl\":\"https:\\\/\\\/i0.wp.com\\\/azturismo.net\\\/wp-content\\\/uploads\\\/2025\\\/09\\\/Comunicado-205-9.jpg?fit=640%2C480&ssl=1\",\"width\":640,\"height\":480},{\"@type\":\"BreadcrumbList\",\"@id\":\"https:\\\/\\\/azturismo.net\\\/?p=5586#breadcrumb\",\"itemListElement\":[{\"@type\":\"ListItem\",\"position\":1,\"name\":\"Home\",\"item\":\"https:\\\/\\\/azturismo.net\\\/\"},{\"@type\":\"ListItem\",\"position\":2,\"name\":\"M\u00e9xico se prepara para brillar como potencia tur\u00edstica en Fitur 2026\"}]},{\"@type\":\"WebSite\",\"@id\":\"https:\\\/\\\/azturismo.net\\\/#website\",\"url\":\"https:\\\/\\\/azturismo.net\\\/\",\"name\":\"Azturismo\",\"description\":\"Azturismo Noticias\",\"publisher\":{\"@id\":\"https:\\\/\\\/azturismo.net\\\/#organization\"},\"potentialAction\":[{\"@type\":\"SearchAction\",\"target\":{\"@type\":\"EntryPoint\",\"urlTemplate\":\"https:\\\/\\\/azturismo.net\\\/?s={search_term_string}\"},\"query-input\":{\"@type\":\"PropertyValueSpecification\",\"valueRequired\":true,\"valueName\":\"search_term_string\"}}],\"inLanguage\":\"es\"},{\"@type\":\"Organization\",\"@id\":\"https:\\\/\\\/azturismo.net\\\/#organization\",\"name\":\"Azturismo\",\"url\":\"https:\\\/\\\/azturismo.net\\\/\",\"logo\":{\"@type\":\"ImageObject\",\"inLanguage\":\"es\",\"@id\":\"https:\\\/\\\/azturismo.net\\\/#\\\/schema\\\/logo\\\/image\\\/\",\"url\":\"https:\\\/\\\/i0.wp.com\\\/azturismo.net\\\/wp-content\\\/uploads\\\/2024\\\/03\\\/logo-el-bueno-.png?fit=294%2C69&ssl=1\",\"contentUrl\":\"https:\\\/\\\/i0.wp.com\\\/azturismo.net\\\/wp-content\\\/uploads\\\/2024\\\/03\\\/logo-el-bueno-.png?fit=294%2C69&ssl=1\",\"width\":294,\"height\":69,\"caption\":\"Azturismo\"},\"image\":{\"@id\":\"https:\\\/\\\/azturismo.net\\\/#\\\/schema\\\/logo\\\/image\\\/\"},\"sameAs\":[\"https:\\\/\\\/www.facebook.com\\\/AzturismoNoticias\",\"https:\\\/\\\/x.com\\\/AzTurismo\",\"https:\\\/\\\/www.instagram.com\\\/azturismo_noticias\\\/?fbclid=IwAR2xMiuoHbs6eLeIHKP8P5sSGa-xFrw7FfejscXO7kDghWa7wKLjGczKOwE\",\"https:\\\/\\\/www.tiktok.com\\\/@azturismo\"]},{\"@type\":\"Person\",\"@id\":\"https:\\\/\\\/azturismo.net\\\/#\\\/schema\\\/person\\\/4b56d87f51c4d1b518c650739ad3bbc1\",\"name\":\"Azturismo\",\"image\":{\"@type\":\"ImageObject\",\"inLanguage\":\"es\",\"@id\":\"https:\\\/\\\/azturismo.net\\\/wp-content\\\/litespeed\\\/avatar\\\/dfe28a31cdd68b788da48a316e50db10.jpg?ver=1777707566\",\"url\":\"https:\\\/\\\/azturismo.net\\\/wp-content\\\/litespeed\\\/avatar\\\/dfe28a31cdd68b788da48a316e50db10.jpg?ver=1777707566\",\"contentUrl\":\"https:\\\/\\\/azturismo.net\\\/wp-content\\\/litespeed\\\/avatar\\\/dfe28a31cdd68b788da48a316e50db10.jpg?ver=1777707566\",\"caption\":\"Azturismo\"},\"sameAs\":[\"https:\\\/\\\/azturismo.net\"],\"url\":\"https:\\\/\\\/azturismo.net\\\/?author=1\"}]}<\/script>\n<!-- \/ Yoast SEO plugin. -->","yoast_head_json":{"title":"M\u00e9xico se prepara para brillar como potencia tur\u00edstica en Fitur 2026 - Azturismo Noticias","description":"Madrid, Espa\u00f1a.- M\u00e9xico se alista para tener un papel hist\u00f3rico en la Feria Internacional de Turismo (Fitur) 2026, que se celebrar\u00e1 del 21 al 25 de enero en IFEMA Madrid, donde el pa\u00eds ser\u00e1 invitado de honor con la participaci\u00f3n de sus 32 estados y una agenda dise\u00f1ada para posicionarse como una potencia tur\u00edstica global.","robots":{"index":"index","follow":"follow","max-snippet":"max-snippet:-1","max-image-preview":"max-image-preview:large","max-video-preview":"max-video-preview:-1"},"canonical":"https:\/\/azturismo.net\/?p=5586","og_locale":"es_MX","og_type":"article","og_title":"M\u00e9xico se prepara para brillar como potencia tur\u00edstica en Fitur 2026 - Azturismo Noticias","og_description":"Madrid, Espa\u00f1a.- M\u00e9xico se alista para tener un papel hist\u00f3rico en la Feria Internacional de Turismo (Fitur) 2026, que se celebrar\u00e1 del 21 al 25 de enero en IFEMA Madrid, donde el pa\u00eds ser\u00e1 invitado de honor con la participaci\u00f3n de sus 32 estados y una agenda dise\u00f1ada para posicionarse como una potencia tur\u00edstica global.","og_url":"https:\/\/azturismo.net\/?p=5586","og_site_name":"Azturismo Noticias","article_publisher":"https:\/\/www.facebook.com\/AzturismoNoticias","article_published_time":"2025-09-24T15:04:00+00:00","og_image":[{"width":640,"height":480,"url":"https:\/\/i0.wp.com\/azturismo.net\/wp-content\/uploads\/2025\/09\/Comunicado-205-9.jpg?fit=640%2C480&ssl=1","type":"image\/jpeg"}],"author":"Azturismo","twitter_card":"summary_large_image","twitter_creator":"@AzTurismo","twitter_site":"@AzTurismo","twitter_misc":{"Escrito por":"Azturismo","Tiempo de lectura":"3 minutos"},"schema":{"@context":"https:\/\/schema.org","@graph":[{"@type":"Article","@id":"https:\/\/azturismo.net\/?p=5586#article","isPartOf":{"@id":"https:\/\/azturismo.net\/?p=5586"},"author":{"name":"Azturismo","@id":"https:\/\/azturismo.net\/#\/schema\/person\/4b56d87f51c4d1b518c650739ad3bbc1"},"headline":"M\u00e9xico se prepara para brillar como potencia tur\u00edstica en Fitur 2026","datePublished":"2025-09-24T15:04:00+00:00","mainEntityOfPage":{"@id":"https:\/\/azturismo.net\/?p=5586"},"wordCount":528,"commentCount":0,"publisher":{"@id":"https:\/\/azturismo.net\/#organization"},"image":{"@id":"https:\/\/azturismo.net\/?p=5586#primaryimage"},"thumbnailUrl":"https:\/\/i0.wp.com\/azturismo.net\/wp-content\/uploads\/2025\/09\/Comunicado-205-9.jpg?fit=640%2C480&ssl=1","keywords":["azturismo","Fitur 2026","Josefina Rodr\u00edguez Zamora","Sectur"],"articleSection":["Destacadas","NACIONALES"],"inLanguage":"es","potentialAction":[{"@type":"CommentAction","name":"Comment","target":["https:\/\/azturismo.net\/?p=5586#respond"]}]},{"@type":"WebPage","@id":"https:\/\/azturismo.net\/?p=5586","url":"https:\/\/azturismo.net\/?p=5586","name":"M\u00e9xico se prepara para brillar como potencia tur\u00edstica en Fitur 2026 - Azturismo Noticias","isPartOf":{"@id":"https:\/\/azturismo.net\/#website"},"primaryImageOfPage":{"@id":"https:\/\/azturismo.net\/?p=5586#primaryimage"},"image":{"@id":"https:\/\/azturismo.net\/?p=5586#primaryimage"},"thumbnailUrl":"https:\/\/i0.wp.com\/azturismo.net\/wp-content\/uploads\/2025\/09\/Comunicado-205-9.jpg?fit=640%2C480&ssl=1","datePublished":"2025-09-24T15:04:00+00:00","description":"Madrid, Espa\u00f1a.- M\u00e9xico se alista para tener un papel hist\u00f3rico en la Feria Internacional de Turismo (Fitur) 2026, que se celebrar\u00e1 del 21 al 25 de enero en IFEMA Madrid, donde el pa\u00eds ser\u00e1 invitado de honor con la participaci\u00f3n de sus 32 estados y una agenda dise\u00f1ada para posicionarse como una potencia tur\u00edstica global.","breadcrumb":{"@id":"https:\/\/azturismo.net\/?p=5586#breadcrumb"},"inLanguage":"es","potentialAction":[{"@type":"ReadAction","target":["https:\/\/azturismo.net\/?p=5586"]}]},{"@type":"ImageObject","inLanguage":"es","@id":"https:\/\/azturismo.net\/?p=5586#primaryimage","url":"https:\/\/i0.wp.com\/azturismo.net\/wp-content\/uploads\/2025\/09\/Comunicado-205-9.jpg?fit=640%2C480&ssl=1","contentUrl":"https:\/\/i0.wp.com\/azturismo.net\/wp-content\/uploads\/2025\/09\/Comunicado-205-9.jpg?fit=640%2C480&ssl=1","width":640,"height":480},{"@type":"BreadcrumbList","@id":"https:\/\/azturismo.net\/?p=5586#breadcrumb","itemListElement":[{"@type":"ListItem","position":1,"name":"Home","item":"https:\/\/azturismo.net\/"},{"@type":"ListItem","position":2,"name":"M\u00e9xico se prepara para brillar como potencia tur\u00edstica en Fitur 2026"}]},{"@type":"WebSite","@id":"https:\/\/azturismo.net\/#website","url":"https:\/\/azturismo.net\/","name":"Azturismo","description":"Azturismo Noticias","publisher":{"@id":"https:\/\/azturismo.net\/#organization"},"potentialAction":[{"@type":"SearchAction","target":{"@type":"EntryPoint","urlTemplate":"https:\/\/azturismo.net\/?s={search_term_string}"},"query-input":{"@type":"PropertyValueSpecification","valueRequired":true,"valueName":"search_term_string"}}],"inLanguage":"es"},{"@type":"Organization","@id":"https:\/\/azturismo.net\/#organization","name":"Azturismo","url":"https:\/\/azturismo.net\/","logo":{"@type":"ImageObject","inLanguage":"es","@id":"https:\/\/azturismo.net\/#\/schema\/logo\/image\/","url":"https:\/\/i0.wp.com\/azturismo.net\/wp-content\/uploads\/2024\/03\/logo-el-bueno-.png?fit=294%2C69&ssl=1","contentUrl":"https:\/\/i0.wp.com\/azturismo.net\/wp-content\/uploads\/2024\/03\/logo-el-bueno-.png?fit=294%2C69&ssl=1","width":294,"height":69,"caption":"Azturismo"},"image":{"@id":"https:\/\/azturismo.net\/#\/schema\/logo\/image\/"},"sameAs":["https:\/\/www.facebook.com\/AzturismoNoticias","https:\/\/x.com\/AzTurismo","https:\/\/www.instagram.com\/azturismo_noticias\/?fbclid=IwAR2xMiuoHbs6eLeIHKP8P5sSGa-xFrw7FfejscXO7kDghWa7wKLjGczKOwE","https:\/\/www.tiktok.com\/@azturismo"]},{"@type":"Person","@id":"https:\/\/azturismo.net\/#\/schema\/person\/4b56d87f51c4d1b518c650739ad3bbc1","name":"Azturismo","image":{"@type":"ImageObject","inLanguage":"es","@id":"https:\/\/azturismo.net\/wp-content\/litespeed\/avatar\/dfe28a31cdd68b788da48a316e50db10.jpg?ver=1777707566","url":"https:\/\/azturismo.net\/wp-content\/litespeed\/avatar\/dfe28a31cdd68b788da48a316e50db10.jpg?ver=1777707566","contentUrl":"https:\/\/azturismo.net\/wp-content\/litespeed\/avatar\/dfe28a31cdd68b788da48a316e50db10.jpg?ver=1777707566","caption":"Azturismo"},"sameAs":["https:\/\/azturismo.net"],"url":"https:\/\/azturismo.net\/?author=1"}]}},"jetpack_publicize_connections":[],"jetpack_featured_media_url":"https:\/\/i0.wp.com\/azturismo.net\/wp-content\/uploads\/2025\/09\/Comunicado-205-9.jpg?fit=640%2C480&ssl=1","jetpack_sharing_enabled":true,"jetpack-related-posts":[{"id":5517,"url":"https:\/\/azturismo.net\/?p=5517","url_meta":{"origin":5586,"position":0},"title":"M\u00e9xico har\u00e1 historia en FITUR 2026: Josefina Rodr\u00edguez","author":"Azturismo","date":"septiembre 19, 2025","format":false,"excerpt":"Por Oscar V\u00e1zquez C M\u00e9xico se prepara para una participaci\u00f3n sin precedentes en la Feria Internacional de Turismo (FITUR) 2026, que se celebrar\u00e1 en Madrid, Espa\u00f1a. Nuestro pa\u00eds ser\u00e1 Pa\u00eds Invitado y contar\u00e1 con el pabell\u00f3n m\u00e1s grande de su historia, representando a los 32 estados de la Rep\u00fablica y\u2026","rel":"","context":"En &quot;Destacadas&quot;","block_context":{"text":"Destacadas","link":"https:\/\/azturismo.net\/?cat=30"},"img":{"alt_text":"","src":"https:\/\/i0.wp.com\/azturismo.net\/wp-content\/uploads\/2025\/09\/Comunicado-201-3.jpg?fit=832%2C554&ssl=1&resize=350%2C200","width":350,"height":200,"srcset":"https:\/\/i0.wp.com\/azturismo.net\/wp-content\/uploads\/2025\/09\/Comunicado-201-3.jpg?fit=832%2C554&ssl=1&resize=350%2C200 1x, https:\/\/i0.wp.com\/azturismo.net\/wp-content\/uploads\/2025\/09\/Comunicado-201-3.jpg?fit=832%2C554&ssl=1&resize=525%2C300 1.5x, https:\/\/i0.wp.com\/azturismo.net\/wp-content\/uploads\/2025\/09\/Comunicado-201-3.jpg?fit=832%2C554&ssl=1&resize=700%2C400 2x"},"classes":[]},{"id":6056,"url":"https:\/\/azturismo.net\/?p=6056","url_meta":{"origin":5586,"position":1},"title":"Sectur y titulares de Turismo a favor de reformar la ley general del sector","author":"Azturismo","date":"octubre 21, 2025","format":false,"excerpt":"Por Staff \ud83c\uddf2\ud83c\uddfdCon el objetivo de fortalecer la coordinaci\u00f3n entre los gobiernos estatales y el federal, la secretaria de Turismo, Josefina Rodr\u00edguez Zamora, encabez\u00f3 una reuni\u00f3n de trabajo con las y los secretarios de Turismo del pa\u00eds. El encuentro reafirm\u00f3 la visi\u00f3n conjunta de consolidar un turismo sostenible, inclusivo y\u2026","rel":"","context":"En &quot;Destacadas&quot;","block_context":{"text":"Destacadas","link":"https:\/\/azturismo.net\/?cat=30"},"img":{"alt_text":"","src":"https:\/\/i0.wp.com\/azturismo.net\/wp-content\/uploads\/2025\/10\/Comunicado-232-2.jpg?fit=768%2C512&ssl=1&resize=350%2C200","width":350,"height":200,"srcset":"https:\/\/i0.wp.com\/azturismo.net\/wp-content\/uploads\/2025\/10\/Comunicado-232-2.jpg?fit=768%2C512&ssl=1&resize=350%2C200 1x, https:\/\/i0.wp.com\/azturismo.net\/wp-content\/uploads\/2025\/10\/Comunicado-232-2.jpg?fit=768%2C512&ssl=1&resize=525%2C300 1.5x, https:\/\/i0.wp.com\/azturismo.net\/wp-content\/uploads\/2025\/10\/Comunicado-232-2.jpg?fit=768%2C512&ssl=1&resize=700%2C400 2x"},"classes":[]},{"id":6829,"url":"https:\/\/azturismo.net\/?p=6829","url_meta":{"origin":5586,"position":2},"title":"M\u00e9xico est\u00e1 de moda, 2026 marcar\u00e1 un a\u00f1o hist\u00f3rico para el turismo nacional","author":"Azturismo","date":"enero 3, 2026","format":false,"excerpt":"Por Oscar V\u00e1zquez C. \ud83d\udd39M\u00e9xico se encamina a vivir uno de los momentos m\u00e1s trascendentales de su historia tur\u00edstica afirm\u00f3 la secretaria de Turismo del Gobierno de M\u00e9xico, Josefina Rodr\u00edguez Zamora, al destacar que 2026 marcar\u00e1 un antes y un despu\u00e9s para el turismo nacional, gracias a una agenda internacional\u2026","rel":"","context":"En &quot;Destacadas&quot;","block_context":{"text":"Destacadas","link":"https:\/\/azturismo.net\/?cat=30"},"img":{"alt_text":"","src":"https:\/\/i0.wp.com\/azturismo.net\/wp-content\/uploads\/2026\/01\/Sectur-deModa3.jpg?fit=600%2C420&ssl=1&resize=350%2C200","width":350,"height":200,"srcset":"https:\/\/i0.wp.com\/azturismo.net\/wp-content\/uploads\/2026\/01\/Sectur-deModa3.jpg?fit=600%2C420&ssl=1&resize=350%2C200 1x, https:\/\/i0.wp.com\/azturismo.net\/wp-content\/uploads\/2026\/01\/Sectur-deModa3.jpg?fit=600%2C420&ssl=1&resize=525%2C300 1.5x"},"classes":[]},{"id":4075,"url":"https:\/\/azturismo.net\/?p=4075","url_meta":{"origin":5586,"position":3},"title":"Sectur presenta estrategia de promoci\u00f3n tur\u00edstica para el Mundial 2026 ante el CNET","author":"Azturismo","date":"junio 11, 2025","format":false,"excerpt":"Relanza Josefina Rodr\u00edguez la marca Grupo Mundo Maya Por Oscar V\u00e1zquez C. La Secretar\u00eda de Turismo del Gobierno de M\u00e9xico (Sectur), encabezada por Josefina Rodr\u00edguez Zamora, present\u00f3 ante el Consejo Nacional Empresarial Tur\u00edstico (CNET) la estrategia de promoci\u00f3n tur\u00edstica nacional e internacional con motivo de la Copa Mundial de F\u00fatbol\u2026","rel":"","context":"En &quot;Destacadas&quot;","block_context":{"text":"Destacadas","link":"https:\/\/azturismo.net\/?cat=30"},"img":{"alt_text":"","src":"https:\/\/i0.wp.com\/azturismo.net\/wp-content\/uploads\/2025\/06\/PSX_20250610_214149.jpg?fit=600%2C400&ssl=1&resize=350%2C200","width":350,"height":200,"srcset":"https:\/\/i0.wp.com\/azturismo.net\/wp-content\/uploads\/2025\/06\/PSX_20250610_214149.jpg?fit=600%2C400&ssl=1&resize=350%2C200 1x, https:\/\/i0.wp.com\/azturismo.net\/wp-content\/uploads\/2025\/06\/PSX_20250610_214149.jpg?fit=600%2C400&ssl=1&resize=525%2C300 1.5x"},"classes":[]},{"id":6852,"url":"https:\/\/azturismo.net\/?p=6852","url_meta":{"origin":5586,"position":4},"title":"Integran la Gu\u00eda MICHELIN a la pol\u00edtica tur\u00edstica nacional para impulsar el turismo gastron\u00f3mico","author":"Azturismo","date":"enero 4, 2026","format":false,"excerpt":"\ud83c\udf2e La Secretar\u00eda de Turismo del Gobierno de M\u00e9xico (Sectur) y la C\u00e1mara Nacional de la Industria de Restaurantes y Alimentos Condimentados (CANIRAC) presentaron una agenda estrat\u00e9gica conjunta para fortalecer el turismo gastron\u00f3mico en M\u00e9xico, as\u00ed como la incorporaci\u00f3n de la Gu\u00eda MICHELIN a la Pol\u00edtica P\u00fablica Gastron\u00f3mica nacional, con\u2026","rel":"","context":"En &quot;Destacadas&quot;","block_context":{"text":"Destacadas","link":"https:\/\/azturismo.net\/?cat=30"},"img":{"alt_text":"","src":"https:\/\/i0.wp.com\/azturismo.net\/wp-content\/uploads\/2026\/01\/RestauranteSendero.jpg?fit=600%2C800&ssl=1&resize=350%2C200","width":350,"height":200,"srcset":"https:\/\/i0.wp.com\/azturismo.net\/wp-content\/uploads\/2026\/01\/RestauranteSendero.jpg?fit=600%2C800&ssl=1&resize=350%2C200 1x, https:\/\/i0.wp.com\/azturismo.net\/wp-content\/uploads\/2026\/01\/RestauranteSendero.jpg?fit=600%2C800&ssl=1&resize=525%2C300 1.5x"},"classes":[]},{"id":5190,"url":"https:\/\/azturismo.net\/?p=5190","url_meta":{"origin":5586,"position":5},"title":"Josefina Rodr\u00edguez llama a empresarios de Coparmex a ser embajadores del turismo de M\u00e9xico","author":"Azturismo","date":"agosto 29, 2025","format":false,"excerpt":"Por Staff AzTurismo La secretaria de Turismo del Gobierno de M\u00e9xico, Josefina Rodr\u00edguez Zamora, convoc\u00f3 a las y los empresarios afiliados a la COPARMEX a convertirse en embajadoras y embajadores de M\u00e9xico, destacando al turismo como un motor de prosperidad y desarrollo nacional. Durante su participaci\u00f3n en la sesi\u00f3n ordinaria\u2026","rel":"","context":"En &quot;Destacadas&quot;","block_context":{"text":"Destacadas","link":"https:\/\/azturismo.net\/?cat=30"},"img":{"alt_text":"","src":"https:\/\/i0.wp.com\/azturismo.net\/wp-content\/uploads\/2025\/08\/Sectur-Coparmex2.jpg?fit=600%2C469&ssl=1&resize=350%2C200","width":350,"height":200,"srcset":"https:\/\/i0.wp.com\/azturismo.net\/wp-content\/uploads\/2025\/08\/Sectur-Coparmex2.jpg?fit=600%2C469&ssl=1&resize=350%2C200 1x, https:\/\/i0.wp.com\/azturismo.net\/wp-content\/uploads\/2025\/08\/Sectur-Coparmex2.jpg?fit=600%2C469&ssl=1&resize=525%2C300 1.5x"},"classes":[]}],"jetpack_shortlink":"https:\/\/wp.me\/pfqZGx-1s6","amp_enabled":true,"_links":{"self":[{"href":"https:\/\/azturismo.net\/index.php?rest_route=\/wp\/v2\/posts\/5586","targetHints":{"allow":["GET"]}}],"collection":[{"href":"https:\/\/azturismo.net\/index.php?rest_route=\/wp\/v2\/posts"}],"about":[{"href":"https:\/\/azturismo.net\/index.php?rest_route=\/wp\/v2\/types\/post"}],"author":[{"embeddable":true,"href":"https:\/\/azturismo.net\/index.php?rest_route=\/wp\/v2\/users\/1"}],"replies":[{"embeddable":true,"href":"https:\/\/azturismo.net\/index.php?rest_route=%2Fwp%2Fv2%2Fcomments&post=5586"}],"version-history":[{"count":2,"href":"https:\/\/azturismo.net\/index.php?rest_route=\/wp\/v2\/posts\/5586\/revisions"}],"predecessor-version":[{"id":5592,"href":"https:\/\/azturismo.net\/index.php?rest_route=\/wp\/v2\/posts\/5586\/revisions\/5592"}],"wp:featuredmedia":[{"embeddable":true,"href":"https:\/\/azturismo.net\/index.php?rest_route=\/wp\/v2\/media\/5587"}],"wp:attachment":[{"href":"https:\/\/azturismo.net\/index.php?rest_route=%2Fwp%2Fv2%2Fmedia&parent=5586"}],"wp:term":[{"taxonomy":"category","embeddable":true,"href":"https:\/\/azturismo.net\/index.php?rest_route=%2Fwp%2Fv2%2Fcategories&post=5586"},{"taxonomy":"post_tag","embeddable":true,"href":"https:\/\/azturismo.net\/index.php?rest_route=%2Fwp%2Fv2%2Ftags&post=5586"}],"curies":[{"name":"wp","href":"https:\/\/api.w.org\/{rel}","templated":true}]}}