{"id":5580,"date":"2025-09-24T08:08:00","date_gmt":"2025-09-24T14:08:00","guid":{"rendered":"https:\/\/azturismo.net\/?p=5580"},"modified":"2025-09-23T23:03:31","modified_gmt":"2025-09-24T05:03:31","slug":"5580","status":"publish","type":"post","link":"https:\/\/azturismo.net\/?p=5580","title":{"rendered":"Aerom\u00e9xico impulsa causas sociales en el Torneo de Golf en Los Cabos"},"content":{"rendered":"\n<p>Por Staff AzTurismo <\/p>\n\n\n\n<p>Aerom\u00e9xico present\u00f3 la 17\u00aa edici\u00f3n de su tradicional <strong>Torneo de Golf<\/strong>, que se celebrar\u00e1 del <strong>1 al 3 de octubre<\/strong> en el exclusivo <strong>Hotel Montage Los Cabos<\/strong> y en el campo <strong>Twin Dolphin Club<\/strong>, reuniendo deporte, turismo de lujo y compromiso social.<\/p>\n\n\n<div class=\"wp-block-image\">\n<figure class=\"alignleft size-full is-resized\"><img data-recalc-dims=\"1\" loading=\"lazy\" decoding=\"async\" width=\"640\" height=\"360\" data-attachment-id=\"5584\" data-permalink=\"https:\/\/azturismo.net\/?attachment_id=5584\" data-orig-file=\"https:\/\/i0.wp.com\/azturismo.net\/wp-content\/uploads\/2025\/09\/1000170312.jpg?fit=640%2C360&amp;ssl=1\" data-orig-size=\"640,360\" data-comments-opened=\"1\" data-image-meta=\"{&quot;aperture&quot;:&quot;0&quot;,&quot;credit&quot;:&quot;&quot;,&quot;camera&quot;:&quot;&quot;,&quot;caption&quot;:&quot;&quot;,&quot;created_timestamp&quot;:&quot;0&quot;,&quot;copyright&quot;:&quot;&quot;,&quot;focal_length&quot;:&quot;0&quot;,&quot;iso&quot;:&quot;0&quot;,&quot;shutter_speed&quot;:&quot;0&quot;,&quot;title&quot;:&quot;&quot;,&quot;orientation&quot;:&quot;1&quot;}\" data-image-title=\"1000170312\" data-image-description=\"\" data-image-caption=\"\" data-large-file=\"https:\/\/i0.wp.com\/azturismo.net\/wp-content\/uploads\/2025\/09\/1000170312.jpg?fit=640%2C360&amp;ssl=1\" src=\"https:\/\/i0.wp.com\/azturismo.net\/wp-content\/uploads\/2025\/09\/1000170312.jpg?resize=640%2C360&#038;ssl=1\" alt=\"\" class=\"wp-image-5584\" style=\"width:166px;height:auto\" srcset=\"https:\/\/i0.wp.com\/azturismo.net\/wp-content\/uploads\/2025\/09\/1000170312.jpg?w=640&amp;ssl=1 640w, https:\/\/i0.wp.com\/azturismo.net\/wp-content\/uploads\/2025\/09\/1000170312.jpg?resize=300%2C169&amp;ssl=1 300w, https:\/\/i0.wp.com\/azturismo.net\/wp-content\/uploads\/2025\/09\/1000170312.jpg?resize=150%2C84&amp;ssl=1 150w\" sizes=\"auto, (max-width: 640px) 100vw, 640px\" \/><\/figure><\/div>\n\n\n<p>El evento contar\u00e1 con la participaci\u00f3n de la golfista mexicana <strong>Gaby L\u00f3pez<\/strong> y el respaldo de <strong>COMEX<\/strong> como patrocinador oficial. M\u00e1s all\u00e1 de la competencia, el torneo mantiene su esencia: recaudar fondos en beneficio de <strong>causas sociales prioritarias en M\u00e9xico<\/strong>.<\/p>\n\n\n\n<p>En esta edici\u00f3n, los recursos ser\u00e1n destinados a:<\/p>\n\n\n\n<ul class=\"wp-block-list\">\n<li><strong>Fundaci\u00f3n Freedom<\/strong>, que combate el abuso y la trata sexual infantil.<\/li>\n\n\n\n<li><strong>Zentro FDVT A.C.<\/strong>, organizaci\u00f3n que promueve la salud mental y el bienestar de los j\u00f3venes.<\/li>\n<\/ul>\n\n\n\n<p>Durante la conferencia de anuncio, <strong>Andr\u00e9s Casta\u00f1eda<\/strong>, Vicepresidente Ejecutivo de Digital y Experiencia al Cliente de Aerom\u00e9xico, destac\u00f3:<\/p>\n\n\n\n<p>\u201cEste torneo no solo es una celebraci\u00f3n deportiva, sino una forma de sumar esfuerzos para transformar realidades. Nos enorgullece que Aerom\u00e9xico pueda trascender el vuelo para dejar una huella positiva en la sociedad\u201d.<\/p>\n\n\n\n<p>Por su parte, <strong>el Dr. Emilio Maus<\/strong>, de Fundaci\u00f3n Freedom, reconoci\u00f3 el trabajo de Aerom\u00e9xico en la visibilizaci\u00f3n del problema de la explotaci\u00f3n infantil y en la capacitaci\u00f3n de su personal. Mientras que <strong>Eduardo del Villar<\/strong>, fundador de Zentro FDVT A.C., subray\u00f3 la importancia de estas alianzas para impulsar comunidades m\u00e1s saludables.<\/p>\n\n\n\n<p>La golfista <strong>Gaby L\u00f3pez<\/strong> tambi\u00e9n resalt\u00f3 el papel del deporte como herramienta de transformaci\u00f3n:<\/p>\n\n\n\n<p>\u201cEl deporte me ha cambiado la vida, y en este torneo buscamos que m\u00e1s j\u00f3venes y adultos encuentren en \u00e9l un espacio de bienestar y crecimiento\u201d.<\/p>\n\n\n\n<p>Con este evento, Aerom\u00e9xico refuerza que su <strong>Torneo de Golf en Los Cabos<\/strong> no solo es un referente deportivo y tur\u00edstico, sino tambi\u00e9n un <strong>motor de impacto social<\/strong>, sumando aliados para construir un mejor futuro en M\u00e9xico.<\/p>\n\n\n\n<p><\/p>\n","protected":false},"excerpt":{"rendered":"<p>Por Staff AzTurismo Aerom\u00e9xico present\u00f3 la 17\u00aa edici\u00f3n de su tradicional Torneo de Golf, que se celebrar\u00e1 del 1 al 3 de octubre en el exclusivo Hotel Montage Los Cabos y en el campo Twin Dolphin Club, reuniendo deporte, turismo de lujo y compromiso social. El evento contar\u00e1 con la participaci\u00f3n de la golfista mexicana [&hellip;]<\/p>\n","protected":false},"author":1,"featured_media":5581,"comment_status":"open","ping_status":"open","sticky":false,"template":"","format":"standard","meta":{"jetpack_post_was_ever_published":false,"_jetpack_newsletter_access":"","_jetpack_dont_email_post_to_subs":false,"_jetpack_newsletter_tier_id":0,"_jetpack_memberships_contains_paywalled_content":false,"_jetpack_memberships_contains_paid_content":false,"footnotes":"","jetpack_publicize_message":"","jetpack_publicize_feature_enabled":true,"jetpack_social_post_already_shared":true,"jetpack_social_options":{"image_generator_settings":{"template":"highway","default_image_id":0,"font":"","enabled":false},"version":2}},"categories":[25],"tags":[2322,2436,320],"class_list":{"0":"post-5580","1":"post","2":"type-post","3":"status-publish","4":"format-standard","5":"has-post-thumbnail","7":"category-notitar","8":"tag-aeromexico-2","9":"tag-torneo-de-golf-los-cabos","10":"tag-turismo-deportivo"},"yoast_head":"<!-- This site is optimized with the Yoast SEO plugin v27.5 - https:\/\/yoast.com\/product\/yoast-seo-wordpress\/ -->\n<title>Aerom\u00e9xico impulsa causas sociales en el Torneo de Golf en Los Cabos - Azturismo Noticias<\/title>\n<meta name=\"description\" content=\"Aerom\u00e9xico present\u00f3 la 17\u00aa edici\u00f3n de su tradicional Torneo de Golf, que se celebrar\u00e1 del 1 al 3 de octubre en el exclusivo Hotel Montage Los Cabos y en el campo Twin Dolphin Club, reuniendo deporte, turismo de lujo y compromiso social.\" \/>\n<meta name=\"robots\" content=\"index, follow, max-snippet:-1, max-image-preview:large, max-video-preview:-1\" \/>\n<link rel=\"canonical\" href=\"https:\/\/azturismo.net\/?p=5580\" \/>\n<meta property=\"og:locale\" content=\"es_MX\" \/>\n<meta property=\"og:type\" content=\"article\" \/>\n<meta property=\"og:title\" content=\"Aerom\u00e9xico impulsa causas sociales en el Torneo de Golf en Los Cabos - Azturismo Noticias\" \/>\n<meta property=\"og:description\" content=\"Aerom\u00e9xico present\u00f3 la 17\u00aa edici\u00f3n de su tradicional Torneo de Golf, que se celebrar\u00e1 del 1 al 3 de octubre en el exclusivo Hotel Montage Los Cabos y en el campo Twin Dolphin Club, reuniendo deporte, turismo de lujo y compromiso social.\" \/>\n<meta property=\"og:url\" content=\"https:\/\/azturismo.net\/?p=5580\" \/>\n<meta property=\"og:site_name\" content=\"Azturismo Noticias\" \/>\n<meta property=\"article:publisher\" content=\"https:\/\/www.facebook.com\/AzturismoNoticias\" \/>\n<meta property=\"article:published_time\" content=\"2025-09-24T14:08:00+00:00\" \/>\n<meta property=\"og:image\" content=\"https:\/\/i0.wp.com\/azturismo.net\/wp-content\/uploads\/2025\/09\/IMG-20250923-WA0111.jpg?fit=640%2C360&ssl=1\" \/>\n\t<meta property=\"og:image:width\" content=\"640\" \/>\n\t<meta property=\"og:image:height\" content=\"360\" \/>\n\t<meta property=\"og:image:type\" content=\"image\/jpeg\" \/>\n<meta name=\"author\" content=\"Azturismo\" \/>\n<meta name=\"twitter:card\" content=\"summary_large_image\" \/>\n<meta name=\"twitter:creator\" content=\"@AzTurismo\" \/>\n<meta name=\"twitter:site\" content=\"@AzTurismo\" \/>\n<meta name=\"twitter:label1\" content=\"Escrito por\" \/>\n\t<meta name=\"twitter:data1\" content=\"Azturismo\" \/>\n\t<meta name=\"twitter:label2\" content=\"Tiempo de lectura\" \/>\n\t<meta name=\"twitter:data2\" content=\"2 minutos\" \/>\n<script type=\"application\/ld+json\" class=\"yoast-schema-graph\">{\"@context\":\"https:\\\/\\\/schema.org\",\"@graph\":[{\"@type\":\"Article\",\"@id\":\"https:\\\/\\\/azturismo.net\\\/?p=5580#article\",\"isPartOf\":{\"@id\":\"https:\\\/\\\/azturismo.net\\\/?p=5580\"},\"author\":{\"name\":\"Azturismo\",\"@id\":\"https:\\\/\\\/azturismo.net\\\/#\\\/schema\\\/person\\\/4b56d87f51c4d1b518c650739ad3bbc1\"},\"headline\":\"Aerom\u00e9xico impulsa causas sociales en el Torneo de Golf en Los Cabos\",\"datePublished\":\"2025-09-24T14:08:00+00:00\",\"mainEntityOfPage\":{\"@id\":\"https:\\\/\\\/azturismo.net\\\/?p=5580\"},\"wordCount\":342,\"commentCount\":0,\"publisher\":{\"@id\":\"https:\\\/\\\/azturismo.net\\\/#organization\"},\"image\":{\"@id\":\"https:\\\/\\\/azturismo.net\\\/?p=5580#primaryimage\"},\"thumbnailUrl\":\"https:\\\/\\\/i0.wp.com\\\/azturismo.net\\\/wp-content\\\/uploads\\\/2025\\\/09\\\/IMG-20250923-WA0111.jpg?fit=640%2C360&ssl=1\",\"keywords\":[\"aeromexico\",\"Torneo de Golf Los cabos\",\"turismo deportivo\"],\"articleSection\":[\"NOTITUR\"],\"inLanguage\":\"es\",\"potentialAction\":[{\"@type\":\"CommentAction\",\"name\":\"Comment\",\"target\":[\"https:\\\/\\\/azturismo.net\\\/?p=5580#respond\"]}]},{\"@type\":\"WebPage\",\"@id\":\"https:\\\/\\\/azturismo.net\\\/?p=5580\",\"url\":\"https:\\\/\\\/azturismo.net\\\/?p=5580\",\"name\":\"Aerom\u00e9xico impulsa causas sociales en el Torneo de Golf en Los Cabos - Azturismo Noticias\",\"isPartOf\":{\"@id\":\"https:\\\/\\\/azturismo.net\\\/#website\"},\"primaryImageOfPage\":{\"@id\":\"https:\\\/\\\/azturismo.net\\\/?p=5580#primaryimage\"},\"image\":{\"@id\":\"https:\\\/\\\/azturismo.net\\\/?p=5580#primaryimage\"},\"thumbnailUrl\":\"https:\\\/\\\/i0.wp.com\\\/azturismo.net\\\/wp-content\\\/uploads\\\/2025\\\/09\\\/IMG-20250923-WA0111.jpg?fit=640%2C360&ssl=1\",\"datePublished\":\"2025-09-24T14:08:00+00:00\",\"description\":\"Aerom\u00e9xico present\u00f3 la 17\u00aa edici\u00f3n de su tradicional Torneo de Golf, que se celebrar\u00e1 del 1 al 3 de octubre en el exclusivo Hotel Montage Los Cabos y en el campo Twin Dolphin Club, reuniendo deporte, turismo de lujo y compromiso social.\",\"breadcrumb\":{\"@id\":\"https:\\\/\\\/azturismo.net\\\/?p=5580#breadcrumb\"},\"inLanguage\":\"es\",\"potentialAction\":[{\"@type\":\"ReadAction\",\"target\":[\"https:\\\/\\\/azturismo.net\\\/?p=5580\"]}]},{\"@type\":\"ImageObject\",\"inLanguage\":\"es\",\"@id\":\"https:\\\/\\\/azturismo.net\\\/?p=5580#primaryimage\",\"url\":\"https:\\\/\\\/i0.wp.com\\\/azturismo.net\\\/wp-content\\\/uploads\\\/2025\\\/09\\\/IMG-20250923-WA0111.jpg?fit=640%2C360&ssl=1\",\"contentUrl\":\"https:\\\/\\\/i0.wp.com\\\/azturismo.net\\\/wp-content\\\/uploads\\\/2025\\\/09\\\/IMG-20250923-WA0111.jpg?fit=640%2C360&ssl=1\",\"width\":640,\"height\":360},{\"@type\":\"BreadcrumbList\",\"@id\":\"https:\\\/\\\/azturismo.net\\\/?p=5580#breadcrumb\",\"itemListElement\":[{\"@type\":\"ListItem\",\"position\":1,\"name\":\"Home\",\"item\":\"https:\\\/\\\/azturismo.net\\\/\"},{\"@type\":\"ListItem\",\"position\":2,\"name\":\"Aerom\u00e9xico impulsa causas sociales en el Torneo de Golf en Los Cabos\"}]},{\"@type\":\"WebSite\",\"@id\":\"https:\\\/\\\/azturismo.net\\\/#website\",\"url\":\"https:\\\/\\\/azturismo.net\\\/\",\"name\":\"Azturismo\",\"description\":\"Azturismo Noticias\",\"publisher\":{\"@id\":\"https:\\\/\\\/azturismo.net\\\/#organization\"},\"potentialAction\":[{\"@type\":\"SearchAction\",\"target\":{\"@type\":\"EntryPoint\",\"urlTemplate\":\"https:\\\/\\\/azturismo.net\\\/?s={search_term_string}\"},\"query-input\":{\"@type\":\"PropertyValueSpecification\",\"valueRequired\":true,\"valueName\":\"search_term_string\"}}],\"inLanguage\":\"es\"},{\"@type\":\"Organization\",\"@id\":\"https:\\\/\\\/azturismo.net\\\/#organization\",\"name\":\"Azturismo\",\"url\":\"https:\\\/\\\/azturismo.net\\\/\",\"logo\":{\"@type\":\"ImageObject\",\"inLanguage\":\"es\",\"@id\":\"https:\\\/\\\/azturismo.net\\\/#\\\/schema\\\/logo\\\/image\\\/\",\"url\":\"https:\\\/\\\/i0.wp.com\\\/azturismo.net\\\/wp-content\\\/uploads\\\/2024\\\/03\\\/logo-el-bueno-.png?fit=294%2C69&ssl=1\",\"contentUrl\":\"https:\\\/\\\/i0.wp.com\\\/azturismo.net\\\/wp-content\\\/uploads\\\/2024\\\/03\\\/logo-el-bueno-.png?fit=294%2C69&ssl=1\",\"width\":294,\"height\":69,\"caption\":\"Azturismo\"},\"image\":{\"@id\":\"https:\\\/\\\/azturismo.net\\\/#\\\/schema\\\/logo\\\/image\\\/\"},\"sameAs\":[\"https:\\\/\\\/www.facebook.com\\\/AzturismoNoticias\",\"https:\\\/\\\/x.com\\\/AzTurismo\",\"https:\\\/\\\/www.instagram.com\\\/azturismo_noticias\\\/?fbclid=IwAR2xMiuoHbs6eLeIHKP8P5sSGa-xFrw7FfejscXO7kDghWa7wKLjGczKOwE\",\"https:\\\/\\\/www.tiktok.com\\\/@azturismo\"]},{\"@type\":\"Person\",\"@id\":\"https:\\\/\\\/azturismo.net\\\/#\\\/schema\\\/person\\\/4b56d87f51c4d1b518c650739ad3bbc1\",\"name\":\"Azturismo\",\"image\":{\"@type\":\"ImageObject\",\"inLanguage\":\"es\",\"@id\":\"https:\\\/\\\/azturismo.net\\\/wp-content\\\/litespeed\\\/avatar\\\/dfe28a31cdd68b788da48a316e50db10.jpg?ver=1777707566\",\"url\":\"https:\\\/\\\/azturismo.net\\\/wp-content\\\/litespeed\\\/avatar\\\/dfe28a31cdd68b788da48a316e50db10.jpg?ver=1777707566\",\"contentUrl\":\"https:\\\/\\\/azturismo.net\\\/wp-content\\\/litespeed\\\/avatar\\\/dfe28a31cdd68b788da48a316e50db10.jpg?ver=1777707566\",\"caption\":\"Azturismo\"},\"sameAs\":[\"https:\\\/\\\/azturismo.net\"],\"url\":\"https:\\\/\\\/azturismo.net\\\/?author=1\"}]}<\/script>\n<!-- \/ Yoast SEO plugin. -->","yoast_head_json":{"title":"Aerom\u00e9xico impulsa causas sociales en el Torneo de Golf en Los Cabos - Azturismo Noticias","description":"Aerom\u00e9xico present\u00f3 la 17\u00aa edici\u00f3n de su tradicional Torneo de Golf, que se celebrar\u00e1 del 1 al 3 de octubre en el exclusivo Hotel Montage Los Cabos y en el campo Twin Dolphin Club, reuniendo deporte, turismo de lujo y compromiso social.","robots":{"index":"index","follow":"follow","max-snippet":"max-snippet:-1","max-image-preview":"max-image-preview:large","max-video-preview":"max-video-preview:-1"},"canonical":"https:\/\/azturismo.net\/?p=5580","og_locale":"es_MX","og_type":"article","og_title":"Aerom\u00e9xico impulsa causas sociales en el Torneo de Golf en Los Cabos - Azturismo Noticias","og_description":"Aerom\u00e9xico present\u00f3 la 17\u00aa edici\u00f3n de su tradicional Torneo de Golf, que se celebrar\u00e1 del 1 al 3 de octubre en el exclusivo Hotel Montage Los Cabos y en el campo Twin Dolphin Club, reuniendo deporte, turismo de lujo y compromiso social.","og_url":"https:\/\/azturismo.net\/?p=5580","og_site_name":"Azturismo Noticias","article_publisher":"https:\/\/www.facebook.com\/AzturismoNoticias","article_published_time":"2025-09-24T14:08:00+00:00","og_image":[{"width":640,"height":360,"url":"https:\/\/i0.wp.com\/azturismo.net\/wp-content\/uploads\/2025\/09\/IMG-20250923-WA0111.jpg?fit=640%2C360&ssl=1","type":"image\/jpeg"}],"author":"Azturismo","twitter_card":"summary_large_image","twitter_creator":"@AzTurismo","twitter_site":"@AzTurismo","twitter_misc":{"Escrito por":"Azturismo","Tiempo de lectura":"2 minutos"},"schema":{"@context":"https:\/\/schema.org","@graph":[{"@type":"Article","@id":"https:\/\/azturismo.net\/?p=5580#article","isPartOf":{"@id":"https:\/\/azturismo.net\/?p=5580"},"author":{"name":"Azturismo","@id":"https:\/\/azturismo.net\/#\/schema\/person\/4b56d87f51c4d1b518c650739ad3bbc1"},"headline":"Aerom\u00e9xico impulsa causas sociales en el Torneo de Golf en Los Cabos","datePublished":"2025-09-24T14:08:00+00:00","mainEntityOfPage":{"@id":"https:\/\/azturismo.net\/?p=5580"},"wordCount":342,"commentCount":0,"publisher":{"@id":"https:\/\/azturismo.net\/#organization"},"image":{"@id":"https:\/\/azturismo.net\/?p=5580#primaryimage"},"thumbnailUrl":"https:\/\/i0.wp.com\/azturismo.net\/wp-content\/uploads\/2025\/09\/IMG-20250923-WA0111.jpg?fit=640%2C360&ssl=1","keywords":["aeromexico","Torneo de Golf Los cabos","turismo deportivo"],"articleSection":["NOTITUR"],"inLanguage":"es","potentialAction":[{"@type":"CommentAction","name":"Comment","target":["https:\/\/azturismo.net\/?p=5580#respond"]}]},{"@type":"WebPage","@id":"https:\/\/azturismo.net\/?p=5580","url":"https:\/\/azturismo.net\/?p=5580","name":"Aerom\u00e9xico impulsa causas sociales en el Torneo de Golf en Los Cabos - Azturismo Noticias","isPartOf":{"@id":"https:\/\/azturismo.net\/#website"},"primaryImageOfPage":{"@id":"https:\/\/azturismo.net\/?p=5580#primaryimage"},"image":{"@id":"https:\/\/azturismo.net\/?p=5580#primaryimage"},"thumbnailUrl":"https:\/\/i0.wp.com\/azturismo.net\/wp-content\/uploads\/2025\/09\/IMG-20250923-WA0111.jpg?fit=640%2C360&ssl=1","datePublished":"2025-09-24T14:08:00+00:00","description":"Aerom\u00e9xico present\u00f3 la 17\u00aa edici\u00f3n de su tradicional Torneo de Golf, que se celebrar\u00e1 del 1 al 3 de octubre en el exclusivo Hotel Montage Los Cabos y en el campo Twin Dolphin Club, reuniendo deporte, turismo de lujo y compromiso social.","breadcrumb":{"@id":"https:\/\/azturismo.net\/?p=5580#breadcrumb"},"inLanguage":"es","potentialAction":[{"@type":"ReadAction","target":["https:\/\/azturismo.net\/?p=5580"]}]},{"@type":"ImageObject","inLanguage":"es","@id":"https:\/\/azturismo.net\/?p=5580#primaryimage","url":"https:\/\/i0.wp.com\/azturismo.net\/wp-content\/uploads\/2025\/09\/IMG-20250923-WA0111.jpg?fit=640%2C360&ssl=1","contentUrl":"https:\/\/i0.wp.com\/azturismo.net\/wp-content\/uploads\/2025\/09\/IMG-20250923-WA0111.jpg?fit=640%2C360&ssl=1","width":640,"height":360},{"@type":"BreadcrumbList","@id":"https:\/\/azturismo.net\/?p=5580#breadcrumb","itemListElement":[{"@type":"ListItem","position":1,"name":"Home","item":"https:\/\/azturismo.net\/"},{"@type":"ListItem","position":2,"name":"Aerom\u00e9xico impulsa causas sociales en el Torneo de Golf en Los Cabos"}]},{"@type":"WebSite","@id":"https:\/\/azturismo.net\/#website","url":"https:\/\/azturismo.net\/","name":"Azturismo","description":"Azturismo Noticias","publisher":{"@id":"https:\/\/azturismo.net\/#organization"},"potentialAction":[{"@type":"SearchAction","target":{"@type":"EntryPoint","urlTemplate":"https:\/\/azturismo.net\/?s={search_term_string}"},"query-input":{"@type":"PropertyValueSpecification","valueRequired":true,"valueName":"search_term_string"}}],"inLanguage":"es"},{"@type":"Organization","@id":"https:\/\/azturismo.net\/#organization","name":"Azturismo","url":"https:\/\/azturismo.net\/","logo":{"@type":"ImageObject","inLanguage":"es","@id":"https:\/\/azturismo.net\/#\/schema\/logo\/image\/","url":"https:\/\/i0.wp.com\/azturismo.net\/wp-content\/uploads\/2024\/03\/logo-el-bueno-.png?fit=294%2C69&ssl=1","contentUrl":"https:\/\/i0.wp.com\/azturismo.net\/wp-content\/uploads\/2024\/03\/logo-el-bueno-.png?fit=294%2C69&ssl=1","width":294,"height":69,"caption":"Azturismo"},"image":{"@id":"https:\/\/azturismo.net\/#\/schema\/logo\/image\/"},"sameAs":["https:\/\/www.facebook.com\/AzturismoNoticias","https:\/\/x.com\/AzTurismo","https:\/\/www.instagram.com\/azturismo_noticias\/?fbclid=IwAR2xMiuoHbs6eLeIHKP8P5sSGa-xFrw7FfejscXO7kDghWa7wKLjGczKOwE","https:\/\/www.tiktok.com\/@azturismo"]},{"@type":"Person","@id":"https:\/\/azturismo.net\/#\/schema\/person\/4b56d87f51c4d1b518c650739ad3bbc1","name":"Azturismo","image":{"@type":"ImageObject","inLanguage":"es","@id":"https:\/\/azturismo.net\/wp-content\/litespeed\/avatar\/dfe28a31cdd68b788da48a316e50db10.jpg?ver=1777707566","url":"https:\/\/azturismo.net\/wp-content\/litespeed\/avatar\/dfe28a31cdd68b788da48a316e50db10.jpg?ver=1777707566","contentUrl":"https:\/\/azturismo.net\/wp-content\/litespeed\/avatar\/dfe28a31cdd68b788da48a316e50db10.jpg?ver=1777707566","caption":"Azturismo"},"sameAs":["https:\/\/azturismo.net"],"url":"https:\/\/azturismo.net\/?author=1"}]}},"jetpack_publicize_connections":[],"jetpack_featured_media_url":"https:\/\/i0.wp.com\/azturismo.net\/wp-content\/uploads\/2025\/09\/IMG-20250923-WA0111.jpg?fit=640%2C360&ssl=1","jetpack_sharing_enabled":true,"jetpack-related-posts":[{"id":5420,"url":"https:\/\/azturismo.net\/?p=5420","url_meta":{"origin":5580,"position":0},"title":"Seguir\u00e1n vigentes acuerdos de c\u00f3digos compartidos entre Aerom\u00e9xico y Delta","author":"Azturismo","date":"septiembre 16, 2025","format":false,"excerpt":"Por Oscar V\u00e1zquez C. El Departamento del Transporte de Estados Unidos (DOT) anunci\u00f3 que, a partir del 1 de enero de 2026, retirar\u00e1 la inmunidad antimonopolio de la alianza estrat\u00e9gica entre Aerom\u00e9xico y Delta Air Lines, decisi\u00f3n que ha generado inquietud en el sector tur\u00edstico y en los viajeros frecuentes.\u2026","rel":"","context":"En &quot;Destacadas&quot;","block_context":{"text":"Destacadas","link":"https:\/\/azturismo.net\/?cat=30"},"img":{"alt_text":"","src":"https:\/\/i0.wp.com\/azturismo.net\/wp-content\/uploads\/2025\/09\/images-18.jpeg?fit=576%2C390&ssl=1&resize=350%2C200","width":350,"height":200,"srcset":"https:\/\/i0.wp.com\/azturismo.net\/wp-content\/uploads\/2025\/09\/images-18.jpeg?fit=576%2C390&ssl=1&resize=350%2C200 1x, https:\/\/i0.wp.com\/azturismo.net\/wp-content\/uploads\/2025\/09\/images-18.jpeg?fit=576%2C390&ssl=1&resize=525%2C300 1.5x"},"classes":[]},{"id":6032,"url":"https:\/\/azturismo.net\/?p=6032","url_meta":{"origin":5580,"position":1},"title":"Aerom\u00e9xico eleva la experiencia del viajero premium","author":"Azturismo","date":"octubre 14, 2025","format":false,"excerpt":"Por Staff AzTurismo Aerom\u00e9xico contin\u00faa innovando en la experiencia de viaje con la inauguraci\u00f3n de su nueva bah\u00eda de Check-In SkyPriority y Premier One en la Terminal 2 del Aeropuerto Internacional de la Ciudad de M\u00e9xico (AICM). Esta modernizaci\u00f3n marca un paso m\u00e1s en su compromiso por ofrecer una hospitalidad\u2026","rel":"","context":"En &quot;Destacadas&quot;","block_context":{"text":"Destacadas","link":"https:\/\/azturismo.net\/?cat=30"},"img":{"alt_text":"","src":"https:\/\/i0.wp.com\/azturismo.net\/wp-content\/uploads\/2025\/10\/IMG-20251014-WA0068.jpg?fit=720%2C480&ssl=1&resize=350%2C200","width":350,"height":200,"srcset":"https:\/\/i0.wp.com\/azturismo.net\/wp-content\/uploads\/2025\/10\/IMG-20251014-WA0068.jpg?fit=720%2C480&ssl=1&resize=350%2C200 1x, https:\/\/i0.wp.com\/azturismo.net\/wp-content\/uploads\/2025\/10\/IMG-20251014-WA0068.jpg?fit=720%2C480&ssl=1&resize=525%2C300 1.5x, https:\/\/i0.wp.com\/azturismo.net\/wp-content\/uploads\/2025\/10\/IMG-20251014-WA0068.jpg?fit=720%2C480&ssl=1&resize=700%2C400 2x"},"classes":[]},{"id":5274,"url":"https:\/\/azturismo.net\/?p=5274","url_meta":{"origin":5580,"position":2},"title":"Aerom\u00e9xico anuncia vuelo directo entre CDMX y San Juan, Puerto Rico","author":"Azturismo","date":"septiembre 9, 2025","format":false,"excerpt":"Por Oscar V\u00e1zquez C. En un evento lleno de color y celebraci\u00f3n, Aerom\u00e9xico, en alianza con Delta Air Lines, anunci\u00f3 el lanzamiento de su nueva ruta directa entre la Ciudad de M\u00e9xico (CDMX) y San Juan, Puerto Rico, que iniciar\u00e1 operaciones el pr\u00f3ximo 29 de octubre de 2025 con cuatro\u2026","rel":"","context":"En &quot;Destacadas&quot;","block_context":{"text":"Destacadas","link":"https:\/\/azturismo.net\/?cat=30"},"img":{"alt_text":"","src":"https:\/\/i0.wp.com\/azturismo.net\/wp-content\/uploads\/2025\/09\/aeromexico-cdmx-puertorico01.jpeg?fit=600%2C411&ssl=1&resize=350%2C200","width":350,"height":200,"srcset":"https:\/\/i0.wp.com\/azturismo.net\/wp-content\/uploads\/2025\/09\/aeromexico-cdmx-puertorico01.jpeg?fit=600%2C411&ssl=1&resize=350%2C200 1x, https:\/\/i0.wp.com\/azturismo.net\/wp-content\/uploads\/2025\/09\/aeromexico-cdmx-puertorico01.jpeg?fit=600%2C411&ssl=1&resize=525%2C300 1.5x"},"classes":[]},{"id":6372,"url":"https:\/\/azturismo.net\/?p=6372","url_meta":{"origin":5580,"position":3},"title":"Aerom\u00e9xico abre nuevas rutas a Barcelona y Par\u00eds","author":"Azturismo","date":"noviembre 12, 2025","format":false,"excerpt":"Por Staff AzTurismo Aerom\u00e9xico contin\u00faa ampliando su red internacional y apostando por la conectividad global. La aerol\u00ednea insignia de M\u00e9xico confirm\u00f3 que a partir de la primavera de 2026 sumar\u00e1 dos nuevas rutas transatl\u00e1nticas: Ciudad de M\u00e9xico\u2013Barcelona y Monterrey\u2013Par\u00eds Charles de Gaulle, ambas operadas con aviones Boeing 787 Dreamliner, reconocidos\u2026","rel":"","context":"En &quot;Destacadas&quot;","block_context":{"text":"Destacadas","link":"https:\/\/azturismo.net\/?cat=30"},"img":{"alt_text":"","src":"https:\/\/i0.wp.com\/azturismo.net\/wp-content\/uploads\/2025\/11\/Aeromexico-avion02.jpeg?fit=1200%2C899&ssl=1&resize=350%2C200","width":350,"height":200,"srcset":"https:\/\/i0.wp.com\/azturismo.net\/wp-content\/uploads\/2025\/11\/Aeromexico-avion02.jpeg?fit=1200%2C899&ssl=1&resize=350%2C200 1x, https:\/\/i0.wp.com\/azturismo.net\/wp-content\/uploads\/2025\/11\/Aeromexico-avion02.jpeg?fit=1200%2C899&ssl=1&resize=525%2C300 1.5x, https:\/\/i0.wp.com\/azturismo.net\/wp-content\/uploads\/2025\/11\/Aeromexico-avion02.jpeg?fit=1200%2C899&ssl=1&resize=700%2C400 2x, https:\/\/i0.wp.com\/azturismo.net\/wp-content\/uploads\/2025\/11\/Aeromexico-avion02.jpeg?fit=1200%2C899&ssl=1&resize=1050%2C600 3x"},"classes":[]},{"id":6930,"url":"https:\/\/azturismo.net\/?p=6930","url_meta":{"origin":5580,"position":4},"title":"\u00bfPor qu\u00e9 Aerom\u00e9xico ya es oficialmente una &#8220;Marca Famosa&#8221;?","author":"Azturismo","date":"marzo 20, 2026","format":false,"excerpt":"Por Oscar V\u00e1zquez C. El prestigio de la aviaci\u00f3n mexicana alcanza un nuevo nivel. Este 18 de marzo, en una ceremonia oficial, el Instituto Mexicano de la Propiedad Industrial (IMPI) entreg\u00f3 a Aerom\u00e9xico la declaratoria de \"Marca Famosa\", un reconocimiento que no solo celebra su trayectoria, sino que blinda su\u2026","rel":"","context":"En &quot;Destacadas&quot;","block_context":{"text":"Destacadas","link":"https:\/\/azturismo.net\/?cat=30"},"img":{"alt_text":"","src":"https:\/\/i0.wp.com\/azturismo.net\/wp-content\/uploads\/2026\/03\/aeromexico-moda2.jpeg?fit=600%2C337&ssl=1&resize=350%2C200","width":350,"height":200,"srcset":"https:\/\/i0.wp.com\/azturismo.net\/wp-content\/uploads\/2026\/03\/aeromexico-moda2.jpeg?fit=600%2C337&ssl=1&resize=350%2C200 1x, https:\/\/i0.wp.com\/azturismo.net\/wp-content\/uploads\/2026\/03\/aeromexico-moda2.jpeg?fit=600%2C337&ssl=1&resize=525%2C300 1.5x"},"classes":[]},{"id":6287,"url":"https:\/\/azturismo.net\/?p=6287","url_meta":{"origin":5580,"position":5},"title":"Aerom\u00e9xico anuncia resultados de su Oferta Global y prepara su regreso a la BMV y al NYSE","author":"Azturismo","date":"noviembre 6, 2025","format":false,"excerpt":"Por Staff AzTurismo Grupo Aerom\u00e9xico, S.A.B. de C.V. confirm\u00f3 los resultados de su Oferta P\u00fablica Mixta Global, un movimiento clave en su estrategia financiera y de expansi\u00f3n, que marca su regreso tanto a la Bolsa Mexicana de Valores (BMV) como a la Bolsa de Valores de Nueva York (NYSE). La\u2026","rel":"","context":"En &quot;Destacadas&quot;","block_context":{"text":"Destacadas","link":"https:\/\/azturismo.net\/?cat=30"},"img":{"alt_text":"","src":"https:\/\/i0.wp.com\/azturismo.net\/wp-content\/uploads\/2025\/11\/Aeromexico.jpeg?fit=600%2C449&ssl=1&resize=350%2C200","width":350,"height":200,"srcset":"https:\/\/i0.wp.com\/azturismo.net\/wp-content\/uploads\/2025\/11\/Aeromexico.jpeg?fit=600%2C449&ssl=1&resize=350%2C200 1x, https:\/\/i0.wp.com\/azturismo.net\/wp-content\/uploads\/2025\/11\/Aeromexico.jpeg?fit=600%2C449&ssl=1&resize=525%2C300 1.5x"},"classes":[]}],"jetpack_shortlink":"https:\/\/wp.me\/sfqZGx-5580","amp_enabled":true,"_links":{"self":[{"href":"https:\/\/azturismo.net\/index.php?rest_route=\/wp\/v2\/posts\/5580","targetHints":{"allow":["GET"]}}],"collection":[{"href":"https:\/\/azturismo.net\/index.php?rest_route=\/wp\/v2\/posts"}],"about":[{"href":"https:\/\/azturismo.net\/index.php?rest_route=\/wp\/v2\/types\/post"}],"author":[{"embeddable":true,"href":"https:\/\/azturismo.net\/index.php?rest_route=\/wp\/v2\/users\/1"}],"replies":[{"embeddable":true,"href":"https:\/\/azturismo.net\/index.php?rest_route=%2Fwp%2Fv2%2Fcomments&post=5580"}],"version-history":[{"count":2,"href":"https:\/\/azturismo.net\/index.php?rest_route=\/wp\/v2\/posts\/5580\/revisions"}],"predecessor-version":[{"id":5585,"href":"https:\/\/azturismo.net\/index.php?rest_route=\/wp\/v2\/posts\/5580\/revisions\/5585"}],"wp:featuredmedia":[{"embeddable":true,"href":"https:\/\/azturismo.net\/index.php?rest_route=\/wp\/v2\/media\/5581"}],"wp:attachment":[{"href":"https:\/\/azturismo.net\/index.php?rest_route=%2Fwp%2Fv2%2Fmedia&parent=5580"}],"wp:term":[{"taxonomy":"category","embeddable":true,"href":"https:\/\/azturismo.net\/index.php?rest_route=%2Fwp%2Fv2%2Fcategories&post=5580"},{"taxonomy":"post_tag","embeddable":true,"href":"https:\/\/azturismo.net\/index.php?rest_route=%2Fwp%2Fv2%2Ftags&post=5580"}],"curies":[{"name":"wp","href":"https:\/\/api.w.org\/{rel}","templated":true}]}}