{"id":5564,"date":"2025-09-23T09:09:00","date_gmt":"2025-09-23T15:09:00","guid":{"rendered":"https:\/\/azturismo.net\/?p=5564"},"modified":"2025-09-22T22:47:32","modified_gmt":"2025-09-23T04:47:32","slug":"vive-el-arte-y-la-historia-a-traves-de-los-sentidos-en-sectur-federal","status":"publish","type":"post","link":"https:\/\/azturismo.net\/?p=5564","title":{"rendered":"Vive el arte y la historia a trav\u00e9s de los sentidos en Sectur federal"},"content":{"rendered":"\n<p>Por Oscar V\u00e1zquez C. <\/p>\n\n\n\n<p>La <strong>Secretar\u00eda de Turismo del Gobierno de M\u00e9xico (Sectur)<\/strong> y el <strong>Instituto Mexicano de Turismo y Accesibilidad (IMETAC)<\/strong> inauguraron la exposici\u00f3n multisensorial <strong>\u201cLos Muros que Derribamos\u201d<\/strong>, una muestra que invita a <strong>vivir el arte y la historia a trav\u00e9s de los sentidos<\/strong>, con el prop\u00f3sito de <strong>promover un turismo m\u00e1s inclusivo y accesible<\/strong>.<\/p>\n\n\n\n<p>En representaci\u00f3n de la secretaria de Turismo, <strong>Josefina Rodr\u00edguez Zamora<\/strong>, la directora general de Innovaci\u00f3n de Producto Tur\u00edstico, <strong>Marcela Camacho Lozano<\/strong>, destac\u00f3 que la exposici\u00f3n busca derribar barreras f\u00edsicas, sociales y culturales, mostrando c\u00f3mo el <strong>turismo inclusivo<\/strong> no solo garantiza la participaci\u00f3n de todas las personas, sino que tambi\u00e9n es un motor de competitividad y respeto a la diversidad.<\/p>\n\n\n\n<h3 class=\"wp-block-heading\">Una experiencia para sentir la historia<\/h3>\n\n\n\n<p>La exhibici\u00f3n estar\u00e1 disponible de manera gratuita del <strong>22 al 26 de septiembre<\/strong> en el mezzanine de la <strong>Secretar\u00eda de Turismo (Av. Presidente Masaryk 172, Bosques de Chapultepec, CDMX)<\/strong>.<\/p>\n\n\n\n<figure class=\"wp-block-gallery has-nested-images columns-default is-cropped wp-block-gallery-1 is-layout-flex wp-block-gallery-is-layout-flex\">\n<figure class=\"wp-block-image size-large\"><img data-recalc-dims=\"1\" loading=\"lazy\" decoding=\"async\" width=\"511\" height=\"768\" data-attachment-id=\"5570\" data-permalink=\"https:\/\/azturismo.net\/?attachment_id=5570\" data-orig-file=\"https:\/\/i0.wp.com\/azturismo.net\/wp-content\/uploads\/2025\/09\/1000166910-2.jpg?fit=511%2C768&amp;ssl=1\" data-orig-size=\"511,768\" data-comments-opened=\"1\" data-image-meta=\"{&quot;aperture&quot;:&quot;0&quot;,&quot;credit&quot;:&quot;&quot;,&quot;camera&quot;:&quot;&quot;,&quot;caption&quot;:&quot;&quot;,&quot;created_timestamp&quot;:&quot;0&quot;,&quot;copyright&quot;:&quot;&quot;,&quot;focal_length&quot;:&quot;0&quot;,&quot;iso&quot;:&quot;0&quot;,&quot;shutter_speed&quot;:&quot;0&quot;,&quot;title&quot;:&quot;&quot;,&quot;orientation&quot;:&quot;1&quot;}\" data-image-title=\"1000166910\" data-image-description=\"\" data-image-caption=\"\" data-large-file=\"https:\/\/i0.wp.com\/azturismo.net\/wp-content\/uploads\/2025\/09\/1000166910-2.jpg?fit=511%2C768&amp;ssl=1\" data-id=\"5570\" src=\"https:\/\/i0.wp.com\/azturismo.net\/wp-content\/uploads\/2025\/09\/1000166910-2.jpg?resize=511%2C768&#038;ssl=1\" alt=\"\" class=\"wp-image-5570\" srcset=\"https:\/\/i0.wp.com\/azturismo.net\/wp-content\/uploads\/2025\/09\/1000166910-2.jpg?w=511&amp;ssl=1 511w, https:\/\/i0.wp.com\/azturismo.net\/wp-content\/uploads\/2025\/09\/1000166910-2.jpg?resize=200%2C300&amp;ssl=1 200w, https:\/\/i0.wp.com\/azturismo.net\/wp-content\/uploads\/2025\/09\/1000166910-2.jpg?resize=150%2C225&amp;ssl=1 150w, https:\/\/i0.wp.com\/azturismo.net\/wp-content\/uploads\/2025\/09\/1000166910-2.jpg?resize=300%2C451&amp;ssl=1 300w\" sizes=\"auto, (max-width: 511px) 100vw, 511px\" \/><\/figure>\n\n\n\n<figure class=\"wp-block-image size-large\"><img data-recalc-dims=\"1\" loading=\"lazy\" decoding=\"async\" width=\"511\" height=\"768\" data-attachment-id=\"5571\" data-permalink=\"https:\/\/azturismo.net\/?attachment_id=5571\" data-orig-file=\"https:\/\/i0.wp.com\/azturismo.net\/wp-content\/uploads\/2025\/09\/1000166909-1.jpg?fit=511%2C768&amp;ssl=1\" data-orig-size=\"511,768\" data-comments-opened=\"1\" data-image-meta=\"{&quot;aperture&quot;:&quot;0&quot;,&quot;credit&quot;:&quot;&quot;,&quot;camera&quot;:&quot;&quot;,&quot;caption&quot;:&quot;&quot;,&quot;created_timestamp&quot;:&quot;0&quot;,&quot;copyright&quot;:&quot;&quot;,&quot;focal_length&quot;:&quot;0&quot;,&quot;iso&quot;:&quot;0&quot;,&quot;shutter_speed&quot;:&quot;0&quot;,&quot;title&quot;:&quot;&quot;,&quot;orientation&quot;:&quot;1&quot;}\" data-image-title=\"1000166909\" data-image-description=\"\" data-image-caption=\"\" data-large-file=\"https:\/\/i0.wp.com\/azturismo.net\/wp-content\/uploads\/2025\/09\/1000166909-1.jpg?fit=511%2C768&amp;ssl=1\" data-id=\"5571\" src=\"https:\/\/i0.wp.com\/azturismo.net\/wp-content\/uploads\/2025\/09\/1000166909-1.jpg?resize=511%2C768&#038;ssl=1\" alt=\"\" class=\"wp-image-5571\" srcset=\"https:\/\/i0.wp.com\/azturismo.net\/wp-content\/uploads\/2025\/09\/1000166909-1.jpg?w=511&amp;ssl=1 511w, https:\/\/i0.wp.com\/azturismo.net\/wp-content\/uploads\/2025\/09\/1000166909-1.jpg?resize=200%2C300&amp;ssl=1 200w, https:\/\/i0.wp.com\/azturismo.net\/wp-content\/uploads\/2025\/09\/1000166909-1.jpg?resize=150%2C225&amp;ssl=1 150w, https:\/\/i0.wp.com\/azturismo.net\/wp-content\/uploads\/2025\/09\/1000166909-1.jpg?resize=300%2C451&amp;ssl=1 300w\" sizes=\"auto, (max-width: 511px) 100vw, 511px\" \/><\/figure>\n\n\n\n<figure class=\"wp-block-image size-large\"><img data-recalc-dims=\"1\" loading=\"lazy\" decoding=\"async\" width=\"696\" height=\"463\" data-attachment-id=\"5572\" data-permalink=\"https:\/\/azturismo.net\/?attachment_id=5572\" data-orig-file=\"https:\/\/i0.wp.com\/azturismo.net\/wp-content\/uploads\/2025\/09\/1000166908-1.jpg?fit=768%2C511&amp;ssl=1\" data-orig-size=\"768,511\" data-comments-opened=\"1\" data-image-meta=\"{&quot;aperture&quot;:&quot;0&quot;,&quot;credit&quot;:&quot;&quot;,&quot;camera&quot;:&quot;&quot;,&quot;caption&quot;:&quot;&quot;,&quot;created_timestamp&quot;:&quot;0&quot;,&quot;copyright&quot;:&quot;&quot;,&quot;focal_length&quot;:&quot;0&quot;,&quot;iso&quot;:&quot;0&quot;,&quot;shutter_speed&quot;:&quot;0&quot;,&quot;title&quot;:&quot;&quot;,&quot;orientation&quot;:&quot;1&quot;}\" data-image-title=\"1000166908\" data-image-description=\"\" data-image-caption=\"\" data-large-file=\"https:\/\/i0.wp.com\/azturismo.net\/wp-content\/uploads\/2025\/09\/1000166908-1.jpg?fit=696%2C463&amp;ssl=1\" data-id=\"5572\" src=\"https:\/\/i0.wp.com\/azturismo.net\/wp-content\/uploads\/2025\/09\/1000166908-1.jpg?resize=696%2C463&#038;ssl=1\" alt=\"\" class=\"wp-image-5572\" srcset=\"https:\/\/i0.wp.com\/azturismo.net\/wp-content\/uploads\/2025\/09\/1000166908-1.jpg?w=768&amp;ssl=1 768w, https:\/\/i0.wp.com\/azturismo.net\/wp-content\/uploads\/2025\/09\/1000166908-1.jpg?resize=300%2C200&amp;ssl=1 300w, https:\/\/i0.wp.com\/azturismo.net\/wp-content\/uploads\/2025\/09\/1000166908-1.jpg?resize=150%2C100&amp;ssl=1 150w, https:\/\/i0.wp.com\/azturismo.net\/wp-content\/uploads\/2025\/09\/1000166908-1.jpg?resize=696%2C463&amp;ssl=1 696w\" sizes=\"auto, (max-width: 696px) 100vw, 696px\" \/><\/figure>\n<\/figure>\n\n\n\n<p>Entre sus principales atractivos, los visitantes podr\u00e1n interactuar con:<\/p>\n\n\n\n<ul class=\"wp-block-list\">\n<li><strong>R\u00e9plicas t\u00e1ctiles en 3D<\/strong>.<\/li>\n\n\n\n<li><strong>C\u00e9dulas en braille<\/strong>.<\/li>\n\n\n\n<li><strong>Ilustraciones en alto contraste<\/strong>.<\/li>\n<\/ul>\n\n\n\n<p>La muestra narra las historias de cinco personajes que transformaron al mundo pese a la discapacidad, como <strong>Louis Braille<\/strong> y el pol\u00edtico mexicano <strong>Gilberto Rinc\u00f3n Gallardo<\/strong>, referentes en innovaci\u00f3n, creatividad y liderazgo social.<\/p>\n\n\n\n<h3 class=\"wp-block-heading\">Arte y turismo sin barreras<\/h3>\n\n\n\n<p>El director general del IMETAC, <strong>Crist\u00f3bal S\u00e1nchez Calvillo<\/strong>, se\u00f1al\u00f3 que la exposici\u00f3n es resultado de m\u00e1s de un a\u00f1o de investigaci\u00f3n en la que <strong>personas con discapacidad visual participaron en el dise\u00f1o de las piezas y materiales<\/strong>.<\/p>\n\n\n\n<p>\u201cLos Muros que Derribamos es una declaraci\u00f3n poderosa de igualdad e inclusi\u00f3n. Queremos demostrar que el arte, la cultura y el turismo deben ser un derecho universal, accesible para todos\u201d, subray\u00f3.<\/p>\n\n\n\n<h3 class=\"wp-block-heading\">M\u00e9xico, hacia un turismo accesible<\/h3>\n\n\n\n<p>Con esta iniciativa, la Sectur reafirma su compromiso con la creaci\u00f3n de un <strong>turismo accesible en M\u00e9xico<\/strong>, en el que todas las personas puedan disfrutar experiencias art\u00edsticas y culturales de manera aut\u00f3noma y digna.<\/p>\n","protected":false},"excerpt":{"rendered":"<p>Por Oscar V\u00e1zquez C. La Secretar\u00eda de Turismo del Gobierno de M\u00e9xico (Sectur) y el Instituto Mexicano de Turismo y Accesibilidad (IMETAC) inauguraron la exposici\u00f3n multisensorial \u201cLos Muros que Derribamos\u201d, una muestra que invita a vivir el arte y la historia a trav\u00e9s de los sentidos, con el prop\u00f3sito de promover un turismo m\u00e1s inclusivo [&hellip;]<\/p>\n","protected":false},"author":1,"featured_media":5573,"comment_status":"open","ping_status":"open","sticky":false,"template":"","format":"standard","meta":{"jetpack_post_was_ever_published":false,"_jetpack_newsletter_access":"","_jetpack_dont_email_post_to_subs":false,"_jetpack_newsletter_tier_id":0,"_jetpack_memberships_contains_paywalled_content":false,"_jetpack_memberships_contains_paid_content":false,"footnotes":"","jetpack_publicize_message":"","jetpack_publicize_feature_enabled":true,"jetpack_social_post_already_shared":true,"jetpack_social_options":{"image_generator_settings":{"template":"highway","default_image_id":0,"font":"","enabled":false},"version":2}},"categories":[30,25],"tags":[2433,99,313,2435,116,2434,1820],"class_list":{"0":"post-5564","1":"post","2":"type-post","3":"status-publish","4":"format-standard","5":"has-post-thumbnail","7":"category-e","8":"category-notitar","9":"tag-accesibilidad-turistica","10":"tag-azturismo","11":"tag-josefina-rodriguez-zamora","12":"tag-los-muros-que-derribamos","13":"tag-sectur","14":"tag-seo-exposicion-multisensorial-cdmx","15":"tag-turismo-inclusivo-en-mexico"},"yoast_head":"<!-- This site is optimized with the Yoast SEO plugin v27.5 - https:\/\/yoast.com\/product\/yoast-seo-wordpress\/ -->\n<title>Vive el arte y la historia a trav\u00e9s de los sentidos en Sectur federal - Azturismo Noticias<\/title>\n<meta name=\"description\" content=\"La Secretar\u00eda de Turismo del Gobierno de M\u00e9xico (Sectur) y el Instituto Mexicano de Turismo y Accesibilidad (IMETAC) inauguraron la exposici\u00f3n multisensorial \u201cLos Muros que Derribamos\u201d, una muestra que invita a vivir el arte y la historia a trav\u00e9s de los sentidos, con el prop\u00f3sito de promover un turismo m\u00e1s inclusivo y accesible.\" \/>\n<meta name=\"robots\" content=\"index, follow, max-snippet:-1, max-image-preview:large, max-video-preview:-1\" \/>\n<link rel=\"canonical\" href=\"https:\/\/azturismo.net\/?p=5564\" \/>\n<meta property=\"og:locale\" content=\"es_MX\" \/>\n<meta property=\"og:type\" content=\"article\" \/>\n<meta property=\"og:title\" content=\"Vive el arte y la historia a trav\u00e9s de los sentidos en Sectur federal - Azturismo Noticias\" \/>\n<meta property=\"og:description\" content=\"La Secretar\u00eda de Turismo del Gobierno de M\u00e9xico (Sectur) y el Instituto Mexicano de Turismo y Accesibilidad (IMETAC) inauguraron la exposici\u00f3n multisensorial \u201cLos Muros que Derribamos\u201d, una muestra que invita a vivir el arte y la historia a trav\u00e9s de los sentidos, con el prop\u00f3sito de promover un turismo m\u00e1s inclusivo y accesible.\" \/>\n<meta property=\"og:url\" content=\"https:\/\/azturismo.net\/?p=5564\" \/>\n<meta property=\"og:site_name\" content=\"Azturismo Noticias\" \/>\n<meta property=\"article:publisher\" content=\"https:\/\/www.facebook.com\/AzturismoNoticias\" \/>\n<meta property=\"article:published_time\" content=\"2025-09-23T15:09:00+00:00\" \/>\n<meta property=\"og:image\" content=\"https:\/\/i0.wp.com\/azturismo.net\/wp-content\/uploads\/2025\/09\/Comunicado-204-4.jpg?fit=768%2C511&ssl=1\" \/>\n\t<meta property=\"og:image:width\" content=\"768\" \/>\n\t<meta property=\"og:image:height\" content=\"511\" \/>\n\t<meta property=\"og:image:type\" content=\"image\/jpeg\" \/>\n<meta name=\"author\" content=\"Azturismo\" \/>\n<meta name=\"twitter:card\" content=\"summary_large_image\" \/>\n<meta name=\"twitter:creator\" content=\"@AzTurismo\" \/>\n<meta name=\"twitter:site\" content=\"@AzTurismo\" \/>\n<meta name=\"twitter:label1\" content=\"Escrito por\" \/>\n\t<meta name=\"twitter:data1\" content=\"Azturismo\" \/>\n\t<meta name=\"twitter:label2\" content=\"Tiempo de lectura\" \/>\n\t<meta name=\"twitter:data2\" content=\"3 minutos\" \/>\n<script type=\"application\/ld+json\" class=\"yoast-schema-graph\">{\"@context\":\"https:\\\/\\\/schema.org\",\"@graph\":[{\"@type\":\"Article\",\"@id\":\"https:\\\/\\\/azturismo.net\\\/?p=5564#article\",\"isPartOf\":{\"@id\":\"https:\\\/\\\/azturismo.net\\\/?p=5564\"},\"author\":{\"name\":\"Azturismo\",\"@id\":\"https:\\\/\\\/azturismo.net\\\/#\\\/schema\\\/person\\\/4b56d87f51c4d1b518c650739ad3bbc1\"},\"headline\":\"Vive el arte y la historia a trav\u00e9s de los sentidos en Sectur federal\",\"datePublished\":\"2025-09-23T15:09:00+00:00\",\"mainEntityOfPage\":{\"@id\":\"https:\\\/\\\/azturismo.net\\\/?p=5564\"},\"wordCount\":368,\"commentCount\":0,\"publisher\":{\"@id\":\"https:\\\/\\\/azturismo.net\\\/#organization\"},\"image\":{\"@id\":\"https:\\\/\\\/azturismo.net\\\/?p=5564#primaryimage\"},\"thumbnailUrl\":\"https:\\\/\\\/i0.wp.com\\\/azturismo.net\\\/wp-content\\\/uploads\\\/2025\\\/09\\\/Comunicado-204-4.jpg?fit=768%2C511&ssl=1\",\"keywords\":[\"accesibilidad tur\u00edstica\",\"azturismo\",\"Josefina Rodr\u00edguez Zamora\",\"Los Muros que Derribamos\",\"Sectur\",\"SEO: Exposici\u00f3n multisensorial CDMX\",\"turismo inclusivo en M\u00e9xico\"],\"articleSection\":[\"Destacadas\",\"NOTITUR\"],\"inLanguage\":\"es\",\"potentialAction\":[{\"@type\":\"CommentAction\",\"name\":\"Comment\",\"target\":[\"https:\\\/\\\/azturismo.net\\\/?p=5564#respond\"]}]},{\"@type\":\"WebPage\",\"@id\":\"https:\\\/\\\/azturismo.net\\\/?p=5564\",\"url\":\"https:\\\/\\\/azturismo.net\\\/?p=5564\",\"name\":\"Vive el arte y la historia a trav\u00e9s de los sentidos en Sectur federal - Azturismo Noticias\",\"isPartOf\":{\"@id\":\"https:\\\/\\\/azturismo.net\\\/#website\"},\"primaryImageOfPage\":{\"@id\":\"https:\\\/\\\/azturismo.net\\\/?p=5564#primaryimage\"},\"image\":{\"@id\":\"https:\\\/\\\/azturismo.net\\\/?p=5564#primaryimage\"},\"thumbnailUrl\":\"https:\\\/\\\/i0.wp.com\\\/azturismo.net\\\/wp-content\\\/uploads\\\/2025\\\/09\\\/Comunicado-204-4.jpg?fit=768%2C511&ssl=1\",\"datePublished\":\"2025-09-23T15:09:00+00:00\",\"description\":\"La Secretar\u00eda de Turismo del Gobierno de M\u00e9xico (Sectur) y el Instituto Mexicano de Turismo y Accesibilidad (IMETAC) inauguraron la exposici\u00f3n multisensorial \u201cLos Muros que Derribamos\u201d, una muestra que invita a vivir el arte y la historia a trav\u00e9s de los sentidos, con el prop\u00f3sito de promover un turismo m\u00e1s inclusivo y accesible.\",\"breadcrumb\":{\"@id\":\"https:\\\/\\\/azturismo.net\\\/?p=5564#breadcrumb\"},\"inLanguage\":\"es\",\"potentialAction\":[{\"@type\":\"ReadAction\",\"target\":[\"https:\\\/\\\/azturismo.net\\\/?p=5564\"]}]},{\"@type\":\"ImageObject\",\"inLanguage\":\"es\",\"@id\":\"https:\\\/\\\/azturismo.net\\\/?p=5564#primaryimage\",\"url\":\"https:\\\/\\\/i0.wp.com\\\/azturismo.net\\\/wp-content\\\/uploads\\\/2025\\\/09\\\/Comunicado-204-4.jpg?fit=768%2C511&ssl=1\",\"contentUrl\":\"https:\\\/\\\/i0.wp.com\\\/azturismo.net\\\/wp-content\\\/uploads\\\/2025\\\/09\\\/Comunicado-204-4.jpg?fit=768%2C511&ssl=1\",\"width\":768,\"height\":511},{\"@type\":\"BreadcrumbList\",\"@id\":\"https:\\\/\\\/azturismo.net\\\/?p=5564#breadcrumb\",\"itemListElement\":[{\"@type\":\"ListItem\",\"position\":1,\"name\":\"Home\",\"item\":\"https:\\\/\\\/azturismo.net\\\/\"},{\"@type\":\"ListItem\",\"position\":2,\"name\":\"Vive el arte y la historia a trav\u00e9s de los sentidos en Sectur federal\"}]},{\"@type\":\"WebSite\",\"@id\":\"https:\\\/\\\/azturismo.net\\\/#website\",\"url\":\"https:\\\/\\\/azturismo.net\\\/\",\"name\":\"Azturismo\",\"description\":\"Azturismo Noticias\",\"publisher\":{\"@id\":\"https:\\\/\\\/azturismo.net\\\/#organization\"},\"potentialAction\":[{\"@type\":\"SearchAction\",\"target\":{\"@type\":\"EntryPoint\",\"urlTemplate\":\"https:\\\/\\\/azturismo.net\\\/?s={search_term_string}\"},\"query-input\":{\"@type\":\"PropertyValueSpecification\",\"valueRequired\":true,\"valueName\":\"search_term_string\"}}],\"inLanguage\":\"es\"},{\"@type\":\"Organization\",\"@id\":\"https:\\\/\\\/azturismo.net\\\/#organization\",\"name\":\"Azturismo\",\"url\":\"https:\\\/\\\/azturismo.net\\\/\",\"logo\":{\"@type\":\"ImageObject\",\"inLanguage\":\"es\",\"@id\":\"https:\\\/\\\/azturismo.net\\\/#\\\/schema\\\/logo\\\/image\\\/\",\"url\":\"https:\\\/\\\/i0.wp.com\\\/azturismo.net\\\/wp-content\\\/uploads\\\/2024\\\/03\\\/logo-el-bueno-.png?fit=294%2C69&ssl=1\",\"contentUrl\":\"https:\\\/\\\/i0.wp.com\\\/azturismo.net\\\/wp-content\\\/uploads\\\/2024\\\/03\\\/logo-el-bueno-.png?fit=294%2C69&ssl=1\",\"width\":294,\"height\":69,\"caption\":\"Azturismo\"},\"image\":{\"@id\":\"https:\\\/\\\/azturismo.net\\\/#\\\/schema\\\/logo\\\/image\\\/\"},\"sameAs\":[\"https:\\\/\\\/www.facebook.com\\\/AzturismoNoticias\",\"https:\\\/\\\/x.com\\\/AzTurismo\",\"https:\\\/\\\/www.instagram.com\\\/azturismo_noticias\\\/?fbclid=IwAR2xMiuoHbs6eLeIHKP8P5sSGa-xFrw7FfejscXO7kDghWa7wKLjGczKOwE\",\"https:\\\/\\\/www.tiktok.com\\\/@azturismo\"]},{\"@type\":\"Person\",\"@id\":\"https:\\\/\\\/azturismo.net\\\/#\\\/schema\\\/person\\\/4b56d87f51c4d1b518c650739ad3bbc1\",\"name\":\"Azturismo\",\"image\":{\"@type\":\"ImageObject\",\"inLanguage\":\"es\",\"@id\":\"https:\\\/\\\/azturismo.net\\\/wp-content\\\/litespeed\\\/avatar\\\/dfe28a31cdd68b788da48a316e50db10.jpg?ver=1777707566\",\"url\":\"https:\\\/\\\/azturismo.net\\\/wp-content\\\/litespeed\\\/avatar\\\/dfe28a31cdd68b788da48a316e50db10.jpg?ver=1777707566\",\"contentUrl\":\"https:\\\/\\\/azturismo.net\\\/wp-content\\\/litespeed\\\/avatar\\\/dfe28a31cdd68b788da48a316e50db10.jpg?ver=1777707566\",\"caption\":\"Azturismo\"},\"sameAs\":[\"https:\\\/\\\/azturismo.net\"],\"url\":\"https:\\\/\\\/azturismo.net\\\/?author=1\"}]}<\/script>\n<!-- \/ Yoast SEO plugin. -->","yoast_head_json":{"title":"Vive el arte y la historia a trav\u00e9s de los sentidos en Sectur federal - Azturismo Noticias","description":"La Secretar\u00eda de Turismo del Gobierno de M\u00e9xico (Sectur) y el Instituto Mexicano de Turismo y Accesibilidad (IMETAC) inauguraron la exposici\u00f3n multisensorial \u201cLos Muros que Derribamos\u201d, una muestra que invita a vivir el arte y la historia a trav\u00e9s de los sentidos, con el prop\u00f3sito de promover un turismo m\u00e1s inclusivo y accesible.","robots":{"index":"index","follow":"follow","max-snippet":"max-snippet:-1","max-image-preview":"max-image-preview:large","max-video-preview":"max-video-preview:-1"},"canonical":"https:\/\/azturismo.net\/?p=5564","og_locale":"es_MX","og_type":"article","og_title":"Vive el arte y la historia a trav\u00e9s de los sentidos en Sectur federal - Azturismo Noticias","og_description":"La Secretar\u00eda de Turismo del Gobierno de M\u00e9xico (Sectur) y el Instituto Mexicano de Turismo y Accesibilidad (IMETAC) inauguraron la exposici\u00f3n multisensorial \u201cLos Muros que Derribamos\u201d, una muestra que invita a vivir el arte y la historia a trav\u00e9s de los sentidos, con el prop\u00f3sito de promover un turismo m\u00e1s inclusivo y accesible.","og_url":"https:\/\/azturismo.net\/?p=5564","og_site_name":"Azturismo Noticias","article_publisher":"https:\/\/www.facebook.com\/AzturismoNoticias","article_published_time":"2025-09-23T15:09:00+00:00","og_image":[{"width":768,"height":511,"url":"https:\/\/i0.wp.com\/azturismo.net\/wp-content\/uploads\/2025\/09\/Comunicado-204-4.jpg?fit=768%2C511&ssl=1","type":"image\/jpeg"}],"author":"Azturismo","twitter_card":"summary_large_image","twitter_creator":"@AzTurismo","twitter_site":"@AzTurismo","twitter_misc":{"Escrito por":"Azturismo","Tiempo de lectura":"3 minutos"},"schema":{"@context":"https:\/\/schema.org","@graph":[{"@type":"Article","@id":"https:\/\/azturismo.net\/?p=5564#article","isPartOf":{"@id":"https:\/\/azturismo.net\/?p=5564"},"author":{"name":"Azturismo","@id":"https:\/\/azturismo.net\/#\/schema\/person\/4b56d87f51c4d1b518c650739ad3bbc1"},"headline":"Vive el arte y la historia a trav\u00e9s de los sentidos en Sectur federal","datePublished":"2025-09-23T15:09:00+00:00","mainEntityOfPage":{"@id":"https:\/\/azturismo.net\/?p=5564"},"wordCount":368,"commentCount":0,"publisher":{"@id":"https:\/\/azturismo.net\/#organization"},"image":{"@id":"https:\/\/azturismo.net\/?p=5564#primaryimage"},"thumbnailUrl":"https:\/\/i0.wp.com\/azturismo.net\/wp-content\/uploads\/2025\/09\/Comunicado-204-4.jpg?fit=768%2C511&ssl=1","keywords":["accesibilidad tur\u00edstica","azturismo","Josefina Rodr\u00edguez Zamora","Los Muros que Derribamos","Sectur","SEO: Exposici\u00f3n multisensorial CDMX","turismo inclusivo en M\u00e9xico"],"articleSection":["Destacadas","NOTITUR"],"inLanguage":"es","potentialAction":[{"@type":"CommentAction","name":"Comment","target":["https:\/\/azturismo.net\/?p=5564#respond"]}]},{"@type":"WebPage","@id":"https:\/\/azturismo.net\/?p=5564","url":"https:\/\/azturismo.net\/?p=5564","name":"Vive el arte y la historia a trav\u00e9s de los sentidos en Sectur federal - Azturismo Noticias","isPartOf":{"@id":"https:\/\/azturismo.net\/#website"},"primaryImageOfPage":{"@id":"https:\/\/azturismo.net\/?p=5564#primaryimage"},"image":{"@id":"https:\/\/azturismo.net\/?p=5564#primaryimage"},"thumbnailUrl":"https:\/\/i0.wp.com\/azturismo.net\/wp-content\/uploads\/2025\/09\/Comunicado-204-4.jpg?fit=768%2C511&ssl=1","datePublished":"2025-09-23T15:09:00+00:00","description":"La Secretar\u00eda de Turismo del Gobierno de M\u00e9xico (Sectur) y el Instituto Mexicano de Turismo y Accesibilidad (IMETAC) inauguraron la exposici\u00f3n multisensorial \u201cLos Muros que Derribamos\u201d, una muestra que invita a vivir el arte y la historia a trav\u00e9s de los sentidos, con el prop\u00f3sito de promover un turismo m\u00e1s inclusivo y accesible.","breadcrumb":{"@id":"https:\/\/azturismo.net\/?p=5564#breadcrumb"},"inLanguage":"es","potentialAction":[{"@type":"ReadAction","target":["https:\/\/azturismo.net\/?p=5564"]}]},{"@type":"ImageObject","inLanguage":"es","@id":"https:\/\/azturismo.net\/?p=5564#primaryimage","url":"https:\/\/i0.wp.com\/azturismo.net\/wp-content\/uploads\/2025\/09\/Comunicado-204-4.jpg?fit=768%2C511&ssl=1","contentUrl":"https:\/\/i0.wp.com\/azturismo.net\/wp-content\/uploads\/2025\/09\/Comunicado-204-4.jpg?fit=768%2C511&ssl=1","width":768,"height":511},{"@type":"BreadcrumbList","@id":"https:\/\/azturismo.net\/?p=5564#breadcrumb","itemListElement":[{"@type":"ListItem","position":1,"name":"Home","item":"https:\/\/azturismo.net\/"},{"@type":"ListItem","position":2,"name":"Vive el arte y la historia a trav\u00e9s de los sentidos en Sectur federal"}]},{"@type":"WebSite","@id":"https:\/\/azturismo.net\/#website","url":"https:\/\/azturismo.net\/","name":"Azturismo","description":"Azturismo Noticias","publisher":{"@id":"https:\/\/azturismo.net\/#organization"},"potentialAction":[{"@type":"SearchAction","target":{"@type":"EntryPoint","urlTemplate":"https:\/\/azturismo.net\/?s={search_term_string}"},"query-input":{"@type":"PropertyValueSpecification","valueRequired":true,"valueName":"search_term_string"}}],"inLanguage":"es"},{"@type":"Organization","@id":"https:\/\/azturismo.net\/#organization","name":"Azturismo","url":"https:\/\/azturismo.net\/","logo":{"@type":"ImageObject","inLanguage":"es","@id":"https:\/\/azturismo.net\/#\/schema\/logo\/image\/","url":"https:\/\/i0.wp.com\/azturismo.net\/wp-content\/uploads\/2024\/03\/logo-el-bueno-.png?fit=294%2C69&ssl=1","contentUrl":"https:\/\/i0.wp.com\/azturismo.net\/wp-content\/uploads\/2024\/03\/logo-el-bueno-.png?fit=294%2C69&ssl=1","width":294,"height":69,"caption":"Azturismo"},"image":{"@id":"https:\/\/azturismo.net\/#\/schema\/logo\/image\/"},"sameAs":["https:\/\/www.facebook.com\/AzturismoNoticias","https:\/\/x.com\/AzTurismo","https:\/\/www.instagram.com\/azturismo_noticias\/?fbclid=IwAR2xMiuoHbs6eLeIHKP8P5sSGa-xFrw7FfejscXO7kDghWa7wKLjGczKOwE","https:\/\/www.tiktok.com\/@azturismo"]},{"@type":"Person","@id":"https:\/\/azturismo.net\/#\/schema\/person\/4b56d87f51c4d1b518c650739ad3bbc1","name":"Azturismo","image":{"@type":"ImageObject","inLanguage":"es","@id":"https:\/\/azturismo.net\/wp-content\/litespeed\/avatar\/dfe28a31cdd68b788da48a316e50db10.jpg?ver=1777707566","url":"https:\/\/azturismo.net\/wp-content\/litespeed\/avatar\/dfe28a31cdd68b788da48a316e50db10.jpg?ver=1777707566","contentUrl":"https:\/\/azturismo.net\/wp-content\/litespeed\/avatar\/dfe28a31cdd68b788da48a316e50db10.jpg?ver=1777707566","caption":"Azturismo"},"sameAs":["https:\/\/azturismo.net"],"url":"https:\/\/azturismo.net\/?author=1"}]}},"jetpack_publicize_connections":[],"jetpack_featured_media_url":"https:\/\/i0.wp.com\/azturismo.net\/wp-content\/uploads\/2025\/09\/Comunicado-204-4.jpg?fit=768%2C511&ssl=1","jetpack_sharing_enabled":true,"jetpack-related-posts":[{"id":4280,"url":"https:\/\/azturismo.net\/?p=4280","url_meta":{"origin":5564,"position":0},"title":"Sectur federal fortalece su compromiso con un turismo inclusivo y sin discriminaci\u00f3n","author":"Azturismo","date":"junio 28, 2025","format":false,"excerpt":"Por Oscar V\u00e1zquez C. En el marco del D\u00eda Internacional del Orgullo LGBTTTQI+, la Secretar\u00eda de Turismo (Sectur) del Gobierno de M\u00e9xico refrend\u00f3 su compromiso con un turismo libre de discriminaci\u00f3n, seguro, respetuoso e inclusivo, que favorezca a las personas de la diversidad sexual y de g\u00e9nero. Josefina Rodr\u00edguez Zamora,\u2026","rel":"","context":"En &quot;Destacadas&quot;","block_context":{"text":"Destacadas","link":"https:\/\/azturismo.net\/?cat=30"},"img":{"alt_text":"","src":"https:\/\/i0.wp.com\/azturismo.net\/wp-content\/uploads\/2025\/06\/PSX_20250627_231638.jpg?fit=600%2C400&ssl=1&resize=350%2C200","width":350,"height":200,"srcset":"https:\/\/i0.wp.com\/azturismo.net\/wp-content\/uploads\/2025\/06\/PSX_20250627_231638.jpg?fit=600%2C400&ssl=1&resize=350%2C200 1x, https:\/\/i0.wp.com\/azturismo.net\/wp-content\/uploads\/2025\/06\/PSX_20250627_231638.jpg?fit=600%2C400&ssl=1&resize=525%2C300 1.5x"},"classes":[]},{"id":5968,"url":"https:\/\/azturismo.net\/?p=5968","url_meta":{"origin":5564,"position":1},"title":"Tabasco muestra su magia, sabores y cultura en Punto M\u00e9xico","author":"Azturismo","date":"octubre 13, 2025","format":false,"excerpt":"Por Oscar V\u00e1zquez C. \ud83c\udf3f\ud83c\udf6b\u2728 Durante todo octubre, Tabasco se convierte en protagonista en Punto M\u00e9xico, el espacio de promoci\u00f3n tur\u00edstica de la Secretar\u00eda de Turismo (Sectur), con la exposici\u00f3n \u201cTabasco \u00a1El Ed\u00e9n, tienes que vivirlo!\u201d, una muestra que re\u00fane lo mejor de la cultura, gastronom\u00eda, artesan\u00eda y naturaleza de\u2026","rel":"","context":"En &quot;Destacadas&quot;","block_context":{"text":"Destacadas","link":"https:\/\/azturismo.net\/?cat=30"},"img":{"alt_text":"","src":"https:\/\/i0.wp.com\/azturismo.net\/wp-content\/uploads\/2025\/10\/Tabasco-PuntoMexico1.jpg?fit=600%2C400&ssl=1&resize=350%2C200","width":350,"height":200,"srcset":"https:\/\/i0.wp.com\/azturismo.net\/wp-content\/uploads\/2025\/10\/Tabasco-PuntoMexico1.jpg?fit=600%2C400&ssl=1&resize=350%2C200 1x, https:\/\/i0.wp.com\/azturismo.net\/wp-content\/uploads\/2025\/10\/Tabasco-PuntoMexico1.jpg?fit=600%2C400&ssl=1&resize=525%2C300 1.5x"},"classes":[]},{"id":3271,"url":"https:\/\/azturismo.net\/?p=3271","url_meta":{"origin":5564,"position":2},"title":"Sectur M\u00e9xico y gobierno de Puebla fortalecen el turismo en el estado","author":"Azturismo","date":"marzo 6, 2025","format":false,"excerpt":"Por Staff AzTurismo La Secretar\u00eda de Turismo del Gobierno de M\u00e9xico (Sectur), encabezada por Josefina Rodr\u00edguez Zamora, y el Gobierno de Puebla, a trav\u00e9s de la Secretar\u00eda de Desarrollo Tur\u00edstico del estado, representada por Yadira Lira Navarro, firmaron un Convenio General de Colaboraci\u00f3n en el Pueblo M\u00e1gico Cuetzalan, con la\u2026","rel":"","context":"En &quot;NOTITUR&quot;","block_context":{"text":"NOTITUR","link":"https:\/\/azturismo.net\/?cat=25"},"img":{"alt_text":"","src":"https:\/\/i0.wp.com\/azturismo.net\/wp-content\/uploads\/2025\/03\/Sectur-Puebla-convenio1.jpg?fit=600%2C399&ssl=1&resize=350%2C200","width":350,"height":200,"srcset":"https:\/\/i0.wp.com\/azturismo.net\/wp-content\/uploads\/2025\/03\/Sectur-Puebla-convenio1.jpg?fit=600%2C399&ssl=1&resize=350%2C200 1x, https:\/\/i0.wp.com\/azturismo.net\/wp-content\/uploads\/2025\/03\/Sectur-Puebla-convenio1.jpg?fit=600%2C399&ssl=1&resize=525%2C300 1.5x"},"classes":[]},{"id":6657,"url":"https:\/\/azturismo.net\/?p=6657","url_meta":{"origin":5564,"position":3},"title":"Sectur impulsa el turismo comunitario en Campeche","author":"Azturismo","date":"noviembre 30, 2025","format":false,"excerpt":"Por Staff AzTurismo La Secretar\u00eda de Turismo del Gobierno de M\u00e9xico celebr\u00f3 los avances de turismo comunitario en Campeche, donde la titular de Sectur, Josefina Rodr\u00edguez Zamora, particip\u00f3 en la toma de protesta de la Red de Promoci\u00f3n de Turismo Comunitario. Este nuevo espacio articula la colaboraci\u00f3n entre sectores p\u00fablico,\u2026","rel":"","context":"En &quot;Destacadas&quot;","block_context":{"text":"Destacadas","link":"https:\/\/azturismo.net\/?cat=30"},"img":{"alt_text":"","src":"https:\/\/i0.wp.com\/azturismo.net\/wp-content\/uploads\/2025\/11\/Sectur-Campeche-Comunitario4.jpg?fit=600%2C400&ssl=1&resize=350%2C200","width":350,"height":200,"srcset":"https:\/\/i0.wp.com\/azturismo.net\/wp-content\/uploads\/2025\/11\/Sectur-Campeche-Comunitario4.jpg?fit=600%2C400&ssl=1&resize=350%2C200 1x, https:\/\/i0.wp.com\/azturismo.net\/wp-content\/uploads\/2025\/11\/Sectur-Campeche-Comunitario4.jpg?fit=600%2C400&ssl=1&resize=525%2C300 1.5x"},"classes":[]},{"id":5109,"url":"https:\/\/azturismo.net\/?p=5109","url_meta":{"origin":5564,"position":4},"title":"Llega Odisea M\u00e9xico, una experiencia inmersiva para viajar por todo el pa\u00eds","author":"Azturismo","date":"agosto 27, 2025","format":false,"excerpt":"Por Staff AzTurismo Imagina poder recorrer los 32 estados de M\u00e9xico, desde sus playas hasta sus zonas arqueol\u00f3gicas, en un solo lugar. Esa es la promesa de Odisea M\u00e9xico, un innovador proyecto cultural y tur\u00edstico que acaba de ser inaugurado para fusionar la grandeza de la identidad nacional con la\u2026","rel":"","context":"En &quot;Destacadas&quot;","block_context":{"text":"Destacadas","link":"https:\/\/azturismo.net\/?cat=30"},"img":{"alt_text":"","src":"https:\/\/i0.wp.com\/azturismo.net\/wp-content\/uploads\/2025\/08\/odiseamexico-2.jpg?fit=600%2C400&ssl=1&resize=350%2C200","width":350,"height":200,"srcset":"https:\/\/i0.wp.com\/azturismo.net\/wp-content\/uploads\/2025\/08\/odiseamexico-2.jpg?fit=600%2C400&ssl=1&resize=350%2C200 1x, https:\/\/i0.wp.com\/azturismo.net\/wp-content\/uploads\/2025\/08\/odiseamexico-2.jpg?fit=600%2C400&ssl=1&resize=525%2C300 1.5x"},"classes":[]},{"id":3158,"url":"https:\/\/azturismo.net\/?p=3158","url_meta":{"origin":5564,"position":5},"title":"M\u00e9xico ser\u00e1 sede de la feria tur\u00edstica ITB de las Am\u00e9ricas: Rodr\u00edguez Zamora","author":"Azturismo","date":"febrero 26, 2025","format":false,"excerpt":"Por Staff AzTurismo La secretar\u00eda de Turismo de M\u00e9xico (Sectur), Josefina Rodr\u00edguez Zamora, anunci\u00f3 que el pa\u00eds ser\u00e1 la sede de la feria International Tourism Berlin (ITB) Las Am\u00e9ricas durante tres a\u00f1os, a partir de noviembre de 2026. Este importante evento posicionar\u00e1 a M\u00e9xico como un referente del turismo en\u2026","rel":"","context":"En &quot;Destacadas&quot;","block_context":{"text":"Destacadas","link":"https:\/\/azturismo.net\/?cat=30"},"img":{"alt_text":"","src":"https:\/\/i0.wp.com\/azturismo.net\/wp-content\/uploads\/2025\/02\/PSX_20250225_230858.jpg?fit=600%2C400&ssl=1&resize=350%2C200","width":350,"height":200,"srcset":"https:\/\/i0.wp.com\/azturismo.net\/wp-content\/uploads\/2025\/02\/PSX_20250225_230858.jpg?fit=600%2C400&ssl=1&resize=350%2C200 1x, https:\/\/i0.wp.com\/azturismo.net\/wp-content\/uploads\/2025\/02\/PSX_20250225_230858.jpg?fit=600%2C400&ssl=1&resize=525%2C300 1.5x"},"classes":[]}],"jetpack_shortlink":"https:\/\/wp.me\/pfqZGx-1rK","amp_enabled":true,"_links":{"self":[{"href":"https:\/\/azturismo.net\/index.php?rest_route=\/wp\/v2\/posts\/5564","targetHints":{"allow":["GET"]}}],"collection":[{"href":"https:\/\/azturismo.net\/index.php?rest_route=\/wp\/v2\/posts"}],"about":[{"href":"https:\/\/azturismo.net\/index.php?rest_route=\/wp\/v2\/types\/post"}],"author":[{"embeddable":true,"href":"https:\/\/azturismo.net\/index.php?rest_route=\/wp\/v2\/users\/1"}],"replies":[{"embeddable":true,"href":"https:\/\/azturismo.net\/index.php?rest_route=%2Fwp%2Fv2%2Fcomments&post=5564"}],"version-history":[{"count":3,"href":"https:\/\/azturismo.net\/index.php?rest_route=\/wp\/v2\/posts\/5564\/revisions"}],"predecessor-version":[{"id":5575,"href":"https:\/\/azturismo.net\/index.php?rest_route=\/wp\/v2\/posts\/5564\/revisions\/5575"}],"wp:featuredmedia":[{"embeddable":true,"href":"https:\/\/azturismo.net\/index.php?rest_route=\/wp\/v2\/media\/5573"}],"wp:attachment":[{"href":"https:\/\/azturismo.net\/index.php?rest_route=%2Fwp%2Fv2%2Fmedia&parent=5564"}],"wp:term":[{"taxonomy":"category","embeddable":true,"href":"https:\/\/azturismo.net\/index.php?rest_route=%2Fwp%2Fv2%2Fcategories&post=5564"},{"taxonomy":"post_tag","embeddable":true,"href":"https:\/\/azturismo.net\/index.php?rest_route=%2Fwp%2Fv2%2Ftags&post=5564"}],"curies":[{"name":"wp","href":"https:\/\/api.w.org\/{rel}","templated":true}]}}