{"id":5556,"date":"2025-09-23T08:08:00","date_gmt":"2025-09-23T14:08:00","guid":{"rendered":"https:\/\/azturismo.net\/?p=5556"},"modified":"2025-09-22T21:47:52","modified_gmt":"2025-09-23T03:47:52","slug":"%f0%9f%a5%8a%f0%9f%8f%83%e2%99%82%ef%b8%8f-la-carrera-del-ring-2025-sectur-cdmx-une-running-y-lucha-libre","status":"publish","type":"post","link":"https:\/\/azturismo.net\/?p=5556","title":{"rendered":"\ud83e\udd4a\ud83c\udfc3\u200d\u2642\ufe0f La Carrera del Ring 2025: Sectur CDMX une running y lucha libre"},"content":{"rendered":"\n<p>La <strong>Secretar\u00eda de Turismo de la Ciudad de M\u00e9xico (Sectur CDMX)<\/strong> y el <strong>Fondo Mixto de Promoci\u00f3n Tur\u00edstica<\/strong>, en alianza con el <strong>Consejo Mundial de Lucha Libre (CMLL)<\/strong> y <strong>Asdeporte<\/strong>, anunciaron el lanzamiento de <strong>\u201cLa Carrera del Ring 2025\u201d<\/strong>, un evento sin precedentes que fusiona la pasi\u00f3n del running con la tradici\u00f3n de la lucha libre mexicana.<\/p>\n\n\n\n<p>La primera edici\u00f3n se llevar\u00e1 a cabo el <strong>domingo 30 de noviembre de 2025<\/strong>, con salida desde la <strong>explanada del Monumento a la Revoluci\u00f3n<\/strong> y dos rutas: <strong>5 km y 10 km<\/strong>. Al concluir, los asistentes podr\u00e1n disfrutar de un <strong>espect\u00e1culo especial de lucha libre<\/strong> en la capital del pa\u00eds.<\/p>\n\n\n\n<h3 class=\"wp-block-heading\">Turismo deportivo con identidad mexicana<\/h3>\n\n\n<div class=\"wp-block-image\">\n<figure class=\"aligncenter size-full\"><img data-recalc-dims=\"1\" loading=\"lazy\" decoding=\"async\" width=\"696\" height=\"464\" data-attachment-id=\"5560\" data-permalink=\"https:\/\/azturismo.net\/?attachment_id=5560\" data-orig-file=\"https:\/\/i0.wp.com\/azturismo.net\/wp-content\/uploads\/2025\/09\/1000163876.jpg?fit=768%2C512&amp;ssl=1\" data-orig-size=\"768,512\" data-comments-opened=\"1\" data-image-meta=\"{&quot;aperture&quot;:&quot;0&quot;,&quot;credit&quot;:&quot;&quot;,&quot;camera&quot;:&quot;&quot;,&quot;caption&quot;:&quot;&quot;,&quot;created_timestamp&quot;:&quot;0&quot;,&quot;copyright&quot;:&quot;&quot;,&quot;focal_length&quot;:&quot;0&quot;,&quot;iso&quot;:&quot;0&quot;,&quot;shutter_speed&quot;:&quot;0&quot;,&quot;title&quot;:&quot;&quot;,&quot;orientation&quot;:&quot;1&quot;}\" data-image-title=\"1000163876\" data-image-description=\"\" data-image-caption=\"\" data-large-file=\"https:\/\/i0.wp.com\/azturismo.net\/wp-content\/uploads\/2025\/09\/1000163876.jpg?fit=696%2C464&amp;ssl=1\" src=\"https:\/\/i0.wp.com\/azturismo.net\/wp-content\/uploads\/2025\/09\/1000163876.jpg?resize=696%2C464&#038;ssl=1\" alt=\"\" class=\"wp-image-5560\" srcset=\"https:\/\/i0.wp.com\/azturismo.net\/wp-content\/uploads\/2025\/09\/1000163876.jpg?w=768&amp;ssl=1 768w, https:\/\/i0.wp.com\/azturismo.net\/wp-content\/uploads\/2025\/09\/1000163876.jpg?resize=300%2C200&amp;ssl=1 300w, https:\/\/i0.wp.com\/azturismo.net\/wp-content\/uploads\/2025\/09\/1000163876.jpg?resize=150%2C100&amp;ssl=1 150w, https:\/\/i0.wp.com\/azturismo.net\/wp-content\/uploads\/2025\/09\/1000163876.jpg?resize=696%2C464&amp;ssl=1 696w\" sizes=\"auto, (max-width: 696px) 100vw, 696px\" \/><\/figure><\/div>\n\n\n<p>Durante la presentaci\u00f3n en la <strong>Arena M\u00e9xico<\/strong>, la secretaria de Turismo, <strong>Alejandra Frausto Guerrero<\/strong>, destac\u00f3 que este evento \u201cmarca un parteaguas en el calendario deportivo y cultural de la CDMX, consolid\u00e1ndola como destino de turismo internacional\u201d.<\/p>\n\n\n\n<p>Se estima la participaci\u00f3n de <strong>m\u00e1s de 5 mil corredores<\/strong>, de los cuales <strong>20% provendr\u00e1 del extranjero<\/strong>, lo que refuerza la proyecci\u00f3n global del evento y su potencial para convertirse en una cita anual de referencia.<\/p>\n\n\n\n<h3 class=\"wp-block-heading\">Running y lucha libre: un espect\u00e1culo completo<\/h3>\n\n\n\n<p>El director de Asdeporte, <strong>Wilberto Moguel<\/strong>, subray\u00f3 que la Carrera del Ring no solo promueve el deporte y la salud, sino tambi\u00e9n la cultura mexicana. En tanto, <strong>Salvador Luteroth<\/strong>, director del CMLL, anunci\u00f3 que luchadores como <strong>Soberano Jr.<\/strong> podr\u00edan sumarse como participantes y sorprender a los asistentes con la energ\u00eda caracter\u00edstica de este deporte.<\/p>\n\n\n<div class=\"wp-block-image\">\n<figure class=\"aligncenter size-full is-resized\"><img data-recalc-dims=\"1\" loading=\"lazy\" decoding=\"async\" width=\"696\" height=\"464\" data-attachment-id=\"5562\" data-permalink=\"https:\/\/azturismo.net\/?attachment_id=5562\" data-orig-file=\"https:\/\/i0.wp.com\/azturismo.net\/wp-content\/uploads\/2025\/09\/1000163874.jpg?fit=768%2C512&amp;ssl=1\" data-orig-size=\"768,512\" data-comments-opened=\"1\" data-image-meta=\"{&quot;aperture&quot;:&quot;0&quot;,&quot;credit&quot;:&quot;&quot;,&quot;camera&quot;:&quot;&quot;,&quot;caption&quot;:&quot;&quot;,&quot;created_timestamp&quot;:&quot;0&quot;,&quot;copyright&quot;:&quot;&quot;,&quot;focal_length&quot;:&quot;0&quot;,&quot;iso&quot;:&quot;0&quot;,&quot;shutter_speed&quot;:&quot;0&quot;,&quot;title&quot;:&quot;&quot;,&quot;orientation&quot;:&quot;1&quot;}\" data-image-title=\"1000163874\" data-image-description=\"\" data-image-caption=\"\" data-large-file=\"https:\/\/i0.wp.com\/azturismo.net\/wp-content\/uploads\/2025\/09\/1000163874.jpg?fit=696%2C464&amp;ssl=1\" src=\"https:\/\/i0.wp.com\/azturismo.net\/wp-content\/uploads\/2025\/09\/1000163874.jpg?resize=696%2C464&#038;ssl=1\" alt=\"\" class=\"wp-image-5562\" style=\"width:auto;height:24px\" srcset=\"https:\/\/i0.wp.com\/azturismo.net\/wp-content\/uploads\/2025\/09\/1000163874.jpg?w=768&amp;ssl=1 768w, https:\/\/i0.wp.com\/azturismo.net\/wp-content\/uploads\/2025\/09\/1000163874.jpg?resize=300%2C200&amp;ssl=1 300w, https:\/\/i0.wp.com\/azturismo.net\/wp-content\/uploads\/2025\/09\/1000163874.jpg?resize=150%2C100&amp;ssl=1 150w, https:\/\/i0.wp.com\/azturismo.net\/wp-content\/uploads\/2025\/09\/1000163874.jpg?resize=696%2C464&amp;ssl=1 696w\" sizes=\"auto, (max-width: 696px) 100vw, 696px\" \/><\/figure><\/div>\n\n\n<p>El prerregistro y la entrega de kits se realizar\u00e1 el <strong>29 de noviembre<\/strong> en la <strong>Fuente de Xochipilli, Bosque de Chapultepec<\/strong>, con un costo de <strong>$685 pesos<\/strong>. La premiaci\u00f3n incluir\u00e1 trofeos para los primeros lugares absolutos (varonil y femenil) en ambas distancias.<\/p>\n\n\n\n<h3 class=\"wp-block-heading\">CDMX, capital del turismo deportivo<\/h3>\n\n\n\n<p>La \u201cCarrera del Ring 2025\u201d busca posicionar a la <strong>Ciudad de M\u00e9xico como l\u00edder en turismo deportivo y cultural<\/strong>, combinando un recorrido ic\u00f3nico por el Monumento a la Revoluci\u00f3n con el espect\u00e1culo de la lucha libre, patrimonio de la cultura popular mexicana.<\/p>\n\n\n\n<p>Con esta fusi\u00f3n entre deporte y tradici\u00f3n, la capital abre sus puertas al mundo para vivir un evento lleno de energ\u00eda, hospitalidad y pasi\u00f3n.<\/p>\n\n\n\n<p><\/p>\n","protected":false},"excerpt":{"rendered":"<p>La Secretar\u00eda de Turismo de la Ciudad de M\u00e9xico (Sectur CDMX) y el Fondo Mixto de Promoci\u00f3n Tur\u00edstica, en alianza con el Consejo Mundial de Lucha Libre (CMLL) y Asdeporte, anunciaron el lanzamiento de \u201cLa Carrera del Ring 2025\u201d, un evento sin precedentes que fusiona la pasi\u00f3n del running con la tradici\u00f3n de la lucha [&hellip;]<\/p>\n","protected":false},"author":1,"featured_media":5558,"comment_status":"open","ping_status":"open","sticky":false,"template":"","format":"standard","meta":{"jetpack_post_was_ever_published":false,"_jetpack_newsletter_access":"","_jetpack_dont_email_post_to_subs":false,"_jetpack_newsletter_tier_id":0,"_jetpack_memberships_contains_paywalled_content":false,"_jetpack_memberships_contains_paid_content":false,"footnotes":"","jetpack_publicize_message":"","jetpack_publicize_feature_enabled":true,"jetpack_social_post_already_shared":true,"jetpack_social_options":{"image_generator_settings":{"template":"highway","default_image_id":0,"font":"","enabled":false},"version":2}},"categories":[30,31,33],"tags":[659,99,2431,2432,2430,979,39,320],"class_list":{"0":"post-5556","1":"post","2":"type-post","3":"status-publish","4":"format-standard","5":"has-post-thumbnail","7":"category-e","8":"category-especiales","9":"category-especiales-segundarias","10":"tag-alejandra-frausto-guerrero","11":"tag-azturismo","12":"tag-carrera-del-ring-2025-cdmx","13":"tag-lucha-libre","14":"tag-running-en-mexico","15":"tag-sectur-cdmx","16":"tag-turismo","17":"tag-turismo-deportivo"},"yoast_head":"<!-- This site is optimized with the Yoast SEO plugin v27.5 - https:\/\/yoast.com\/product\/yoast-seo-wordpress\/ -->\n<title>\ud83e\udd4a\ud83c\udfc3\u200d\u2642\ufe0f La Carrera del Ring 2025: Sectur CDMX une running y lucha libre - Azturismo Noticias<\/title>\n<meta name=\"description\" content=\"La Secretar\u00eda de Turismo de la Ciudad de M\u00e9xico (Sectur CDMX) y el Fondo Mixto de Promoci\u00f3n Tur\u00edstica, en alianza con el Consejo Mundial de Lucha Libre (CMLL) y Asdeporte, anunciaron el lanzamiento de \u201cLa Carrera del Ring 2025\u201d, un evento sin precedentes que fusiona la pasi\u00f3n del running con la tradici\u00f3n de la lucha libre mexicana.\" \/>\n<meta name=\"robots\" content=\"index, follow, max-snippet:-1, max-image-preview:large, max-video-preview:-1\" \/>\n<link rel=\"canonical\" href=\"https:\/\/azturismo.net\/?p=5556\" \/>\n<meta property=\"og:locale\" content=\"es_MX\" \/>\n<meta property=\"og:type\" content=\"article\" \/>\n<meta property=\"og:title\" content=\"\ud83e\udd4a\ud83c\udfc3\u200d\u2642\ufe0f La Carrera del Ring 2025: Sectur CDMX une running y lucha libre - Azturismo Noticias\" \/>\n<meta property=\"og:description\" content=\"La Secretar\u00eda de Turismo de la Ciudad de M\u00e9xico (Sectur CDMX) y el Fondo Mixto de Promoci\u00f3n Tur\u00edstica, en alianza con el Consejo Mundial de Lucha Libre (CMLL) y Asdeporte, anunciaron el lanzamiento de \u201cLa Carrera del Ring 2025\u201d, un evento sin precedentes que fusiona la pasi\u00f3n del running con la tradici\u00f3n de la lucha libre mexicana.\" \/>\n<meta property=\"og:url\" content=\"https:\/\/azturismo.net\/?p=5556\" \/>\n<meta property=\"og:site_name\" content=\"Azturismo Noticias\" \/>\n<meta property=\"article:publisher\" content=\"https:\/\/www.facebook.com\/AzturismoNoticias\" \/>\n<meta property=\"article:published_time\" content=\"2025-09-23T14:08:00+00:00\" \/>\n<meta property=\"og:image\" content=\"https:\/\/i0.wp.com\/azturismo.net\/wp-content\/uploads\/2025\/09\/IMG-20250917-WA0115.jpg?fit=768%2C512&ssl=1\" \/>\n\t<meta property=\"og:image:width\" content=\"768\" \/>\n\t<meta property=\"og:image:height\" content=\"512\" \/>\n\t<meta property=\"og:image:type\" content=\"image\/jpeg\" \/>\n<meta name=\"author\" content=\"Azturismo\" \/>\n<meta name=\"twitter:card\" content=\"summary_large_image\" \/>\n<meta name=\"twitter:creator\" content=\"@AzTurismo\" \/>\n<meta name=\"twitter:site\" content=\"@AzTurismo\" \/>\n<meta name=\"twitter:label1\" content=\"Escrito por\" \/>\n\t<meta name=\"twitter:data1\" content=\"Azturismo\" \/>\n\t<meta name=\"twitter:label2\" content=\"Tiempo de lectura\" \/>\n\t<meta name=\"twitter:data2\" content=\"3 minutos\" \/>\n<script type=\"application\/ld+json\" class=\"yoast-schema-graph\">{\"@context\":\"https:\\\/\\\/schema.org\",\"@graph\":[{\"@type\":\"Article\",\"@id\":\"https:\\\/\\\/azturismo.net\\\/?p=5556#article\",\"isPartOf\":{\"@id\":\"https:\\\/\\\/azturismo.net\\\/?p=5556\"},\"author\":{\"name\":\"Azturismo\",\"@id\":\"https:\\\/\\\/azturismo.net\\\/#\\\/schema\\\/person\\\/4b56d87f51c4d1b518c650739ad3bbc1\"},\"headline\":\"\ud83e\udd4a\ud83c\udfc3\u200d\u2642\ufe0f La Carrera del Ring 2025: Sectur CDMX une running y lucha libre\",\"datePublished\":\"2025-09-23T14:08:00+00:00\",\"mainEntityOfPage\":{\"@id\":\"https:\\\/\\\/azturismo.net\\\/?p=5556\"},\"wordCount\":391,\"commentCount\":0,\"publisher\":{\"@id\":\"https:\\\/\\\/azturismo.net\\\/#organization\"},\"image\":{\"@id\":\"https:\\\/\\\/azturismo.net\\\/?p=5556#primaryimage\"},\"thumbnailUrl\":\"https:\\\/\\\/i0.wp.com\\\/azturismo.net\\\/wp-content\\\/uploads\\\/2025\\\/09\\\/IMG-20250917-WA0115.jpg?fit=768%2C512&ssl=1\",\"keywords\":[\"Alejandra Frausto Guerrero\",\"azturismo\",\"Carrera del Ring 2025 CDMX\",\"lucha libre\",\"running en M\u00e9xico\",\"Sectur CDMX\",\"Turismo\",\"turismo deportivo\"],\"articleSection\":[\"Destacadas\",\"ESPECIALES 1\",\"ESPECIALES 2\"],\"inLanguage\":\"es\",\"potentialAction\":[{\"@type\":\"CommentAction\",\"name\":\"Comment\",\"target\":[\"https:\\\/\\\/azturismo.net\\\/?p=5556#respond\"]}]},{\"@type\":\"WebPage\",\"@id\":\"https:\\\/\\\/azturismo.net\\\/?p=5556\",\"url\":\"https:\\\/\\\/azturismo.net\\\/?p=5556\",\"name\":\"\ud83e\udd4a\ud83c\udfc3\u200d\u2642\ufe0f La Carrera del Ring 2025: Sectur CDMX une running y lucha libre - Azturismo Noticias\",\"isPartOf\":{\"@id\":\"https:\\\/\\\/azturismo.net\\\/#website\"},\"primaryImageOfPage\":{\"@id\":\"https:\\\/\\\/azturismo.net\\\/?p=5556#primaryimage\"},\"image\":{\"@id\":\"https:\\\/\\\/azturismo.net\\\/?p=5556#primaryimage\"},\"thumbnailUrl\":\"https:\\\/\\\/i0.wp.com\\\/azturismo.net\\\/wp-content\\\/uploads\\\/2025\\\/09\\\/IMG-20250917-WA0115.jpg?fit=768%2C512&ssl=1\",\"datePublished\":\"2025-09-23T14:08:00+00:00\",\"description\":\"La Secretar\u00eda de Turismo de la Ciudad de M\u00e9xico (Sectur CDMX) y el Fondo Mixto de Promoci\u00f3n Tur\u00edstica, en alianza con el Consejo Mundial de Lucha Libre (CMLL) y Asdeporte, anunciaron el lanzamiento de \u201cLa Carrera del Ring 2025\u201d, un evento sin precedentes que fusiona la pasi\u00f3n del running con la tradici\u00f3n de la lucha libre mexicana.\",\"breadcrumb\":{\"@id\":\"https:\\\/\\\/azturismo.net\\\/?p=5556#breadcrumb\"},\"inLanguage\":\"es\",\"potentialAction\":[{\"@type\":\"ReadAction\",\"target\":[\"https:\\\/\\\/azturismo.net\\\/?p=5556\"]}]},{\"@type\":\"ImageObject\",\"inLanguage\":\"es\",\"@id\":\"https:\\\/\\\/azturismo.net\\\/?p=5556#primaryimage\",\"url\":\"https:\\\/\\\/i0.wp.com\\\/azturismo.net\\\/wp-content\\\/uploads\\\/2025\\\/09\\\/IMG-20250917-WA0115.jpg?fit=768%2C512&ssl=1\",\"contentUrl\":\"https:\\\/\\\/i0.wp.com\\\/azturismo.net\\\/wp-content\\\/uploads\\\/2025\\\/09\\\/IMG-20250917-WA0115.jpg?fit=768%2C512&ssl=1\",\"width\":768,\"height\":512},{\"@type\":\"BreadcrumbList\",\"@id\":\"https:\\\/\\\/azturismo.net\\\/?p=5556#breadcrumb\",\"itemListElement\":[{\"@type\":\"ListItem\",\"position\":1,\"name\":\"Home\",\"item\":\"https:\\\/\\\/azturismo.net\\\/\"},{\"@type\":\"ListItem\",\"position\":2,\"name\":\"\ud83e\udd4a\ud83c\udfc3\u200d\u2642\ufe0f La Carrera del Ring 2025: Sectur CDMX une running y lucha libre\"}]},{\"@type\":\"WebSite\",\"@id\":\"https:\\\/\\\/azturismo.net\\\/#website\",\"url\":\"https:\\\/\\\/azturismo.net\\\/\",\"name\":\"Azturismo\",\"description\":\"Azturismo Noticias\",\"publisher\":{\"@id\":\"https:\\\/\\\/azturismo.net\\\/#organization\"},\"potentialAction\":[{\"@type\":\"SearchAction\",\"target\":{\"@type\":\"EntryPoint\",\"urlTemplate\":\"https:\\\/\\\/azturismo.net\\\/?s={search_term_string}\"},\"query-input\":{\"@type\":\"PropertyValueSpecification\",\"valueRequired\":true,\"valueName\":\"search_term_string\"}}],\"inLanguage\":\"es\"},{\"@type\":\"Organization\",\"@id\":\"https:\\\/\\\/azturismo.net\\\/#organization\",\"name\":\"Azturismo\",\"url\":\"https:\\\/\\\/azturismo.net\\\/\",\"logo\":{\"@type\":\"ImageObject\",\"inLanguage\":\"es\",\"@id\":\"https:\\\/\\\/azturismo.net\\\/#\\\/schema\\\/logo\\\/image\\\/\",\"url\":\"https:\\\/\\\/i0.wp.com\\\/azturismo.net\\\/wp-content\\\/uploads\\\/2024\\\/03\\\/logo-el-bueno-.png?fit=294%2C69&ssl=1\",\"contentUrl\":\"https:\\\/\\\/i0.wp.com\\\/azturismo.net\\\/wp-content\\\/uploads\\\/2024\\\/03\\\/logo-el-bueno-.png?fit=294%2C69&ssl=1\",\"width\":294,\"height\":69,\"caption\":\"Azturismo\"},\"image\":{\"@id\":\"https:\\\/\\\/azturismo.net\\\/#\\\/schema\\\/logo\\\/image\\\/\"},\"sameAs\":[\"https:\\\/\\\/www.facebook.com\\\/AzturismoNoticias\",\"https:\\\/\\\/x.com\\\/AzTurismo\",\"https:\\\/\\\/www.instagram.com\\\/azturismo_noticias\\\/?fbclid=IwAR2xMiuoHbs6eLeIHKP8P5sSGa-xFrw7FfejscXO7kDghWa7wKLjGczKOwE\",\"https:\\\/\\\/www.tiktok.com\\\/@azturismo\"]},{\"@type\":\"Person\",\"@id\":\"https:\\\/\\\/azturismo.net\\\/#\\\/schema\\\/person\\\/4b56d87f51c4d1b518c650739ad3bbc1\",\"name\":\"Azturismo\",\"image\":{\"@type\":\"ImageObject\",\"inLanguage\":\"es\",\"@id\":\"https:\\\/\\\/azturismo.net\\\/wp-content\\\/litespeed\\\/avatar\\\/dfe28a31cdd68b788da48a316e50db10.jpg?ver=1777707566\",\"url\":\"https:\\\/\\\/azturismo.net\\\/wp-content\\\/litespeed\\\/avatar\\\/dfe28a31cdd68b788da48a316e50db10.jpg?ver=1777707566\",\"contentUrl\":\"https:\\\/\\\/azturismo.net\\\/wp-content\\\/litespeed\\\/avatar\\\/dfe28a31cdd68b788da48a316e50db10.jpg?ver=1777707566\",\"caption\":\"Azturismo\"},\"sameAs\":[\"https:\\\/\\\/azturismo.net\"],\"url\":\"https:\\\/\\\/azturismo.net\\\/?author=1\"}]}<\/script>\n<!-- \/ Yoast SEO plugin. -->","yoast_head_json":{"title":"\ud83e\udd4a\ud83c\udfc3\u200d\u2642\ufe0f La Carrera del Ring 2025: Sectur CDMX une running y lucha libre - Azturismo Noticias","description":"La Secretar\u00eda de Turismo de la Ciudad de M\u00e9xico (Sectur CDMX) y el Fondo Mixto de Promoci\u00f3n Tur\u00edstica, en alianza con el Consejo Mundial de Lucha Libre (CMLL) y Asdeporte, anunciaron el lanzamiento de \u201cLa Carrera del Ring 2025\u201d, un evento sin precedentes que fusiona la pasi\u00f3n del running con la tradici\u00f3n de la lucha libre mexicana.","robots":{"index":"index","follow":"follow","max-snippet":"max-snippet:-1","max-image-preview":"max-image-preview:large","max-video-preview":"max-video-preview:-1"},"canonical":"https:\/\/azturismo.net\/?p=5556","og_locale":"es_MX","og_type":"article","og_title":"\ud83e\udd4a\ud83c\udfc3\u200d\u2642\ufe0f La Carrera del Ring 2025: Sectur CDMX une running y lucha libre - Azturismo Noticias","og_description":"La Secretar\u00eda de Turismo de la Ciudad de M\u00e9xico (Sectur CDMX) y el Fondo Mixto de Promoci\u00f3n Tur\u00edstica, en alianza con el Consejo Mundial de Lucha Libre (CMLL) y Asdeporte, anunciaron el lanzamiento de \u201cLa Carrera del Ring 2025\u201d, un evento sin precedentes que fusiona la pasi\u00f3n del running con la tradici\u00f3n de la lucha libre mexicana.","og_url":"https:\/\/azturismo.net\/?p=5556","og_site_name":"Azturismo Noticias","article_publisher":"https:\/\/www.facebook.com\/AzturismoNoticias","article_published_time":"2025-09-23T14:08:00+00:00","og_image":[{"width":768,"height":512,"url":"https:\/\/i0.wp.com\/azturismo.net\/wp-content\/uploads\/2025\/09\/IMG-20250917-WA0115.jpg?fit=768%2C512&ssl=1","type":"image\/jpeg"}],"author":"Azturismo","twitter_card":"summary_large_image","twitter_creator":"@AzTurismo","twitter_site":"@AzTurismo","twitter_misc":{"Escrito por":"Azturismo","Tiempo de lectura":"3 minutos"},"schema":{"@context":"https:\/\/schema.org","@graph":[{"@type":"Article","@id":"https:\/\/azturismo.net\/?p=5556#article","isPartOf":{"@id":"https:\/\/azturismo.net\/?p=5556"},"author":{"name":"Azturismo","@id":"https:\/\/azturismo.net\/#\/schema\/person\/4b56d87f51c4d1b518c650739ad3bbc1"},"headline":"\ud83e\udd4a\ud83c\udfc3\u200d\u2642\ufe0f La Carrera del Ring 2025: Sectur CDMX une running y lucha libre","datePublished":"2025-09-23T14:08:00+00:00","mainEntityOfPage":{"@id":"https:\/\/azturismo.net\/?p=5556"},"wordCount":391,"commentCount":0,"publisher":{"@id":"https:\/\/azturismo.net\/#organization"},"image":{"@id":"https:\/\/azturismo.net\/?p=5556#primaryimage"},"thumbnailUrl":"https:\/\/i0.wp.com\/azturismo.net\/wp-content\/uploads\/2025\/09\/IMG-20250917-WA0115.jpg?fit=768%2C512&ssl=1","keywords":["Alejandra Frausto Guerrero","azturismo","Carrera del Ring 2025 CDMX","lucha libre","running en M\u00e9xico","Sectur CDMX","Turismo","turismo deportivo"],"articleSection":["Destacadas","ESPECIALES 1","ESPECIALES 2"],"inLanguage":"es","potentialAction":[{"@type":"CommentAction","name":"Comment","target":["https:\/\/azturismo.net\/?p=5556#respond"]}]},{"@type":"WebPage","@id":"https:\/\/azturismo.net\/?p=5556","url":"https:\/\/azturismo.net\/?p=5556","name":"\ud83e\udd4a\ud83c\udfc3\u200d\u2642\ufe0f La Carrera del Ring 2025: Sectur CDMX une running y lucha libre - Azturismo Noticias","isPartOf":{"@id":"https:\/\/azturismo.net\/#website"},"primaryImageOfPage":{"@id":"https:\/\/azturismo.net\/?p=5556#primaryimage"},"image":{"@id":"https:\/\/azturismo.net\/?p=5556#primaryimage"},"thumbnailUrl":"https:\/\/i0.wp.com\/azturismo.net\/wp-content\/uploads\/2025\/09\/IMG-20250917-WA0115.jpg?fit=768%2C512&ssl=1","datePublished":"2025-09-23T14:08:00+00:00","description":"La Secretar\u00eda de Turismo de la Ciudad de M\u00e9xico (Sectur CDMX) y el Fondo Mixto de Promoci\u00f3n Tur\u00edstica, en alianza con el Consejo Mundial de Lucha Libre (CMLL) y Asdeporte, anunciaron el lanzamiento de \u201cLa Carrera del Ring 2025\u201d, un evento sin precedentes que fusiona la pasi\u00f3n del running con la tradici\u00f3n de la lucha libre mexicana.","breadcrumb":{"@id":"https:\/\/azturismo.net\/?p=5556#breadcrumb"},"inLanguage":"es","potentialAction":[{"@type":"ReadAction","target":["https:\/\/azturismo.net\/?p=5556"]}]},{"@type":"ImageObject","inLanguage":"es","@id":"https:\/\/azturismo.net\/?p=5556#primaryimage","url":"https:\/\/i0.wp.com\/azturismo.net\/wp-content\/uploads\/2025\/09\/IMG-20250917-WA0115.jpg?fit=768%2C512&ssl=1","contentUrl":"https:\/\/i0.wp.com\/azturismo.net\/wp-content\/uploads\/2025\/09\/IMG-20250917-WA0115.jpg?fit=768%2C512&ssl=1","width":768,"height":512},{"@type":"BreadcrumbList","@id":"https:\/\/azturismo.net\/?p=5556#breadcrumb","itemListElement":[{"@type":"ListItem","position":1,"name":"Home","item":"https:\/\/azturismo.net\/"},{"@type":"ListItem","position":2,"name":"\ud83e\udd4a\ud83c\udfc3\u200d\u2642\ufe0f La Carrera del Ring 2025: Sectur CDMX une running y lucha libre"}]},{"@type":"WebSite","@id":"https:\/\/azturismo.net\/#website","url":"https:\/\/azturismo.net\/","name":"Azturismo","description":"Azturismo Noticias","publisher":{"@id":"https:\/\/azturismo.net\/#organization"},"potentialAction":[{"@type":"SearchAction","target":{"@type":"EntryPoint","urlTemplate":"https:\/\/azturismo.net\/?s={search_term_string}"},"query-input":{"@type":"PropertyValueSpecification","valueRequired":true,"valueName":"search_term_string"}}],"inLanguage":"es"},{"@type":"Organization","@id":"https:\/\/azturismo.net\/#organization","name":"Azturismo","url":"https:\/\/azturismo.net\/","logo":{"@type":"ImageObject","inLanguage":"es","@id":"https:\/\/azturismo.net\/#\/schema\/logo\/image\/","url":"https:\/\/i0.wp.com\/azturismo.net\/wp-content\/uploads\/2024\/03\/logo-el-bueno-.png?fit=294%2C69&ssl=1","contentUrl":"https:\/\/i0.wp.com\/azturismo.net\/wp-content\/uploads\/2024\/03\/logo-el-bueno-.png?fit=294%2C69&ssl=1","width":294,"height":69,"caption":"Azturismo"},"image":{"@id":"https:\/\/azturismo.net\/#\/schema\/logo\/image\/"},"sameAs":["https:\/\/www.facebook.com\/AzturismoNoticias","https:\/\/x.com\/AzTurismo","https:\/\/www.instagram.com\/azturismo_noticias\/?fbclid=IwAR2xMiuoHbs6eLeIHKP8P5sSGa-xFrw7FfejscXO7kDghWa7wKLjGczKOwE","https:\/\/www.tiktok.com\/@azturismo"]},{"@type":"Person","@id":"https:\/\/azturismo.net\/#\/schema\/person\/4b56d87f51c4d1b518c650739ad3bbc1","name":"Azturismo","image":{"@type":"ImageObject","inLanguage":"es","@id":"https:\/\/azturismo.net\/wp-content\/litespeed\/avatar\/dfe28a31cdd68b788da48a316e50db10.jpg?ver=1777707566","url":"https:\/\/azturismo.net\/wp-content\/litespeed\/avatar\/dfe28a31cdd68b788da48a316e50db10.jpg?ver=1777707566","contentUrl":"https:\/\/azturismo.net\/wp-content\/litespeed\/avatar\/dfe28a31cdd68b788da48a316e50db10.jpg?ver=1777707566","caption":"Azturismo"},"sameAs":["https:\/\/azturismo.net"],"url":"https:\/\/azturismo.net\/?author=1"}]}},"jetpack_publicize_connections":[],"jetpack_featured_media_url":"https:\/\/i0.wp.com\/azturismo.net\/wp-content\/uploads\/2025\/09\/IMG-20250917-WA0115.jpg?fit=768%2C512&ssl=1","jetpack_sharing_enabled":true,"jetpack-related-posts":[{"id":5238,"url":"https:\/\/azturismo.net\/?p=5238","url_meta":{"origin":5556,"position":0},"title":"Refuerza Sectur CDMX la identidad cultural   en AICM","author":"Azturismo","date":"septiembre 2, 2025","format":false,"excerpt":"Por Staff AzTurismo El Aeropuerto Internacional de la Ciudad de M\u00e9xico (AICM) y la Secretar\u00eda de Turismo de la Ciudad de M\u00e9xico (Sectur CDMX) firmaron un convenio de colaboraci\u00f3n que tiene como objetivo fortalecer la proyecci\u00f3n tur\u00edstica y cultural de la capital del pa\u00eds. Como primer resultado, este martes se\u2026","rel":"","context":"En &quot;Destacadas&quot;","block_context":{"text":"Destacadas","link":"https:\/\/azturismo.net\/?cat=30"},"img":{"alt_text":"","src":"https:\/\/i0.wp.com\/azturismo.net\/wp-content\/uploads\/2025\/09\/IMG-20250902-WA011211.jpg?fit=1200%2C847&ssl=1&resize=350%2C200","width":350,"height":200,"srcset":"https:\/\/i0.wp.com\/azturismo.net\/wp-content\/uploads\/2025\/09\/IMG-20250902-WA011211.jpg?fit=1200%2C847&ssl=1&resize=350%2C200 1x, https:\/\/i0.wp.com\/azturismo.net\/wp-content\/uploads\/2025\/09\/IMG-20250902-WA011211.jpg?fit=1200%2C847&ssl=1&resize=525%2C300 1.5x, https:\/\/i0.wp.com\/azturismo.net\/wp-content\/uploads\/2025\/09\/IMG-20250902-WA011211.jpg?fit=1200%2C847&ssl=1&resize=700%2C400 2x, https:\/\/i0.wp.com\/azturismo.net\/wp-content\/uploads\/2025\/09\/IMG-20250902-WA011211.jpg?fit=1200%2C847&ssl=1&resize=1050%2C600 3x"},"classes":[]},{"id":4280,"url":"https:\/\/azturismo.net\/?p=4280","url_meta":{"origin":5556,"position":1},"title":"Sectur federal fortalece su compromiso con un turismo inclusivo y sin discriminaci\u00f3n","author":"Azturismo","date":"junio 28, 2025","format":false,"excerpt":"Por Oscar V\u00e1zquez C. En el marco del D\u00eda Internacional del Orgullo LGBTTTQI+, la Secretar\u00eda de Turismo (Sectur) del Gobierno de M\u00e9xico refrend\u00f3 su compromiso con un turismo libre de discriminaci\u00f3n, seguro, respetuoso e inclusivo, que favorezca a las personas de la diversidad sexual y de g\u00e9nero. Josefina Rodr\u00edguez Zamora,\u2026","rel":"","context":"En &quot;Destacadas&quot;","block_context":{"text":"Destacadas","link":"https:\/\/azturismo.net\/?cat=30"},"img":{"alt_text":"","src":"https:\/\/i0.wp.com\/azturismo.net\/wp-content\/uploads\/2025\/06\/PSX_20250627_231638.jpg?fit=600%2C400&ssl=1&resize=350%2C200","width":350,"height":200,"srcset":"https:\/\/i0.wp.com\/azturismo.net\/wp-content\/uploads\/2025\/06\/PSX_20250627_231638.jpg?fit=600%2C400&ssl=1&resize=350%2C200 1x, https:\/\/i0.wp.com\/azturismo.net\/wp-content\/uploads\/2025\/06\/PSX_20250627_231638.jpg?fit=600%2C400&ssl=1&resize=525%2C300 1.5x"},"classes":[]},{"id":3192,"url":"https:\/\/azturismo.net\/?p=3192","url_meta":{"origin":5556,"position":2},"title":"CDMX fortalece su alianza con el mercado tur\u00edstico colombiano en ANATO 2025","author":"Azturismo","date":"marzo 2, 2025","format":false,"excerpt":"Por Staff AzTurismo La Ciudad de M\u00e9xico brill\u00f3 en la 44\u00aa Vitrina Tur\u00edstica de la Asociaci\u00f3n Colombiana de Agencias de Viajes y Turismo (ANATO) 2025, consolid\u00e1ndose como uno de los destinos favoritos a nivel mundial. Durante el evento, se llevaron a cabo m\u00e1s de 500 citas de negocios entre funcionarios,\u2026","rel":"","context":"En &quot;Destacadas&quot;","block_context":{"text":"Destacadas","link":"https:\/\/azturismo.net\/?cat=30"},"img":{"alt_text":"","src":"https:\/\/i0.wp.com\/azturismo.net\/wp-content\/uploads\/2025\/03\/PSX_20250301_224214.jpg?fit=600%2C400&ssl=1&resize=350%2C200","width":350,"height":200,"srcset":"https:\/\/i0.wp.com\/azturismo.net\/wp-content\/uploads\/2025\/03\/PSX_20250301_224214.jpg?fit=600%2C400&ssl=1&resize=350%2C200 1x, https:\/\/i0.wp.com\/azturismo.net\/wp-content\/uploads\/2025\/03\/PSX_20250301_224214.jpg?fit=600%2C400&ssl=1&resize=525%2C300 1.5x"},"classes":[]},{"id":5564,"url":"https:\/\/azturismo.net\/?p=5564","url_meta":{"origin":5556,"position":3},"title":"Vive el arte y la historia a trav\u00e9s de los sentidos en Sectur federal","author":"Azturismo","date":"septiembre 23, 2025","format":false,"excerpt":"Por Oscar V\u00e1zquez C. La Secretar\u00eda de Turismo del Gobierno de M\u00e9xico (Sectur) y el Instituto Mexicano de Turismo y Accesibilidad (IMETAC) inauguraron la exposici\u00f3n multisensorial \u201cLos Muros que Derribamos\u201d, una muestra que invita a vivir el arte y la historia a trav\u00e9s de los sentidos, con el prop\u00f3sito de\u2026","rel":"","context":"En &quot;Destacadas&quot;","block_context":{"text":"Destacadas","link":"https:\/\/azturismo.net\/?cat=30"},"img":{"alt_text":"","src":"https:\/\/i0.wp.com\/azturismo.net\/wp-content\/uploads\/2025\/09\/Comunicado-204-4.jpg?fit=768%2C511&ssl=1&resize=350%2C200","width":350,"height":200,"srcset":"https:\/\/i0.wp.com\/azturismo.net\/wp-content\/uploads\/2025\/09\/Comunicado-204-4.jpg?fit=768%2C511&ssl=1&resize=350%2C200 1x, https:\/\/i0.wp.com\/azturismo.net\/wp-content\/uploads\/2025\/09\/Comunicado-204-4.jpg?fit=768%2C511&ssl=1&resize=525%2C300 1.5x, https:\/\/i0.wp.com\/azturismo.net\/wp-content\/uploads\/2025\/09\/Comunicado-204-4.jpg?fit=768%2C511&ssl=1&resize=700%2C400 2x"},"classes":[]},{"id":5517,"url":"https:\/\/azturismo.net\/?p=5517","url_meta":{"origin":5556,"position":4},"title":"M\u00e9xico har\u00e1 historia en FITUR 2026: Josefina Rodr\u00edguez","author":"Azturismo","date":"septiembre 19, 2025","format":false,"excerpt":"Por Oscar V\u00e1zquez C M\u00e9xico se prepara para una participaci\u00f3n sin precedentes en la Feria Internacional de Turismo (FITUR) 2026, que se celebrar\u00e1 en Madrid, Espa\u00f1a. Nuestro pa\u00eds ser\u00e1 Pa\u00eds Invitado y contar\u00e1 con el pabell\u00f3n m\u00e1s grande de su historia, representando a los 32 estados de la Rep\u00fablica y\u2026","rel":"","context":"En &quot;Destacadas&quot;","block_context":{"text":"Destacadas","link":"https:\/\/azturismo.net\/?cat=30"},"img":{"alt_text":"","src":"https:\/\/i0.wp.com\/azturismo.net\/wp-content\/uploads\/2025\/09\/Comunicado-201-3.jpg?fit=832%2C554&ssl=1&resize=350%2C200","width":350,"height":200,"srcset":"https:\/\/i0.wp.com\/azturismo.net\/wp-content\/uploads\/2025\/09\/Comunicado-201-3.jpg?fit=832%2C554&ssl=1&resize=350%2C200 1x, https:\/\/i0.wp.com\/azturismo.net\/wp-content\/uploads\/2025\/09\/Comunicado-201-3.jpg?fit=832%2C554&ssl=1&resize=525%2C300 1.5x, https:\/\/i0.wp.com\/azturismo.net\/wp-content\/uploads\/2025\/09\/Comunicado-201-3.jpg?fit=832%2C554&ssl=1&resize=700%2C400 2x"},"classes":[]},{"id":6270,"url":"https:\/\/azturismo.net\/?p=6270","url_meta":{"origin":5556,"position":5},"title":"Avanza turismo de la CDMX: Alejandra Frausto","author":"Azturismo","date":"noviembre 4, 2025","format":false,"excerpt":"Durante su comparecencia ante el Congreso de la Ciudad de M\u00e9xico, la Secretaria de Turismo, Alejandra Frausto Guerrero, destac\u00f3 que el turismo capitalino \u201cno son solo cifras, sino una historia viva de derechos, inclusi\u00f3n y orgullo\u201d. La funcionaria resalt\u00f3 los avances del programa Colibr\u00ed Viajero, que este a\u00f1o benefici\u00f3 a\u2026","rel":"","context":"En &quot;Destacadas&quot;","block_context":{"text":"Destacadas","link":"https:\/\/azturismo.net\/?cat=30"},"img":{"alt_text":"","src":"https:\/\/i0.wp.com\/azturismo.net\/wp-content\/uploads\/2025\/11\/IMG-20251103-WA0110.jpg?fit=640%2C410&ssl=1&resize=350%2C200","width":350,"height":200,"srcset":"https:\/\/i0.wp.com\/azturismo.net\/wp-content\/uploads\/2025\/11\/IMG-20251103-WA0110.jpg?fit=640%2C410&ssl=1&resize=350%2C200 1x, https:\/\/i0.wp.com\/azturismo.net\/wp-content\/uploads\/2025\/11\/IMG-20251103-WA0110.jpg?fit=640%2C410&ssl=1&resize=525%2C300 1.5x"},"classes":[]}],"jetpack_shortlink":"https:\/\/wp.me\/pfqZGx-1rC","amp_enabled":true,"_links":{"self":[{"href":"https:\/\/azturismo.net\/index.php?rest_route=\/wp\/v2\/posts\/5556","targetHints":{"allow":["GET"]}}],"collection":[{"href":"https:\/\/azturismo.net\/index.php?rest_route=\/wp\/v2\/posts"}],"about":[{"href":"https:\/\/azturismo.net\/index.php?rest_route=\/wp\/v2\/types\/post"}],"author":[{"embeddable":true,"href":"https:\/\/azturismo.net\/index.php?rest_route=\/wp\/v2\/users\/1"}],"replies":[{"embeddable":true,"href":"https:\/\/azturismo.net\/index.php?rest_route=%2Fwp%2Fv2%2Fcomments&post=5556"}],"version-history":[{"count":4,"href":"https:\/\/azturismo.net\/index.php?rest_route=\/wp\/v2\/posts\/5556\/revisions"}],"predecessor-version":[{"id":5563,"href":"https:\/\/azturismo.net\/index.php?rest_route=\/wp\/v2\/posts\/5556\/revisions\/5563"}],"wp:featuredmedia":[{"embeddable":true,"href":"https:\/\/azturismo.net\/index.php?rest_route=\/wp\/v2\/media\/5558"}],"wp:attachment":[{"href":"https:\/\/azturismo.net\/index.php?rest_route=%2Fwp%2Fv2%2Fmedia&parent=5556"}],"wp:term":[{"taxonomy":"category","embeddable":true,"href":"https:\/\/azturismo.net\/index.php?rest_route=%2Fwp%2Fv2%2Fcategories&post=5556"},{"taxonomy":"post_tag","embeddable":true,"href":"https:\/\/azturismo.net\/index.php?rest_route=%2Fwp%2Fv2%2Ftags&post=5556"}],"curies":[{"name":"wp","href":"https:\/\/api.w.org\/{rel}","templated":true}]}}