{"id":5459,"date":"2025-09-20T11:11:00","date_gmt":"2025-09-20T17:11:00","guid":{"rendered":"https:\/\/azturismo.net\/?p=5459"},"modified":"2025-09-17T19:29:22","modified_gmt":"2025-09-18T01:29:22","slug":"mexico-apuesta-por-la-investigacion-turistica","status":"publish","type":"post","link":"https:\/\/azturismo.net\/?p=5459","title":{"rendered":"M\u00e9xico apuesta por la investigaci\u00f3n tur\u00edstica"},"content":{"rendered":"\n<p>Por Staff AzTurismo<\/p>\n\n\n\n<p>\ud83c\udf0e\u2708\ufe0fDel 1 al 5 de septiembre, la <strong>Universidad del Caribe<\/strong> fue sede del <strong>Congreso de Investigaci\u00f3n Aplicada al Turismo (CIAT) 2025<\/strong>, un encuentro clave que reuni\u00f3 a especialistas, acad\u00e9micos y representantes del sector para <strong>impulsar el turismo sostenible, innovador e inclusivo en M\u00e9xico<\/strong>.<\/p>\n\n\n\n<p>\ud83d\udc49 El evento alcanz\u00f3 una <strong>participaci\u00f3n hist\u00f3rica<\/strong>:<\/p>\n\n\n\n<ul class=\"wp-block-list\">\n<li><strong>1,748 asistentes<\/strong> de 29 estados de M\u00e9xico y 40 internacionales.<\/li>\n\n\n\n<li><strong>95 instituciones educativas<\/strong>, incluidas 10 extranjeras.<\/li>\n\n\n\n<li><strong>96 ponencias<\/strong>, lo que representa un incremento del 160% respecto a 2024.<\/li>\n\n\n\n<li><strong>7 pa\u00edses invitados<\/strong>: Argentina, Brasil, Colombia, Costa Rica, Ecuador, Per\u00fa y Uruguay.<\/li>\n<\/ul>\n\n\n\n<h2 class=\"wp-block-heading\">M\u00e9xico rumbo al top 5 mundial en turismo<\/h2>\n\n\n\n<p>En representaci\u00f3n de la secretaria de Turismo, <strong>Josefina Rodr\u00edguez Zamora<\/strong>, la directora general de Profesionalizaci\u00f3n y Competitividad Tur\u00edstica, <strong>Mariana del Carmen D\u00edaz y Maxil<\/strong>, destac\u00f3 que la <strong>investigaci\u00f3n aplicada al turismo<\/strong> es esencial para lograr uno de los objetivos del <strong>Plan M\u00e9xico 2030<\/strong>: que el pa\u00eds se convierta en el <strong>quinto destino m\u00e1s visitado del mundo<\/strong>.<\/p>\n\n\n\n<p>\u201cEl turismo mexicano es un semillero de innovaci\u00f3n y talento que genera soluciones para un sector m\u00e1s justo, responsable y sostenible\u201d, afirm\u00f3.<\/p>\n\n\n\n<h2 class=\"wp-block-heading\">Un congreso innovador en Canc\u00fan<\/h2>\n\n\n\n<p>El <strong>CIAT 2025<\/strong> incluy\u00f3 16 l\u00edneas de investigaci\u00f3n, entre ellas: turismo y comunidad, turismo accesible e inclusivo, cambio clim\u00e1tico y sustentabilidad, g\u00e9nero y turismo, as\u00ed como tecnolog\u00edas e innovaci\u00f3n en la industria.<\/p>\n\n\n\n<p>Adem\u00e1s, se presentaron <strong>15 libros especializados<\/strong> que fortalecer\u00e1n el acervo del <strong>Centro de Documentaci\u00f3n Tur\u00edstica (CEDOC\u00ae)<\/strong> de Sectur.<\/p>\n\n\n\n<p>El programa tambi\u00e9n ofreci\u00f3:<\/p>\n\n\n\n<ul class=\"wp-block-list\">\n<li><strong>10 talleres formativos gratuitos<\/strong>.<\/li>\n\n\n\n<li>Paneles con expertos de los sectores p\u00fablico, privado y acad\u00e9mico.<\/li>\n\n\n\n<li>Un tianguis de artesanos con productores locales.<\/li>\n\n\n\n<li>Presentaciones culturales como la del <strong>Ballet Folkl\u00f3rico Municipal de Canc\u00fan<\/strong>.<\/li>\n\n\n\n<li>Una alianza con <strong>Despegar<\/strong> para descuentos en hospedaje y transporte.<\/li>\n<\/ul>\n\n\n\n<h2 class=\"wp-block-heading\">Turismo con ciencia, cultura e inclusi\u00f3n<\/h2>\n\n\n\n<p>La directora D\u00edaz y Maxil subray\u00f3 que la investigaci\u00f3n tur\u00edstica aplicada no solo genera conocimiento, sino que tambi\u00e9n ofrece <strong>herramientas para la toma de decisiones con base en evidencia<\/strong>, fundamentales para impulsar un turismo que:<br>\u2705 Integre a las comunidades locales.<br>\u2705 Respete el medio ambiente.<br>\u2705 Preserve la riqueza cultural de M\u00e9xico.<\/p>\n\n\n\n<p>Con iniciativas como el <strong>CIAT 2025<\/strong>, M\u00e9xico reafirma su liderazgo regional en innovaci\u00f3n tur\u00edstica y avanza firme hacia su meta de consolidarse como <strong>uno de los cinco destinos m\u00e1s visitados del planeta<\/strong>.<\/p>\n\n\n\n<h3 class=\"wp-block-heading\">\u00a1S\u00edguenos!<\/h3>\n\n\n\n<p><a href=\"https:\/\/www.facebook.com\/AzturismoNoticias\">https:\/\/www.facebook.com\/AzturismoNoticias<\/a><\/p>\n\n\n\n<p><strong><a href=\"mailto:tiktok.com\/@azturismo\">tiktok.com\/@azturismo<\/a><\/strong><\/p>\n\n\n\n<p><strong><a href=\"https:\/\/www.instagram.com\/azturismo_noticias\">www.instagram.com\/azturismo_noticias<\/a><\/strong><\/p>\n\n\n\n<p><a href=\"https:\/\/x.com\/AzTurismo\">https:\/\/x.com\/AzTurism<\/a><\/p>\n","protected":false},"excerpt":{"rendered":"<p>Por Staff AzTurismo \ud83c\udf0e\u2708\ufe0fDel 1 al 5 de septiembre, la Universidad del Caribe fue sede del Congreso de Investigaci\u00f3n Aplicada al Turismo (CIAT) 2025, un encuentro clave que reuni\u00f3 a especialistas, acad\u00e9micos y representantes del sector para impulsar el turismo sostenible, innovador e inclusivo en M\u00e9xico. \ud83d\udc49 El evento alcanz\u00f3 una participaci\u00f3n hist\u00f3rica: M\u00e9xico rumbo [&hellip;]<\/p>\n","protected":false},"author":1,"featured_media":5460,"comment_status":"open","ping_status":"open","sticky":false,"template":"","format":"standard","meta":{"jetpack_post_was_ever_published":false,"_jetpack_newsletter_access":"","_jetpack_dont_email_post_to_subs":false,"_jetpack_newsletter_tier_id":0,"_jetpack_memberships_contains_paywalled_content":false,"_jetpack_memberships_contains_paid_content":false,"footnotes":"","jetpack_publicize_message":"","jetpack_publicize_feature_enabled":true,"jetpack_social_post_already_shared":true,"jetpack_social_options":{"image_generator_settings":{"template":"highway","default_image_id":0,"font":"","enabled":false},"version":2}},"categories":[25],"tags":[99,2388,2389,313,2390,116,2387],"class_list":{"0":"post-5459","1":"post","2":"type-post","3":"status-publish","4":"format-standard","5":"has-post-thumbnail","7":"category-notitar","8":"tag-azturismo","9":"tag-congreso-de-investigacion-aplicada-al-turismo","10":"tag-directora-general-de-profesionalizacion-y-competitividad-turistica","11":"tag-josefina-rodriguez-zamora","12":"tag-mariana-del-carmen-diaz-y-maxil","13":"tag-sectur","14":"tag-universidad-del-caribe"},"yoast_head":"<!-- This site is optimized with the Yoast SEO plugin v27.5 - https:\/\/yoast.com\/product\/yoast-seo-wordpress\/ -->\n<title>M\u00e9xico apuesta por la investigaci\u00f3n tur\u00edstica - Azturismo Noticias<\/title>\n<meta name=\"description\" content=\"En representaci\u00f3n de la secretaria de Turismo, Josefina Rodr\u00edguez Zamora, la directora general de Profesionalizaci\u00f3n y Competitividad Tur\u00edstica, Mariana del Carmen D\u00edaz y Maxil, destac\u00f3 que la investigaci\u00f3n aplicada al turismo es esencial para lograr uno de los objetivos del Plan M\u00e9xico 2030: que el pa\u00eds se convierta en el quinto destino m\u00e1s visitado del mundo.\" \/>\n<meta name=\"robots\" content=\"index, follow, max-snippet:-1, max-image-preview:large, max-video-preview:-1\" \/>\n<link rel=\"canonical\" href=\"https:\/\/azturismo.net\/?p=5459\" \/>\n<meta property=\"og:locale\" content=\"es_MX\" \/>\n<meta property=\"og:type\" content=\"article\" \/>\n<meta property=\"og:title\" content=\"M\u00e9xico apuesta por la investigaci\u00f3n tur\u00edstica - Azturismo Noticias\" \/>\n<meta property=\"og:description\" content=\"En representaci\u00f3n de la secretaria de Turismo, Josefina Rodr\u00edguez Zamora, la directora general de Profesionalizaci\u00f3n y Competitividad Tur\u00edstica, Mariana del Carmen D\u00edaz y Maxil, destac\u00f3 que la investigaci\u00f3n aplicada al turismo es esencial para lograr uno de los objetivos del Plan M\u00e9xico 2030: que el pa\u00eds se convierta en el quinto destino m\u00e1s visitado del mundo.\" \/>\n<meta property=\"og:url\" content=\"https:\/\/azturismo.net\/?p=5459\" \/>\n<meta property=\"og:site_name\" content=\"Azturismo Noticias\" \/>\n<meta property=\"article:publisher\" content=\"https:\/\/www.facebook.com\/AzturismoNoticias\" \/>\n<meta property=\"article:published_time\" content=\"2025-09-20T17:11:00+00:00\" \/>\n<meta property=\"og:image\" content=\"https:\/\/i0.wp.com\/azturismo.net\/wp-content\/uploads\/2025\/09\/sectur-investigacion.jpg?fit=600%2C450&ssl=1\" \/>\n\t<meta property=\"og:image:width\" content=\"600\" \/>\n\t<meta property=\"og:image:height\" content=\"450\" \/>\n\t<meta property=\"og:image:type\" content=\"image\/jpeg\" \/>\n<meta name=\"author\" content=\"Azturismo\" \/>\n<meta name=\"twitter:card\" content=\"summary_large_image\" \/>\n<meta name=\"twitter:creator\" content=\"@AzTurismo\" \/>\n<meta name=\"twitter:site\" content=\"@AzTurismo\" \/>\n<meta name=\"twitter:label1\" content=\"Escrito por\" \/>\n\t<meta name=\"twitter:data1\" content=\"Azturismo\" \/>\n\t<meta name=\"twitter:label2\" content=\"Tiempo de lectura\" \/>\n\t<meta name=\"twitter:data2\" content=\"2 minutos\" \/>\n<script type=\"application\/ld+json\" class=\"yoast-schema-graph\">{\"@context\":\"https:\\\/\\\/schema.org\",\"@graph\":[{\"@type\":\"Article\",\"@id\":\"https:\\\/\\\/azturismo.net\\\/?p=5459#article\",\"isPartOf\":{\"@id\":\"https:\\\/\\\/azturismo.net\\\/?p=5459\"},\"author\":{\"name\":\"Azturismo\",\"@id\":\"https:\\\/\\\/azturismo.net\\\/#\\\/schema\\\/person\\\/4b56d87f51c4d1b518c650739ad3bbc1\"},\"headline\":\"M\u00e9xico apuesta por la investigaci\u00f3n tur\u00edstica\",\"datePublished\":\"2025-09-20T17:11:00+00:00\",\"mainEntityOfPage\":{\"@id\":\"https:\\\/\\\/azturismo.net\\\/?p=5459\"},\"wordCount\":420,\"commentCount\":0,\"publisher\":{\"@id\":\"https:\\\/\\\/azturismo.net\\\/#organization\"},\"image\":{\"@id\":\"https:\\\/\\\/azturismo.net\\\/?p=5459#primaryimage\"},\"thumbnailUrl\":\"https:\\\/\\\/i0.wp.com\\\/azturismo.net\\\/wp-content\\\/uploads\\\/2025\\\/09\\\/sectur-investigacion.jpg?fit=600%2C450&ssl=1\",\"keywords\":[\"azturismo\",\"Congreso de Investigaci\u00f3n Aplicada al Turismo\",\"directora general de Profesionalizaci\u00f3n y Competitividad Tur\u00edstica\",\"Josefina Rodr\u00edguez Zamora\",\"Mariana del Carmen D\u00edaz y Maxil\",\"Sectur\",\"Universidad del Caribe\"],\"articleSection\":[\"NOTITUR\"],\"inLanguage\":\"es\",\"potentialAction\":[{\"@type\":\"CommentAction\",\"name\":\"Comment\",\"target\":[\"https:\\\/\\\/azturismo.net\\\/?p=5459#respond\"]}]},{\"@type\":\"WebPage\",\"@id\":\"https:\\\/\\\/azturismo.net\\\/?p=5459\",\"url\":\"https:\\\/\\\/azturismo.net\\\/?p=5459\",\"name\":\"M\u00e9xico apuesta por la investigaci\u00f3n tur\u00edstica - Azturismo Noticias\",\"isPartOf\":{\"@id\":\"https:\\\/\\\/azturismo.net\\\/#website\"},\"primaryImageOfPage\":{\"@id\":\"https:\\\/\\\/azturismo.net\\\/?p=5459#primaryimage\"},\"image\":{\"@id\":\"https:\\\/\\\/azturismo.net\\\/?p=5459#primaryimage\"},\"thumbnailUrl\":\"https:\\\/\\\/i0.wp.com\\\/azturismo.net\\\/wp-content\\\/uploads\\\/2025\\\/09\\\/sectur-investigacion.jpg?fit=600%2C450&ssl=1\",\"datePublished\":\"2025-09-20T17:11:00+00:00\",\"description\":\"En representaci\u00f3n de la secretaria de Turismo, Josefina Rodr\u00edguez Zamora, la directora general de Profesionalizaci\u00f3n y Competitividad Tur\u00edstica, Mariana del Carmen D\u00edaz y Maxil, destac\u00f3 que la investigaci\u00f3n aplicada al turismo es esencial para lograr uno de los objetivos del Plan M\u00e9xico 2030: que el pa\u00eds se convierta en el quinto destino m\u00e1s visitado del mundo.\",\"breadcrumb\":{\"@id\":\"https:\\\/\\\/azturismo.net\\\/?p=5459#breadcrumb\"},\"inLanguage\":\"es\",\"potentialAction\":[{\"@type\":\"ReadAction\",\"target\":[\"https:\\\/\\\/azturismo.net\\\/?p=5459\"]}]},{\"@type\":\"ImageObject\",\"inLanguage\":\"es\",\"@id\":\"https:\\\/\\\/azturismo.net\\\/?p=5459#primaryimage\",\"url\":\"https:\\\/\\\/i0.wp.com\\\/azturismo.net\\\/wp-content\\\/uploads\\\/2025\\\/09\\\/sectur-investigacion.jpg?fit=600%2C450&ssl=1\",\"contentUrl\":\"https:\\\/\\\/i0.wp.com\\\/azturismo.net\\\/wp-content\\\/uploads\\\/2025\\\/09\\\/sectur-investigacion.jpg?fit=600%2C450&ssl=1\",\"width\":600,\"height\":450},{\"@type\":\"BreadcrumbList\",\"@id\":\"https:\\\/\\\/azturismo.net\\\/?p=5459#breadcrumb\",\"itemListElement\":[{\"@type\":\"ListItem\",\"position\":1,\"name\":\"Home\",\"item\":\"https:\\\/\\\/azturismo.net\\\/\"},{\"@type\":\"ListItem\",\"position\":2,\"name\":\"M\u00e9xico apuesta por la investigaci\u00f3n tur\u00edstica\"}]},{\"@type\":\"WebSite\",\"@id\":\"https:\\\/\\\/azturismo.net\\\/#website\",\"url\":\"https:\\\/\\\/azturismo.net\\\/\",\"name\":\"Azturismo\",\"description\":\"Azturismo Noticias\",\"publisher\":{\"@id\":\"https:\\\/\\\/azturismo.net\\\/#organization\"},\"potentialAction\":[{\"@type\":\"SearchAction\",\"target\":{\"@type\":\"EntryPoint\",\"urlTemplate\":\"https:\\\/\\\/azturismo.net\\\/?s={search_term_string}\"},\"query-input\":{\"@type\":\"PropertyValueSpecification\",\"valueRequired\":true,\"valueName\":\"search_term_string\"}}],\"inLanguage\":\"es\"},{\"@type\":\"Organization\",\"@id\":\"https:\\\/\\\/azturismo.net\\\/#organization\",\"name\":\"Azturismo\",\"url\":\"https:\\\/\\\/azturismo.net\\\/\",\"logo\":{\"@type\":\"ImageObject\",\"inLanguage\":\"es\",\"@id\":\"https:\\\/\\\/azturismo.net\\\/#\\\/schema\\\/logo\\\/image\\\/\",\"url\":\"https:\\\/\\\/i0.wp.com\\\/azturismo.net\\\/wp-content\\\/uploads\\\/2024\\\/03\\\/logo-el-bueno-.png?fit=294%2C69&ssl=1\",\"contentUrl\":\"https:\\\/\\\/i0.wp.com\\\/azturismo.net\\\/wp-content\\\/uploads\\\/2024\\\/03\\\/logo-el-bueno-.png?fit=294%2C69&ssl=1\",\"width\":294,\"height\":69,\"caption\":\"Azturismo\"},\"image\":{\"@id\":\"https:\\\/\\\/azturismo.net\\\/#\\\/schema\\\/logo\\\/image\\\/\"},\"sameAs\":[\"https:\\\/\\\/www.facebook.com\\\/AzturismoNoticias\",\"https:\\\/\\\/x.com\\\/AzTurismo\",\"https:\\\/\\\/www.instagram.com\\\/azturismo_noticias\\\/?fbclid=IwAR2xMiuoHbs6eLeIHKP8P5sSGa-xFrw7FfejscXO7kDghWa7wKLjGczKOwE\",\"https:\\\/\\\/www.tiktok.com\\\/@azturismo\"]},{\"@type\":\"Person\",\"@id\":\"https:\\\/\\\/azturismo.net\\\/#\\\/schema\\\/person\\\/4b56d87f51c4d1b518c650739ad3bbc1\",\"name\":\"Azturismo\",\"image\":{\"@type\":\"ImageObject\",\"inLanguage\":\"es\",\"@id\":\"https:\\\/\\\/azturismo.net\\\/wp-content\\\/litespeed\\\/avatar\\\/dfe28a31cdd68b788da48a316e50db10.jpg?ver=1777707566\",\"url\":\"https:\\\/\\\/azturismo.net\\\/wp-content\\\/litespeed\\\/avatar\\\/dfe28a31cdd68b788da48a316e50db10.jpg?ver=1777707566\",\"contentUrl\":\"https:\\\/\\\/azturismo.net\\\/wp-content\\\/litespeed\\\/avatar\\\/dfe28a31cdd68b788da48a316e50db10.jpg?ver=1777707566\",\"caption\":\"Azturismo\"},\"sameAs\":[\"https:\\\/\\\/azturismo.net\"],\"url\":\"https:\\\/\\\/azturismo.net\\\/?author=1\"}]}<\/script>\n<!-- \/ Yoast SEO plugin. -->","yoast_head_json":{"title":"M\u00e9xico apuesta por la investigaci\u00f3n tur\u00edstica - Azturismo Noticias","description":"En representaci\u00f3n de la secretaria de Turismo, Josefina Rodr\u00edguez Zamora, la directora general de Profesionalizaci\u00f3n y Competitividad Tur\u00edstica, Mariana del Carmen D\u00edaz y Maxil, destac\u00f3 que la investigaci\u00f3n aplicada al turismo es esencial para lograr uno de los objetivos del Plan M\u00e9xico 2030: que el pa\u00eds se convierta en el quinto destino m\u00e1s visitado del mundo.","robots":{"index":"index","follow":"follow","max-snippet":"max-snippet:-1","max-image-preview":"max-image-preview:large","max-video-preview":"max-video-preview:-1"},"canonical":"https:\/\/azturismo.net\/?p=5459","og_locale":"es_MX","og_type":"article","og_title":"M\u00e9xico apuesta por la investigaci\u00f3n tur\u00edstica - Azturismo Noticias","og_description":"En representaci\u00f3n de la secretaria de Turismo, Josefina Rodr\u00edguez Zamora, la directora general de Profesionalizaci\u00f3n y Competitividad Tur\u00edstica, Mariana del Carmen D\u00edaz y Maxil, destac\u00f3 que la investigaci\u00f3n aplicada al turismo es esencial para lograr uno de los objetivos del Plan M\u00e9xico 2030: que el pa\u00eds se convierta en el quinto destino m\u00e1s visitado del mundo.","og_url":"https:\/\/azturismo.net\/?p=5459","og_site_name":"Azturismo Noticias","article_publisher":"https:\/\/www.facebook.com\/AzturismoNoticias","article_published_time":"2025-09-20T17:11:00+00:00","og_image":[{"width":600,"height":450,"url":"https:\/\/i0.wp.com\/azturismo.net\/wp-content\/uploads\/2025\/09\/sectur-investigacion.jpg?fit=600%2C450&ssl=1","type":"image\/jpeg"}],"author":"Azturismo","twitter_card":"summary_large_image","twitter_creator":"@AzTurismo","twitter_site":"@AzTurismo","twitter_misc":{"Escrito por":"Azturismo","Tiempo de lectura":"2 minutos"},"schema":{"@context":"https:\/\/schema.org","@graph":[{"@type":"Article","@id":"https:\/\/azturismo.net\/?p=5459#article","isPartOf":{"@id":"https:\/\/azturismo.net\/?p=5459"},"author":{"name":"Azturismo","@id":"https:\/\/azturismo.net\/#\/schema\/person\/4b56d87f51c4d1b518c650739ad3bbc1"},"headline":"M\u00e9xico apuesta por la investigaci\u00f3n tur\u00edstica","datePublished":"2025-09-20T17:11:00+00:00","mainEntityOfPage":{"@id":"https:\/\/azturismo.net\/?p=5459"},"wordCount":420,"commentCount":0,"publisher":{"@id":"https:\/\/azturismo.net\/#organization"},"image":{"@id":"https:\/\/azturismo.net\/?p=5459#primaryimage"},"thumbnailUrl":"https:\/\/i0.wp.com\/azturismo.net\/wp-content\/uploads\/2025\/09\/sectur-investigacion.jpg?fit=600%2C450&ssl=1","keywords":["azturismo","Congreso de Investigaci\u00f3n Aplicada al Turismo","directora general de Profesionalizaci\u00f3n y Competitividad Tur\u00edstica","Josefina Rodr\u00edguez Zamora","Mariana del Carmen D\u00edaz y Maxil","Sectur","Universidad del Caribe"],"articleSection":["NOTITUR"],"inLanguage":"es","potentialAction":[{"@type":"CommentAction","name":"Comment","target":["https:\/\/azturismo.net\/?p=5459#respond"]}]},{"@type":"WebPage","@id":"https:\/\/azturismo.net\/?p=5459","url":"https:\/\/azturismo.net\/?p=5459","name":"M\u00e9xico apuesta por la investigaci\u00f3n tur\u00edstica - Azturismo Noticias","isPartOf":{"@id":"https:\/\/azturismo.net\/#website"},"primaryImageOfPage":{"@id":"https:\/\/azturismo.net\/?p=5459#primaryimage"},"image":{"@id":"https:\/\/azturismo.net\/?p=5459#primaryimage"},"thumbnailUrl":"https:\/\/i0.wp.com\/azturismo.net\/wp-content\/uploads\/2025\/09\/sectur-investigacion.jpg?fit=600%2C450&ssl=1","datePublished":"2025-09-20T17:11:00+00:00","description":"En representaci\u00f3n de la secretaria de Turismo, Josefina Rodr\u00edguez Zamora, la directora general de Profesionalizaci\u00f3n y Competitividad Tur\u00edstica, Mariana del Carmen D\u00edaz y Maxil, destac\u00f3 que la investigaci\u00f3n aplicada al turismo es esencial para lograr uno de los objetivos del Plan M\u00e9xico 2030: que el pa\u00eds se convierta en el quinto destino m\u00e1s visitado del mundo.","breadcrumb":{"@id":"https:\/\/azturismo.net\/?p=5459#breadcrumb"},"inLanguage":"es","potentialAction":[{"@type":"ReadAction","target":["https:\/\/azturismo.net\/?p=5459"]}]},{"@type":"ImageObject","inLanguage":"es","@id":"https:\/\/azturismo.net\/?p=5459#primaryimage","url":"https:\/\/i0.wp.com\/azturismo.net\/wp-content\/uploads\/2025\/09\/sectur-investigacion.jpg?fit=600%2C450&ssl=1","contentUrl":"https:\/\/i0.wp.com\/azturismo.net\/wp-content\/uploads\/2025\/09\/sectur-investigacion.jpg?fit=600%2C450&ssl=1","width":600,"height":450},{"@type":"BreadcrumbList","@id":"https:\/\/azturismo.net\/?p=5459#breadcrumb","itemListElement":[{"@type":"ListItem","position":1,"name":"Home","item":"https:\/\/azturismo.net\/"},{"@type":"ListItem","position":2,"name":"M\u00e9xico apuesta por la investigaci\u00f3n tur\u00edstica"}]},{"@type":"WebSite","@id":"https:\/\/azturismo.net\/#website","url":"https:\/\/azturismo.net\/","name":"Azturismo","description":"Azturismo Noticias","publisher":{"@id":"https:\/\/azturismo.net\/#organization"},"potentialAction":[{"@type":"SearchAction","target":{"@type":"EntryPoint","urlTemplate":"https:\/\/azturismo.net\/?s={search_term_string}"},"query-input":{"@type":"PropertyValueSpecification","valueRequired":true,"valueName":"search_term_string"}}],"inLanguage":"es"},{"@type":"Organization","@id":"https:\/\/azturismo.net\/#organization","name":"Azturismo","url":"https:\/\/azturismo.net\/","logo":{"@type":"ImageObject","inLanguage":"es","@id":"https:\/\/azturismo.net\/#\/schema\/logo\/image\/","url":"https:\/\/i0.wp.com\/azturismo.net\/wp-content\/uploads\/2024\/03\/logo-el-bueno-.png?fit=294%2C69&ssl=1","contentUrl":"https:\/\/i0.wp.com\/azturismo.net\/wp-content\/uploads\/2024\/03\/logo-el-bueno-.png?fit=294%2C69&ssl=1","width":294,"height":69,"caption":"Azturismo"},"image":{"@id":"https:\/\/azturismo.net\/#\/schema\/logo\/image\/"},"sameAs":["https:\/\/www.facebook.com\/AzturismoNoticias","https:\/\/x.com\/AzTurismo","https:\/\/www.instagram.com\/azturismo_noticias\/?fbclid=IwAR2xMiuoHbs6eLeIHKP8P5sSGa-xFrw7FfejscXO7kDghWa7wKLjGczKOwE","https:\/\/www.tiktok.com\/@azturismo"]},{"@type":"Person","@id":"https:\/\/azturismo.net\/#\/schema\/person\/4b56d87f51c4d1b518c650739ad3bbc1","name":"Azturismo","image":{"@type":"ImageObject","inLanguage":"es","@id":"https:\/\/azturismo.net\/wp-content\/litespeed\/avatar\/dfe28a31cdd68b788da48a316e50db10.jpg?ver=1777707566","url":"https:\/\/azturismo.net\/wp-content\/litespeed\/avatar\/dfe28a31cdd68b788da48a316e50db10.jpg?ver=1777707566","contentUrl":"https:\/\/azturismo.net\/wp-content\/litespeed\/avatar\/dfe28a31cdd68b788da48a316e50db10.jpg?ver=1777707566","caption":"Azturismo"},"sameAs":["https:\/\/azturismo.net"],"url":"https:\/\/azturismo.net\/?author=1"}]}},"jetpack_publicize_connections":[],"jetpack_featured_media_url":"https:\/\/i0.wp.com\/azturismo.net\/wp-content\/uploads\/2025\/09\/sectur-investigacion.jpg?fit=600%2C450&ssl=1","jetpack_sharing_enabled":true,"jetpack-related-posts":[{"id":5649,"url":"https:\/\/azturismo.net\/?p=5649","url_meta":{"origin":5459,"position":0},"title":"M\u00e9xico inaugura su primer Tianguis Tur\u00edstico en China","author":"Azturismo","date":"septiembre 25, 2025","format":false,"excerpt":"Por Staff AzTurismo Beijing, China,. \u2013 Con el objetivo de fortalecer la presencia de los destinos nacionales en Asia, la Secretar\u00eda de Turismo (Sectur) de M\u00e9xico inaugur\u00f3 por primera vez un Tianguis Tur\u00edstico en China, considerado un paso hist\u00f3rico para diversificar mercados y consolidar al pa\u00eds como potencia tur\u00edstica mundial.\u2026","rel":"","context":"En &quot;Destacadas&quot;","block_context":{"text":"Destacadas","link":"https:\/\/azturismo.net\/?cat=30"},"img":{"alt_text":"","src":"https:\/\/i0.wp.com\/azturismo.net\/wp-content\/uploads\/2025\/09\/China-Tianguis.jpeg?fit=600%2C399&ssl=1&resize=350%2C200","width":350,"height":200,"srcset":"https:\/\/i0.wp.com\/azturismo.net\/wp-content\/uploads\/2025\/09\/China-Tianguis.jpeg?fit=600%2C399&ssl=1&resize=350%2C200 1x, https:\/\/i0.wp.com\/azturismo.net\/wp-content\/uploads\/2025\/09\/China-Tianguis.jpeg?fit=600%2C399&ssl=1&resize=525%2C300 1.5x"},"classes":[]},{"id":6453,"url":"https:\/\/azturismo.net\/?p=6453","url_meta":{"origin":5459,"position":1},"title":"La propiedad vacacional aporta el 3.5% del PIB Tur\u00edstico: AMDETUR","author":"Azturismo","date":"noviembre 16, 2025","format":false,"excerpt":"Por Oscar V\u00e1zquez C.La industria de la Propiedad Vacacional en M\u00e9xico dio un paso firme en la medici\u00f3n de su impacto econ\u00f3mico y social con la presentaci\u00f3n del estudio \u201cLa Huella de la Propiedad Vacacional en M\u00e9xico\u201d, elaborado por la Asociaci\u00f3n Mexicana de Desarrolladores Tur\u00edsticos (AMDETUR) en conjunto con el\u2026","rel":"","context":"En &quot;Destacadas&quot;","block_context":{"text":"Destacadas","link":"https:\/\/azturismo.net\/?cat=30"},"img":{"alt_text":"","src":"https:\/\/i0.wp.com\/azturismo.net\/wp-content\/uploads\/2025\/11\/Amdetur-rentavacacional.jpg?fit=600%2C476&ssl=1&resize=350%2C200","width":350,"height":200,"srcset":"https:\/\/i0.wp.com\/azturismo.net\/wp-content\/uploads\/2025\/11\/Amdetur-rentavacacional.jpg?fit=600%2C476&ssl=1&resize=350%2C200 1x, https:\/\/i0.wp.com\/azturismo.net\/wp-content\/uploads\/2025\/11\/Amdetur-rentavacacional.jpg?fit=600%2C476&ssl=1&resize=525%2C300 1.5x"},"classes":[]},{"id":3846,"url":"https:\/\/azturismo.net\/?p=3846","url_meta":{"origin":5459,"position":2},"title":"Sting se apoder\u00f3 del Mexican Caribbean Music Fest 2025","author":"Azturismo","date":"mayo 20, 2025","format":false,"excerpt":"La primera edici\u00f3n del Mexican Caribbean Music Fest (MCMF) concluy\u00f3 este fin de semana con un \u00e9xito sin precedentes, registrando un lleno total con m\u00e1s de 20,000 asistentes que vibraron al ritmo de destacados artistas internacionales encabezados por la leyenda musical Sting. El evento, celebrado en el paradis\u00edaco entorno del\u2026","rel":"","context":"En &quot;Destacadas&quot;","block_context":{"text":"Destacadas","link":"https:\/\/azturismo.net\/?cat=30"},"img":{"alt_text":"","src":"https:\/\/i0.wp.com\/azturismo.net\/wp-content\/uploads\/2025\/05\/Sting-2.jpeg?fit=600%2C399&ssl=1&resize=350%2C200","width":350,"height":200,"srcset":"https:\/\/i0.wp.com\/azturismo.net\/wp-content\/uploads\/2025\/05\/Sting-2.jpeg?fit=600%2C399&ssl=1&resize=350%2C200 1x, https:\/\/i0.wp.com\/azturismo.net\/wp-content\/uploads\/2025\/05\/Sting-2.jpeg?fit=600%2C399&ssl=1&resize=525%2C300 1.5x"},"classes":[]},{"id":3371,"url":"https:\/\/azturismo.net\/?p=3371","url_meta":{"origin":5459,"position":3},"title":"\u00a1El aeropuerto de Guadalajara fue el mejor de AL y el Caribe en 2024!","author":"Azturismo","date":"marzo 18, 2025","format":false,"excerpt":"Por Staff AzTurismo El Aeropuerto Internacional de Guadalajara (GDL), operado por el Grupo Aeroportuario del Pac\u00edfico (GAP), ha sido galardonado con el Premio a la Experiencia Aeroportuaria 2024 en la categor\u00eda \"Calidad del Servicio Aeroportuario\", consolid\u00e1ndose como el mejor de Latinoam\u00e9rica y el Caribe. Este prestigioso reconocimiento es otorgado con\u2026","rel":"","context":"En &quot;Destacadas&quot;","block_context":{"text":"Destacadas","link":"https:\/\/azturismo.net\/?cat=30"},"img":{"alt_text":"","src":"https:\/\/i0.wp.com\/azturismo.net\/wp-content\/uploads\/2025\/03\/08-Guadalajara.jpg?fit=600%2C400&ssl=1&resize=350%2C200","width":350,"height":200,"srcset":"https:\/\/i0.wp.com\/azturismo.net\/wp-content\/uploads\/2025\/03\/08-Guadalajara.jpg?fit=600%2C400&ssl=1&resize=350%2C200 1x, https:\/\/i0.wp.com\/azturismo.net\/wp-content\/uploads\/2025\/03\/08-Guadalajara.jpg?fit=600%2C400&ssl=1&resize=525%2C300 1.5x"},"classes":[]},{"id":6158,"url":"https:\/\/azturismo.net\/?p=6158","url_meta":{"origin":5459,"position":4},"title":"Necesario equilibrio entre crecimiento tur\u00edstico y sostenibilidad en Tulum","author":"Azturismo","date":"octubre 22, 2025","format":false,"excerpt":"Por Staff AzTurismo \ud83c\udf3f En medio de los desaf\u00edos que enfrenta Tulum por el crecimiento acelerado del turismo y la presi\u00f3n sobre sus ecosistemas, la secretaria de Turismo del Gobierno de M\u00e9xico, Josefina Rodr\u00edguez Zamora, realiz\u00f3 una visita de trabajo para atender los principales temas que afectan la sostenibilidad y\u2026","rel":"","context":"En &quot;Destacadas&quot;","block_context":{"text":"Destacadas","link":"https:\/\/azturismo.net\/?cat=30"},"img":{"alt_text":"","src":"https:\/\/i0.wp.com\/azturismo.net\/wp-content\/uploads\/2025\/10\/Sectur-Tulum2.jpeg?fit=600%2C399&ssl=1&resize=350%2C200","width":350,"height":200,"srcset":"https:\/\/i0.wp.com\/azturismo.net\/wp-content\/uploads\/2025\/10\/Sectur-Tulum2.jpeg?fit=600%2C399&ssl=1&resize=350%2C200 1x, https:\/\/i0.wp.com\/azturismo.net\/wp-content\/uploads\/2025\/10\/Sectur-Tulum2.jpeg?fit=600%2C399&ssl=1&resize=525%2C300 1.5x"},"classes":[]},{"id":3158,"url":"https:\/\/azturismo.net\/?p=3158","url_meta":{"origin":5459,"position":5},"title":"M\u00e9xico ser\u00e1 sede de la feria tur\u00edstica ITB de las Am\u00e9ricas: Rodr\u00edguez Zamora","author":"Azturismo","date":"febrero 26, 2025","format":false,"excerpt":"Por Staff AzTurismo La secretar\u00eda de Turismo de M\u00e9xico (Sectur), Josefina Rodr\u00edguez Zamora, anunci\u00f3 que el pa\u00eds ser\u00e1 la sede de la feria International Tourism Berlin (ITB) Las Am\u00e9ricas durante tres a\u00f1os, a partir de noviembre de 2026. Este importante evento posicionar\u00e1 a M\u00e9xico como un referente del turismo en\u2026","rel":"","context":"En &quot;Destacadas&quot;","block_context":{"text":"Destacadas","link":"https:\/\/azturismo.net\/?cat=30"},"img":{"alt_text":"","src":"https:\/\/i0.wp.com\/azturismo.net\/wp-content\/uploads\/2025\/02\/PSX_20250225_230858.jpg?fit=600%2C400&ssl=1&resize=350%2C200","width":350,"height":200,"srcset":"https:\/\/i0.wp.com\/azturismo.net\/wp-content\/uploads\/2025\/02\/PSX_20250225_230858.jpg?fit=600%2C400&ssl=1&resize=350%2C200 1x, https:\/\/i0.wp.com\/azturismo.net\/wp-content\/uploads\/2025\/02\/PSX_20250225_230858.jpg?fit=600%2C400&ssl=1&resize=525%2C300 1.5x"},"classes":[]}],"jetpack_shortlink":"https:\/\/wp.me\/pfqZGx-1q3","amp_enabled":true,"_links":{"self":[{"href":"https:\/\/azturismo.net\/index.php?rest_route=\/wp\/v2\/posts\/5459","targetHints":{"allow":["GET"]}}],"collection":[{"href":"https:\/\/azturismo.net\/index.php?rest_route=\/wp\/v2\/posts"}],"about":[{"href":"https:\/\/azturismo.net\/index.php?rest_route=\/wp\/v2\/types\/post"}],"author":[{"embeddable":true,"href":"https:\/\/azturismo.net\/index.php?rest_route=\/wp\/v2\/users\/1"}],"replies":[{"embeddable":true,"href":"https:\/\/azturismo.net\/index.php?rest_route=%2Fwp%2Fv2%2Fcomments&post=5459"}],"version-history":[{"count":2,"href":"https:\/\/azturismo.net\/index.php?rest_route=\/wp\/v2\/posts\/5459\/revisions"}],"predecessor-version":[{"id":5484,"href":"https:\/\/azturismo.net\/index.php?rest_route=\/wp\/v2\/posts\/5459\/revisions\/5484"}],"wp:featuredmedia":[{"embeddable":true,"href":"https:\/\/azturismo.net\/index.php?rest_route=\/wp\/v2\/media\/5460"}],"wp:attachment":[{"href":"https:\/\/azturismo.net\/index.php?rest_route=%2Fwp%2Fv2%2Fmedia&parent=5459"}],"wp:term":[{"taxonomy":"category","embeddable":true,"href":"https:\/\/azturismo.net\/index.php?rest_route=%2Fwp%2Fv2%2Fcategories&post=5459"},{"taxonomy":"post_tag","embeddable":true,"href":"https:\/\/azturismo.net\/index.php?rest_route=%2Fwp%2Fv2%2Ftags&post=5459"}],"curies":[{"name":"wp","href":"https:\/\/api.w.org\/{rel}","templated":true}]}}