{"id":5274,"date":"2025-09-09T19:48:25","date_gmt":"2025-09-10T01:48:25","guid":{"rendered":"https:\/\/azturismo.net\/?p=5274"},"modified":"2025-09-09T19:52:55","modified_gmt":"2025-09-10T01:52:55","slug":"aeromexico-anuncia-vuelo-directo-entre-ciudad-de-mexico-y-san-juan-puerto-rico","status":"publish","type":"post","link":"https:\/\/azturismo.net\/?p=5274","title":{"rendered":"Aerom\u00e9xico anuncia vuelo directo entre CDMX y San Juan, Puerto Rico"},"content":{"rendered":"\n<p>Por Oscar V\u00e1zquez C.<\/p>\n\n\n\n<p>En un evento lleno de color y celebraci\u00f3n, <strong>Aerom\u00e9xico<\/strong>, en alianza con <strong>Delta Air Lines<\/strong>, anunci\u00f3 el lanzamiento de su nueva ruta directa entre la <strong>Ciudad de M\u00e9xico (CDMX)<\/strong> y <strong>San Juan, Puerto Rico<\/strong>, que iniciar\u00e1 operaciones el pr\u00f3ximo <strong>29 de octubre de 2025<\/strong> con <strong>cuatro frecuencias semanales<\/strong> desde el <strong>Aeropuerto Internacional de la Ciudad de M\u00e9xico (AICM)<\/strong>.<\/p>\n\n\n\n<p>Este nuevo servicio reducir\u00e1 el tiempo de viaje de hasta 14 horas \u2014con escalas previas\u2014 a <strong>solo cinco horas de vuelo directo<\/strong>, impulsando tanto el turismo de placer como el de negocios entre ambos destinos.<\/p>\n\n\n\n<h2 class=\"wp-block-heading\"><strong>Un puente a\u00e9reo entre M\u00e9xico y Puerto Rico<\/strong><\/h2>\n\n\n<div class=\"wp-block-image\">\n<figure class=\"aligncenter size-full is-resized\"><img data-recalc-dims=\"1\" loading=\"lazy\" decoding=\"async\" width=\"600\" height=\"450\" data-attachment-id=\"5276\" data-permalink=\"https:\/\/azturismo.net\/?attachment_id=5276\" data-orig-file=\"https:\/\/i0.wp.com\/azturismo.net\/wp-content\/uploads\/2025\/09\/aeromexico-cdmx-puertorico03.jpeg?fit=600%2C450&amp;ssl=1\" data-orig-size=\"600,450\" data-comments-opened=\"1\" data-image-meta=\"{&quot;aperture&quot;:&quot;0&quot;,&quot;credit&quot;:&quot;&quot;,&quot;camera&quot;:&quot;&quot;,&quot;caption&quot;:&quot;&quot;,&quot;created_timestamp&quot;:&quot;0&quot;,&quot;copyright&quot;:&quot;&quot;,&quot;focal_length&quot;:&quot;0&quot;,&quot;iso&quot;:&quot;0&quot;,&quot;shutter_speed&quot;:&quot;0&quot;,&quot;title&quot;:&quot;&quot;,&quot;orientation&quot;:&quot;1&quot;}\" data-image-title=\"aeromexico-cdmx-puertorico03\" data-image-description=\"&lt;p&gt;Foto: Jennie Shrem Serur, Giancarlo Mulinelli, Francisco Blanch,  Juan Inzunza (izq-der). &lt;\/p&gt;\n\" data-image-caption=\"&lt;p&gt;Foto: Jennie Shrem Serur, Giancarlo Mulinelli, Francisco Blanch,  Juan Inzunza (izq-der). &lt;\/p&gt;\n\" data-large-file=\"https:\/\/i0.wp.com\/azturismo.net\/wp-content\/uploads\/2025\/09\/aeromexico-cdmx-puertorico03.jpeg?fit=600%2C450&amp;ssl=1\" src=\"https:\/\/i0.wp.com\/azturismo.net\/wp-content\/uploads\/2025\/09\/aeromexico-cdmx-puertorico03.jpeg?resize=600%2C450&#038;ssl=1\" alt=\"\" class=\"wp-image-5276\" style=\"width:838px;height:auto\" srcset=\"https:\/\/i0.wp.com\/azturismo.net\/wp-content\/uploads\/2025\/09\/aeromexico-cdmx-puertorico03.jpeg?w=600&amp;ssl=1 600w, https:\/\/i0.wp.com\/azturismo.net\/wp-content\/uploads\/2025\/09\/aeromexico-cdmx-puertorico03.jpeg?resize=300%2C225&amp;ssl=1 300w, https:\/\/i0.wp.com\/azturismo.net\/wp-content\/uploads\/2025\/09\/aeromexico-cdmx-puertorico03.jpeg?resize=150%2C113&amp;ssl=1 150w\" sizes=\"auto, (max-width: 600px) 100vw, 600px\" \/><figcaption class=\"wp-element-caption\">Foto: Jennie Shrem Serur, Giancarlo Mulinelli, Francisco Blanch,  Juan Inzunza (izq-der). <\/figcaption><\/figure><\/div>\n\n\n<p>Durante la presentaci\u00f3n oficial, <strong>Giancarlo Mulinelli<\/strong>, vicepresidente senior de Ventas Globales en Aerom\u00e9xico, subray\u00f3: \u201cLa incorporaci\u00f3n de San Juan, Puerto Rico, a nuestra red de rutas es una muestra m\u00e1s del compromiso que tenemos en Aerom\u00e9xico para seguir conectando a nuestros clientes con nuevas opciones de viaje, pero tambi\u00e9n para llevar lo mejor de M\u00e9xico a otras partes del mundo\u201d.<\/p>\n\n\n\n<p>El directivo destac\u00f3 que esta ruta ofrecer\u00e1 m\u00e1s de <strong>1,300 asientos semanales<\/strong>, consolidando a Puerto Rico como el <strong>destino n\u00famero 27 de Aerom\u00e9xico en Estados Unidos y sus territorios<\/strong>.<\/p>\n\n\n\n<p>Por su parte, <strong>Juan Inzunza<\/strong>, gerente regional de Ventas M\u00e9xico en Delta Air Lines, resalt\u00f3: \u201cPara Delta Air Lines, colaborar en la apertura de esta ruta representa una oportunidad de fortalecer el intercambio cultural y comercial entre ambos destinos. Estamos convencidos de que esta conexi\u00f3n directa impulsar\u00e1 nuevas experiencias para las personas viajeras y contribuir\u00e1 al desarrollo tur\u00edstico y econ\u00f3mico de la regi\u00f3n\u201d.<\/p>\n\n\n\n<h2 class=\"wp-block-heading\"><strong>Un impacto cultural y tur\u00edstico<\/strong><\/h2>\n\n\n\n<p>La presentaci\u00f3n se realiz\u00f3 en el exclusivo <strong>Hotel Four Seasons de la Ciudad de M\u00e9xico<\/strong>, donde se proyectaron im\u00e1genes de los atractivos de la capital mexicana y de Puerto Rico.<\/p>\n\n\n\n<p><strong>Jennie Shrem Serur<\/strong>, directora general del Instituto de Promoci\u00f3n Tur\u00edstica de la CDMX, en representaci\u00f3n de la secretaria de Turismo de la capital, Alejandra Frausto Guerrero, celebr\u00f3 el anuncio de la nueva ruta: \u201cPara la Ciudad de M\u00e9xico este vuelo significa mucho m\u00e1s que un trayecto a\u00e9reo: es una puerta abierta para que nuestras culturas se abracen, para que el turismo siga siendo un motor de desarrollo econ\u00f3mico y para que cada viajero descubra, tanto en San Juan como en la capital mexicana, la magia de destinos llenos de historia, modernidad y hospitalidad\u201d.<\/p>\n\n\n\n<p>Asimismo, record\u00f3 que la <strong>CDMX ser\u00e1 sede en 2026 de la Copa Mundial de la FIFA<\/strong>, lo que reforzar\u00e1 su papel como una de las <strong>ciudades m\u00e1s vibrantes y culturales del mundo<\/strong>.<\/p>\n\n\n\n<h2 class=\"wp-block-heading\"><strong>Puerto Rico se prepara para recibir viajeros mexicanos<\/strong><\/h2>\n\n\n\n<p><strong>Francisco Blanch<\/strong>, director de Leisure Sales de <strong>Discover Puerto Rico<\/strong>, expres\u00f3 su alegr\u00eda de que Aerom\u00e9xico vuelva a conectar a la Ciudad de M\u00e9xico con San Juan. Con esta nueva ruta, que operar\u00e1 inicialmente con cuatro frecuencias semanales y que incrementar\u00e1 a vuelos diarios entre el 18 de diciembre y el 4 de enero, queremos que cada viajero viva lo que llamamos <em>Vive Boricua<\/em>: m\u00e1s que una campa\u00f1a, una invitaci\u00f3n a conocer nuestro estilo de vida lleno de m\u00fasica, ritmo, sabor y hospitalidad\u201d.<\/p>\n\n\n\n<p>El directivo destac\u00f3 que esta conexi\u00f3n <strong>facilitar\u00e1 el acceso de los turistas mexicanos al Caribe<\/strong>, tanto para <strong>vacaciones, cultura, negocios, eventos internacionales<\/strong> e incluso para quienes buscan <strong>abordar cruceros desde Puerto Rico<\/strong>.<\/p>\n\n\n\n<h2 class=\"wp-block-heading\"><strong>Detalles del vuelo Ciudad de M\u00e9xico \u2013 San Juan<\/strong><\/h2>\n\n\n\n<ul class=\"wp-block-list\">\n<li><strong>Aeronaves<\/strong>: Boeing 737 MAX-8, con capacidad para 166 pasajeros.<\/li>\n\n\n\n<li><strong>Frecuencia inicial<\/strong>: 4 vuelos semanales.<\/li>\n\n\n\n<li><strong>Temporada alta<\/strong>: vuelos diarios del <strong>18 de diciembre de 2025 al 4 de enero de 2026<\/strong>.<\/li>\n\n\n\n<li><strong>Asientos semanales<\/strong>: m\u00e1s de 1,300 disponibles.<\/li>\n\n\n\n<li><strong>Duraci\u00f3n del vuelo<\/strong>: aproximadamente 5 horas.<\/li>\n<\/ul>\n\n\n\n<p>Actualmente, <strong>Aerom\u00e9xico opera m\u00e1s de 50 rutas nacionales y m\u00e1s de 60 internacionales<\/strong>, consolid\u00e1ndose como la aerol\u00ednea con la red de conectividad m\u00e1s amplia en M\u00e9xico.<\/p>\n\n\n\n<h2 class=\"wp-block-heading\"><strong>Un paso estrat\u00e9gico para el turismo en M\u00e9xico y Puerto Rico<\/strong><\/h2>\n\n\n\n<p>La nueva ruta directa <strong>Ciudad de M\u00e9xico \u2013 San Juan, Puerto Rico<\/strong> representa una <strong>oportunidad \u00fanica para fortalecer el turismo bilateral<\/strong>, atraer viajeros de negocios y abrir nuevas puertas para la industria de reuniones, convenciones y cruceros.<\/p>\n\n\n\n<p>Con este lanzamiento, Aerom\u00e9xico y Delta Air Lines refuerzan su posici\u00f3n como <strong>aliados estrat\u00e9gicos en la conectividad a\u00e9rea entre Am\u00e9rica Latina y el Caribe<\/strong>, al tiempo que impulsan la integraci\u00f3n cultural y econ\u00f3mica entre dos destinos ic\u00f3nicos: la <strong>CDMX y San Juan<\/strong>.<\/p>\n\n\n\n<div class=\"wp-block-jetpack-slideshow aligncenter\" data-autoplay=\"true\" data-delay=\"3\" data-effect=\"slide\"><div class=\"wp-block-jetpack-slideshow_container swiper\"><ul class=\"wp-block-jetpack-slideshow_swiper-wrapper swiper-wrapper\"><li class=\"wp-block-jetpack-slideshow_slide swiper-slide\"><figure><img data-recalc-dims=\"1\" loading=\"lazy\" decoding=\"async\" width=\"600\" height=\"450\" alt=\"\" class=\"wp-block-jetpack-slideshow_image wp-image-5289\" data-id=\"5289\" src=\"https:\/\/i0.wp.com\/azturismo.net\/wp-content\/uploads\/2025\/09\/boricua01-1.jpg?resize=600%2C450&#038;ssl=1\" srcset=\"https:\/\/i0.wp.com\/azturismo.net\/wp-content\/uploads\/2025\/09\/boricua01-1.jpg?w=600&amp;ssl=1 600w, https:\/\/i0.wp.com\/azturismo.net\/wp-content\/uploads\/2025\/09\/boricua01-1.jpg?resize=300%2C225&amp;ssl=1 300w, https:\/\/i0.wp.com\/azturismo.net\/wp-content\/uploads\/2025\/09\/boricua01-1.jpg?resize=150%2C113&amp;ssl=1 150w\" sizes=\"(max-width: 600px) 100vw, 600px\" \/><\/figure><\/li><li class=\"wp-block-jetpack-slideshow_slide swiper-slide\"><figure><img data-recalc-dims=\"1\" loading=\"lazy\" decoding=\"async\" width=\"600\" height=\"450\" alt=\"\" class=\"wp-block-jetpack-slideshow_image wp-image-5288\" data-id=\"5288\" src=\"https:\/\/i0.wp.com\/azturismo.net\/wp-content\/uploads\/2025\/09\/aeromexico-cdmx-puertorico02-1.jpg?resize=600%2C450&#038;ssl=1\" srcset=\"https:\/\/i0.wp.com\/azturismo.net\/wp-content\/uploads\/2025\/09\/aeromexico-cdmx-puertorico02-1.jpg?w=600&amp;ssl=1 600w, https:\/\/i0.wp.com\/azturismo.net\/wp-content\/uploads\/2025\/09\/aeromexico-cdmx-puertorico02-1.jpg?resize=300%2C225&amp;ssl=1 300w, https:\/\/i0.wp.com\/azturismo.net\/wp-content\/uploads\/2025\/09\/aeromexico-cdmx-puertorico02-1.jpg?resize=150%2C113&amp;ssl=1 150w\" sizes=\"(max-width: 600px) 100vw, 600px\" \/><\/figure><\/li><li class=\"wp-block-jetpack-slideshow_slide swiper-slide\"><figure><img data-recalc-dims=\"1\" loading=\"lazy\" decoding=\"async\" width=\"696\" height=\"522\" alt=\"\" class=\"wp-block-jetpack-slideshow_image wp-image-5287\" data-id=\"5287\" data-aspect-ratio=\"696 \/ 522\" src=\"https:\/\/i0.wp.com\/azturismo.net\/wp-content\/uploads\/2025\/09\/turisteros01.jpeg?resize=696%2C522&#038;ssl=1\" srcset=\"https:\/\/i0.wp.com\/azturismo.net\/wp-content\/uploads\/2025\/09\/turisteros01.jpeg?resize=1024%2C768&amp;ssl=1 1024w, https:\/\/i0.wp.com\/azturismo.net\/wp-content\/uploads\/2025\/09\/turisteros01.jpeg?resize=300%2C225&amp;ssl=1 300w, https:\/\/i0.wp.com\/azturismo.net\/wp-content\/uploads\/2025\/09\/turisteros01.jpeg?resize=768%2C576&amp;ssl=1 768w, https:\/\/i0.wp.com\/azturismo.net\/wp-content\/uploads\/2025\/09\/turisteros01.jpeg?resize=1536%2C1152&amp;ssl=1 1536w, https:\/\/i0.wp.com\/azturismo.net\/wp-content\/uploads\/2025\/09\/turisteros01.jpeg?resize=150%2C113&amp;ssl=1 150w, https:\/\/i0.wp.com\/azturismo.net\/wp-content\/uploads\/2025\/09\/turisteros01.jpeg?resize=696%2C522&amp;ssl=1 696w, https:\/\/i0.wp.com\/azturismo.net\/wp-content\/uploads\/2025\/09\/turisteros01.jpeg?resize=1068%2C801&amp;ssl=1 1068w, https:\/\/i0.wp.com\/azturismo.net\/wp-content\/uploads\/2025\/09\/turisteros01.jpeg?w=1600&amp;ssl=1 1600w, https:\/\/i0.wp.com\/azturismo.net\/wp-content\/uploads\/2025\/09\/turisteros01.jpeg?w=1392&amp;ssl=1 1392w\" sizes=\"(max-width: 696px) 100vw, 696px\" \/><\/figure><\/li><li class=\"wp-block-jetpack-slideshow_slide swiper-slide\"><figure><img data-recalc-dims=\"1\" loading=\"lazy\" decoding=\"async\" width=\"600\" height=\"744\" alt=\"\" class=\"wp-block-jetpack-slideshow_image wp-image-5286\" data-id=\"5286\" src=\"https:\/\/i0.wp.com\/azturismo.net\/wp-content\/uploads\/2025\/09\/Sectur-1.jpeg?resize=600%2C744&#038;ssl=1\" srcset=\"https:\/\/i0.wp.com\/azturismo.net\/wp-content\/uploads\/2025\/09\/Sectur-1.jpeg?w=600&amp;ssl=1 600w, https:\/\/i0.wp.com\/azturismo.net\/wp-content\/uploads\/2025\/09\/Sectur-1.jpeg?resize=242%2C300&amp;ssl=1 242w, https:\/\/i0.wp.com\/azturismo.net\/wp-content\/uploads\/2025\/09\/Sectur-1.jpeg?resize=150%2C186&amp;ssl=1 150w, https:\/\/i0.wp.com\/azturismo.net\/wp-content\/uploads\/2025\/09\/Sectur-1.jpeg?resize=300%2C372&amp;ssl=1 300w\" sizes=\"(max-width: 600px) 100vw, 600px\" \/><\/figure><\/li><li class=\"wp-block-jetpack-slideshow_slide swiper-slide\"><figure><img data-recalc-dims=\"1\" loading=\"lazy\" decoding=\"async\" width=\"600\" height=\"457\" alt=\"\" class=\"wp-block-jetpack-slideshow_image wp-image-5283\" data-id=\"5283\" src=\"https:\/\/i0.wp.com\/azturismo.net\/wp-content\/uploads\/2025\/09\/turisteros03.jpeg?resize=600%2C457&#038;ssl=1\" srcset=\"https:\/\/i0.wp.com\/azturismo.net\/wp-content\/uploads\/2025\/09\/turisteros03.jpeg?w=600&amp;ssl=1 600w, https:\/\/i0.wp.com\/azturismo.net\/wp-content\/uploads\/2025\/09\/turisteros03.jpeg?resize=300%2C229&amp;ssl=1 300w, https:\/\/i0.wp.com\/azturismo.net\/wp-content\/uploads\/2025\/09\/turisteros03.jpeg?resize=150%2C114&amp;ssl=1 150w\" sizes=\"(max-width: 600px) 100vw, 600px\" \/><\/figure><\/li><li class=\"wp-block-jetpack-slideshow_slide swiper-slide\"><figure><img data-recalc-dims=\"1\" loading=\"lazy\" decoding=\"async\" width=\"600\" height=\"875\" alt=\"\" class=\"wp-block-jetpack-slideshow_image wp-image-5281\" data-id=\"5281\" src=\"https:\/\/i0.wp.com\/azturismo.net\/wp-content\/uploads\/2025\/09\/sectur01.jpeg?resize=600%2C875&#038;ssl=1\" srcset=\"https:\/\/i0.wp.com\/azturismo.net\/wp-content\/uploads\/2025\/09\/sectur01.jpeg?w=600&amp;ssl=1 600w, https:\/\/i0.wp.com\/azturismo.net\/wp-content\/uploads\/2025\/09\/sectur01.jpeg?resize=206%2C300&amp;ssl=1 206w, https:\/\/i0.wp.com\/azturismo.net\/wp-content\/uploads\/2025\/09\/sectur01.jpeg?resize=150%2C219&amp;ssl=1 150w, https:\/\/i0.wp.com\/azturismo.net\/wp-content\/uploads\/2025\/09\/sectur01.jpeg?resize=300%2C438&amp;ssl=1 300w\" sizes=\"(max-width: 600px) 100vw, 600px\" \/><\/figure><\/li><li class=\"wp-block-jetpack-slideshow_slide swiper-slide\"><figure><img data-recalc-dims=\"1\" loading=\"lazy\" decoding=\"async\" width=\"600\" height=\"699\" alt=\"\" class=\"wp-block-jetpack-slideshow_image wp-image-5277\" data-id=\"5277\" src=\"https:\/\/i0.wp.com\/azturismo.net\/wp-content\/uploads\/2025\/09\/%E2%81%AEgiancarlo.jpeg?resize=600%2C699&#038;ssl=1\" srcset=\"https:\/\/i0.wp.com\/azturismo.net\/wp-content\/uploads\/2025\/09\/%E2%81%AEgiancarlo.jpeg?w=600&amp;ssl=1 600w, https:\/\/i0.wp.com\/azturismo.net\/wp-content\/uploads\/2025\/09\/%E2%81%AEgiancarlo.jpeg?resize=258%2C300&amp;ssl=1 258w, https:\/\/i0.wp.com\/azturismo.net\/wp-content\/uploads\/2025\/09\/%E2%81%AEgiancarlo.jpeg?resize=150%2C175&amp;ssl=1 150w, https:\/\/i0.wp.com\/azturismo.net\/wp-content\/uploads\/2025\/09\/%E2%81%AEgiancarlo.jpeg?resize=300%2C350&amp;ssl=1 300w\" sizes=\"(max-width: 600px) 100vw, 600px\" \/><\/figure><\/li><li class=\"wp-block-jetpack-slideshow_slide swiper-slide\"><figure><img data-recalc-dims=\"1\" loading=\"lazy\" decoding=\"async\" width=\"600\" height=\"771\" alt=\"\" class=\"wp-block-jetpack-slideshow_image wp-image-5279\" data-id=\"5279\" src=\"https:\/\/i0.wp.com\/azturismo.net\/wp-content\/uploads\/2025\/09\/francisco.jpeg?resize=600%2C771&#038;ssl=1\" srcset=\"https:\/\/i0.wp.com\/azturismo.net\/wp-content\/uploads\/2025\/09\/francisco.jpeg?w=600&amp;ssl=1 600w, https:\/\/i0.wp.com\/azturismo.net\/wp-content\/uploads\/2025\/09\/francisco.jpeg?resize=233%2C300&amp;ssl=1 233w, https:\/\/i0.wp.com\/azturismo.net\/wp-content\/uploads\/2025\/09\/francisco.jpeg?resize=150%2C193&amp;ssl=1 150w, https:\/\/i0.wp.com\/azturismo.net\/wp-content\/uploads\/2025\/09\/francisco.jpeg?resize=300%2C386&amp;ssl=1 300w\" sizes=\"(max-width: 600px) 100vw, 600px\" \/><\/figure><\/li><\/ul><a class=\"wp-block-jetpack-slideshow_button-prev swiper-button-prev swiper-button-white\" role=\"button\"><\/a><a class=\"wp-block-jetpack-slideshow_button-next swiper-button-next swiper-button-white\" role=\"button\"><\/a><a aria-label=\"Pause Slideshow\" class=\"wp-block-jetpack-slideshow_button-pause\" role=\"button\"><\/a><div class=\"wp-block-jetpack-slideshow_pagination swiper-pagination swiper-pagination-white\"><\/div><\/div><\/div>\n\n\n\n<h3 class=\"wp-block-heading\">\u00a1S\u00edguenos!<\/h3>\n\n\n\n<p><a href=\"https:\/\/www.facebook.com\/AzturismoNoticias\">https:\/\/www.facebook.com\/AzturismoNoticias<\/a><\/p>\n\n\n\n<p><strong><a href=\"mailto:tiktok.com\/@azturismo\">tiktok.com\/@azturismo<\/a><\/strong><\/p>\n\n\n\n<p><strong><a href=\"https:\/\/www.instagram.com\/azturismo_noticias\">www.instagram.com\/azturismo_noticias<\/a><\/strong><\/p>\n\n\n\n<p><a href=\"https:\/\/x.com\/AzTurismo\">https:\/\/x.com\/AzTurism<\/a><\/p>\n","protected":false},"excerpt":{"rendered":"<p>Por Oscar V\u00e1zquez C. En un evento lleno de color y celebraci\u00f3n, Aerom\u00e9xico, en alianza con Delta Air Lines, anunci\u00f3 el lanzamiento de su nueva ruta directa entre la Ciudad de M\u00e9xico (CDMX) y San Juan, Puerto Rico, que iniciar\u00e1 operaciones el pr\u00f3ximo 29 de octubre de 2025 con cuatro frecuencias semanales desde el Aeropuerto [&hellip;]<\/p>\n","protected":false},"author":1,"featured_media":5275,"comment_status":"open","ping_status":"open","sticky":false,"template":"","format":"standard","meta":{"jetpack_post_was_ever_published":false,"_jetpack_newsletter_access":"","_jetpack_dont_email_post_to_subs":false,"_jetpack_newsletter_tier_id":0,"_jetpack_memberships_contains_paywalled_content":false,"_jetpack_memberships_contains_paid_content":false,"footnotes":"","jetpack_publicize_message":"","jetpack_publicize_feature_enabled":true,"jetpack_social_post_already_shared":true,"jetpack_social_options":{"image_generator_settings":{"template":"highway","default_image_id":0,"font":"","enabled":false},"version":2}},"categories":[30,29],"tags":[2322,99,2323,2334,2331,2326,2333,2330,2327,2332,2329,2325,979,2328,2324],"class_list":{"0":"post-5274","1":"post","2":"type-post","3":"status-publish","4":"format-standard","5":"has-post-thumbnail","7":"category-e","8":"category-nacionales","9":"tag-aeromexico-2","10":"tag-azturismo","11":"tag-delta-airlines","12":"tag-director-de-leisure-sales-de-discover-puerto-rico","13":"tag-directora-general-del-instituto-de-promocion-turistica-de-la-cdmx","14":"tag-discover-puerto-rico","15":"tag-francisco-blanch","16":"tag-gerente-regional-de-ventas-mexico-en-delta-air-lines","17":"tag-giancarlo-mulinelli","18":"tag-jennie-shrem-serur","19":"tag-juan-inzunza","20":"tag-puerto-rico","21":"tag-sectur-cdmx","22":"tag-vicepresidente-senior-de-ventas-globales-en-aeromexico","23":"tag-vuelo-cdmx-san-juan"},"yoast_head":"<!-- This site is optimized with the Yoast SEO plugin v27.5 - https:\/\/yoast.com\/product\/yoast-seo-wordpress\/ -->\n<title>Aerom\u00e9xico anuncia vuelo directo entre CDMX y San Juan, Puerto Rico - Azturismo Noticias<\/title>\n<meta name=\"description\" content=\"En un evento lleno de color y celebraci\u00f3n, Aerom\u00e9xico, en alianza con Delta Air Lines, anunci\u00f3 el lanzamiento de su nueva ruta directa entre la Ciudad de M\u00e9xico (CDMX) y San Juan, Puerto Rico, que iniciar\u00e1 operaciones el pr\u00f3ximo 29 de octubre de 2025 con cuatro frecuencias semanales desde el Aeropuerto Internacional de la Ciudad de M\u00e9xico (AICM).\" \/>\n<meta name=\"robots\" content=\"index, follow, max-snippet:-1, max-image-preview:large, max-video-preview:-1\" \/>\n<link rel=\"canonical\" href=\"https:\/\/azturismo.net\/?p=5274\" \/>\n<meta property=\"og:locale\" content=\"es_MX\" \/>\n<meta property=\"og:type\" content=\"article\" \/>\n<meta property=\"og:title\" content=\"Aerom\u00e9xico anuncia vuelo directo entre CDMX y San Juan, Puerto Rico - Azturismo Noticias\" \/>\n<meta property=\"og:description\" content=\"En un evento lleno de color y celebraci\u00f3n, Aerom\u00e9xico, en alianza con Delta Air Lines, anunci\u00f3 el lanzamiento de su nueva ruta directa entre la Ciudad de M\u00e9xico (CDMX) y San Juan, Puerto Rico, que iniciar\u00e1 operaciones el pr\u00f3ximo 29 de octubre de 2025 con cuatro frecuencias semanales desde el Aeropuerto Internacional de la Ciudad de M\u00e9xico (AICM).\" \/>\n<meta property=\"og:url\" content=\"https:\/\/azturismo.net\/?p=5274\" \/>\n<meta property=\"og:site_name\" content=\"Azturismo Noticias\" \/>\n<meta property=\"article:publisher\" content=\"https:\/\/www.facebook.com\/AzturismoNoticias\" \/>\n<meta property=\"article:published_time\" content=\"2025-09-10T01:48:25+00:00\" \/>\n<meta property=\"article:modified_time\" content=\"2025-09-10T01:52:55+00:00\" \/>\n<meta property=\"og:image\" content=\"https:\/\/azturismo.net\/wp-content\/uploads\/2025\/09\/aeromexico-cdmx-puertorico01.jpeg\" \/>\n\t<meta property=\"og:image:width\" content=\"600\" \/>\n\t<meta property=\"og:image:height\" content=\"411\" \/>\n\t<meta property=\"og:image:type\" content=\"image\/jpeg\" \/>\n<meta name=\"author\" content=\"Azturismo\" \/>\n<meta name=\"twitter:card\" content=\"summary_large_image\" \/>\n<meta name=\"twitter:creator\" content=\"@AzTurismo\" \/>\n<meta name=\"twitter:site\" content=\"@AzTurismo\" \/>\n<meta name=\"twitter:label1\" content=\"Escrito por\" \/>\n\t<meta name=\"twitter:data1\" content=\"Azturismo\" \/>\n\t<meta name=\"twitter:label2\" content=\"Tiempo de lectura\" \/>\n\t<meta name=\"twitter:data2\" content=\"6 minutos\" \/>\n<script type=\"application\/ld+json\" class=\"yoast-schema-graph\">{\"@context\":\"https:\\\/\\\/schema.org\",\"@graph\":[{\"@type\":\"Article\",\"@id\":\"https:\\\/\\\/azturismo.net\\\/?p=5274#article\",\"isPartOf\":{\"@id\":\"https:\\\/\\\/azturismo.net\\\/?p=5274\"},\"author\":{\"name\":\"Azturismo\",\"@id\":\"https:\\\/\\\/azturismo.net\\\/#\\\/schema\\\/person\\\/4b56d87f51c4d1b518c650739ad3bbc1\"},\"headline\":\"Aerom\u00e9xico anuncia vuelo directo entre CDMX y San Juan, Puerto Rico\",\"datePublished\":\"2025-09-10T01:48:25+00:00\",\"dateModified\":\"2025-09-10T01:52:55+00:00\",\"mainEntityOfPage\":{\"@id\":\"https:\\\/\\\/azturismo.net\\\/?p=5274\"},\"wordCount\":792,\"commentCount\":0,\"publisher\":{\"@id\":\"https:\\\/\\\/azturismo.net\\\/#organization\"},\"image\":{\"@id\":\"https:\\\/\\\/azturismo.net\\\/?p=5274#primaryimage\"},\"thumbnailUrl\":\"https:\\\/\\\/i0.wp.com\\\/azturismo.net\\\/wp-content\\\/uploads\\\/2025\\\/09\\\/aeromexico-cdmx-puertorico01.jpeg?fit=600%2C411&ssl=1\",\"keywords\":[\"aeromexico\",\"azturismo\",\"delta airlines\",\"director de Leisure Sales de Discover Puerto Rico\",\"directora general del Instituto de Promoci\u00f3n Tur\u00edstica de la CDMX\",\"Discover Puerto Rico\",\"Francisco Blanch\",\"gerente regional de Ventas M\u00e9xico en Delta Air Lines\",\"Giancarlo Mulinelli\",\"Jennie Shrem Serur\",\"Juan Inzunza\",\"Puerto Rico\",\"Sectur CDMX\",\"vicepresidente senior de Ventas Globales en Aerom\u00e9xico\",\"vuelo CDMX - San Juan\"],\"articleSection\":[\"Destacadas\",\"NACIONALES\"],\"inLanguage\":\"es\",\"potentialAction\":[{\"@type\":\"CommentAction\",\"name\":\"Comment\",\"target\":[\"https:\\\/\\\/azturismo.net\\\/?p=5274#respond\"]}]},{\"@type\":\"WebPage\",\"@id\":\"https:\\\/\\\/azturismo.net\\\/?p=5274\",\"url\":\"https:\\\/\\\/azturismo.net\\\/?p=5274\",\"name\":\"Aerom\u00e9xico anuncia vuelo directo entre CDMX y San Juan, Puerto Rico - Azturismo Noticias\",\"isPartOf\":{\"@id\":\"https:\\\/\\\/azturismo.net\\\/#website\"},\"primaryImageOfPage\":{\"@id\":\"https:\\\/\\\/azturismo.net\\\/?p=5274#primaryimage\"},\"image\":{\"@id\":\"https:\\\/\\\/azturismo.net\\\/?p=5274#primaryimage\"},\"thumbnailUrl\":\"https:\\\/\\\/i0.wp.com\\\/azturismo.net\\\/wp-content\\\/uploads\\\/2025\\\/09\\\/aeromexico-cdmx-puertorico01.jpeg?fit=600%2C411&ssl=1\",\"datePublished\":\"2025-09-10T01:48:25+00:00\",\"dateModified\":\"2025-09-10T01:52:55+00:00\",\"description\":\"En un evento lleno de color y celebraci\u00f3n, Aerom\u00e9xico, en alianza con Delta Air Lines, anunci\u00f3 el lanzamiento de su nueva ruta directa entre la Ciudad de M\u00e9xico (CDMX) y San Juan, Puerto Rico, que iniciar\u00e1 operaciones el pr\u00f3ximo 29 de octubre de 2025 con cuatro frecuencias semanales desde el Aeropuerto Internacional de la Ciudad de M\u00e9xico (AICM).\",\"breadcrumb\":{\"@id\":\"https:\\\/\\\/azturismo.net\\\/?p=5274#breadcrumb\"},\"inLanguage\":\"es\",\"potentialAction\":[{\"@type\":\"ReadAction\",\"target\":[\"https:\\\/\\\/azturismo.net\\\/?p=5274\"]}]},{\"@type\":\"ImageObject\",\"inLanguage\":\"es\",\"@id\":\"https:\\\/\\\/azturismo.net\\\/?p=5274#primaryimage\",\"url\":\"https:\\\/\\\/i0.wp.com\\\/azturismo.net\\\/wp-content\\\/uploads\\\/2025\\\/09\\\/aeromexico-cdmx-puertorico01.jpeg?fit=600%2C411&ssl=1\",\"contentUrl\":\"https:\\\/\\\/i0.wp.com\\\/azturismo.net\\\/wp-content\\\/uploads\\\/2025\\\/09\\\/aeromexico-cdmx-puertorico01.jpeg?fit=600%2C411&ssl=1\",\"width\":600,\"height\":411},{\"@type\":\"BreadcrumbList\",\"@id\":\"https:\\\/\\\/azturismo.net\\\/?p=5274#breadcrumb\",\"itemListElement\":[{\"@type\":\"ListItem\",\"position\":1,\"name\":\"Home\",\"item\":\"https:\\\/\\\/azturismo.net\\\/\"},{\"@type\":\"ListItem\",\"position\":2,\"name\":\"Aerom\u00e9xico anuncia vuelo directo entre CDMX y San Juan, Puerto Rico\"}]},{\"@type\":\"WebSite\",\"@id\":\"https:\\\/\\\/azturismo.net\\\/#website\",\"url\":\"https:\\\/\\\/azturismo.net\\\/\",\"name\":\"Azturismo\",\"description\":\"Azturismo Noticias\",\"publisher\":{\"@id\":\"https:\\\/\\\/azturismo.net\\\/#organization\"},\"potentialAction\":[{\"@type\":\"SearchAction\",\"target\":{\"@type\":\"EntryPoint\",\"urlTemplate\":\"https:\\\/\\\/azturismo.net\\\/?s={search_term_string}\"},\"query-input\":{\"@type\":\"PropertyValueSpecification\",\"valueRequired\":true,\"valueName\":\"search_term_string\"}}],\"inLanguage\":\"es\"},{\"@type\":\"Organization\",\"@id\":\"https:\\\/\\\/azturismo.net\\\/#organization\",\"name\":\"Azturismo\",\"url\":\"https:\\\/\\\/azturismo.net\\\/\",\"logo\":{\"@type\":\"ImageObject\",\"inLanguage\":\"es\",\"@id\":\"https:\\\/\\\/azturismo.net\\\/#\\\/schema\\\/logo\\\/image\\\/\",\"url\":\"https:\\\/\\\/i0.wp.com\\\/azturismo.net\\\/wp-content\\\/uploads\\\/2024\\\/03\\\/logo-el-bueno-.png?fit=294%2C69&ssl=1\",\"contentUrl\":\"https:\\\/\\\/i0.wp.com\\\/azturismo.net\\\/wp-content\\\/uploads\\\/2024\\\/03\\\/logo-el-bueno-.png?fit=294%2C69&ssl=1\",\"width\":294,\"height\":69,\"caption\":\"Azturismo\"},\"image\":{\"@id\":\"https:\\\/\\\/azturismo.net\\\/#\\\/schema\\\/logo\\\/image\\\/\"},\"sameAs\":[\"https:\\\/\\\/www.facebook.com\\\/AzturismoNoticias\",\"https:\\\/\\\/x.com\\\/AzTurismo\",\"https:\\\/\\\/www.instagram.com\\\/azturismo_noticias\\\/?fbclid=IwAR2xMiuoHbs6eLeIHKP8P5sSGa-xFrw7FfejscXO7kDghWa7wKLjGczKOwE\",\"https:\\\/\\\/www.tiktok.com\\\/@azturismo\"]},{\"@type\":\"Person\",\"@id\":\"https:\\\/\\\/azturismo.net\\\/#\\\/schema\\\/person\\\/4b56d87f51c4d1b518c650739ad3bbc1\",\"name\":\"Azturismo\",\"image\":{\"@type\":\"ImageObject\",\"inLanguage\":\"es\",\"@id\":\"https:\\\/\\\/azturismo.net\\\/wp-content\\\/litespeed\\\/avatar\\\/dfe28a31cdd68b788da48a316e50db10.jpg?ver=1777707566\",\"url\":\"https:\\\/\\\/azturismo.net\\\/wp-content\\\/litespeed\\\/avatar\\\/dfe28a31cdd68b788da48a316e50db10.jpg?ver=1777707566\",\"contentUrl\":\"https:\\\/\\\/azturismo.net\\\/wp-content\\\/litespeed\\\/avatar\\\/dfe28a31cdd68b788da48a316e50db10.jpg?ver=1777707566\",\"caption\":\"Azturismo\"},\"sameAs\":[\"https:\\\/\\\/azturismo.net\"],\"url\":\"https:\\\/\\\/azturismo.net\\\/?author=1\"}]}<\/script>\n<!-- \/ Yoast SEO plugin. -->","yoast_head_json":{"title":"Aerom\u00e9xico anuncia vuelo directo entre CDMX y San Juan, Puerto Rico - Azturismo Noticias","description":"En un evento lleno de color y celebraci\u00f3n, Aerom\u00e9xico, en alianza con Delta Air Lines, anunci\u00f3 el lanzamiento de su nueva ruta directa entre la Ciudad de M\u00e9xico (CDMX) y San Juan, Puerto Rico, que iniciar\u00e1 operaciones el pr\u00f3ximo 29 de octubre de 2025 con cuatro frecuencias semanales desde el Aeropuerto Internacional de la Ciudad de M\u00e9xico (AICM).","robots":{"index":"index","follow":"follow","max-snippet":"max-snippet:-1","max-image-preview":"max-image-preview:large","max-video-preview":"max-video-preview:-1"},"canonical":"https:\/\/azturismo.net\/?p=5274","og_locale":"es_MX","og_type":"article","og_title":"Aerom\u00e9xico anuncia vuelo directo entre CDMX y San Juan, Puerto Rico - Azturismo Noticias","og_description":"En un evento lleno de color y celebraci\u00f3n, Aerom\u00e9xico, en alianza con Delta Air Lines, anunci\u00f3 el lanzamiento de su nueva ruta directa entre la Ciudad de M\u00e9xico (CDMX) y San Juan, Puerto Rico, que iniciar\u00e1 operaciones el pr\u00f3ximo 29 de octubre de 2025 con cuatro frecuencias semanales desde el Aeropuerto Internacional de la Ciudad de M\u00e9xico (AICM).","og_url":"https:\/\/azturismo.net\/?p=5274","og_site_name":"Azturismo Noticias","article_publisher":"https:\/\/www.facebook.com\/AzturismoNoticias","article_published_time":"2025-09-10T01:48:25+00:00","article_modified_time":"2025-09-10T01:52:55+00:00","og_image":[{"width":600,"height":411,"url":"https:\/\/azturismo.net\/wp-content\/uploads\/2025\/09\/aeromexico-cdmx-puertorico01.jpeg","type":"image\/jpeg"}],"author":"Azturismo","twitter_card":"summary_large_image","twitter_creator":"@AzTurismo","twitter_site":"@AzTurismo","twitter_misc":{"Escrito por":"Azturismo","Tiempo de lectura":"6 minutos"},"schema":{"@context":"https:\/\/schema.org","@graph":[{"@type":"Article","@id":"https:\/\/azturismo.net\/?p=5274#article","isPartOf":{"@id":"https:\/\/azturismo.net\/?p=5274"},"author":{"name":"Azturismo","@id":"https:\/\/azturismo.net\/#\/schema\/person\/4b56d87f51c4d1b518c650739ad3bbc1"},"headline":"Aerom\u00e9xico anuncia vuelo directo entre CDMX y San Juan, Puerto Rico","datePublished":"2025-09-10T01:48:25+00:00","dateModified":"2025-09-10T01:52:55+00:00","mainEntityOfPage":{"@id":"https:\/\/azturismo.net\/?p=5274"},"wordCount":792,"commentCount":0,"publisher":{"@id":"https:\/\/azturismo.net\/#organization"},"image":{"@id":"https:\/\/azturismo.net\/?p=5274#primaryimage"},"thumbnailUrl":"https:\/\/i0.wp.com\/azturismo.net\/wp-content\/uploads\/2025\/09\/aeromexico-cdmx-puertorico01.jpeg?fit=600%2C411&ssl=1","keywords":["aeromexico","azturismo","delta airlines","director de Leisure Sales de Discover Puerto Rico","directora general del Instituto de Promoci\u00f3n Tur\u00edstica de la CDMX","Discover Puerto Rico","Francisco Blanch","gerente regional de Ventas M\u00e9xico en Delta Air Lines","Giancarlo Mulinelli","Jennie Shrem Serur","Juan Inzunza","Puerto Rico","Sectur CDMX","vicepresidente senior de Ventas Globales en Aerom\u00e9xico","vuelo CDMX - San Juan"],"articleSection":["Destacadas","NACIONALES"],"inLanguage":"es","potentialAction":[{"@type":"CommentAction","name":"Comment","target":["https:\/\/azturismo.net\/?p=5274#respond"]}]},{"@type":"WebPage","@id":"https:\/\/azturismo.net\/?p=5274","url":"https:\/\/azturismo.net\/?p=5274","name":"Aerom\u00e9xico anuncia vuelo directo entre CDMX y San Juan, Puerto Rico - Azturismo Noticias","isPartOf":{"@id":"https:\/\/azturismo.net\/#website"},"primaryImageOfPage":{"@id":"https:\/\/azturismo.net\/?p=5274#primaryimage"},"image":{"@id":"https:\/\/azturismo.net\/?p=5274#primaryimage"},"thumbnailUrl":"https:\/\/i0.wp.com\/azturismo.net\/wp-content\/uploads\/2025\/09\/aeromexico-cdmx-puertorico01.jpeg?fit=600%2C411&ssl=1","datePublished":"2025-09-10T01:48:25+00:00","dateModified":"2025-09-10T01:52:55+00:00","description":"En un evento lleno de color y celebraci\u00f3n, Aerom\u00e9xico, en alianza con Delta Air Lines, anunci\u00f3 el lanzamiento de su nueva ruta directa entre la Ciudad de M\u00e9xico (CDMX) y San Juan, Puerto Rico, que iniciar\u00e1 operaciones el pr\u00f3ximo 29 de octubre de 2025 con cuatro frecuencias semanales desde el Aeropuerto Internacional de la Ciudad de M\u00e9xico (AICM).","breadcrumb":{"@id":"https:\/\/azturismo.net\/?p=5274#breadcrumb"},"inLanguage":"es","potentialAction":[{"@type":"ReadAction","target":["https:\/\/azturismo.net\/?p=5274"]}]},{"@type":"ImageObject","inLanguage":"es","@id":"https:\/\/azturismo.net\/?p=5274#primaryimage","url":"https:\/\/i0.wp.com\/azturismo.net\/wp-content\/uploads\/2025\/09\/aeromexico-cdmx-puertorico01.jpeg?fit=600%2C411&ssl=1","contentUrl":"https:\/\/i0.wp.com\/azturismo.net\/wp-content\/uploads\/2025\/09\/aeromexico-cdmx-puertorico01.jpeg?fit=600%2C411&ssl=1","width":600,"height":411},{"@type":"BreadcrumbList","@id":"https:\/\/azturismo.net\/?p=5274#breadcrumb","itemListElement":[{"@type":"ListItem","position":1,"name":"Home","item":"https:\/\/azturismo.net\/"},{"@type":"ListItem","position":2,"name":"Aerom\u00e9xico anuncia vuelo directo entre CDMX y San Juan, Puerto Rico"}]},{"@type":"WebSite","@id":"https:\/\/azturismo.net\/#website","url":"https:\/\/azturismo.net\/","name":"Azturismo","description":"Azturismo Noticias","publisher":{"@id":"https:\/\/azturismo.net\/#organization"},"potentialAction":[{"@type":"SearchAction","target":{"@type":"EntryPoint","urlTemplate":"https:\/\/azturismo.net\/?s={search_term_string}"},"query-input":{"@type":"PropertyValueSpecification","valueRequired":true,"valueName":"search_term_string"}}],"inLanguage":"es"},{"@type":"Organization","@id":"https:\/\/azturismo.net\/#organization","name":"Azturismo","url":"https:\/\/azturismo.net\/","logo":{"@type":"ImageObject","inLanguage":"es","@id":"https:\/\/azturismo.net\/#\/schema\/logo\/image\/","url":"https:\/\/i0.wp.com\/azturismo.net\/wp-content\/uploads\/2024\/03\/logo-el-bueno-.png?fit=294%2C69&ssl=1","contentUrl":"https:\/\/i0.wp.com\/azturismo.net\/wp-content\/uploads\/2024\/03\/logo-el-bueno-.png?fit=294%2C69&ssl=1","width":294,"height":69,"caption":"Azturismo"},"image":{"@id":"https:\/\/azturismo.net\/#\/schema\/logo\/image\/"},"sameAs":["https:\/\/www.facebook.com\/AzturismoNoticias","https:\/\/x.com\/AzTurismo","https:\/\/www.instagram.com\/azturismo_noticias\/?fbclid=IwAR2xMiuoHbs6eLeIHKP8P5sSGa-xFrw7FfejscXO7kDghWa7wKLjGczKOwE","https:\/\/www.tiktok.com\/@azturismo"]},{"@type":"Person","@id":"https:\/\/azturismo.net\/#\/schema\/person\/4b56d87f51c4d1b518c650739ad3bbc1","name":"Azturismo","image":{"@type":"ImageObject","inLanguage":"es","@id":"https:\/\/azturismo.net\/wp-content\/litespeed\/avatar\/dfe28a31cdd68b788da48a316e50db10.jpg?ver=1777707566","url":"https:\/\/azturismo.net\/wp-content\/litespeed\/avatar\/dfe28a31cdd68b788da48a316e50db10.jpg?ver=1777707566","contentUrl":"https:\/\/azturismo.net\/wp-content\/litespeed\/avatar\/dfe28a31cdd68b788da48a316e50db10.jpg?ver=1777707566","caption":"Azturismo"},"sameAs":["https:\/\/azturismo.net"],"url":"https:\/\/azturismo.net\/?author=1"}]}},"jetpack_publicize_connections":[],"jetpack_featured_media_url":"https:\/\/i0.wp.com\/azturismo.net\/wp-content\/uploads\/2025\/09\/aeromexico-cdmx-puertorico01.jpeg?fit=600%2C411&ssl=1","jetpack_sharing_enabled":true,"jetpack-related-posts":[{"id":5420,"url":"https:\/\/azturismo.net\/?p=5420","url_meta":{"origin":5274,"position":0},"title":"Seguir\u00e1n vigentes acuerdos de c\u00f3digos compartidos entre Aerom\u00e9xico y Delta","author":"Azturismo","date":"septiembre 16, 2025","format":false,"excerpt":"Por Oscar V\u00e1zquez C. El Departamento del Transporte de Estados Unidos (DOT) anunci\u00f3 que, a partir del 1 de enero de 2026, retirar\u00e1 la inmunidad antimonopolio de la alianza estrat\u00e9gica entre Aerom\u00e9xico y Delta Air Lines, decisi\u00f3n que ha generado inquietud en el sector tur\u00edstico y en los viajeros frecuentes.\u2026","rel":"","context":"En &quot;Destacadas&quot;","block_context":{"text":"Destacadas","link":"https:\/\/azturismo.net\/?cat=30"},"img":{"alt_text":"","src":"https:\/\/i0.wp.com\/azturismo.net\/wp-content\/uploads\/2025\/09\/images-18.jpeg?fit=576%2C390&ssl=1&resize=350%2C200","width":350,"height":200,"srcset":"https:\/\/i0.wp.com\/azturismo.net\/wp-content\/uploads\/2025\/09\/images-18.jpeg?fit=576%2C390&ssl=1&resize=350%2C200 1x, https:\/\/i0.wp.com\/azturismo.net\/wp-content\/uploads\/2025\/09\/images-18.jpeg?fit=576%2C390&ssl=1&resize=525%2C300 1.5x"},"classes":[]},{"id":6287,"url":"https:\/\/azturismo.net\/?p=6287","url_meta":{"origin":5274,"position":1},"title":"Aerom\u00e9xico anuncia resultados de su Oferta Global y prepara su regreso a la BMV y al NYSE","author":"Azturismo","date":"noviembre 6, 2025","format":false,"excerpt":"Por Staff AzTurismo Grupo Aerom\u00e9xico, S.A.B. de C.V. confirm\u00f3 los resultados de su Oferta P\u00fablica Mixta Global, un movimiento clave en su estrategia financiera y de expansi\u00f3n, que marca su regreso tanto a la Bolsa Mexicana de Valores (BMV) como a la Bolsa de Valores de Nueva York (NYSE). La\u2026","rel":"","context":"En &quot;Destacadas&quot;","block_context":{"text":"Destacadas","link":"https:\/\/azturismo.net\/?cat=30"},"img":{"alt_text":"","src":"https:\/\/i0.wp.com\/azturismo.net\/wp-content\/uploads\/2025\/11\/Aeromexico.jpeg?fit=600%2C449&ssl=1&resize=350%2C200","width":350,"height":200,"srcset":"https:\/\/i0.wp.com\/azturismo.net\/wp-content\/uploads\/2025\/11\/Aeromexico.jpeg?fit=600%2C449&ssl=1&resize=350%2C200 1x, https:\/\/i0.wp.com\/azturismo.net\/wp-content\/uploads\/2025\/11\/Aeromexico.jpeg?fit=600%2C449&ssl=1&resize=525%2C300 1.5x"},"classes":[]},{"id":4189,"url":"https:\/\/azturismo.net\/?p=4189","url_meta":{"origin":5274,"position":2},"title":"CDMX y Cali firman convenio tur\u00edstico rumbo Mundial 2026","author":"Azturismo","date":"junio 17, 2025","format":false,"excerpt":"Por Oscar V\u00e1zquez C La secretaria de Turismo de CDMX, Alejandra Frausto, anunci\u00f3 que todas las aficiones ser\u00e1n bienvenidas sin discriminaci\u00f3n durante el Campeonato Mundial de Futbol del pr\u00f3ximo a\u00f1o La Ciudad de M\u00e9xico y Cali, Colombia, sellaron este martes un convenio de colaboraci\u00f3n tur\u00edstica que incluye el lanzamiento de\u2026","rel":"","context":"En &quot;Destacadas&quot;","block_context":{"text":"Destacadas","link":"https:\/\/azturismo.net\/?cat=30"},"img":{"alt_text":"","src":"https:\/\/i0.wp.com\/azturismo.net\/wp-content\/uploads\/2025\/06\/PSX_20250617_201217-1.jpg?fit=600%2C400&ssl=1&resize=350%2C200","width":350,"height":200,"srcset":"https:\/\/i0.wp.com\/azturismo.net\/wp-content\/uploads\/2025\/06\/PSX_20250617_201217-1.jpg?fit=600%2C400&ssl=1&resize=350%2C200 1x, https:\/\/i0.wp.com\/azturismo.net\/wp-content\/uploads\/2025\/06\/PSX_20250617_201217-1.jpg?fit=600%2C400&ssl=1&resize=525%2C300 1.5x"},"classes":[]},{"id":6372,"url":"https:\/\/azturismo.net\/?p=6372","url_meta":{"origin":5274,"position":3},"title":"Aerom\u00e9xico abre nuevas rutas a Barcelona y Par\u00eds","author":"Azturismo","date":"noviembre 12, 2025","format":false,"excerpt":"Por Staff AzTurismo Aerom\u00e9xico contin\u00faa ampliando su red internacional y apostando por la conectividad global. La aerol\u00ednea insignia de M\u00e9xico confirm\u00f3 que a partir de la primavera de 2026 sumar\u00e1 dos nuevas rutas transatl\u00e1nticas: Ciudad de M\u00e9xico\u2013Barcelona y Monterrey\u2013Par\u00eds Charles de Gaulle, ambas operadas con aviones Boeing 787 Dreamliner, reconocidos\u2026","rel":"","context":"En &quot;Destacadas&quot;","block_context":{"text":"Destacadas","link":"https:\/\/azturismo.net\/?cat=30"},"img":{"alt_text":"","src":"https:\/\/i0.wp.com\/azturismo.net\/wp-content\/uploads\/2025\/11\/Aeromexico-avion02.jpeg?fit=1200%2C899&ssl=1&resize=350%2C200","width":350,"height":200,"srcset":"https:\/\/i0.wp.com\/azturismo.net\/wp-content\/uploads\/2025\/11\/Aeromexico-avion02.jpeg?fit=1200%2C899&ssl=1&resize=350%2C200 1x, https:\/\/i0.wp.com\/azturismo.net\/wp-content\/uploads\/2025\/11\/Aeromexico-avion02.jpeg?fit=1200%2C899&ssl=1&resize=525%2C300 1.5x, https:\/\/i0.wp.com\/azturismo.net\/wp-content\/uploads\/2025\/11\/Aeromexico-avion02.jpeg?fit=1200%2C899&ssl=1&resize=700%2C400 2x, https:\/\/i0.wp.com\/azturismo.net\/wp-content\/uploads\/2025\/11\/Aeromexico-avion02.jpeg?fit=1200%2C899&ssl=1&resize=1050%2C600 3x"},"classes":[]},{"id":3736,"url":"https:\/\/azturismo.net\/?p=3736","url_meta":{"origin":5274,"position":4},"title":"Concretan en Tianguis Tur\u00edstico 35 nuevas rutas a\u00e9reas","author":"Azturismo","date":"mayo 2, 2025","format":false,"excerpt":"El Tianguis Tur\u00edstico M\u00e9xico 2025, fue el escenario para concretar la incorporaci\u00f3n de 35 nuevas rutas a\u00e9reas que potenciar\u00e1n el turismo receptivo y facilitar\u00e1n la movilidad de viajeros desde y hacia m\u00faltiples destinos. La secretaria de Turismo del Gobierno de M\u00e9xico, Josefina Rodr\u00edguez Zamora, manifest\u00f3 que \"la conectividad a\u00e9rea es\u2026","rel":"","context":"En &quot;Destacadas&quot;","block_context":{"text":"Destacadas","link":"https:\/\/azturismo.net\/?cat=30"},"img":{"alt_text":"","src":"https:\/\/i0.wp.com\/azturismo.net\/wp-content\/uploads\/2025\/05\/sectur-aeromexico-tianguis02.jpg?fit=600%2C399&ssl=1&resize=350%2C200","width":350,"height":200,"srcset":"https:\/\/i0.wp.com\/azturismo.net\/wp-content\/uploads\/2025\/05\/sectur-aeromexico-tianguis02.jpg?fit=600%2C399&ssl=1&resize=350%2C200 1x, https:\/\/i0.wp.com\/azturismo.net\/wp-content\/uploads\/2025\/05\/sectur-aeromexico-tianguis02.jpg?fit=600%2C399&ssl=1&resize=525%2C300 1.5x"},"classes":[]},{"id":3192,"url":"https:\/\/azturismo.net\/?p=3192","url_meta":{"origin":5274,"position":5},"title":"CDMX fortalece su alianza con el mercado tur\u00edstico colombiano en ANATO 2025","author":"Azturismo","date":"marzo 2, 2025","format":false,"excerpt":"Por Staff AzTurismo La Ciudad de M\u00e9xico brill\u00f3 en la 44\u00aa Vitrina Tur\u00edstica de la Asociaci\u00f3n Colombiana de Agencias de Viajes y Turismo (ANATO) 2025, consolid\u00e1ndose como uno de los destinos favoritos a nivel mundial. Durante el evento, se llevaron a cabo m\u00e1s de 500 citas de negocios entre funcionarios,\u2026","rel":"","context":"En &quot;Destacadas&quot;","block_context":{"text":"Destacadas","link":"https:\/\/azturismo.net\/?cat=30"},"img":{"alt_text":"","src":"https:\/\/i0.wp.com\/azturismo.net\/wp-content\/uploads\/2025\/03\/PSX_20250301_224214.jpg?fit=600%2C400&ssl=1&resize=350%2C200","width":350,"height":200,"srcset":"https:\/\/i0.wp.com\/azturismo.net\/wp-content\/uploads\/2025\/03\/PSX_20250301_224214.jpg?fit=600%2C400&ssl=1&resize=350%2C200 1x, https:\/\/i0.wp.com\/azturismo.net\/wp-content\/uploads\/2025\/03\/PSX_20250301_224214.jpg?fit=600%2C400&ssl=1&resize=525%2C300 1.5x"},"classes":[]}],"jetpack_shortlink":"https:\/\/wp.me\/pfqZGx-1n4","amp_enabled":true,"_links":{"self":[{"href":"https:\/\/azturismo.net\/index.php?rest_route=\/wp\/v2\/posts\/5274","targetHints":{"allow":["GET"]}}],"collection":[{"href":"https:\/\/azturismo.net\/index.php?rest_route=\/wp\/v2\/posts"}],"about":[{"href":"https:\/\/azturismo.net\/index.php?rest_route=\/wp\/v2\/types\/post"}],"author":[{"embeddable":true,"href":"https:\/\/azturismo.net\/index.php?rest_route=\/wp\/v2\/users\/1"}],"replies":[{"embeddable":true,"href":"https:\/\/azturismo.net\/index.php?rest_route=%2Fwp%2Fv2%2Fcomments&post=5274"}],"version-history":[{"count":3,"href":"https:\/\/azturismo.net\/index.php?rest_route=\/wp\/v2\/posts\/5274\/revisions"}],"predecessor-version":[{"id":5293,"href":"https:\/\/azturismo.net\/index.php?rest_route=\/wp\/v2\/posts\/5274\/revisions\/5293"}],"wp:featuredmedia":[{"embeddable":true,"href":"https:\/\/azturismo.net\/index.php?rest_route=\/wp\/v2\/media\/5275"}],"wp:attachment":[{"href":"https:\/\/azturismo.net\/index.php?rest_route=%2Fwp%2Fv2%2Fmedia&parent=5274"}],"wp:term":[{"taxonomy":"category","embeddable":true,"href":"https:\/\/azturismo.net\/index.php?rest_route=%2Fwp%2Fv2%2Fcategories&post=5274"},{"taxonomy":"post_tag","embeddable":true,"href":"https:\/\/azturismo.net\/index.php?rest_route=%2Fwp%2Fv2%2Ftags&post=5274"}],"curies":[{"name":"wp","href":"https:\/\/api.w.org\/{rel}","templated":true}]}}