{"id":5250,"date":"2025-09-04T22:15:00","date_gmt":"2025-09-05T04:15:00","guid":{"rendered":"https:\/\/azturismo.net\/?p=5250"},"modified":"2025-09-04T22:07:51","modified_gmt":"2025-09-05T04:07:51","slug":"arranca-expo-cafe-2025-encuentro-de-productores-baristas-y-amantes-del-cafe-%e2%98%95en-mexico%f0%9f%87%b2%f0%9f%87%bd","status":"publish","type":"post","link":"https:\/\/azturismo.net\/?p=5250","title":{"rendered":"Arranca Expo Caf\u00e9 2025: encuentro de productores, baristas y amantes del caf\u00e9 en M\u00e9xico\ud83c\uddf2\ud83c\uddfd"},"content":{"rendered":"\n<p>Por Oscar V\u00e1zquez C.<\/p>\n\n\n\n<p>\u00a1El aroma del caf\u00e9 invade la Ciudad de M\u00e9xico! a partir que se inaugur\u00f3, en el <strong>World Trade Center<\/strong>,  la edici\u00f3n 2025 de <strong>Expo Caf\u00e9<\/strong>, el encuentro m\u00e1s importante de la industria cafetalera en el pa\u00eds, con la participaci\u00f3n de productores, tostadores, baristas, distribuidores y representantes del sector tur\u00edstico y gastron\u00f3mico.<\/p>\n\n\n\n<p>Durante la ceremonia de apertura, autoridades del sector agroalimentario y tur\u00edstico coincidieron en que el caf\u00e9 mexicano es un <strong>embajador de la cultura y el turismo nacional<\/strong>, ya que detr\u00e1s de cada taza hay historia, tradici\u00f3n y un motor econ\u00f3mico para comunidades productoras en estados como Chiapas, Veracruz, Puebla, Oaxaca y Guerrero.<\/p>\n\n\n\n<h3 class=\"wp-block-heading\">Caf\u00e9, turismo y econom\u00eda: un sector en crecimiento<\/h3>\n\n\n\n<p>En representaci\u00f3n de la Secretar\u00eda de Turismo (Sectur), la directora de Productos Tur\u00edsticos, <strong>Mar\u00eda Fernanda L\u00f3pez<\/strong>, destac\u00f3 que el caf\u00e9 no solo es un producto agr\u00edcola, sino tambi\u00e9n una experiencia que impulsa el <strong>turismo gastron\u00f3mico y cultural<\/strong>.<\/p>\n\n\n\n<p>\u201cEl caf\u00e9 es identidad y es un puente entre el campo, la ciudad y el turismo. Exposiciones como esta nos permiten visibilizar el esfuerzo de productores y posicionar a M\u00e9xico como un destino donde el caf\u00e9 es parte de la experiencia de viaje\u201d, afirm\u00f3.<\/p>\n\n\n\n<p>Por su parte, <strong>Roberto Hern\u00e1ndez<\/strong>, presidente de la Asociaci\u00f3n Nacional de la Industria del Caf\u00e9, resalt\u00f3 que el consumo nacional se encuentra en constante crecimiento. Expo Caf\u00e9 es la plataforma ideal para generar alianzas de negocio que fortalezcan la cadena de valor, desde la producci\u00f3n hasta la exportaci\u00f3n.<\/p>\n\n\n\n<h3 class=\"wp-block-heading\">Innovaci\u00f3n y tradici\u00f3n en una misma sede<\/h3>\n\n\n\n<p>La expo re\u00fane durante tres d\u00edas a m\u00e1s de <strong>250 expositores nacionales e internacionales<\/strong>, quienes presentan desde innovaciones tecnol\u00f3gicas para el cultivo y la preparaci\u00f3n del caf\u00e9, hasta catas, talleres y competencias de barismo.<\/p>\n\n\n\n<p>Asimismo, <strong>representantes del sector tur\u00edstico<\/strong> subrayaron que el auge del caf\u00e9 est\u00e1 directamente relacionado con el desarrollo de rutas tem\u00e1ticas como la <strong>Ruta del Caf\u00e9 en Chiapas y Veracruz<\/strong>, que atraen cada vez a m\u00e1s visitantes nacionales y extranjeros interesados en experiencias sostenibles.<\/p>\n\n\n\n<h3 class=\"wp-block-heading\">Una plataforma para productores y nuevas generaciones<\/h3>\n\n\n\n<p>Expo Caf\u00e9 2025 tambi\u00e9n da espacio a peque\u00f1os productores, cooperativas y proyectos sociales que buscan consolidar su presencia en el mercado. En este marco, la Secretar\u00eda de Agricultura reconoci\u00f3 a j\u00f3venes emprendedores que han apostado por <strong>caf\u00e9s org\u00e1nicos, de especialidad y de comercio justo<\/strong>, elevando la calidad y competitividad del grano mexicano.<\/p>\n\n\n\n<p>Con actividades culturales, degustaciones y espacios de networking, Expo Caf\u00e9 2025 se confirma como un <strong>escenario estrat\u00e9gico para la promoci\u00f3n del caf\u00e9 mexicano<\/strong>, integrando los esfuerzos de los sectores productivo, tur\u00edstico y gastron\u00f3mico.<\/p>\n\n\n\n<p><\/p>\n","protected":false},"excerpt":{"rendered":"<p>Por Oscar V\u00e1zquez C. \u00a1El aroma del caf\u00e9 invade la Ciudad de M\u00e9xico! a partir que se inaugur\u00f3, en el World Trade Center, la edici\u00f3n 2025 de Expo Caf\u00e9, el encuentro m\u00e1s importante de la industria cafetalera en el pa\u00eds, con la participaci\u00f3n de productores, tostadores, baristas, distribuidores y representantes del sector tur\u00edstico y gastron\u00f3mico. [&hellip;]<\/p>\n","protected":false},"author":1,"featured_media":5253,"comment_status":"open","ping_status":"open","sticky":false,"template":"","format":"standard","meta":{"jetpack_post_was_ever_published":false,"_jetpack_newsletter_access":"","_jetpack_dont_email_post_to_subs":false,"_jetpack_newsletter_tier_id":0,"_jetpack_memberships_contains_paywalled_content":false,"_jetpack_memberships_contains_paid_content":false,"footnotes":"","jetpack_publicize_message":"","jetpack_publicize_feature_enabled":true,"jetpack_social_post_already_shared":true,"jetpack_social_options":{"image_generator_settings":{"template":"highway","default_image_id":0,"font":"","enabled":false},"version":2}},"categories":[30,35],"tags":[99,2307,2306],"class_list":{"0":"post-5250","1":"post","2":"type-post","3":"status-publish","4":"format-standard","5":"has-post-thumbnail","7":"category-e","8":"category-sabores","9":"tag-azturismo","10":"tag-cafe-mexicano","11":"tag-expo-cafe-2025-2"},"yoast_head":"<!-- This site is optimized with the Yoast SEO plugin v27.5 - https:\/\/yoast.com\/product\/yoast-seo-wordpress\/ -->\n<title>Arranca Expo Caf\u00e9 2025: encuentro de productores, baristas y amantes del caf\u00e9 en M\u00e9xico\ud83c\uddf2\ud83c\uddfd - Azturismo Noticias<\/title>\n<meta name=\"description\" content=\"\u00a1El aroma del caf\u00e9 invade la Ciudad de M\u00e9xico! a partir que se inaugur\u00f3, en el World Trade Center, la edici\u00f3n 2025 de Expo Caf\u00e9, el encuentro m\u00e1s importante de la industria cafetalera en el pa\u00eds, con la participaci\u00f3n de productores, tostadores, baristas, distribuidores y representantes del sector tur\u00edstico y gastron\u00f3mico.\" \/>\n<meta name=\"robots\" content=\"index, follow, max-snippet:-1, max-image-preview:large, max-video-preview:-1\" \/>\n<link rel=\"canonical\" href=\"https:\/\/azturismo.net\/?p=5250\" \/>\n<meta property=\"og:locale\" content=\"es_MX\" \/>\n<meta property=\"og:type\" content=\"article\" \/>\n<meta property=\"og:title\" content=\"Arranca Expo Caf\u00e9 2025: encuentro de productores, baristas y amantes del caf\u00e9 en M\u00e9xico\ud83c\uddf2\ud83c\uddfd - Azturismo Noticias\" \/>\n<meta property=\"og:description\" content=\"\u00a1El aroma del caf\u00e9 invade la Ciudad de M\u00e9xico! a partir que se inaugur\u00f3, en el World Trade Center, la edici\u00f3n 2025 de Expo Caf\u00e9, el encuentro m\u00e1s importante de la industria cafetalera en el pa\u00eds, con la participaci\u00f3n de productores, tostadores, baristas, distribuidores y representantes del sector tur\u00edstico y gastron\u00f3mico.\" \/>\n<meta property=\"og:url\" content=\"https:\/\/azturismo.net\/?p=5250\" \/>\n<meta property=\"og:site_name\" content=\"Azturismo Noticias\" \/>\n<meta property=\"article:publisher\" content=\"https:\/\/www.facebook.com\/AzturismoNoticias\" \/>\n<meta property=\"article:published_time\" content=\"2025-09-05T04:15:00+00:00\" \/>\n<meta property=\"og:image\" content=\"https:\/\/i0.wp.com\/azturismo.net\/wp-content\/uploads\/2025\/09\/20250904_143236.jpg?fit=800%2C600&ssl=1\" \/>\n\t<meta property=\"og:image:width\" content=\"800\" \/>\n\t<meta property=\"og:image:height\" content=\"600\" \/>\n\t<meta property=\"og:image:type\" content=\"image\/jpeg\" \/>\n<meta name=\"author\" content=\"Azturismo\" \/>\n<meta name=\"twitter:card\" content=\"summary_large_image\" \/>\n<meta name=\"twitter:creator\" content=\"@AzTurismo\" \/>\n<meta name=\"twitter:site\" content=\"@AzTurismo\" \/>\n<meta name=\"twitter:label1\" content=\"Escrito por\" \/>\n\t<meta name=\"twitter:data1\" content=\"Azturismo\" \/>\n\t<meta name=\"twitter:label2\" content=\"Tiempo de lectura\" \/>\n\t<meta name=\"twitter:data2\" content=\"3 minutos\" \/>\n<script type=\"application\/ld+json\" class=\"yoast-schema-graph\">{\"@context\":\"https:\\\/\\\/schema.org\",\"@graph\":[{\"@type\":\"Article\",\"@id\":\"https:\\\/\\\/azturismo.net\\\/?p=5250#article\",\"isPartOf\":{\"@id\":\"https:\\\/\\\/azturismo.net\\\/?p=5250\"},\"author\":{\"name\":\"Azturismo\",\"@id\":\"https:\\\/\\\/azturismo.net\\\/#\\\/schema\\\/person\\\/4b56d87f51c4d1b518c650739ad3bbc1\"},\"headline\":\"Arranca Expo Caf\u00e9 2025: encuentro de productores, baristas y amantes del caf\u00e9 en M\u00e9xico\ud83c\uddf2\ud83c\uddfd\",\"datePublished\":\"2025-09-05T04:15:00+00:00\",\"mainEntityOfPage\":{\"@id\":\"https:\\\/\\\/azturismo.net\\\/?p=5250\"},\"wordCount\":476,\"commentCount\":0,\"publisher\":{\"@id\":\"https:\\\/\\\/azturismo.net\\\/#organization\"},\"image\":{\"@id\":\"https:\\\/\\\/azturismo.net\\\/?p=5250#primaryimage\"},\"thumbnailUrl\":\"https:\\\/\\\/i0.wp.com\\\/azturismo.net\\\/wp-content\\\/uploads\\\/2025\\\/09\\\/20250904_143236.jpg?fit=800%2C600&ssl=1\",\"keywords\":[\"azturismo\",\"Cafe mexicano\",\"Expo cafe 2025\"],\"articleSection\":[\"Destacadas\",\"SABORES\"],\"inLanguage\":\"es\",\"potentialAction\":[{\"@type\":\"CommentAction\",\"name\":\"Comment\",\"target\":[\"https:\\\/\\\/azturismo.net\\\/?p=5250#respond\"]}]},{\"@type\":\"WebPage\",\"@id\":\"https:\\\/\\\/azturismo.net\\\/?p=5250\",\"url\":\"https:\\\/\\\/azturismo.net\\\/?p=5250\",\"name\":\"Arranca Expo Caf\u00e9 2025: encuentro de productores, baristas y amantes del caf\u00e9 en M\u00e9xico\ud83c\uddf2\ud83c\uddfd - Azturismo Noticias\",\"isPartOf\":{\"@id\":\"https:\\\/\\\/azturismo.net\\\/#website\"},\"primaryImageOfPage\":{\"@id\":\"https:\\\/\\\/azturismo.net\\\/?p=5250#primaryimage\"},\"image\":{\"@id\":\"https:\\\/\\\/azturismo.net\\\/?p=5250#primaryimage\"},\"thumbnailUrl\":\"https:\\\/\\\/i0.wp.com\\\/azturismo.net\\\/wp-content\\\/uploads\\\/2025\\\/09\\\/20250904_143236.jpg?fit=800%2C600&ssl=1\",\"datePublished\":\"2025-09-05T04:15:00+00:00\",\"description\":\"\u00a1El aroma del caf\u00e9 invade la Ciudad de M\u00e9xico! a partir que se inaugur\u00f3, en el World Trade Center, la edici\u00f3n 2025 de Expo Caf\u00e9, el encuentro m\u00e1s importante de la industria cafetalera en el pa\u00eds, con la participaci\u00f3n de productores, tostadores, baristas, distribuidores y representantes del sector tur\u00edstico y gastron\u00f3mico.\",\"breadcrumb\":{\"@id\":\"https:\\\/\\\/azturismo.net\\\/?p=5250#breadcrumb\"},\"inLanguage\":\"es\",\"potentialAction\":[{\"@type\":\"ReadAction\",\"target\":[\"https:\\\/\\\/azturismo.net\\\/?p=5250\"]}]},{\"@type\":\"ImageObject\",\"inLanguage\":\"es\",\"@id\":\"https:\\\/\\\/azturismo.net\\\/?p=5250#primaryimage\",\"url\":\"https:\\\/\\\/i0.wp.com\\\/azturismo.net\\\/wp-content\\\/uploads\\\/2025\\\/09\\\/20250904_143236.jpg?fit=800%2C600&ssl=1\",\"contentUrl\":\"https:\\\/\\\/i0.wp.com\\\/azturismo.net\\\/wp-content\\\/uploads\\\/2025\\\/09\\\/20250904_143236.jpg?fit=800%2C600&ssl=1\",\"width\":800,\"height\":600},{\"@type\":\"BreadcrumbList\",\"@id\":\"https:\\\/\\\/azturismo.net\\\/?p=5250#breadcrumb\",\"itemListElement\":[{\"@type\":\"ListItem\",\"position\":1,\"name\":\"Home\",\"item\":\"https:\\\/\\\/azturismo.net\\\/\"},{\"@type\":\"ListItem\",\"position\":2,\"name\":\"Arranca Expo Caf\u00e9 2025: encuentro de productores, baristas y amantes del caf\u00e9 en M\u00e9xico\ud83c\uddf2\ud83c\uddfd\"}]},{\"@type\":\"WebSite\",\"@id\":\"https:\\\/\\\/azturismo.net\\\/#website\",\"url\":\"https:\\\/\\\/azturismo.net\\\/\",\"name\":\"Azturismo\",\"description\":\"Azturismo Noticias\",\"publisher\":{\"@id\":\"https:\\\/\\\/azturismo.net\\\/#organization\"},\"potentialAction\":[{\"@type\":\"SearchAction\",\"target\":{\"@type\":\"EntryPoint\",\"urlTemplate\":\"https:\\\/\\\/azturismo.net\\\/?s={search_term_string}\"},\"query-input\":{\"@type\":\"PropertyValueSpecification\",\"valueRequired\":true,\"valueName\":\"search_term_string\"}}],\"inLanguage\":\"es\"},{\"@type\":\"Organization\",\"@id\":\"https:\\\/\\\/azturismo.net\\\/#organization\",\"name\":\"Azturismo\",\"url\":\"https:\\\/\\\/azturismo.net\\\/\",\"logo\":{\"@type\":\"ImageObject\",\"inLanguage\":\"es\",\"@id\":\"https:\\\/\\\/azturismo.net\\\/#\\\/schema\\\/logo\\\/image\\\/\",\"url\":\"https:\\\/\\\/i0.wp.com\\\/azturismo.net\\\/wp-content\\\/uploads\\\/2024\\\/03\\\/logo-el-bueno-.png?fit=294%2C69&ssl=1\",\"contentUrl\":\"https:\\\/\\\/i0.wp.com\\\/azturismo.net\\\/wp-content\\\/uploads\\\/2024\\\/03\\\/logo-el-bueno-.png?fit=294%2C69&ssl=1\",\"width\":294,\"height\":69,\"caption\":\"Azturismo\"},\"image\":{\"@id\":\"https:\\\/\\\/azturismo.net\\\/#\\\/schema\\\/logo\\\/image\\\/\"},\"sameAs\":[\"https:\\\/\\\/www.facebook.com\\\/AzturismoNoticias\",\"https:\\\/\\\/x.com\\\/AzTurismo\",\"https:\\\/\\\/www.instagram.com\\\/azturismo_noticias\\\/?fbclid=IwAR2xMiuoHbs6eLeIHKP8P5sSGa-xFrw7FfejscXO7kDghWa7wKLjGczKOwE\",\"https:\\\/\\\/www.tiktok.com\\\/@azturismo\"]},{\"@type\":\"Person\",\"@id\":\"https:\\\/\\\/azturismo.net\\\/#\\\/schema\\\/person\\\/4b56d87f51c4d1b518c650739ad3bbc1\",\"name\":\"Azturismo\",\"image\":{\"@type\":\"ImageObject\",\"inLanguage\":\"es\",\"@id\":\"https:\\\/\\\/azturismo.net\\\/wp-content\\\/litespeed\\\/avatar\\\/dfe28a31cdd68b788da48a316e50db10.jpg?ver=1777707566\",\"url\":\"https:\\\/\\\/azturismo.net\\\/wp-content\\\/litespeed\\\/avatar\\\/dfe28a31cdd68b788da48a316e50db10.jpg?ver=1777707566\",\"contentUrl\":\"https:\\\/\\\/azturismo.net\\\/wp-content\\\/litespeed\\\/avatar\\\/dfe28a31cdd68b788da48a316e50db10.jpg?ver=1777707566\",\"caption\":\"Azturismo\"},\"sameAs\":[\"https:\\\/\\\/azturismo.net\"],\"url\":\"https:\\\/\\\/azturismo.net\\\/?author=1\"}]}<\/script>\n<!-- \/ Yoast SEO plugin. -->","yoast_head_json":{"title":"Arranca Expo Caf\u00e9 2025: encuentro de productores, baristas y amantes del caf\u00e9 en M\u00e9xico\ud83c\uddf2\ud83c\uddfd - Azturismo Noticias","description":"\u00a1El aroma del caf\u00e9 invade la Ciudad de M\u00e9xico! a partir que se inaugur\u00f3, en el World Trade Center, la edici\u00f3n 2025 de Expo Caf\u00e9, el encuentro m\u00e1s importante de la industria cafetalera en el pa\u00eds, con la participaci\u00f3n de productores, tostadores, baristas, distribuidores y representantes del sector tur\u00edstico y gastron\u00f3mico.","robots":{"index":"index","follow":"follow","max-snippet":"max-snippet:-1","max-image-preview":"max-image-preview:large","max-video-preview":"max-video-preview:-1"},"canonical":"https:\/\/azturismo.net\/?p=5250","og_locale":"es_MX","og_type":"article","og_title":"Arranca Expo Caf\u00e9 2025: encuentro de productores, baristas y amantes del caf\u00e9 en M\u00e9xico\ud83c\uddf2\ud83c\uddfd - Azturismo Noticias","og_description":"\u00a1El aroma del caf\u00e9 invade la Ciudad de M\u00e9xico! a partir que se inaugur\u00f3, en el World Trade Center, la edici\u00f3n 2025 de Expo Caf\u00e9, el encuentro m\u00e1s importante de la industria cafetalera en el pa\u00eds, con la participaci\u00f3n de productores, tostadores, baristas, distribuidores y representantes del sector tur\u00edstico y gastron\u00f3mico.","og_url":"https:\/\/azturismo.net\/?p=5250","og_site_name":"Azturismo Noticias","article_publisher":"https:\/\/www.facebook.com\/AzturismoNoticias","article_published_time":"2025-09-05T04:15:00+00:00","og_image":[{"width":800,"height":600,"url":"https:\/\/i0.wp.com\/azturismo.net\/wp-content\/uploads\/2025\/09\/20250904_143236.jpg?fit=800%2C600&ssl=1","type":"image\/jpeg"}],"author":"Azturismo","twitter_card":"summary_large_image","twitter_creator":"@AzTurismo","twitter_site":"@AzTurismo","twitter_misc":{"Escrito por":"Azturismo","Tiempo de lectura":"3 minutos"},"schema":{"@context":"https:\/\/schema.org","@graph":[{"@type":"Article","@id":"https:\/\/azturismo.net\/?p=5250#article","isPartOf":{"@id":"https:\/\/azturismo.net\/?p=5250"},"author":{"name":"Azturismo","@id":"https:\/\/azturismo.net\/#\/schema\/person\/4b56d87f51c4d1b518c650739ad3bbc1"},"headline":"Arranca Expo Caf\u00e9 2025: encuentro de productores, baristas y amantes del caf\u00e9 en M\u00e9xico\ud83c\uddf2\ud83c\uddfd","datePublished":"2025-09-05T04:15:00+00:00","mainEntityOfPage":{"@id":"https:\/\/azturismo.net\/?p=5250"},"wordCount":476,"commentCount":0,"publisher":{"@id":"https:\/\/azturismo.net\/#organization"},"image":{"@id":"https:\/\/azturismo.net\/?p=5250#primaryimage"},"thumbnailUrl":"https:\/\/i0.wp.com\/azturismo.net\/wp-content\/uploads\/2025\/09\/20250904_143236.jpg?fit=800%2C600&ssl=1","keywords":["azturismo","Cafe mexicano","Expo cafe 2025"],"articleSection":["Destacadas","SABORES"],"inLanguage":"es","potentialAction":[{"@type":"CommentAction","name":"Comment","target":["https:\/\/azturismo.net\/?p=5250#respond"]}]},{"@type":"WebPage","@id":"https:\/\/azturismo.net\/?p=5250","url":"https:\/\/azturismo.net\/?p=5250","name":"Arranca Expo Caf\u00e9 2025: encuentro de productores, baristas y amantes del caf\u00e9 en M\u00e9xico\ud83c\uddf2\ud83c\uddfd - Azturismo Noticias","isPartOf":{"@id":"https:\/\/azturismo.net\/#website"},"primaryImageOfPage":{"@id":"https:\/\/azturismo.net\/?p=5250#primaryimage"},"image":{"@id":"https:\/\/azturismo.net\/?p=5250#primaryimage"},"thumbnailUrl":"https:\/\/i0.wp.com\/azturismo.net\/wp-content\/uploads\/2025\/09\/20250904_143236.jpg?fit=800%2C600&ssl=1","datePublished":"2025-09-05T04:15:00+00:00","description":"\u00a1El aroma del caf\u00e9 invade la Ciudad de M\u00e9xico! a partir que se inaugur\u00f3, en el World Trade Center, la edici\u00f3n 2025 de Expo Caf\u00e9, el encuentro m\u00e1s importante de la industria cafetalera en el pa\u00eds, con la participaci\u00f3n de productores, tostadores, baristas, distribuidores y representantes del sector tur\u00edstico y gastron\u00f3mico.","breadcrumb":{"@id":"https:\/\/azturismo.net\/?p=5250#breadcrumb"},"inLanguage":"es","potentialAction":[{"@type":"ReadAction","target":["https:\/\/azturismo.net\/?p=5250"]}]},{"@type":"ImageObject","inLanguage":"es","@id":"https:\/\/azturismo.net\/?p=5250#primaryimage","url":"https:\/\/i0.wp.com\/azturismo.net\/wp-content\/uploads\/2025\/09\/20250904_143236.jpg?fit=800%2C600&ssl=1","contentUrl":"https:\/\/i0.wp.com\/azturismo.net\/wp-content\/uploads\/2025\/09\/20250904_143236.jpg?fit=800%2C600&ssl=1","width":800,"height":600},{"@type":"BreadcrumbList","@id":"https:\/\/azturismo.net\/?p=5250#breadcrumb","itemListElement":[{"@type":"ListItem","position":1,"name":"Home","item":"https:\/\/azturismo.net\/"},{"@type":"ListItem","position":2,"name":"Arranca Expo Caf\u00e9 2025: encuentro de productores, baristas y amantes del caf\u00e9 en M\u00e9xico\ud83c\uddf2\ud83c\uddfd"}]},{"@type":"WebSite","@id":"https:\/\/azturismo.net\/#website","url":"https:\/\/azturismo.net\/","name":"Azturismo","description":"Azturismo Noticias","publisher":{"@id":"https:\/\/azturismo.net\/#organization"},"potentialAction":[{"@type":"SearchAction","target":{"@type":"EntryPoint","urlTemplate":"https:\/\/azturismo.net\/?s={search_term_string}"},"query-input":{"@type":"PropertyValueSpecification","valueRequired":true,"valueName":"search_term_string"}}],"inLanguage":"es"},{"@type":"Organization","@id":"https:\/\/azturismo.net\/#organization","name":"Azturismo","url":"https:\/\/azturismo.net\/","logo":{"@type":"ImageObject","inLanguage":"es","@id":"https:\/\/azturismo.net\/#\/schema\/logo\/image\/","url":"https:\/\/i0.wp.com\/azturismo.net\/wp-content\/uploads\/2024\/03\/logo-el-bueno-.png?fit=294%2C69&ssl=1","contentUrl":"https:\/\/i0.wp.com\/azturismo.net\/wp-content\/uploads\/2024\/03\/logo-el-bueno-.png?fit=294%2C69&ssl=1","width":294,"height":69,"caption":"Azturismo"},"image":{"@id":"https:\/\/azturismo.net\/#\/schema\/logo\/image\/"},"sameAs":["https:\/\/www.facebook.com\/AzturismoNoticias","https:\/\/x.com\/AzTurismo","https:\/\/www.instagram.com\/azturismo_noticias\/?fbclid=IwAR2xMiuoHbs6eLeIHKP8P5sSGa-xFrw7FfejscXO7kDghWa7wKLjGczKOwE","https:\/\/www.tiktok.com\/@azturismo"]},{"@type":"Person","@id":"https:\/\/azturismo.net\/#\/schema\/person\/4b56d87f51c4d1b518c650739ad3bbc1","name":"Azturismo","image":{"@type":"ImageObject","inLanguage":"es","@id":"https:\/\/azturismo.net\/wp-content\/litespeed\/avatar\/dfe28a31cdd68b788da48a316e50db10.jpg?ver=1777707566","url":"https:\/\/azturismo.net\/wp-content\/litespeed\/avatar\/dfe28a31cdd68b788da48a316e50db10.jpg?ver=1777707566","contentUrl":"https:\/\/azturismo.net\/wp-content\/litespeed\/avatar\/dfe28a31cdd68b788da48a316e50db10.jpg?ver=1777707566","caption":"Azturismo"},"sameAs":["https:\/\/azturismo.net"],"url":"https:\/\/azturismo.net\/?author=1"}]}},"jetpack_publicize_connections":[],"jetpack_featured_media_url":"https:\/\/i0.wp.com\/azturismo.net\/wp-content\/uploads\/2025\/09\/20250904_143236.jpg?fit=800%2C600&ssl=1","jetpack_sharing_enabled":true,"jetpack-related-posts":[{"id":5294,"url":"https:\/\/azturismo.net\/?p=5294","url_meta":{"origin":5250,"position":0},"title":"\u00a1Expo Caf\u00e9 2025 se convirti\u00f3 en la capital del caf\u00e9 de M\u00e9xico!","author":"Azturismo","date":"septiembre 12, 2025","format":false,"excerpt":"Scarlett V\u00e1zquez Flores\/Oscar V\u00e1zquez C. Los aromas a caf\u00e9 invadieron el World Trade Center y el Pepsi Center para convertirse en el epicentro gastron\u00f3mico de M\u00e9xico con la celebraci\u00f3n conjunta de Expo Caf\u00e9, Gourmet Show y Sal\u00f3n Chocolate & Cacao 2025, tres de las ferias m\u00e1s esperadas de la industria,\u2026","rel":"","context":"En &quot;Destacadas&quot;","block_context":{"text":"Destacadas","link":"https:\/\/azturismo.net\/?cat=30"},"img":{"alt_text":"","src":"https:\/\/i0.wp.com\/azturismo.net\/wp-content\/uploads\/2025\/09\/Foto.-Joaquingalan-expocafe01.jpeg?fit=600%2C450&ssl=1&resize=350%2C200","width":350,"height":200,"srcset":"https:\/\/i0.wp.com\/azturismo.net\/wp-content\/uploads\/2025\/09\/Foto.-Joaquingalan-expocafe01.jpeg?fit=600%2C450&ssl=1&resize=350%2C200 1x, https:\/\/i0.wp.com\/azturismo.net\/wp-content\/uploads\/2025\/09\/Foto.-Joaquingalan-expocafe01.jpeg?fit=600%2C450&ssl=1&resize=525%2C300 1.5x"},"classes":[]},{"id":5205,"url":"https:\/\/azturismo.net\/?p=5205","url_meta":{"origin":5250,"position":1},"title":"Expo Caf\u00e9 2025, el mejor lugsr para conocer el universo del caf\u00e9","author":"Azturismo","date":"septiembre 2, 2025","format":false,"excerpt":"Por Scarlett V\u00e1zquez Flores Del 4 al 6 de septiembre, el World Trade Center y el Pepsi Center se transformar\u00e1n en el epicentro del caf\u00e9 en M\u00e9xico con la celebraci\u00f3n de Expo Caf\u00e9 2025, el encuentro m\u00e1s importante para productores, baristas, catadores, marcas, cafeter\u00edas y consumidores apasionados por esta bebida\u2026","rel":"","context":"En &quot;Destacadas&quot;","block_context":{"text":"Destacadas","link":"https:\/\/azturismo.net\/?cat=30"},"img":{"alt_text":"","src":"https:\/\/i0.wp.com\/azturismo.net\/wp-content\/uploads\/2025\/09\/Cc-14-1.jpg?fit=800%2C532&ssl=1&resize=350%2C200","width":350,"height":200,"srcset":"https:\/\/i0.wp.com\/azturismo.net\/wp-content\/uploads\/2025\/09\/Cc-14-1.jpg?fit=800%2C532&ssl=1&resize=350%2C200 1x, https:\/\/i0.wp.com\/azturismo.net\/wp-content\/uploads\/2025\/09\/Cc-14-1.jpg?fit=800%2C532&ssl=1&resize=525%2C300 1.5x, https:\/\/i0.wp.com\/azturismo.net\/wp-content\/uploads\/2025\/09\/Cc-14-1.jpg?fit=800%2C532&ssl=1&resize=700%2C400 2x"},"classes":[]},{"id":7018,"url":"https:\/\/azturismo.net\/?p=7018","url_meta":{"origin":5250,"position":2},"title":"Coatepec 2026 ser\u00e1 la capital mundial del caf\u00e9","author":"Azturismo","date":"abril 13, 2026","format":false,"excerpt":"Por Oscar V\u00e1zquez C.Coatepec, Veracruz, se prepara para recibir a miles de visitantes con la Feria Nacional del Caf\u00e9 Coatepec 2026, una celebraci\u00f3n que busca consolidarse como el motor tur\u00edstico de esta regi\u00f3n cafetalera. El evento, que se realizar\u00e1 del 30 de abril al 10 de mayo, fue presentado oficialmente\u2026","rel":"","context":"En &quot;Destacadas&quot;","block_context":{"text":"Destacadas","link":"https:\/\/azturismo.net\/?cat=30"},"img":{"alt_text":"","src":"https:\/\/i0.wp.com\/azturismo.net\/wp-content\/uploads\/2026\/04\/coatepec_.jpeg?fit=600%2C316&ssl=1&resize=350%2C200","width":350,"height":200,"srcset":"https:\/\/i0.wp.com\/azturismo.net\/wp-content\/uploads\/2026\/04\/coatepec_.jpeg?fit=600%2C316&ssl=1&resize=350%2C200 1x, https:\/\/i0.wp.com\/azturismo.net\/wp-content\/uploads\/2026\/04\/coatepec_.jpeg?fit=600%2C316&ssl=1&resize=525%2C300 1.5x"},"classes":[]},{"id":5193,"url":"https:\/\/azturismo.net\/?p=5193","url_meta":{"origin":5250,"position":3},"title":"\u00bfDe qu\u00e9 color sabe tu caf\u00e9?","author":"Azturismo","date":"agosto 29, 2025","format":false,"excerpt":"Por Scarlett V\u00e1zquez Flores El caf\u00e9 no se bebe, se vive. Cada taza encierra un viaje que va m\u00e1s all\u00e1 del grano y del m\u00e9todo de extracci\u00f3n: se construye con la vista, el o\u00eddo, el tacto y hasta con la luz del espacio donde lo disfrutamos. El sabor, en realidad,\u2026","rel":"","context":"En &quot;Destacadas&quot;","block_context":{"text":"Destacadas","link":"https:\/\/azturismo.net\/?cat=30"},"img":{"alt_text":"","src":"https:\/\/i0.wp.com\/azturismo.net\/wp-content\/uploads\/2025\/08\/ExpoCafe1.jpg?fit=600%2C448&ssl=1&resize=350%2C200","width":350,"height":200,"srcset":"https:\/\/i0.wp.com\/azturismo.net\/wp-content\/uploads\/2025\/08\/ExpoCafe1.jpg?fit=600%2C448&ssl=1&resize=350%2C200 1x, https:\/\/i0.wp.com\/azturismo.net\/wp-content\/uploads\/2025\/08\/ExpoCafe1.jpg?fit=600%2C448&ssl=1&resize=525%2C300 1.5x"},"classes":[]},{"id":5322,"url":"https:\/\/azturismo.net\/?p=5322","url_meta":{"origin":5250,"position":4},"title":"\ud83c\udf31 Llega a M\u00e9xico The Good Cup, el vaso plegable que elimina tapas de pl\u00e1stico","author":"Azturismo","date":"septiembre 10, 2025","format":false,"excerpt":"Por Scarlett V\u00e1zquez Flores En el marco de la Expo Caf\u00e9 2025, celebrada en el World Trade Center de la capital, se present\u00f3 en M\u00e9xico The Good Cup, el primer vaso compostable y reutilizable que elimina la necesidad de tapas pl\u00e1sticas. Esta innovaci\u00f3n, reconocida internacionalmente por su dise\u00f1o patentado, busca\u2026","rel":"","context":"En &quot;Destacadas&quot;","block_context":{"text":"Destacadas","link":"https:\/\/azturismo.net\/?cat=30"},"img":{"alt_text":"","src":"https:\/\/i0.wp.com\/azturismo.net\/wp-content\/uploads\/2025\/09\/tgc.png?fit=600%2C385&ssl=1&resize=350%2C200","width":350,"height":200,"srcset":"https:\/\/i0.wp.com\/azturismo.net\/wp-content\/uploads\/2025\/09\/tgc.png?fit=600%2C385&ssl=1&resize=350%2C200 1x, https:\/\/i0.wp.com\/azturismo.net\/wp-content\/uploads\/2025\/09\/tgc.png?fit=600%2C385&ssl=1&resize=525%2C300 1.5x"},"classes":[]},{"id":3464,"url":"https:\/\/azturismo.net\/?p=3464","url_meta":{"origin":5250,"position":5},"title":"\ud83c\udf37Coatepec se llena de color con la Feria Internacional de la Orqu\u00eddea 2025","author":"Azturismo","date":"marzo 25, 2025","format":false,"excerpt":"Por Staff AzTurismo Del 11 al 20 de abril, el Pueblo M\u00e1gico de Coatepec, Veracruz, ser\u00e1 sede de la 15\u00aa Edici\u00f3n del Festival Internacional de la Orqu\u00eddea, el evento m\u00e1s grande de su tipo en M\u00e9xico. Participar\u00e1n 200 productores, investigadores, artesanos y cafeticultores, quienes exhibir\u00e1n m\u00e1s de 25 mil flores\u2026","rel":"","context":"En &quot;Destacadas&quot;","block_context":{"text":"Destacadas","link":"https:\/\/azturismo.net\/?cat=30"},"img":{"alt_text":"","src":"https:\/\/i0.wp.com\/azturismo.net\/wp-content\/uploads\/2025\/03\/PSX_20250325_173253.jpg?fit=600%2C347&ssl=1&resize=350%2C200","width":350,"height":200,"srcset":"https:\/\/i0.wp.com\/azturismo.net\/wp-content\/uploads\/2025\/03\/PSX_20250325_173253.jpg?fit=600%2C347&ssl=1&resize=350%2C200 1x, https:\/\/i0.wp.com\/azturismo.net\/wp-content\/uploads\/2025\/03\/PSX_20250325_173253.jpg?fit=600%2C347&ssl=1&resize=525%2C300 1.5x"},"classes":[]}],"jetpack_shortlink":"https:\/\/wp.me\/pfqZGx-1mG","amp_enabled":true,"_links":{"self":[{"href":"https:\/\/azturismo.net\/index.php?rest_route=\/wp\/v2\/posts\/5250","targetHints":{"allow":["GET"]}}],"collection":[{"href":"https:\/\/azturismo.net\/index.php?rest_route=\/wp\/v2\/posts"}],"about":[{"href":"https:\/\/azturismo.net\/index.php?rest_route=\/wp\/v2\/types\/post"}],"author":[{"embeddable":true,"href":"https:\/\/azturismo.net\/index.php?rest_route=\/wp\/v2\/users\/1"}],"replies":[{"embeddable":true,"href":"https:\/\/azturismo.net\/index.php?rest_route=%2Fwp%2Fv2%2Fcomments&post=5250"}],"version-history":[{"count":2,"href":"https:\/\/azturismo.net\/index.php?rest_route=\/wp\/v2\/posts\/5250\/revisions"}],"predecessor-version":[{"id":5254,"href":"https:\/\/azturismo.net\/index.php?rest_route=\/wp\/v2\/posts\/5250\/revisions\/5254"}],"wp:featuredmedia":[{"embeddable":true,"href":"https:\/\/azturismo.net\/index.php?rest_route=\/wp\/v2\/media\/5253"}],"wp:attachment":[{"href":"https:\/\/azturismo.net\/index.php?rest_route=%2Fwp%2Fv2%2Fmedia&parent=5250"}],"wp:term":[{"taxonomy":"category","embeddable":true,"href":"https:\/\/azturismo.net\/index.php?rest_route=%2Fwp%2Fv2%2Fcategories&post=5250"},{"taxonomy":"post_tag","embeddable":true,"href":"https:\/\/azturismo.net\/index.php?rest_route=%2Fwp%2Fv2%2Ftags&post=5250"}],"curies":[{"name":"wp","href":"https:\/\/api.w.org\/{rel}","templated":true}]}}