{"id":5238,"date":"2025-09-02T21:02:40","date_gmt":"2025-09-03T03:02:40","guid":{"rendered":"https:\/\/azturismo.net\/?p=5238"},"modified":"2025-09-02T21:06:50","modified_gmt":"2025-09-03T03:06:50","slug":"reforza-sectur-cdmx-la-identidad-cultural-de-en-aicm","status":"publish","type":"post","link":"https:\/\/azturismo.net\/?p=5238","title":{"rendered":"Refuerza Sectur CDMX la identidad cultural   en AICM"},"content":{"rendered":"\n<p>Por Staff AzTurismo <\/p>\n\n\n\n<p>El Aeropuerto Internacional de la Ciudad de M\u00e9xico (AICM) y la Secretar\u00eda de Turismo de la Ciudad de M\u00e9xico (Sectur CDMX) firmaron un convenio de colaboraci\u00f3n que tiene como objetivo <strong>fortalecer la proyecci\u00f3n tur\u00edstica y cultural de la capital del pa\u00eds<\/strong>. Como primer resultado, este martes se devel\u00f3 el mural <strong>\u201cMemoria y Territorio\u201d<\/strong>, una pieza monumental que ahora recibe a los visitantes en la <strong>Terminal 2<\/strong>, el principal punto de entrada a\u00e9rea al pa\u00eds.<\/p>\n\n\n\n<h2 class=\"wp-block-heading\">Un mural que da la bienvenida al mundo<\/h2>\n\n\n\n<p>Creado por artistas urbanos de la Ciudad de M\u00e9xico con ra\u00edces en el grafiti, el mural se compone de <strong>cuatro cuadros de gran formato<\/strong> que muestran la riqueza cultural, hist\u00f3rica y contempor\u00e1nea de la capital.<\/p>\n\n\n<div class=\"wp-block-image\">\n<figure class=\"aligncenter size-large\"><img data-recalc-dims=\"1\" loading=\"lazy\" decoding=\"async\" width=\"696\" height=\"491\" data-attachment-id=\"5241\" data-permalink=\"https:\/\/azturismo.net\/?attachment_id=5241\" data-orig-file=\"https:\/\/i0.wp.com\/azturismo.net\/wp-content\/uploads\/2025\/09\/1000113440.jpg?fit=1554%2C1097&amp;ssl=1\" data-orig-size=\"1554,1097\" data-comments-opened=\"1\" data-image-meta=\"{&quot;aperture&quot;:&quot;0&quot;,&quot;credit&quot;:&quot;&quot;,&quot;camera&quot;:&quot;&quot;,&quot;caption&quot;:&quot;&quot;,&quot;created_timestamp&quot;:&quot;0&quot;,&quot;copyright&quot;:&quot;&quot;,&quot;focal_length&quot;:&quot;0&quot;,&quot;iso&quot;:&quot;0&quot;,&quot;shutter_speed&quot;:&quot;0&quot;,&quot;title&quot;:&quot;&quot;,&quot;orientation&quot;:&quot;1&quot;}\" data-image-title=\"1000113440\" data-image-description=\"\" data-image-caption=\"\" data-large-file=\"https:\/\/i0.wp.com\/azturismo.net\/wp-content\/uploads\/2025\/09\/1000113440.jpg?fit=696%2C491&amp;ssl=1\" src=\"https:\/\/i0.wp.com\/azturismo.net\/wp-content\/uploads\/2025\/09\/1000113440.jpg?resize=696%2C491&#038;ssl=1\" alt=\"\" class=\"wp-image-5241\" srcset=\"https:\/\/i0.wp.com\/azturismo.net\/wp-content\/uploads\/2025\/09\/1000113440.jpg?resize=1024%2C723&amp;ssl=1 1024w, https:\/\/i0.wp.com\/azturismo.net\/wp-content\/uploads\/2025\/09\/1000113440.jpg?resize=300%2C212&amp;ssl=1 300w, https:\/\/i0.wp.com\/azturismo.net\/wp-content\/uploads\/2025\/09\/1000113440.jpg?resize=768%2C542&amp;ssl=1 768w, https:\/\/i0.wp.com\/azturismo.net\/wp-content\/uploads\/2025\/09\/1000113440.jpg?resize=1536%2C1084&amp;ssl=1 1536w, https:\/\/i0.wp.com\/azturismo.net\/wp-content\/uploads\/2025\/09\/1000113440.jpg?resize=150%2C106&amp;ssl=1 150w, https:\/\/i0.wp.com\/azturismo.net\/wp-content\/uploads\/2025\/09\/1000113440.jpg?resize=696%2C491&amp;ssl=1 696w, https:\/\/i0.wp.com\/azturismo.net\/wp-content\/uploads\/2025\/09\/1000113440.jpg?resize=1068%2C754&amp;ssl=1 1068w, https:\/\/i0.wp.com\/azturismo.net\/wp-content\/uploads\/2025\/09\/1000113440.jpg?w=1554&amp;ssl=1 1554w, https:\/\/i0.wp.com\/azturismo.net\/wp-content\/uploads\/2025\/09\/1000113440.jpg?w=1392&amp;ssl=1 1392w\" sizes=\"auto, (max-width: 696px) 100vw, 696px\" \/><\/figure><\/div>\n\n\n<p>La obra incluye referencias a <strong>Xochimilco y sus trajineras, el \u00c1ngel de la Independencia, el Monumento a la Revoluci\u00f3n, la Catedral Metropolitana, la Torre Latinoamericana, el Estadio Azteca, el Cableb\u00fas y los volcanes Popocat\u00e9petl e Iztacc\u00edhuatl<\/strong>, entre otros \u00edconos.<\/p>\n\n\n\n<p>La pieza fue presentada originalmente en el <strong>Tianguis Tur\u00edstico 2025 en Rosarito, Baja California<\/strong>, donde recibi\u00f3 elogios por su valor est\u00e9tico y simb\u00f3lico.<\/p>\n\n\n\n<h2 class=\"wp-block-heading\">CDMX, una potencia cultural y tur\u00edstica<\/h2>\n\n\n\n<p>Durante la firma del convenio en el auditorio del Grupo Aeroportuario de Marina, la secretaria de Turismo de la Ciudad de M\u00e9xico, <strong>Alejandra Frausto Guerrero<\/strong>, destac\u00f3 que la capital es hoy una de las ciudades con mayor oferta cultural en el mundo.<\/p>\n\n\n<div class=\"wp-block-image\">\n<figure class=\"aligncenter size-full\"><img data-recalc-dims=\"1\" loading=\"lazy\" decoding=\"async\" width=\"640\" height=\"480\" data-attachment-id=\"5242\" data-permalink=\"https:\/\/azturismo.net\/?attachment_id=5242\" data-orig-file=\"https:\/\/i0.wp.com\/azturismo.net\/wp-content\/uploads\/2025\/09\/1000113445.jpg?fit=640%2C480&amp;ssl=1\" data-orig-size=\"640,480\" data-comments-opened=\"1\" data-image-meta=\"{&quot;aperture&quot;:&quot;0&quot;,&quot;credit&quot;:&quot;&quot;,&quot;camera&quot;:&quot;&quot;,&quot;caption&quot;:&quot;&quot;,&quot;created_timestamp&quot;:&quot;0&quot;,&quot;copyright&quot;:&quot;&quot;,&quot;focal_length&quot;:&quot;0&quot;,&quot;iso&quot;:&quot;0&quot;,&quot;shutter_speed&quot;:&quot;0&quot;,&quot;title&quot;:&quot;&quot;,&quot;orientation&quot;:&quot;1&quot;}\" data-image-title=\"1000113445\" data-image-description=\"\" data-image-caption=\"\" data-large-file=\"https:\/\/i0.wp.com\/azturismo.net\/wp-content\/uploads\/2025\/09\/1000113445.jpg?fit=640%2C480&amp;ssl=1\" src=\"https:\/\/i0.wp.com\/azturismo.net\/wp-content\/uploads\/2025\/09\/1000113445.jpg?resize=640%2C480&#038;ssl=1\" alt=\"\" class=\"wp-image-5242\" srcset=\"https:\/\/i0.wp.com\/azturismo.net\/wp-content\/uploads\/2025\/09\/1000113445.jpg?w=640&amp;ssl=1 640w, https:\/\/i0.wp.com\/azturismo.net\/wp-content\/uploads\/2025\/09\/1000113445.jpg?resize=300%2C225&amp;ssl=1 300w, https:\/\/i0.wp.com\/azturismo.net\/wp-content\/uploads\/2025\/09\/1000113445.jpg?resize=150%2C113&amp;ssl=1 150w\" sizes=\"auto, (max-width: 640px) 100vw, 640px\" \/><\/figure><\/div>\n\n\n<p>\u201cEstamos arriba de Berl\u00edn, Londres, Nueva York y Par\u00eds. Tenemos la segunda mayor cantidad de museos en el mundo y somos la tercera ciudad global en turismo gastron\u00f3mico, con 329 mercados y 88 restaurantes reconocidos con alg\u00fan distintivo Michelin\u201d, se\u00f1al\u00f3.<\/p>\n\n\n\n<p>La funcionaria subray\u00f3 que este mural es una <strong>pieza de bienvenida y proyecci\u00f3n tur\u00edstica<\/strong>, pensada en el marco de la <strong>Copa Mundial de F\u00fatbol 2026<\/strong>, evento que atraer\u00e1 a millones de visitantes internacionales.<\/p>\n\n\n\n<h2 class=\"wp-block-heading\">El aeropuerto como ventana tur\u00edstica<\/h2>\n\n\n\n<p>Por su parte, el almirante <strong>Juan Jos\u00e9 Padilla Olmos<\/strong>, director general del AICM, destac\u00f3 que el convenio busca reforzar el papel del aeropuerto como <strong>principal punto de conexi\u00f3n de la Ciudad de M\u00e9xico con el mundo<\/strong>.<\/p>\n\n\n<div class=\"wp-block-image\">\n<figure class=\"aligncenter size-full\"><img data-recalc-dims=\"1\" loading=\"lazy\" decoding=\"async\" width=\"640\" height=\"480\" data-attachment-id=\"5243\" data-permalink=\"https:\/\/azturismo.net\/?attachment_id=5243\" data-orig-file=\"https:\/\/i0.wp.com\/azturismo.net\/wp-content\/uploads\/2025\/09\/1000113418.jpg?fit=640%2C480&amp;ssl=1\" data-orig-size=\"640,480\" data-comments-opened=\"1\" data-image-meta=\"{&quot;aperture&quot;:&quot;0&quot;,&quot;credit&quot;:&quot;&quot;,&quot;camera&quot;:&quot;&quot;,&quot;caption&quot;:&quot;&quot;,&quot;created_timestamp&quot;:&quot;0&quot;,&quot;copyright&quot;:&quot;&quot;,&quot;focal_length&quot;:&quot;0&quot;,&quot;iso&quot;:&quot;0&quot;,&quot;shutter_speed&quot;:&quot;0&quot;,&quot;title&quot;:&quot;&quot;,&quot;orientation&quot;:&quot;1&quot;}\" data-image-title=\"1000113418\" data-image-description=\"\" data-image-caption=\"\" data-large-file=\"https:\/\/i0.wp.com\/azturismo.net\/wp-content\/uploads\/2025\/09\/1000113418.jpg?fit=640%2C480&amp;ssl=1\" src=\"https:\/\/i0.wp.com\/azturismo.net\/wp-content\/uploads\/2025\/09\/1000113418.jpg?resize=640%2C480&#038;ssl=1\" alt=\"\" class=\"wp-image-5243\" srcset=\"https:\/\/i0.wp.com\/azturismo.net\/wp-content\/uploads\/2025\/09\/1000113418.jpg?w=640&amp;ssl=1 640w, https:\/\/i0.wp.com\/azturismo.net\/wp-content\/uploads\/2025\/09\/1000113418.jpg?resize=300%2C225&amp;ssl=1 300w, https:\/\/i0.wp.com\/azturismo.net\/wp-content\/uploads\/2025\/09\/1000113418.jpg?resize=150%2C113&amp;ssl=1 150w\" sizes=\"auto, (max-width: 640px) 100vw, 640px\" \/><\/figure><\/div>\n\n\n<p>\u201cEl compromiso es convertir al AICM en un referente de conectividad, eficiencia y hospitalidad. Queremos que cada mensaje, cada espacio y cada experiencia dentro del aeropuerto sea una invitaci\u00f3n a descubrir la riqueza cultural y tur\u00edstica de la ciudad\u201d, afirm\u00f3.<\/p>\n\n\n\n<h2 class=\"wp-block-heading\">Un cl\u00e1sico de la conectividad internacional<\/h2>\n\n\n\n<p>Actualmente, el <strong>AICM recibe alrededor de 1,251 vuelos diarios<\/strong>, consolid\u00e1ndose como uno de los aeropuertos m\u00e1s conectados del mundo. Con este convenio, Sectur CDMX y la terminal a\u00e9rea trabajar\u00e1n en conjunto para proyectar a la capital como <strong>una ciudad global, vers\u00e1til y en constante transformaci\u00f3n<\/strong>.<\/p>\n\n\n\n<p>El evento cont\u00f3 con la presencia de representantes de la Secretar\u00eda de Turismo federal, la Secretar\u00eda de Cultura de la CDMX, la C\u00e1mara Nacional de Comercio (Canaco CDMX) y el Instituto de Promoci\u00f3n Tur\u00edstica local. Tras la firma, la comitiva se traslad\u00f3 a la Terminal 2 para el corte de list\u00f3n y la develaci\u00f3n del mural.<\/p>\n\n\n\n<h2 class=\"wp-block-heading\">Turismo y cultura en un mismo destino<\/h2>\n\n\n\n<p>La instalaci\u00f3n de <strong>\u201cMemoria y Territorio\u201d<\/strong> en el aeropuerto no solo busca embellecer sus espacios, sino tambi\u00e9n <strong>reforzar la identidad cultural de la CDMX<\/strong> frente a millones de viajeros que transitan por la terminal.<\/p>\n\n\n\n<p>Con esta acci\u00f3n, la capital mexicana ratifica su posici\u00f3n como <strong>destino tur\u00edstico y cultural l\u00edder en Am\u00e9rica Latina<\/strong>, proyectando una imagen vibrante y acogedora hacia el mundo.<\/p>\n\n\n\n<p><\/p>\n\n\n\n<p>S\u00edguenos!<\/p>\n\n\n\n<p><a href=\"https:\/\/www.facebook.com\/AzturismoNoticias\">https:\/\/www.facebook.com\/AzturismoNoticias<\/a><\/p>\n\n\n\n<p><a href=\"https:\/\/tiktok.com\/@azturismo\">https:\/\/tiktok.com\/@azturismo<\/a><\/p>\n\n\n\n<p><a href=\"https:\/\/www.instagram.com\/azturismo_noticias\">https:\/\/www.instagram.<\/a><\/p>\n","protected":false},"excerpt":{"rendered":"<p>Por Staff AzTurismo El Aeropuerto Internacional de la Ciudad de M\u00e9xico (AICM) y la Secretar\u00eda de Turismo de la Ciudad de M\u00e9xico (Sectur CDMX) firmaron un convenio de colaboraci\u00f3n que tiene como objetivo fortalecer la proyecci\u00f3n tur\u00edstica y cultural de la capital del pa\u00eds. Como primer resultado, este martes se devel\u00f3 el mural \u201cMemoria y [&hellip;]<\/p>\n","protected":false},"author":1,"featured_media":5239,"comment_status":"open","ping_status":"open","sticky":false,"template":"","format":"standard","meta":{"jetpack_post_was_ever_published":false,"_jetpack_newsletter_access":"","_jetpack_dont_email_post_to_subs":false,"_jetpack_newsletter_tier_id":0,"_jetpack_memberships_contains_paywalled_content":false,"_jetpack_memberships_contains_paid_content":false,"footnotes":"","jetpack_publicize_message":"","jetpack_publicize_feature_enabled":true,"jetpack_social_post_already_shared":true,"jetpack_social_options":{"image_generator_settings":{"template":"highway","default_image_id":0,"font":"","enabled":false},"version":2}},"categories":[30,25],"tags":[2305,659,99,979,773],"class_list":{"0":"post-5238","1":"post","2":"type-post","3":"status-publish","4":"format-standard","5":"has-post-thumbnail","7":"category-e","8":"category-notitar","9":"tag-aicdmx","10":"tag-alejandra-frausto-guerrero","11":"tag-azturismo","12":"tag-sectur-cdmx","13":"tag-turismo-cultural"},"yoast_head":"<!-- This site is optimized with the Yoast SEO plugin v27.5 - https:\/\/yoast.com\/product\/yoast-seo-wordpress\/ -->\n<title>Refuerza Sectur CDMX la identidad cultural  en AICM - Azturismo Noticias<\/title>\n<meta name=\"description\" content=\"El Aeropuerto Internacional de la Ciudad de M\u00e9xico (AICM) y la Secretar\u00eda de Turismo de la Ciudad de M\u00e9xico (Sectur CDMX) firmaron un convenio de colaboraci\u00f3n que tiene como objetivo fortalecer la proyecci\u00f3n tur\u00edstica y cultural de la capital del pa\u00eds. Como primer resultado, este martes se devel\u00f3 el mural \u201cMemoria y Territorio\u201d, una pieza monumental que ahora recibe a los visitantes en la Terminal 2, el principal punto de entrada a\u00e9rea al pa\u00eds.\" \/>\n<meta name=\"robots\" content=\"index, follow, max-snippet:-1, max-image-preview:large, max-video-preview:-1\" \/>\n<link rel=\"canonical\" href=\"https:\/\/azturismo.net\/?p=5238\" \/>\n<meta property=\"og:locale\" content=\"es_MX\" \/>\n<meta property=\"og:type\" content=\"article\" \/>\n<meta property=\"og:title\" content=\"Refuerza Sectur CDMX la identidad cultural  en AICM - Azturismo Noticias\" \/>\n<meta property=\"og:description\" content=\"El Aeropuerto Internacional de la Ciudad de M\u00e9xico (AICM) y la Secretar\u00eda de Turismo de la Ciudad de M\u00e9xico (Sectur CDMX) firmaron un convenio de colaboraci\u00f3n que tiene como objetivo fortalecer la proyecci\u00f3n tur\u00edstica y cultural de la capital del pa\u00eds. Como primer resultado, este martes se devel\u00f3 el mural \u201cMemoria y Territorio\u201d, una pieza monumental que ahora recibe a los visitantes en la Terminal 2, el principal punto de entrada a\u00e9rea al pa\u00eds.\" \/>\n<meta property=\"og:url\" content=\"https:\/\/azturismo.net\/?p=5238\" \/>\n<meta property=\"og:site_name\" content=\"Azturismo Noticias\" \/>\n<meta property=\"article:publisher\" content=\"https:\/\/www.facebook.com\/AzturismoNoticias\" \/>\n<meta property=\"article:published_time\" content=\"2025-09-03T03:02:40+00:00\" \/>\n<meta property=\"article:modified_time\" content=\"2025-09-03T03:06:50+00:00\" \/>\n<meta property=\"og:image\" content=\"https:\/\/azturismo.net\/wp-content\/uploads\/2025\/09\/IMG-20250902-WA011211.jpg\" \/>\n\t<meta property=\"og:image:width\" content=\"1554\" \/>\n\t<meta property=\"og:image:height\" content=\"1097\" \/>\n\t<meta property=\"og:image:type\" content=\"image\/jpeg\" \/>\n<meta name=\"author\" content=\"Azturismo\" \/>\n<meta name=\"twitter:card\" content=\"summary_large_image\" \/>\n<meta name=\"twitter:creator\" content=\"@AzTurismo\" \/>\n<meta name=\"twitter:site\" content=\"@AzTurismo\" \/>\n<meta name=\"twitter:label1\" content=\"Escrito por\" \/>\n\t<meta name=\"twitter:data1\" content=\"Azturismo\" \/>\n\t<meta name=\"twitter:label2\" content=\"Tiempo de lectura\" \/>\n\t<meta name=\"twitter:data2\" content=\"4 minutos\" \/>\n<script type=\"application\/ld+json\" class=\"yoast-schema-graph\">{\"@context\":\"https:\\\/\\\/schema.org\",\"@graph\":[{\"@type\":\"Article\",\"@id\":\"https:\\\/\\\/azturismo.net\\\/?p=5238#article\",\"isPartOf\":{\"@id\":\"https:\\\/\\\/azturismo.net\\\/?p=5238\"},\"author\":{\"name\":\"Azturismo\",\"@id\":\"https:\\\/\\\/azturismo.net\\\/#\\\/schema\\\/person\\\/4b56d87f51c4d1b518c650739ad3bbc1\"},\"headline\":\"Refuerza Sectur CDMX la identidad cultural en AICM\",\"datePublished\":\"2025-09-03T03:02:40+00:00\",\"dateModified\":\"2025-09-03T03:06:50+00:00\",\"mainEntityOfPage\":{\"@id\":\"https:\\\/\\\/azturismo.net\\\/?p=5238\"},\"wordCount\":630,\"commentCount\":0,\"publisher\":{\"@id\":\"https:\\\/\\\/azturismo.net\\\/#organization\"},\"image\":{\"@id\":\"https:\\\/\\\/azturismo.net\\\/?p=5238#primaryimage\"},\"thumbnailUrl\":\"https:\\\/\\\/i0.wp.com\\\/azturismo.net\\\/wp-content\\\/uploads\\\/2025\\\/09\\\/IMG-20250902-WA011211.jpg?fit=1554%2C1097&ssl=1\",\"keywords\":[\"AICDMX\",\"Alejandra Frausto Guerrero\",\"azturismo\",\"Sectur CDMX\",\"turismo cultural\"],\"articleSection\":[\"Destacadas\",\"NOTITUR\"],\"inLanguage\":\"es\",\"potentialAction\":[{\"@type\":\"CommentAction\",\"name\":\"Comment\",\"target\":[\"https:\\\/\\\/azturismo.net\\\/?p=5238#respond\"]}]},{\"@type\":\"WebPage\",\"@id\":\"https:\\\/\\\/azturismo.net\\\/?p=5238\",\"url\":\"https:\\\/\\\/azturismo.net\\\/?p=5238\",\"name\":\"Refuerza Sectur CDMX la identidad cultural en AICM - Azturismo Noticias\",\"isPartOf\":{\"@id\":\"https:\\\/\\\/azturismo.net\\\/#website\"},\"primaryImageOfPage\":{\"@id\":\"https:\\\/\\\/azturismo.net\\\/?p=5238#primaryimage\"},\"image\":{\"@id\":\"https:\\\/\\\/azturismo.net\\\/?p=5238#primaryimage\"},\"thumbnailUrl\":\"https:\\\/\\\/i0.wp.com\\\/azturismo.net\\\/wp-content\\\/uploads\\\/2025\\\/09\\\/IMG-20250902-WA011211.jpg?fit=1554%2C1097&ssl=1\",\"datePublished\":\"2025-09-03T03:02:40+00:00\",\"dateModified\":\"2025-09-03T03:06:50+00:00\",\"description\":\"El Aeropuerto Internacional de la Ciudad de M\u00e9xico (AICM) y la Secretar\u00eda de Turismo de la Ciudad de M\u00e9xico (Sectur CDMX) firmaron un convenio de colaboraci\u00f3n que tiene como objetivo fortalecer la proyecci\u00f3n tur\u00edstica y cultural de la capital del pa\u00eds. Como primer resultado, este martes se devel\u00f3 el mural \u201cMemoria y Territorio\u201d, una pieza monumental que ahora recibe a los visitantes en la Terminal 2, el principal punto de entrada a\u00e9rea al pa\u00eds.\",\"breadcrumb\":{\"@id\":\"https:\\\/\\\/azturismo.net\\\/?p=5238#breadcrumb\"},\"inLanguage\":\"es\",\"potentialAction\":[{\"@type\":\"ReadAction\",\"target\":[\"https:\\\/\\\/azturismo.net\\\/?p=5238\"]}]},{\"@type\":\"ImageObject\",\"inLanguage\":\"es\",\"@id\":\"https:\\\/\\\/azturismo.net\\\/?p=5238#primaryimage\",\"url\":\"https:\\\/\\\/i0.wp.com\\\/azturismo.net\\\/wp-content\\\/uploads\\\/2025\\\/09\\\/IMG-20250902-WA011211.jpg?fit=1554%2C1097&ssl=1\",\"contentUrl\":\"https:\\\/\\\/i0.wp.com\\\/azturismo.net\\\/wp-content\\\/uploads\\\/2025\\\/09\\\/IMG-20250902-WA011211.jpg?fit=1554%2C1097&ssl=1\",\"width\":1554,\"height\":1097},{\"@type\":\"BreadcrumbList\",\"@id\":\"https:\\\/\\\/azturismo.net\\\/?p=5238#breadcrumb\",\"itemListElement\":[{\"@type\":\"ListItem\",\"position\":1,\"name\":\"Home\",\"item\":\"https:\\\/\\\/azturismo.net\\\/\"},{\"@type\":\"ListItem\",\"position\":2,\"name\":\"Refuerza Sectur CDMX la identidad cultural en AICM\"}]},{\"@type\":\"WebSite\",\"@id\":\"https:\\\/\\\/azturismo.net\\\/#website\",\"url\":\"https:\\\/\\\/azturismo.net\\\/\",\"name\":\"Azturismo\",\"description\":\"Azturismo Noticias\",\"publisher\":{\"@id\":\"https:\\\/\\\/azturismo.net\\\/#organization\"},\"potentialAction\":[{\"@type\":\"SearchAction\",\"target\":{\"@type\":\"EntryPoint\",\"urlTemplate\":\"https:\\\/\\\/azturismo.net\\\/?s={search_term_string}\"},\"query-input\":{\"@type\":\"PropertyValueSpecification\",\"valueRequired\":true,\"valueName\":\"search_term_string\"}}],\"inLanguage\":\"es\"},{\"@type\":\"Organization\",\"@id\":\"https:\\\/\\\/azturismo.net\\\/#organization\",\"name\":\"Azturismo\",\"url\":\"https:\\\/\\\/azturismo.net\\\/\",\"logo\":{\"@type\":\"ImageObject\",\"inLanguage\":\"es\",\"@id\":\"https:\\\/\\\/azturismo.net\\\/#\\\/schema\\\/logo\\\/image\\\/\",\"url\":\"https:\\\/\\\/i0.wp.com\\\/azturismo.net\\\/wp-content\\\/uploads\\\/2024\\\/03\\\/logo-el-bueno-.png?fit=294%2C69&ssl=1\",\"contentUrl\":\"https:\\\/\\\/i0.wp.com\\\/azturismo.net\\\/wp-content\\\/uploads\\\/2024\\\/03\\\/logo-el-bueno-.png?fit=294%2C69&ssl=1\",\"width\":294,\"height\":69,\"caption\":\"Azturismo\"},\"image\":{\"@id\":\"https:\\\/\\\/azturismo.net\\\/#\\\/schema\\\/logo\\\/image\\\/\"},\"sameAs\":[\"https:\\\/\\\/www.facebook.com\\\/AzturismoNoticias\",\"https:\\\/\\\/x.com\\\/AzTurismo\",\"https:\\\/\\\/www.instagram.com\\\/azturismo_noticias\\\/?fbclid=IwAR2xMiuoHbs6eLeIHKP8P5sSGa-xFrw7FfejscXO7kDghWa7wKLjGczKOwE\",\"https:\\\/\\\/www.tiktok.com\\\/@azturismo\"]},{\"@type\":\"Person\",\"@id\":\"https:\\\/\\\/azturismo.net\\\/#\\\/schema\\\/person\\\/4b56d87f51c4d1b518c650739ad3bbc1\",\"name\":\"Azturismo\",\"image\":{\"@type\":\"ImageObject\",\"inLanguage\":\"es\",\"@id\":\"https:\\\/\\\/azturismo.net\\\/wp-content\\\/litespeed\\\/avatar\\\/dfe28a31cdd68b788da48a316e50db10.jpg?ver=1777707566\",\"url\":\"https:\\\/\\\/azturismo.net\\\/wp-content\\\/litespeed\\\/avatar\\\/dfe28a31cdd68b788da48a316e50db10.jpg?ver=1777707566\",\"contentUrl\":\"https:\\\/\\\/azturismo.net\\\/wp-content\\\/litespeed\\\/avatar\\\/dfe28a31cdd68b788da48a316e50db10.jpg?ver=1777707566\",\"caption\":\"Azturismo\"},\"sameAs\":[\"https:\\\/\\\/azturismo.net\"],\"url\":\"https:\\\/\\\/azturismo.net\\\/?author=1\"}]}<\/script>\n<!-- \/ Yoast SEO plugin. -->","yoast_head_json":{"title":"Refuerza Sectur CDMX la identidad cultural  en AICM - Azturismo Noticias","description":"El Aeropuerto Internacional de la Ciudad de M\u00e9xico (AICM) y la Secretar\u00eda de Turismo de la Ciudad de M\u00e9xico (Sectur CDMX) firmaron un convenio de colaboraci\u00f3n que tiene como objetivo fortalecer la proyecci\u00f3n tur\u00edstica y cultural de la capital del pa\u00eds. Como primer resultado, este martes se devel\u00f3 el mural \u201cMemoria y Territorio\u201d, una pieza monumental que ahora recibe a los visitantes en la Terminal 2, el principal punto de entrada a\u00e9rea al pa\u00eds.","robots":{"index":"index","follow":"follow","max-snippet":"max-snippet:-1","max-image-preview":"max-image-preview:large","max-video-preview":"max-video-preview:-1"},"canonical":"https:\/\/azturismo.net\/?p=5238","og_locale":"es_MX","og_type":"article","og_title":"Refuerza Sectur CDMX la identidad cultural  en AICM - Azturismo Noticias","og_description":"El Aeropuerto Internacional de la Ciudad de M\u00e9xico (AICM) y la Secretar\u00eda de Turismo de la Ciudad de M\u00e9xico (Sectur CDMX) firmaron un convenio de colaboraci\u00f3n que tiene como objetivo fortalecer la proyecci\u00f3n tur\u00edstica y cultural de la capital del pa\u00eds. Como primer resultado, este martes se devel\u00f3 el mural \u201cMemoria y Territorio\u201d, una pieza monumental que ahora recibe a los visitantes en la Terminal 2, el principal punto de entrada a\u00e9rea al pa\u00eds.","og_url":"https:\/\/azturismo.net\/?p=5238","og_site_name":"Azturismo Noticias","article_publisher":"https:\/\/www.facebook.com\/AzturismoNoticias","article_published_time":"2025-09-03T03:02:40+00:00","article_modified_time":"2025-09-03T03:06:50+00:00","og_image":[{"width":1554,"height":1097,"url":"https:\/\/azturismo.net\/wp-content\/uploads\/2025\/09\/IMG-20250902-WA011211.jpg","type":"image\/jpeg"}],"author":"Azturismo","twitter_card":"summary_large_image","twitter_creator":"@AzTurismo","twitter_site":"@AzTurismo","twitter_misc":{"Escrito por":"Azturismo","Tiempo de lectura":"4 minutos"},"schema":{"@context":"https:\/\/schema.org","@graph":[{"@type":"Article","@id":"https:\/\/azturismo.net\/?p=5238#article","isPartOf":{"@id":"https:\/\/azturismo.net\/?p=5238"},"author":{"name":"Azturismo","@id":"https:\/\/azturismo.net\/#\/schema\/person\/4b56d87f51c4d1b518c650739ad3bbc1"},"headline":"Refuerza Sectur CDMX la identidad cultural en AICM","datePublished":"2025-09-03T03:02:40+00:00","dateModified":"2025-09-03T03:06:50+00:00","mainEntityOfPage":{"@id":"https:\/\/azturismo.net\/?p=5238"},"wordCount":630,"commentCount":0,"publisher":{"@id":"https:\/\/azturismo.net\/#organization"},"image":{"@id":"https:\/\/azturismo.net\/?p=5238#primaryimage"},"thumbnailUrl":"https:\/\/i0.wp.com\/azturismo.net\/wp-content\/uploads\/2025\/09\/IMG-20250902-WA011211.jpg?fit=1554%2C1097&ssl=1","keywords":["AICDMX","Alejandra Frausto Guerrero","azturismo","Sectur CDMX","turismo cultural"],"articleSection":["Destacadas","NOTITUR"],"inLanguage":"es","potentialAction":[{"@type":"CommentAction","name":"Comment","target":["https:\/\/azturismo.net\/?p=5238#respond"]}]},{"@type":"WebPage","@id":"https:\/\/azturismo.net\/?p=5238","url":"https:\/\/azturismo.net\/?p=5238","name":"Refuerza Sectur CDMX la identidad cultural en AICM - Azturismo Noticias","isPartOf":{"@id":"https:\/\/azturismo.net\/#website"},"primaryImageOfPage":{"@id":"https:\/\/azturismo.net\/?p=5238#primaryimage"},"image":{"@id":"https:\/\/azturismo.net\/?p=5238#primaryimage"},"thumbnailUrl":"https:\/\/i0.wp.com\/azturismo.net\/wp-content\/uploads\/2025\/09\/IMG-20250902-WA011211.jpg?fit=1554%2C1097&ssl=1","datePublished":"2025-09-03T03:02:40+00:00","dateModified":"2025-09-03T03:06:50+00:00","description":"El Aeropuerto Internacional de la Ciudad de M\u00e9xico (AICM) y la Secretar\u00eda de Turismo de la Ciudad de M\u00e9xico (Sectur CDMX) firmaron un convenio de colaboraci\u00f3n que tiene como objetivo fortalecer la proyecci\u00f3n tur\u00edstica y cultural de la capital del pa\u00eds. Como primer resultado, este martes se devel\u00f3 el mural \u201cMemoria y Territorio\u201d, una pieza monumental que ahora recibe a los visitantes en la Terminal 2, el principal punto de entrada a\u00e9rea al pa\u00eds.","breadcrumb":{"@id":"https:\/\/azturismo.net\/?p=5238#breadcrumb"},"inLanguage":"es","potentialAction":[{"@type":"ReadAction","target":["https:\/\/azturismo.net\/?p=5238"]}]},{"@type":"ImageObject","inLanguage":"es","@id":"https:\/\/azturismo.net\/?p=5238#primaryimage","url":"https:\/\/i0.wp.com\/azturismo.net\/wp-content\/uploads\/2025\/09\/IMG-20250902-WA011211.jpg?fit=1554%2C1097&ssl=1","contentUrl":"https:\/\/i0.wp.com\/azturismo.net\/wp-content\/uploads\/2025\/09\/IMG-20250902-WA011211.jpg?fit=1554%2C1097&ssl=1","width":1554,"height":1097},{"@type":"BreadcrumbList","@id":"https:\/\/azturismo.net\/?p=5238#breadcrumb","itemListElement":[{"@type":"ListItem","position":1,"name":"Home","item":"https:\/\/azturismo.net\/"},{"@type":"ListItem","position":2,"name":"Refuerza Sectur CDMX la identidad cultural en AICM"}]},{"@type":"WebSite","@id":"https:\/\/azturismo.net\/#website","url":"https:\/\/azturismo.net\/","name":"Azturismo","description":"Azturismo Noticias","publisher":{"@id":"https:\/\/azturismo.net\/#organization"},"potentialAction":[{"@type":"SearchAction","target":{"@type":"EntryPoint","urlTemplate":"https:\/\/azturismo.net\/?s={search_term_string}"},"query-input":{"@type":"PropertyValueSpecification","valueRequired":true,"valueName":"search_term_string"}}],"inLanguage":"es"},{"@type":"Organization","@id":"https:\/\/azturismo.net\/#organization","name":"Azturismo","url":"https:\/\/azturismo.net\/","logo":{"@type":"ImageObject","inLanguage":"es","@id":"https:\/\/azturismo.net\/#\/schema\/logo\/image\/","url":"https:\/\/i0.wp.com\/azturismo.net\/wp-content\/uploads\/2024\/03\/logo-el-bueno-.png?fit=294%2C69&ssl=1","contentUrl":"https:\/\/i0.wp.com\/azturismo.net\/wp-content\/uploads\/2024\/03\/logo-el-bueno-.png?fit=294%2C69&ssl=1","width":294,"height":69,"caption":"Azturismo"},"image":{"@id":"https:\/\/azturismo.net\/#\/schema\/logo\/image\/"},"sameAs":["https:\/\/www.facebook.com\/AzturismoNoticias","https:\/\/x.com\/AzTurismo","https:\/\/www.instagram.com\/azturismo_noticias\/?fbclid=IwAR2xMiuoHbs6eLeIHKP8P5sSGa-xFrw7FfejscXO7kDghWa7wKLjGczKOwE","https:\/\/www.tiktok.com\/@azturismo"]},{"@type":"Person","@id":"https:\/\/azturismo.net\/#\/schema\/person\/4b56d87f51c4d1b518c650739ad3bbc1","name":"Azturismo","image":{"@type":"ImageObject","inLanguage":"es","@id":"https:\/\/azturismo.net\/wp-content\/litespeed\/avatar\/dfe28a31cdd68b788da48a316e50db10.jpg?ver=1777707566","url":"https:\/\/azturismo.net\/wp-content\/litespeed\/avatar\/dfe28a31cdd68b788da48a316e50db10.jpg?ver=1777707566","contentUrl":"https:\/\/azturismo.net\/wp-content\/litespeed\/avatar\/dfe28a31cdd68b788da48a316e50db10.jpg?ver=1777707566","caption":"Azturismo"},"sameAs":["https:\/\/azturismo.net"],"url":"https:\/\/azturismo.net\/?author=1"}]}},"jetpack_publicize_connections":[],"jetpack_featured_media_url":"https:\/\/i0.wp.com\/azturismo.net\/wp-content\/uploads\/2025\/09\/IMG-20250902-WA011211.jpg?fit=1554%2C1097&ssl=1","jetpack_sharing_enabled":true,"jetpack-related-posts":[{"id":5556,"url":"https:\/\/azturismo.net\/?p=5556","url_meta":{"origin":5238,"position":0},"title":"\ud83e\udd4a\ud83c\udfc3\u200d\u2642\ufe0f La Carrera del Ring 2025: Sectur CDMX une running y lucha libre","author":"Azturismo","date":"septiembre 23, 2025","format":false,"excerpt":"La Secretar\u00eda de Turismo de la Ciudad de M\u00e9xico (Sectur CDMX) y el Fondo Mixto de Promoci\u00f3n Tur\u00edstica, en alianza con el Consejo Mundial de Lucha Libre (CMLL) y Asdeporte, anunciaron el lanzamiento de \u201cLa Carrera del Ring 2025\u201d, un evento sin precedentes que fusiona la pasi\u00f3n del running con\u2026","rel":"","context":"En &quot;Destacadas&quot;","block_context":{"text":"Destacadas","link":"https:\/\/azturismo.net\/?cat=30"},"img":{"alt_text":"","src":"https:\/\/i0.wp.com\/azturismo.net\/wp-content\/uploads\/2025\/09\/IMG-20250917-WA0115.jpg?fit=768%2C512&ssl=1&resize=350%2C200","width":350,"height":200,"srcset":"https:\/\/i0.wp.com\/azturismo.net\/wp-content\/uploads\/2025\/09\/IMG-20250917-WA0115.jpg?fit=768%2C512&ssl=1&resize=350%2C200 1x, https:\/\/i0.wp.com\/azturismo.net\/wp-content\/uploads\/2025\/09\/IMG-20250917-WA0115.jpg?fit=768%2C512&ssl=1&resize=525%2C300 1.5x, https:\/\/i0.wp.com\/azturismo.net\/wp-content\/uploads\/2025\/09\/IMG-20250917-WA0115.jpg?fit=768%2C512&ssl=1&resize=700%2C400 2x"},"classes":[]},{"id":6270,"url":"https:\/\/azturismo.net\/?p=6270","url_meta":{"origin":5238,"position":1},"title":"Avanza turismo de la CDMX: Alejandra Frausto","author":"Azturismo","date":"noviembre 4, 2025","format":false,"excerpt":"Durante su comparecencia ante el Congreso de la Ciudad de M\u00e9xico, la Secretaria de Turismo, Alejandra Frausto Guerrero, destac\u00f3 que el turismo capitalino \u201cno son solo cifras, sino una historia viva de derechos, inclusi\u00f3n y orgullo\u201d. La funcionaria resalt\u00f3 los avances del programa Colibr\u00ed Viajero, que este a\u00f1o benefici\u00f3 a\u2026","rel":"","context":"En &quot;Destacadas&quot;","block_context":{"text":"Destacadas","link":"https:\/\/azturismo.net\/?cat=30"},"img":{"alt_text":"","src":"https:\/\/i0.wp.com\/azturismo.net\/wp-content\/uploads\/2025\/11\/IMG-20251103-WA0110.jpg?fit=640%2C410&ssl=1&resize=350%2C200","width":350,"height":200,"srcset":"https:\/\/i0.wp.com\/azturismo.net\/wp-content\/uploads\/2025\/11\/IMG-20251103-WA0110.jpg?fit=640%2C410&ssl=1&resize=350%2C200 1x, https:\/\/i0.wp.com\/azturismo.net\/wp-content\/uploads\/2025\/11\/IMG-20251103-WA0110.jpg?fit=640%2C410&ssl=1&resize=525%2C300 1.5x"},"classes":[]},{"id":7166,"url":"https:\/\/azturismo.net\/?p=7166","url_meta":{"origin":5238,"position":2},"title":"\u00a1Visa se apodera de los aeropuertos de M\u00e9xico, de la mano de Sectur!","author":"Azturismo","date":"abril 21, 2026","format":false,"excerpt":"Por Staff AzTurismo La Secretar\u00eda de Turismo y Visa anunciaron una ambiciosa campa\u00f1a conjunta que posicionar\u00e1 la riqueza cultural y tur\u00edstica de M\u00e9xico en los puntos de mayor flujo de viajeros: los aeropuertos internacionales. Con presencia en CDMX, Canc\u00fan, Tulum y Guadalajara, la iniciativa busca impactar a m\u00e1s de 27\u2026","rel":"","context":"En &quot;Destacadas&quot;","block_context":{"text":"Destacadas","link":"https:\/\/azturismo.net\/?cat=30"},"img":{"alt_text":"","src":"https:\/\/i0.wp.com\/azturismo.net\/wp-content\/uploads\/2026\/04\/Cc-17-1.jpeg?fit=600%2C449&ssl=1&resize=350%2C200","width":350,"height":200,"srcset":"https:\/\/i0.wp.com\/azturismo.net\/wp-content\/uploads\/2026\/04\/Cc-17-1.jpeg?fit=600%2C449&ssl=1&resize=350%2C200 1x, https:\/\/i0.wp.com\/azturismo.net\/wp-content\/uploads\/2026\/04\/Cc-17-1.jpeg?fit=600%2C449&ssl=1&resize=525%2C300 1.5x"},"classes":[]},{"id":4189,"url":"https:\/\/azturismo.net\/?p=4189","url_meta":{"origin":5238,"position":3},"title":"CDMX y Cali firman convenio tur\u00edstico rumbo Mundial 2026","author":"Azturismo","date":"junio 17, 2025","format":false,"excerpt":"Por Oscar V\u00e1zquez C La secretaria de Turismo de CDMX, Alejandra Frausto, anunci\u00f3 que todas las aficiones ser\u00e1n bienvenidas sin discriminaci\u00f3n durante el Campeonato Mundial de Futbol del pr\u00f3ximo a\u00f1o La Ciudad de M\u00e9xico y Cali, Colombia, sellaron este martes un convenio de colaboraci\u00f3n tur\u00edstica que incluye el lanzamiento de\u2026","rel":"","context":"En &quot;Destacadas&quot;","block_context":{"text":"Destacadas","link":"https:\/\/azturismo.net\/?cat=30"},"img":{"alt_text":"","src":"https:\/\/i0.wp.com\/azturismo.net\/wp-content\/uploads\/2025\/06\/PSX_20250617_201217-1.jpg?fit=600%2C400&ssl=1&resize=350%2C200","width":350,"height":200,"srcset":"https:\/\/i0.wp.com\/azturismo.net\/wp-content\/uploads\/2025\/06\/PSX_20250617_201217-1.jpg?fit=600%2C400&ssl=1&resize=350%2C200 1x, https:\/\/i0.wp.com\/azturismo.net\/wp-content\/uploads\/2025\/06\/PSX_20250617_201217-1.jpg?fit=600%2C400&ssl=1&resize=525%2C300 1.5x"},"classes":[]},{"id":5274,"url":"https:\/\/azturismo.net\/?p=5274","url_meta":{"origin":5238,"position":4},"title":"Aerom\u00e9xico anuncia vuelo directo entre CDMX y San Juan, Puerto Rico","author":"Azturismo","date":"septiembre 9, 2025","format":false,"excerpt":"Por Oscar V\u00e1zquez C. En un evento lleno de color y celebraci\u00f3n, Aerom\u00e9xico, en alianza con Delta Air Lines, anunci\u00f3 el lanzamiento de su nueva ruta directa entre la Ciudad de M\u00e9xico (CDMX) y San Juan, Puerto Rico, que iniciar\u00e1 operaciones el pr\u00f3ximo 29 de octubre de 2025 con cuatro\u2026","rel":"","context":"En &quot;Destacadas&quot;","block_context":{"text":"Destacadas","link":"https:\/\/azturismo.net\/?cat=30"},"img":{"alt_text":"","src":"https:\/\/i0.wp.com\/azturismo.net\/wp-content\/uploads\/2025\/09\/aeromexico-cdmx-puertorico01.jpeg?fit=600%2C411&ssl=1&resize=350%2C200","width":350,"height":200,"srcset":"https:\/\/i0.wp.com\/azturismo.net\/wp-content\/uploads\/2025\/09\/aeromexico-cdmx-puertorico01.jpeg?fit=600%2C411&ssl=1&resize=350%2C200 1x, https:\/\/i0.wp.com\/azturismo.net\/wp-content\/uploads\/2025\/09\/aeromexico-cdmx-puertorico01.jpeg?fit=600%2C411&ssl=1&resize=525%2C300 1.5x"},"classes":[]},{"id":4158,"url":"https:\/\/azturismo.net\/?p=4158","url_meta":{"origin":5238,"position":5},"title":"Instalan en CDMX Subcomit\u00e9 de Turismo rumbo a la Copa Mundial FIFA 2026","author":"Azturismo","date":"junio 17, 2025","format":false,"excerpt":"Por Staff AzTurismo Con miras a la organizaci\u00f3n de la Copa Mundial de la FIFA 2026, la C\u00e1mara Nacional de Comercio, Servicios y Turismo de la Ciudad de M\u00e9xico (CANACO CDMX) instal\u00f3 formalmente el Subcomit\u00e9 de Turismo, el cual reunir\u00e1 a autoridades gubernamentales, representantes del comit\u00e9 organizador y l\u00edderes del\u2026","rel":"","context":"En &quot;Destacadas&quot;","block_context":{"text":"Destacadas","link":"https:\/\/azturismo.net\/?cat=30"},"img":{"alt_text":"","src":"https:\/\/i0.wp.com\/azturismo.net\/wp-content\/uploads\/2025\/06\/PSX_20250617_112443.jpg?fit=600%2C450&ssl=1&resize=350%2C200","width":350,"height":200,"srcset":"https:\/\/i0.wp.com\/azturismo.net\/wp-content\/uploads\/2025\/06\/PSX_20250617_112443.jpg?fit=600%2C450&ssl=1&resize=350%2C200 1x, https:\/\/i0.wp.com\/azturismo.net\/wp-content\/uploads\/2025\/06\/PSX_20250617_112443.jpg?fit=600%2C450&ssl=1&resize=525%2C300 1.5x"},"classes":[]}],"jetpack_shortlink":"https:\/\/wp.me\/pfqZGx-1mu","amp_enabled":true,"_links":{"self":[{"href":"https:\/\/azturismo.net\/index.php?rest_route=\/wp\/v2\/posts\/5238","targetHints":{"allow":["GET"]}}],"collection":[{"href":"https:\/\/azturismo.net\/index.php?rest_route=\/wp\/v2\/posts"}],"about":[{"href":"https:\/\/azturismo.net\/index.php?rest_route=\/wp\/v2\/types\/post"}],"author":[{"embeddable":true,"href":"https:\/\/azturismo.net\/index.php?rest_route=\/wp\/v2\/users\/1"}],"replies":[{"embeddable":true,"href":"https:\/\/azturismo.net\/index.php?rest_route=%2Fwp%2Fv2%2Fcomments&post=5238"}],"version-history":[{"count":3,"href":"https:\/\/azturismo.net\/index.php?rest_route=\/wp\/v2\/posts\/5238\/revisions"}],"predecessor-version":[{"id":5246,"href":"https:\/\/azturismo.net\/index.php?rest_route=\/wp\/v2\/posts\/5238\/revisions\/5246"}],"wp:featuredmedia":[{"embeddable":true,"href":"https:\/\/azturismo.net\/index.php?rest_route=\/wp\/v2\/media\/5239"}],"wp:attachment":[{"href":"https:\/\/azturismo.net\/index.php?rest_route=%2Fwp%2Fv2%2Fmedia&parent=5238"}],"wp:term":[{"taxonomy":"category","embeddable":true,"href":"https:\/\/azturismo.net\/index.php?rest_route=%2Fwp%2Fv2%2Fcategories&post=5238"},{"taxonomy":"post_tag","embeddable":true,"href":"https:\/\/azturismo.net\/index.php?rest_route=%2Fwp%2Fv2%2Ftags&post=5238"}],"curies":[{"name":"wp","href":"https:\/\/api.w.org\/{rel}","templated":true}]}}