{"id":5230,"date":"2025-09-03T06:50:00","date_gmt":"2025-09-03T12:50:00","guid":{"rendered":"https:\/\/azturismo.net\/?p=5230"},"modified":"2025-09-02T18:22:19","modified_gmt":"2025-09-03T00:22:19","slug":"mexico-registra-un-verano-turistico-historico-sectur","status":"publish","type":"post","link":"https:\/\/azturismo.net\/?p=5230","title":{"rendered":"M\u00e9xico registra un verano tur\u00edstico hist\u00f3rico: Sectur"},"content":{"rendered":"\n<p>Por Staff AzTurismo <\/p>\n\n\n\n<p><strong> <\/strong>La Secretar\u00eda de Turismo del Gobierno de M\u00e9xico inform\u00f3 que el pa\u00eds tuvo un <strong>verano exitoso en 2025<\/strong>, superando todas las proyecciones y alcanzando cifras r\u00e9cord en ocupaci\u00f3n hotelera, derrama econ\u00f3mica y llegada de turistas nacionales e internacionales.<\/p>\n\n\n\n<h2 class=\"wp-block-heading\">Consumo tur\u00edstico creci\u00f3 6.3% en comparaci\u00f3n con 2024<\/h2>\n\n\n\n<p>La titular de la Sectur, <strong>Josefina Rodr\u00edguez Zamora<\/strong>, dio a conocer que durante el <strong>periodo vacacional de verano (14 de julio al 31 de agosto)<\/strong>, el consumo tur\u00edstico alcanz\u00f3 los <strong>829 mil millones de pesos (mdp)<\/strong>, lo que representa un <strong>incremento de 6.3%<\/strong> respecto al a\u00f1o anterior.<\/p>\n\n\n\n<h2 class=\"wp-block-heading\">M\u00e1s de 21 millones de turistas se hospedaron en M\u00e9xico<\/h2>\n\n\n\n<p>En este mismo lapso, <strong>21 millones 459 mil turistas<\/strong> se hospedaron en hoteles del pa\u00eds, cifra que significa un aumento de <strong>4.5% en comparaci\u00f3n con 2024<\/strong>.<br>La <strong>ocupaci\u00f3n hotelera nacional<\/strong> se ubic\u00f3 en <strong>63%<\/strong>, es decir, <strong>2.8 puntos porcentuales m\u00e1s<\/strong> que el verano pasado, lo que confirma la preferencia de los viajeros por los destinos mexicanos.<\/p>\n\n\n\n<h2 class=\"wp-block-heading\">Turismo comunitario, prioridad de la administraci\u00f3n<\/h2>\n\n\n\n<p>Rodr\u00edguez Zamora destac\u00f3 que la actual administraci\u00f3n impulsa el <strong>turismo comunitario<\/strong>, un modelo que busca integrar a las comunidades locales en la oferta tur\u00edstica, asegurando que los beneficios econ\u00f3micos y sociales se distribuyan de forma justa y sostenible.<\/p>\n\n\n\n<h2 class=\"wp-block-heading\">Operativo Vacacional 2025: balance positivo<\/h2>\n\n\n\n<p>La secretaria de Turismo reconoci\u00f3 la participaci\u00f3n de los tres \u00f3rdenes de gobierno en el <strong>Operativo Vacacional de Verano 2025<\/strong>, as\u00ed como el trabajo de los <strong>\u00c1ngeles Verdes, Profeco, Secretar\u00eda de Marina y Guardia Nacional<\/strong>, quienes garantizaron seguridad y atenci\u00f3n a los viajeros.<\/p>\n\n\n\n<blockquote class=\"wp-block-quote is-layout-flow wp-block-quote-is-layout-flow\">\n<p>\u201cEstos resultados son fruto del esfuerzo colectivo y del compromiso de la poblaci\u00f3n que hace de M\u00e9xico un destino \u00fanico\u201d, subray\u00f3 Rodr\u00edguez Zamora, al recordar que el turismo debe ser un motor de <strong>bienestar y desarrollo compartido<\/strong>, como lo ha se\u00f1alado la <strong>Presidenta Claudia Sheinbaum Pardo<\/strong>.<\/p>\n<\/blockquote>\n\n\n\n<p>\u00a1S\u00edguenos!<\/p>\n\n\n\n<p><a href=\"https:\/\/www.facebook.com\/AzturismoNoticias\">https:\/\/www.facebook.com\/AzturismoNoticias<\/a><\/p>\n\n\n\n<p><a href=\"https:\/\/tiktok.com\/@azturismo\">https:\/\/tiktok.com\/@azturismo<\/a><\/p>\n\n\n\n<p><a href=\"https:\/\/www.instagram.com\/azturismo_noticias\">https:\/\/www.instagram.com\/azturismo_noticias<\/a><\/p>\n\n\n\n<figure class=\"wp-block-embed is-type-rich is-provider-twitter wp-block-embed-twitter\"><div class=\"wp-block-embed__wrapper\">\n<div class=\"embed-twitter\"><a class=\"twitter-timeline\" data-width=\"696\" data-height=\"1000\" data-dnt=\"true\" href=\"https:\/\/twitter.com\/AzTurismo?ref_src=twsrc%5Etfw\">Tweets by AzTurismo<\/a><script async src=\"https:\/\/platform.twitter.com\/widgets.js\" charset=\"utf-8\"><\/script><\/div>\n<\/div><\/figure>\n","protected":false},"excerpt":{"rendered":"<p>Por Staff AzTurismo La Secretar\u00eda de Turismo del Gobierno de M\u00e9xico inform\u00f3 que el pa\u00eds tuvo un verano exitoso en 2025, superando todas las proyecciones y alcanzando cifras r\u00e9cord en ocupaci\u00f3n hotelera, derrama econ\u00f3mica y llegada de turistas nacionales e internacionales. Consumo tur\u00edstico creci\u00f3 6.3% en comparaci\u00f3n con 2024 La titular de la Sectur, Josefina [&hellip;]<\/p>\n","protected":false},"author":1,"featured_media":5231,"comment_status":"open","ping_status":"open","sticky":false,"template":"","format":"standard","meta":{"jetpack_post_was_ever_published":false,"_jetpack_newsletter_access":"","_jetpack_dont_email_post_to_subs":false,"_jetpack_newsletter_tier_id":0,"_jetpack_memberships_contains_paywalled_content":false,"_jetpack_memberships_contains_paid_content":false,"footnotes":"","jetpack_publicize_message":"","jetpack_publicize_feature_enabled":true,"jetpack_social_post_already_shared":true,"jetpack_social_options":{"image_generator_settings":{"template":"highway","default_image_id":0,"font":"","enabled":false},"version":2}},"categories":[30,29],"tags":[99,313,2299,116,2298],"class_list":{"0":"post-5230","1":"post","2":"type-post","3":"status-publish","4":"format-standard","5":"has-post-thumbnail","7":"category-e","8":"category-nacionales","9":"tag-azturismo","10":"tag-josefina-rodriguez-zamora","11":"tag-resultados-turisticos","12":"tag-sectur","13":"tag-verano-2025"},"yoast_head":"<!-- This site is optimized with the Yoast SEO plugin v27.5 - https:\/\/yoast.com\/product\/yoast-seo-wordpress\/ -->\n<title>M\u00e9xico registra un verano tur\u00edstico hist\u00f3rico: Sectur - Azturismo Noticias<\/title>\n<meta name=\"description\" content=\"La Secretar\u00eda de Turismo del Gobierno de M\u00e9xico inform\u00f3 que el pa\u00eds tuvo un verano exitoso en 2025, superando todas las proyecciones y alcanzando cifras r\u00e9cord en ocupaci\u00f3n hotelera, derrama econ\u00f3mica y llegada de turistas nacionales e internacionales.\" \/>\n<meta name=\"robots\" content=\"index, follow, max-snippet:-1, max-image-preview:large, max-video-preview:-1\" \/>\n<link rel=\"canonical\" href=\"https:\/\/azturismo.net\/?p=5230\" \/>\n<meta property=\"og:locale\" content=\"es_MX\" \/>\n<meta property=\"og:type\" content=\"article\" \/>\n<meta property=\"og:title\" content=\"M\u00e9xico registra un verano tur\u00edstico hist\u00f3rico: Sectur - Azturismo Noticias\" \/>\n<meta property=\"og:description\" content=\"La Secretar\u00eda de Turismo del Gobierno de M\u00e9xico inform\u00f3 que el pa\u00eds tuvo un verano exitoso en 2025, superando todas las proyecciones y alcanzando cifras r\u00e9cord en ocupaci\u00f3n hotelera, derrama econ\u00f3mica y llegada de turistas nacionales e internacionales.\" \/>\n<meta property=\"og:url\" content=\"https:\/\/azturismo.net\/?p=5230\" \/>\n<meta property=\"og:site_name\" content=\"Azturismo Noticias\" \/>\n<meta property=\"article:publisher\" content=\"https:\/\/www.facebook.com\/AzturismoNoticias\" \/>\n<meta property=\"article:published_time\" content=\"2025-09-03T12:50:00+00:00\" \/>\n<meta property=\"og:image\" content=\"https:\/\/i0.wp.com\/azturismo.net\/wp-content\/uploads\/2025\/09\/Comunicado-181-7.jpg?fit=832%2C554&ssl=1\" \/>\n\t<meta property=\"og:image:width\" content=\"832\" \/>\n\t<meta property=\"og:image:height\" content=\"554\" \/>\n\t<meta property=\"og:image:type\" content=\"image\/jpeg\" \/>\n<meta name=\"author\" content=\"Azturismo\" \/>\n<meta name=\"twitter:card\" content=\"summary_large_image\" \/>\n<meta name=\"twitter:creator\" content=\"@AzTurismo\" \/>\n<meta name=\"twitter:site\" content=\"@AzTurismo\" \/>\n<meta name=\"twitter:label1\" content=\"Escrito por\" \/>\n\t<meta name=\"twitter:data1\" content=\"Azturismo\" \/>\n\t<meta name=\"twitter:label2\" content=\"Tiempo de lectura\" \/>\n\t<meta name=\"twitter:data2\" content=\"2 minutos\" \/>\n<script type=\"application\/ld+json\" class=\"yoast-schema-graph\">{\"@context\":\"https:\\\/\\\/schema.org\",\"@graph\":[{\"@type\":\"Article\",\"@id\":\"https:\\\/\\\/azturismo.net\\\/?p=5230#article\",\"isPartOf\":{\"@id\":\"https:\\\/\\\/azturismo.net\\\/?p=5230\"},\"author\":{\"name\":\"Azturismo\",\"@id\":\"https:\\\/\\\/azturismo.net\\\/#\\\/schema\\\/person\\\/4b56d87f51c4d1b518c650739ad3bbc1\"},\"headline\":\"M\u00e9xico registra un verano tur\u00edstico hist\u00f3rico: Sectur\",\"datePublished\":\"2025-09-03T12:50:00+00:00\",\"mainEntityOfPage\":{\"@id\":\"https:\\\/\\\/azturismo.net\\\/?p=5230\"},\"wordCount\":344,\"commentCount\":0,\"publisher\":{\"@id\":\"https:\\\/\\\/azturismo.net\\\/#organization\"},\"image\":{\"@id\":\"https:\\\/\\\/azturismo.net\\\/?p=5230#primaryimage\"},\"thumbnailUrl\":\"https:\\\/\\\/i0.wp.com\\\/azturismo.net\\\/wp-content\\\/uploads\\\/2025\\\/09\\\/Comunicado-181-7.jpg?fit=832%2C554&ssl=1\",\"keywords\":[\"azturismo\",\"Josefina Rodr\u00edguez Zamora\",\"Resultados turisticos\",\"Sectur\",\"Verano 2025\"],\"articleSection\":[\"Destacadas\",\"NACIONALES\"],\"inLanguage\":\"es\",\"potentialAction\":[{\"@type\":\"CommentAction\",\"name\":\"Comment\",\"target\":[\"https:\\\/\\\/azturismo.net\\\/?p=5230#respond\"]}]},{\"@type\":\"WebPage\",\"@id\":\"https:\\\/\\\/azturismo.net\\\/?p=5230\",\"url\":\"https:\\\/\\\/azturismo.net\\\/?p=5230\",\"name\":\"M\u00e9xico registra un verano tur\u00edstico hist\u00f3rico: Sectur - Azturismo Noticias\",\"isPartOf\":{\"@id\":\"https:\\\/\\\/azturismo.net\\\/#website\"},\"primaryImageOfPage\":{\"@id\":\"https:\\\/\\\/azturismo.net\\\/?p=5230#primaryimage\"},\"image\":{\"@id\":\"https:\\\/\\\/azturismo.net\\\/?p=5230#primaryimage\"},\"thumbnailUrl\":\"https:\\\/\\\/i0.wp.com\\\/azturismo.net\\\/wp-content\\\/uploads\\\/2025\\\/09\\\/Comunicado-181-7.jpg?fit=832%2C554&ssl=1\",\"datePublished\":\"2025-09-03T12:50:00+00:00\",\"description\":\"La Secretar\u00eda de Turismo del Gobierno de M\u00e9xico inform\u00f3 que el pa\u00eds tuvo un verano exitoso en 2025, superando todas las proyecciones y alcanzando cifras r\u00e9cord en ocupaci\u00f3n hotelera, derrama econ\u00f3mica y llegada de turistas nacionales e internacionales.\",\"breadcrumb\":{\"@id\":\"https:\\\/\\\/azturismo.net\\\/?p=5230#breadcrumb\"},\"inLanguage\":\"es\",\"potentialAction\":[{\"@type\":\"ReadAction\",\"target\":[\"https:\\\/\\\/azturismo.net\\\/?p=5230\"]}]},{\"@type\":\"ImageObject\",\"inLanguage\":\"es\",\"@id\":\"https:\\\/\\\/azturismo.net\\\/?p=5230#primaryimage\",\"url\":\"https:\\\/\\\/i0.wp.com\\\/azturismo.net\\\/wp-content\\\/uploads\\\/2025\\\/09\\\/Comunicado-181-7.jpg?fit=832%2C554&ssl=1\",\"contentUrl\":\"https:\\\/\\\/i0.wp.com\\\/azturismo.net\\\/wp-content\\\/uploads\\\/2025\\\/09\\\/Comunicado-181-7.jpg?fit=832%2C554&ssl=1\",\"width\":832,\"height\":554},{\"@type\":\"BreadcrumbList\",\"@id\":\"https:\\\/\\\/azturismo.net\\\/?p=5230#breadcrumb\",\"itemListElement\":[{\"@type\":\"ListItem\",\"position\":1,\"name\":\"Home\",\"item\":\"https:\\\/\\\/azturismo.net\\\/\"},{\"@type\":\"ListItem\",\"position\":2,\"name\":\"M\u00e9xico registra un verano tur\u00edstico hist\u00f3rico: Sectur\"}]},{\"@type\":\"WebSite\",\"@id\":\"https:\\\/\\\/azturismo.net\\\/#website\",\"url\":\"https:\\\/\\\/azturismo.net\\\/\",\"name\":\"Azturismo\",\"description\":\"Azturismo Noticias\",\"publisher\":{\"@id\":\"https:\\\/\\\/azturismo.net\\\/#organization\"},\"potentialAction\":[{\"@type\":\"SearchAction\",\"target\":{\"@type\":\"EntryPoint\",\"urlTemplate\":\"https:\\\/\\\/azturismo.net\\\/?s={search_term_string}\"},\"query-input\":{\"@type\":\"PropertyValueSpecification\",\"valueRequired\":true,\"valueName\":\"search_term_string\"}}],\"inLanguage\":\"es\"},{\"@type\":\"Organization\",\"@id\":\"https:\\\/\\\/azturismo.net\\\/#organization\",\"name\":\"Azturismo\",\"url\":\"https:\\\/\\\/azturismo.net\\\/\",\"logo\":{\"@type\":\"ImageObject\",\"inLanguage\":\"es\",\"@id\":\"https:\\\/\\\/azturismo.net\\\/#\\\/schema\\\/logo\\\/image\\\/\",\"url\":\"https:\\\/\\\/i0.wp.com\\\/azturismo.net\\\/wp-content\\\/uploads\\\/2024\\\/03\\\/logo-el-bueno-.png?fit=294%2C69&ssl=1\",\"contentUrl\":\"https:\\\/\\\/i0.wp.com\\\/azturismo.net\\\/wp-content\\\/uploads\\\/2024\\\/03\\\/logo-el-bueno-.png?fit=294%2C69&ssl=1\",\"width\":294,\"height\":69,\"caption\":\"Azturismo\"},\"image\":{\"@id\":\"https:\\\/\\\/azturismo.net\\\/#\\\/schema\\\/logo\\\/image\\\/\"},\"sameAs\":[\"https:\\\/\\\/www.facebook.com\\\/AzturismoNoticias\",\"https:\\\/\\\/x.com\\\/AzTurismo\",\"https:\\\/\\\/www.instagram.com\\\/azturismo_noticias\\\/?fbclid=IwAR2xMiuoHbs6eLeIHKP8P5sSGa-xFrw7FfejscXO7kDghWa7wKLjGczKOwE\",\"https:\\\/\\\/www.tiktok.com\\\/@azturismo\"]},{\"@type\":\"Person\",\"@id\":\"https:\\\/\\\/azturismo.net\\\/#\\\/schema\\\/person\\\/4b56d87f51c4d1b518c650739ad3bbc1\",\"name\":\"Azturismo\",\"image\":{\"@type\":\"ImageObject\",\"inLanguage\":\"es\",\"@id\":\"https:\\\/\\\/azturismo.net\\\/wp-content\\\/litespeed\\\/avatar\\\/dfe28a31cdd68b788da48a316e50db10.jpg?ver=1777707566\",\"url\":\"https:\\\/\\\/azturismo.net\\\/wp-content\\\/litespeed\\\/avatar\\\/dfe28a31cdd68b788da48a316e50db10.jpg?ver=1777707566\",\"contentUrl\":\"https:\\\/\\\/azturismo.net\\\/wp-content\\\/litespeed\\\/avatar\\\/dfe28a31cdd68b788da48a316e50db10.jpg?ver=1777707566\",\"caption\":\"Azturismo\"},\"sameAs\":[\"https:\\\/\\\/azturismo.net\"],\"url\":\"https:\\\/\\\/azturismo.net\\\/?author=1\"}]}<\/script>\n<!-- \/ Yoast SEO plugin. -->","yoast_head_json":{"title":"M\u00e9xico registra un verano tur\u00edstico hist\u00f3rico: Sectur - Azturismo Noticias","description":"La Secretar\u00eda de Turismo del Gobierno de M\u00e9xico inform\u00f3 que el pa\u00eds tuvo un verano exitoso en 2025, superando todas las proyecciones y alcanzando cifras r\u00e9cord en ocupaci\u00f3n hotelera, derrama econ\u00f3mica y llegada de turistas nacionales e internacionales.","robots":{"index":"index","follow":"follow","max-snippet":"max-snippet:-1","max-image-preview":"max-image-preview:large","max-video-preview":"max-video-preview:-1"},"canonical":"https:\/\/azturismo.net\/?p=5230","og_locale":"es_MX","og_type":"article","og_title":"M\u00e9xico registra un verano tur\u00edstico hist\u00f3rico: Sectur - Azturismo Noticias","og_description":"La Secretar\u00eda de Turismo del Gobierno de M\u00e9xico inform\u00f3 que el pa\u00eds tuvo un verano exitoso en 2025, superando todas las proyecciones y alcanzando cifras r\u00e9cord en ocupaci\u00f3n hotelera, derrama econ\u00f3mica y llegada de turistas nacionales e internacionales.","og_url":"https:\/\/azturismo.net\/?p=5230","og_site_name":"Azturismo Noticias","article_publisher":"https:\/\/www.facebook.com\/AzturismoNoticias","article_published_time":"2025-09-03T12:50:00+00:00","og_image":[{"width":832,"height":554,"url":"https:\/\/i0.wp.com\/azturismo.net\/wp-content\/uploads\/2025\/09\/Comunicado-181-7.jpg?fit=832%2C554&ssl=1","type":"image\/jpeg"}],"author":"Azturismo","twitter_card":"summary_large_image","twitter_creator":"@AzTurismo","twitter_site":"@AzTurismo","twitter_misc":{"Escrito por":"Azturismo","Tiempo de lectura":"2 minutos"},"schema":{"@context":"https:\/\/schema.org","@graph":[{"@type":"Article","@id":"https:\/\/azturismo.net\/?p=5230#article","isPartOf":{"@id":"https:\/\/azturismo.net\/?p=5230"},"author":{"name":"Azturismo","@id":"https:\/\/azturismo.net\/#\/schema\/person\/4b56d87f51c4d1b518c650739ad3bbc1"},"headline":"M\u00e9xico registra un verano tur\u00edstico hist\u00f3rico: Sectur","datePublished":"2025-09-03T12:50:00+00:00","mainEntityOfPage":{"@id":"https:\/\/azturismo.net\/?p=5230"},"wordCount":344,"commentCount":0,"publisher":{"@id":"https:\/\/azturismo.net\/#organization"},"image":{"@id":"https:\/\/azturismo.net\/?p=5230#primaryimage"},"thumbnailUrl":"https:\/\/i0.wp.com\/azturismo.net\/wp-content\/uploads\/2025\/09\/Comunicado-181-7.jpg?fit=832%2C554&ssl=1","keywords":["azturismo","Josefina Rodr\u00edguez Zamora","Resultados turisticos","Sectur","Verano 2025"],"articleSection":["Destacadas","NACIONALES"],"inLanguage":"es","potentialAction":[{"@type":"CommentAction","name":"Comment","target":["https:\/\/azturismo.net\/?p=5230#respond"]}]},{"@type":"WebPage","@id":"https:\/\/azturismo.net\/?p=5230","url":"https:\/\/azturismo.net\/?p=5230","name":"M\u00e9xico registra un verano tur\u00edstico hist\u00f3rico: Sectur - Azturismo Noticias","isPartOf":{"@id":"https:\/\/azturismo.net\/#website"},"primaryImageOfPage":{"@id":"https:\/\/azturismo.net\/?p=5230#primaryimage"},"image":{"@id":"https:\/\/azturismo.net\/?p=5230#primaryimage"},"thumbnailUrl":"https:\/\/i0.wp.com\/azturismo.net\/wp-content\/uploads\/2025\/09\/Comunicado-181-7.jpg?fit=832%2C554&ssl=1","datePublished":"2025-09-03T12:50:00+00:00","description":"La Secretar\u00eda de Turismo del Gobierno de M\u00e9xico inform\u00f3 que el pa\u00eds tuvo un verano exitoso en 2025, superando todas las proyecciones y alcanzando cifras r\u00e9cord en ocupaci\u00f3n hotelera, derrama econ\u00f3mica y llegada de turistas nacionales e internacionales.","breadcrumb":{"@id":"https:\/\/azturismo.net\/?p=5230#breadcrumb"},"inLanguage":"es","potentialAction":[{"@type":"ReadAction","target":["https:\/\/azturismo.net\/?p=5230"]}]},{"@type":"ImageObject","inLanguage":"es","@id":"https:\/\/azturismo.net\/?p=5230#primaryimage","url":"https:\/\/i0.wp.com\/azturismo.net\/wp-content\/uploads\/2025\/09\/Comunicado-181-7.jpg?fit=832%2C554&ssl=1","contentUrl":"https:\/\/i0.wp.com\/azturismo.net\/wp-content\/uploads\/2025\/09\/Comunicado-181-7.jpg?fit=832%2C554&ssl=1","width":832,"height":554},{"@type":"BreadcrumbList","@id":"https:\/\/azturismo.net\/?p=5230#breadcrumb","itemListElement":[{"@type":"ListItem","position":1,"name":"Home","item":"https:\/\/azturismo.net\/"},{"@type":"ListItem","position":2,"name":"M\u00e9xico registra un verano tur\u00edstico hist\u00f3rico: Sectur"}]},{"@type":"WebSite","@id":"https:\/\/azturismo.net\/#website","url":"https:\/\/azturismo.net\/","name":"Azturismo","description":"Azturismo Noticias","publisher":{"@id":"https:\/\/azturismo.net\/#organization"},"potentialAction":[{"@type":"SearchAction","target":{"@type":"EntryPoint","urlTemplate":"https:\/\/azturismo.net\/?s={search_term_string}"},"query-input":{"@type":"PropertyValueSpecification","valueRequired":true,"valueName":"search_term_string"}}],"inLanguage":"es"},{"@type":"Organization","@id":"https:\/\/azturismo.net\/#organization","name":"Azturismo","url":"https:\/\/azturismo.net\/","logo":{"@type":"ImageObject","inLanguage":"es","@id":"https:\/\/azturismo.net\/#\/schema\/logo\/image\/","url":"https:\/\/i0.wp.com\/azturismo.net\/wp-content\/uploads\/2024\/03\/logo-el-bueno-.png?fit=294%2C69&ssl=1","contentUrl":"https:\/\/i0.wp.com\/azturismo.net\/wp-content\/uploads\/2024\/03\/logo-el-bueno-.png?fit=294%2C69&ssl=1","width":294,"height":69,"caption":"Azturismo"},"image":{"@id":"https:\/\/azturismo.net\/#\/schema\/logo\/image\/"},"sameAs":["https:\/\/www.facebook.com\/AzturismoNoticias","https:\/\/x.com\/AzTurismo","https:\/\/www.instagram.com\/azturismo_noticias\/?fbclid=IwAR2xMiuoHbs6eLeIHKP8P5sSGa-xFrw7FfejscXO7kDghWa7wKLjGczKOwE","https:\/\/www.tiktok.com\/@azturismo"]},{"@type":"Person","@id":"https:\/\/azturismo.net\/#\/schema\/person\/4b56d87f51c4d1b518c650739ad3bbc1","name":"Azturismo","image":{"@type":"ImageObject","inLanguage":"es","@id":"https:\/\/azturismo.net\/wp-content\/litespeed\/avatar\/dfe28a31cdd68b788da48a316e50db10.jpg?ver=1777707566","url":"https:\/\/azturismo.net\/wp-content\/litespeed\/avatar\/dfe28a31cdd68b788da48a316e50db10.jpg?ver=1777707566","contentUrl":"https:\/\/azturismo.net\/wp-content\/litespeed\/avatar\/dfe28a31cdd68b788da48a316e50db10.jpg?ver=1777707566","caption":"Azturismo"},"sameAs":["https:\/\/azturismo.net"],"url":"https:\/\/azturismo.net\/?author=1"}]}},"jetpack_publicize_connections":[],"jetpack_featured_media_url":"https:\/\/i0.wp.com\/azturismo.net\/wp-content\/uploads\/2025\/09\/Comunicado-181-7.jpg?fit=832%2C554&ssl=1","jetpack_sharing_enabled":true,"jetpack-related-posts":[{"id":5190,"url":"https:\/\/azturismo.net\/?p=5190","url_meta":{"origin":5230,"position":0},"title":"Josefina Rodr\u00edguez llama a empresarios de Coparmex a ser embajadores del turismo de M\u00e9xico","author":"Azturismo","date":"agosto 29, 2025","format":false,"excerpt":"Por Staff AzTurismo La secretaria de Turismo del Gobierno de M\u00e9xico, Josefina Rodr\u00edguez Zamora, convoc\u00f3 a las y los empresarios afiliados a la COPARMEX a convertirse en embajadoras y embajadores de M\u00e9xico, destacando al turismo como un motor de prosperidad y desarrollo nacional. Durante su participaci\u00f3n en la sesi\u00f3n ordinaria\u2026","rel":"","context":"En &quot;Destacadas&quot;","block_context":{"text":"Destacadas","link":"https:\/\/azturismo.net\/?cat=30"},"img":{"alt_text":"","src":"https:\/\/i0.wp.com\/azturismo.net\/wp-content\/uploads\/2025\/08\/Sectur-Coparmex2.jpg?fit=600%2C469&ssl=1&resize=350%2C200","width":350,"height":200,"srcset":"https:\/\/i0.wp.com\/azturismo.net\/wp-content\/uploads\/2025\/08\/Sectur-Coparmex2.jpg?fit=600%2C469&ssl=1&resize=350%2C200 1x, https:\/\/i0.wp.com\/azturismo.net\/wp-content\/uploads\/2025\/08\/Sectur-Coparmex2.jpg?fit=600%2C469&ssl=1&resize=525%2C300 1.5x"},"classes":[]},{"id":5974,"url":"https:\/\/azturismo.net\/?p=5974","url_meta":{"origin":5230,"position":1},"title":"M\u00e9xico recibe m\u00e1s visitantes internacionales s","author":"Azturismo","date":"octubre 14, 2025","format":false,"excerpt":"Por Staff AzTurismo M\u00e9xico contin\u00faa su tendencia ascendente en el sector tur\u00edstico. Entre enero y agosto de 2025, el pa\u00eds recibi\u00f3 63.7 millones de visitantes internacionales, cifra que representa un crecimiento de 13.7% comparado con el mismo periodo de 2024, seg\u00fan inform\u00f3 Josefina Rodr\u00edguez Zamora, Secretaria de Turismo (Sectur). R\u00e9cord\u2026","rel":"","context":"En &quot;Destacadas&quot;","block_context":{"text":"Destacadas","link":"https:\/\/azturismo.net\/?cat=30"},"img":{"alt_text":"","src":"https:\/\/i0.wp.com\/azturismo.net\/wp-content\/uploads\/2025\/10\/Sectur-viajeros1.jpg?fit=600%2C377&ssl=1&resize=350%2C200","width":350,"height":200,"srcset":"https:\/\/i0.wp.com\/azturismo.net\/wp-content\/uploads\/2025\/10\/Sectur-viajeros1.jpg?fit=600%2C377&ssl=1&resize=350%2C200 1x, https:\/\/i0.wp.com\/azturismo.net\/wp-content\/uploads\/2025\/10\/Sectur-viajeros1.jpg?fit=600%2C377&ssl=1&resize=525%2C300 1.5x"},"classes":[]},{"id":5095,"url":"https:\/\/azturismo.net\/?p=5095","url_meta":{"origin":5230,"position":2},"title":"M\u00e9xico busca convertirse en el 5o pa\u00eds m\u00e1s visitado del mundo para 2030: Sectur","author":"Azturismo","date":"agosto 26, 2025","format":false,"excerpt":"Por Staff AzTurismo M\u00e9xico ya se posiciona como el sexto pa\u00eds m\u00e1s visitado del mundo, y la meta del Gobierno Federal es alcanzar el quinto lugar en el ranking internacional de turismo para el a\u00f1o 2030, afirm\u00f3 Josefina Rodr\u00edguez Zamora, secretaria de Turismo del Gobierno de M\u00e9xico, durante un encuentro\u2026","rel":"","context":"En &quot;Destacadas&quot;","block_context":{"text":"Destacadas","link":"https:\/\/azturismo.net\/?cat=30"},"img":{"alt_text":"","src":"https:\/\/i0.wp.com\/azturismo.net\/wp-content\/uploads\/2025\/08\/Comunicado-171-1.jpg?fit=600%2C400&ssl=1&resize=350%2C200","width":350,"height":200,"srcset":"https:\/\/i0.wp.com\/azturismo.net\/wp-content\/uploads\/2025\/08\/Comunicado-171-1.jpg?fit=600%2C400&ssl=1&resize=350%2C200 1x, https:\/\/i0.wp.com\/azturismo.net\/wp-content\/uploads\/2025\/08\/Comunicado-171-1.jpg?fit=600%2C400&ssl=1&resize=525%2C300 1.5x"},"classes":[]},{"id":5544,"url":"https:\/\/azturismo.net\/?p=5544","url_meta":{"origin":5230,"position":3},"title":"Crece cartera de inversi\u00f3n tur\u00edstica en M\u00e9xico","author":"Azturismo","date":"septiembre 22, 2025","format":false,"excerpt":"Por Staff AzTurismo La secretaria de Turismo del Gobierno de M\u00e9xico, Josefina Rodr\u00edguez Zamora, inform\u00f3 que la Cartera de Inversi\u00f3n Tur\u00edstica alcanz\u00f3 en septiembre de 2025 un total de 473 proyectos en 26 entidades federativas, con una inversi\u00f3n estimada de 22 mil millones de d\u00f3lares (mdd). Este crecimiento representa un\u2026","rel":"","context":"En &quot;Destacadas&quot;","block_context":{"text":"Destacadas","link":"https:\/\/azturismo.net\/?cat=30"},"img":{"alt_text":"","src":"https:\/\/i0.wp.com\/azturismo.net\/wp-content\/uploads\/2025\/09\/Imagen-de-WhatsApp-2025-09-21-a-las-10.17.29_1fb38592.jpg?fit=640%2C360&ssl=1&resize=350%2C200","width":350,"height":200,"srcset":"https:\/\/i0.wp.com\/azturismo.net\/wp-content\/uploads\/2025\/09\/Imagen-de-WhatsApp-2025-09-21-a-las-10.17.29_1fb38592.jpg?fit=640%2C360&ssl=1&resize=350%2C200 1x, https:\/\/i0.wp.com\/azturismo.net\/wp-content\/uploads\/2025\/09\/Imagen-de-WhatsApp-2025-09-21-a-las-10.17.29_1fb38592.jpg?fit=640%2C360&ssl=1&resize=525%2C300 1.5x"},"classes":[]},{"id":5039,"url":"https:\/\/azturismo.net\/?p=5039","url_meta":{"origin":5230,"position":4},"title":"M\u00e9xico como potencia tur\u00edstica mundial, meta de alianza Concanaco-Sectur","author":"Azturismo","date":"agosto 23, 2025","format":false,"excerpt":"Por Staff AzTurismo La secretar\u00eda de Turismo (Sectur) y la Confederaci\u00f3n de C\u00e1maras Nacionales de Comercio, Servicios y Turismo (Concanaco Servytur) anunciaron nuevas acciones conjuntas para consolidar a M\u00e9xico como una de las principales potencias tur\u00edsticas del mundo. Durante la reuni\u00f3n del Comit\u00e9 Ejecutivo de Concanaco Servytur, la secretaria de\u2026","rel":"","context":"En &quot;NOTITUR&quot;","block_context":{"text":"NOTITUR","link":"https:\/\/azturismo.net\/?cat=25"},"img":{"alt_text":"","src":"https:\/\/i0.wp.com\/azturismo.net\/wp-content\/uploads\/2025\/08\/Comunicado-164-3.jpg?fit=832%2C554&ssl=1&resize=350%2C200","width":350,"height":200,"srcset":"https:\/\/i0.wp.com\/azturismo.net\/wp-content\/uploads\/2025\/08\/Comunicado-164-3.jpg?fit=832%2C554&ssl=1&resize=350%2C200 1x, https:\/\/i0.wp.com\/azturismo.net\/wp-content\/uploads\/2025\/08\/Comunicado-164-3.jpg?fit=832%2C554&ssl=1&resize=525%2C300 1.5x, https:\/\/i0.wp.com\/azturismo.net\/wp-content\/uploads\/2025\/08\/Comunicado-164-3.jpg?fit=832%2C554&ssl=1&resize=700%2C400 2x"},"classes":[]},{"id":5996,"url":"https:\/\/azturismo.net\/?p=5996","url_meta":{"origin":5230,"position":5},"title":"Reconoce Sectur a prestadores tur\u00edsticos","author":"Azturismo","date":"octubre 16, 2025","format":false,"excerpt":"Por Staff AzTurismo La Secretar\u00eda de Turismo del Gobierno de M\u00e9xico, encabezada por Josefina Rodr\u00edguez Zamora, realiz\u00f3 la entrega de mil 381 distintivos, sellos y constancias de calidad tur\u00edstica a prestadores de servicios de todo el pa\u00eds, en reconocimiento a su compromiso con la mejora continua, la profesionalizaci\u00f3n y la\u2026","rel":"","context":"En &quot;NOTITUR&quot;","block_context":{"text":"NOTITUR","link":"https:\/\/azturismo.net\/?cat=25"},"img":{"alt_text":"","src":"https:\/\/i0.wp.com\/azturismo.net\/wp-content\/uploads\/2025\/10\/Sectur-distintivos.jpg?fit=600%2C400&ssl=1&resize=350%2C200","width":350,"height":200,"srcset":"https:\/\/i0.wp.com\/azturismo.net\/wp-content\/uploads\/2025\/10\/Sectur-distintivos.jpg?fit=600%2C400&ssl=1&resize=350%2C200 1x, https:\/\/i0.wp.com\/azturismo.net\/wp-content\/uploads\/2025\/10\/Sectur-distintivos.jpg?fit=600%2C400&ssl=1&resize=525%2C300 1.5x"},"classes":[]}],"jetpack_shortlink":"https:\/\/wp.me\/pfqZGx-1mm","amp_enabled":true,"_links":{"self":[{"href":"https:\/\/azturismo.net\/index.php?rest_route=\/wp\/v2\/posts\/5230","targetHints":{"allow":["GET"]}}],"collection":[{"href":"https:\/\/azturismo.net\/index.php?rest_route=\/wp\/v2\/posts"}],"about":[{"href":"https:\/\/azturismo.net\/index.php?rest_route=\/wp\/v2\/types\/post"}],"author":[{"embeddable":true,"href":"https:\/\/azturismo.net\/index.php?rest_route=\/wp\/v2\/users\/1"}],"replies":[{"embeddable":true,"href":"https:\/\/azturismo.net\/index.php?rest_route=%2Fwp%2Fv2%2Fcomments&post=5230"}],"version-history":[{"count":1,"href":"https:\/\/azturismo.net\/index.php?rest_route=\/wp\/v2\/posts\/5230\/revisions"}],"predecessor-version":[{"id":5232,"href":"https:\/\/azturismo.net\/index.php?rest_route=\/wp\/v2\/posts\/5230\/revisions\/5232"}],"wp:featuredmedia":[{"embeddable":true,"href":"https:\/\/azturismo.net\/index.php?rest_route=\/wp\/v2\/media\/5231"}],"wp:attachment":[{"href":"https:\/\/azturismo.net\/index.php?rest_route=%2Fwp%2Fv2%2Fmedia&parent=5230"}],"wp:term":[{"taxonomy":"category","embeddable":true,"href":"https:\/\/azturismo.net\/index.php?rest_route=%2Fwp%2Fv2%2Fcategories&post=5230"},{"taxonomy":"post_tag","embeddable":true,"href":"https:\/\/azturismo.net\/index.php?rest_route=%2Fwp%2Fv2%2Ftags&post=5230"}],"curies":[{"name":"wp","href":"https:\/\/api.w.org\/{rel}","templated":true}]}}