{"id":5221,"date":"2025-09-02T18:06:00","date_gmt":"2025-09-03T00:06:00","guid":{"rendered":"https:\/\/azturismo.net\/?p=5221"},"modified":"2025-09-03T14:23:05","modified_gmt":"2025-09-03T20:23:05","slug":"mulinelli-presenta-diseno-europeo-de-vanguardia-en-abastur-2025","status":"publish","type":"post","link":"https:\/\/azturismo.net\/?p=5221","title":{"rendered":"Conoce la propuesta de dise\u00f1o europeo que present\u00f3 Mulinelli en Abastur 2025"},"content":{"rendered":"\n<p>Por Scarlett V\u00e1zquez Flores<\/p>\n\n\n\n<p>La firma <strong>Mulinelli<\/strong>, reconocida por su mobiliario de dise\u00f1o italiano y su propuesta innovadora para el sector contract &#8211;<strong>dise\u00f1o de espacios en negocios de naturaleza hotelera o de hosteler\u00eda<\/strong>&#8211; en M\u00e9xico, particip\u00f3 por segundo a\u00f1o consecutivo en <strong>Abastur 2025<\/strong>, la feria de hospitalidad m\u00e1s importante de Am\u00e9rica Latina.<\/p>\n\n\n\n<h3 class=\"wp-block-heading\">Una propuesta m\u00e1s ambiciosa en Abastur 2025<\/h3>\n\n\n\n<p>Tras su debut en 2024 con una colecci\u00f3n de carritos de servicio, este a\u00f1o Mulinelli sorprendi\u00f3 con un stand cuidadosamente curado, donde present\u00f3 mobiliario de exterior de la prestigiosa firma <strong>HiGold<\/strong>, dise\u00f1ado por <strong>Pininfarina<\/strong>, estudio internacionalmente famoso por sus colaboraciones con Ferrari.<\/p>\n\n\n<div class=\"wp-block-image\">\n<figure class=\"alignright size-full is-resized\"><img data-recalc-dims=\"1\" loading=\"lazy\" decoding=\"async\" width=\"597\" height=\"654\" data-attachment-id=\"5224\" data-permalink=\"https:\/\/azturismo.net\/?attachment_id=5224\" data-orig-file=\"https:\/\/i0.wp.com\/azturismo.net\/wp-content\/uploads\/2025\/09\/Abastur2.jpeg?fit=597%2C654&amp;ssl=1\" data-orig-size=\"597,654\" data-comments-opened=\"1\" data-image-meta=\"{&quot;aperture&quot;:&quot;0&quot;,&quot;credit&quot;:&quot;&quot;,&quot;camera&quot;:&quot;&quot;,&quot;caption&quot;:&quot;&quot;,&quot;created_timestamp&quot;:&quot;0&quot;,&quot;copyright&quot;:&quot;&quot;,&quot;focal_length&quot;:&quot;0&quot;,&quot;iso&quot;:&quot;0&quot;,&quot;shutter_speed&quot;:&quot;0&quot;,&quot;title&quot;:&quot;&quot;,&quot;orientation&quot;:&quot;1&quot;}\" data-image-title=\"Abastur2\" data-image-description=\"\" data-image-caption=\"\" data-large-file=\"https:\/\/i0.wp.com\/azturismo.net\/wp-content\/uploads\/2025\/09\/Abastur2.jpeg?fit=597%2C654&amp;ssl=1\" src=\"https:\/\/i0.wp.com\/azturismo.net\/wp-content\/uploads\/2025\/09\/Abastur2.jpeg?resize=597%2C654&#038;ssl=1\" alt=\"\" class=\"wp-image-5224\" style=\"width:415px;height:auto\" srcset=\"https:\/\/i0.wp.com\/azturismo.net\/wp-content\/uploads\/2025\/09\/Abastur2.jpeg?w=597&amp;ssl=1 597w, https:\/\/i0.wp.com\/azturismo.net\/wp-content\/uploads\/2025\/09\/Abastur2.jpeg?resize=274%2C300&amp;ssl=1 274w, https:\/\/i0.wp.com\/azturismo.net\/wp-content\/uploads\/2025\/09\/Abastur2.jpeg?resize=150%2C164&amp;ssl=1 150w, https:\/\/i0.wp.com\/azturismo.net\/wp-content\/uploads\/2025\/09\/Abastur2.jpeg?resize=300%2C329&amp;ssl=1 300w\" sizes=\"auto, (max-width: 597px) 100vw, 597px\" \/><\/figure><\/div>\n\n\n<p>El espacio exhibi\u00f3 piezas para interiores y exteriores, acompa\u00f1adas de cat\u00e1logos impresos y materiales digitales, permitiendo a los visitantes conocer a fondo la gama de soluciones que ofrece la marca. Adem\u00e1s, Mulinelli reforz\u00f3 la experiencia con un <strong>happy hour exclusivo dentro de la feria<\/strong>, generando un ambiente propicio para la conversaci\u00f3n y la creaci\u00f3n de nuevas alianzas.<\/p>\n\n\n\n<h3 class=\"wp-block-heading\">Mulinelli: dise\u00f1o europeo con entrega inmediata en M\u00e9xico<\/h3>\n\n\n\n<p>En un mercado donde los altos aranceles y la log\u00edstica compleja representan un desaf\u00edo, Mulinelli se diferencia al ofrecer <strong>dise\u00f1o europeo con stock disponible en M\u00e9xico<\/strong>, eliminando tiempos de espera prolongados y costos elevados. Este modelo asegura procesos de compra simples, \u00e1giles y transparentes, dirigidos especialmente a <strong>hoteles, restaurantes, interioristas, despachos integradores y desarrolladores<\/strong>.<\/p>\n\n\n\n<p>La estrategia de la marca combina <strong>est\u00e9tica atemporal, eficiencia operativa y curadur\u00eda rigurosa<\/strong>, con el objetivo de responder a las verdaderas necesidades del sector hospitalario en M\u00e9xico.<\/p>\n\n\n\n<h3 class=\"wp-block-heading\">Un manifiesto de dise\u00f1o y hospitalidad<\/h3>\n\n\n\n<p>La participaci\u00f3n de Mulinelli en Abastur 2025 se consolid\u00f3 como un manifiesto de <strong>dise\u00f1o global, inteligencia comercial y belleza funcional<\/strong>, reafirmando su compromiso de aportar soluciones accesibles y sofisticadas al mercado mexicano.<\/p>\n\n\n<div class=\"wp-block-image\">\n<figure class=\"alignleft size-full is-resized\"><img data-recalc-dims=\"1\" loading=\"lazy\" decoding=\"async\" width=\"600\" height=\"900\" data-attachment-id=\"5223\" data-permalink=\"https:\/\/azturismo.net\/?attachment_id=5223\" data-orig-file=\"https:\/\/i0.wp.com\/azturismo.net\/wp-content\/uploads\/2025\/09\/Diana-Mulinelli-CEO-Mulinelli.jpeg?fit=600%2C900&amp;ssl=1\" data-orig-size=\"600,900\" data-comments-opened=\"1\" data-image-meta=\"{&quot;aperture&quot;:&quot;0&quot;,&quot;credit&quot;:&quot;&quot;,&quot;camera&quot;:&quot;&quot;,&quot;caption&quot;:&quot;&quot;,&quot;created_timestamp&quot;:&quot;0&quot;,&quot;copyright&quot;:&quot;&quot;,&quot;focal_length&quot;:&quot;0&quot;,&quot;iso&quot;:&quot;0&quot;,&quot;shutter_speed&quot;:&quot;0&quot;,&quot;title&quot;:&quot;&quot;,&quot;orientation&quot;:&quot;1&quot;}\" data-image-title=\"\" data-image-description=\"&lt;p&gt;Diana Mulinelli, CEO de la empresa.&lt;\/p&gt;\n\" data-image-caption=\"\" data-large-file=\"https:\/\/i0.wp.com\/azturismo.net\/wp-content\/uploads\/2025\/09\/Diana-Mulinelli-CEO-Mulinelli.jpeg?fit=600%2C900&amp;ssl=1\" src=\"https:\/\/i0.wp.com\/azturismo.net\/wp-content\/uploads\/2025\/09\/Diana-Mulinelli-CEO-Mulinelli.jpeg?resize=600%2C900&#038;ssl=1\" alt=\"\" class=\"wp-image-5223\" style=\"width:216px;height:auto\" srcset=\"https:\/\/i0.wp.com\/azturismo.net\/wp-content\/uploads\/2025\/09\/Diana-Mulinelli-CEO-Mulinelli.jpeg?w=600&amp;ssl=1 600w, https:\/\/i0.wp.com\/azturismo.net\/wp-content\/uploads\/2025\/09\/Diana-Mulinelli-CEO-Mulinelli.jpeg?resize=200%2C300&amp;ssl=1 200w, https:\/\/i0.wp.com\/azturismo.net\/wp-content\/uploads\/2025\/09\/Diana-Mulinelli-CEO-Mulinelli.jpeg?resize=150%2C225&amp;ssl=1 150w, https:\/\/i0.wp.com\/azturismo.net\/wp-content\/uploads\/2025\/09\/Diana-Mulinelli-CEO-Mulinelli.jpeg?resize=300%2C450&amp;ssl=1 300w\" sizes=\"auto, (max-width: 600px) 100vw, 600px\" \/><\/figure><\/div>\n\n\n<h3 class=\"wp-block-heading\">Mulinelli refrend\u00f3 su firma <\/h3>\n\n\n\n<p>Mulinelli es una firma de mobiliario que combina <strong>dise\u00f1o italiano, producci\u00f3n asi\u00e1tica de alta calidad y una visi\u00f3n estrat\u00e9gica desde M\u00e9xico<\/strong>. Su portafolio incluye piezas para interiores y exteriores orientadas al sector contract. Con un modelo de negocio \u00e1gil, que permite personalizaci\u00f3n y entregas m\u00e1s r\u00e1pidas, Mulinelli redefine la manera de entender el dise\u00f1o global con <strong>honestidad, belleza y claridad comercial<\/strong>.<\/p>\n\n\n\n<p>\ud83d\udc49 Con esta participaci\u00f3n en <strong>Abastur 2025<\/strong>, Mulinelli reafirma su liderazgo en el mercado B2B (&#8220;Business to Business&#8221;, de negocio a negocio) de hospitalidad en M\u00e9xico y abre la puerta a nuevas colaboraciones dentro de la industria.<\/p>\n\n\n\n<p><\/p>\n\n\n\n<p>\u00a1S\u00edguenos!<\/p>\n\n\n\n<p><a href=\"https:\/\/www.facebook.com\/AzturismoNoticias\">https:\/\/www.facebook.com\/AzturismoNoticias<\/a><\/p>\n\n\n\n<p><a href=\"https:\/\/tiktok.com\/@azturismo\">https:\/\/tiktok.com\/@azturismo<\/a><\/p>\n\n\n\n<p><a href=\"https:\/\/www.instagram.com\/azturismo_noticias\">https:\/\/www.instagram.com\/azturismo_noticias<\/a><\/p>\n\n\n\n<figure class=\"wp-block-embed is-type-rich is-provider-twitter wp-block-embed-twitter\"><div class=\"wp-block-embed__wrapper\">\n<div class=\"embed-twitter\"><a class=\"twitter-timeline\" data-width=\"696\" data-height=\"1000\" data-dnt=\"true\" href=\"https:\/\/twitter.com\/AzTurismo?ref_src=twsrc%5Etfw\">Tweets by AzTurismo<\/a><script async src=\"https:\/\/platform.twitter.com\/widgets.js\" charset=\"utf-8\"><\/script><\/div>\n<\/div><\/figure>\n\n\n\n<p><\/p>\n","protected":false},"excerpt":{"rendered":"<p>Por Scarlett V\u00e1zquez Flores La firma Mulinelli, reconocida por su mobiliario de dise\u00f1o italiano y su propuesta innovadora para el sector contract &#8211;dise\u00f1o de espacios en negocios de naturaleza hotelera o de hosteler\u00eda&#8211; en M\u00e9xico, particip\u00f3 por segundo a\u00f1o consecutivo en Abastur 2025, la feria de hospitalidad m\u00e1s importante de Am\u00e9rica Latina. Una propuesta m\u00e1s [&hellip;]<\/p>\n","protected":false},"author":1,"featured_media":5222,"comment_status":"open","ping_status":"open","sticky":false,"template":"","format":"standard","meta":{"jetpack_post_was_ever_published":false,"_jetpack_newsletter_access":"","_jetpack_dont_email_post_to_subs":false,"_jetpack_newsletter_tier_id":0,"_jetpack_memberships_contains_paywalled_content":false,"_jetpack_memberships_contains_paid_content":false,"footnotes":"","jetpack_publicize_message":"","jetpack_publicize_feature_enabled":true,"jetpack_social_post_already_shared":true,"jetpack_social_options":{"image_generator_settings":{"template":"highway","default_image_id":0,"font":"","enabled":false},"version":2}},"categories":[30,25],"tags":[2267,99,2297,2296,39],"class_list":{"0":"post-5221","1":"post","2":"type-post","3":"status-publish","4":"format-standard","5":"has-post-thumbnail","7":"category-e","8":"category-notitar","9":"tag-abastur-2025","10":"tag-azturismo","11":"tag-diana-mulinelli","12":"tag-mulinelli","13":"tag-turismo"},"yoast_head":"<!-- This site is optimized with the Yoast SEO plugin v27.5 - https:\/\/yoast.com\/product\/yoast-seo-wordpress\/ -->\n<title>Conoce la propuesta de dise\u00f1o europeo que present\u00f3 Mulinelli en Abastur 2025 - Azturismo Noticias<\/title>\n<meta name=\"description\" content=\"La firma Mulinelli, reconocida por su mobiliario de dise\u00f1o italiano y su propuesta innovadora para el sector contract -dise\u00f1o de espacios en negocios de naturaleza hotelera o de hosteler\u00eda- en M\u00e9xico, particip\u00f3 por segundo a\u00f1o consecutivo en Abastur 2025, la feria de hospitalidad m\u00e1s importante de Am\u00e9rica Latina.\" \/>\n<meta name=\"robots\" content=\"index, follow, max-snippet:-1, max-image-preview:large, max-video-preview:-1\" \/>\n<link rel=\"canonical\" href=\"https:\/\/azturismo.net\/?p=5221\" \/>\n<meta property=\"og:locale\" content=\"es_MX\" \/>\n<meta property=\"og:type\" content=\"article\" \/>\n<meta property=\"og:title\" content=\"Conoce la propuesta de dise\u00f1o europeo que present\u00f3 Mulinelli en Abastur 2025 - Azturismo Noticias\" \/>\n<meta property=\"og:description\" content=\"La firma Mulinelli, reconocida por su mobiliario de dise\u00f1o italiano y su propuesta innovadora para el sector contract -dise\u00f1o de espacios en negocios de naturaleza hotelera o de hosteler\u00eda- en M\u00e9xico, particip\u00f3 por segundo a\u00f1o consecutivo en Abastur 2025, la feria de hospitalidad m\u00e1s importante de Am\u00e9rica Latina.\" \/>\n<meta property=\"og:url\" content=\"https:\/\/azturismo.net\/?p=5221\" \/>\n<meta property=\"og:site_name\" content=\"Azturismo Noticias\" \/>\n<meta property=\"article:publisher\" content=\"https:\/\/www.facebook.com\/AzturismoNoticias\" \/>\n<meta property=\"article:published_time\" content=\"2025-09-03T00:06:00+00:00\" \/>\n<meta property=\"article:modified_time\" content=\"2025-09-03T20:23:05+00:00\" \/>\n<meta property=\"og:image\" content=\"https:\/\/azturismo.net\/wp-content\/uploads\/2025\/09\/Abastur4.jpeg\" \/>\n\t<meta property=\"og:image:width\" content=\"600\" \/>\n\t<meta property=\"og:image:height\" content=\"652\" \/>\n\t<meta property=\"og:image:type\" content=\"image\/jpeg\" \/>\n<meta name=\"author\" content=\"Azturismo\" \/>\n<meta name=\"twitter:card\" content=\"summary_large_image\" \/>\n<meta name=\"twitter:creator\" content=\"@AzTurismo\" \/>\n<meta name=\"twitter:site\" content=\"@AzTurismo\" \/>\n<meta name=\"twitter:label1\" content=\"Escrito por\" \/>\n\t<meta name=\"twitter:data1\" content=\"Azturismo\" \/>\n\t<meta name=\"twitter:label2\" content=\"Tiempo de lectura\" \/>\n\t<meta name=\"twitter:data2\" content=\"3 minutos\" \/>\n<script type=\"application\/ld+json\" class=\"yoast-schema-graph\">{\"@context\":\"https:\\\/\\\/schema.org\",\"@graph\":[{\"@type\":\"Article\",\"@id\":\"https:\\\/\\\/azturismo.net\\\/?p=5221#article\",\"isPartOf\":{\"@id\":\"https:\\\/\\\/azturismo.net\\\/?p=5221\"},\"author\":{\"name\":\"Azturismo\",\"@id\":\"https:\\\/\\\/azturismo.net\\\/#\\\/schema\\\/person\\\/4b56d87f51c4d1b518c650739ad3bbc1\"},\"headline\":\"Conoce la propuesta de dise\u00f1o europeo que present\u00f3 Mulinelli en Abastur 2025\",\"datePublished\":\"2025-09-03T00:06:00+00:00\",\"dateModified\":\"2025-09-03T20:23:05+00:00\",\"mainEntityOfPage\":{\"@id\":\"https:\\\/\\\/azturismo.net\\\/?p=5221\"},\"wordCount\":456,\"commentCount\":0,\"publisher\":{\"@id\":\"https:\\\/\\\/azturismo.net\\\/#organization\"},\"image\":{\"@id\":\"https:\\\/\\\/azturismo.net\\\/?p=5221#primaryimage\"},\"thumbnailUrl\":\"https:\\\/\\\/i0.wp.com\\\/azturismo.net\\\/wp-content\\\/uploads\\\/2025\\\/09\\\/Abastur4.jpeg?fit=600%2C652&ssl=1\",\"keywords\":[\"Abastur 2025\",\"azturismo\",\"Diana Mulinelli\",\"Mulinelli\",\"Turismo\"],\"articleSection\":[\"Destacadas\",\"NOTITUR\"],\"inLanguage\":\"es\",\"potentialAction\":[{\"@type\":\"CommentAction\",\"name\":\"Comment\",\"target\":[\"https:\\\/\\\/azturismo.net\\\/?p=5221#respond\"]}]},{\"@type\":\"WebPage\",\"@id\":\"https:\\\/\\\/azturismo.net\\\/?p=5221\",\"url\":\"https:\\\/\\\/azturismo.net\\\/?p=5221\",\"name\":\"Conoce la propuesta de dise\u00f1o europeo que present\u00f3 Mulinelli en Abastur 2025 - Azturismo Noticias\",\"isPartOf\":{\"@id\":\"https:\\\/\\\/azturismo.net\\\/#website\"},\"primaryImageOfPage\":{\"@id\":\"https:\\\/\\\/azturismo.net\\\/?p=5221#primaryimage\"},\"image\":{\"@id\":\"https:\\\/\\\/azturismo.net\\\/?p=5221#primaryimage\"},\"thumbnailUrl\":\"https:\\\/\\\/i0.wp.com\\\/azturismo.net\\\/wp-content\\\/uploads\\\/2025\\\/09\\\/Abastur4.jpeg?fit=600%2C652&ssl=1\",\"datePublished\":\"2025-09-03T00:06:00+00:00\",\"dateModified\":\"2025-09-03T20:23:05+00:00\",\"description\":\"La firma Mulinelli, reconocida por su mobiliario de dise\u00f1o italiano y su propuesta innovadora para el sector contract -dise\u00f1o de espacios en negocios de naturaleza hotelera o de hosteler\u00eda- en M\u00e9xico, particip\u00f3 por segundo a\u00f1o consecutivo en Abastur 2025, la feria de hospitalidad m\u00e1s importante de Am\u00e9rica Latina.\",\"breadcrumb\":{\"@id\":\"https:\\\/\\\/azturismo.net\\\/?p=5221#breadcrumb\"},\"inLanguage\":\"es\",\"potentialAction\":[{\"@type\":\"ReadAction\",\"target\":[\"https:\\\/\\\/azturismo.net\\\/?p=5221\"]}]},{\"@type\":\"ImageObject\",\"inLanguage\":\"es\",\"@id\":\"https:\\\/\\\/azturismo.net\\\/?p=5221#primaryimage\",\"url\":\"https:\\\/\\\/i0.wp.com\\\/azturismo.net\\\/wp-content\\\/uploads\\\/2025\\\/09\\\/Abastur4.jpeg?fit=600%2C652&ssl=1\",\"contentUrl\":\"https:\\\/\\\/i0.wp.com\\\/azturismo.net\\\/wp-content\\\/uploads\\\/2025\\\/09\\\/Abastur4.jpeg?fit=600%2C652&ssl=1\",\"width\":600,\"height\":652},{\"@type\":\"BreadcrumbList\",\"@id\":\"https:\\\/\\\/azturismo.net\\\/?p=5221#breadcrumb\",\"itemListElement\":[{\"@type\":\"ListItem\",\"position\":1,\"name\":\"Home\",\"item\":\"https:\\\/\\\/azturismo.net\\\/\"},{\"@type\":\"ListItem\",\"position\":2,\"name\":\"Conoce la propuesta de dise\u00f1o europeo que present\u00f3 Mulinelli en Abastur 2025\"}]},{\"@type\":\"WebSite\",\"@id\":\"https:\\\/\\\/azturismo.net\\\/#website\",\"url\":\"https:\\\/\\\/azturismo.net\\\/\",\"name\":\"Azturismo\",\"description\":\"Azturismo Noticias\",\"publisher\":{\"@id\":\"https:\\\/\\\/azturismo.net\\\/#organization\"},\"potentialAction\":[{\"@type\":\"SearchAction\",\"target\":{\"@type\":\"EntryPoint\",\"urlTemplate\":\"https:\\\/\\\/azturismo.net\\\/?s={search_term_string}\"},\"query-input\":{\"@type\":\"PropertyValueSpecification\",\"valueRequired\":true,\"valueName\":\"search_term_string\"}}],\"inLanguage\":\"es\"},{\"@type\":\"Organization\",\"@id\":\"https:\\\/\\\/azturismo.net\\\/#organization\",\"name\":\"Azturismo\",\"url\":\"https:\\\/\\\/azturismo.net\\\/\",\"logo\":{\"@type\":\"ImageObject\",\"inLanguage\":\"es\",\"@id\":\"https:\\\/\\\/azturismo.net\\\/#\\\/schema\\\/logo\\\/image\\\/\",\"url\":\"https:\\\/\\\/i0.wp.com\\\/azturismo.net\\\/wp-content\\\/uploads\\\/2024\\\/03\\\/logo-el-bueno-.png?fit=294%2C69&ssl=1\",\"contentUrl\":\"https:\\\/\\\/i0.wp.com\\\/azturismo.net\\\/wp-content\\\/uploads\\\/2024\\\/03\\\/logo-el-bueno-.png?fit=294%2C69&ssl=1\",\"width\":294,\"height\":69,\"caption\":\"Azturismo\"},\"image\":{\"@id\":\"https:\\\/\\\/azturismo.net\\\/#\\\/schema\\\/logo\\\/image\\\/\"},\"sameAs\":[\"https:\\\/\\\/www.facebook.com\\\/AzturismoNoticias\",\"https:\\\/\\\/x.com\\\/AzTurismo\",\"https:\\\/\\\/www.instagram.com\\\/azturismo_noticias\\\/?fbclid=IwAR2xMiuoHbs6eLeIHKP8P5sSGa-xFrw7FfejscXO7kDghWa7wKLjGczKOwE\",\"https:\\\/\\\/www.tiktok.com\\\/@azturismo\"]},{\"@type\":\"Person\",\"@id\":\"https:\\\/\\\/azturismo.net\\\/#\\\/schema\\\/person\\\/4b56d87f51c4d1b518c650739ad3bbc1\",\"name\":\"Azturismo\",\"image\":{\"@type\":\"ImageObject\",\"inLanguage\":\"es\",\"@id\":\"https:\\\/\\\/azturismo.net\\\/wp-content\\\/litespeed\\\/avatar\\\/dfe28a31cdd68b788da48a316e50db10.jpg?ver=1777707566\",\"url\":\"https:\\\/\\\/azturismo.net\\\/wp-content\\\/litespeed\\\/avatar\\\/dfe28a31cdd68b788da48a316e50db10.jpg?ver=1777707566\",\"contentUrl\":\"https:\\\/\\\/azturismo.net\\\/wp-content\\\/litespeed\\\/avatar\\\/dfe28a31cdd68b788da48a316e50db10.jpg?ver=1777707566\",\"caption\":\"Azturismo\"},\"sameAs\":[\"https:\\\/\\\/azturismo.net\"],\"url\":\"https:\\\/\\\/azturismo.net\\\/?author=1\"}]}<\/script>\n<!-- \/ Yoast SEO plugin. -->","yoast_head_json":{"title":"Conoce la propuesta de dise\u00f1o europeo que present\u00f3 Mulinelli en Abastur 2025 - Azturismo Noticias","description":"La firma Mulinelli, reconocida por su mobiliario de dise\u00f1o italiano y su propuesta innovadora para el sector contract -dise\u00f1o de espacios en negocios de naturaleza hotelera o de hosteler\u00eda- en M\u00e9xico, particip\u00f3 por segundo a\u00f1o consecutivo en Abastur 2025, la feria de hospitalidad m\u00e1s importante de Am\u00e9rica Latina.","robots":{"index":"index","follow":"follow","max-snippet":"max-snippet:-1","max-image-preview":"max-image-preview:large","max-video-preview":"max-video-preview:-1"},"canonical":"https:\/\/azturismo.net\/?p=5221","og_locale":"es_MX","og_type":"article","og_title":"Conoce la propuesta de dise\u00f1o europeo que present\u00f3 Mulinelli en Abastur 2025 - Azturismo Noticias","og_description":"La firma Mulinelli, reconocida por su mobiliario de dise\u00f1o italiano y su propuesta innovadora para el sector contract -dise\u00f1o de espacios en negocios de naturaleza hotelera o de hosteler\u00eda- en M\u00e9xico, particip\u00f3 por segundo a\u00f1o consecutivo en Abastur 2025, la feria de hospitalidad m\u00e1s importante de Am\u00e9rica Latina.","og_url":"https:\/\/azturismo.net\/?p=5221","og_site_name":"Azturismo Noticias","article_publisher":"https:\/\/www.facebook.com\/AzturismoNoticias","article_published_time":"2025-09-03T00:06:00+00:00","article_modified_time":"2025-09-03T20:23:05+00:00","og_image":[{"width":600,"height":652,"url":"https:\/\/azturismo.net\/wp-content\/uploads\/2025\/09\/Abastur4.jpeg","type":"image\/jpeg"}],"author":"Azturismo","twitter_card":"summary_large_image","twitter_creator":"@AzTurismo","twitter_site":"@AzTurismo","twitter_misc":{"Escrito por":"Azturismo","Tiempo de lectura":"3 minutos"},"schema":{"@context":"https:\/\/schema.org","@graph":[{"@type":"Article","@id":"https:\/\/azturismo.net\/?p=5221#article","isPartOf":{"@id":"https:\/\/azturismo.net\/?p=5221"},"author":{"name":"Azturismo","@id":"https:\/\/azturismo.net\/#\/schema\/person\/4b56d87f51c4d1b518c650739ad3bbc1"},"headline":"Conoce la propuesta de dise\u00f1o europeo que present\u00f3 Mulinelli en Abastur 2025","datePublished":"2025-09-03T00:06:00+00:00","dateModified":"2025-09-03T20:23:05+00:00","mainEntityOfPage":{"@id":"https:\/\/azturismo.net\/?p=5221"},"wordCount":456,"commentCount":0,"publisher":{"@id":"https:\/\/azturismo.net\/#organization"},"image":{"@id":"https:\/\/azturismo.net\/?p=5221#primaryimage"},"thumbnailUrl":"https:\/\/i0.wp.com\/azturismo.net\/wp-content\/uploads\/2025\/09\/Abastur4.jpeg?fit=600%2C652&ssl=1","keywords":["Abastur 2025","azturismo","Diana Mulinelli","Mulinelli","Turismo"],"articleSection":["Destacadas","NOTITUR"],"inLanguage":"es","potentialAction":[{"@type":"CommentAction","name":"Comment","target":["https:\/\/azturismo.net\/?p=5221#respond"]}]},{"@type":"WebPage","@id":"https:\/\/azturismo.net\/?p=5221","url":"https:\/\/azturismo.net\/?p=5221","name":"Conoce la propuesta de dise\u00f1o europeo que present\u00f3 Mulinelli en Abastur 2025 - Azturismo Noticias","isPartOf":{"@id":"https:\/\/azturismo.net\/#website"},"primaryImageOfPage":{"@id":"https:\/\/azturismo.net\/?p=5221#primaryimage"},"image":{"@id":"https:\/\/azturismo.net\/?p=5221#primaryimage"},"thumbnailUrl":"https:\/\/i0.wp.com\/azturismo.net\/wp-content\/uploads\/2025\/09\/Abastur4.jpeg?fit=600%2C652&ssl=1","datePublished":"2025-09-03T00:06:00+00:00","dateModified":"2025-09-03T20:23:05+00:00","description":"La firma Mulinelli, reconocida por su mobiliario de dise\u00f1o italiano y su propuesta innovadora para el sector contract -dise\u00f1o de espacios en negocios de naturaleza hotelera o de hosteler\u00eda- en M\u00e9xico, particip\u00f3 por segundo a\u00f1o consecutivo en Abastur 2025, la feria de hospitalidad m\u00e1s importante de Am\u00e9rica Latina.","breadcrumb":{"@id":"https:\/\/azturismo.net\/?p=5221#breadcrumb"},"inLanguage":"es","potentialAction":[{"@type":"ReadAction","target":["https:\/\/azturismo.net\/?p=5221"]}]},{"@type":"ImageObject","inLanguage":"es","@id":"https:\/\/azturismo.net\/?p=5221#primaryimage","url":"https:\/\/i0.wp.com\/azturismo.net\/wp-content\/uploads\/2025\/09\/Abastur4.jpeg?fit=600%2C652&ssl=1","contentUrl":"https:\/\/i0.wp.com\/azturismo.net\/wp-content\/uploads\/2025\/09\/Abastur4.jpeg?fit=600%2C652&ssl=1","width":600,"height":652},{"@type":"BreadcrumbList","@id":"https:\/\/azturismo.net\/?p=5221#breadcrumb","itemListElement":[{"@type":"ListItem","position":1,"name":"Home","item":"https:\/\/azturismo.net\/"},{"@type":"ListItem","position":2,"name":"Conoce la propuesta de dise\u00f1o europeo que present\u00f3 Mulinelli en Abastur 2025"}]},{"@type":"WebSite","@id":"https:\/\/azturismo.net\/#website","url":"https:\/\/azturismo.net\/","name":"Azturismo","description":"Azturismo Noticias","publisher":{"@id":"https:\/\/azturismo.net\/#organization"},"potentialAction":[{"@type":"SearchAction","target":{"@type":"EntryPoint","urlTemplate":"https:\/\/azturismo.net\/?s={search_term_string}"},"query-input":{"@type":"PropertyValueSpecification","valueRequired":true,"valueName":"search_term_string"}}],"inLanguage":"es"},{"@type":"Organization","@id":"https:\/\/azturismo.net\/#organization","name":"Azturismo","url":"https:\/\/azturismo.net\/","logo":{"@type":"ImageObject","inLanguage":"es","@id":"https:\/\/azturismo.net\/#\/schema\/logo\/image\/","url":"https:\/\/i0.wp.com\/azturismo.net\/wp-content\/uploads\/2024\/03\/logo-el-bueno-.png?fit=294%2C69&ssl=1","contentUrl":"https:\/\/i0.wp.com\/azturismo.net\/wp-content\/uploads\/2024\/03\/logo-el-bueno-.png?fit=294%2C69&ssl=1","width":294,"height":69,"caption":"Azturismo"},"image":{"@id":"https:\/\/azturismo.net\/#\/schema\/logo\/image\/"},"sameAs":["https:\/\/www.facebook.com\/AzturismoNoticias","https:\/\/x.com\/AzTurismo","https:\/\/www.instagram.com\/azturismo_noticias\/?fbclid=IwAR2xMiuoHbs6eLeIHKP8P5sSGa-xFrw7FfejscXO7kDghWa7wKLjGczKOwE","https:\/\/www.tiktok.com\/@azturismo"]},{"@type":"Person","@id":"https:\/\/azturismo.net\/#\/schema\/person\/4b56d87f51c4d1b518c650739ad3bbc1","name":"Azturismo","image":{"@type":"ImageObject","inLanguage":"es","@id":"https:\/\/azturismo.net\/wp-content\/litespeed\/avatar\/dfe28a31cdd68b788da48a316e50db10.jpg?ver=1777707566","url":"https:\/\/azturismo.net\/wp-content\/litespeed\/avatar\/dfe28a31cdd68b788da48a316e50db10.jpg?ver=1777707566","contentUrl":"https:\/\/azturismo.net\/wp-content\/litespeed\/avatar\/dfe28a31cdd68b788da48a316e50db10.jpg?ver=1777707566","caption":"Azturismo"},"sameAs":["https:\/\/azturismo.net"],"url":"https:\/\/azturismo.net\/?author=1"}]}},"jetpack_publicize_connections":[],"jetpack_featured_media_url":"https:\/\/i0.wp.com\/azturismo.net\/wp-content\/uploads\/2025\/09\/Abastur4.jpeg?fit=600%2C652&ssl=1","jetpack_sharing_enabled":true,"jetpack-related-posts":[{"id":5133,"url":"https:\/\/azturismo.net\/?p=5133","url_meta":{"origin":5221,"position":0},"title":"Huakal y ZASH se unen para lanzar la colecci\u00f3n inspirada en los tradicionales Milagritos","author":"Azturismo","date":"agosto 30, 2025","format":false,"excerpt":"Por Claudia Carrera En el marco de las celebraciones patrias de septiembre, las marcas mexicanas de lujo HUAKAL y ZASH presentan una colaboraci\u00f3n \u00fanica que fusiona tradici\u00f3n y dise\u00f1o contempor\u00e1neo: la colecci\u00f3n \"Milagritos\", una l\u00ednea exclusiva de art\u00edculos para el hogar inspirada en los emblem\u00e1ticos corazones votivos de la cultura\u2026","rel":"","context":"En &quot;Destacadas&quot;","block_context":{"text":"Destacadas","link":"https:\/\/azturismo.net\/?cat=30"},"img":{"alt_text":"","src":"https:\/\/i0.wp.com\/azturismo.net\/wp-content\/uploads\/2025\/08\/milagritos-creadoras.jpg?resize=350%2C200&ssl=1","width":350,"height":200,"srcset":"https:\/\/i0.wp.com\/azturismo.net\/wp-content\/uploads\/2025\/08\/milagritos-creadoras.jpg?resize=350%2C200&ssl=1 1x, https:\/\/i0.wp.com\/azturismo.net\/wp-content\/uploads\/2025\/08\/milagritos-creadoras.jpg?resize=525%2C300&ssl=1 1.5x"},"classes":[]},{"id":5205,"url":"https:\/\/azturismo.net\/?p=5205","url_meta":{"origin":5221,"position":1},"title":"Expo Caf\u00e9 2025, el mejor lugsr para conocer el universo del caf\u00e9","author":"Azturismo","date":"septiembre 2, 2025","format":false,"excerpt":"Por Scarlett V\u00e1zquez Flores Del 4 al 6 de septiembre, el World Trade Center y el Pepsi Center se transformar\u00e1n en el epicentro del caf\u00e9 en M\u00e9xico con la celebraci\u00f3n de Expo Caf\u00e9 2025, el encuentro m\u00e1s importante para productores, baristas, catadores, marcas, cafeter\u00edas y consumidores apasionados por esta bebida\u2026","rel":"","context":"En &quot;Destacadas&quot;","block_context":{"text":"Destacadas","link":"https:\/\/azturismo.net\/?cat=30"},"img":{"alt_text":"","src":"https:\/\/i0.wp.com\/azturismo.net\/wp-content\/uploads\/2025\/09\/Cc-14-1.jpg?fit=800%2C532&ssl=1&resize=350%2C200","width":350,"height":200,"srcset":"https:\/\/i0.wp.com\/azturismo.net\/wp-content\/uploads\/2025\/09\/Cc-14-1.jpg?fit=800%2C532&ssl=1&resize=350%2C200 1x, https:\/\/i0.wp.com\/azturismo.net\/wp-content\/uploads\/2025\/09\/Cc-14-1.jpg?fit=800%2C532&ssl=1&resize=525%2C300 1.5x, https:\/\/i0.wp.com\/azturismo.net\/wp-content\/uploads\/2025\/09\/Cc-14-1.jpg?fit=800%2C532&ssl=1&resize=700%2C400 2x"},"classes":[]},{"id":6883,"url":"https:\/\/azturismo.net\/?p=6883","url_meta":{"origin":5221,"position":2},"title":"Neithan Herbert celebra las ra\u00edces n\u00f3madas en su colecci\u00f3n \u201cRa\u00edz Sin Tierra\u201d","author":"Azturismo","date":"febrero 11, 2026","format":false,"excerpt":"Por Staff AzTurismo En una noche cargada de simbolismo y arte, la firma mexicana Neithan Herbert present\u00f3 su colecci\u00f3n Primavera\/Verano 2026 \u201cRa\u00edz Sin Tierra\u201d en el coraz\u00f3n de la colonia Roma, consolidando su propuesta de lujo artesanal y dise\u00f1o con conciencia. El evento, apoyado por Freixenet, inici\u00f3 con un momento\u2026","rel":"","context":"En &quot;Destacadas&quot;","block_context":{"text":"Destacadas","link":"https:\/\/azturismo.net\/?cat=30"},"img":{"alt_text":"","src":"https:\/\/i0.wp.com\/azturismo.net\/wp-content\/uploads\/2026\/02\/Neithan-Herbert1.png?fit=600%2C400&ssl=1&resize=350%2C200","width":350,"height":200,"srcset":"https:\/\/i0.wp.com\/azturismo.net\/wp-content\/uploads\/2026\/02\/Neithan-Herbert1.png?fit=600%2C400&ssl=1&resize=350%2C200 1x, https:\/\/i0.wp.com\/azturismo.net\/wp-content\/uploads\/2026\/02\/Neithan-Herbert1.png?fit=600%2C400&ssl=1&resize=525%2C300 1.5x"},"classes":[]},{"id":5930,"url":"https:\/\/azturismo.net\/?p=5930","url_meta":{"origin":5221,"position":3},"title":"\ud83d\udc80 \u00a1Vive el D\u00eda de Muertos en el coraz\u00f3n de M\u00e9xico\ud83c\udf89","author":"Azturismo","date":"octubre 8, 2025","format":false,"excerpt":"Por Oscar V\u00e1zquez C \ud83c\udf89 La Ciudad de M\u00e9xico ya se prepara para una de las celebraciones m\u00e1s esperadas del a\u00f1o: el Festival de Ofrendas y Catrinas del Centro Hist\u00f3rico 2025, que se realizar\u00e1 del 28 de octubre al 3 de noviembre, una de las fechas m\u00e1s coloridas y emblem\u00e1ticas\u2026","rel":"","context":"En &quot;Destacadas&quot;","block_context":{"text":"Destacadas","link":"https:\/\/azturismo.net\/?cat=30"},"img":{"alt_text":"","src":"https:\/\/i0.wp.com\/azturismo.net\/wp-content\/uploads\/2025\/10\/IMG-20251006-WA0197.jpg?fit=639%2C359&ssl=1&resize=350%2C200","width":350,"height":200,"srcset":"https:\/\/i0.wp.com\/azturismo.net\/wp-content\/uploads\/2025\/10\/IMG-20251006-WA0197.jpg?fit=639%2C359&ssl=1&resize=350%2C200 1x, https:\/\/i0.wp.com\/azturismo.net\/wp-content\/uploads\/2025\/10\/IMG-20251006-WA0197.jpg?fit=639%2C359&ssl=1&resize=525%2C300 1.5x"},"classes":[]},{"id":7085,"url":"https:\/\/azturismo.net\/?p=7085","url_meta":{"origin":5221,"position":4},"title":"Desde Tijuana defienden bordados ind\u00edgenas","author":"Azturismo","date":"abril 17, 2026","format":false,"excerpt":"Por Oscar V\u00e1zquez C. \u201cNo es moda, es memoria\u201d: Diputada Evelyn S\u00e1nchez S\u00e1nchez presenta iniciativa en BC para proteger bordados ind\u00edgenas y frenar el plagio textil con todo el peso de la ley \ud83e\uddf5 No es un simple bordado. Es historia, identidad y resistencia. Y la diputada de Tijuana, Evelyn\u2026","rel":"","context":"En &quot;Destacadas&quot;","block_context":{"text":"Destacadas","link":"https:\/\/azturismo.net\/?cat=30"},"img":{"alt_text":"","src":"https:\/\/i0.wp.com\/azturismo.net\/wp-content\/uploads\/2026\/04\/image-51.png?fit=600%2C337&ssl=1&resize=350%2C200","width":350,"height":200,"srcset":"https:\/\/i0.wp.com\/azturismo.net\/wp-content\/uploads\/2026\/04\/image-51.png?fit=600%2C337&ssl=1&resize=350%2C200 1x, https:\/\/i0.wp.com\/azturismo.net\/wp-content\/uploads\/2026\/04\/image-51.png?fit=600%2C337&ssl=1&resize=525%2C300 1.5x"},"classes":[]},{"id":5294,"url":"https:\/\/azturismo.net\/?p=5294","url_meta":{"origin":5221,"position":5},"title":"\u00a1Expo Caf\u00e9 2025 se convirti\u00f3 en la capital del caf\u00e9 de M\u00e9xico!","author":"Azturismo","date":"septiembre 12, 2025","format":false,"excerpt":"Scarlett V\u00e1zquez Flores\/Oscar V\u00e1zquez C. Los aromas a caf\u00e9 invadieron el World Trade Center y el Pepsi Center para convertirse en el epicentro gastron\u00f3mico de M\u00e9xico con la celebraci\u00f3n conjunta de Expo Caf\u00e9, Gourmet Show y Sal\u00f3n Chocolate & Cacao 2025, tres de las ferias m\u00e1s esperadas de la industria,\u2026","rel":"","context":"En &quot;Destacadas&quot;","block_context":{"text":"Destacadas","link":"https:\/\/azturismo.net\/?cat=30"},"img":{"alt_text":"","src":"https:\/\/i0.wp.com\/azturismo.net\/wp-content\/uploads\/2025\/09\/Foto.-Joaquingalan-expocafe01.jpeg?fit=600%2C450&ssl=1&resize=350%2C200","width":350,"height":200,"srcset":"https:\/\/i0.wp.com\/azturismo.net\/wp-content\/uploads\/2025\/09\/Foto.-Joaquingalan-expocafe01.jpeg?fit=600%2C450&ssl=1&resize=350%2C200 1x, https:\/\/i0.wp.com\/azturismo.net\/wp-content\/uploads\/2025\/09\/Foto.-Joaquingalan-expocafe01.jpeg?fit=600%2C450&ssl=1&resize=525%2C300 1.5x"},"classes":[]}],"jetpack_shortlink":"https:\/\/wp.me\/pfqZGx-1md","amp_enabled":true,"_links":{"self":[{"href":"https:\/\/azturismo.net\/index.php?rest_route=\/wp\/v2\/posts\/5221","targetHints":{"allow":["GET"]}}],"collection":[{"href":"https:\/\/azturismo.net\/index.php?rest_route=\/wp\/v2\/posts"}],"about":[{"href":"https:\/\/azturismo.net\/index.php?rest_route=\/wp\/v2\/types\/post"}],"author":[{"embeddable":true,"href":"https:\/\/azturismo.net\/index.php?rest_route=\/wp\/v2\/users\/1"}],"replies":[{"embeddable":true,"href":"https:\/\/azturismo.net\/index.php?rest_route=%2Fwp%2Fv2%2Fcomments&post=5221"}],"version-history":[{"count":4,"href":"https:\/\/azturismo.net\/index.php?rest_route=\/wp\/v2\/posts\/5221\/revisions"}],"predecessor-version":[{"id":5247,"href":"https:\/\/azturismo.net\/index.php?rest_route=\/wp\/v2\/posts\/5221\/revisions\/5247"}],"wp:featuredmedia":[{"embeddable":true,"href":"https:\/\/azturismo.net\/index.php?rest_route=\/wp\/v2\/media\/5222"}],"wp:attachment":[{"href":"https:\/\/azturismo.net\/index.php?rest_route=%2Fwp%2Fv2%2Fmedia&parent=5221"}],"wp:term":[{"taxonomy":"category","embeddable":true,"href":"https:\/\/azturismo.net\/index.php?rest_route=%2Fwp%2Fv2%2Fcategories&post=5221"},{"taxonomy":"post_tag","embeddable":true,"href":"https:\/\/azturismo.net\/index.php?rest_route=%2Fwp%2Fv2%2Ftags&post=5221"}],"curies":[{"name":"wp","href":"https:\/\/api.w.org\/{rel}","templated":true}]}}