{"id":5212,"date":"2025-09-02T08:08:00","date_gmt":"2025-09-02T14:08:00","guid":{"rendered":"https:\/\/azturismo.net\/?p=5212"},"modified":"2025-09-01T23:06:27","modified_gmt":"2025-09-02T05:06:27","slug":"en-este-mes-patrio-integrate-a-los-paseos-culturales-del-inah-en-la-cdmx","status":"publish","type":"post","link":"https:\/\/azturismo.net\/?p=5212","title":{"rendered":"En este mes patrio, int\u00e9grate a los Paseos Culturales del INAH en la CDMX"},"content":{"rendered":"\n<p>Por Staff AzTurismo <\/p>\n\n\n\n<p style=\"margin-bottom:75px\">Con motivo de las celebraciones del mes patrio, el Instituto Nacional de Antropolog\u00eda e Historia (INAH), a trav\u00e9s de sus tradicionales Paseos Culturales, presenta una agenda especial para redescubrir la riqueza hist\u00f3rica, arquitect\u00f3nica y cultural de la capital del pa\u00eds.<\/p>\n\n\n\n<h2 class=\"wp-block-heading\"><strong>Recorridos culturales en septiembre 2025<\/strong><\/h2>\n\n\n<div class=\"wp-block-image\">\n<figure class=\"aligncenter size-large\"><img data-recalc-dims=\"1\" loading=\"lazy\" decoding=\"async\" width=\"696\" height=\"684\" data-attachment-id=\"5219\" data-permalink=\"https:\/\/azturismo.net\/?attachment_id=5219\" data-orig-file=\"https:\/\/i0.wp.com\/azturismo.net\/wp-content\/uploads\/2025\/09\/1000110545.jpg?fit=1080%2C1061&amp;ssl=1\" data-orig-size=\"1080,1061\" data-comments-opened=\"1\" data-image-meta=\"{&quot;aperture&quot;:&quot;0&quot;,&quot;credit&quot;:&quot;&quot;,&quot;camera&quot;:&quot;MAR-LX3A&quot;,&quot;caption&quot;:&quot;&quot;,&quot;created_timestamp&quot;:&quot;1745939840&quot;,&quot;copyright&quot;:&quot;&quot;,&quot;focal_length&quot;:&quot;0&quot;,&quot;iso&quot;:&quot;0&quot;,&quot;shutter_speed&quot;:&quot;0&quot;,&quot;title&quot;:&quot;&quot;,&quot;orientation&quot;:&quot;1&quot;}\" data-image-title=\"1000110545\" data-image-description=\"\" data-image-caption=\"\" data-large-file=\"https:\/\/i0.wp.com\/azturismo.net\/wp-content\/uploads\/2025\/09\/1000110545.jpg?fit=696%2C684&amp;ssl=1\" src=\"https:\/\/i0.wp.com\/azturismo.net\/wp-content\/uploads\/2025\/09\/1000110545.jpg?resize=696%2C684&#038;ssl=1\" alt=\"\" class=\"wp-image-5219\" srcset=\"https:\/\/i0.wp.com\/azturismo.net\/wp-content\/uploads\/2025\/09\/1000110545.jpg?resize=1024%2C1006&amp;ssl=1 1024w, https:\/\/i0.wp.com\/azturismo.net\/wp-content\/uploads\/2025\/09\/1000110545.jpg?resize=300%2C295&amp;ssl=1 300w, https:\/\/i0.wp.com\/azturismo.net\/wp-content\/uploads\/2025\/09\/1000110545.jpg?resize=768%2C754&amp;ssl=1 768w, https:\/\/i0.wp.com\/azturismo.net\/wp-content\/uploads\/2025\/09\/1000110545.jpg?resize=150%2C147&amp;ssl=1 150w, https:\/\/i0.wp.com\/azturismo.net\/wp-content\/uploads\/2025\/09\/1000110545.jpg?resize=696%2C684&amp;ssl=1 696w, https:\/\/i0.wp.com\/azturismo.net\/wp-content\/uploads\/2025\/09\/1000110545.jpg?resize=1068%2C1049&amp;ssl=1 1068w, https:\/\/i0.wp.com\/azturismo.net\/wp-content\/uploads\/2025\/09\/1000110545.jpg?w=1080&amp;ssl=1 1080w\" sizes=\"auto, (max-width: 696px) 100vw, 696px\" \/><\/figure><\/div>\n\n\n<p>Los paseos, que se realizan de manera peatonal en distintos puntos de la Ciudad de M\u00e9xico, comenzar\u00e1n el <strong>5 de septiembre en San \u00c1ngel<\/strong>, al sur de la ciudad, donde se explorar\u00e1 la vida de los antiguos monjes en el convento que hoy alberga al <strong>Museo de El Carmen<\/strong>.<\/p>\n\n\n\n<p>Otros recorridos destacados incluyen:<\/p>\n\n\n\n<p>Otros recorridos destacados incluyen:<\/p>\n\n\n\n<p>6 de septiembre \u2013 Colonia N\u00e1poles: ejemplo del urbanismo del siglo XX.<\/p>\n\n\n\n<p>7 de septiembre \u2013 San Juan Moyotlan: antiguo barrio mexica en pleno Centro Hist\u00f3rico.<\/p>\n\n\n\n<p>12 de septiembre \u2013 Plaza de Santo Domingo: escenario del Tribunal del Santo Oficio.<\/p>\n\n\n\n<p>13 de septiembre \u2013 Caminos de Tizap\u00e1n: historia ligada al r\u00edo Magdalena, el \u00faltimo afluente vivo de la ciudad.<\/p>\n\n\n\n<p>14 de septiembre \u2013 Lienzo Charro de la Villa: tradici\u00f3n ecuestre reconocida por la UNESCO como Patrimonio Cultural Inmaterial.<\/p>\n\n\n\n<p>19 de septiembre \u2013 Coyoac\u00e1n: recorrido por la historia del cine y la presencia de figuras como Sergei Eisenstein, Emilio \u201cEl Indio\u201d Fern\u00e1ndez y Gabriel Figueroa.<\/p>\n\n\n\n<p>20 de septiembre \u2013 Museo Nacional de Antropolog\u00eda: mitolog\u00eda del inframundo en Mesoam\u00e9rica.<\/p>\n\n\n\n<p>21 y 23 de septiembre \u2013 Museos de la Caricatura, Estampa y barrio de La Merced.<\/p>\n\n\n\n<p>26 de septiembre \u2013 Museo Nacional de Antropolog\u00eda: piezas prehisp\u00e1nicas de la colecci\u00f3n fundacional.<\/p>\n\n\n\n<p>27 de septiembre \u2013 Paseo en kayak en Tl\u00e1huac: exploraci\u00f3n del sistema chinampero.<\/p>\n\n\n\n<p>28 de septiembre \u2013 \u201cLas diversas caras de Cristo\u201d: simbolismos en templos hist\u00f3ricos del Centro.<\/p>\n\n\n\n<h3 class=\"wp-block-heading\">Una tradici\u00f3n con m\u00e1s de 60 a\u00f1os<\/h3>\n\n\n\n<p>Los <strong>Paseos Culturales del INAH<\/strong> son una iniciativa con m\u00e1s de seis d\u00e9cadas de historia, que cada a\u00f1o organiza m\u00e1s de 100 recorridos guiados por especialistas, ofreciendo experiencias \u00fanicas para viajeros, estudiantes y amantes de la historia y el arte.<\/p>\n\n\n\n<h3 class=\"wp-block-heading\">Informaci\u00f3n y reservaciones<\/h3>\n\n\n\n<p>Quienes deseen participar pueden consultar detalles de costos, itinerarios y recomendaciones en los tel\u00e9fonos: <strong>(55) 5212 2371, (55) 5553 2365 y (55) 5553 3822<\/strong>, disponibles de lunes a viernes, de 9:00 a 18:00 horas. Tambi\u00e9n est\u00e1 habilitado el correo: <strong><a href=\"mailto:reservaciones@inah.gob.mx\">reservaciones@inah.gob.mx<\/a><\/strong>.<\/p>\n\n\n\n<p>\ud83d\udc49 Esta agenda cultural es ideal para viajeros que visitan la Ciudad de M\u00e9xico en septiembre, ya que combina <strong>turismo cultural, historia y tradiciones mexicanas<\/strong> en el marco de las fiestas patrias.<\/p>\n\n\n\n<p><\/p>\n\n\n\n<p>\u00a1S\u00edguenos!<\/p>\n\n\n\n<p><a href=\"https:\/\/www.facebook.com\/AzturismoNoticias\">https:\/\/www.facebook.com\/AzturismoNoticias<\/a><\/p>\n\n\n\n<p><a href=\"https:\/\/tiktok.com\/@azturismo\">https:\/\/tiktok.com\/@azturismo<\/a><\/p>\n\n\n\n<p><a href=\"https:\/\/www.instagram.com\/azturismo_noticias\">https:\/\/www.instagram.com\/azturismo_noticias<\/a><\/p>\n\n\n\n<figure class=\"wp-block-embed is-type-rich is-provider-twitter wp-block-embed-twitter\"><div class=\"wp-block-embed__wrapper\">\n<div class=\"embed-twitter\"><a class=\"twitter-timeline\" data-width=\"696\" data-height=\"1000\" data-dnt=\"true\" href=\"https:\/\/twitter.com\/AzTurismo?ref_src=twsrc%5Etfw\">Tweets by AzTurismo<\/a><script async src=\"https:\/\/platform.twitter.com\/widgets.js\" charset=\"utf-8\"><\/script><\/div>\n<\/div><\/figure>\n\n\n\n<p><\/p>\n","protected":false},"excerpt":{"rendered":"<p>Por Staff AzTurismo Con motivo de las celebraciones del mes patrio, el Instituto Nacional de Antropolog\u00eda e Historia (INAH), a trav\u00e9s de sus tradicionales Paseos Culturales, presenta una agenda especial para redescubrir la riqueza hist\u00f3rica, arquitect\u00f3nica y cultural de la capital del pa\u00eds. Recorridos culturales en septiembre 2025 Los paseos, que se realizan de manera [&hellip;]<\/p>\n","protected":false},"author":1,"featured_media":5213,"comment_status":"open","ping_status":"open","sticky":false,"template":"","format":"standard","meta":{"jetpack_post_was_ever_published":false,"_jetpack_newsletter_access":"","_jetpack_dont_email_post_to_subs":false,"_jetpack_newsletter_tier_id":0,"_jetpack_memberships_contains_paywalled_content":false,"_jetpack_memberships_contains_paid_content":false,"footnotes":"","jetpack_publicize_message":"","jetpack_publicize_feature_enabled":true,"jetpack_social_post_already_shared":true,"jetpack_social_options":{"image_generator_settings":{"template":"highway","default_image_id":0,"font":"","enabled":false},"version":2}},"categories":[30,26],"tags":[],"class_list":{"0":"post-5212","1":"post","2":"type-post","3":"status-publish","4":"format-standard","5":"has-post-thumbnail","7":"category-e","8":"category-viajar"},"yoast_head":"<!-- This site is optimized with the Yoast SEO plugin v27.5 - https:\/\/yoast.com\/product\/yoast-seo-wordpress\/ -->\n<title>En este mes patrio, int\u00e9grate a los Paseos Culturales del INAH en la CDMX - Azturismo Noticias<\/title>\n<meta name=\"description\" content=\"Con motivo de las celebraciones del mes patrio, el INAH predenta sus Paseos Culturales, es ideal para viajeros que visitan la Ciudad de M\u00e9xico en septiembre, ya que combina turismo cultural, historia y tradiciones mexicanas en el marco de las fiestas patrias.\" \/>\n<meta name=\"robots\" content=\"index, follow, max-snippet:-1, max-image-preview:large, max-video-preview:-1\" \/>\n<link rel=\"canonical\" href=\"https:\/\/azturismo.net\/?p=5212\" \/>\n<meta property=\"og:locale\" content=\"es_MX\" \/>\n<meta property=\"og:type\" content=\"article\" \/>\n<meta property=\"og:title\" content=\"En este mes patrio, int\u00e9grate a los Paseos Culturales del INAH en la CDMX - Azturismo Noticias\" \/>\n<meta property=\"og:description\" content=\"Con motivo de las celebraciones del mes patrio, el INAH predenta sus Paseos Culturales, es ideal para viajeros que visitan la Ciudad de M\u00e9xico en septiembre, ya que combina turismo cultural, historia y tradiciones mexicanas en el marco de las fiestas patrias.\" \/>\n<meta property=\"og:url\" content=\"https:\/\/azturismo.net\/?p=5212\" \/>\n<meta property=\"og:site_name\" content=\"Azturismo Noticias\" \/>\n<meta property=\"article:publisher\" content=\"https:\/\/www.facebook.com\/AzturismoNoticias\" \/>\n<meta property=\"article:published_time\" content=\"2025-09-02T14:08:00+00:00\" \/>\n<meta property=\"og:image\" content=\"https:\/\/i0.wp.com\/azturismo.net\/wp-content\/uploads\/2025\/09\/El-Palacio-de-Bellas-Artes-y-otros-recintos-ubicados-en-lo-que-fuera-la-parcialidad-mexica-de-Moyotlan-se-recorreran-durante-septiembre.-Fotografia-Lizeth-Urban.jpg?fit=1600%2C1200&ssl=1\" \/>\n\t<meta property=\"og:image:width\" content=\"1600\" \/>\n\t<meta property=\"og:image:height\" content=\"1200\" \/>\n\t<meta property=\"og:image:type\" content=\"image\/jpeg\" \/>\n<meta name=\"author\" content=\"Azturismo\" \/>\n<meta name=\"twitter:card\" content=\"summary_large_image\" \/>\n<meta name=\"twitter:creator\" content=\"@AzTurismo\" \/>\n<meta name=\"twitter:site\" content=\"@AzTurismo\" \/>\n<meta name=\"twitter:label1\" content=\"Escrito por\" \/>\n\t<meta name=\"twitter:data1\" content=\"Azturismo\" \/>\n\t<meta name=\"twitter:label2\" content=\"Tiempo de lectura\" \/>\n\t<meta name=\"twitter:data2\" content=\"3 minutos\" \/>\n<script type=\"application\/ld+json\" class=\"yoast-schema-graph\">{\"@context\":\"https:\\\/\\\/schema.org\",\"@graph\":[{\"@type\":\"Article\",\"@id\":\"https:\\\/\\\/azturismo.net\\\/?p=5212#article\",\"isPartOf\":{\"@id\":\"https:\\\/\\\/azturismo.net\\\/?p=5212\"},\"author\":{\"name\":\"Azturismo\",\"@id\":\"https:\\\/\\\/azturismo.net\\\/#\\\/schema\\\/person\\\/4b56d87f51c4d1b518c650739ad3bbc1\"},\"headline\":\"En este mes patrio, int\u00e9grate a los Paseos Culturales del INAH en la CDMX\",\"datePublished\":\"2025-09-02T14:08:00+00:00\",\"mainEntityOfPage\":{\"@id\":\"https:\\\/\\\/azturismo.net\\\/?p=5212\"},\"wordCount\":436,\"commentCount\":0,\"publisher\":{\"@id\":\"https:\\\/\\\/azturismo.net\\\/#organization\"},\"image\":{\"@id\":\"https:\\\/\\\/azturismo.net\\\/?p=5212#primaryimage\"},\"thumbnailUrl\":\"https:\\\/\\\/i0.wp.com\\\/azturismo.net\\\/wp-content\\\/uploads\\\/2025\\\/09\\\/El-Palacio-de-Bellas-Artes-y-otros-recintos-ubicados-en-lo-que-fuera-la-parcialidad-mexica-de-Moyotlan-se-recorreran-durante-septiembre.-Fotografia-Lizeth-Urban.jpg?fit=1600%2C1200&ssl=1\",\"articleSection\":[\"Destacadas\",\"VIAJES\"],\"inLanguage\":\"es\",\"potentialAction\":[{\"@type\":\"CommentAction\",\"name\":\"Comment\",\"target\":[\"https:\\\/\\\/azturismo.net\\\/?p=5212#respond\"]}]},{\"@type\":\"WebPage\",\"@id\":\"https:\\\/\\\/azturismo.net\\\/?p=5212\",\"url\":\"https:\\\/\\\/azturismo.net\\\/?p=5212\",\"name\":\"En este mes patrio, int\u00e9grate a los Paseos Culturales del INAH en la CDMX - Azturismo Noticias\",\"isPartOf\":{\"@id\":\"https:\\\/\\\/azturismo.net\\\/#website\"},\"primaryImageOfPage\":{\"@id\":\"https:\\\/\\\/azturismo.net\\\/?p=5212#primaryimage\"},\"image\":{\"@id\":\"https:\\\/\\\/azturismo.net\\\/?p=5212#primaryimage\"},\"thumbnailUrl\":\"https:\\\/\\\/i0.wp.com\\\/azturismo.net\\\/wp-content\\\/uploads\\\/2025\\\/09\\\/El-Palacio-de-Bellas-Artes-y-otros-recintos-ubicados-en-lo-que-fuera-la-parcialidad-mexica-de-Moyotlan-se-recorreran-durante-septiembre.-Fotografia-Lizeth-Urban.jpg?fit=1600%2C1200&ssl=1\",\"datePublished\":\"2025-09-02T14:08:00+00:00\",\"description\":\"Con motivo de las celebraciones del mes patrio, el INAH predenta sus Paseos Culturales, es ideal para viajeros que visitan la Ciudad de M\u00e9xico en septiembre, ya que combina turismo cultural, historia y tradiciones mexicanas en el marco de las fiestas patrias.\",\"breadcrumb\":{\"@id\":\"https:\\\/\\\/azturismo.net\\\/?p=5212#breadcrumb\"},\"inLanguage\":\"es\",\"potentialAction\":[{\"@type\":\"ReadAction\",\"target\":[\"https:\\\/\\\/azturismo.net\\\/?p=5212\"]}]},{\"@type\":\"ImageObject\",\"inLanguage\":\"es\",\"@id\":\"https:\\\/\\\/azturismo.net\\\/?p=5212#primaryimage\",\"url\":\"https:\\\/\\\/i0.wp.com\\\/azturismo.net\\\/wp-content\\\/uploads\\\/2025\\\/09\\\/El-Palacio-de-Bellas-Artes-y-otros-recintos-ubicados-en-lo-que-fuera-la-parcialidad-mexica-de-Moyotlan-se-recorreran-durante-septiembre.-Fotografia-Lizeth-Urban.jpg?fit=1600%2C1200&ssl=1\",\"contentUrl\":\"https:\\\/\\\/i0.wp.com\\\/azturismo.net\\\/wp-content\\\/uploads\\\/2025\\\/09\\\/El-Palacio-de-Bellas-Artes-y-otros-recintos-ubicados-en-lo-que-fuera-la-parcialidad-mexica-de-Moyotlan-se-recorreran-durante-septiembre.-Fotografia-Lizeth-Urban.jpg?fit=1600%2C1200&ssl=1\",\"width\":1600,\"height\":1200},{\"@type\":\"BreadcrumbList\",\"@id\":\"https:\\\/\\\/azturismo.net\\\/?p=5212#breadcrumb\",\"itemListElement\":[{\"@type\":\"ListItem\",\"position\":1,\"name\":\"Home\",\"item\":\"https:\\\/\\\/azturismo.net\\\/\"},{\"@type\":\"ListItem\",\"position\":2,\"name\":\"En este mes patrio, int\u00e9grate a los Paseos Culturales del INAH en la CDMX\"}]},{\"@type\":\"WebSite\",\"@id\":\"https:\\\/\\\/azturismo.net\\\/#website\",\"url\":\"https:\\\/\\\/azturismo.net\\\/\",\"name\":\"Azturismo\",\"description\":\"Azturismo Noticias\",\"publisher\":{\"@id\":\"https:\\\/\\\/azturismo.net\\\/#organization\"},\"potentialAction\":[{\"@type\":\"SearchAction\",\"target\":{\"@type\":\"EntryPoint\",\"urlTemplate\":\"https:\\\/\\\/azturismo.net\\\/?s={search_term_string}\"},\"query-input\":{\"@type\":\"PropertyValueSpecification\",\"valueRequired\":true,\"valueName\":\"search_term_string\"}}],\"inLanguage\":\"es\"},{\"@type\":\"Organization\",\"@id\":\"https:\\\/\\\/azturismo.net\\\/#organization\",\"name\":\"Azturismo\",\"url\":\"https:\\\/\\\/azturismo.net\\\/\",\"logo\":{\"@type\":\"ImageObject\",\"inLanguage\":\"es\",\"@id\":\"https:\\\/\\\/azturismo.net\\\/#\\\/schema\\\/logo\\\/image\\\/\",\"url\":\"https:\\\/\\\/i0.wp.com\\\/azturismo.net\\\/wp-content\\\/uploads\\\/2024\\\/03\\\/logo-el-bueno-.png?fit=294%2C69&ssl=1\",\"contentUrl\":\"https:\\\/\\\/i0.wp.com\\\/azturismo.net\\\/wp-content\\\/uploads\\\/2024\\\/03\\\/logo-el-bueno-.png?fit=294%2C69&ssl=1\",\"width\":294,\"height\":69,\"caption\":\"Azturismo\"},\"image\":{\"@id\":\"https:\\\/\\\/azturismo.net\\\/#\\\/schema\\\/logo\\\/image\\\/\"},\"sameAs\":[\"https:\\\/\\\/www.facebook.com\\\/AzturismoNoticias\",\"https:\\\/\\\/x.com\\\/AzTurismo\",\"https:\\\/\\\/www.instagram.com\\\/azturismo_noticias\\\/?fbclid=IwAR2xMiuoHbs6eLeIHKP8P5sSGa-xFrw7FfejscXO7kDghWa7wKLjGczKOwE\",\"https:\\\/\\\/www.tiktok.com\\\/@azturismo\"]},{\"@type\":\"Person\",\"@id\":\"https:\\\/\\\/azturismo.net\\\/#\\\/schema\\\/person\\\/4b56d87f51c4d1b518c650739ad3bbc1\",\"name\":\"Azturismo\",\"image\":{\"@type\":\"ImageObject\",\"inLanguage\":\"es\",\"@id\":\"https:\\\/\\\/azturismo.net\\\/wp-content\\\/litespeed\\\/avatar\\\/dfe28a31cdd68b788da48a316e50db10.jpg?ver=1777707566\",\"url\":\"https:\\\/\\\/azturismo.net\\\/wp-content\\\/litespeed\\\/avatar\\\/dfe28a31cdd68b788da48a316e50db10.jpg?ver=1777707566\",\"contentUrl\":\"https:\\\/\\\/azturismo.net\\\/wp-content\\\/litespeed\\\/avatar\\\/dfe28a31cdd68b788da48a316e50db10.jpg?ver=1777707566\",\"caption\":\"Azturismo\"},\"sameAs\":[\"https:\\\/\\\/azturismo.net\"],\"url\":\"https:\\\/\\\/azturismo.net\\\/?author=1\"}]}<\/script>\n<!-- \/ Yoast SEO plugin. -->","yoast_head_json":{"title":"En este mes patrio, int\u00e9grate a los Paseos Culturales del INAH en la CDMX - Azturismo Noticias","description":"Con motivo de las celebraciones del mes patrio, el INAH predenta sus Paseos Culturales, es ideal para viajeros que visitan la Ciudad de M\u00e9xico en septiembre, ya que combina turismo cultural, historia y tradiciones mexicanas en el marco de las fiestas patrias.","robots":{"index":"index","follow":"follow","max-snippet":"max-snippet:-1","max-image-preview":"max-image-preview:large","max-video-preview":"max-video-preview:-1"},"canonical":"https:\/\/azturismo.net\/?p=5212","og_locale":"es_MX","og_type":"article","og_title":"En este mes patrio, int\u00e9grate a los Paseos Culturales del INAH en la CDMX - Azturismo Noticias","og_description":"Con motivo de las celebraciones del mes patrio, el INAH predenta sus Paseos Culturales, es ideal para viajeros que visitan la Ciudad de M\u00e9xico en septiembre, ya que combina turismo cultural, historia y tradiciones mexicanas en el marco de las fiestas patrias.","og_url":"https:\/\/azturismo.net\/?p=5212","og_site_name":"Azturismo Noticias","article_publisher":"https:\/\/www.facebook.com\/AzturismoNoticias","article_published_time":"2025-09-02T14:08:00+00:00","og_image":[{"width":1600,"height":1200,"url":"https:\/\/i0.wp.com\/azturismo.net\/wp-content\/uploads\/2025\/09\/El-Palacio-de-Bellas-Artes-y-otros-recintos-ubicados-en-lo-que-fuera-la-parcialidad-mexica-de-Moyotlan-se-recorreran-durante-septiembre.-Fotografia-Lizeth-Urban.jpg?fit=1600%2C1200&ssl=1","type":"image\/jpeg"}],"author":"Azturismo","twitter_card":"summary_large_image","twitter_creator":"@AzTurismo","twitter_site":"@AzTurismo","twitter_misc":{"Escrito por":"Azturismo","Tiempo de lectura":"3 minutos"},"schema":{"@context":"https:\/\/schema.org","@graph":[{"@type":"Article","@id":"https:\/\/azturismo.net\/?p=5212#article","isPartOf":{"@id":"https:\/\/azturismo.net\/?p=5212"},"author":{"name":"Azturismo","@id":"https:\/\/azturismo.net\/#\/schema\/person\/4b56d87f51c4d1b518c650739ad3bbc1"},"headline":"En este mes patrio, int\u00e9grate a los Paseos Culturales del INAH en la CDMX","datePublished":"2025-09-02T14:08:00+00:00","mainEntityOfPage":{"@id":"https:\/\/azturismo.net\/?p=5212"},"wordCount":436,"commentCount":0,"publisher":{"@id":"https:\/\/azturismo.net\/#organization"},"image":{"@id":"https:\/\/azturismo.net\/?p=5212#primaryimage"},"thumbnailUrl":"https:\/\/i0.wp.com\/azturismo.net\/wp-content\/uploads\/2025\/09\/El-Palacio-de-Bellas-Artes-y-otros-recintos-ubicados-en-lo-que-fuera-la-parcialidad-mexica-de-Moyotlan-se-recorreran-durante-septiembre.-Fotografia-Lizeth-Urban.jpg?fit=1600%2C1200&ssl=1","articleSection":["Destacadas","VIAJES"],"inLanguage":"es","potentialAction":[{"@type":"CommentAction","name":"Comment","target":["https:\/\/azturismo.net\/?p=5212#respond"]}]},{"@type":"WebPage","@id":"https:\/\/azturismo.net\/?p=5212","url":"https:\/\/azturismo.net\/?p=5212","name":"En este mes patrio, int\u00e9grate a los Paseos Culturales del INAH en la CDMX - Azturismo Noticias","isPartOf":{"@id":"https:\/\/azturismo.net\/#website"},"primaryImageOfPage":{"@id":"https:\/\/azturismo.net\/?p=5212#primaryimage"},"image":{"@id":"https:\/\/azturismo.net\/?p=5212#primaryimage"},"thumbnailUrl":"https:\/\/i0.wp.com\/azturismo.net\/wp-content\/uploads\/2025\/09\/El-Palacio-de-Bellas-Artes-y-otros-recintos-ubicados-en-lo-que-fuera-la-parcialidad-mexica-de-Moyotlan-se-recorreran-durante-septiembre.-Fotografia-Lizeth-Urban.jpg?fit=1600%2C1200&ssl=1","datePublished":"2025-09-02T14:08:00+00:00","description":"Con motivo de las celebraciones del mes patrio, el INAH predenta sus Paseos Culturales, es ideal para viajeros que visitan la Ciudad de M\u00e9xico en septiembre, ya que combina turismo cultural, historia y tradiciones mexicanas en el marco de las fiestas patrias.","breadcrumb":{"@id":"https:\/\/azturismo.net\/?p=5212#breadcrumb"},"inLanguage":"es","potentialAction":[{"@type":"ReadAction","target":["https:\/\/azturismo.net\/?p=5212"]}]},{"@type":"ImageObject","inLanguage":"es","@id":"https:\/\/azturismo.net\/?p=5212#primaryimage","url":"https:\/\/i0.wp.com\/azturismo.net\/wp-content\/uploads\/2025\/09\/El-Palacio-de-Bellas-Artes-y-otros-recintos-ubicados-en-lo-que-fuera-la-parcialidad-mexica-de-Moyotlan-se-recorreran-durante-septiembre.-Fotografia-Lizeth-Urban.jpg?fit=1600%2C1200&ssl=1","contentUrl":"https:\/\/i0.wp.com\/azturismo.net\/wp-content\/uploads\/2025\/09\/El-Palacio-de-Bellas-Artes-y-otros-recintos-ubicados-en-lo-que-fuera-la-parcialidad-mexica-de-Moyotlan-se-recorreran-durante-septiembre.-Fotografia-Lizeth-Urban.jpg?fit=1600%2C1200&ssl=1","width":1600,"height":1200},{"@type":"BreadcrumbList","@id":"https:\/\/azturismo.net\/?p=5212#breadcrumb","itemListElement":[{"@type":"ListItem","position":1,"name":"Home","item":"https:\/\/azturismo.net\/"},{"@type":"ListItem","position":2,"name":"En este mes patrio, int\u00e9grate a los Paseos Culturales del INAH en la CDMX"}]},{"@type":"WebSite","@id":"https:\/\/azturismo.net\/#website","url":"https:\/\/azturismo.net\/","name":"Azturismo","description":"Azturismo Noticias","publisher":{"@id":"https:\/\/azturismo.net\/#organization"},"potentialAction":[{"@type":"SearchAction","target":{"@type":"EntryPoint","urlTemplate":"https:\/\/azturismo.net\/?s={search_term_string}"},"query-input":{"@type":"PropertyValueSpecification","valueRequired":true,"valueName":"search_term_string"}}],"inLanguage":"es"},{"@type":"Organization","@id":"https:\/\/azturismo.net\/#organization","name":"Azturismo","url":"https:\/\/azturismo.net\/","logo":{"@type":"ImageObject","inLanguage":"es","@id":"https:\/\/azturismo.net\/#\/schema\/logo\/image\/","url":"https:\/\/i0.wp.com\/azturismo.net\/wp-content\/uploads\/2024\/03\/logo-el-bueno-.png?fit=294%2C69&ssl=1","contentUrl":"https:\/\/i0.wp.com\/azturismo.net\/wp-content\/uploads\/2024\/03\/logo-el-bueno-.png?fit=294%2C69&ssl=1","width":294,"height":69,"caption":"Azturismo"},"image":{"@id":"https:\/\/azturismo.net\/#\/schema\/logo\/image\/"},"sameAs":["https:\/\/www.facebook.com\/AzturismoNoticias","https:\/\/x.com\/AzTurismo","https:\/\/www.instagram.com\/azturismo_noticias\/?fbclid=IwAR2xMiuoHbs6eLeIHKP8P5sSGa-xFrw7FfejscXO7kDghWa7wKLjGczKOwE","https:\/\/www.tiktok.com\/@azturismo"]},{"@type":"Person","@id":"https:\/\/azturismo.net\/#\/schema\/person\/4b56d87f51c4d1b518c650739ad3bbc1","name":"Azturismo","image":{"@type":"ImageObject","inLanguage":"es","@id":"https:\/\/azturismo.net\/wp-content\/litespeed\/avatar\/dfe28a31cdd68b788da48a316e50db10.jpg?ver=1777707566","url":"https:\/\/azturismo.net\/wp-content\/litespeed\/avatar\/dfe28a31cdd68b788da48a316e50db10.jpg?ver=1777707566","contentUrl":"https:\/\/azturismo.net\/wp-content\/litespeed\/avatar\/dfe28a31cdd68b788da48a316e50db10.jpg?ver=1777707566","caption":"Azturismo"},"sameAs":["https:\/\/azturismo.net"],"url":"https:\/\/azturismo.net\/?author=1"}]}},"jetpack_publicize_connections":[],"jetpack_featured_media_url":"https:\/\/i0.wp.com\/azturismo.net\/wp-content\/uploads\/2025\/09\/El-Palacio-de-Bellas-Artes-y-otros-recintos-ubicados-en-lo-que-fuera-la-parcialidad-mexica-de-Moyotlan-se-recorreran-durante-septiembre.-Fotografia-Lizeth-Urban.jpg?fit=1600%2C1200&ssl=1","jetpack_sharing_enabled":true,"jetpack-related-posts":[{"id":3944,"url":"https:\/\/azturismo.net\/?p=3944","url_meta":{"origin":5212,"position":0},"title":"Conoce la agenda de junio 2025 del INAH para unirte a sus Paseos Culturales en la CDMX","author":"Azturismo","date":"junio 2, 2025","format":false,"excerpt":"Por Staff AzTurismoEl Instituto Nacional de Antropolog\u00eda e Historia (INAH), organismo de la Secretar\u00eda de Cultura del Gobierno de M\u00e9xico, anuncia la apertura de la agenda de junio 2025 de sus reconocidos Paseos Culturales. Esta iniciativa invita a la ciudadan\u00eda a conocer, valorar y disfrutar el patrimonio cultural mexicano mediante\u2026","rel":"","context":"En &quot;Destacadas&quot;","block_context":{"text":"Destacadas","link":"https:\/\/azturismo.net\/?cat=30"},"img":{"alt_text":"","src":"https:\/\/i0.wp.com\/azturismo.net\/wp-content\/uploads\/2025\/06\/Paseos-Culturales-INAH-es-una-iniciativa-de-mas-de-60-anos-de-experiencia-cuenta-con-mas-de-100-destinos-programados-anualmente.-Foto-Gabriela-Berumen-INAH.jpg?fit=600%2C451&ssl=1&resize=350%2C200","width":350,"height":200,"srcset":"https:\/\/i0.wp.com\/azturismo.net\/wp-content\/uploads\/2025\/06\/Paseos-Culturales-INAH-es-una-iniciativa-de-mas-de-60-anos-de-experiencia-cuenta-con-mas-de-100-destinos-programados-anualmente.-Foto-Gabriela-Berumen-INAH.jpg?fit=600%2C451&ssl=1&resize=350%2C200 1x, https:\/\/i0.wp.com\/azturismo.net\/wp-content\/uploads\/2025\/06\/Paseos-Culturales-INAH-es-una-iniciativa-de-mas-de-60-anos-de-experiencia-cuenta-con-mas-de-100-destinos-programados-anualmente.-Foto-Gabriela-Berumen-INAH.jpg?fit=600%2C451&ssl=1&resize=525%2C300 1.5x"},"classes":[]},{"id":4656,"url":"https:\/\/azturismo.net\/?p=4656","url_meta":{"origin":5212,"position":1},"title":"\u00a1Agosto te ofrece 13 recorridos imperdibles por la CDMX!","author":"Azturismo","date":"agosto 1, 2025","format":false,"excerpt":"Paseos Culturales INAH Por Staff AzTurismo El Instituto Nacional de Antropolog\u00eda e Historia (INAH) presenta su agenda de Paseos Culturales para agosto 2025, con 13 recorridos \u00fanicos que combinan historia, arte, arqueolog\u00eda y cultura en los destinos m\u00e1s emblem\u00e1ticos de la Ciudad de M\u00e9xico. \u00bfQu\u00e9 son los Paseos Culturales INAH?\u2026","rel":"","context":"En &quot;Destacadas&quot;","block_context":{"text":"Destacadas","link":"https:\/\/azturismo.net\/?cat=30"},"img":{"alt_text":"","src":"https:\/\/i0.wp.com\/azturismo.net\/wp-content\/uploads\/2025\/08\/La-vida-del-tlatoani-Cuauhtemoc-sera-el-eje-de-un-paseo-cultural-por-el-Centro-Historico-de-la-Ciudad-de-Mexico-y-Tlatelolco.-Foto-Eduardo-Suarez-INAH.jpg?fit=600%2C400&ssl=1&resize=350%2C200","width":350,"height":200,"srcset":"https:\/\/i0.wp.com\/azturismo.net\/wp-content\/uploads\/2025\/08\/La-vida-del-tlatoani-Cuauhtemoc-sera-el-eje-de-un-paseo-cultural-por-el-Centro-Historico-de-la-Ciudad-de-Mexico-y-Tlatelolco.-Foto-Eduardo-Suarez-INAH.jpg?fit=600%2C400&ssl=1&resize=350%2C200 1x, https:\/\/i0.wp.com\/azturismo.net\/wp-content\/uploads\/2025\/08\/La-vida-del-tlatoani-Cuauhtemoc-sera-el-eje-de-un-paseo-cultural-por-el-Centro-Historico-de-la-Ciudad-de-Mexico-y-Tlatelolco.-Foto-Eduardo-Suarez-INAH.jpg?fit=600%2C400&ssl=1&resize=525%2C300 1.5x"},"classes":[]},{"id":6661,"url":"https:\/\/azturismo.net\/?p=6661","url_meta":{"origin":5212,"position":2},"title":"Entre pastorelas, barrios antiguos y garnachas, as\u00ed cierra el INAH sus de Paseos Culturales 2025","author":"Azturismo","date":"diciembre 1, 2025","format":false,"excerpt":"Por Oscar V\u00e1zquez C. \ud83c\udf84 El aroma del ponche y las luces decembrinas ya cubren la Ciudad de M\u00e9xico, y con ellas llega tambi\u00e9n el \u00faltimo cap\u00edtulo del a\u00f1o para los Paseos Culturales del INAH 2025, una tradici\u00f3n que, desde hace m\u00e1s de seis d\u00e9cadas, invita a recorrer la historia\u2026","rel":"","context":"En &quot;Destacadas&quot;","block_context":{"text":"Destacadas","link":"https:\/\/azturismo.net\/?cat=30"},"img":{"alt_text":"","src":"https:\/\/i0.wp.com\/azturismo.net\/wp-content\/uploads\/2025\/11\/Entre-pastorelas-barrios-antiguos-y-garnachas-los-Paseos-Culturales-del-INAH-cierran-su-agenda-de-2025.-Foto-INAH-2.jpg?fit=600%2C450&ssl=1&resize=350%2C200","width":350,"height":200,"srcset":"https:\/\/i0.wp.com\/azturismo.net\/wp-content\/uploads\/2025\/11\/Entre-pastorelas-barrios-antiguos-y-garnachas-los-Paseos-Culturales-del-INAH-cierran-su-agenda-de-2025.-Foto-INAH-2.jpg?fit=600%2C450&ssl=1&resize=350%2C200 1x, https:\/\/i0.wp.com\/azturismo.net\/wp-content\/uploads\/2025\/11\/Entre-pastorelas-barrios-antiguos-y-garnachas-los-Paseos-Culturales-del-INAH-cierran-su-agenda-de-2025.-Foto-INAH-2.jpg?fit=600%2C450&ssl=1&resize=525%2C300 1.5x"},"classes":[]},{"id":6849,"url":"https:\/\/azturismo.net\/?p=6849","url_meta":{"origin":5212,"position":3},"title":"Con Rosca de Reyes, cine y quiromancia, los Paseos Culturales del INAH abren su agenda 2026","author":"Azturismo","date":"enero 3, 2026","format":false,"excerpt":"Por Staff AzTurismo \ud83d\udcccLa Ciudad de M\u00e9xico arranca 2026 con una invitaci\u00f3n a viajar en el tiempo, la tradici\u00f3n y la cultura, gracias a la nueva agenda de los Paseos Culturales del Instituto Nacional de Antropolog\u00eda e Historia (INAH), que durante enero y principios de febrero ofrecer\u00e1n recorridos guiados por\u2026","rel":"","context":"En &quot;Destacadas&quot;","block_context":{"text":"Destacadas","link":"https:\/\/azturismo.net\/?cat=30"},"img":{"alt_text":"","src":"https:\/\/i0.wp.com\/azturismo.net\/wp-content\/uploads\/2026\/01\/Bajo-la-guia-de-especialistas-las-caminatas-hilaran-gastronomia-historia-arquitectura-y-tradiciones-populares.-Foto-Lizeth-Urban-2-1.jpg?fit=600%2C450&ssl=1&resize=350%2C200","width":350,"height":200,"srcset":"https:\/\/i0.wp.com\/azturismo.net\/wp-content\/uploads\/2026\/01\/Bajo-la-guia-de-especialistas-las-caminatas-hilaran-gastronomia-historia-arquitectura-y-tradiciones-populares.-Foto-Lizeth-Urban-2-1.jpg?fit=600%2C450&ssl=1&resize=350%2C200 1x, https:\/\/i0.wp.com\/azturismo.net\/wp-content\/uploads\/2026\/01\/Bajo-la-guia-de-especialistas-las-caminatas-hilaran-gastronomia-historia-arquitectura-y-tradiciones-populares.-Foto-Lizeth-Urban-2-1.jpg?fit=600%2C450&ssl=1&resize=525%2C300 1.5x"},"classes":[]},{"id":7047,"url":"https:\/\/azturismo.net\/?p=7047","url_meta":{"origin":5212,"position":4},"title":"\u00bfEn peligro? el emblem\u00e1tico Paseo de Montejo en M\u00e9rida se encuentra en el ojo del hurac\u00e1n","author":"Azturismo","date":"abril 13, 2026","format":false,"excerpt":"Por Starr Aztiurismo El emblem\u00e1tico Paseo de Montejo en M\u00e9rida se encuentra en el ojo del hurac\u00e1n tras el reciente dictamen t\u00e9cnico del Centro INAH Yucat\u00e1n. Tras las movilizaciones por el D\u00eda Internacional de la Mujer, los especialistas han salido a campo y los resultados arrojan un panorama contrastante para\u2026","rel":"","context":"En &quot;Destacadas&quot;","block_context":{"text":"Destacadas","link":"https:\/\/azturismo.net\/?cat=30"},"img":{"alt_text":"","src":"https:\/\/i0.wp.com\/azturismo.net\/wp-content\/uploads\/2026\/04\/El-Centro-INAH-Yucatan-dictamina-el-estado-de-los-monumentos-del-Paseo-de-Montejo-tras-la-movilizacion-de-contingentes-en-el-Dia-Internacional-de-la-Mujer-Foto-SCyRY-CINAH-Yucatan-3.jpg?fit=600%2C243&ssl=1&resize=350%2C200","width":350,"height":200,"srcset":"https:\/\/i0.wp.com\/azturismo.net\/wp-content\/uploads\/2026\/04\/El-Centro-INAH-Yucatan-dictamina-el-estado-de-los-monumentos-del-Paseo-de-Montejo-tras-la-movilizacion-de-contingentes-en-el-Dia-Internacional-de-la-Mujer-Foto-SCyRY-CINAH-Yucatan-3.jpg?fit=600%2C243&ssl=1&resize=350%2C200 1x, https:\/\/i0.wp.com\/azturismo.net\/wp-content\/uploads\/2026\/04\/El-Centro-INAH-Yucatan-dictamina-el-estado-de-los-monumentos-del-Paseo-de-Montejo-tras-la-movilizacion-de-contingentes-en-el-Dia-Internacional-de-la-Mujer-Foto-SCyRY-CINAH-Yucatan-3.jpg?fit=600%2C243&ssl=1&resize=525%2C300 1.5x"},"classes":[]},{"id":5139,"url":"https:\/\/azturismo.net\/?p=5139","url_meta":{"origin":5212,"position":5},"title":"INAH presenta + de 300 T\u00edtulos con descuentos de hasta 80% en la VII Feria del Libro Universitario","author":"Azturismo","date":"agosto 27, 2025","format":false,"excerpt":"Por Staff AzTurismo La VII Feria Internacional del Libro de las Universitarias y los Universitarios (Filuni) 2025 contar\u00e1 con una destacada participaci\u00f3n del Instituto Nacional de Antropolog\u00eda e Historia (INAH), que ofrecer\u00e1 m\u00e1s de 300 t\u00edtulos especializados con descuentos de hasta el 80% del 26 al 31 de agosto en\u2026","rel":"","context":"En &quot;Destacadas&quot;","block_context":{"text":"Destacadas","link":"https:\/\/azturismo.net\/?cat=30"},"img":{"alt_text":"","src":"https:\/\/i0.wp.com\/azturismo.net\/wp-content\/uploads\/2025\/08\/El-INAH-listo-para-la-VII-Feria-Internacional-del-Libro-de-las-Universitarias-y-los-Universitarios.jpeg?fit=600%2C600&ssl=1&resize=350%2C200","width":350,"height":200,"srcset":"https:\/\/i0.wp.com\/azturismo.net\/wp-content\/uploads\/2025\/08\/El-INAH-listo-para-la-VII-Feria-Internacional-del-Libro-de-las-Universitarias-y-los-Universitarios.jpeg?fit=600%2C600&ssl=1&resize=350%2C200 1x, https:\/\/i0.wp.com\/azturismo.net\/wp-content\/uploads\/2025\/08\/El-INAH-listo-para-la-VII-Feria-Internacional-del-Libro-de-las-Universitarias-y-los-Universitarios.jpeg?fit=600%2C600&ssl=1&resize=525%2C300 1.5x"},"classes":[]}],"jetpack_shortlink":"https:\/\/wp.me\/pfqZGx-1m4","amp_enabled":true,"_links":{"self":[{"href":"https:\/\/azturismo.net\/index.php?rest_route=\/wp\/v2\/posts\/5212","targetHints":{"allow":["GET"]}}],"collection":[{"href":"https:\/\/azturismo.net\/index.php?rest_route=\/wp\/v2\/posts"}],"about":[{"href":"https:\/\/azturismo.net\/index.php?rest_route=\/wp\/v2\/types\/post"}],"author":[{"embeddable":true,"href":"https:\/\/azturismo.net\/index.php?rest_route=\/wp\/v2\/users\/1"}],"replies":[{"embeddable":true,"href":"https:\/\/azturismo.net\/index.php?rest_route=%2Fwp%2Fv2%2Fcomments&post=5212"}],"version-history":[{"count":4,"href":"https:\/\/azturismo.net\/index.php?rest_route=\/wp\/v2\/posts\/5212\/revisions"}],"predecessor-version":[{"id":5220,"href":"https:\/\/azturismo.net\/index.php?rest_route=\/wp\/v2\/posts\/5212\/revisions\/5220"}],"wp:featuredmedia":[{"embeddable":true,"href":"https:\/\/azturismo.net\/index.php?rest_route=\/wp\/v2\/media\/5213"}],"wp:attachment":[{"href":"https:\/\/azturismo.net\/index.php?rest_route=%2Fwp%2Fv2%2Fmedia&parent=5212"}],"wp:term":[{"taxonomy":"category","embeddable":true,"href":"https:\/\/azturismo.net\/index.php?rest_route=%2Fwp%2Fv2%2Fcategories&post=5212"},{"taxonomy":"post_tag","embeddable":true,"href":"https:\/\/azturismo.net\/index.php?rest_route=%2Fwp%2Fv2%2Ftags&post=5212"}],"curies":[{"name":"wp","href":"https:\/\/api.w.org\/{rel}","templated":true}]}}