{"id":5190,"date":"2025-08-29T15:31:31","date_gmt":"2025-08-29T21:31:31","guid":{"rendered":"https:\/\/azturismo.net\/?p=5190"},"modified":"2025-08-29T15:31:33","modified_gmt":"2025-08-29T21:31:33","slug":"josefina-rodriguez-llama-a-empresarios-de-coparmex-a-ser-embajadores-del-turismo-de-mexico","status":"publish","type":"post","link":"https:\/\/azturismo.net\/?p=5190","title":{"rendered":"Josefina Rodr\u00edguez llama a empresarios de Coparmex a ser embajadores del turismo de M\u00e9xico"},"content":{"rendered":"\n<p>Por Staff AzTurismo<\/p>\n\n\n\n<p>La secretaria de Turismo del Gobierno de M\u00e9xico, <strong>Josefina Rodr\u00edguez Zamora<\/strong>, convoc\u00f3 a las y los empresarios afiliados a la <strong>COPARMEX<\/strong> a convertirse en embajadoras y embajadores de M\u00e9xico, destacando al turismo como un motor de prosperidad y desarrollo nacional.<\/p>\n\n\n\n<p>Durante su participaci\u00f3n en la sesi\u00f3n ordinaria del Consejo Directivo de la Confederaci\u00f3n Patronal de la Rep\u00fablica Mexicana, Rodr\u00edguez se\u00f1al\u00f3 que la instrucci\u00f3n de la presidenta <strong>Claudia Sheinbaum Pardo<\/strong>, a trav\u00e9s del <strong>Plan M\u00e9xico<\/strong>, es consolidar al pa\u00eds como <strong>el quinto destino m\u00e1s visitado del mundo<\/strong>, una meta que requiere la suma de esfuerzos entre el gobierno y la iniciativa privada.<\/p>\n\n\n\n<h2 class=\"wp-block-heading\">M\u00e9xico, un destino en crecimiento constante<\/h2>\n\n\n\n<p>La titular de la <strong>Sectur<\/strong> subray\u00f3 que <strong>Estados Unidos contin\u00faa siendo el principal aliado tur\u00edstico de M\u00e9xico<\/strong>, con 7.3 millones de turistas residentes en ese pa\u00eds que llegaron v\u00eda a\u00e9rea entre enero y junio de 2025, cifra que representa un incremento del 2.4% respecto a 2024 y del 28.7% frente a 2019.<\/p>\n\n\n\n<p>En total, <strong>23.4 millones de turistas internacionales<\/strong> arribaron al pa\u00eds en el primer semestre del a\u00f1o, lo que equivale a un crecimiento del 7.3% respecto al mismo periodo de 2024 y 6.2% m\u00e1s que en 2019.<\/p>\n\n\n\n<p>Asimismo, el <strong>ingreso de divisas por visitantes internacionales<\/strong> alcanz\u00f3 los <strong>18,680.8 millones de d\u00f3lares<\/strong>, un aumento del 6.3% frente al a\u00f1o anterior y un 43.1% m\u00e1s en comparaci\u00f3n con 2019.<\/p>\n\n\n\n<p>La funcionaria resalt\u00f3 tambi\u00e9n la importancia del <strong>turismo interno<\/strong>, con m\u00e1s de <strong>100 millones de turistas nacionales anuales<\/strong>, a quienes defini\u00f3 como \u201cel coraz\u00f3n de la industria tur\u00edstica mexicana\u201d.<\/p>\n\n\n\n<h2 class=\"wp-block-heading\">Diversificaci\u00f3n y grandes eventos internacionales<\/h2>\n\n\n\n<p>Rodr\u00edguez Zamora anunci\u00f3 que se trabaja en la <strong>diversificaci\u00f3n de mercados tur\u00edsticos<\/strong>, impulsando la llegada de visitantes de pa\u00edses emergentes como <strong>China y Brasil<\/strong>, con el objetivo de ampliar la presencia de M\u00e9xico en escenarios internacionales.<\/p>\n\n\n\n<p>Adelant\u00f3 que <strong>2026 ser\u00e1 un a\u00f1o hist\u00f3rico para el turismo<\/strong>, con una agenda que incluye la participaci\u00f3n en <strong>FITUR<\/strong>, <strong>ITB Am\u00e9ricas<\/strong>, la <strong>Copa Mundial de F\u00fatbol<\/strong> y la celebraci\u00f3n de la <strong>50\u00b0 edici\u00f3n del Tianguis Tur\u00edstico<\/strong>, eventos que consolidar\u00e1n la posici\u00f3n de M\u00e9xico como potencia tur\u00edstica.<\/p>\n\n\n\n<h2 class=\"wp-block-heading\">Alianza estrat\u00e9gica con el sector privado<\/h2>\n\n\n\n<p>El presidente de la <strong>COPARMEX<\/strong>, <strong>Juan Jos\u00e9 Sierra \u00c1lvarez<\/strong>, se\u00f1al\u00f3 que la Confederaci\u00f3n y Sectur trabajan en una agenda conjunta que abarca la <strong>competitividad y sustentabilidad de 18 destinos tur\u00edsticos<\/strong>, la creaci\u00f3n de <strong>observatorios tur\u00edsticos sostenibles<\/strong>, estrategias de prevenci\u00f3n y gesti\u00f3n de crisis, as\u00ed como el impulso de una <strong>agenda legislativa en materia tur\u00edstica<\/strong> en coordinaci\u00f3n con el Congreso.<\/p>\n\n\n\n<p>Por su parte, el presidente del <strong>Consejo Nacional Empresarial Tur\u00edstico (CNET)<\/strong>, <strong>Braulio Arsuaga<\/strong>, destac\u00f3 que el sector ya representa el <strong>8% del PIB nacional<\/strong>, generando <strong>2.5 billones de pesos<\/strong> el a\u00f1o pasado. Adem\u00e1s, subray\u00f3 que en el primer semestre de 2025 el <strong>saldo de la balanza tur\u00edstica alcanz\u00f3 los 12 mil millones de d\u00f3lares<\/strong>, cifra que duplica a la industria manufacturera y supera ampliamente a la petrolera.<\/p>\n\n\n\n<h2 class=\"wp-block-heading\">Turismo como motor de prosperidad compartida<\/h2>\n\n\n\n<p>La secretaria de Turismo concluy\u00f3 su mensaje destacando que el turismo es una <strong>herramienta clave para el desarrollo econ\u00f3mico, social y cultural del pa\u00eds<\/strong>, e hizo un llamado a la iniciativa privada a convertirse en <strong>embajadoras y embajadores de M\u00e9xico en el mundo<\/strong>, fortaleciendo la competitividad y sustentabilidad del sector en beneficio de toda la naci\u00f3n.<\/p>\n\n\n\n<h3 class=\"wp-block-heading\">\u00a1S\u00edguenos!<\/h3>\n\n\n\n<p><a href=\"https:\/\/www.facebook.com\/AzturismoNoticias\">https:\/\/www.facebook.com\/AzturismoNoticias<\/a><\/p>\n\n\n\n<p><strong><a href=\"mailto:tiktok.com\/@azturismo\">tiktok.com\/@azturismo<\/a><\/strong><\/p>\n\n\n\n<p><strong><a href=\"https:\/\/www.instagram.com\/azturismo_noticias\">www.instagram.com\/azturismo_noticias<\/a><\/strong><\/p>\n\n\n\n<p><a href=\"https:\/\/x.com\/AzTurismo\">https:\/\/x.com\/AzTurism<\/a><\/p>\n","protected":false},"excerpt":{"rendered":"<p>Por Staff AzTurismo La secretaria de Turismo del Gobierno de M\u00e9xico, Josefina Rodr\u00edguez Zamora, convoc\u00f3 a las y los empresarios afiliados a la COPARMEX a convertirse en embajadoras y embajadores de M\u00e9xico, destacando al turismo como un motor de prosperidad y desarrollo nacional. Durante su participaci\u00f3n en la sesi\u00f3n ordinaria del Consejo Directivo de la [&hellip;]<\/p>\n","protected":false},"author":1,"featured_media":5191,"comment_status":"open","ping_status":"open","sticky":false,"template":"","format":"standard","meta":{"jetpack_post_was_ever_published":false,"_jetpack_newsletter_access":"","_jetpack_dont_email_post_to_subs":false,"_jetpack_newsletter_tier_id":0,"_jetpack_memberships_contains_paywalled_content":false,"_jetpack_memberships_contains_paid_content":false,"footnotes":"","jetpack_publicize_message":"","jetpack_publicize_feature_enabled":true,"jetpack_social_post_already_shared":true,"jetpack_social_options":{"image_generator_settings":{"template":"highway","default_image_id":0,"font":"","enabled":false},"version":2}},"categories":[30,29],"tags":[99,1006,290,2276,313,2277,2275,116],"class_list":{"0":"post-5190","1":"post","2":"type-post","3":"status-publish","4":"format-standard","5":"has-post-thumbnail","7":"category-e","8":"category-nacionales","9":"tag-azturismo","10":"tag-braulio-arsuaga","11":"tag-cnet","12":"tag-coparmex","13":"tag-josefina-rodriguez-zamora","14":"tag-juan-jose-sierra-alvare","15":"tag-plan-mexico-2","16":"tag-sectur"},"yoast_head":"<!-- This site is optimized with the Yoast SEO plugin v27.5 - https:\/\/yoast.com\/product\/yoast-seo-wordpress\/ -->\n<title>Josefina Rodr\u00edguez llama a empresarios de Coparmex a ser embajadores del turismo de M\u00e9xico - Azturismo Noticias<\/title>\n<meta name=\"description\" content=\"La secretaria de Turismo del Gobierno de M\u00e9xico, Josefina Rodr\u00edguez Zamora, convoc\u00f3 a las y los empresarios afiliados a la COPARMEX a convertirse en embajadoras y embajadores de M\u00e9xico, destacando al turismo como un motor de prosperidad y desarrollo nacional.\" \/>\n<meta name=\"robots\" content=\"index, follow, max-snippet:-1, max-image-preview:large, max-video-preview:-1\" \/>\n<link rel=\"canonical\" href=\"https:\/\/azturismo.net\/?p=5190\" \/>\n<meta property=\"og:locale\" content=\"es_MX\" \/>\n<meta property=\"og:type\" content=\"article\" \/>\n<meta property=\"og:title\" content=\"Josefina Rodr\u00edguez llama a empresarios de Coparmex a ser embajadores del turismo de M\u00e9xico - Azturismo Noticias\" \/>\n<meta property=\"og:description\" content=\"La secretaria de Turismo del Gobierno de M\u00e9xico, Josefina Rodr\u00edguez Zamora, convoc\u00f3 a las y los empresarios afiliados a la COPARMEX a convertirse en embajadoras y embajadores de M\u00e9xico, destacando al turismo como un motor de prosperidad y desarrollo nacional.\" \/>\n<meta property=\"og:url\" content=\"https:\/\/azturismo.net\/?p=5190\" \/>\n<meta property=\"og:site_name\" content=\"Azturismo Noticias\" \/>\n<meta property=\"article:publisher\" content=\"https:\/\/www.facebook.com\/AzturismoNoticias\" \/>\n<meta property=\"article:published_time\" content=\"2025-08-29T21:31:31+00:00\" \/>\n<meta property=\"article:modified_time\" content=\"2025-08-29T21:31:33+00:00\" \/>\n<meta property=\"og:image\" content=\"https:\/\/azturismo.net\/wp-content\/uploads\/2025\/08\/Sectur-Coparmex2.jpg\" \/>\n\t<meta property=\"og:image:width\" content=\"600\" \/>\n\t<meta property=\"og:image:height\" content=\"469\" \/>\n\t<meta property=\"og:image:type\" content=\"image\/jpeg\" \/>\n<meta name=\"author\" content=\"Azturismo\" \/>\n<meta name=\"twitter:card\" content=\"summary_large_image\" \/>\n<meta name=\"twitter:creator\" content=\"@AzTurismo\" \/>\n<meta name=\"twitter:site\" content=\"@AzTurismo\" \/>\n<meta name=\"twitter:label1\" content=\"Escrito por\" \/>\n\t<meta name=\"twitter:data1\" content=\"Azturismo\" \/>\n\t<meta name=\"twitter:label2\" content=\"Tiempo de lectura\" \/>\n\t<meta name=\"twitter:data2\" content=\"3 minutos\" \/>\n<script type=\"application\/ld+json\" class=\"yoast-schema-graph\">{\"@context\":\"https:\\\/\\\/schema.org\",\"@graph\":[{\"@type\":\"Article\",\"@id\":\"https:\\\/\\\/azturismo.net\\\/?p=5190#article\",\"isPartOf\":{\"@id\":\"https:\\\/\\\/azturismo.net\\\/?p=5190\"},\"author\":{\"name\":\"Azturismo\",\"@id\":\"https:\\\/\\\/azturismo.net\\\/#\\\/schema\\\/person\\\/4b56d87f51c4d1b518c650739ad3bbc1\"},\"headline\":\"Josefina Rodr\u00edguez llama a empresarios de Coparmex a ser embajadores del turismo de M\u00e9xico\",\"datePublished\":\"2025-08-29T21:31:31+00:00\",\"dateModified\":\"2025-08-29T21:31:33+00:00\",\"mainEntityOfPage\":{\"@id\":\"https:\\\/\\\/azturismo.net\\\/?p=5190\"},\"wordCount\":619,\"commentCount\":0,\"publisher\":{\"@id\":\"https:\\\/\\\/azturismo.net\\\/#organization\"},\"image\":{\"@id\":\"https:\\\/\\\/azturismo.net\\\/?p=5190#primaryimage\"},\"thumbnailUrl\":\"https:\\\/\\\/i0.wp.com\\\/azturismo.net\\\/wp-content\\\/uploads\\\/2025\\\/08\\\/Sectur-Coparmex2.jpg?fit=600%2C469&ssl=1\",\"keywords\":[\"azturismo\",\"Braulio Arsuaga\",\"CNET\",\"Coparmex\",\"Josefina Rodr\u00edguez Zamora\",\"Juan Jos\u00e9 Sierra \u00c1lvare\",\"Plan Mexico\",\"Sectur\"],\"articleSection\":[\"Destacadas\",\"NACIONALES\"],\"inLanguage\":\"es\",\"potentialAction\":[{\"@type\":\"CommentAction\",\"name\":\"Comment\",\"target\":[\"https:\\\/\\\/azturismo.net\\\/?p=5190#respond\"]}]},{\"@type\":\"WebPage\",\"@id\":\"https:\\\/\\\/azturismo.net\\\/?p=5190\",\"url\":\"https:\\\/\\\/azturismo.net\\\/?p=5190\",\"name\":\"Josefina Rodr\u00edguez llama a empresarios de Coparmex a ser embajadores del turismo de M\u00e9xico - Azturismo Noticias\",\"isPartOf\":{\"@id\":\"https:\\\/\\\/azturismo.net\\\/#website\"},\"primaryImageOfPage\":{\"@id\":\"https:\\\/\\\/azturismo.net\\\/?p=5190#primaryimage\"},\"image\":{\"@id\":\"https:\\\/\\\/azturismo.net\\\/?p=5190#primaryimage\"},\"thumbnailUrl\":\"https:\\\/\\\/i0.wp.com\\\/azturismo.net\\\/wp-content\\\/uploads\\\/2025\\\/08\\\/Sectur-Coparmex2.jpg?fit=600%2C469&ssl=1\",\"datePublished\":\"2025-08-29T21:31:31+00:00\",\"dateModified\":\"2025-08-29T21:31:33+00:00\",\"description\":\"La secretaria de Turismo del Gobierno de M\u00e9xico, Josefina Rodr\u00edguez Zamora, convoc\u00f3 a las y los empresarios afiliados a la COPARMEX a convertirse en embajadoras y embajadores de M\u00e9xico, destacando al turismo como un motor de prosperidad y desarrollo nacional.\",\"breadcrumb\":{\"@id\":\"https:\\\/\\\/azturismo.net\\\/?p=5190#breadcrumb\"},\"inLanguage\":\"es\",\"potentialAction\":[{\"@type\":\"ReadAction\",\"target\":[\"https:\\\/\\\/azturismo.net\\\/?p=5190\"]}]},{\"@type\":\"ImageObject\",\"inLanguage\":\"es\",\"@id\":\"https:\\\/\\\/azturismo.net\\\/?p=5190#primaryimage\",\"url\":\"https:\\\/\\\/i0.wp.com\\\/azturismo.net\\\/wp-content\\\/uploads\\\/2025\\\/08\\\/Sectur-Coparmex2.jpg?fit=600%2C469&ssl=1\",\"contentUrl\":\"https:\\\/\\\/i0.wp.com\\\/azturismo.net\\\/wp-content\\\/uploads\\\/2025\\\/08\\\/Sectur-Coparmex2.jpg?fit=600%2C469&ssl=1\",\"width\":600,\"height\":469},{\"@type\":\"BreadcrumbList\",\"@id\":\"https:\\\/\\\/azturismo.net\\\/?p=5190#breadcrumb\",\"itemListElement\":[{\"@type\":\"ListItem\",\"position\":1,\"name\":\"Home\",\"item\":\"https:\\\/\\\/azturismo.net\\\/\"},{\"@type\":\"ListItem\",\"position\":2,\"name\":\"Josefina Rodr\u00edguez llama a empresarios de Coparmex a ser embajadores del turismo de M\u00e9xico\"}]},{\"@type\":\"WebSite\",\"@id\":\"https:\\\/\\\/azturismo.net\\\/#website\",\"url\":\"https:\\\/\\\/azturismo.net\\\/\",\"name\":\"Azturismo\",\"description\":\"Azturismo Noticias\",\"publisher\":{\"@id\":\"https:\\\/\\\/azturismo.net\\\/#organization\"},\"potentialAction\":[{\"@type\":\"SearchAction\",\"target\":{\"@type\":\"EntryPoint\",\"urlTemplate\":\"https:\\\/\\\/azturismo.net\\\/?s={search_term_string}\"},\"query-input\":{\"@type\":\"PropertyValueSpecification\",\"valueRequired\":true,\"valueName\":\"search_term_string\"}}],\"inLanguage\":\"es\"},{\"@type\":\"Organization\",\"@id\":\"https:\\\/\\\/azturismo.net\\\/#organization\",\"name\":\"Azturismo\",\"url\":\"https:\\\/\\\/azturismo.net\\\/\",\"logo\":{\"@type\":\"ImageObject\",\"inLanguage\":\"es\",\"@id\":\"https:\\\/\\\/azturismo.net\\\/#\\\/schema\\\/logo\\\/image\\\/\",\"url\":\"https:\\\/\\\/i0.wp.com\\\/azturismo.net\\\/wp-content\\\/uploads\\\/2024\\\/03\\\/logo-el-bueno-.png?fit=294%2C69&ssl=1\",\"contentUrl\":\"https:\\\/\\\/i0.wp.com\\\/azturismo.net\\\/wp-content\\\/uploads\\\/2024\\\/03\\\/logo-el-bueno-.png?fit=294%2C69&ssl=1\",\"width\":294,\"height\":69,\"caption\":\"Azturismo\"},\"image\":{\"@id\":\"https:\\\/\\\/azturismo.net\\\/#\\\/schema\\\/logo\\\/image\\\/\"},\"sameAs\":[\"https:\\\/\\\/www.facebook.com\\\/AzturismoNoticias\",\"https:\\\/\\\/x.com\\\/AzTurismo\",\"https:\\\/\\\/www.instagram.com\\\/azturismo_noticias\\\/?fbclid=IwAR2xMiuoHbs6eLeIHKP8P5sSGa-xFrw7FfejscXO7kDghWa7wKLjGczKOwE\",\"https:\\\/\\\/www.tiktok.com\\\/@azturismo\"]},{\"@type\":\"Person\",\"@id\":\"https:\\\/\\\/azturismo.net\\\/#\\\/schema\\\/person\\\/4b56d87f51c4d1b518c650739ad3bbc1\",\"name\":\"Azturismo\",\"image\":{\"@type\":\"ImageObject\",\"inLanguage\":\"es\",\"@id\":\"https:\\\/\\\/azturismo.net\\\/wp-content\\\/litespeed\\\/avatar\\\/dfe28a31cdd68b788da48a316e50db10.jpg?ver=1777707566\",\"url\":\"https:\\\/\\\/azturismo.net\\\/wp-content\\\/litespeed\\\/avatar\\\/dfe28a31cdd68b788da48a316e50db10.jpg?ver=1777707566\",\"contentUrl\":\"https:\\\/\\\/azturismo.net\\\/wp-content\\\/litespeed\\\/avatar\\\/dfe28a31cdd68b788da48a316e50db10.jpg?ver=1777707566\",\"caption\":\"Azturismo\"},\"sameAs\":[\"https:\\\/\\\/azturismo.net\"],\"url\":\"https:\\\/\\\/azturismo.net\\\/?author=1\"}]}<\/script>\n<!-- \/ Yoast SEO plugin. -->","yoast_head_json":{"title":"Josefina Rodr\u00edguez llama a empresarios de Coparmex a ser embajadores del turismo de M\u00e9xico - Azturismo Noticias","description":"La secretaria de Turismo del Gobierno de M\u00e9xico, Josefina Rodr\u00edguez Zamora, convoc\u00f3 a las y los empresarios afiliados a la COPARMEX a convertirse en embajadoras y embajadores de M\u00e9xico, destacando al turismo como un motor de prosperidad y desarrollo nacional.","robots":{"index":"index","follow":"follow","max-snippet":"max-snippet:-1","max-image-preview":"max-image-preview:large","max-video-preview":"max-video-preview:-1"},"canonical":"https:\/\/azturismo.net\/?p=5190","og_locale":"es_MX","og_type":"article","og_title":"Josefina Rodr\u00edguez llama a empresarios de Coparmex a ser embajadores del turismo de M\u00e9xico - Azturismo Noticias","og_description":"La secretaria de Turismo del Gobierno de M\u00e9xico, Josefina Rodr\u00edguez Zamora, convoc\u00f3 a las y los empresarios afiliados a la COPARMEX a convertirse en embajadoras y embajadores de M\u00e9xico, destacando al turismo como un motor de prosperidad y desarrollo nacional.","og_url":"https:\/\/azturismo.net\/?p=5190","og_site_name":"Azturismo Noticias","article_publisher":"https:\/\/www.facebook.com\/AzturismoNoticias","article_published_time":"2025-08-29T21:31:31+00:00","article_modified_time":"2025-08-29T21:31:33+00:00","og_image":[{"width":600,"height":469,"url":"https:\/\/azturismo.net\/wp-content\/uploads\/2025\/08\/Sectur-Coparmex2.jpg","type":"image\/jpeg"}],"author":"Azturismo","twitter_card":"summary_large_image","twitter_creator":"@AzTurismo","twitter_site":"@AzTurismo","twitter_misc":{"Escrito por":"Azturismo","Tiempo de lectura":"3 minutos"},"schema":{"@context":"https:\/\/schema.org","@graph":[{"@type":"Article","@id":"https:\/\/azturismo.net\/?p=5190#article","isPartOf":{"@id":"https:\/\/azturismo.net\/?p=5190"},"author":{"name":"Azturismo","@id":"https:\/\/azturismo.net\/#\/schema\/person\/4b56d87f51c4d1b518c650739ad3bbc1"},"headline":"Josefina Rodr\u00edguez llama a empresarios de Coparmex a ser embajadores del turismo de M\u00e9xico","datePublished":"2025-08-29T21:31:31+00:00","dateModified":"2025-08-29T21:31:33+00:00","mainEntityOfPage":{"@id":"https:\/\/azturismo.net\/?p=5190"},"wordCount":619,"commentCount":0,"publisher":{"@id":"https:\/\/azturismo.net\/#organization"},"image":{"@id":"https:\/\/azturismo.net\/?p=5190#primaryimage"},"thumbnailUrl":"https:\/\/i0.wp.com\/azturismo.net\/wp-content\/uploads\/2025\/08\/Sectur-Coparmex2.jpg?fit=600%2C469&ssl=1","keywords":["azturismo","Braulio Arsuaga","CNET","Coparmex","Josefina Rodr\u00edguez Zamora","Juan Jos\u00e9 Sierra \u00c1lvare","Plan Mexico","Sectur"],"articleSection":["Destacadas","NACIONALES"],"inLanguage":"es","potentialAction":[{"@type":"CommentAction","name":"Comment","target":["https:\/\/azturismo.net\/?p=5190#respond"]}]},{"@type":"WebPage","@id":"https:\/\/azturismo.net\/?p=5190","url":"https:\/\/azturismo.net\/?p=5190","name":"Josefina Rodr\u00edguez llama a empresarios de Coparmex a ser embajadores del turismo de M\u00e9xico - Azturismo Noticias","isPartOf":{"@id":"https:\/\/azturismo.net\/#website"},"primaryImageOfPage":{"@id":"https:\/\/azturismo.net\/?p=5190#primaryimage"},"image":{"@id":"https:\/\/azturismo.net\/?p=5190#primaryimage"},"thumbnailUrl":"https:\/\/i0.wp.com\/azturismo.net\/wp-content\/uploads\/2025\/08\/Sectur-Coparmex2.jpg?fit=600%2C469&ssl=1","datePublished":"2025-08-29T21:31:31+00:00","dateModified":"2025-08-29T21:31:33+00:00","description":"La secretaria de Turismo del Gobierno de M\u00e9xico, Josefina Rodr\u00edguez Zamora, convoc\u00f3 a las y los empresarios afiliados a la COPARMEX a convertirse en embajadoras y embajadores de M\u00e9xico, destacando al turismo como un motor de prosperidad y desarrollo nacional.","breadcrumb":{"@id":"https:\/\/azturismo.net\/?p=5190#breadcrumb"},"inLanguage":"es","potentialAction":[{"@type":"ReadAction","target":["https:\/\/azturismo.net\/?p=5190"]}]},{"@type":"ImageObject","inLanguage":"es","@id":"https:\/\/azturismo.net\/?p=5190#primaryimage","url":"https:\/\/i0.wp.com\/azturismo.net\/wp-content\/uploads\/2025\/08\/Sectur-Coparmex2.jpg?fit=600%2C469&ssl=1","contentUrl":"https:\/\/i0.wp.com\/azturismo.net\/wp-content\/uploads\/2025\/08\/Sectur-Coparmex2.jpg?fit=600%2C469&ssl=1","width":600,"height":469},{"@type":"BreadcrumbList","@id":"https:\/\/azturismo.net\/?p=5190#breadcrumb","itemListElement":[{"@type":"ListItem","position":1,"name":"Home","item":"https:\/\/azturismo.net\/"},{"@type":"ListItem","position":2,"name":"Josefina Rodr\u00edguez llama a empresarios de Coparmex a ser embajadores del turismo de M\u00e9xico"}]},{"@type":"WebSite","@id":"https:\/\/azturismo.net\/#website","url":"https:\/\/azturismo.net\/","name":"Azturismo","description":"Azturismo Noticias","publisher":{"@id":"https:\/\/azturismo.net\/#organization"},"potentialAction":[{"@type":"SearchAction","target":{"@type":"EntryPoint","urlTemplate":"https:\/\/azturismo.net\/?s={search_term_string}"},"query-input":{"@type":"PropertyValueSpecification","valueRequired":true,"valueName":"search_term_string"}}],"inLanguage":"es"},{"@type":"Organization","@id":"https:\/\/azturismo.net\/#organization","name":"Azturismo","url":"https:\/\/azturismo.net\/","logo":{"@type":"ImageObject","inLanguage":"es","@id":"https:\/\/azturismo.net\/#\/schema\/logo\/image\/","url":"https:\/\/i0.wp.com\/azturismo.net\/wp-content\/uploads\/2024\/03\/logo-el-bueno-.png?fit=294%2C69&ssl=1","contentUrl":"https:\/\/i0.wp.com\/azturismo.net\/wp-content\/uploads\/2024\/03\/logo-el-bueno-.png?fit=294%2C69&ssl=1","width":294,"height":69,"caption":"Azturismo"},"image":{"@id":"https:\/\/azturismo.net\/#\/schema\/logo\/image\/"},"sameAs":["https:\/\/www.facebook.com\/AzturismoNoticias","https:\/\/x.com\/AzTurismo","https:\/\/www.instagram.com\/azturismo_noticias\/?fbclid=IwAR2xMiuoHbs6eLeIHKP8P5sSGa-xFrw7FfejscXO7kDghWa7wKLjGczKOwE","https:\/\/www.tiktok.com\/@azturismo"]},{"@type":"Person","@id":"https:\/\/azturismo.net\/#\/schema\/person\/4b56d87f51c4d1b518c650739ad3bbc1","name":"Azturismo","image":{"@type":"ImageObject","inLanguage":"es","@id":"https:\/\/azturismo.net\/wp-content\/litespeed\/avatar\/dfe28a31cdd68b788da48a316e50db10.jpg?ver=1777707566","url":"https:\/\/azturismo.net\/wp-content\/litespeed\/avatar\/dfe28a31cdd68b788da48a316e50db10.jpg?ver=1777707566","contentUrl":"https:\/\/azturismo.net\/wp-content\/litespeed\/avatar\/dfe28a31cdd68b788da48a316e50db10.jpg?ver=1777707566","caption":"Azturismo"},"sameAs":["https:\/\/azturismo.net"],"url":"https:\/\/azturismo.net\/?author=1"}]}},"jetpack_publicize_connections":[],"jetpack_featured_media_url":"https:\/\/i0.wp.com\/azturismo.net\/wp-content\/uploads\/2025\/08\/Sectur-Coparmex2.jpg?fit=600%2C469&ssl=1","jetpack_sharing_enabled":true,"jetpack-related-posts":[{"id":5039,"url":"https:\/\/azturismo.net\/?p=5039","url_meta":{"origin":5190,"position":0},"title":"M\u00e9xico como potencia tur\u00edstica mundial, meta de alianza Concanaco-Sectur","author":"Azturismo","date":"agosto 23, 2025","format":false,"excerpt":"Por Staff AzTurismo La secretar\u00eda de Turismo (Sectur) y la Confederaci\u00f3n de C\u00e1maras Nacionales de Comercio, Servicios y Turismo (Concanaco Servytur) anunciaron nuevas acciones conjuntas para consolidar a M\u00e9xico como una de las principales potencias tur\u00edsticas del mundo. Durante la reuni\u00f3n del Comit\u00e9 Ejecutivo de Concanaco Servytur, la secretaria de\u2026","rel":"","context":"En &quot;NOTITUR&quot;","block_context":{"text":"NOTITUR","link":"https:\/\/azturismo.net\/?cat=25"},"img":{"alt_text":"","src":"https:\/\/i0.wp.com\/azturismo.net\/wp-content\/uploads\/2025\/08\/Comunicado-164-3.jpg?fit=832%2C554&ssl=1&resize=350%2C200","width":350,"height":200,"srcset":"https:\/\/i0.wp.com\/azturismo.net\/wp-content\/uploads\/2025\/08\/Comunicado-164-3.jpg?fit=832%2C554&ssl=1&resize=350%2C200 1x, https:\/\/i0.wp.com\/azturismo.net\/wp-content\/uploads\/2025\/08\/Comunicado-164-3.jpg?fit=832%2C554&ssl=1&resize=525%2C300 1.5x, https:\/\/i0.wp.com\/azturismo.net\/wp-content\/uploads\/2025\/08\/Comunicado-164-3.jpg?fit=832%2C554&ssl=1&resize=700%2C400 2x"},"classes":[]},{"id":5517,"url":"https:\/\/azturismo.net\/?p=5517","url_meta":{"origin":5190,"position":1},"title":"M\u00e9xico har\u00e1 historia en FITUR 2026: Josefina Rodr\u00edguez","author":"Azturismo","date":"septiembre 19, 2025","format":false,"excerpt":"Por Oscar V\u00e1zquez C M\u00e9xico se prepara para una participaci\u00f3n sin precedentes en la Feria Internacional de Turismo (FITUR) 2026, que se celebrar\u00e1 en Madrid, Espa\u00f1a. Nuestro pa\u00eds ser\u00e1 Pa\u00eds Invitado y contar\u00e1 con el pabell\u00f3n m\u00e1s grande de su historia, representando a los 32 estados de la Rep\u00fablica y\u2026","rel":"","context":"En &quot;Destacadas&quot;","block_context":{"text":"Destacadas","link":"https:\/\/azturismo.net\/?cat=30"},"img":{"alt_text":"","src":"https:\/\/i0.wp.com\/azturismo.net\/wp-content\/uploads\/2025\/09\/Comunicado-201-3.jpg?fit=832%2C554&ssl=1&resize=350%2C200","width":350,"height":200,"srcset":"https:\/\/i0.wp.com\/azturismo.net\/wp-content\/uploads\/2025\/09\/Comunicado-201-3.jpg?fit=832%2C554&ssl=1&resize=350%2C200 1x, https:\/\/i0.wp.com\/azturismo.net\/wp-content\/uploads\/2025\/09\/Comunicado-201-3.jpg?fit=832%2C554&ssl=1&resize=525%2C300 1.5x, https:\/\/i0.wp.com\/azturismo.net\/wp-content\/uploads\/2025\/09\/Comunicado-201-3.jpg?fit=832%2C554&ssl=1&resize=700%2C400 2x"},"classes":[]},{"id":3158,"url":"https:\/\/azturismo.net\/?p=3158","url_meta":{"origin":5190,"position":2},"title":"M\u00e9xico ser\u00e1 sede de la feria tur\u00edstica ITB de las Am\u00e9ricas: Rodr\u00edguez Zamora","author":"Azturismo","date":"febrero 26, 2025","format":false,"excerpt":"Por Staff AzTurismo La secretar\u00eda de Turismo de M\u00e9xico (Sectur), Josefina Rodr\u00edguez Zamora, anunci\u00f3 que el pa\u00eds ser\u00e1 la sede de la feria International Tourism Berlin (ITB) Las Am\u00e9ricas durante tres a\u00f1os, a partir de noviembre de 2026. Este importante evento posicionar\u00e1 a M\u00e9xico como un referente del turismo en\u2026","rel":"","context":"En &quot;Destacadas&quot;","block_context":{"text":"Destacadas","link":"https:\/\/azturismo.net\/?cat=30"},"img":{"alt_text":"","src":"https:\/\/i0.wp.com\/azturismo.net\/wp-content\/uploads\/2025\/02\/PSX_20250225_230858.jpg?fit=600%2C400&ssl=1&resize=350%2C200","width":350,"height":200,"srcset":"https:\/\/i0.wp.com\/azturismo.net\/wp-content\/uploads\/2025\/02\/PSX_20250225_230858.jpg?fit=600%2C400&ssl=1&resize=350%2C200 1x, https:\/\/i0.wp.com\/azturismo.net\/wp-content\/uploads\/2025\/02\/PSX_20250225_230858.jpg?fit=600%2C400&ssl=1&resize=525%2C300 1.5x"},"classes":[]},{"id":3710,"url":"https:\/\/azturismo.net\/?p=3710","url_meta":{"origin":5190,"position":3},"title":"M\u00e9xico y EU fortalecen lazos tur\u00edsticos con la apertura de &#8220;Ventana a M\u00e9xico&#8221; en San Diego","author":"Azturismo","date":"abril 29, 2025","format":false,"excerpt":"Por Staff AzTurismo En un contexto donde la cooperaci\u00f3n entre M\u00e9xico y Estados Unidos se vuelve cada vez m\u00e1s crucial, la secretaria de Turismo de M\u00e9xico, Josefina Rodr\u00edguez Zamora, y la c\u00f3nsul general en San Diego, embajadora Alicia Kerber Palma, inauguraron la primera oficina de promoci\u00f3n tur\u00edstica \"Ventana a M\u00e9xico\"\u2026","rel":"","context":"En &quot;Destacadas&quot;","block_context":{"text":"Destacadas","link":"https:\/\/azturismo.net\/?cat=30"},"img":{"alt_text":"","src":"https:\/\/i0.wp.com\/azturismo.net\/wp-content\/uploads\/2025\/04\/PSX_20250429_000813.jpg?fit=600%2C400&ssl=1&resize=350%2C200","width":350,"height":200,"srcset":"https:\/\/i0.wp.com\/azturismo.net\/wp-content\/uploads\/2025\/04\/PSX_20250429_000813.jpg?fit=600%2C400&ssl=1&resize=350%2C200 1x, https:\/\/i0.wp.com\/azturismo.net\/wp-content\/uploads\/2025\/04\/PSX_20250429_000813.jpg?fit=600%2C400&ssl=1&resize=525%2C300 1.5x"},"classes":[]},{"id":5586,"url":"https:\/\/azturismo.net\/?p=5586","url_meta":{"origin":5190,"position":4},"title":"M\u00e9xico se prepara para brillar como potencia tur\u00edstica en Fitur 2026","author":"Azturismo","date":"septiembre 24, 2025","format":false,"excerpt":"Madrid, Espa\u00f1a.- M\u00e9xico se alista para tener un papel hist\u00f3rico en la Feria Internacional de Turismo (Fitur) 2026, que se celebrar\u00e1 del 21 al 25 de enero en IFEMA Madrid, donde el pa\u00eds ser\u00e1 invitado de honor con la participaci\u00f3n de sus 32 estados y una agenda dise\u00f1ada para posicionarse\u2026","rel":"","context":"En &quot;Destacadas&quot;","block_context":{"text":"Destacadas","link":"https:\/\/azturismo.net\/?cat=30"},"img":{"alt_text":"","src":"https:\/\/i0.wp.com\/azturismo.net\/wp-content\/uploads\/2025\/09\/Comunicado-205-9.jpg?fit=640%2C480&ssl=1&resize=350%2C200","width":350,"height":200,"srcset":"https:\/\/i0.wp.com\/azturismo.net\/wp-content\/uploads\/2025\/09\/Comunicado-205-9.jpg?fit=640%2C480&ssl=1&resize=350%2C200 1x, https:\/\/i0.wp.com\/azturismo.net\/wp-content\/uploads\/2025\/09\/Comunicado-205-9.jpg?fit=640%2C480&ssl=1&resize=525%2C300 1.5x"},"classes":[]},{"id":5649,"url":"https:\/\/azturismo.net\/?p=5649","url_meta":{"origin":5190,"position":5},"title":"M\u00e9xico inaugura su primer Tianguis Tur\u00edstico en China","author":"Azturismo","date":"septiembre 25, 2025","format":false,"excerpt":"Por Staff AzTurismo Beijing, China,. \u2013 Con el objetivo de fortalecer la presencia de los destinos nacionales en Asia, la Secretar\u00eda de Turismo (Sectur) de M\u00e9xico inaugur\u00f3 por primera vez un Tianguis Tur\u00edstico en China, considerado un paso hist\u00f3rico para diversificar mercados y consolidar al pa\u00eds como potencia tur\u00edstica mundial.\u2026","rel":"","context":"En &quot;Destacadas&quot;","block_context":{"text":"Destacadas","link":"https:\/\/azturismo.net\/?cat=30"},"img":{"alt_text":"","src":"https:\/\/i0.wp.com\/azturismo.net\/wp-content\/uploads\/2025\/09\/China-Tianguis.jpeg?fit=600%2C399&ssl=1&resize=350%2C200","width":350,"height":200,"srcset":"https:\/\/i0.wp.com\/azturismo.net\/wp-content\/uploads\/2025\/09\/China-Tianguis.jpeg?fit=600%2C399&ssl=1&resize=350%2C200 1x, https:\/\/i0.wp.com\/azturismo.net\/wp-content\/uploads\/2025\/09\/China-Tianguis.jpeg?fit=600%2C399&ssl=1&resize=525%2C300 1.5x"},"classes":[]}],"jetpack_shortlink":"https:\/\/wp.me\/pfqZGx-1lI","amp_enabled":true,"_links":{"self":[{"href":"https:\/\/azturismo.net\/index.php?rest_route=\/wp\/v2\/posts\/5190","targetHints":{"allow":["GET"]}}],"collection":[{"href":"https:\/\/azturismo.net\/index.php?rest_route=\/wp\/v2\/posts"}],"about":[{"href":"https:\/\/azturismo.net\/index.php?rest_route=\/wp\/v2\/types\/post"}],"author":[{"embeddable":true,"href":"https:\/\/azturismo.net\/index.php?rest_route=\/wp\/v2\/users\/1"}],"replies":[{"embeddable":true,"href":"https:\/\/azturismo.net\/index.php?rest_route=%2Fwp%2Fv2%2Fcomments&post=5190"}],"version-history":[{"count":1,"href":"https:\/\/azturismo.net\/index.php?rest_route=\/wp\/v2\/posts\/5190\/revisions"}],"predecessor-version":[{"id":5192,"href":"https:\/\/azturismo.net\/index.php?rest_route=\/wp\/v2\/posts\/5190\/revisions\/5192"}],"wp:featuredmedia":[{"embeddable":true,"href":"https:\/\/azturismo.net\/index.php?rest_route=\/wp\/v2\/media\/5191"}],"wp:attachment":[{"href":"https:\/\/azturismo.net\/index.php?rest_route=%2Fwp%2Fv2%2Fmedia&parent=5190"}],"wp:term":[{"taxonomy":"category","embeddable":true,"href":"https:\/\/azturismo.net\/index.php?rest_route=%2Fwp%2Fv2%2Fcategories&post=5190"},{"taxonomy":"post_tag","embeddable":true,"href":"https:\/\/azturismo.net\/index.php?rest_route=%2Fwp%2Fv2%2Ftags&post=5190"}],"curies":[{"name":"wp","href":"https:\/\/api.w.org\/{rel}","templated":true}]}}