{"id":5145,"date":"2025-08-28T07:07:00","date_gmt":"2025-08-28T13:07:00","guid":{"rendered":"https:\/\/azturismo.net\/?p=5145"},"modified":"2025-08-28T00:05:26","modified_gmt":"2025-08-28T06:05:26","slug":"abastur-2025-celebra-40-anos-e-impulsa-al-sector-horeca-rumbo-a-la-copa-mundial-2026","status":"publish","type":"post","link":"https:\/\/azturismo.net\/?p=5145","title":{"rendered":"Abastur 2025 celebra 40 a\u00f1os e impulsa al sector HORECA rumbo a la Copa Mundial 2026"},"content":{"rendered":"\n<p><strong>Por Scarlett V\u00e1zquez Flores<\/strong><\/p>\n\n\n\n<p>Con la mira puesta de la industria tur\u00edstica mexicana y en la <strong>Copa Mundial de la FIFA 2026, <\/strong>inici\u00f3 la edici\u00f3n n\u00famero 40 de <strong>ABASTUR<\/strong>, la feria emblem\u00e1tica del sector HORECA (hoteles, restaurantes, cafeter\u00edas y catering), consolid\u00e1ndose como el evento m\u00e1s importante de proveedur\u00eda en Am\u00e9rica Latina.<\/p>\n\n\n\n<p>Con una asistencia de <strong>m\u00e1s de 19 mil 600 compradores altamente calificados<\/strong> y <strong>alrededor de 600 expositores<\/strong> de diversos pa\u00edses se reunieron en un espacio de exposici\u00f3n que supera los <strong>30,000 m\u00b2 del CentroBanamex de la Ciudad de M\u00e9xico.<\/strong><\/p>\n\n\n\n<p>La feria cumple <strong>40 a\u00f1os de historia<\/strong>, posicion\u00e1ndose como el punto de encuentro m\u00e1s importante para proveedores, operadores, empresarios y tomadores de decisi\u00f3n de la hospitalidad.<\/p>\n\n\n\n<h2 class=\"wp-block-heading\"><strong>El motor econ\u00f3mico de la hospitalidad en M\u00e9xico<\/strong><\/h2>\n\n\n\n<p><br>El turismo y la hospitalidad representan <strong>8.6% del PIB nacional<\/strong> y generan <strong>4.9 millones de empleos directos<\/strong>, siendo un pilar de la econom\u00eda mexicana.<br>\u201c<strong>Abastur 2025 es un espacio donde convergen innovaci\u00f3n, conocimiento y oportunidades de negocio. Celebrar 40 a\u00f1os nos permite visibilizar la resiliencia de la industria y su contribuci\u00f3n al desarrollo econ\u00f3mico del pa\u00eds<\/strong>\u201d, destac\u00f3 <strong>Yesenia V\u00e1zquez<\/strong>, directora de Abastur.<\/p>\n\n\n\n<p><strong>La innovaci\u00f3n y la educaci\u00f3n son esenciales para que la hospitalidad mexicana siga creciendo. Cada taller y espacio de networking en Abastur 2025 busca inspirar y capacitar a los profesionales del sector<\/strong>\u201d, remarco Yesenia V\u00e1zquez.<\/p>\n\n\n\n<h2 class=\"wp-block-heading\">Impulso de empleos<\/h2>\n\n\n\n<p><br>Por su parte, en representaci\u00f3n del secretario de Econom\u00eda, Marcelo Ebrard Casaubon, <strong>Andrea Genoveva Solano Rend\u00f3n<\/strong>, titular de la Unidad de Normatividad, Competitividad y Competencia,\u00a0<strong>de Econom\u00eda<\/strong>, subray\u00f3 que la hospitalidad no solo impulsa empleos, sino que fortalece la competitividad de M\u00e9xico en el escenario global.<\/p>\n\n\n\n<h2 class=\"wp-block-heading\"><br><strong>Una plataforma de innovaci\u00f3n y networking<\/strong><\/h2>\n\n\n\n<p><br>La edici\u00f3n 2025 ofrece una experiencia h\u00edbrida, combinando exposiciones f\u00edsicas con herramientas digitales como:<br><strong>\u2022 Hub Abastur<\/strong>: plataforma activa todo el a\u00f1o.<br><strong>\u2022 Leadster<\/strong>: que convierte cada encuentro en oportunidad de negocio.<br><strong>\u2022 ABI<\/strong>, concierge digital con <strong>inteligencia artificial<\/strong> para guiar a los visitantes en el piso de exhibici\u00f3n.<br>Adem\u00e1s, se integran espacios inmersivos como el <strong>Escenario Gourmet<\/strong>, el <strong>Hotel Showroom<\/strong> y el <strong>Hospitality Summit<\/strong>, con conferencias de l\u00edderes del sector como <strong>Rafael Micha<\/strong> (Grupo Habita), <strong>Enrique Calder\u00f3n<\/strong> (Grupo Posadas) y <strong>Alejandra R\u00edos<\/strong> (Ambros\u00eda).<\/p>\n\n\n<div class=\"wp-block-image\">\n<figure class=\"aligncenter size-full\"><img data-recalc-dims=\"1\" loading=\"lazy\" decoding=\"async\" width=\"597\" height=\"352\" data-attachment-id=\"5148\" data-permalink=\"https:\/\/azturismo.net\/?attachment_id=5148\" data-orig-file=\"https:\/\/i0.wp.com\/azturismo.net\/wp-content\/uploads\/2025\/08\/1000097774.jpg?fit=597%2C352&amp;ssl=1\" data-orig-size=\"597,352\" data-comments-opened=\"1\" data-image-meta=\"{&quot;aperture&quot;:&quot;0&quot;,&quot;credit&quot;:&quot;&quot;,&quot;camera&quot;:&quot;&quot;,&quot;caption&quot;:&quot;&quot;,&quot;created_timestamp&quot;:&quot;0&quot;,&quot;copyright&quot;:&quot;&quot;,&quot;focal_length&quot;:&quot;0&quot;,&quot;iso&quot;:&quot;0&quot;,&quot;shutter_speed&quot;:&quot;0&quot;,&quot;title&quot;:&quot;&quot;,&quot;orientation&quot;:&quot;1&quot;}\" data-image-title=\"1000097774\" data-image-description=\"\" data-image-caption=\"\" data-large-file=\"https:\/\/i0.wp.com\/azturismo.net\/wp-content\/uploads\/2025\/08\/1000097774.jpg?fit=597%2C352&amp;ssl=1\" src=\"https:\/\/i0.wp.com\/azturismo.net\/wp-content\/uploads\/2025\/08\/1000097774.jpg?resize=597%2C352&#038;ssl=1\" alt=\"\" class=\"wp-image-5148\" srcset=\"https:\/\/i0.wp.com\/azturismo.net\/wp-content\/uploads\/2025\/08\/1000097774.jpg?w=597&amp;ssl=1 597w, https:\/\/i0.wp.com\/azturismo.net\/wp-content\/uploads\/2025\/08\/1000097774.jpg?resize=300%2C177&amp;ssl=1 300w, https:\/\/i0.wp.com\/azturismo.net\/wp-content\/uploads\/2025\/08\/1000097774.jpg?resize=150%2C88&amp;ssl=1 150w\" sizes=\"auto, (max-width: 597px) 100vw, 597px\" \/><\/figure><\/div>\n\n\n<h2 class=\"wp-block-heading\"><br><strong>Restauranteros, pieza clave en el crecimiento<\/strong><\/h2>\n\n\n\n<p><br>El presidente nacional de la <strong>CANIRAC<\/strong>, <strong>Ignacio Alarc\u00f3n Rodr\u00edguez Pacheco<\/strong>, resalt\u00f3 que el sector restaurantero genera <strong>2 millones de empleos directos<\/strong> y que Abastur ofrece soluciones para todo tipo de negocios, desde fondas y cafeter\u00edas hasta comedores industriales y restaurantes de lujo.<br><strong>Un aniversario hist\u00f3rico con visi\u00f3n al futuro<\/strong><br>Durante la inauguraci\u00f3n los representantes Jorge Paoli D\u00edaz, presidente de la Asociaci\u00f3n Nacional de Cadenas Hoteleras (ANCH); Adri\u00e1n L\u00f3pez Ru\u00edz, presidente del Comit\u00e9 Organizador de Abastur; Javier Puente Garc\u00eda, presidente de la Asociaci\u00f3n de Hoteles de la Ciudad de M\u00e9xico (AHCDMX); y Lourdes Prieto M\u00e1rquez, presidenta ejecutiva del Consejo Nacional Empresarial Tur\u00edstico (CNET), quienes resaltaron la importancia de fortalecer la colaboraci\u00f3n p\u00fablico\u2013privada para impulsar al sector HORECA en el marco de este aniversario hist\u00f3rico.<\/p>\n\n\n\n<h2 class=\"wp-block-heading\"><strong>Un escenario para la evoluci\u00f3n del sector<\/strong><\/h2>\n\n\n\n<p><br>ABASTUR 2025 destaca por sus tres pilares: innovaci\u00f3n, sostenibilidad y networking. Desde su plataforma digital <strong>ABASTUR Hub<\/strong> hasta eventos como el <strong>Hospitality Summit<\/strong>, se vislumbra una clara apuesta por ofrecer experiencias h\u00edbridas \u2014presenciales y digitales\u2014 que potencian la participaci\u00f3n corporativa a lo largo de todo el a\u00f1o .<br>El compromiso ambiental no se queda atr\u00e1s. Informa Markets, organizadora del evento, impulsa iniciativas sostenibles alineadas a los Objetivos de Desarrollo Sostenible (ODS), como reducci\u00f3n de residuos, reciclaje, certificaci\u00f3n de materiales y el galard\u00f3n <strong>Better Stand 2025<\/strong>, que reconoce los mejores stands sostenibles.<\/p>\n\n\n\n<p>Este a\u00f1o, el evento brinda una experiencia \u00fanica con herramientas digitales como Hub Abastur, que conecta a miles de usuarios durante todo el a\u00f1o, Leadster, que transforma cada encuentro en oportunidad de negocio, y ABI, un concierge digital con inteligencia artificial que gu\u00eda a los visitantes hacia los expositores seg\u00fan sus intereses, complementado con un mapa interactivo del piso de exhibici\u00f3n.<\/p>\n\n\n\n<p>Abastur 2025 no solo exhibe productos y servicios, sino que se consolida como un foro estrat\u00e9gico que conecta a todo el ecosistema HORECA, proyectando el potencial del sector como generador de inversi\u00f3n, empleo y competitividad global.<\/p>\n\n\n\n<h2 class=\"wp-block-heading\"><strong>Fechas y registro<\/strong><\/h2>\n\n\n\n<p><br><strong>Abastur 2025<\/strong> permanecer\u00e1 abierto hasta el <strong>29 de agosto<\/strong> en el <strong>Centro Citibanamex<\/strong>. Los interesados a\u00fan pueden registrarse en <strong>www.abastur.com<\/strong> para ser parte de esta edici\u00f3n que proyecta el futuro de la hospitalidad mexicana hacia el mundo.<br><\/p>\n","protected":false},"excerpt":{"rendered":"<p>Por Scarlett V\u00e1zquez Flores Con la mira puesta de la industria tur\u00edstica mexicana y en la Copa Mundial de la FIFA 2026, inici\u00f3 la edici\u00f3n n\u00famero 40 de ABASTUR, la feria emblem\u00e1tica del sector HORECA (hoteles, restaurantes, cafeter\u00edas y catering), consolid\u00e1ndose como el evento m\u00e1s importante de proveedur\u00eda en Am\u00e9rica Latina. Con una asistencia de [&hellip;]<\/p>\n","protected":false},"author":1,"featured_media":5146,"comment_status":"open","ping_status":"open","sticky":false,"template":"","format":"standard","meta":{"jetpack_post_was_ever_published":false,"_jetpack_newsletter_access":"","_jetpack_dont_email_post_to_subs":false,"_jetpack_newsletter_tier_id":0,"_jetpack_memberships_contains_paywalled_content":false,"_jetpack_memberships_contains_paid_content":false,"footnotes":"","jetpack_publicize_message":"","jetpack_publicize_feature_enabled":true,"jetpack_social_post_already_shared":true,"jetpack_social_options":{"image_generator_settings":{"template":"highway","default_image_id":0,"font":"","enabled":false},"version":2}},"categories":[30,29],"tags":[2267,99,2270,2269,2268,39],"class_list":{"0":"post-5145","1":"post","2":"type-post","3":"status-publish","4":"format-standard","5":"has-post-thumbnail","7":"category-e","8":"category-nacionales","9":"tag-abastur-2025","10":"tag-azturismo","11":"tag-feria-horeca-mexico","12":"tag-ferias-de-turismo-y-gastronomia","13":"tag-hospitalidad-en-mexico","14":"tag-turismo"},"yoast_head":"<!-- This site is optimized with the Yoast SEO plugin v27.5 - https:\/\/yoast.com\/product\/yoast-seo-wordpress\/ -->\n<title>Abastur 2025 celebra 40 a\u00f1os e impulsa al sector HORECA rumbo a la Copa Mundial 2026 - Azturismo Noticias<\/title>\n<meta name=\"description\" content=\"Con la mira puesta de la industria tur\u00edstica mexicana y en la Copa Mundial de la FIFA 2026, inici\u00f3 la edici\u00f3n n\u00famero 40 de ABASTUR, la feria emblem\u00e1tica del sector HORECA (hoteles, restaurantes, cafeter\u00edas y catering), consolid\u00e1ndose como el evento m\u00e1s importante de proveedur\u00eda en Am\u00e9rica Latina.\" \/>\n<meta name=\"robots\" content=\"index, follow, max-snippet:-1, max-image-preview:large, max-video-preview:-1\" \/>\n<link rel=\"canonical\" href=\"https:\/\/azturismo.net\/?p=5145\" \/>\n<meta property=\"og:locale\" content=\"es_MX\" \/>\n<meta property=\"og:type\" content=\"article\" \/>\n<meta property=\"og:title\" content=\"Abastur 2025 celebra 40 a\u00f1os e impulsa al sector HORECA rumbo a la Copa Mundial 2026 - Azturismo Noticias\" \/>\n<meta property=\"og:description\" content=\"Con la mira puesta de la industria tur\u00edstica mexicana y en la Copa Mundial de la FIFA 2026, inici\u00f3 la edici\u00f3n n\u00famero 40 de ABASTUR, la feria emblem\u00e1tica del sector HORECA (hoteles, restaurantes, cafeter\u00edas y catering), consolid\u00e1ndose como el evento m\u00e1s importante de proveedur\u00eda en Am\u00e9rica Latina.\" \/>\n<meta property=\"og:url\" content=\"https:\/\/azturismo.net\/?p=5145\" \/>\n<meta property=\"og:site_name\" content=\"Azturismo Noticias\" \/>\n<meta property=\"article:publisher\" content=\"https:\/\/www.facebook.com\/AzturismoNoticias\" \/>\n<meta property=\"article:published_time\" content=\"2025-08-28T13:07:00+00:00\" \/>\n<meta property=\"og:image\" content=\"https:\/\/i0.wp.com\/azturismo.net\/wp-content\/uploads\/2025\/08\/PSX_20250827_234224.jpg?fit=600%2C450&ssl=1\" \/>\n\t<meta property=\"og:image:width\" content=\"600\" \/>\n\t<meta property=\"og:image:height\" content=\"450\" \/>\n\t<meta property=\"og:image:type\" content=\"image\/jpeg\" \/>\n<meta name=\"author\" content=\"Azturismo\" \/>\n<meta name=\"twitter:card\" content=\"summary_large_image\" \/>\n<meta name=\"twitter:creator\" content=\"@AzTurismo\" \/>\n<meta name=\"twitter:site\" content=\"@AzTurismo\" \/>\n<meta name=\"twitter:label1\" content=\"Escrito por\" \/>\n\t<meta name=\"twitter:data1\" content=\"Azturismo\" \/>\n\t<meta name=\"twitter:label2\" content=\"Tiempo de lectura\" \/>\n\t<meta name=\"twitter:data2\" content=\"4 minutos\" \/>\n<script type=\"application\/ld+json\" class=\"yoast-schema-graph\">{\"@context\":\"https:\\\/\\\/schema.org\",\"@graph\":[{\"@type\":\"Article\",\"@id\":\"https:\\\/\\\/azturismo.net\\\/?p=5145#article\",\"isPartOf\":{\"@id\":\"https:\\\/\\\/azturismo.net\\\/?p=5145\"},\"author\":{\"name\":\"Azturismo\",\"@id\":\"https:\\\/\\\/azturismo.net\\\/#\\\/schema\\\/person\\\/4b56d87f51c4d1b518c650739ad3bbc1\"},\"headline\":\"Abastur 2025 celebra 40 a\u00f1os e impulsa al sector HORECA rumbo a la Copa Mundial 2026\",\"datePublished\":\"2025-08-28T13:07:00+00:00\",\"mainEntityOfPage\":{\"@id\":\"https:\\\/\\\/azturismo.net\\\/?p=5145\"},\"wordCount\":801,\"commentCount\":0,\"publisher\":{\"@id\":\"https:\\\/\\\/azturismo.net\\\/#organization\"},\"image\":{\"@id\":\"https:\\\/\\\/azturismo.net\\\/?p=5145#primaryimage\"},\"thumbnailUrl\":\"https:\\\/\\\/i0.wp.com\\\/azturismo.net\\\/wp-content\\\/uploads\\\/2025\\\/08\\\/PSX_20250827_234224.jpg?fit=600%2C450&ssl=1\",\"keywords\":[\"Abastur 2025\",\"azturismo\",\"feria HORECA M\u00e9xico\",\"ferias de turismo y gastronom\u00eda\",\"hospitalidad en M\u00e9xico\",\"Turismo\"],\"articleSection\":[\"Destacadas\",\"NACIONALES\"],\"inLanguage\":\"es\",\"potentialAction\":[{\"@type\":\"CommentAction\",\"name\":\"Comment\",\"target\":[\"https:\\\/\\\/azturismo.net\\\/?p=5145#respond\"]}]},{\"@type\":\"WebPage\",\"@id\":\"https:\\\/\\\/azturismo.net\\\/?p=5145\",\"url\":\"https:\\\/\\\/azturismo.net\\\/?p=5145\",\"name\":\"Abastur 2025 celebra 40 a\u00f1os e impulsa al sector HORECA rumbo a la Copa Mundial 2026 - Azturismo Noticias\",\"isPartOf\":{\"@id\":\"https:\\\/\\\/azturismo.net\\\/#website\"},\"primaryImageOfPage\":{\"@id\":\"https:\\\/\\\/azturismo.net\\\/?p=5145#primaryimage\"},\"image\":{\"@id\":\"https:\\\/\\\/azturismo.net\\\/?p=5145#primaryimage\"},\"thumbnailUrl\":\"https:\\\/\\\/i0.wp.com\\\/azturismo.net\\\/wp-content\\\/uploads\\\/2025\\\/08\\\/PSX_20250827_234224.jpg?fit=600%2C450&ssl=1\",\"datePublished\":\"2025-08-28T13:07:00+00:00\",\"description\":\"Con la mira puesta de la industria tur\u00edstica mexicana y en la Copa Mundial de la FIFA 2026, inici\u00f3 la edici\u00f3n n\u00famero 40 de ABASTUR, la feria emblem\u00e1tica del sector HORECA (hoteles, restaurantes, cafeter\u00edas y catering), consolid\u00e1ndose como el evento m\u00e1s importante de proveedur\u00eda en Am\u00e9rica Latina.\",\"breadcrumb\":{\"@id\":\"https:\\\/\\\/azturismo.net\\\/?p=5145#breadcrumb\"},\"inLanguage\":\"es\",\"potentialAction\":[{\"@type\":\"ReadAction\",\"target\":[\"https:\\\/\\\/azturismo.net\\\/?p=5145\"]}]},{\"@type\":\"ImageObject\",\"inLanguage\":\"es\",\"@id\":\"https:\\\/\\\/azturismo.net\\\/?p=5145#primaryimage\",\"url\":\"https:\\\/\\\/i0.wp.com\\\/azturismo.net\\\/wp-content\\\/uploads\\\/2025\\\/08\\\/PSX_20250827_234224.jpg?fit=600%2C450&ssl=1\",\"contentUrl\":\"https:\\\/\\\/i0.wp.com\\\/azturismo.net\\\/wp-content\\\/uploads\\\/2025\\\/08\\\/PSX_20250827_234224.jpg?fit=600%2C450&ssl=1\",\"width\":600,\"height\":450},{\"@type\":\"BreadcrumbList\",\"@id\":\"https:\\\/\\\/azturismo.net\\\/?p=5145#breadcrumb\",\"itemListElement\":[{\"@type\":\"ListItem\",\"position\":1,\"name\":\"Home\",\"item\":\"https:\\\/\\\/azturismo.net\\\/\"},{\"@type\":\"ListItem\",\"position\":2,\"name\":\"Abastur 2025 celebra 40 a\u00f1os e impulsa al sector HORECA rumbo a la Copa Mundial 2026\"}]},{\"@type\":\"WebSite\",\"@id\":\"https:\\\/\\\/azturismo.net\\\/#website\",\"url\":\"https:\\\/\\\/azturismo.net\\\/\",\"name\":\"Azturismo\",\"description\":\"Azturismo Noticias\",\"publisher\":{\"@id\":\"https:\\\/\\\/azturismo.net\\\/#organization\"},\"potentialAction\":[{\"@type\":\"SearchAction\",\"target\":{\"@type\":\"EntryPoint\",\"urlTemplate\":\"https:\\\/\\\/azturismo.net\\\/?s={search_term_string}\"},\"query-input\":{\"@type\":\"PropertyValueSpecification\",\"valueRequired\":true,\"valueName\":\"search_term_string\"}}],\"inLanguage\":\"es\"},{\"@type\":\"Organization\",\"@id\":\"https:\\\/\\\/azturismo.net\\\/#organization\",\"name\":\"Azturismo\",\"url\":\"https:\\\/\\\/azturismo.net\\\/\",\"logo\":{\"@type\":\"ImageObject\",\"inLanguage\":\"es\",\"@id\":\"https:\\\/\\\/azturismo.net\\\/#\\\/schema\\\/logo\\\/image\\\/\",\"url\":\"https:\\\/\\\/i0.wp.com\\\/azturismo.net\\\/wp-content\\\/uploads\\\/2024\\\/03\\\/logo-el-bueno-.png?fit=294%2C69&ssl=1\",\"contentUrl\":\"https:\\\/\\\/i0.wp.com\\\/azturismo.net\\\/wp-content\\\/uploads\\\/2024\\\/03\\\/logo-el-bueno-.png?fit=294%2C69&ssl=1\",\"width\":294,\"height\":69,\"caption\":\"Azturismo\"},\"image\":{\"@id\":\"https:\\\/\\\/azturismo.net\\\/#\\\/schema\\\/logo\\\/image\\\/\"},\"sameAs\":[\"https:\\\/\\\/www.facebook.com\\\/AzturismoNoticias\",\"https:\\\/\\\/x.com\\\/AzTurismo\",\"https:\\\/\\\/www.instagram.com\\\/azturismo_noticias\\\/?fbclid=IwAR2xMiuoHbs6eLeIHKP8P5sSGa-xFrw7FfejscXO7kDghWa7wKLjGczKOwE\",\"https:\\\/\\\/www.tiktok.com\\\/@azturismo\"]},{\"@type\":\"Person\",\"@id\":\"https:\\\/\\\/azturismo.net\\\/#\\\/schema\\\/person\\\/4b56d87f51c4d1b518c650739ad3bbc1\",\"name\":\"Azturismo\",\"image\":{\"@type\":\"ImageObject\",\"inLanguage\":\"es\",\"@id\":\"https:\\\/\\\/azturismo.net\\\/wp-content\\\/litespeed\\\/avatar\\\/dfe28a31cdd68b788da48a316e50db10.jpg?ver=1777707566\",\"url\":\"https:\\\/\\\/azturismo.net\\\/wp-content\\\/litespeed\\\/avatar\\\/dfe28a31cdd68b788da48a316e50db10.jpg?ver=1777707566\",\"contentUrl\":\"https:\\\/\\\/azturismo.net\\\/wp-content\\\/litespeed\\\/avatar\\\/dfe28a31cdd68b788da48a316e50db10.jpg?ver=1777707566\",\"caption\":\"Azturismo\"},\"sameAs\":[\"https:\\\/\\\/azturismo.net\"],\"url\":\"https:\\\/\\\/azturismo.net\\\/?author=1\"}]}<\/script>\n<!-- \/ Yoast SEO plugin. -->","yoast_head_json":{"title":"Abastur 2025 celebra 40 a\u00f1os e impulsa al sector HORECA rumbo a la Copa Mundial 2026 - Azturismo Noticias","description":"Con la mira puesta de la industria tur\u00edstica mexicana y en la Copa Mundial de la FIFA 2026, inici\u00f3 la edici\u00f3n n\u00famero 40 de ABASTUR, la feria emblem\u00e1tica del sector HORECA (hoteles, restaurantes, cafeter\u00edas y catering), consolid\u00e1ndose como el evento m\u00e1s importante de proveedur\u00eda en Am\u00e9rica Latina.","robots":{"index":"index","follow":"follow","max-snippet":"max-snippet:-1","max-image-preview":"max-image-preview:large","max-video-preview":"max-video-preview:-1"},"canonical":"https:\/\/azturismo.net\/?p=5145","og_locale":"es_MX","og_type":"article","og_title":"Abastur 2025 celebra 40 a\u00f1os e impulsa al sector HORECA rumbo a la Copa Mundial 2026 - Azturismo Noticias","og_description":"Con la mira puesta de la industria tur\u00edstica mexicana y en la Copa Mundial de la FIFA 2026, inici\u00f3 la edici\u00f3n n\u00famero 40 de ABASTUR, la feria emblem\u00e1tica del sector HORECA (hoteles, restaurantes, cafeter\u00edas y catering), consolid\u00e1ndose como el evento m\u00e1s importante de proveedur\u00eda en Am\u00e9rica Latina.","og_url":"https:\/\/azturismo.net\/?p=5145","og_site_name":"Azturismo Noticias","article_publisher":"https:\/\/www.facebook.com\/AzturismoNoticias","article_published_time":"2025-08-28T13:07:00+00:00","og_image":[{"width":600,"height":450,"url":"https:\/\/i0.wp.com\/azturismo.net\/wp-content\/uploads\/2025\/08\/PSX_20250827_234224.jpg?fit=600%2C450&ssl=1","type":"image\/jpeg"}],"author":"Azturismo","twitter_card":"summary_large_image","twitter_creator":"@AzTurismo","twitter_site":"@AzTurismo","twitter_misc":{"Escrito por":"Azturismo","Tiempo de lectura":"4 minutos"},"schema":{"@context":"https:\/\/schema.org","@graph":[{"@type":"Article","@id":"https:\/\/azturismo.net\/?p=5145#article","isPartOf":{"@id":"https:\/\/azturismo.net\/?p=5145"},"author":{"name":"Azturismo","@id":"https:\/\/azturismo.net\/#\/schema\/person\/4b56d87f51c4d1b518c650739ad3bbc1"},"headline":"Abastur 2025 celebra 40 a\u00f1os e impulsa al sector HORECA rumbo a la Copa Mundial 2026","datePublished":"2025-08-28T13:07:00+00:00","mainEntityOfPage":{"@id":"https:\/\/azturismo.net\/?p=5145"},"wordCount":801,"commentCount":0,"publisher":{"@id":"https:\/\/azturismo.net\/#organization"},"image":{"@id":"https:\/\/azturismo.net\/?p=5145#primaryimage"},"thumbnailUrl":"https:\/\/i0.wp.com\/azturismo.net\/wp-content\/uploads\/2025\/08\/PSX_20250827_234224.jpg?fit=600%2C450&ssl=1","keywords":["Abastur 2025","azturismo","feria HORECA M\u00e9xico","ferias de turismo y gastronom\u00eda","hospitalidad en M\u00e9xico","Turismo"],"articleSection":["Destacadas","NACIONALES"],"inLanguage":"es","potentialAction":[{"@type":"CommentAction","name":"Comment","target":["https:\/\/azturismo.net\/?p=5145#respond"]}]},{"@type":"WebPage","@id":"https:\/\/azturismo.net\/?p=5145","url":"https:\/\/azturismo.net\/?p=5145","name":"Abastur 2025 celebra 40 a\u00f1os e impulsa al sector HORECA rumbo a la Copa Mundial 2026 - Azturismo Noticias","isPartOf":{"@id":"https:\/\/azturismo.net\/#website"},"primaryImageOfPage":{"@id":"https:\/\/azturismo.net\/?p=5145#primaryimage"},"image":{"@id":"https:\/\/azturismo.net\/?p=5145#primaryimage"},"thumbnailUrl":"https:\/\/i0.wp.com\/azturismo.net\/wp-content\/uploads\/2025\/08\/PSX_20250827_234224.jpg?fit=600%2C450&ssl=1","datePublished":"2025-08-28T13:07:00+00:00","description":"Con la mira puesta de la industria tur\u00edstica mexicana y en la Copa Mundial de la FIFA 2026, inici\u00f3 la edici\u00f3n n\u00famero 40 de ABASTUR, la feria emblem\u00e1tica del sector HORECA (hoteles, restaurantes, cafeter\u00edas y catering), consolid\u00e1ndose como el evento m\u00e1s importante de proveedur\u00eda en Am\u00e9rica Latina.","breadcrumb":{"@id":"https:\/\/azturismo.net\/?p=5145#breadcrumb"},"inLanguage":"es","potentialAction":[{"@type":"ReadAction","target":["https:\/\/azturismo.net\/?p=5145"]}]},{"@type":"ImageObject","inLanguage":"es","@id":"https:\/\/azturismo.net\/?p=5145#primaryimage","url":"https:\/\/i0.wp.com\/azturismo.net\/wp-content\/uploads\/2025\/08\/PSX_20250827_234224.jpg?fit=600%2C450&ssl=1","contentUrl":"https:\/\/i0.wp.com\/azturismo.net\/wp-content\/uploads\/2025\/08\/PSX_20250827_234224.jpg?fit=600%2C450&ssl=1","width":600,"height":450},{"@type":"BreadcrumbList","@id":"https:\/\/azturismo.net\/?p=5145#breadcrumb","itemListElement":[{"@type":"ListItem","position":1,"name":"Home","item":"https:\/\/azturismo.net\/"},{"@type":"ListItem","position":2,"name":"Abastur 2025 celebra 40 a\u00f1os e impulsa al sector HORECA rumbo a la Copa Mundial 2026"}]},{"@type":"WebSite","@id":"https:\/\/azturismo.net\/#website","url":"https:\/\/azturismo.net\/","name":"Azturismo","description":"Azturismo Noticias","publisher":{"@id":"https:\/\/azturismo.net\/#organization"},"potentialAction":[{"@type":"SearchAction","target":{"@type":"EntryPoint","urlTemplate":"https:\/\/azturismo.net\/?s={search_term_string}"},"query-input":{"@type":"PropertyValueSpecification","valueRequired":true,"valueName":"search_term_string"}}],"inLanguage":"es"},{"@type":"Organization","@id":"https:\/\/azturismo.net\/#organization","name":"Azturismo","url":"https:\/\/azturismo.net\/","logo":{"@type":"ImageObject","inLanguage":"es","@id":"https:\/\/azturismo.net\/#\/schema\/logo\/image\/","url":"https:\/\/i0.wp.com\/azturismo.net\/wp-content\/uploads\/2024\/03\/logo-el-bueno-.png?fit=294%2C69&ssl=1","contentUrl":"https:\/\/i0.wp.com\/azturismo.net\/wp-content\/uploads\/2024\/03\/logo-el-bueno-.png?fit=294%2C69&ssl=1","width":294,"height":69,"caption":"Azturismo"},"image":{"@id":"https:\/\/azturismo.net\/#\/schema\/logo\/image\/"},"sameAs":["https:\/\/www.facebook.com\/AzturismoNoticias","https:\/\/x.com\/AzTurismo","https:\/\/www.instagram.com\/azturismo_noticias\/?fbclid=IwAR2xMiuoHbs6eLeIHKP8P5sSGa-xFrw7FfejscXO7kDghWa7wKLjGczKOwE","https:\/\/www.tiktok.com\/@azturismo"]},{"@type":"Person","@id":"https:\/\/azturismo.net\/#\/schema\/person\/4b56d87f51c4d1b518c650739ad3bbc1","name":"Azturismo","image":{"@type":"ImageObject","inLanguage":"es","@id":"https:\/\/azturismo.net\/wp-content\/litespeed\/avatar\/dfe28a31cdd68b788da48a316e50db10.jpg?ver=1777707566","url":"https:\/\/azturismo.net\/wp-content\/litespeed\/avatar\/dfe28a31cdd68b788da48a316e50db10.jpg?ver=1777707566","contentUrl":"https:\/\/azturismo.net\/wp-content\/litespeed\/avatar\/dfe28a31cdd68b788da48a316e50db10.jpg?ver=1777707566","caption":"Azturismo"},"sameAs":["https:\/\/azturismo.net"],"url":"https:\/\/azturismo.net\/?author=1"}]}},"jetpack_publicize_connections":[],"jetpack_featured_media_url":"https:\/\/i0.wp.com\/azturismo.net\/wp-content\/uploads\/2025\/08\/PSX_20250827_234224.jpg?fit=600%2C450&ssl=1","jetpack_sharing_enabled":true,"jetpack-related-posts":[{"id":6829,"url":"https:\/\/azturismo.net\/?p=6829","url_meta":{"origin":5145,"position":0},"title":"M\u00e9xico est\u00e1 de moda, 2026 marcar\u00e1 un a\u00f1o hist\u00f3rico para el turismo nacional","author":"Azturismo","date":"enero 3, 2026","format":false,"excerpt":"Por Oscar V\u00e1zquez C. \ud83d\udd39M\u00e9xico se encamina a vivir uno de los momentos m\u00e1s trascendentales de su historia tur\u00edstica afirm\u00f3 la secretaria de Turismo del Gobierno de M\u00e9xico, Josefina Rodr\u00edguez Zamora, al destacar que 2026 marcar\u00e1 un antes y un despu\u00e9s para el turismo nacional, gracias a una agenda internacional\u2026","rel":"","context":"En &quot;Destacadas&quot;","block_context":{"text":"Destacadas","link":"https:\/\/azturismo.net\/?cat=30"},"img":{"alt_text":"","src":"https:\/\/i0.wp.com\/azturismo.net\/wp-content\/uploads\/2026\/01\/Sectur-deModa3.jpg?fit=600%2C420&ssl=1&resize=350%2C200","width":350,"height":200,"srcset":"https:\/\/i0.wp.com\/azturismo.net\/wp-content\/uploads\/2026\/01\/Sectur-deModa3.jpg?fit=600%2C420&ssl=1&resize=350%2C200 1x, https:\/\/i0.wp.com\/azturismo.net\/wp-content\/uploads\/2026\/01\/Sectur-deModa3.jpg?fit=600%2C420&ssl=1&resize=525%2C300 1.5x"},"classes":[]},{"id":2997,"url":"https:\/\/azturismo.net\/?p=2997","url_meta":{"origin":5145,"position":1},"title":"M\u00e9xico supera expectativas en turismo en 2024","author":"Azturismo","date":"febrero 12, 2025","format":false,"excerpt":"Por Staff AzTurismo La secretaria de Turismo de M\u00e9xico, Josefina Rodr\u00edguez Zamora, inform\u00f3 que en 2024 el ingreso de divisas por visitantes internacionales fue de 32 mil 956.3 millones de d\u00f3lares\u00a0(mmdd), 7.4 por ciento m\u00e1s, comparado con 2023 y 34.1 por ciento m\u00e1s que 2019. El turismo en M\u00e9xico contin\u00faa\u2026","rel":"","context":"En &quot;Destacadas&quot;","block_context":{"text":"Destacadas","link":"https:\/\/azturismo.net\/?cat=30"},"img":{"alt_text":"","src":"https:\/\/i0.wp.com\/azturismo.net\/wp-content\/uploads\/2025\/02\/visitantes-Sectur.jpg?fit=600%2C337&ssl=1&resize=350%2C200","width":350,"height":200,"srcset":"https:\/\/i0.wp.com\/azturismo.net\/wp-content\/uploads\/2025\/02\/visitantes-Sectur.jpg?fit=600%2C337&ssl=1&resize=350%2C200 1x, https:\/\/i0.wp.com\/azturismo.net\/wp-content\/uploads\/2025\/02\/visitantes-Sectur.jpg?fit=600%2C337&ssl=1&resize=525%2C300 1.5x"},"classes":[]},{"id":6628,"url":"https:\/\/azturismo.net\/?p=6628","url_meta":{"origin":5145,"position":2},"title":"Guadalajara ser\u00e1 sede de ITB Americas 2026 y  epicentro del turismo continental","author":"Azturismo","date":"noviembre 27, 2025","format":false,"excerpt":"Por Oscar V\u00e1zquez C. \ud83c\udf0e En un anuncio importante para el turismo de M\u00e9xico y del continente, el gobernador de Jalisco, Pablo Lemus Navarro, confirm\u00f3 que Messe Berlin GmbH, la empresa alemana que organiza la feria tur\u00edstica m\u00e1s grande del mundo, ITB Berl\u00edn, eligi\u00f3 a Guadalajara como la sede de\u2026","rel":"","context":"En &quot;Destacadas&quot;","block_context":{"text":"Destacadas","link":"https:\/\/azturismo.net\/?cat=30"},"img":{"alt_text":"","src":"https:\/\/i0.wp.com\/azturismo.net\/wp-content\/uploads\/2025\/11\/Jalisco-ITB2.jpg?fit=600%2C400&ssl=1&resize=350%2C200","width":350,"height":200,"srcset":"https:\/\/i0.wp.com\/azturismo.net\/wp-content\/uploads\/2025\/11\/Jalisco-ITB2.jpg?fit=600%2C400&ssl=1&resize=350%2C200 1x, https:\/\/i0.wp.com\/azturismo.net\/wp-content\/uploads\/2025\/11\/Jalisco-ITB2.jpg?fit=600%2C400&ssl=1&resize=525%2C300 1.5x"},"classes":[]},{"id":5517,"url":"https:\/\/azturismo.net\/?p=5517","url_meta":{"origin":5145,"position":3},"title":"M\u00e9xico har\u00e1 historia en FITUR 2026: Josefina Rodr\u00edguez","author":"Azturismo","date":"septiembre 19, 2025","format":false,"excerpt":"Por Oscar V\u00e1zquez C M\u00e9xico se prepara para una participaci\u00f3n sin precedentes en la Feria Internacional de Turismo (FITUR) 2026, que se celebrar\u00e1 en Madrid, Espa\u00f1a. Nuestro pa\u00eds ser\u00e1 Pa\u00eds Invitado y contar\u00e1 con el pabell\u00f3n m\u00e1s grande de su historia, representando a los 32 estados de la Rep\u00fablica y\u2026","rel":"","context":"En &quot;Destacadas&quot;","block_context":{"text":"Destacadas","link":"https:\/\/azturismo.net\/?cat=30"},"img":{"alt_text":"","src":"https:\/\/i0.wp.com\/azturismo.net\/wp-content\/uploads\/2025\/09\/Comunicado-201-3.jpg?fit=832%2C554&ssl=1&resize=350%2C200","width":350,"height":200,"srcset":"https:\/\/i0.wp.com\/azturismo.net\/wp-content\/uploads\/2025\/09\/Comunicado-201-3.jpg?fit=832%2C554&ssl=1&resize=350%2C200 1x, https:\/\/i0.wp.com\/azturismo.net\/wp-content\/uploads\/2025\/09\/Comunicado-201-3.jpg?fit=832%2C554&ssl=1&resize=525%2C300 1.5x, https:\/\/i0.wp.com\/azturismo.net\/wp-content\/uploads\/2025\/09\/Comunicado-201-3.jpg?fit=832%2C554&ssl=1&resize=700%2C400 2x"},"classes":[]},{"id":5039,"url":"https:\/\/azturismo.net\/?p=5039","url_meta":{"origin":5145,"position":4},"title":"M\u00e9xico como potencia tur\u00edstica mundial, meta de alianza Concanaco-Sectur","author":"Azturismo","date":"agosto 23, 2025","format":false,"excerpt":"Por Staff AzTurismo La secretar\u00eda de Turismo (Sectur) y la Confederaci\u00f3n de C\u00e1maras Nacionales de Comercio, Servicios y Turismo (Concanaco Servytur) anunciaron nuevas acciones conjuntas para consolidar a M\u00e9xico como una de las principales potencias tur\u00edsticas del mundo. Durante la reuni\u00f3n del Comit\u00e9 Ejecutivo de Concanaco Servytur, la secretaria de\u2026","rel":"","context":"En &quot;NOTITUR&quot;","block_context":{"text":"NOTITUR","link":"https:\/\/azturismo.net\/?cat=25"},"img":{"alt_text":"","src":"https:\/\/i0.wp.com\/azturismo.net\/wp-content\/uploads\/2025\/08\/Comunicado-164-3.jpg?fit=832%2C554&ssl=1&resize=350%2C200","width":350,"height":200,"srcset":"https:\/\/i0.wp.com\/azturismo.net\/wp-content\/uploads\/2025\/08\/Comunicado-164-3.jpg?fit=832%2C554&ssl=1&resize=350%2C200 1x, https:\/\/i0.wp.com\/azturismo.net\/wp-content\/uploads\/2025\/08\/Comunicado-164-3.jpg?fit=832%2C554&ssl=1&resize=525%2C300 1.5x, https:\/\/i0.wp.com\/azturismo.net\/wp-content\/uploads\/2025\/08\/Comunicado-164-3.jpg?fit=832%2C554&ssl=1&resize=700%2C400 2x"},"classes":[]},{"id":5586,"url":"https:\/\/azturismo.net\/?p=5586","url_meta":{"origin":5145,"position":5},"title":"M\u00e9xico se prepara para brillar como potencia tur\u00edstica en Fitur 2026","author":"Azturismo","date":"septiembre 24, 2025","format":false,"excerpt":"Madrid, Espa\u00f1a.- M\u00e9xico se alista para tener un papel hist\u00f3rico en la Feria Internacional de Turismo (Fitur) 2026, que se celebrar\u00e1 del 21 al 25 de enero en IFEMA Madrid, donde el pa\u00eds ser\u00e1 invitado de honor con la participaci\u00f3n de sus 32 estados y una agenda dise\u00f1ada para posicionarse\u2026","rel":"","context":"En &quot;Destacadas&quot;","block_context":{"text":"Destacadas","link":"https:\/\/azturismo.net\/?cat=30"},"img":{"alt_text":"","src":"https:\/\/i0.wp.com\/azturismo.net\/wp-content\/uploads\/2025\/09\/Comunicado-205-9.jpg?fit=640%2C480&ssl=1&resize=350%2C200","width":350,"height":200,"srcset":"https:\/\/i0.wp.com\/azturismo.net\/wp-content\/uploads\/2025\/09\/Comunicado-205-9.jpg?fit=640%2C480&ssl=1&resize=350%2C200 1x, https:\/\/i0.wp.com\/azturismo.net\/wp-content\/uploads\/2025\/09\/Comunicado-205-9.jpg?fit=640%2C480&ssl=1&resize=525%2C300 1.5x"},"classes":[]}],"jetpack_shortlink":"https:\/\/wp.me\/pfqZGx-1kZ","amp_enabled":true,"_links":{"self":[{"href":"https:\/\/azturismo.net\/index.php?rest_route=\/wp\/v2\/posts\/5145","targetHints":{"allow":["GET"]}}],"collection":[{"href":"https:\/\/azturismo.net\/index.php?rest_route=\/wp\/v2\/posts"}],"about":[{"href":"https:\/\/azturismo.net\/index.php?rest_route=\/wp\/v2\/types\/post"}],"author":[{"embeddable":true,"href":"https:\/\/azturismo.net\/index.php?rest_route=\/wp\/v2\/users\/1"}],"replies":[{"embeddable":true,"href":"https:\/\/azturismo.net\/index.php?rest_route=%2Fwp%2Fv2%2Fcomments&post=5145"}],"version-history":[{"count":2,"href":"https:\/\/azturismo.net\/index.php?rest_route=\/wp\/v2\/posts\/5145\/revisions"}],"predecessor-version":[{"id":5149,"href":"https:\/\/azturismo.net\/index.php?rest_route=\/wp\/v2\/posts\/5145\/revisions\/5149"}],"wp:featuredmedia":[{"embeddable":true,"href":"https:\/\/azturismo.net\/index.php?rest_route=\/wp\/v2\/media\/5146"}],"wp:attachment":[{"href":"https:\/\/azturismo.net\/index.php?rest_route=%2Fwp%2Fv2%2Fmedia&parent=5145"}],"wp:term":[{"taxonomy":"category","embeddable":true,"href":"https:\/\/azturismo.net\/index.php?rest_route=%2Fwp%2Fv2%2Fcategories&post=5145"},{"taxonomy":"post_tag","embeddable":true,"href":"https:\/\/azturismo.net\/index.php?rest_route=%2Fwp%2Fv2%2Ftags&post=5145"}],"curies":[{"name":"wp","href":"https:\/\/api.w.org\/{rel}","templated":true}]}}