{"id":5139,"date":"2025-08-27T09:09:00","date_gmt":"2025-08-27T15:09:00","guid":{"rendered":"https:\/\/azturismo.net\/?p=5139"},"modified":"2025-08-26T22:35:21","modified_gmt":"2025-08-27T04:35:21","slug":"inah-presenta-de-300-titulos-con-descuentos-de-hasta-80-en-la-vii-feria-del-libro-universitario","status":"publish","type":"post","link":"https:\/\/azturismo.net\/?p=5139","title":{"rendered":"INAH presenta + de 300 T\u00edtulos con descuentos de hasta 80% en la VII Feria del Libro Universitario"},"content":{"rendered":"\n<p>Por Staff AzTurismo<\/p>\n\n\n\n<p>La <strong>VII Feria Internacional del Libro de las Universitarias y los Universitarios (Filuni) 2025<\/strong> contar\u00e1 con una destacada participaci\u00f3n del <strong>Instituto Nacional de Antropolog\u00eda e Historia (INAH)<\/strong>, que ofrecer\u00e1 m\u00e1s de 300 t\u00edtulos especializados con descuentos de hasta el 80% del <strong>26 al 31 de agosto<\/strong> en Ciudad Universitaria.<\/p>\n\n\n\n<h2 class=\"wp-block-heading\">El INAH Lleva su Patrimonio Editorial a Ciudad Universitaria<\/h2>\n\n\n\n<p>El evento, organizado por la <strong>Universidad Nacional Aut\u00f3noma de M\u00e9xico (UNAM)<\/strong>, se realizar\u00e1 en el Centro de Exposiciones y Congresos UNAM (Avenida del Im\u00e1n 10, Ciudad Universitaria), donde los visitantes podr\u00e1n encontrar la oferta editorial del INAH en el <strong>stand 147<\/strong> con descuentos del 25 al 80% en obras seleccionadas.<\/p>\n\n\n\n<p>Esta participaci\u00f3n refuerza el compromiso del INAH con la difusi\u00f3n del conocimiento antropol\u00f3gico, arqueol\u00f3gico e hist\u00f3rico de M\u00e9xico, poniendo al alcance del p\u00fablico acad\u00e9mico y general publicaciones especializadas a precios accesibles.<\/p>\n\n\n\n<h2 class=\"wp-block-heading\">Dos Presentaciones Editoriales Imperdibles<\/h2>\n\n\n<div class=\"wp-block-image\">\n<figure class=\"alignleft size-full is-resized\"><img data-recalc-dims=\"1\" loading=\"lazy\" decoding=\"async\" width=\"600\" height=\"600\" data-attachment-id=\"5141\" data-permalink=\"https:\/\/azturismo.net\/?attachment_id=5141\" data-orig-file=\"https:\/\/i0.wp.com\/azturismo.net\/wp-content\/uploads\/2025\/08\/El-27-de-agosto-el-INAH-presentara-el-libro-Educacion-primero-al-hijo-obrero.jpeg?fit=600%2C600&amp;ssl=1\" data-orig-size=\"600,600\" data-comments-opened=\"1\" data-image-meta=\"{&quot;aperture&quot;:&quot;0&quot;,&quot;credit&quot;:&quot;&quot;,&quot;camera&quot;:&quot;&quot;,&quot;caption&quot;:&quot;&quot;,&quot;created_timestamp&quot;:&quot;0&quot;,&quot;copyright&quot;:&quot;&quot;,&quot;focal_length&quot;:&quot;0&quot;,&quot;iso&quot;:&quot;0&quot;,&quot;shutter_speed&quot;:&quot;0&quot;,&quot;title&quot;:&quot;&quot;,&quot;orientation&quot;:&quot;1&quot;}\" data-image-title=\"El 27 de agosto, el INAH presentar\u00e1 el libro Educaci\u00f3n primero al hijo obrero.\" data-image-description=\"\" data-image-caption=\"\" data-large-file=\"https:\/\/i0.wp.com\/azturismo.net\/wp-content\/uploads\/2025\/08\/El-27-de-agosto-el-INAH-presentara-el-libro-Educacion-primero-al-hijo-obrero.jpeg?fit=600%2C600&amp;ssl=1\" src=\"https:\/\/i0.wp.com\/azturismo.net\/wp-content\/uploads\/2025\/08\/El-27-de-agosto-el-INAH-presentara-el-libro-Educacion-primero-al-hijo-obrero.jpeg?resize=600%2C600&#038;ssl=1\" alt=\"\" class=\"wp-image-5141\" style=\"width:453px;height:auto\" srcset=\"https:\/\/i0.wp.com\/azturismo.net\/wp-content\/uploads\/2025\/08\/El-27-de-agosto-el-INAH-presentara-el-libro-Educacion-primero-al-hijo-obrero.jpeg?w=600&amp;ssl=1 600w, https:\/\/i0.wp.com\/azturismo.net\/wp-content\/uploads\/2025\/08\/El-27-de-agosto-el-INAH-presentara-el-libro-Educacion-primero-al-hijo-obrero.jpeg?resize=300%2C300&amp;ssl=1 300w, https:\/\/i0.wp.com\/azturismo.net\/wp-content\/uploads\/2025\/08\/El-27-de-agosto-el-INAH-presentara-el-libro-Educacion-primero-al-hijo-obrero.jpeg?resize=150%2C150&amp;ssl=1 150w\" sizes=\"auto, (max-width: 600px) 100vw, 600px\" \/><\/figure><\/div>\n\n\n<h3 class=\"wp-block-heading\">&#8220;Educaci\u00f3n Primero al Hijo Obrero&#8221;: Historia de la Educaci\u00f3n Popular en M\u00e9xico<\/h3>\n\n\n\n<p>El <strong>27 de agosto a las 17:00 horas<\/strong>, el Sal\u00f3n Beatriz de la Fuente ser\u00e1 escenario de la presentaci\u00f3n del libro <em>&#8220;Educaci\u00f3n primero al hijo obrero. Propuestas y experiencias educativas para los sectores populares. M\u00e9xico, siglos XIX y XX&#8221;<\/em> (2024).<\/p>\n\n\n\n<p>Los coordinadores <strong>Miguel Ordu\u00f1a Carson<\/strong> y <strong>Alejandro de la Torre Hern\u00e1ndez<\/strong>, junto con la investigadora de la Facultad de Filosof\u00eda y Letras de la UNAM, <strong>Ana Mar\u00eda Salmer\u00f3n<\/strong>, abordar\u00e1n c\u00f3mo el acceso a la educaci\u00f3n ha determinado hist\u00f3ricamente las estructuras de poder en M\u00e9xico, realizando un recorrido por los diversos proyectos educativos desarrollados durante dos siglos cruciales para el pa\u00eds.<\/p>\n\n\n\n<p><\/p>\n\n\n\n<h3 class=\"wp-block-heading\">&#8220;El Cuerpo en la Lengua&#8221;: An\u00e1lisis del Espa\u00f1ol Mexicano<\/h3>\n\n\n\n<p>El <strong>28 de agosto a las 14:00 horas<\/strong>, la Sala Matilde Montoya acoger\u00e1 la presentaci\u00f3n de <em>&#8220;El cuerpo en la lengua. Expresiones no literales en el espa\u00f1ol de M\u00e9xico&#8221;<\/em> (2024), obra coral coordinada por <strong>Susana Cuevas Su\u00e1rez<\/strong>.<\/p>\n\n\n<div class=\"wp-block-image\">\n<figure class=\"alignright size-full is-resized\"><img data-recalc-dims=\"1\" loading=\"lazy\" decoding=\"async\" width=\"600\" height=\"600\" data-attachment-id=\"5142\" data-permalink=\"https:\/\/azturismo.net\/?attachment_id=5142\" data-orig-file=\"https:\/\/i0.wp.com\/azturismo.net\/wp-content\/uploads\/2025\/08\/El-28-de-agosto-a-las-1400-horas-tocara-el-turno-a-El-cuerpo-en-la-lengua.-Expresiones-no-literales-en-el-espanol-de-Mexico.jpeg?fit=600%2C600&amp;ssl=1\" data-orig-size=\"600,600\" data-comments-opened=\"1\" data-image-meta=\"{&quot;aperture&quot;:&quot;0&quot;,&quot;credit&quot;:&quot;&quot;,&quot;camera&quot;:&quot;&quot;,&quot;caption&quot;:&quot;&quot;,&quot;created_timestamp&quot;:&quot;0&quot;,&quot;copyright&quot;:&quot;&quot;,&quot;focal_length&quot;:&quot;0&quot;,&quot;iso&quot;:&quot;0&quot;,&quot;shutter_speed&quot;:&quot;0&quot;,&quot;title&quot;:&quot;&quot;,&quot;orientation&quot;:&quot;1&quot;}\" data-image-title=\"El 28 de agosto, a las 1400 horas, tocar\u00e1 el turno a El cuerpo en la lengua. Expresiones no literales en el espa\u00f1ol de M\u00e9xico\" data-image-description=\"\" data-image-caption=\"\" data-large-file=\"https:\/\/i0.wp.com\/azturismo.net\/wp-content\/uploads\/2025\/08\/El-28-de-agosto-a-las-1400-horas-tocara-el-turno-a-El-cuerpo-en-la-lengua.-Expresiones-no-literales-en-el-espanol-de-Mexico.jpeg?fit=600%2C600&amp;ssl=1\" src=\"https:\/\/i0.wp.com\/azturismo.net\/wp-content\/uploads\/2025\/08\/El-28-de-agosto-a-las-1400-horas-tocara-el-turno-a-El-cuerpo-en-la-lengua.-Expresiones-no-literales-en-el-espanol-de-Mexico.jpeg?resize=600%2C600&#038;ssl=1\" alt=\"\" class=\"wp-image-5142\" style=\"width:470px;height:auto\" srcset=\"https:\/\/i0.wp.com\/azturismo.net\/wp-content\/uploads\/2025\/08\/El-28-de-agosto-a-las-1400-horas-tocara-el-turno-a-El-cuerpo-en-la-lengua.-Expresiones-no-literales-en-el-espanol-de-Mexico.jpeg?w=600&amp;ssl=1 600w, https:\/\/i0.wp.com\/azturismo.net\/wp-content\/uploads\/2025\/08\/El-28-de-agosto-a-las-1400-horas-tocara-el-turno-a-El-cuerpo-en-la-lengua.-Expresiones-no-literales-en-el-espanol-de-Mexico.jpeg?resize=300%2C300&amp;ssl=1 300w, https:\/\/i0.wp.com\/azturismo.net\/wp-content\/uploads\/2025\/08\/El-28-de-agosto-a-las-1400-horas-tocara-el-turno-a-El-cuerpo-en-la-lengua.-Expresiones-no-literales-en-el-espanol-de-Mexico.jpeg?resize=150%2C150&amp;ssl=1 150w\" sizes=\"auto, (max-width: 600px) 100vw, 600px\" \/><\/figure><\/div>\n\n\n<p>Esta investigaci\u00f3n se centra en el an\u00e1lisis ling\u00fc\u00edstico del uso de palabras vinculadas con la corporalidad en met\u00e1foras, metonimias y proverbios populares del espa\u00f1ol mexicano. Participar\u00e1n las investigadoras de la UNAM <strong>Mar\u00eda del Refugio P\u00e9rez Paredes<\/strong> y <strong>Glenda Zo\u00e9 Liz\u00e1rraga Navarro<\/strong>, con moderaci\u00f3n de <strong>Martha Claire Muntzel Lucy<\/strong>, investigadora de la Direcci\u00f3n de Ling\u00fc\u00edstica del INAH.<\/p>\n\n\n\n<h2 class=\"wp-block-heading\">Universidad de Chile: Invitada de Honor 2025<\/h2>\n\n\n\n<p>En su s\u00e9ptima edici\u00f3n, la Filuni 2025 cuenta con la <strong>Universidad de Chile<\/strong> como invitada de honor. Esta instituci\u00f3n, fundada en 1842, representa uno de los pilares fundamentales de la educaci\u00f3n p\u00fablica chilena y su participaci\u00f3n busca enriquecer el di\u00e1logo transdisciplinario y fortalecer los v\u00ednculos acad\u00e9micos entre M\u00e9xico y Chile.<\/p>\n\n\n\n<h2 class=\"wp-block-heading\">Un Evento Cultural Integral para Todos los P\u00fablicos<\/h2>\n\n\n\n<p>La feria ofrecer\u00e1 mucho m\u00e1s que libros: los asistentes podr\u00e1n disfrutar de:<\/p>\n\n\n\n<ul class=\"wp-block-list\">\n<li><strong>Conferencias magistrales<\/strong> con acad\u00e9micos nacionales e internacionales<\/li>\n\n\n\n<li><strong>Conversatorios<\/strong> sobre temas de actualidad cultural<\/li>\n\n\n\n<li><strong>Mesas redondas<\/strong> interdisciplinarias<\/li>\n\n\n\n<li><strong>Exposiciones<\/strong> nacionales e internacionales<\/li>\n\n\n\n<li><strong>Actividades art\u00edsticas<\/strong> y culturales complementarias<\/li>\n<\/ul>\n\n\n\n<h2 class=\"wp-block-heading\">Oportunidad \u00danica para Bibli\u00f3filos y Estudiosos<\/h2>\n\n\n\n<p>Las dos publicaciones del INAH que ser\u00e1n presentadas contar\u00e1n con un <strong>descuento especial del 50%<\/strong> durante toda la feria, representando una oportunidad excepcional para adquirir obras de investigaci\u00f3n de alta calidad acad\u00e9mica a precios accesibles.<\/p>\n\n\n\n<h2 class=\"wp-block-heading\">Informaci\u00f3n Pr\u00e1ctica para Visitantes<\/h2>\n\n\n\n<p><strong>Fechas:<\/strong> 26 al 31 de agosto de 2025<br><strong>Horarios:<\/strong> 10:00 a 19:00 horas<br><strong>Ubicaci\u00f3n:<\/strong> Centro de Exposiciones y Congresos UNAM, Av. del Im\u00e1n 10, Ciudad Universitaria, CDMX<br><strong>Stand INAH:<\/strong> N\u00famero 147<br><strong>Entrada:<\/strong> Libre<\/p>\n\n\n\n<h2 class=\"wp-block-heading\">La Filuni: Tradici\u00f3n Editorial Universitaria<\/h2>\n\n\n\n<p>La Feria Internacional del Libro de las Universitarias y los Universitarios se ha consolidado como uno de los eventos editoriales m\u00e1s importantes de M\u00e9xico, reuniendo cada a\u00f1o a las principales casas editoriales universitarias del pa\u00eds y del extranjero. Su enfoque acad\u00e9mico la distingue como un espacio \u00fanico para el intercambio de conocimiento y la promoci\u00f3n de la investigaci\u00f3n universitaria.<\/p>\n\n\n\n<p>La participaci\u00f3n del INAH en esta s\u00e9ptima edici\u00f3n reafirma su papel como instituci\u00f3n l\u00edder en la investigaci\u00f3n y divulgaci\u00f3n del patrimonio cultural mexicano, ofreciendo al p\u00fablico una ventana excepcional hacia el conocimiento especializado en antropolog\u00eda, arqueolog\u00eda, historia y ling\u00fc\u00edstica de nuestro pa\u00eds.<\/p>\n\n\n\n<p><\/p>\n\n\n\n<p><\/p>\n","protected":false},"excerpt":{"rendered":"<p>Por Staff AzTurismo La VII Feria Internacional del Libro de las Universitarias y los Universitarios (Filuni) 2025 contar\u00e1 con una destacada participaci\u00f3n del Instituto Nacional de Antropolog\u00eda e Historia (INAH), que ofrecer\u00e1 m\u00e1s de 300 t\u00edtulos especializados con descuentos de hasta el 80% del 26 al 31 de agosto en Ciudad Universitaria. El INAH Lleva [&hellip;]<\/p>\n","protected":false},"author":1,"featured_media":5140,"comment_status":"open","ping_status":"open","sticky":false,"template":"","format":"standard","meta":{"jetpack_post_was_ever_published":false,"_jetpack_newsletter_access":"","_jetpack_dont_email_post_to_subs":false,"_jetpack_newsletter_tier_id":0,"_jetpack_memberships_contains_paywalled_content":false,"_jetpack_memberships_contains_paid_content":false,"footnotes":"","jetpack_publicize_message":"","jetpack_publicize_feature_enabled":true,"jetpack_social_post_already_shared":true,"jetpack_social_options":{"image_generator_settings":{"template":"highway","default_image_id":0,"font":"","enabled":false},"version":2}},"categories":[30,31,33],"tags":[99,192,2266],"class_list":{"0":"post-5139","1":"post","2":"type-post","3":"status-publish","4":"format-standard","5":"has-post-thumbnail","7":"category-e","8":"category-especiales","9":"category-especiales-segundarias","10":"tag-azturismo","11":"tag-inah","12":"tag-vii-feria-internacional-del-libro-de-las-universitarias-y-los-universitarios"},"yoast_head":"<!-- This site is optimized with the Yoast SEO plugin v27.5 - https:\/\/yoast.com\/product\/yoast-seo-wordpress\/ -->\n<title>INAH presenta + de 300 T\u00edtulos con descuentos de hasta 80% en la VII Feria del Libro Universitario - Azturismo Noticias<\/title>\n<meta name=\"description\" content=\"La VII Feria Internacional del Libro de las Universitarias y los Universitarios (Filuni) 2025 contar\u00e1 con una destacada participaci\u00f3n del Instituto Nacional de Antropolog\u00eda e Historia (INAH), que ofrecer\u00e1 m\u00e1s de 300 t\u00edtulos especializados con descuentos de hasta el 80% del 26 al 31 de agosto en Ciudad Universitaria.\" \/>\n<meta name=\"robots\" content=\"index, follow, max-snippet:-1, max-image-preview:large, max-video-preview:-1\" \/>\n<link rel=\"canonical\" href=\"https:\/\/azturismo.net\/?p=5139\" \/>\n<meta property=\"og:locale\" content=\"es_MX\" \/>\n<meta property=\"og:type\" content=\"article\" \/>\n<meta property=\"og:title\" content=\"INAH presenta + de 300 T\u00edtulos con descuentos de hasta 80% en la VII Feria del Libro Universitario - Azturismo Noticias\" \/>\n<meta property=\"og:description\" content=\"La VII Feria Internacional del Libro de las Universitarias y los Universitarios (Filuni) 2025 contar\u00e1 con una destacada participaci\u00f3n del Instituto Nacional de Antropolog\u00eda e Historia (INAH), que ofrecer\u00e1 m\u00e1s de 300 t\u00edtulos especializados con descuentos de hasta el 80% del 26 al 31 de agosto en Ciudad Universitaria.\" \/>\n<meta property=\"og:url\" content=\"https:\/\/azturismo.net\/?p=5139\" \/>\n<meta property=\"og:site_name\" content=\"Azturismo Noticias\" \/>\n<meta property=\"article:publisher\" content=\"https:\/\/www.facebook.com\/AzturismoNoticias\" \/>\n<meta property=\"article:published_time\" content=\"2025-08-27T15:09:00+00:00\" \/>\n<meta property=\"og:image\" content=\"https:\/\/i0.wp.com\/azturismo.net\/wp-content\/uploads\/2025\/08\/El-INAH-listo-para-la-VII-Feria-Internacional-del-Libro-de-las-Universitarias-y-los-Universitarios.jpeg?fit=600%2C600&ssl=1\" \/>\n\t<meta property=\"og:image:width\" content=\"600\" \/>\n\t<meta property=\"og:image:height\" content=\"600\" \/>\n\t<meta property=\"og:image:type\" content=\"image\/jpeg\" \/>\n<meta name=\"author\" content=\"Azturismo\" \/>\n<meta name=\"twitter:card\" content=\"summary_large_image\" \/>\n<meta name=\"twitter:creator\" content=\"@AzTurismo\" \/>\n<meta name=\"twitter:site\" content=\"@AzTurismo\" \/>\n<meta name=\"twitter:label1\" content=\"Escrito por\" \/>\n\t<meta name=\"twitter:data1\" content=\"Azturismo\" \/>\n\t<meta name=\"twitter:label2\" content=\"Tiempo de lectura\" \/>\n\t<meta name=\"twitter:data2\" content=\"4 minutos\" \/>\n<script type=\"application\/ld+json\" class=\"yoast-schema-graph\">{\"@context\":\"https:\\\/\\\/schema.org\",\"@graph\":[{\"@type\":\"Article\",\"@id\":\"https:\\\/\\\/azturismo.net\\\/?p=5139#article\",\"isPartOf\":{\"@id\":\"https:\\\/\\\/azturismo.net\\\/?p=5139\"},\"author\":{\"name\":\"Azturismo\",\"@id\":\"https:\\\/\\\/azturismo.net\\\/#\\\/schema\\\/person\\\/4b56d87f51c4d1b518c650739ad3bbc1\"},\"headline\":\"INAH presenta + de 300 T\u00edtulos con descuentos de hasta 80% en la VII Feria del Libro Universitario\",\"datePublished\":\"2025-08-27T15:09:00+00:00\",\"mainEntityOfPage\":{\"@id\":\"https:\\\/\\\/azturismo.net\\\/?p=5139\"},\"wordCount\":733,\"commentCount\":0,\"publisher\":{\"@id\":\"https:\\\/\\\/azturismo.net\\\/#organization\"},\"image\":{\"@id\":\"https:\\\/\\\/azturismo.net\\\/?p=5139#primaryimage\"},\"thumbnailUrl\":\"https:\\\/\\\/i0.wp.com\\\/azturismo.net\\\/wp-content\\\/uploads\\\/2025\\\/08\\\/El-INAH-listo-para-la-VII-Feria-Internacional-del-Libro-de-las-Universitarias-y-los-Universitarios.jpeg?fit=600%2C600&ssl=1\",\"keywords\":[\"azturismo\",\"INAH\",\"VII Feria Internacional del Libro de las Universitarias y los Universitarios\"],\"articleSection\":[\"Destacadas\",\"ESPECIALES 1\",\"ESPECIALES 2\"],\"inLanguage\":\"es\",\"potentialAction\":[{\"@type\":\"CommentAction\",\"name\":\"Comment\",\"target\":[\"https:\\\/\\\/azturismo.net\\\/?p=5139#respond\"]}]},{\"@type\":\"WebPage\",\"@id\":\"https:\\\/\\\/azturismo.net\\\/?p=5139\",\"url\":\"https:\\\/\\\/azturismo.net\\\/?p=5139\",\"name\":\"INAH presenta + de 300 T\u00edtulos con descuentos de hasta 80% en la VII Feria del Libro Universitario - Azturismo Noticias\",\"isPartOf\":{\"@id\":\"https:\\\/\\\/azturismo.net\\\/#website\"},\"primaryImageOfPage\":{\"@id\":\"https:\\\/\\\/azturismo.net\\\/?p=5139#primaryimage\"},\"image\":{\"@id\":\"https:\\\/\\\/azturismo.net\\\/?p=5139#primaryimage\"},\"thumbnailUrl\":\"https:\\\/\\\/i0.wp.com\\\/azturismo.net\\\/wp-content\\\/uploads\\\/2025\\\/08\\\/El-INAH-listo-para-la-VII-Feria-Internacional-del-Libro-de-las-Universitarias-y-los-Universitarios.jpeg?fit=600%2C600&ssl=1\",\"datePublished\":\"2025-08-27T15:09:00+00:00\",\"description\":\"La VII Feria Internacional del Libro de las Universitarias y los Universitarios (Filuni) 2025 contar\u00e1 con una destacada participaci\u00f3n del Instituto Nacional de Antropolog\u00eda e Historia (INAH), que ofrecer\u00e1 m\u00e1s de 300 t\u00edtulos especializados con descuentos de hasta el 80% del 26 al 31 de agosto en Ciudad Universitaria.\",\"breadcrumb\":{\"@id\":\"https:\\\/\\\/azturismo.net\\\/?p=5139#breadcrumb\"},\"inLanguage\":\"es\",\"potentialAction\":[{\"@type\":\"ReadAction\",\"target\":[\"https:\\\/\\\/azturismo.net\\\/?p=5139\"]}]},{\"@type\":\"ImageObject\",\"inLanguage\":\"es\",\"@id\":\"https:\\\/\\\/azturismo.net\\\/?p=5139#primaryimage\",\"url\":\"https:\\\/\\\/i0.wp.com\\\/azturismo.net\\\/wp-content\\\/uploads\\\/2025\\\/08\\\/El-INAH-listo-para-la-VII-Feria-Internacional-del-Libro-de-las-Universitarias-y-los-Universitarios.jpeg?fit=600%2C600&ssl=1\",\"contentUrl\":\"https:\\\/\\\/i0.wp.com\\\/azturismo.net\\\/wp-content\\\/uploads\\\/2025\\\/08\\\/El-INAH-listo-para-la-VII-Feria-Internacional-del-Libro-de-las-Universitarias-y-los-Universitarios.jpeg?fit=600%2C600&ssl=1\",\"width\":600,\"height\":600},{\"@type\":\"BreadcrumbList\",\"@id\":\"https:\\\/\\\/azturismo.net\\\/?p=5139#breadcrumb\",\"itemListElement\":[{\"@type\":\"ListItem\",\"position\":1,\"name\":\"Home\",\"item\":\"https:\\\/\\\/azturismo.net\\\/\"},{\"@type\":\"ListItem\",\"position\":2,\"name\":\"INAH presenta + de 300 T\u00edtulos con descuentos de hasta 80% en la VII Feria del Libro Universitario\"}]},{\"@type\":\"WebSite\",\"@id\":\"https:\\\/\\\/azturismo.net\\\/#website\",\"url\":\"https:\\\/\\\/azturismo.net\\\/\",\"name\":\"Azturismo\",\"description\":\"Azturismo Noticias\",\"publisher\":{\"@id\":\"https:\\\/\\\/azturismo.net\\\/#organization\"},\"potentialAction\":[{\"@type\":\"SearchAction\",\"target\":{\"@type\":\"EntryPoint\",\"urlTemplate\":\"https:\\\/\\\/azturismo.net\\\/?s={search_term_string}\"},\"query-input\":{\"@type\":\"PropertyValueSpecification\",\"valueRequired\":true,\"valueName\":\"search_term_string\"}}],\"inLanguage\":\"es\"},{\"@type\":\"Organization\",\"@id\":\"https:\\\/\\\/azturismo.net\\\/#organization\",\"name\":\"Azturismo\",\"url\":\"https:\\\/\\\/azturismo.net\\\/\",\"logo\":{\"@type\":\"ImageObject\",\"inLanguage\":\"es\",\"@id\":\"https:\\\/\\\/azturismo.net\\\/#\\\/schema\\\/logo\\\/image\\\/\",\"url\":\"https:\\\/\\\/i0.wp.com\\\/azturismo.net\\\/wp-content\\\/uploads\\\/2024\\\/03\\\/logo-el-bueno-.png?fit=294%2C69&ssl=1\",\"contentUrl\":\"https:\\\/\\\/i0.wp.com\\\/azturismo.net\\\/wp-content\\\/uploads\\\/2024\\\/03\\\/logo-el-bueno-.png?fit=294%2C69&ssl=1\",\"width\":294,\"height\":69,\"caption\":\"Azturismo\"},\"image\":{\"@id\":\"https:\\\/\\\/azturismo.net\\\/#\\\/schema\\\/logo\\\/image\\\/\"},\"sameAs\":[\"https:\\\/\\\/www.facebook.com\\\/AzturismoNoticias\",\"https:\\\/\\\/x.com\\\/AzTurismo\",\"https:\\\/\\\/www.instagram.com\\\/azturismo_noticias\\\/?fbclid=IwAR2xMiuoHbs6eLeIHKP8P5sSGa-xFrw7FfejscXO7kDghWa7wKLjGczKOwE\",\"https:\\\/\\\/www.tiktok.com\\\/@azturismo\"]},{\"@type\":\"Person\",\"@id\":\"https:\\\/\\\/azturismo.net\\\/#\\\/schema\\\/person\\\/4b56d87f51c4d1b518c650739ad3bbc1\",\"name\":\"Azturismo\",\"image\":{\"@type\":\"ImageObject\",\"inLanguage\":\"es\",\"@id\":\"https:\\\/\\\/azturismo.net\\\/wp-content\\\/litespeed\\\/avatar\\\/dfe28a31cdd68b788da48a316e50db10.jpg?ver=1777707566\",\"url\":\"https:\\\/\\\/azturismo.net\\\/wp-content\\\/litespeed\\\/avatar\\\/dfe28a31cdd68b788da48a316e50db10.jpg?ver=1777707566\",\"contentUrl\":\"https:\\\/\\\/azturismo.net\\\/wp-content\\\/litespeed\\\/avatar\\\/dfe28a31cdd68b788da48a316e50db10.jpg?ver=1777707566\",\"caption\":\"Azturismo\"},\"sameAs\":[\"https:\\\/\\\/azturismo.net\"],\"url\":\"https:\\\/\\\/azturismo.net\\\/?author=1\"}]}<\/script>\n<!-- \/ Yoast SEO plugin. -->","yoast_head_json":{"title":"INAH presenta + de 300 T\u00edtulos con descuentos de hasta 80% en la VII Feria del Libro Universitario - Azturismo Noticias","description":"La VII Feria Internacional del Libro de las Universitarias y los Universitarios (Filuni) 2025 contar\u00e1 con una destacada participaci\u00f3n del Instituto Nacional de Antropolog\u00eda e Historia (INAH), que ofrecer\u00e1 m\u00e1s de 300 t\u00edtulos especializados con descuentos de hasta el 80% del 26 al 31 de agosto en Ciudad Universitaria.","robots":{"index":"index","follow":"follow","max-snippet":"max-snippet:-1","max-image-preview":"max-image-preview:large","max-video-preview":"max-video-preview:-1"},"canonical":"https:\/\/azturismo.net\/?p=5139","og_locale":"es_MX","og_type":"article","og_title":"INAH presenta + de 300 T\u00edtulos con descuentos de hasta 80% en la VII Feria del Libro Universitario - Azturismo Noticias","og_description":"La VII Feria Internacional del Libro de las Universitarias y los Universitarios (Filuni) 2025 contar\u00e1 con una destacada participaci\u00f3n del Instituto Nacional de Antropolog\u00eda e Historia (INAH), que ofrecer\u00e1 m\u00e1s de 300 t\u00edtulos especializados con descuentos de hasta el 80% del 26 al 31 de agosto en Ciudad Universitaria.","og_url":"https:\/\/azturismo.net\/?p=5139","og_site_name":"Azturismo Noticias","article_publisher":"https:\/\/www.facebook.com\/AzturismoNoticias","article_published_time":"2025-08-27T15:09:00+00:00","og_image":[{"width":600,"height":600,"url":"https:\/\/i0.wp.com\/azturismo.net\/wp-content\/uploads\/2025\/08\/El-INAH-listo-para-la-VII-Feria-Internacional-del-Libro-de-las-Universitarias-y-los-Universitarios.jpeg?fit=600%2C600&ssl=1","type":"image\/jpeg"}],"author":"Azturismo","twitter_card":"summary_large_image","twitter_creator":"@AzTurismo","twitter_site":"@AzTurismo","twitter_misc":{"Escrito por":"Azturismo","Tiempo de lectura":"4 minutos"},"schema":{"@context":"https:\/\/schema.org","@graph":[{"@type":"Article","@id":"https:\/\/azturismo.net\/?p=5139#article","isPartOf":{"@id":"https:\/\/azturismo.net\/?p=5139"},"author":{"name":"Azturismo","@id":"https:\/\/azturismo.net\/#\/schema\/person\/4b56d87f51c4d1b518c650739ad3bbc1"},"headline":"INAH presenta + de 300 T\u00edtulos con descuentos de hasta 80% en la VII Feria del Libro Universitario","datePublished":"2025-08-27T15:09:00+00:00","mainEntityOfPage":{"@id":"https:\/\/azturismo.net\/?p=5139"},"wordCount":733,"commentCount":0,"publisher":{"@id":"https:\/\/azturismo.net\/#organization"},"image":{"@id":"https:\/\/azturismo.net\/?p=5139#primaryimage"},"thumbnailUrl":"https:\/\/i0.wp.com\/azturismo.net\/wp-content\/uploads\/2025\/08\/El-INAH-listo-para-la-VII-Feria-Internacional-del-Libro-de-las-Universitarias-y-los-Universitarios.jpeg?fit=600%2C600&ssl=1","keywords":["azturismo","INAH","VII Feria Internacional del Libro de las Universitarias y los Universitarios"],"articleSection":["Destacadas","ESPECIALES 1","ESPECIALES 2"],"inLanguage":"es","potentialAction":[{"@type":"CommentAction","name":"Comment","target":["https:\/\/azturismo.net\/?p=5139#respond"]}]},{"@type":"WebPage","@id":"https:\/\/azturismo.net\/?p=5139","url":"https:\/\/azturismo.net\/?p=5139","name":"INAH presenta + de 300 T\u00edtulos con descuentos de hasta 80% en la VII Feria del Libro Universitario - Azturismo Noticias","isPartOf":{"@id":"https:\/\/azturismo.net\/#website"},"primaryImageOfPage":{"@id":"https:\/\/azturismo.net\/?p=5139#primaryimage"},"image":{"@id":"https:\/\/azturismo.net\/?p=5139#primaryimage"},"thumbnailUrl":"https:\/\/i0.wp.com\/azturismo.net\/wp-content\/uploads\/2025\/08\/El-INAH-listo-para-la-VII-Feria-Internacional-del-Libro-de-las-Universitarias-y-los-Universitarios.jpeg?fit=600%2C600&ssl=1","datePublished":"2025-08-27T15:09:00+00:00","description":"La VII Feria Internacional del Libro de las Universitarias y los Universitarios (Filuni) 2025 contar\u00e1 con una destacada participaci\u00f3n del Instituto Nacional de Antropolog\u00eda e Historia (INAH), que ofrecer\u00e1 m\u00e1s de 300 t\u00edtulos especializados con descuentos de hasta el 80% del 26 al 31 de agosto en Ciudad Universitaria.","breadcrumb":{"@id":"https:\/\/azturismo.net\/?p=5139#breadcrumb"},"inLanguage":"es","potentialAction":[{"@type":"ReadAction","target":["https:\/\/azturismo.net\/?p=5139"]}]},{"@type":"ImageObject","inLanguage":"es","@id":"https:\/\/azturismo.net\/?p=5139#primaryimage","url":"https:\/\/i0.wp.com\/azturismo.net\/wp-content\/uploads\/2025\/08\/El-INAH-listo-para-la-VII-Feria-Internacional-del-Libro-de-las-Universitarias-y-los-Universitarios.jpeg?fit=600%2C600&ssl=1","contentUrl":"https:\/\/i0.wp.com\/azturismo.net\/wp-content\/uploads\/2025\/08\/El-INAH-listo-para-la-VII-Feria-Internacional-del-Libro-de-las-Universitarias-y-los-Universitarios.jpeg?fit=600%2C600&ssl=1","width":600,"height":600},{"@type":"BreadcrumbList","@id":"https:\/\/azturismo.net\/?p=5139#breadcrumb","itemListElement":[{"@type":"ListItem","position":1,"name":"Home","item":"https:\/\/azturismo.net\/"},{"@type":"ListItem","position":2,"name":"INAH presenta + de 300 T\u00edtulos con descuentos de hasta 80% en la VII Feria del Libro Universitario"}]},{"@type":"WebSite","@id":"https:\/\/azturismo.net\/#website","url":"https:\/\/azturismo.net\/","name":"Azturismo","description":"Azturismo Noticias","publisher":{"@id":"https:\/\/azturismo.net\/#organization"},"potentialAction":[{"@type":"SearchAction","target":{"@type":"EntryPoint","urlTemplate":"https:\/\/azturismo.net\/?s={search_term_string}"},"query-input":{"@type":"PropertyValueSpecification","valueRequired":true,"valueName":"search_term_string"}}],"inLanguage":"es"},{"@type":"Organization","@id":"https:\/\/azturismo.net\/#organization","name":"Azturismo","url":"https:\/\/azturismo.net\/","logo":{"@type":"ImageObject","inLanguage":"es","@id":"https:\/\/azturismo.net\/#\/schema\/logo\/image\/","url":"https:\/\/i0.wp.com\/azturismo.net\/wp-content\/uploads\/2024\/03\/logo-el-bueno-.png?fit=294%2C69&ssl=1","contentUrl":"https:\/\/i0.wp.com\/azturismo.net\/wp-content\/uploads\/2024\/03\/logo-el-bueno-.png?fit=294%2C69&ssl=1","width":294,"height":69,"caption":"Azturismo"},"image":{"@id":"https:\/\/azturismo.net\/#\/schema\/logo\/image\/"},"sameAs":["https:\/\/www.facebook.com\/AzturismoNoticias","https:\/\/x.com\/AzTurismo","https:\/\/www.instagram.com\/azturismo_noticias\/?fbclid=IwAR2xMiuoHbs6eLeIHKP8P5sSGa-xFrw7FfejscXO7kDghWa7wKLjGczKOwE","https:\/\/www.tiktok.com\/@azturismo"]},{"@type":"Person","@id":"https:\/\/azturismo.net\/#\/schema\/person\/4b56d87f51c4d1b518c650739ad3bbc1","name":"Azturismo","image":{"@type":"ImageObject","inLanguage":"es","@id":"https:\/\/azturismo.net\/wp-content\/litespeed\/avatar\/dfe28a31cdd68b788da48a316e50db10.jpg?ver=1777707566","url":"https:\/\/azturismo.net\/wp-content\/litespeed\/avatar\/dfe28a31cdd68b788da48a316e50db10.jpg?ver=1777707566","contentUrl":"https:\/\/azturismo.net\/wp-content\/litespeed\/avatar\/dfe28a31cdd68b788da48a316e50db10.jpg?ver=1777707566","caption":"Azturismo"},"sameAs":["https:\/\/azturismo.net"],"url":"https:\/\/azturismo.net\/?author=1"}]}},"jetpack_publicize_connections":[],"jetpack_featured_media_url":"https:\/\/i0.wp.com\/azturismo.net\/wp-content\/uploads\/2025\/08\/El-INAH-listo-para-la-VII-Feria-Internacional-del-Libro-de-las-Universitarias-y-los-Universitarios.jpeg?fit=600%2C600&ssl=1","jetpack_sharing_enabled":true,"jetpack-related-posts":[{"id":3944,"url":"https:\/\/azturismo.net\/?p=3944","url_meta":{"origin":5139,"position":0},"title":"Conoce la agenda de junio 2025 del INAH para unirte a sus Paseos Culturales en la CDMX","author":"Azturismo","date":"junio 2, 2025","format":false,"excerpt":"Por Staff AzTurismoEl Instituto Nacional de Antropolog\u00eda e Historia (INAH), organismo de la Secretar\u00eda de Cultura del Gobierno de M\u00e9xico, anuncia la apertura de la agenda de junio 2025 de sus reconocidos Paseos Culturales. Esta iniciativa invita a la ciudadan\u00eda a conocer, valorar y disfrutar el patrimonio cultural mexicano mediante\u2026","rel":"","context":"En &quot;Destacadas&quot;","block_context":{"text":"Destacadas","link":"https:\/\/azturismo.net\/?cat=30"},"img":{"alt_text":"","src":"https:\/\/i0.wp.com\/azturismo.net\/wp-content\/uploads\/2025\/06\/Paseos-Culturales-INAH-es-una-iniciativa-de-mas-de-60-anos-de-experiencia-cuenta-con-mas-de-100-destinos-programados-anualmente.-Foto-Gabriela-Berumen-INAH.jpg?fit=600%2C451&ssl=1&resize=350%2C200","width":350,"height":200,"srcset":"https:\/\/i0.wp.com\/azturismo.net\/wp-content\/uploads\/2025\/06\/Paseos-Culturales-INAH-es-una-iniciativa-de-mas-de-60-anos-de-experiencia-cuenta-con-mas-de-100-destinos-programados-anualmente.-Foto-Gabriela-Berumen-INAH.jpg?fit=600%2C451&ssl=1&resize=350%2C200 1x, https:\/\/i0.wp.com\/azturismo.net\/wp-content\/uploads\/2025\/06\/Paseos-Culturales-INAH-es-una-iniciativa-de-mas-de-60-anos-de-experiencia-cuenta-con-mas-de-100-destinos-programados-anualmente.-Foto-Gabriela-Berumen-INAH.jpg?fit=600%2C451&ssl=1&resize=525%2C300 1.5x"},"classes":[]},{"id":2888,"url":"https:\/\/azturismo.net\/?p=2888","url_meta":{"origin":5139,"position":1},"title":"Hablemos del tlatoani mexica     Cuauht\u00e9moc","author":"Azturismo","date":"febrero 7, 2025","format":false,"excerpt":"Por Satff Azurismo La Secretar\u00eda de Cultura del Gobierno de M\u00e9xico y el Instituto Nacional de Antropolog\u00eda e Historia (INAH) celebrar\u00e1n el 500 aniversario luctuoso de Cuauht\u00e9moc, el \u00faltimo tlatoani mexica, con un ciclo de 11 conferencias dedicadas a su vida, legado y los mitos que rodean su figura. Las\u2026","rel":"","context":"En &quot;TENDENCIAS&quot;","block_context":{"text":"TENDENCIAS","link":"https:\/\/azturismo.net\/?cat=28"},"img":{"alt_text":"","src":"https:\/\/i0.wp.com\/azturismo.net\/wp-content\/uploads\/2025\/02\/Conmemoran-el-quinto-centenario-del-aniversario-luctuoso-de-Cuauhtemoc-con-ciclo-de-conferencias.-Foto-Gerardo-Pena-INAH-2.jpg?fit=600%2C335&ssl=1&resize=350%2C200","width":350,"height":200,"srcset":"https:\/\/i0.wp.com\/azturismo.net\/wp-content\/uploads\/2025\/02\/Conmemoran-el-quinto-centenario-del-aniversario-luctuoso-de-Cuauhtemoc-con-ciclo-de-conferencias.-Foto-Gerardo-Pena-INAH-2.jpg?fit=600%2C335&ssl=1&resize=350%2C200 1x, https:\/\/i0.wp.com\/azturismo.net\/wp-content\/uploads\/2025\/02\/Conmemoran-el-quinto-centenario-del-aniversario-luctuoso-de-Cuauhtemoc-con-ciclo-de-conferencias.-Foto-Gerardo-Pena-INAH-2.jpg?fit=600%2C335&ssl=1&resize=525%2C300 1.5x"},"classes":[]},{"id":3653,"url":"https:\/\/azturismo.net\/?p=3653","url_meta":{"origin":5139,"position":2},"title":"\u00a1ZA de Cuicuilco inaugura primer invernadero arqueol\u00f3gico!","author":"Azturismo","date":"abril 15, 2025","format":false,"excerpt":"El proyecto busca restaurar el ecosistema xer\u00f3filo en la zona arqueol\u00f3gica al sur de la Ciudad de M\u00e9xico, combinando patrimonio cultural y conservaci\u00f3n ambiental Por Staff AzTurismo La Zona Arqueol\u00f3gica de Cuicuilco (ZAC) marc\u00f3 un hito en la conservaci\u00f3n del patrimonio biocultural mexicano con la inauguraci\u00f3n del primer invernadero especializado\u2026","rel":"","context":"En &quot;ESPECIALES 1&quot;","block_context":{"text":"ESPECIALES 1","link":"https:\/\/azturismo.net\/?cat=31"},"img":{"alt_text":"","src":"https:\/\/i0.wp.com\/azturismo.net\/wp-content\/uploads\/2025\/04\/El-Pedregal-del-Xitle-es-un-ecosistema-volcanico-unico-con-gran-valor-ecologico-hidrologico-cultural-y-educativo.-Foto-Fabian-Gonzalez-INAH.jpeg?fit=600%2C450&ssl=1&resize=350%2C200","width":350,"height":200,"srcset":"https:\/\/i0.wp.com\/azturismo.net\/wp-content\/uploads\/2025\/04\/El-Pedregal-del-Xitle-es-un-ecosistema-volcanico-unico-con-gran-valor-ecologico-hidrologico-cultural-y-educativo.-Foto-Fabian-Gonzalez-INAH.jpeg?fit=600%2C450&ssl=1&resize=350%2C200 1x, https:\/\/i0.wp.com\/azturismo.net\/wp-content\/uploads\/2025\/04\/El-Pedregal-del-Xitle-es-un-ecosistema-volcanico-unico-con-gran-valor-ecologico-hidrologico-cultural-y-educativo.-Foto-Fabian-Gonzalez-INAH.jpeg?fit=600%2C450&ssl=1&resize=525%2C300 1.5x"},"classes":[]},{"id":4656,"url":"https:\/\/azturismo.net\/?p=4656","url_meta":{"origin":5139,"position":3},"title":"\u00a1Agosto te ofrece 13 recorridos imperdibles por la CDMX!","author":"Azturismo","date":"agosto 1, 2025","format":false,"excerpt":"Paseos Culturales INAH Por Staff AzTurismo El Instituto Nacional de Antropolog\u00eda e Historia (INAH) presenta su agenda de Paseos Culturales para agosto 2025, con 13 recorridos \u00fanicos que combinan historia, arte, arqueolog\u00eda y cultura en los destinos m\u00e1s emblem\u00e1ticos de la Ciudad de M\u00e9xico. \u00bfQu\u00e9 son los Paseos Culturales INAH?\u2026","rel":"","context":"En &quot;Destacadas&quot;","block_context":{"text":"Destacadas","link":"https:\/\/azturismo.net\/?cat=30"},"img":{"alt_text":"","src":"https:\/\/i0.wp.com\/azturismo.net\/wp-content\/uploads\/2025\/08\/La-vida-del-tlatoani-Cuauhtemoc-sera-el-eje-de-un-paseo-cultural-por-el-Centro-Historico-de-la-Ciudad-de-Mexico-y-Tlatelolco.-Foto-Eduardo-Suarez-INAH.jpg?fit=600%2C400&ssl=1&resize=350%2C200","width":350,"height":200,"srcset":"https:\/\/i0.wp.com\/azturismo.net\/wp-content\/uploads\/2025\/08\/La-vida-del-tlatoani-Cuauhtemoc-sera-el-eje-de-un-paseo-cultural-por-el-Centro-Historico-de-la-Ciudad-de-Mexico-y-Tlatelolco.-Foto-Eduardo-Suarez-INAH.jpg?fit=600%2C400&ssl=1&resize=350%2C200 1x, https:\/\/i0.wp.com\/azturismo.net\/wp-content\/uploads\/2025\/08\/La-vida-del-tlatoani-Cuauhtemoc-sera-el-eje-de-un-paseo-cultural-por-el-Centro-Historico-de-la-Ciudad-de-Mexico-y-Tlatelolco.-Foto-Eduardo-Suarez-INAH.jpg?fit=600%2C400&ssl=1&resize=525%2C300 1.5x"},"classes":[]},{"id":7107,"url":"https:\/\/azturismo.net\/?p=7107","url_meta":{"origin":5139,"position":4},"title":"Constatan alineaciones equinocciales prehisp\u00e1nicas en Cuicuilco","author":"Azturismo","date":"abril 16, 2026","format":false,"excerpt":"Especialistas del INAH y la ENAH descubrieron que la zona arqueol\u00f3gica de Cuicuilco, al sur de la Ciudad de M\u00e9xico, comparte un mismo patr\u00f3n astron\u00f3mico con edificios modernos: todos miran hacia donde sale el sol en los equinoccios. Por Staff AzTurismo La Zona Arqueol\u00f3gica de Cuicuilco, uno de los asentamientos\u2026","rel":"","context":"En &quot;Destacadas&quot;","block_context":{"text":"Destacadas","link":"https:\/\/azturismo.net\/?cat=30"},"img":{"alt_text":"","src":"https:\/\/i0.wp.com\/azturismo.net\/wp-content\/uploads\/2026\/04\/Los-edificios-principales-de-la-ENAH-estan-orientados-hacia-la-salida-del-sol-sobre-el-cerro-Papayo-en-los-amaneceres-equinocciales.-Cortesia-Aaron-Gonzalez.jpg?fit=600%2C337&ssl=1&resize=350%2C200","width":350,"height":200,"srcset":"https:\/\/i0.wp.com\/azturismo.net\/wp-content\/uploads\/2026\/04\/Los-edificios-principales-de-la-ENAH-estan-orientados-hacia-la-salida-del-sol-sobre-el-cerro-Papayo-en-los-amaneceres-equinocciales.-Cortesia-Aaron-Gonzalez.jpg?fit=600%2C337&ssl=1&resize=350%2C200 1x, https:\/\/i0.wp.com\/azturismo.net\/wp-content\/uploads\/2026\/04\/Los-edificios-principales-de-la-ENAH-estan-orientados-hacia-la-salida-del-sol-sobre-el-cerro-Papayo-en-los-amaneceres-equinocciales.-Cortesia-Aaron-Gonzalez.jpg?fit=600%2C337&ssl=1&resize=525%2C300 1.5x"},"classes":[]},{"id":6723,"url":"https:\/\/azturismo.net\/?p=6723","url_meta":{"origin":5139,"position":5},"title":"Desvelar\u00e1n los tesoros culinarios de Latinoam\u00e9rica","author":"Azturismo","date":"diciembre 2, 2025","format":false,"excerpt":"Por Staff AzTurismo Panelistas de 13 naciones participar\u00e1n, del 2 al 4 de diciembre, en el XI Encuentro Internacional y Seminario Permanente de Cocinas; acceso virtual. Previamente, en el Ex Convento de San Nicol\u00e1s Tolentino, de Actopan, Hidalgo, abrir\u00e1 la muestra fotogr\u00e1fica Olores y sabores de M\u00e9xico. Las cocinas latinoamericanas\u2026","rel":"","context":"En &quot;SABORES&quot;","block_context":{"text":"SABORES","link":"https:\/\/azturismo.net\/?cat=35"},"img":{"alt_text":"","src":"https:\/\/i0.wp.com\/azturismo.net\/wp-content\/uploads\/2025\/12\/Previamente-en-el-Ex-Convento-de-San-Nicolas-Tolentino-de-Actopan-Hidalgo-abrira-la-muestra-fotografica-Olores-y-sabores-de-Mexico.-Foto-cortesia-Yesenia-Pena-2.jpg?fit=600%2C352&ssl=1&resize=350%2C200","width":350,"height":200,"srcset":"https:\/\/i0.wp.com\/azturismo.net\/wp-content\/uploads\/2025\/12\/Previamente-en-el-Ex-Convento-de-San-Nicolas-Tolentino-de-Actopan-Hidalgo-abrira-la-muestra-fotografica-Olores-y-sabores-de-Mexico.-Foto-cortesia-Yesenia-Pena-2.jpg?fit=600%2C352&ssl=1&resize=350%2C200 1x, https:\/\/i0.wp.com\/azturismo.net\/wp-content\/uploads\/2025\/12\/Previamente-en-el-Ex-Convento-de-San-Nicolas-Tolentino-de-Actopan-Hidalgo-abrira-la-muestra-fotografica-Olores-y-sabores-de-Mexico.-Foto-cortesia-Yesenia-Pena-2.jpg?fit=600%2C352&ssl=1&resize=525%2C300 1.5x"},"classes":[]}],"jetpack_shortlink":"https:\/\/wp.me\/pfqZGx-1kT","amp_enabled":true,"_links":{"self":[{"href":"https:\/\/azturismo.net\/index.php?rest_route=\/wp\/v2\/posts\/5139","targetHints":{"allow":["GET"]}}],"collection":[{"href":"https:\/\/azturismo.net\/index.php?rest_route=\/wp\/v2\/posts"}],"about":[{"href":"https:\/\/azturismo.net\/index.php?rest_route=\/wp\/v2\/types\/post"}],"author":[{"embeddable":true,"href":"https:\/\/azturismo.net\/index.php?rest_route=\/wp\/v2\/users\/1"}],"replies":[{"embeddable":true,"href":"https:\/\/azturismo.net\/index.php?rest_route=%2Fwp%2Fv2%2Fcomments&post=5139"}],"version-history":[{"count":1,"href":"https:\/\/azturismo.net\/index.php?rest_route=\/wp\/v2\/posts\/5139\/revisions"}],"predecessor-version":[{"id":5143,"href":"https:\/\/azturismo.net\/index.php?rest_route=\/wp\/v2\/posts\/5139\/revisions\/5143"}],"wp:featuredmedia":[{"embeddable":true,"href":"https:\/\/azturismo.net\/index.php?rest_route=\/wp\/v2\/media\/5140"}],"wp:attachment":[{"href":"https:\/\/azturismo.net\/index.php?rest_route=%2Fwp%2Fv2%2Fmedia&parent=5139"}],"wp:term":[{"taxonomy":"category","embeddable":true,"href":"https:\/\/azturismo.net\/index.php?rest_route=%2Fwp%2Fv2%2Fcategories&post=5139"},{"taxonomy":"post_tag","embeddable":true,"href":"https:\/\/azturismo.net\/index.php?rest_route=%2Fwp%2Fv2%2Ftags&post=5139"}],"curies":[{"name":"wp","href":"https:\/\/api.w.org\/{rel}","templated":true}]}}