{"id":5125,"date":"2025-08-26T21:32:08","date_gmt":"2025-08-27T03:32:08","guid":{"rendered":"https:\/\/azturismo.net\/?p=5125"},"modified":"2025-08-26T21:32:11","modified_gmt":"2025-08-27T03:32:11","slug":"por-que-se-estremecio-la-formula-1-con-el-regreso-de-checo-perez-y-valtteri-bottas","status":"publish","type":"post","link":"https:\/\/azturismo.net\/?p=5125","title":{"rendered":"\u00bfPor qu\u00e9 se estremeci\u00f3 la F\u00f3rmula 1 con el regreso de &#8220;Checo&#8221; P\u00e9rez y Valtteri Bottas?"},"content":{"rendered":"\n<p>Por Staff AzTurismo<\/p>\n\n\n\n<p>La F\u00f3rmula 1 recibe un regreso lleno de expectativas: <strong>Sergio \u201cCheco\u201d P\u00e9rez<\/strong> competir\u00e1 de nuevo en la categor\u00eda reina en 2026, ahora como piloto del nuevo equipo <strong>Cadillac<\/strong>, acompa\u00f1ado por el veterano <strong>Valtteri Bottas<\/strong>. La dupla fue confirmada oficialmente este martes, marcando uno de los fichajes m\u00e1s importantes del mercado de pilotos.<\/p>\n\n\n\n<p><strong>Una apuesta por la experiencia y construcci\u00f3n desde cero<\/strong><\/p>\n\n\n\n<p>Cadillac, respaldado por <strong>General Motors<\/strong> y TWG Motorsports, debutar\u00e1 en la F1 en 2026 con el claro objetivo de asentarse con fortaleza. La elecci\u00f3n de P\u00e9rez y Bottas, con m\u00e1s de <strong>500 Grandes Premios<\/strong> en conjunto y <strong>16 victorias<\/strong>, responde a una estrategia enfocada en experiencia, liderazgo t\u00e9cnico y estabilidad.<\/p>\n\n\n\n<p><strong>Checo P\u00e9rez: \u201cDisfrutar de nuevo la F1\u201d<\/strong><\/p>\n\n\n\n<p>Tras una temporada 2024 complicada en Red Bull sin victorias y con resultados por debajo de lo esperado, P\u00e9rez regresa en 2026 motivado por disfrutar nuevamente la competencia m\u00e1s que por demostrar algo. A sus <strong>35 a\u00f1os<\/strong>, declar\u00f3: \u201cNo tengo nada que probar\u201d y afirm\u00f3 sentirse honrado de formar parte de un proyecto ambicioso con Cadillac.<\/p>\n\n\n\n<p><strong>Bottas: una visi\u00f3n a largo plazo<\/strong><\/p>\n\n\n\n<p>Bottas, quien fue piloto reserva de Mercedes en 2025, manifest\u00f3 que lo que verdaderamente lo atrajo del nuevo equipo fue su proyecci\u00f3n: \u201cNo es solo un proyecto de carrera; es una visi\u00f3n a largo plazo\u2026 estar desde sus cimientos y darle forma en la parrilla de la F1<\/p>\n\n\n\n<p><strong>Datos clave del equipo Cadillac F1<\/strong><\/p>\n\n\n\n<ul class=\"wp-block-list\">\n<li>La escuder\u00eda operar\u00e1 desde <strong>Fishers (Indiana), Charlotte (Carolina del Norte) y Silverstone (Reino Unido)<\/strong>, combinando ingenier\u00eda estadounidense y experiencia europea.<\/li>\n\n\n\n<li>Utilizar\u00e1 <strong>motores Ferrari<\/strong> en el debut 2026, mientras desarrolla su propia unidad de potencia bajo el programa <strong>GM Performance Power Units<\/strong>, prevista para 2029.<\/li>\n\n\n\n<li>Cadillac como nuevo equipo F1, pagar\u00e1 una <strong>cuota anti-diluci\u00f3n de aproximadamente 450 millones de d\u00f3lares<\/strong>, distribuida entre los otros 10 equipos, seg\u00fan lo estipulado en el acuerdo con F1.<\/li>\n<\/ul>\n\n\n\n<p><strong>Ficha r\u00e1pida del talento incorporado<\/strong><\/p>\n\n\n\n<figure class=\"wp-block-table\"><table class=\"has-fixed-layout\"><thead><tr><td><strong>Piloto<\/strong><\/td><td><strong>Nacionalidad<\/strong><\/td><td><strong>GP iniciados<\/strong><\/td><td><strong>Victorias<\/strong><\/td><td><strong>Mejores logros<\/strong><\/td><\/tr><\/thead><tbody><tr><td>Sergio P\u00e9rez<\/td><td>Mexicano<\/td><td>281<\/td><td>6<\/td><td>Subcampe\u00f3n del mundo (2023)<\/td><\/tr><tr><td>Valtteri Bottas<\/td><td>Finland\u00e9s<\/td><td>246<\/td><td>10<\/td><td>Subcampe\u00f3n (2019, 2020)<\/td><\/tr><\/tbody><\/table><\/figure>\n\n\n\n<hr class=\"wp-block-separator has-alpha-channel-opacity\"\/>\n\n\n\n<p><strong>\u00bfPor qu\u00e9 es importante este regreso?<\/strong><\/p>\n\n\n\n<p>Este anuncio representa mucho m\u00e1s que el retorno de dos pilotos consagrados. Para Cadillac, es el inicio de una historia que pretende transformar su legado automotor estadounidense en un referente global dentro de la F1. La uni\u00f3n de Checo y Bottas garantiza a la escuder\u00eda un liderazgo t\u00e9cnico s\u00f3lido desde el primer kil\u00f3metro.<\/p>\n\n\n\n<p><strong>Por qu\u00e9 este d\u00fao tiene sentido (y qu\u00e9 aporta a un debutante)<\/strong><\/p>\n\n\n\n<ul class=\"wp-block-list\">\n<li><strong>Experiencia y liderazgo inmediato.<\/strong> Entre P\u00e9rez y Bottas suman m\u00e1s de 500 Grandes Premios, 16 victorias y m\u00e1s de 100 podios: insumos clave para guiar procesos, validar correlaci\u00f3n t\u00fanel-pista y acelerar la toma de decisiones en un equipo nuevo<\/li>\n\n\n\n<li><strong>Perfiles complementarios.<\/strong> P\u00e9rez aporta <strong>gesti\u00f3n de neum\u00e1ticos y ritmo en domingos<\/strong>, valioso para reglamentos que premiar\u00e1n la eficiencia energ\u00e9tica; Bottas a\u00f1ade <strong>calidad de clasificaci\u00f3n y sensibilidad t\u00e9cnica<\/strong> adquirida en a\u00f1os de desarrollo con Mercedes.<\/li>\n\n\n\n<li><strong>Tracci\u00f3n comercial y deportiva.<\/strong> El mercado mexicano (P\u00e9rez) y el europeo-n\u00f3rdico (Bottas) ampl\u00edan alcance de marca y patrocinio, mientras Cadillac intenta posicionarse como \u201cequipo estadounidense\u201d con base dual <strong>EE. UU.\u2013Reino Unido<\/strong> y direcci\u00f3n de Graeme Lowdon. <\/li>\n\n\n\n<li><strong>La hoja de ruta t\u00e9cnica de Cadillac<\/strong><\/li>\n<\/ul>\n\n\n\n<ul class=\"wp-block-list\">\n<li><strong>Power unit (2026\u20132028):<\/strong> acuerdo plurianual para usar motor y caja <strong>Ferrari<\/strong> desde el debut; esto reduce riesgos de integraci\u00f3n en el primer ciclo reglamentario.<\/li>\n\n\n\n<li><strong>Motor GM (desde 2029):<\/strong> la FIA aprob\u00f3 a <strong>General Motors<\/strong> como nuevo fabricante de unidades de potencia para entrar en la siguiente fase; estrategia \u201ccliente primero, f\u00e1brica despu\u00e9s\u201d que da tiempo a madurar el proyecto en Charlotte\/Fishers.<\/li>\n\n\n\n<li><strong>Estructura y liderazgo:<\/strong> Lowdon (ex-Marussia) toma la batuta y Cadillac afirma tener operaciones en <strong>Silverstone (UK)<\/strong> y <strong>EE. UU.<\/strong>; la combinaci\u00f3n permite captar talento europeo sin renunciar a la identidad americana.<\/li>\n<\/ul>\n\n\n\n<p><strong>Qu\u00e9 cambia en 2026 (y c\u00f3mo encaja Cadillac)<\/strong><\/p>\n\n\n\n<ul class=\"wp-block-list\">\n<li><strong>Coches m\u00e1s ligeros (\u2248768 kg), aerodin\u00e1mica activa y mayor aporte el\u00e9ctrico<\/strong>: el reglamento busca menos drag y m\u00e1s eficiencia, con modos de ala y recuperaci\u00f3n de energ\u00eda m\u00e1s influyentes en carrera. Eso <strong>potencia el valor del pilotaje fino de neum\u00e1ticos<\/strong> y de la gesti\u00f3n energ\u00e9tica\u2014fortalezas del binomio P\u00e9rez-Bottas.<\/li>\n\n\n\n<li><strong>Cap financieros y ATR:<\/strong> el tope de gastos se ajusta en 2026 y existen mecanismos de \u201cleveling\u201d (p. ej., offsets por costos de pa\u00eds) mientras los nuevos equipos optimizan sus horas de t\u00fanel\/CFD seg\u00fan posici\u00f3n deportiva\u2014otro incentivo para una <strong>l\u00ednea de desarrollo disciplinada<\/strong> desde el d\u00eda 1.<\/li>\n<\/ul>\n\n\n\n<p><strong>Expectativas realistas por fases<\/strong><\/p>\n\n\n\n<p><strong>Corto plazo (primeros 6\u20138 GP de 2026):<\/strong><\/p>\n\n\n\n<ul class=\"wp-block-list\">\n<li>Objetivo: <strong>fiabilidad<\/strong> y <strong>puntos regulares<\/strong> en trazados de baja\/mediana carga (donde la eficiencia del Ferrari y el ahorro de neum\u00e1ticos suelen pagar dividendos).<\/li>\n\n\n\n<li>Indicadores a vigilar: correlaci\u00f3n aero (mejoras que funcionen al llegar), paradas en boxes (&lt;2.6 s), y peso real vs. objetivo. <em>(An\u00e1lisis propio basado en las reglas 2026 y el suministro Ferrari).<\/em><\/li>\n<\/ul>\n\n\n\n<p><strong>Medio plazo (fin de 2026\u20132027):<\/strong><\/p>\n\n\n\n<ul class=\"wp-block-list\">\n<li>Consolidar <strong>paquetes aerodin\u00e1micos de baja resistencia<\/strong> y perfilar actualizaciones eficientes al l\u00edmite del cap; con dos pilotos constantes, la <strong>calidad del feedback<\/strong> deber\u00eda traducirse en upgrades que punt\u00faen en circuitos variados. <em>(Inferencia a partir de estructura y pilotos.)<\/em><\/li>\n<\/ul>\n\n\n\n<p><strong>Largo plazo (2028\u20132030):<\/strong><\/p>\n\n\n\n<ul class=\"wp-block-list\">\n<li>Transici\u00f3n a <strong>motor propio GM<\/strong> sin perder competitividad: riesgo grande pero con upside de obra completa \u201cchasis-PU\u201d. Si la integraci\u00f3n es limpia, Cadillac podr\u00eda aspirar a <strong>Q3 habituales<\/strong> y a podios circunstanciales.<\/li>\n<\/ul>\n\n\n\n<p><strong>Riesgos clave (y mitigadores)<\/strong><\/p>\n\n\n\n<ol start=\"1\" class=\"wp-block-list\">\n<li><strong>Dependencia inicial de Ferrari PU\/gearbox.<\/strong> Ventaja de fiabilidad, pero limitada diferenciaci\u00f3n; mitigaci\u00f3n: chasis eficiente y operaciones finas.<\/li>\n\n\n\n<li><strong>Complejidad multi-sede (UK\/EE. UU.).<\/strong> Riesgo de silos; mitigaci\u00f3n: liderazgo claro y procesos PLM\/MRP unificados.<\/li>\n\n\n\n<li><strong>Curva de aprendizaje de un \u201cstartup team\u201d.<\/strong> El d\u00fao P\u00e9rez-Bottas reduce la varianza en pista mientras la f\u00e1brica crece.<\/li>\n<\/ol>\n\n\n\n<p>Para un debutante en a\u00f1o de cambio mayor, <strong>P\u00e9rez + Bottas<\/strong> es una apuesta sobria: experiencia, consistencia y lectura de carrera para <strong>acortar el \u201ctime-to-competitividad\u201d<\/strong>. Con Ferrari como muleta t\u00e9cnica al inicio y el <strong>proyecto GM<\/strong> en el horizonte, Cadillac se ha dado una base realista para puntuar desde su primera temporada y construir, paso a paso, un equipo capaz de pelear m\u00e1s arriba cuando su unidad de potencia propia llegue a tiempo y a nivel.<\/p>\n\n\n\n<p><em>Informaci\u00f3n recabada con programa ChatGPT, de agencias internacionales, Formula 1, The oficial F!, The Guardian, Reuters, El Pa\u00eds, News.com.au, Diario As, Racer.com.<\/em><\/p>\n\n\n\n<p>Foto: promocional Cadillac<\/p>\n\n\n\n<h3 class=\"wp-block-heading\">\u00a1S\u00edguenos!<\/h3>\n\n\n\n<p><a href=\"https:\/\/www.facebook.com\/AzturismoNoticias\">https:\/\/www.facebook.com\/AzturismoNoticias<\/a><\/p>\n\n\n\n<p><strong><a href=\"mailto:tiktok.com\/@azturismo\">tiktok.com\/@azturismo<\/a><\/strong><\/p>\n\n\n\n<p><strong><a href=\"https:\/\/www.instagram.com\/azturismo_noticias\">www.instagram.com\/azturismo_noticias<\/a><\/strong><\/p>\n\n\n\n<p><a href=\"https:\/\/x.com\/AzTurismo\">https:\/\/x.com\/AzTurism<\/a><\/p>\n","protected":false},"excerpt":{"rendered":"<p>Por Staff AzTurismo La F\u00f3rmula 1 recibe un regreso lleno de expectativas: Sergio \u201cCheco\u201d P\u00e9rez competir\u00e1 de nuevo en la categor\u00eda reina en 2026, ahora como piloto del nuevo equipo Cadillac, acompa\u00f1ado por el veterano Valtteri Bottas. La dupla fue confirmada oficialmente este martes, marcando uno de los fichajes m\u00e1s importantes del mercado de pilotos. [&hellip;]<\/p>\n","protected":false},"author":1,"featured_media":5126,"comment_status":"open","ping_status":"open","sticky":false,"template":"","format":"standard","meta":{"jetpack_post_was_ever_published":false,"_jetpack_newsletter_access":"","_jetpack_dont_email_post_to_subs":false,"_jetpack_newsletter_tier_id":0,"_jetpack_memberships_contains_paywalled_content":false,"_jetpack_memberships_contains_paid_content":false,"footnotes":"","jetpack_publicize_message":"","jetpack_publicize_feature_enabled":true,"jetpack_social_post_already_shared":true,"jetpack_social_options":{"image_generator_settings":{"template":"highway","default_image_id":0,"font":"","enabled":false},"version":2}},"categories":[30,31,33],"tags":[2254,99,2253,2255,2252,1360,2250,2251],"class_list":{"0":"post-5125","1":"post","2":"type-post","3":"status-publish","4":"format-standard","5":"has-post-thumbnail","7":"category-e","8":"category-especiales","9":"category-especiales-segundarias","10":"tag-automovilismo-f1","11":"tag-azturismo","12":"tag-cadillac","13":"tag-cadillac-f1","14":"tag-cadillac-team","15":"tag-formula-1","16":"tag-sergio-checo-perez","17":"tag-valtteri-bottas"},"yoast_head":"<!-- This site is optimized with the Yoast SEO plugin v27.5 - https:\/\/yoast.com\/product\/yoast-seo-wordpress\/ -->\n<title>\u00bfPor qu\u00e9 se estremeci\u00f3 la F\u00f3rmula 1 con el regreso de &quot;Checo&quot; P\u00e9rez y Valtteri Bottas? - Azturismo Noticias<\/title>\n<meta name=\"description\" content=\"La F\u00f3rmula 1 recibe un regreso lleno de expectativas: Sergio \u201cCheco\u201d P\u00e9rez competir\u00e1 de nuevo en la categor\u00eda reina en 2026, ahora como piloto del nuevo equipo Cadillac, acompa\u00f1ado por el veterano Valtteri Bottas. La dupla fue confirmada oficialmente este martes, marcando uno de los fichajes m\u00e1s importantes del mercado de pilotos.\" \/>\n<meta name=\"robots\" content=\"index, follow, max-snippet:-1, max-image-preview:large, max-video-preview:-1\" \/>\n<link rel=\"canonical\" href=\"https:\/\/azturismo.net\/?p=5125\" \/>\n<meta property=\"og:locale\" content=\"es_MX\" \/>\n<meta property=\"og:type\" content=\"article\" \/>\n<meta property=\"og:title\" content=\"\u00bfPor qu\u00e9 se estremeci\u00f3 la F\u00f3rmula 1 con el regreso de &quot;Checo&quot; P\u00e9rez y Valtteri Bottas? - Azturismo Noticias\" \/>\n<meta property=\"og:description\" content=\"La F\u00f3rmula 1 recibe un regreso lleno de expectativas: Sergio \u201cCheco\u201d P\u00e9rez competir\u00e1 de nuevo en la categor\u00eda reina en 2026, ahora como piloto del nuevo equipo Cadillac, acompa\u00f1ado por el veterano Valtteri Bottas. La dupla fue confirmada oficialmente este martes, marcando uno de los fichajes m\u00e1s importantes del mercado de pilotos.\" \/>\n<meta property=\"og:url\" content=\"https:\/\/azturismo.net\/?p=5125\" \/>\n<meta property=\"og:site_name\" content=\"Azturismo Noticias\" \/>\n<meta property=\"article:publisher\" content=\"https:\/\/www.facebook.com\/AzturismoNoticias\" \/>\n<meta property=\"article:published_time\" content=\"2025-08-27T03:32:08+00:00\" \/>\n<meta property=\"article:modified_time\" content=\"2025-08-27T03:32:11+00:00\" \/>\n<meta property=\"og:image\" content=\"https:\/\/azturismo.net\/wp-content\/uploads\/2025\/08\/checo-bottas-promocion-cadillac.jpg\" \/>\n\t<meta property=\"og:image:width\" content=\"1197\" \/>\n\t<meta property=\"og:image:height\" content=\"789\" \/>\n\t<meta property=\"og:image:type\" content=\"image\/jpeg\" \/>\n<meta name=\"author\" content=\"Azturismo\" \/>\n<meta name=\"twitter:card\" content=\"summary_large_image\" \/>\n<meta name=\"twitter:creator\" content=\"@AzTurismo\" \/>\n<meta name=\"twitter:site\" content=\"@AzTurismo\" \/>\n<meta name=\"twitter:label1\" content=\"Escrito por\" \/>\n\t<meta name=\"twitter:data1\" content=\"Azturismo\" \/>\n\t<meta name=\"twitter:label2\" content=\"Tiempo de lectura\" \/>\n\t<meta name=\"twitter:data2\" content=\"5 minutos\" \/>\n<script type=\"application\/ld+json\" class=\"yoast-schema-graph\">{\"@context\":\"https:\\\/\\\/schema.org\",\"@graph\":[{\"@type\":\"Article\",\"@id\":\"https:\\\/\\\/azturismo.net\\\/?p=5125#article\",\"isPartOf\":{\"@id\":\"https:\\\/\\\/azturismo.net\\\/?p=5125\"},\"author\":{\"name\":\"Azturismo\",\"@id\":\"https:\\\/\\\/azturismo.net\\\/#\\\/schema\\\/person\\\/4b56d87f51c4d1b518c650739ad3bbc1\"},\"headline\":\"\u00bfPor qu\u00e9 se estremeci\u00f3 la F\u00f3rmula 1 con el regreso de &#8220;Checo&#8221; P\u00e9rez y Valtteri Bottas?\",\"datePublished\":\"2025-08-27T03:32:08+00:00\",\"dateModified\":\"2025-08-27T03:32:11+00:00\",\"mainEntityOfPage\":{\"@id\":\"https:\\\/\\\/azturismo.net\\\/?p=5125\"},\"wordCount\":1129,\"commentCount\":0,\"publisher\":{\"@id\":\"https:\\\/\\\/azturismo.net\\\/#organization\"},\"image\":{\"@id\":\"https:\\\/\\\/azturismo.net\\\/?p=5125#primaryimage\"},\"thumbnailUrl\":\"https:\\\/\\\/i0.wp.com\\\/azturismo.net\\\/wp-content\\\/uploads\\\/2025\\\/08\\\/checo-bottas-promocion-cadillac.jpg?fit=1197%2C789&ssl=1\",\"keywords\":[\"automovilismo F1\",\"azturismo\",\"Cadillac\",\"Cadillac F1\",\"Cadillac Team\",\"F\u00f3rmula 1\",\"Sergio Checo Perez\",\"Valtteri Bottas\"],\"articleSection\":[\"Destacadas\",\"ESPECIALES 1\",\"ESPECIALES 2\"],\"inLanguage\":\"es\",\"potentialAction\":[{\"@type\":\"CommentAction\",\"name\":\"Comment\",\"target\":[\"https:\\\/\\\/azturismo.net\\\/?p=5125#respond\"]}]},{\"@type\":\"WebPage\",\"@id\":\"https:\\\/\\\/azturismo.net\\\/?p=5125\",\"url\":\"https:\\\/\\\/azturismo.net\\\/?p=5125\",\"name\":\"\u00bfPor qu\u00e9 se estremeci\u00f3 la F\u00f3rmula 1 con el regreso de \\\"Checo\\\" P\u00e9rez y Valtteri Bottas? - Azturismo Noticias\",\"isPartOf\":{\"@id\":\"https:\\\/\\\/azturismo.net\\\/#website\"},\"primaryImageOfPage\":{\"@id\":\"https:\\\/\\\/azturismo.net\\\/?p=5125#primaryimage\"},\"image\":{\"@id\":\"https:\\\/\\\/azturismo.net\\\/?p=5125#primaryimage\"},\"thumbnailUrl\":\"https:\\\/\\\/i0.wp.com\\\/azturismo.net\\\/wp-content\\\/uploads\\\/2025\\\/08\\\/checo-bottas-promocion-cadillac.jpg?fit=1197%2C789&ssl=1\",\"datePublished\":\"2025-08-27T03:32:08+00:00\",\"dateModified\":\"2025-08-27T03:32:11+00:00\",\"description\":\"La F\u00f3rmula 1 recibe un regreso lleno de expectativas: Sergio \u201cCheco\u201d P\u00e9rez competir\u00e1 de nuevo en la categor\u00eda reina en 2026, ahora como piloto del nuevo equipo Cadillac, acompa\u00f1ado por el veterano Valtteri Bottas. La dupla fue confirmada oficialmente este martes, marcando uno de los fichajes m\u00e1s importantes del mercado de pilotos.\",\"breadcrumb\":{\"@id\":\"https:\\\/\\\/azturismo.net\\\/?p=5125#breadcrumb\"},\"inLanguage\":\"es\",\"potentialAction\":[{\"@type\":\"ReadAction\",\"target\":[\"https:\\\/\\\/azturismo.net\\\/?p=5125\"]}]},{\"@type\":\"ImageObject\",\"inLanguage\":\"es\",\"@id\":\"https:\\\/\\\/azturismo.net\\\/?p=5125#primaryimage\",\"url\":\"https:\\\/\\\/i0.wp.com\\\/azturismo.net\\\/wp-content\\\/uploads\\\/2025\\\/08\\\/checo-bottas-promocion-cadillac.jpg?fit=1197%2C789&ssl=1\",\"contentUrl\":\"https:\\\/\\\/i0.wp.com\\\/azturismo.net\\\/wp-content\\\/uploads\\\/2025\\\/08\\\/checo-bottas-promocion-cadillac.jpg?fit=1197%2C789&ssl=1\",\"width\":1197,\"height\":789},{\"@type\":\"BreadcrumbList\",\"@id\":\"https:\\\/\\\/azturismo.net\\\/?p=5125#breadcrumb\",\"itemListElement\":[{\"@type\":\"ListItem\",\"position\":1,\"name\":\"Home\",\"item\":\"https:\\\/\\\/azturismo.net\\\/\"},{\"@type\":\"ListItem\",\"position\":2,\"name\":\"\u00bfPor qu\u00e9 se estremeci\u00f3 la F\u00f3rmula 1 con el regreso de &#8220;Checo&#8221; P\u00e9rez y Valtteri Bottas?\"}]},{\"@type\":\"WebSite\",\"@id\":\"https:\\\/\\\/azturismo.net\\\/#website\",\"url\":\"https:\\\/\\\/azturismo.net\\\/\",\"name\":\"Azturismo\",\"description\":\"Azturismo Noticias\",\"publisher\":{\"@id\":\"https:\\\/\\\/azturismo.net\\\/#organization\"},\"potentialAction\":[{\"@type\":\"SearchAction\",\"target\":{\"@type\":\"EntryPoint\",\"urlTemplate\":\"https:\\\/\\\/azturismo.net\\\/?s={search_term_string}\"},\"query-input\":{\"@type\":\"PropertyValueSpecification\",\"valueRequired\":true,\"valueName\":\"search_term_string\"}}],\"inLanguage\":\"es\"},{\"@type\":\"Organization\",\"@id\":\"https:\\\/\\\/azturismo.net\\\/#organization\",\"name\":\"Azturismo\",\"url\":\"https:\\\/\\\/azturismo.net\\\/\",\"logo\":{\"@type\":\"ImageObject\",\"inLanguage\":\"es\",\"@id\":\"https:\\\/\\\/azturismo.net\\\/#\\\/schema\\\/logo\\\/image\\\/\",\"url\":\"https:\\\/\\\/i0.wp.com\\\/azturismo.net\\\/wp-content\\\/uploads\\\/2024\\\/03\\\/logo-el-bueno-.png?fit=294%2C69&ssl=1\",\"contentUrl\":\"https:\\\/\\\/i0.wp.com\\\/azturismo.net\\\/wp-content\\\/uploads\\\/2024\\\/03\\\/logo-el-bueno-.png?fit=294%2C69&ssl=1\",\"width\":294,\"height\":69,\"caption\":\"Azturismo\"},\"image\":{\"@id\":\"https:\\\/\\\/azturismo.net\\\/#\\\/schema\\\/logo\\\/image\\\/\"},\"sameAs\":[\"https:\\\/\\\/www.facebook.com\\\/AzturismoNoticias\",\"https:\\\/\\\/x.com\\\/AzTurismo\",\"https:\\\/\\\/www.instagram.com\\\/azturismo_noticias\\\/?fbclid=IwAR2xMiuoHbs6eLeIHKP8P5sSGa-xFrw7FfejscXO7kDghWa7wKLjGczKOwE\",\"https:\\\/\\\/www.tiktok.com\\\/@azturismo\"]},{\"@type\":\"Person\",\"@id\":\"https:\\\/\\\/azturismo.net\\\/#\\\/schema\\\/person\\\/4b56d87f51c4d1b518c650739ad3bbc1\",\"name\":\"Azturismo\",\"image\":{\"@type\":\"ImageObject\",\"inLanguage\":\"es\",\"@id\":\"https:\\\/\\\/azturismo.net\\\/wp-content\\\/litespeed\\\/avatar\\\/dfe28a31cdd68b788da48a316e50db10.jpg?ver=1777707566\",\"url\":\"https:\\\/\\\/azturismo.net\\\/wp-content\\\/litespeed\\\/avatar\\\/dfe28a31cdd68b788da48a316e50db10.jpg?ver=1777707566\",\"contentUrl\":\"https:\\\/\\\/azturismo.net\\\/wp-content\\\/litespeed\\\/avatar\\\/dfe28a31cdd68b788da48a316e50db10.jpg?ver=1777707566\",\"caption\":\"Azturismo\"},\"sameAs\":[\"https:\\\/\\\/azturismo.net\"],\"url\":\"https:\\\/\\\/azturismo.net\\\/?author=1\"}]}<\/script>\n<!-- \/ Yoast SEO plugin. -->","yoast_head_json":{"title":"\u00bfPor qu\u00e9 se estremeci\u00f3 la F\u00f3rmula 1 con el regreso de \"Checo\" P\u00e9rez y Valtteri Bottas? - Azturismo Noticias","description":"La F\u00f3rmula 1 recibe un regreso lleno de expectativas: Sergio \u201cCheco\u201d P\u00e9rez competir\u00e1 de nuevo en la categor\u00eda reina en 2026, ahora como piloto del nuevo equipo Cadillac, acompa\u00f1ado por el veterano Valtteri Bottas. La dupla fue confirmada oficialmente este martes, marcando uno de los fichajes m\u00e1s importantes del mercado de pilotos.","robots":{"index":"index","follow":"follow","max-snippet":"max-snippet:-1","max-image-preview":"max-image-preview:large","max-video-preview":"max-video-preview:-1"},"canonical":"https:\/\/azturismo.net\/?p=5125","og_locale":"es_MX","og_type":"article","og_title":"\u00bfPor qu\u00e9 se estremeci\u00f3 la F\u00f3rmula 1 con el regreso de \"Checo\" P\u00e9rez y Valtteri Bottas? - Azturismo Noticias","og_description":"La F\u00f3rmula 1 recibe un regreso lleno de expectativas: Sergio \u201cCheco\u201d P\u00e9rez competir\u00e1 de nuevo en la categor\u00eda reina en 2026, ahora como piloto del nuevo equipo Cadillac, acompa\u00f1ado por el veterano Valtteri Bottas. La dupla fue confirmada oficialmente este martes, marcando uno de los fichajes m\u00e1s importantes del mercado de pilotos.","og_url":"https:\/\/azturismo.net\/?p=5125","og_site_name":"Azturismo Noticias","article_publisher":"https:\/\/www.facebook.com\/AzturismoNoticias","article_published_time":"2025-08-27T03:32:08+00:00","article_modified_time":"2025-08-27T03:32:11+00:00","og_image":[{"width":1197,"height":789,"url":"https:\/\/azturismo.net\/wp-content\/uploads\/2025\/08\/checo-bottas-promocion-cadillac.jpg","type":"image\/jpeg"}],"author":"Azturismo","twitter_card":"summary_large_image","twitter_creator":"@AzTurismo","twitter_site":"@AzTurismo","twitter_misc":{"Escrito por":"Azturismo","Tiempo de lectura":"5 minutos"},"schema":{"@context":"https:\/\/schema.org","@graph":[{"@type":"Article","@id":"https:\/\/azturismo.net\/?p=5125#article","isPartOf":{"@id":"https:\/\/azturismo.net\/?p=5125"},"author":{"name":"Azturismo","@id":"https:\/\/azturismo.net\/#\/schema\/person\/4b56d87f51c4d1b518c650739ad3bbc1"},"headline":"\u00bfPor qu\u00e9 se estremeci\u00f3 la F\u00f3rmula 1 con el regreso de &#8220;Checo&#8221; P\u00e9rez y Valtteri Bottas?","datePublished":"2025-08-27T03:32:08+00:00","dateModified":"2025-08-27T03:32:11+00:00","mainEntityOfPage":{"@id":"https:\/\/azturismo.net\/?p=5125"},"wordCount":1129,"commentCount":0,"publisher":{"@id":"https:\/\/azturismo.net\/#organization"},"image":{"@id":"https:\/\/azturismo.net\/?p=5125#primaryimage"},"thumbnailUrl":"https:\/\/i0.wp.com\/azturismo.net\/wp-content\/uploads\/2025\/08\/checo-bottas-promocion-cadillac.jpg?fit=1197%2C789&ssl=1","keywords":["automovilismo F1","azturismo","Cadillac","Cadillac F1","Cadillac Team","F\u00f3rmula 1","Sergio Checo Perez","Valtteri Bottas"],"articleSection":["Destacadas","ESPECIALES 1","ESPECIALES 2"],"inLanguage":"es","potentialAction":[{"@type":"CommentAction","name":"Comment","target":["https:\/\/azturismo.net\/?p=5125#respond"]}]},{"@type":"WebPage","@id":"https:\/\/azturismo.net\/?p=5125","url":"https:\/\/azturismo.net\/?p=5125","name":"\u00bfPor qu\u00e9 se estremeci\u00f3 la F\u00f3rmula 1 con el regreso de \"Checo\" P\u00e9rez y Valtteri Bottas? - Azturismo Noticias","isPartOf":{"@id":"https:\/\/azturismo.net\/#website"},"primaryImageOfPage":{"@id":"https:\/\/azturismo.net\/?p=5125#primaryimage"},"image":{"@id":"https:\/\/azturismo.net\/?p=5125#primaryimage"},"thumbnailUrl":"https:\/\/i0.wp.com\/azturismo.net\/wp-content\/uploads\/2025\/08\/checo-bottas-promocion-cadillac.jpg?fit=1197%2C789&ssl=1","datePublished":"2025-08-27T03:32:08+00:00","dateModified":"2025-08-27T03:32:11+00:00","description":"La F\u00f3rmula 1 recibe un regreso lleno de expectativas: Sergio \u201cCheco\u201d P\u00e9rez competir\u00e1 de nuevo en la categor\u00eda reina en 2026, ahora como piloto del nuevo equipo Cadillac, acompa\u00f1ado por el veterano Valtteri Bottas. La dupla fue confirmada oficialmente este martes, marcando uno de los fichajes m\u00e1s importantes del mercado de pilotos.","breadcrumb":{"@id":"https:\/\/azturismo.net\/?p=5125#breadcrumb"},"inLanguage":"es","potentialAction":[{"@type":"ReadAction","target":["https:\/\/azturismo.net\/?p=5125"]}]},{"@type":"ImageObject","inLanguage":"es","@id":"https:\/\/azturismo.net\/?p=5125#primaryimage","url":"https:\/\/i0.wp.com\/azturismo.net\/wp-content\/uploads\/2025\/08\/checo-bottas-promocion-cadillac.jpg?fit=1197%2C789&ssl=1","contentUrl":"https:\/\/i0.wp.com\/azturismo.net\/wp-content\/uploads\/2025\/08\/checo-bottas-promocion-cadillac.jpg?fit=1197%2C789&ssl=1","width":1197,"height":789},{"@type":"BreadcrumbList","@id":"https:\/\/azturismo.net\/?p=5125#breadcrumb","itemListElement":[{"@type":"ListItem","position":1,"name":"Home","item":"https:\/\/azturismo.net\/"},{"@type":"ListItem","position":2,"name":"\u00bfPor qu\u00e9 se estremeci\u00f3 la F\u00f3rmula 1 con el regreso de &#8220;Checo&#8221; P\u00e9rez y Valtteri Bottas?"}]},{"@type":"WebSite","@id":"https:\/\/azturismo.net\/#website","url":"https:\/\/azturismo.net\/","name":"Azturismo","description":"Azturismo Noticias","publisher":{"@id":"https:\/\/azturismo.net\/#organization"},"potentialAction":[{"@type":"SearchAction","target":{"@type":"EntryPoint","urlTemplate":"https:\/\/azturismo.net\/?s={search_term_string}"},"query-input":{"@type":"PropertyValueSpecification","valueRequired":true,"valueName":"search_term_string"}}],"inLanguage":"es"},{"@type":"Organization","@id":"https:\/\/azturismo.net\/#organization","name":"Azturismo","url":"https:\/\/azturismo.net\/","logo":{"@type":"ImageObject","inLanguage":"es","@id":"https:\/\/azturismo.net\/#\/schema\/logo\/image\/","url":"https:\/\/i0.wp.com\/azturismo.net\/wp-content\/uploads\/2024\/03\/logo-el-bueno-.png?fit=294%2C69&ssl=1","contentUrl":"https:\/\/i0.wp.com\/azturismo.net\/wp-content\/uploads\/2024\/03\/logo-el-bueno-.png?fit=294%2C69&ssl=1","width":294,"height":69,"caption":"Azturismo"},"image":{"@id":"https:\/\/azturismo.net\/#\/schema\/logo\/image\/"},"sameAs":["https:\/\/www.facebook.com\/AzturismoNoticias","https:\/\/x.com\/AzTurismo","https:\/\/www.instagram.com\/azturismo_noticias\/?fbclid=IwAR2xMiuoHbs6eLeIHKP8P5sSGa-xFrw7FfejscXO7kDghWa7wKLjGczKOwE","https:\/\/www.tiktok.com\/@azturismo"]},{"@type":"Person","@id":"https:\/\/azturismo.net\/#\/schema\/person\/4b56d87f51c4d1b518c650739ad3bbc1","name":"Azturismo","image":{"@type":"ImageObject","inLanguage":"es","@id":"https:\/\/azturismo.net\/wp-content\/litespeed\/avatar\/dfe28a31cdd68b788da48a316e50db10.jpg?ver=1777707566","url":"https:\/\/azturismo.net\/wp-content\/litespeed\/avatar\/dfe28a31cdd68b788da48a316e50db10.jpg?ver=1777707566","contentUrl":"https:\/\/azturismo.net\/wp-content\/litespeed\/avatar\/dfe28a31cdd68b788da48a316e50db10.jpg?ver=1777707566","caption":"Azturismo"},"sameAs":["https:\/\/azturismo.net"],"url":"https:\/\/azturismo.net\/?author=1"}]}},"jetpack_publicize_connections":[],"jetpack_featured_media_url":"https:\/\/i0.wp.com\/azturismo.net\/wp-content\/uploads\/2025\/08\/checo-bottas-promocion-cadillac.jpg?fit=1197%2C789&ssl=1","jetpack_sharing_enabled":true,"jetpack-related-posts":[{"id":6538,"url":"https:\/\/azturismo.net\/?p=6538","url_meta":{"origin":5125,"position":0},"title":"Extranjeros gastan m\u00e1s durante la F1 en CDMX","author":"Azturismo","date":"noviembre 19, 2025","format":false,"excerpt":"Por Oscar V\u00e1zquez C. La Ciudad de M\u00e9xico volvi\u00f3 a vibrar con el rugido de los motores, el esp\u00edritu de la competencia y miles de aficionados que, m\u00e1s all\u00e1 de disfrutar de la F\u00f3rmula 1, dejaron una derrama econ\u00f3mica que super\u00f3 las cifras del a\u00f1o pasado. Seg\u00fan un an\u00e1lisis de\u2026","rel":"","context":"En &quot;Destacadas&quot;","block_context":{"text":"Destacadas","link":"https:\/\/azturismo.net\/?cat=30"},"img":{"alt_text":"","src":"https:\/\/i0.wp.com\/azturismo.net\/wp-content\/uploads\/2025\/11\/Sectur-gasto-F1.jpg?fit=600%2C400&ssl=1&resize=350%2C200","width":350,"height":200,"srcset":"https:\/\/i0.wp.com\/azturismo.net\/wp-content\/uploads\/2025\/11\/Sectur-gasto-F1.jpg?fit=600%2C400&ssl=1&resize=350%2C200 1x, https:\/\/i0.wp.com\/azturismo.net\/wp-content\/uploads\/2025\/11\/Sectur-gasto-F1.jpg?fit=600%2C400&ssl=1&resize=525%2C300 1.5x"},"classes":[]},{"id":3421,"url":"https:\/\/azturismo.net\/?p=3421","url_meta":{"origin":5125,"position":1},"title":"Hamilton gana con Ferrari 1ra clasificaci\u00f3n Sprint en GP de China","author":"Azturismo","date":"marzo 21, 2025","format":false,"excerpt":"Por Staff AzTurismo Lewis Hamilton, piloto de Ferrari, brill\u00f3 con una actuaci\u00f3n magistral para asegurar la pole position en la clasificaci\u00f3n Sprint del Gran Premio de China, superando por apenas 0.018 segundos a Max Verstappen (Red Bull) y dejando a Oscar Piastri (McLaren) en tercera posici\u00f3n. El brit\u00e1nico registr\u00f3 un\u2026","rel":"","context":"En &quot;TENDENCIAS&quot;","block_context":{"text":"TENDENCIAS","link":"https:\/\/azturismo.net\/?cat=28"},"img":{"alt_text":"","src":"https:\/\/i0.wp.com\/azturismo.net\/wp-content\/uploads\/2025\/03\/PSX_20250321_100812.jpg?fit=1200%2C646&ssl=1&resize=350%2C200","width":350,"height":200,"srcset":"https:\/\/i0.wp.com\/azturismo.net\/wp-content\/uploads\/2025\/03\/PSX_20250321_100812.jpg?fit=1200%2C646&ssl=1&resize=350%2C200 1x, https:\/\/i0.wp.com\/azturismo.net\/wp-content\/uploads\/2025\/03\/PSX_20250321_100812.jpg?fit=1200%2C646&ssl=1&resize=525%2C300 1.5x, https:\/\/i0.wp.com\/azturismo.net\/wp-content\/uploads\/2025\/03\/PSX_20250321_100812.jpg?fit=1200%2C646&ssl=1&resize=700%2C400 2x, https:\/\/i0.wp.com\/azturismo.net\/wp-content\/uploads\/2025\/03\/PSX_20250321_100812.jpg?fit=1200%2C646&ssl=1&resize=1050%2C600 3x"},"classes":[]},{"id":6737,"url":"https:\/\/azturismo.net\/?p=6737","url_meta":{"origin":5125,"position":2},"title":"\u00a1M\u00e9xico es Mundial! Sheinbaum","author":"Azturismo","date":"diciembre 5, 2025","format":false,"excerpt":"Por Staff AzTurismo La Presidenta Claudia Sheinbaum Pardo particip\u00f3 en el Sorteo FIFA 2026 en Washington, D.C., celebrando que M\u00e9xico ser\u00e1 sede de la Copa Mundial por tercera ocasi\u00f3n, \u00a1un r\u00e9cord hist\u00f3rico! \"Estamos orgullosos, orgullosas, de recibir por tercera vez la Copa Mundial. M\u00e9xico es un pa\u00eds extraordinario, bello, m\u00e1gico,\u2026","rel":"","context":"En &quot;Destacadas&quot;","block_context":{"text":"Destacadas","link":"https:\/\/azturismo.net\/?cat=30"},"img":{"alt_text":"","src":"https:\/\/i0.wp.com\/azturismo.net\/wp-content\/uploads\/2025\/12\/post_sorteo_fifa_2026__1_-1.jpeg?fit=600%2C350&ssl=1&resize=350%2C200","width":350,"height":200,"srcset":"https:\/\/i0.wp.com\/azturismo.net\/wp-content\/uploads\/2025\/12\/post_sorteo_fifa_2026__1_-1.jpeg?fit=600%2C350&ssl=1&resize=350%2C200 1x, https:\/\/i0.wp.com\/azturismo.net\/wp-content\/uploads\/2025\/12\/post_sorteo_fifa_2026__1_-1.jpeg?fit=600%2C350&ssl=1&resize=525%2C300 1.5x"},"classes":[]},{"id":5301,"url":"https:\/\/azturismo.net\/?p=5301","url_meta":{"origin":5125,"position":3},"title":"Hamilton y Leclerc realizan tributo a los h\u00e9roes invisibles de Ferrari","author":"Azturismo","date":"septiembre 10, 2025","format":false,"excerpt":"Por Staff AzTurismo \u00bfTe has preguntado qui\u00e9nes son los verdaderos h\u00e9roes detr\u00e1s de cada victoria en la F\u00f3rmula 1? Una colaboraci\u00f3n inesperada entre Chivas Regal y Scuderia Ferrari HP acaba de revelar la respuesta con un video que est\u00e1 conquistando corazones y redefiniendo el concepto de \u00e9xito en el deporte\u2026","rel":"","context":"En &quot;Destacadas&quot;","block_context":{"text":"Destacadas","link":"https:\/\/azturismo.net\/?cat=30"},"img":{"alt_text":"","src":"https:\/\/i0.wp.com\/azturismo.net\/wp-content\/uploads\/2025\/09\/chivas-ferrari-02.png?fit=600%2C366&ssl=1&resize=350%2C200","width":350,"height":200,"srcset":"https:\/\/i0.wp.com\/azturismo.net\/wp-content\/uploads\/2025\/09\/chivas-ferrari-02.png?fit=600%2C366&ssl=1&resize=350%2C200 1x, https:\/\/i0.wp.com\/azturismo.net\/wp-content\/uploads\/2025\/09\/chivas-ferrari-02.png?fit=600%2C366&ssl=1&resize=525%2C300 1.5x"},"classes":[]},{"id":3192,"url":"https:\/\/azturismo.net\/?p=3192","url_meta":{"origin":5125,"position":4},"title":"CDMX fortalece su alianza con el mercado tur\u00edstico colombiano en ANATO 2025","author":"Azturismo","date":"marzo 2, 2025","format":false,"excerpt":"Por Staff AzTurismo La Ciudad de M\u00e9xico brill\u00f3 en la 44\u00aa Vitrina Tur\u00edstica de la Asociaci\u00f3n Colombiana de Agencias de Viajes y Turismo (ANATO) 2025, consolid\u00e1ndose como uno de los destinos favoritos a nivel mundial. Durante el evento, se llevaron a cabo m\u00e1s de 500 citas de negocios entre funcionarios,\u2026","rel":"","context":"En &quot;Destacadas&quot;","block_context":{"text":"Destacadas","link":"https:\/\/azturismo.net\/?cat=30"},"img":{"alt_text":"","src":"https:\/\/i0.wp.com\/azturismo.net\/wp-content\/uploads\/2025\/03\/PSX_20250301_224214.jpg?fit=600%2C400&ssl=1&resize=350%2C200","width":350,"height":200,"srcset":"https:\/\/i0.wp.com\/azturismo.net\/wp-content\/uploads\/2025\/03\/PSX_20250301_224214.jpg?fit=600%2C400&ssl=1&resize=350%2C200 1x, https:\/\/i0.wp.com\/azturismo.net\/wp-content\/uploads\/2025\/03\/PSX_20250301_224214.jpg?fit=600%2C400&ssl=1&resize=525%2C300 1.5x"},"classes":[]},{"id":4103,"url":"https:\/\/azturismo.net\/?p=4103","url_meta":{"origin":5125,"position":5},"title":"Rumbo al mundial de f\u00fatbol inicia el tic toc en CDMX","author":"Azturismo","date":"junio 12, 2025","format":false,"excerpt":"Por Oscar V\u00e1zquez C. Con una ceremonia llena de entusiasmo y esp\u00edritu deportivo, la Ciudad de M\u00e9xico dio inicio oficial a la cuenta regresiva para la Copa Mundial de la FIFA 2026, al develar el reloj que marcar\u00e1 el tiempo restante hacia el inicio del torneo m\u00e1s esperado del planeta.\u2026","rel":"","context":"En &quot;Destacadas&quot;","block_context":{"text":"Destacadas","link":"https:\/\/azturismo.net\/?cat=30"},"img":{"alt_text":"","src":"https:\/\/i0.wp.com\/azturismo.net\/wp-content\/uploads\/2025\/06\/PSX_20250611_195158.jpg?fit=600%2C400&ssl=1&resize=350%2C200","width":350,"height":200,"srcset":"https:\/\/i0.wp.com\/azturismo.net\/wp-content\/uploads\/2025\/06\/PSX_20250611_195158.jpg?fit=600%2C400&ssl=1&resize=350%2C200 1x, https:\/\/i0.wp.com\/azturismo.net\/wp-content\/uploads\/2025\/06\/PSX_20250611_195158.jpg?fit=600%2C400&ssl=1&resize=525%2C300 1.5x"},"classes":[]}],"jetpack_shortlink":"https:\/\/wp.me\/pfqZGx-1kF","amp_enabled":true,"_links":{"self":[{"href":"https:\/\/azturismo.net\/index.php?rest_route=\/wp\/v2\/posts\/5125","targetHints":{"allow":["GET"]}}],"collection":[{"href":"https:\/\/azturismo.net\/index.php?rest_route=\/wp\/v2\/posts"}],"about":[{"href":"https:\/\/azturismo.net\/index.php?rest_route=\/wp\/v2\/types\/post"}],"author":[{"embeddable":true,"href":"https:\/\/azturismo.net\/index.php?rest_route=\/wp\/v2\/users\/1"}],"replies":[{"embeddable":true,"href":"https:\/\/azturismo.net\/index.php?rest_route=%2Fwp%2Fv2%2Fcomments&post=5125"}],"version-history":[{"count":1,"href":"https:\/\/azturismo.net\/index.php?rest_route=\/wp\/v2\/posts\/5125\/revisions"}],"predecessor-version":[{"id":5127,"href":"https:\/\/azturismo.net\/index.php?rest_route=\/wp\/v2\/posts\/5125\/revisions\/5127"}],"wp:featuredmedia":[{"embeddable":true,"href":"https:\/\/azturismo.net\/index.php?rest_route=\/wp\/v2\/media\/5126"}],"wp:attachment":[{"href":"https:\/\/azturismo.net\/index.php?rest_route=%2Fwp%2Fv2%2Fmedia&parent=5125"}],"wp:term":[{"taxonomy":"category","embeddable":true,"href":"https:\/\/azturismo.net\/index.php?rest_route=%2Fwp%2Fv2%2Fcategories&post=5125"},{"taxonomy":"post_tag","embeddable":true,"href":"https:\/\/azturismo.net\/index.php?rest_route=%2Fwp%2Fv2%2Ftags&post=5125"}],"curies":[{"name":"wp","href":"https:\/\/api.w.org\/{rel}","templated":true}]}}