{"id":5115,"date":"2025-08-26T20:29:44","date_gmt":"2025-08-27T02:29:44","guid":{"rendered":"https:\/\/azturismo.net\/?p=5115"},"modified":"2025-08-26T20:29:47","modified_gmt":"2025-08-27T02:29:47","slug":"arranca-colibri-de-plata-para-adultos-mayores-de-la-cdmx","status":"publish","type":"post","link":"https:\/\/azturismo.net\/?p=5115","title":{"rendered":"Arranca Colibr\u00ed de Plata para adultos mayores de la CDMX"},"content":{"rendered":"\n<p>Por Staff AzTurismo<\/p>\n\n\n\n<p>La <strong>Secretar\u00eda de Turismo de la Ciudad de M\u00e9xico<\/strong> puso en marcha este d\u00eda el programa <strong>Colibr\u00ed Viajero en su modalidad Colibr\u00ed de Plata<\/strong>, dise\u00f1ado para que adultos mayores disfruten de recorridos gratuitos por atractivos tur\u00edsticos de seis estados cercanos a la capital.<\/p>\n\n\n\n<p>La secretaria de Turismo, <strong>Alejandra Frausto Guerrero<\/strong>, dio el simb\u00f3lico banderazo de salida a los primeros <strong>280 beneficiarios<\/strong>, de un total de <strong>1,200 adultos mayores inscritos<\/strong>, quienes viajar\u00e1n a destinos en <strong>Hidalgo, Morelos, Puebla, Guerrero, Estado de M\u00e9xico y Tlaxcala<\/strong>, como parte de esta iniciativa que promueve un <strong>turismo incluyente, accesible y sin discriminaci\u00f3n<\/strong>.<\/p>\n\n\n\n<h2 class=\"wp-block-heading\">Turismo social y derecho a la inclusi\u00f3n<\/h2>\n\n\n\n<p>Frausto Guerrero subray\u00f3 que el programa da continuidad a la <strong>Alianza Metropolitana de Turismo Social<\/strong>, que busca garantizar el derecho de los capitalinos \u2014especialmente quienes se encuentran en situaci\u00f3n vulnerable\u2014 a disfrutar del <strong>patrimonio cultural y natural de M\u00e9xico<\/strong>.<\/p>\n\n\n\n<p>\u201cCada recorrido es una oportunidad para que los adultos mayores se reconecten con la historia, la cultura y las tradiciones de nuestro pa\u00eds. Este programa democratiza el turismo y lo convierte en un derecho para todos\u201d, se\u00f1al\u00f3 la funcionaria frente al <strong>Auditorio Nacional<\/strong>, lugar donde partieron los autobuses tur\u00edsticos.<\/p>\n\n\n\n<p>Durante los viajes, los beneficiarios estar\u00e1n acompa\u00f1ados por <strong>gu\u00edas de turismo certificados<\/strong>, quienes enriquecer\u00e1n la experiencia con explicaciones hist\u00f3ricas y culturales de cada destino.<\/p>\n\n\n\n<h2 class=\"wp-block-heading\">Destinos incluidos en el <em>Colibr\u00ed de Plata<\/em><\/h2>\n\n\n\n<p>En esta primera salida, <strong>80 adultos mayores visitaron la zona arqueol\u00f3gica de Teotihuac\u00e1n<\/strong>, en el Estado de M\u00e9xico. Otros grupos conocer\u00e1n:<\/p>\n\n\n\n<ul class=\"wp-block-list\">\n<li><strong>Taxco, Guerrero<\/strong>, con sus tradicionales tiendas de plata.<\/li>\n\n\n\n<li><strong>Pachuca y Real del Monte, Hidalgo<\/strong>, cuna de la miner\u00eda.<\/li>\n\n\n\n<li><strong>Tepoztl\u00e1n y la zona arqueol\u00f3gica de Xochicalco, Morelos<\/strong>.<\/li>\n\n\n\n<li><strong>Huamantla, Tlaxcala<\/strong>, famoso por sus alfombras de aserr\u00edn.<\/li>\n\n\n\n<li><strong>Cholula, Puebla<\/strong>, hogar de la gran pir\u00e1mide y templos coloniales.<\/li>\n<\/ul>\n\n\n\n<h2 class=\"wp-block-heading\">Reconocimiento a los <em>Amigos Colibr\u00ed<\/em><\/h2>\n\n\n\n<p>Durante el evento, la secretaria entreg\u00f3 reconocimientos a los llamados <strong>Amigos Colibr\u00ed<\/strong>, empresarios y organizaciones que apoyan el programa con <strong>entradas gratuitas, servicios y transportaci\u00f3n<\/strong>, entre ellos: <strong>Acuario Inbursa, Acuario Michin, Ballet Folkl\u00f3rico M\u00e9xico M\u00e1gico, Capital Bus, Club Campestre Teotihuac\u00e1n y Granja Las Am\u00e9ricas<\/strong>.<\/p>\n\n\n\n<p>Gracias a estas alianzas, se fortalece un modelo de <strong>turismo social y solidario<\/strong>, que beneficia directamente a los sectores m\u00e1s vulnerables de la capital.<\/p>\n\n\n\n<h2 class=\"wp-block-heading\">Un esfuerzo interinstitucional<\/h2>\n\n\n\n<p>El arranque del <strong>Colibr\u00ed de Plata<\/strong> cont\u00f3 con la presencia de autoridades estatales de turismo de <strong>Tlaxcala, Morelos y Guerrero<\/strong>, adem\u00e1s de representantes de la <strong>Secretar\u00eda de las Mujeres, el DIF Nacional y el Sistema DIF de la CDMX<\/strong>, as\u00ed como del <strong>Cl\u00faster Tur\u00edstico y Cultural de Cholula<\/strong>.<\/p>\n\n\n\n<p>En representaci\u00f3n de la jefa de Gobierno, <strong>Clara Brugada Molina<\/strong>, la secretaria Frausto reiter\u00f3 que este tipo de programas contribuyen a hacer del <strong>turismo un derecho universal<\/strong> y un veh\u00edculo de inclusi\u00f3n social.<\/p>\n\n\n\n<p><\/p>\n\n\n\n<h3 class=\"wp-block-heading\">\u00a1S\u00edguenos!<\/h3>\n\n\n\n<p><a href=\"https:\/\/www.facebook.com\/AzturismoNoticias\">https:\/\/www.facebook.com\/AzturismoNoticias<\/a><\/p>\n\n\n\n<p><strong><a href=\"mailto:tiktok.com\/@azturismo\">tiktok.com\/@azturismo<\/a><\/strong><\/p>\n\n\n\n<p><strong><a href=\"https:\/\/www.instagram.com\/azturismo_noticias\">www.instagram.com\/azturismo_noticias<\/a><\/strong><\/p>\n\n\n\n<p><a href=\"https:\/\/x.com\/AzTurismo\">https:\/\/x.com\/AzTurism<\/a><\/p>\n","protected":false},"excerpt":{"rendered":"<p>Por Staff AzTurismo La Secretar\u00eda de Turismo de la Ciudad de M\u00e9xico puso en marcha este d\u00eda el programa Colibr\u00ed Viajero en su modalidad Colibr\u00ed de Plata, dise\u00f1ado para que adultos mayores disfruten de recorridos gratuitos por atractivos tur\u00edsticos de seis estados cercanos a la capital. La secretaria de Turismo, Alejandra Frausto Guerrero, dio el [&hellip;]<\/p>\n","protected":false},"author":1,"featured_media":5116,"comment_status":"open","ping_status":"open","sticky":false,"template":"","format":"standard","meta":{"jetpack_post_was_ever_published":false,"_jetpack_newsletter_access":"","_jetpack_dont_email_post_to_subs":false,"_jetpack_newsletter_tier_id":0,"_jetpack_memberships_contains_paywalled_content":false,"_jetpack_memberships_contains_paid_content":false,"footnotes":"","jetpack_publicize_message":"","jetpack_publicize_feature_enabled":true,"jetpack_social_post_already_shared":true,"jetpack_social_options":{"image_generator_settings":{"template":"highway","default_image_id":0,"font":"","enabled":false},"version":2}},"categories":[30,25],"tags":[2240,659,99,2239,2242,39,420,1808,2238,38,2241],"class_list":{"0":"post-5115","1":"post","2":"type-post","3":"status-publish","4":"format-standard","5":"has-post-thumbnail","7":"category-e","8":"category-notitar","9":"tag-adultos-mayores","10":"tag-alejandra-frausto-guerrero","11":"tag-azturismo","12":"tag-colibri-viajero","13":"tag-destinos-turisticos-cerca-de-cdmx","14":"tag-turismo","15":"tag-turismo-en-mexico","16":"tag-turismo-incluyente","17":"tag-turismo-social","18":"tag-viajes","19":"tag-viajes-gratuitos"},"yoast_head":"<!-- This site is optimized with the Yoast SEO plugin v27.5 - https:\/\/yoast.com\/product\/yoast-seo-wordpress\/ -->\n<title>Arranca Colibr\u00ed de Plata para adultos mayores de la CDMX - Azturismo Noticias<\/title>\n<meta name=\"robots\" content=\"index, follow, max-snippet:-1, max-image-preview:large, max-video-preview:-1\" \/>\n<link rel=\"canonical\" href=\"https:\/\/azturismo.net\/?p=5115\" \/>\n<meta property=\"og:locale\" content=\"es_MX\" \/>\n<meta property=\"og:type\" content=\"article\" \/>\n<meta property=\"og:title\" content=\"Arranca Colibr\u00ed de Plata para adultos mayores de la CDMX - Azturismo Noticias\" \/>\n<meta property=\"og:description\" content=\"Por Staff AzTurismo La Secretar\u00eda de Turismo de la Ciudad de M\u00e9xico puso en marcha este d\u00eda el programa Colibr\u00ed Viajero en su modalidad Colibr\u00ed de Plata, dise\u00f1ado para que adultos mayores disfruten de recorridos gratuitos por atractivos tur\u00edsticos de seis estados cercanos a la capital. La secretaria de Turismo, Alejandra Frausto Guerrero, dio el [&hellip;]\" \/>\n<meta property=\"og:url\" content=\"https:\/\/azturismo.net\/?p=5115\" \/>\n<meta property=\"og:site_name\" content=\"Azturismo Noticias\" \/>\n<meta property=\"article:publisher\" content=\"https:\/\/www.facebook.com\/AzturismoNoticias\" \/>\n<meta property=\"article:published_time\" content=\"2025-08-27T02:29:44+00:00\" \/>\n<meta property=\"article:modified_time\" content=\"2025-08-27T02:29:47+00:00\" \/>\n<meta property=\"og:image\" content=\"https:\/\/azturismo.net\/wp-content\/uploads\/2025\/08\/cdmx-colibri.jpeg\" \/>\n\t<meta property=\"og:image:width\" content=\"1599\" \/>\n\t<meta property=\"og:image:height\" content=\"1066\" \/>\n\t<meta property=\"og:image:type\" content=\"image\/jpeg\" \/>\n<meta name=\"author\" content=\"Azturismo\" \/>\n<meta name=\"twitter:card\" content=\"summary_large_image\" \/>\n<meta name=\"twitter:creator\" content=\"@AzTurismo\" \/>\n<meta name=\"twitter:site\" content=\"@AzTurismo\" \/>\n<meta name=\"twitter:label1\" content=\"Escrito por\" \/>\n\t<meta name=\"twitter:data1\" content=\"Azturismo\" \/>\n\t<meta name=\"twitter:label2\" content=\"Tiempo de lectura\" \/>\n\t<meta name=\"twitter:data2\" content=\"3 minutos\" \/>\n<script type=\"application\/ld+json\" class=\"yoast-schema-graph\">{\"@context\":\"https:\\\/\\\/schema.org\",\"@graph\":[{\"@type\":\"Article\",\"@id\":\"https:\\\/\\\/azturismo.net\\\/?p=5115#article\",\"isPartOf\":{\"@id\":\"https:\\\/\\\/azturismo.net\\\/?p=5115\"},\"author\":{\"name\":\"Azturismo\",\"@id\":\"https:\\\/\\\/azturismo.net\\\/#\\\/schema\\\/person\\\/4b56d87f51c4d1b518c650739ad3bbc1\"},\"headline\":\"Arranca Colibr\u00ed de Plata para adultos mayores de la CDMX\",\"datePublished\":\"2025-08-27T02:29:44+00:00\",\"dateModified\":\"2025-08-27T02:29:47+00:00\",\"mainEntityOfPage\":{\"@id\":\"https:\\\/\\\/azturismo.net\\\/?p=5115\"},\"wordCount\":517,\"commentCount\":0,\"publisher\":{\"@id\":\"https:\\\/\\\/azturismo.net\\\/#organization\"},\"image\":{\"@id\":\"https:\\\/\\\/azturismo.net\\\/?p=5115#primaryimage\"},\"thumbnailUrl\":\"https:\\\/\\\/i0.wp.com\\\/azturismo.net\\\/wp-content\\\/uploads\\\/2025\\\/08\\\/cdmx-colibri.jpeg?fit=1599%2C1066&ssl=1\",\"keywords\":[\"adultos mayores\",\"Alejandra Frausto Guerrero\",\"azturismo\",\"Colibr\u00ed Viajero\",\"destinos tur\u00edsticos cerca de CDMX\",\"Turismo\",\"turismo en M\u00e9xico\",\"Turismo incluyente\",\"turismo social\",\"Viajes\",\"viajes gratuitos\"],\"articleSection\":[\"Destacadas\",\"NOTITUR\"],\"inLanguage\":\"es\",\"potentialAction\":[{\"@type\":\"CommentAction\",\"name\":\"Comment\",\"target\":[\"https:\\\/\\\/azturismo.net\\\/?p=5115#respond\"]}]},{\"@type\":\"WebPage\",\"@id\":\"https:\\\/\\\/azturismo.net\\\/?p=5115\",\"url\":\"https:\\\/\\\/azturismo.net\\\/?p=5115\",\"name\":\"Arranca Colibr\u00ed de Plata para adultos mayores de la CDMX - Azturismo Noticias\",\"isPartOf\":{\"@id\":\"https:\\\/\\\/azturismo.net\\\/#website\"},\"primaryImageOfPage\":{\"@id\":\"https:\\\/\\\/azturismo.net\\\/?p=5115#primaryimage\"},\"image\":{\"@id\":\"https:\\\/\\\/azturismo.net\\\/?p=5115#primaryimage\"},\"thumbnailUrl\":\"https:\\\/\\\/i0.wp.com\\\/azturismo.net\\\/wp-content\\\/uploads\\\/2025\\\/08\\\/cdmx-colibri.jpeg?fit=1599%2C1066&ssl=1\",\"datePublished\":\"2025-08-27T02:29:44+00:00\",\"dateModified\":\"2025-08-27T02:29:47+00:00\",\"breadcrumb\":{\"@id\":\"https:\\\/\\\/azturismo.net\\\/?p=5115#breadcrumb\"},\"inLanguage\":\"es\",\"potentialAction\":[{\"@type\":\"ReadAction\",\"target\":[\"https:\\\/\\\/azturismo.net\\\/?p=5115\"]}]},{\"@type\":\"ImageObject\",\"inLanguage\":\"es\",\"@id\":\"https:\\\/\\\/azturismo.net\\\/?p=5115#primaryimage\",\"url\":\"https:\\\/\\\/i0.wp.com\\\/azturismo.net\\\/wp-content\\\/uploads\\\/2025\\\/08\\\/cdmx-colibri.jpeg?fit=1599%2C1066&ssl=1\",\"contentUrl\":\"https:\\\/\\\/i0.wp.com\\\/azturismo.net\\\/wp-content\\\/uploads\\\/2025\\\/08\\\/cdmx-colibri.jpeg?fit=1599%2C1066&ssl=1\",\"width\":1599,\"height\":1066},{\"@type\":\"BreadcrumbList\",\"@id\":\"https:\\\/\\\/azturismo.net\\\/?p=5115#breadcrumb\",\"itemListElement\":[{\"@type\":\"ListItem\",\"position\":1,\"name\":\"Home\",\"item\":\"https:\\\/\\\/azturismo.net\\\/\"},{\"@type\":\"ListItem\",\"position\":2,\"name\":\"Arranca Colibr\u00ed de Plata para adultos mayores de la CDMX\"}]},{\"@type\":\"WebSite\",\"@id\":\"https:\\\/\\\/azturismo.net\\\/#website\",\"url\":\"https:\\\/\\\/azturismo.net\\\/\",\"name\":\"Azturismo\",\"description\":\"Azturismo Noticias\",\"publisher\":{\"@id\":\"https:\\\/\\\/azturismo.net\\\/#organization\"},\"potentialAction\":[{\"@type\":\"SearchAction\",\"target\":{\"@type\":\"EntryPoint\",\"urlTemplate\":\"https:\\\/\\\/azturismo.net\\\/?s={search_term_string}\"},\"query-input\":{\"@type\":\"PropertyValueSpecification\",\"valueRequired\":true,\"valueName\":\"search_term_string\"}}],\"inLanguage\":\"es\"},{\"@type\":\"Organization\",\"@id\":\"https:\\\/\\\/azturismo.net\\\/#organization\",\"name\":\"Azturismo\",\"url\":\"https:\\\/\\\/azturismo.net\\\/\",\"logo\":{\"@type\":\"ImageObject\",\"inLanguage\":\"es\",\"@id\":\"https:\\\/\\\/azturismo.net\\\/#\\\/schema\\\/logo\\\/image\\\/\",\"url\":\"https:\\\/\\\/i0.wp.com\\\/azturismo.net\\\/wp-content\\\/uploads\\\/2024\\\/03\\\/logo-el-bueno-.png?fit=294%2C69&ssl=1\",\"contentUrl\":\"https:\\\/\\\/i0.wp.com\\\/azturismo.net\\\/wp-content\\\/uploads\\\/2024\\\/03\\\/logo-el-bueno-.png?fit=294%2C69&ssl=1\",\"width\":294,\"height\":69,\"caption\":\"Azturismo\"},\"image\":{\"@id\":\"https:\\\/\\\/azturismo.net\\\/#\\\/schema\\\/logo\\\/image\\\/\"},\"sameAs\":[\"https:\\\/\\\/www.facebook.com\\\/AzturismoNoticias\",\"https:\\\/\\\/x.com\\\/AzTurismo\",\"https:\\\/\\\/www.instagram.com\\\/azturismo_noticias\\\/?fbclid=IwAR2xMiuoHbs6eLeIHKP8P5sSGa-xFrw7FfejscXO7kDghWa7wKLjGczKOwE\",\"https:\\\/\\\/www.tiktok.com\\\/@azturismo\"]},{\"@type\":\"Person\",\"@id\":\"https:\\\/\\\/azturismo.net\\\/#\\\/schema\\\/person\\\/4b56d87f51c4d1b518c650739ad3bbc1\",\"name\":\"Azturismo\",\"image\":{\"@type\":\"ImageObject\",\"inLanguage\":\"es\",\"@id\":\"https:\\\/\\\/azturismo.net\\\/wp-content\\\/litespeed\\\/avatar\\\/dfe28a31cdd68b788da48a316e50db10.jpg?ver=1777707566\",\"url\":\"https:\\\/\\\/azturismo.net\\\/wp-content\\\/litespeed\\\/avatar\\\/dfe28a31cdd68b788da48a316e50db10.jpg?ver=1777707566\",\"contentUrl\":\"https:\\\/\\\/azturismo.net\\\/wp-content\\\/litespeed\\\/avatar\\\/dfe28a31cdd68b788da48a316e50db10.jpg?ver=1777707566\",\"caption\":\"Azturismo\"},\"sameAs\":[\"https:\\\/\\\/azturismo.net\"],\"url\":\"https:\\\/\\\/azturismo.net\\\/?author=1\"}]}<\/script>\n<!-- \/ Yoast SEO plugin. -->","yoast_head_json":{"title":"Arranca Colibr\u00ed de Plata para adultos mayores de la CDMX - Azturismo Noticias","robots":{"index":"index","follow":"follow","max-snippet":"max-snippet:-1","max-image-preview":"max-image-preview:large","max-video-preview":"max-video-preview:-1"},"canonical":"https:\/\/azturismo.net\/?p=5115","og_locale":"es_MX","og_type":"article","og_title":"Arranca Colibr\u00ed de Plata para adultos mayores de la CDMX - Azturismo Noticias","og_description":"Por Staff AzTurismo La Secretar\u00eda de Turismo de la Ciudad de M\u00e9xico puso en marcha este d\u00eda el programa Colibr\u00ed Viajero en su modalidad Colibr\u00ed de Plata, dise\u00f1ado para que adultos mayores disfruten de recorridos gratuitos por atractivos tur\u00edsticos de seis estados cercanos a la capital. La secretaria de Turismo, Alejandra Frausto Guerrero, dio el [&hellip;]","og_url":"https:\/\/azturismo.net\/?p=5115","og_site_name":"Azturismo Noticias","article_publisher":"https:\/\/www.facebook.com\/AzturismoNoticias","article_published_time":"2025-08-27T02:29:44+00:00","article_modified_time":"2025-08-27T02:29:47+00:00","og_image":[{"width":1599,"height":1066,"url":"https:\/\/azturismo.net\/wp-content\/uploads\/2025\/08\/cdmx-colibri.jpeg","type":"image\/jpeg"}],"author":"Azturismo","twitter_card":"summary_large_image","twitter_creator":"@AzTurismo","twitter_site":"@AzTurismo","twitter_misc":{"Escrito por":"Azturismo","Tiempo de lectura":"3 minutos"},"schema":{"@context":"https:\/\/schema.org","@graph":[{"@type":"Article","@id":"https:\/\/azturismo.net\/?p=5115#article","isPartOf":{"@id":"https:\/\/azturismo.net\/?p=5115"},"author":{"name":"Azturismo","@id":"https:\/\/azturismo.net\/#\/schema\/person\/4b56d87f51c4d1b518c650739ad3bbc1"},"headline":"Arranca Colibr\u00ed de Plata para adultos mayores de la CDMX","datePublished":"2025-08-27T02:29:44+00:00","dateModified":"2025-08-27T02:29:47+00:00","mainEntityOfPage":{"@id":"https:\/\/azturismo.net\/?p=5115"},"wordCount":517,"commentCount":0,"publisher":{"@id":"https:\/\/azturismo.net\/#organization"},"image":{"@id":"https:\/\/azturismo.net\/?p=5115#primaryimage"},"thumbnailUrl":"https:\/\/i0.wp.com\/azturismo.net\/wp-content\/uploads\/2025\/08\/cdmx-colibri.jpeg?fit=1599%2C1066&ssl=1","keywords":["adultos mayores","Alejandra Frausto Guerrero","azturismo","Colibr\u00ed Viajero","destinos tur\u00edsticos cerca de CDMX","Turismo","turismo en M\u00e9xico","Turismo incluyente","turismo social","Viajes","viajes gratuitos"],"articleSection":["Destacadas","NOTITUR"],"inLanguage":"es","potentialAction":[{"@type":"CommentAction","name":"Comment","target":["https:\/\/azturismo.net\/?p=5115#respond"]}]},{"@type":"WebPage","@id":"https:\/\/azturismo.net\/?p=5115","url":"https:\/\/azturismo.net\/?p=5115","name":"Arranca Colibr\u00ed de Plata para adultos mayores de la CDMX - Azturismo Noticias","isPartOf":{"@id":"https:\/\/azturismo.net\/#website"},"primaryImageOfPage":{"@id":"https:\/\/azturismo.net\/?p=5115#primaryimage"},"image":{"@id":"https:\/\/azturismo.net\/?p=5115#primaryimage"},"thumbnailUrl":"https:\/\/i0.wp.com\/azturismo.net\/wp-content\/uploads\/2025\/08\/cdmx-colibri.jpeg?fit=1599%2C1066&ssl=1","datePublished":"2025-08-27T02:29:44+00:00","dateModified":"2025-08-27T02:29:47+00:00","breadcrumb":{"@id":"https:\/\/azturismo.net\/?p=5115#breadcrumb"},"inLanguage":"es","potentialAction":[{"@type":"ReadAction","target":["https:\/\/azturismo.net\/?p=5115"]}]},{"@type":"ImageObject","inLanguage":"es","@id":"https:\/\/azturismo.net\/?p=5115#primaryimage","url":"https:\/\/i0.wp.com\/azturismo.net\/wp-content\/uploads\/2025\/08\/cdmx-colibri.jpeg?fit=1599%2C1066&ssl=1","contentUrl":"https:\/\/i0.wp.com\/azturismo.net\/wp-content\/uploads\/2025\/08\/cdmx-colibri.jpeg?fit=1599%2C1066&ssl=1","width":1599,"height":1066},{"@type":"BreadcrumbList","@id":"https:\/\/azturismo.net\/?p=5115#breadcrumb","itemListElement":[{"@type":"ListItem","position":1,"name":"Home","item":"https:\/\/azturismo.net\/"},{"@type":"ListItem","position":2,"name":"Arranca Colibr\u00ed de Plata para adultos mayores de la CDMX"}]},{"@type":"WebSite","@id":"https:\/\/azturismo.net\/#website","url":"https:\/\/azturismo.net\/","name":"Azturismo","description":"Azturismo Noticias","publisher":{"@id":"https:\/\/azturismo.net\/#organization"},"potentialAction":[{"@type":"SearchAction","target":{"@type":"EntryPoint","urlTemplate":"https:\/\/azturismo.net\/?s={search_term_string}"},"query-input":{"@type":"PropertyValueSpecification","valueRequired":true,"valueName":"search_term_string"}}],"inLanguage":"es"},{"@type":"Organization","@id":"https:\/\/azturismo.net\/#organization","name":"Azturismo","url":"https:\/\/azturismo.net\/","logo":{"@type":"ImageObject","inLanguage":"es","@id":"https:\/\/azturismo.net\/#\/schema\/logo\/image\/","url":"https:\/\/i0.wp.com\/azturismo.net\/wp-content\/uploads\/2024\/03\/logo-el-bueno-.png?fit=294%2C69&ssl=1","contentUrl":"https:\/\/i0.wp.com\/azturismo.net\/wp-content\/uploads\/2024\/03\/logo-el-bueno-.png?fit=294%2C69&ssl=1","width":294,"height":69,"caption":"Azturismo"},"image":{"@id":"https:\/\/azturismo.net\/#\/schema\/logo\/image\/"},"sameAs":["https:\/\/www.facebook.com\/AzturismoNoticias","https:\/\/x.com\/AzTurismo","https:\/\/www.instagram.com\/azturismo_noticias\/?fbclid=IwAR2xMiuoHbs6eLeIHKP8P5sSGa-xFrw7FfejscXO7kDghWa7wKLjGczKOwE","https:\/\/www.tiktok.com\/@azturismo"]},{"@type":"Person","@id":"https:\/\/azturismo.net\/#\/schema\/person\/4b56d87f51c4d1b518c650739ad3bbc1","name":"Azturismo","image":{"@type":"ImageObject","inLanguage":"es","@id":"https:\/\/azturismo.net\/wp-content\/litespeed\/avatar\/dfe28a31cdd68b788da48a316e50db10.jpg?ver=1777707566","url":"https:\/\/azturismo.net\/wp-content\/litespeed\/avatar\/dfe28a31cdd68b788da48a316e50db10.jpg?ver=1777707566","contentUrl":"https:\/\/azturismo.net\/wp-content\/litespeed\/avatar\/dfe28a31cdd68b788da48a316e50db10.jpg?ver=1777707566","caption":"Azturismo"},"sameAs":["https:\/\/azturismo.net"],"url":"https:\/\/azturismo.net\/?author=1"}]}},"jetpack_publicize_connections":[],"jetpack_featured_media_url":"https:\/\/i0.wp.com\/azturismo.net\/wp-content\/uploads\/2025\/08\/cdmx-colibri.jpeg?fit=1599%2C1066&ssl=1","jetpack_sharing_enabled":true,"jetpack-related-posts":[{"id":6270,"url":"https:\/\/azturismo.net\/?p=6270","url_meta":{"origin":5115,"position":0},"title":"Avanza turismo de la CDMX: Alejandra Frausto","author":"Azturismo","date":"noviembre 4, 2025","format":false,"excerpt":"Durante su comparecencia ante el Congreso de la Ciudad de M\u00e9xico, la Secretaria de Turismo, Alejandra Frausto Guerrero, destac\u00f3 que el turismo capitalino \u201cno son solo cifras, sino una historia viva de derechos, inclusi\u00f3n y orgullo\u201d. La funcionaria resalt\u00f3 los avances del programa Colibr\u00ed Viajero, que este a\u00f1o benefici\u00f3 a\u2026","rel":"","context":"En &quot;Destacadas&quot;","block_context":{"text":"Destacadas","link":"https:\/\/azturismo.net\/?cat=30"},"img":{"alt_text":"","src":"https:\/\/i0.wp.com\/azturismo.net\/wp-content\/uploads\/2025\/11\/IMG-20251103-WA0110.jpg?fit=640%2C410&ssl=1&resize=350%2C200","width":350,"height":200,"srcset":"https:\/\/i0.wp.com\/azturismo.net\/wp-content\/uploads\/2025\/11\/IMG-20251103-WA0110.jpg?fit=640%2C410&ssl=1&resize=350%2C200 1x, https:\/\/i0.wp.com\/azturismo.net\/wp-content\/uploads\/2025\/11\/IMG-20251103-WA0110.jpg?fit=640%2C410&ssl=1&resize=525%2C300 1.5x"},"classes":[]},{"id":4269,"url":"https:\/\/azturismo.net\/?p=4269","url_meta":{"origin":5115,"position":1},"title":"CDMX y Tec de Monterrey firman alianza para impulsar el turismo rumbo al Mundial 2026","author":"Azturismo","date":"junio 28, 2025","format":false,"excerpt":"Por. Staff AzTurismo Con el objetivo de fortalecer la promoci\u00f3n tur\u00edstica de la capital mexicana de cara a la Copa Mundial de la FIFA 2026\u2122, la Secretar\u00eda de Turismo de la Ciudad de M\u00e9xico firm\u00f3 un Convenio Marco de Colaboraci\u00f3n con el Tecnol\u00f3gico de Monterrey, campus Ciudad de M\u00e9xico. La\u2026","rel":"","context":"En &quot;NOTITUR&quot;","block_context":{"text":"NOTITUR","link":"https:\/\/azturismo.net\/?cat=25"},"img":{"alt_text":"","src":"https:\/\/i0.wp.com\/azturismo.net\/wp-content\/uploads\/2025\/06\/PSX_20250627_224914.jpg?fit=600%2C450&ssl=1&resize=350%2C200","width":350,"height":200,"srcset":"https:\/\/i0.wp.com\/azturismo.net\/wp-content\/uploads\/2025\/06\/PSX_20250627_224914.jpg?fit=600%2C450&ssl=1&resize=350%2C200 1x, https:\/\/i0.wp.com\/azturismo.net\/wp-content\/uploads\/2025\/06\/PSX_20250627_224914.jpg?fit=600%2C450&ssl=1&resize=525%2C300 1.5x"},"classes":[]},{"id":4189,"url":"https:\/\/azturismo.net\/?p=4189","url_meta":{"origin":5115,"position":2},"title":"CDMX y Cali firman convenio tur\u00edstico rumbo Mundial 2026","author":"Azturismo","date":"junio 17, 2025","format":false,"excerpt":"Por Oscar V\u00e1zquez C La secretaria de Turismo de CDMX, Alejandra Frausto, anunci\u00f3 que todas las aficiones ser\u00e1n bienvenidas sin discriminaci\u00f3n durante el Campeonato Mundial de Futbol del pr\u00f3ximo a\u00f1o La Ciudad de M\u00e9xico y Cali, Colombia, sellaron este martes un convenio de colaboraci\u00f3n tur\u00edstica que incluye el lanzamiento de\u2026","rel":"","context":"En &quot;Destacadas&quot;","block_context":{"text":"Destacadas","link":"https:\/\/azturismo.net\/?cat=30"},"img":{"alt_text":"","src":"https:\/\/i0.wp.com\/azturismo.net\/wp-content\/uploads\/2025\/06\/PSX_20250617_201217-1.jpg?fit=600%2C400&ssl=1&resize=350%2C200","width":350,"height":200,"srcset":"https:\/\/i0.wp.com\/azturismo.net\/wp-content\/uploads\/2025\/06\/PSX_20250617_201217-1.jpg?fit=600%2C400&ssl=1&resize=350%2C200 1x, https:\/\/i0.wp.com\/azturismo.net\/wp-content\/uploads\/2025\/06\/PSX_20250617_201217-1.jpg?fit=600%2C400&ssl=1&resize=525%2C300 1.5x"},"classes":[]},{"id":4265,"url":"https:\/\/azturismo.net\/?p=4265","url_meta":{"origin":5115,"position":3},"title":"El cielo de la CDMX se ilumina con el Arco Iris Globalizador","author":"Azturismo","date":"junio 28, 2025","format":false,"excerpt":"Por Oscar V\u00e1zquez C. Como parte de los festejos del Mes del Orgullo, la Ciudad de M\u00e9xico inaugur\u00f3 el \u201cArco Iris Globalizador\u201d, una instalaci\u00f3n lum\u00ednica de siete colores que conecta simb\u00f3licamente el Monumento a la Revoluci\u00f3n con el Z\u00f3calo capitalino, iluminando los cielos de la capital en apoyo a la\u2026","rel":"","context":"En &quot;Destacadas&quot;","block_context":{"text":"Destacadas","link":"https:\/\/azturismo.net\/?cat=30"},"img":{"alt_text":"","src":"https:\/\/i0.wp.com\/azturismo.net\/wp-content\/uploads\/2025\/06\/PSX_20250627_221348.jpg?fit=600%2C338&ssl=1&resize=350%2C200","width":350,"height":200,"srcset":"https:\/\/i0.wp.com\/azturismo.net\/wp-content\/uploads\/2025\/06\/PSX_20250627_221348.jpg?fit=600%2C338&ssl=1&resize=350%2C200 1x, https:\/\/i0.wp.com\/azturismo.net\/wp-content\/uploads\/2025\/06\/PSX_20250627_221348.jpg?fit=600%2C338&ssl=1&resize=525%2C300 1.5x"},"classes":[]},{"id":4225,"url":"https:\/\/azturismo.net\/?p=4225","url_meta":{"origin":5115,"position":4},"title":"CDMX impulsa el liderazgo femenino en turismo con la reuni\u00f3n global RIMEL","author":"Azturismo","date":"junio 20, 2025","format":false,"excerpt":"Por Oscar V\u00e1zquez C. En un acto que refuerza el papel de la mujer en el sector tur\u00edstico, la Secretar\u00eda de Turismo de la Ciudad de M\u00e9xico inaugur\u00f3 la Segunda Reuni\u00f3n Global de la Red Internacional de Mujeres Empresarias L\u00edderes (RIMEL), un encuentro que reuni\u00f3 a destacadas dirigentes de distintas\u2026","rel":"","context":"En &quot;Destacadas&quot;","block_context":{"text":"Destacadas","link":"https:\/\/azturismo.net\/?cat=30"},"img":{"alt_text":"","src":"https:\/\/i0.wp.com\/azturismo.net\/wp-content\/uploads\/2025\/06\/PSX_20250619_222836.jpg?fit=600%2C400&ssl=1&resize=350%2C200","width":350,"height":200,"srcset":"https:\/\/i0.wp.com\/azturismo.net\/wp-content\/uploads\/2025\/06\/PSX_20250619_222836.jpg?fit=600%2C400&ssl=1&resize=350%2C200 1x, https:\/\/i0.wp.com\/azturismo.net\/wp-content\/uploads\/2025\/06\/PSX_20250619_222836.jpg?fit=600%2C400&ssl=1&resize=525%2C300 1.5x"},"classes":[]},{"id":5238,"url":"https:\/\/azturismo.net\/?p=5238","url_meta":{"origin":5115,"position":5},"title":"Refuerza Sectur CDMX la identidad cultural   en AICM","author":"Azturismo","date":"septiembre 2, 2025","format":false,"excerpt":"Por Staff AzTurismo El Aeropuerto Internacional de la Ciudad de M\u00e9xico (AICM) y la Secretar\u00eda de Turismo de la Ciudad de M\u00e9xico (Sectur CDMX) firmaron un convenio de colaboraci\u00f3n que tiene como objetivo fortalecer la proyecci\u00f3n tur\u00edstica y cultural de la capital del pa\u00eds. Como primer resultado, este martes se\u2026","rel":"","context":"En &quot;Destacadas&quot;","block_context":{"text":"Destacadas","link":"https:\/\/azturismo.net\/?cat=30"},"img":{"alt_text":"","src":"https:\/\/i0.wp.com\/azturismo.net\/wp-content\/uploads\/2025\/09\/IMG-20250902-WA011211.jpg?fit=1200%2C847&ssl=1&resize=350%2C200","width":350,"height":200,"srcset":"https:\/\/i0.wp.com\/azturismo.net\/wp-content\/uploads\/2025\/09\/IMG-20250902-WA011211.jpg?fit=1200%2C847&ssl=1&resize=350%2C200 1x, https:\/\/i0.wp.com\/azturismo.net\/wp-content\/uploads\/2025\/09\/IMG-20250902-WA011211.jpg?fit=1200%2C847&ssl=1&resize=525%2C300 1.5x, https:\/\/i0.wp.com\/azturismo.net\/wp-content\/uploads\/2025\/09\/IMG-20250902-WA011211.jpg?fit=1200%2C847&ssl=1&resize=700%2C400 2x, https:\/\/i0.wp.com\/azturismo.net\/wp-content\/uploads\/2025\/09\/IMG-20250902-WA011211.jpg?fit=1200%2C847&ssl=1&resize=1050%2C600 3x"},"classes":[]}],"jetpack_shortlink":"https:\/\/wp.me\/pfqZGx-1kv","amp_enabled":true,"_links":{"self":[{"href":"https:\/\/azturismo.net\/index.php?rest_route=\/wp\/v2\/posts\/5115","targetHints":{"allow":["GET"]}}],"collection":[{"href":"https:\/\/azturismo.net\/index.php?rest_route=\/wp\/v2\/posts"}],"about":[{"href":"https:\/\/azturismo.net\/index.php?rest_route=\/wp\/v2\/types\/post"}],"author":[{"embeddable":true,"href":"https:\/\/azturismo.net\/index.php?rest_route=\/wp\/v2\/users\/1"}],"replies":[{"embeddable":true,"href":"https:\/\/azturismo.net\/index.php?rest_route=%2Fwp%2Fv2%2Fcomments&post=5115"}],"version-history":[{"count":1,"href":"https:\/\/azturismo.net\/index.php?rest_route=\/wp\/v2\/posts\/5115\/revisions"}],"predecessor-version":[{"id":5117,"href":"https:\/\/azturismo.net\/index.php?rest_route=\/wp\/v2\/posts\/5115\/revisions\/5117"}],"wp:featuredmedia":[{"embeddable":true,"href":"https:\/\/azturismo.net\/index.php?rest_route=\/wp\/v2\/media\/5116"}],"wp:attachment":[{"href":"https:\/\/azturismo.net\/index.php?rest_route=%2Fwp%2Fv2%2Fmedia&parent=5115"}],"wp:term":[{"taxonomy":"category","embeddable":true,"href":"https:\/\/azturismo.net\/index.php?rest_route=%2Fwp%2Fv2%2Fcategories&post=5115"},{"taxonomy":"post_tag","embeddable":true,"href":"https:\/\/azturismo.net\/index.php?rest_route=%2Fwp%2Fv2%2Ftags&post=5115"}],"curies":[{"name":"wp","href":"https:\/\/api.w.org\/{rel}","templated":true}]}}