{"id":5034,"date":"2025-08-24T10:00:00","date_gmt":"2025-08-24T16:00:00","guid":{"rendered":"https:\/\/azturismo.net\/?p=5034"},"modified":"2025-08-26T19:27:36","modified_gmt":"2025-08-27T01:27:36","slug":"3-claves-para-devolverle-la-vitalidad-a-tu-rostro","status":"publish","type":"post","link":"https:\/\/azturismo.net\/?p=5034","title":{"rendered":"3 claves para devolverle la vitalidad a tu rostro"},"content":{"rendered":"\n<p>Por Claudia Carrera <\/p>\n\n\n\n<p><strong>Cada 25 de agosto se celebra el D\u00eda Mundial del Cuidado de la Piel<\/strong>, una fecha que busca concientizar sobre la importancia de proteger y consentir el \u00f3rgano m\u00e1s grande de nuestro cuerpo. M\u00e1s all\u00e1 de lo est\u00e9tico, el cuidado de la piel refleja salud, bienestar y autoestima, convirti\u00e9ndose en un verdadero estilo de vida.<\/p>\n\n\n\n<p>Con el paso del tiempo, la piel pierde col\u00e1geno, la prote\u00edna responsable de mantenerla firme, suave y el\u00e1stica. De hecho, los dermat\u00f3logos advierten que despu\u00e9s de los 25 a\u00f1os la producci\u00f3n de col\u00e1geno disminuye un 1% cada a\u00f1o, lo que provoca arrugas finas, p\u00e9rdida de luminosidad y flacidez.<\/p>\n\n\n\n<p>Por eso, en este D\u00eda Mundial del Cuidado de la Piel te compartimos <strong>3 tips esenciales para mantener tu rostro joven y radiante.<\/strong><\/p>\n\n\n\n<h2 class=\"wp-block-heading\">1. Hidrata a profundidad<\/h2>\n\n\n\n<p>La hidrataci\u00f3n es la base de una piel sana. Adem\u00e1s de beber suficiente agua durante el d\u00eda, tu piel necesita un refuerzo externo con cremas o s\u00e9rums que act\u00faen en capas profundas. Los productos con \u00e1cido hialur\u00f3nico, ceramidas o glicerina son ideales para mejorar la elasticidad y mantener la barrera cut\u00e1nea en equilibrio.<\/p>\n\n\n\n<p>\ud83d\udca1 <strong>Tip extra:<\/strong> Aplica la crema con suaves masajes circulares para estimular la circulaci\u00f3n y mejorar la absorci\u00f3n de los activos.<\/p>\n\n\n\n<h2 class=\"wp-block-heading\">2. Activa tu col\u00e1geno con innovaci\u00f3n cosm\u00e9tica<\/h2>\n\n\n\n<p>En los \u00faltimos a\u00f1os, la ciencia ha puesto al col\u00e1geno en el centro de la conversaci\u00f3n del cuidado de la piel. Una de las innovaciones m\u00e1s destacadas es la <strong>tecnolog\u00eda Protinol\u2122 de Avon<\/strong>, desarrollada en colaboraci\u00f3n con dermat\u00f3logos y reconocida con el <strong>premio Edison a la innovaci\u00f3n<\/strong>.<\/p>\n\n\n\n<p>Seg\u00fan estudios cl\u00ednicos, este activo ayuda a <strong>restaurar hasta siete a\u00f1os de p\u00e9rdida de col\u00e1geno en solo siete d\u00edas<\/strong>, gracias a su capacidad de activar el <strong>col\u00e1geno dual<\/strong> (tipo I y III), responsables de la firmeza y suavidad de la piel.<\/p>\n\n\n\n<p>Quienes han probado esta innovaci\u00f3n destacan una piel m\u00e1s firme, fresca y con mayor vitalidad. Los expertos recomiendan integrarla a la rutina diaria, ya que act\u00faa desde la estructura de la piel, ofreciendo resultados visibles y duraderos.<\/p>\n\n\n\n<h2 class=\"wp-block-heading\">3. Dale poder a tu rutina diaria<\/h2>\n\n\n\n<p>La constancia marca la diferencia. Una rutina de tres pasos b\u00e1sicos \u2014<strong>s\u00e9rum, crema facial y contorno de ojos<\/strong>\u2014 es suficiente para transformar tu piel.<\/p>\n\n\n\n<ul class=\"wp-block-list\">\n<li>El <strong>s\u00e9rum<\/strong> concentra los activos y potencia los resultados.<\/li>\n\n\n\n<li>La <strong>crema facial<\/strong> sella la hidrataci\u00f3n y refuerza la elasticidad.<\/li>\n\n\n\n<li>El <strong>contorno de ojos<\/strong> refresca la mirada y previene l\u00edneas de expresi\u00f3n.<\/li>\n<\/ul>\n\n\n\n<p>Este combo sencillo, aplicado dos veces al d\u00eda, puede mejorar notablemente la firmeza, luminosidad e hidrataci\u00f3n de tu piel.<\/p>\n\n\n\n<h2 class=\"wp-block-heading\">Un acto de amor propio<\/h2>\n\n\n\n<p>El <strong>D\u00eda Mundial del Cuidado de la Piel<\/strong> es la ocasi\u00f3n perfecta para reflexionar sobre c\u00f3mo cuidamos de nosotros mismos. La ciencia demuestra que nunca es tarde para empezar: con ingredientes innovadores y disciplina diaria, la piel puede recuperar vitalidad en cuesti\u00f3n de d\u00edas.<\/p>\n\n\n\n<p>Porque cuidar tu piel no es un lujo, es un acto de amor propio que se refleja en cada aspecto de tu vida.<\/p>\n\n\n\n<h3 class=\"wp-block-heading\">\u00a1S\u00edguenos!<\/h3>\n\n\n\n<p><a href=\"https:\/\/www.facebook.com\/AzturismoNoticias\">https:\/\/www.facebook.com\/AzturismoNoticias<\/a><\/p>\n\n\n\n<p><strong><a href=\"mailto:tiktok.com\/@azturismo\">tiktok.com\/@azturismo<\/a><\/strong><\/p>\n\n\n\n<p><strong><a href=\"https:\/\/www.instagram.com\/azturismo_noticias\">www.instagram.com\/azturismo_noticias<\/a><\/strong><\/p>\n\n\n\n<p><a href=\"https:\/\/x.com\/AzTurismo\">https:\/\/x.com\/AzTurism<\/a><\/p>\n\n\n\n<p><\/p>\n","protected":false},"excerpt":{"rendered":"<p>Por Claudia Carrera Cada 25 de agosto se celebra el D\u00eda Mundial del Cuidado de la Piel, una fecha que busca concientizar sobre la importancia de proteger y consentir el \u00f3rgano m\u00e1s grande de nuestro cuerpo. M\u00e1s all\u00e1 de lo est\u00e9tico, el cuidado de la piel refleja salud, bienestar y autoestima, convirti\u00e9ndose en un verdadero [&hellip;]<\/p>\n","protected":false},"author":1,"featured_media":5035,"comment_status":"open","ping_status":"open","sticky":false,"template":"","format":"standard","meta":{"jetpack_post_was_ever_published":false,"_jetpack_newsletter_access":"","_jetpack_dont_email_post_to_subs":false,"_jetpack_newsletter_tier_id":0,"_jetpack_memberships_contains_paywalled_content":false,"_jetpack_memberships_contains_paid_content":false,"footnotes":"","jetpack_publicize_message":"","jetpack_publicize_feature_enabled":true,"jetpack_social_post_already_shared":true,"jetpack_social_options":{"image_generator_settings":{"template":"highway","default_image_id":0,"font":"","enabled":false},"version":2}},"categories":[30,28],"tags":[],"class_list":{"0":"post-5034","1":"post","2":"type-post","3":"status-publish","4":"format-standard","5":"has-post-thumbnail","7":"category-e","8":"category-tendencias"},"yoast_head":"<!-- This site is optimized with the Yoast SEO plugin v27.5 - https:\/\/yoast.com\/product\/yoast-seo-wordpress\/ -->\n<title>3 claves para devolverle la vitalidad a tu rostro - Azturismo Noticias<\/title>\n<meta name=\"description\" content=\"Carrera Cada 25 de agosto se celebra el D\u00eda Mundial del Cuidado de la Piel, una fecha que busca concientizar sobre la importancia de proteger y consentir el \u00f3rgano m\u00e1s grande de nuestro cuerpo. M\u00e1s all\u00e1 de lo est\u00e9tico, el cuidado de la piel refleja salud, bienestar y autoestima, convirti\u00e9ndose en un verdadero estilo de vida.\" \/>\n<meta name=\"robots\" content=\"index, follow, max-snippet:-1, max-image-preview:large, max-video-preview:-1\" \/>\n<link rel=\"canonical\" href=\"https:\/\/azturismo.net\/?p=5034\" \/>\n<meta property=\"og:locale\" content=\"es_MX\" \/>\n<meta property=\"og:type\" content=\"article\" \/>\n<meta property=\"og:title\" content=\"3 claves para devolverle la vitalidad a tu rostro - Azturismo Noticias\" \/>\n<meta property=\"og:description\" content=\"Carrera Cada 25 de agosto se celebra el D\u00eda Mundial del Cuidado de la Piel, una fecha que busca concientizar sobre la importancia de proteger y consentir el \u00f3rgano m\u00e1s grande de nuestro cuerpo. M\u00e1s all\u00e1 de lo est\u00e9tico, el cuidado de la piel refleja salud, bienestar y autoestima, convirti\u00e9ndose en un verdadero estilo de vida.\" \/>\n<meta property=\"og:url\" content=\"https:\/\/azturismo.net\/?p=5034\" \/>\n<meta property=\"og:site_name\" content=\"Azturismo Noticias\" \/>\n<meta property=\"article:publisher\" content=\"https:\/\/www.facebook.com\/AzturismoNoticias\" \/>\n<meta property=\"article:published_time\" content=\"2025-08-24T16:00:00+00:00\" \/>\n<meta property=\"article:modified_time\" content=\"2025-08-27T01:27:36+00:00\" \/>\n<meta property=\"og:image\" content=\"https:\/\/azturismo.net\/wp-content\/uploads\/2025\/08\/PSX_20250822_214317.jpg\" \/>\n\t<meta property=\"og:image:width\" content=\"592\" \/>\n\t<meta property=\"og:image:height\" content=\"349\" \/>\n\t<meta property=\"og:image:type\" content=\"image\/jpeg\" \/>\n<meta name=\"author\" content=\"Azturismo\" \/>\n<meta name=\"twitter:card\" content=\"summary_large_image\" \/>\n<meta name=\"twitter:creator\" content=\"@AzTurismo\" \/>\n<meta name=\"twitter:site\" content=\"@AzTurismo\" \/>\n<meta name=\"twitter:label1\" content=\"Escrito por\" \/>\n\t<meta name=\"twitter:data1\" content=\"Azturismo\" \/>\n\t<meta name=\"twitter:label2\" content=\"Tiempo de lectura\" \/>\n\t<meta name=\"twitter:data2\" content=\"3 minutos\" \/>\n<script type=\"application\/ld+json\" class=\"yoast-schema-graph\">{\"@context\":\"https:\\\/\\\/schema.org\",\"@graph\":[{\"@type\":\"Article\",\"@id\":\"https:\\\/\\\/azturismo.net\\\/?p=5034#article\",\"isPartOf\":{\"@id\":\"https:\\\/\\\/azturismo.net\\\/?p=5034\"},\"author\":{\"name\":\"Azturismo\",\"@id\":\"https:\\\/\\\/azturismo.net\\\/#\\\/schema\\\/person\\\/4b56d87f51c4d1b518c650739ad3bbc1\"},\"headline\":\"3 claves para devolverle la vitalidad a tu rostro\",\"datePublished\":\"2025-08-24T16:00:00+00:00\",\"dateModified\":\"2025-08-27T01:27:36+00:00\",\"mainEntityOfPage\":{\"@id\":\"https:\\\/\\\/azturismo.net\\\/?p=5034\"},\"wordCount\":570,\"commentCount\":0,\"publisher\":{\"@id\":\"https:\\\/\\\/azturismo.net\\\/#organization\"},\"image\":{\"@id\":\"https:\\\/\\\/azturismo.net\\\/?p=5034#primaryimage\"},\"thumbnailUrl\":\"https:\\\/\\\/i0.wp.com\\\/azturismo.net\\\/wp-content\\\/uploads\\\/2025\\\/08\\\/PSX_20250822_214317.jpg?fit=592%2C349&ssl=1\",\"articleSection\":[\"Destacadas\",\"TENDENCIAS\"],\"inLanguage\":\"es\",\"potentialAction\":[{\"@type\":\"CommentAction\",\"name\":\"Comment\",\"target\":[\"https:\\\/\\\/azturismo.net\\\/?p=5034#respond\"]}]},{\"@type\":\"WebPage\",\"@id\":\"https:\\\/\\\/azturismo.net\\\/?p=5034\",\"url\":\"https:\\\/\\\/azturismo.net\\\/?p=5034\",\"name\":\"3 claves para devolverle la vitalidad a tu rostro - Azturismo Noticias\",\"isPartOf\":{\"@id\":\"https:\\\/\\\/azturismo.net\\\/#website\"},\"primaryImageOfPage\":{\"@id\":\"https:\\\/\\\/azturismo.net\\\/?p=5034#primaryimage\"},\"image\":{\"@id\":\"https:\\\/\\\/azturismo.net\\\/?p=5034#primaryimage\"},\"thumbnailUrl\":\"https:\\\/\\\/i0.wp.com\\\/azturismo.net\\\/wp-content\\\/uploads\\\/2025\\\/08\\\/PSX_20250822_214317.jpg?fit=592%2C349&ssl=1\",\"datePublished\":\"2025-08-24T16:00:00+00:00\",\"dateModified\":\"2025-08-27T01:27:36+00:00\",\"description\":\"Carrera Cada 25 de agosto se celebra el D\u00eda Mundial del Cuidado de la Piel, una fecha que busca concientizar sobre la importancia de proteger y consentir el \u00f3rgano m\u00e1s grande de nuestro cuerpo. M\u00e1s all\u00e1 de lo est\u00e9tico, el cuidado de la piel refleja salud, bienestar y autoestima, convirti\u00e9ndose en un verdadero estilo de vida.\",\"breadcrumb\":{\"@id\":\"https:\\\/\\\/azturismo.net\\\/?p=5034#breadcrumb\"},\"inLanguage\":\"es\",\"potentialAction\":[{\"@type\":\"ReadAction\",\"target\":[\"https:\\\/\\\/azturismo.net\\\/?p=5034\"]}]},{\"@type\":\"ImageObject\",\"inLanguage\":\"es\",\"@id\":\"https:\\\/\\\/azturismo.net\\\/?p=5034#primaryimage\",\"url\":\"https:\\\/\\\/i0.wp.com\\\/azturismo.net\\\/wp-content\\\/uploads\\\/2025\\\/08\\\/PSX_20250822_214317.jpg?fit=592%2C349&ssl=1\",\"contentUrl\":\"https:\\\/\\\/i0.wp.com\\\/azturismo.net\\\/wp-content\\\/uploads\\\/2025\\\/08\\\/PSX_20250822_214317.jpg?fit=592%2C349&ssl=1\",\"width\":592,\"height\":349},{\"@type\":\"BreadcrumbList\",\"@id\":\"https:\\\/\\\/azturismo.net\\\/?p=5034#breadcrumb\",\"itemListElement\":[{\"@type\":\"ListItem\",\"position\":1,\"name\":\"Home\",\"item\":\"https:\\\/\\\/azturismo.net\\\/\"},{\"@type\":\"ListItem\",\"position\":2,\"name\":\"3 claves para devolverle la vitalidad a tu rostro\"}]},{\"@type\":\"WebSite\",\"@id\":\"https:\\\/\\\/azturismo.net\\\/#website\",\"url\":\"https:\\\/\\\/azturismo.net\\\/\",\"name\":\"Azturismo\",\"description\":\"Azturismo Noticias\",\"publisher\":{\"@id\":\"https:\\\/\\\/azturismo.net\\\/#organization\"},\"potentialAction\":[{\"@type\":\"SearchAction\",\"target\":{\"@type\":\"EntryPoint\",\"urlTemplate\":\"https:\\\/\\\/azturismo.net\\\/?s={search_term_string}\"},\"query-input\":{\"@type\":\"PropertyValueSpecification\",\"valueRequired\":true,\"valueName\":\"search_term_string\"}}],\"inLanguage\":\"es\"},{\"@type\":\"Organization\",\"@id\":\"https:\\\/\\\/azturismo.net\\\/#organization\",\"name\":\"Azturismo\",\"url\":\"https:\\\/\\\/azturismo.net\\\/\",\"logo\":{\"@type\":\"ImageObject\",\"inLanguage\":\"es\",\"@id\":\"https:\\\/\\\/azturismo.net\\\/#\\\/schema\\\/logo\\\/image\\\/\",\"url\":\"https:\\\/\\\/i0.wp.com\\\/azturismo.net\\\/wp-content\\\/uploads\\\/2024\\\/03\\\/logo-el-bueno-.png?fit=294%2C69&ssl=1\",\"contentUrl\":\"https:\\\/\\\/i0.wp.com\\\/azturismo.net\\\/wp-content\\\/uploads\\\/2024\\\/03\\\/logo-el-bueno-.png?fit=294%2C69&ssl=1\",\"width\":294,\"height\":69,\"caption\":\"Azturismo\"},\"image\":{\"@id\":\"https:\\\/\\\/azturismo.net\\\/#\\\/schema\\\/logo\\\/image\\\/\"},\"sameAs\":[\"https:\\\/\\\/www.facebook.com\\\/AzturismoNoticias\",\"https:\\\/\\\/x.com\\\/AzTurismo\",\"https:\\\/\\\/www.instagram.com\\\/azturismo_noticias\\\/?fbclid=IwAR2xMiuoHbs6eLeIHKP8P5sSGa-xFrw7FfejscXO7kDghWa7wKLjGczKOwE\",\"https:\\\/\\\/www.tiktok.com\\\/@azturismo\"]},{\"@type\":\"Person\",\"@id\":\"https:\\\/\\\/azturismo.net\\\/#\\\/schema\\\/person\\\/4b56d87f51c4d1b518c650739ad3bbc1\",\"name\":\"Azturismo\",\"image\":{\"@type\":\"ImageObject\",\"inLanguage\":\"es\",\"@id\":\"https:\\\/\\\/azturismo.net\\\/wp-content\\\/litespeed\\\/avatar\\\/dfe28a31cdd68b788da48a316e50db10.jpg?ver=1777707566\",\"url\":\"https:\\\/\\\/azturismo.net\\\/wp-content\\\/litespeed\\\/avatar\\\/dfe28a31cdd68b788da48a316e50db10.jpg?ver=1777707566\",\"contentUrl\":\"https:\\\/\\\/azturismo.net\\\/wp-content\\\/litespeed\\\/avatar\\\/dfe28a31cdd68b788da48a316e50db10.jpg?ver=1777707566\",\"caption\":\"Azturismo\"},\"sameAs\":[\"https:\\\/\\\/azturismo.net\"],\"url\":\"https:\\\/\\\/azturismo.net\\\/?author=1\"}]}<\/script>\n<!-- \/ Yoast SEO plugin. -->","yoast_head_json":{"title":"3 claves para devolverle la vitalidad a tu rostro - Azturismo Noticias","description":"Carrera Cada 25 de agosto se celebra el D\u00eda Mundial del Cuidado de la Piel, una fecha que busca concientizar sobre la importancia de proteger y consentir el \u00f3rgano m\u00e1s grande de nuestro cuerpo. M\u00e1s all\u00e1 de lo est\u00e9tico, el cuidado de la piel refleja salud, bienestar y autoestima, convirti\u00e9ndose en un verdadero estilo de vida.","robots":{"index":"index","follow":"follow","max-snippet":"max-snippet:-1","max-image-preview":"max-image-preview:large","max-video-preview":"max-video-preview:-1"},"canonical":"https:\/\/azturismo.net\/?p=5034","og_locale":"es_MX","og_type":"article","og_title":"3 claves para devolverle la vitalidad a tu rostro - Azturismo Noticias","og_description":"Carrera Cada 25 de agosto se celebra el D\u00eda Mundial del Cuidado de la Piel, una fecha que busca concientizar sobre la importancia de proteger y consentir el \u00f3rgano m\u00e1s grande de nuestro cuerpo. M\u00e1s all\u00e1 de lo est\u00e9tico, el cuidado de la piel refleja salud, bienestar y autoestima, convirti\u00e9ndose en un verdadero estilo de vida.","og_url":"https:\/\/azturismo.net\/?p=5034","og_site_name":"Azturismo Noticias","article_publisher":"https:\/\/www.facebook.com\/AzturismoNoticias","article_published_time":"2025-08-24T16:00:00+00:00","article_modified_time":"2025-08-27T01:27:36+00:00","og_image":[{"width":592,"height":349,"url":"https:\/\/azturismo.net\/wp-content\/uploads\/2025\/08\/PSX_20250822_214317.jpg","type":"image\/jpeg"}],"author":"Azturismo","twitter_card":"summary_large_image","twitter_creator":"@AzTurismo","twitter_site":"@AzTurismo","twitter_misc":{"Escrito por":"Azturismo","Tiempo de lectura":"3 minutos"},"schema":{"@context":"https:\/\/schema.org","@graph":[{"@type":"Article","@id":"https:\/\/azturismo.net\/?p=5034#article","isPartOf":{"@id":"https:\/\/azturismo.net\/?p=5034"},"author":{"name":"Azturismo","@id":"https:\/\/azturismo.net\/#\/schema\/person\/4b56d87f51c4d1b518c650739ad3bbc1"},"headline":"3 claves para devolverle la vitalidad a tu rostro","datePublished":"2025-08-24T16:00:00+00:00","dateModified":"2025-08-27T01:27:36+00:00","mainEntityOfPage":{"@id":"https:\/\/azturismo.net\/?p=5034"},"wordCount":570,"commentCount":0,"publisher":{"@id":"https:\/\/azturismo.net\/#organization"},"image":{"@id":"https:\/\/azturismo.net\/?p=5034#primaryimage"},"thumbnailUrl":"https:\/\/i0.wp.com\/azturismo.net\/wp-content\/uploads\/2025\/08\/PSX_20250822_214317.jpg?fit=592%2C349&ssl=1","articleSection":["Destacadas","TENDENCIAS"],"inLanguage":"es","potentialAction":[{"@type":"CommentAction","name":"Comment","target":["https:\/\/azturismo.net\/?p=5034#respond"]}]},{"@type":"WebPage","@id":"https:\/\/azturismo.net\/?p=5034","url":"https:\/\/azturismo.net\/?p=5034","name":"3 claves para devolverle la vitalidad a tu rostro - Azturismo Noticias","isPartOf":{"@id":"https:\/\/azturismo.net\/#website"},"primaryImageOfPage":{"@id":"https:\/\/azturismo.net\/?p=5034#primaryimage"},"image":{"@id":"https:\/\/azturismo.net\/?p=5034#primaryimage"},"thumbnailUrl":"https:\/\/i0.wp.com\/azturismo.net\/wp-content\/uploads\/2025\/08\/PSX_20250822_214317.jpg?fit=592%2C349&ssl=1","datePublished":"2025-08-24T16:00:00+00:00","dateModified":"2025-08-27T01:27:36+00:00","description":"Carrera Cada 25 de agosto se celebra el D\u00eda Mundial del Cuidado de la Piel, una fecha que busca concientizar sobre la importancia de proteger y consentir el \u00f3rgano m\u00e1s grande de nuestro cuerpo. M\u00e1s all\u00e1 de lo est\u00e9tico, el cuidado de la piel refleja salud, bienestar y autoestima, convirti\u00e9ndose en un verdadero estilo de vida.","breadcrumb":{"@id":"https:\/\/azturismo.net\/?p=5034#breadcrumb"},"inLanguage":"es","potentialAction":[{"@type":"ReadAction","target":["https:\/\/azturismo.net\/?p=5034"]}]},{"@type":"ImageObject","inLanguage":"es","@id":"https:\/\/azturismo.net\/?p=5034#primaryimage","url":"https:\/\/i0.wp.com\/azturismo.net\/wp-content\/uploads\/2025\/08\/PSX_20250822_214317.jpg?fit=592%2C349&ssl=1","contentUrl":"https:\/\/i0.wp.com\/azturismo.net\/wp-content\/uploads\/2025\/08\/PSX_20250822_214317.jpg?fit=592%2C349&ssl=1","width":592,"height":349},{"@type":"BreadcrumbList","@id":"https:\/\/azturismo.net\/?p=5034#breadcrumb","itemListElement":[{"@type":"ListItem","position":1,"name":"Home","item":"https:\/\/azturismo.net\/"},{"@type":"ListItem","position":2,"name":"3 claves para devolverle la vitalidad a tu rostro"}]},{"@type":"WebSite","@id":"https:\/\/azturismo.net\/#website","url":"https:\/\/azturismo.net\/","name":"Azturismo","description":"Azturismo Noticias","publisher":{"@id":"https:\/\/azturismo.net\/#organization"},"potentialAction":[{"@type":"SearchAction","target":{"@type":"EntryPoint","urlTemplate":"https:\/\/azturismo.net\/?s={search_term_string}"},"query-input":{"@type":"PropertyValueSpecification","valueRequired":true,"valueName":"search_term_string"}}],"inLanguage":"es"},{"@type":"Organization","@id":"https:\/\/azturismo.net\/#organization","name":"Azturismo","url":"https:\/\/azturismo.net\/","logo":{"@type":"ImageObject","inLanguage":"es","@id":"https:\/\/azturismo.net\/#\/schema\/logo\/image\/","url":"https:\/\/i0.wp.com\/azturismo.net\/wp-content\/uploads\/2024\/03\/logo-el-bueno-.png?fit=294%2C69&ssl=1","contentUrl":"https:\/\/i0.wp.com\/azturismo.net\/wp-content\/uploads\/2024\/03\/logo-el-bueno-.png?fit=294%2C69&ssl=1","width":294,"height":69,"caption":"Azturismo"},"image":{"@id":"https:\/\/azturismo.net\/#\/schema\/logo\/image\/"},"sameAs":["https:\/\/www.facebook.com\/AzturismoNoticias","https:\/\/x.com\/AzTurismo","https:\/\/www.instagram.com\/azturismo_noticias\/?fbclid=IwAR2xMiuoHbs6eLeIHKP8P5sSGa-xFrw7FfejscXO7kDghWa7wKLjGczKOwE","https:\/\/www.tiktok.com\/@azturismo"]},{"@type":"Person","@id":"https:\/\/azturismo.net\/#\/schema\/person\/4b56d87f51c4d1b518c650739ad3bbc1","name":"Azturismo","image":{"@type":"ImageObject","inLanguage":"es","@id":"https:\/\/azturismo.net\/wp-content\/litespeed\/avatar\/dfe28a31cdd68b788da48a316e50db10.jpg?ver=1777707566","url":"https:\/\/azturismo.net\/wp-content\/litespeed\/avatar\/dfe28a31cdd68b788da48a316e50db10.jpg?ver=1777707566","contentUrl":"https:\/\/azturismo.net\/wp-content\/litespeed\/avatar\/dfe28a31cdd68b788da48a316e50db10.jpg?ver=1777707566","caption":"Azturismo"},"sameAs":["https:\/\/azturismo.net"],"url":"https:\/\/azturismo.net\/?author=1"}]}},"jetpack_publicize_connections":[],"jetpack_featured_media_url":"https:\/\/i0.wp.com\/azturismo.net\/wp-content\/uploads\/2025\/08\/PSX_20250822_214317.jpg?fit=592%2C349&ssl=1","jetpack_sharing_enabled":true,"jetpack-related-posts":[{"id":6514,"url":"https:\/\/azturismo.net\/?p=6514","url_meta":{"origin":5034,"position":0},"title":"Consejos esenciales para el cuidado dermatol\u00f3gico de perros y gatos","author":"Azturismo","date":"noviembre 16, 2025","format":false,"excerpt":"Por Claudia Carrera En el mundo del bienestar animal, la piel no es solo la capa que protege a las mascotas del exterior: es un \u00f3rgano vital que refleja su nutrici\u00f3n, hidrataci\u00f3n y estado de salud general. Cuando la piel est\u00e1 sana, tambi\u00e9n lo est\u00e1 el resto del cuerpo. As\u00ed\u2026","rel":"","context":"En &quot;TENDENCIAS&quot;","block_context":{"text":"TENDENCIAS","link":"https:\/\/azturismo.net\/?cat=28"},"img":{"alt_text":"","src":"https:\/\/i0.wp.com\/azturismo.net\/wp-content\/uploads\/2025\/11\/royalcanin1.jpg?fit=600%2C400&ssl=1&resize=350%2C200","width":350,"height":200,"srcset":"https:\/\/i0.wp.com\/azturismo.net\/wp-content\/uploads\/2025\/11\/royalcanin1.jpg?fit=600%2C400&ssl=1&resize=350%2C200 1x, https:\/\/i0.wp.com\/azturismo.net\/wp-content\/uploads\/2025\/11\/royalcanin1.jpg?fit=600%2C400&ssl=1&resize=525%2C300 1.5x"},"classes":[]},{"id":4715,"url":"https:\/\/azturismo.net\/?p=4715","url_meta":{"origin":5034,"position":1},"title":"Gu\u00eda para aprender a cuidar tu piel durante las vacaciones","author":"Azturismo","date":"agosto 6, 2025","format":false,"excerpt":"Protecci\u00f3n Solar en Viajes Por Montserrat Rivera El verano est\u00e1 aqu\u00ed y con \u00e9l llegan esos viajes so\u00f1ados de trajes de ba\u00f1o, playas paradis\u00edacas, excursiones de monta\u00f1a, city breaks bajo el sol del Pac\u00edfico, el Golfo, o el Caribe y aventuras al aire libre que nos llenan de energ\u00eda. Sin\u2026","rel":"","context":"En &quot;Destacadas&quot;","block_context":{"text":"Destacadas","link":"https:\/\/azturismo.net\/?cat=30"},"img":{"alt_text":"","src":"https:\/\/i0.wp.com\/azturismo.net\/wp-content\/uploads\/2025\/08\/protector-solar.png?fit=387%2C253&ssl=1&resize=350%2C200","width":350,"height":200},"classes":[]},{"id":4760,"url":"https:\/\/azturismo.net\/?p=4760","url_meta":{"origin":5034,"position":2},"title":"Mustela lanza su nuevo Shampoo en Barra, una alternativa natural","author":"Azturismo","date":"agosto 9, 2025","format":false,"excerpt":"Por Staff Azturismo En un mundo donde la b\u00fasqueda de productos que cuiden nuestra piel y el planeta es cada vez mayor, Mustela, la marca experta en el cuidado de toda la familia, nos sorprende con una innovaci\u00f3n que lo tiene todo: el nuevo Shampoo en Barra para cuerpo y\u2026","rel":"","context":"En &quot;Destacadas&quot;","block_context":{"text":"Destacadas","link":"https:\/\/azturismo.net\/?cat=30"},"img":{"alt_text":"","src":"https:\/\/i0.wp.com\/azturismo.net\/wp-content\/uploads\/2025\/08\/mustela-shampoo2.png?fit=600%2C443&ssl=1&resize=350%2C200","width":350,"height":200,"srcset":"https:\/\/i0.wp.com\/azturismo.net\/wp-content\/uploads\/2025\/08\/mustela-shampoo2.png?fit=600%2C443&ssl=1&resize=350%2C200 1x, https:\/\/i0.wp.com\/azturismo.net\/wp-content\/uploads\/2025\/08\/mustela-shampoo2.png?fit=600%2C443&ssl=1&resize=525%2C300 1.5x"},"classes":[]},{"id":4635,"url":"https:\/\/azturismo.net\/?p=4635","url_meta":{"origin":5034,"position":3},"title":"Celebra el D\u00eda Internacional del Gato con un ba\u00f1o f\u00e1cil y r\u00e1pido","author":"Azturismo","date":"agosto 3, 2025","format":false,"excerpt":"Por Ricardo Aguirre El D\u00eda Internacional del Gato que se celebra cada 8 de agosto, es la fecha perfecta para reflexionar sobre el cuidado integral de nuestros felinos favoritos. Aunque es com\u00fan creer que los gatos se asean completamente por s\u00ed solos, la realidad es que su bienestar depende significativamente\u2026","rel":"","context":"En &quot;Destacadas&quot;","block_context":{"text":"Destacadas","link":"https:\/\/azturismo.net\/?cat=30"},"img":{"alt_text":"","src":"https:\/\/i0.wp.com\/azturismo.net\/wp-content\/uploads\/2025\/08\/Foto-Grisi-DiaInternacionaldelGato01.png?fit=600%2C384&ssl=1&resize=350%2C200","width":350,"height":200,"srcset":"https:\/\/i0.wp.com\/azturismo.net\/wp-content\/uploads\/2025\/08\/Foto-Grisi-DiaInternacionaldelGato01.png?fit=600%2C384&ssl=1&resize=350%2C200 1x, https:\/\/i0.wp.com\/azturismo.net\/wp-content\/uploads\/2025\/08\/Foto-Grisi-DiaInternacionaldelGato01.png?fit=600%2C384&ssl=1&resize=525%2C300 1.5x"},"classes":[]},{"id":3795,"url":"https:\/\/azturismo.net\/?p=3795","url_meta":{"origin":5034,"position":4},"title":"6 marcas de calzado hechas en Le\u00f3n que debes conocer","author":"Azturismo","date":"mayo 17, 2025","format":false,"excerpt":"Le\u00f3n, Guanajuato, no solo es un motor econ\u00f3mico nacional, tambi\u00e9n es reconocido como la capital mundial del calzado. Esta ciudad mexicana combina dise\u00f1o, moda y artesan\u00eda para crear productos de alta calidad que se exportan a mercados como Estados Unidos, Canad\u00e1 y Europa. El calzado \"Hecho en Le\u00f3n\" es sin\u00f3nimo\u2026","rel":"","context":"En &quot;Destacadas&quot;","block_context":{"text":"Destacadas","link":"https:\/\/azturismo.net\/?cat=30"},"img":{"alt_text":"","src":"https:\/\/i0.wp.com\/azturismo.net\/wp-content\/uploads\/2025\/05\/leon-zapatos-Cuadra.jpg?fit=600%2C297&ssl=1&resize=350%2C200","width":350,"height":200,"srcset":"https:\/\/i0.wp.com\/azturismo.net\/wp-content\/uploads\/2025\/05\/leon-zapatos-Cuadra.jpg?fit=600%2C297&ssl=1&resize=350%2C200 1x, https:\/\/i0.wp.com\/azturismo.net\/wp-content\/uploads\/2025\/05\/leon-zapatos-Cuadra.jpg?fit=600%2C297&ssl=1&resize=525%2C300 1.5x"},"classes":[]},{"id":6232,"url":"https:\/\/azturismo.net\/?p=6232","url_meta":{"origin":5034,"position":5},"title":"\ud83c\udf833 Looks de Maquillaje para un Halloween \u00danico","author":"Azturismo","date":"octubre 31, 2025","format":false,"excerpt":"Este Halloween, olv\u00eddate de los disfraces tradicionales y deja que tu maquillaje sea el protagonista porque no solo transforma, tambi\u00e9n cuenta historias. Con Color Trend de Avon, crea tu propio look lleno de actitud. Descubre 3 ideas que te van a encantar \ud83d\udc7b\ud83d\udc9c \u00bfPor qu\u00e9 el maquillaje es la nueva\u2026","rel":"","context":"En &quot;Destacadas&quot;","block_context":{"text":"Destacadas","link":"https:\/\/azturismo.net\/?cat=30"},"img":{"alt_text":"","src":"https:\/\/i0.wp.com\/azturismo.net\/wp-content\/uploads\/2025\/10\/Avon-maquillaje-ColorTrend.png?fit=600%2C416&ssl=1&resize=350%2C200","width":350,"height":200,"srcset":"https:\/\/i0.wp.com\/azturismo.net\/wp-content\/uploads\/2025\/10\/Avon-maquillaje-ColorTrend.png?fit=600%2C416&ssl=1&resize=350%2C200 1x, https:\/\/i0.wp.com\/azturismo.net\/wp-content\/uploads\/2025\/10\/Avon-maquillaje-ColorTrend.png?fit=600%2C416&ssl=1&resize=525%2C300 1.5x"},"classes":[]}],"jetpack_shortlink":"https:\/\/wp.me\/pfqZGx-1jc","amp_enabled":true,"_links":{"self":[{"href":"https:\/\/azturismo.net\/index.php?rest_route=\/wp\/v2\/posts\/5034","targetHints":{"allow":["GET"]}}],"collection":[{"href":"https:\/\/azturismo.net\/index.php?rest_route=\/wp\/v2\/posts"}],"about":[{"href":"https:\/\/azturismo.net\/index.php?rest_route=\/wp\/v2\/types\/post"}],"author":[{"embeddable":true,"href":"https:\/\/azturismo.net\/index.php?rest_route=\/wp\/v2\/users\/1"}],"replies":[{"embeddable":true,"href":"https:\/\/azturismo.net\/index.php?rest_route=%2Fwp%2Fv2%2Fcomments&post=5034"}],"version-history":[{"count":4,"href":"https:\/\/azturismo.net\/index.php?rest_route=\/wp\/v2\/posts\/5034\/revisions"}],"predecessor-version":[{"id":5108,"href":"https:\/\/azturismo.net\/index.php?rest_route=\/wp\/v2\/posts\/5034\/revisions\/5108"}],"wp:featuredmedia":[{"embeddable":true,"href":"https:\/\/azturismo.net\/index.php?rest_route=\/wp\/v2\/media\/5035"}],"wp:attachment":[{"href":"https:\/\/azturismo.net\/index.php?rest_route=%2Fwp%2Fv2%2Fmedia&parent=5034"}],"wp:term":[{"taxonomy":"category","embeddable":true,"href":"https:\/\/azturismo.net\/index.php?rest_route=%2Fwp%2Fv2%2Fcategories&post=5034"},{"taxonomy":"post_tag","embeddable":true,"href":"https:\/\/azturismo.net\/index.php?rest_route=%2Fwp%2Fv2%2Ftags&post=5034"}],"curies":[{"name":"wp","href":"https:\/\/api.w.org\/{rel}","templated":true}]}}