{"id":4774,"date":"2025-08-07T20:30:00","date_gmt":"2025-08-08T02:30:00","guid":{"rendered":"https:\/\/azturismo.net\/?p=4774"},"modified":"2025-08-07T20:11:36","modified_gmt":"2025-08-08T02:11:36","slug":"un-sueno-hecho-realidad-empieza-modernizacion-del-aeropuerto-de-colima","status":"publish","type":"post","link":"https:\/\/azturismo.net\/?p=4774","title":{"rendered":"Un sue\u00f1o hecho realidad: empieza modernizaci\u00f3n del Aeropuerto de Colima"},"content":{"rendered":"\n<p>Por Ronaldo Zanon<\/p>\n\n\n\n<div class=\"wp-block-media-text is-stacked-on-mobile\"><figure class=\"wp-block-media-text__media\"><img data-recalc-dims=\"1\" loading=\"lazy\" decoding=\"async\" width=\"600\" height=\"400\" data-attachment-id=\"4777\" data-permalink=\"https:\/\/azturismo.net\/?attachment_id=4777\" data-orig-file=\"https:\/\/i0.wp.com\/azturismo.net\/wp-content\/uploads\/2025\/08\/Aeropuerto-Nacional-de-Colima_Foto-cortesia-Gobierno-de-Colima.jpg?fit=600%2C400&amp;ssl=1\" data-orig-size=\"600,400\" data-comments-opened=\"1\" data-image-meta=\"{&quot;aperture&quot;:&quot;0&quot;,&quot;credit&quot;:&quot;&quot;,&quot;camera&quot;:&quot;&quot;,&quot;caption&quot;:&quot;&quot;,&quot;created_timestamp&quot;:&quot;0&quot;,&quot;copyright&quot;:&quot;&quot;,&quot;focal_length&quot;:&quot;0&quot;,&quot;iso&quot;:&quot;0&quot;,&quot;shutter_speed&quot;:&quot;0&quot;,&quot;title&quot;:&quot;&quot;,&quot;orientation&quot;:&quot;1&quot;}\" data-image-title=\"Aeropuerto Nacional de Colima_Foto cortes\u00eda Gobierno de Colima\" data-image-description=\"\" data-image-caption=\"\" data-large-file=\"https:\/\/i0.wp.com\/azturismo.net\/wp-content\/uploads\/2025\/08\/Aeropuerto-Nacional-de-Colima_Foto-cortesia-Gobierno-de-Colima.jpg?fit=600%2C400&amp;ssl=1\" src=\"https:\/\/i0.wp.com\/azturismo.net\/wp-content\/uploads\/2025\/08\/Aeropuerto-Nacional-de-Colima_Foto-cortesia-Gobierno-de-Colima.jpg?resize=600%2C400&#038;ssl=1\" alt=\"\" class=\"wp-image-4777 size-full\" srcset=\"https:\/\/i0.wp.com\/azturismo.net\/wp-content\/uploads\/2025\/08\/Aeropuerto-Nacional-de-Colima_Foto-cortesia-Gobierno-de-Colima.jpg?w=600&amp;ssl=1 600w, https:\/\/i0.wp.com\/azturismo.net\/wp-content\/uploads\/2025\/08\/Aeropuerto-Nacional-de-Colima_Foto-cortesia-Gobierno-de-Colima.jpg?resize=300%2C200&amp;ssl=1 300w, https:\/\/i0.wp.com\/azturismo.net\/wp-content\/uploads\/2025\/08\/Aeropuerto-Nacional-de-Colima_Foto-cortesia-Gobierno-de-Colima.jpg?resize=150%2C100&amp;ssl=1 150w\" sizes=\"auto, (max-width: 600px) 100vw, 600px\" \/><\/figure><div class=\"wp-block-media-text__content\">\n<p>En el coraz\u00f3n de Colima, donde el volc\u00e1n vigila los d\u00edas y el Pac\u00edfico susurra a la costa, el aeropuerto \u201cMiguel de la Madrid\u201d siempre ha sido el punto de partida y de regreso. Para do\u00f1a Elena, due\u00f1a de una peque\u00f1a posada en la capital, ese aeropuerto es sin\u00f3nimo de oportunidades, pero tambi\u00e9n de limitaciones. Ve a los pocos aviones aterrizar de las dos rutas operativas Tijuana y del AIFA:&nbsp; y sue\u00f1a con un d\u00eda en que el flujo de viajeros sea constante, que su posada siempre este llena y que el mundo entero descubra la belleza de su tierra.<\/p>\n<\/div><\/div>\n\n\n\n<p>La ma\u00f1ana de este mi\u00e9rcoles 7 de agosto, el aire vibraba con una nueva energ\u00eda. Una noticia corri\u00f3 como p\u00f3lvora: una inversi\u00f3n de 327 millones de pesos marca el inicio de la modernizaci\u00f3n del aeropuerto. No es solo una cifra, sino la promesa de un futuro distinto. El Grupo Aeroportuario de la Marina ha dado el banderazo a una transformaci\u00f3n que har\u00e1 que Colima despegue.<\/p>\n\n\n\n<p>Elena cerr\u00f3 los ojos e imagin\u00f3 el nuevo aeropuerto. El edificio terminal, hoy modesto, se expandir\u00eda un 243% en su \u00e1rea operativa. Vio a la gente caminando por una nueva zona ambulatoria, document\u00e1ndose en un \u00e1rea amplia y moderna, pasando por filtros de seguridad eficientes y, finalmente, relaj\u00e1ndose en una sala de espera que, seg\u00fan dicen las autoridades, multiplicar\u00e1 por siete su capacidad. Su coraz\u00f3n se aceler\u00f3 al pensar en la sala de llegadas, que recibir\u00e1 a cinco veces m\u00e1s pasajeros. Cada uno de ellos, un potencial hu\u00e9sped para su posada.<\/p>\n\n\n\n<p>La voz de la radio anuncia que, con esta obra, el aeropuerto se alista para obtener la categor\u00eda de internacional. Aquello sonaba a m\u00fasica en los o\u00eddos de Elena. Significa que su sue\u00f1o podr\u00e1 hacerse realidad. Nuevas rutas, m\u00e1s visitantes de todas partes del pa\u00eds y del extranjero, y una Colima mejor conectada con la Red del Sistema Aeroportuario Nacional. Mencionaron que la presidenta Claudia Sheinbaum impulsa esta iniciativa, y Elena sinti\u00f3 un respaldo, una apuesta por el crecimiento de su estado.<\/p>\n\n\n\n<p>Se levant\u00f3 de su silla y mir\u00f3 el volc\u00e1n, tan imponente como siempre. Esta obra es m\u00e1s que concreto y acero; es una apuesta por el turismo, por el comercio y por el futuro de Colima. El aeropuerto, pens\u00f3, ya no ser\u00e1 solo un lugar para irse, sino una puerta grande y moderna para dar la bienvenida al mundo entero. Y ella, do\u00f1a Elena, estar\u00e1 esperando en su posada, lista para recibirlos con la calidez de su gente y los sabores que hacen de Colima un lugar \u00fanico. <\/p>\n\n\n\n<p>El despegue ha comenzado.<\/p>\n\n\n<div class=\"wp-block-image\">\n<figure class=\"aligncenter size-full\"><img data-recalc-dims=\"1\" loading=\"lazy\" decoding=\"async\" width=\"600\" height=\"400\" data-attachment-id=\"4776\" data-permalink=\"https:\/\/azturismo.net\/?attachment_id=4776\" data-orig-file=\"https:\/\/i0.wp.com\/azturismo.net\/wp-content\/uploads\/2025\/08\/BAnderazo-inicio-obras-modernizacion-aeropuerto-Colima_Foto-cortesia-Gobierno-de-Colima.jpg?fit=600%2C400&amp;ssl=1\" data-orig-size=\"600,400\" data-comments-opened=\"1\" data-image-meta=\"{&quot;aperture&quot;:&quot;0&quot;,&quot;credit&quot;:&quot;&quot;,&quot;camera&quot;:&quot;&quot;,&quot;caption&quot;:&quot;&quot;,&quot;created_timestamp&quot;:&quot;0&quot;,&quot;copyright&quot;:&quot;&quot;,&quot;focal_length&quot;:&quot;0&quot;,&quot;iso&quot;:&quot;0&quot;,&quot;shutter_speed&quot;:&quot;0&quot;,&quot;title&quot;:&quot;&quot;,&quot;orientation&quot;:&quot;1&quot;}\" data-image-title=\"BAnderazo inicio obras modernizaci\u00f3n aeropuerto Colima_Foto cortes\u00eda Gobierno de Colima\" data-image-description=\"\" data-image-caption=\"\" data-large-file=\"https:\/\/i0.wp.com\/azturismo.net\/wp-content\/uploads\/2025\/08\/BAnderazo-inicio-obras-modernizacion-aeropuerto-Colima_Foto-cortesia-Gobierno-de-Colima.jpg?fit=600%2C400&amp;ssl=1\" src=\"https:\/\/i0.wp.com\/azturismo.net\/wp-content\/uploads\/2025\/08\/BAnderazo-inicio-obras-modernizacion-aeropuerto-Colima_Foto-cortesia-Gobierno-de-Colima.jpg?resize=600%2C400&#038;ssl=1\" alt=\"\" class=\"wp-image-4776\" srcset=\"https:\/\/i0.wp.com\/azturismo.net\/wp-content\/uploads\/2025\/08\/BAnderazo-inicio-obras-modernizacion-aeropuerto-Colima_Foto-cortesia-Gobierno-de-Colima.jpg?w=600&amp;ssl=1 600w, https:\/\/i0.wp.com\/azturismo.net\/wp-content\/uploads\/2025\/08\/BAnderazo-inicio-obras-modernizacion-aeropuerto-Colima_Foto-cortesia-Gobierno-de-Colima.jpg?resize=300%2C200&amp;ssl=1 300w, https:\/\/i0.wp.com\/azturismo.net\/wp-content\/uploads\/2025\/08\/BAnderazo-inicio-obras-modernizacion-aeropuerto-Colima_Foto-cortesia-Gobierno-de-Colima.jpg?resize=150%2C100&amp;ssl=1 150w\" sizes=\"auto, (max-width: 600px) 100vw, 600px\" \/><\/figure><\/div>\n\n\n<h2 class=\"wp-block-heading\">\u00a1S\u00edguenos!<\/h2>\n\n\n\n<p><a href=\"https:\/\/www.facebook.com\/AzturismoNoticias\">https:\/\/www.facebook.com\/AzturismoNoticias<\/a><\/p>\n\n\n\n<p><strong><a href=\"mailto:tiktok.com\/@azturismo\">tiktok.com\/@azturismo<\/a><\/strong><\/p>\n\n\n\n<p><strong><a href=\"https:\/\/www.instagram.com\/azturismo_noticias\">www.instagram.com\/azturismo_noticias<\/a><\/strong><\/p>\n\n\n\n<p><a href=\"https:\/\/x.com\/AzTurismo\">https:\/\/x.com\/AzTurismo<\/a><\/p>\n","protected":false},"excerpt":{"rendered":"<p>Por Ronaldo Zanon En el coraz\u00f3n de Colima, donde el volc\u00e1n vigila los d\u00edas y el Pac\u00edfico susurra a la costa, el aeropuerto \u201cMiguel de la Madrid\u201d siempre ha sido el punto de partida y de regreso. Para do\u00f1a Elena, due\u00f1a de una peque\u00f1a posada en la capital, ese aeropuerto es sin\u00f3nimo de oportunidades, pero [&hellip;]<\/p>\n","protected":false},"author":1,"featured_media":4775,"comment_status":"open","ping_status":"open","sticky":false,"template":"","format":"standard","meta":{"jetpack_post_was_ever_published":false,"_jetpack_newsletter_access":"","_jetpack_dont_email_post_to_subs":false,"_jetpack_newsletter_tier_id":0,"_jetpack_memberships_contains_paywalled_content":false,"_jetpack_memberships_contains_paid_content":false,"footnotes":"","jetpack_publicize_message":"","jetpack_publicize_feature_enabled":true,"jetpack_social_post_already_shared":true,"jetpack_social_options":{"image_generator_settings":{"template":"highway","default_image_id":0,"font":"","enabled":false},"version":2}},"categories":[25],"tags":[2059,2060,99,197,39],"class_list":{"0":"post-4774","1":"post","2":"type-post","3":"status-publish","4":"format-standard","5":"has-post-thumbnail","7":"category-notitar","8":"tag-aeropuerto-miguel-de-la-madrid","9":"tag-aeropuertos-de-mexico","10":"tag-azturismo","11":"tag-colima","12":"tag-turismo"},"yoast_head":"<!-- This site is optimized with the Yoast SEO plugin v27.5 - https:\/\/yoast.com\/product\/yoast-seo-wordpress\/ -->\n<title>Un sue\u00f1o hecho realidad: empieza modernizaci\u00f3n del Aeropuerto de Colima - Azturismo Noticias<\/title>\n<meta name=\"description\" content=\"Con una inversi\u00f3n de 327 millones de pesos, se dio el banderazo oficial de inicio a las obras de ampliaci\u00f3n y modernizaci\u00f3n del Aeropuerto Nacional \u201cMiguel de la Madrid Hurtado\u201d, en una iniciativa que fortalecer\u00e1 la infraestructura tur\u00edstica, econ\u00f3mica y de conectividad a\u00e9rea del estado de Colima. Con estas acciones, el aeropuerto se alista para obtener la categor\u00eda de internacional, lo que permitir\u00e1 ampliar sus operaciones, atraer m\u00e1s rutas y consolidar a Colima como un punto estrat\u00e9gico dentro del sistema aeroportuario del pa\u00eds.\" \/>\n<meta name=\"robots\" content=\"index, follow, max-snippet:-1, max-image-preview:large, max-video-preview:-1\" \/>\n<link rel=\"canonical\" href=\"https:\/\/azturismo.net\/?p=4774\" \/>\n<meta property=\"og:locale\" content=\"es_MX\" \/>\n<meta property=\"og:type\" content=\"article\" \/>\n<meta property=\"og:title\" content=\"Un sue\u00f1o hecho realidad: empieza modernizaci\u00f3n del Aeropuerto de Colima - Azturismo Noticias\" \/>\n<meta property=\"og:description\" content=\"Con una inversi\u00f3n de 327 millones de pesos, se dio el banderazo oficial de inicio a las obras de ampliaci\u00f3n y modernizaci\u00f3n del Aeropuerto Nacional \u201cMiguel de la Madrid Hurtado\u201d, en una iniciativa que fortalecer\u00e1 la infraestructura tur\u00edstica, econ\u00f3mica y de conectividad a\u00e9rea del estado de Colima. Con estas acciones, el aeropuerto se alista para obtener la categor\u00eda de internacional, lo que permitir\u00e1 ampliar sus operaciones, atraer m\u00e1s rutas y consolidar a Colima como un punto estrat\u00e9gico dentro del sistema aeroportuario del pa\u00eds.\" \/>\n<meta property=\"og:url\" content=\"https:\/\/azturismo.net\/?p=4774\" \/>\n<meta property=\"og:site_name\" content=\"Azturismo Noticias\" \/>\n<meta property=\"article:publisher\" content=\"https:\/\/www.facebook.com\/AzturismoNoticias\" \/>\n<meta property=\"article:published_time\" content=\"2025-08-08T02:30:00+00:00\" \/>\n<meta property=\"og:image\" content=\"https:\/\/i0.wp.com\/azturismo.net\/wp-content\/uploads\/2025\/08\/BAnderazo-inicio-obras-modernizacion-aeropuerto-Colima-1_Foto-cortesia-Gobierno-de-Colima.jpg?fit=600%2C390&ssl=1\" \/>\n\t<meta property=\"og:image:width\" content=\"600\" \/>\n\t<meta property=\"og:image:height\" content=\"390\" \/>\n\t<meta property=\"og:image:type\" content=\"image\/jpeg\" \/>\n<meta name=\"author\" content=\"Azturismo\" \/>\n<meta name=\"twitter:card\" content=\"summary_large_image\" \/>\n<meta name=\"twitter:creator\" content=\"@AzTurismo\" \/>\n<meta name=\"twitter:site\" content=\"@AzTurismo\" \/>\n<meta name=\"twitter:label1\" content=\"Escrito por\" \/>\n\t<meta name=\"twitter:data1\" content=\"Azturismo\" \/>\n\t<meta name=\"twitter:label2\" content=\"Tiempo de lectura\" \/>\n\t<meta name=\"twitter:data2\" content=\"3 minutos\" \/>\n<script type=\"application\/ld+json\" class=\"yoast-schema-graph\">{\"@context\":\"https:\\\/\\\/schema.org\",\"@graph\":[{\"@type\":\"Article\",\"@id\":\"https:\\\/\\\/azturismo.net\\\/?p=4774#article\",\"isPartOf\":{\"@id\":\"https:\\\/\\\/azturismo.net\\\/?p=4774\"},\"author\":{\"name\":\"Azturismo\",\"@id\":\"https:\\\/\\\/azturismo.net\\\/#\\\/schema\\\/person\\\/4b56d87f51c4d1b518c650739ad3bbc1\"},\"headline\":\"Un sue\u00f1o hecho realidad: empieza modernizaci\u00f3n del Aeropuerto de Colima\",\"datePublished\":\"2025-08-08T02:30:00+00:00\",\"mainEntityOfPage\":{\"@id\":\"https:\\\/\\\/azturismo.net\\\/?p=4774\"},\"wordCount\":496,\"commentCount\":0,\"publisher\":{\"@id\":\"https:\\\/\\\/azturismo.net\\\/#organization\"},\"image\":{\"@id\":\"https:\\\/\\\/azturismo.net\\\/?p=4774#primaryimage\"},\"thumbnailUrl\":\"https:\\\/\\\/i0.wp.com\\\/azturismo.net\\\/wp-content\\\/uploads\\\/2025\\\/08\\\/BAnderazo-inicio-obras-modernizacion-aeropuerto-Colima-1_Foto-cortesia-Gobierno-de-Colima.jpg?fit=600%2C390&ssl=1\",\"keywords\":[\"aeropuerto \u201cMiguel de la Madrid\u201d\",\"aeropuertos de mexico\",\"azturismo\",\"Colima\",\"Turismo\"],\"articleSection\":[\"NOTITUR\"],\"inLanguage\":\"es\",\"potentialAction\":[{\"@type\":\"CommentAction\",\"name\":\"Comment\",\"target\":[\"https:\\\/\\\/azturismo.net\\\/?p=4774#respond\"]}]},{\"@type\":\"WebPage\",\"@id\":\"https:\\\/\\\/azturismo.net\\\/?p=4774\",\"url\":\"https:\\\/\\\/azturismo.net\\\/?p=4774\",\"name\":\"Un sue\u00f1o hecho realidad: empieza modernizaci\u00f3n del Aeropuerto de Colima - Azturismo Noticias\",\"isPartOf\":{\"@id\":\"https:\\\/\\\/azturismo.net\\\/#website\"},\"primaryImageOfPage\":{\"@id\":\"https:\\\/\\\/azturismo.net\\\/?p=4774#primaryimage\"},\"image\":{\"@id\":\"https:\\\/\\\/azturismo.net\\\/?p=4774#primaryimage\"},\"thumbnailUrl\":\"https:\\\/\\\/i0.wp.com\\\/azturismo.net\\\/wp-content\\\/uploads\\\/2025\\\/08\\\/BAnderazo-inicio-obras-modernizacion-aeropuerto-Colima-1_Foto-cortesia-Gobierno-de-Colima.jpg?fit=600%2C390&ssl=1\",\"datePublished\":\"2025-08-08T02:30:00+00:00\",\"description\":\"Con una inversi\u00f3n de 327 millones de pesos, se dio el banderazo oficial de inicio a las obras de ampliaci\u00f3n y modernizaci\u00f3n del Aeropuerto Nacional \u201cMiguel de la Madrid Hurtado\u201d, en una iniciativa que fortalecer\u00e1 la infraestructura tur\u00edstica, econ\u00f3mica y de conectividad a\u00e9rea del estado de Colima. Con estas acciones, el aeropuerto se alista para obtener la categor\u00eda de internacional, lo que permitir\u00e1 ampliar sus operaciones, atraer m\u00e1s rutas y consolidar a Colima como un punto estrat\u00e9gico dentro del sistema aeroportuario del pa\u00eds.\",\"breadcrumb\":{\"@id\":\"https:\\\/\\\/azturismo.net\\\/?p=4774#breadcrumb\"},\"inLanguage\":\"es\",\"potentialAction\":[{\"@type\":\"ReadAction\",\"target\":[\"https:\\\/\\\/azturismo.net\\\/?p=4774\"]}]},{\"@type\":\"ImageObject\",\"inLanguage\":\"es\",\"@id\":\"https:\\\/\\\/azturismo.net\\\/?p=4774#primaryimage\",\"url\":\"https:\\\/\\\/i0.wp.com\\\/azturismo.net\\\/wp-content\\\/uploads\\\/2025\\\/08\\\/BAnderazo-inicio-obras-modernizacion-aeropuerto-Colima-1_Foto-cortesia-Gobierno-de-Colima.jpg?fit=600%2C390&ssl=1\",\"contentUrl\":\"https:\\\/\\\/i0.wp.com\\\/azturismo.net\\\/wp-content\\\/uploads\\\/2025\\\/08\\\/BAnderazo-inicio-obras-modernizacion-aeropuerto-Colima-1_Foto-cortesia-Gobierno-de-Colima.jpg?fit=600%2C390&ssl=1\",\"width\":600,\"height\":390},{\"@type\":\"BreadcrumbList\",\"@id\":\"https:\\\/\\\/azturismo.net\\\/?p=4774#breadcrumb\",\"itemListElement\":[{\"@type\":\"ListItem\",\"position\":1,\"name\":\"Home\",\"item\":\"https:\\\/\\\/azturismo.net\\\/\"},{\"@type\":\"ListItem\",\"position\":2,\"name\":\"Un sue\u00f1o hecho realidad: empieza modernizaci\u00f3n del Aeropuerto de Colima\"}]},{\"@type\":\"WebSite\",\"@id\":\"https:\\\/\\\/azturismo.net\\\/#website\",\"url\":\"https:\\\/\\\/azturismo.net\\\/\",\"name\":\"Azturismo\",\"description\":\"Azturismo Noticias\",\"publisher\":{\"@id\":\"https:\\\/\\\/azturismo.net\\\/#organization\"},\"potentialAction\":[{\"@type\":\"SearchAction\",\"target\":{\"@type\":\"EntryPoint\",\"urlTemplate\":\"https:\\\/\\\/azturismo.net\\\/?s={search_term_string}\"},\"query-input\":{\"@type\":\"PropertyValueSpecification\",\"valueRequired\":true,\"valueName\":\"search_term_string\"}}],\"inLanguage\":\"es\"},{\"@type\":\"Organization\",\"@id\":\"https:\\\/\\\/azturismo.net\\\/#organization\",\"name\":\"Azturismo\",\"url\":\"https:\\\/\\\/azturismo.net\\\/\",\"logo\":{\"@type\":\"ImageObject\",\"inLanguage\":\"es\",\"@id\":\"https:\\\/\\\/azturismo.net\\\/#\\\/schema\\\/logo\\\/image\\\/\",\"url\":\"https:\\\/\\\/i0.wp.com\\\/azturismo.net\\\/wp-content\\\/uploads\\\/2024\\\/03\\\/logo-el-bueno-.png?fit=294%2C69&ssl=1\",\"contentUrl\":\"https:\\\/\\\/i0.wp.com\\\/azturismo.net\\\/wp-content\\\/uploads\\\/2024\\\/03\\\/logo-el-bueno-.png?fit=294%2C69&ssl=1\",\"width\":294,\"height\":69,\"caption\":\"Azturismo\"},\"image\":{\"@id\":\"https:\\\/\\\/azturismo.net\\\/#\\\/schema\\\/logo\\\/image\\\/\"},\"sameAs\":[\"https:\\\/\\\/www.facebook.com\\\/AzturismoNoticias\",\"https:\\\/\\\/x.com\\\/AzTurismo\",\"https:\\\/\\\/www.instagram.com\\\/azturismo_noticias\\\/?fbclid=IwAR2xMiuoHbs6eLeIHKP8P5sSGa-xFrw7FfejscXO7kDghWa7wKLjGczKOwE\",\"https:\\\/\\\/www.tiktok.com\\\/@azturismo\"]},{\"@type\":\"Person\",\"@id\":\"https:\\\/\\\/azturismo.net\\\/#\\\/schema\\\/person\\\/4b56d87f51c4d1b518c650739ad3bbc1\",\"name\":\"Azturismo\",\"image\":{\"@type\":\"ImageObject\",\"inLanguage\":\"es\",\"@id\":\"https:\\\/\\\/azturismo.net\\\/wp-content\\\/litespeed\\\/avatar\\\/dfe28a31cdd68b788da48a316e50db10.jpg?ver=1777707566\",\"url\":\"https:\\\/\\\/azturismo.net\\\/wp-content\\\/litespeed\\\/avatar\\\/dfe28a31cdd68b788da48a316e50db10.jpg?ver=1777707566\",\"contentUrl\":\"https:\\\/\\\/azturismo.net\\\/wp-content\\\/litespeed\\\/avatar\\\/dfe28a31cdd68b788da48a316e50db10.jpg?ver=1777707566\",\"caption\":\"Azturismo\"},\"sameAs\":[\"https:\\\/\\\/azturismo.net\"],\"url\":\"https:\\\/\\\/azturismo.net\\\/?author=1\"}]}<\/script>\n<!-- \/ Yoast SEO plugin. -->","yoast_head_json":{"title":"Un sue\u00f1o hecho realidad: empieza modernizaci\u00f3n del Aeropuerto de Colima - Azturismo Noticias","description":"Con una inversi\u00f3n de 327 millones de pesos, se dio el banderazo oficial de inicio a las obras de ampliaci\u00f3n y modernizaci\u00f3n del Aeropuerto Nacional \u201cMiguel de la Madrid Hurtado\u201d, en una iniciativa que fortalecer\u00e1 la infraestructura tur\u00edstica, econ\u00f3mica y de conectividad a\u00e9rea del estado de Colima. Con estas acciones, el aeropuerto se alista para obtener la categor\u00eda de internacional, lo que permitir\u00e1 ampliar sus operaciones, atraer m\u00e1s rutas y consolidar a Colima como un punto estrat\u00e9gico dentro del sistema aeroportuario del pa\u00eds.","robots":{"index":"index","follow":"follow","max-snippet":"max-snippet:-1","max-image-preview":"max-image-preview:large","max-video-preview":"max-video-preview:-1"},"canonical":"https:\/\/azturismo.net\/?p=4774","og_locale":"es_MX","og_type":"article","og_title":"Un sue\u00f1o hecho realidad: empieza modernizaci\u00f3n del Aeropuerto de Colima - Azturismo Noticias","og_description":"Con una inversi\u00f3n de 327 millones de pesos, se dio el banderazo oficial de inicio a las obras de ampliaci\u00f3n y modernizaci\u00f3n del Aeropuerto Nacional \u201cMiguel de la Madrid Hurtado\u201d, en una iniciativa que fortalecer\u00e1 la infraestructura tur\u00edstica, econ\u00f3mica y de conectividad a\u00e9rea del estado de Colima. Con estas acciones, el aeropuerto se alista para obtener la categor\u00eda de internacional, lo que permitir\u00e1 ampliar sus operaciones, atraer m\u00e1s rutas y consolidar a Colima como un punto estrat\u00e9gico dentro del sistema aeroportuario del pa\u00eds.","og_url":"https:\/\/azturismo.net\/?p=4774","og_site_name":"Azturismo Noticias","article_publisher":"https:\/\/www.facebook.com\/AzturismoNoticias","article_published_time":"2025-08-08T02:30:00+00:00","og_image":[{"width":600,"height":390,"url":"https:\/\/i0.wp.com\/azturismo.net\/wp-content\/uploads\/2025\/08\/BAnderazo-inicio-obras-modernizacion-aeropuerto-Colima-1_Foto-cortesia-Gobierno-de-Colima.jpg?fit=600%2C390&ssl=1","type":"image\/jpeg"}],"author":"Azturismo","twitter_card":"summary_large_image","twitter_creator":"@AzTurismo","twitter_site":"@AzTurismo","twitter_misc":{"Escrito por":"Azturismo","Tiempo de lectura":"3 minutos"},"schema":{"@context":"https:\/\/schema.org","@graph":[{"@type":"Article","@id":"https:\/\/azturismo.net\/?p=4774#article","isPartOf":{"@id":"https:\/\/azturismo.net\/?p=4774"},"author":{"name":"Azturismo","@id":"https:\/\/azturismo.net\/#\/schema\/person\/4b56d87f51c4d1b518c650739ad3bbc1"},"headline":"Un sue\u00f1o hecho realidad: empieza modernizaci\u00f3n del Aeropuerto de Colima","datePublished":"2025-08-08T02:30:00+00:00","mainEntityOfPage":{"@id":"https:\/\/azturismo.net\/?p=4774"},"wordCount":496,"commentCount":0,"publisher":{"@id":"https:\/\/azturismo.net\/#organization"},"image":{"@id":"https:\/\/azturismo.net\/?p=4774#primaryimage"},"thumbnailUrl":"https:\/\/i0.wp.com\/azturismo.net\/wp-content\/uploads\/2025\/08\/BAnderazo-inicio-obras-modernizacion-aeropuerto-Colima-1_Foto-cortesia-Gobierno-de-Colima.jpg?fit=600%2C390&ssl=1","keywords":["aeropuerto \u201cMiguel de la Madrid\u201d","aeropuertos de mexico","azturismo","Colima","Turismo"],"articleSection":["NOTITUR"],"inLanguage":"es","potentialAction":[{"@type":"CommentAction","name":"Comment","target":["https:\/\/azturismo.net\/?p=4774#respond"]}]},{"@type":"WebPage","@id":"https:\/\/azturismo.net\/?p=4774","url":"https:\/\/azturismo.net\/?p=4774","name":"Un sue\u00f1o hecho realidad: empieza modernizaci\u00f3n del Aeropuerto de Colima - Azturismo Noticias","isPartOf":{"@id":"https:\/\/azturismo.net\/#website"},"primaryImageOfPage":{"@id":"https:\/\/azturismo.net\/?p=4774#primaryimage"},"image":{"@id":"https:\/\/azturismo.net\/?p=4774#primaryimage"},"thumbnailUrl":"https:\/\/i0.wp.com\/azturismo.net\/wp-content\/uploads\/2025\/08\/BAnderazo-inicio-obras-modernizacion-aeropuerto-Colima-1_Foto-cortesia-Gobierno-de-Colima.jpg?fit=600%2C390&ssl=1","datePublished":"2025-08-08T02:30:00+00:00","description":"Con una inversi\u00f3n de 327 millones de pesos, se dio el banderazo oficial de inicio a las obras de ampliaci\u00f3n y modernizaci\u00f3n del Aeropuerto Nacional \u201cMiguel de la Madrid Hurtado\u201d, en una iniciativa que fortalecer\u00e1 la infraestructura tur\u00edstica, econ\u00f3mica y de conectividad a\u00e9rea del estado de Colima. Con estas acciones, el aeropuerto se alista para obtener la categor\u00eda de internacional, lo que permitir\u00e1 ampliar sus operaciones, atraer m\u00e1s rutas y consolidar a Colima como un punto estrat\u00e9gico dentro del sistema aeroportuario del pa\u00eds.","breadcrumb":{"@id":"https:\/\/azturismo.net\/?p=4774#breadcrumb"},"inLanguage":"es","potentialAction":[{"@type":"ReadAction","target":["https:\/\/azturismo.net\/?p=4774"]}]},{"@type":"ImageObject","inLanguage":"es","@id":"https:\/\/azturismo.net\/?p=4774#primaryimage","url":"https:\/\/i0.wp.com\/azturismo.net\/wp-content\/uploads\/2025\/08\/BAnderazo-inicio-obras-modernizacion-aeropuerto-Colima-1_Foto-cortesia-Gobierno-de-Colima.jpg?fit=600%2C390&ssl=1","contentUrl":"https:\/\/i0.wp.com\/azturismo.net\/wp-content\/uploads\/2025\/08\/BAnderazo-inicio-obras-modernizacion-aeropuerto-Colima-1_Foto-cortesia-Gobierno-de-Colima.jpg?fit=600%2C390&ssl=1","width":600,"height":390},{"@type":"BreadcrumbList","@id":"https:\/\/azturismo.net\/?p=4774#breadcrumb","itemListElement":[{"@type":"ListItem","position":1,"name":"Home","item":"https:\/\/azturismo.net\/"},{"@type":"ListItem","position":2,"name":"Un sue\u00f1o hecho realidad: empieza modernizaci\u00f3n del Aeropuerto de Colima"}]},{"@type":"WebSite","@id":"https:\/\/azturismo.net\/#website","url":"https:\/\/azturismo.net\/","name":"Azturismo","description":"Azturismo Noticias","publisher":{"@id":"https:\/\/azturismo.net\/#organization"},"potentialAction":[{"@type":"SearchAction","target":{"@type":"EntryPoint","urlTemplate":"https:\/\/azturismo.net\/?s={search_term_string}"},"query-input":{"@type":"PropertyValueSpecification","valueRequired":true,"valueName":"search_term_string"}}],"inLanguage":"es"},{"@type":"Organization","@id":"https:\/\/azturismo.net\/#organization","name":"Azturismo","url":"https:\/\/azturismo.net\/","logo":{"@type":"ImageObject","inLanguage":"es","@id":"https:\/\/azturismo.net\/#\/schema\/logo\/image\/","url":"https:\/\/i0.wp.com\/azturismo.net\/wp-content\/uploads\/2024\/03\/logo-el-bueno-.png?fit=294%2C69&ssl=1","contentUrl":"https:\/\/i0.wp.com\/azturismo.net\/wp-content\/uploads\/2024\/03\/logo-el-bueno-.png?fit=294%2C69&ssl=1","width":294,"height":69,"caption":"Azturismo"},"image":{"@id":"https:\/\/azturismo.net\/#\/schema\/logo\/image\/"},"sameAs":["https:\/\/www.facebook.com\/AzturismoNoticias","https:\/\/x.com\/AzTurismo","https:\/\/www.instagram.com\/azturismo_noticias\/?fbclid=IwAR2xMiuoHbs6eLeIHKP8P5sSGa-xFrw7FfejscXO7kDghWa7wKLjGczKOwE","https:\/\/www.tiktok.com\/@azturismo"]},{"@type":"Person","@id":"https:\/\/azturismo.net\/#\/schema\/person\/4b56d87f51c4d1b518c650739ad3bbc1","name":"Azturismo","image":{"@type":"ImageObject","inLanguage":"es","@id":"https:\/\/azturismo.net\/wp-content\/litespeed\/avatar\/dfe28a31cdd68b788da48a316e50db10.jpg?ver=1777707566","url":"https:\/\/azturismo.net\/wp-content\/litespeed\/avatar\/dfe28a31cdd68b788da48a316e50db10.jpg?ver=1777707566","contentUrl":"https:\/\/azturismo.net\/wp-content\/litespeed\/avatar\/dfe28a31cdd68b788da48a316e50db10.jpg?ver=1777707566","caption":"Azturismo"},"sameAs":["https:\/\/azturismo.net"],"url":"https:\/\/azturismo.net\/?author=1"}]}},"jetpack_publicize_connections":[],"jetpack_featured_media_url":"https:\/\/i0.wp.com\/azturismo.net\/wp-content\/uploads\/2025\/08\/BAnderazo-inicio-obras-modernizacion-aeropuerto-Colima-1_Foto-cortesia-Gobierno-de-Colima.jpg?fit=600%2C390&ssl=1","jetpack_sharing_enabled":true,"jetpack-related-posts":[{"id":5469,"url":"https:\/\/azturismo.net\/?p=5469","url_meta":{"origin":4774,"position":0},"title":"M\u00e9xico refuerza su presencia tur\u00edstica en Dallas y Houston rumbo al Mundial 2026","author":"Azturismo","date":"septiembre 18, 2025","format":false,"excerpt":"Por Staff AzTurismo \ud83c\udf0e\u2708\ufe0fM\u00e9xico contin\u00faa consolid\u00e1ndose como un destino tur\u00edstico de clase mundial, tras una gira de promoci\u00f3n realizada en Dallas y Houston por la Secretar\u00eda de Turismo (Sectur) y la Secretar\u00eda de Relaciones Exteriores (SRE). Durante tres d\u00edas, la delegaci\u00f3n mexicana encabezada por Miguel Agu\u00ed\u00f1iga Rodr\u00edguez, en representaci\u00f3n de\u2026","rel":"","context":"En &quot;NOTITUR&quot;","block_context":{"text":"NOTITUR","link":"https:\/\/azturismo.net\/?cat=25"},"img":{"alt_text":"","src":"https:\/\/i0.wp.com\/azturismo.net\/wp-content\/uploads\/2025\/09\/Sectur-Sre-EU9.jpg?fit=996%2C1200&ssl=1&resize=350%2C200","width":350,"height":200,"srcset":"https:\/\/i0.wp.com\/azturismo.net\/wp-content\/uploads\/2025\/09\/Sectur-Sre-EU9.jpg?fit=996%2C1200&ssl=1&resize=350%2C200 1x, https:\/\/i0.wp.com\/azturismo.net\/wp-content\/uploads\/2025\/09\/Sectur-Sre-EU9.jpg?fit=996%2C1200&ssl=1&resize=525%2C300 1.5x, https:\/\/i0.wp.com\/azturismo.net\/wp-content\/uploads\/2025\/09\/Sectur-Sre-EU9.jpg?fit=996%2C1200&ssl=1&resize=700%2C400 2x"},"classes":[]},{"id":3799,"url":"https:\/\/azturismo.net\/?p=3799","url_meta":{"origin":4774,"position":1},"title":"Colima, nuevo para\u00edso del surf en M\u00e9xico","author":"Azturismo","date":"mayo 17, 2025","format":false,"excerpt":"Lanza un circuito que integra Manzanillo, Armer\u00eda y el legendario Pascuales, ofreciendo premios igualitarios de $150,000 por cada etapa Por Oscar V\u00e1zquez C. El gobierno del Estado de Colima, a trav\u00e9s de la Subsecretar\u00eda de Turismo, lanz\u00f3 el Circuito de Surf & Bodyboard COLIMA 2025 , posicion\u00e1ndose como un epicentro\u2026","rel":"","context":"En &quot;VIAJES&quot;","block_context":{"text":"VIAJES","link":"https:\/\/azturismo.net\/?cat=26"},"img":{"alt_text":"","src":"https:\/\/i0.wp.com\/azturismo.net\/wp-content\/uploads\/2025\/05\/Copia-de-Swell-mayo-22-24.jpg?fit=600%2C399&ssl=1&resize=350%2C200","width":350,"height":200,"srcset":"https:\/\/i0.wp.com\/azturismo.net\/wp-content\/uploads\/2025\/05\/Copia-de-Swell-mayo-22-24.jpg?fit=600%2C399&ssl=1&resize=350%2C200 1x, https:\/\/i0.wp.com\/azturismo.net\/wp-content\/uploads\/2025\/05\/Copia-de-Swell-mayo-22-24.jpg?fit=600%2C399&ssl=1&resize=525%2C300 1.5x"},"classes":[]},{"id":6099,"url":"https:\/\/azturismo.net\/?p=6099","url_meta":{"origin":4774,"position":2},"title":"Manzanillo\u00a0ser\u00e1 sede del tenis internacional con el\u00a0Manzanillo\u00a0Open 2025","author":"Azturismo","date":"octubre 24, 2025","format":false,"excerpt":"Por Oscar V\u00e1zquez C. Con el prop\u00f3sito de fortalecer la promoci\u00f3n tur\u00edstica y deportiva del estado, la Secretar\u00eda de Turismo (Sectur) present\u00f3 oficialmente el Manzanillo Open 2025, torneo internacional de tenis que refrenda a Colima como un destino de hospitalidad, desarrollo y excelencia. El evento se realizar\u00e1 del 10 al\u2026","rel":"","context":"En &quot;Destacadas&quot;","block_context":{"text":"Destacadas","link":"https:\/\/azturismo.net\/?cat=30"},"img":{"alt_text":"","src":"https:\/\/i0.wp.com\/azturismo.net\/wp-content\/uploads\/2025\/10\/Cortesia_Manzanillo-OPEN.jpg?fit=600%2C400&ssl=1&resize=350%2C200","width":350,"height":200,"srcset":"https:\/\/i0.wp.com\/azturismo.net\/wp-content\/uploads\/2025\/10\/Cortesia_Manzanillo-OPEN.jpg?fit=600%2C400&ssl=1&resize=350%2C200 1x, https:\/\/i0.wp.com\/azturismo.net\/wp-content\/uploads\/2025\/10\/Cortesia_Manzanillo-OPEN.jpg?fit=600%2C400&ssl=1&resize=525%2C300 1.5x"},"classes":[]},{"id":3275,"url":"https:\/\/azturismo.net\/?p=3275","url_meta":{"origin":4774,"position":3},"title":"Descubre Colima, el destino perfecto para mujeres viajeras en M\u00e9xico","author":"Azturismo","date":"marzo 7, 2025","format":false,"excerpt":"Por Montserrat Rivera Colima es un estado peque\u00f1o en extensi\u00f3n pero grande en experiencias, y es el lugar ideal para mujeres viajeras que buscan descanso, aventura y cultura. Con paisajes que incluyen playas paradis\u00edacas y monta\u00f1as cubiertas de niebla, este rinc\u00f3n del Pac\u00edfico mexicano ofrece opciones para todo tipo de\u2026","rel":"","context":"En &quot;Destacadas&quot;","block_context":{"text":"Destacadas","link":"https:\/\/azturismo.net\/?cat=30"},"img":{"alt_text":"","src":"https:\/\/i0.wp.com\/azturismo.net\/wp-content\/uploads\/2025\/03\/Manzanillo-1_Foto-de-Subsectur-Colima.jpg?fit=600%2C337&ssl=1&resize=350%2C200","width":350,"height":200,"srcset":"https:\/\/i0.wp.com\/azturismo.net\/wp-content\/uploads\/2025\/03\/Manzanillo-1_Foto-de-Subsectur-Colima.jpg?fit=600%2C337&ssl=1&resize=350%2C200 1x, https:\/\/i0.wp.com\/azturismo.net\/wp-content\/uploads\/2025\/03\/Manzanillo-1_Foto-de-Subsectur-Colima.jpg?fit=600%2C337&ssl=1&resize=525%2C300 1.5x"},"classes":[]},{"id":6823,"url":"https:\/\/azturismo.net\/?p=6823","url_meta":{"origin":4774,"position":4},"title":"Tras sismo de 6.5 con epicentro en Guerrero, aeropuertos operan con normalidad","author":"Azturismo","date":"enero 2, 2026","format":false,"excerpt":"Por Staff AzTurismo \u2708La Agencia Federal de Aviaci\u00f3n Civil (AFAC) inform\u00f3 que, tras el sismo de magnitud preliminar 6.5 registrado la ma\u00f1ana de este d\u00eda a las 07:58 horas, con epicentro en las inmediaciones de San Marcos, Guerrero, se activaron de manera inmediata los protocolos de revisi\u00f3n y verificaci\u00f3n de\u2026","rel":"","context":"En &quot;Destacadas&quot;","block_context":{"text":"Destacadas","link":"https:\/\/azturismo.net\/?cat=30"},"img":{"alt_text":"","src":"https:\/\/i0.wp.com\/azturismo.net\/wp-content\/uploads\/2026\/01\/Sectur-aeropuertos.jpg?fit=600%2C400&ssl=1&resize=350%2C200","width":350,"height":200,"srcset":"https:\/\/i0.wp.com\/azturismo.net\/wp-content\/uploads\/2026\/01\/Sectur-aeropuertos.jpg?fit=600%2C400&ssl=1&resize=350%2C200 1x, https:\/\/i0.wp.com\/azturismo.net\/wp-content\/uploads\/2026\/01\/Sectur-aeropuertos.jpg?fit=600%2C400&ssl=1&resize=525%2C300 1.5x"},"classes":[]},{"id":7058,"url":"https:\/\/azturismo.net\/?p=7058","url_meta":{"origin":4774,"position":5},"title":"La modernizaci\u00f3n aeroportuaria, clave para el futuro","author":"Azturismo","date":"abril 15, 2026","format":false,"excerpt":"Por Staff AzTurismo M\u00e9xico se encuentra en un punto decisivo para redefinir el papel de sus aeropuertos como motores de conectividad, competitividad tur\u00edstica y experiencia de viaje. En 2024, el pa\u00eds recibi\u00f3 m\u00e1s de 42 millones de turistas internacionales, consolid\u00e1ndose como uno de los destinos m\u00e1s visitados de Am\u00e9rica. A\u2026","rel":"","context":"En &quot;Destacadas&quot;","block_context":{"text":"Destacadas","link":"https:\/\/azturismo.net\/?cat=30"},"img":{"alt_text":"","src":"https:\/\/i0.wp.com\/azturismo.net\/wp-content\/uploads\/2026\/04\/San-Francisco-International-Airport-T1-Expansion_Creditos-Gensler-Kuth-Ranieri-Joint-Venture_02-1.jpg?fit=600%2C399&ssl=1&resize=350%2C200","width":350,"height":200,"srcset":"https:\/\/i0.wp.com\/azturismo.net\/wp-content\/uploads\/2026\/04\/San-Francisco-International-Airport-T1-Expansion_Creditos-Gensler-Kuth-Ranieri-Joint-Venture_02-1.jpg?fit=600%2C399&ssl=1&resize=350%2C200 1x, https:\/\/i0.wp.com\/azturismo.net\/wp-content\/uploads\/2026\/04\/San-Francisco-International-Airport-T1-Expansion_Creditos-Gensler-Kuth-Ranieri-Joint-Venture_02-1.jpg?fit=600%2C399&ssl=1&resize=525%2C300 1.5x"},"classes":[]}],"jetpack_shortlink":"https:\/\/wp.me\/pfqZGx-1f0","amp_enabled":true,"_links":{"self":[{"href":"https:\/\/azturismo.net\/index.php?rest_route=\/wp\/v2\/posts\/4774","targetHints":{"allow":["GET"]}}],"collection":[{"href":"https:\/\/azturismo.net\/index.php?rest_route=\/wp\/v2\/posts"}],"about":[{"href":"https:\/\/azturismo.net\/index.php?rest_route=\/wp\/v2\/types\/post"}],"author":[{"embeddable":true,"href":"https:\/\/azturismo.net\/index.php?rest_route=\/wp\/v2\/users\/1"}],"replies":[{"embeddable":true,"href":"https:\/\/azturismo.net\/index.php?rest_route=%2Fwp%2Fv2%2Fcomments&post=4774"}],"version-history":[{"count":3,"href":"https:\/\/azturismo.net\/index.php?rest_route=\/wp\/v2\/posts\/4774\/revisions"}],"predecessor-version":[{"id":4780,"href":"https:\/\/azturismo.net\/index.php?rest_route=\/wp\/v2\/posts\/4774\/revisions\/4780"}],"wp:featuredmedia":[{"embeddable":true,"href":"https:\/\/azturismo.net\/index.php?rest_route=\/wp\/v2\/media\/4775"}],"wp:attachment":[{"href":"https:\/\/azturismo.net\/index.php?rest_route=%2Fwp%2Fv2%2Fmedia&parent=4774"}],"wp:term":[{"taxonomy":"category","embeddable":true,"href":"https:\/\/azturismo.net\/index.php?rest_route=%2Fwp%2Fv2%2Fcategories&post=4774"},{"taxonomy":"post_tag","embeddable":true,"href":"https:\/\/azturismo.net\/index.php?rest_route=%2Fwp%2Fv2%2Ftags&post=4774"}],"curies":[{"name":"wp","href":"https:\/\/api.w.org\/{rel}","templated":true}]}}