{"id":4740,"date":"2025-08-07T15:03:00","date_gmt":"2025-08-07T21:03:00","guid":{"rendered":"https:\/\/azturismo.net\/?p=4740"},"modified":"2025-08-07T18:14:21","modified_gmt":"2025-08-08T00:14:21","slug":"si-vas-a-tulum-conoce-el-colmillo-del-depredador-mas-feroz-de-la-prehistoria","status":"publish","type":"post","link":"https:\/\/azturismo.net\/?p=4740","title":{"rendered":"\u00a1Si vas a Tulum conoce el colmillo del depredador m\u00e1s feroz de la prehistoria!"},"content":{"rendered":"\n<ul class=\"wp-block-list\">\n<li>Por Staff AzTurismo<\/li>\n<\/ul>\n\n\n\n<p><strong>\u00bfSab\u00edas que el depredador m\u00e1s feroz de la prehistoria nadaba donde hoy est\u00e1n los cenotes de la Riviera Maya?<\/strong> Un descubrimiento que est\u00e1 cambiando para siempre la forma en que vemos Quintana Roo y se puede apreciar en el <strong>Museo Regional de la Costa Oriental en Tulum<\/strong>, y est\u00e1 causando sensaci\u00f3n entre viajeros de todo el mundo.<\/p>\n\n\n\n<h3 class=\"wp-block-heading\">La Historia Completa del Descubrimiento M\u00e1s \u00c9pico<\/h3>\n\n\n\n<p>Dentro del cenote Maravilla, localizado en Puerto Morelos, Quintana Roo, a 28 metros de profundidad, en un contexto subacu\u00e1tico donde solo puede acceder personal especializado, el buzo de cuevas inundadas <strong>Juan Cardona<\/strong> descubri\u00f3, en 2019, un par de dientes de tibur\u00f3n&nbsp;<em>Otodus<\/em>&nbsp;(<em>Megaselachus<\/em>)&nbsp;<em>megalod\u00f3n<\/em>, el mayor depredador acu\u00e1tico de la prehistoria.<\/p>\n\n\n\n<figure class=\"wp-block-gallery has-nested-images columns-default is-cropped wp-block-gallery-1 is-layout-flex wp-block-gallery-is-layout-flex\">\n<figure class=\"wp-block-image size-large\"><img data-recalc-dims=\"1\" loading=\"lazy\" decoding=\"async\" width=\"600\" height=\"336\" data-attachment-id=\"4742\" data-permalink=\"https:\/\/azturismo.net\/?attachment_id=4742\" data-orig-file=\"https:\/\/i0.wp.com\/azturismo.net\/wp-content\/uploads\/2025\/08\/Diente-de-megalodon-adulto.-Foto-Pedro-Almada.-Proyecto-GAM.jpg?fit=600%2C336&amp;ssl=1\" data-orig-size=\"600,336\" data-comments-opened=\"1\" data-image-meta=\"{&quot;aperture&quot;:&quot;0&quot;,&quot;credit&quot;:&quot;LEYLA ORTEGA&quot;,&quot;camera&quot;:&quot;&quot;,&quot;caption&quot;:&quot;&quot;,&quot;created_timestamp&quot;:&quot;0&quot;,&quot;copyright&quot;:&quot;&quot;,&quot;focal_length&quot;:&quot;0&quot;,&quot;iso&quot;:&quot;0&quot;,&quot;shutter_speed&quot;:&quot;0&quot;,&quot;title&quot;:&quot;A\\u00f1adir un poco de texto - 2&quot;,&quot;orientation&quot;:&quot;1&quot;}\" data-image-title=\"A\u00f1adir un poco de texto &#8211; 2\" data-image-description=\"\" data-image-caption=\"\" data-large-file=\"https:\/\/i0.wp.com\/azturismo.net\/wp-content\/uploads\/2025\/08\/Diente-de-megalodon-adulto.-Foto-Pedro-Almada.-Proyecto-GAM.jpg?fit=600%2C336&amp;ssl=1\" data-id=\"4742\" src=\"https:\/\/i0.wp.com\/azturismo.net\/wp-content\/uploads\/2025\/08\/Diente-de-megalodon-adulto.-Foto-Pedro-Almada.-Proyecto-GAM.jpg?resize=600%2C336&#038;ssl=1\" alt=\"\" class=\"wp-image-4742\" srcset=\"https:\/\/i0.wp.com\/azturismo.net\/wp-content\/uploads\/2025\/08\/Diente-de-megalodon-adulto.-Foto-Pedro-Almada.-Proyecto-GAM.jpg?w=600&amp;ssl=1 600w, https:\/\/i0.wp.com\/azturismo.net\/wp-content\/uploads\/2025\/08\/Diente-de-megalodon-adulto.-Foto-Pedro-Almada.-Proyecto-GAM.jpg?resize=300%2C168&amp;ssl=1 300w, https:\/\/i0.wp.com\/azturismo.net\/wp-content\/uploads\/2025\/08\/Diente-de-megalodon-adulto.-Foto-Pedro-Almada.-Proyecto-GAM.jpg?resize=150%2C84&amp;ssl=1 150w\" sizes=\"auto, (max-width: 600px) 100vw, 600px\" \/><\/figure>\n\n\n\n<figure class=\"wp-block-image size-large\"><img data-recalc-dims=\"1\" loading=\"lazy\" decoding=\"async\" width=\"600\" height=\"396\" data-attachment-id=\"4743\" data-permalink=\"https:\/\/azturismo.net\/?attachment_id=4743\" data-orig-file=\"https:\/\/i0.wp.com\/azturismo.net\/wp-content\/uploads\/2025\/08\/Investigadores-del-Gran-Acuifero-Maya-identifican-dos-dientes-de-megalodon-en-el-Cenote-Maravilla.-Foto-Pedro-Almada.-Proyecto-GAM.jpg?fit=600%2C396&amp;ssl=1\" data-orig-size=\"600,396\" data-comments-opened=\"1\" data-image-meta=\"{&quot;aperture&quot;:&quot;0&quot;,&quot;credit&quot;:&quot;LEYLA ORTEGA&quot;,&quot;camera&quot;:&quot;&quot;,&quot;caption&quot;:&quot;&quot;,&quot;created_timestamp&quot;:&quot;0&quot;,&quot;copyright&quot;:&quot;&quot;,&quot;focal_length&quot;:&quot;0&quot;,&quot;iso&quot;:&quot;0&quot;,&quot;shutter_speed&quot;:&quot;0&quot;,&quot;title&quot;:&quot;Dise\\u00f1o sin t\\u00edtulo - 1&quot;,&quot;orientation&quot;:&quot;1&quot;}\" data-image-title=\"Dise\u00f1o sin t\u00edtulo &#8211; 1\" data-image-description=\"\" data-image-caption=\"&lt;p&gt;Fotos: Pedro Almada&lt;\/p&gt;\n\" data-large-file=\"https:\/\/i0.wp.com\/azturismo.net\/wp-content\/uploads\/2025\/08\/Investigadores-del-Gran-Acuifero-Maya-identifican-dos-dientes-de-megalodon-en-el-Cenote-Maravilla.-Foto-Pedro-Almada.-Proyecto-GAM.jpg?fit=600%2C396&amp;ssl=1\" data-id=\"4743\" src=\"https:\/\/i0.wp.com\/azturismo.net\/wp-content\/uploads\/2025\/08\/Investigadores-del-Gran-Acuifero-Maya-identifican-dos-dientes-de-megalodon-en-el-Cenote-Maravilla.-Foto-Pedro-Almada.-Proyecto-GAM.jpg?resize=600%2C396&#038;ssl=1\" alt=\"\" class=\"wp-image-4743\" srcset=\"https:\/\/i0.wp.com\/azturismo.net\/wp-content\/uploads\/2025\/08\/Investigadores-del-Gran-Acuifero-Maya-identifican-dos-dientes-de-megalodon-en-el-Cenote-Maravilla.-Foto-Pedro-Almada.-Proyecto-GAM.jpg?w=600&amp;ssl=1 600w, https:\/\/i0.wp.com\/azturismo.net\/wp-content\/uploads\/2025\/08\/Investigadores-del-Gran-Acuifero-Maya-identifican-dos-dientes-de-megalodon-en-el-Cenote-Maravilla.-Foto-Pedro-Almada.-Proyecto-GAM.jpg?resize=300%2C198&amp;ssl=1 300w, https:\/\/i0.wp.com\/azturismo.net\/wp-content\/uploads\/2025\/08\/Investigadores-del-Gran-Acuifero-Maya-identifican-dos-dientes-de-megalodon-en-el-Cenote-Maravilla.-Foto-Pedro-Almada.-Proyecto-GAM.jpg?resize=150%2C99&amp;ssl=1 150w\" sizes=\"auto, (max-width: 600px) 100vw, 600px\" \/><figcaption class=\"wp-element-caption\">Fotos: Pedro Almada<\/figcaption><\/figure>\n\n\n\n<figure class=\"wp-block-image size-large\"><img data-recalc-dims=\"1\" loading=\"lazy\" decoding=\"async\" width=\"600\" height=\"447\" data-attachment-id=\"4744\" data-permalink=\"https:\/\/azturismo.net\/?attachment_id=4744\" data-orig-file=\"https:\/\/i0.wp.com\/azturismo.net\/wp-content\/uploads\/2025\/08\/Diente-de-megalodon-sumergido-en-el-Cenote-Maravilla-durante-mas-de-2-millones-de-anos.-Foto-Pedro-Almada.-Proyecto-GAM.jpg?fit=600%2C447&amp;ssl=1\" data-orig-size=\"600,447\" data-comments-opened=\"1\" data-image-meta=\"{&quot;aperture&quot;:&quot;0&quot;,&quot;credit&quot;:&quot;LEYLA ORTEGA&quot;,&quot;camera&quot;:&quot;&quot;,&quot;caption&quot;:&quot;&quot;,&quot;created_timestamp&quot;:&quot;0&quot;,&quot;copyright&quot;:&quot;&quot;,&quot;focal_length&quot;:&quot;0&quot;,&quot;iso&quot;:&quot;0&quot;,&quot;shutter_speed&quot;:&quot;0&quot;,&quot;title&quot;:&quot;Dise\\u00f1o sin t\\u00edtulo - 1&quot;,&quot;orientation&quot;:&quot;1&quot;}\" data-image-title=\"Dise\u00f1o sin t\u00edtulo &#8211; 1\" data-image-description=\"\" data-image-caption=\"\" data-large-file=\"https:\/\/i0.wp.com\/azturismo.net\/wp-content\/uploads\/2025\/08\/Diente-de-megalodon-sumergido-en-el-Cenote-Maravilla-durante-mas-de-2-millones-de-anos.-Foto-Pedro-Almada.-Proyecto-GAM.jpg?fit=600%2C447&amp;ssl=1\" data-id=\"4744\" src=\"https:\/\/i0.wp.com\/azturismo.net\/wp-content\/uploads\/2025\/08\/Diente-de-megalodon-sumergido-en-el-Cenote-Maravilla-durante-mas-de-2-millones-de-anos.-Foto-Pedro-Almada.-Proyecto-GAM.jpg?resize=600%2C447&#038;ssl=1\" alt=\"\" class=\"wp-image-4744\" srcset=\"https:\/\/i0.wp.com\/azturismo.net\/wp-content\/uploads\/2025\/08\/Diente-de-megalodon-sumergido-en-el-Cenote-Maravilla-durante-mas-de-2-millones-de-anos.-Foto-Pedro-Almada.-Proyecto-GAM.jpg?w=600&amp;ssl=1 600w, https:\/\/i0.wp.com\/azturismo.net\/wp-content\/uploads\/2025\/08\/Diente-de-megalodon-sumergido-en-el-Cenote-Maravilla-durante-mas-de-2-millones-de-anos.-Foto-Pedro-Almada.-Proyecto-GAM.jpg?resize=300%2C224&amp;ssl=1 300w, https:\/\/i0.wp.com\/azturismo.net\/wp-content\/uploads\/2025\/08\/Diente-de-megalodon-sumergido-en-el-Cenote-Maravilla-durante-mas-de-2-millones-de-anos.-Foto-Pedro-Almada.-Proyecto-GAM.jpg?resize=150%2C112&amp;ssl=1 150w, https:\/\/i0.wp.com\/azturismo.net\/wp-content\/uploads\/2025\/08\/Diente-de-megalodon-sumergido-en-el-Cenote-Maravilla-durante-mas-de-2-millones-de-anos.-Foto-Pedro-Almada.-Proyecto-GAM.jpg?resize=485%2C360&amp;ssl=1 485w\" sizes=\"auto, (max-width: 600px) 100vw, 600px\" \/><\/figure>\n<\/figure>\n\n\n\n<p>Una de las piezas dentales corresponde a un ejemplar juvenil; la otra, de mayores dimensiones, similares a las de una mano humana en edad madura, se hall\u00f3 incrustada en un conglomerado de roca caliza que presenta otras evidencias de f\u00f3siles marinos,&nbsp;y se piensa perteneci\u00f3 a un megalod\u00f3n adulto; ambas hoy se pueden ver en la Sala 1 del&nbsp;<a href=\"https:\/\/www.inah.gob.mx\/museos\/museo-regional-de-la-costa-oriental\" target=\"_blank\" rel=\"noreferrer noopener\">Museo Regional de Costa Oriental<\/a>, en Tulum, del <strong>Instituto Nacional de Antropolog\u00eda e Historia<\/strong> (INAH).<\/p>\n\n\n\n<p><strong><mark style=\"background-color:rgba(0, 0, 0, 0)\" class=\"has-inline-color has-vivid-cyan-blue-color\">La confirmaci\u00f3n cient\u00edfica que cambi\u00f3 todo<\/mark><\/strong><br>Previamente a la exhibici\u00f3n de las piezas, investigadores del proyecto Gran Acu\u00edfero Maya (GAM), las estudiaron, luego del aviso de Cardona, quien entreg\u00f3 la pieza m\u00e1s peque\u00f1a, e indic\u00f3 la presencia de otros f\u00f3siles dentro del acu\u00edfero.<\/p>\n\n\n\n<p>Los dientes se analizaron a partir de im\u00e1genes de alta resoluci\u00f3n, por el paleont\u00f3logo <strong>Gerardo Gonz\u00e1lez Barba<\/strong>, experto en tiburones f\u00f3siles e investigador de la Universidad Aut\u00f3noma de Baja California Sur, quien confirm\u00f3 que los dientes pertenecen a la especie cosmopolita&nbsp;<em>Otodus<\/em>&nbsp;(<em>Megaselachus<\/em>)&nbsp;<em>megalod\u00f3n<\/em>.<\/p>\n\n\n<div class=\"wp-block-image\">\n<figure class=\"aligncenter size-full\"><img data-recalc-dims=\"1\" loading=\"lazy\" decoding=\"async\" width=\"600\" height=\"336\" data-attachment-id=\"4745\" data-permalink=\"https:\/\/azturismo.net\/?attachment_id=4745\" data-orig-file=\"https:\/\/i0.wp.com\/azturismo.net\/wp-content\/uploads\/2025\/08\/Dientes-de-un-megalodon-adulto-y-de-uno-juvenil-fueron-identificados-en-el-Cenote-Maravilla-por-investigadores-del-Proyecto-Gran-Acuifero-Maya.-Foto-Fernando-Carrera.-Proyecto-GAM.jpg?fit=600%2C336&amp;ssl=1\" data-orig-size=\"600,336\" data-comments-opened=\"1\" data-image-meta=\"{&quot;aperture&quot;:&quot;0&quot;,&quot;credit&quot;:&quot;LEYLA ORTEGA&quot;,&quot;camera&quot;:&quot;&quot;,&quot;caption&quot;:&quot;&quot;,&quot;created_timestamp&quot;:&quot;0&quot;,&quot;copyright&quot;:&quot;&quot;,&quot;focal_length&quot;:&quot;0&quot;,&quot;iso&quot;:&quot;0&quot;,&quot;shutter_speed&quot;:&quot;0&quot;,&quot;title&quot;:&quot;A\\u00f1adir un poco de texto - 1&quot;,&quot;orientation&quot;:&quot;1&quot;}\" data-image-title=\"A\u00f1adir un poco de texto &#8211; 1\" data-image-description=\"\" data-image-caption=\"&lt;p&gt;Foto: Fernando Carrera.&lt;\/p&gt;\n\" data-large-file=\"https:\/\/i0.wp.com\/azturismo.net\/wp-content\/uploads\/2025\/08\/Dientes-de-un-megalodon-adulto-y-de-uno-juvenil-fueron-identificados-en-el-Cenote-Maravilla-por-investigadores-del-Proyecto-Gran-Acuifero-Maya.-Foto-Fernando-Carrera.-Proyecto-GAM.jpg?fit=600%2C336&amp;ssl=1\" src=\"https:\/\/i0.wp.com\/azturismo.net\/wp-content\/uploads\/2025\/08\/Dientes-de-un-megalodon-adulto-y-de-uno-juvenil-fueron-identificados-en-el-Cenote-Maravilla-por-investigadores-del-Proyecto-Gran-Acuifero-Maya.-Foto-Fernando-Carrera.-Proyecto-GAM.jpg?resize=600%2C336&#038;ssl=1\" alt=\"\" class=\"wp-image-4745\" srcset=\"https:\/\/i0.wp.com\/azturismo.net\/wp-content\/uploads\/2025\/08\/Dientes-de-un-megalodon-adulto-y-de-uno-juvenil-fueron-identificados-en-el-Cenote-Maravilla-por-investigadores-del-Proyecto-Gran-Acuifero-Maya.-Foto-Fernando-Carrera.-Proyecto-GAM.jpg?w=600&amp;ssl=1 600w, https:\/\/i0.wp.com\/azturismo.net\/wp-content\/uploads\/2025\/08\/Dientes-de-un-megalodon-adulto-y-de-uno-juvenil-fueron-identificados-en-el-Cenote-Maravilla-por-investigadores-del-Proyecto-Gran-Acuifero-Maya.-Foto-Fernando-Carrera.-Proyecto-GAM.jpg?resize=300%2C168&amp;ssl=1 300w, https:\/\/i0.wp.com\/azturismo.net\/wp-content\/uploads\/2025\/08\/Dientes-de-un-megalodon-adulto-y-de-uno-juvenil-fueron-identificados-en-el-Cenote-Maravilla-por-investigadores-del-Proyecto-Gran-Acuifero-Maya.-Foto-Fernando-Carrera.-Proyecto-GAM.jpg?resize=150%2C84&amp;ssl=1 150w\" sizes=\"auto, (max-width: 600px) 100vw, 600px\" \/><figcaption class=\"wp-element-caption\">Foto: Fernando Carrera.<\/figcaption><\/figure><\/div>\n\n\n<p>La identificaci\u00f3n se present\u00f3 en el XVI Congreso Nacional de Paleontolog\u00eda, realizado en Chihuahua, en 2019, constituy\u00e9ndose as\u00ed en el primer registro cient\u00edfico de la presencia de esta especie extinta en el territorio que hoy ocupa Quintana Roo.<\/p>\n\n\n\n<p><strong>Datos que te van a volar la mente:<\/strong><\/p>\n\n\n\n<ul class=\"wp-block-list\">\n<li>\ud83e\udd88 <strong>18 metros de longitud<\/strong> &#8211; el doble de un tibur\u00f3n blanco actual<\/li>\n\n\n\n<li>\u23f0 <strong>23 a 2.5 millones de a\u00f1os<\/strong> (\u00e9poca Mioceno-Plioceno)<\/li>\n\n\n\n<li>\ud83c\udfca <strong>Nadaba donde hoy buceas<\/strong> en cenotes cristalinos<\/li>\n\n\n\n<li>\ud83d\udccf <strong>Dientes del tama\u00f1o de una mano humana<\/strong><\/li>\n\n\n\n<li>\ud83d\udd0d <strong>Primer registro cient\u00edfico<\/strong> de Megalod\u00f3n en Quintana Roo<\/li>\n<\/ul>\n\n\n\n<h3 class=\"wp-block-heading\">\u00bfQu\u00e9 Hace Tan Especial Esta Exhibici\u00f3n?<\/h3>\n\n\n\n<p>De acuerdo con <strong>Gonz\u00e1lez Barba<\/strong>, los dientes datan del Mioceno-Plioceno (hace 23 a 2.5 millones de a\u00f1os); una de las piezas corresponde a un ejemplar juvenil; y la de mayores dimensiones, a un megalod\u00f3n adulto.<\/p>\n\n\n\n<p>Para evitar el saqueo, la segunda pieza fue recuperada en 2021, por parte del equipo del GAM, que lo extrajo&nbsp;<em>in situ<\/em>, con protocolo cient\u00edfico.<\/p>\n\n\n\n<h3 class=\"wp-block-heading\">La Experiencia Que No Puedes Perderte<\/h3>\n\n\n\n<p><strong>\ud83d\udccd Ubicaci\u00f3n:<\/strong> Museo Regional de la Costa Oriental, Tulum<br><strong>\ud83c\udfaf Sala 1<\/strong> &#8211; F\u00e1cil de encontrar<br><strong>\ud83d\udcb0 Incluido<\/strong> en tu entrada al museo<br><strong>\ud83d\udcf8 Permitida<\/strong> fotograf\u00eda (\u00a1prepara tu Instagram!)<\/p>\n\n\n\n<h3 class=\"wp-block-heading\">Por Qu\u00e9 Este Descubrimiento Est\u00e1 Revolucionando el Turismo<\/h3>\n\n\n\n<p><strong>La ciencia detr\u00e1s del hallazgo te va a fascinar:<\/strong><\/p>\n\n\n<div class=\"wp-block-image\">\n<figure class=\"aligncenter size-full\"><img data-recalc-dims=\"1\" loading=\"lazy\" decoding=\"async\" width=\"600\" height=\"359\" data-attachment-id=\"4746\" data-permalink=\"https:\/\/azturismo.net\/?attachment_id=4746\" data-orig-file=\"https:\/\/i0.wp.com\/azturismo.net\/wp-content\/uploads\/2025\/08\/Investigadores-del-Proyecto-Gran-Acuifero-Maya-exploran-el-Cenote-Maravilla.-Foto-Pedro-Almada.jpg?fit=600%2C359&amp;ssl=1\" data-orig-size=\"600,359\" data-comments-opened=\"1\" data-image-meta=\"{&quot;aperture&quot;:&quot;0&quot;,&quot;credit&quot;:&quot;LEYLA ORTEGA&quot;,&quot;camera&quot;:&quot;&quot;,&quot;caption&quot;:&quot;&quot;,&quot;created_timestamp&quot;:&quot;0&quot;,&quot;copyright&quot;:&quot;&quot;,&quot;focal_length&quot;:&quot;0&quot;,&quot;iso&quot;:&quot;0&quot;,&quot;shutter_speed&quot;:&quot;0&quot;,&quot;title&quot;:&quot;Dise\\u00f1o sin t\\u00edtulo - 1&quot;,&quot;orientation&quot;:&quot;1&quot;}\" data-image-title=\"Dise\u00f1o sin t\u00edtulo &#8211; 1\" data-image-description=\"\" data-image-caption=\"&lt;p&gt;Foto: Pedro Almada.&lt;\/p&gt;\n\" data-large-file=\"https:\/\/i0.wp.com\/azturismo.net\/wp-content\/uploads\/2025\/08\/Investigadores-del-Proyecto-Gran-Acuifero-Maya-exploran-el-Cenote-Maravilla.-Foto-Pedro-Almada.jpg?fit=600%2C359&amp;ssl=1\" src=\"https:\/\/i0.wp.com\/azturismo.net\/wp-content\/uploads\/2025\/08\/Investigadores-del-Proyecto-Gran-Acuifero-Maya-exploran-el-Cenote-Maravilla.-Foto-Pedro-Almada.jpg?resize=600%2C359&#038;ssl=1\" alt=\"\" class=\"wp-image-4746\" srcset=\"https:\/\/i0.wp.com\/azturismo.net\/wp-content\/uploads\/2025\/08\/Investigadores-del-Proyecto-Gran-Acuifero-Maya-exploran-el-Cenote-Maravilla.-Foto-Pedro-Almada.jpg?w=600&amp;ssl=1 600w, https:\/\/i0.wp.com\/azturismo.net\/wp-content\/uploads\/2025\/08\/Investigadores-del-Proyecto-Gran-Acuifero-Maya-exploran-el-Cenote-Maravilla.-Foto-Pedro-Almada.jpg?resize=300%2C180&amp;ssl=1 300w, https:\/\/i0.wp.com\/azturismo.net\/wp-content\/uploads\/2025\/08\/Investigadores-del-Proyecto-Gran-Acuifero-Maya-exploran-el-Cenote-Maravilla.-Foto-Pedro-Almada.jpg?resize=150%2C90&amp;ssl=1 150w\" sizes=\"auto, (max-width: 600px) 100vw, 600px\" \/><figcaption class=\"wp-element-caption\">Foto: Pedro Almada.<\/figcaption><\/figure><\/div>\n\n\n<p>El paleont\u00f3logo explic\u00f3: \u201cPosiblemente cayeron al fondo del mar, hace m\u00e1s de 15 millones de a\u00f1os, mientras lo que conocemos como la pen\u00ednsula de Yucat\u00e1n estaba sumergida, cuando el cenote no se hab\u00eda formado y el lodo calc\u00e1reo fue deposit\u00e1ndose, como las capas de un pastel, en profundidades no mayores a 200 metros. Las piezas quedaron incrustadas en rocas, en medio de una de esas capas.<\/p>\n\n\n\n<p>\u201cHace 100 millones de a\u00f1os, lo que hoy es la pen\u00ednsula de Yucat\u00e1n estaba bajo el oc\u00e9ano; emergi\u00f3 hace 15 millones de a\u00f1os, aproximadamente y con ello se dio el intemperismo k\u00e1rstico, un proceso de disoluci\u00f3n de la roca calc\u00e1rea, ocasionado por la lluvia, que degrada piedras calizas dando paso a la formaci\u00f3n de las cuevas\u201d, dijo.<\/p>\n\n\n\n<p><strong><mark style=\"background-color:rgba(0, 0, 0, 0)\" class=\"has-inline-color has-vivid-cyan-blue-color\">Imag\u00ednate<\/mark><\/strong>: hace millones de a\u00f1os, <strong>donde hoy te tomas selfies en cenotes paradis\u00edacos, nadaban tiburones de 18 metros<\/strong>. La pen\u00ednsula de Yucat\u00e1n era un <strong>lugar prehist\u00f3rico<\/strong> donde el Megalod\u00f3n se reproduc\u00eda y cazaba.<\/p>\n\n\n\n<p><strong>Seg\u00fan el equipo del Gran Acu\u00edfero Maya (GAM)<\/strong> esta zona pudo haber sido aprovechada por el megalod\u00f3n <strong>espec\u00edficamente para reproducirse y alimentarse<\/strong> cuando el territorio estaba sumergido.<\/p>\n\n\n\n<h2 class=\"wp-block-heading\">Evidencia de otras especies en M\u00e9xico<\/h2>\n\n\n\n<p>En M\u00e9xico se tiene registro de restos \u00f3seos de este tipo en afloramientos de Baja California y en Palenque, Chiapas, as\u00ed como en cuevas y cenotes de la pen\u00ednsula de Yucat\u00e1n, donde tambi\u00e9n hay evidencias de otras especies de tiburones; sin embargo, este es el primer hallazgo de su tipo documentado en Quintana Roo.<\/p>\n\n\n\n<p>Como parte del Proyecto de Preservaci\u00f3n Digital del GAM, Guillermo de Anda y su equipo de trabajo, con apoyo de la Embajada de Suiza en M\u00e9xico, National Geographic Society, Dive Rite, Seahorse 360 y Creative DataBases, realizaron una&nbsp;<a href=\"https:\/\/sketchfab.com\/3d-models\/diente-de-megalodon-4256c4e3b57c4897a81d64fcc41668e9\" target=\"_blank\" rel=\"noreferrer noopener\">reproducci\u00f3n digital<\/a>&nbsp;de los elementos f\u00f3siles, con lo que se busca conservar digitalmente el patrimonio cultural de cuevas y cenotes de la pen\u00ednsula de Yucat\u00e1n.<\/p>\n\n\n\n<h3 class=\"wp-block-heading\">Tu Nueva Raz\u00f3n Para Visitar Tulum<\/h3>\n\n\n\n<p>Si pensabas que ya hab\u00edas visto todo lo que Tulum ten\u00eda para ofrecer, <strong>este descubrimiento lo cambia todo<\/strong>. No es solo un museo m\u00e1s; es la ventana a un pasado prehist\u00f3rico que te conecta con la \u00e9poca m\u00e1s salvaje de nuestro planeta.<\/p>\n\n\n\n<p><strong>Pr\u00f3xima vez que bucees en un cenote, recuerda:<\/strong> est\u00e1s nadando donde una vez caz\u00f3 el depredador m\u00e1s temible de la historia.<\/p>\n\n\n\n<p><strong>\ud83d\udccd Museo Regional de la Costa Oriental<\/strong><br>Tulum, Quintana Roo<br><strong>\ud83d\udd50 Horarios de visita regulares<\/strong><br><strong>\ud83d\udca1 Comb\u00ednalo con:<\/strong> arqueolog\u00eda de Tulum, cenotes, playa<\/p>\n\n\n\n<h2 class=\"wp-block-heading\">\u00a1S\u00edguenos!<\/h2>\n\n\n\n<p><a href=\"https:\/\/www.facebook.com\/AzturismoNoticias\">https:\/\/www.facebook.com\/AzturismoNoticias<\/a><\/p>\n\n\n\n<p><strong><a href=\"mailto:tiktok.com\/@azturismo\">tiktok.com\/@azturismo<\/a><\/strong><\/p>\n\n\n\n<p><strong><a href=\"https:\/\/www.instagram.com\/azturismo_noticias\">www.instagram.com\/azturismo_noticias<\/a><\/strong><\/p>\n\n\n\n<p><a href=\"https:\/\/x.com\/AzTurismo\">https:\/\/x.com\/AzTurismo<\/a><\/p>\n\n\n\n<p><\/p>\n","protected":false},"excerpt":{"rendered":"<p>\u00bfSab\u00edas que el depredador m\u00e1s feroz de la prehistoria nadaba donde hoy est\u00e1n los cenotes de la Riviera Maya? Un descubrimiento que est\u00e1 cambiando para siempre la forma en que vemos Quintana Roo y se puede apreciar en el Museo Regional de la Costa Oriental en Tulum, y est\u00e1 causando sensaci\u00f3n entre viajeros de todo [&hellip;]<\/p>\n","protected":false},"author":1,"featured_media":4741,"comment_status":"open","ping_status":"open","sticky":false,"template":"","format":"standard","meta":{"jetpack_post_was_ever_published":false,"_jetpack_newsletter_access":"","_jetpack_dont_email_post_to_subs":false,"_jetpack_newsletter_tier_id":0,"_jetpack_memberships_contains_paywalled_content":false,"_jetpack_memberships_contains_paid_content":false,"footnotes":"","jetpack_publicize_message":"","jetpack_publicize_feature_enabled":true,"jetpack_social_post_already_shared":true,"jetpack_social_options":{"image_generator_settings":{"template":"highway","default_image_id":0,"font":"","enabled":false},"version":2}},"categories":[30,29],"tags":[99,2041,2039,2042,2040,192,2043,1596,620,39,38],"class_list":{"0":"post-4740","1":"post","2":"type-post","3":"status-publish","4":"format-standard","5":"has-post-thumbnail","7":"category-e","8":"category-nacionales","9":"tag-azturismo","10":"tag-cenote","11":"tag-cenote-maravilla","12":"tag-cuevas-inundadas","13":"tag-dientes-de-tiburon","14":"tag-inah","15":"tag-megalodon","16":"tag-peninsula-de-yucatan","17":"tag-quintana-roo","18":"tag-turismo","19":"tag-viajes"},"yoast_head":"<!-- This site is optimized with the Yoast SEO plugin v27.5 - https:\/\/yoast.com\/product\/yoast-seo-wordpress\/ -->\n<title>\u00a1Si vas a Tulum conoce el colmillo del depredador m\u00e1s feroz de la prehistoria! - Azturismo Noticias<\/title>\n<meta name=\"description\" content=\"\u00bfSab\u00edas que el depredador m\u00e1s feroz de la prehistoria nadaba donde hoy est\u00e1n los cenotes de la Riviera Maya? Un descubrimiento que est\u00e1 cambiando para siempre la forma en que vemos Quintana Roo y se puede apreciar en el Museo Regional de la Costa Oriental en Tulum, y est\u00e1 causando sensaci\u00f3n entre viajeros de todo el mundo.\" \/>\n<meta name=\"robots\" content=\"index, follow, max-snippet:-1, max-image-preview:large, max-video-preview:-1\" \/>\n<link rel=\"canonical\" href=\"https:\/\/azturismo.net\/?p=4740\" \/>\n<meta property=\"og:locale\" content=\"es_MX\" \/>\n<meta property=\"og:type\" content=\"article\" \/>\n<meta property=\"og:title\" content=\"\u00a1Si vas a Tulum conoce el colmillo del depredador m\u00e1s feroz de la prehistoria! - Azturismo Noticias\" \/>\n<meta property=\"og:description\" content=\"\u00bfSab\u00edas que el depredador m\u00e1s feroz de la prehistoria nadaba donde hoy est\u00e1n los cenotes de la Riviera Maya? Un descubrimiento que est\u00e1 cambiando para siempre la forma en que vemos Quintana Roo y se puede apreciar en el Museo Regional de la Costa Oriental en Tulum, y est\u00e1 causando sensaci\u00f3n entre viajeros de todo el mundo.\" \/>\n<meta property=\"og:url\" content=\"https:\/\/azturismo.net\/?p=4740\" \/>\n<meta property=\"og:site_name\" content=\"Azturismo Noticias\" \/>\n<meta property=\"article:publisher\" content=\"https:\/\/www.facebook.com\/AzturismoNoticias\" \/>\n<meta property=\"article:published_time\" content=\"2025-08-07T21:03:00+00:00\" \/>\n<meta property=\"article:modified_time\" content=\"2025-08-08T00:14:21+00:00\" \/>\n<meta property=\"og:image\" content=\"https:\/\/azturismo.net\/wp-content\/uploads\/2025\/08\/Cenote-Maravilla.-Foto-Pedro-Almada.-Proyecto-GAM.png\" \/>\n\t<meta property=\"og:image:width\" content=\"600\" \/>\n\t<meta property=\"og:image:height\" content=\"392\" \/>\n\t<meta property=\"og:image:type\" content=\"image\/png\" \/>\n<meta name=\"author\" content=\"Azturismo\" \/>\n<meta name=\"twitter:card\" content=\"summary_large_image\" \/>\n<meta name=\"twitter:creator\" content=\"@AzTurismo\" \/>\n<meta name=\"twitter:site\" content=\"@AzTurismo\" \/>\n<meta name=\"twitter:label1\" content=\"Escrito por\" \/>\n\t<meta name=\"twitter:data1\" content=\"Azturismo\" \/>\n\t<meta name=\"twitter:label2\" content=\"Tiempo de lectura\" \/>\n\t<meta name=\"twitter:data2\" content=\"6 minutos\" \/>\n<script type=\"application\/ld+json\" class=\"yoast-schema-graph\">{\"@context\":\"https:\\\/\\\/schema.org\",\"@graph\":[{\"@type\":\"Article\",\"@id\":\"https:\\\/\\\/azturismo.net\\\/?p=4740#article\",\"isPartOf\":{\"@id\":\"https:\\\/\\\/azturismo.net\\\/?p=4740\"},\"author\":{\"name\":\"Azturismo\",\"@id\":\"https:\\\/\\\/azturismo.net\\\/#\\\/schema\\\/person\\\/4b56d87f51c4d1b518c650739ad3bbc1\"},\"headline\":\"\u00a1Si vas a Tulum conoce el colmillo del depredador m\u00e1s feroz de la prehistoria!\",\"datePublished\":\"2025-08-07T21:03:00+00:00\",\"dateModified\":\"2025-08-08T00:14:21+00:00\",\"mainEntityOfPage\":{\"@id\":\"https:\\\/\\\/azturismo.net\\\/?p=4740\"},\"wordCount\":1009,\"commentCount\":0,\"publisher\":{\"@id\":\"https:\\\/\\\/azturismo.net\\\/#organization\"},\"image\":{\"@id\":\"https:\\\/\\\/azturismo.net\\\/?p=4740#primaryimage\"},\"thumbnailUrl\":\"https:\\\/\\\/i0.wp.com\\\/azturismo.net\\\/wp-content\\\/uploads\\\/2025\\\/08\\\/Cenote-Maravilla.-Foto-Pedro-Almada.-Proyecto-GAM.png?fit=600%2C392&ssl=1\",\"keywords\":[\"azturismo\",\"cenote\",\"cenote Maravilla\",\"cuevas inundadas\",\"dientes de tibur\u00f3n\",\"INAH\",\"megalod\u00f3n\",\"Pen\u00ednsula de Yucat\u00e1n\",\"Quintana Roo\",\"Turismo\",\"Viajes\"],\"articleSection\":[\"Destacadas\",\"NACIONALES\"],\"inLanguage\":\"es\",\"potentialAction\":[{\"@type\":\"CommentAction\",\"name\":\"Comment\",\"target\":[\"https:\\\/\\\/azturismo.net\\\/?p=4740#respond\"]}]},{\"@type\":\"WebPage\",\"@id\":\"https:\\\/\\\/azturismo.net\\\/?p=4740\",\"url\":\"https:\\\/\\\/azturismo.net\\\/?p=4740\",\"name\":\"\u00a1Si vas a Tulum conoce el colmillo del depredador m\u00e1s feroz de la prehistoria! - Azturismo Noticias\",\"isPartOf\":{\"@id\":\"https:\\\/\\\/azturismo.net\\\/#website\"},\"primaryImageOfPage\":{\"@id\":\"https:\\\/\\\/azturismo.net\\\/?p=4740#primaryimage\"},\"image\":{\"@id\":\"https:\\\/\\\/azturismo.net\\\/?p=4740#primaryimage\"},\"thumbnailUrl\":\"https:\\\/\\\/i0.wp.com\\\/azturismo.net\\\/wp-content\\\/uploads\\\/2025\\\/08\\\/Cenote-Maravilla.-Foto-Pedro-Almada.-Proyecto-GAM.png?fit=600%2C392&ssl=1\",\"datePublished\":\"2025-08-07T21:03:00+00:00\",\"dateModified\":\"2025-08-08T00:14:21+00:00\",\"description\":\"\u00bfSab\u00edas que el depredador m\u00e1s feroz de la prehistoria nadaba donde hoy est\u00e1n los cenotes de la Riviera Maya? Un descubrimiento que est\u00e1 cambiando para siempre la forma en que vemos Quintana Roo y se puede apreciar en el Museo Regional de la Costa Oriental en Tulum, y est\u00e1 causando sensaci\u00f3n entre viajeros de todo el mundo.\",\"breadcrumb\":{\"@id\":\"https:\\\/\\\/azturismo.net\\\/?p=4740#breadcrumb\"},\"inLanguage\":\"es\",\"potentialAction\":[{\"@type\":\"ReadAction\",\"target\":[\"https:\\\/\\\/azturismo.net\\\/?p=4740\"]}]},{\"@type\":\"ImageObject\",\"inLanguage\":\"es\",\"@id\":\"https:\\\/\\\/azturismo.net\\\/?p=4740#primaryimage\",\"url\":\"https:\\\/\\\/i0.wp.com\\\/azturismo.net\\\/wp-content\\\/uploads\\\/2025\\\/08\\\/Cenote-Maravilla.-Foto-Pedro-Almada.-Proyecto-GAM.png?fit=600%2C392&ssl=1\",\"contentUrl\":\"https:\\\/\\\/i0.wp.com\\\/azturismo.net\\\/wp-content\\\/uploads\\\/2025\\\/08\\\/Cenote-Maravilla.-Foto-Pedro-Almada.-Proyecto-GAM.png?fit=600%2C392&ssl=1\",\"width\":600,\"height\":392,\"caption\":\"Cenote Maravilla. Foto: Pedro Almada. Proyecto GAM.\"},{\"@type\":\"BreadcrumbList\",\"@id\":\"https:\\\/\\\/azturismo.net\\\/?p=4740#breadcrumb\",\"itemListElement\":[{\"@type\":\"ListItem\",\"position\":1,\"name\":\"Home\",\"item\":\"https:\\\/\\\/azturismo.net\\\/\"},{\"@type\":\"ListItem\",\"position\":2,\"name\":\"\u00a1Si vas a Tulum conoce el colmillo del depredador m\u00e1s feroz de la prehistoria!\"}]},{\"@type\":\"WebSite\",\"@id\":\"https:\\\/\\\/azturismo.net\\\/#website\",\"url\":\"https:\\\/\\\/azturismo.net\\\/\",\"name\":\"Azturismo\",\"description\":\"Azturismo Noticias\",\"publisher\":{\"@id\":\"https:\\\/\\\/azturismo.net\\\/#organization\"},\"potentialAction\":[{\"@type\":\"SearchAction\",\"target\":{\"@type\":\"EntryPoint\",\"urlTemplate\":\"https:\\\/\\\/azturismo.net\\\/?s={search_term_string}\"},\"query-input\":{\"@type\":\"PropertyValueSpecification\",\"valueRequired\":true,\"valueName\":\"search_term_string\"}}],\"inLanguage\":\"es\"},{\"@type\":\"Organization\",\"@id\":\"https:\\\/\\\/azturismo.net\\\/#organization\",\"name\":\"Azturismo\",\"url\":\"https:\\\/\\\/azturismo.net\\\/\",\"logo\":{\"@type\":\"ImageObject\",\"inLanguage\":\"es\",\"@id\":\"https:\\\/\\\/azturismo.net\\\/#\\\/schema\\\/logo\\\/image\\\/\",\"url\":\"https:\\\/\\\/i0.wp.com\\\/azturismo.net\\\/wp-content\\\/uploads\\\/2024\\\/03\\\/logo-el-bueno-.png?fit=294%2C69&ssl=1\",\"contentUrl\":\"https:\\\/\\\/i0.wp.com\\\/azturismo.net\\\/wp-content\\\/uploads\\\/2024\\\/03\\\/logo-el-bueno-.png?fit=294%2C69&ssl=1\",\"width\":294,\"height\":69,\"caption\":\"Azturismo\"},\"image\":{\"@id\":\"https:\\\/\\\/azturismo.net\\\/#\\\/schema\\\/logo\\\/image\\\/\"},\"sameAs\":[\"https:\\\/\\\/www.facebook.com\\\/AzturismoNoticias\",\"https:\\\/\\\/x.com\\\/AzTurismo\",\"https:\\\/\\\/www.instagram.com\\\/azturismo_noticias\\\/?fbclid=IwAR2xMiuoHbs6eLeIHKP8P5sSGa-xFrw7FfejscXO7kDghWa7wKLjGczKOwE\",\"https:\\\/\\\/www.tiktok.com\\\/@azturismo\"]},{\"@type\":\"Person\",\"@id\":\"https:\\\/\\\/azturismo.net\\\/#\\\/schema\\\/person\\\/4b56d87f51c4d1b518c650739ad3bbc1\",\"name\":\"Azturismo\",\"image\":{\"@type\":\"ImageObject\",\"inLanguage\":\"es\",\"@id\":\"https:\\\/\\\/azturismo.net\\\/wp-content\\\/litespeed\\\/avatar\\\/dfe28a31cdd68b788da48a316e50db10.jpg?ver=1777707566\",\"url\":\"https:\\\/\\\/azturismo.net\\\/wp-content\\\/litespeed\\\/avatar\\\/dfe28a31cdd68b788da48a316e50db10.jpg?ver=1777707566\",\"contentUrl\":\"https:\\\/\\\/azturismo.net\\\/wp-content\\\/litespeed\\\/avatar\\\/dfe28a31cdd68b788da48a316e50db10.jpg?ver=1777707566\",\"caption\":\"Azturismo\"},\"sameAs\":[\"https:\\\/\\\/azturismo.net\"],\"url\":\"https:\\\/\\\/azturismo.net\\\/?author=1\"}]}<\/script>\n<!-- \/ Yoast SEO plugin. -->","yoast_head_json":{"title":"\u00a1Si vas a Tulum conoce el colmillo del depredador m\u00e1s feroz de la prehistoria! - Azturismo Noticias","description":"\u00bfSab\u00edas que el depredador m\u00e1s feroz de la prehistoria nadaba donde hoy est\u00e1n los cenotes de la Riviera Maya? Un descubrimiento que est\u00e1 cambiando para siempre la forma en que vemos Quintana Roo y se puede apreciar en el Museo Regional de la Costa Oriental en Tulum, y est\u00e1 causando sensaci\u00f3n entre viajeros de todo el mundo.","robots":{"index":"index","follow":"follow","max-snippet":"max-snippet:-1","max-image-preview":"max-image-preview:large","max-video-preview":"max-video-preview:-1"},"canonical":"https:\/\/azturismo.net\/?p=4740","og_locale":"es_MX","og_type":"article","og_title":"\u00a1Si vas a Tulum conoce el colmillo del depredador m\u00e1s feroz de la prehistoria! - Azturismo Noticias","og_description":"\u00bfSab\u00edas que el depredador m\u00e1s feroz de la prehistoria nadaba donde hoy est\u00e1n los cenotes de la Riviera Maya? Un descubrimiento que est\u00e1 cambiando para siempre la forma en que vemos Quintana Roo y se puede apreciar en el Museo Regional de la Costa Oriental en Tulum, y est\u00e1 causando sensaci\u00f3n entre viajeros de todo el mundo.","og_url":"https:\/\/azturismo.net\/?p=4740","og_site_name":"Azturismo Noticias","article_publisher":"https:\/\/www.facebook.com\/AzturismoNoticias","article_published_time":"2025-08-07T21:03:00+00:00","article_modified_time":"2025-08-08T00:14:21+00:00","og_image":[{"width":600,"height":392,"url":"https:\/\/azturismo.net\/wp-content\/uploads\/2025\/08\/Cenote-Maravilla.-Foto-Pedro-Almada.-Proyecto-GAM.png","type":"image\/png"}],"author":"Azturismo","twitter_card":"summary_large_image","twitter_creator":"@AzTurismo","twitter_site":"@AzTurismo","twitter_misc":{"Escrito por":"Azturismo","Tiempo de lectura":"6 minutos"},"schema":{"@context":"https:\/\/schema.org","@graph":[{"@type":"Article","@id":"https:\/\/azturismo.net\/?p=4740#article","isPartOf":{"@id":"https:\/\/azturismo.net\/?p=4740"},"author":{"name":"Azturismo","@id":"https:\/\/azturismo.net\/#\/schema\/person\/4b56d87f51c4d1b518c650739ad3bbc1"},"headline":"\u00a1Si vas a Tulum conoce el colmillo del depredador m\u00e1s feroz de la prehistoria!","datePublished":"2025-08-07T21:03:00+00:00","dateModified":"2025-08-08T00:14:21+00:00","mainEntityOfPage":{"@id":"https:\/\/azturismo.net\/?p=4740"},"wordCount":1009,"commentCount":0,"publisher":{"@id":"https:\/\/azturismo.net\/#organization"},"image":{"@id":"https:\/\/azturismo.net\/?p=4740#primaryimage"},"thumbnailUrl":"https:\/\/i0.wp.com\/azturismo.net\/wp-content\/uploads\/2025\/08\/Cenote-Maravilla.-Foto-Pedro-Almada.-Proyecto-GAM.png?fit=600%2C392&ssl=1","keywords":["azturismo","cenote","cenote Maravilla","cuevas inundadas","dientes de tibur\u00f3n","INAH","megalod\u00f3n","Pen\u00ednsula de Yucat\u00e1n","Quintana Roo","Turismo","Viajes"],"articleSection":["Destacadas","NACIONALES"],"inLanguage":"es","potentialAction":[{"@type":"CommentAction","name":"Comment","target":["https:\/\/azturismo.net\/?p=4740#respond"]}]},{"@type":"WebPage","@id":"https:\/\/azturismo.net\/?p=4740","url":"https:\/\/azturismo.net\/?p=4740","name":"\u00a1Si vas a Tulum conoce el colmillo del depredador m\u00e1s feroz de la prehistoria! - Azturismo Noticias","isPartOf":{"@id":"https:\/\/azturismo.net\/#website"},"primaryImageOfPage":{"@id":"https:\/\/azturismo.net\/?p=4740#primaryimage"},"image":{"@id":"https:\/\/azturismo.net\/?p=4740#primaryimage"},"thumbnailUrl":"https:\/\/i0.wp.com\/azturismo.net\/wp-content\/uploads\/2025\/08\/Cenote-Maravilla.-Foto-Pedro-Almada.-Proyecto-GAM.png?fit=600%2C392&ssl=1","datePublished":"2025-08-07T21:03:00+00:00","dateModified":"2025-08-08T00:14:21+00:00","description":"\u00bfSab\u00edas que el depredador m\u00e1s feroz de la prehistoria nadaba donde hoy est\u00e1n los cenotes de la Riviera Maya? Un descubrimiento que est\u00e1 cambiando para siempre la forma en que vemos Quintana Roo y se puede apreciar en el Museo Regional de la Costa Oriental en Tulum, y est\u00e1 causando sensaci\u00f3n entre viajeros de todo el mundo.","breadcrumb":{"@id":"https:\/\/azturismo.net\/?p=4740#breadcrumb"},"inLanguage":"es","potentialAction":[{"@type":"ReadAction","target":["https:\/\/azturismo.net\/?p=4740"]}]},{"@type":"ImageObject","inLanguage":"es","@id":"https:\/\/azturismo.net\/?p=4740#primaryimage","url":"https:\/\/i0.wp.com\/azturismo.net\/wp-content\/uploads\/2025\/08\/Cenote-Maravilla.-Foto-Pedro-Almada.-Proyecto-GAM.png?fit=600%2C392&ssl=1","contentUrl":"https:\/\/i0.wp.com\/azturismo.net\/wp-content\/uploads\/2025\/08\/Cenote-Maravilla.-Foto-Pedro-Almada.-Proyecto-GAM.png?fit=600%2C392&ssl=1","width":600,"height":392,"caption":"Cenote Maravilla. Foto: Pedro Almada. Proyecto GAM."},{"@type":"BreadcrumbList","@id":"https:\/\/azturismo.net\/?p=4740#breadcrumb","itemListElement":[{"@type":"ListItem","position":1,"name":"Home","item":"https:\/\/azturismo.net\/"},{"@type":"ListItem","position":2,"name":"\u00a1Si vas a Tulum conoce el colmillo del depredador m\u00e1s feroz de la prehistoria!"}]},{"@type":"WebSite","@id":"https:\/\/azturismo.net\/#website","url":"https:\/\/azturismo.net\/","name":"Azturismo","description":"Azturismo Noticias","publisher":{"@id":"https:\/\/azturismo.net\/#organization"},"potentialAction":[{"@type":"SearchAction","target":{"@type":"EntryPoint","urlTemplate":"https:\/\/azturismo.net\/?s={search_term_string}"},"query-input":{"@type":"PropertyValueSpecification","valueRequired":true,"valueName":"search_term_string"}}],"inLanguage":"es"},{"@type":"Organization","@id":"https:\/\/azturismo.net\/#organization","name":"Azturismo","url":"https:\/\/azturismo.net\/","logo":{"@type":"ImageObject","inLanguage":"es","@id":"https:\/\/azturismo.net\/#\/schema\/logo\/image\/","url":"https:\/\/i0.wp.com\/azturismo.net\/wp-content\/uploads\/2024\/03\/logo-el-bueno-.png?fit=294%2C69&ssl=1","contentUrl":"https:\/\/i0.wp.com\/azturismo.net\/wp-content\/uploads\/2024\/03\/logo-el-bueno-.png?fit=294%2C69&ssl=1","width":294,"height":69,"caption":"Azturismo"},"image":{"@id":"https:\/\/azturismo.net\/#\/schema\/logo\/image\/"},"sameAs":["https:\/\/www.facebook.com\/AzturismoNoticias","https:\/\/x.com\/AzTurismo","https:\/\/www.instagram.com\/azturismo_noticias\/?fbclid=IwAR2xMiuoHbs6eLeIHKP8P5sSGa-xFrw7FfejscXO7kDghWa7wKLjGczKOwE","https:\/\/www.tiktok.com\/@azturismo"]},{"@type":"Person","@id":"https:\/\/azturismo.net\/#\/schema\/person\/4b56d87f51c4d1b518c650739ad3bbc1","name":"Azturismo","image":{"@type":"ImageObject","inLanguage":"es","@id":"https:\/\/azturismo.net\/wp-content\/litespeed\/avatar\/dfe28a31cdd68b788da48a316e50db10.jpg?ver=1777707566","url":"https:\/\/azturismo.net\/wp-content\/litespeed\/avatar\/dfe28a31cdd68b788da48a316e50db10.jpg?ver=1777707566","contentUrl":"https:\/\/azturismo.net\/wp-content\/litespeed\/avatar\/dfe28a31cdd68b788da48a316e50db10.jpg?ver=1777707566","caption":"Azturismo"},"sameAs":["https:\/\/azturismo.net"],"url":"https:\/\/azturismo.net\/?author=1"}]}},"jetpack_publicize_connections":[],"jetpack_featured_media_url":"https:\/\/i0.wp.com\/azturismo.net\/wp-content\/uploads\/2025\/08\/Cenote-Maravilla.-Foto-Pedro-Almada.-Proyecto-GAM.png?fit=600%2C392&ssl=1","jetpack_sharing_enabled":true,"jetpack-related-posts":[{"id":6158,"url":"https:\/\/azturismo.net\/?p=6158","url_meta":{"origin":4740,"position":0},"title":"Necesario equilibrio entre crecimiento tur\u00edstico y sostenibilidad en Tulum","author":"Azturismo","date":"octubre 22, 2025","format":false,"excerpt":"Por Staff AzTurismo \ud83c\udf3f En medio de los desaf\u00edos que enfrenta Tulum por el crecimiento acelerado del turismo y la presi\u00f3n sobre sus ecosistemas, la secretaria de Turismo del Gobierno de M\u00e9xico, Josefina Rodr\u00edguez Zamora, realiz\u00f3 una visita de trabajo para atender los principales temas que afectan la sostenibilidad y\u2026","rel":"","context":"En &quot;Destacadas&quot;","block_context":{"text":"Destacadas","link":"https:\/\/azturismo.net\/?cat=30"},"img":{"alt_text":"","src":"https:\/\/i0.wp.com\/azturismo.net\/wp-content\/uploads\/2025\/10\/Sectur-Tulum2.jpeg?fit=600%2C399&ssl=1&resize=350%2C200","width":350,"height":200,"srcset":"https:\/\/i0.wp.com\/azturismo.net\/wp-content\/uploads\/2025\/10\/Sectur-Tulum2.jpeg?fit=600%2C399&ssl=1&resize=350%2C200 1x, https:\/\/i0.wp.com\/azturismo.net\/wp-content\/uploads\/2025\/10\/Sectur-Tulum2.jpeg?fit=600%2C399&ssl=1&resize=525%2C300 1.5x"},"classes":[]},{"id":4828,"url":"https:\/\/azturismo.net\/?p=4828","url_meta":{"origin":4740,"position":1},"title":"Chetumal y Mahahual, dos joyas del Caribe Mexicano para despertar tu esp\u00edritu aventurero","author":"Azturismo","date":"agosto 13, 2025","format":false,"excerpt":"Por Montserrat Rivera En el vibrante coraz\u00f3n del Caribe Mexicano, donde la historia, la cultura y la naturaleza se encuentran, Chetumal y Mahahual se posicionan como dos destinos imperdibles para quienes buscan vivir experiencias \u00fanicas. Con su encanto cultural, playas paradis\u00edacas y actividades para toda la familia, estas joyas de\u2026","rel":"","context":"En &quot;Destacadas&quot;","block_context":{"text":"Destacadas","link":"https:\/\/azturismo.net\/?cat=30"},"img":{"alt_text":"","src":"https:\/\/i0.wp.com\/azturismo.net\/wp-content\/uploads\/2025\/08\/Chetumal-Boulevard-Bahia.jpg?fit=600%2C337&ssl=1&resize=350%2C200","width":350,"height":200,"srcset":"https:\/\/i0.wp.com\/azturismo.net\/wp-content\/uploads\/2025\/08\/Chetumal-Boulevard-Bahia.jpg?fit=600%2C337&ssl=1&resize=350%2C200 1x, https:\/\/i0.wp.com\/azturismo.net\/wp-content\/uploads\/2025\/08\/Chetumal-Boulevard-Bahia.jpg?fit=600%2C337&ssl=1&resize=525%2C300 1.5x"},"classes":[]},{"id":3846,"url":"https:\/\/azturismo.net\/?p=3846","url_meta":{"origin":4740,"position":2},"title":"Sting se apoder\u00f3 del Mexican Caribbean Music Fest 2025","author":"Azturismo","date":"mayo 20, 2025","format":false,"excerpt":"La primera edici\u00f3n del Mexican Caribbean Music Fest (MCMF) concluy\u00f3 este fin de semana con un \u00e9xito sin precedentes, registrando un lleno total con m\u00e1s de 20,000 asistentes que vibraron al ritmo de destacados artistas internacionales encabezados por la leyenda musical Sting. El evento, celebrado en el paradis\u00edaco entorno del\u2026","rel":"","context":"En &quot;Destacadas&quot;","block_context":{"text":"Destacadas","link":"https:\/\/azturismo.net\/?cat=30"},"img":{"alt_text":"","src":"https:\/\/i0.wp.com\/azturismo.net\/wp-content\/uploads\/2025\/05\/Sting-2.jpeg?fit=600%2C399&ssl=1&resize=350%2C200","width":350,"height":200,"srcset":"https:\/\/i0.wp.com\/azturismo.net\/wp-content\/uploads\/2025\/05\/Sting-2.jpeg?fit=600%2C399&ssl=1&resize=350%2C200 1x, https:\/\/i0.wp.com\/azturismo.net\/wp-content\/uploads\/2025\/05\/Sting-2.jpeg?fit=600%2C399&ssl=1&resize=525%2C300 1.5x"},"classes":[]},{"id":3990,"url":"https:\/\/azturismo.net\/?p=3990","url_meta":{"origin":4740,"position":3},"title":"La Meliponicultura Maya florece en Quintana Roo","author":"Azturismo","date":"junio 4, 2025","format":false,"excerpt":"Por Staff AzTurismo La dulce tradici\u00f3n de la meliponicultura prehisp\u00e1nica sigue viva en Quintana Roo, un legado maya que el Instituto Nacional de Antropolog\u00eda e Historia (INAH) y especialistas locales se esmeran en preservar. Recientemente, en el Museo Hist\u00f3rico de Felipe Carrillo Puerto, parte de la red INAH, se destac\u00f3\u2026","rel":"","context":"En &quot;Destacadas&quot;","block_context":{"text":"Destacadas","link":"https:\/\/azturismo.net\/?cat=30"},"img":{"alt_text":"","src":"https:\/\/i0.wp.com\/azturismo.net\/wp-content\/uploads\/2025\/06\/Fotos-cortesia-CINAH-Quintana-Roo.jpeg?fit=600%2C328&ssl=1&resize=350%2C200","width":350,"height":200,"srcset":"https:\/\/i0.wp.com\/azturismo.net\/wp-content\/uploads\/2025\/06\/Fotos-cortesia-CINAH-Quintana-Roo.jpeg?fit=600%2C328&ssl=1&resize=350%2C200 1x, https:\/\/i0.wp.com\/azturismo.net\/wp-content\/uploads\/2025\/06\/Fotos-cortesia-CINAH-Quintana-Roo.jpeg?fit=600%2C328&ssl=1&resize=525%2C300 1.5x"},"classes":[]},{"id":6753,"url":"https:\/\/azturismo.net\/?p=6753","url_meta":{"origin":4740,"position":4},"title":"\u00a1Reabre el enigm\u00e1tico Nohoch Mul en Cob\u00e1!","author":"Azturismo","date":"diciembre 11, 2025","format":false,"excerpt":"Por Staff AzTurismo \ud83c\udf89Despu\u00e9s de seis a\u00f1os de cierre, el emblem\u00e1tico basamento Nohoch Mul \u2013gran mont\u00edculo, en maya yucateco\u2013 , la estructura prehisp\u00e1nica m\u00e1s elevada del norte del \u00e1rea maya, volvi\u00f3 a abrir al p\u00fablico con una nueva escalinata de madera y una Unidad de Servicios renovada, como parte del\u2026","rel":"","context":"En &quot;Destacadas&quot;","block_context":{"text":"Destacadas","link":"https:\/\/azturismo.net\/?cat=30"},"img":{"alt_text":"","src":"https:\/\/i0.wp.com\/azturismo.net\/wp-content\/uploads\/2025\/12\/Con-una-inversion-cercana-a-los-cinco-millones-de-pesos-la-Secretaria-de-Cultura-del-Gobierno-de-Mexico-y-el-INAH-fortalecen-la-proteccion-del-patrimonio.-Foto-Secretaria-de-Cultura.jpeg?fit=600%2C400&ssl=1&resize=350%2C200","width":350,"height":200,"srcset":"https:\/\/i0.wp.com\/azturismo.net\/wp-content\/uploads\/2025\/12\/Con-una-inversion-cercana-a-los-cinco-millones-de-pesos-la-Secretaria-de-Cultura-del-Gobierno-de-Mexico-y-el-INAH-fortalecen-la-proteccion-del-patrimonio.-Foto-Secretaria-de-Cultura.jpeg?fit=600%2C400&ssl=1&resize=350%2C200 1x, https:\/\/i0.wp.com\/azturismo.net\/wp-content\/uploads\/2025\/12\/Con-una-inversion-cercana-a-los-cinco-millones-de-pesos-la-Secretaria-de-Cultura-del-Gobierno-de-Mexico-y-el-INAH-fortalecen-la-proteccion-del-patrimonio.-Foto-Secretaria-de-Cultura.jpeg?fit=600%2C400&ssl=1&resize=525%2C300 1.5x"},"classes":[]},{"id":3525,"url":"https:\/\/azturismo.net\/?p=3525","url_meta":{"origin":4740,"position":5},"title":"Laura Rojo asume la direcci\u00f3n del Museo Maya de Canc\u00fan","author":"Azturismo","date":"marzo 31, 2025","format":false,"excerpt":"Por Staff AzTurismo El Museo Maya de Canc\u00fan (MMC) tiene nueva directora. La fot\u00f3grafa y muse\u00f3grafa Laura Rojo F\u00e4rber ha sido nombrada titular de este recinto por acuerdo del Instituto Nacional de Antropolog\u00eda e Historia (INAH), bajo la direcci\u00f3n de Diego Prieto Hern\u00e1ndez. El anuncio se realiz\u00f3 el 27 de\u2026","rel":"","context":"En &quot;NOTITUR&quot;","block_context":{"text":"NOTITUR","link":"https:\/\/azturismo.net\/?cat=25"},"img":{"alt_text":"","src":"https:\/\/i0.wp.com\/azturismo.net\/wp-content\/uploads\/2025\/03\/Margarito-Molina-Juan-Manuel-Garibay-Laura-Rojo-y-Carlos-Esperon.-Foto-Centro-INAH-Quintana-Roo.jpeg?fit=600%2C495&ssl=1&resize=350%2C200","width":350,"height":200,"srcset":"https:\/\/i0.wp.com\/azturismo.net\/wp-content\/uploads\/2025\/03\/Margarito-Molina-Juan-Manuel-Garibay-Laura-Rojo-y-Carlos-Esperon.-Foto-Centro-INAH-Quintana-Roo.jpeg?fit=600%2C495&ssl=1&resize=350%2C200 1x, https:\/\/i0.wp.com\/azturismo.net\/wp-content\/uploads\/2025\/03\/Margarito-Molina-Juan-Manuel-Garibay-Laura-Rojo-y-Carlos-Esperon.-Foto-Centro-INAH-Quintana-Roo.jpeg?fit=600%2C495&ssl=1&resize=525%2C300 1.5x"},"classes":[]}],"jetpack_shortlink":"https:\/\/wp.me\/pfqZGx-1es","amp_enabled":true,"_links":{"self":[{"href":"https:\/\/azturismo.net\/index.php?rest_route=\/wp\/v2\/posts\/4740","targetHints":{"allow":["GET"]}}],"collection":[{"href":"https:\/\/azturismo.net\/index.php?rest_route=\/wp\/v2\/posts"}],"about":[{"href":"https:\/\/azturismo.net\/index.php?rest_route=\/wp\/v2\/types\/post"}],"author":[{"embeddable":true,"href":"https:\/\/azturismo.net\/index.php?rest_route=\/wp\/v2\/users\/1"}],"replies":[{"embeddable":true,"href":"https:\/\/azturismo.net\/index.php?rest_route=%2Fwp%2Fv2%2Fcomments&post=4740"}],"version-history":[{"count":3,"href":"https:\/\/azturismo.net\/index.php?rest_route=\/wp\/v2\/posts\/4740\/revisions"}],"predecessor-version":[{"id":4758,"href":"https:\/\/azturismo.net\/index.php?rest_route=\/wp\/v2\/posts\/4740\/revisions\/4758"}],"wp:featuredmedia":[{"embeddable":true,"href":"https:\/\/azturismo.net\/index.php?rest_route=\/wp\/v2\/media\/4741"}],"wp:attachment":[{"href":"https:\/\/azturismo.net\/index.php?rest_route=%2Fwp%2Fv2%2Fmedia&parent=4740"}],"wp:term":[{"taxonomy":"category","embeddable":true,"href":"https:\/\/azturismo.net\/index.php?rest_route=%2Fwp%2Fv2%2Fcategories&post=4740"},{"taxonomy":"post_tag","embeddable":true,"href":"https:\/\/azturismo.net\/index.php?rest_route=%2Fwp%2Fv2%2Ftags&post=4740"}],"curies":[{"name":"wp","href":"https:\/\/api.w.org\/{rel}","templated":true}]}}