{"id":4660,"date":"2025-08-03T14:02:00","date_gmt":"2025-08-03T20:02:00","guid":{"rendered":"https:\/\/azturismo.net\/?p=4660"},"modified":"2025-08-05T20:30:43","modified_gmt":"2025-08-06T02:30:43","slug":"costalegre-un-paraiso-del-turismo-sostenible-y-avistamiento-de-fauna","status":"publish","type":"post","link":"https:\/\/azturismo.net\/?p=4660","title":{"rendered":"Costalegre: un para\u00edso del turismo sostenible y avistamiento de fauna"},"content":{"rendered":"\n<p>Por Staff AzTurismo<\/p>\n\n\n\n<p><strong>Costalegre, Jalisco<\/strong>, se consolida como el <strong>destino de ecoturismo<\/strong> m\u00e1s importante del occidente mexicano, ofreciendo experiencias \u00fanicas de <strong>avistamiento de especies<\/strong> que combinan aventura, conservaci\u00f3n y turismo responsable. Esta regi\u00f3n privilegiada redefine el concepto de <strong>viajes sostenibles<\/strong> en M\u00e9xico.<\/p>\n\n\n\n<h2 class=\"wp-block-heading\">\u00bfPor qu\u00e9 Costalegre es \u00fanico para el turismo de naturaleza?<\/h2>\n\n\n\n<p>Esta extraordinaria franja del <strong>litoral jalisciense<\/strong> se ha posicionado como un <strong>santuario de biodiversidad<\/strong> gracias a sus caracter\u00edsticas excepcionales:<\/p>\n\n\n\n<h3 class=\"wp-block-heading\">Ecosistemas protegidos de clase mundial<\/h3>\n\n\n\n<ul class=\"wp-block-list\">\n<li><strong>Humedales<\/strong> de importancia internacional<\/li>\n\n\n\n<li><strong>8 sitios Ramsar<\/strong> reconocidos mundialmente<\/li>\n\n\n\n<li><strong>\u00c1reas naturales protegidas<\/strong> con gesti\u00f3n comunitaria<\/li>\n\n\n\n<li><strong>Rutas de ecoturismo<\/strong> certificadas<\/li>\n<\/ul>\n\n\n\n<p>La regi\u00f3n ha logrado crear un <strong>modelo de turismo responsable<\/strong> que beneficia tanto a la conservaci\u00f3n como a las <strong>comunidades locales<\/strong>, estableci\u00e9ndose como referente nacional en <strong>turismo de naturaleza<\/strong>.<\/p>\n\n\n\n<h2 class=\"wp-block-heading\">Avistamiento de aves en Presa Caj\u00f3n de Pe\u00f1a: &#8220;Ecos de la Presa&#8221;<\/h2>\n\n\n\n<h3 class=\"wp-block-heading\">El coraz\u00f3n ornitol\u00f3gico de Costalegre<\/h3>\n\n\n\n<p>La <strong>Presa Caj\u00f3n de Pe\u00f1a<\/strong>, ubicada en <strong>Tomatl\u00e1n<\/strong>, se conoce como el &#8220;coraz\u00f3n de Costalegre&#8221; debido a su extraordinaria <strong>diversidad de aves<\/strong>. Este ecosistema \u00fanico alberga especies <strong>end\u00e9micas y migratorias<\/strong> que encuentran condiciones ideales para su desarrollo.<\/p>\n\n\n\n<h4 class=\"wp-block-heading\">Especies destacadas que podr\u00e1s observar:<\/h4>\n\n\n\n<ul class=\"wp-block-list\">\n<li><strong>Pijije Alas Blancas<\/strong> &#8211; Ave acu\u00e1tica emblem\u00e1tica<\/li>\n\n\n\n<li><strong>Tecolote Baje\u00f1o<\/strong> &#8211; Rapaz nocturna regional<\/li>\n\n\n\n<li><strong>B\u00faho Caf\u00e9<\/strong> &#8211; Depredador especializado<\/li>\n\n\n\n<li><strong>Garza Tigre<\/strong> &#8211; Elegante ave zancuda<\/li>\n\n\n\n<li><strong>Caracara Quebrantahuesos<\/strong> &#8211; Rapaz carro\u00f1era<\/li>\n<\/ul>\n\n\n\n<h3 class=\"wp-block-heading\">La experiencia &#8220;Ecos de la Presa&#8221;<\/h3>\n\n\n\n<figure class=\"wp-block-gallery has-nested-images columns-default is-cropped wp-block-gallery-1 is-layout-flex wp-block-gallery-is-layout-flex\">\n<figure class=\"wp-block-image size-large\"><img data-recalc-dims=\"1\" loading=\"lazy\" decoding=\"async\" width=\"600\" height=\"400\" data-attachment-id=\"4662\" data-permalink=\"https:\/\/azturismo.net\/?attachment_id=4662\" data-orig-file=\"https:\/\/i0.wp.com\/azturismo.net\/wp-content\/uploads\/2025\/08\/CostaAlegre4.jpg?fit=600%2C400&amp;ssl=1\" data-orig-size=\"600,400\" data-comments-opened=\"1\" data-image-meta=\"{&quot;aperture&quot;:&quot;0&quot;,&quot;credit&quot;:&quot;Alfonso Hernandez M.&quot;,&quot;camera&quot;:&quot;&quot;,&quot;caption&quot;:&quot;&quot;,&quot;created_timestamp&quot;:&quot;0&quot;,&quot;copyright&quot;:&quot;ahm220487@gmail.com&quot;,&quot;focal_length&quot;:&quot;0&quot;,&quot;iso&quot;:&quot;0&quot;,&quot;shutter_speed&quot;:&quot;0&quot;,&quot;title&quot;:&quot;&quot;,&quot;orientation&quot;:&quot;1&quot;}\" data-image-title=\"CostaAlegre4\" data-image-description=\"\" data-image-caption=\"\" data-large-file=\"https:\/\/i0.wp.com\/azturismo.net\/wp-content\/uploads\/2025\/08\/CostaAlegre4.jpg?fit=600%2C400&amp;ssl=1\" data-id=\"4662\" src=\"https:\/\/i0.wp.com\/azturismo.net\/wp-content\/uploads\/2025\/08\/CostaAlegre4.jpg?resize=600%2C400&#038;ssl=1\" alt=\"\" class=\"wp-image-4662\" srcset=\"https:\/\/i0.wp.com\/azturismo.net\/wp-content\/uploads\/2025\/08\/CostaAlegre4.jpg?w=600&amp;ssl=1 600w, https:\/\/i0.wp.com\/azturismo.net\/wp-content\/uploads\/2025\/08\/CostaAlegre4.jpg?resize=300%2C200&amp;ssl=1 300w, https:\/\/i0.wp.com\/azturismo.net\/wp-content\/uploads\/2025\/08\/CostaAlegre4.jpg?resize=150%2C100&amp;ssl=1 150w\" sizes=\"auto, (max-width: 600px) 100vw, 600px\" \/><\/figure>\n\n\n\n<figure class=\"wp-block-image size-large\"><img data-recalc-dims=\"1\" loading=\"lazy\" decoding=\"async\" width=\"600\" height=\"400\" data-attachment-id=\"4663\" data-permalink=\"https:\/\/azturismo.net\/?attachment_id=4663\" data-orig-file=\"https:\/\/i0.wp.com\/azturismo.net\/wp-content\/uploads\/2025\/08\/CostaAlegre3.jpg?fit=600%2C400&amp;ssl=1\" data-orig-size=\"600,400\" data-comments-opened=\"1\" data-image-meta=\"{&quot;aperture&quot;:&quot;0&quot;,&quot;credit&quot;:&quot;Alfonso Hernandez M.&quot;,&quot;camera&quot;:&quot;&quot;,&quot;caption&quot;:&quot;&quot;,&quot;created_timestamp&quot;:&quot;0&quot;,&quot;copyright&quot;:&quot;ahm220487@gmail.com&quot;,&quot;focal_length&quot;:&quot;0&quot;,&quot;iso&quot;:&quot;0&quot;,&quot;shutter_speed&quot;:&quot;0&quot;,&quot;title&quot;:&quot;&quot;,&quot;orientation&quot;:&quot;1&quot;}\" data-image-title=\"CostaAlegre3\" data-image-description=\"\" data-image-caption=\"\" data-large-file=\"https:\/\/i0.wp.com\/azturismo.net\/wp-content\/uploads\/2025\/08\/CostaAlegre3.jpg?fit=600%2C400&amp;ssl=1\" data-id=\"4663\" src=\"https:\/\/i0.wp.com\/azturismo.net\/wp-content\/uploads\/2025\/08\/CostaAlegre3.jpg?resize=600%2C400&#038;ssl=1\" alt=\"\" class=\"wp-image-4663\" srcset=\"https:\/\/i0.wp.com\/azturismo.net\/wp-content\/uploads\/2025\/08\/CostaAlegre3.jpg?w=600&amp;ssl=1 600w, https:\/\/i0.wp.com\/azturismo.net\/wp-content\/uploads\/2025\/08\/CostaAlegre3.jpg?resize=300%2C200&amp;ssl=1 300w, https:\/\/i0.wp.com\/azturismo.net\/wp-content\/uploads\/2025\/08\/CostaAlegre3.jpg?resize=150%2C100&amp;ssl=1 150w\" sizes=\"auto, (max-width: 600px) 100vw, 600px\" \/><\/figure>\n\n\n\n<figure class=\"wp-block-image size-large\"><img data-recalc-dims=\"1\" loading=\"lazy\" decoding=\"async\" width=\"600\" height=\"400\" data-attachment-id=\"4664\" data-permalink=\"https:\/\/azturismo.net\/?attachment_id=4664\" data-orig-file=\"https:\/\/i0.wp.com\/azturismo.net\/wp-content\/uploads\/2025\/08\/CostaAlegre2.jpg?fit=600%2C400&amp;ssl=1\" data-orig-size=\"600,400\" data-comments-opened=\"1\" data-image-meta=\"{&quot;aperture&quot;:&quot;0&quot;,&quot;credit&quot;:&quot;&quot;,&quot;camera&quot;:&quot;&quot;,&quot;caption&quot;:&quot;&quot;,&quot;created_timestamp&quot;:&quot;0&quot;,&quot;copyright&quot;:&quot;&quot;,&quot;focal_length&quot;:&quot;0&quot;,&quot;iso&quot;:&quot;0&quot;,&quot;shutter_speed&quot;:&quot;0&quot;,&quot;title&quot;:&quot;&quot;,&quot;orientation&quot;:&quot;1&quot;}\" data-image-title=\"CostaAlegre2\" data-image-description=\"\" data-image-caption=\"\" data-large-file=\"https:\/\/i0.wp.com\/azturismo.net\/wp-content\/uploads\/2025\/08\/CostaAlegre2.jpg?fit=600%2C400&amp;ssl=1\" data-id=\"4664\" src=\"https:\/\/i0.wp.com\/azturismo.net\/wp-content\/uploads\/2025\/08\/CostaAlegre2.jpg?resize=600%2C400&#038;ssl=1\" alt=\"\" class=\"wp-image-4664\" srcset=\"https:\/\/i0.wp.com\/azturismo.net\/wp-content\/uploads\/2025\/08\/CostaAlegre2.jpg?w=600&amp;ssl=1 600w, https:\/\/i0.wp.com\/azturismo.net\/wp-content\/uploads\/2025\/08\/CostaAlegre2.jpg?resize=300%2C200&amp;ssl=1 300w, https:\/\/i0.wp.com\/azturismo.net\/wp-content\/uploads\/2025\/08\/CostaAlegre2.jpg?resize=150%2C100&amp;ssl=1 150w\" sizes=\"auto, (max-width: 600px) 100vw, 600px\" \/><\/figure>\n\n\n\n<figure class=\"wp-block-image size-large\"><img data-recalc-dims=\"1\" loading=\"lazy\" decoding=\"async\" width=\"600\" height=\"401\" data-attachment-id=\"4665\" data-permalink=\"https:\/\/azturismo.net\/?attachment_id=4665\" data-orig-file=\"https:\/\/i0.wp.com\/azturismo.net\/wp-content\/uploads\/2025\/08\/CostaAlegre1.jpg?fit=600%2C401&amp;ssl=1\" data-orig-size=\"600,401\" data-comments-opened=\"1\" data-image-meta=\"{&quot;aperture&quot;:&quot;0&quot;,&quot;credit&quot;:&quot;&quot;,&quot;camera&quot;:&quot;&quot;,&quot;caption&quot;:&quot;&quot;,&quot;created_timestamp&quot;:&quot;0&quot;,&quot;copyright&quot;:&quot;&quot;,&quot;focal_length&quot;:&quot;0&quot;,&quot;iso&quot;:&quot;0&quot;,&quot;shutter_speed&quot;:&quot;0&quot;,&quot;title&quot;:&quot;&quot;,&quot;orientation&quot;:&quot;1&quot;}\" data-image-title=\"CostaAlegre1\" data-image-description=\"\" data-image-caption=\"\" data-large-file=\"https:\/\/i0.wp.com\/azturismo.net\/wp-content\/uploads\/2025\/08\/CostaAlegre1.jpg?fit=600%2C401&amp;ssl=1\" data-id=\"4665\" src=\"https:\/\/i0.wp.com\/azturismo.net\/wp-content\/uploads\/2025\/08\/CostaAlegre1.jpg?resize=600%2C401&#038;ssl=1\" alt=\"\" class=\"wp-image-4665\" srcset=\"https:\/\/i0.wp.com\/azturismo.net\/wp-content\/uploads\/2025\/08\/CostaAlegre1.jpg?w=600&amp;ssl=1 600w, https:\/\/i0.wp.com\/azturismo.net\/wp-content\/uploads\/2025\/08\/CostaAlegre1.jpg?resize=300%2C201&amp;ssl=1 300w, https:\/\/i0.wp.com\/azturismo.net\/wp-content\/uploads\/2025\/08\/CostaAlegre1.jpg?resize=150%2C100&amp;ssl=1 150w\" sizes=\"auto, (max-width: 600px) 100vw, 600px\" \/><\/figure>\n<\/figure>\n\n\n\n<p>Este <strong>tour de avistamiento de aves<\/strong> ofrece:<\/p>\n\n\n\n<ul class=\"wp-block-list\">\n<li><strong>Caminatas guiadas<\/strong> por senderos naturales<\/li>\n\n\n\n<li><strong>Paseos en lancha<\/strong> por aguas cristalinas<\/li>\n\n\n\n<li><strong>M\u00e1s de 50 especies<\/strong> observables<\/li>\n\n\n\n<li><strong>Inmersi\u00f3n cultural<\/strong> en tradiciones locales<\/li>\n\n\n\n<li><strong>Iniciativas comunitarias<\/strong> de conservaci\u00f3n<\/li>\n<\/ul>\n\n\n\n<h4 class=\"wp-block-heading\">Respaldo cient\u00edfico de clase mundial<\/h4>\n\n\n\n<p>La actividad cuenta con el aval del reconocido <strong>ornit\u00f3logo Dr. Greg R. Homel<\/strong> de <strong>Natural Encounters<\/strong>, quien ha destacado el potencial de la regi\u00f3n como uno de los <strong>ecosistemas m\u00e1s diversos y v\u00edrgenes<\/strong> del occidente mexicano.<\/p>\n\n\n\n<h3 class=\"wp-block-heading\">Detalles de la experiencia:<\/h3>\n\n\n\n<ul class=\"wp-block-list\">\n<li><strong>Reservaci\u00f3n previa<\/strong> obligatoria<\/li>\n\n\n\n<li><strong>Grupos limitados<\/strong> por embarcaci\u00f3n<\/li>\n\n\n\n<li><strong>Enfoque educativo<\/strong> y de conservaci\u00f3n<\/li>\n\n\n\n<li><strong>Seguridad garantizada<\/strong> para especies y visitantes<\/li>\n<\/ul>\n\n\n\n<h2 class=\"wp-block-heading\">Avistamiento de murci\u00e9lagos marinos en Punta P\u00e9rula<\/h2>\n\n\n\n<h3 class=\"wp-block-heading\">Un fen\u00f3meno natural \u00fanico en M\u00e9xico<\/h3>\n\n\n\n<p><strong>Punta P\u00e9rula<\/strong>, en el municipio de <strong>La Huerta<\/strong>, ofrece uno de los espect\u00e1culos naturales m\u00e1s extraordinarios: el <strong>avistamiento de murci\u00e9lagos marinos<\/strong> al atardecer.<\/p>\n\n\n\n<h4 class=\"wp-block-heading\">\u00bfQu\u00e9 hace especial esta experiencia?<\/h4>\n\n\n\n<ul class=\"wp-block-list\">\n<li><strong>Miles de murci\u00e9lagos<\/strong> emergen simult\u00e1neamente<\/li>\n\n\n\n<li><strong>Cueva frente al mar<\/strong> &#8211; ubicaci\u00f3n \u00fanica<\/li>\n\n\n\n<li><strong>Fen\u00f3meno poco com\u00fan<\/strong> en otras regiones mexicanas<\/li>\n\n\n\n<li><strong>Ecosistema costero<\/strong> excepcional<\/li>\n<\/ul>\n\n\n\n<h3 class=\"wp-block-heading\">Detalles del tour de murci\u00e9lagos:<\/h3>\n\n\n\n<ul class=\"wp-block-list\">\n<li><strong>Duraci\u00f3n<\/strong>: 30 minutos aproximadamente<\/li>\n\n\n\n<li><strong>Horario<\/strong>: Una hora antes del ocaso<\/li>\n\n\n\n<li><strong>Embarcaciones peque\u00f1as<\/strong> desde el muelle local<\/li>\n\n\n\n<li><strong>Gu\u00edas especializados<\/strong> en ecolog\u00eda marina<\/li>\n\n\n\n<li><strong>Avistamiento de islotes<\/strong>: Isla Cocinas e Isla Pajarera<\/li>\n<\/ul>\n\n\n\n<h4 class=\"wp-block-heading\">Valor ecol\u00f3gico a\u00f1adido<\/h4>\n\n\n\n<p>Los <strong>gu\u00edas especializados<\/strong> explican:<\/p>\n\n\n\n<ul class=\"wp-block-list\">\n<li><strong>Importancia ecol\u00f3gica<\/strong> de los murci\u00e9lagos<\/li>\n\n\n\n<li><strong>Papel en el ecosistema costero<\/strong><\/li>\n\n\n\n<li><strong>Conservaci\u00f3n de especies<\/strong> marinas<\/li>\n\n\n\n<li><strong>Biodiversidad de la Bah\u00eda de Chamela<\/strong><\/li>\n<\/ul>\n\n\n\n<h2 class=\"wp-block-heading\">Turismo sostenible: El modelo Costalegre<\/h2>\n\n\n\n<h3 class=\"wp-block-heading\">Principios del ecoturismo en la regi\u00f3n:<\/h3>\n\n\n\n<ol class=\"wp-block-list\">\n<li><strong>Conservaci\u00f3n ambiental<\/strong> como prioridad<\/li>\n\n\n\n<li><strong>Educaci\u00f3n ambiental<\/strong> para visitantes<\/li>\n\n\n\n<li><strong>Beneficio directo<\/strong> a comunidades locales<\/li>\n\n\n\n<li><strong>Grupos reducidos<\/strong> para minimizar impacto<\/li>\n\n\n\n<li><strong>Respeto a los tiempos<\/strong> naturales de las especies<\/li>\n<\/ol>\n\n\n\n<h3 class=\"wp-block-heading\">Impacto positivo del turismo responsable:<\/h3>\n\n\n\n<ul class=\"wp-block-list\">\n<li><strong>Generaci\u00f3n de empleos<\/strong> locales<\/li>\n\n\n\n<li><strong>Conservaci\u00f3n de h\u00e1bitats<\/strong> naturales<\/li>\n\n\n\n<li><strong>Concienciaci\u00f3n ambiental<\/strong> de visitantes<\/li>\n\n\n\n<li><strong>Investigaci\u00f3n cient\u00edfica<\/strong> apoyada por turismo<\/li>\n\n\n\n<li><strong>Desarrollo sustentable<\/strong> comunitario<\/li>\n<\/ul>\n\n\n\n<h2 class=\"wp-block-heading\">Planifica tu viaje de ecoturismo a Costalegre<\/h2>\n\n\n\n<h3 class=\"wp-block-heading\">Mejor \u00e9poca para visitar:<\/h3>\n\n\n\n<ul class=\"wp-block-list\">\n<li><strong>Avistamiento de aves<\/strong>: Todo el a\u00f1o<\/li>\n\n\n\n<li><strong>Temporada migratoria<\/strong>: Octubre a marzo<\/li>\n\n\n\n<li><strong>Murci\u00e9lagos marinos<\/strong>: Todo el a\u00f1o al atardecer<\/li>\n\n\n\n<li><strong>Clima ideal<\/strong>: Noviembre a abril<\/li>\n<\/ul>\n\n\n\n<h3 class=\"wp-block-heading\">Qu\u00e9 incluir en tu itinerario:<\/h3>\n\n\n\n<ul class=\"wp-block-list\">\n<li><strong>M\u00ednimo 2-3 d\u00edas<\/strong> para experiencia completa<\/li>\n\n\n\n<li><strong>Hospedaje ecol\u00f3gico<\/strong> en la regi\u00f3n<\/li>\n\n\n\n<li><strong>Tours con operadores certificados<\/strong><\/li>\n\n\n\n<li><strong>Actividades complementarias<\/strong> de turismo rural<\/li>\n\n\n\n<li><strong>Gastronom\u00eda local<\/strong> sostenible<\/li>\n<\/ul>\n\n\n\n<h3 class=\"wp-block-heading\">Recomendaciones para ecoturistas:<\/h3>\n\n\n\n<ul class=\"wp-block-list\">\n<li><strong>Ropa c\u00f3moda<\/strong> en colores neutros<\/li>\n\n\n\n<li><strong>Binoculares<\/strong> para mejor observaci\u00f3n<\/li>\n\n\n\n<li><strong>C\u00e1mara fotogr\u00e1fica<\/strong> con teleobjetivo<\/li>\n\n\n\n<li><strong>Protector solar<\/strong> biodegradable<\/li>\n\n\n\n<li><strong>Repelente natural<\/strong> de insectos<\/li>\n\n\n\n<li><strong>Botella de agua<\/strong> reutilizable<\/li>\n<\/ul>\n\n\n\n<h2 class=\"wp-block-heading\">El futuro del turismo sostenible en M\u00e9xico<\/h2>\n\n\n\n<p>Costalegre representa un <strong>modelo exitoso<\/strong> de c\u00f3mo el <strong>turismo de naturaleza<\/strong> puede:<\/p>\n\n\n\n<ul class=\"wp-block-list\">\n<li><strong>Proteger ecosistemas<\/strong> fr\u00e1giles<\/li>\n\n\n\n<li><strong>Generar ingresos<\/strong> para comunidades rurales<\/li>\n\n\n\n<li><strong>Educar visitantes<\/strong> sobre conservaci\u00f3n<\/li>\n\n\n\n<li><strong>Investigar biodiversidad<\/strong> de manera sostenible<\/li>\n\n\n\n<li><strong>Promover M\u00e9xico<\/strong> como destino eco-responsable<\/li>\n<\/ul>\n\n\n\n<h3 class=\"wp-block-heading\">Certificaciones y reconocimientos:<\/h3>\n\n\n\n<ul class=\"wp-block-list\">\n<li><strong>Sitios Ramsar<\/strong> de importancia internacional<\/li>\n\n\n\n<li><strong>Rutas de ecoturismo<\/strong> certificadas<\/li>\n\n\n\n<li><strong>Operadores tur\u00edsticos<\/strong> con est\u00e1ndares ambientales<\/li>\n\n\n\n<li><strong>Gu\u00edas especializados<\/strong> en conservaci\u00f3n<\/li>\n<\/ul>\n\n\n\n<h2 class=\"wp-block-heading\">Costalegre vs. otros destinos de ecoturismo<\/h2>\n\n\n\n<h3 class=\"wp-block-heading\">Ventajas competitivas \u00fanicas:<\/h3>\n\n\n\n<ul class=\"wp-block-list\">\n<li><strong>Diversidad de ecosistemas<\/strong> en una sola regi\u00f3n<\/li>\n\n\n\n<li><strong>Accesibilidad<\/strong> desde Guadalajara y Puerto Vallarta<\/li>\n\n\n\n<li><strong>Infraestructura tur\u00edstica<\/strong> desarrollada sosteniblemente<\/li>\n\n\n\n<li><strong>Comunidades comprometidas<\/strong> con la conservaci\u00f3n<\/li>\n\n\n\n<li><strong>Experiencias aut\u00e9nticas<\/strong> no masificadas<\/li>\n<\/ul>\n\n\n\n<h2 class=\"wp-block-heading\">Reserva tu experiencia de turismo sostenible<\/h2>\n\n\n\n<h3 class=\"wp-block-heading\">Contacto con operadores locales:<\/h3>\n\n\n\n<ul class=\"wp-block-list\">\n<li><strong>Direcci\u00f3n de Turismo de Tomatl\u00e1n<\/strong><\/li>\n\n\n\n<li><strong>Natural Encounters<\/strong> &#8211; Tours especializados<\/li>\n\n\n\n<li><strong>Operadores locales certificados<\/strong><\/li>\n\n\n\n<li><strong>Gu\u00edas comunitarios<\/strong> especializados<\/li>\n<\/ul>\n\n\n\n<h3 class=\"wp-block-heading\">Consejos para reservar:<\/h3>\n\n\n\n<ul class=\"wp-block-list\">\n<li><strong>Reservaci\u00f3n anticipada<\/strong> especialmente en temporada alta<\/li>\n\n\n\n<li><strong>Confirmaci\u00f3n de condiciones<\/strong> clim\u00e1ticas<\/li>\n\n\n\n<li><strong>Consulta sobre equipamiento<\/strong> incluido<\/li>\n\n\n\n<li><strong>Verificaci\u00f3n de certificaciones<\/strong> ambientales<\/li>\n<\/ul>\n\n\n\n<h2 class=\"wp-block-heading\">Impacto econ\u00f3mico del ecoturismo en Jalisco<\/h2>\n\n\n\n<p>El <strong>turismo sostenible en Costalegre<\/strong> contribuye significativamente a:<\/p>\n\n\n\n<ul class=\"wp-block-list\">\n<li><strong>Econom\u00eda local<\/strong> de Tomatl\u00e1n y La Huerta<\/li>\n\n\n\n<li><strong>PIB tur\u00edstico<\/strong> del estado de Jalisco<\/li>\n\n\n\n<li><strong>Empleos verdes<\/strong> en comunidades rurales<\/li>\n\n\n\n<li><strong>Investigaci\u00f3n cient\u00edfica<\/strong> autofinanciada<\/li>\n\n\n\n<li><strong>Conservaci\u00f3n autofinanciada<\/strong> de ecosistemas<\/li>\n<\/ul>\n\n\n\n<h2 class=\"wp-block-heading\">Viaja con prop\u00f3sito en Costalegre<\/h2>\n\n\n\n<p><strong>Costalegre<\/strong> demuestra que es posible combinar <strong>aventura, aprendizaje y conservaci\u00f3n<\/strong> en una experiencia tur\u00edstica transformadora. Este destino jalisciense no solo ofrece <strong>avistamiento de especies \u00fanicas<\/strong>, sino la oportunidad de participar activamente en un <strong>modelo de turismo que regenera<\/strong> en lugar de degradar.<\/p>\n\n\n\n<p>Para quienes buscan <strong>viajes con significado<\/strong>, Costalegre representa la evoluci\u00f3n del turismo mexicano hacia un <strong>futuro m\u00e1s sostenible y consciente<\/strong>.<\/p>\n\n\n\n<p><em>\u00bfBuscas una experiencia de turismo sostenible aut\u00e9ntica? Costalegre te espera con sus tesoros naturales y comunidades comprometidas con la conservaci\u00f3n. \u00a1Reserva tu aventura ecotur\u00edstica y forma parte del cambio hacia un turismo m\u00e1s responsable!<\/em><\/p>\n\n\n\n<p><strong>Ubicaci\u00f3n<\/strong>: Costalegre, Jalisco, M\u00e9xico<br><strong>Distancia desde Guadalajara<\/strong>: 200 km aproximadamente<br><strong>Aeropuerto m\u00e1s cercano<\/strong>: Puerto Vallarta (PVR)<\/p>\n\n\n\n<p>Costalegre, Ecoturismo Mexico, Turismo Sostenible, Avistamiento Aves, Jalisco, Biodiversidad, Turismo de Naturaleza Viajes Sostenibles,  <\/p>\n\n\n\n<h2 class=\"wp-block-heading\">\u00a1S\u00edguenos!<\/h2>\n\n\n\n<p><a href=\"https:\/\/www.facebook.com\/AzturismoNoticias\">https:\/\/www.facebook.com\/AzturismoNoticias<\/a><\/p>\n\n\n\n<p><strong><a href=\"mailto:tiktok.com\/@azturismo\">tiktok.com\/@azturismo<\/a><\/strong><\/p>\n\n\n\n<p><strong><a href=\"https:\/\/www.instagram.com\/azturismo_noticias\">www.instagram.com\/azturismo_noticias<\/a><\/strong><\/p>\n\n\n\n<p><a href=\"https:\/\/x.com\/AzTurismo\">https:\/\/x.com\/AzTu<\/a><\/p>\n","protected":false},"excerpt":{"rendered":"<p>Por Staff AzTurismo Costalegre, Jalisco, se consolida como el destino de ecoturismo m\u00e1s importante del occidente mexicano, ofreciendo experiencias \u00fanicas de avistamiento de especies que combinan aventura, conservaci\u00f3n y turismo responsable. Esta regi\u00f3n privilegiada redefine el concepto de viajes sostenibles en M\u00e9xico. \u00bfPor qu\u00e9 Costalegre es \u00fanico para el turismo de naturaleza? Esta extraordinaria franja [&hellip;]<\/p>\n","protected":false},"author":1,"featured_media":4661,"comment_status":"open","ping_status":"open","sticky":false,"template":"","format":"standard","meta":{"jetpack_post_was_ever_published":false,"_jetpack_newsletter_access":"","_jetpack_dont_email_post_to_subs":false,"_jetpack_newsletter_tier_id":0,"_jetpack_memberships_contains_paywalled_content":false,"_jetpack_memberships_contains_paid_content":false,"footnotes":"","jetpack_publicize_message":"","jetpack_publicize_feature_enabled":true,"jetpack_social_post_already_shared":true,"jetpack_social_options":{"image_generator_settings":{"template":"highway","default_image_id":0,"font":"","enabled":false},"version":2}},"categories":[30,26],"tags":[1979,99,1981,219,1978,122,1980,485,38],"class_list":{"0":"post-4660","1":"post","2":"type-post","3":"status-publish","4":"format-standard","5":"has-post-thumbnail","7":"category-e","8":"category-viajar","9":"tag-avistamiento-aves","10":"tag-azturismo","11":"tag-biodiversidad","12":"tag-costalegre","13":"tag-ecoturismo-mexico","14":"tag-jalisco","15":"tag-turismo-de-naturaleza-viajes-sostenibles","16":"tag-turismo-sostenible","17":"tag-viajes"},"yoast_head":"<!-- This site is optimized with the Yoast SEO plugin v27.5 - https:\/\/yoast.com\/product\/yoast-seo-wordpress\/ -->\n<title>Costalegre: un para\u00edso del turismo sostenible y avistamiento de fauna - Azturismo Noticias<\/title>\n<meta name=\"description\" content=\"Costalegre demuestra que es posible combinar aventura, aprendizaje y conservaci\u00f3n en una experiencia tur\u00edstica transformadora. Este destino jalisciense no solo ofrece avistamiento de especies \u00fanicas, sino la oportunidad de participar activamente en un modelo de turismo que regenera en lugar de degradar.\" \/>\n<meta name=\"robots\" content=\"index, follow, max-snippet:-1, max-image-preview:large, max-video-preview:-1\" \/>\n<link rel=\"canonical\" href=\"https:\/\/azturismo.net\/?p=4660\" \/>\n<meta property=\"og:locale\" content=\"es_MX\" \/>\n<meta property=\"og:type\" content=\"article\" \/>\n<meta property=\"og:title\" content=\"Costalegre: un para\u00edso del turismo sostenible y avistamiento de fauna - Azturismo Noticias\" \/>\n<meta property=\"og:description\" content=\"Costalegre demuestra que es posible combinar aventura, aprendizaje y conservaci\u00f3n en una experiencia tur\u00edstica transformadora. Este destino jalisciense no solo ofrece avistamiento de especies \u00fanicas, sino la oportunidad de participar activamente en un modelo de turismo que regenera en lugar de degradar.\" \/>\n<meta property=\"og:url\" content=\"https:\/\/azturismo.net\/?p=4660\" \/>\n<meta property=\"og:site_name\" content=\"Azturismo Noticias\" \/>\n<meta property=\"article:publisher\" content=\"https:\/\/www.facebook.com\/AzturismoNoticias\" \/>\n<meta property=\"article:published_time\" content=\"2025-08-03T20:02:00+00:00\" \/>\n<meta property=\"article:modified_time\" content=\"2025-08-06T02:30:43+00:00\" \/>\n<meta property=\"og:image\" content=\"https:\/\/azturismo.net\/wp-content\/uploads\/2025\/08\/CostaAlegre.jpg\" \/>\n\t<meta property=\"og:image:width\" content=\"600\" \/>\n\t<meta property=\"og:image:height\" content=\"282\" \/>\n\t<meta property=\"og:image:type\" content=\"image\/jpeg\" \/>\n<meta name=\"author\" content=\"Azturismo\" \/>\n<meta name=\"twitter:card\" content=\"summary_large_image\" \/>\n<meta name=\"twitter:creator\" content=\"@AzTurismo\" \/>\n<meta name=\"twitter:site\" content=\"@AzTurismo\" \/>\n<meta name=\"twitter:label1\" content=\"Escrito por\" \/>\n\t<meta name=\"twitter:data1\" content=\"Azturismo\" \/>\n\t<meta name=\"twitter:label2\" content=\"Tiempo de lectura\" \/>\n\t<meta name=\"twitter:data2\" content=\"6 minutos\" \/>\n<script type=\"application\/ld+json\" class=\"yoast-schema-graph\">{\"@context\":\"https:\\\/\\\/schema.org\",\"@graph\":[{\"@type\":\"Article\",\"@id\":\"https:\\\/\\\/azturismo.net\\\/?p=4660#article\",\"isPartOf\":{\"@id\":\"https:\\\/\\\/azturismo.net\\\/?p=4660\"},\"author\":{\"name\":\"Azturismo\",\"@id\":\"https:\\\/\\\/azturismo.net\\\/#\\\/schema\\\/person\\\/4b56d87f51c4d1b518c650739ad3bbc1\"},\"headline\":\"Costalegre: un para\u00edso del turismo sostenible y avistamiento de fauna\",\"datePublished\":\"2025-08-03T20:02:00+00:00\",\"dateModified\":\"2025-08-06T02:30:43+00:00\",\"mainEntityOfPage\":{\"@id\":\"https:\\\/\\\/azturismo.net\\\/?p=4660\"},\"wordCount\":1048,\"commentCount\":0,\"publisher\":{\"@id\":\"https:\\\/\\\/azturismo.net\\\/#organization\"},\"image\":{\"@id\":\"https:\\\/\\\/azturismo.net\\\/?p=4660#primaryimage\"},\"thumbnailUrl\":\"https:\\\/\\\/i0.wp.com\\\/azturismo.net\\\/wp-content\\\/uploads\\\/2025\\\/08\\\/CostaAlegre.jpg?fit=600%2C282&ssl=1\",\"keywords\":[\"Avistamiento Aves\",\"azturismo\",\"Biodiversidad\",\"Costalegre\",\"Ecoturismo Mexico\",\"Jalisco\",\"Turismo de Naturaleza Viajes Sostenibles\",\"turismo sostenible\",\"Viajes\"],\"articleSection\":[\"Destacadas\",\"VIAJES\"],\"inLanguage\":\"es\",\"potentialAction\":[{\"@type\":\"CommentAction\",\"name\":\"Comment\",\"target\":[\"https:\\\/\\\/azturismo.net\\\/?p=4660#respond\"]}]},{\"@type\":\"WebPage\",\"@id\":\"https:\\\/\\\/azturismo.net\\\/?p=4660\",\"url\":\"https:\\\/\\\/azturismo.net\\\/?p=4660\",\"name\":\"Costalegre: un para\u00edso del turismo sostenible y avistamiento de fauna - Azturismo Noticias\",\"isPartOf\":{\"@id\":\"https:\\\/\\\/azturismo.net\\\/#website\"},\"primaryImageOfPage\":{\"@id\":\"https:\\\/\\\/azturismo.net\\\/?p=4660#primaryimage\"},\"image\":{\"@id\":\"https:\\\/\\\/azturismo.net\\\/?p=4660#primaryimage\"},\"thumbnailUrl\":\"https:\\\/\\\/i0.wp.com\\\/azturismo.net\\\/wp-content\\\/uploads\\\/2025\\\/08\\\/CostaAlegre.jpg?fit=600%2C282&ssl=1\",\"datePublished\":\"2025-08-03T20:02:00+00:00\",\"dateModified\":\"2025-08-06T02:30:43+00:00\",\"description\":\"Costalegre demuestra que es posible combinar aventura, aprendizaje y conservaci\u00f3n en una experiencia tur\u00edstica transformadora. Este destino jalisciense no solo ofrece avistamiento de especies \u00fanicas, sino la oportunidad de participar activamente en un modelo de turismo que regenera en lugar de degradar.\",\"breadcrumb\":{\"@id\":\"https:\\\/\\\/azturismo.net\\\/?p=4660#breadcrumb\"},\"inLanguage\":\"es\",\"potentialAction\":[{\"@type\":\"ReadAction\",\"target\":[\"https:\\\/\\\/azturismo.net\\\/?p=4660\"]}]},{\"@type\":\"ImageObject\",\"inLanguage\":\"es\",\"@id\":\"https:\\\/\\\/azturismo.net\\\/?p=4660#primaryimage\",\"url\":\"https:\\\/\\\/i0.wp.com\\\/azturismo.net\\\/wp-content\\\/uploads\\\/2025\\\/08\\\/CostaAlegre.jpg?fit=600%2C282&ssl=1\",\"contentUrl\":\"https:\\\/\\\/i0.wp.com\\\/azturismo.net\\\/wp-content\\\/uploads\\\/2025\\\/08\\\/CostaAlegre.jpg?fit=600%2C282&ssl=1\",\"width\":600,\"height\":282},{\"@type\":\"BreadcrumbList\",\"@id\":\"https:\\\/\\\/azturismo.net\\\/?p=4660#breadcrumb\",\"itemListElement\":[{\"@type\":\"ListItem\",\"position\":1,\"name\":\"Home\",\"item\":\"https:\\\/\\\/azturismo.net\\\/\"},{\"@type\":\"ListItem\",\"position\":2,\"name\":\"Costalegre: un para\u00edso del turismo sostenible y avistamiento de fauna\"}]},{\"@type\":\"WebSite\",\"@id\":\"https:\\\/\\\/azturismo.net\\\/#website\",\"url\":\"https:\\\/\\\/azturismo.net\\\/\",\"name\":\"Azturismo\",\"description\":\"Azturismo Noticias\",\"publisher\":{\"@id\":\"https:\\\/\\\/azturismo.net\\\/#organization\"},\"potentialAction\":[{\"@type\":\"SearchAction\",\"target\":{\"@type\":\"EntryPoint\",\"urlTemplate\":\"https:\\\/\\\/azturismo.net\\\/?s={search_term_string}\"},\"query-input\":{\"@type\":\"PropertyValueSpecification\",\"valueRequired\":true,\"valueName\":\"search_term_string\"}}],\"inLanguage\":\"es\"},{\"@type\":\"Organization\",\"@id\":\"https:\\\/\\\/azturismo.net\\\/#organization\",\"name\":\"Azturismo\",\"url\":\"https:\\\/\\\/azturismo.net\\\/\",\"logo\":{\"@type\":\"ImageObject\",\"inLanguage\":\"es\",\"@id\":\"https:\\\/\\\/azturismo.net\\\/#\\\/schema\\\/logo\\\/image\\\/\",\"url\":\"https:\\\/\\\/i0.wp.com\\\/azturismo.net\\\/wp-content\\\/uploads\\\/2024\\\/03\\\/logo-el-bueno-.png?fit=294%2C69&ssl=1\",\"contentUrl\":\"https:\\\/\\\/i0.wp.com\\\/azturismo.net\\\/wp-content\\\/uploads\\\/2024\\\/03\\\/logo-el-bueno-.png?fit=294%2C69&ssl=1\",\"width\":294,\"height\":69,\"caption\":\"Azturismo\"},\"image\":{\"@id\":\"https:\\\/\\\/azturismo.net\\\/#\\\/schema\\\/logo\\\/image\\\/\"},\"sameAs\":[\"https:\\\/\\\/www.facebook.com\\\/AzturismoNoticias\",\"https:\\\/\\\/x.com\\\/AzTurismo\",\"https:\\\/\\\/www.instagram.com\\\/azturismo_noticias\\\/?fbclid=IwAR2xMiuoHbs6eLeIHKP8P5sSGa-xFrw7FfejscXO7kDghWa7wKLjGczKOwE\",\"https:\\\/\\\/www.tiktok.com\\\/@azturismo\"]},{\"@type\":\"Person\",\"@id\":\"https:\\\/\\\/azturismo.net\\\/#\\\/schema\\\/person\\\/4b56d87f51c4d1b518c650739ad3bbc1\",\"name\":\"Azturismo\",\"image\":{\"@type\":\"ImageObject\",\"inLanguage\":\"es\",\"@id\":\"https:\\\/\\\/azturismo.net\\\/wp-content\\\/litespeed\\\/avatar\\\/dfe28a31cdd68b788da48a316e50db10.jpg?ver=1777707566\",\"url\":\"https:\\\/\\\/azturismo.net\\\/wp-content\\\/litespeed\\\/avatar\\\/dfe28a31cdd68b788da48a316e50db10.jpg?ver=1777707566\",\"contentUrl\":\"https:\\\/\\\/azturismo.net\\\/wp-content\\\/litespeed\\\/avatar\\\/dfe28a31cdd68b788da48a316e50db10.jpg?ver=1777707566\",\"caption\":\"Azturismo\"},\"sameAs\":[\"https:\\\/\\\/azturismo.net\"],\"url\":\"https:\\\/\\\/azturismo.net\\\/?author=1\"}]}<\/script>\n<!-- \/ Yoast SEO plugin. -->","yoast_head_json":{"title":"Costalegre: un para\u00edso del turismo sostenible y avistamiento de fauna - Azturismo Noticias","description":"Costalegre demuestra que es posible combinar aventura, aprendizaje y conservaci\u00f3n en una experiencia tur\u00edstica transformadora. Este destino jalisciense no solo ofrece avistamiento de especies \u00fanicas, sino la oportunidad de participar activamente en un modelo de turismo que regenera en lugar de degradar.","robots":{"index":"index","follow":"follow","max-snippet":"max-snippet:-1","max-image-preview":"max-image-preview:large","max-video-preview":"max-video-preview:-1"},"canonical":"https:\/\/azturismo.net\/?p=4660","og_locale":"es_MX","og_type":"article","og_title":"Costalegre: un para\u00edso del turismo sostenible y avistamiento de fauna - Azturismo Noticias","og_description":"Costalegre demuestra que es posible combinar aventura, aprendizaje y conservaci\u00f3n en una experiencia tur\u00edstica transformadora. Este destino jalisciense no solo ofrece avistamiento de especies \u00fanicas, sino la oportunidad de participar activamente en un modelo de turismo que regenera en lugar de degradar.","og_url":"https:\/\/azturismo.net\/?p=4660","og_site_name":"Azturismo Noticias","article_publisher":"https:\/\/www.facebook.com\/AzturismoNoticias","article_published_time":"2025-08-03T20:02:00+00:00","article_modified_time":"2025-08-06T02:30:43+00:00","og_image":[{"width":600,"height":282,"url":"https:\/\/azturismo.net\/wp-content\/uploads\/2025\/08\/CostaAlegre.jpg","type":"image\/jpeg"}],"author":"Azturismo","twitter_card":"summary_large_image","twitter_creator":"@AzTurismo","twitter_site":"@AzTurismo","twitter_misc":{"Escrito por":"Azturismo","Tiempo de lectura":"6 minutos"},"schema":{"@context":"https:\/\/schema.org","@graph":[{"@type":"Article","@id":"https:\/\/azturismo.net\/?p=4660#article","isPartOf":{"@id":"https:\/\/azturismo.net\/?p=4660"},"author":{"name":"Azturismo","@id":"https:\/\/azturismo.net\/#\/schema\/person\/4b56d87f51c4d1b518c650739ad3bbc1"},"headline":"Costalegre: un para\u00edso del turismo sostenible y avistamiento de fauna","datePublished":"2025-08-03T20:02:00+00:00","dateModified":"2025-08-06T02:30:43+00:00","mainEntityOfPage":{"@id":"https:\/\/azturismo.net\/?p=4660"},"wordCount":1048,"commentCount":0,"publisher":{"@id":"https:\/\/azturismo.net\/#organization"},"image":{"@id":"https:\/\/azturismo.net\/?p=4660#primaryimage"},"thumbnailUrl":"https:\/\/i0.wp.com\/azturismo.net\/wp-content\/uploads\/2025\/08\/CostaAlegre.jpg?fit=600%2C282&ssl=1","keywords":["Avistamiento Aves","azturismo","Biodiversidad","Costalegre","Ecoturismo Mexico","Jalisco","Turismo de Naturaleza Viajes Sostenibles","turismo sostenible","Viajes"],"articleSection":["Destacadas","VIAJES"],"inLanguage":"es","potentialAction":[{"@type":"CommentAction","name":"Comment","target":["https:\/\/azturismo.net\/?p=4660#respond"]}]},{"@type":"WebPage","@id":"https:\/\/azturismo.net\/?p=4660","url":"https:\/\/azturismo.net\/?p=4660","name":"Costalegre: un para\u00edso del turismo sostenible y avistamiento de fauna - Azturismo Noticias","isPartOf":{"@id":"https:\/\/azturismo.net\/#website"},"primaryImageOfPage":{"@id":"https:\/\/azturismo.net\/?p=4660#primaryimage"},"image":{"@id":"https:\/\/azturismo.net\/?p=4660#primaryimage"},"thumbnailUrl":"https:\/\/i0.wp.com\/azturismo.net\/wp-content\/uploads\/2025\/08\/CostaAlegre.jpg?fit=600%2C282&ssl=1","datePublished":"2025-08-03T20:02:00+00:00","dateModified":"2025-08-06T02:30:43+00:00","description":"Costalegre demuestra que es posible combinar aventura, aprendizaje y conservaci\u00f3n en una experiencia tur\u00edstica transformadora. Este destino jalisciense no solo ofrece avistamiento de especies \u00fanicas, sino la oportunidad de participar activamente en un modelo de turismo que regenera en lugar de degradar.","breadcrumb":{"@id":"https:\/\/azturismo.net\/?p=4660#breadcrumb"},"inLanguage":"es","potentialAction":[{"@type":"ReadAction","target":["https:\/\/azturismo.net\/?p=4660"]}]},{"@type":"ImageObject","inLanguage":"es","@id":"https:\/\/azturismo.net\/?p=4660#primaryimage","url":"https:\/\/i0.wp.com\/azturismo.net\/wp-content\/uploads\/2025\/08\/CostaAlegre.jpg?fit=600%2C282&ssl=1","contentUrl":"https:\/\/i0.wp.com\/azturismo.net\/wp-content\/uploads\/2025\/08\/CostaAlegre.jpg?fit=600%2C282&ssl=1","width":600,"height":282},{"@type":"BreadcrumbList","@id":"https:\/\/azturismo.net\/?p=4660#breadcrumb","itemListElement":[{"@type":"ListItem","position":1,"name":"Home","item":"https:\/\/azturismo.net\/"},{"@type":"ListItem","position":2,"name":"Costalegre: un para\u00edso del turismo sostenible y avistamiento de fauna"}]},{"@type":"WebSite","@id":"https:\/\/azturismo.net\/#website","url":"https:\/\/azturismo.net\/","name":"Azturismo","description":"Azturismo Noticias","publisher":{"@id":"https:\/\/azturismo.net\/#organization"},"potentialAction":[{"@type":"SearchAction","target":{"@type":"EntryPoint","urlTemplate":"https:\/\/azturismo.net\/?s={search_term_string}"},"query-input":{"@type":"PropertyValueSpecification","valueRequired":true,"valueName":"search_term_string"}}],"inLanguage":"es"},{"@type":"Organization","@id":"https:\/\/azturismo.net\/#organization","name":"Azturismo","url":"https:\/\/azturismo.net\/","logo":{"@type":"ImageObject","inLanguage":"es","@id":"https:\/\/azturismo.net\/#\/schema\/logo\/image\/","url":"https:\/\/i0.wp.com\/azturismo.net\/wp-content\/uploads\/2024\/03\/logo-el-bueno-.png?fit=294%2C69&ssl=1","contentUrl":"https:\/\/i0.wp.com\/azturismo.net\/wp-content\/uploads\/2024\/03\/logo-el-bueno-.png?fit=294%2C69&ssl=1","width":294,"height":69,"caption":"Azturismo"},"image":{"@id":"https:\/\/azturismo.net\/#\/schema\/logo\/image\/"},"sameAs":["https:\/\/www.facebook.com\/AzturismoNoticias","https:\/\/x.com\/AzTurismo","https:\/\/www.instagram.com\/azturismo_noticias\/?fbclid=IwAR2xMiuoHbs6eLeIHKP8P5sSGa-xFrw7FfejscXO7kDghWa7wKLjGczKOwE","https:\/\/www.tiktok.com\/@azturismo"]},{"@type":"Person","@id":"https:\/\/azturismo.net\/#\/schema\/person\/4b56d87f51c4d1b518c650739ad3bbc1","name":"Azturismo","image":{"@type":"ImageObject","inLanguage":"es","@id":"https:\/\/azturismo.net\/wp-content\/litespeed\/avatar\/dfe28a31cdd68b788da48a316e50db10.jpg?ver=1777707566","url":"https:\/\/azturismo.net\/wp-content\/litespeed\/avatar\/dfe28a31cdd68b788da48a316e50db10.jpg?ver=1777707566","contentUrl":"https:\/\/azturismo.net\/wp-content\/litespeed\/avatar\/dfe28a31cdd68b788da48a316e50db10.jpg?ver=1777707566","caption":"Azturismo"},"sameAs":["https:\/\/azturismo.net"],"url":"https:\/\/azturismo.net\/?author=1"}]}},"jetpack_publicize_connections":[],"jetpack_featured_media_url":"https:\/\/i0.wp.com\/azturismo.net\/wp-content\/uploads\/2025\/08\/CostaAlegre.jpg?fit=600%2C282&ssl=1","jetpack_sharing_enabled":true,"jetpack-related-posts":[{"id":5859,"url":"https:\/\/azturismo.net\/?p=5859","url_meta":{"origin":4660,"position":0},"title":"Costalegre: el para\u00edso del glamping y eco-lodges","author":"Azturismo","date":"octubre 16, 2025","format":false,"excerpt":"Por Staff AzTurismo Si lo que buscas es un viaje que combine lujo, naturaleza y experiencias aut\u00e9nticas, Costalegre, Jalisco, es el destino ideal. Ubicado en el coraz\u00f3n del Pac\u00edfico mexicano, este corredor tur\u00edstico entre selvas tropicales y playas v\u00edrgenes se ha convertido en un refugio exclusivo para quienes buscan una\u2026","rel":"","context":"En &quot;Destacadas&quot;","block_context":{"text":"Destacadas","link":"https:\/\/azturismo.net\/?cat=30"},"img":{"alt_text":"","src":"https:\/\/i0.wp.com\/azturismo.net\/wp-content\/uploads\/2025\/10\/Costalegre-Glamping05.png?fit=600%2C584&ssl=1&resize=350%2C200","width":350,"height":200,"srcset":"https:\/\/i0.wp.com\/azturismo.net\/wp-content\/uploads\/2025\/10\/Costalegre-Glamping05.png?fit=600%2C584&ssl=1&resize=350%2C200 1x, https:\/\/i0.wp.com\/azturismo.net\/wp-content\/uploads\/2025\/10\/Costalegre-Glamping05.png?fit=600%2C584&ssl=1&resize=525%2C300 1.5x"},"classes":[]},{"id":3633,"url":"https:\/\/azturismo.net\/?p=3633","url_meta":{"origin":4660,"position":1},"title":"Jalisco quiere Certificaci\u00f3n Blue Flag para 20 playas","author":"Azturismo","date":"abril 15, 2025","format":false,"excerpt":"El estado se posicionar\u00e1 como el tercero con m\u00e1s playas certificadas en M\u00e9xico, reforzando su liderazgo tur\u00edstico sustentable Por Staff AzTurismo Jalisco se prepara para convertirse en el tercer estado mexicano con mayor n\u00famero de playas certificadas con el distintivo internacional Blue Flag (Bandera Azul), solo por detr\u00e1s de Baja\u2026","rel":"","context":"En &quot;Destacadas&quot;","block_context":{"text":"Destacadas","link":"https:\/\/azturismo.net\/?cat=30"},"img":{"alt_text":"","src":"https:\/\/i0.wp.com\/azturismo.net\/wp-content\/uploads\/2025\/04\/jalisco-playas-turistas.jpg?fit=600%2C400&ssl=1&resize=350%2C200","width":350,"height":200,"srcset":"https:\/\/i0.wp.com\/azturismo.net\/wp-content\/uploads\/2025\/04\/jalisco-playas-turistas.jpg?fit=600%2C400&ssl=1&resize=350%2C200 1x, https:\/\/i0.wp.com\/azturismo.net\/wp-content\/uploads\/2025\/04\/jalisco-playas-turistas.jpg?fit=600%2C400&ssl=1&resize=525%2C300 1.5x"},"classes":[]},{"id":6759,"url":"https:\/\/azturismo.net\/?p=6759","url_meta":{"origin":4660,"position":2},"title":"Jalisco presume coordinaci\u00f3n trilateral rumbo al Mundial 2026","author":"Azturismo","date":"diciembre 11, 2025","format":false,"excerpt":"Por Staff AzTurismo \u26bd El gobernador de Jalisco, Pablo Lemus Navarro, destac\u00f3 la coordinaci\u00f3n trilateral de las ciudades sede de M\u00e9xico rumbo al Mundial 2026, durante el evento cultural Fiesta de M\u00e9xico, realizado en el Instituto Cultural Mexicano en la capital estadounidense. El encuentro reuni\u00f3 a delegaciones de Jalisco, Nuevo\u2026","rel":"","context":"En &quot;Destacadas&quot;","block_context":{"text":"Destacadas","link":"https:\/\/azturismo.net\/?cat=30"},"img":{"alt_text":"","src":"https:\/\/i0.wp.com\/azturismo.net\/wp-content\/uploads\/2025\/12\/Jalisco-Sorteo-2-1.jpg?fit=600%2C592&ssl=1&resize=350%2C200","width":350,"height":200,"srcset":"https:\/\/i0.wp.com\/azturismo.net\/wp-content\/uploads\/2025\/12\/Jalisco-Sorteo-2-1.jpg?fit=600%2C592&ssl=1&resize=350%2C200 1x, https:\/\/i0.wp.com\/azturismo.net\/wp-content\/uploads\/2025\/12\/Jalisco-Sorteo-2-1.jpg?fit=600%2C592&ssl=1&resize=525%2C300 1.5x"},"classes":[]},{"id":6222,"url":"https:\/\/azturismo.net\/?p=6222","url_meta":{"origin":4660,"position":3},"title":"\ud83c\udf3aD\u00eda de Muertos al estilo jalisciense","author":"Azturismo","date":"octubre 31, 2025","format":false,"excerpt":"Por Staff AzTurismo Jalisco se viste de cempas\u00fachil, arte y tradici\u00f3n para conmemorar el D\u00eda de Muertos 2025, una de las celebraciones m\u00e1s emblem\u00e1ticas de M\u00e9xico. Con una agenda que re\u00fane m\u00e1s de cien actividades en todo el estado, el destino reafirma su liderazgo como epicentro cultural y tur\u00edstico durante\u2026","rel":"","context":"En &quot;Destacadas&quot;","block_context":{"text":"Destacadas","link":"https:\/\/azturismo.net\/?cat=30"},"img":{"alt_text":"","src":"https:\/\/i0.wp.com\/azturismo.net\/wp-content\/uploads\/2025\/10\/Jalisco-DiaMuertos13.jpg?fit=600%2C400&ssl=1&resize=350%2C200","width":350,"height":200,"srcset":"https:\/\/i0.wp.com\/azturismo.net\/wp-content\/uploads\/2025\/10\/Jalisco-DiaMuertos13.jpg?fit=600%2C400&ssl=1&resize=350%2C200 1x, https:\/\/i0.wp.com\/azturismo.net\/wp-content\/uploads\/2025\/10\/Jalisco-DiaMuertos13.jpg?fit=600%2C400&ssl=1&resize=525%2C300 1.5x"},"classes":[]},{"id":5978,"url":"https:\/\/azturismo.net\/?p=5978","url_meta":{"origin":4660,"position":4},"title":"Afianza Jalisco su presencia en Europa","author":"Azturismo","date":"octubre 15, 2025","format":false,"excerpt":"Por Staff AzTurismo \ud83c\udf0d Jalisco consolida su liderazgo tur\u00edstico a nivel global tras una exitosa gira de promoci\u00f3n por cinco pa\u00edses europeos: Francia, Polonia, Alemania, Espa\u00f1a e Italia.La Secretar\u00eda de Turismo de Jalisco (Setujal) present\u00f3 la oferta tur\u00edstica, cultural y gastron\u00f3mica de Jalisco con el objetivo de atraer inversiones, promover\u2026","rel":"","context":"En &quot;Destacadas&quot;","block_context":{"text":"Destacadas","link":"https:\/\/azturismo.net\/?cat=30"},"img":{"alt_text":"","src":"https:\/\/i0.wp.com\/azturismo.net\/wp-content\/uploads\/2025\/10\/Jalisco-Europa1.jpg?fit=600%2C400&ssl=1&resize=350%2C200","width":350,"height":200,"srcset":"https:\/\/i0.wp.com\/azturismo.net\/wp-content\/uploads\/2025\/10\/Jalisco-Europa1.jpg?fit=600%2C400&ssl=1&resize=350%2C200 1x, https:\/\/i0.wp.com\/azturismo.net\/wp-content\/uploads\/2025\/10\/Jalisco-Europa1.jpg?fit=600%2C400&ssl=1&resize=525%2C300 1.5x"},"classes":[]},{"id":5832,"url":"https:\/\/azturismo.net\/?p=5832","url_meta":{"origin":4660,"position":5},"title":"Tecalitl\u00e1n celebra el Festival Cultural del Mariachi  2025","author":"Azturismo","date":"octubre 2, 2025","format":false,"excerpt":"Por Staff AzTurismo A partir de este emblem\u00e1tico d\u00eda 2 y hasta el 12 de octubre, el municipio de Tecalitl\u00e1n, Jalisco, cuna del mariachi, celebrar\u00e1 la octava edici\u00f3n del Festival Cultural del Mariachi \u201cDe Tecalitl\u00e1n los Sones\u201d, un homenaje vivo al legado musical de M\u00e9xico que promete once d\u00edas de\u2026","rel":"","context":"En &quot;Destacadas&quot;","block_context":{"text":"Destacadas","link":"https:\/\/azturismo.net\/?cat=30"},"img":{"alt_text":"","src":"https:\/\/i0.wp.com\/azturismo.net\/wp-content\/uploads\/2025\/10\/mariachi.jpg?fit=600%2C603&ssl=1&resize=350%2C200","width":350,"height":200,"srcset":"https:\/\/i0.wp.com\/azturismo.net\/wp-content\/uploads\/2025\/10\/mariachi.jpg?fit=600%2C603&ssl=1&resize=350%2C200 1x, https:\/\/i0.wp.com\/azturismo.net\/wp-content\/uploads\/2025\/10\/mariachi.jpg?fit=600%2C603&ssl=1&resize=525%2C300 1.5x"},"classes":[]}],"jetpack_shortlink":"https:\/\/wp.me\/pfqZGx-1da","amp_enabled":true,"_links":{"self":[{"href":"https:\/\/azturismo.net\/index.php?rest_route=\/wp\/v2\/posts\/4660","targetHints":{"allow":["GET"]}}],"collection":[{"href":"https:\/\/azturismo.net\/index.php?rest_route=\/wp\/v2\/posts"}],"about":[{"href":"https:\/\/azturismo.net\/index.php?rest_route=\/wp\/v2\/types\/post"}],"author":[{"embeddable":true,"href":"https:\/\/azturismo.net\/index.php?rest_route=\/wp\/v2\/users\/1"}],"replies":[{"embeddable":true,"href":"https:\/\/azturismo.net\/index.php?rest_route=%2Fwp%2Fv2%2Fcomments&post=4660"}],"version-history":[{"count":1,"href":"https:\/\/azturismo.net\/index.php?rest_route=\/wp\/v2\/posts\/4660\/revisions"}],"predecessor-version":[{"id":4666,"href":"https:\/\/azturismo.net\/index.php?rest_route=\/wp\/v2\/posts\/4660\/revisions\/4666"}],"wp:featuredmedia":[{"embeddable":true,"href":"https:\/\/azturismo.net\/index.php?rest_route=\/wp\/v2\/media\/4661"}],"wp:attachment":[{"href":"https:\/\/azturismo.net\/index.php?rest_route=%2Fwp%2Fv2%2Fmedia&parent=4660"}],"wp:term":[{"taxonomy":"category","embeddable":true,"href":"https:\/\/azturismo.net\/index.php?rest_route=%2Fwp%2Fv2%2Fcategories&post=4660"},{"taxonomy":"post_tag","embeddable":true,"href":"https:\/\/azturismo.net\/index.php?rest_route=%2Fwp%2Fv2%2Ftags&post=4660"}],"curies":[{"name":"wp","href":"https:\/\/api.w.org\/{rel}","templated":true}]}}