{"id":4497,"date":"2025-07-21T18:32:56","date_gmt":"2025-07-22T00:32:56","guid":{"rendered":"https:\/\/azturismo.net\/?p=4497"},"modified":"2025-07-21T18:34:14","modified_gmt":"2025-07-22T00:34:14","slug":"descubre-por-que-la-guelaguetza-2025-es-el-evento-turistico-imperdible-del-ano","status":"publish","type":"post","link":"https:\/\/azturismo.net\/?p=4497","title":{"rendered":"Descubre por qu\u00e9 la Guelaguetza 2025 es el evento tur\u00edstico imperdible del a\u00f1o"},"content":{"rendered":"\n<p>Por Staff AzTurismo<\/p>\n\n\n\n<p>Oaxaca se viste de gala para recibir a <strong>m\u00e1s de 138,000 visitantes<\/strong> durante la celebraci\u00f3n m\u00e1s importante de M\u00e9xico: la <strong>Guelaguetza 2025<\/strong>. Esta festividad ancestral, que se celebra en los \u00faltimos dos lunes de julio, promete ser una experiencia \u00fanica que combina tradici\u00f3n, cultura y espect\u00e1culo en el coraz\u00f3n de una de las entidades m\u00e1s ricas culturalmente del pa\u00eds.<\/p>\n\n\n\n<p>\u201cEs la fiesta m\u00e1xima de M\u00e9xico, que hay que llevar a todas partes del mundo. Refleja lo que somos los mexicanos: estos colores, esta alegr\u00eda y nuestra gente. As\u00ed que, pues, Oaxaca est\u00e1 de fiesta. \u00a1Viva la Guelaguetza y de verdad vivan nuestros pueblos, nuestras culturas! Diecis\u00e9is culturas en un solo estado. Siempre he dicho que es el crisol de las culturas\u201d, coment\u00f3 la secretaria de Turismo del Gobierno de M\u00e9xico, Josefina Rodr\u00edguez Zamora, quien junto con el gobernador de Oaxaca, Salom\u00f3n Jara Cruz, y por su hom\u00f3loga de la entidad, Saymi Pineda Velasco, asisti\u00f3 al primer Lunes del Cerro<\/p>\n\n\n\n<p><strong>\u00bfQu\u00e9 hace tan especial a la Guelaguetza 2025?<\/strong><\/p>\n\n\n<div class=\"wp-block-image\">\n<figure class=\"aligncenter size-full\"><img data-recalc-dims=\"1\" loading=\"lazy\" decoding=\"async\" width=\"600\" height=\"400\" data-attachment-id=\"4499\" data-permalink=\"https:\/\/azturismo.net\/?attachment_id=4499\" data-orig-file=\"https:\/\/i0.wp.com\/azturismo.net\/wp-content\/uploads\/2025\/07\/Comunicado-141-2.jpg?fit=600%2C400&amp;ssl=1\" data-orig-size=\"600,400\" data-comments-opened=\"1\" data-image-meta=\"{&quot;aperture&quot;:&quot;0&quot;,&quot;credit&quot;:&quot;&quot;,&quot;camera&quot;:&quot;&quot;,&quot;caption&quot;:&quot;&quot;,&quot;created_timestamp&quot;:&quot;0&quot;,&quot;copyright&quot;:&quot;&quot;,&quot;focal_length&quot;:&quot;0&quot;,&quot;iso&quot;:&quot;0&quot;,&quot;shutter_speed&quot;:&quot;0&quot;,&quot;title&quot;:&quot;&quot;,&quot;orientation&quot;:&quot;1&quot;}\" data-image-title=\"Sectur-Guelaguetza\" data-image-description=\"\" data-image-caption=\"\" data-large-file=\"https:\/\/i0.wp.com\/azturismo.net\/wp-content\/uploads\/2025\/07\/Comunicado-141-2.jpg?fit=600%2C400&amp;ssl=1\" src=\"https:\/\/i0.wp.com\/azturismo.net\/wp-content\/uploads\/2025\/07\/Comunicado-141-2.jpg?resize=600%2C400&#038;ssl=1\" alt=\"\" class=\"wp-image-4499\" srcset=\"https:\/\/i0.wp.com\/azturismo.net\/wp-content\/uploads\/2025\/07\/Comunicado-141-2.jpg?w=600&amp;ssl=1 600w, https:\/\/i0.wp.com\/azturismo.net\/wp-content\/uploads\/2025\/07\/Comunicado-141-2.jpg?resize=300%2C200&amp;ssl=1 300w, https:\/\/i0.wp.com\/azturismo.net\/wp-content\/uploads\/2025\/07\/Comunicado-141-2.jpg?resize=150%2C100&amp;ssl=1 150w\" sizes=\"auto, (max-width: 600px) 100vw, 600px\" \/><\/figure><\/div>\n\n\n<p>La Guelaguetza no es solo una fiesta, es el <strong>crisol de 16 culturas<\/strong> que conviven en Oaxaca. Durante esta celebraci\u00f3n, las <strong>ocho regiones del estado<\/strong> se re\u00fanen en el majestuoso Auditorio del Cerro del Fort\u00edn para presentar sus danzas ancestrales, vestimentas tradicionales y ofrendas ceremoniales.<\/p>\n\n\n\n<p><strong>58 delegaciones<\/strong> provenientes de comunidades ind\u00edgenas y afromexicanas transforman el escenario en un caleidoscopio de colores, m\u00fasica y tradiciones que han perdurado por siglos. Cada presentaci\u00f3n cuenta una historia, cada danza preserva un legado, y cada traje t\u00edpico refleja la identidad de pueblos milenarios.<\/p>\n\n\n\n<p><strong>Impacto econ\u00f3mico y tur\u00edstico sin precedentes<\/strong><\/p>\n\n\n\n<p>Los n\u00fameros hablan por s\u00ed solos: la <strong>Guelaguetza 2025<\/strong> generar\u00e1 una <strong>derrama econ\u00f3mica superior a los 614 millones de pesos<\/strong>, beneficiando directamente a m\u00e1s de <strong>181,000 personas<\/strong> que viven del turismo en Oaxaca. La ocupaci\u00f3n hotelera alcanzar\u00e1 el <strong>83%<\/strong>, consolidando a este evento como uno de los motores econ\u00f3micos m\u00e1s importantes del estado.<\/p>\n\n\n\n<p><strong>M\u00e1s de 140 actividades durante &#8220;Julio, mes de la Guelaguetza&#8221;<\/strong><\/p>\n\n\n\n<p>La experiencia va mucho m\u00e1s all\u00e1 de los famosos Lunes del Cerro. Durante todo julio, Oaxaca ofrece un festival gastron\u00f3mico y cultural con actividades imperdibles:<\/p>\n\n\n\n<p><strong>Experiencias gastron\u00f3micas:<\/strong><\/p>\n\n\n\n<ul class=\"wp-block-list\">\n<li><strong>Feria del Mezcal<\/strong>: Degusta la bebida espiritual de Oaxaca<\/li>\n\n\n\n<li><strong>Festival Gastron\u00f3mico Oaxaca de Mil Sabores<\/strong>: Un viaje culinario por la cocina patrimonio de la humanidad<\/li>\n\n\n\n<li><strong>Feria de los Hongos<\/strong>: Descubre los sabores \u00fanicos de la temporada<\/li>\n\n\n\n<li><strong>Feria del Huarache<\/strong>: Prueba este ic\u00f3nico calzado artesanal<\/li>\n<\/ul>\n\n\n\n<p><strong>Experiencias culturales:<\/strong><\/p>\n\n\n\n<ul class=\"wp-block-list\">\n<li><strong>Feria del Textil Oaxaque\u00f1o<\/strong>: Admira el arte ancestral del tejido<\/li>\n\n\n\n<li><strong>Desfile de las Delegaciones<\/strong> (26 de julio): Un despliegue de color y tradici\u00f3n por las calles de la ciudad<\/li>\n<\/ul>\n\n\n\n<p><strong>\u00bfPor qu\u00e9 visitar Oaxaca durante la Guelaguetza?<\/strong><\/p>\n\n\n\n<p>Oaxaca es reconocida mundialmente como <strong>Patrimonio Cultural de la Humanidad<\/strong> por la UNESCO, y durante la Guelaguetza esta distinci\u00f3n cobra vida de manera espectacular. La ciudad ofrece:<\/p>\n\n\n\n<ul class=\"wp-block-list\">\n<li><strong>Gastronom\u00eda de clase mundial<\/strong>: Hogar del mole, los chapulines y el mezcal<\/li>\n\n\n\n<li><strong>Arte y artesan\u00edas<\/strong>: Desde alebrijes hasta textiles bordados a mano<\/li>\n\n\n\n<li><strong>Arquitectura colonial<\/strong>: Iglesias y edificios que narran 500 a\u00f1os de historia<\/li>\n\n\n\n<li><strong>Diversidad cultural<\/strong>: 16 grupos \u00e9tnicos que preservan tradiciones milenarias<\/li>\n\n\n\n<li><strong>Belleza natural<\/strong>: Desde las monta\u00f1as de la Sierra hasta las playas de la costa oaxaque\u00f1a<\/li>\n<\/ul>\n\n\n\n<p><strong>Consejos para tu visita a la Guelaguetza 2025<\/strong><\/p>\n\n\n\n<p><strong>Cu\u00e1ndo ir<\/strong>: Los Lunes del Cerro se celebran el 21 y 28 de julio de 2025, pero las actividades se extienden durante todo el mes.<\/p>\n\n\n\n<p><strong>D\u00f3nde hospedarse<\/strong>: Con una ocupaci\u00f3n del 83%, es recomendable reservar con anticipaci\u00f3n en hoteles del centro hist\u00f3rico para vivir la experiencia completa.<\/p>\n\n\n\n<p><strong>Qu\u00e9 no perderte<\/strong>: Adem\u00e1s de los Lunes del Cerro, el Desfile de las Delegaciones del 26 de julio es un espect\u00e1culo \u00fanico que recorre las principales calles de la ciudad.<\/p>\n\n\n\n<p><strong>Gastronom\u00eda<\/strong>: Aprovecha para probar especialidades como el mole negro, las tlayudas y, por supuesto, el mezcal artesanal.<\/p>\n\n\n\n<p><strong>Un evento de talla internacional<\/strong><\/p>\n\n\n\n<p>La Guelaguetza se posiciona como <strong>uno de los eventos culturales y art\u00edsticos m\u00e1s importantes de Am\u00e9rica Latina<\/strong>. Su proyecci\u00f3n internacional contin\u00faa creciendo gracias al trabajo conjunto entre la Secretar\u00eda de Turismo de M\u00e9xico y el gobierno de Oaxaca, quienes promueven esta festividad a trav\u00e9s del cuerpo diplom\u00e1tico mexicano en el mundo.<\/p>\n\n\n\n<p><strong>Planifica tu viaje ahora<\/strong><\/p>\n\n\n\n<p>La Guelaguetza 2025 no es solo un espect\u00e1culo, es una experiencia transformadora que conecta a los visitantes con las ra\u00edces m\u00e1s profundas de M\u00e9xico. Es la oportunidad perfecta para entender por qu\u00e9 Oaxaca es considerada el <strong>coraz\u00f3n cultural de M\u00e9xico<\/strong> y por qu\u00e9 esta festividad ha trascendido fronteras para convertirse en un s\u00edmbolo de la diversidad y riqueza cultural mexicana.<\/p>\n\n\n\n<p><strong>\u00bfEst\u00e1s listo para ser parte de la fiesta m\u00e1xima de M\u00e9xico?<\/strong> Oaxaca te espera con los brazos abiertos para vivir una experiencia que recordar\u00e1s toda la vida.<\/p>\n\n\n\n<p>\u00a1S\u00edguenos!<\/p>\n\n\n\n<p><a href=\"https:\/\/www.facebook.com\/AzturismoNoticias\">https:\/\/www.facebook.com\/AzturismoNoticias<\/a><\/p>\n\n\n\n<p><strong><a href=\"mailto:tiktok.com\/@azturismo\">tiktok.com\/@azturismo<\/a><\/strong><\/p>\n\n\n\n<p><strong><a href=\"https:\/\/www.instagram.com\/azturismo_noticias\">www.instagram.com\/azturismo_noticias<\/a><\/strong><\/p>\n\n\n\n<p><a href=\"https:\/\/x.com\/AzTurismo\">https:\/\/x.com\/AzTurismo<\/a><\/p>\n","protected":false},"excerpt":{"rendered":"<p>Por Staff AzTurismo Oaxaca se viste de gala para recibir a m\u00e1s de 138,000 visitantes durante la celebraci\u00f3n m\u00e1s importante de M\u00e9xico: la Guelaguetza 2025. Esta festividad ancestral, que se celebra en los \u00faltimos dos lunes de julio, promete ser una experiencia \u00fanica que combina tradici\u00f3n, cultura y espect\u00e1culo en el coraz\u00f3n de una de [&hellip;]<\/p>\n","protected":false},"author":1,"featured_media":4498,"comment_status":"open","ping_status":"open","sticky":false,"template":"","format":"standard","meta":{"jetpack_post_was_ever_published":false,"_jetpack_newsletter_access":"","_jetpack_dont_email_post_to_subs":false,"_jetpack_newsletter_tier_id":0,"_jetpack_memberships_contains_paywalled_content":false,"_jetpack_memberships_contains_paid_content":false,"footnotes":"","jetpack_publicize_message":"","jetpack_publicize_feature_enabled":true,"jetpack_social_post_already_shared":true,"jetpack_social_options":{"image_generator_settings":{"template":"highway","default_image_id":0,"font":"","enabled":false},"version":2}},"categories":[30,29],"tags":[99,889,313,1903,586,39],"class_list":{"0":"post-4497","1":"post","2":"type-post","3":"status-publish","4":"format-standard","5":"has-post-thumbnail","7":"category-e","8":"category-nacionales","9":"tag-azturismo","10":"tag-guelaguetza","11":"tag-josefina-rodriguez-zamora","12":"tag-lunes-de-cerro","13":"tag-oaxaca","14":"tag-turismo"},"yoast_head":"<!-- This site is optimized with the Yoast SEO plugin v27.5 - https:\/\/yoast.com\/product\/yoast-seo-wordpress\/ -->\n<title>Descubre por qu\u00e9 la Guelaguetza 2025 es el evento tur\u00edstico imperdible del a\u00f1o - Azturismo Noticias<\/title>\n<meta name=\"description\" content=\"Oaxaca se viste de gala para recibir a m\u00e1s de 138,000 visitantes durante la celebraci\u00f3n m\u00e1s importante de M\u00e9xico: la Guelaguetza 2025. Esta festividad ancestral, que se celebra en los \u00faltimos dos lunes de julio, promete ser una experiencia \u00fanica que combina tradici\u00f3n, cultura y espect\u00e1culo en el coraz\u00f3n de una de las entidades m\u00e1s ricas culturalmente del pa\u00eds.\" \/>\n<meta name=\"robots\" content=\"index, follow, max-snippet:-1, max-image-preview:large, max-video-preview:-1\" \/>\n<link rel=\"canonical\" href=\"https:\/\/azturismo.net\/?p=4497\" \/>\n<meta property=\"og:locale\" content=\"es_MX\" \/>\n<meta property=\"og:type\" content=\"article\" \/>\n<meta property=\"og:title\" content=\"Descubre por qu\u00e9 la Guelaguetza 2025 es el evento tur\u00edstico imperdible del a\u00f1o - Azturismo Noticias\" \/>\n<meta property=\"og:description\" content=\"Oaxaca se viste de gala para recibir a m\u00e1s de 138,000 visitantes durante la celebraci\u00f3n m\u00e1s importante de M\u00e9xico: la Guelaguetza 2025. Esta festividad ancestral, que se celebra en los \u00faltimos dos lunes de julio, promete ser una experiencia \u00fanica que combina tradici\u00f3n, cultura y espect\u00e1culo en el coraz\u00f3n de una de las entidades m\u00e1s ricas culturalmente del pa\u00eds.\" \/>\n<meta property=\"og:url\" content=\"https:\/\/azturismo.net\/?p=4497\" \/>\n<meta property=\"og:site_name\" content=\"Azturismo Noticias\" \/>\n<meta property=\"article:publisher\" content=\"https:\/\/www.facebook.com\/AzturismoNoticias\" \/>\n<meta property=\"article:published_time\" content=\"2025-07-22T00:32:56+00:00\" \/>\n<meta property=\"article:modified_time\" content=\"2025-07-22T00:34:14+00:00\" \/>\n<meta property=\"og:image\" content=\"https:\/\/azturismo.net\/wp-content\/uploads\/2025\/07\/Comunicado-141-18.jpg\" \/>\n\t<meta property=\"og:image:width\" content=\"600\" \/>\n\t<meta property=\"og:image:height\" content=\"400\" \/>\n\t<meta property=\"og:image:type\" content=\"image\/jpeg\" \/>\n<meta name=\"author\" content=\"Azturismo\" \/>\n<meta name=\"twitter:card\" content=\"summary_large_image\" \/>\n<meta name=\"twitter:creator\" content=\"@AzTurismo\" \/>\n<meta name=\"twitter:site\" content=\"@AzTurismo\" \/>\n<meta name=\"twitter:label1\" content=\"Escrito por\" \/>\n\t<meta name=\"twitter:data1\" content=\"Azturismo\" \/>\n\t<meta name=\"twitter:label2\" content=\"Tiempo de lectura\" \/>\n\t<meta name=\"twitter:data2\" content=\"4 minutos\" \/>\n<script type=\"application\/ld+json\" class=\"yoast-schema-graph\">{\"@context\":\"https:\\\/\\\/schema.org\",\"@graph\":[{\"@type\":\"Article\",\"@id\":\"https:\\\/\\\/azturismo.net\\\/?p=4497#article\",\"isPartOf\":{\"@id\":\"https:\\\/\\\/azturismo.net\\\/?p=4497\"},\"author\":{\"name\":\"Azturismo\",\"@id\":\"https:\\\/\\\/azturismo.net\\\/#\\\/schema\\\/person\\\/4b56d87f51c4d1b518c650739ad3bbc1\"},\"headline\":\"Descubre por qu\u00e9 la Guelaguetza 2025 es el evento tur\u00edstico imperdible del a\u00f1o\",\"datePublished\":\"2025-07-22T00:32:56+00:00\",\"dateModified\":\"2025-07-22T00:34:14+00:00\",\"mainEntityOfPage\":{\"@id\":\"https:\\\/\\\/azturismo.net\\\/?p=4497\"},\"wordCount\":857,\"commentCount\":0,\"publisher\":{\"@id\":\"https:\\\/\\\/azturismo.net\\\/#organization\"},\"image\":{\"@id\":\"https:\\\/\\\/azturismo.net\\\/?p=4497#primaryimage\"},\"thumbnailUrl\":\"https:\\\/\\\/i0.wp.com\\\/azturismo.net\\\/wp-content\\\/uploads\\\/2025\\\/07\\\/Comunicado-141-18.jpg?fit=600%2C400&ssl=1\",\"keywords\":[\"azturismo\",\"Guelaguetza\",\"Josefina Rodr\u00edguez Zamora\",\"lunes de cerro\",\"oaxaca\",\"Turismo\"],\"articleSection\":[\"Destacadas\",\"NACIONALES\"],\"inLanguage\":\"es\",\"potentialAction\":[{\"@type\":\"CommentAction\",\"name\":\"Comment\",\"target\":[\"https:\\\/\\\/azturismo.net\\\/?p=4497#respond\"]}]},{\"@type\":\"WebPage\",\"@id\":\"https:\\\/\\\/azturismo.net\\\/?p=4497\",\"url\":\"https:\\\/\\\/azturismo.net\\\/?p=4497\",\"name\":\"Descubre por qu\u00e9 la Guelaguetza 2025 es el evento tur\u00edstico imperdible del a\u00f1o - Azturismo Noticias\",\"isPartOf\":{\"@id\":\"https:\\\/\\\/azturismo.net\\\/#website\"},\"primaryImageOfPage\":{\"@id\":\"https:\\\/\\\/azturismo.net\\\/?p=4497#primaryimage\"},\"image\":{\"@id\":\"https:\\\/\\\/azturismo.net\\\/?p=4497#primaryimage\"},\"thumbnailUrl\":\"https:\\\/\\\/i0.wp.com\\\/azturismo.net\\\/wp-content\\\/uploads\\\/2025\\\/07\\\/Comunicado-141-18.jpg?fit=600%2C400&ssl=1\",\"datePublished\":\"2025-07-22T00:32:56+00:00\",\"dateModified\":\"2025-07-22T00:34:14+00:00\",\"description\":\"Oaxaca se viste de gala para recibir a m\u00e1s de 138,000 visitantes durante la celebraci\u00f3n m\u00e1s importante de M\u00e9xico: la Guelaguetza 2025. Esta festividad ancestral, que se celebra en los \u00faltimos dos lunes de julio, promete ser una experiencia \u00fanica que combina tradici\u00f3n, cultura y espect\u00e1culo en el coraz\u00f3n de una de las entidades m\u00e1s ricas culturalmente del pa\u00eds.\",\"breadcrumb\":{\"@id\":\"https:\\\/\\\/azturismo.net\\\/?p=4497#breadcrumb\"},\"inLanguage\":\"es\",\"potentialAction\":[{\"@type\":\"ReadAction\",\"target\":[\"https:\\\/\\\/azturismo.net\\\/?p=4497\"]}]},{\"@type\":\"ImageObject\",\"inLanguage\":\"es\",\"@id\":\"https:\\\/\\\/azturismo.net\\\/?p=4497#primaryimage\",\"url\":\"https:\\\/\\\/i0.wp.com\\\/azturismo.net\\\/wp-content\\\/uploads\\\/2025\\\/07\\\/Comunicado-141-18.jpg?fit=600%2C400&ssl=1\",\"contentUrl\":\"https:\\\/\\\/i0.wp.com\\\/azturismo.net\\\/wp-content\\\/uploads\\\/2025\\\/07\\\/Comunicado-141-18.jpg?fit=600%2C400&ssl=1\",\"width\":600,\"height\":400},{\"@type\":\"BreadcrumbList\",\"@id\":\"https:\\\/\\\/azturismo.net\\\/?p=4497#breadcrumb\",\"itemListElement\":[{\"@type\":\"ListItem\",\"position\":1,\"name\":\"Home\",\"item\":\"https:\\\/\\\/azturismo.net\\\/\"},{\"@type\":\"ListItem\",\"position\":2,\"name\":\"Descubre por qu\u00e9 la Guelaguetza 2025 es el evento tur\u00edstico imperdible del a\u00f1o\"}]},{\"@type\":\"WebSite\",\"@id\":\"https:\\\/\\\/azturismo.net\\\/#website\",\"url\":\"https:\\\/\\\/azturismo.net\\\/\",\"name\":\"Azturismo\",\"description\":\"Azturismo Noticias\",\"publisher\":{\"@id\":\"https:\\\/\\\/azturismo.net\\\/#organization\"},\"potentialAction\":[{\"@type\":\"SearchAction\",\"target\":{\"@type\":\"EntryPoint\",\"urlTemplate\":\"https:\\\/\\\/azturismo.net\\\/?s={search_term_string}\"},\"query-input\":{\"@type\":\"PropertyValueSpecification\",\"valueRequired\":true,\"valueName\":\"search_term_string\"}}],\"inLanguage\":\"es\"},{\"@type\":\"Organization\",\"@id\":\"https:\\\/\\\/azturismo.net\\\/#organization\",\"name\":\"Azturismo\",\"url\":\"https:\\\/\\\/azturismo.net\\\/\",\"logo\":{\"@type\":\"ImageObject\",\"inLanguage\":\"es\",\"@id\":\"https:\\\/\\\/azturismo.net\\\/#\\\/schema\\\/logo\\\/image\\\/\",\"url\":\"https:\\\/\\\/i0.wp.com\\\/azturismo.net\\\/wp-content\\\/uploads\\\/2024\\\/03\\\/logo-el-bueno-.png?fit=294%2C69&ssl=1\",\"contentUrl\":\"https:\\\/\\\/i0.wp.com\\\/azturismo.net\\\/wp-content\\\/uploads\\\/2024\\\/03\\\/logo-el-bueno-.png?fit=294%2C69&ssl=1\",\"width\":294,\"height\":69,\"caption\":\"Azturismo\"},\"image\":{\"@id\":\"https:\\\/\\\/azturismo.net\\\/#\\\/schema\\\/logo\\\/image\\\/\"},\"sameAs\":[\"https:\\\/\\\/www.facebook.com\\\/AzturismoNoticias\",\"https:\\\/\\\/x.com\\\/AzTurismo\",\"https:\\\/\\\/www.instagram.com\\\/azturismo_noticias\\\/?fbclid=IwAR2xMiuoHbs6eLeIHKP8P5sSGa-xFrw7FfejscXO7kDghWa7wKLjGczKOwE\",\"https:\\\/\\\/www.tiktok.com\\\/@azturismo\"]},{\"@type\":\"Person\",\"@id\":\"https:\\\/\\\/azturismo.net\\\/#\\\/schema\\\/person\\\/4b56d87f51c4d1b518c650739ad3bbc1\",\"name\":\"Azturismo\",\"image\":{\"@type\":\"ImageObject\",\"inLanguage\":\"es\",\"@id\":\"https:\\\/\\\/azturismo.net\\\/wp-content\\\/litespeed\\\/avatar\\\/dfe28a31cdd68b788da48a316e50db10.jpg?ver=1777707566\",\"url\":\"https:\\\/\\\/azturismo.net\\\/wp-content\\\/litespeed\\\/avatar\\\/dfe28a31cdd68b788da48a316e50db10.jpg?ver=1777707566\",\"contentUrl\":\"https:\\\/\\\/azturismo.net\\\/wp-content\\\/litespeed\\\/avatar\\\/dfe28a31cdd68b788da48a316e50db10.jpg?ver=1777707566\",\"caption\":\"Azturismo\"},\"sameAs\":[\"https:\\\/\\\/azturismo.net\"],\"url\":\"https:\\\/\\\/azturismo.net\\\/?author=1\"}]}<\/script>\n<!-- \/ Yoast SEO plugin. -->","yoast_head_json":{"title":"Descubre por qu\u00e9 la Guelaguetza 2025 es el evento tur\u00edstico imperdible del a\u00f1o - Azturismo Noticias","description":"Oaxaca se viste de gala para recibir a m\u00e1s de 138,000 visitantes durante la celebraci\u00f3n m\u00e1s importante de M\u00e9xico: la Guelaguetza 2025. Esta festividad ancestral, que se celebra en los \u00faltimos dos lunes de julio, promete ser una experiencia \u00fanica que combina tradici\u00f3n, cultura y espect\u00e1culo en el coraz\u00f3n de una de las entidades m\u00e1s ricas culturalmente del pa\u00eds.","robots":{"index":"index","follow":"follow","max-snippet":"max-snippet:-1","max-image-preview":"max-image-preview:large","max-video-preview":"max-video-preview:-1"},"canonical":"https:\/\/azturismo.net\/?p=4497","og_locale":"es_MX","og_type":"article","og_title":"Descubre por qu\u00e9 la Guelaguetza 2025 es el evento tur\u00edstico imperdible del a\u00f1o - Azturismo Noticias","og_description":"Oaxaca se viste de gala para recibir a m\u00e1s de 138,000 visitantes durante la celebraci\u00f3n m\u00e1s importante de M\u00e9xico: la Guelaguetza 2025. Esta festividad ancestral, que se celebra en los \u00faltimos dos lunes de julio, promete ser una experiencia \u00fanica que combina tradici\u00f3n, cultura y espect\u00e1culo en el coraz\u00f3n de una de las entidades m\u00e1s ricas culturalmente del pa\u00eds.","og_url":"https:\/\/azturismo.net\/?p=4497","og_site_name":"Azturismo Noticias","article_publisher":"https:\/\/www.facebook.com\/AzturismoNoticias","article_published_time":"2025-07-22T00:32:56+00:00","article_modified_time":"2025-07-22T00:34:14+00:00","og_image":[{"width":600,"height":400,"url":"https:\/\/azturismo.net\/wp-content\/uploads\/2025\/07\/Comunicado-141-18.jpg","type":"image\/jpeg"}],"author":"Azturismo","twitter_card":"summary_large_image","twitter_creator":"@AzTurismo","twitter_site":"@AzTurismo","twitter_misc":{"Escrito por":"Azturismo","Tiempo de lectura":"4 minutos"},"schema":{"@context":"https:\/\/schema.org","@graph":[{"@type":"Article","@id":"https:\/\/azturismo.net\/?p=4497#article","isPartOf":{"@id":"https:\/\/azturismo.net\/?p=4497"},"author":{"name":"Azturismo","@id":"https:\/\/azturismo.net\/#\/schema\/person\/4b56d87f51c4d1b518c650739ad3bbc1"},"headline":"Descubre por qu\u00e9 la Guelaguetza 2025 es el evento tur\u00edstico imperdible del a\u00f1o","datePublished":"2025-07-22T00:32:56+00:00","dateModified":"2025-07-22T00:34:14+00:00","mainEntityOfPage":{"@id":"https:\/\/azturismo.net\/?p=4497"},"wordCount":857,"commentCount":0,"publisher":{"@id":"https:\/\/azturismo.net\/#organization"},"image":{"@id":"https:\/\/azturismo.net\/?p=4497#primaryimage"},"thumbnailUrl":"https:\/\/i0.wp.com\/azturismo.net\/wp-content\/uploads\/2025\/07\/Comunicado-141-18.jpg?fit=600%2C400&ssl=1","keywords":["azturismo","Guelaguetza","Josefina Rodr\u00edguez Zamora","lunes de cerro","oaxaca","Turismo"],"articleSection":["Destacadas","NACIONALES"],"inLanguage":"es","potentialAction":[{"@type":"CommentAction","name":"Comment","target":["https:\/\/azturismo.net\/?p=4497#respond"]}]},{"@type":"WebPage","@id":"https:\/\/azturismo.net\/?p=4497","url":"https:\/\/azturismo.net\/?p=4497","name":"Descubre por qu\u00e9 la Guelaguetza 2025 es el evento tur\u00edstico imperdible del a\u00f1o - Azturismo Noticias","isPartOf":{"@id":"https:\/\/azturismo.net\/#website"},"primaryImageOfPage":{"@id":"https:\/\/azturismo.net\/?p=4497#primaryimage"},"image":{"@id":"https:\/\/azturismo.net\/?p=4497#primaryimage"},"thumbnailUrl":"https:\/\/i0.wp.com\/azturismo.net\/wp-content\/uploads\/2025\/07\/Comunicado-141-18.jpg?fit=600%2C400&ssl=1","datePublished":"2025-07-22T00:32:56+00:00","dateModified":"2025-07-22T00:34:14+00:00","description":"Oaxaca se viste de gala para recibir a m\u00e1s de 138,000 visitantes durante la celebraci\u00f3n m\u00e1s importante de M\u00e9xico: la Guelaguetza 2025. Esta festividad ancestral, que se celebra en los \u00faltimos dos lunes de julio, promete ser una experiencia \u00fanica que combina tradici\u00f3n, cultura y espect\u00e1culo en el coraz\u00f3n de una de las entidades m\u00e1s ricas culturalmente del pa\u00eds.","breadcrumb":{"@id":"https:\/\/azturismo.net\/?p=4497#breadcrumb"},"inLanguage":"es","potentialAction":[{"@type":"ReadAction","target":["https:\/\/azturismo.net\/?p=4497"]}]},{"@type":"ImageObject","inLanguage":"es","@id":"https:\/\/azturismo.net\/?p=4497#primaryimage","url":"https:\/\/i0.wp.com\/azturismo.net\/wp-content\/uploads\/2025\/07\/Comunicado-141-18.jpg?fit=600%2C400&ssl=1","contentUrl":"https:\/\/i0.wp.com\/azturismo.net\/wp-content\/uploads\/2025\/07\/Comunicado-141-18.jpg?fit=600%2C400&ssl=1","width":600,"height":400},{"@type":"BreadcrumbList","@id":"https:\/\/azturismo.net\/?p=4497#breadcrumb","itemListElement":[{"@type":"ListItem","position":1,"name":"Home","item":"https:\/\/azturismo.net\/"},{"@type":"ListItem","position":2,"name":"Descubre por qu\u00e9 la Guelaguetza 2025 es el evento tur\u00edstico imperdible del a\u00f1o"}]},{"@type":"WebSite","@id":"https:\/\/azturismo.net\/#website","url":"https:\/\/azturismo.net\/","name":"Azturismo","description":"Azturismo Noticias","publisher":{"@id":"https:\/\/azturismo.net\/#organization"},"potentialAction":[{"@type":"SearchAction","target":{"@type":"EntryPoint","urlTemplate":"https:\/\/azturismo.net\/?s={search_term_string}"},"query-input":{"@type":"PropertyValueSpecification","valueRequired":true,"valueName":"search_term_string"}}],"inLanguage":"es"},{"@type":"Organization","@id":"https:\/\/azturismo.net\/#organization","name":"Azturismo","url":"https:\/\/azturismo.net\/","logo":{"@type":"ImageObject","inLanguage":"es","@id":"https:\/\/azturismo.net\/#\/schema\/logo\/image\/","url":"https:\/\/i0.wp.com\/azturismo.net\/wp-content\/uploads\/2024\/03\/logo-el-bueno-.png?fit=294%2C69&ssl=1","contentUrl":"https:\/\/i0.wp.com\/azturismo.net\/wp-content\/uploads\/2024\/03\/logo-el-bueno-.png?fit=294%2C69&ssl=1","width":294,"height":69,"caption":"Azturismo"},"image":{"@id":"https:\/\/azturismo.net\/#\/schema\/logo\/image\/"},"sameAs":["https:\/\/www.facebook.com\/AzturismoNoticias","https:\/\/x.com\/AzTurismo","https:\/\/www.instagram.com\/azturismo_noticias\/?fbclid=IwAR2xMiuoHbs6eLeIHKP8P5sSGa-xFrw7FfejscXO7kDghWa7wKLjGczKOwE","https:\/\/www.tiktok.com\/@azturismo"]},{"@type":"Person","@id":"https:\/\/azturismo.net\/#\/schema\/person\/4b56d87f51c4d1b518c650739ad3bbc1","name":"Azturismo","image":{"@type":"ImageObject","inLanguage":"es","@id":"https:\/\/azturismo.net\/wp-content\/litespeed\/avatar\/dfe28a31cdd68b788da48a316e50db10.jpg?ver=1777707566","url":"https:\/\/azturismo.net\/wp-content\/litespeed\/avatar\/dfe28a31cdd68b788da48a316e50db10.jpg?ver=1777707566","contentUrl":"https:\/\/azturismo.net\/wp-content\/litespeed\/avatar\/dfe28a31cdd68b788da48a316e50db10.jpg?ver=1777707566","caption":"Azturismo"},"sameAs":["https:\/\/azturismo.net"],"url":"https:\/\/azturismo.net\/?author=1"}]}},"jetpack_publicize_connections":[],"jetpack_featured_media_url":"https:\/\/i0.wp.com\/azturismo.net\/wp-content\/uploads\/2025\/07\/Comunicado-141-18.jpg?fit=600%2C400&ssl=1","jetpack_sharing_enabled":true,"jetpack-related-posts":[{"id":5109,"url":"https:\/\/azturismo.net\/?p=5109","url_meta":{"origin":4497,"position":0},"title":"Llega Odisea M\u00e9xico, una experiencia inmersiva para viajar por todo el pa\u00eds","author":"Azturismo","date":"agosto 27, 2025","format":false,"excerpt":"Por Staff AzTurismo Imagina poder recorrer los 32 estados de M\u00e9xico, desde sus playas hasta sus zonas arqueol\u00f3gicas, en un solo lugar. Esa es la promesa de Odisea M\u00e9xico, un innovador proyecto cultural y tur\u00edstico que acaba de ser inaugurado para fusionar la grandeza de la identidad nacional con la\u2026","rel":"","context":"En &quot;Destacadas&quot;","block_context":{"text":"Destacadas","link":"https:\/\/azturismo.net\/?cat=30"},"img":{"alt_text":"","src":"https:\/\/i0.wp.com\/azturismo.net\/wp-content\/uploads\/2025\/08\/odiseamexico-2.jpg?fit=600%2C400&ssl=1&resize=350%2C200","width":350,"height":200,"srcset":"https:\/\/i0.wp.com\/azturismo.net\/wp-content\/uploads\/2025\/08\/odiseamexico-2.jpg?fit=600%2C400&ssl=1&resize=350%2C200 1x, https:\/\/i0.wp.com\/azturismo.net\/wp-content\/uploads\/2025\/08\/odiseamexico-2.jpg?fit=600%2C400&ssl=1&resize=525%2C300 1.5x"},"classes":[]},{"id":3437,"url":"https:\/\/azturismo.net\/?p=3437","url_meta":{"origin":4497,"position":1},"title":"\u00a1Mucha pachanga en la Feria Nacional de Nayarit 2025!","author":"Azturismo","date":"marzo 24, 2025","format":false,"excerpt":"\ud83c\udf89\u2728\ud83c\udfa4\ud83c\udf2e\ud83c\udfa1 La fiesta m\u00e1s grande del estado est\u00e1 de regreso y hasta el 13 de abril, se desplegar\u00e1n eventos que ser\u00e1n inolvidables. Las instalaciones del antiguo aeropuerto de Tepic se llenar\u00e1n de m\u00fasica, cultura y tradici\u00f3n, con una cartelera de lujo que incluye: \ud83c\udfb5 Banda El Recodo\ud83c\udfa4 La Arrolladora Banda\u2026","rel":"","context":"En &quot;Destacadas&quot;","block_context":{"text":"Destacadas","link":"https:\/\/azturismo.net\/?cat=30"},"img":{"alt_text":"","src":"https:\/\/i0.wp.com\/azturismo.net\/wp-content\/uploads\/2025\/03\/Feria-de-Nayarit-3.jpeg?fit=600%2C450&ssl=1&resize=350%2C200","width":350,"height":200,"srcset":"https:\/\/i0.wp.com\/azturismo.net\/wp-content\/uploads\/2025\/03\/Feria-de-Nayarit-3.jpeg?fit=600%2C450&ssl=1&resize=350%2C200 1x, https:\/\/i0.wp.com\/azturismo.net\/wp-content\/uploads\/2025\/03\/Feria-de-Nayarit-3.jpeg?fit=600%2C450&ssl=1&resize=525%2C300 1.5x"},"classes":[]},{"id":3854,"url":"https:\/\/azturismo.net\/?p=3854","url_meta":{"origin":4497,"position":2},"title":"Colecci\u00f3n Tesoros de M\u00e9xico reafirma su compromiso con la excelencia tur\u00edstica","author":"Azturismo","date":"mayo 20, 2025","format":false,"excerpt":"La Asociaci\u00f3n Nacional de la Colecci\u00f3n Tesoros de M\u00e9xico reuni\u00f3 a sus principales representantes y a destacadas autoridades del sector tur\u00edstico durante su Junta Nacional 2025, celebrada en la ciudad de Oaxaca. El evento cont\u00f3 con la participaci\u00f3n especial de la secretaria de Turismo federal, Josefina Rodr\u00edguez Zamora, y del\u2026","rel":"","context":"En &quot;Destacadas&quot;","block_context":{"text":"Destacadas","link":"https:\/\/azturismo.net\/?cat=30"},"img":{"alt_text":"","src":"https:\/\/i0.wp.com\/azturismo.net\/wp-content\/uploads\/2025\/05\/Tesoros-de-Mexico04.jpeg?fit=600%2C337&ssl=1&resize=350%2C200","width":350,"height":200,"srcset":"https:\/\/i0.wp.com\/azturismo.net\/wp-content\/uploads\/2025\/05\/Tesoros-de-Mexico04.jpeg?fit=600%2C337&ssl=1&resize=350%2C200 1x, https:\/\/i0.wp.com\/azturismo.net\/wp-content\/uploads\/2025\/05\/Tesoros-de-Mexico04.jpeg?fit=600%2C337&ssl=1&resize=525%2C300 1.5x"},"classes":[]},{"id":3710,"url":"https:\/\/azturismo.net\/?p=3710","url_meta":{"origin":4497,"position":3},"title":"M\u00e9xico y EU fortalecen lazos tur\u00edsticos con la apertura de &#8220;Ventana a M\u00e9xico&#8221; en San Diego","author":"Azturismo","date":"abril 29, 2025","format":false,"excerpt":"Por Staff AzTurismo En un contexto donde la cooperaci\u00f3n entre M\u00e9xico y Estados Unidos se vuelve cada vez m\u00e1s crucial, la secretaria de Turismo de M\u00e9xico, Josefina Rodr\u00edguez Zamora, y la c\u00f3nsul general en San Diego, embajadora Alicia Kerber Palma, inauguraron la primera oficina de promoci\u00f3n tur\u00edstica \"Ventana a M\u00e9xico\"\u2026","rel":"","context":"En &quot;Destacadas&quot;","block_context":{"text":"Destacadas","link":"https:\/\/azturismo.net\/?cat=30"},"img":{"alt_text":"","src":"https:\/\/i0.wp.com\/azturismo.net\/wp-content\/uploads\/2025\/04\/PSX_20250429_000813.jpg?fit=600%2C400&ssl=1&resize=350%2C200","width":350,"height":200,"srcset":"https:\/\/i0.wp.com\/azturismo.net\/wp-content\/uploads\/2025\/04\/PSX_20250429_000813.jpg?fit=600%2C400&ssl=1&resize=350%2C200 1x, https:\/\/i0.wp.com\/azturismo.net\/wp-content\/uploads\/2025\/04\/PSX_20250429_000813.jpg?fit=600%2C400&ssl=1&resize=525%2C300 1.5x"},"classes":[]},{"id":4615,"url":"https:\/\/azturismo.net\/?p=4615","url_meta":{"origin":4497,"position":4},"title":"Secretarios de Turismo de M\u00e9xico van contra fraudes y promoci\u00f3n del Mundial","author":"Azturismo","date":"julio 31, 2025","format":false,"excerpt":"La 62\u00aa Asamblea ASETUR en Oaxaca defini\u00f3 estrategias clave para impulsar el turismo nacional, incluyendo la campa\u00f1a \"Verifica y Viaja\" y el Tianguis de Pueblos M\u00e1gicos 2025 Por Staff AzTurismo Las y los secretarios de turismo de todo M\u00e9xico se reunieron en Oaxaca para consolidar una agenda com\u00fan que fortalezca\u2026","rel":"","context":"En &quot;Destacadas&quot;","block_context":{"text":"Destacadas","link":"https:\/\/azturismo.net\/?cat=30"},"img":{"alt_text":"","src":"https:\/\/i0.wp.com\/azturismo.net\/wp-content\/uploads\/2025\/07\/Asetur.jpeg?fit=1200%2C800&ssl=1&resize=350%2C200","width":350,"height":200,"srcset":"https:\/\/i0.wp.com\/azturismo.net\/wp-content\/uploads\/2025\/07\/Asetur.jpeg?fit=1200%2C800&ssl=1&resize=350%2C200 1x, https:\/\/i0.wp.com\/azturismo.net\/wp-content\/uploads\/2025\/07\/Asetur.jpeg?fit=1200%2C800&ssl=1&resize=525%2C300 1.5x, https:\/\/i0.wp.com\/azturismo.net\/wp-content\/uploads\/2025\/07\/Asetur.jpeg?fit=1200%2C800&ssl=1&resize=700%2C400 2x, https:\/\/i0.wp.com\/azturismo.net\/wp-content\/uploads\/2025\/07\/Asetur.jpeg?fit=1200%2C800&ssl=1&resize=1050%2C600 3x"},"classes":[]},{"id":3283,"url":"https:\/\/azturismo.net\/?p=3283","url_meta":{"origin":4497,"position":5},"title":"Oaxaca, sede del turismo de aventura y naturaleza, ATMEX 2025","author":"Azturismo","date":"marzo 7, 2025","format":false,"excerpt":"Por AzTurismo Oaxaca ser\u00e1 la sede de la XIV edici\u00f3n del Adventure Travel Network (ATMEX) 2025, uno de los eventos m\u00e1s importantes de turismo de aventura y turismo de naturaleza en Am\u00e9rica Latina. El evento se llevar\u00e1 a cabo del 11 al 14 de marzo de 2025 en el Centro\u2026","rel":"","context":"En &quot;Destacadas&quot;","block_context":{"text":"Destacadas","link":"https:\/\/azturismo.net\/?cat=30"},"img":{"alt_text":"","src":"https:\/\/i0.wp.com\/azturismo.net\/wp-content\/uploads\/2025\/03\/Sectur-Oaxaca.jpg?fit=600%2C337&ssl=1&resize=350%2C200","width":350,"height":200,"srcset":"https:\/\/i0.wp.com\/azturismo.net\/wp-content\/uploads\/2025\/03\/Sectur-Oaxaca.jpg?fit=600%2C337&ssl=1&resize=350%2C200 1x, https:\/\/i0.wp.com\/azturismo.net\/wp-content\/uploads\/2025\/03\/Sectur-Oaxaca.jpg?fit=600%2C337&ssl=1&resize=525%2C300 1.5x"},"classes":[]}],"jetpack_shortlink":"https:\/\/wp.me\/pfqZGx-1ax","amp_enabled":true,"_links":{"self":[{"href":"https:\/\/azturismo.net\/index.php?rest_route=\/wp\/v2\/posts\/4497","targetHints":{"allow":["GET"]}}],"collection":[{"href":"https:\/\/azturismo.net\/index.php?rest_route=\/wp\/v2\/posts"}],"about":[{"href":"https:\/\/azturismo.net\/index.php?rest_route=\/wp\/v2\/types\/post"}],"author":[{"embeddable":true,"href":"https:\/\/azturismo.net\/index.php?rest_route=\/wp\/v2\/users\/1"}],"replies":[{"embeddable":true,"href":"https:\/\/azturismo.net\/index.php?rest_route=%2Fwp%2Fv2%2Fcomments&post=4497"}],"version-history":[{"count":3,"href":"https:\/\/azturismo.net\/index.php?rest_route=\/wp\/v2\/posts\/4497\/revisions"}],"predecessor-version":[{"id":4504,"href":"https:\/\/azturismo.net\/index.php?rest_route=\/wp\/v2\/posts\/4497\/revisions\/4504"}],"wp:featuredmedia":[{"embeddable":true,"href":"https:\/\/azturismo.net\/index.php?rest_route=\/wp\/v2\/media\/4498"}],"wp:attachment":[{"href":"https:\/\/azturismo.net\/index.php?rest_route=%2Fwp%2Fv2%2Fmedia&parent=4497"}],"wp:term":[{"taxonomy":"category","embeddable":true,"href":"https:\/\/azturismo.net\/index.php?rest_route=%2Fwp%2Fv2%2Fcategories&post=4497"},{"taxonomy":"post_tag","embeddable":true,"href":"https:\/\/azturismo.net\/index.php?rest_route=%2Fwp%2Fv2%2Ftags&post=4497"}],"curies":[{"name":"wp","href":"https:\/\/api.w.org\/{rel}","templated":true}]}}