{"id":4467,"date":"2025-07-18T19:43:25","date_gmt":"2025-07-19T01:43:25","guid":{"rendered":"https:\/\/azturismo.net\/?p=4467"},"modified":"2025-07-18T21:54:54","modified_gmt":"2025-07-19T03:54:54","slug":"borrador-autmatico","status":"publish","type":"post","link":"https:\/\/azturismo.net\/?p=4467","title":{"rendered":"Tampico se abre al turismo deportivo nacional e internacional"},"content":{"rendered":"\n<p>Por Oscar V\u00e1zquez C.<\/p>\n\n\n\n<p>\u00a1Prep\u00e1rense, viajeros! Una delegaci\u00f3n de <strong>Tampico, Tamaulipas<\/strong>, visit\u00f3 Punto M\u00e9xico de la Secretar\u00eda de Turismo (Sectur) para desplegar su atractiva <strong>agenda tur\u00edstica 2025<\/strong>. La ciudad portuaria busca cautivar a turistas nacionales e internacionales con una propuesta diversa que combina <strong>deporte, naturaleza y cultura<\/strong>, consolid\u00e1ndola como una &#8220;joya oculta&#8221; del <strong>turismo mexicano<\/strong>.<\/p>\n\n\n\n<p>Marte Luis Molina Orozco, director general de Gesti\u00f3n Social de Destinos de Sectur, en representaci\u00f3n de la titular Josefina Rodr\u00edguez Zamora, destac\u00f3 que la estrategia de Tampico busca combatir la estacionalidad tur\u00edstica ofreciendo <strong>experiencias \u00fanicas durante todo el a\u00f1o<\/strong>.<\/p>\n\n\n\n<p>Destac\u00f3 que esta diversificaci\u00f3n tur\u00edstica, que incluye turismo MICE (Reuniones), deportivo, de sol y playa y cultural, asegura la llegada de visitantes durante todo el a\u00f1o.<\/p>\n\n\n\n<h2 class=\"wp-block-heading\">Tamaulipas Impulsa su Destino Estrella<\/h2>\n\n\n\n<p>El secretario de Turismo de Tamaulipas, Benjam\u00edn Hern\u00e1ndez Rodr\u00edguez, se\u00f1al\u00f3 que el <strong>70 por ciento de la afluencia tur\u00edstica de Tamaulipas<\/strong> se concentra en la zona conurbada de Tampico, lo que subraya la importancia de esta estrategia. <\/p>\n\n\n<div class=\"wp-block-image\">\n<figure class=\"aligncenter size-full\"><img data-recalc-dims=\"1\" loading=\"lazy\" decoding=\"async\" width=\"600\" height=\"400\" data-attachment-id=\"4469\" data-permalink=\"https:\/\/azturismo.net\/?attachment_id=4469\" data-orig-file=\"https:\/\/i0.wp.com\/azturismo.net\/wp-content\/uploads\/2025\/07\/Comunicado-140-2.jpg?fit=600%2C400&amp;ssl=1\" data-orig-size=\"600,400\" data-comments-opened=\"1\" data-image-meta=\"{&quot;aperture&quot;:&quot;0&quot;,&quot;credit&quot;:&quot;&quot;,&quot;camera&quot;:&quot;&quot;,&quot;caption&quot;:&quot;&quot;,&quot;created_timestamp&quot;:&quot;0&quot;,&quot;copyright&quot;:&quot;&quot;,&quot;focal_length&quot;:&quot;0&quot;,&quot;iso&quot;:&quot;0&quot;,&quot;shutter_speed&quot;:&quot;0&quot;,&quot;title&quot;:&quot;&quot;,&quot;orientation&quot;:&quot;1&quot;}\" data-image-title=\"Tampico-funcionarios\" data-image-description=\"\" data-image-caption=\"\" data-large-file=\"https:\/\/i0.wp.com\/azturismo.net\/wp-content\/uploads\/2025\/07\/Comunicado-140-2.jpg?fit=600%2C400&amp;ssl=1\" src=\"https:\/\/i0.wp.com\/azturismo.net\/wp-content\/uploads\/2025\/07\/Comunicado-140-2.jpg?resize=600%2C400&#038;ssl=1\" alt=\"\" class=\"wp-image-4469\" srcset=\"https:\/\/i0.wp.com\/azturismo.net\/wp-content\/uploads\/2025\/07\/Comunicado-140-2.jpg?w=600&amp;ssl=1 600w, https:\/\/i0.wp.com\/azturismo.net\/wp-content\/uploads\/2025\/07\/Comunicado-140-2.jpg?resize=300%2C200&amp;ssl=1 300w, https:\/\/i0.wp.com\/azturismo.net\/wp-content\/uploads\/2025\/07\/Comunicado-140-2.jpg?resize=150%2C100&amp;ssl=1 150w\" sizes=\"auto, (max-width: 600px) 100vw, 600px\" \/><\/figure><\/div>\n\n\n<p>La presidenta municipal de Tampico, M\u00f3nica Zacil Villarreal Anaya, resalt\u00f3 la excelente conectividad de Tampico y su amplia oferta de servicios acad\u00e9micos, m\u00e9dicos, culturales y tur\u00edsticos, incluyendo museos como el de la Ciudad, el de las Huastecas, el Barco del Ni\u00f1o y el del Autom\u00f3vil.<\/p>\n\n\n\n<p>La presentaci\u00f3n cont\u00f3 con el respaldo de diversas personalidades del sector tur\u00edstico, reafirmando el compromiso de Tampico por posicionarse como un destino imperdible en el mapa tur\u00edstico de M\u00e9xico.<\/p>\n\n\n\n<h2 class=\"wp-block-heading\">Deporte de \u00c9lite y Aventuras Naturales en Tampico<\/h2>\n\n\n\n<p>La delegaci\u00f3n de Tampico se\u00f1al\u00f3 que la ciudad se prepara para recibir eventos de talla mundial que atraer\u00e1n a entusiastas del deporte y la aventura:<\/p>\n\n\n\n<ul class=\"wp-block-list\">\n<li><strong>Abierto de Tenis Tampico 2025 (WTA)<\/strong>: Del <strong>13 al 18 de octubre<\/strong>, 32 de las mejores tenistas del mundo se dar\u00e1n cita en este torneo femenino parte del circuito profesional de la WTA. \u00a1Un imperdible para los amantes del tenis!<\/li>\n\n\n\n<li><strong>Gran Fondo Tampico 2025<\/strong>: El <strong>28 de septiembre<\/strong>, este evento de ciclismo reunir\u00e1 a 600 participantes en emocionantes categor\u00edas de 40 km (sprint), 60 km (medio fondo) y 120 km (gran fondo).<\/li>\n\n\n\n<li><strong>12 Torneos de Pesca Deportiva<\/strong>: A lo largo del a\u00f1o, Tampico ser\u00e1 sede de una docena de competencias que atraen a pescadores de diversas latitudes, aprovechando la riqueza de sus cuerpos de agua.<\/li>\n\n\n\n<li><strong>Avistamiento de Aves<\/strong>: Con m\u00e1s de <strong>250 especies<\/strong> en la regi\u00f3n metropolitana, Tampico es un para\u00edso para la <strong>ornitolog\u00eda<\/strong>. Ofrece tours especializados que ya captan la atenci\u00f3n de canales y entusiastas en Estados Unidos, Europa y Canad\u00e1.<\/li>\n\n\n\n<li><strong>Ruta de los Juanchos<\/strong>: Una experiencia nocturna \u00fanica en la <strong>Laguna del Carpintero<\/strong> donde los visitantes pueden observar de cerca a los cocodrilos (&#8220;Juanchos&#8221;) en su h\u00e1bitat natural, aprendiendo sobre sus costumbres.<\/li>\n<\/ul>\n\n\n\n<h2 class=\"wp-block-heading\">Un Calendario Cultural Vibrante para 2025 y 2026<\/h2>\n\n\n\n<p>La oferta de Tampico se enriquece con un calendario de festivales que celebran la cultura y las tradiciones:<\/p>\n\n\n<div class=\"wp-block-image\">\n<figure class=\"aligncenter size-full\"><img data-recalc-dims=\"1\" loading=\"lazy\" decoding=\"async\" width=\"600\" height=\"248\" data-attachment-id=\"4472\" data-permalink=\"https:\/\/azturismo.net\/?attachment_id=4472\" data-orig-file=\"https:\/\/i0.wp.com\/azturismo.net\/wp-content\/uploads\/2025\/07\/tampico-centro-historico.jpg?fit=600%2C248&amp;ssl=1\" data-orig-size=\"600,248\" data-comments-opened=\"1\" data-image-meta=\"{&quot;aperture&quot;:&quot;0&quot;,&quot;credit&quot;:&quot;&quot;,&quot;camera&quot;:&quot;&quot;,&quot;caption&quot;:&quot;&quot;,&quot;created_timestamp&quot;:&quot;0&quot;,&quot;copyright&quot;:&quot;&quot;,&quot;focal_length&quot;:&quot;0&quot;,&quot;iso&quot;:&quot;0&quot;,&quot;shutter_speed&quot;:&quot;0&quot;,&quot;title&quot;:&quot;&quot;,&quot;orientation&quot;:&quot;0&quot;}\" data-image-title=\"tampico-centro-hist\u00f3rico\" data-image-description=\"\" data-image-caption=\"\" data-large-file=\"https:\/\/i0.wp.com\/azturismo.net\/wp-content\/uploads\/2025\/07\/tampico-centro-historico.jpg?fit=600%2C248&amp;ssl=1\" src=\"https:\/\/i0.wp.com\/azturismo.net\/wp-content\/uploads\/2025\/07\/tampico-centro-historico.jpg?resize=600%2C248&#038;ssl=1\" alt=\"\" class=\"wp-image-4472\" srcset=\"https:\/\/i0.wp.com\/azturismo.net\/wp-content\/uploads\/2025\/07\/tampico-centro-historico.jpg?w=600&amp;ssl=1 600w, https:\/\/i0.wp.com\/azturismo.net\/wp-content\/uploads\/2025\/07\/tampico-centro-historico.jpg?resize=300%2C124&amp;ssl=1 300w, https:\/\/i0.wp.com\/azturismo.net\/wp-content\/uploads\/2025\/07\/tampico-centro-historico.jpg?resize=150%2C62&amp;ssl=1 150w\" sizes=\"auto, (max-width: 600px) 100vw, 600px\" \/><\/figure><\/div>\n\n\n<ul class=\"wp-block-list\">\n<li><strong>Festival Internacional de la Costa del Seno Mexicano<\/strong>: Del 3 al 12 de octubre.<\/li>\n\n\n\n<li><strong>Jazz Internacional Tampico Fest<\/strong>: Del 21 al 24 de octubre.<\/li>\n\n\n\n<li><strong>Xantolo Tampico 2026<\/strong>: Del 31 de octubre al 2 de noviembre, una celebraci\u00f3n de D\u00eda de Muertos con el misticismo huasteco.<\/li>\n\n\n\n<li><strong>Festival Guadalupano<\/strong>: 11 y 12 de diciembre.<\/li>\n\n\n\n<li><strong>Festival Mauricio Garc\u00e9s<\/strong>: 16 de diciembre, en honor al ic\u00f3nico actor.<\/li>\n<\/ul>\n\n\n\n<h2 class=\"wp-block-heading\">Amplia oferta tur\u00edstica<\/h2>\n\n\n\n<p>La presidenta municipal, M\u00f3nica Zacil Villarreal Anaya, destac\u00f3 la amplia oferta de servicios acad\u00e9micos, m\u00e9dicos, culturales y tur\u00edsticos con los que cuenta el municipio, as\u00ed como su excelente conectividad con otros destinos.<\/p>\n\n\n\n<p>Resalt\u00f3 que Tampico es un destino ideal para los amantes de la historia y la cultura, con espacios como el Museo de la Ciudad, el Museo de las Huastecas, el Museo Barco del Ni\u00f1o y el Museo del Autom\u00f3vil, entre otros.<\/p>\n\n\n\n<p>Asimismo, se\u00f1al\u00f3 que, adem\u00e1s de los 12 torneos de pesca y los festivales a lo largo del a\u00f1o, el municipio ofrece una gran diversidad de experiencias de turismo de naturaleza, como los tours de avistamiento de aves, con m\u00e1s de 250 especies en toda la regi\u00f3n metropolitana, y la Ruta de los Juanchos, un recorrido nocturno en la Laguna del Carpintero, donde las y los turistas pueden conocer el h\u00e1bitat y las costumbres de los cocodrilos.<\/p>\n\n\n\n<p>Hern\u00e1ndez Rodr\u00edguez, felicit\u00f3 a la presidenta municipal por su labor para promocionar el destino con una amplia variedad de eventos y productos tur\u00edsticos, como la<strong>&nbsp;Ruta de los Juanchos<\/strong>&nbsp;y el avistamiento de aves en la Laguna del Chairel.<\/p>\n\n\n\n<p>Durante la presentaci\u00f3n estuvieron presentes tambi\u00e9n el representante del Gobierno del estado de Tamaulipas, Alejandro R\u00e1bago Hern\u00e1ndez; la secretaria de Turismo del Ayuntamiento de Tampico, Karime C\u00e1mara Cha\u00edn; la directora del Abierto de Tenis Tampico, Olga de la Fuente, entre otras personalidades.<\/p>\n\n\n\n<p>\u00a1S\u00edguenos!<\/p>\n\n\n\n<p><a href=\"https:\/\/www.facebook.com\/AzturismoNoticias\">https:\/\/www.facebook.com\/AzturismoNoticias<\/a><\/p>\n\n\n\n<p><strong><a href=\"mailto:tiktok.com\/@azturismo\">tiktok.com\/@azturismo<\/a><\/strong><\/p>\n\n\n\n<p><strong><a href=\"https:\/\/www.instagram.com\/azturismo_noticias\">www.instagram.com\/azturismo_noticias<\/a><\/strong><\/p>\n\n\n\n<p><a href=\"https:\/\/x.com\/AzTurismo\">https:\/\/x.com\/AzTurismo<\/a><\/p>\n","protected":false},"excerpt":{"rendered":"<p>Por Oscar V\u00e1zquez C. \u00a1Prep\u00e1rense, viajeros! Una delegaci\u00f3n de Tampico, Tamaulipas, visit\u00f3 Punto M\u00e9xico de la Secretar\u00eda de Turismo (Sectur) para desplegar su atractiva agenda tur\u00edstica 2025. La ciudad portuaria busca cautivar a turistas nacionales e internacionales con una propuesta diversa que combina deporte, naturaleza y cultura, consolid\u00e1ndola como una &#8220;joya oculta&#8221; del turismo mexicano. [&hellip;]<\/p>\n","protected":false},"author":1,"featured_media":4468,"comment_status":"open","ping_status":"open","sticky":false,"template":"","format":"standard","meta":{"jetpack_post_was_ever_published":false,"_jetpack_newsletter_access":"","_jetpack_dont_email_post_to_subs":false,"_jetpack_newsletter_tier_id":0,"_jetpack_memberships_contains_paywalled_content":false,"_jetpack_memberships_contains_paid_content":false,"footnotes":"","jetpack_publicize_message":"","jetpack_publicize_feature_enabled":true,"jetpack_social_post_already_shared":true,"jetpack_social_options":{"image_generator_settings":{"template":"highway","default_image_id":0,"font":"","enabled":false},"version":2}},"categories":[30,29],"tags":[99,1889,313,1887,1890,1886,39,320],"class_list":{"0":"post-4467","1":"post","2":"type-post","3":"status-publish","4":"format-standard","5":"has-post-thumbnail","7":"category-e","8":"category-nacionales","9":"tag-azturismo","10":"tag-benjamin-hernandez-rodriguez","11":"tag-josefina-rodriguez-zamora","12":"tag-presidenta-municipal-monica-zacil-villarreal-anaya","13":"tag-sectur-tamaulipas","14":"tag-tampico","15":"tag-turismo","16":"tag-turismo-deportivo"},"yoast_head":"<!-- This site is optimized with the Yoast SEO plugin v27.5 - https:\/\/yoast.com\/product\/yoast-seo-wordpress\/ -->\n<title>Tampico se abre al turismo deportivo nacional e internacional - Azturismo Noticias<\/title>\n<meta name=\"description\" content=\"Una delegaci\u00f3n de Tampico, Tamaulipas, visit\u00f3 Punto M\u00e9xico de la Secretar\u00eda de Turismo (Sectur) para desplegar su atractiva agenda tur\u00edstica 2025. La ciudad portuaria busca cautivar a turistas nacionales e internacionales con una propuesta diversa que combina deporte, naturaleza y cultura, consolid\u00e1ndola como una &quot;joya oculta&quot; del turismo mexicano.\" \/>\n<meta name=\"robots\" content=\"index, follow, max-snippet:-1, max-image-preview:large, max-video-preview:-1\" \/>\n<link rel=\"canonical\" href=\"https:\/\/azturismo.net\/?p=4467\" \/>\n<meta property=\"og:locale\" content=\"es_MX\" \/>\n<meta property=\"og:type\" content=\"article\" \/>\n<meta property=\"og:title\" content=\"Tampico se abre al turismo deportivo nacional e internacional - Azturismo Noticias\" \/>\n<meta property=\"og:description\" content=\"Una delegaci\u00f3n de Tampico, Tamaulipas, visit\u00f3 Punto M\u00e9xico de la Secretar\u00eda de Turismo (Sectur) para desplegar su atractiva agenda tur\u00edstica 2025. La ciudad portuaria busca cautivar a turistas nacionales e internacionales con una propuesta diversa que combina deporte, naturaleza y cultura, consolid\u00e1ndola como una &quot;joya oculta&quot; del turismo mexicano.\" \/>\n<meta property=\"og:url\" content=\"https:\/\/azturismo.net\/?p=4467\" \/>\n<meta property=\"og:site_name\" content=\"Azturismo Noticias\" \/>\n<meta property=\"article:publisher\" content=\"https:\/\/www.facebook.com\/AzturismoNoticias\" \/>\n<meta property=\"article:published_time\" content=\"2025-07-19T01:43:25+00:00\" \/>\n<meta property=\"article:modified_time\" content=\"2025-07-19T03:54:54+00:00\" \/>\n<meta property=\"og:image\" content=\"https:\/\/azturismo.net\/wp-content\/uploads\/2025\/07\/tampico-jaiba.jpg\" \/>\n\t<meta property=\"og:image:width\" content=\"600\" \/>\n\t<meta property=\"og:image:height\" content=\"303\" \/>\n\t<meta property=\"og:image:type\" content=\"image\/jpeg\" \/>\n<meta name=\"author\" content=\"Azturismo\" \/>\n<meta name=\"twitter:card\" content=\"summary_large_image\" \/>\n<meta name=\"twitter:creator\" content=\"@AzTurismo\" \/>\n<meta name=\"twitter:site\" content=\"@AzTurismo\" \/>\n<meta name=\"twitter:label1\" content=\"Escrito por\" \/>\n\t<meta name=\"twitter:data1\" content=\"Azturismo\" \/>\n\t<meta name=\"twitter:label2\" content=\"Tiempo de lectura\" \/>\n\t<meta name=\"twitter:data2\" content=\"5 minutos\" \/>\n<script type=\"application\/ld+json\" class=\"yoast-schema-graph\">{\"@context\":\"https:\\\/\\\/schema.org\",\"@graph\":[{\"@type\":\"Article\",\"@id\":\"https:\\\/\\\/azturismo.net\\\/?p=4467#article\",\"isPartOf\":{\"@id\":\"https:\\\/\\\/azturismo.net\\\/?p=4467\"},\"author\":{\"name\":\"Azturismo\",\"@id\":\"https:\\\/\\\/azturismo.net\\\/#\\\/schema\\\/person\\\/4b56d87f51c4d1b518c650739ad3bbc1\"},\"headline\":\"Tampico se abre al turismo deportivo nacional e internacional\",\"datePublished\":\"2025-07-19T01:43:25+00:00\",\"dateModified\":\"2025-07-19T03:54:54+00:00\",\"mainEntityOfPage\":{\"@id\":\"https:\\\/\\\/azturismo.net\\\/?p=4467\"},\"wordCount\":835,\"commentCount\":0,\"publisher\":{\"@id\":\"https:\\\/\\\/azturismo.net\\\/#organization\"},\"image\":{\"@id\":\"https:\\\/\\\/azturismo.net\\\/?p=4467#primaryimage\"},\"thumbnailUrl\":\"https:\\\/\\\/i0.wp.com\\\/azturismo.net\\\/wp-content\\\/uploads\\\/2025\\\/07\\\/tampico-jaiba.jpg?fit=600%2C303&ssl=1\",\"keywords\":[\"azturismo\",\"Benjam\u00edn Hern\u00e1ndez Rodr\u00edguez\",\"Josefina Rodr\u00edguez Zamora\",\"presidenta municipal M\u00f3nica Zacil Villarreal Anaya\",\"Sectur Tamaulipas\",\"tampico\",\"Turismo\",\"turismo deportivo\"],\"articleSection\":[\"Destacadas\",\"NACIONALES\"],\"inLanguage\":\"es\",\"potentialAction\":[{\"@type\":\"CommentAction\",\"name\":\"Comment\",\"target\":[\"https:\\\/\\\/azturismo.net\\\/?p=4467#respond\"]}]},{\"@type\":\"WebPage\",\"@id\":\"https:\\\/\\\/azturismo.net\\\/?p=4467\",\"url\":\"https:\\\/\\\/azturismo.net\\\/?p=4467\",\"name\":\"Tampico se abre al turismo deportivo nacional e internacional - Azturismo Noticias\",\"isPartOf\":{\"@id\":\"https:\\\/\\\/azturismo.net\\\/#website\"},\"primaryImageOfPage\":{\"@id\":\"https:\\\/\\\/azturismo.net\\\/?p=4467#primaryimage\"},\"image\":{\"@id\":\"https:\\\/\\\/azturismo.net\\\/?p=4467#primaryimage\"},\"thumbnailUrl\":\"https:\\\/\\\/i0.wp.com\\\/azturismo.net\\\/wp-content\\\/uploads\\\/2025\\\/07\\\/tampico-jaiba.jpg?fit=600%2C303&ssl=1\",\"datePublished\":\"2025-07-19T01:43:25+00:00\",\"dateModified\":\"2025-07-19T03:54:54+00:00\",\"description\":\"Una delegaci\u00f3n de Tampico, Tamaulipas, visit\u00f3 Punto M\u00e9xico de la Secretar\u00eda de Turismo (Sectur) para desplegar su atractiva agenda tur\u00edstica 2025. La ciudad portuaria busca cautivar a turistas nacionales e internacionales con una propuesta diversa que combina deporte, naturaleza y cultura, consolid\u00e1ndola como una \\\"joya oculta\\\" del turismo mexicano.\",\"breadcrumb\":{\"@id\":\"https:\\\/\\\/azturismo.net\\\/?p=4467#breadcrumb\"},\"inLanguage\":\"es\",\"potentialAction\":[{\"@type\":\"ReadAction\",\"target\":[\"https:\\\/\\\/azturismo.net\\\/?p=4467\"]}]},{\"@type\":\"ImageObject\",\"inLanguage\":\"es\",\"@id\":\"https:\\\/\\\/azturismo.net\\\/?p=4467#primaryimage\",\"url\":\"https:\\\/\\\/i0.wp.com\\\/azturismo.net\\\/wp-content\\\/uploads\\\/2025\\\/07\\\/tampico-jaiba.jpg?fit=600%2C303&ssl=1\",\"contentUrl\":\"https:\\\/\\\/i0.wp.com\\\/azturismo.net\\\/wp-content\\\/uploads\\\/2025\\\/07\\\/tampico-jaiba.jpg?fit=600%2C303&ssl=1\",\"width\":600,\"height\":303},{\"@type\":\"BreadcrumbList\",\"@id\":\"https:\\\/\\\/azturismo.net\\\/?p=4467#breadcrumb\",\"itemListElement\":[{\"@type\":\"ListItem\",\"position\":1,\"name\":\"Home\",\"item\":\"https:\\\/\\\/azturismo.net\\\/\"},{\"@type\":\"ListItem\",\"position\":2,\"name\":\"Tampico se abre al turismo deportivo nacional e internacional\"}]},{\"@type\":\"WebSite\",\"@id\":\"https:\\\/\\\/azturismo.net\\\/#website\",\"url\":\"https:\\\/\\\/azturismo.net\\\/\",\"name\":\"Azturismo\",\"description\":\"Azturismo Noticias\",\"publisher\":{\"@id\":\"https:\\\/\\\/azturismo.net\\\/#organization\"},\"potentialAction\":[{\"@type\":\"SearchAction\",\"target\":{\"@type\":\"EntryPoint\",\"urlTemplate\":\"https:\\\/\\\/azturismo.net\\\/?s={search_term_string}\"},\"query-input\":{\"@type\":\"PropertyValueSpecification\",\"valueRequired\":true,\"valueName\":\"search_term_string\"}}],\"inLanguage\":\"es\"},{\"@type\":\"Organization\",\"@id\":\"https:\\\/\\\/azturismo.net\\\/#organization\",\"name\":\"Azturismo\",\"url\":\"https:\\\/\\\/azturismo.net\\\/\",\"logo\":{\"@type\":\"ImageObject\",\"inLanguage\":\"es\",\"@id\":\"https:\\\/\\\/azturismo.net\\\/#\\\/schema\\\/logo\\\/image\\\/\",\"url\":\"https:\\\/\\\/i0.wp.com\\\/azturismo.net\\\/wp-content\\\/uploads\\\/2024\\\/03\\\/logo-el-bueno-.png?fit=294%2C69&ssl=1\",\"contentUrl\":\"https:\\\/\\\/i0.wp.com\\\/azturismo.net\\\/wp-content\\\/uploads\\\/2024\\\/03\\\/logo-el-bueno-.png?fit=294%2C69&ssl=1\",\"width\":294,\"height\":69,\"caption\":\"Azturismo\"},\"image\":{\"@id\":\"https:\\\/\\\/azturismo.net\\\/#\\\/schema\\\/logo\\\/image\\\/\"},\"sameAs\":[\"https:\\\/\\\/www.facebook.com\\\/AzturismoNoticias\",\"https:\\\/\\\/x.com\\\/AzTurismo\",\"https:\\\/\\\/www.instagram.com\\\/azturismo_noticias\\\/?fbclid=IwAR2xMiuoHbs6eLeIHKP8P5sSGa-xFrw7FfejscXO7kDghWa7wKLjGczKOwE\",\"https:\\\/\\\/www.tiktok.com\\\/@azturismo\"]},{\"@type\":\"Person\",\"@id\":\"https:\\\/\\\/azturismo.net\\\/#\\\/schema\\\/person\\\/4b56d87f51c4d1b518c650739ad3bbc1\",\"name\":\"Azturismo\",\"image\":{\"@type\":\"ImageObject\",\"inLanguage\":\"es\",\"@id\":\"https:\\\/\\\/azturismo.net\\\/wp-content\\\/litespeed\\\/avatar\\\/dfe28a31cdd68b788da48a316e50db10.jpg?ver=1777707566\",\"url\":\"https:\\\/\\\/azturismo.net\\\/wp-content\\\/litespeed\\\/avatar\\\/dfe28a31cdd68b788da48a316e50db10.jpg?ver=1777707566\",\"contentUrl\":\"https:\\\/\\\/azturismo.net\\\/wp-content\\\/litespeed\\\/avatar\\\/dfe28a31cdd68b788da48a316e50db10.jpg?ver=1777707566\",\"caption\":\"Azturismo\"},\"sameAs\":[\"https:\\\/\\\/azturismo.net\"],\"url\":\"https:\\\/\\\/azturismo.net\\\/?author=1\"}]}<\/script>\n<!-- \/ Yoast SEO plugin. -->","yoast_head_json":{"title":"Tampico se abre al turismo deportivo nacional e internacional - Azturismo Noticias","description":"Una delegaci\u00f3n de Tampico, Tamaulipas, visit\u00f3 Punto M\u00e9xico de la Secretar\u00eda de Turismo (Sectur) para desplegar su atractiva agenda tur\u00edstica 2025. La ciudad portuaria busca cautivar a turistas nacionales e internacionales con una propuesta diversa que combina deporte, naturaleza y cultura, consolid\u00e1ndola como una \"joya oculta\" del turismo mexicano.","robots":{"index":"index","follow":"follow","max-snippet":"max-snippet:-1","max-image-preview":"max-image-preview:large","max-video-preview":"max-video-preview:-1"},"canonical":"https:\/\/azturismo.net\/?p=4467","og_locale":"es_MX","og_type":"article","og_title":"Tampico se abre al turismo deportivo nacional e internacional - Azturismo Noticias","og_description":"Una delegaci\u00f3n de Tampico, Tamaulipas, visit\u00f3 Punto M\u00e9xico de la Secretar\u00eda de Turismo (Sectur) para desplegar su atractiva agenda tur\u00edstica 2025. La ciudad portuaria busca cautivar a turistas nacionales e internacionales con una propuesta diversa que combina deporte, naturaleza y cultura, consolid\u00e1ndola como una \"joya oculta\" del turismo mexicano.","og_url":"https:\/\/azturismo.net\/?p=4467","og_site_name":"Azturismo Noticias","article_publisher":"https:\/\/www.facebook.com\/AzturismoNoticias","article_published_time":"2025-07-19T01:43:25+00:00","article_modified_time":"2025-07-19T03:54:54+00:00","og_image":[{"width":600,"height":303,"url":"https:\/\/azturismo.net\/wp-content\/uploads\/2025\/07\/tampico-jaiba.jpg","type":"image\/jpeg"}],"author":"Azturismo","twitter_card":"summary_large_image","twitter_creator":"@AzTurismo","twitter_site":"@AzTurismo","twitter_misc":{"Escrito por":"Azturismo","Tiempo de lectura":"5 minutos"},"schema":{"@context":"https:\/\/schema.org","@graph":[{"@type":"Article","@id":"https:\/\/azturismo.net\/?p=4467#article","isPartOf":{"@id":"https:\/\/azturismo.net\/?p=4467"},"author":{"name":"Azturismo","@id":"https:\/\/azturismo.net\/#\/schema\/person\/4b56d87f51c4d1b518c650739ad3bbc1"},"headline":"Tampico se abre al turismo deportivo nacional e internacional","datePublished":"2025-07-19T01:43:25+00:00","dateModified":"2025-07-19T03:54:54+00:00","mainEntityOfPage":{"@id":"https:\/\/azturismo.net\/?p=4467"},"wordCount":835,"commentCount":0,"publisher":{"@id":"https:\/\/azturismo.net\/#organization"},"image":{"@id":"https:\/\/azturismo.net\/?p=4467#primaryimage"},"thumbnailUrl":"https:\/\/i0.wp.com\/azturismo.net\/wp-content\/uploads\/2025\/07\/tampico-jaiba.jpg?fit=600%2C303&ssl=1","keywords":["azturismo","Benjam\u00edn Hern\u00e1ndez Rodr\u00edguez","Josefina Rodr\u00edguez Zamora","presidenta municipal M\u00f3nica Zacil Villarreal Anaya","Sectur Tamaulipas","tampico","Turismo","turismo deportivo"],"articleSection":["Destacadas","NACIONALES"],"inLanguage":"es","potentialAction":[{"@type":"CommentAction","name":"Comment","target":["https:\/\/azturismo.net\/?p=4467#respond"]}]},{"@type":"WebPage","@id":"https:\/\/azturismo.net\/?p=4467","url":"https:\/\/azturismo.net\/?p=4467","name":"Tampico se abre al turismo deportivo nacional e internacional - Azturismo Noticias","isPartOf":{"@id":"https:\/\/azturismo.net\/#website"},"primaryImageOfPage":{"@id":"https:\/\/azturismo.net\/?p=4467#primaryimage"},"image":{"@id":"https:\/\/azturismo.net\/?p=4467#primaryimage"},"thumbnailUrl":"https:\/\/i0.wp.com\/azturismo.net\/wp-content\/uploads\/2025\/07\/tampico-jaiba.jpg?fit=600%2C303&ssl=1","datePublished":"2025-07-19T01:43:25+00:00","dateModified":"2025-07-19T03:54:54+00:00","description":"Una delegaci\u00f3n de Tampico, Tamaulipas, visit\u00f3 Punto M\u00e9xico de la Secretar\u00eda de Turismo (Sectur) para desplegar su atractiva agenda tur\u00edstica 2025. La ciudad portuaria busca cautivar a turistas nacionales e internacionales con una propuesta diversa que combina deporte, naturaleza y cultura, consolid\u00e1ndola como una \"joya oculta\" del turismo mexicano.","breadcrumb":{"@id":"https:\/\/azturismo.net\/?p=4467#breadcrumb"},"inLanguage":"es","potentialAction":[{"@type":"ReadAction","target":["https:\/\/azturismo.net\/?p=4467"]}]},{"@type":"ImageObject","inLanguage":"es","@id":"https:\/\/azturismo.net\/?p=4467#primaryimage","url":"https:\/\/i0.wp.com\/azturismo.net\/wp-content\/uploads\/2025\/07\/tampico-jaiba.jpg?fit=600%2C303&ssl=1","contentUrl":"https:\/\/i0.wp.com\/azturismo.net\/wp-content\/uploads\/2025\/07\/tampico-jaiba.jpg?fit=600%2C303&ssl=1","width":600,"height":303},{"@type":"BreadcrumbList","@id":"https:\/\/azturismo.net\/?p=4467#breadcrumb","itemListElement":[{"@type":"ListItem","position":1,"name":"Home","item":"https:\/\/azturismo.net\/"},{"@type":"ListItem","position":2,"name":"Tampico se abre al turismo deportivo nacional e internacional"}]},{"@type":"WebSite","@id":"https:\/\/azturismo.net\/#website","url":"https:\/\/azturismo.net\/","name":"Azturismo","description":"Azturismo Noticias","publisher":{"@id":"https:\/\/azturismo.net\/#organization"},"potentialAction":[{"@type":"SearchAction","target":{"@type":"EntryPoint","urlTemplate":"https:\/\/azturismo.net\/?s={search_term_string}"},"query-input":{"@type":"PropertyValueSpecification","valueRequired":true,"valueName":"search_term_string"}}],"inLanguage":"es"},{"@type":"Organization","@id":"https:\/\/azturismo.net\/#organization","name":"Azturismo","url":"https:\/\/azturismo.net\/","logo":{"@type":"ImageObject","inLanguage":"es","@id":"https:\/\/azturismo.net\/#\/schema\/logo\/image\/","url":"https:\/\/i0.wp.com\/azturismo.net\/wp-content\/uploads\/2024\/03\/logo-el-bueno-.png?fit=294%2C69&ssl=1","contentUrl":"https:\/\/i0.wp.com\/azturismo.net\/wp-content\/uploads\/2024\/03\/logo-el-bueno-.png?fit=294%2C69&ssl=1","width":294,"height":69,"caption":"Azturismo"},"image":{"@id":"https:\/\/azturismo.net\/#\/schema\/logo\/image\/"},"sameAs":["https:\/\/www.facebook.com\/AzturismoNoticias","https:\/\/x.com\/AzTurismo","https:\/\/www.instagram.com\/azturismo_noticias\/?fbclid=IwAR2xMiuoHbs6eLeIHKP8P5sSGa-xFrw7FfejscXO7kDghWa7wKLjGczKOwE","https:\/\/www.tiktok.com\/@azturismo"]},{"@type":"Person","@id":"https:\/\/azturismo.net\/#\/schema\/person\/4b56d87f51c4d1b518c650739ad3bbc1","name":"Azturismo","image":{"@type":"ImageObject","inLanguage":"es","@id":"https:\/\/azturismo.net\/wp-content\/litespeed\/avatar\/dfe28a31cdd68b788da48a316e50db10.jpg?ver=1777707566","url":"https:\/\/azturismo.net\/wp-content\/litespeed\/avatar\/dfe28a31cdd68b788da48a316e50db10.jpg?ver=1777707566","contentUrl":"https:\/\/azturismo.net\/wp-content\/litespeed\/avatar\/dfe28a31cdd68b788da48a316e50db10.jpg?ver=1777707566","caption":"Azturismo"},"sameAs":["https:\/\/azturismo.net"],"url":"https:\/\/azturismo.net\/?author=1"}]}},"jetpack_publicize_connections":[],"jetpack_featured_media_url":"https:\/\/i0.wp.com\/azturismo.net\/wp-content\/uploads\/2025\/07\/tampico-jaiba.jpg?fit=600%2C303&ssl=1","jetpack_sharing_enabled":true,"jetpack-related-posts":[{"id":5039,"url":"https:\/\/azturismo.net\/?p=5039","url_meta":{"origin":4467,"position":0},"title":"M\u00e9xico como potencia tur\u00edstica mundial, meta de alianza Concanaco-Sectur","author":"Azturismo","date":"agosto 23, 2025","format":false,"excerpt":"Por Staff AzTurismo La secretar\u00eda de Turismo (Sectur) y la Confederaci\u00f3n de C\u00e1maras Nacionales de Comercio, Servicios y Turismo (Concanaco Servytur) anunciaron nuevas acciones conjuntas para consolidar a M\u00e9xico como una de las principales potencias tur\u00edsticas del mundo. Durante la reuni\u00f3n del Comit\u00e9 Ejecutivo de Concanaco Servytur, la secretaria de\u2026","rel":"","context":"En &quot;NOTITUR&quot;","block_context":{"text":"NOTITUR","link":"https:\/\/azturismo.net\/?cat=25"},"img":{"alt_text":"","src":"https:\/\/i0.wp.com\/azturismo.net\/wp-content\/uploads\/2025\/08\/Comunicado-164-3.jpg?fit=832%2C554&ssl=1&resize=350%2C200","width":350,"height":200,"srcset":"https:\/\/i0.wp.com\/azturismo.net\/wp-content\/uploads\/2025\/08\/Comunicado-164-3.jpg?fit=832%2C554&ssl=1&resize=350%2C200 1x, https:\/\/i0.wp.com\/azturismo.net\/wp-content\/uploads\/2025\/08\/Comunicado-164-3.jpg?fit=832%2C554&ssl=1&resize=525%2C300 1.5x, https:\/\/i0.wp.com\/azturismo.net\/wp-content\/uploads\/2025\/08\/Comunicado-164-3.jpg?fit=832%2C554&ssl=1&resize=700%2C400 2x"},"classes":[]},{"id":6056,"url":"https:\/\/azturismo.net\/?p=6056","url_meta":{"origin":4467,"position":1},"title":"Sectur y titulares de Turismo a favor de reformar la ley general del sector","author":"Azturismo","date":"octubre 21, 2025","format":false,"excerpt":"Por Staff \ud83c\uddf2\ud83c\uddfdCon el objetivo de fortalecer la coordinaci\u00f3n entre los gobiernos estatales y el federal, la secretaria de Turismo, Josefina Rodr\u00edguez Zamora, encabez\u00f3 una reuni\u00f3n de trabajo con las y los secretarios de Turismo del pa\u00eds. El encuentro reafirm\u00f3 la visi\u00f3n conjunta de consolidar un turismo sostenible, inclusivo y\u2026","rel":"","context":"En &quot;Destacadas&quot;","block_context":{"text":"Destacadas","link":"https:\/\/azturismo.net\/?cat=30"},"img":{"alt_text":"","src":"https:\/\/i0.wp.com\/azturismo.net\/wp-content\/uploads\/2025\/10\/Comunicado-232-2.jpg?fit=768%2C512&ssl=1&resize=350%2C200","width":350,"height":200,"srcset":"https:\/\/i0.wp.com\/azturismo.net\/wp-content\/uploads\/2025\/10\/Comunicado-232-2.jpg?fit=768%2C512&ssl=1&resize=350%2C200 1x, https:\/\/i0.wp.com\/azturismo.net\/wp-content\/uploads\/2025\/10\/Comunicado-232-2.jpg?fit=768%2C512&ssl=1&resize=525%2C300 1.5x, https:\/\/i0.wp.com\/azturismo.net\/wp-content\/uploads\/2025\/10\/Comunicado-232-2.jpg?fit=768%2C512&ssl=1&resize=700%2C400 2x"},"classes":[]},{"id":4075,"url":"https:\/\/azturismo.net\/?p=4075","url_meta":{"origin":4467,"position":2},"title":"Sectur presenta estrategia de promoci\u00f3n tur\u00edstica para el Mundial 2026 ante el CNET","author":"Azturismo","date":"junio 11, 2025","format":false,"excerpt":"Relanza Josefina Rodr\u00edguez la marca Grupo Mundo Maya Por Oscar V\u00e1zquez C. La Secretar\u00eda de Turismo del Gobierno de M\u00e9xico (Sectur), encabezada por Josefina Rodr\u00edguez Zamora, present\u00f3 ante el Consejo Nacional Empresarial Tur\u00edstico (CNET) la estrategia de promoci\u00f3n tur\u00edstica nacional e internacional con motivo de la Copa Mundial de F\u00fatbol\u2026","rel":"","context":"En &quot;Destacadas&quot;","block_context":{"text":"Destacadas","link":"https:\/\/azturismo.net\/?cat=30"},"img":{"alt_text":"","src":"https:\/\/i0.wp.com\/azturismo.net\/wp-content\/uploads\/2025\/06\/PSX_20250610_214149.jpg?fit=600%2C400&ssl=1&resize=350%2C200","width":350,"height":200,"srcset":"https:\/\/i0.wp.com\/azturismo.net\/wp-content\/uploads\/2025\/06\/PSX_20250610_214149.jpg?fit=600%2C400&ssl=1&resize=350%2C200 1x, https:\/\/i0.wp.com\/azturismo.net\/wp-content\/uploads\/2025\/06\/PSX_20250610_214149.jpg?fit=600%2C400&ssl=1&resize=525%2C300 1.5x"},"classes":[]},{"id":6657,"url":"https:\/\/azturismo.net\/?p=6657","url_meta":{"origin":4467,"position":3},"title":"Sectur impulsa el turismo comunitario en Campeche","author":"Azturismo","date":"noviembre 30, 2025","format":false,"excerpt":"Por Staff AzTurismo La Secretar\u00eda de Turismo del Gobierno de M\u00e9xico celebr\u00f3 los avances de turismo comunitario en Campeche, donde la titular de Sectur, Josefina Rodr\u00edguez Zamora, particip\u00f3 en la toma de protesta de la Red de Promoci\u00f3n de Turismo Comunitario. Este nuevo espacio articula la colaboraci\u00f3n entre sectores p\u00fablico,\u2026","rel":"","context":"En &quot;Destacadas&quot;","block_context":{"text":"Destacadas","link":"https:\/\/azturismo.net\/?cat=30"},"img":{"alt_text":"","src":"https:\/\/i0.wp.com\/azturismo.net\/wp-content\/uploads\/2025\/11\/Sectur-Campeche-Comunitario4.jpg?fit=600%2C400&ssl=1&resize=350%2C200","width":350,"height":200,"srcset":"https:\/\/i0.wp.com\/azturismo.net\/wp-content\/uploads\/2025\/11\/Sectur-Campeche-Comunitario4.jpg?fit=600%2C400&ssl=1&resize=350%2C200 1x, https:\/\/i0.wp.com\/azturismo.net\/wp-content\/uploads\/2025\/11\/Sectur-Campeche-Comunitario4.jpg?fit=600%2C400&ssl=1&resize=525%2C300 1.5x"},"classes":[]},{"id":3271,"url":"https:\/\/azturismo.net\/?p=3271","url_meta":{"origin":4467,"position":4},"title":"Sectur M\u00e9xico y gobierno de Puebla fortalecen el turismo en el estado","author":"Azturismo","date":"marzo 6, 2025","format":false,"excerpt":"Por Staff AzTurismo La Secretar\u00eda de Turismo del Gobierno de M\u00e9xico (Sectur), encabezada por Josefina Rodr\u00edguez Zamora, y el Gobierno de Puebla, a trav\u00e9s de la Secretar\u00eda de Desarrollo Tur\u00edstico del estado, representada por Yadira Lira Navarro, firmaron un Convenio General de Colaboraci\u00f3n en el Pueblo M\u00e1gico Cuetzalan, con la\u2026","rel":"","context":"En &quot;NOTITUR&quot;","block_context":{"text":"NOTITUR","link":"https:\/\/azturismo.net\/?cat=25"},"img":{"alt_text":"","src":"https:\/\/i0.wp.com\/azturismo.net\/wp-content\/uploads\/2025\/03\/Sectur-Puebla-convenio1.jpg?fit=600%2C399&ssl=1&resize=350%2C200","width":350,"height":200,"srcset":"https:\/\/i0.wp.com\/azturismo.net\/wp-content\/uploads\/2025\/03\/Sectur-Puebla-convenio1.jpg?fit=600%2C399&ssl=1&resize=350%2C200 1x, https:\/\/i0.wp.com\/azturismo.net\/wp-content\/uploads\/2025\/03\/Sectur-Puebla-convenio1.jpg?fit=600%2C399&ssl=1&resize=525%2C300 1.5x"},"classes":[]},{"id":6312,"url":"https:\/\/azturismo.net\/?p=6312","url_meta":{"origin":4467,"position":5},"title":"Sectur impulsa la profesionalizaci\u00f3n de los Pueblos M\u00e1gicos","author":"Azturismo","date":"noviembre 9, 2025","format":false,"excerpt":"Por Staff AzTurismo La Secretar\u00eda de Turismo del Gobierno de M\u00e9xico (Sectur) concluy\u00f3 con \u00e9xito el Diplomado en Innovaci\u00f3n Tur\u00edstica, un programa de capacitaci\u00f3n de seis meses dise\u00f1ado para fortalecer las capacidades de las y los directores de Turismo de los 177 Pueblos M\u00e1gicos del pa\u00eds, as\u00ed como de representantes\u2026","rel":"","context":"En &quot;NOTITUR&quot;","block_context":{"text":"NOTITUR","link":"https:\/\/azturismo.net\/?cat=25"},"img":{"alt_text":"","src":"https:\/\/i0.wp.com\/azturismo.net\/wp-content\/uploads\/2025\/11\/PueblosMagicos-Artesana.jpeg?fit=600%2C399&ssl=1&resize=350%2C200","width":350,"height":200,"srcset":"https:\/\/i0.wp.com\/azturismo.net\/wp-content\/uploads\/2025\/11\/PueblosMagicos-Artesana.jpeg?fit=600%2C399&ssl=1&resize=350%2C200 1x, https:\/\/i0.wp.com\/azturismo.net\/wp-content\/uploads\/2025\/11\/PueblosMagicos-Artesana.jpeg?fit=600%2C399&ssl=1&resize=525%2C300 1.5x"},"classes":[]}],"jetpack_shortlink":"https:\/\/wp.me\/pfqZGx-1a3","amp_enabled":true,"_links":{"self":[{"href":"https:\/\/azturismo.net\/index.php?rest_route=\/wp\/v2\/posts\/4467","targetHints":{"allow":["GET"]}}],"collection":[{"href":"https:\/\/azturismo.net\/index.php?rest_route=\/wp\/v2\/posts"}],"about":[{"href":"https:\/\/azturismo.net\/index.php?rest_route=\/wp\/v2\/types\/post"}],"author":[{"embeddable":true,"href":"https:\/\/azturismo.net\/index.php?rest_route=\/wp\/v2\/users\/1"}],"replies":[{"embeddable":true,"href":"https:\/\/azturismo.net\/index.php?rest_route=%2Fwp%2Fv2%2Fcomments&post=4467"}],"version-history":[{"count":2,"href":"https:\/\/azturismo.net\/index.php?rest_route=\/wp\/v2\/posts\/4467\/revisions"}],"predecessor-version":[{"id":4491,"href":"https:\/\/azturismo.net\/index.php?rest_route=\/wp\/v2\/posts\/4467\/revisions\/4491"}],"wp:featuredmedia":[{"embeddable":true,"href":"https:\/\/azturismo.net\/index.php?rest_route=\/wp\/v2\/media\/4468"}],"wp:attachment":[{"href":"https:\/\/azturismo.net\/index.php?rest_route=%2Fwp%2Fv2%2Fmedia&parent=4467"}],"wp:term":[{"taxonomy":"category","embeddable":true,"href":"https:\/\/azturismo.net\/index.php?rest_route=%2Fwp%2Fv2%2Fcategories&post=4467"},{"taxonomy":"post_tag","embeddable":true,"href":"https:\/\/azturismo.net\/index.php?rest_route=%2Fwp%2Fv2%2Ftags&post=4467"}],"curies":[{"name":"wp","href":"https:\/\/api.w.org\/{rel}","templated":true}]}}