{"id":4392,"date":"2025-07-02T15:00:00","date_gmt":"2025-07-02T21:00:00","guid":{"rendered":"https:\/\/azturismo.net\/?p=4392"},"modified":"2025-07-02T08:40:03","modified_gmt":"2025-07-02T14:40:03","slug":"4392","status":"publish","type":"post","link":"https:\/\/azturismo.net\/?p=4392","title":{"rendered":"Descubre el pueblo m\u00e1gico de las m\u00e1scaras y los brujos en Colima"},"content":{"rendered":"\n<p>Por Oscar V\u00e1zquez C .<\/p>\n\n\n\n<p><em>\u00bfBuscas un destino aut\u00e9ntico que combine tradici\u00f3n ancestral, artesan\u00edas \u00fanicas y paisajes naturales espectaculares? Suchitl\u00e1n te espera a solo 20 minutos de Comala con una experiencia que transformar\u00e1 tu perspectiva sobre el turismo cultural en M\u00e9xico.<\/em><\/p>\n\n\n\n<h2 class=\"wp-block-heading\">El &#8220;Lugar de Flores&#8221; que Guarda los Secretos de Colima<\/h2>\n\n\n\n<p><strong>Suchitl\u00e1n<\/strong> (que significa &#8220;lugar de flores&#8221; en n\u00e1huatl) es mucho m\u00e1s que un pintoresco pueblo colimense. Ubicado estrat\u00e9gicamente en las faldas del majestuoso <strong>Volc\u00e1n de Colima<\/strong>, este destino te transporta a un mundo donde la magia ancestral cobra vida entre calles empedradas y tradiciones milenarias.<\/p>\n\n\n\n<h3 class=\"wp-block-heading\">\u00bfPor qu\u00e9 se le Conoce como el Pueblo de los Brujos?<\/h3>\n\n\n\n<p>Lejos de los mitos y leyendas urbanas, Suchitl\u00e1n es reconocido como <strong>el pueblo de los brujos<\/strong> debido a su profunda conexi\u00f3n con la <strong>medicina tradicional mexicana<\/strong>. Aqu\u00ed encontrar\u00e1s:<\/p>\n\n\n\n<ul class=\"wp-block-list\">\n<li><strong>Curanderos y sabios<\/strong> que preservan conocimientos ancestrales<\/li>\n\n\n\n<li><strong>Rituales de curaci\u00f3n<\/strong> con plantas sagradas aut\u00f3ctonas<\/li>\n\n\n\n<li><strong>Ceremonias tradicionales<\/strong> que forman parte de la vida cotidiana<\/li>\n\n\n\n<li><strong>Medicina herbal<\/strong> transmitida de generaci\u00f3n en generaci\u00f3n<\/li>\n<\/ul>\n\n\n\n<p>Esta herencia espiritual no es folklore tur\u00edstico, sino una <strong>tradici\u00f3n viva<\/strong> que la comunidad mantiene con devoci\u00f3n y respeto hacia sus antepasados ind\u00edgenas.<\/p>\n\n\n\n<h2 class=\"wp-block-heading\">Arte Mascarero: El Tesoro Artesanal de Suchitl\u00e1n<\/h2>\n\n\n\n<h3 class=\"wp-block-heading\">M\u00e1scaras de Madera: Arte que Cobra Vida<\/h3>\n\n\n\n<p>Una de las experiencias m\u00e1s fascinantes que puedes vivir en Suchitl\u00e1n es conocer de cerca el <strong>arte mascarero tradicional<\/strong>. Los artesanos locales crean verdaderas obras de arte que incluyen:<\/p>\n\n\n\n<p><strong>Caracter\u00edsticas de las M\u00e1scaras de Suchitl\u00e1n:<\/strong><\/p>\n\n\n\n<ul class=\"wp-block-list\">\n<li><strong>Tallado a mano<\/strong> en maderas locales<\/li>\n\n\n\n<li><strong>Pinturas tradicionales<\/strong> con t\u00e9cnicas ancestrales<\/li>\n\n\n\n<li><strong>Representaciones \u00fanicas<\/strong> de animales y personajes mitol\u00f3gicos<\/li>\n\n\n\n<li><strong>Uso ceremonial<\/strong> en danzas rituales y festividades religiosas<\/li>\n<\/ul>\n\n\n\n<h3 class=\"wp-block-heading\">Otras Artesan\u00edas Imperdibles<\/h3>\n\n\n\n<ul class=\"wp-block-list\">\n<li><strong>Muebles de otate<\/strong> con dise\u00f1os \u00fanicos<\/li>\n\n\n\n<li><strong>Cester\u00eda tradicional<\/strong> elaborada con t\u00e9cnicas prehisp\u00e1nicas<\/li>\n\n\n\n<li><strong>Tallas en maderas finas<\/strong> como caoba y parota<\/li>\n\n\n\n<li><strong>Objetos decorativos<\/strong> que reflejan el imaginario local<\/li>\n<\/ul>\n\n\n\n<h2 class=\"wp-block-heading\">Experiencias Gastron\u00f3micas Aut\u00e9nticas<\/h2>\n\n\n\n<h3 class=\"wp-block-heading\">Sabores que Despiertan los Sentidos<\/h3>\n\n\n\n<p><strong>Conejo Tatemado<\/strong>: El platillo estrella de Suchitl\u00e1n que no puedes perderte. Esta delicia culinaria te conecta con los sabores tradicionales de Colima.<\/p>\n\n\n\n<p><strong>Caf\u00e9 de Altura<\/strong>: Visita la <strong>procesadora de caf\u00e9 local<\/strong> donde podr\u00e1s:<\/p>\n\n\n\n<ul class=\"wp-block-list\">\n<li>Conocer el proceso completo del grano a la taza<\/li>\n\n\n\n<li>Degustar caf\u00e9 de especialidad cultivado en la regi\u00f3n<\/li>\n\n\n\n<li>Aprender sobre las t\u00e9cnicas de cultivo en las faldas del volc\u00e1n<\/li>\n\n\n\n<li>Llevarte los mejores granos como recuerdo aut\u00e9ntico<\/li>\n<\/ul>\n\n\n\n<h2 class=\"wp-block-heading\">Atractivos Naturales que te Enamorar\u00e1n<\/h2>\n\n\n\n<h3 class=\"wp-block-heading\">Barranca del R\u00edo Suchitl\u00e1n: Aventura y Fotograf\u00eda<\/h3>\n\n\n\n<p>Este <strong>paraje natural espectacular<\/strong> ofrece:<\/p>\n\n\n\n<ul class=\"wp-block-list\">\n<li><strong>Puente colgante<\/strong> con vistas panor\u00e1micas del r\u00edo<\/li>\n\n\n\n<li><strong>Paisajes perfectos<\/strong> para fotograf\u00eda de naturaleza<\/li>\n\n\n\n<li><strong>Senderismo moderado<\/strong> ideal para toda la familia<\/li>\n\n\n\n<li><strong>Spots instagrameables<\/strong> que har\u00e1n brillar tu feed<\/li>\n<\/ul>\n\n\n\n<h3 class=\"wp-block-heading\">Centro Tur\u00edstico Laguna de Carrizalillos<\/h3>\n\n\n\n<p><strong>Historia<\/strong>: Desde 1975, este espacio comunitario pertenece al Ejido Suchitl\u00e1n<br><strong>Ideal para<\/strong>: Familias, parejas y viajeros que buscan contacto con la naturaleza<br><strong>Actividades<\/strong>: Pesca deportiva, kayak, picnic y observaci\u00f3n de aves<\/p>\n\n\n\n<h2 class=\"wp-block-heading\">La Magia de Caminar por Suchitl\u00e1n<\/h2>\n\n\n\n<h3 class=\"wp-block-heading\">Arquitectura Tradicional que Enamora<\/h3>\n\n\n\n<p>Cada paso por este pueblo es un <strong>viaje en el tiempo<\/strong>:<\/p>\n\n\n\n<ul class=\"wp-block-list\">\n<li><strong>Casas de teja roja<\/strong> que conservan el estilo colonial<\/li>\n\n\n\n<li><strong>Jardines coloridos<\/strong> que perfuman las calles<\/li>\n\n\n\n<li><strong>Portales tranquilos<\/strong> perfectos para la contemplaci\u00f3n<\/li>\n\n\n\n<li><strong>Ambiente sereno<\/strong> que desconecta del estr\u00e9s urbano<\/li>\n<\/ul>\n\n\n\n<h2 class=\"wp-block-heading\">Planifica tu Visita a Suchitl\u00e1n<\/h2>\n\n\n\n<h3 class=\"wp-block-heading\">Informaci\u00f3n Pr\u00e1ctica para Viajeros<\/h3>\n\n\n\n<p><strong>\ud83d\udccd Ubicaci\u00f3n<\/strong>: A 20 minutos del centro de Comala, Pueblo M\u00e1gico<br><strong>\ud83d\ude97 Acceso<\/strong>: Carretera asfaltada en excelentes condiciones<br><strong>\u23f0 Mejor \u00e9poca<\/strong>: Todo el a\u00f1o, especialmente de octubre a abril<br><strong>\ud83c\udf92 Qu\u00e9 llevar<\/strong>: Ropa c\u00f3moda, c\u00e1mara fotogr\u00e1fica y mente abierta<\/p>\n\n\n\n<h3 class=\"wp-block-heading\">Consejos de Viaje Insider<\/h3>\n\n\n\n<ol class=\"wp-block-list\">\n<li><strong>Respeta las tradiciones locales<\/strong> y pregunta antes de fotografiar ceremonias<\/li>\n\n\n\n<li><strong>Compra directamente a los artesanos<\/strong> para apoyar la econom\u00eda local<\/li>\n\n\n\n<li><strong>Prueba el caf\u00e9 local<\/strong> en diferentes preparaciones<\/li>\n\n\n\n<li><strong>Lleva efectivo<\/strong> ya que no todos los lugares aceptan tarjetas<\/li>\n\n\n\n<li><strong>Visita temprano<\/strong> para disfrutar de la tranquilidad matutina<\/li>\n<\/ol>\n\n\n\n<h2 class=\"wp-block-heading\">Turismo Responsable en Suchitl\u00e1n<\/h2>\n\n\n\n<p>Visitar Suchitl\u00e1n es una oportunidad \u00fanica para practicar <strong>turismo cultural responsable<\/strong>:<\/p>\n\n\n\n<ul class=\"wp-block-list\">\n<li>Apoya a las comunidades locales comprando artesan\u00edas aut\u00e9nticas<\/li>\n\n\n\n<li>Respeta las tradiciones y ceremonias ancestrales<\/li>\n\n\n\n<li>Contribuye a la preservaci\u00f3n del patrimonio cultural<\/li>\n\n\n\n<li>Disfruta de la naturaleza sin dejar huella<\/li>\n<\/ul>\n\n\n\n<h2 class=\"wp-block-heading\">\u00bfPor qu\u00e9 Suchitl\u00e1n Debe Estar en tu Lista de Viajes?<\/h2>\n\n\n\n<p>Este pueblo colimense ofrece una experiencia transformadora que va m\u00e1s all\u00e1 del turismo convencional. Es un encuentro aut\u00e9ntico con:<\/p>\n\n\n\n<ul class=\"wp-block-list\">\n<li><strong>La esencia cultural de Colima<\/strong><\/li>\n\n\n\n<li><strong>Tradiciones vivas y ancestrales<\/strong><\/li>\n\n\n\n<li><strong>Artesan\u00edas \u00fanicas en M\u00e9xico<\/strong><\/li>\n\n\n\n<li><strong>Paisajes naturales espectaculares<\/strong><\/li>\n\n\n\n<li><strong>Gastronom\u00eda tradicional aut\u00e9ntica<\/strong><\/li>\n<\/ul>\n\n\n\n<h2 class=\"wp-block-heading\">Conecta con lo Sagrado y lo Ancestral<\/h2>\n\n\n\n<p>Suchitl\u00e1n no es solo un destino tur\u00edstico; es una <strong>puerta de entrada a lo ancestral<\/strong>, un lugar donde el tiempo se detiene y las tradiciones cobran vida. Para viajeros que buscan experiencias aut\u00e9nticas y conexi\u00f3n profunda con la cultura mexicana, este pueblo representa la esencia misma del <strong>turismo cultural en M\u00e9xico<\/strong>.<\/p>\n\n\n\n<p>\u00bfEst\u00e1s listo para descubrir uno de los secretos mejor guardados de Colima? Suchitl\u00e1n te espera con los brazos abiertos y el coraz\u00f3n lleno de historias por contar.<\/p>\n\n\n\n<p><em>\u00bfHas visitado Suchitl\u00e1n? Comparte tu experiencia en los comentarios y ayuda a otros viajeros a descubrir este tesoro colimense.<\/em><\/p>\n","protected":false},"excerpt":{"rendered":"<p>Por Oscar V\u00e1zquez C . \u00bfBuscas un destino aut\u00e9ntico que combine tradici\u00f3n ancestral, artesan\u00edas \u00fanicas y paisajes naturales espectaculares? Suchitl\u00e1n te espera a solo 20 minutos de Comala con una experiencia que transformar\u00e1 tu perspectiva sobre el turismo cultural en M\u00e9xico. El &#8220;Lugar de Flores&#8221; que Guarda los Secretos de Colima Suchitl\u00e1n (que significa &#8220;lugar [&hellip;]<\/p>\n","protected":false},"author":1,"featured_media":4393,"comment_status":"open","ping_status":"open","sticky":false,"template":"","format":"standard","meta":{"jetpack_post_was_ever_published":false,"_jetpack_newsletter_access":"","_jetpack_dont_email_post_to_subs":false,"_jetpack_newsletter_tier_id":0,"_jetpack_memberships_contains_paywalled_content":false,"_jetpack_memberships_contains_paid_content":false,"footnotes":"","jetpack_publicize_message":"","jetpack_publicize_feature_enabled":true,"jetpack_social_post_already_shared":true,"jetpack_social_options":{"image_generator_settings":{"template":"highway","default_image_id":0,"font":"","enabled":false},"version":2}},"categories":[30,26],"tags":[99,197,1862,1860,1859,39,38,1861],"class_list":{"0":"post-4392","1":"post","2":"type-post","3":"status-publish","4":"format-standard","5":"has-post-thumbnail","7":"category-e","8":"category-viajar","9":"tag-azturismo","10":"tag-colima","11":"tag-colima-travel","12":"tag-mexico-pueblos-magicos","13":"tag-suchitlan","14":"tag-turismo","15":"tag-viajes","16":"tag-viajes-culturales"},"yoast_head":"<!-- This site is optimized with the Yoast SEO plugin v27.5 - https:\/\/yoast.com\/product\/yoast-seo-wordpress\/ -->\n<title>Descubre el pueblo m\u00e1gico de las m\u00e1scaras y los brujos en Colima - Azturismo Noticias<\/title>\n<meta name=\"robots\" content=\"index, follow, max-snippet:-1, max-image-preview:large, max-video-preview:-1\" \/>\n<link rel=\"canonical\" href=\"https:\/\/azturismo.net\/?p=4392\" \/>\n<meta property=\"og:locale\" content=\"es_MX\" \/>\n<meta property=\"og:type\" content=\"article\" \/>\n<meta property=\"og:title\" content=\"Descubre el pueblo m\u00e1gico de las m\u00e1scaras y los brujos en Colima - Azturismo Noticias\" \/>\n<meta property=\"og:description\" content=\"Por Oscar V\u00e1zquez C . \u00bfBuscas un destino aut\u00e9ntico que combine tradici\u00f3n ancestral, artesan\u00edas \u00fanicas y paisajes naturales espectaculares? Suchitl\u00e1n te espera a solo 20 minutos de Comala con una experiencia que transformar\u00e1 tu perspectiva sobre el turismo cultural en M\u00e9xico. El &#8220;Lugar de Flores&#8221; que Guarda los Secretos de Colima Suchitl\u00e1n (que significa &#8220;lugar [&hellip;]\" \/>\n<meta property=\"og:url\" content=\"https:\/\/azturismo.net\/?p=4392\" \/>\n<meta property=\"og:site_name\" content=\"Azturismo Noticias\" \/>\n<meta property=\"article:publisher\" content=\"https:\/\/www.facebook.com\/AzturismoNoticias\" \/>\n<meta property=\"article:published_time\" content=\"2025-07-02T21:00:00+00:00\" \/>\n<meta property=\"og:image\" content=\"https:\/\/i0.wp.com\/azturismo.net\/wp-content\/uploads\/2025\/07\/PSX_20250702_082801.jpg?fit=608%2C416&ssl=1\" \/>\n\t<meta property=\"og:image:width\" content=\"608\" \/>\n\t<meta property=\"og:image:height\" content=\"416\" \/>\n\t<meta property=\"og:image:type\" content=\"image\/jpeg\" \/>\n<meta name=\"author\" content=\"Azturismo\" \/>\n<meta name=\"twitter:card\" content=\"summary_large_image\" \/>\n<meta name=\"twitter:creator\" content=\"@AzTurismo\" \/>\n<meta name=\"twitter:site\" content=\"@AzTurismo\" \/>\n<meta name=\"twitter:label1\" content=\"Escrito por\" \/>\n\t<meta name=\"twitter:data1\" content=\"Azturismo\" \/>\n\t<meta name=\"twitter:label2\" content=\"Tiempo de lectura\" \/>\n\t<meta name=\"twitter:data2\" content=\"4 minutos\" \/>\n<script type=\"application\/ld+json\" class=\"yoast-schema-graph\">{\"@context\":\"https:\\\/\\\/schema.org\",\"@graph\":[{\"@type\":\"Article\",\"@id\":\"https:\\\/\\\/azturismo.net\\\/?p=4392#article\",\"isPartOf\":{\"@id\":\"https:\\\/\\\/azturismo.net\\\/?p=4392\"},\"author\":{\"name\":\"Azturismo\",\"@id\":\"https:\\\/\\\/azturismo.net\\\/#\\\/schema\\\/person\\\/4b56d87f51c4d1b518c650739ad3bbc1\"},\"headline\":\"Descubre el pueblo m\u00e1gico de las m\u00e1scaras y los brujos en Colima\",\"datePublished\":\"2025-07-02T21:00:00+00:00\",\"mainEntityOfPage\":{\"@id\":\"https:\\\/\\\/azturismo.net\\\/?p=4392\"},\"wordCount\":885,\"commentCount\":0,\"publisher\":{\"@id\":\"https:\\\/\\\/azturismo.net\\\/#organization\"},\"image\":{\"@id\":\"https:\\\/\\\/azturismo.net\\\/?p=4392#primaryimage\"},\"thumbnailUrl\":\"https:\\\/\\\/i0.wp.com\\\/azturismo.net\\\/wp-content\\\/uploads\\\/2025\\\/07\\\/PSX_20250702_082801.jpg?fit=608%2C416&ssl=1\",\"keywords\":[\"azturismo\",\"Colima\",\"Colima Travel\",\"M\u00e9xico Pueblos M\u00e1gicos\",\"Suchitl\u00e1n\",\"Turismo\",\"Viajes\",\"Viajes Culturales\"],\"articleSection\":[\"Destacadas\",\"VIAJES\"],\"inLanguage\":\"es\",\"potentialAction\":[{\"@type\":\"CommentAction\",\"name\":\"Comment\",\"target\":[\"https:\\\/\\\/azturismo.net\\\/?p=4392#respond\"]}]},{\"@type\":\"WebPage\",\"@id\":\"https:\\\/\\\/azturismo.net\\\/?p=4392\",\"url\":\"https:\\\/\\\/azturismo.net\\\/?p=4392\",\"name\":\"Descubre el pueblo m\u00e1gico de las m\u00e1scaras y los brujos en Colima - Azturismo Noticias\",\"isPartOf\":{\"@id\":\"https:\\\/\\\/azturismo.net\\\/#website\"},\"primaryImageOfPage\":{\"@id\":\"https:\\\/\\\/azturismo.net\\\/?p=4392#primaryimage\"},\"image\":{\"@id\":\"https:\\\/\\\/azturismo.net\\\/?p=4392#primaryimage\"},\"thumbnailUrl\":\"https:\\\/\\\/i0.wp.com\\\/azturismo.net\\\/wp-content\\\/uploads\\\/2025\\\/07\\\/PSX_20250702_082801.jpg?fit=608%2C416&ssl=1\",\"datePublished\":\"2025-07-02T21:00:00+00:00\",\"breadcrumb\":{\"@id\":\"https:\\\/\\\/azturismo.net\\\/?p=4392#breadcrumb\"},\"inLanguage\":\"es\",\"potentialAction\":[{\"@type\":\"ReadAction\",\"target\":[\"https:\\\/\\\/azturismo.net\\\/?p=4392\"]}]},{\"@type\":\"ImageObject\",\"inLanguage\":\"es\",\"@id\":\"https:\\\/\\\/azturismo.net\\\/?p=4392#primaryimage\",\"url\":\"https:\\\/\\\/i0.wp.com\\\/azturismo.net\\\/wp-content\\\/uploads\\\/2025\\\/07\\\/PSX_20250702_082801.jpg?fit=608%2C416&ssl=1\",\"contentUrl\":\"https:\\\/\\\/i0.wp.com\\\/azturismo.net\\\/wp-content\\\/uploads\\\/2025\\\/07\\\/PSX_20250702_082801.jpg?fit=608%2C416&ssl=1\",\"width\":608,\"height\":416},{\"@type\":\"BreadcrumbList\",\"@id\":\"https:\\\/\\\/azturismo.net\\\/?p=4392#breadcrumb\",\"itemListElement\":[{\"@type\":\"ListItem\",\"position\":1,\"name\":\"Home\",\"item\":\"https:\\\/\\\/azturismo.net\\\/\"},{\"@type\":\"ListItem\",\"position\":2,\"name\":\"Descubre el pueblo m\u00e1gico de las m\u00e1scaras y los brujos en Colima\"}]},{\"@type\":\"WebSite\",\"@id\":\"https:\\\/\\\/azturismo.net\\\/#website\",\"url\":\"https:\\\/\\\/azturismo.net\\\/\",\"name\":\"Azturismo\",\"description\":\"Azturismo Noticias\",\"publisher\":{\"@id\":\"https:\\\/\\\/azturismo.net\\\/#organization\"},\"potentialAction\":[{\"@type\":\"SearchAction\",\"target\":{\"@type\":\"EntryPoint\",\"urlTemplate\":\"https:\\\/\\\/azturismo.net\\\/?s={search_term_string}\"},\"query-input\":{\"@type\":\"PropertyValueSpecification\",\"valueRequired\":true,\"valueName\":\"search_term_string\"}}],\"inLanguage\":\"es\"},{\"@type\":\"Organization\",\"@id\":\"https:\\\/\\\/azturismo.net\\\/#organization\",\"name\":\"Azturismo\",\"url\":\"https:\\\/\\\/azturismo.net\\\/\",\"logo\":{\"@type\":\"ImageObject\",\"inLanguage\":\"es\",\"@id\":\"https:\\\/\\\/azturismo.net\\\/#\\\/schema\\\/logo\\\/image\\\/\",\"url\":\"https:\\\/\\\/i0.wp.com\\\/azturismo.net\\\/wp-content\\\/uploads\\\/2024\\\/03\\\/logo-el-bueno-.png?fit=294%2C69&ssl=1\",\"contentUrl\":\"https:\\\/\\\/i0.wp.com\\\/azturismo.net\\\/wp-content\\\/uploads\\\/2024\\\/03\\\/logo-el-bueno-.png?fit=294%2C69&ssl=1\",\"width\":294,\"height\":69,\"caption\":\"Azturismo\"},\"image\":{\"@id\":\"https:\\\/\\\/azturismo.net\\\/#\\\/schema\\\/logo\\\/image\\\/\"},\"sameAs\":[\"https:\\\/\\\/www.facebook.com\\\/AzturismoNoticias\",\"https:\\\/\\\/x.com\\\/AzTurismo\",\"https:\\\/\\\/www.instagram.com\\\/azturismo_noticias\\\/?fbclid=IwAR2xMiuoHbs6eLeIHKP8P5sSGa-xFrw7FfejscXO7kDghWa7wKLjGczKOwE\",\"https:\\\/\\\/www.tiktok.com\\\/@azturismo\"]},{\"@type\":\"Person\",\"@id\":\"https:\\\/\\\/azturismo.net\\\/#\\\/schema\\\/person\\\/4b56d87f51c4d1b518c650739ad3bbc1\",\"name\":\"Azturismo\",\"image\":{\"@type\":\"ImageObject\",\"inLanguage\":\"es\",\"@id\":\"https:\\\/\\\/azturismo.net\\\/wp-content\\\/litespeed\\\/avatar\\\/dfe28a31cdd68b788da48a316e50db10.jpg?ver=1777707566\",\"url\":\"https:\\\/\\\/azturismo.net\\\/wp-content\\\/litespeed\\\/avatar\\\/dfe28a31cdd68b788da48a316e50db10.jpg?ver=1777707566\",\"contentUrl\":\"https:\\\/\\\/azturismo.net\\\/wp-content\\\/litespeed\\\/avatar\\\/dfe28a31cdd68b788da48a316e50db10.jpg?ver=1777707566\",\"caption\":\"Azturismo\"},\"sameAs\":[\"https:\\\/\\\/azturismo.net\"],\"url\":\"https:\\\/\\\/azturismo.net\\\/?author=1\"}]}<\/script>\n<!-- \/ Yoast SEO plugin. -->","yoast_head_json":{"title":"Descubre el pueblo m\u00e1gico de las m\u00e1scaras y los brujos en Colima - Azturismo Noticias","robots":{"index":"index","follow":"follow","max-snippet":"max-snippet:-1","max-image-preview":"max-image-preview:large","max-video-preview":"max-video-preview:-1"},"canonical":"https:\/\/azturismo.net\/?p=4392","og_locale":"es_MX","og_type":"article","og_title":"Descubre el pueblo m\u00e1gico de las m\u00e1scaras y los brujos en Colima - Azturismo Noticias","og_description":"Por Oscar V\u00e1zquez C . \u00bfBuscas un destino aut\u00e9ntico que combine tradici\u00f3n ancestral, artesan\u00edas \u00fanicas y paisajes naturales espectaculares? Suchitl\u00e1n te espera a solo 20 minutos de Comala con una experiencia que transformar\u00e1 tu perspectiva sobre el turismo cultural en M\u00e9xico. El &#8220;Lugar de Flores&#8221; que Guarda los Secretos de Colima Suchitl\u00e1n (que significa &#8220;lugar [&hellip;]","og_url":"https:\/\/azturismo.net\/?p=4392","og_site_name":"Azturismo Noticias","article_publisher":"https:\/\/www.facebook.com\/AzturismoNoticias","article_published_time":"2025-07-02T21:00:00+00:00","og_image":[{"width":608,"height":416,"url":"https:\/\/i0.wp.com\/azturismo.net\/wp-content\/uploads\/2025\/07\/PSX_20250702_082801.jpg?fit=608%2C416&ssl=1","type":"image\/jpeg"}],"author":"Azturismo","twitter_card":"summary_large_image","twitter_creator":"@AzTurismo","twitter_site":"@AzTurismo","twitter_misc":{"Escrito por":"Azturismo","Tiempo de lectura":"4 minutos"},"schema":{"@context":"https:\/\/schema.org","@graph":[{"@type":"Article","@id":"https:\/\/azturismo.net\/?p=4392#article","isPartOf":{"@id":"https:\/\/azturismo.net\/?p=4392"},"author":{"name":"Azturismo","@id":"https:\/\/azturismo.net\/#\/schema\/person\/4b56d87f51c4d1b518c650739ad3bbc1"},"headline":"Descubre el pueblo m\u00e1gico de las m\u00e1scaras y los brujos en Colima","datePublished":"2025-07-02T21:00:00+00:00","mainEntityOfPage":{"@id":"https:\/\/azturismo.net\/?p=4392"},"wordCount":885,"commentCount":0,"publisher":{"@id":"https:\/\/azturismo.net\/#organization"},"image":{"@id":"https:\/\/azturismo.net\/?p=4392#primaryimage"},"thumbnailUrl":"https:\/\/i0.wp.com\/azturismo.net\/wp-content\/uploads\/2025\/07\/PSX_20250702_082801.jpg?fit=608%2C416&ssl=1","keywords":["azturismo","Colima","Colima Travel","M\u00e9xico Pueblos M\u00e1gicos","Suchitl\u00e1n","Turismo","Viajes","Viajes Culturales"],"articleSection":["Destacadas","VIAJES"],"inLanguage":"es","potentialAction":[{"@type":"CommentAction","name":"Comment","target":["https:\/\/azturismo.net\/?p=4392#respond"]}]},{"@type":"WebPage","@id":"https:\/\/azturismo.net\/?p=4392","url":"https:\/\/azturismo.net\/?p=4392","name":"Descubre el pueblo m\u00e1gico de las m\u00e1scaras y los brujos en Colima - Azturismo Noticias","isPartOf":{"@id":"https:\/\/azturismo.net\/#website"},"primaryImageOfPage":{"@id":"https:\/\/azturismo.net\/?p=4392#primaryimage"},"image":{"@id":"https:\/\/azturismo.net\/?p=4392#primaryimage"},"thumbnailUrl":"https:\/\/i0.wp.com\/azturismo.net\/wp-content\/uploads\/2025\/07\/PSX_20250702_082801.jpg?fit=608%2C416&ssl=1","datePublished":"2025-07-02T21:00:00+00:00","breadcrumb":{"@id":"https:\/\/azturismo.net\/?p=4392#breadcrumb"},"inLanguage":"es","potentialAction":[{"@type":"ReadAction","target":["https:\/\/azturismo.net\/?p=4392"]}]},{"@type":"ImageObject","inLanguage":"es","@id":"https:\/\/azturismo.net\/?p=4392#primaryimage","url":"https:\/\/i0.wp.com\/azturismo.net\/wp-content\/uploads\/2025\/07\/PSX_20250702_082801.jpg?fit=608%2C416&ssl=1","contentUrl":"https:\/\/i0.wp.com\/azturismo.net\/wp-content\/uploads\/2025\/07\/PSX_20250702_082801.jpg?fit=608%2C416&ssl=1","width":608,"height":416},{"@type":"BreadcrumbList","@id":"https:\/\/azturismo.net\/?p=4392#breadcrumb","itemListElement":[{"@type":"ListItem","position":1,"name":"Home","item":"https:\/\/azturismo.net\/"},{"@type":"ListItem","position":2,"name":"Descubre el pueblo m\u00e1gico de las m\u00e1scaras y los brujos en Colima"}]},{"@type":"WebSite","@id":"https:\/\/azturismo.net\/#website","url":"https:\/\/azturismo.net\/","name":"Azturismo","description":"Azturismo Noticias","publisher":{"@id":"https:\/\/azturismo.net\/#organization"},"potentialAction":[{"@type":"SearchAction","target":{"@type":"EntryPoint","urlTemplate":"https:\/\/azturismo.net\/?s={search_term_string}"},"query-input":{"@type":"PropertyValueSpecification","valueRequired":true,"valueName":"search_term_string"}}],"inLanguage":"es"},{"@type":"Organization","@id":"https:\/\/azturismo.net\/#organization","name":"Azturismo","url":"https:\/\/azturismo.net\/","logo":{"@type":"ImageObject","inLanguage":"es","@id":"https:\/\/azturismo.net\/#\/schema\/logo\/image\/","url":"https:\/\/i0.wp.com\/azturismo.net\/wp-content\/uploads\/2024\/03\/logo-el-bueno-.png?fit=294%2C69&ssl=1","contentUrl":"https:\/\/i0.wp.com\/azturismo.net\/wp-content\/uploads\/2024\/03\/logo-el-bueno-.png?fit=294%2C69&ssl=1","width":294,"height":69,"caption":"Azturismo"},"image":{"@id":"https:\/\/azturismo.net\/#\/schema\/logo\/image\/"},"sameAs":["https:\/\/www.facebook.com\/AzturismoNoticias","https:\/\/x.com\/AzTurismo","https:\/\/www.instagram.com\/azturismo_noticias\/?fbclid=IwAR2xMiuoHbs6eLeIHKP8P5sSGa-xFrw7FfejscXO7kDghWa7wKLjGczKOwE","https:\/\/www.tiktok.com\/@azturismo"]},{"@type":"Person","@id":"https:\/\/azturismo.net\/#\/schema\/person\/4b56d87f51c4d1b518c650739ad3bbc1","name":"Azturismo","image":{"@type":"ImageObject","inLanguage":"es","@id":"https:\/\/azturismo.net\/wp-content\/litespeed\/avatar\/dfe28a31cdd68b788da48a316e50db10.jpg?ver=1777707566","url":"https:\/\/azturismo.net\/wp-content\/litespeed\/avatar\/dfe28a31cdd68b788da48a316e50db10.jpg?ver=1777707566","contentUrl":"https:\/\/azturismo.net\/wp-content\/litespeed\/avatar\/dfe28a31cdd68b788da48a316e50db10.jpg?ver=1777707566","caption":"Azturismo"},"sameAs":["https:\/\/azturismo.net"],"url":"https:\/\/azturismo.net\/?author=1"}]}},"jetpack_publicize_connections":[],"jetpack_featured_media_url":"https:\/\/i0.wp.com\/azturismo.net\/wp-content\/uploads\/2025\/07\/PSX_20250702_082801.jpg?fit=608%2C416&ssl=1","jetpack_sharing_enabled":true,"jetpack-related-posts":[{"id":6792,"url":"https:\/\/azturismo.net\/?p=6792","url_meta":{"origin":4392,"position":0},"title":"Minatitl\u00e1n, el pueblo minero que sorprende con caf\u00e9, tradici\u00f3n y naturaleza virgen","author":"Azturismo","date":"enero 1, 2026","format":false,"excerpt":"Por Staff AzTurismo En las entra\u00f1as de Colima, donde la Sierra de Manantl\u00e1n despliega su manto verde, se esconde un municipio de nombre revelador: Minatitl\u00e1n. Su significado en n\u00e1huatl, \"lugar dedicado a la mina\", es una promesa que se cumple a la vista, con la imponente presencia de Pe\u00f1a Colorada,\u2026","rel":"","context":"En &quot;Destacadas&quot;","block_context":{"text":"Destacadas","link":"https:\/\/azturismo.net\/?cat=30"},"img":{"alt_text":"","src":"https:\/\/i0.wp.com\/azturismo.net\/wp-content\/uploads\/2025\/12\/atardecerelterrero-minatitlan.jpg?fit=600%2C400&ssl=1&resize=350%2C200","width":350,"height":200,"srcset":"https:\/\/i0.wp.com\/azturismo.net\/wp-content\/uploads\/2025\/12\/atardecerelterrero-minatitlan.jpg?fit=600%2C400&ssl=1&resize=350%2C200 1x, https:\/\/i0.wp.com\/azturismo.net\/wp-content\/uploads\/2025\/12\/atardecerelterrero-minatitlan.jpg?fit=600%2C400&ssl=1&resize=525%2C300 1.5x"},"classes":[]},{"id":5693,"url":"https:\/\/azturismo.net\/?p=5693","url_meta":{"origin":4392,"position":1},"title":"\ud83c\udfac Comala brilla en la premier de Un Mexicano en la Luna","author":"Azturismo","date":"septiembre 27, 2025","format":false,"excerpt":"Gabriela Flores \ud83c\udfac La magia de Comala, Pueblo M\u00e1gico de Colima, ilumin\u00f3 la Cineteca Nacional durante la premier de Un Mexicano en la Luna, una coproducci\u00f3n M\u00e9xico\u2013Italia que pone en pantalla grande la esencia de este rinc\u00f3n del occidente mexicano. La pel\u00edcula, inspirada en la obra del periodista Manuel S\u00e1nchez\u2026","rel":"","context":"En &quot;TENDENCIAS&quot;","block_context":{"text":"TENDENCIAS","link":"https:\/\/azturismo.net\/?cat=28"},"img":{"alt_text":"","src":"https:\/\/i0.wp.com\/azturismo.net\/wp-content\/uploads\/2025\/09\/Un-mexicano-en-la-luna-premier.jpg?fit=600%2C450&ssl=1&resize=350%2C200","width":350,"height":200,"srcset":"https:\/\/i0.wp.com\/azturismo.net\/wp-content\/uploads\/2025\/09\/Un-mexicano-en-la-luna-premier.jpg?fit=600%2C450&ssl=1&resize=350%2C200 1x, https:\/\/i0.wp.com\/azturismo.net\/wp-content\/uploads\/2025\/09\/Un-mexicano-en-la-luna-premier.jpg?fit=600%2C450&ssl=1&resize=525%2C300 1.5x"},"classes":[]},{"id":3275,"url":"https:\/\/azturismo.net\/?p=3275","url_meta":{"origin":4392,"position":2},"title":"Descubre Colima, el destino perfecto para mujeres viajeras en M\u00e9xico","author":"Azturismo","date":"marzo 7, 2025","format":false,"excerpt":"Por Montserrat Rivera Colima es un estado peque\u00f1o en extensi\u00f3n pero grande en experiencias, y es el lugar ideal para mujeres viajeras que buscan descanso, aventura y cultura. Con paisajes que incluyen playas paradis\u00edacas y monta\u00f1as cubiertas de niebla, este rinc\u00f3n del Pac\u00edfico mexicano ofrece opciones para todo tipo de\u2026","rel":"","context":"En &quot;Destacadas&quot;","block_context":{"text":"Destacadas","link":"https:\/\/azturismo.net\/?cat=30"},"img":{"alt_text":"","src":"https:\/\/i0.wp.com\/azturismo.net\/wp-content\/uploads\/2025\/03\/Manzanillo-1_Foto-de-Subsectur-Colima.jpg?fit=600%2C337&ssl=1&resize=350%2C200","width":350,"height":200,"srcset":"https:\/\/i0.wp.com\/azturismo.net\/wp-content\/uploads\/2025\/03\/Manzanillo-1_Foto-de-Subsectur-Colima.jpg?fit=600%2C337&ssl=1&resize=350%2C200 1x, https:\/\/i0.wp.com\/azturismo.net\/wp-content\/uploads\/2025\/03\/Manzanillo-1_Foto-de-Subsectur-Colima.jpg?fit=600%2C337&ssl=1&resize=525%2C300 1.5x"},"classes":[]},{"id":3799,"url":"https:\/\/azturismo.net\/?p=3799","url_meta":{"origin":4392,"position":3},"title":"Colima, nuevo para\u00edso del surf en M\u00e9xico","author":"Azturismo","date":"mayo 17, 2025","format":false,"excerpt":"Lanza un circuito que integra Manzanillo, Armer\u00eda y el legendario Pascuales, ofreciendo premios igualitarios de $150,000 por cada etapa Por Oscar V\u00e1zquez C. El gobierno del Estado de Colima, a trav\u00e9s de la Subsecretar\u00eda de Turismo, lanz\u00f3 el Circuito de Surf & Bodyboard COLIMA 2025 , posicion\u00e1ndose como un epicentro\u2026","rel":"","context":"En &quot;VIAJES&quot;","block_context":{"text":"VIAJES","link":"https:\/\/azturismo.net\/?cat=26"},"img":{"alt_text":"","src":"https:\/\/i0.wp.com\/azturismo.net\/wp-content\/uploads\/2025\/05\/Copia-de-Swell-mayo-22-24.jpg?fit=600%2C399&ssl=1&resize=350%2C200","width":350,"height":200,"srcset":"https:\/\/i0.wp.com\/azturismo.net\/wp-content\/uploads\/2025\/05\/Copia-de-Swell-mayo-22-24.jpg?fit=600%2C399&ssl=1&resize=350%2C200 1x, https:\/\/i0.wp.com\/azturismo.net\/wp-content\/uploads\/2025\/05\/Copia-de-Swell-mayo-22-24.jpg?fit=600%2C399&ssl=1&resize=525%2C300 1.5x"},"classes":[]},{"id":4509,"url":"https:\/\/azturismo.net\/?p=4509","url_meta":{"origin":4392,"position":4},"title":"La emoci\u00f3n y adrenalina se apoderaron de Manzanillo con el Circuito Profesional de Surf Colima 2025","author":"Azturismo","date":"julio 21, 2025","format":false,"excerpt":"Por Oscar V\u00e1zquez C. M\u00e1s de tres mil personas se dieron cita este fin de semana en Playa Olas Altas para vivir la d\u00e9cima edici\u00f3n del torneo Reyes del Verano, que inaugur\u00f3 con gran \u00e9xito el Circuito Profesional de Surf & Bodyboard Colima 2025, consolidando a Manzanillo como uno de\u2026","rel":"","context":"En &quot;Destacadas&quot;","block_context":{"text":"Destacadas","link":"https:\/\/azturismo.net\/?cat=30"},"img":{"alt_text":"","src":"https:\/\/i0.wp.com\/azturismo.net\/wp-content\/uploads\/2025\/07\/Circuito-de-Surf-Colima-2025.1.jpg?fit=600%2C480&ssl=1&resize=350%2C200","width":350,"height":200,"srcset":"https:\/\/i0.wp.com\/azturismo.net\/wp-content\/uploads\/2025\/07\/Circuito-de-Surf-Colima-2025.1.jpg?fit=600%2C480&ssl=1&resize=350%2C200 1x, https:\/\/i0.wp.com\/azturismo.net\/wp-content\/uploads\/2025\/07\/Circuito-de-Surf-Colima-2025.1.jpg?fit=600%2C480&ssl=1&resize=525%2C300 1.5x"},"classes":[]},{"id":3385,"url":"https:\/\/azturismo.net\/?p=3385","url_meta":{"origin":4392,"position":5},"title":"\u00a1Vive la magia de los festivales gastron\u00f3micos en M\u00e9xico!","author":"Azturismo","date":"marzo 18, 2025","format":false,"excerpt":"Por Oscar V\u00e1zquez C. \ud83c\udf2e\ud83c\udf77 M\u00e9xico, reconocido mundialmente por su riqueza gastron\u00f3mica, invita a locales y visitantes a deleitarse con los festivales gastron\u00f3micos que se llevar\u00e1n a cabo a lo largo del a\u00f1o. Estos eventos no solo celebran la diversidad de sabores, sino que tambi\u00e9n preservan las tradiciones culinarias, promueven\u2026","rel":"","context":"En &quot;Destacadas&quot;","block_context":{"text":"Destacadas","link":"https:\/\/azturismo.net\/?cat=30"},"img":{"alt_text":"","src":"https:\/\/i0.wp.com\/azturismo.net\/wp-content\/uploads\/2025\/03\/Sectur-Gastronomia03.jpg?fit=600%2C400&ssl=1&resize=350%2C200","width":350,"height":200,"srcset":"https:\/\/i0.wp.com\/azturismo.net\/wp-content\/uploads\/2025\/03\/Sectur-Gastronomia03.jpg?fit=600%2C400&ssl=1&resize=350%2C200 1x, https:\/\/i0.wp.com\/azturismo.net\/wp-content\/uploads\/2025\/03\/Sectur-Gastronomia03.jpg?fit=600%2C400&ssl=1&resize=525%2C300 1.5x"},"classes":[]}],"jetpack_shortlink":"https:\/\/wp.me\/sfqZGx-4392","amp_enabled":true,"_links":{"self":[{"href":"https:\/\/azturismo.net\/index.php?rest_route=\/wp\/v2\/posts\/4392","targetHints":{"allow":["GET"]}}],"collection":[{"href":"https:\/\/azturismo.net\/index.php?rest_route=\/wp\/v2\/posts"}],"about":[{"href":"https:\/\/azturismo.net\/index.php?rest_route=\/wp\/v2\/types\/post"}],"author":[{"embeddable":true,"href":"https:\/\/azturismo.net\/index.php?rest_route=\/wp\/v2\/users\/1"}],"replies":[{"embeddable":true,"href":"https:\/\/azturismo.net\/index.php?rest_route=%2Fwp%2Fv2%2Fcomments&post=4392"}],"version-history":[{"count":3,"href":"https:\/\/azturismo.net\/index.php?rest_route=\/wp\/v2\/posts\/4392\/revisions"}],"predecessor-version":[{"id":4397,"href":"https:\/\/azturismo.net\/index.php?rest_route=\/wp\/v2\/posts\/4392\/revisions\/4397"}],"wp:featuredmedia":[{"embeddable":true,"href":"https:\/\/azturismo.net\/index.php?rest_route=\/wp\/v2\/media\/4393"}],"wp:attachment":[{"href":"https:\/\/azturismo.net\/index.php?rest_route=%2Fwp%2Fv2%2Fmedia&parent=4392"}],"wp:term":[{"taxonomy":"category","embeddable":true,"href":"https:\/\/azturismo.net\/index.php?rest_route=%2Fwp%2Fv2%2Fcategories&post=4392"},{"taxonomy":"post_tag","embeddable":true,"href":"https:\/\/azturismo.net\/index.php?rest_route=%2Fwp%2Fv2%2Ftags&post=4392"}],"curies":[{"name":"wp","href":"https:\/\/api.w.org\/{rel}","templated":true}]}}