{"id":4387,"date":"2025-07-02T14:03:00","date_gmt":"2025-07-02T20:03:00","guid":{"rendered":"https:\/\/azturismo.net\/?p=4387"},"modified":"2025-07-02T08:22:43","modified_gmt":"2025-07-02T14:22:43","slug":"mexico-y-cuba","status":"publish","type":"post","link":"https:\/\/azturismo.net\/?p=4387","title":{"rendered":"M\u00e9xico y Cuba trabajar\u00e1n conjuntamente por el turismo"},"content":{"rendered":"\n<p>Por Staff AzTurismo <\/p>\n\n\n\n<p>La secretaria de Turismo del Gobierno de M\u00e9xico, Josefina Rodr\u00edguez Zamora, y el ministro de Turismo de la Rep\u00fablica de Cuba, Juan Carlos Garc\u00eda Granda, firmaron el\u00a0<em>Programa de Acciones de Cooperaci\u00f3n Tur\u00edstica\u00a0<\/em>entre ambos pa\u00edses para el periodo 2025-2028 e impulsar su potencial tur\u00edstico.<\/p>\n\n\n\n<p>La titular de la Secretar\u00eda de Turismo (Sectur) precis\u00f3 que este programa forma parte del&nbsp;<em>Acuerdo de Cooperaci\u00f3n en Materia Tur\u00edstica<\/em>&nbsp;suscrito entre el Ministerio de Turismo de Cuba y la Secretar\u00eda de Turismo de M\u00e9xico.<\/p>\n\n\n\n<h2 class=\"wp-block-heading\"><strong>Cooperaci\u00f3n tur\u00edstica M\u00e9xico-Cuba por tres a\u00f1os <\/strong><\/h2>\n\n\n\n<p>En ese sentido, se acord\u00f3 establecer el programa para desarrollar acciones de cooperaci\u00f3n tur\u00edstica durante el periodo 2025-2028 mediante actividades orientadas al intercambio de experiencias e informaci\u00f3n.<\/p>\n\n\n\n<p>Rodr\u00edguez Zamora se\u00f1al\u00f3 que, con este programa, ambos pa\u00edses colaborar\u00e1n en la capacitaci\u00f3n de profesionales del turismo, mediante cursos en gesti\u00f3n hotelera, formaci\u00f3n de gu\u00edas tur\u00edsticos, atenci\u00f3n al cliente y marketing tur\u00edstico. Asimismo, se promover\u00e1 el intercambio de conferencias y seminarios.<\/p>\n\n\n\n<p>A\u00f1adi\u00f3 que, en materia de mercadotecnia y promoci\u00f3n, se acord\u00f3 intercambiar experiencias en torno a la concepci\u00f3n, dise\u00f1o y ejecuci\u00f3n de campa\u00f1as promocionales, priorizando el uso de redes sociales y plataformas digitales.<\/p>\n\n\n\n<h2 class=\"wp-block-heading\"><strong>Ambos pa\u00edses desarrollar\u00e1n rutas tur\u00edsticas<\/strong><\/h2>\n\n\n\n<p>Por otra parte, ambas dependencias acordaron desarrollar rutas que integren atractivos tur\u00edsticos de ambos pa\u00edses, organizar eventos culturales conjuntos, compartir experiencias sobre ciudades patrimoniales, y promover dichos eventos en sus respectivos mercados.<\/p>\n\n\n\n<p>Adem\u00e1s, se convino realizar estudios conjuntos para identificar tendencias y preferencias del turismo, as\u00ed como evaluar y mejorar de forma continua las acciones implementadas<\/p>\n\n\n\n<p>Como parte de este encuentro, la secretaria Josefina Rodr\u00edguez inform\u00f3 a los representantes de la Rep\u00fablica de Cuba que 2026 marcar\u00e1 un hito para la actividad tur\u00edstica en M\u00e9xico con la celebraci\u00f3n de eventos de talla internacional, entre ellos, la primera edici\u00f3n de la feria alemana ITB en su edici\u00f3n Am\u00e9ricas.<\/p>\n\n\n\n<p>En este tenor, invit\u00f3 al Gobierno de Cuba a participar en esta importante feria tur\u00edstica anual, que se llevar\u00e1 a cabo en Guadalajara, Jalisco, del 10 al 12 de noviembre de 2026.<\/p>\n\n\n\n<h2 class=\"wp-block-heading\"><strong>Invita Cuba a M\u00e9xico a participar en Feria Internacional de Turismo 2026<\/strong><\/h2>\n\n\n\n<p>Por su parte, el ministro de Turismo de Cuba, Juan Carlos Garc\u00eda Granda, extendi\u00f3 una invitaci\u00f3n al Gobierno de M\u00e9xico, a trav\u00e9s de la Secretar\u00eda de Turismo, para participar en la Feria Internacional de Turismo de Cuba 2026, la cual tendr\u00e1 como pa\u00eds invitado de honor a Canad\u00e1, en el marco del 80\u00b0 aniversario de las relaciones entre ambos pa\u00edses.<\/p>\n\n\n\n<p>Cabe destacar que la edici\u00f3n 2025 de dicha feria super\u00f3 las expectativas de asistencia, con la participaci\u00f3n de m\u00e1s de cinco mil profesionales del turismo: dos mil 573 nacionales \u2014tanto del sector estatal como no estatal\u2014 y m\u00e1s de mil 500 internacionales, entre agencias de viajes y representantes de medios de comunicaci\u00f3n.<\/p>\n","protected":false},"excerpt":{"rendered":"<p>Por Staff AzTurismo La secretaria de Turismo del Gobierno de M\u00e9xico, Josefina Rodr\u00edguez Zamora, y el ministro de Turismo de la Rep\u00fablica de Cuba, Juan Carlos Garc\u00eda Granda, firmaron el\u00a0Programa de Acciones de Cooperaci\u00f3n Tur\u00edstica\u00a0entre ambos pa\u00edses para el periodo 2025-2028 e impulsar su potencial tur\u00edstico. La titular de la Secretar\u00eda de Turismo (Sectur) precis\u00f3 [&hellip;]<\/p>\n","protected":false},"author":1,"featured_media":4388,"comment_status":"open","ping_status":"open","sticky":false,"template":"","format":"standard","meta":{"jetpack_post_was_ever_published":false,"_jetpack_newsletter_access":"","_jetpack_dont_email_post_to_subs":false,"_jetpack_newsletter_tier_id":0,"_jetpack_memberships_contains_paywalled_content":false,"_jetpack_memberships_contains_paid_content":false,"footnotes":"","jetpack_publicize_message":"","jetpack_publicize_feature_enabled":true,"jetpack_social_post_already_shared":true,"jetpack_social_options":{"image_generator_settings":{"template":"highway","default_image_id":0,"font":"","enabled":false},"version":2}},"categories":[29],"tags":[99,768,1858,313,717,116],"class_list":{"0":"post-4387","1":"post","2":"type-post","3":"status-publish","4":"format-standard","5":"has-post-thumbnail","7":"category-nacionales","8":"tag-azturismo","9":"tag-cooperacion-turistica","10":"tag-cuba","11":"tag-josefina-rodriguez-zamora","12":"tag-mexico-2","13":"tag-sectur"},"yoast_head":"<!-- This site is optimized with the Yoast SEO plugin v27.5 - https:\/\/yoast.com\/product\/yoast-seo-wordpress\/ -->\n<title>M\u00e9xico y Cuba trabajar\u00e1n conjuntamente por el turismo - Azturismo Noticias<\/title>\n<meta name=\"description\" content=\"La secretaria de Turismo del Gobierno de M\u00e9xico, Josefina Rodr\u00edguez Zamora, y el ministro de Turismo de la Rep\u00fablica de Cuba, Juan Carlos Garc\u00eda Granda, firmaron el\u00a0Programa de Acciones de Cooperaci\u00f3n Tur\u00edstica\u00a0entre ambos pa\u00edses para el periodo 2025-2028 e impulsar su potencial tur\u00edstico.\" \/>\n<meta name=\"robots\" content=\"index, follow, max-snippet:-1, max-image-preview:large, max-video-preview:-1\" \/>\n<link rel=\"canonical\" href=\"https:\/\/azturismo.net\/?p=4387\" \/>\n<meta property=\"og:locale\" content=\"es_MX\" \/>\n<meta property=\"og:type\" content=\"article\" \/>\n<meta property=\"og:title\" content=\"M\u00e9xico y Cuba trabajar\u00e1n conjuntamente por el turismo - Azturismo Noticias\" \/>\n<meta property=\"og:description\" content=\"La secretaria de Turismo del Gobierno de M\u00e9xico, Josefina Rodr\u00edguez Zamora, y el ministro de Turismo de la Rep\u00fablica de Cuba, Juan Carlos Garc\u00eda Granda, firmaron el\u00a0Programa de Acciones de Cooperaci\u00f3n Tur\u00edstica\u00a0entre ambos pa\u00edses para el periodo 2025-2028 e impulsar su potencial tur\u00edstico.\" \/>\n<meta property=\"og:url\" content=\"https:\/\/azturismo.net\/?p=4387\" \/>\n<meta property=\"og:site_name\" content=\"Azturismo Noticias\" \/>\n<meta property=\"article:publisher\" content=\"https:\/\/www.facebook.com\/AzturismoNoticias\" \/>\n<meta property=\"article:published_time\" content=\"2025-07-02T20:03:00+00:00\" \/>\n<meta property=\"og:image\" content=\"https:\/\/i0.wp.com\/azturismo.net\/wp-content\/uploads\/2025\/07\/PSX_20250702_080534.jpg?fit=600%2C400&ssl=1\" \/>\n\t<meta property=\"og:image:width\" content=\"600\" \/>\n\t<meta property=\"og:image:height\" content=\"400\" \/>\n\t<meta property=\"og:image:type\" content=\"image\/jpeg\" \/>\n<meta name=\"author\" content=\"Azturismo\" \/>\n<meta name=\"twitter:card\" content=\"summary_large_image\" \/>\n<meta name=\"twitter:creator\" content=\"@AzTurismo\" \/>\n<meta name=\"twitter:site\" content=\"@AzTurismo\" \/>\n<meta name=\"twitter:label1\" content=\"Escrito por\" \/>\n\t<meta name=\"twitter:data1\" content=\"Azturismo\" \/>\n\t<meta name=\"twitter:label2\" content=\"Tiempo de lectura\" \/>\n\t<meta name=\"twitter:data2\" content=\"3 minutos\" \/>\n<script type=\"application\/ld+json\" class=\"yoast-schema-graph\">{\"@context\":\"https:\\\/\\\/schema.org\",\"@graph\":[{\"@type\":\"Article\",\"@id\":\"https:\\\/\\\/azturismo.net\\\/?p=4387#article\",\"isPartOf\":{\"@id\":\"https:\\\/\\\/azturismo.net\\\/?p=4387\"},\"author\":{\"name\":\"Azturismo\",\"@id\":\"https:\\\/\\\/azturismo.net\\\/#\\\/schema\\\/person\\\/4b56d87f51c4d1b518c650739ad3bbc1\"},\"headline\":\"M\u00e9xico y Cuba trabajar\u00e1n conjuntamente por el turismo\",\"datePublished\":\"2025-07-02T20:03:00+00:00\",\"mainEntityOfPage\":{\"@id\":\"https:\\\/\\\/azturismo.net\\\/?p=4387\"},\"wordCount\":525,\"commentCount\":0,\"publisher\":{\"@id\":\"https:\\\/\\\/azturismo.net\\\/#organization\"},\"image\":{\"@id\":\"https:\\\/\\\/azturismo.net\\\/?p=4387#primaryimage\"},\"thumbnailUrl\":\"https:\\\/\\\/i0.wp.com\\\/azturismo.net\\\/wp-content\\\/uploads\\\/2025\\\/07\\\/PSX_20250702_080534.jpg?fit=600%2C400&ssl=1\",\"keywords\":[\"azturismo\",\"cooperaci\u00f3n tur\u00edstica\",\"Cuba\",\"Josefina Rodr\u00edguez Zamora\",\"M\u00e9xico\",\"Sectur\"],\"articleSection\":[\"NACIONALES\"],\"inLanguage\":\"es\",\"potentialAction\":[{\"@type\":\"CommentAction\",\"name\":\"Comment\",\"target\":[\"https:\\\/\\\/azturismo.net\\\/?p=4387#respond\"]}]},{\"@type\":\"WebPage\",\"@id\":\"https:\\\/\\\/azturismo.net\\\/?p=4387\",\"url\":\"https:\\\/\\\/azturismo.net\\\/?p=4387\",\"name\":\"M\u00e9xico y Cuba trabajar\u00e1n conjuntamente por el turismo - Azturismo Noticias\",\"isPartOf\":{\"@id\":\"https:\\\/\\\/azturismo.net\\\/#website\"},\"primaryImageOfPage\":{\"@id\":\"https:\\\/\\\/azturismo.net\\\/?p=4387#primaryimage\"},\"image\":{\"@id\":\"https:\\\/\\\/azturismo.net\\\/?p=4387#primaryimage\"},\"thumbnailUrl\":\"https:\\\/\\\/i0.wp.com\\\/azturismo.net\\\/wp-content\\\/uploads\\\/2025\\\/07\\\/PSX_20250702_080534.jpg?fit=600%2C400&ssl=1\",\"datePublished\":\"2025-07-02T20:03:00+00:00\",\"description\":\"La secretaria de Turismo del Gobierno de M\u00e9xico, Josefina Rodr\u00edguez Zamora, y el ministro de Turismo de la Rep\u00fablica de Cuba, Juan Carlos Garc\u00eda Granda, firmaron el\u00a0Programa de Acciones de Cooperaci\u00f3n Tur\u00edstica\u00a0entre ambos pa\u00edses para el periodo 2025-2028 e impulsar su potencial tur\u00edstico.\",\"breadcrumb\":{\"@id\":\"https:\\\/\\\/azturismo.net\\\/?p=4387#breadcrumb\"},\"inLanguage\":\"es\",\"potentialAction\":[{\"@type\":\"ReadAction\",\"target\":[\"https:\\\/\\\/azturismo.net\\\/?p=4387\"]}]},{\"@type\":\"ImageObject\",\"inLanguage\":\"es\",\"@id\":\"https:\\\/\\\/azturismo.net\\\/?p=4387#primaryimage\",\"url\":\"https:\\\/\\\/i0.wp.com\\\/azturismo.net\\\/wp-content\\\/uploads\\\/2025\\\/07\\\/PSX_20250702_080534.jpg?fit=600%2C400&ssl=1\",\"contentUrl\":\"https:\\\/\\\/i0.wp.com\\\/azturismo.net\\\/wp-content\\\/uploads\\\/2025\\\/07\\\/PSX_20250702_080534.jpg?fit=600%2C400&ssl=1\",\"width\":600,\"height\":400},{\"@type\":\"BreadcrumbList\",\"@id\":\"https:\\\/\\\/azturismo.net\\\/?p=4387#breadcrumb\",\"itemListElement\":[{\"@type\":\"ListItem\",\"position\":1,\"name\":\"Home\",\"item\":\"https:\\\/\\\/azturismo.net\\\/\"},{\"@type\":\"ListItem\",\"position\":2,\"name\":\"M\u00e9xico y Cuba trabajar\u00e1n conjuntamente por el turismo\"}]},{\"@type\":\"WebSite\",\"@id\":\"https:\\\/\\\/azturismo.net\\\/#website\",\"url\":\"https:\\\/\\\/azturismo.net\\\/\",\"name\":\"Azturismo\",\"description\":\"Azturismo Noticias\",\"publisher\":{\"@id\":\"https:\\\/\\\/azturismo.net\\\/#organization\"},\"potentialAction\":[{\"@type\":\"SearchAction\",\"target\":{\"@type\":\"EntryPoint\",\"urlTemplate\":\"https:\\\/\\\/azturismo.net\\\/?s={search_term_string}\"},\"query-input\":{\"@type\":\"PropertyValueSpecification\",\"valueRequired\":true,\"valueName\":\"search_term_string\"}}],\"inLanguage\":\"es\"},{\"@type\":\"Organization\",\"@id\":\"https:\\\/\\\/azturismo.net\\\/#organization\",\"name\":\"Azturismo\",\"url\":\"https:\\\/\\\/azturismo.net\\\/\",\"logo\":{\"@type\":\"ImageObject\",\"inLanguage\":\"es\",\"@id\":\"https:\\\/\\\/azturismo.net\\\/#\\\/schema\\\/logo\\\/image\\\/\",\"url\":\"https:\\\/\\\/i0.wp.com\\\/azturismo.net\\\/wp-content\\\/uploads\\\/2024\\\/03\\\/logo-el-bueno-.png?fit=294%2C69&ssl=1\",\"contentUrl\":\"https:\\\/\\\/i0.wp.com\\\/azturismo.net\\\/wp-content\\\/uploads\\\/2024\\\/03\\\/logo-el-bueno-.png?fit=294%2C69&ssl=1\",\"width\":294,\"height\":69,\"caption\":\"Azturismo\"},\"image\":{\"@id\":\"https:\\\/\\\/azturismo.net\\\/#\\\/schema\\\/logo\\\/image\\\/\"},\"sameAs\":[\"https:\\\/\\\/www.facebook.com\\\/AzturismoNoticias\",\"https:\\\/\\\/x.com\\\/AzTurismo\",\"https:\\\/\\\/www.instagram.com\\\/azturismo_noticias\\\/?fbclid=IwAR2xMiuoHbs6eLeIHKP8P5sSGa-xFrw7FfejscXO7kDghWa7wKLjGczKOwE\",\"https:\\\/\\\/www.tiktok.com\\\/@azturismo\"]},{\"@type\":\"Person\",\"@id\":\"https:\\\/\\\/azturismo.net\\\/#\\\/schema\\\/person\\\/4b56d87f51c4d1b518c650739ad3bbc1\",\"name\":\"Azturismo\",\"image\":{\"@type\":\"ImageObject\",\"inLanguage\":\"es\",\"@id\":\"https:\\\/\\\/azturismo.net\\\/wp-content\\\/litespeed\\\/avatar\\\/dfe28a31cdd68b788da48a316e50db10.jpg?ver=1777707566\",\"url\":\"https:\\\/\\\/azturismo.net\\\/wp-content\\\/litespeed\\\/avatar\\\/dfe28a31cdd68b788da48a316e50db10.jpg?ver=1777707566\",\"contentUrl\":\"https:\\\/\\\/azturismo.net\\\/wp-content\\\/litespeed\\\/avatar\\\/dfe28a31cdd68b788da48a316e50db10.jpg?ver=1777707566\",\"caption\":\"Azturismo\"},\"sameAs\":[\"https:\\\/\\\/azturismo.net\"],\"url\":\"https:\\\/\\\/azturismo.net\\\/?author=1\"}]}<\/script>\n<!-- \/ Yoast SEO plugin. -->","yoast_head_json":{"title":"M\u00e9xico y Cuba trabajar\u00e1n conjuntamente por el turismo - Azturismo Noticias","description":"La secretaria de Turismo del Gobierno de M\u00e9xico, Josefina Rodr\u00edguez Zamora, y el ministro de Turismo de la Rep\u00fablica de Cuba, Juan Carlos Garc\u00eda Granda, firmaron el\u00a0Programa de Acciones de Cooperaci\u00f3n Tur\u00edstica\u00a0entre ambos pa\u00edses para el periodo 2025-2028 e impulsar su potencial tur\u00edstico.","robots":{"index":"index","follow":"follow","max-snippet":"max-snippet:-1","max-image-preview":"max-image-preview:large","max-video-preview":"max-video-preview:-1"},"canonical":"https:\/\/azturismo.net\/?p=4387","og_locale":"es_MX","og_type":"article","og_title":"M\u00e9xico y Cuba trabajar\u00e1n conjuntamente por el turismo - Azturismo Noticias","og_description":"La secretaria de Turismo del Gobierno de M\u00e9xico, Josefina Rodr\u00edguez Zamora, y el ministro de Turismo de la Rep\u00fablica de Cuba, Juan Carlos Garc\u00eda Granda, firmaron el\u00a0Programa de Acciones de Cooperaci\u00f3n Tur\u00edstica\u00a0entre ambos pa\u00edses para el periodo 2025-2028 e impulsar su potencial tur\u00edstico.","og_url":"https:\/\/azturismo.net\/?p=4387","og_site_name":"Azturismo Noticias","article_publisher":"https:\/\/www.facebook.com\/AzturismoNoticias","article_published_time":"2025-07-02T20:03:00+00:00","og_image":[{"width":600,"height":400,"url":"https:\/\/i0.wp.com\/azturismo.net\/wp-content\/uploads\/2025\/07\/PSX_20250702_080534.jpg?fit=600%2C400&ssl=1","type":"image\/jpeg"}],"author":"Azturismo","twitter_card":"summary_large_image","twitter_creator":"@AzTurismo","twitter_site":"@AzTurismo","twitter_misc":{"Escrito por":"Azturismo","Tiempo de lectura":"3 minutos"},"schema":{"@context":"https:\/\/schema.org","@graph":[{"@type":"Article","@id":"https:\/\/azturismo.net\/?p=4387#article","isPartOf":{"@id":"https:\/\/azturismo.net\/?p=4387"},"author":{"name":"Azturismo","@id":"https:\/\/azturismo.net\/#\/schema\/person\/4b56d87f51c4d1b518c650739ad3bbc1"},"headline":"M\u00e9xico y Cuba trabajar\u00e1n conjuntamente por el turismo","datePublished":"2025-07-02T20:03:00+00:00","mainEntityOfPage":{"@id":"https:\/\/azturismo.net\/?p=4387"},"wordCount":525,"commentCount":0,"publisher":{"@id":"https:\/\/azturismo.net\/#organization"},"image":{"@id":"https:\/\/azturismo.net\/?p=4387#primaryimage"},"thumbnailUrl":"https:\/\/i0.wp.com\/azturismo.net\/wp-content\/uploads\/2025\/07\/PSX_20250702_080534.jpg?fit=600%2C400&ssl=1","keywords":["azturismo","cooperaci\u00f3n tur\u00edstica","Cuba","Josefina Rodr\u00edguez Zamora","M\u00e9xico","Sectur"],"articleSection":["NACIONALES"],"inLanguage":"es","potentialAction":[{"@type":"CommentAction","name":"Comment","target":["https:\/\/azturismo.net\/?p=4387#respond"]}]},{"@type":"WebPage","@id":"https:\/\/azturismo.net\/?p=4387","url":"https:\/\/azturismo.net\/?p=4387","name":"M\u00e9xico y Cuba trabajar\u00e1n conjuntamente por el turismo - Azturismo Noticias","isPartOf":{"@id":"https:\/\/azturismo.net\/#website"},"primaryImageOfPage":{"@id":"https:\/\/azturismo.net\/?p=4387#primaryimage"},"image":{"@id":"https:\/\/azturismo.net\/?p=4387#primaryimage"},"thumbnailUrl":"https:\/\/i0.wp.com\/azturismo.net\/wp-content\/uploads\/2025\/07\/PSX_20250702_080534.jpg?fit=600%2C400&ssl=1","datePublished":"2025-07-02T20:03:00+00:00","description":"La secretaria de Turismo del Gobierno de M\u00e9xico, Josefina Rodr\u00edguez Zamora, y el ministro de Turismo de la Rep\u00fablica de Cuba, Juan Carlos Garc\u00eda Granda, firmaron el\u00a0Programa de Acciones de Cooperaci\u00f3n Tur\u00edstica\u00a0entre ambos pa\u00edses para el periodo 2025-2028 e impulsar su potencial tur\u00edstico.","breadcrumb":{"@id":"https:\/\/azturismo.net\/?p=4387#breadcrumb"},"inLanguage":"es","potentialAction":[{"@type":"ReadAction","target":["https:\/\/azturismo.net\/?p=4387"]}]},{"@type":"ImageObject","inLanguage":"es","@id":"https:\/\/azturismo.net\/?p=4387#primaryimage","url":"https:\/\/i0.wp.com\/azturismo.net\/wp-content\/uploads\/2025\/07\/PSX_20250702_080534.jpg?fit=600%2C400&ssl=1","contentUrl":"https:\/\/i0.wp.com\/azturismo.net\/wp-content\/uploads\/2025\/07\/PSX_20250702_080534.jpg?fit=600%2C400&ssl=1","width":600,"height":400},{"@type":"BreadcrumbList","@id":"https:\/\/azturismo.net\/?p=4387#breadcrumb","itemListElement":[{"@type":"ListItem","position":1,"name":"Home","item":"https:\/\/azturismo.net\/"},{"@type":"ListItem","position":2,"name":"M\u00e9xico y Cuba trabajar\u00e1n conjuntamente por el turismo"}]},{"@type":"WebSite","@id":"https:\/\/azturismo.net\/#website","url":"https:\/\/azturismo.net\/","name":"Azturismo","description":"Azturismo Noticias","publisher":{"@id":"https:\/\/azturismo.net\/#organization"},"potentialAction":[{"@type":"SearchAction","target":{"@type":"EntryPoint","urlTemplate":"https:\/\/azturismo.net\/?s={search_term_string}"},"query-input":{"@type":"PropertyValueSpecification","valueRequired":true,"valueName":"search_term_string"}}],"inLanguage":"es"},{"@type":"Organization","@id":"https:\/\/azturismo.net\/#organization","name":"Azturismo","url":"https:\/\/azturismo.net\/","logo":{"@type":"ImageObject","inLanguage":"es","@id":"https:\/\/azturismo.net\/#\/schema\/logo\/image\/","url":"https:\/\/i0.wp.com\/azturismo.net\/wp-content\/uploads\/2024\/03\/logo-el-bueno-.png?fit=294%2C69&ssl=1","contentUrl":"https:\/\/i0.wp.com\/azturismo.net\/wp-content\/uploads\/2024\/03\/logo-el-bueno-.png?fit=294%2C69&ssl=1","width":294,"height":69,"caption":"Azturismo"},"image":{"@id":"https:\/\/azturismo.net\/#\/schema\/logo\/image\/"},"sameAs":["https:\/\/www.facebook.com\/AzturismoNoticias","https:\/\/x.com\/AzTurismo","https:\/\/www.instagram.com\/azturismo_noticias\/?fbclid=IwAR2xMiuoHbs6eLeIHKP8P5sSGa-xFrw7FfejscXO7kDghWa7wKLjGczKOwE","https:\/\/www.tiktok.com\/@azturismo"]},{"@type":"Person","@id":"https:\/\/azturismo.net\/#\/schema\/person\/4b56d87f51c4d1b518c650739ad3bbc1","name":"Azturismo","image":{"@type":"ImageObject","inLanguage":"es","@id":"https:\/\/azturismo.net\/wp-content\/litespeed\/avatar\/dfe28a31cdd68b788da48a316e50db10.jpg?ver=1777707566","url":"https:\/\/azturismo.net\/wp-content\/litespeed\/avatar\/dfe28a31cdd68b788da48a316e50db10.jpg?ver=1777707566","contentUrl":"https:\/\/azturismo.net\/wp-content\/litespeed\/avatar\/dfe28a31cdd68b788da48a316e50db10.jpg?ver=1777707566","caption":"Azturismo"},"sameAs":["https:\/\/azturismo.net"],"url":"https:\/\/azturismo.net\/?author=1"}]}},"jetpack_publicize_connections":[],"jetpack_featured_media_url":"https:\/\/i0.wp.com\/azturismo.net\/wp-content\/uploads\/2025\/07\/PSX_20250702_080534.jpg?fit=600%2C400&ssl=1","jetpack_sharing_enabled":true,"jetpack-related-posts":[{"id":6056,"url":"https:\/\/azturismo.net\/?p=6056","url_meta":{"origin":4387,"position":0},"title":"Sectur y titulares de Turismo a favor de reformar la ley general del sector","author":"Azturismo","date":"octubre 21, 2025","format":false,"excerpt":"Por Staff \ud83c\uddf2\ud83c\uddfdCon el objetivo de fortalecer la coordinaci\u00f3n entre los gobiernos estatales y el federal, la secretaria de Turismo, Josefina Rodr\u00edguez Zamora, encabez\u00f3 una reuni\u00f3n de trabajo con las y los secretarios de Turismo del pa\u00eds. El encuentro reafirm\u00f3 la visi\u00f3n conjunta de consolidar un turismo sostenible, inclusivo y\u2026","rel":"","context":"En &quot;Destacadas&quot;","block_context":{"text":"Destacadas","link":"https:\/\/azturismo.net\/?cat=30"},"img":{"alt_text":"","src":"https:\/\/i0.wp.com\/azturismo.net\/wp-content\/uploads\/2025\/10\/Comunicado-232-2.jpg?fit=768%2C512&ssl=1&resize=350%2C200","width":350,"height":200,"srcset":"https:\/\/i0.wp.com\/azturismo.net\/wp-content\/uploads\/2025\/10\/Comunicado-232-2.jpg?fit=768%2C512&ssl=1&resize=350%2C200 1x, https:\/\/i0.wp.com\/azturismo.net\/wp-content\/uploads\/2025\/10\/Comunicado-232-2.jpg?fit=768%2C512&ssl=1&resize=525%2C300 1.5x, https:\/\/i0.wp.com\/azturismo.net\/wp-content\/uploads\/2025\/10\/Comunicado-232-2.jpg?fit=768%2C512&ssl=1&resize=700%2C400 2x"},"classes":[]},{"id":5039,"url":"https:\/\/azturismo.net\/?p=5039","url_meta":{"origin":4387,"position":1},"title":"M\u00e9xico como potencia tur\u00edstica mundial, meta de alianza Concanaco-Sectur","author":"Azturismo","date":"agosto 23, 2025","format":false,"excerpt":"Por Staff AzTurismo La secretar\u00eda de Turismo (Sectur) y la Confederaci\u00f3n de C\u00e1maras Nacionales de Comercio, Servicios y Turismo (Concanaco Servytur) anunciaron nuevas acciones conjuntas para consolidar a M\u00e9xico como una de las principales potencias tur\u00edsticas del mundo. Durante la reuni\u00f3n del Comit\u00e9 Ejecutivo de Concanaco Servytur, la secretaria de\u2026","rel":"","context":"En &quot;NOTITUR&quot;","block_context":{"text":"NOTITUR","link":"https:\/\/azturismo.net\/?cat=25"},"img":{"alt_text":"","src":"https:\/\/i0.wp.com\/azturismo.net\/wp-content\/uploads\/2025\/08\/Comunicado-164-3.jpg?fit=832%2C554&ssl=1&resize=350%2C200","width":350,"height":200,"srcset":"https:\/\/i0.wp.com\/azturismo.net\/wp-content\/uploads\/2025\/08\/Comunicado-164-3.jpg?fit=832%2C554&ssl=1&resize=350%2C200 1x, https:\/\/i0.wp.com\/azturismo.net\/wp-content\/uploads\/2025\/08\/Comunicado-164-3.jpg?fit=832%2C554&ssl=1&resize=525%2C300 1.5x, https:\/\/i0.wp.com\/azturismo.net\/wp-content\/uploads\/2025\/08\/Comunicado-164-3.jpg?fit=832%2C554&ssl=1&resize=700%2C400 2x"},"classes":[]},{"id":3887,"url":"https:\/\/azturismo.net\/?p=3887","url_meta":{"origin":4387,"position":2},"title":"Concluyen Foros de Consulta del Programa Sectorial de Turismo 2025-2030","author":"Azturismo","date":"mayo 22, 2025","format":false,"excerpt":"La Secretar\u00eda de Turismo del Gobierno de M\u00e9xico, encabezada por Josefina Rodr\u00edguez Zamora, concluy\u00f3 con \u00e9xito los Foros de Consulta P\u00fablica para la integraci\u00f3n del Programa Sectorial de Turismo 2025\u20132030 (PROSECTUR), el cual ser\u00e1 el instrumento clave para el desarrollo estrat\u00e9gico del turismo nacional durante los pr\u00f3ximos seis a\u00f1os. Durante\u2026","rel":"","context":"En &quot;Destacadas&quot;","block_context":{"text":"Destacadas","link":"https:\/\/azturismo.net\/?cat=30"},"img":{"alt_text":"","src":"https:\/\/i0.wp.com\/azturismo.net\/wp-content\/uploads\/2025\/05\/sectur-programasectorial02.jpg?fit=600%2C337&ssl=1&resize=350%2C200","width":350,"height":200,"srcset":"https:\/\/i0.wp.com\/azturismo.net\/wp-content\/uploads\/2025\/05\/sectur-programasectorial02.jpg?fit=600%2C337&ssl=1&resize=350%2C200 1x, https:\/\/i0.wp.com\/azturismo.net\/wp-content\/uploads\/2025\/05\/sectur-programasectorial02.jpg?fit=600%2C337&ssl=1&resize=525%2C300 1.5x"},"classes":[]},{"id":5230,"url":"https:\/\/azturismo.net\/?p=5230","url_meta":{"origin":4387,"position":3},"title":"M\u00e9xico registra un verano tur\u00edstico hist\u00f3rico: Sectur","author":"Azturismo","date":"septiembre 3, 2025","format":false,"excerpt":"Por Staff AzTurismo La Secretar\u00eda de Turismo del Gobierno de M\u00e9xico inform\u00f3 que el pa\u00eds tuvo un verano exitoso en 2025, superando todas las proyecciones y alcanzando cifras r\u00e9cord en ocupaci\u00f3n hotelera, derrama econ\u00f3mica y llegada de turistas nacionales e internacionales. Consumo tur\u00edstico creci\u00f3 6.3% en comparaci\u00f3n con 2024 La\u2026","rel":"","context":"En &quot;Destacadas&quot;","block_context":{"text":"Destacadas","link":"https:\/\/azturismo.net\/?cat=30"},"img":{"alt_text":"","src":"https:\/\/i0.wp.com\/azturismo.net\/wp-content\/uploads\/2025\/09\/Comunicado-181-7.jpg?fit=832%2C554&ssl=1&resize=350%2C200","width":350,"height":200,"srcset":"https:\/\/i0.wp.com\/azturismo.net\/wp-content\/uploads\/2025\/09\/Comunicado-181-7.jpg?fit=832%2C554&ssl=1&resize=350%2C200 1x, https:\/\/i0.wp.com\/azturismo.net\/wp-content\/uploads\/2025\/09\/Comunicado-181-7.jpg?fit=832%2C554&ssl=1&resize=525%2C300 1.5x, https:\/\/i0.wp.com\/azturismo.net\/wp-content\/uploads\/2025\/09\/Comunicado-181-7.jpg?fit=832%2C554&ssl=1&resize=700%2C400 2x"},"classes":[]},{"id":3002,"url":"https:\/\/azturismo.net\/?p=3002","url_meta":{"origin":4387,"position":4},"title":"El Tianguis Tur\u00edstico 2025 ser\u00e1 binacional, M\u00e9xico-EU: Sectur","author":"Azturismo","date":"febrero 12, 2025","format":false,"excerpt":"Por Staff AzTurismo La secretaria de Turismo de M\u00e9xico, Josefina Rodr\u00edguez Zamora, anunci\u00f3 que la 49\u00aa edici\u00f3n del Tianguis Tur\u00edstico 2025 que se celebrar\u00e1 en Baja California, por primera vez, tendr\u00e1 un formato binacional. Este evento ser\u00e1 una plataforma \u00fanica donde la rica cultura, gastronom\u00eda, artesan\u00eda y turismo de M\u00e9xico\u2026","rel":"","context":"En &quot;Destacadas&quot;","block_context":{"text":"Destacadas","link":"https:\/\/azturismo.net\/?cat=30"},"img":{"alt_text":"","src":"https:\/\/i0.wp.com\/azturismo.net\/wp-content\/uploads\/2025\/02\/Sectur-Senado.jpg?fit=600%2C400&ssl=1&resize=350%2C200","width":350,"height":200,"srcset":"https:\/\/i0.wp.com\/azturismo.net\/wp-content\/uploads\/2025\/02\/Sectur-Senado.jpg?fit=600%2C400&ssl=1&resize=350%2C200 1x, https:\/\/i0.wp.com\/azturismo.net\/wp-content\/uploads\/2025\/02\/Sectur-Senado.jpg?fit=600%2C400&ssl=1&resize=525%2C300 1.5x"},"classes":[]},{"id":4280,"url":"https:\/\/azturismo.net\/?p=4280","url_meta":{"origin":4387,"position":5},"title":"Sectur federal fortalece su compromiso con un turismo inclusivo y sin discriminaci\u00f3n","author":"Azturismo","date":"junio 28, 2025","format":false,"excerpt":"Por Oscar V\u00e1zquez C. En el marco del D\u00eda Internacional del Orgullo LGBTTTQI+, la Secretar\u00eda de Turismo (Sectur) del Gobierno de M\u00e9xico refrend\u00f3 su compromiso con un turismo libre de discriminaci\u00f3n, seguro, respetuoso e inclusivo, que favorezca a las personas de la diversidad sexual y de g\u00e9nero. Josefina Rodr\u00edguez Zamora,\u2026","rel":"","context":"En &quot;Destacadas&quot;","block_context":{"text":"Destacadas","link":"https:\/\/azturismo.net\/?cat=30"},"img":{"alt_text":"","src":"https:\/\/i0.wp.com\/azturismo.net\/wp-content\/uploads\/2025\/06\/PSX_20250627_231638.jpg?fit=600%2C400&ssl=1&resize=350%2C200","width":350,"height":200,"srcset":"https:\/\/i0.wp.com\/azturismo.net\/wp-content\/uploads\/2025\/06\/PSX_20250627_231638.jpg?fit=600%2C400&ssl=1&resize=350%2C200 1x, https:\/\/i0.wp.com\/azturismo.net\/wp-content\/uploads\/2025\/06\/PSX_20250627_231638.jpg?fit=600%2C400&ssl=1&resize=525%2C300 1.5x"},"classes":[]}],"jetpack_shortlink":"https:\/\/wp.me\/pfqZGx-18L","amp_enabled":true,"_links":{"self":[{"href":"https:\/\/azturismo.net\/index.php?rest_route=\/wp\/v2\/posts\/4387","targetHints":{"allow":["GET"]}}],"collection":[{"href":"https:\/\/azturismo.net\/index.php?rest_route=\/wp\/v2\/posts"}],"about":[{"href":"https:\/\/azturismo.net\/index.php?rest_route=\/wp\/v2\/types\/post"}],"author":[{"embeddable":true,"href":"https:\/\/azturismo.net\/index.php?rest_route=\/wp\/v2\/users\/1"}],"replies":[{"embeddable":true,"href":"https:\/\/azturismo.net\/index.php?rest_route=%2Fwp%2Fv2%2Fcomments&post=4387"}],"version-history":[{"count":2,"href":"https:\/\/azturismo.net\/index.php?rest_route=\/wp\/v2\/posts\/4387\/revisions"}],"predecessor-version":[{"id":4391,"href":"https:\/\/azturismo.net\/index.php?rest_route=\/wp\/v2\/posts\/4387\/revisions\/4391"}],"wp:featuredmedia":[{"embeddable":true,"href":"https:\/\/azturismo.net\/index.php?rest_route=\/wp\/v2\/media\/4388"}],"wp:attachment":[{"href":"https:\/\/azturismo.net\/index.php?rest_route=%2Fwp%2Fv2%2Fmedia&parent=4387"}],"wp:term":[{"taxonomy":"category","embeddable":true,"href":"https:\/\/azturismo.net\/index.php?rest_route=%2Fwp%2Fv2%2Fcategories&post=4387"},{"taxonomy":"post_tag","embeddable":true,"href":"https:\/\/azturismo.net\/index.php?rest_route=%2Fwp%2Fv2%2Ftags&post=4387"}],"curies":[{"name":"wp","href":"https:\/\/api.w.org\/{rel}","templated":true}]}}